{"id":23370,"date":"2016-12-27T08:44:41","date_gmt":"2016-12-27T11:44:41","guid":{"rendered":"http:\/\/anoticiaonline.com.br\/site\/?p=23370"},"modified":"2016-12-27T08:44:41","modified_gmt":"2016-12-27T11:44:41","slug":"prazo-para-justificar-ausencia-no-segundo-turno-termina-nesta-quinta-feira-29","status":"publish","type":"post","link":"https:\/\/anoticiaonline.com.br\/site\/prazo-para-justificar-ausencia-no-segundo-turno-termina-nesta-quinta-feira-29\/","title":{"rendered":"Prazo para justificar aus\u00eancia no segundo turno termina nesta quinta-feira (29)"},"content":{"rendered":"<p><a href=\"https:\/\/anoticiaonline.com.br\/site\/wp-content\/uploads\/2016\/12\/d42e1694-b100-4227-94ae-7454d8cd7233.jpeg\"><img decoding=\"async\" class=\" size-medium wp-image-23371 alignleft\" src=\"https:\/\/anoticiaonline.com.br\/site\/wp-content\/uploads\/2016\/12\/d42e1694-b100-4227-94ae-7454d8cd7233-300x146.jpeg\" alt=\"d42e1694-b100-4227-94ae-7454d8cd7233\" width=\"300\" height=\"146\" srcset=\"https:\/\/anoticiaonline.com.br\/site\/wp-content\/uploads\/2016\/12\/d42e1694-b100-4227-94ae-7454d8cd7233-300x146.jpeg 300w, https:\/\/anoticiaonline.com.br\/site\/wp-content\/uploads\/2016\/12\/d42e1694-b100-4227-94ae-7454d8cd7233.jpeg 600w\" sizes=\"(max-width: 300px) 100vw, 300px\" \/><\/a>Quem n\u00e3o votou nem justificou a aus\u00eancia \u00e0s urnas no segundo turno tem at\u00e9 esta quinta-feira (29) para regularizar a sua situa\u00e7\u00e3o. O eleitor deve procurar o cart\u00f3rio levando o Requerimento de Justificativa Eleitoral, um documento oficial de identidade com foto e um documento que comprove a impossibilidade de comparecimento \u00e0s urnas no dia 30 de outubro \u2013 um atestado m\u00e9dico, por exemplo. Os endere\u00e7os e hor\u00e1rios de funcionamento dos cart\u00f3rios eleitorais e centrais de atendimento podem ser consultados no site do TRE ou pelo Disque-Eleitor (148).<\/p>\n<p>Neste ano, o TRE-MG passou a oferecer aos eleitores o sistema Justificativa Eleitoral Web. Para acessar a ferramenta, basta clicar no menu &#8220;Eleitor&#8221; \/ \u201cJustificativa Eleitoral Web\u201d at\u00e9 quinta-feira e seguir as instru\u00e7\u00f5es. Deve ser anexado um documento que comprove a raz\u00e3o da aus\u00eancia. O andamento do pedido tamb\u00e9m pode ser acompanhado pelo sistema, que envia email ao eleitor cadastrado.<\/p>\n<p><strong>ORIENTA\u00c7\u00d5ES &#8211;<\/strong> Quem for pessoalmente e quiser agilizar o atendimento, pode imprimir o formul\u00e1rio pelo site do TRE e j\u00e1 lev\u00e1-lo preenchido. O preenchimento deve ser feito com bastante aten\u00e7\u00e3o, j\u00e1 que, caso haja algum dado incorreto ou que n\u00e3o permita a identifica\u00e7\u00e3o do eleitor, a justificativa n\u00e3o ser\u00e1 considerada v\u00e1lida. O deferimento n\u00e3o \u00e9 autom\u00e1tico, vai depender da an\u00e1lise do juiz eleitoral. Como o voto \u00e9 obrigat\u00f3rio, s\u00f3 motivos considerados justos pelo magistrado ser\u00e3o aceitos.<\/p>\n<p>Tamb\u00e9m \u00e9 importante lembrar que a justificativa vale apenas para um turno. O prazo para quem n\u00e3o votou no primeiro turno terminou no \u00faltimo dia 1\u00ba de dezembro.<\/p>\n<p>Quem n\u00e3o conseguir comprovar o motivo do n\u00e3o comparecimento ou perder o prazo para a justificativa dever\u00e1 pagar uma multa para regularizar a sua situa\u00e7\u00e3o. E o eleitor que n\u00e3o votou, n\u00e3o justificou e nem pagou as multas referentes a tr\u00eas turnos consecutivos pode ter o seu t\u00edtulo cancelado. O cidad\u00e3o que n\u00e3o estiver quite com a Justi\u00e7a Eleitoral sofre algumas limita\u00e7\u00f5es, como a impossibilidade de emiss\u00e3o de passaporte e de posse em cargo p\u00fablico.<\/p>\n","protected":false},"excerpt":{"rendered":"<p>Quem n\u00e3o votou nem justificou a aus\u00eancia \u00e0s urnas no segundo turno tem at\u00e9 esta quinta-feira (29) para regularizar a sua situa\u00e7\u00e3o. O eleitor deve procurar o cart\u00f3rio levando o Requerimento de Justificativa Eleitoral, um documento oficial de identidade com foto e um documento que comprove a impossibilidade de comparecimento \u00e0s urnas no dia 30 &#8230; <a title=\"Prazo para justificar aus\u00eancia no segundo turno termina nesta quinta-feira (29)\" class=\"read-more\" href=\"https:\/\/anoticiaonline.com.br\/site\/prazo-para-justificar-ausencia-no-segundo-turno-termina-nesta-quinta-feira-29\/\" aria-label=\"Read more about Prazo para justificar aus\u00eancia no segundo turno termina nesta quinta-feira (29)\">Ler mais<\/a><\/p>\n","protected":false},"author":2,"featured_media":23371,"comment_status":"open","ping_status":"open","sticky":false,"template":"","format":"standard","meta":{"_acf_changed":false,"_monsterinsights_skip_tracking":false,"footnotes":""},"categories":[1],"tags":[3],"class_list":["post-23370","post","type-post","status-publish","format-standard","has-post-thumbnail","hentry","category-gerais","tag-slide"],"acf":[],"aioseo_notices":[],"aioseo_head":"\n\t\t<!-- All in One SEO 5.0.0.1 - aioseo.com -->\n\t<meta name=\"description\" content=\"Quem n\u00e3o votou nem justificou a aus\u00eancia \u00e0s urnas no segundo turno tem at\u00e9 esta quinta-feira (29) para regularizar a sua situa\u00e7\u00e3o. O eleitor deve procurar o cart\u00f3rio levando o Requerimento de Justificativa Eleitoral, um documento oficial de identidade com foto e um documento que comprove a impossibilidade de comparecimento \u00e0s urnas no dia 30\" \/>\n\t<meta name=\"robots\" content=\"max-image-preview:large\" \/>\n\t<meta name=\"author\" content=\"Juliana Laviola\"\/>\n\t<link rel=\"canonical\" href=\"https:\/\/anoticiaonline.com.br\/site\/prazo-para-justificar-ausencia-no-segundo-turno-termina-nesta-quinta-feira-29\/\" \/>\n\t<meta name=\"generator\" content=\"All in One SEO (AIOSEO) 5.0.0.1\" \/>\n\t\t<meta property=\"og:locale\" content=\"pt_BR\" \/>\n\t\t<meta property=\"og:site_name\" content=\"A Not\u00edcia Online - Noticias de Muria\u00e9 e regi\u00e3o\" \/>\n\t\t<meta property=\"og:type\" content=\"article\" \/>\n\t\t<meta property=\"og:title\" content=\"Prazo para justificar aus\u00eancia no segundo turno termina nesta quinta-feira (29) - A Not\u00edcia Online\" \/>\n\t\t<meta property=\"og:description\" content=\"Quem n\u00e3o votou nem justificou a aus\u00eancia \u00e0s urnas no segundo turno tem at\u00e9 esta quinta-feira (29) para regularizar a sua situa\u00e7\u00e3o. O eleitor deve procurar o cart\u00f3rio levando o Requerimento de Justificativa Eleitoral, um documento oficial de identidade com foto e um documento que comprove a impossibilidade de comparecimento \u00e0s urnas no dia 30\" \/>\n\t\t<meta property=\"og:url\" content=\"https:\/\/anoticiaonline.com.br\/site\/prazo-para-justificar-ausencia-no-segundo-turno-termina-nesta-quinta-feira-29\/\" \/>\n\t\t<meta property=\"og:image\" content=\"https:\/\/scontent-gig4-1.xx.fbcdn.net\/v\/t39.30808-1\/270437624_4564083193639691_6907940295614233970_n.jpg?stp=dst-jpg_s200x200_tt6&#038;_nc_cat=111&#038;ccb=1-7&#038;_nc_sid=f907e8&#038;_nc_ohc=SM1wRlP3lJwQ7kNvwEPuBYA&#038;_nc_oc=AdnqrjDN_BNjSSHWO-GbkIWH6fkGMLw4bqvL_NH6e2wMveX7G-rP2dAqsDSq1mJMOaY&#038;_nc_zt=24&#038;_nc_ht=scontent-gig4-1.xx&#038;_nc_gid=AoBFJeGrT1hVaew_6rchkQ&#038;oh=00_AfX7QmFGhQhG2jAllVgXCiM1ZrWgvtp80-Bfppyexh1QEg&#038;oe=689E923C\" \/>\n\t\t<meta property=\"og:image:secure_url\" content=\"https:\/\/scontent-gig4-1.xx.fbcdn.net\/v\/t39.30808-1\/270437624_4564083193639691_6907940295614233970_n.jpg?stp=dst-jpg_s200x200_tt6&#038;_nc_cat=111&#038;ccb=1-7&#038;_nc_sid=f907e8&#038;_nc_ohc=SM1wRlP3lJwQ7kNvwEPuBYA&#038;_nc_oc=AdnqrjDN_BNjSSHWO-GbkIWH6fkGMLw4bqvL_NH6e2wMveX7G-rP2dAqsDSq1mJMOaY&#038;_nc_zt=24&#038;_nc_ht=scontent-gig4-1.xx&#038;_nc_gid=AoBFJeGrT1hVaew_6rchkQ&#038;oh=00_AfX7QmFGhQhG2jAllVgXCiM1ZrWgvtp80-Bfppyexh1QEg&#038;oe=689E923C\" \/>\n\t\t<meta property=\"article:published_time\" content=\"2016-12-27T11:44:41+00:00\" \/>\n\t\t<meta property=\"article:modified_time\" content=\"2016-12-27T11:44:41+00:00\" \/>\n\t\t<meta name=\"twitter:card\" content=\"summary_large_image\" \/>\n\t\t<meta name=\"twitter:title\" content=\"Prazo para justificar aus\u00eancia no segundo turno termina nesta quinta-feira (29) - A Not\u00edcia Online\" \/>\n\t\t<meta name=\"twitter:description\" content=\"Quem n\u00e3o votou nem justificou a aus\u00eancia \u00e0s urnas no segundo turno tem at\u00e9 esta quinta-feira (29) para regularizar a sua situa\u00e7\u00e3o. O eleitor deve procurar o cart\u00f3rio levando o Requerimento de Justificativa Eleitoral, um documento oficial de identidade com foto e um documento que comprove a impossibilidade de comparecimento \u00e0s urnas no dia 30\" \/>\n\t\t<meta name=\"twitter:image\" content=\"https:\/\/scontent-gig4-1.xx.fbcdn.net\/v\/t39.30808-1\/270437624_4564083193639691_6907940295614233970_n.jpg?stp=dst-jpg_s200x200_tt6&amp;_nc_cat=111&amp;ccb=1-7&amp;_nc_sid=f907e8&amp;_nc_ohc=SM1wRlP3lJwQ7kNvwEPuBYA&amp;_nc_oc=AdnqrjDN_BNjSSHWO-GbkIWH6fkGMLw4bqvL_NH6e2wMveX7G-rP2dAqsDSq1mJMOaY&amp;_nc_zt=24&amp;_nc_ht=scontent-gig4-1.xx&amp;_nc_gid=AoBFJeGrT1hVaew_6rchkQ&amp;oh=00_AfX7QmFGhQhG2jAllVgXCiM1ZrWgvtp80-Bfppyexh1QEg&amp;oe=689E923C\" \/>\n\t\t<script type=\"application\/ld+json\" class=\"aioseo-schema\">\n\t\t\t{\"@context\":\"https:\\\/\\\/schema.org\",\"@graph\":[{\"@type\":\"BlogPosting\",\"@id\":\"https:\\\/\\\/anoticiaonline.com.br\\\/site\\\/prazo-para-justificar-ausencia-no-segundo-turno-termina-nesta-quinta-feira-29\\\/#blogposting\",\"name\":\"Prazo para justificar aus\\u00eancia no segundo turno termina nesta quinta-feira (29) - A Not\\u00edcia Online\",\"headline\":\"Prazo para justificar aus\\u00eancia no segundo turno termina nesta quinta-feira (29)\",\"author\":{\"@id\":\"https:\\\/\\\/anoticiaonline.com.br\\\/site\\\/author\\\/juliana\\\/#author\"},\"publisher\":{\"@id\":\"https:\\\/\\\/anoticiaonline.com.br\\\/site\\\/#organization\"},\"image\":{\"@type\":\"ImageObject\",\"url\":\"https:\\\/\\\/anoticiaonline.com.br\\\/site\\\/wp-content\\\/uploads\\\/2016\\\/12\\\/d42e1694-b100-4227-94ae-7454d8cd7233.jpeg\",\"width\":600,\"height\":291},\"datePublished\":\"2016-12-27T08:44:41-03:00\",\"dateModified\":\"2016-12-27T08:44:41-03:00\",\"inLanguage\":\"pt-BR\",\"mainEntityOfPage\":{\"@id\":\"https:\\\/\\\/anoticiaonline.com.br\\\/site\\\/prazo-para-justificar-ausencia-no-segundo-turno-termina-nesta-quinta-feira-29\\\/#webpage\"},\"isPartOf\":{\"@id\":\"https:\\\/\\\/anoticiaonline.com.br\\\/site\\\/prazo-para-justificar-ausencia-no-segundo-turno-termina-nesta-quinta-feira-29\\\/#webpage\"},\"articleSection\":\"Gerais, slide\"},{\"@type\":\"BreadcrumbList\",\"@id\":\"https:\\\/\\\/anoticiaonline.com.br\\\/site\\\/prazo-para-justificar-ausencia-no-segundo-turno-termina-nesta-quinta-feira-29\\\/#breadcrumblist\",\"itemListElement\":[{\"@type\":\"ListItem\",\"@id\":\"https:\\\/\\\/anoticiaonline.com.br\\\/site#listItem\",\"position\":1,\"name\":\"Home\",\"item\":\"https:\\\/\\\/anoticiaonline.com.br\\\/site\",\"nextItem\":{\"@type\":\"ListItem\",\"@id\":\"https:\\\/\\\/anoticiaonline.com.br\\\/site\\\/categoria\\\/gerais\\\/#listItem\",\"name\":\"Gerais\"}},{\"@type\":\"ListItem\",\"@id\":\"https:\\\/\\\/anoticiaonline.com.br\\\/site\\\/categoria\\\/gerais\\\/#listItem\",\"position\":2,\"name\":\"Gerais\",\"item\":\"https:\\\/\\\/anoticiaonline.com.br\\\/site\\\/categoria\\\/gerais\\\/\",\"nextItem\":{\"@type\":\"ListItem\",\"@id\":\"https:\\\/\\\/anoticiaonline.com.br\\\/site\\\/prazo-para-justificar-ausencia-no-segundo-turno-termina-nesta-quinta-feira-29\\\/#listItem\",\"name\":\"Prazo para justificar aus\\u00eancia no segundo turno termina nesta quinta-feira (29)\"},\"previousItem\":{\"@type\":\"ListItem\",\"@id\":\"https:\\\/\\\/anoticiaonline.com.br\\\/site#listItem\",\"name\":\"Home\"}},{\"@type\":\"ListItem\",\"@id\":\"https:\\\/\\\/anoticiaonline.com.br\\\/site\\\/prazo-para-justificar-ausencia-no-segundo-turno-termina-nesta-quinta-feira-29\\\/#listItem\",\"position\":3,\"name\":\"Prazo para justificar aus\\u00eancia no segundo turno termina nesta quinta-feira (29)\",\"previousItem\":{\"@type\":\"ListItem\",\"@id\":\"https:\\\/\\\/anoticiaonline.com.br\\\/site\\\/categoria\\\/gerais\\\/#listItem\",\"name\":\"Gerais\"}}]},{\"@type\":\"Organization\",\"@id\":\"https:\\\/\\\/anoticiaonline.com.br\\\/site\\\/#organization\",\"name\":\"A Not\\u00edcia Online\",\"description\":\"Noticias de Muria\\u00e9 e regi\\u00e3o\",\"url\":\"https:\\\/\\\/anoticiaonline.com.br\\\/site\\\/\",\"logo\":{\"@type\":\"ImageObject\",\"url\":\"https:\\\/\\\/scontent-gig4-1.xx.fbcdn.net\\\/v\\\/t39.30808-1\\\/270437624_4564083193639691_6907940295614233970_n.jpg?stp=dst-jpg_s200x200_tt6&_nc_cat=111&ccb=1-7&_nc_sid=f907e8&_nc_ohc=SM1wRlP3lJwQ7kNvwEPuBYA&_nc_oc=AdnqrjDN_BNjSSHWO-GbkIWH6fkGMLw4bqvL_NH6e2wMveX7G-rP2dAqsDSq1mJMOaY&_nc_zt=24&_nc_ht=scontent-gig4-1.xx&_nc_gid=AoBFJeGrT1hVaew_6rchkQ&oh=00_AfX7QmFGhQhG2jAllVgXCiM1ZrWgvtp80-Bfppyexh1QEg&oe=689E923C\",\"@id\":\"https:\\\/\\\/anoticiaonline.com.br\\\/site\\\/prazo-para-justificar-ausencia-no-segundo-turno-termina-nesta-quinta-feira-29\\\/#organizationLogo\"},\"image\":{\"@id\":\"https:\\\/\\\/anoticiaonline.com.br\\\/site\\\/prazo-para-justificar-ausencia-no-segundo-turno-termina-nesta-quinta-feira-29\\\/#organizationLogo\"}},{\"@type\":\"Person\",\"@id\":\"https:\\\/\\\/anoticiaonline.com.br\\\/site\\\/author\\\/juliana\\\/#author\",\"url\":\"https:\\\/\\\/anoticiaonline.com.br\\\/site\\\/author\\\/juliana\\\/\",\"name\":\"Juliana Laviola\",\"image\":{\"@type\":\"ImageObject\",\"@id\":\"https:\\\/\\\/anoticiaonline.com.br\\\/site\\\/prazo-para-justificar-ausencia-no-segundo-turno-termina-nesta-quinta-feira-29\\\/#authorImage\",\"url\":\"https:\\\/\\\/secure.gravatar.com\\\/avatar\\\/b8d45f5c699b100dfaf0e543582f38f38bf94cb7ae3a5e9abf8d891a34773335?s=96&d=mm&r=g\",\"width\":96,\"height\":96,\"caption\":\"Juliana Laviola\"}},{\"@type\":\"WebPage\",\"@id\":\"https:\\\/\\\/anoticiaonline.com.br\\\/site\\\/prazo-para-justificar-ausencia-no-segundo-turno-termina-nesta-quinta-feira-29\\\/#webpage\",\"url\":\"https:\\\/\\\/anoticiaonline.com.br\\\/site\\\/prazo-para-justificar-ausencia-no-segundo-turno-termina-nesta-quinta-feira-29\\\/\",\"name\":\"Prazo para justificar aus\\u00eancia no segundo turno termina nesta quinta-feira (29) - A Not\\u00edcia Online\",\"description\":\"Quem n\\u00e3o votou nem justificou a aus\\u00eancia \\u00e0s urnas no segundo turno tem at\\u00e9 esta quinta-feira (29) para regularizar a sua situa\\u00e7\\u00e3o. O eleitor deve procurar o cart\\u00f3rio levando o Requerimento de Justificativa Eleitoral, um documento oficial de identidade com foto e um documento que comprove a impossibilidade de comparecimento \\u00e0s urnas no dia 30\",\"inLanguage\":\"pt-BR\",\"isPartOf\":{\"@id\":\"https:\\\/\\\/anoticiaonline.com.br\\\/site\\\/#website\"},\"breadcrumb\":{\"@id\":\"https:\\\/\\\/anoticiaonline.com.br\\\/site\\\/prazo-para-justificar-ausencia-no-segundo-turno-termina-nesta-quinta-feira-29\\\/#breadcrumblist\"},\"author\":{\"@id\":\"https:\\\/\\\/anoticiaonline.com.br\\\/site\\\/author\\\/juliana\\\/#author\"},\"creator\":{\"@id\":\"https:\\\/\\\/anoticiaonline.com.br\\\/site\\\/author\\\/juliana\\\/#author\"},\"image\":{\"@type\":\"ImageObject\",\"url\":\"https:\\\/\\\/anoticiaonline.com.br\\\/site\\\/wp-content\\\/uploads\\\/2016\\\/12\\\/d42e1694-b100-4227-94ae-7454d8cd7233.jpeg\",\"@id\":\"https:\\\/\\\/anoticiaonline.com.br\\\/site\\\/prazo-para-justificar-ausencia-no-segundo-turno-termina-nesta-quinta-feira-29\\\/#mainImage\",\"width\":600,\"height\":291},\"primaryImageOfPage\":{\"@id\":\"https:\\\/\\\/anoticiaonline.com.br\\\/site\\\/prazo-para-justificar-ausencia-no-segundo-turno-termina-nesta-quinta-feira-29\\\/#mainImage\"},\"datePublished\":\"2016-12-27T08:44:41-03:00\",\"dateModified\":\"2016-12-27T08:44:41-03:00\"},{\"@type\":\"WebSite\",\"@id\":\"https:\\\/\\\/anoticiaonline.com.br\\\/site\\\/#website\",\"url\":\"https:\\\/\\\/anoticiaonline.com.br\\\/site\\\/\",\"name\":\"A Not\\u00edcia Online\",\"description\":\"Noticias de Muria\\u00e9 e regi\\u00e3o\",\"inLanguage\":\"pt-BR\",\"publisher\":{\"@id\":\"https:\\\/\\\/anoticiaonline.com.br\\\/site\\\/#organization\"}}]}\n\t\t<\/script>\n\t\t<!-- All in One SEO -->\n\n","aioseo_head_json":{"title":"Prazo para justificar aus\u00eancia no segundo turno termina nesta quinta-feira (29) - A Not\u00edcia Online","description":"Quem n\u00e3o votou nem justificou a aus\u00eancia \u00e0s urnas no segundo turno tem at\u00e9 esta quinta-feira (29) para regularizar a sua situa\u00e7\u00e3o. O eleitor deve procurar o cart\u00f3rio levando o Requerimento de Justificativa Eleitoral, um documento oficial de identidade com foto e um documento que comprove a impossibilidade de comparecimento \u00e0s urnas no dia 30","canonical_url":"https:\/\/anoticiaonline.com.br\/site\/prazo-para-justificar-ausencia-no-segundo-turno-termina-nesta-quinta-feira-29\/","robots":"max-image-preview:large","keywords":"","webmasterTools":{"miscellaneous":""},"schema":{"@context":"https:\/\/schema.org","@graph":[{"@type":"BlogPosting","@id":"https:\/\/anoticiaonline.com.br\/site\/prazo-para-justificar-ausencia-no-segundo-turno-termina-nesta-quinta-feira-29\/#blogposting","name":"Prazo para justificar aus\u00eancia no segundo turno termina nesta quinta-feira (29) - A Not\u00edcia Online","headline":"Prazo para justificar aus\u00eancia no segundo turno termina nesta quinta-feira (29)","author":{"@id":"https:\/\/anoticiaonline.com.br\/site\/author\/juliana\/#author"},"publisher":{"@id":"https:\/\/anoticiaonline.com.br\/site\/#organization"},"image":{"@type":"ImageObject","url":"https:\/\/anoticiaonline.com.br\/site\/wp-content\/uploads\/2016\/12\/d42e1694-b100-4227-94ae-7454d8cd7233.jpeg","width":600,"height":291},"datePublished":"2016-12-27T08:44:41-03:00","dateModified":"2016-12-27T08:44:41-03:00","inLanguage":"pt-BR","mainEntityOfPage":{"@id":"https:\/\/anoticiaonline.com.br\/site\/prazo-para-justificar-ausencia-no-segundo-turno-termina-nesta-quinta-feira-29\/#webpage"},"isPartOf":{"@id":"https:\/\/anoticiaonline.com.br\/site\/prazo-para-justificar-ausencia-no-segundo-turno-termina-nesta-quinta-feira-29\/#webpage"},"articleSection":"Gerais, slide"},{"@type":"BreadcrumbList","@id":"https:\/\/anoticiaonline.com.br\/site\/prazo-para-justificar-ausencia-no-segundo-turno-termina-nesta-quinta-feira-29\/#breadcrumblist","itemListElement":[{"@type":"ListItem","@id":"https:\/\/anoticiaonline.com.br\/site#listItem","position":1,"name":"Home","item":"https:\/\/anoticiaonline.com.br\/site","nextItem":{"@type":"ListItem","@id":"https:\/\/anoticiaonline.com.br\/site\/categoria\/gerais\/#listItem","name":"Gerais"}},{"@type":"ListItem","@id":"https:\/\/anoticiaonline.com.br\/site\/categoria\/gerais\/#listItem","position":2,"name":"Gerais","item":"https:\/\/anoticiaonline.com.br\/site\/categoria\/gerais\/","nextItem":{"@type":"ListItem","@id":"https:\/\/anoticiaonline.com.br\/site\/prazo-para-justificar-ausencia-no-segundo-turno-termina-nesta-quinta-feira-29\/#listItem","name":"Prazo para justificar aus\u00eancia no segundo turno termina nesta quinta-feira (29)"},"previousItem":{"@type":"ListItem","@id":"https:\/\/anoticiaonline.com.br\/site#listItem","name":"Home"}},{"@type":"ListItem","@id":"https:\/\/anoticiaonline.com.br\/site\/prazo-para-justificar-ausencia-no-segundo-turno-termina-nesta-quinta-feira-29\/#listItem","position":3,"name":"Prazo para justificar aus\u00eancia no segundo turno termina nesta quinta-feira (29)","previousItem":{"@type":"ListItem","@id":"https:\/\/anoticiaonline.com.br\/site\/categoria\/gerais\/#listItem","name":"Gerais"}}]},{"@type":"Organization","@id":"https:\/\/anoticiaonline.com.br\/site\/#organization","name":"A Not\u00edcia Online","description":"Noticias de Muria\u00e9 e regi\u00e3o","url":"https:\/\/anoticiaonline.com.br\/site\/","logo":{"@type":"ImageObject","url":"https:\/\/scontent-gig4-1.xx.fbcdn.net\/v\/t39.30808-1\/270437624_4564083193639691_6907940295614233970_n.jpg?stp=dst-jpg_s200x200_tt6&_nc_cat=111&ccb=1-7&_nc_sid=f907e8&_nc_ohc=SM1wRlP3lJwQ7kNvwEPuBYA&_nc_oc=AdnqrjDN_BNjSSHWO-GbkIWH6fkGMLw4bqvL_NH6e2wMveX7G-rP2dAqsDSq1mJMOaY&_nc_zt=24&_nc_ht=scontent-gig4-1.xx&_nc_gid=AoBFJeGrT1hVaew_6rchkQ&oh=00_AfX7QmFGhQhG2jAllVgXCiM1ZrWgvtp80-Bfppyexh1QEg&oe=689E923C","@id":"https:\/\/anoticiaonline.com.br\/site\/prazo-para-justificar-ausencia-no-segundo-turno-termina-nesta-quinta-feira-29\/#organizationLogo"},"image":{"@id":"https:\/\/anoticiaonline.com.br\/site\/prazo-para-justificar-ausencia-no-segundo-turno-termina-nesta-quinta-feira-29\/#organizationLogo"}},{"@type":"Person","@id":"https:\/\/anoticiaonline.com.br\/site\/author\/juliana\/#author","url":"https:\/\/anoticiaonline.com.br\/site\/author\/juliana\/","name":"Juliana Laviola","image":{"@type":"ImageObject","@id":"https:\/\/anoticiaonline.com.br\/site\/prazo-para-justificar-ausencia-no-segundo-turno-termina-nesta-quinta-feira-29\/#authorImage","url":"https:\/\/secure.gravatar.com\/avatar\/b8d45f5c699b100dfaf0e543582f38f38bf94cb7ae3a5e9abf8d891a34773335?s=96&d=mm&r=g","width":96,"height":96,"caption":"Juliana Laviola"}},{"@type":"WebPage","@id":"https:\/\/anoticiaonline.com.br\/site\/prazo-para-justificar-ausencia-no-segundo-turno-termina-nesta-quinta-feira-29\/#webpage","url":"https:\/\/anoticiaonline.com.br\/site\/prazo-para-justificar-ausencia-no-segundo-turno-termina-nesta-quinta-feira-29\/","name":"Prazo para justificar aus\u00eancia no segundo turno termina nesta quinta-feira (29) - A Not\u00edcia Online","description":"Quem n\u00e3o votou nem justificou a aus\u00eancia \u00e0s urnas no segundo turno tem at\u00e9 esta quinta-feira (29) para regularizar a sua situa\u00e7\u00e3o. O eleitor deve procurar o cart\u00f3rio levando o Requerimento de Justificativa Eleitoral, um documento oficial de identidade com foto e um documento que comprove a impossibilidade de comparecimento \u00e0s urnas no dia 30","inLanguage":"pt-BR","isPartOf":{"@id":"https:\/\/anoticiaonline.com.br\/site\/#website"},"breadcrumb":{"@id":"https:\/\/anoticiaonline.com.br\/site\/prazo-para-justificar-ausencia-no-segundo-turno-termina-nesta-quinta-feira-29\/#breadcrumblist"},"author":{"@id":"https:\/\/anoticiaonline.com.br\/site\/author\/juliana\/#author"},"creator":{"@id":"https:\/\/anoticiaonline.com.br\/site\/author\/juliana\/#author"},"image":{"@type":"ImageObject","url":"https:\/\/anoticiaonline.com.br\/site\/wp-content\/uploads\/2016\/12\/d42e1694-b100-4227-94ae-7454d8cd7233.jpeg","@id":"https:\/\/anoticiaonline.com.br\/site\/prazo-para-justificar-ausencia-no-segundo-turno-termina-nesta-quinta-feira-29\/#mainImage","width":600,"height":291},"primaryImageOfPage":{"@id":"https:\/\/anoticiaonline.com.br\/site\/prazo-para-justificar-ausencia-no-segundo-turno-termina-nesta-quinta-feira-29\/#mainImage"},"datePublished":"2016-12-27T08:44:41-03:00","dateModified":"2016-12-27T08:44:41-03:00"},{"@type":"WebSite","@id":"https:\/\/anoticiaonline.com.br\/site\/#website","url":"https:\/\/anoticiaonline.com.br\/site\/","name":"A Not\u00edcia Online","description":"Noticias de Muria\u00e9 e regi\u00e3o","inLanguage":"pt-BR","publisher":{"@id":"https:\/\/anoticiaonline.com.br\/site\/#organization"}}]},"og:locale":"pt_BR","og:site_name":"A Not\u00edcia Online - Noticias de Muria\u00e9 e regi\u00e3o","og:type":"article","og:title":"Prazo para justificar aus\u00eancia no segundo turno termina nesta quinta-feira (29) - A Not\u00edcia Online","og:description":"Quem n\u00e3o votou nem justificou a aus\u00eancia \u00e0s urnas no segundo turno tem at\u00e9 esta quinta-feira (29) para regularizar a sua situa\u00e7\u00e3o. O eleitor deve procurar o cart\u00f3rio levando o Requerimento de Justificativa Eleitoral, um documento oficial de identidade com foto e um documento que comprove a impossibilidade de comparecimento \u00e0s urnas no dia 30","og:url":"https:\/\/anoticiaonline.com.br\/site\/prazo-para-justificar-ausencia-no-segundo-turno-termina-nesta-quinta-feira-29\/","og:image":"https:\/\/scontent-gig4-1.xx.fbcdn.net\/v\/t39.30808-1\/270437624_4564083193639691_6907940295614233970_n.jpg?stp=dst-jpg_s200x200_tt6&#038;_nc_cat=111&#038;ccb=1-7&#038;_nc_sid=f907e8&#038;_nc_ohc=SM1wRlP3lJwQ7kNvwEPuBYA&#038;_nc_oc=AdnqrjDN_BNjSSHWO-GbkIWH6fkGMLw4bqvL_NH6e2wMveX7G-rP2dAqsDSq1mJMOaY&#038;_nc_zt=24&#038;_nc_ht=scontent-gig4-1.xx&#038;_nc_gid=AoBFJeGrT1hVaew_6rchkQ&#038;oh=00_AfX7QmFGhQhG2jAllVgXCiM1ZrWgvtp80-Bfppyexh1QEg&#038;oe=689E923C","og:image:secure_url":"https:\/\/scontent-gig4-1.xx.fbcdn.net\/v\/t39.30808-1\/270437624_4564083193639691_6907940295614233970_n.jpg?stp=dst-jpg_s200x200_tt6&#038;_nc_cat=111&#038;ccb=1-7&#038;_nc_sid=f907e8&#038;_nc_ohc=SM1wRlP3lJwQ7kNvwEPuBYA&#038;_nc_oc=AdnqrjDN_BNjSSHWO-GbkIWH6fkGMLw4bqvL_NH6e2wMveX7G-rP2dAqsDSq1mJMOaY&#038;_nc_zt=24&#038;_nc_ht=scontent-gig4-1.xx&#038;_nc_gid=AoBFJeGrT1hVaew_6rchkQ&#038;oh=00_AfX7QmFGhQhG2jAllVgXCiM1ZrWgvtp80-Bfppyexh1QEg&#038;oe=689E923C","article:published_time":"2016-12-27T11:44:41+00:00","article:modified_time":"2016-12-27T11:44:41+00:00","twitter:card":"summary_large_image","twitter:title":"Prazo para justificar aus\u00eancia no segundo turno termina nesta quinta-feira (29) - A Not\u00edcia Online","twitter:description":"Quem n\u00e3o votou nem justificou a aus\u00eancia \u00e0s urnas no segundo turno tem at\u00e9 esta quinta-feira (29) para regularizar a sua situa\u00e7\u00e3o. O eleitor deve procurar o cart\u00f3rio levando o Requerimento de Justificativa Eleitoral, um documento oficial de identidade com foto e um documento que comprove a impossibilidade de comparecimento \u00e0s urnas no dia 30","twitter:image":"https:\/\/scontent-gig4-1.xx.fbcdn.net\/v\/t39.30808-1\/270437624_4564083193639691_6907940295614233970_n.jpg?stp=dst-jpg_s200x200_tt6&_nc_cat=111&ccb=1-7&_nc_sid=f907e8&_nc_ohc=SM1wRlP3lJwQ7kNvwEPuBYA&_nc_oc=AdnqrjDN_BNjSSHWO-GbkIWH6fkGMLw4bqvL_NH6e2wMveX7G-rP2dAqsDSq1mJMOaY&_nc_zt=24&_nc_ht=scontent-gig4-1.xx&_nc_gid=AoBFJeGrT1hVaew_6rchkQ&oh=00_AfX7QmFGhQhG2jAllVgXCiM1ZrWgvtp80-Bfppyexh1QEg&oe=689E923C"},"aioseo_meta_data":{"post_id":"23370","title":null,"description":null,"keywords":null,"keyphrases":null,"primary_term":null,"canonical_url":null,"og_title":null,"og_description":null,"og_object_type":"default","og_image_type":"default","og_image_url":null,"og_image_width":null,"og_image_height":null,"og_image_custom_url":null,"og_image_custom_fields":null,"og_video":null,"og_custom_url":null,"og_article_section":null,"og_article_tags":null,"twitter_use_og":false,"twitter_card":"default","twitter_image_type":"default","twitter_image_url":null,"twitter_image_custom_url":null,"twitter_image_custom_fields":null,"twitter_title":null,"twitter_description":null,"schema":{"blockGraphs":[],"customGraphs":[],"default":{"data":{"Article":[],"Course":[],"Dataset":[],"FAQPage":[],"Movie":[],"Person":[],"Product":[],"ProductReview":[],"Car":[],"Recipe":[],"Service":[],"SoftwareApplication":[],"WebPage":[]},"graphName":"","isEnabled":true},"graphs":[]},"schema_type":"default","schema_type_options":null,"pillar_content":false,"robots_default":true,"robots_noindex":false,"robots_noarchive":false,"robots_nosnippet":false,"robots_nofollow":false,"robots_noimageindex":false,"robots_noodp":false,"robots_notranslate":false,"robots_max_snippet":null,"robots_max_videopreview":null,"robots_max_imagepreview":"large","priority":null,"frequency":null,"local_seo":null,"breadcrumb_settings":null,"limit_modified_date":false,"ai":null,"created":"2025-08-16 17:24:37","updated":"2025-08-16 17:24:37","focus_keyword":null,"additional_keywords":null,"truseo_locale":null,"seo_analyzer_scan_date":null},"aioseo_breadcrumb":"<div class=\"aioseo-breadcrumbs\"><span class=\"aioseo-breadcrumb\">\n\t\t\t<a href=\"https:\/\/anoticiaonline.com.br\/site\" title=\"Home\">Home<\/a>\n\t\t<\/span><span class=\"aioseo-breadcrumb-separator\">&raquo;<\/span><span class=\"aioseo-breadcrumb\">\n\t\t\t<a href=\"https:\/\/anoticiaonline.com.br\/site\/categoria\/gerais\/\" title=\"Gerais\">Gerais<\/a>\n\t\t<\/span><span class=\"aioseo-breadcrumb-separator\">&raquo;<\/span><span class=\"aioseo-breadcrumb\">\n\t\t\tPrazo para justificar aus\u00eancia no segundo turno termina nesta quinta-feira (29)\n\t\t<\/span><\/div>","aioseo_breadcrumb_json":[{"label":"Home","link":"https:\/\/anoticiaonline.com.br\/site"},{"label":"Gerais","link":"https:\/\/anoticiaonline.com.br\/site\/categoria\/gerais\/"},{"label":"Prazo para justificar aus\u00eancia no segundo turno termina nesta quinta-feira (29)","link":"https:\/\/anoticiaonline.com.br\/site\/prazo-para-justificar-ausencia-no-segundo-turno-termina-nesta-quinta-feira-29\/"}],"views":154,"_links":{"self":[{"href":"https:\/\/anoticiaonline.com.br\/site\/wp-json\/wp\/v2\/posts\/23370","targetHints":{"allow":["GET"]}}],"collection":[{"href":"https:\/\/anoticiaonline.com.br\/site\/wp-json\/wp\/v2\/posts"}],"about":[{"href":"https:\/\/anoticiaonline.com.br\/site\/wp-json\/wp\/v2\/types\/post"}],"author":[{"embeddable":true,"href":"https:\/\/anoticiaonline.com.br\/site\/wp-json\/wp\/v2\/users\/2"}],"replies":[{"embeddable":true,"href":"https:\/\/anoticiaonline.com.br\/site\/wp-json\/wp\/v2\/comments?post=23370"}],"version-history":[{"count":0,"href":"https:\/\/anoticiaonline.com.br\/site\/wp-json\/wp\/v2\/posts\/23370\/revisions"}],"wp:featuredmedia":[{"embeddable":true,"href":"https:\/\/anoticiaonline.com.br\/site\/wp-json\/wp\/v2\/media\/23371"}],"wp:attachment":[{"href":"https:\/\/anoticiaonline.com.br\/site\/wp-json\/wp\/v2\/media?parent=23370"}],"wp:term":[{"taxonomy":"category","embeddable":true,"href":"https:\/\/anoticiaonline.com.br\/site\/wp-json\/wp\/v2\/categories?post=23370"},{"taxonomy":"post_tag","embeddable":true,"href":"https:\/\/anoticiaonline.com.br\/site\/wp-json\/wp\/v2\/tags?post=23370"}],"curies":[{"name":"wp","href":"https:\/\/api.w.org\/{rel}","templated":true}]}}