{"id":23364,"date":"2016-12-26T15:43:28","date_gmt":"2016-12-26T18:43:28","guid":{"rendered":"http:\/\/anoticiaonline.com.br\/site\/?p=23364"},"modified":"2016-12-26T15:43:28","modified_gmt":"2016-12-26T18:43:28","slug":"fundacao-cristiano-varella-promove-curso-de-capacitacao-profissional-de-enfermagem-em-curativos","status":"publish","type":"post","link":"https:\/\/anoticiaonline.com.br\/site\/fundacao-cristiano-varella-promove-curso-de-capacitacao-profissional-de-enfermagem-em-curativos\/","title":{"rendered":"Funda\u00e7\u00e3o Cristiano Varella promove curso de capacita\u00e7\u00e3o profissional de enfermagem em curativos"},"content":{"rendered":"<figure id=\"attachment_11639\" aria-describedby=\"caption-attachment-11639\" style=\"width: 290px\" class=\"wp-caption alignleft\"><a href=\"https:\/\/anoticiaonline.com.br\/site\/wp-content\/uploads\/2016\/04\/Hospital-do-C\u00e2ncer-Muria\u00e9.jpg\"><img decoding=\"async\" class=\"size-medium wp-image-11639\" src=\"https:\/\/anoticiaonline.com.br\/site\/wp-content\/uploads\/2016\/04\/Hospital-do-C\u00e2ncer-Muria\u00e9-300x139.jpg\" alt=\"Funda\u00e7\u00e3o Cristiano Varella\" width=\"300\" height=\"139\" srcset=\"https:\/\/anoticiaonline.com.br\/site\/wp-content\/uploads\/2016\/04\/Hospital-do-C\u00e2ncer-Muria\u00e9-300x139.jpg 300w, https:\/\/anoticiaonline.com.br\/site\/wp-content\/uploads\/2016\/04\/Hospital-do-C\u00e2ncer-Muria\u00e9.jpg 640w\" sizes=\"(max-width: 300px) 100vw, 300px\" \/><\/a><figcaption id=\"caption-attachment-11639\" class=\"wp-caption-text\">Funda\u00e7\u00e3o Cristiano Varella<\/figcaption><\/figure>\n<p>A Funda\u00e7\u00e3o Cristiano Varella realiza no dia 21 de janeiro, o curso de capacita\u00e7\u00e3o profissional de enfermagem em curativos. O evento acontecer\u00e1 entre 8h e 16h, no Centro de Educa\u00e7\u00e3o Corporativa da Funda\u00e7\u00e3o. O n\u00famero de vagas \u00e9 limitado para 40 participantes.<\/p>\n<p>O curso abordar\u00e1 sobre a anatomia e fisiologia da pele; classifica\u00e7\u00e3o das feridas; cicatriza\u00e7\u00e3o das feridas e fatores que interferem na cicatriza\u00e7\u00e3o; aspectos fisiol\u00f3gicos do paciente com ferida; princ\u00edpios gerais do tratamento de feridas; e produtos para tratamento de feridas.<\/p>\n<p>O palestrante ser\u00e1 o enfermeiro Igor Guerra Cheloni, que \u00e9 p\u00f3s-graduado em Enfermagem Oncol\u00f3gica e Enfermagem do Trabalho, gestor do Ambulat\u00f3rio de Quimioterapia e membro do Grupo de Preven\u00e7\u00e3o e Tratamento de Les\u00f5es da Funda\u00e7\u00e3o Cristiano Varella.<\/p>\n<p>As inscri\u00e7\u00f5es podem ser feitas pessoalmente na recep\u00e7\u00e3o da administra\u00e7\u00e3o da FCV com a secret\u00e1ria Ana Maria, ou atrav\u00e9s de dep\u00f3sito em conta corrente no Banco do Brasil, ag\u00eancia: 3398-7 e conta: 54898-7. O valor da taxa de inscri\u00e7\u00e3o \u00e9 de R$ 60,00, e aqueles que pagarem at\u00e9 o dia 16 de janeiro receber\u00e3o um desconto de R$ 10,00.<\/p>\n<p>A inscri\u00e7\u00e3o deve ser confirmada atrav\u00e9s de envio do comprovante de pagamento com identifica\u00e7\u00e3o pessoal e do curso que gostaria de realizar, descrevendo nome, telefone, profiss\u00e3o e email para o endere\u00e7o <a href=\"mailto:asousa@fcv.org.br\">asousa@fcv.org.br<\/a> ou pelo fax (32) 3729-7001.<\/p>\n","protected":false},"excerpt":{"rendered":"<p>A Funda\u00e7\u00e3o Cristiano Varella realiza no dia 21 de janeiro, o curso de capacita\u00e7\u00e3o profissional de enfermagem em curativos. O evento acontecer\u00e1 entre 8h e 16h, no Centro de Educa\u00e7\u00e3o Corporativa da Funda\u00e7\u00e3o. O n\u00famero de vagas \u00e9 limitado para 40 participantes. O curso abordar\u00e1 sobre a anatomia e fisiologia da pele; classifica\u00e7\u00e3o das feridas; &#8230; <a title=\"Funda\u00e7\u00e3o Cristiano Varella promove curso de capacita\u00e7\u00e3o profissional de enfermagem em curativos\" class=\"read-more\" href=\"https:\/\/anoticiaonline.com.br\/site\/fundacao-cristiano-varella-promove-curso-de-capacitacao-profissional-de-enfermagem-em-curativos\/\" aria-label=\"Read more about Funda\u00e7\u00e3o Cristiano Varella promove curso de capacita\u00e7\u00e3o profissional de enfermagem em curativos\">Ler mais<\/a><\/p>\n","protected":false},"author":2,"featured_media":11639,"comment_status":"open","ping_status":"open","sticky":false,"template":"","format":"standard","meta":{"_acf_changed":false,"_monsterinsights_skip_tracking":false,"footnotes":""},"categories":[30],"tags":[3],"class_list":["post-23364","post","type-post","status-publish","format-standard","has-post-thumbnail","hentry","category-muriae","tag-slide"],"acf":[],"aioseo_notices":[],"aioseo_head":"\n\t\t<!-- All in One SEO 5.0.0.1 - aioseo.com -->\n\t<meta name=\"description\" content=\"A Funda\u00e7\u00e3o Cristiano Varella realiza no dia 21 de janeiro, o curso de capacita\u00e7\u00e3o profissional de enfermagem em curativos. O evento acontecer\u00e1 entre 8h e 16h, no Centro de Educa\u00e7\u00e3o Corporativa da Funda\u00e7\u00e3o. O n\u00famero de vagas \u00e9 limitado para 40 participantes. O curso abordar\u00e1 sobre a anatomia e fisiologia da pele; classifica\u00e7\u00e3o das feridas;\" \/>\n\t<meta name=\"robots\" content=\"max-image-preview:large\" \/>\n\t<meta name=\"author\" content=\"Juliana Laviola\"\/>\n\t<link rel=\"canonical\" href=\"https:\/\/anoticiaonline.com.br\/site\/fundacao-cristiano-varella-promove-curso-de-capacitacao-profissional-de-enfermagem-em-curativos\/\" \/>\n\t<meta name=\"generator\" content=\"All in One SEO (AIOSEO) 5.0.0.1\" \/>\n\t\t<meta property=\"og:locale\" content=\"pt_BR\" \/>\n\t\t<meta property=\"og:site_name\" content=\"A Not\u00edcia Online - Noticias de Muria\u00e9 e regi\u00e3o\" \/>\n\t\t<meta property=\"og:type\" content=\"article\" \/>\n\t\t<meta property=\"og:title\" content=\"Funda\u00e7\u00e3o Cristiano Varella promove curso de capacita\u00e7\u00e3o profissional de enfermagem em curativos - A Not\u00edcia Online\" \/>\n\t\t<meta property=\"og:description\" content=\"A Funda\u00e7\u00e3o Cristiano Varella realiza no dia 21 de janeiro, o curso de capacita\u00e7\u00e3o profissional de enfermagem em curativos. O evento acontecer\u00e1 entre 8h e 16h, no Centro de Educa\u00e7\u00e3o Corporativa da Funda\u00e7\u00e3o. O n\u00famero de vagas \u00e9 limitado para 40 participantes. O curso abordar\u00e1 sobre a anatomia e fisiologia da pele; classifica\u00e7\u00e3o das feridas;\" \/>\n\t\t<meta property=\"og:url\" content=\"https:\/\/anoticiaonline.com.br\/site\/fundacao-cristiano-varella-promove-curso-de-capacitacao-profissional-de-enfermagem-em-curativos\/\" \/>\n\t\t<meta property=\"og:image\" content=\"https:\/\/scontent-gig4-1.xx.fbcdn.net\/v\/t39.30808-1\/270437624_4564083193639691_6907940295614233970_n.jpg?stp=dst-jpg_s200x200_tt6&#038;_nc_cat=111&#038;ccb=1-7&#038;_nc_sid=f907e8&#038;_nc_ohc=SM1wRlP3lJwQ7kNvwEPuBYA&#038;_nc_oc=AdnqrjDN_BNjSSHWO-GbkIWH6fkGMLw4bqvL_NH6e2wMveX7G-rP2dAqsDSq1mJMOaY&#038;_nc_zt=24&#038;_nc_ht=scontent-gig4-1.xx&#038;_nc_gid=AoBFJeGrT1hVaew_6rchkQ&#038;oh=00_AfX7QmFGhQhG2jAllVgXCiM1ZrWgvtp80-Bfppyexh1QEg&#038;oe=689E923C\" \/>\n\t\t<meta property=\"og:image:secure_url\" content=\"https:\/\/scontent-gig4-1.xx.fbcdn.net\/v\/t39.30808-1\/270437624_4564083193639691_6907940295614233970_n.jpg?stp=dst-jpg_s200x200_tt6&#038;_nc_cat=111&#038;ccb=1-7&#038;_nc_sid=f907e8&#038;_nc_ohc=SM1wRlP3lJwQ7kNvwEPuBYA&#038;_nc_oc=AdnqrjDN_BNjSSHWO-GbkIWH6fkGMLw4bqvL_NH6e2wMveX7G-rP2dAqsDSq1mJMOaY&#038;_nc_zt=24&#038;_nc_ht=scontent-gig4-1.xx&#038;_nc_gid=AoBFJeGrT1hVaew_6rchkQ&#038;oh=00_AfX7QmFGhQhG2jAllVgXCiM1ZrWgvtp80-Bfppyexh1QEg&#038;oe=689E923C\" \/>\n\t\t<meta property=\"article:published_time\" content=\"2016-12-26T18:43:28+00:00\" \/>\n\t\t<meta property=\"article:modified_time\" content=\"2016-12-26T18:43:28+00:00\" \/>\n\t\t<meta name=\"twitter:card\" content=\"summary_large_image\" \/>\n\t\t<meta name=\"twitter:title\" content=\"Funda\u00e7\u00e3o Cristiano Varella promove curso de capacita\u00e7\u00e3o profissional de enfermagem em curativos - A Not\u00edcia Online\" \/>\n\t\t<meta name=\"twitter:description\" content=\"A Funda\u00e7\u00e3o Cristiano Varella realiza no dia 21 de janeiro, o curso de capacita\u00e7\u00e3o profissional de enfermagem em curativos. O evento acontecer\u00e1 entre 8h e 16h, no Centro de Educa\u00e7\u00e3o Corporativa da Funda\u00e7\u00e3o. O n\u00famero de vagas \u00e9 limitado para 40 participantes. O curso abordar\u00e1 sobre a anatomia e fisiologia da pele; classifica\u00e7\u00e3o das feridas;\" \/>\n\t\t<meta name=\"twitter:image\" content=\"https:\/\/scontent-gig4-1.xx.fbcdn.net\/v\/t39.30808-1\/270437624_4564083193639691_6907940295614233970_n.jpg?stp=dst-jpg_s200x200_tt6&amp;_nc_cat=111&amp;ccb=1-7&amp;_nc_sid=f907e8&amp;_nc_ohc=SM1wRlP3lJwQ7kNvwEPuBYA&amp;_nc_oc=AdnqrjDN_BNjSSHWO-GbkIWH6fkGMLw4bqvL_NH6e2wMveX7G-rP2dAqsDSq1mJMOaY&amp;_nc_zt=24&amp;_nc_ht=scontent-gig4-1.xx&amp;_nc_gid=AoBFJeGrT1hVaew_6rchkQ&amp;oh=00_AfX7QmFGhQhG2jAllVgXCiM1ZrWgvtp80-Bfppyexh1QEg&amp;oe=689E923C\" \/>\n\t\t<script type=\"application\/ld+json\" class=\"aioseo-schema\">\n\t\t\t{\"@context\":\"https:\\\/\\\/schema.org\",\"@graph\":[{\"@type\":\"BlogPosting\",\"@id\":\"https:\\\/\\\/anoticiaonline.com.br\\\/site\\\/fundacao-cristiano-varella-promove-curso-de-capacitacao-profissional-de-enfermagem-em-curativos\\\/#blogposting\",\"name\":\"Funda\\u00e7\\u00e3o Cristiano Varella promove curso de capacita\\u00e7\\u00e3o profissional de enfermagem em curativos - A Not\\u00edcia Online\",\"headline\":\"Funda\\u00e7\\u00e3o Cristiano Varella promove curso de capacita\\u00e7\\u00e3o profissional de enfermagem em curativos\",\"author\":{\"@id\":\"https:\\\/\\\/anoticiaonline.com.br\\\/site\\\/author\\\/juliana\\\/#author\"},\"publisher\":{\"@id\":\"https:\\\/\\\/anoticiaonline.com.br\\\/site\\\/#organization\"},\"image\":{\"@type\":\"ImageObject\",\"url\":\"https:\\\/\\\/anoticiaonline.com.br\\\/site\\\/wp-content\\\/uploads\\\/2016\\\/04\\\/Hospital-do-C\\u00e2ncer-Muria\\u00e9.jpg\",\"width\":640,\"height\":296,\"caption\":\"Funda\\u00e7\\u00e3o Cristiano Varella\"},\"datePublished\":\"2016-12-26T15:43:28-03:00\",\"dateModified\":\"2016-12-26T15:43:28-03:00\",\"inLanguage\":\"pt-BR\",\"mainEntityOfPage\":{\"@id\":\"https:\\\/\\\/anoticiaonline.com.br\\\/site\\\/fundacao-cristiano-varella-promove-curso-de-capacitacao-profissional-de-enfermagem-em-curativos\\\/#webpage\"},\"isPartOf\":{\"@id\":\"https:\\\/\\\/anoticiaonline.com.br\\\/site\\\/fundacao-cristiano-varella-promove-curso-de-capacitacao-profissional-de-enfermagem-em-curativos\\\/#webpage\"},\"articleSection\":\"Blog, slide\"},{\"@type\":\"BreadcrumbList\",\"@id\":\"https:\\\/\\\/anoticiaonline.com.br\\\/site\\\/fundacao-cristiano-varella-promove-curso-de-capacitacao-profissional-de-enfermagem-em-curativos\\\/#breadcrumblist\",\"itemListElement\":[{\"@type\":\"ListItem\",\"@id\":\"https:\\\/\\\/anoticiaonline.com.br\\\/site#listItem\",\"position\":1,\"name\":\"Home\",\"item\":\"https:\\\/\\\/anoticiaonline.com.br\\\/site\",\"nextItem\":{\"@type\":\"ListItem\",\"@id\":\"https:\\\/\\\/anoticiaonline.com.br\\\/site\\\/categoria\\\/muriae\\\/#listItem\",\"name\":\"Blog\"}},{\"@type\":\"ListItem\",\"@id\":\"https:\\\/\\\/anoticiaonline.com.br\\\/site\\\/categoria\\\/muriae\\\/#listItem\",\"position\":2,\"name\":\"Blog\",\"item\":\"https:\\\/\\\/anoticiaonline.com.br\\\/site\\\/categoria\\\/muriae\\\/\",\"nextItem\":{\"@type\":\"ListItem\",\"@id\":\"https:\\\/\\\/anoticiaonline.com.br\\\/site\\\/fundacao-cristiano-varella-promove-curso-de-capacitacao-profissional-de-enfermagem-em-curativos\\\/#listItem\",\"name\":\"Funda\\u00e7\\u00e3o Cristiano Varella promove curso de capacita\\u00e7\\u00e3o profissional de enfermagem em curativos\"},\"previousItem\":{\"@type\":\"ListItem\",\"@id\":\"https:\\\/\\\/anoticiaonline.com.br\\\/site#listItem\",\"name\":\"Home\"}},{\"@type\":\"ListItem\",\"@id\":\"https:\\\/\\\/anoticiaonline.com.br\\\/site\\\/fundacao-cristiano-varella-promove-curso-de-capacitacao-profissional-de-enfermagem-em-curativos\\\/#listItem\",\"position\":3,\"name\":\"Funda\\u00e7\\u00e3o Cristiano Varella promove curso de capacita\\u00e7\\u00e3o profissional de enfermagem em curativos\",\"previousItem\":{\"@type\":\"ListItem\",\"@id\":\"https:\\\/\\\/anoticiaonline.com.br\\\/site\\\/categoria\\\/muriae\\\/#listItem\",\"name\":\"Blog\"}}]},{\"@type\":\"Organization\",\"@id\":\"https:\\\/\\\/anoticiaonline.com.br\\\/site\\\/#organization\",\"name\":\"A Not\\u00edcia Online\",\"description\":\"Noticias de Muria\\u00e9 e regi\\u00e3o\",\"url\":\"https:\\\/\\\/anoticiaonline.com.br\\\/site\\\/\",\"logo\":{\"@type\":\"ImageObject\",\"url\":\"https:\\\/\\\/scontent-gig4-1.xx.fbcdn.net\\\/v\\\/t39.30808-1\\\/270437624_4564083193639691_6907940295614233970_n.jpg?stp=dst-jpg_s200x200_tt6&_nc_cat=111&ccb=1-7&_nc_sid=f907e8&_nc_ohc=SM1wRlP3lJwQ7kNvwEPuBYA&_nc_oc=AdnqrjDN_BNjSSHWO-GbkIWH6fkGMLw4bqvL_NH6e2wMveX7G-rP2dAqsDSq1mJMOaY&_nc_zt=24&_nc_ht=scontent-gig4-1.xx&_nc_gid=AoBFJeGrT1hVaew_6rchkQ&oh=00_AfX7QmFGhQhG2jAllVgXCiM1ZrWgvtp80-Bfppyexh1QEg&oe=689E923C\",\"@id\":\"https:\\\/\\\/anoticiaonline.com.br\\\/site\\\/fundacao-cristiano-varella-promove-curso-de-capacitacao-profissional-de-enfermagem-em-curativos\\\/#organizationLogo\"},\"image\":{\"@id\":\"https:\\\/\\\/anoticiaonline.com.br\\\/site\\\/fundacao-cristiano-varella-promove-curso-de-capacitacao-profissional-de-enfermagem-em-curativos\\\/#organizationLogo\"}},{\"@type\":\"Person\",\"@id\":\"https:\\\/\\\/anoticiaonline.com.br\\\/site\\\/author\\\/juliana\\\/#author\",\"url\":\"https:\\\/\\\/anoticiaonline.com.br\\\/site\\\/author\\\/juliana\\\/\",\"name\":\"Juliana Laviola\",\"image\":{\"@type\":\"ImageObject\",\"@id\":\"https:\\\/\\\/anoticiaonline.com.br\\\/site\\\/fundacao-cristiano-varella-promove-curso-de-capacitacao-profissional-de-enfermagem-em-curativos\\\/#authorImage\",\"url\":\"https:\\\/\\\/secure.gravatar.com\\\/avatar\\\/b8d45f5c699b100dfaf0e543582f38f38bf94cb7ae3a5e9abf8d891a34773335?s=96&d=mm&r=g\",\"width\":96,\"height\":96,\"caption\":\"Juliana Laviola\"}},{\"@type\":\"WebPage\",\"@id\":\"https:\\\/\\\/anoticiaonline.com.br\\\/site\\\/fundacao-cristiano-varella-promove-curso-de-capacitacao-profissional-de-enfermagem-em-curativos\\\/#webpage\",\"url\":\"https:\\\/\\\/anoticiaonline.com.br\\\/site\\\/fundacao-cristiano-varella-promove-curso-de-capacitacao-profissional-de-enfermagem-em-curativos\\\/\",\"name\":\"Funda\\u00e7\\u00e3o Cristiano Varella promove curso de capacita\\u00e7\\u00e3o profissional de enfermagem em curativos - A Not\\u00edcia Online\",\"description\":\"A Funda\\u00e7\\u00e3o Cristiano Varella realiza no dia 21 de janeiro, o curso de capacita\\u00e7\\u00e3o profissional de enfermagem em curativos. O evento acontecer\\u00e1 entre 8h e 16h, no Centro de Educa\\u00e7\\u00e3o Corporativa da Funda\\u00e7\\u00e3o. O n\\u00famero de vagas \\u00e9 limitado para 40 participantes. O curso abordar\\u00e1 sobre a anatomia e fisiologia da pele; classifica\\u00e7\\u00e3o das feridas;\",\"inLanguage\":\"pt-BR\",\"isPartOf\":{\"@id\":\"https:\\\/\\\/anoticiaonline.com.br\\\/site\\\/#website\"},\"breadcrumb\":{\"@id\":\"https:\\\/\\\/anoticiaonline.com.br\\\/site\\\/fundacao-cristiano-varella-promove-curso-de-capacitacao-profissional-de-enfermagem-em-curativos\\\/#breadcrumblist\"},\"author\":{\"@id\":\"https:\\\/\\\/anoticiaonline.com.br\\\/site\\\/author\\\/juliana\\\/#author\"},\"creator\":{\"@id\":\"https:\\\/\\\/anoticiaonline.com.br\\\/site\\\/author\\\/juliana\\\/#author\"},\"image\":{\"@type\":\"ImageObject\",\"url\":\"https:\\\/\\\/anoticiaonline.com.br\\\/site\\\/wp-content\\\/uploads\\\/2016\\\/04\\\/Hospital-do-C\\u00e2ncer-Muria\\u00e9.jpg\",\"@id\":\"https:\\\/\\\/anoticiaonline.com.br\\\/site\\\/fundacao-cristiano-varella-promove-curso-de-capacitacao-profissional-de-enfermagem-em-curativos\\\/#mainImage\",\"width\":640,\"height\":296,\"caption\":\"Funda\\u00e7\\u00e3o Cristiano Varella\"},\"primaryImageOfPage\":{\"@id\":\"https:\\\/\\\/anoticiaonline.com.br\\\/site\\\/fundacao-cristiano-varella-promove-curso-de-capacitacao-profissional-de-enfermagem-em-curativos\\\/#mainImage\"},\"datePublished\":\"2016-12-26T15:43:28-03:00\",\"dateModified\":\"2016-12-26T15:43:28-03:00\"},{\"@type\":\"WebSite\",\"@id\":\"https:\\\/\\\/anoticiaonline.com.br\\\/site\\\/#website\",\"url\":\"https:\\\/\\\/anoticiaonline.com.br\\\/site\\\/\",\"name\":\"A Not\\u00edcia Online\",\"description\":\"Noticias de Muria\\u00e9 e regi\\u00e3o\",\"inLanguage\":\"pt-BR\",\"publisher\":{\"@id\":\"https:\\\/\\\/anoticiaonline.com.br\\\/site\\\/#organization\"}}]}\n\t\t<\/script>\n\t\t<!-- All in One SEO -->\n\n","aioseo_head_json":{"title":"Funda\u00e7\u00e3o Cristiano Varella promove curso de capacita\u00e7\u00e3o profissional de enfermagem em curativos - A Not\u00edcia Online","description":"A Funda\u00e7\u00e3o Cristiano Varella realiza no dia 21 de janeiro, o curso de capacita\u00e7\u00e3o profissional de enfermagem em curativos. O evento acontecer\u00e1 entre 8h e 16h, no Centro de Educa\u00e7\u00e3o Corporativa da Funda\u00e7\u00e3o. O n\u00famero de vagas \u00e9 limitado para 40 participantes. O curso abordar\u00e1 sobre a anatomia e fisiologia da pele; classifica\u00e7\u00e3o das feridas;","canonical_url":"https:\/\/anoticiaonline.com.br\/site\/fundacao-cristiano-varella-promove-curso-de-capacitacao-profissional-de-enfermagem-em-curativos\/","robots":"max-image-preview:large","keywords":"","webmasterTools":{"miscellaneous":""},"schema":{"@context":"https:\/\/schema.org","@graph":[{"@type":"BlogPosting","@id":"https:\/\/anoticiaonline.com.br\/site\/fundacao-cristiano-varella-promove-curso-de-capacitacao-profissional-de-enfermagem-em-curativos\/#blogposting","name":"Funda\u00e7\u00e3o Cristiano Varella promove curso de capacita\u00e7\u00e3o profissional de enfermagem em curativos - A Not\u00edcia Online","headline":"Funda\u00e7\u00e3o Cristiano Varella promove curso de capacita\u00e7\u00e3o profissional de enfermagem em curativos","author":{"@id":"https:\/\/anoticiaonline.com.br\/site\/author\/juliana\/#author"},"publisher":{"@id":"https:\/\/anoticiaonline.com.br\/site\/#organization"},"image":{"@type":"ImageObject","url":"https:\/\/anoticiaonline.com.br\/site\/wp-content\/uploads\/2016\/04\/Hospital-do-C\u00e2ncer-Muria\u00e9.jpg","width":640,"height":296,"caption":"Funda\u00e7\u00e3o Cristiano Varella"},"datePublished":"2016-12-26T15:43:28-03:00","dateModified":"2016-12-26T15:43:28-03:00","inLanguage":"pt-BR","mainEntityOfPage":{"@id":"https:\/\/anoticiaonline.com.br\/site\/fundacao-cristiano-varella-promove-curso-de-capacitacao-profissional-de-enfermagem-em-curativos\/#webpage"},"isPartOf":{"@id":"https:\/\/anoticiaonline.com.br\/site\/fundacao-cristiano-varella-promove-curso-de-capacitacao-profissional-de-enfermagem-em-curativos\/#webpage"},"articleSection":"Blog, slide"},{"@type":"BreadcrumbList","@id":"https:\/\/anoticiaonline.com.br\/site\/fundacao-cristiano-varella-promove-curso-de-capacitacao-profissional-de-enfermagem-em-curativos\/#breadcrumblist","itemListElement":[{"@type":"ListItem","@id":"https:\/\/anoticiaonline.com.br\/site#listItem","position":1,"name":"Home","item":"https:\/\/anoticiaonline.com.br\/site","nextItem":{"@type":"ListItem","@id":"https:\/\/anoticiaonline.com.br\/site\/categoria\/muriae\/#listItem","name":"Blog"}},{"@type":"ListItem","@id":"https:\/\/anoticiaonline.com.br\/site\/categoria\/muriae\/#listItem","position":2,"name":"Blog","item":"https:\/\/anoticiaonline.com.br\/site\/categoria\/muriae\/","nextItem":{"@type":"ListItem","@id":"https:\/\/anoticiaonline.com.br\/site\/fundacao-cristiano-varella-promove-curso-de-capacitacao-profissional-de-enfermagem-em-curativos\/#listItem","name":"Funda\u00e7\u00e3o Cristiano Varella promove curso de capacita\u00e7\u00e3o profissional de enfermagem em curativos"},"previousItem":{"@type":"ListItem","@id":"https:\/\/anoticiaonline.com.br\/site#listItem","name":"Home"}},{"@type":"ListItem","@id":"https:\/\/anoticiaonline.com.br\/site\/fundacao-cristiano-varella-promove-curso-de-capacitacao-profissional-de-enfermagem-em-curativos\/#listItem","position":3,"name":"Funda\u00e7\u00e3o Cristiano Varella promove curso de capacita\u00e7\u00e3o profissional de enfermagem em curativos","previousItem":{"@type":"ListItem","@id":"https:\/\/anoticiaonline.com.br\/site\/categoria\/muriae\/#listItem","name":"Blog"}}]},{"@type":"Organization","@id":"https:\/\/anoticiaonline.com.br\/site\/#organization","name":"A Not\u00edcia Online","description":"Noticias de Muria\u00e9 e regi\u00e3o","url":"https:\/\/anoticiaonline.com.br\/site\/","logo":{"@type":"ImageObject","url":"https:\/\/scontent-gig4-1.xx.fbcdn.net\/v\/t39.30808-1\/270437624_4564083193639691_6907940295614233970_n.jpg?stp=dst-jpg_s200x200_tt6&_nc_cat=111&ccb=1-7&_nc_sid=f907e8&_nc_ohc=SM1wRlP3lJwQ7kNvwEPuBYA&_nc_oc=AdnqrjDN_BNjSSHWO-GbkIWH6fkGMLw4bqvL_NH6e2wMveX7G-rP2dAqsDSq1mJMOaY&_nc_zt=24&_nc_ht=scontent-gig4-1.xx&_nc_gid=AoBFJeGrT1hVaew_6rchkQ&oh=00_AfX7QmFGhQhG2jAllVgXCiM1ZrWgvtp80-Bfppyexh1QEg&oe=689E923C","@id":"https:\/\/anoticiaonline.com.br\/site\/fundacao-cristiano-varella-promove-curso-de-capacitacao-profissional-de-enfermagem-em-curativos\/#organizationLogo"},"image":{"@id":"https:\/\/anoticiaonline.com.br\/site\/fundacao-cristiano-varella-promove-curso-de-capacitacao-profissional-de-enfermagem-em-curativos\/#organizationLogo"}},{"@type":"Person","@id":"https:\/\/anoticiaonline.com.br\/site\/author\/juliana\/#author","url":"https:\/\/anoticiaonline.com.br\/site\/author\/juliana\/","name":"Juliana Laviola","image":{"@type":"ImageObject","@id":"https:\/\/anoticiaonline.com.br\/site\/fundacao-cristiano-varella-promove-curso-de-capacitacao-profissional-de-enfermagem-em-curativos\/#authorImage","url":"https:\/\/secure.gravatar.com\/avatar\/b8d45f5c699b100dfaf0e543582f38f38bf94cb7ae3a5e9abf8d891a34773335?s=96&d=mm&r=g","width":96,"height":96,"caption":"Juliana Laviola"}},{"@type":"WebPage","@id":"https:\/\/anoticiaonline.com.br\/site\/fundacao-cristiano-varella-promove-curso-de-capacitacao-profissional-de-enfermagem-em-curativos\/#webpage","url":"https:\/\/anoticiaonline.com.br\/site\/fundacao-cristiano-varella-promove-curso-de-capacitacao-profissional-de-enfermagem-em-curativos\/","name":"Funda\u00e7\u00e3o Cristiano Varella promove curso de capacita\u00e7\u00e3o profissional de enfermagem em curativos - A Not\u00edcia Online","description":"A Funda\u00e7\u00e3o Cristiano Varella realiza no dia 21 de janeiro, o curso de capacita\u00e7\u00e3o profissional de enfermagem em curativos. O evento acontecer\u00e1 entre 8h e 16h, no Centro de Educa\u00e7\u00e3o Corporativa da Funda\u00e7\u00e3o. O n\u00famero de vagas \u00e9 limitado para 40 participantes. O curso abordar\u00e1 sobre a anatomia e fisiologia da pele; classifica\u00e7\u00e3o das feridas;","inLanguage":"pt-BR","isPartOf":{"@id":"https:\/\/anoticiaonline.com.br\/site\/#website"},"breadcrumb":{"@id":"https:\/\/anoticiaonline.com.br\/site\/fundacao-cristiano-varella-promove-curso-de-capacitacao-profissional-de-enfermagem-em-curativos\/#breadcrumblist"},"author":{"@id":"https:\/\/anoticiaonline.com.br\/site\/author\/juliana\/#author"},"creator":{"@id":"https:\/\/anoticiaonline.com.br\/site\/author\/juliana\/#author"},"image":{"@type":"ImageObject","url":"https:\/\/anoticiaonline.com.br\/site\/wp-content\/uploads\/2016\/04\/Hospital-do-C\u00e2ncer-Muria\u00e9.jpg","@id":"https:\/\/anoticiaonline.com.br\/site\/fundacao-cristiano-varella-promove-curso-de-capacitacao-profissional-de-enfermagem-em-curativos\/#mainImage","width":640,"height":296,"caption":"Funda\u00e7\u00e3o Cristiano Varella"},"primaryImageOfPage":{"@id":"https:\/\/anoticiaonline.com.br\/site\/fundacao-cristiano-varella-promove-curso-de-capacitacao-profissional-de-enfermagem-em-curativos\/#mainImage"},"datePublished":"2016-12-26T15:43:28-03:00","dateModified":"2016-12-26T15:43:28-03:00"},{"@type":"WebSite","@id":"https:\/\/anoticiaonline.com.br\/site\/#website","url":"https:\/\/anoticiaonline.com.br\/site\/","name":"A Not\u00edcia Online","description":"Noticias de Muria\u00e9 e regi\u00e3o","inLanguage":"pt-BR","publisher":{"@id":"https:\/\/anoticiaonline.com.br\/site\/#organization"}}]},"og:locale":"pt_BR","og:site_name":"A Not\u00edcia Online - Noticias de Muria\u00e9 e regi\u00e3o","og:type":"article","og:title":"Funda\u00e7\u00e3o Cristiano Varella promove curso de capacita\u00e7\u00e3o profissional de enfermagem em curativos - A Not\u00edcia Online","og:description":"A Funda\u00e7\u00e3o Cristiano Varella realiza no dia 21 de janeiro, o curso de capacita\u00e7\u00e3o profissional de enfermagem em curativos. O evento acontecer\u00e1 entre 8h e 16h, no Centro de Educa\u00e7\u00e3o Corporativa da Funda\u00e7\u00e3o. O n\u00famero de vagas \u00e9 limitado para 40 participantes. O curso abordar\u00e1 sobre a anatomia e fisiologia da pele; classifica\u00e7\u00e3o das feridas;","og:url":"https:\/\/anoticiaonline.com.br\/site\/fundacao-cristiano-varella-promove-curso-de-capacitacao-profissional-de-enfermagem-em-curativos\/","og:image":"https:\/\/scontent-gig4-1.xx.fbcdn.net\/v\/t39.30808-1\/270437624_4564083193639691_6907940295614233970_n.jpg?stp=dst-jpg_s200x200_tt6&#038;_nc_cat=111&#038;ccb=1-7&#038;_nc_sid=f907e8&#038;_nc_ohc=SM1wRlP3lJwQ7kNvwEPuBYA&#038;_nc_oc=AdnqrjDN_BNjSSHWO-GbkIWH6fkGMLw4bqvL_NH6e2wMveX7G-rP2dAqsDSq1mJMOaY&#038;_nc_zt=24&#038;_nc_ht=scontent-gig4-1.xx&#038;_nc_gid=AoBFJeGrT1hVaew_6rchkQ&#038;oh=00_AfX7QmFGhQhG2jAllVgXCiM1ZrWgvtp80-Bfppyexh1QEg&#038;oe=689E923C","og:image:secure_url":"https:\/\/scontent-gig4-1.xx.fbcdn.net\/v\/t39.30808-1\/270437624_4564083193639691_6907940295614233970_n.jpg?stp=dst-jpg_s200x200_tt6&#038;_nc_cat=111&#038;ccb=1-7&#038;_nc_sid=f907e8&#038;_nc_ohc=SM1wRlP3lJwQ7kNvwEPuBYA&#038;_nc_oc=AdnqrjDN_BNjSSHWO-GbkIWH6fkGMLw4bqvL_NH6e2wMveX7G-rP2dAqsDSq1mJMOaY&#038;_nc_zt=24&#038;_nc_ht=scontent-gig4-1.xx&#038;_nc_gid=AoBFJeGrT1hVaew_6rchkQ&#038;oh=00_AfX7QmFGhQhG2jAllVgXCiM1ZrWgvtp80-Bfppyexh1QEg&#038;oe=689E923C","article:published_time":"2016-12-26T18:43:28+00:00","article:modified_time":"2016-12-26T18:43:28+00:00","twitter:card":"summary_large_image","twitter:title":"Funda\u00e7\u00e3o Cristiano Varella promove curso de capacita\u00e7\u00e3o profissional de enfermagem em curativos - A Not\u00edcia Online","twitter:description":"A Funda\u00e7\u00e3o Cristiano Varella realiza no dia 21 de janeiro, o curso de capacita\u00e7\u00e3o profissional de enfermagem em curativos. O evento acontecer\u00e1 entre 8h e 16h, no Centro de Educa\u00e7\u00e3o Corporativa da Funda\u00e7\u00e3o. O n\u00famero de vagas \u00e9 limitado para 40 participantes. O curso abordar\u00e1 sobre a anatomia e fisiologia da pele; classifica\u00e7\u00e3o das feridas;","twitter:image":"https:\/\/scontent-gig4-1.xx.fbcdn.net\/v\/t39.30808-1\/270437624_4564083193639691_6907940295614233970_n.jpg?stp=dst-jpg_s200x200_tt6&_nc_cat=111&ccb=1-7&_nc_sid=f907e8&_nc_ohc=SM1wRlP3lJwQ7kNvwEPuBYA&_nc_oc=AdnqrjDN_BNjSSHWO-GbkIWH6fkGMLw4bqvL_NH6e2wMveX7G-rP2dAqsDSq1mJMOaY&_nc_zt=24&_nc_ht=scontent-gig4-1.xx&_nc_gid=AoBFJeGrT1hVaew_6rchkQ&oh=00_AfX7QmFGhQhG2jAllVgXCiM1ZrWgvtp80-Bfppyexh1QEg&oe=689E923C"},"aioseo_meta_data":{"post_id":"23364","title":null,"description":null,"keywords":null,"keyphrases":null,"primary_term":null,"canonical_url":null,"og_title":null,"og_description":null,"og_object_type":"default","og_image_type":"default","og_image_url":null,"og_image_width":null,"og_image_height":null,"og_image_custom_url":null,"og_image_custom_fields":null,"og_video":null,"og_custom_url":null,"og_article_section":null,"og_article_tags":null,"twitter_use_og":false,"twitter_card":"default","twitter_image_type":"default","twitter_image_url":null,"twitter_image_custom_url":null,"twitter_image_custom_fields":null,"twitter_title":null,"twitter_description":null,"schema":{"blockGraphs":[],"customGraphs":[],"default":{"data":{"Article":[],"Course":[],"Dataset":[],"FAQPage":[],"Movie":[],"Person":[],"Product":[],"ProductReview":[],"Car":[],"Recipe":[],"Service":[],"SoftwareApplication":[],"WebPage":[]},"graphName":"","isEnabled":true},"graphs":[]},"schema_type":"default","schema_type_options":null,"pillar_content":false,"robots_default":true,"robots_noindex":false,"robots_noarchive":false,"robots_nosnippet":false,"robots_nofollow":false,"robots_noimageindex":false,"robots_noodp":false,"robots_notranslate":false,"robots_max_snippet":null,"robots_max_videopreview":null,"robots_max_imagepreview":"large","priority":null,"frequency":null,"local_seo":null,"breadcrumb_settings":null,"limit_modified_date":false,"ai":null,"created":"2025-08-16 17:24:37","updated":"2025-08-16 17:24:37","focus_keyword":null,"additional_keywords":null,"truseo_locale":null,"seo_analyzer_scan_date":null},"aioseo_breadcrumb":"<div class=\"aioseo-breadcrumbs\"><span class=\"aioseo-breadcrumb\">\n\t\t\t<a href=\"https:\/\/anoticiaonline.com.br\/site\" title=\"Home\">Home<\/a>\n\t\t<\/span><span class=\"aioseo-breadcrumb-separator\">&raquo;<\/span><span class=\"aioseo-breadcrumb\">\n\t\t\t<a href=\"https:\/\/anoticiaonline.com.br\/site\/categoria\/muriae\/\" title=\"Blog\">Blog<\/a>\n\t\t<\/span><span class=\"aioseo-breadcrumb-separator\">&raquo;<\/span><span class=\"aioseo-breadcrumb\">\n\t\t\tFunda\u00e7\u00e3o Cristiano Varella promove curso de capacita\u00e7\u00e3o profissional de enfermagem em curativos\n\t\t<\/span><\/div>","aioseo_breadcrumb_json":[{"label":"Home","link":"https:\/\/anoticiaonline.com.br\/site"},{"label":"Blog","link":"https:\/\/anoticiaonline.com.br\/site\/categoria\/muriae\/"},{"label":"Funda\u00e7\u00e3o Cristiano Varella promove curso de capacita\u00e7\u00e3o profissional de enfermagem em curativos","link":"https:\/\/anoticiaonline.com.br\/site\/fundacao-cristiano-varella-promove-curso-de-capacitacao-profissional-de-enfermagem-em-curativos\/"}],"views":144,"_links":{"self":[{"href":"https:\/\/anoticiaonline.com.br\/site\/wp-json\/wp\/v2\/posts\/23364","targetHints":{"allow":["GET"]}}],"collection":[{"href":"https:\/\/anoticiaonline.com.br\/site\/wp-json\/wp\/v2\/posts"}],"about":[{"href":"https:\/\/anoticiaonline.com.br\/site\/wp-json\/wp\/v2\/types\/post"}],"author":[{"embeddable":true,"href":"https:\/\/anoticiaonline.com.br\/site\/wp-json\/wp\/v2\/users\/2"}],"replies":[{"embeddable":true,"href":"https:\/\/anoticiaonline.com.br\/site\/wp-json\/wp\/v2\/comments?post=23364"}],"version-history":[{"count":0,"href":"https:\/\/anoticiaonline.com.br\/site\/wp-json\/wp\/v2\/posts\/23364\/revisions"}],"wp:featuredmedia":[{"embeddable":true,"href":"https:\/\/anoticiaonline.com.br\/site\/wp-json\/wp\/v2\/media\/11639"}],"wp:attachment":[{"href":"https:\/\/anoticiaonline.com.br\/site\/wp-json\/wp\/v2\/media?parent=23364"}],"wp:term":[{"taxonomy":"category","embeddable":true,"href":"https:\/\/anoticiaonline.com.br\/site\/wp-json\/wp\/v2\/categories?post=23364"},{"taxonomy":"post_tag","embeddable":true,"href":"https:\/\/anoticiaonline.com.br\/site\/wp-json\/wp\/v2\/tags?post=23364"}],"curies":[{"name":"wp","href":"https:\/\/api.w.org\/{rel}","templated":true}]}}