{"id":23299,"date":"2016-12-26T09:19:55","date_gmt":"2016-12-26T12:19:55","guid":{"rendered":"http:\/\/anoticiaonline.com.br\/site\/?p=23299"},"modified":"2016-12-26T09:19:55","modified_gmt":"2016-12-26T12:19:55","slug":"espetaculo-era-uma-vez-nos-em-danca-veja-galeria-de-fotos","status":"publish","type":"post","link":"https:\/\/anoticiaonline.com.br\/site\/espetaculo-era-uma-vez-nos-em-danca-veja-galeria-de-fotos\/","title":{"rendered":"Espet\u00e1culo &#8220;Era Uma Vez&#8230; N\u00f3s em dan\u00e7a&#8221;; veja galeria de fotos"},"content":{"rendered":"<p><a href=\"https:\/\/anoticiaonline.com.br\/site\/wp-content\/uploads\/2016\/12\/DSC_0939.jpg\"><img fetchpriority=\"high\" decoding=\"async\" class=\" size-medium wp-image-23300 alignleft\" src=\"https:\/\/anoticiaonline.com.br\/site\/wp-content\/uploads\/2016\/12\/DSC_0939-300x181.jpg\" alt=\"dsc_0939\" width=\"300\" height=\"181\" srcset=\"https:\/\/anoticiaonline.com.br\/site\/wp-content\/uploads\/2016\/12\/DSC_0939-300x181.jpg 300w, https:\/\/anoticiaonline.com.br\/site\/wp-content\/uploads\/2016\/12\/DSC_0939.jpg 640w\" sizes=\"(max-width: 300px) 100vw, 300px\" \/><\/a>Bailarinos da professora J\u00e9ssica Sanches, do Duo Studio de Dan\u00e7a, encantaram o p\u00fablico durante espet\u00e1culo. Com o tema &#8220;Era uma vez&#8230; N\u00f3s em dan\u00e7a&#8221;, eles apresentaram, com classe e eleg\u00e2ncia, coreografias inspiradas em hist\u00f3rias de contos de fadas.<\/p>\n<p>A professora e core\u00f3grafa J\u00e9ssica, que produziu todo o espet\u00e1culo, incluindo coreografias e figurinos, conta que a ideia do tema da apresenta\u00e7\u00e3o surgiu ap\u00f3s as crian\u00e7as, suas alunas, falarem da vontade de se tornarem \u201cprincesas\u201d por um dia. \u201cResolvi tornar o sonho delas realidade, em serem princesas no palco por um dia e passar isso atrav\u00e9s da dan\u00e7a\u201d, diz.<\/p>\n<p>A terceira edi\u00e7\u00e3o do &#8220;J\u00e9ssica Sanches Dance&#8221; aconteceu no dia 10 de dezembro, no Anfiteatro do Col\u00e9gio Santa Marcelina.<\/p>\n<p>Cerca de 160 bailarinos de v\u00e1rias idades, das turmas de jazz, bal\u00e9 cl\u00e1ssico e jazz funk, participaram da apresenta\u00e7\u00e3o, que contou com 24 n\u00fameros \u2013 sendo 20 coreografias elaboradas por J\u00e9ssica e quatro por professores amigos. O professor de dan\u00e7a, Diones Castro, com seus alunos do Sesc, fizeram uma participa\u00e7\u00e3o especial no evento, com a performance &#8220;Cats&#8221;. David Josias, com o grupo Friends Dance, tamb\u00e9m foi sucesso. Houve tamb\u00e9m a dan\u00e7a de \u201cpas de deux\u201d com o partner Leandro J\u00fanior.<\/p>\n<p>J\u00e9ssica Sanches agradece aos patrocinadores pelo apoio na realiza\u00e7\u00e3o do evento, aos seus pais, Alencar e Cristina, ao irm\u00e3o Alencar, aos seus alunos e pais, ao seu grupo de dan\u00e7a, ao namorado Jhonatan, aos amigos Marcos Paulo, Tanaira, Monique, Inara e Carol e ao p\u00fablico presente no evento.<\/p>\n<p><img decoding=\"async\" class=\"ngg_displayed_gallery mceItem\" src=\"https:\/\/anoticiaonline.com.br\/site\/nextgen-attach_to_post\/preview\/id--23359\" alt=\"\" \/><\/p>\n<p>&nbsp;<\/p>\n","protected":false},"excerpt":{"rendered":"<p>Bailarinos da professora J\u00e9ssica Sanches, do Duo Studio de Dan\u00e7a, encantaram o p\u00fablico durante espet\u00e1culo. Com o tema &#8220;Era uma vez&#8230; N\u00f3s em dan\u00e7a&#8221;, eles apresentaram, com classe e eleg\u00e2ncia, coreografias inspiradas em hist\u00f3rias de contos de fadas. A professora e core\u00f3grafa J\u00e9ssica, que produziu todo o espet\u00e1culo, incluindo coreografias e figurinos, conta que a &#8230; <a title=\"Espet\u00e1culo &#8220;Era Uma Vez&#8230; N\u00f3s em dan\u00e7a&#8221;; veja galeria de fotos\" class=\"read-more\" href=\"https:\/\/anoticiaonline.com.br\/site\/espetaculo-era-uma-vez-nos-em-danca-veja-galeria-de-fotos\/\" aria-label=\"Read more about Espet\u00e1culo &#8220;Era Uma Vez&#8230; N\u00f3s em dan\u00e7a&#8221;; veja galeria de fotos\">Ler mais<\/a><\/p>\n","protected":false},"author":2,"featured_media":23300,"comment_status":"open","ping_status":"open","sticky":false,"template":"","format":"standard","meta":{"_acf_changed":false,"_monsterinsights_skip_tracking":false,"footnotes":""},"categories":[24],"tags":[3],"class_list":["post-23299","post","type-post","status-publish","format-standard","has-post-thumbnail","hentry","category-eventos","tag-slide"],"acf":[],"aioseo_notices":[],"aioseo_head":"\n\t\t<!-- All in One SEO 5.0.0.1 - aioseo.com -->\n\t<meta name=\"description\" content=\"Bailarinos da professora J\u00e9ssica Sanches, do Duo Studio de Dan\u00e7a, encantaram o p\u00fablico durante espet\u00e1culo. Com o tema &quot;Era uma vez... N\u00f3s em dan\u00e7a&quot;, eles apresentaram, com classe e eleg\u00e2ncia, coreografias inspiradas em hist\u00f3rias de contos de fadas. A professora e core\u00f3grafa J\u00e9ssica, que produziu todo o espet\u00e1culo, incluindo coreografias e figurinos, conta que a\" \/>\n\t<meta name=\"robots\" content=\"max-image-preview:large\" \/>\n\t<meta name=\"author\" content=\"Juliana Laviola\"\/>\n\t<link rel=\"canonical\" href=\"https:\/\/anoticiaonline.com.br\/site\/espetaculo-era-uma-vez-nos-em-danca-veja-galeria-de-fotos\/\" \/>\n\t<meta name=\"generator\" content=\"All in One SEO (AIOSEO) 5.0.0.1\" \/>\n\t\t<meta property=\"og:locale\" content=\"pt_BR\" \/>\n\t\t<meta property=\"og:site_name\" content=\"A Not\u00edcia Online - Noticias de Muria\u00e9 e regi\u00e3o\" \/>\n\t\t<meta property=\"og:type\" content=\"article\" \/>\n\t\t<meta property=\"og:title\" content=\"Espet\u00e1culo \u201cEra Uma Vez\u2026 N\u00f3s em dan\u00e7a\u201d; veja galeria de fotos - A Not\u00edcia Online\" \/>\n\t\t<meta property=\"og:description\" content=\"Bailarinos da professora J\u00e9ssica Sanches, do Duo Studio de Dan\u00e7a, encantaram o p\u00fablico durante espet\u00e1culo. Com o tema &quot;Era uma vez... N\u00f3s em dan\u00e7a&quot;, eles apresentaram, com classe e eleg\u00e2ncia, coreografias inspiradas em hist\u00f3rias de contos de fadas. A professora e core\u00f3grafa J\u00e9ssica, que produziu todo o espet\u00e1culo, incluindo coreografias e figurinos, conta que a\" \/>\n\t\t<meta property=\"og:url\" content=\"https:\/\/anoticiaonline.com.br\/site\/espetaculo-era-uma-vez-nos-em-danca-veja-galeria-de-fotos\/\" \/>\n\t\t<meta property=\"og:image\" content=\"https:\/\/scontent-gig4-1.xx.fbcdn.net\/v\/t39.30808-1\/270437624_4564083193639691_6907940295614233970_n.jpg?stp=dst-jpg_s200x200_tt6&#038;_nc_cat=111&#038;ccb=1-7&#038;_nc_sid=f907e8&#038;_nc_ohc=SM1wRlP3lJwQ7kNvwEPuBYA&#038;_nc_oc=AdnqrjDN_BNjSSHWO-GbkIWH6fkGMLw4bqvL_NH6e2wMveX7G-rP2dAqsDSq1mJMOaY&#038;_nc_zt=24&#038;_nc_ht=scontent-gig4-1.xx&#038;_nc_gid=AoBFJeGrT1hVaew_6rchkQ&#038;oh=00_AfX7QmFGhQhG2jAllVgXCiM1ZrWgvtp80-Bfppyexh1QEg&#038;oe=689E923C\" \/>\n\t\t<meta property=\"og:image:secure_url\" content=\"https:\/\/scontent-gig4-1.xx.fbcdn.net\/v\/t39.30808-1\/270437624_4564083193639691_6907940295614233970_n.jpg?stp=dst-jpg_s200x200_tt6&#038;_nc_cat=111&#038;ccb=1-7&#038;_nc_sid=f907e8&#038;_nc_ohc=SM1wRlP3lJwQ7kNvwEPuBYA&#038;_nc_oc=AdnqrjDN_BNjSSHWO-GbkIWH6fkGMLw4bqvL_NH6e2wMveX7G-rP2dAqsDSq1mJMOaY&#038;_nc_zt=24&#038;_nc_ht=scontent-gig4-1.xx&#038;_nc_gid=AoBFJeGrT1hVaew_6rchkQ&#038;oh=00_AfX7QmFGhQhG2jAllVgXCiM1ZrWgvtp80-Bfppyexh1QEg&#038;oe=689E923C\" \/>\n\t\t<meta property=\"article:published_time\" content=\"2016-12-26T12:19:55+00:00\" \/>\n\t\t<meta property=\"article:modified_time\" content=\"2016-12-26T12:19:55+00:00\" \/>\n\t\t<meta name=\"twitter:card\" content=\"summary_large_image\" \/>\n\t\t<meta name=\"twitter:title\" content=\"Espet\u00e1culo \u201cEra Uma Vez\u2026 N\u00f3s em dan\u00e7a\u201d; veja galeria de fotos - A Not\u00edcia Online\" \/>\n\t\t<meta name=\"twitter:description\" content=\"Bailarinos da professora J\u00e9ssica Sanches, do Duo Studio de Dan\u00e7a, encantaram o p\u00fablico durante espet\u00e1culo. Com o tema &quot;Era uma vez... N\u00f3s em dan\u00e7a&quot;, eles apresentaram, com classe e eleg\u00e2ncia, coreografias inspiradas em hist\u00f3rias de contos de fadas. A professora e core\u00f3grafa J\u00e9ssica, que produziu todo o espet\u00e1culo, incluindo coreografias e figurinos, conta que a\" \/>\n\t\t<meta name=\"twitter:image\" content=\"https:\/\/scontent-gig4-1.xx.fbcdn.net\/v\/t39.30808-1\/270437624_4564083193639691_6907940295614233970_n.jpg?stp=dst-jpg_s200x200_tt6&amp;_nc_cat=111&amp;ccb=1-7&amp;_nc_sid=f907e8&amp;_nc_ohc=SM1wRlP3lJwQ7kNvwEPuBYA&amp;_nc_oc=AdnqrjDN_BNjSSHWO-GbkIWH6fkGMLw4bqvL_NH6e2wMveX7G-rP2dAqsDSq1mJMOaY&amp;_nc_zt=24&amp;_nc_ht=scontent-gig4-1.xx&amp;_nc_gid=AoBFJeGrT1hVaew_6rchkQ&amp;oh=00_AfX7QmFGhQhG2jAllVgXCiM1ZrWgvtp80-Bfppyexh1QEg&amp;oe=689E923C\" \/>\n\t\t<script type=\"application\/ld+json\" class=\"aioseo-schema\">\n\t\t\t{\"@context\":\"https:\\\/\\\/schema.org\",\"@graph\":[{\"@type\":\"BlogPosting\",\"@id\":\"https:\\\/\\\/anoticiaonline.com.br\\\/site\\\/espetaculo-era-uma-vez-nos-em-danca-veja-galeria-de-fotos\\\/#blogposting\",\"name\":\"Espet\\u00e1culo \\u201cEra Uma Vez\\u2026 N\\u00f3s em dan\\u00e7a\\u201d; veja galeria de fotos - A Not\\u00edcia Online\",\"headline\":\"Espet\\u00e1culo &#8220;Era Uma Vez&#8230; N\\u00f3s em dan\\u00e7a&#8221;; veja galeria de fotos\",\"author\":{\"@id\":\"https:\\\/\\\/anoticiaonline.com.br\\\/site\\\/author\\\/juliana\\\/#author\"},\"publisher\":{\"@id\":\"https:\\\/\\\/anoticiaonline.com.br\\\/site\\\/#organization\"},\"image\":{\"@type\":\"ImageObject\",\"url\":\"https:\\\/\\\/anoticiaonline.com.br\\\/site\\\/wp-content\\\/uploads\\\/2016\\\/12\\\/DSC_0939.jpg\",\"width\":640,\"height\":386},\"datePublished\":\"2016-12-26T09:19:55-03:00\",\"dateModified\":\"2016-12-26T09:19:55-03:00\",\"inLanguage\":\"pt-BR\",\"mainEntityOfPage\":{\"@id\":\"https:\\\/\\\/anoticiaonline.com.br\\\/site\\\/espetaculo-era-uma-vez-nos-em-danca-veja-galeria-de-fotos\\\/#webpage\"},\"isPartOf\":{\"@id\":\"https:\\\/\\\/anoticiaonline.com.br\\\/site\\\/espetaculo-era-uma-vez-nos-em-danca-veja-galeria-de-fotos\\\/#webpage\"},\"articleSection\":\"Eventos, slide\"},{\"@type\":\"BreadcrumbList\",\"@id\":\"https:\\\/\\\/anoticiaonline.com.br\\\/site\\\/espetaculo-era-uma-vez-nos-em-danca-veja-galeria-de-fotos\\\/#breadcrumblist\",\"itemListElement\":[{\"@type\":\"ListItem\",\"@id\":\"https:\\\/\\\/anoticiaonline.com.br\\\/site#listItem\",\"position\":1,\"name\":\"Home\",\"item\":\"https:\\\/\\\/anoticiaonline.com.br\\\/site\",\"nextItem\":{\"@type\":\"ListItem\",\"@id\":\"https:\\\/\\\/anoticiaonline.com.br\\\/site\\\/categoria\\\/eventos\\\/#listItem\",\"name\":\"Eventos\"}},{\"@type\":\"ListItem\",\"@id\":\"https:\\\/\\\/anoticiaonline.com.br\\\/site\\\/categoria\\\/eventos\\\/#listItem\",\"position\":2,\"name\":\"Eventos\",\"item\":\"https:\\\/\\\/anoticiaonline.com.br\\\/site\\\/categoria\\\/eventos\\\/\",\"nextItem\":{\"@type\":\"ListItem\",\"@id\":\"https:\\\/\\\/anoticiaonline.com.br\\\/site\\\/espetaculo-era-uma-vez-nos-em-danca-veja-galeria-de-fotos\\\/#listItem\",\"name\":\"Espet\\u00e1culo &#8220;Era Uma Vez&#8230; N\\u00f3s em dan\\u00e7a&#8221;; veja galeria de fotos\"},\"previousItem\":{\"@type\":\"ListItem\",\"@id\":\"https:\\\/\\\/anoticiaonline.com.br\\\/site#listItem\",\"name\":\"Home\"}},{\"@type\":\"ListItem\",\"@id\":\"https:\\\/\\\/anoticiaonline.com.br\\\/site\\\/espetaculo-era-uma-vez-nos-em-danca-veja-galeria-de-fotos\\\/#listItem\",\"position\":3,\"name\":\"Espet\\u00e1culo &#8220;Era Uma Vez&#8230; N\\u00f3s em dan\\u00e7a&#8221;; veja galeria de fotos\",\"previousItem\":{\"@type\":\"ListItem\",\"@id\":\"https:\\\/\\\/anoticiaonline.com.br\\\/site\\\/categoria\\\/eventos\\\/#listItem\",\"name\":\"Eventos\"}}]},{\"@type\":\"Organization\",\"@id\":\"https:\\\/\\\/anoticiaonline.com.br\\\/site\\\/#organization\",\"name\":\"A Not\\u00edcia Online\",\"description\":\"Noticias de Muria\\u00e9 e regi\\u00e3o\",\"url\":\"https:\\\/\\\/anoticiaonline.com.br\\\/site\\\/\",\"logo\":{\"@type\":\"ImageObject\",\"url\":\"https:\\\/\\\/scontent-gig4-1.xx.fbcdn.net\\\/v\\\/t39.30808-1\\\/270437624_4564083193639691_6907940295614233970_n.jpg?stp=dst-jpg_s200x200_tt6&_nc_cat=111&ccb=1-7&_nc_sid=f907e8&_nc_ohc=SM1wRlP3lJwQ7kNvwEPuBYA&_nc_oc=AdnqrjDN_BNjSSHWO-GbkIWH6fkGMLw4bqvL_NH6e2wMveX7G-rP2dAqsDSq1mJMOaY&_nc_zt=24&_nc_ht=scontent-gig4-1.xx&_nc_gid=AoBFJeGrT1hVaew_6rchkQ&oh=00_AfX7QmFGhQhG2jAllVgXCiM1ZrWgvtp80-Bfppyexh1QEg&oe=689E923C\",\"@id\":\"https:\\\/\\\/anoticiaonline.com.br\\\/site\\\/espetaculo-era-uma-vez-nos-em-danca-veja-galeria-de-fotos\\\/#organizationLogo\"},\"image\":{\"@id\":\"https:\\\/\\\/anoticiaonline.com.br\\\/site\\\/espetaculo-era-uma-vez-nos-em-danca-veja-galeria-de-fotos\\\/#organizationLogo\"}},{\"@type\":\"Person\",\"@id\":\"https:\\\/\\\/anoticiaonline.com.br\\\/site\\\/author\\\/juliana\\\/#author\",\"url\":\"https:\\\/\\\/anoticiaonline.com.br\\\/site\\\/author\\\/juliana\\\/\",\"name\":\"Juliana Laviola\",\"image\":{\"@type\":\"ImageObject\",\"@id\":\"https:\\\/\\\/anoticiaonline.com.br\\\/site\\\/espetaculo-era-uma-vez-nos-em-danca-veja-galeria-de-fotos\\\/#authorImage\",\"url\":\"https:\\\/\\\/secure.gravatar.com\\\/avatar\\\/b8d45f5c699b100dfaf0e543582f38f38bf94cb7ae3a5e9abf8d891a34773335?s=96&d=mm&r=g\",\"width\":96,\"height\":96,\"caption\":\"Juliana Laviola\"}},{\"@type\":\"WebPage\",\"@id\":\"https:\\\/\\\/anoticiaonline.com.br\\\/site\\\/espetaculo-era-uma-vez-nos-em-danca-veja-galeria-de-fotos\\\/#webpage\",\"url\":\"https:\\\/\\\/anoticiaonline.com.br\\\/site\\\/espetaculo-era-uma-vez-nos-em-danca-veja-galeria-de-fotos\\\/\",\"name\":\"Espet\\u00e1culo \\u201cEra Uma Vez\\u2026 N\\u00f3s em dan\\u00e7a\\u201d; veja galeria de fotos - A Not\\u00edcia Online\",\"description\":\"Bailarinos da professora J\\u00e9ssica Sanches, do Duo Studio de Dan\\u00e7a, encantaram o p\\u00fablico durante espet\\u00e1culo. Com o tema \\\"Era uma vez... N\\u00f3s em dan\\u00e7a\\\", eles apresentaram, com classe e eleg\\u00e2ncia, coreografias inspiradas em hist\\u00f3rias de contos de fadas. A professora e core\\u00f3grafa J\\u00e9ssica, que produziu todo o espet\\u00e1culo, incluindo coreografias e figurinos, conta que a\",\"inLanguage\":\"pt-BR\",\"isPartOf\":{\"@id\":\"https:\\\/\\\/anoticiaonline.com.br\\\/site\\\/#website\"},\"breadcrumb\":{\"@id\":\"https:\\\/\\\/anoticiaonline.com.br\\\/site\\\/espetaculo-era-uma-vez-nos-em-danca-veja-galeria-de-fotos\\\/#breadcrumblist\"},\"author\":{\"@id\":\"https:\\\/\\\/anoticiaonline.com.br\\\/site\\\/author\\\/juliana\\\/#author\"},\"creator\":{\"@id\":\"https:\\\/\\\/anoticiaonline.com.br\\\/site\\\/author\\\/juliana\\\/#author\"},\"image\":{\"@type\":\"ImageObject\",\"url\":\"https:\\\/\\\/anoticiaonline.com.br\\\/site\\\/wp-content\\\/uploads\\\/2016\\\/12\\\/DSC_0939.jpg\",\"@id\":\"https:\\\/\\\/anoticiaonline.com.br\\\/site\\\/espetaculo-era-uma-vez-nos-em-danca-veja-galeria-de-fotos\\\/#mainImage\",\"width\":640,\"height\":386},\"primaryImageOfPage\":{\"@id\":\"https:\\\/\\\/anoticiaonline.com.br\\\/site\\\/espetaculo-era-uma-vez-nos-em-danca-veja-galeria-de-fotos\\\/#mainImage\"},\"datePublished\":\"2016-12-26T09:19:55-03:00\",\"dateModified\":\"2016-12-26T09:19:55-03:00\"},{\"@type\":\"WebSite\",\"@id\":\"https:\\\/\\\/anoticiaonline.com.br\\\/site\\\/#website\",\"url\":\"https:\\\/\\\/anoticiaonline.com.br\\\/site\\\/\",\"name\":\"A Not\\u00edcia Online\",\"description\":\"Noticias de Muria\\u00e9 e regi\\u00e3o\",\"inLanguage\":\"pt-BR\",\"publisher\":{\"@id\":\"https:\\\/\\\/anoticiaonline.com.br\\\/site\\\/#organization\"}}]}\n\t\t<\/script>\n\t\t<!-- All in One SEO -->\n\n","aioseo_head_json":{"title":"Espet\u00e1culo \u201cEra Uma Vez\u2026 N\u00f3s em dan\u00e7a\u201d; veja galeria de fotos - A Not\u00edcia Online","description":"Bailarinos da professora J\u00e9ssica Sanches, do Duo Studio de Dan\u00e7a, encantaram o p\u00fablico durante espet\u00e1culo. Com o tema \"Era uma vez... N\u00f3s em dan\u00e7a\", eles apresentaram, com classe e eleg\u00e2ncia, coreografias inspiradas em hist\u00f3rias de contos de fadas. A professora e core\u00f3grafa J\u00e9ssica, que produziu todo o espet\u00e1culo, incluindo coreografias e figurinos, conta que a","canonical_url":"https:\/\/anoticiaonline.com.br\/site\/espetaculo-era-uma-vez-nos-em-danca-veja-galeria-de-fotos\/","robots":"max-image-preview:large","keywords":"","webmasterTools":{"miscellaneous":""},"schema":{"@context":"https:\/\/schema.org","@graph":[{"@type":"BlogPosting","@id":"https:\/\/anoticiaonline.com.br\/site\/espetaculo-era-uma-vez-nos-em-danca-veja-galeria-de-fotos\/#blogposting","name":"Espet\u00e1culo \u201cEra Uma Vez\u2026 N\u00f3s em dan\u00e7a\u201d; veja galeria de fotos - A Not\u00edcia Online","headline":"Espet\u00e1culo &#8220;Era Uma Vez&#8230; N\u00f3s em dan\u00e7a&#8221;; veja galeria de fotos","author":{"@id":"https:\/\/anoticiaonline.com.br\/site\/author\/juliana\/#author"},"publisher":{"@id":"https:\/\/anoticiaonline.com.br\/site\/#organization"},"image":{"@type":"ImageObject","url":"https:\/\/anoticiaonline.com.br\/site\/wp-content\/uploads\/2016\/12\/DSC_0939.jpg","width":640,"height":386},"datePublished":"2016-12-26T09:19:55-03:00","dateModified":"2016-12-26T09:19:55-03:00","inLanguage":"pt-BR","mainEntityOfPage":{"@id":"https:\/\/anoticiaonline.com.br\/site\/espetaculo-era-uma-vez-nos-em-danca-veja-galeria-de-fotos\/#webpage"},"isPartOf":{"@id":"https:\/\/anoticiaonline.com.br\/site\/espetaculo-era-uma-vez-nos-em-danca-veja-galeria-de-fotos\/#webpage"},"articleSection":"Eventos, slide"},{"@type":"BreadcrumbList","@id":"https:\/\/anoticiaonline.com.br\/site\/espetaculo-era-uma-vez-nos-em-danca-veja-galeria-de-fotos\/#breadcrumblist","itemListElement":[{"@type":"ListItem","@id":"https:\/\/anoticiaonline.com.br\/site#listItem","position":1,"name":"Home","item":"https:\/\/anoticiaonline.com.br\/site","nextItem":{"@type":"ListItem","@id":"https:\/\/anoticiaonline.com.br\/site\/categoria\/eventos\/#listItem","name":"Eventos"}},{"@type":"ListItem","@id":"https:\/\/anoticiaonline.com.br\/site\/categoria\/eventos\/#listItem","position":2,"name":"Eventos","item":"https:\/\/anoticiaonline.com.br\/site\/categoria\/eventos\/","nextItem":{"@type":"ListItem","@id":"https:\/\/anoticiaonline.com.br\/site\/espetaculo-era-uma-vez-nos-em-danca-veja-galeria-de-fotos\/#listItem","name":"Espet\u00e1culo &#8220;Era Uma Vez&#8230; N\u00f3s em dan\u00e7a&#8221;; veja galeria de fotos"},"previousItem":{"@type":"ListItem","@id":"https:\/\/anoticiaonline.com.br\/site#listItem","name":"Home"}},{"@type":"ListItem","@id":"https:\/\/anoticiaonline.com.br\/site\/espetaculo-era-uma-vez-nos-em-danca-veja-galeria-de-fotos\/#listItem","position":3,"name":"Espet\u00e1culo &#8220;Era Uma Vez&#8230; N\u00f3s em dan\u00e7a&#8221;; veja galeria de fotos","previousItem":{"@type":"ListItem","@id":"https:\/\/anoticiaonline.com.br\/site\/categoria\/eventos\/#listItem","name":"Eventos"}}]},{"@type":"Organization","@id":"https:\/\/anoticiaonline.com.br\/site\/#organization","name":"A Not\u00edcia Online","description":"Noticias de Muria\u00e9 e regi\u00e3o","url":"https:\/\/anoticiaonline.com.br\/site\/","logo":{"@type":"ImageObject","url":"https:\/\/scontent-gig4-1.xx.fbcdn.net\/v\/t39.30808-1\/270437624_4564083193639691_6907940295614233970_n.jpg?stp=dst-jpg_s200x200_tt6&_nc_cat=111&ccb=1-7&_nc_sid=f907e8&_nc_ohc=SM1wRlP3lJwQ7kNvwEPuBYA&_nc_oc=AdnqrjDN_BNjSSHWO-GbkIWH6fkGMLw4bqvL_NH6e2wMveX7G-rP2dAqsDSq1mJMOaY&_nc_zt=24&_nc_ht=scontent-gig4-1.xx&_nc_gid=AoBFJeGrT1hVaew_6rchkQ&oh=00_AfX7QmFGhQhG2jAllVgXCiM1ZrWgvtp80-Bfppyexh1QEg&oe=689E923C","@id":"https:\/\/anoticiaonline.com.br\/site\/espetaculo-era-uma-vez-nos-em-danca-veja-galeria-de-fotos\/#organizationLogo"},"image":{"@id":"https:\/\/anoticiaonline.com.br\/site\/espetaculo-era-uma-vez-nos-em-danca-veja-galeria-de-fotos\/#organizationLogo"}},{"@type":"Person","@id":"https:\/\/anoticiaonline.com.br\/site\/author\/juliana\/#author","url":"https:\/\/anoticiaonline.com.br\/site\/author\/juliana\/","name":"Juliana Laviola","image":{"@type":"ImageObject","@id":"https:\/\/anoticiaonline.com.br\/site\/espetaculo-era-uma-vez-nos-em-danca-veja-galeria-de-fotos\/#authorImage","url":"https:\/\/secure.gravatar.com\/avatar\/b8d45f5c699b100dfaf0e543582f38f38bf94cb7ae3a5e9abf8d891a34773335?s=96&d=mm&r=g","width":96,"height":96,"caption":"Juliana Laviola"}},{"@type":"WebPage","@id":"https:\/\/anoticiaonline.com.br\/site\/espetaculo-era-uma-vez-nos-em-danca-veja-galeria-de-fotos\/#webpage","url":"https:\/\/anoticiaonline.com.br\/site\/espetaculo-era-uma-vez-nos-em-danca-veja-galeria-de-fotos\/","name":"Espet\u00e1culo \u201cEra Uma Vez\u2026 N\u00f3s em dan\u00e7a\u201d; veja galeria de fotos - A Not\u00edcia Online","description":"Bailarinos da professora J\u00e9ssica Sanches, do Duo Studio de Dan\u00e7a, encantaram o p\u00fablico durante espet\u00e1culo. Com o tema \"Era uma vez... N\u00f3s em dan\u00e7a\", eles apresentaram, com classe e eleg\u00e2ncia, coreografias inspiradas em hist\u00f3rias de contos de fadas. A professora e core\u00f3grafa J\u00e9ssica, que produziu todo o espet\u00e1culo, incluindo coreografias e figurinos, conta que a","inLanguage":"pt-BR","isPartOf":{"@id":"https:\/\/anoticiaonline.com.br\/site\/#website"},"breadcrumb":{"@id":"https:\/\/anoticiaonline.com.br\/site\/espetaculo-era-uma-vez-nos-em-danca-veja-galeria-de-fotos\/#breadcrumblist"},"author":{"@id":"https:\/\/anoticiaonline.com.br\/site\/author\/juliana\/#author"},"creator":{"@id":"https:\/\/anoticiaonline.com.br\/site\/author\/juliana\/#author"},"image":{"@type":"ImageObject","url":"https:\/\/anoticiaonline.com.br\/site\/wp-content\/uploads\/2016\/12\/DSC_0939.jpg","@id":"https:\/\/anoticiaonline.com.br\/site\/espetaculo-era-uma-vez-nos-em-danca-veja-galeria-de-fotos\/#mainImage","width":640,"height":386},"primaryImageOfPage":{"@id":"https:\/\/anoticiaonline.com.br\/site\/espetaculo-era-uma-vez-nos-em-danca-veja-galeria-de-fotos\/#mainImage"},"datePublished":"2016-12-26T09:19:55-03:00","dateModified":"2016-12-26T09:19:55-03:00"},{"@type":"WebSite","@id":"https:\/\/anoticiaonline.com.br\/site\/#website","url":"https:\/\/anoticiaonline.com.br\/site\/","name":"A Not\u00edcia Online","description":"Noticias de Muria\u00e9 e regi\u00e3o","inLanguage":"pt-BR","publisher":{"@id":"https:\/\/anoticiaonline.com.br\/site\/#organization"}}]},"og:locale":"pt_BR","og:site_name":"A Not\u00edcia Online - Noticias de Muria\u00e9 e regi\u00e3o","og:type":"article","og:title":"Espet\u00e1culo \u201cEra Uma Vez\u2026 N\u00f3s em dan\u00e7a\u201d; veja galeria de fotos - A Not\u00edcia Online","og:description":"Bailarinos da professora J\u00e9ssica Sanches, do Duo Studio de Dan\u00e7a, encantaram o p\u00fablico durante espet\u00e1culo. Com o tema &quot;Era uma vez... N\u00f3s em dan\u00e7a&quot;, eles apresentaram, com classe e eleg\u00e2ncia, coreografias inspiradas em hist\u00f3rias de contos de fadas. A professora e core\u00f3grafa J\u00e9ssica, que produziu todo o espet\u00e1culo, incluindo coreografias e figurinos, conta que a","og:url":"https:\/\/anoticiaonline.com.br\/site\/espetaculo-era-uma-vez-nos-em-danca-veja-galeria-de-fotos\/","og:image":"https:\/\/scontent-gig4-1.xx.fbcdn.net\/v\/t39.30808-1\/270437624_4564083193639691_6907940295614233970_n.jpg?stp=dst-jpg_s200x200_tt6&#038;_nc_cat=111&#038;ccb=1-7&#038;_nc_sid=f907e8&#038;_nc_ohc=SM1wRlP3lJwQ7kNvwEPuBYA&#038;_nc_oc=AdnqrjDN_BNjSSHWO-GbkIWH6fkGMLw4bqvL_NH6e2wMveX7G-rP2dAqsDSq1mJMOaY&#038;_nc_zt=24&#038;_nc_ht=scontent-gig4-1.xx&#038;_nc_gid=AoBFJeGrT1hVaew_6rchkQ&#038;oh=00_AfX7QmFGhQhG2jAllVgXCiM1ZrWgvtp80-Bfppyexh1QEg&#038;oe=689E923C","og:image:secure_url":"https:\/\/scontent-gig4-1.xx.fbcdn.net\/v\/t39.30808-1\/270437624_4564083193639691_6907940295614233970_n.jpg?stp=dst-jpg_s200x200_tt6&#038;_nc_cat=111&#038;ccb=1-7&#038;_nc_sid=f907e8&#038;_nc_ohc=SM1wRlP3lJwQ7kNvwEPuBYA&#038;_nc_oc=AdnqrjDN_BNjSSHWO-GbkIWH6fkGMLw4bqvL_NH6e2wMveX7G-rP2dAqsDSq1mJMOaY&#038;_nc_zt=24&#038;_nc_ht=scontent-gig4-1.xx&#038;_nc_gid=AoBFJeGrT1hVaew_6rchkQ&#038;oh=00_AfX7QmFGhQhG2jAllVgXCiM1ZrWgvtp80-Bfppyexh1QEg&#038;oe=689E923C","article:published_time":"2016-12-26T12:19:55+00:00","article:modified_time":"2016-12-26T12:19:55+00:00","twitter:card":"summary_large_image","twitter:title":"Espet\u00e1culo \u201cEra Uma Vez\u2026 N\u00f3s em dan\u00e7a\u201d; veja galeria de fotos - A Not\u00edcia Online","twitter:description":"Bailarinos da professora J\u00e9ssica Sanches, do Duo Studio de Dan\u00e7a, encantaram o p\u00fablico durante espet\u00e1culo. Com o tema &quot;Era uma vez... N\u00f3s em dan\u00e7a&quot;, eles apresentaram, com classe e eleg\u00e2ncia, coreografias inspiradas em hist\u00f3rias de contos de fadas. A professora e core\u00f3grafa J\u00e9ssica, que produziu todo o espet\u00e1culo, incluindo coreografias e figurinos, conta que a","twitter:image":"https:\/\/scontent-gig4-1.xx.fbcdn.net\/v\/t39.30808-1\/270437624_4564083193639691_6907940295614233970_n.jpg?stp=dst-jpg_s200x200_tt6&_nc_cat=111&ccb=1-7&_nc_sid=f907e8&_nc_ohc=SM1wRlP3lJwQ7kNvwEPuBYA&_nc_oc=AdnqrjDN_BNjSSHWO-GbkIWH6fkGMLw4bqvL_NH6e2wMveX7G-rP2dAqsDSq1mJMOaY&_nc_zt=24&_nc_ht=scontent-gig4-1.xx&_nc_gid=AoBFJeGrT1hVaew_6rchkQ&oh=00_AfX7QmFGhQhG2jAllVgXCiM1ZrWgvtp80-Bfppyexh1QEg&oe=689E923C"},"aioseo_meta_data":{"post_id":"23299","title":null,"description":null,"keywords":null,"keyphrases":null,"primary_term":null,"canonical_url":null,"og_title":null,"og_description":null,"og_object_type":"default","og_image_type":"default","og_image_url":null,"og_image_width":null,"og_image_height":null,"og_image_custom_url":null,"og_image_custom_fields":null,"og_video":null,"og_custom_url":null,"og_article_section":null,"og_article_tags":null,"twitter_use_og":false,"twitter_card":"default","twitter_image_type":"default","twitter_image_url":null,"twitter_image_custom_url":null,"twitter_image_custom_fields":null,"twitter_title":null,"twitter_description":null,"schema":{"blockGraphs":[],"customGraphs":[],"default":{"data":{"Article":[],"Course":[],"Dataset":[],"FAQPage":[],"Movie":[],"Person":[],"Product":[],"ProductReview":[],"Car":[],"Recipe":[],"Service":[],"SoftwareApplication":[],"WebPage":[]},"graphName":"","isEnabled":true},"graphs":[]},"schema_type":"default","schema_type_options":null,"pillar_content":false,"robots_default":true,"robots_noindex":false,"robots_noarchive":false,"robots_nosnippet":false,"robots_nofollow":false,"robots_noimageindex":false,"robots_noodp":false,"robots_notranslate":false,"robots_max_snippet":null,"robots_max_videopreview":null,"robots_max_imagepreview":"large","priority":null,"frequency":null,"local_seo":null,"breadcrumb_settings":null,"limit_modified_date":false,"ai":null,"created":"2025-08-16 17:24:37","updated":"2025-08-16 17:24:37","focus_keyword":null,"additional_keywords":null,"truseo_locale":null,"seo_analyzer_scan_date":null},"aioseo_breadcrumb":"<div class=\"aioseo-breadcrumbs\"><span class=\"aioseo-breadcrumb\">\n\t\t\t<a href=\"https:\/\/anoticiaonline.com.br\/site\" title=\"Home\">Home<\/a>\n\t\t<\/span><span class=\"aioseo-breadcrumb-separator\">&raquo;<\/span><span class=\"aioseo-breadcrumb\">\n\t\t\t<a href=\"https:\/\/anoticiaonline.com.br\/site\/categoria\/eventos\/\" title=\"Eventos\">Eventos<\/a>\n\t\t<\/span><span class=\"aioseo-breadcrumb-separator\">&raquo;<\/span><span class=\"aioseo-breadcrumb\">\n\t\t\tEspet\u00e1culo \u201cEra Uma Vez\u2026 N\u00f3s em dan\u00e7a\u201d; veja galeria de fotos\n\t\t<\/span><\/div>","aioseo_breadcrumb_json":[{"label":"Home","link":"https:\/\/anoticiaonline.com.br\/site"},{"label":"Eventos","link":"https:\/\/anoticiaonline.com.br\/site\/categoria\/eventos\/"},{"label":"Espet\u00e1culo &#8220;Era Uma Vez&#8230; N\u00f3s em dan\u00e7a&#8221;; veja galeria de fotos","link":"https:\/\/anoticiaonline.com.br\/site\/espetaculo-era-uma-vez-nos-em-danca-veja-galeria-de-fotos\/"}],"views":135,"_links":{"self":[{"href":"https:\/\/anoticiaonline.com.br\/site\/wp-json\/wp\/v2\/posts\/23299","targetHints":{"allow":["GET"]}}],"collection":[{"href":"https:\/\/anoticiaonline.com.br\/site\/wp-json\/wp\/v2\/posts"}],"about":[{"href":"https:\/\/anoticiaonline.com.br\/site\/wp-json\/wp\/v2\/types\/post"}],"author":[{"embeddable":true,"href":"https:\/\/anoticiaonline.com.br\/site\/wp-json\/wp\/v2\/users\/2"}],"replies":[{"embeddable":true,"href":"https:\/\/anoticiaonline.com.br\/site\/wp-json\/wp\/v2\/comments?post=23299"}],"version-history":[{"count":0,"href":"https:\/\/anoticiaonline.com.br\/site\/wp-json\/wp\/v2\/posts\/23299\/revisions"}],"wp:featuredmedia":[{"embeddable":true,"href":"https:\/\/anoticiaonline.com.br\/site\/wp-json\/wp\/v2\/media\/23300"}],"wp:attachment":[{"href":"https:\/\/anoticiaonline.com.br\/site\/wp-json\/wp\/v2\/media?parent=23299"}],"wp:term":[{"taxonomy":"category","embeddable":true,"href":"https:\/\/anoticiaonline.com.br\/site\/wp-json\/wp\/v2\/categories?post=23299"},{"taxonomy":"post_tag","embeddable":true,"href":"https:\/\/anoticiaonline.com.br\/site\/wp-json\/wp\/v2\/tags?post=23299"}],"curies":[{"name":"wp","href":"https:\/\/api.w.org\/{rel}","templated":true}]}}