{"id":23295,"date":"2016-12-26T08:55:17","date_gmt":"2016-12-26T11:55:17","guid":{"rendered":"http:\/\/anoticiaonline.com.br\/site\/?p=23295"},"modified":"2016-12-26T08:56:18","modified_gmt":"2016-12-26T11:56:18","slug":"governador-sanciona-lei-que-garante-amamentacao-em-locais-publicos","status":"publish","type":"post","link":"https:\/\/anoticiaonline.com.br\/site\/governador-sanciona-lei-que-garante-amamentacao-em-locais-publicos\/","title":{"rendered":"Sancionada em Minas Gerais lei que garante amamenta\u00e7\u00e3o em locais p\u00fablicos"},"content":{"rendered":"<figure id=\"attachment_23296\" aria-describedby=\"caption-attachment-23296\" style=\"width: 290px\" class=\"wp-caption alignleft\"><a href=\"https:\/\/anoticiaonline.com.br\/site\/wp-content\/uploads\/2016\/12\/Governador-sanciona-lei-que-garante-amamenta\u00e7\u00e3o-em-locais-p\u00fablicos.jpg\"><img fetchpriority=\"high\" decoding=\"async\" class=\"size-medium wp-image-23296\" src=\"https:\/\/anoticiaonline.com.br\/site\/wp-content\/uploads\/2016\/12\/Governador-sanciona-lei-que-garante-amamenta\u00e7\u00e3o-em-locais-p\u00fablicos-300x241.jpg\" alt=\"Foto: Divulga\u00e7\u00e3o\/Fhemig\" width=\"300\" height=\"241\" srcset=\"https:\/\/anoticiaonline.com.br\/site\/wp-content\/uploads\/2016\/12\/Governador-sanciona-lei-que-garante-amamenta\u00e7\u00e3o-em-locais-p\u00fablicos-300x241.jpg 300w, https:\/\/anoticiaonline.com.br\/site\/wp-content\/uploads\/2016\/12\/Governador-sanciona-lei-que-garante-amamenta\u00e7\u00e3o-em-locais-p\u00fablicos.jpg 640w\" sizes=\"(max-width: 300px) 100vw, 300px\" \/><\/a><figcaption id=\"caption-attachment-23296\" class=\"wp-caption-text\">Foto: Divulga\u00e7\u00e3o\/Fhemig<\/figcaption><\/figure>\n<p>O direito \u00e0 amamenta\u00e7\u00e3o em p\u00fablico est\u00e1 garantido por lei em Minas Gerais. O governador Fernando sancionou a Lei n\u00ba 22.439, de 2016, que disp\u00f5e sobre o direito ao aleitamento materno nos estabelecimentos de uso coletivo, p\u00fablicos ou privados.<\/p>\n<p>Vale ressaltar que a lactante tem, a partir de agora, o direito garantido de escolher qualquer local para amamentar, ainda que nesses estabelecimentos, os espa\u00e7os estejam dispon\u00edveis.<\/p>\n<p>Para a coordenadora de Aten\u00e7\u00e3o \u00e0 Sa\u00fade da Mulher, da Secretaria de Estado de Sa\u00fade de Minas Gerais (SES-MG), Ana Paula Mendes Carvalho, a promulga\u00e7\u00e3o da lei reafirma o direito da pr\u00e1tica do aleitamento materno, al\u00e9m de contribuir para que o desejo da mulher seja respeitado. \u201c\u00c9 necess\u00e1rio que a mulher esteja em ambiente seguro, tranquilo e confort\u00e1vel\u201d, orienta.<\/p>\n<p><strong>EST\u00cdMULO AO ALEITAMENTO &#8211;<\/strong> O governo de Minas Gerais, por meio da a Secretaria de Estado de Sa\u00fade (SES-MG), tem como diretriz estimular o aleitamento materno, especialmente porque \u00e9 uma das medidas que mais trazem benef\u00edcios para a sa\u00fade da crian\u00e7a e de toda a fam\u00edlia.<\/p>\n<p>\u201cO leite materno cont\u00e9m todos os nutrientes essenciais para o crescimento e o desenvolvimento da crian\u00e7a. Al\u00e9m disso, \u00e9 capaz de suprir suas necessidades nutricionais nos primeiros seis meses e continua sendo uma importante fonte de nutrientes at\u00e9 o segundo ano de vida ou mais\u201d, defende Ana Paula Carvalho.<\/p>\n<p><strong>PUNI\u00c7\u00c3O &#8211;<\/strong> Com a san\u00e7\u00e3o da lei, no dia 22 de dezembro, a partir de agora o estabelecimento, sendo ele de uso coletivo, p\u00fablico ou privado, no \u00e2mbito estadual que proibir ou constranger o ato da amamenta\u00e7\u00e3o em suas instala\u00e7\u00f5es, est\u00e1 sujeito \u00e0 multa de 300 Ufemgs (o equivalente a R$ R$ 975,42, no exerc\u00edcio de 2017). No caso de reincid\u00eancia, o valor da multa ser\u00e1 dobrado, ou seja, de 600 Ufemgs (R$ 1.950,84).<\/p>\n","protected":false},"excerpt":{"rendered":"<p>O direito \u00e0 amamenta\u00e7\u00e3o em p\u00fablico est\u00e1 garantido por lei em Minas Gerais. O governador Fernando sancionou a Lei n\u00ba 22.439, de 2016, que disp\u00f5e sobre o direito ao aleitamento materno nos estabelecimentos de uso coletivo, p\u00fablicos ou privados. Vale ressaltar que a lactante tem, a partir de agora, o direito garantido de escolher qualquer &#8230; <a title=\"Sancionada em Minas Gerais lei que garante amamenta\u00e7\u00e3o em locais p\u00fablicos\" class=\"read-more\" href=\"https:\/\/anoticiaonline.com.br\/site\/governador-sanciona-lei-que-garante-amamentacao-em-locais-publicos\/\" aria-label=\"Read more about Sancionada em Minas Gerais lei que garante amamenta\u00e7\u00e3o em locais p\u00fablicos\">Ler mais<\/a><\/p>\n","protected":false},"author":2,"featured_media":23296,"comment_status":"open","ping_status":"open","sticky":false,"template":"","format":"standard","meta":{"_acf_changed":false,"_monsterinsights_skip_tracking":false,"footnotes":""},"categories":[1],"tags":[3],"class_list":["post-23295","post","type-post","status-publish","format-standard","has-post-thumbnail","hentry","category-gerais","tag-slide"],"acf":[],"aioseo_notices":[],"aioseo_head":"\n\t\t<!-- All in One SEO 5.0.0.1 - aioseo.com -->\n\t<meta name=\"description\" content=\"O direito \u00e0 amamenta\u00e7\u00e3o em p\u00fablico est\u00e1 garantido por lei em Minas Gerais. O governador Fernando sancionou a Lei n\u00ba 22.439, de 2016, que disp\u00f5e sobre o direito ao aleitamento materno nos estabelecimentos de uso coletivo, p\u00fablicos ou privados. Vale ressaltar que a lactante tem, a partir de agora, o direito garantido de escolher qualquer\" \/>\n\t<meta name=\"robots\" content=\"max-image-preview:large\" \/>\n\t<meta name=\"author\" content=\"Juliana Laviola\"\/>\n\t<link rel=\"canonical\" href=\"https:\/\/anoticiaonline.com.br\/site\/governador-sanciona-lei-que-garante-amamentacao-em-locais-publicos\/\" \/>\n\t<meta name=\"generator\" content=\"All in One SEO (AIOSEO) 5.0.0.1\" \/>\n\t\t<meta property=\"og:locale\" content=\"pt_BR\" \/>\n\t\t<meta property=\"og:site_name\" content=\"A Not\u00edcia Online - Noticias de Muria\u00e9 e regi\u00e3o\" \/>\n\t\t<meta property=\"og:type\" content=\"article\" \/>\n\t\t<meta property=\"og:title\" content=\"Sancionada em Minas Gerais lei que garante amamenta\u00e7\u00e3o em locais p\u00fablicos - A Not\u00edcia Online\" \/>\n\t\t<meta property=\"og:description\" content=\"O direito \u00e0 amamenta\u00e7\u00e3o em p\u00fablico est\u00e1 garantido por lei em Minas Gerais. O governador Fernando sancionou a Lei n\u00ba 22.439, de 2016, que disp\u00f5e sobre o direito ao aleitamento materno nos estabelecimentos de uso coletivo, p\u00fablicos ou privados. Vale ressaltar que a lactante tem, a partir de agora, o direito garantido de escolher qualquer\" \/>\n\t\t<meta property=\"og:url\" content=\"https:\/\/anoticiaonline.com.br\/site\/governador-sanciona-lei-que-garante-amamentacao-em-locais-publicos\/\" \/>\n\t\t<meta property=\"og:image\" content=\"https:\/\/scontent-gig4-1.xx.fbcdn.net\/v\/t39.30808-1\/270437624_4564083193639691_6907940295614233970_n.jpg?stp=dst-jpg_s200x200_tt6&#038;_nc_cat=111&#038;ccb=1-7&#038;_nc_sid=f907e8&#038;_nc_ohc=SM1wRlP3lJwQ7kNvwEPuBYA&#038;_nc_oc=AdnqrjDN_BNjSSHWO-GbkIWH6fkGMLw4bqvL_NH6e2wMveX7G-rP2dAqsDSq1mJMOaY&#038;_nc_zt=24&#038;_nc_ht=scontent-gig4-1.xx&#038;_nc_gid=AoBFJeGrT1hVaew_6rchkQ&#038;oh=00_AfX7QmFGhQhG2jAllVgXCiM1ZrWgvtp80-Bfppyexh1QEg&#038;oe=689E923C\" \/>\n\t\t<meta property=\"og:image:secure_url\" content=\"https:\/\/scontent-gig4-1.xx.fbcdn.net\/v\/t39.30808-1\/270437624_4564083193639691_6907940295614233970_n.jpg?stp=dst-jpg_s200x200_tt6&#038;_nc_cat=111&#038;ccb=1-7&#038;_nc_sid=f907e8&#038;_nc_ohc=SM1wRlP3lJwQ7kNvwEPuBYA&#038;_nc_oc=AdnqrjDN_BNjSSHWO-GbkIWH6fkGMLw4bqvL_NH6e2wMveX7G-rP2dAqsDSq1mJMOaY&#038;_nc_zt=24&#038;_nc_ht=scontent-gig4-1.xx&#038;_nc_gid=AoBFJeGrT1hVaew_6rchkQ&#038;oh=00_AfX7QmFGhQhG2jAllVgXCiM1ZrWgvtp80-Bfppyexh1QEg&#038;oe=689E923C\" \/>\n\t\t<meta property=\"article:published_time\" content=\"2016-12-26T11:55:17+00:00\" \/>\n\t\t<meta property=\"article:modified_time\" content=\"2016-12-26T11:56:18+00:00\" \/>\n\t\t<meta name=\"twitter:card\" content=\"summary_large_image\" \/>\n\t\t<meta name=\"twitter:title\" content=\"Sancionada em Minas Gerais lei que garante amamenta\u00e7\u00e3o em locais p\u00fablicos - A Not\u00edcia Online\" \/>\n\t\t<meta name=\"twitter:description\" content=\"O direito \u00e0 amamenta\u00e7\u00e3o em p\u00fablico est\u00e1 garantido por lei em Minas Gerais. O governador Fernando sancionou a Lei n\u00ba 22.439, de 2016, que disp\u00f5e sobre o direito ao aleitamento materno nos estabelecimentos de uso coletivo, p\u00fablicos ou privados. Vale ressaltar que a lactante tem, a partir de agora, o direito garantido de escolher qualquer\" \/>\n\t\t<meta name=\"twitter:image\" content=\"https:\/\/scontent-gig4-1.xx.fbcdn.net\/v\/t39.30808-1\/270437624_4564083193639691_6907940295614233970_n.jpg?stp=dst-jpg_s200x200_tt6&amp;_nc_cat=111&amp;ccb=1-7&amp;_nc_sid=f907e8&amp;_nc_ohc=SM1wRlP3lJwQ7kNvwEPuBYA&amp;_nc_oc=AdnqrjDN_BNjSSHWO-GbkIWH6fkGMLw4bqvL_NH6e2wMveX7G-rP2dAqsDSq1mJMOaY&amp;_nc_zt=24&amp;_nc_ht=scontent-gig4-1.xx&amp;_nc_gid=AoBFJeGrT1hVaew_6rchkQ&amp;oh=00_AfX7QmFGhQhG2jAllVgXCiM1ZrWgvtp80-Bfppyexh1QEg&amp;oe=689E923C\" \/>\n\t\t<script type=\"application\/ld+json\" class=\"aioseo-schema\">\n\t\t\t{\"@context\":\"https:\\\/\\\/schema.org\",\"@graph\":[{\"@type\":\"BlogPosting\",\"@id\":\"https:\\\/\\\/anoticiaonline.com.br\\\/site\\\/governador-sanciona-lei-que-garante-amamentacao-em-locais-publicos\\\/#blogposting\",\"name\":\"Sancionada em Minas Gerais lei que garante amamenta\\u00e7\\u00e3o em locais p\\u00fablicos - A Not\\u00edcia Online\",\"headline\":\"Sancionada em Minas Gerais lei que garante amamenta\\u00e7\\u00e3o em locais p\\u00fablicos\",\"author\":{\"@id\":\"https:\\\/\\\/anoticiaonline.com.br\\\/site\\\/author\\\/juliana\\\/#author\"},\"publisher\":{\"@id\":\"https:\\\/\\\/anoticiaonline.com.br\\\/site\\\/#organization\"},\"image\":{\"@type\":\"ImageObject\",\"url\":\"https:\\\/\\\/anoticiaonline.com.br\\\/site\\\/wp-content\\\/uploads\\\/2016\\\/12\\\/Governador-sanciona-lei-que-garante-amamenta\\u00e7\\u00e3o-em-locais-p\\u00fablicos.jpg\",\"width\":640,\"height\":514,\"caption\":\"Foto: Divulga\\u00e7\\u00e3o\\\/Fhemig\"},\"datePublished\":\"2016-12-26T08:55:17-03:00\",\"dateModified\":\"2016-12-26T08:56:18-03:00\",\"inLanguage\":\"pt-BR\",\"mainEntityOfPage\":{\"@id\":\"https:\\\/\\\/anoticiaonline.com.br\\\/site\\\/governador-sanciona-lei-que-garante-amamentacao-em-locais-publicos\\\/#webpage\"},\"isPartOf\":{\"@id\":\"https:\\\/\\\/anoticiaonline.com.br\\\/site\\\/governador-sanciona-lei-que-garante-amamentacao-em-locais-publicos\\\/#webpage\"},\"articleSection\":\"Gerais, slide\"},{\"@type\":\"BreadcrumbList\",\"@id\":\"https:\\\/\\\/anoticiaonline.com.br\\\/site\\\/governador-sanciona-lei-que-garante-amamentacao-em-locais-publicos\\\/#breadcrumblist\",\"itemListElement\":[{\"@type\":\"ListItem\",\"@id\":\"https:\\\/\\\/anoticiaonline.com.br\\\/site#listItem\",\"position\":1,\"name\":\"Home\",\"item\":\"https:\\\/\\\/anoticiaonline.com.br\\\/site\",\"nextItem\":{\"@type\":\"ListItem\",\"@id\":\"https:\\\/\\\/anoticiaonline.com.br\\\/site\\\/categoria\\\/gerais\\\/#listItem\",\"name\":\"Gerais\"}},{\"@type\":\"ListItem\",\"@id\":\"https:\\\/\\\/anoticiaonline.com.br\\\/site\\\/categoria\\\/gerais\\\/#listItem\",\"position\":2,\"name\":\"Gerais\",\"item\":\"https:\\\/\\\/anoticiaonline.com.br\\\/site\\\/categoria\\\/gerais\\\/\",\"nextItem\":{\"@type\":\"ListItem\",\"@id\":\"https:\\\/\\\/anoticiaonline.com.br\\\/site\\\/governador-sanciona-lei-que-garante-amamentacao-em-locais-publicos\\\/#listItem\",\"name\":\"Sancionada em Minas Gerais lei que garante amamenta\\u00e7\\u00e3o em locais p\\u00fablicos\"},\"previousItem\":{\"@type\":\"ListItem\",\"@id\":\"https:\\\/\\\/anoticiaonline.com.br\\\/site#listItem\",\"name\":\"Home\"}},{\"@type\":\"ListItem\",\"@id\":\"https:\\\/\\\/anoticiaonline.com.br\\\/site\\\/governador-sanciona-lei-que-garante-amamentacao-em-locais-publicos\\\/#listItem\",\"position\":3,\"name\":\"Sancionada em Minas Gerais lei que garante amamenta\\u00e7\\u00e3o em locais p\\u00fablicos\",\"previousItem\":{\"@type\":\"ListItem\",\"@id\":\"https:\\\/\\\/anoticiaonline.com.br\\\/site\\\/categoria\\\/gerais\\\/#listItem\",\"name\":\"Gerais\"}}]},{\"@type\":\"Organization\",\"@id\":\"https:\\\/\\\/anoticiaonline.com.br\\\/site\\\/#organization\",\"name\":\"A Not\\u00edcia Online\",\"description\":\"Noticias de Muria\\u00e9 e regi\\u00e3o\",\"url\":\"https:\\\/\\\/anoticiaonline.com.br\\\/site\\\/\",\"logo\":{\"@type\":\"ImageObject\",\"url\":\"https:\\\/\\\/scontent-gig4-1.xx.fbcdn.net\\\/v\\\/t39.30808-1\\\/270437624_4564083193639691_6907940295614233970_n.jpg?stp=dst-jpg_s200x200_tt6&_nc_cat=111&ccb=1-7&_nc_sid=f907e8&_nc_ohc=SM1wRlP3lJwQ7kNvwEPuBYA&_nc_oc=AdnqrjDN_BNjSSHWO-GbkIWH6fkGMLw4bqvL_NH6e2wMveX7G-rP2dAqsDSq1mJMOaY&_nc_zt=24&_nc_ht=scontent-gig4-1.xx&_nc_gid=AoBFJeGrT1hVaew_6rchkQ&oh=00_AfX7QmFGhQhG2jAllVgXCiM1ZrWgvtp80-Bfppyexh1QEg&oe=689E923C\",\"@id\":\"https:\\\/\\\/anoticiaonline.com.br\\\/site\\\/governador-sanciona-lei-que-garante-amamentacao-em-locais-publicos\\\/#organizationLogo\"},\"image\":{\"@id\":\"https:\\\/\\\/anoticiaonline.com.br\\\/site\\\/governador-sanciona-lei-que-garante-amamentacao-em-locais-publicos\\\/#organizationLogo\"}},{\"@type\":\"Person\",\"@id\":\"https:\\\/\\\/anoticiaonline.com.br\\\/site\\\/author\\\/juliana\\\/#author\",\"url\":\"https:\\\/\\\/anoticiaonline.com.br\\\/site\\\/author\\\/juliana\\\/\",\"name\":\"Juliana Laviola\",\"image\":{\"@type\":\"ImageObject\",\"@id\":\"https:\\\/\\\/anoticiaonline.com.br\\\/site\\\/governador-sanciona-lei-que-garante-amamentacao-em-locais-publicos\\\/#authorImage\",\"url\":\"https:\\\/\\\/secure.gravatar.com\\\/avatar\\\/b8d45f5c699b100dfaf0e543582f38f38bf94cb7ae3a5e9abf8d891a34773335?s=96&d=mm&r=g\",\"width\":96,\"height\":96,\"caption\":\"Juliana Laviola\"}},{\"@type\":\"WebPage\",\"@id\":\"https:\\\/\\\/anoticiaonline.com.br\\\/site\\\/governador-sanciona-lei-que-garante-amamentacao-em-locais-publicos\\\/#webpage\",\"url\":\"https:\\\/\\\/anoticiaonline.com.br\\\/site\\\/governador-sanciona-lei-que-garante-amamentacao-em-locais-publicos\\\/\",\"name\":\"Sancionada em Minas Gerais lei que garante amamenta\\u00e7\\u00e3o em locais p\\u00fablicos - A Not\\u00edcia Online\",\"description\":\"O direito \\u00e0 amamenta\\u00e7\\u00e3o em p\\u00fablico est\\u00e1 garantido por lei em Minas Gerais. O governador Fernando sancionou a Lei n\\u00ba 22.439, de 2016, que disp\\u00f5e sobre o direito ao aleitamento materno nos estabelecimentos de uso coletivo, p\\u00fablicos ou privados. Vale ressaltar que a lactante tem, a partir de agora, o direito garantido de escolher qualquer\",\"inLanguage\":\"pt-BR\",\"isPartOf\":{\"@id\":\"https:\\\/\\\/anoticiaonline.com.br\\\/site\\\/#website\"},\"breadcrumb\":{\"@id\":\"https:\\\/\\\/anoticiaonline.com.br\\\/site\\\/governador-sanciona-lei-que-garante-amamentacao-em-locais-publicos\\\/#breadcrumblist\"},\"author\":{\"@id\":\"https:\\\/\\\/anoticiaonline.com.br\\\/site\\\/author\\\/juliana\\\/#author\"},\"creator\":{\"@id\":\"https:\\\/\\\/anoticiaonline.com.br\\\/site\\\/author\\\/juliana\\\/#author\"},\"image\":{\"@type\":\"ImageObject\",\"url\":\"https:\\\/\\\/anoticiaonline.com.br\\\/site\\\/wp-content\\\/uploads\\\/2016\\\/12\\\/Governador-sanciona-lei-que-garante-amamenta\\u00e7\\u00e3o-em-locais-p\\u00fablicos.jpg\",\"@id\":\"https:\\\/\\\/anoticiaonline.com.br\\\/site\\\/governador-sanciona-lei-que-garante-amamentacao-em-locais-publicos\\\/#mainImage\",\"width\":640,\"height\":514,\"caption\":\"Foto: Divulga\\u00e7\\u00e3o\\\/Fhemig\"},\"primaryImageOfPage\":{\"@id\":\"https:\\\/\\\/anoticiaonline.com.br\\\/site\\\/governador-sanciona-lei-que-garante-amamentacao-em-locais-publicos\\\/#mainImage\"},\"datePublished\":\"2016-12-26T08:55:17-03:00\",\"dateModified\":\"2016-12-26T08:56:18-03:00\"},{\"@type\":\"WebSite\",\"@id\":\"https:\\\/\\\/anoticiaonline.com.br\\\/site\\\/#website\",\"url\":\"https:\\\/\\\/anoticiaonline.com.br\\\/site\\\/\",\"name\":\"A Not\\u00edcia Online\",\"description\":\"Noticias de Muria\\u00e9 e regi\\u00e3o\",\"inLanguage\":\"pt-BR\",\"publisher\":{\"@id\":\"https:\\\/\\\/anoticiaonline.com.br\\\/site\\\/#organization\"}}]}\n\t\t<\/script>\n\t\t<!-- All in One SEO -->\n\n","aioseo_head_json":{"title":"Sancionada em Minas Gerais lei que garante amamenta\u00e7\u00e3o em locais p\u00fablicos - A Not\u00edcia Online","description":"O direito \u00e0 amamenta\u00e7\u00e3o em p\u00fablico est\u00e1 garantido por lei em Minas Gerais. O governador Fernando sancionou a Lei n\u00ba 22.439, de 2016, que disp\u00f5e sobre o direito ao aleitamento materno nos estabelecimentos de uso coletivo, p\u00fablicos ou privados. Vale ressaltar que a lactante tem, a partir de agora, o direito garantido de escolher qualquer","canonical_url":"https:\/\/anoticiaonline.com.br\/site\/governador-sanciona-lei-que-garante-amamentacao-em-locais-publicos\/","robots":"max-image-preview:large","keywords":"","webmasterTools":{"miscellaneous":""},"schema":{"@context":"https:\/\/schema.org","@graph":[{"@type":"BlogPosting","@id":"https:\/\/anoticiaonline.com.br\/site\/governador-sanciona-lei-que-garante-amamentacao-em-locais-publicos\/#blogposting","name":"Sancionada em Minas Gerais lei que garante amamenta\u00e7\u00e3o em locais p\u00fablicos - A Not\u00edcia Online","headline":"Sancionada em Minas Gerais lei que garante amamenta\u00e7\u00e3o em locais p\u00fablicos","author":{"@id":"https:\/\/anoticiaonline.com.br\/site\/author\/juliana\/#author"},"publisher":{"@id":"https:\/\/anoticiaonline.com.br\/site\/#organization"},"image":{"@type":"ImageObject","url":"https:\/\/anoticiaonline.com.br\/site\/wp-content\/uploads\/2016\/12\/Governador-sanciona-lei-que-garante-amamenta\u00e7\u00e3o-em-locais-p\u00fablicos.jpg","width":640,"height":514,"caption":"Foto: Divulga\u00e7\u00e3o\/Fhemig"},"datePublished":"2016-12-26T08:55:17-03:00","dateModified":"2016-12-26T08:56:18-03:00","inLanguage":"pt-BR","mainEntityOfPage":{"@id":"https:\/\/anoticiaonline.com.br\/site\/governador-sanciona-lei-que-garante-amamentacao-em-locais-publicos\/#webpage"},"isPartOf":{"@id":"https:\/\/anoticiaonline.com.br\/site\/governador-sanciona-lei-que-garante-amamentacao-em-locais-publicos\/#webpage"},"articleSection":"Gerais, slide"},{"@type":"BreadcrumbList","@id":"https:\/\/anoticiaonline.com.br\/site\/governador-sanciona-lei-que-garante-amamentacao-em-locais-publicos\/#breadcrumblist","itemListElement":[{"@type":"ListItem","@id":"https:\/\/anoticiaonline.com.br\/site#listItem","position":1,"name":"Home","item":"https:\/\/anoticiaonline.com.br\/site","nextItem":{"@type":"ListItem","@id":"https:\/\/anoticiaonline.com.br\/site\/categoria\/gerais\/#listItem","name":"Gerais"}},{"@type":"ListItem","@id":"https:\/\/anoticiaonline.com.br\/site\/categoria\/gerais\/#listItem","position":2,"name":"Gerais","item":"https:\/\/anoticiaonline.com.br\/site\/categoria\/gerais\/","nextItem":{"@type":"ListItem","@id":"https:\/\/anoticiaonline.com.br\/site\/governador-sanciona-lei-que-garante-amamentacao-em-locais-publicos\/#listItem","name":"Sancionada em Minas Gerais lei que garante amamenta\u00e7\u00e3o em locais p\u00fablicos"},"previousItem":{"@type":"ListItem","@id":"https:\/\/anoticiaonline.com.br\/site#listItem","name":"Home"}},{"@type":"ListItem","@id":"https:\/\/anoticiaonline.com.br\/site\/governador-sanciona-lei-que-garante-amamentacao-em-locais-publicos\/#listItem","position":3,"name":"Sancionada em Minas Gerais lei que garante amamenta\u00e7\u00e3o em locais p\u00fablicos","previousItem":{"@type":"ListItem","@id":"https:\/\/anoticiaonline.com.br\/site\/categoria\/gerais\/#listItem","name":"Gerais"}}]},{"@type":"Organization","@id":"https:\/\/anoticiaonline.com.br\/site\/#organization","name":"A Not\u00edcia Online","description":"Noticias de Muria\u00e9 e regi\u00e3o","url":"https:\/\/anoticiaonline.com.br\/site\/","logo":{"@type":"ImageObject","url":"https:\/\/scontent-gig4-1.xx.fbcdn.net\/v\/t39.30808-1\/270437624_4564083193639691_6907940295614233970_n.jpg?stp=dst-jpg_s200x200_tt6&_nc_cat=111&ccb=1-7&_nc_sid=f907e8&_nc_ohc=SM1wRlP3lJwQ7kNvwEPuBYA&_nc_oc=AdnqrjDN_BNjSSHWO-GbkIWH6fkGMLw4bqvL_NH6e2wMveX7G-rP2dAqsDSq1mJMOaY&_nc_zt=24&_nc_ht=scontent-gig4-1.xx&_nc_gid=AoBFJeGrT1hVaew_6rchkQ&oh=00_AfX7QmFGhQhG2jAllVgXCiM1ZrWgvtp80-Bfppyexh1QEg&oe=689E923C","@id":"https:\/\/anoticiaonline.com.br\/site\/governador-sanciona-lei-que-garante-amamentacao-em-locais-publicos\/#organizationLogo"},"image":{"@id":"https:\/\/anoticiaonline.com.br\/site\/governador-sanciona-lei-que-garante-amamentacao-em-locais-publicos\/#organizationLogo"}},{"@type":"Person","@id":"https:\/\/anoticiaonline.com.br\/site\/author\/juliana\/#author","url":"https:\/\/anoticiaonline.com.br\/site\/author\/juliana\/","name":"Juliana Laviola","image":{"@type":"ImageObject","@id":"https:\/\/anoticiaonline.com.br\/site\/governador-sanciona-lei-que-garante-amamentacao-em-locais-publicos\/#authorImage","url":"https:\/\/secure.gravatar.com\/avatar\/b8d45f5c699b100dfaf0e543582f38f38bf94cb7ae3a5e9abf8d891a34773335?s=96&d=mm&r=g","width":96,"height":96,"caption":"Juliana Laviola"}},{"@type":"WebPage","@id":"https:\/\/anoticiaonline.com.br\/site\/governador-sanciona-lei-que-garante-amamentacao-em-locais-publicos\/#webpage","url":"https:\/\/anoticiaonline.com.br\/site\/governador-sanciona-lei-que-garante-amamentacao-em-locais-publicos\/","name":"Sancionada em Minas Gerais lei que garante amamenta\u00e7\u00e3o em locais p\u00fablicos - A Not\u00edcia Online","description":"O direito \u00e0 amamenta\u00e7\u00e3o em p\u00fablico est\u00e1 garantido por lei em Minas Gerais. O governador Fernando sancionou a Lei n\u00ba 22.439, de 2016, que disp\u00f5e sobre o direito ao aleitamento materno nos estabelecimentos de uso coletivo, p\u00fablicos ou privados. Vale ressaltar que a lactante tem, a partir de agora, o direito garantido de escolher qualquer","inLanguage":"pt-BR","isPartOf":{"@id":"https:\/\/anoticiaonline.com.br\/site\/#website"},"breadcrumb":{"@id":"https:\/\/anoticiaonline.com.br\/site\/governador-sanciona-lei-que-garante-amamentacao-em-locais-publicos\/#breadcrumblist"},"author":{"@id":"https:\/\/anoticiaonline.com.br\/site\/author\/juliana\/#author"},"creator":{"@id":"https:\/\/anoticiaonline.com.br\/site\/author\/juliana\/#author"},"image":{"@type":"ImageObject","url":"https:\/\/anoticiaonline.com.br\/site\/wp-content\/uploads\/2016\/12\/Governador-sanciona-lei-que-garante-amamenta\u00e7\u00e3o-em-locais-p\u00fablicos.jpg","@id":"https:\/\/anoticiaonline.com.br\/site\/governador-sanciona-lei-que-garante-amamentacao-em-locais-publicos\/#mainImage","width":640,"height":514,"caption":"Foto: Divulga\u00e7\u00e3o\/Fhemig"},"primaryImageOfPage":{"@id":"https:\/\/anoticiaonline.com.br\/site\/governador-sanciona-lei-que-garante-amamentacao-em-locais-publicos\/#mainImage"},"datePublished":"2016-12-26T08:55:17-03:00","dateModified":"2016-12-26T08:56:18-03:00"},{"@type":"WebSite","@id":"https:\/\/anoticiaonline.com.br\/site\/#website","url":"https:\/\/anoticiaonline.com.br\/site\/","name":"A Not\u00edcia Online","description":"Noticias de Muria\u00e9 e regi\u00e3o","inLanguage":"pt-BR","publisher":{"@id":"https:\/\/anoticiaonline.com.br\/site\/#organization"}}]},"og:locale":"pt_BR","og:site_name":"A Not\u00edcia Online - Noticias de Muria\u00e9 e regi\u00e3o","og:type":"article","og:title":"Sancionada em Minas Gerais lei que garante amamenta\u00e7\u00e3o em locais p\u00fablicos - A Not\u00edcia Online","og:description":"O direito \u00e0 amamenta\u00e7\u00e3o em p\u00fablico est\u00e1 garantido por lei em Minas Gerais. O governador Fernando sancionou a Lei n\u00ba 22.439, de 2016, que disp\u00f5e sobre o direito ao aleitamento materno nos estabelecimentos de uso coletivo, p\u00fablicos ou privados. Vale ressaltar que a lactante tem, a partir de agora, o direito garantido de escolher qualquer","og:url":"https:\/\/anoticiaonline.com.br\/site\/governador-sanciona-lei-que-garante-amamentacao-em-locais-publicos\/","og:image":"https:\/\/scontent-gig4-1.xx.fbcdn.net\/v\/t39.30808-1\/270437624_4564083193639691_6907940295614233970_n.jpg?stp=dst-jpg_s200x200_tt6&#038;_nc_cat=111&#038;ccb=1-7&#038;_nc_sid=f907e8&#038;_nc_ohc=SM1wRlP3lJwQ7kNvwEPuBYA&#038;_nc_oc=AdnqrjDN_BNjSSHWO-GbkIWH6fkGMLw4bqvL_NH6e2wMveX7G-rP2dAqsDSq1mJMOaY&#038;_nc_zt=24&#038;_nc_ht=scontent-gig4-1.xx&#038;_nc_gid=AoBFJeGrT1hVaew_6rchkQ&#038;oh=00_AfX7QmFGhQhG2jAllVgXCiM1ZrWgvtp80-Bfppyexh1QEg&#038;oe=689E923C","og:image:secure_url":"https:\/\/scontent-gig4-1.xx.fbcdn.net\/v\/t39.30808-1\/270437624_4564083193639691_6907940295614233970_n.jpg?stp=dst-jpg_s200x200_tt6&#038;_nc_cat=111&#038;ccb=1-7&#038;_nc_sid=f907e8&#038;_nc_ohc=SM1wRlP3lJwQ7kNvwEPuBYA&#038;_nc_oc=AdnqrjDN_BNjSSHWO-GbkIWH6fkGMLw4bqvL_NH6e2wMveX7G-rP2dAqsDSq1mJMOaY&#038;_nc_zt=24&#038;_nc_ht=scontent-gig4-1.xx&#038;_nc_gid=AoBFJeGrT1hVaew_6rchkQ&#038;oh=00_AfX7QmFGhQhG2jAllVgXCiM1ZrWgvtp80-Bfppyexh1QEg&#038;oe=689E923C","article:published_time":"2016-12-26T11:55:17+00:00","article:modified_time":"2016-12-26T11:56:18+00:00","twitter:card":"summary_large_image","twitter:title":"Sancionada em Minas Gerais lei que garante amamenta\u00e7\u00e3o em locais p\u00fablicos - A Not\u00edcia Online","twitter:description":"O direito \u00e0 amamenta\u00e7\u00e3o em p\u00fablico est\u00e1 garantido por lei em Minas Gerais. O governador Fernando sancionou a Lei n\u00ba 22.439, de 2016, que disp\u00f5e sobre o direito ao aleitamento materno nos estabelecimentos de uso coletivo, p\u00fablicos ou privados. Vale ressaltar que a lactante tem, a partir de agora, o direito garantido de escolher qualquer","twitter:image":"https:\/\/scontent-gig4-1.xx.fbcdn.net\/v\/t39.30808-1\/270437624_4564083193639691_6907940295614233970_n.jpg?stp=dst-jpg_s200x200_tt6&_nc_cat=111&ccb=1-7&_nc_sid=f907e8&_nc_ohc=SM1wRlP3lJwQ7kNvwEPuBYA&_nc_oc=AdnqrjDN_BNjSSHWO-GbkIWH6fkGMLw4bqvL_NH6e2wMveX7G-rP2dAqsDSq1mJMOaY&_nc_zt=24&_nc_ht=scontent-gig4-1.xx&_nc_gid=AoBFJeGrT1hVaew_6rchkQ&oh=00_AfX7QmFGhQhG2jAllVgXCiM1ZrWgvtp80-Bfppyexh1QEg&oe=689E923C"},"aioseo_meta_data":{"post_id":"23295","title":null,"description":null,"keywords":null,"keyphrases":null,"primary_term":null,"canonical_url":null,"og_title":null,"og_description":null,"og_object_type":"default","og_image_type":"default","og_image_url":null,"og_image_width":null,"og_image_height":null,"og_image_custom_url":null,"og_image_custom_fields":null,"og_video":null,"og_custom_url":null,"og_article_section":null,"og_article_tags":null,"twitter_use_og":false,"twitter_card":"default","twitter_image_type":"default","twitter_image_url":null,"twitter_image_custom_url":null,"twitter_image_custom_fields":null,"twitter_title":null,"twitter_description":null,"schema":{"blockGraphs":[],"customGraphs":[],"default":{"data":{"Article":[],"Course":[],"Dataset":[],"FAQPage":[],"Movie":[],"Person":[],"Product":[],"ProductReview":[],"Car":[],"Recipe":[],"Service":[],"SoftwareApplication":[],"WebPage":[]},"graphName":"","isEnabled":true},"graphs":[]},"schema_type":"default","schema_type_options":null,"pillar_content":false,"robots_default":true,"robots_noindex":false,"robots_noarchive":false,"robots_nosnippet":false,"robots_nofollow":false,"robots_noimageindex":false,"robots_noodp":false,"robots_notranslate":false,"robots_max_snippet":null,"robots_max_videopreview":null,"robots_max_imagepreview":"large","priority":null,"frequency":null,"local_seo":null,"breadcrumb_settings":null,"limit_modified_date":false,"ai":null,"created":"2025-08-16 17:24:37","updated":"2025-08-16 17:24:37","focus_keyword":null,"additional_keywords":null,"truseo_locale":null,"seo_analyzer_scan_date":null},"aioseo_breadcrumb":"<div class=\"aioseo-breadcrumbs\"><span class=\"aioseo-breadcrumb\">\n\t\t\t<a href=\"https:\/\/anoticiaonline.com.br\/site\" title=\"Home\">Home<\/a>\n\t\t<\/span><span class=\"aioseo-breadcrumb-separator\">&raquo;<\/span><span class=\"aioseo-breadcrumb\">\n\t\t\t<a href=\"https:\/\/anoticiaonline.com.br\/site\/categoria\/gerais\/\" title=\"Gerais\">Gerais<\/a>\n\t\t<\/span><span class=\"aioseo-breadcrumb-separator\">&raquo;<\/span><span class=\"aioseo-breadcrumb\">\n\t\t\tSancionada em Minas Gerais lei que garante amamenta\u00e7\u00e3o em locais p\u00fablicos\n\t\t<\/span><\/div>","aioseo_breadcrumb_json":[{"label":"Home","link":"https:\/\/anoticiaonline.com.br\/site"},{"label":"Gerais","link":"https:\/\/anoticiaonline.com.br\/site\/categoria\/gerais\/"},{"label":"Sancionada em Minas Gerais lei que garante amamenta\u00e7\u00e3o em locais p\u00fablicos","link":"https:\/\/anoticiaonline.com.br\/site\/governador-sanciona-lei-que-garante-amamentacao-em-locais-publicos\/"}],"views":139,"_links":{"self":[{"href":"https:\/\/anoticiaonline.com.br\/site\/wp-json\/wp\/v2\/posts\/23295","targetHints":{"allow":["GET"]}}],"collection":[{"href":"https:\/\/anoticiaonline.com.br\/site\/wp-json\/wp\/v2\/posts"}],"about":[{"href":"https:\/\/anoticiaonline.com.br\/site\/wp-json\/wp\/v2\/types\/post"}],"author":[{"embeddable":true,"href":"https:\/\/anoticiaonline.com.br\/site\/wp-json\/wp\/v2\/users\/2"}],"replies":[{"embeddable":true,"href":"https:\/\/anoticiaonline.com.br\/site\/wp-json\/wp\/v2\/comments?post=23295"}],"version-history":[{"count":0,"href":"https:\/\/anoticiaonline.com.br\/site\/wp-json\/wp\/v2\/posts\/23295\/revisions"}],"wp:featuredmedia":[{"embeddable":true,"href":"https:\/\/anoticiaonline.com.br\/site\/wp-json\/wp\/v2\/media\/23296"}],"wp:attachment":[{"href":"https:\/\/anoticiaonline.com.br\/site\/wp-json\/wp\/v2\/media?parent=23295"}],"wp:term":[{"taxonomy":"category","embeddable":true,"href":"https:\/\/anoticiaonline.com.br\/site\/wp-json\/wp\/v2\/categories?post=23295"},{"taxonomy":"post_tag","embeddable":true,"href":"https:\/\/anoticiaonline.com.br\/site\/wp-json\/wp\/v2\/tags?post=23295"}],"curies":[{"name":"wp","href":"https:\/\/api.w.org\/{rel}","templated":true}]}}