{"id":23031,"date":"2016-12-22T09:00:11","date_gmt":"2016-12-22T12:00:11","guid":{"rendered":"http:\/\/anoticiaonline.com.br\/site\/?p=23031"},"modified":"2016-12-21T17:31:53","modified_gmt":"2016-12-21T20:31:53","slug":"nunca-antes-na-historia-deste-pais","status":"publish","type":"post","link":"https:\/\/anoticiaonline.com.br\/site\/nunca-antes-na-historia-deste-pais\/","title":{"rendered":"Nunca antes na Hist\u00f3ria deste pa\u00eds&#8230;"},"content":{"rendered":"<p>Acho que hoje existe uma d\u00favida que paira na minha cabe\u00e7a. Se n\u00e3o na do leitor, pelo menos na minha ela existe. O ano de 2016 ser\u00e1 um ano para ser lembrado ou para ser esquecido? J\u00e1 pensei v\u00e1rias vezes e confesso que a teimosa dessa d\u00favida ainda persiste.<\/p>\n<p>Parafraseando Lula, nunca antes na hist\u00f3ria deste pa\u00eds se viu tantos pol\u00edticos e tantas pessoas importantes apanhadas com a \u201cboca na botija\u201d. De lado outro, nunca antes tamb\u00e9m a Policia Federal e o Minist\u00e9rio P\u00fablico trabalharam tanto na apura\u00e7\u00e3o dessa epidemia, chamada corrup\u00e7\u00e3o, que se instalou no pa\u00eds.<\/p>\n<p>Ainda n\u00e3o chegamos no dia de Natal, e at\u00e9 o final do ano muita coisa poder\u00e1 acontecer, levando-se em conta as dela\u00e7\u00f5es de 77 executivos da empreiteira Odebrecht que chegaram esta semana \u00e0s m\u00e3os do ministro do Supremo, Teori Zavascki. At\u00e9 aqui, houve uma verdadeira enxurrada de den\u00fancias e fatos que j\u00e1 levaram \u00e0 quase uma centena de condena\u00e7\u00f5es em primeira inst\u00e2ncia, em 23 senten\u00e7as, produtos do trabalho da Opera\u00e7\u00e3o Lava-Jato e dos seus desdobramentos.<\/p>\n<p>Pol\u00edticos, grandes empres\u00e1rios do ramo de constru\u00e7\u00e3o das obras do governo, executivos de estatais, assessores e advogados que se prestaram \u00e0 demanda do esquema criminoso est\u00e3o todos tendo que se explicar com Justi\u00e7a. Esse \u00e9 um breve relato do que aconteceu e do que ainda pode acontecer em fun\u00e7\u00e3o das investiga\u00e7\u00f5es em curso da Pol\u00edcia Federal e do Minist\u00e9rio P\u00fablico.<\/p>\n<p>Mas n\u00e3o foi s\u00f3 isso. Na pol\u00edtica, o brasileiro viu de tudo. A queda da presidente da Rep\u00fablica, defenestrada atrav\u00e9s de um traum\u00e1tico impeachment, depois de uma desastrada administra\u00e7\u00e3o que quase levou o pa\u00eds a uma convuls\u00e3o social; a derrocada de todo um minist\u00e9rio incompetente e suspeito de corrup\u00e7\u00e3o; a expuls\u00e3o, feita pelo STF, de um presidente da C\u00e2mara dos Deputados e a consequente pris\u00e3o dele e de um ex-governador, acusado de surrupiar mais de R$ 200 milh\u00f5es do seu estado, ambos bandidos sofisticados; uma s\u00e9rie de den\u00fancias feitas contra o ex-presidente Lula e parte de sua fam\u00edlia, que v\u00e3o se acumulando a cada dia, e tamb\u00e9m do presidente do Senado, Renan Calheiros, todos eles r\u00e9us em v\u00e1rios processos que est\u00e3o tramitando na Suprema Corte. At\u00e9 o pr\u00f3prio STF entrou na dan\u00e7a, com seus ministros promovendo bate-bocas atrav\u00e9s da imprensa, com provoca\u00e7\u00f5es m\u00fatuas e decis\u00f5es equivocadas e estranhas, com s\u00e9rios riscos de provocarem uma crise institucional entre os Poderes da Rep\u00fablica.<\/p>\n<p>A \u00fanica certeza que temos \u00e9 que o Brasil est\u00e1 vivendo, nos dias atuais, uma das p\u00e1ginas mais negras de toda a sua rica Hist\u00f3ria. Por tudo isso, a d\u00favida paira no ar; e a pergunta que n\u00e3o quer calar \u00e9 a seguinte: o ano de 2016 \u00e9 para ser lembrado ou \u00e9 para ser esquecido?<\/p>\n<p>Na persist\u00eancia da d\u00favida e sem saber qual seria a resposta certa, prefiro amenizar um pouco as coisas. Deixemos por hora a pol\u00edtica, cuidemos da atualidade, afinal, estamos em tempos de Natal. A confraterniza\u00e7\u00e3o com a fam\u00edlia e amigos alivia tens\u00f5es e faz bem ao cora\u00e7\u00e3o. Vamos falar de amenidades, de amor ao pr\u00f3ximo, de solidariedade e de muita esperan\u00e7a na constru\u00e7\u00e3o de um mundo melhor. Este \u00e9 o caminho que deve ser trilhado por quem quer celebrar verdadeiramente o Natal. E celebrar esta data, \u00e9 estar em paz com o Criador e pai do \u201chomenageado\u201d. Por isso, um FELIZ NATAL!<\/p>\n","protected":false},"excerpt":{"rendered":"<p>Acho que hoje existe uma d\u00favida que paira na minha cabe\u00e7a. Se n\u00e3o na do leitor, pelo menos na minha ela existe. O ano de 2016 ser\u00e1 um ano para ser lembrado ou para ser esquecido? J\u00e1 pensei v\u00e1rias vezes e confesso que a teimosa dessa d\u00favida ainda persiste. Parafraseando Lula, nunca antes na hist\u00f3ria &#8230; <a title=\"Nunca antes na Hist\u00f3ria deste pa\u00eds&#8230;\" class=\"read-more\" href=\"https:\/\/anoticiaonline.com.br\/site\/nunca-antes-na-historia-deste-pais\/\" aria-label=\"Read more about Nunca antes na Hist\u00f3ria deste pa\u00eds&#8230;\">Ler mais<\/a><\/p>\n","protected":false},"author":2,"featured_media":0,"comment_status":"open","ping_status":"open","sticky":false,"template":"","format":"standard","meta":{"_acf_changed":false,"_monsterinsights_skip_tracking":false,"footnotes":""},"categories":[33],"tags":[],"class_list":["post-23031","post","type-post","status-publish","format-standard","hentry","category-politica-e-atualidades-francisco-laviola"],"acf":[],"aioseo_notices":[],"aioseo_head":"\n\t\t<!-- All in One SEO 5.0.0.1 - aioseo.com -->\n\t<meta name=\"description\" content=\"Acho que hoje existe uma d\u00favida que paira na minha cabe\u00e7a. Se n\u00e3o na do leitor, pelo menos na minha ela existe. O ano de 2016 ser\u00e1 um ano para ser lembrado ou para ser esquecido? J\u00e1 pensei v\u00e1rias vezes e confesso que a teimosa dessa d\u00favida ainda persiste. Parafraseando Lula, nunca antes na hist\u00f3ria\" \/>\n\t<meta name=\"robots\" content=\"max-image-preview:large\" \/>\n\t<meta name=\"author\" content=\"Juliana Laviola\"\/>\n\t<link rel=\"canonical\" href=\"https:\/\/anoticiaonline.com.br\/site\/nunca-antes-na-historia-deste-pais\/\" \/>\n\t<meta name=\"generator\" content=\"All in One SEO (AIOSEO) 5.0.0.1\" \/>\n\t\t<meta property=\"og:locale\" content=\"pt_BR\" \/>\n\t\t<meta property=\"og:site_name\" content=\"A Not\u00edcia Online - Noticias de Muria\u00e9 e regi\u00e3o\" \/>\n\t\t<meta property=\"og:type\" content=\"article\" \/>\n\t\t<meta property=\"og:title\" content=\"Nunca antes na Hist\u00f3ria deste pa\u00eds\u2026 - A Not\u00edcia Online\" \/>\n\t\t<meta property=\"og:description\" content=\"Acho que hoje existe uma d\u00favida que paira na minha cabe\u00e7a. Se n\u00e3o na do leitor, pelo menos na minha ela existe. O ano de 2016 ser\u00e1 um ano para ser lembrado ou para ser esquecido? J\u00e1 pensei v\u00e1rias vezes e confesso que a teimosa dessa d\u00favida ainda persiste. Parafraseando Lula, nunca antes na hist\u00f3ria\" \/>\n\t\t<meta property=\"og:url\" content=\"https:\/\/anoticiaonline.com.br\/site\/nunca-antes-na-historia-deste-pais\/\" \/>\n\t\t<meta property=\"og:image\" content=\"https:\/\/scontent-gig4-1.xx.fbcdn.net\/v\/t39.30808-1\/270437624_4564083193639691_6907940295614233970_n.jpg?stp=dst-jpg_s200x200_tt6&#038;_nc_cat=111&#038;ccb=1-7&#038;_nc_sid=f907e8&#038;_nc_ohc=SM1wRlP3lJwQ7kNvwEPuBYA&#038;_nc_oc=AdnqrjDN_BNjSSHWO-GbkIWH6fkGMLw4bqvL_NH6e2wMveX7G-rP2dAqsDSq1mJMOaY&#038;_nc_zt=24&#038;_nc_ht=scontent-gig4-1.xx&#038;_nc_gid=AoBFJeGrT1hVaew_6rchkQ&#038;oh=00_AfX7QmFGhQhG2jAllVgXCiM1ZrWgvtp80-Bfppyexh1QEg&#038;oe=689E923C\" \/>\n\t\t<meta property=\"og:image:secure_url\" content=\"https:\/\/scontent-gig4-1.xx.fbcdn.net\/v\/t39.30808-1\/270437624_4564083193639691_6907940295614233970_n.jpg?stp=dst-jpg_s200x200_tt6&#038;_nc_cat=111&#038;ccb=1-7&#038;_nc_sid=f907e8&#038;_nc_ohc=SM1wRlP3lJwQ7kNvwEPuBYA&#038;_nc_oc=AdnqrjDN_BNjSSHWO-GbkIWH6fkGMLw4bqvL_NH6e2wMveX7G-rP2dAqsDSq1mJMOaY&#038;_nc_zt=24&#038;_nc_ht=scontent-gig4-1.xx&#038;_nc_gid=AoBFJeGrT1hVaew_6rchkQ&#038;oh=00_AfX7QmFGhQhG2jAllVgXCiM1ZrWgvtp80-Bfppyexh1QEg&#038;oe=689E923C\" \/>\n\t\t<meta property=\"article:published_time\" content=\"2016-12-22T12:00:11+00:00\" \/>\n\t\t<meta property=\"article:modified_time\" content=\"2016-12-21T20:31:53+00:00\" \/>\n\t\t<meta name=\"twitter:card\" content=\"summary_large_image\" \/>\n\t\t<meta name=\"twitter:title\" content=\"Nunca antes na Hist\u00f3ria deste pa\u00eds\u2026 - A Not\u00edcia Online\" \/>\n\t\t<meta name=\"twitter:description\" content=\"Acho que hoje existe uma d\u00favida que paira na minha cabe\u00e7a. Se n\u00e3o na do leitor, pelo menos na minha ela existe. O ano de 2016 ser\u00e1 um ano para ser lembrado ou para ser esquecido? J\u00e1 pensei v\u00e1rias vezes e confesso que a teimosa dessa d\u00favida ainda persiste. Parafraseando Lula, nunca antes na hist\u00f3ria\" \/>\n\t\t<meta name=\"twitter:image\" content=\"https:\/\/scontent-gig4-1.xx.fbcdn.net\/v\/t39.30808-1\/270437624_4564083193639691_6907940295614233970_n.jpg?stp=dst-jpg_s200x200_tt6&amp;_nc_cat=111&amp;ccb=1-7&amp;_nc_sid=f907e8&amp;_nc_ohc=SM1wRlP3lJwQ7kNvwEPuBYA&amp;_nc_oc=AdnqrjDN_BNjSSHWO-GbkIWH6fkGMLw4bqvL_NH6e2wMveX7G-rP2dAqsDSq1mJMOaY&amp;_nc_zt=24&amp;_nc_ht=scontent-gig4-1.xx&amp;_nc_gid=AoBFJeGrT1hVaew_6rchkQ&amp;oh=00_AfX7QmFGhQhG2jAllVgXCiM1ZrWgvtp80-Bfppyexh1QEg&amp;oe=689E923C\" \/>\n\t\t<script type=\"application\/ld+json\" class=\"aioseo-schema\">\n\t\t\t{\"@context\":\"https:\\\/\\\/schema.org\",\"@graph\":[{\"@type\":\"BlogPosting\",\"@id\":\"https:\\\/\\\/anoticiaonline.com.br\\\/site\\\/nunca-antes-na-historia-deste-pais\\\/#blogposting\",\"name\":\"Nunca antes na Hist\\u00f3ria deste pa\\u00eds\\u2026 - A Not\\u00edcia Online\",\"headline\":\"Nunca antes na Hist\\u00f3ria deste pa\\u00eds&#8230;\",\"author\":{\"@id\":\"https:\\\/\\\/anoticiaonline.com.br\\\/site\\\/author\\\/juliana\\\/#author\"},\"publisher\":{\"@id\":\"https:\\\/\\\/anoticiaonline.com.br\\\/site\\\/#organization\"},\"image\":{\"@type\":\"ImageObject\",\"url\":\"https:\\\/\\\/scontent-gig4-1.xx.fbcdn.net\\\/v\\\/t39.30808-1\\\/270437624_4564083193639691_6907940295614233970_n.jpg?stp=dst-jpg_s200x200_tt6&_nc_cat=111&ccb=1-7&_nc_sid=f907e8&_nc_ohc=SM1wRlP3lJwQ7kNvwEPuBYA&_nc_oc=AdnqrjDN_BNjSSHWO-GbkIWH6fkGMLw4bqvL_NH6e2wMveX7G-rP2dAqsDSq1mJMOaY&_nc_zt=24&_nc_ht=scontent-gig4-1.xx&_nc_gid=AoBFJeGrT1hVaew_6rchkQ&oh=00_AfX7QmFGhQhG2jAllVgXCiM1ZrWgvtp80-Bfppyexh1QEg&oe=689E923C\",\"@id\":\"https:\\\/\\\/anoticiaonline.com.br\\\/site\\\/#articleImage\"},\"datePublished\":\"2016-12-22T09:00:11-03:00\",\"dateModified\":\"2016-12-21T17:31:53-03:00\",\"inLanguage\":\"pt-BR\",\"mainEntityOfPage\":{\"@id\":\"https:\\\/\\\/anoticiaonline.com.br\\\/site\\\/nunca-antes-na-historia-deste-pais\\\/#webpage\"},\"isPartOf\":{\"@id\":\"https:\\\/\\\/anoticiaonline.com.br\\\/site\\\/nunca-antes-na-historia-deste-pais\\\/#webpage\"},\"articleSection\":\"Pol\\u00edtica e Atualidades - Francisco Laviola\"},{\"@type\":\"BreadcrumbList\",\"@id\":\"https:\\\/\\\/anoticiaonline.com.br\\\/site\\\/nunca-antes-na-historia-deste-pais\\\/#breadcrumblist\",\"itemListElement\":[{\"@type\":\"ListItem\",\"@id\":\"https:\\\/\\\/anoticiaonline.com.br\\\/site#listItem\",\"position\":1,\"name\":\"Home\",\"item\":\"https:\\\/\\\/anoticiaonline.com.br\\\/site\",\"nextItem\":{\"@type\":\"ListItem\",\"@id\":\"https:\\\/\\\/anoticiaonline.com.br\\\/site\\\/categoria\\\/colunistas\\\/#listItem\",\"name\":\"Colunistas\"}},{\"@type\":\"ListItem\",\"@id\":\"https:\\\/\\\/anoticiaonline.com.br\\\/site\\\/categoria\\\/colunistas\\\/#listItem\",\"position\":2,\"name\":\"Colunistas\",\"item\":\"https:\\\/\\\/anoticiaonline.com.br\\\/site\\\/categoria\\\/colunistas\\\/\",\"nextItem\":{\"@type\":\"ListItem\",\"@id\":\"https:\\\/\\\/anoticiaonline.com.br\\\/site\\\/categoria\\\/colunistas\\\/politica-e-atualidades-francisco-laviola\\\/#listItem\",\"name\":\"Pol\\u00edtica e Atualidades - Francisco Laviola\"},\"previousItem\":{\"@type\":\"ListItem\",\"@id\":\"https:\\\/\\\/anoticiaonline.com.br\\\/site#listItem\",\"name\":\"Home\"}},{\"@type\":\"ListItem\",\"@id\":\"https:\\\/\\\/anoticiaonline.com.br\\\/site\\\/categoria\\\/colunistas\\\/politica-e-atualidades-francisco-laviola\\\/#listItem\",\"position\":3,\"name\":\"Pol\\u00edtica e Atualidades - Francisco Laviola\",\"item\":\"https:\\\/\\\/anoticiaonline.com.br\\\/site\\\/categoria\\\/colunistas\\\/politica-e-atualidades-francisco-laviola\\\/\",\"nextItem\":{\"@type\":\"ListItem\",\"@id\":\"https:\\\/\\\/anoticiaonline.com.br\\\/site\\\/nunca-antes-na-historia-deste-pais\\\/#listItem\",\"name\":\"Nunca antes na Hist\\u00f3ria deste pa\\u00eds&#8230;\"},\"previousItem\":{\"@type\":\"ListItem\",\"@id\":\"https:\\\/\\\/anoticiaonline.com.br\\\/site\\\/categoria\\\/colunistas\\\/#listItem\",\"name\":\"Colunistas\"}},{\"@type\":\"ListItem\",\"@id\":\"https:\\\/\\\/anoticiaonline.com.br\\\/site\\\/nunca-antes-na-historia-deste-pais\\\/#listItem\",\"position\":4,\"name\":\"Nunca antes na Hist\\u00f3ria deste pa\\u00eds&#8230;\",\"previousItem\":{\"@type\":\"ListItem\",\"@id\":\"https:\\\/\\\/anoticiaonline.com.br\\\/site\\\/categoria\\\/colunistas\\\/politica-e-atualidades-francisco-laviola\\\/#listItem\",\"name\":\"Pol\\u00edtica e Atualidades - Francisco Laviola\"}}]},{\"@type\":\"Organization\",\"@id\":\"https:\\\/\\\/anoticiaonline.com.br\\\/site\\\/#organization\",\"name\":\"A Not\\u00edcia Online\",\"description\":\"Noticias de Muria\\u00e9 e regi\\u00e3o\",\"url\":\"https:\\\/\\\/anoticiaonline.com.br\\\/site\\\/\",\"logo\":{\"@type\":\"ImageObject\",\"url\":\"https:\\\/\\\/scontent-gig4-1.xx.fbcdn.net\\\/v\\\/t39.30808-1\\\/270437624_4564083193639691_6907940295614233970_n.jpg?stp=dst-jpg_s200x200_tt6&_nc_cat=111&ccb=1-7&_nc_sid=f907e8&_nc_ohc=SM1wRlP3lJwQ7kNvwEPuBYA&_nc_oc=AdnqrjDN_BNjSSHWO-GbkIWH6fkGMLw4bqvL_NH6e2wMveX7G-rP2dAqsDSq1mJMOaY&_nc_zt=24&_nc_ht=scontent-gig4-1.xx&_nc_gid=AoBFJeGrT1hVaew_6rchkQ&oh=00_AfX7QmFGhQhG2jAllVgXCiM1ZrWgvtp80-Bfppyexh1QEg&oe=689E923C\",\"@id\":\"https:\\\/\\\/anoticiaonline.com.br\\\/site\\\/nunca-antes-na-historia-deste-pais\\\/#organizationLogo\"},\"image\":{\"@id\":\"https:\\\/\\\/anoticiaonline.com.br\\\/site\\\/nunca-antes-na-historia-deste-pais\\\/#organizationLogo\"}},{\"@type\":\"Person\",\"@id\":\"https:\\\/\\\/anoticiaonline.com.br\\\/site\\\/author\\\/juliana\\\/#author\",\"url\":\"https:\\\/\\\/anoticiaonline.com.br\\\/site\\\/author\\\/juliana\\\/\",\"name\":\"Juliana Laviola\",\"image\":{\"@type\":\"ImageObject\",\"@id\":\"https:\\\/\\\/anoticiaonline.com.br\\\/site\\\/nunca-antes-na-historia-deste-pais\\\/#authorImage\",\"url\":\"https:\\\/\\\/secure.gravatar.com\\\/avatar\\\/b8d45f5c699b100dfaf0e543582f38f38bf94cb7ae3a5e9abf8d891a34773335?s=96&d=mm&r=g\",\"width\":96,\"height\":96,\"caption\":\"Juliana Laviola\"}},{\"@type\":\"WebPage\",\"@id\":\"https:\\\/\\\/anoticiaonline.com.br\\\/site\\\/nunca-antes-na-historia-deste-pais\\\/#webpage\",\"url\":\"https:\\\/\\\/anoticiaonline.com.br\\\/site\\\/nunca-antes-na-historia-deste-pais\\\/\",\"name\":\"Nunca antes na Hist\\u00f3ria deste pa\\u00eds\\u2026 - A Not\\u00edcia Online\",\"description\":\"Acho que hoje existe uma d\\u00favida que paira na minha cabe\\u00e7a. Se n\\u00e3o na do leitor, pelo menos na minha ela existe. O ano de 2016 ser\\u00e1 um ano para ser lembrado ou para ser esquecido? J\\u00e1 pensei v\\u00e1rias vezes e confesso que a teimosa dessa d\\u00favida ainda persiste. Parafraseando Lula, nunca antes na hist\\u00f3ria\",\"inLanguage\":\"pt-BR\",\"isPartOf\":{\"@id\":\"https:\\\/\\\/anoticiaonline.com.br\\\/site\\\/#website\"},\"breadcrumb\":{\"@id\":\"https:\\\/\\\/anoticiaonline.com.br\\\/site\\\/nunca-antes-na-historia-deste-pais\\\/#breadcrumblist\"},\"author\":{\"@id\":\"https:\\\/\\\/anoticiaonline.com.br\\\/site\\\/author\\\/juliana\\\/#author\"},\"creator\":{\"@id\":\"https:\\\/\\\/anoticiaonline.com.br\\\/site\\\/author\\\/juliana\\\/#author\"},\"datePublished\":\"2016-12-22T09:00:11-03:00\",\"dateModified\":\"2016-12-21T17:31:53-03:00\"},{\"@type\":\"WebSite\",\"@id\":\"https:\\\/\\\/anoticiaonline.com.br\\\/site\\\/#website\",\"url\":\"https:\\\/\\\/anoticiaonline.com.br\\\/site\\\/\",\"name\":\"A Not\\u00edcia Online\",\"description\":\"Noticias de Muria\\u00e9 e regi\\u00e3o\",\"inLanguage\":\"pt-BR\",\"publisher\":{\"@id\":\"https:\\\/\\\/anoticiaonline.com.br\\\/site\\\/#organization\"}}]}\n\t\t<\/script>\n\t\t<!-- All in One SEO -->\n\n","aioseo_head_json":{"title":"Nunca antes na Hist\u00f3ria deste pa\u00eds\u2026 - A Not\u00edcia Online","description":"Acho que hoje existe uma d\u00favida que paira na minha cabe\u00e7a. Se n\u00e3o na do leitor, pelo menos na minha ela existe. O ano de 2016 ser\u00e1 um ano para ser lembrado ou para ser esquecido? J\u00e1 pensei v\u00e1rias vezes e confesso que a teimosa dessa d\u00favida ainda persiste. Parafraseando Lula, nunca antes na hist\u00f3ria","canonical_url":"https:\/\/anoticiaonline.com.br\/site\/nunca-antes-na-historia-deste-pais\/","robots":"max-image-preview:large","keywords":"","webmasterTools":{"miscellaneous":""},"schema":{"@context":"https:\/\/schema.org","@graph":[{"@type":"BlogPosting","@id":"https:\/\/anoticiaonline.com.br\/site\/nunca-antes-na-historia-deste-pais\/#blogposting","name":"Nunca antes na Hist\u00f3ria deste pa\u00eds\u2026 - A Not\u00edcia Online","headline":"Nunca antes na Hist\u00f3ria deste pa\u00eds&#8230;","author":{"@id":"https:\/\/anoticiaonline.com.br\/site\/author\/juliana\/#author"},"publisher":{"@id":"https:\/\/anoticiaonline.com.br\/site\/#organization"},"image":{"@type":"ImageObject","url":"https:\/\/scontent-gig4-1.xx.fbcdn.net\/v\/t39.30808-1\/270437624_4564083193639691_6907940295614233970_n.jpg?stp=dst-jpg_s200x200_tt6&_nc_cat=111&ccb=1-7&_nc_sid=f907e8&_nc_ohc=SM1wRlP3lJwQ7kNvwEPuBYA&_nc_oc=AdnqrjDN_BNjSSHWO-GbkIWH6fkGMLw4bqvL_NH6e2wMveX7G-rP2dAqsDSq1mJMOaY&_nc_zt=24&_nc_ht=scontent-gig4-1.xx&_nc_gid=AoBFJeGrT1hVaew_6rchkQ&oh=00_AfX7QmFGhQhG2jAllVgXCiM1ZrWgvtp80-Bfppyexh1QEg&oe=689E923C","@id":"https:\/\/anoticiaonline.com.br\/site\/#articleImage"},"datePublished":"2016-12-22T09:00:11-03:00","dateModified":"2016-12-21T17:31:53-03:00","inLanguage":"pt-BR","mainEntityOfPage":{"@id":"https:\/\/anoticiaonline.com.br\/site\/nunca-antes-na-historia-deste-pais\/#webpage"},"isPartOf":{"@id":"https:\/\/anoticiaonline.com.br\/site\/nunca-antes-na-historia-deste-pais\/#webpage"},"articleSection":"Pol\u00edtica e Atualidades - Francisco Laviola"},{"@type":"BreadcrumbList","@id":"https:\/\/anoticiaonline.com.br\/site\/nunca-antes-na-historia-deste-pais\/#breadcrumblist","itemListElement":[{"@type":"ListItem","@id":"https:\/\/anoticiaonline.com.br\/site#listItem","position":1,"name":"Home","item":"https:\/\/anoticiaonline.com.br\/site","nextItem":{"@type":"ListItem","@id":"https:\/\/anoticiaonline.com.br\/site\/categoria\/colunistas\/#listItem","name":"Colunistas"}},{"@type":"ListItem","@id":"https:\/\/anoticiaonline.com.br\/site\/categoria\/colunistas\/#listItem","position":2,"name":"Colunistas","item":"https:\/\/anoticiaonline.com.br\/site\/categoria\/colunistas\/","nextItem":{"@type":"ListItem","@id":"https:\/\/anoticiaonline.com.br\/site\/categoria\/colunistas\/politica-e-atualidades-francisco-laviola\/#listItem","name":"Pol\u00edtica e Atualidades - Francisco Laviola"},"previousItem":{"@type":"ListItem","@id":"https:\/\/anoticiaonline.com.br\/site#listItem","name":"Home"}},{"@type":"ListItem","@id":"https:\/\/anoticiaonline.com.br\/site\/categoria\/colunistas\/politica-e-atualidades-francisco-laviola\/#listItem","position":3,"name":"Pol\u00edtica e Atualidades - Francisco Laviola","item":"https:\/\/anoticiaonline.com.br\/site\/categoria\/colunistas\/politica-e-atualidades-francisco-laviola\/","nextItem":{"@type":"ListItem","@id":"https:\/\/anoticiaonline.com.br\/site\/nunca-antes-na-historia-deste-pais\/#listItem","name":"Nunca antes na Hist\u00f3ria deste pa\u00eds&#8230;"},"previousItem":{"@type":"ListItem","@id":"https:\/\/anoticiaonline.com.br\/site\/categoria\/colunistas\/#listItem","name":"Colunistas"}},{"@type":"ListItem","@id":"https:\/\/anoticiaonline.com.br\/site\/nunca-antes-na-historia-deste-pais\/#listItem","position":4,"name":"Nunca antes na Hist\u00f3ria deste pa\u00eds&#8230;","previousItem":{"@type":"ListItem","@id":"https:\/\/anoticiaonline.com.br\/site\/categoria\/colunistas\/politica-e-atualidades-francisco-laviola\/#listItem","name":"Pol\u00edtica e Atualidades - Francisco Laviola"}}]},{"@type":"Organization","@id":"https:\/\/anoticiaonline.com.br\/site\/#organization","name":"A Not\u00edcia Online","description":"Noticias de Muria\u00e9 e regi\u00e3o","url":"https:\/\/anoticiaonline.com.br\/site\/","logo":{"@type":"ImageObject","url":"https:\/\/scontent-gig4-1.xx.fbcdn.net\/v\/t39.30808-1\/270437624_4564083193639691_6907940295614233970_n.jpg?stp=dst-jpg_s200x200_tt6&_nc_cat=111&ccb=1-7&_nc_sid=f907e8&_nc_ohc=SM1wRlP3lJwQ7kNvwEPuBYA&_nc_oc=AdnqrjDN_BNjSSHWO-GbkIWH6fkGMLw4bqvL_NH6e2wMveX7G-rP2dAqsDSq1mJMOaY&_nc_zt=24&_nc_ht=scontent-gig4-1.xx&_nc_gid=AoBFJeGrT1hVaew_6rchkQ&oh=00_AfX7QmFGhQhG2jAllVgXCiM1ZrWgvtp80-Bfppyexh1QEg&oe=689E923C","@id":"https:\/\/anoticiaonline.com.br\/site\/nunca-antes-na-historia-deste-pais\/#organizationLogo"},"image":{"@id":"https:\/\/anoticiaonline.com.br\/site\/nunca-antes-na-historia-deste-pais\/#organizationLogo"}},{"@type":"Person","@id":"https:\/\/anoticiaonline.com.br\/site\/author\/juliana\/#author","url":"https:\/\/anoticiaonline.com.br\/site\/author\/juliana\/","name":"Juliana Laviola","image":{"@type":"ImageObject","@id":"https:\/\/anoticiaonline.com.br\/site\/nunca-antes-na-historia-deste-pais\/#authorImage","url":"https:\/\/secure.gravatar.com\/avatar\/b8d45f5c699b100dfaf0e543582f38f38bf94cb7ae3a5e9abf8d891a34773335?s=96&d=mm&r=g","width":96,"height":96,"caption":"Juliana Laviola"}},{"@type":"WebPage","@id":"https:\/\/anoticiaonline.com.br\/site\/nunca-antes-na-historia-deste-pais\/#webpage","url":"https:\/\/anoticiaonline.com.br\/site\/nunca-antes-na-historia-deste-pais\/","name":"Nunca antes na Hist\u00f3ria deste pa\u00eds\u2026 - A Not\u00edcia Online","description":"Acho que hoje existe uma d\u00favida que paira na minha cabe\u00e7a. Se n\u00e3o na do leitor, pelo menos na minha ela existe. O ano de 2016 ser\u00e1 um ano para ser lembrado ou para ser esquecido? J\u00e1 pensei v\u00e1rias vezes e confesso que a teimosa dessa d\u00favida ainda persiste. Parafraseando Lula, nunca antes na hist\u00f3ria","inLanguage":"pt-BR","isPartOf":{"@id":"https:\/\/anoticiaonline.com.br\/site\/#website"},"breadcrumb":{"@id":"https:\/\/anoticiaonline.com.br\/site\/nunca-antes-na-historia-deste-pais\/#breadcrumblist"},"author":{"@id":"https:\/\/anoticiaonline.com.br\/site\/author\/juliana\/#author"},"creator":{"@id":"https:\/\/anoticiaonline.com.br\/site\/author\/juliana\/#author"},"datePublished":"2016-12-22T09:00:11-03:00","dateModified":"2016-12-21T17:31:53-03:00"},{"@type":"WebSite","@id":"https:\/\/anoticiaonline.com.br\/site\/#website","url":"https:\/\/anoticiaonline.com.br\/site\/","name":"A Not\u00edcia Online","description":"Noticias de Muria\u00e9 e regi\u00e3o","inLanguage":"pt-BR","publisher":{"@id":"https:\/\/anoticiaonline.com.br\/site\/#organization"}}]},"og:locale":"pt_BR","og:site_name":"A Not\u00edcia Online - Noticias de Muria\u00e9 e regi\u00e3o","og:type":"article","og:title":"Nunca antes na Hist\u00f3ria deste pa\u00eds\u2026 - A Not\u00edcia Online","og:description":"Acho que hoje existe uma d\u00favida que paira na minha cabe\u00e7a. Se n\u00e3o na do leitor, pelo menos na minha ela existe. O ano de 2016 ser\u00e1 um ano para ser lembrado ou para ser esquecido? J\u00e1 pensei v\u00e1rias vezes e confesso que a teimosa dessa d\u00favida ainda persiste. Parafraseando Lula, nunca antes na hist\u00f3ria","og:url":"https:\/\/anoticiaonline.com.br\/site\/nunca-antes-na-historia-deste-pais\/","og:image":"https:\/\/scontent-gig4-1.xx.fbcdn.net\/v\/t39.30808-1\/270437624_4564083193639691_6907940295614233970_n.jpg?stp=dst-jpg_s200x200_tt6&#038;_nc_cat=111&#038;ccb=1-7&#038;_nc_sid=f907e8&#038;_nc_ohc=SM1wRlP3lJwQ7kNvwEPuBYA&#038;_nc_oc=AdnqrjDN_BNjSSHWO-GbkIWH6fkGMLw4bqvL_NH6e2wMveX7G-rP2dAqsDSq1mJMOaY&#038;_nc_zt=24&#038;_nc_ht=scontent-gig4-1.xx&#038;_nc_gid=AoBFJeGrT1hVaew_6rchkQ&#038;oh=00_AfX7QmFGhQhG2jAllVgXCiM1ZrWgvtp80-Bfppyexh1QEg&#038;oe=689E923C","og:image:secure_url":"https:\/\/scontent-gig4-1.xx.fbcdn.net\/v\/t39.30808-1\/270437624_4564083193639691_6907940295614233970_n.jpg?stp=dst-jpg_s200x200_tt6&#038;_nc_cat=111&#038;ccb=1-7&#038;_nc_sid=f907e8&#038;_nc_ohc=SM1wRlP3lJwQ7kNvwEPuBYA&#038;_nc_oc=AdnqrjDN_BNjSSHWO-GbkIWH6fkGMLw4bqvL_NH6e2wMveX7G-rP2dAqsDSq1mJMOaY&#038;_nc_zt=24&#038;_nc_ht=scontent-gig4-1.xx&#038;_nc_gid=AoBFJeGrT1hVaew_6rchkQ&#038;oh=00_AfX7QmFGhQhG2jAllVgXCiM1ZrWgvtp80-Bfppyexh1QEg&#038;oe=689E923C","article:published_time":"2016-12-22T12:00:11+00:00","article:modified_time":"2016-12-21T20:31:53+00:00","twitter:card":"summary_large_image","twitter:title":"Nunca antes na Hist\u00f3ria deste pa\u00eds\u2026 - A Not\u00edcia Online","twitter:description":"Acho que hoje existe uma d\u00favida que paira na minha cabe\u00e7a. Se n\u00e3o na do leitor, pelo menos na minha ela existe. O ano de 2016 ser\u00e1 um ano para ser lembrado ou para ser esquecido? J\u00e1 pensei v\u00e1rias vezes e confesso que a teimosa dessa d\u00favida ainda persiste. Parafraseando Lula, nunca antes na hist\u00f3ria","twitter:image":"https:\/\/scontent-gig4-1.xx.fbcdn.net\/v\/t39.30808-1\/270437624_4564083193639691_6907940295614233970_n.jpg?stp=dst-jpg_s200x200_tt6&_nc_cat=111&ccb=1-7&_nc_sid=f907e8&_nc_ohc=SM1wRlP3lJwQ7kNvwEPuBYA&_nc_oc=AdnqrjDN_BNjSSHWO-GbkIWH6fkGMLw4bqvL_NH6e2wMveX7G-rP2dAqsDSq1mJMOaY&_nc_zt=24&_nc_ht=scontent-gig4-1.xx&_nc_gid=AoBFJeGrT1hVaew_6rchkQ&oh=00_AfX7QmFGhQhG2jAllVgXCiM1ZrWgvtp80-Bfppyexh1QEg&oe=689E923C"},"aioseo_meta_data":{"post_id":"23031","title":null,"description":null,"keywords":null,"keyphrases":null,"primary_term":null,"canonical_url":null,"og_title":null,"og_description":null,"og_object_type":"default","og_image_type":"default","og_image_url":null,"og_image_width":null,"og_image_height":null,"og_image_custom_url":null,"og_image_custom_fields":null,"og_video":null,"og_custom_url":null,"og_article_section":null,"og_article_tags":null,"twitter_use_og":false,"twitter_card":"default","twitter_image_type":"default","twitter_image_url":null,"twitter_image_custom_url":null,"twitter_image_custom_fields":null,"twitter_title":null,"twitter_description":null,"schema":{"blockGraphs":[],"customGraphs":[],"default":{"data":{"Article":[],"Course":[],"Dataset":[],"FAQPage":[],"Movie":[],"Person":[],"Product":[],"ProductReview":[],"Car":[],"Recipe":[],"Service":[],"SoftwareApplication":[],"WebPage":[]},"graphName":"","isEnabled":true},"graphs":[]},"schema_type":"default","schema_type_options":null,"pillar_content":false,"robots_default":true,"robots_noindex":false,"robots_noarchive":false,"robots_nosnippet":false,"robots_nofollow":false,"robots_noimageindex":false,"robots_noodp":false,"robots_notranslate":false,"robots_max_snippet":null,"robots_max_videopreview":null,"robots_max_imagepreview":"large","priority":null,"frequency":null,"local_seo":null,"breadcrumb_settings":null,"limit_modified_date":false,"ai":null,"created":"2025-08-16 17:23:28","updated":"2025-08-16 17:23:28","focus_keyword":null,"additional_keywords":null,"truseo_locale":null,"seo_analyzer_scan_date":null},"aioseo_breadcrumb":"<div class=\"aioseo-breadcrumbs\"><span class=\"aioseo-breadcrumb\">\n\t\t\t<a href=\"https:\/\/anoticiaonline.com.br\/site\" title=\"Home\">Home<\/a>\n\t\t<\/span><span class=\"aioseo-breadcrumb-separator\">&raquo;<\/span><span class=\"aioseo-breadcrumb\">\n\t\t\t<a href=\"https:\/\/anoticiaonline.com.br\/site\/categoria\/colunistas\/\" title=\"Colunistas\">Colunistas<\/a>\n\t\t<\/span><span class=\"aioseo-breadcrumb-separator\">&raquo;<\/span><span class=\"aioseo-breadcrumb\">\n\t\t\t<a href=\"https:\/\/anoticiaonline.com.br\/site\/categoria\/colunistas\/politica-e-atualidades-francisco-laviola\/\" title=\"Pol\u00edtica e Atualidades - Francisco Laviola\">Pol\u00edtica e Atualidades - Francisco Laviola<\/a>\n\t\t<\/span><span class=\"aioseo-breadcrumb-separator\">&raquo;<\/span><span class=\"aioseo-breadcrumb\">\n\t\t\tNunca antes na Hist\u00f3ria deste pa\u00eds\u2026\n\t\t<\/span><\/div>","aioseo_breadcrumb_json":[{"label":"Home","link":"https:\/\/anoticiaonline.com.br\/site"},{"label":"Colunistas","link":"https:\/\/anoticiaonline.com.br\/site\/categoria\/colunistas\/"},{"label":"Pol\u00edtica e Atualidades - Francisco Laviola","link":"https:\/\/anoticiaonline.com.br\/site\/categoria\/colunistas\/politica-e-atualidades-francisco-laviola\/"},{"label":"Nunca antes na Hist\u00f3ria deste pa\u00eds&#8230;","link":"https:\/\/anoticiaonline.com.br\/site\/nunca-antes-na-historia-deste-pais\/"}],"views":132,"_links":{"self":[{"href":"https:\/\/anoticiaonline.com.br\/site\/wp-json\/wp\/v2\/posts\/23031","targetHints":{"allow":["GET"]}}],"collection":[{"href":"https:\/\/anoticiaonline.com.br\/site\/wp-json\/wp\/v2\/posts"}],"about":[{"href":"https:\/\/anoticiaonline.com.br\/site\/wp-json\/wp\/v2\/types\/post"}],"author":[{"embeddable":true,"href":"https:\/\/anoticiaonline.com.br\/site\/wp-json\/wp\/v2\/users\/2"}],"replies":[{"embeddable":true,"href":"https:\/\/anoticiaonline.com.br\/site\/wp-json\/wp\/v2\/comments?post=23031"}],"version-history":[{"count":0,"href":"https:\/\/anoticiaonline.com.br\/site\/wp-json\/wp\/v2\/posts\/23031\/revisions"}],"wp:attachment":[{"href":"https:\/\/anoticiaonline.com.br\/site\/wp-json\/wp\/v2\/media?parent=23031"}],"wp:term":[{"taxonomy":"category","embeddable":true,"href":"https:\/\/anoticiaonline.com.br\/site\/wp-json\/wp\/v2\/categories?post=23031"},{"taxonomy":"post_tag","embeddable":true,"href":"https:\/\/anoticiaonline.com.br\/site\/wp-json\/wp\/v2\/tags?post=23031"}],"curies":[{"name":"wp","href":"https:\/\/api.w.org\/{rel}","templated":true}]}}