{"id":22970,"date":"2016-12-21T07:58:11","date_gmt":"2016-12-21T10:58:11","guid":{"rendered":"http:\/\/anoticiaonline.com.br\/site\/?p=22970"},"modified":"2016-12-21T07:58:11","modified_gmt":"2016-12-21T10:58:11","slug":"militar-de-muriae-e-homenageado-com-o-titulo-de-cidadania-honoraria-em-mirai","status":"publish","type":"post","link":"https:\/\/anoticiaonline.com.br\/site\/militar-de-muriae-e-homenageado-com-o-titulo-de-cidadania-honoraria-em-mirai\/","title":{"rendered":"Militar de Muria\u00e9 \u00e9 homenageado com o t\u00edtulo de Cidadania Honor\u00e1ria em Mira\u00ed"},"content":{"rendered":"<p><a href=\"https:\/\/anoticiaonline.com.br\/site\/wp-content\/uploads\/2016\/12\/Militar-de-Muria\u00e9-\u00e9-homenageado-com-o-t\u00edtulo-de-Cidadania-Honor\u00e1ria-em-Mira\u00ed.jpg\"><img fetchpriority=\"high\" decoding=\"async\" class=\" size-medium wp-image-22971 alignleft\" src=\"https:\/\/anoticiaonline.com.br\/site\/wp-content\/uploads\/2016\/12\/Militar-de-Muria\u00e9-\u00e9-homenageado-com-o-t\u00edtulo-de-Cidadania-Honor\u00e1ria-em-Mira\u00ed-300x272.jpg\" alt=\"militar-de-muriae-e-homenageado-com-o-titulo-de-cidadania-honoraria-em-mirai\" width=\"300\" height=\"272\" srcset=\"https:\/\/anoticiaonline.com.br\/site\/wp-content\/uploads\/2016\/12\/Militar-de-Muria\u00e9-\u00e9-homenageado-com-o-t\u00edtulo-de-Cidadania-Honor\u00e1ria-em-Mira\u00ed-300x272.jpg 300w, https:\/\/anoticiaonline.com.br\/site\/wp-content\/uploads\/2016\/12\/Militar-de-Muria\u00e9-\u00e9-homenageado-com-o-t\u00edtulo-de-Cidadania-Honor\u00e1ria-em-Mira\u00ed.jpg 600w\" sizes=\"(max-width: 300px) 100vw, 300px\" \/><\/a>O mediador do Programa de Educa\u00e7\u00e3o Ambiental (Progea), sargento Madriaga, pertencente ao 5\u00ba Grupamento de Meio Ambiente, localizado em Muria\u00e9, da 4\u00aa Companhia de Pol\u00edcia Militar Independente de Meio Ambiente e Tr\u00e2nsito, foi homenageado pela C\u00e2mara de Vereadores de Mira\u00ed com o t\u00edtulo de Cidadania Honor\u00e1ria naquele munic\u00edpio.<\/p>\n<p>Tal honraria, indicada pela vereadora Daniela de Faria, se deu pelos servi\u00e7os prestados naquela cidade com os alunos dos quartos anos do ensino fundamental da Escola Municipal Justino Pereira na aplica\u00e7\u00e3o do Progea, em que ajudou a reconhecer os problemas ambientais no meio escolar e difundir os conhecimentos aos pais, amigos e vizinhos.<\/p>\n<p>Nesses dois anos de aplica\u00e7\u00e3o do programa em Mira\u00ed, os alunos realizaram campanhas diversas, como por exemplos, o combate \u00e0 dengue e a demarca\u00e7\u00e3o do local onde surge o Rio Muria\u00e9, com apoio da Prefeitura de Mira\u00ed e com o Demsur.<\/p>\n<p>\u201cTer o trabalho reconhecido pela sociedade e autoridades aumenta nossa responsabilidade social e com o meio ambiente\u201d, relata o sargento Madriaga. A entrega da homenagem aconteceu na noite de ter\u00e7a-feira (20).<\/p>\n<p>&nbsp;<\/p>\n<p>&nbsp;<\/p>\n","protected":false},"excerpt":{"rendered":"<p>O mediador do Programa de Educa\u00e7\u00e3o Ambiental (Progea), sargento Madriaga, pertencente ao 5\u00ba Grupamento de Meio Ambiente, localizado em Muria\u00e9, da 4\u00aa Companhia de Pol\u00edcia Militar Independente de Meio Ambiente e Tr\u00e2nsito, foi homenageado pela C\u00e2mara de Vereadores de Mira\u00ed com o t\u00edtulo de Cidadania Honor\u00e1ria naquele munic\u00edpio. Tal honraria, indicada pela vereadora Daniela de &#8230; <a title=\"Militar de Muria\u00e9 \u00e9 homenageado com o t\u00edtulo de Cidadania Honor\u00e1ria em Mira\u00ed\" class=\"read-more\" href=\"https:\/\/anoticiaonline.com.br\/site\/militar-de-muriae-e-homenageado-com-o-titulo-de-cidadania-honoraria-em-mirai\/\" aria-label=\"Read more about Militar de Muria\u00e9 \u00e9 homenageado com o t\u00edtulo de Cidadania Honor\u00e1ria em Mira\u00ed\">Ler mais<\/a><\/p>\n","protected":false},"author":2,"featured_media":22971,"comment_status":"open","ping_status":"open","sticky":false,"template":"","format":"standard","meta":{"_acf_changed":false,"_monsterinsights_skip_tracking":false,"footnotes":""},"categories":[30],"tags":[3],"class_list":["post-22970","post","type-post","status-publish","format-standard","has-post-thumbnail","hentry","category-muriae","tag-slide"],"acf":[],"aioseo_notices":[],"aioseo_head":"\n\t\t<!-- All in One SEO 5.0.0.1 - aioseo.com -->\n\t<meta name=\"description\" content=\"O mediador do Programa de Educa\u00e7\u00e3o Ambiental (Progea), sargento Madriaga, pertencente ao 5\u00ba Grupamento de Meio Ambiente, localizado em Muria\u00e9, da 4\u00aa Companhia de Pol\u00edcia Militar Independente de Meio Ambiente e Tr\u00e2nsito, foi homenageado pela C\u00e2mara de Vereadores de Mira\u00ed com o t\u00edtulo de Cidadania Honor\u00e1ria naquele munic\u00edpio. Tal honraria, indicada pela vereadora Daniela de\" \/>\n\t<meta name=\"robots\" content=\"max-image-preview:large\" \/>\n\t<meta name=\"author\" content=\"Juliana Laviola\"\/>\n\t<link rel=\"canonical\" href=\"https:\/\/anoticiaonline.com.br\/site\/militar-de-muriae-e-homenageado-com-o-titulo-de-cidadania-honoraria-em-mirai\/\" \/>\n\t<meta name=\"generator\" content=\"All in One SEO (AIOSEO) 5.0.0.1\" \/>\n\t\t<meta property=\"og:locale\" content=\"pt_BR\" \/>\n\t\t<meta property=\"og:site_name\" content=\"A Not\u00edcia Online - Noticias de Muria\u00e9 e regi\u00e3o\" \/>\n\t\t<meta property=\"og:type\" content=\"article\" \/>\n\t\t<meta property=\"og:title\" content=\"Militar de Muria\u00e9 \u00e9 homenageado com o t\u00edtulo de Cidadania Honor\u00e1ria em Mira\u00ed - A Not\u00edcia Online\" \/>\n\t\t<meta property=\"og:description\" content=\"O mediador do Programa de Educa\u00e7\u00e3o Ambiental (Progea), sargento Madriaga, pertencente ao 5\u00ba Grupamento de Meio Ambiente, localizado em Muria\u00e9, da 4\u00aa Companhia de Pol\u00edcia Militar Independente de Meio Ambiente e Tr\u00e2nsito, foi homenageado pela C\u00e2mara de Vereadores de Mira\u00ed com o t\u00edtulo de Cidadania Honor\u00e1ria naquele munic\u00edpio. Tal honraria, indicada pela vereadora Daniela de\" \/>\n\t\t<meta property=\"og:url\" content=\"https:\/\/anoticiaonline.com.br\/site\/militar-de-muriae-e-homenageado-com-o-titulo-de-cidadania-honoraria-em-mirai\/\" \/>\n\t\t<meta property=\"og:image\" content=\"https:\/\/scontent-gig4-1.xx.fbcdn.net\/v\/t39.30808-1\/270437624_4564083193639691_6907940295614233970_n.jpg?stp=dst-jpg_s200x200_tt6&#038;_nc_cat=111&#038;ccb=1-7&#038;_nc_sid=f907e8&#038;_nc_ohc=SM1wRlP3lJwQ7kNvwEPuBYA&#038;_nc_oc=AdnqrjDN_BNjSSHWO-GbkIWH6fkGMLw4bqvL_NH6e2wMveX7G-rP2dAqsDSq1mJMOaY&#038;_nc_zt=24&#038;_nc_ht=scontent-gig4-1.xx&#038;_nc_gid=AoBFJeGrT1hVaew_6rchkQ&#038;oh=00_AfX7QmFGhQhG2jAllVgXCiM1ZrWgvtp80-Bfppyexh1QEg&#038;oe=689E923C\" \/>\n\t\t<meta property=\"og:image:secure_url\" content=\"https:\/\/scontent-gig4-1.xx.fbcdn.net\/v\/t39.30808-1\/270437624_4564083193639691_6907940295614233970_n.jpg?stp=dst-jpg_s200x200_tt6&#038;_nc_cat=111&#038;ccb=1-7&#038;_nc_sid=f907e8&#038;_nc_ohc=SM1wRlP3lJwQ7kNvwEPuBYA&#038;_nc_oc=AdnqrjDN_BNjSSHWO-GbkIWH6fkGMLw4bqvL_NH6e2wMveX7G-rP2dAqsDSq1mJMOaY&#038;_nc_zt=24&#038;_nc_ht=scontent-gig4-1.xx&#038;_nc_gid=AoBFJeGrT1hVaew_6rchkQ&#038;oh=00_AfX7QmFGhQhG2jAllVgXCiM1ZrWgvtp80-Bfppyexh1QEg&#038;oe=689E923C\" \/>\n\t\t<meta property=\"article:published_time\" content=\"2016-12-21T10:58:11+00:00\" \/>\n\t\t<meta property=\"article:modified_time\" content=\"2016-12-21T10:58:11+00:00\" \/>\n\t\t<meta name=\"twitter:card\" content=\"summary_large_image\" \/>\n\t\t<meta name=\"twitter:title\" content=\"Militar de Muria\u00e9 \u00e9 homenageado com o t\u00edtulo de Cidadania Honor\u00e1ria em Mira\u00ed - A Not\u00edcia Online\" \/>\n\t\t<meta name=\"twitter:description\" content=\"O mediador do Programa de Educa\u00e7\u00e3o Ambiental (Progea), sargento Madriaga, pertencente ao 5\u00ba Grupamento de Meio Ambiente, localizado em Muria\u00e9, da 4\u00aa Companhia de Pol\u00edcia Militar Independente de Meio Ambiente e Tr\u00e2nsito, foi homenageado pela C\u00e2mara de Vereadores de Mira\u00ed com o t\u00edtulo de Cidadania Honor\u00e1ria naquele munic\u00edpio. Tal honraria, indicada pela vereadora Daniela de\" \/>\n\t\t<meta name=\"twitter:image\" content=\"https:\/\/scontent-gig4-1.xx.fbcdn.net\/v\/t39.30808-1\/270437624_4564083193639691_6907940295614233970_n.jpg?stp=dst-jpg_s200x200_tt6&amp;_nc_cat=111&amp;ccb=1-7&amp;_nc_sid=f907e8&amp;_nc_ohc=SM1wRlP3lJwQ7kNvwEPuBYA&amp;_nc_oc=AdnqrjDN_BNjSSHWO-GbkIWH6fkGMLw4bqvL_NH6e2wMveX7G-rP2dAqsDSq1mJMOaY&amp;_nc_zt=24&amp;_nc_ht=scontent-gig4-1.xx&amp;_nc_gid=AoBFJeGrT1hVaew_6rchkQ&amp;oh=00_AfX7QmFGhQhG2jAllVgXCiM1ZrWgvtp80-Bfppyexh1QEg&amp;oe=689E923C\" \/>\n\t\t<script type=\"application\/ld+json\" class=\"aioseo-schema\">\n\t\t\t{\"@context\":\"https:\\\/\\\/schema.org\",\"@graph\":[{\"@type\":\"BlogPosting\",\"@id\":\"https:\\\/\\\/anoticiaonline.com.br\\\/site\\\/militar-de-muriae-e-homenageado-com-o-titulo-de-cidadania-honoraria-em-mirai\\\/#blogposting\",\"name\":\"Militar de Muria\\u00e9 \\u00e9 homenageado com o t\\u00edtulo de Cidadania Honor\\u00e1ria em Mira\\u00ed - A Not\\u00edcia Online\",\"headline\":\"Militar de Muria\\u00e9 \\u00e9 homenageado com o t\\u00edtulo de Cidadania Honor\\u00e1ria em Mira\\u00ed\",\"author\":{\"@id\":\"https:\\\/\\\/anoticiaonline.com.br\\\/site\\\/author\\\/juliana\\\/#author\"},\"publisher\":{\"@id\":\"https:\\\/\\\/anoticiaonline.com.br\\\/site\\\/#organization\"},\"image\":{\"@type\":\"ImageObject\",\"url\":\"https:\\\/\\\/anoticiaonline.com.br\\\/site\\\/wp-content\\\/uploads\\\/2016\\\/12\\\/Militar-de-Muria\\u00e9-\\u00e9-homenageado-com-o-t\\u00edtulo-de-Cidadania-Honor\\u00e1ria-em-Mira\\u00ed.jpg\",\"width\":600,\"height\":543},\"datePublished\":\"2016-12-21T07:58:11-03:00\",\"dateModified\":\"2016-12-21T07:58:11-03:00\",\"inLanguage\":\"pt-BR\",\"mainEntityOfPage\":{\"@id\":\"https:\\\/\\\/anoticiaonline.com.br\\\/site\\\/militar-de-muriae-e-homenageado-com-o-titulo-de-cidadania-honoraria-em-mirai\\\/#webpage\"},\"isPartOf\":{\"@id\":\"https:\\\/\\\/anoticiaonline.com.br\\\/site\\\/militar-de-muriae-e-homenageado-com-o-titulo-de-cidadania-honoraria-em-mirai\\\/#webpage\"},\"articleSection\":\"Blog, slide\"},{\"@type\":\"BreadcrumbList\",\"@id\":\"https:\\\/\\\/anoticiaonline.com.br\\\/site\\\/militar-de-muriae-e-homenageado-com-o-titulo-de-cidadania-honoraria-em-mirai\\\/#breadcrumblist\",\"itemListElement\":[{\"@type\":\"ListItem\",\"@id\":\"https:\\\/\\\/anoticiaonline.com.br\\\/site#listItem\",\"position\":1,\"name\":\"Home\",\"item\":\"https:\\\/\\\/anoticiaonline.com.br\\\/site\",\"nextItem\":{\"@type\":\"ListItem\",\"@id\":\"https:\\\/\\\/anoticiaonline.com.br\\\/site\\\/categoria\\\/muriae\\\/#listItem\",\"name\":\"Blog\"}},{\"@type\":\"ListItem\",\"@id\":\"https:\\\/\\\/anoticiaonline.com.br\\\/site\\\/categoria\\\/muriae\\\/#listItem\",\"position\":2,\"name\":\"Blog\",\"item\":\"https:\\\/\\\/anoticiaonline.com.br\\\/site\\\/categoria\\\/muriae\\\/\",\"nextItem\":{\"@type\":\"ListItem\",\"@id\":\"https:\\\/\\\/anoticiaonline.com.br\\\/site\\\/militar-de-muriae-e-homenageado-com-o-titulo-de-cidadania-honoraria-em-mirai\\\/#listItem\",\"name\":\"Militar de Muria\\u00e9 \\u00e9 homenageado com o t\\u00edtulo de Cidadania Honor\\u00e1ria em Mira\\u00ed\"},\"previousItem\":{\"@type\":\"ListItem\",\"@id\":\"https:\\\/\\\/anoticiaonline.com.br\\\/site#listItem\",\"name\":\"Home\"}},{\"@type\":\"ListItem\",\"@id\":\"https:\\\/\\\/anoticiaonline.com.br\\\/site\\\/militar-de-muriae-e-homenageado-com-o-titulo-de-cidadania-honoraria-em-mirai\\\/#listItem\",\"position\":3,\"name\":\"Militar de Muria\\u00e9 \\u00e9 homenageado com o t\\u00edtulo de Cidadania Honor\\u00e1ria em Mira\\u00ed\",\"previousItem\":{\"@type\":\"ListItem\",\"@id\":\"https:\\\/\\\/anoticiaonline.com.br\\\/site\\\/categoria\\\/muriae\\\/#listItem\",\"name\":\"Blog\"}}]},{\"@type\":\"Organization\",\"@id\":\"https:\\\/\\\/anoticiaonline.com.br\\\/site\\\/#organization\",\"name\":\"A Not\\u00edcia Online\",\"description\":\"Noticias de Muria\\u00e9 e regi\\u00e3o\",\"url\":\"https:\\\/\\\/anoticiaonline.com.br\\\/site\\\/\",\"logo\":{\"@type\":\"ImageObject\",\"url\":\"https:\\\/\\\/scontent-gig4-1.xx.fbcdn.net\\\/v\\\/t39.30808-1\\\/270437624_4564083193639691_6907940295614233970_n.jpg?stp=dst-jpg_s200x200_tt6&_nc_cat=111&ccb=1-7&_nc_sid=f907e8&_nc_ohc=SM1wRlP3lJwQ7kNvwEPuBYA&_nc_oc=AdnqrjDN_BNjSSHWO-GbkIWH6fkGMLw4bqvL_NH6e2wMveX7G-rP2dAqsDSq1mJMOaY&_nc_zt=24&_nc_ht=scontent-gig4-1.xx&_nc_gid=AoBFJeGrT1hVaew_6rchkQ&oh=00_AfX7QmFGhQhG2jAllVgXCiM1ZrWgvtp80-Bfppyexh1QEg&oe=689E923C\",\"@id\":\"https:\\\/\\\/anoticiaonline.com.br\\\/site\\\/militar-de-muriae-e-homenageado-com-o-titulo-de-cidadania-honoraria-em-mirai\\\/#organizationLogo\"},\"image\":{\"@id\":\"https:\\\/\\\/anoticiaonline.com.br\\\/site\\\/militar-de-muriae-e-homenageado-com-o-titulo-de-cidadania-honoraria-em-mirai\\\/#organizationLogo\"}},{\"@type\":\"Person\",\"@id\":\"https:\\\/\\\/anoticiaonline.com.br\\\/site\\\/author\\\/juliana\\\/#author\",\"url\":\"https:\\\/\\\/anoticiaonline.com.br\\\/site\\\/author\\\/juliana\\\/\",\"name\":\"Juliana Laviola\",\"image\":{\"@type\":\"ImageObject\",\"@id\":\"https:\\\/\\\/anoticiaonline.com.br\\\/site\\\/militar-de-muriae-e-homenageado-com-o-titulo-de-cidadania-honoraria-em-mirai\\\/#authorImage\",\"url\":\"https:\\\/\\\/secure.gravatar.com\\\/avatar\\\/b8d45f5c699b100dfaf0e543582f38f38bf94cb7ae3a5e9abf8d891a34773335?s=96&d=mm&r=g\",\"width\":96,\"height\":96,\"caption\":\"Juliana Laviola\"}},{\"@type\":\"WebPage\",\"@id\":\"https:\\\/\\\/anoticiaonline.com.br\\\/site\\\/militar-de-muriae-e-homenageado-com-o-titulo-de-cidadania-honoraria-em-mirai\\\/#webpage\",\"url\":\"https:\\\/\\\/anoticiaonline.com.br\\\/site\\\/militar-de-muriae-e-homenageado-com-o-titulo-de-cidadania-honoraria-em-mirai\\\/\",\"name\":\"Militar de Muria\\u00e9 \\u00e9 homenageado com o t\\u00edtulo de Cidadania Honor\\u00e1ria em Mira\\u00ed - A Not\\u00edcia Online\",\"description\":\"O mediador do Programa de Educa\\u00e7\\u00e3o Ambiental (Progea), sargento Madriaga, pertencente ao 5\\u00ba Grupamento de Meio Ambiente, localizado em Muria\\u00e9, da 4\\u00aa Companhia de Pol\\u00edcia Militar Independente de Meio Ambiente e Tr\\u00e2nsito, foi homenageado pela C\\u00e2mara de Vereadores de Mira\\u00ed com o t\\u00edtulo de Cidadania Honor\\u00e1ria naquele munic\\u00edpio. Tal honraria, indicada pela vereadora Daniela de\",\"inLanguage\":\"pt-BR\",\"isPartOf\":{\"@id\":\"https:\\\/\\\/anoticiaonline.com.br\\\/site\\\/#website\"},\"breadcrumb\":{\"@id\":\"https:\\\/\\\/anoticiaonline.com.br\\\/site\\\/militar-de-muriae-e-homenageado-com-o-titulo-de-cidadania-honoraria-em-mirai\\\/#breadcrumblist\"},\"author\":{\"@id\":\"https:\\\/\\\/anoticiaonline.com.br\\\/site\\\/author\\\/juliana\\\/#author\"},\"creator\":{\"@id\":\"https:\\\/\\\/anoticiaonline.com.br\\\/site\\\/author\\\/juliana\\\/#author\"},\"image\":{\"@type\":\"ImageObject\",\"url\":\"https:\\\/\\\/anoticiaonline.com.br\\\/site\\\/wp-content\\\/uploads\\\/2016\\\/12\\\/Militar-de-Muria\\u00e9-\\u00e9-homenageado-com-o-t\\u00edtulo-de-Cidadania-Honor\\u00e1ria-em-Mira\\u00ed.jpg\",\"@id\":\"https:\\\/\\\/anoticiaonline.com.br\\\/site\\\/militar-de-muriae-e-homenageado-com-o-titulo-de-cidadania-honoraria-em-mirai\\\/#mainImage\",\"width\":600,\"height\":543},\"primaryImageOfPage\":{\"@id\":\"https:\\\/\\\/anoticiaonline.com.br\\\/site\\\/militar-de-muriae-e-homenageado-com-o-titulo-de-cidadania-honoraria-em-mirai\\\/#mainImage\"},\"datePublished\":\"2016-12-21T07:58:11-03:00\",\"dateModified\":\"2016-12-21T07:58:11-03:00\"},{\"@type\":\"WebSite\",\"@id\":\"https:\\\/\\\/anoticiaonline.com.br\\\/site\\\/#website\",\"url\":\"https:\\\/\\\/anoticiaonline.com.br\\\/site\\\/\",\"name\":\"A Not\\u00edcia Online\",\"description\":\"Noticias de Muria\\u00e9 e regi\\u00e3o\",\"inLanguage\":\"pt-BR\",\"publisher\":{\"@id\":\"https:\\\/\\\/anoticiaonline.com.br\\\/site\\\/#organization\"}}]}\n\t\t<\/script>\n\t\t<!-- All in One SEO -->\n\n","aioseo_head_json":{"title":"Militar de Muria\u00e9 \u00e9 homenageado com o t\u00edtulo de Cidadania Honor\u00e1ria em Mira\u00ed - A Not\u00edcia Online","description":"O mediador do Programa de Educa\u00e7\u00e3o Ambiental (Progea), sargento Madriaga, pertencente ao 5\u00ba Grupamento de Meio Ambiente, localizado em Muria\u00e9, da 4\u00aa Companhia de Pol\u00edcia Militar Independente de Meio Ambiente e Tr\u00e2nsito, foi homenageado pela C\u00e2mara de Vereadores de Mira\u00ed com o t\u00edtulo de Cidadania Honor\u00e1ria naquele munic\u00edpio. Tal honraria, indicada pela vereadora Daniela de","canonical_url":"https:\/\/anoticiaonline.com.br\/site\/militar-de-muriae-e-homenageado-com-o-titulo-de-cidadania-honoraria-em-mirai\/","robots":"max-image-preview:large","keywords":"","webmasterTools":{"miscellaneous":""},"schema":{"@context":"https:\/\/schema.org","@graph":[{"@type":"BlogPosting","@id":"https:\/\/anoticiaonline.com.br\/site\/militar-de-muriae-e-homenageado-com-o-titulo-de-cidadania-honoraria-em-mirai\/#blogposting","name":"Militar de Muria\u00e9 \u00e9 homenageado com o t\u00edtulo de Cidadania Honor\u00e1ria em Mira\u00ed - A Not\u00edcia Online","headline":"Militar de Muria\u00e9 \u00e9 homenageado com o t\u00edtulo de Cidadania Honor\u00e1ria em Mira\u00ed","author":{"@id":"https:\/\/anoticiaonline.com.br\/site\/author\/juliana\/#author"},"publisher":{"@id":"https:\/\/anoticiaonline.com.br\/site\/#organization"},"image":{"@type":"ImageObject","url":"https:\/\/anoticiaonline.com.br\/site\/wp-content\/uploads\/2016\/12\/Militar-de-Muria\u00e9-\u00e9-homenageado-com-o-t\u00edtulo-de-Cidadania-Honor\u00e1ria-em-Mira\u00ed.jpg","width":600,"height":543},"datePublished":"2016-12-21T07:58:11-03:00","dateModified":"2016-12-21T07:58:11-03:00","inLanguage":"pt-BR","mainEntityOfPage":{"@id":"https:\/\/anoticiaonline.com.br\/site\/militar-de-muriae-e-homenageado-com-o-titulo-de-cidadania-honoraria-em-mirai\/#webpage"},"isPartOf":{"@id":"https:\/\/anoticiaonline.com.br\/site\/militar-de-muriae-e-homenageado-com-o-titulo-de-cidadania-honoraria-em-mirai\/#webpage"},"articleSection":"Blog, slide"},{"@type":"BreadcrumbList","@id":"https:\/\/anoticiaonline.com.br\/site\/militar-de-muriae-e-homenageado-com-o-titulo-de-cidadania-honoraria-em-mirai\/#breadcrumblist","itemListElement":[{"@type":"ListItem","@id":"https:\/\/anoticiaonline.com.br\/site#listItem","position":1,"name":"Home","item":"https:\/\/anoticiaonline.com.br\/site","nextItem":{"@type":"ListItem","@id":"https:\/\/anoticiaonline.com.br\/site\/categoria\/muriae\/#listItem","name":"Blog"}},{"@type":"ListItem","@id":"https:\/\/anoticiaonline.com.br\/site\/categoria\/muriae\/#listItem","position":2,"name":"Blog","item":"https:\/\/anoticiaonline.com.br\/site\/categoria\/muriae\/","nextItem":{"@type":"ListItem","@id":"https:\/\/anoticiaonline.com.br\/site\/militar-de-muriae-e-homenageado-com-o-titulo-de-cidadania-honoraria-em-mirai\/#listItem","name":"Militar de Muria\u00e9 \u00e9 homenageado com o t\u00edtulo de Cidadania Honor\u00e1ria em Mira\u00ed"},"previousItem":{"@type":"ListItem","@id":"https:\/\/anoticiaonline.com.br\/site#listItem","name":"Home"}},{"@type":"ListItem","@id":"https:\/\/anoticiaonline.com.br\/site\/militar-de-muriae-e-homenageado-com-o-titulo-de-cidadania-honoraria-em-mirai\/#listItem","position":3,"name":"Militar de Muria\u00e9 \u00e9 homenageado com o t\u00edtulo de Cidadania Honor\u00e1ria em Mira\u00ed","previousItem":{"@type":"ListItem","@id":"https:\/\/anoticiaonline.com.br\/site\/categoria\/muriae\/#listItem","name":"Blog"}}]},{"@type":"Organization","@id":"https:\/\/anoticiaonline.com.br\/site\/#organization","name":"A Not\u00edcia Online","description":"Noticias de Muria\u00e9 e regi\u00e3o","url":"https:\/\/anoticiaonline.com.br\/site\/","logo":{"@type":"ImageObject","url":"https:\/\/scontent-gig4-1.xx.fbcdn.net\/v\/t39.30808-1\/270437624_4564083193639691_6907940295614233970_n.jpg?stp=dst-jpg_s200x200_tt6&_nc_cat=111&ccb=1-7&_nc_sid=f907e8&_nc_ohc=SM1wRlP3lJwQ7kNvwEPuBYA&_nc_oc=AdnqrjDN_BNjSSHWO-GbkIWH6fkGMLw4bqvL_NH6e2wMveX7G-rP2dAqsDSq1mJMOaY&_nc_zt=24&_nc_ht=scontent-gig4-1.xx&_nc_gid=AoBFJeGrT1hVaew_6rchkQ&oh=00_AfX7QmFGhQhG2jAllVgXCiM1ZrWgvtp80-Bfppyexh1QEg&oe=689E923C","@id":"https:\/\/anoticiaonline.com.br\/site\/militar-de-muriae-e-homenageado-com-o-titulo-de-cidadania-honoraria-em-mirai\/#organizationLogo"},"image":{"@id":"https:\/\/anoticiaonline.com.br\/site\/militar-de-muriae-e-homenageado-com-o-titulo-de-cidadania-honoraria-em-mirai\/#organizationLogo"}},{"@type":"Person","@id":"https:\/\/anoticiaonline.com.br\/site\/author\/juliana\/#author","url":"https:\/\/anoticiaonline.com.br\/site\/author\/juliana\/","name":"Juliana Laviola","image":{"@type":"ImageObject","@id":"https:\/\/anoticiaonline.com.br\/site\/militar-de-muriae-e-homenageado-com-o-titulo-de-cidadania-honoraria-em-mirai\/#authorImage","url":"https:\/\/secure.gravatar.com\/avatar\/b8d45f5c699b100dfaf0e543582f38f38bf94cb7ae3a5e9abf8d891a34773335?s=96&d=mm&r=g","width":96,"height":96,"caption":"Juliana Laviola"}},{"@type":"WebPage","@id":"https:\/\/anoticiaonline.com.br\/site\/militar-de-muriae-e-homenageado-com-o-titulo-de-cidadania-honoraria-em-mirai\/#webpage","url":"https:\/\/anoticiaonline.com.br\/site\/militar-de-muriae-e-homenageado-com-o-titulo-de-cidadania-honoraria-em-mirai\/","name":"Militar de Muria\u00e9 \u00e9 homenageado com o t\u00edtulo de Cidadania Honor\u00e1ria em Mira\u00ed - A Not\u00edcia Online","description":"O mediador do Programa de Educa\u00e7\u00e3o Ambiental (Progea), sargento Madriaga, pertencente ao 5\u00ba Grupamento de Meio Ambiente, localizado em Muria\u00e9, da 4\u00aa Companhia de Pol\u00edcia Militar Independente de Meio Ambiente e Tr\u00e2nsito, foi homenageado pela C\u00e2mara de Vereadores de Mira\u00ed com o t\u00edtulo de Cidadania Honor\u00e1ria naquele munic\u00edpio. Tal honraria, indicada pela vereadora Daniela de","inLanguage":"pt-BR","isPartOf":{"@id":"https:\/\/anoticiaonline.com.br\/site\/#website"},"breadcrumb":{"@id":"https:\/\/anoticiaonline.com.br\/site\/militar-de-muriae-e-homenageado-com-o-titulo-de-cidadania-honoraria-em-mirai\/#breadcrumblist"},"author":{"@id":"https:\/\/anoticiaonline.com.br\/site\/author\/juliana\/#author"},"creator":{"@id":"https:\/\/anoticiaonline.com.br\/site\/author\/juliana\/#author"},"image":{"@type":"ImageObject","url":"https:\/\/anoticiaonline.com.br\/site\/wp-content\/uploads\/2016\/12\/Militar-de-Muria\u00e9-\u00e9-homenageado-com-o-t\u00edtulo-de-Cidadania-Honor\u00e1ria-em-Mira\u00ed.jpg","@id":"https:\/\/anoticiaonline.com.br\/site\/militar-de-muriae-e-homenageado-com-o-titulo-de-cidadania-honoraria-em-mirai\/#mainImage","width":600,"height":543},"primaryImageOfPage":{"@id":"https:\/\/anoticiaonline.com.br\/site\/militar-de-muriae-e-homenageado-com-o-titulo-de-cidadania-honoraria-em-mirai\/#mainImage"},"datePublished":"2016-12-21T07:58:11-03:00","dateModified":"2016-12-21T07:58:11-03:00"},{"@type":"WebSite","@id":"https:\/\/anoticiaonline.com.br\/site\/#website","url":"https:\/\/anoticiaonline.com.br\/site\/","name":"A Not\u00edcia Online","description":"Noticias de Muria\u00e9 e regi\u00e3o","inLanguage":"pt-BR","publisher":{"@id":"https:\/\/anoticiaonline.com.br\/site\/#organization"}}]},"og:locale":"pt_BR","og:site_name":"A Not\u00edcia Online - Noticias de Muria\u00e9 e regi\u00e3o","og:type":"article","og:title":"Militar de Muria\u00e9 \u00e9 homenageado com o t\u00edtulo de Cidadania Honor\u00e1ria em Mira\u00ed - A Not\u00edcia Online","og:description":"O mediador do Programa de Educa\u00e7\u00e3o Ambiental (Progea), sargento Madriaga, pertencente ao 5\u00ba Grupamento de Meio Ambiente, localizado em Muria\u00e9, da 4\u00aa Companhia de Pol\u00edcia Militar Independente de Meio Ambiente e Tr\u00e2nsito, foi homenageado pela C\u00e2mara de Vereadores de Mira\u00ed com o t\u00edtulo de Cidadania Honor\u00e1ria naquele munic\u00edpio. Tal honraria, indicada pela vereadora Daniela de","og:url":"https:\/\/anoticiaonline.com.br\/site\/militar-de-muriae-e-homenageado-com-o-titulo-de-cidadania-honoraria-em-mirai\/","og:image":"https:\/\/scontent-gig4-1.xx.fbcdn.net\/v\/t39.30808-1\/270437624_4564083193639691_6907940295614233970_n.jpg?stp=dst-jpg_s200x200_tt6&#038;_nc_cat=111&#038;ccb=1-7&#038;_nc_sid=f907e8&#038;_nc_ohc=SM1wRlP3lJwQ7kNvwEPuBYA&#038;_nc_oc=AdnqrjDN_BNjSSHWO-GbkIWH6fkGMLw4bqvL_NH6e2wMveX7G-rP2dAqsDSq1mJMOaY&#038;_nc_zt=24&#038;_nc_ht=scontent-gig4-1.xx&#038;_nc_gid=AoBFJeGrT1hVaew_6rchkQ&#038;oh=00_AfX7QmFGhQhG2jAllVgXCiM1ZrWgvtp80-Bfppyexh1QEg&#038;oe=689E923C","og:image:secure_url":"https:\/\/scontent-gig4-1.xx.fbcdn.net\/v\/t39.30808-1\/270437624_4564083193639691_6907940295614233970_n.jpg?stp=dst-jpg_s200x200_tt6&#038;_nc_cat=111&#038;ccb=1-7&#038;_nc_sid=f907e8&#038;_nc_ohc=SM1wRlP3lJwQ7kNvwEPuBYA&#038;_nc_oc=AdnqrjDN_BNjSSHWO-GbkIWH6fkGMLw4bqvL_NH6e2wMveX7G-rP2dAqsDSq1mJMOaY&#038;_nc_zt=24&#038;_nc_ht=scontent-gig4-1.xx&#038;_nc_gid=AoBFJeGrT1hVaew_6rchkQ&#038;oh=00_AfX7QmFGhQhG2jAllVgXCiM1ZrWgvtp80-Bfppyexh1QEg&#038;oe=689E923C","article:published_time":"2016-12-21T10:58:11+00:00","article:modified_time":"2016-12-21T10:58:11+00:00","twitter:card":"summary_large_image","twitter:title":"Militar de Muria\u00e9 \u00e9 homenageado com o t\u00edtulo de Cidadania Honor\u00e1ria em Mira\u00ed - A Not\u00edcia Online","twitter:description":"O mediador do Programa de Educa\u00e7\u00e3o Ambiental (Progea), sargento Madriaga, pertencente ao 5\u00ba Grupamento de Meio Ambiente, localizado em Muria\u00e9, da 4\u00aa Companhia de Pol\u00edcia Militar Independente de Meio Ambiente e Tr\u00e2nsito, foi homenageado pela C\u00e2mara de Vereadores de Mira\u00ed com o t\u00edtulo de Cidadania Honor\u00e1ria naquele munic\u00edpio. Tal honraria, indicada pela vereadora Daniela de","twitter:image":"https:\/\/scontent-gig4-1.xx.fbcdn.net\/v\/t39.30808-1\/270437624_4564083193639691_6907940295614233970_n.jpg?stp=dst-jpg_s200x200_tt6&_nc_cat=111&ccb=1-7&_nc_sid=f907e8&_nc_ohc=SM1wRlP3lJwQ7kNvwEPuBYA&_nc_oc=AdnqrjDN_BNjSSHWO-GbkIWH6fkGMLw4bqvL_NH6e2wMveX7G-rP2dAqsDSq1mJMOaY&_nc_zt=24&_nc_ht=scontent-gig4-1.xx&_nc_gid=AoBFJeGrT1hVaew_6rchkQ&oh=00_AfX7QmFGhQhG2jAllVgXCiM1ZrWgvtp80-Bfppyexh1QEg&oe=689E923C"},"aioseo_meta_data":{"post_id":"22970","title":null,"description":null,"keywords":null,"keyphrases":null,"primary_term":null,"canonical_url":null,"og_title":null,"og_description":null,"og_object_type":"default","og_image_type":"default","og_image_url":null,"og_image_width":null,"og_image_height":null,"og_image_custom_url":null,"og_image_custom_fields":null,"og_video":null,"og_custom_url":null,"og_article_section":null,"og_article_tags":null,"twitter_use_og":false,"twitter_card":"default","twitter_image_type":"default","twitter_image_url":null,"twitter_image_custom_url":null,"twitter_image_custom_fields":null,"twitter_title":null,"twitter_description":null,"schema":{"blockGraphs":[],"customGraphs":[],"default":{"data":{"Article":[],"Course":[],"Dataset":[],"FAQPage":[],"Movie":[],"Person":[],"Product":[],"ProductReview":[],"Car":[],"Recipe":[],"Service":[],"SoftwareApplication":[],"WebPage":[]},"graphName":"","isEnabled":true},"graphs":[]},"schema_type":"default","schema_type_options":null,"pillar_content":false,"robots_default":true,"robots_noindex":false,"robots_noarchive":false,"robots_nosnippet":false,"robots_nofollow":false,"robots_noimageindex":false,"robots_noodp":false,"robots_notranslate":false,"robots_max_snippet":null,"robots_max_videopreview":null,"robots_max_imagepreview":"large","priority":null,"frequency":null,"local_seo":null,"breadcrumb_settings":null,"limit_modified_date":false,"ai":null,"created":"2025-08-16 17:22:25","updated":"2025-08-16 17:22:25","focus_keyword":null,"additional_keywords":null,"truseo_locale":null,"seo_analyzer_scan_date":null},"aioseo_breadcrumb":"<div class=\"aioseo-breadcrumbs\"><span class=\"aioseo-breadcrumb\">\n\t\t\t<a href=\"https:\/\/anoticiaonline.com.br\/site\" title=\"Home\">Home<\/a>\n\t\t<\/span><span class=\"aioseo-breadcrumb-separator\">&raquo;<\/span><span class=\"aioseo-breadcrumb\">\n\t\t\t<a href=\"https:\/\/anoticiaonline.com.br\/site\/categoria\/muriae\/\" title=\"Blog\">Blog<\/a>\n\t\t<\/span><span class=\"aioseo-breadcrumb-separator\">&raquo;<\/span><span class=\"aioseo-breadcrumb\">\n\t\t\tMilitar de Muria\u00e9 \u00e9 homenageado com o t\u00edtulo de Cidadania Honor\u00e1ria em Mira\u00ed\n\t\t<\/span><\/div>","aioseo_breadcrumb_json":[{"label":"Home","link":"https:\/\/anoticiaonline.com.br\/site"},{"label":"Blog","link":"https:\/\/anoticiaonline.com.br\/site\/categoria\/muriae\/"},{"label":"Militar de Muria\u00e9 \u00e9 homenageado com o t\u00edtulo de Cidadania Honor\u00e1ria em Mira\u00ed","link":"https:\/\/anoticiaonline.com.br\/site\/militar-de-muriae-e-homenageado-com-o-titulo-de-cidadania-honoraria-em-mirai\/"}],"views":153,"_links":{"self":[{"href":"https:\/\/anoticiaonline.com.br\/site\/wp-json\/wp\/v2\/posts\/22970","targetHints":{"allow":["GET"]}}],"collection":[{"href":"https:\/\/anoticiaonline.com.br\/site\/wp-json\/wp\/v2\/posts"}],"about":[{"href":"https:\/\/anoticiaonline.com.br\/site\/wp-json\/wp\/v2\/types\/post"}],"author":[{"embeddable":true,"href":"https:\/\/anoticiaonline.com.br\/site\/wp-json\/wp\/v2\/users\/2"}],"replies":[{"embeddable":true,"href":"https:\/\/anoticiaonline.com.br\/site\/wp-json\/wp\/v2\/comments?post=22970"}],"version-history":[{"count":0,"href":"https:\/\/anoticiaonline.com.br\/site\/wp-json\/wp\/v2\/posts\/22970\/revisions"}],"wp:featuredmedia":[{"embeddable":true,"href":"https:\/\/anoticiaonline.com.br\/site\/wp-json\/wp\/v2\/media\/22971"}],"wp:attachment":[{"href":"https:\/\/anoticiaonline.com.br\/site\/wp-json\/wp\/v2\/media?parent=22970"}],"wp:term":[{"taxonomy":"category","embeddable":true,"href":"https:\/\/anoticiaonline.com.br\/site\/wp-json\/wp\/v2\/categories?post=22970"},{"taxonomy":"post_tag","embeddable":true,"href":"https:\/\/anoticiaonline.com.br\/site\/wp-json\/wp\/v2\/tags?post=22970"}],"curies":[{"name":"wp","href":"https:\/\/api.w.org\/{rel}","templated":true}]}}