{"id":22931,"date":"2016-12-15T19:27:21","date_gmt":"2016-12-15T22:27:21","guid":{"rendered":"http:\/\/anoticiaonline.com.br\/site\/?p=22931"},"modified":"2016-12-15T19:27:21","modified_gmt":"2016-12-15T22:27:21","slug":"o-jeitinho-brasileiro-e-o-stf","status":"publish","type":"post","link":"https:\/\/anoticiaonline.com.br\/site\/o-jeitinho-brasileiro-e-o-stf\/","title":{"rendered":"O jeitinho brasileiro e o STF"},"content":{"rendered":"<p>N\u00e3o est\u00e1 nada f\u00e1cil para o colunista escrever sobre atualidades da pol\u00edtica brasileira. Engana-se redondamente aquele que pensa que pelo fato de haver um grande volume de fatos acontecendo, a tarefa se torna menos \u00e1rdua. Escrevo esse texto num momento em que o pa\u00eds e as suas principais institui\u00e7\u00f5es parecem estar de cabe\u00e7a para baixo. Quando todos acham que h\u00e1 uma luz no fim do t\u00fanel mostrando o norte a ser seguido, eis que acontece mais uma dela\u00e7\u00e3o de algum desses figur\u00f5es j\u00e1 presos e joga todo mundo na fogueira. N\u00e3o que eles n\u00e3o mere\u00e7am, pois grande parte dos pol\u00edticos que est\u00e3o sendo citados ou j\u00e1 denunciados assumiram todos os riscos ao buscarem o caminho da trapa\u00e7a, certos de se beneficiarem da impunidade.<\/p>\n<p>Lembrando o ditado popular, que ensina que onde h\u00e1 fuma\u00e7a, h\u00e1 fogo, as investiga\u00e7\u00f5es que est\u00e3o sendo feitas atrav\u00e9s das opera\u00e7\u00f5es da Pol\u00edcia Federal e do Minist\u00e9rio P\u00fablico ter\u00e3o que continuar, doa a quem doer. \u00c9 assim que vamos testemunhando essa parte negra da Hist\u00f3ria do Brasil, cujo horizonte se torna cada dia mais nebuloso.<\/p>\n<p>Todos sabem que para sair do abismo no qual o lulopetismo deixou o pa\u00eds, ter\u00e3o que ser feitas reformas estruturais. Leia-se reforma no sistema previdenci\u00e1rio, reforma trabalhista, reforma tribut\u00e1ria e, principalmente, uma reforma pol\u00edtica que proporcione a cada um de n\u00f3s, brasileiros, a esperan\u00e7a de podermos constituir atrav\u00e9s da nossa participa\u00e7\u00e3o uma representatividade pol\u00edtica s\u00e9ria e que possa nos representar de forma a levar o pa\u00eds ao crescimento econ\u00f4mico, \u00fanica porta de sa\u00edda de todas as crises.<\/p>\n<p>Mas para que tudo isso ocorra de forma gradativa e sem traumas, ser\u00e1 necess\u00e1rio que nossas principais institui\u00e7\u00f5es estejam funcionando de acordo com os princ\u00edpios constitucionais da harmonia e da independ\u00eancia entre os Poderes. Ou seja, que o Executivo tenha condi\u00e7\u00f5es de governar, que o Legislativo possa legislar e que o Judici\u00e1rio possa julgar de acordo com a Constitui\u00e7\u00e3o e as leis vigentes.\u00a0 Infelizmente, n\u00e3o \u00e9 o que vem ocorrendo.<\/p>\n<p>Temos hoje um governo desarticulado, fr\u00e1gil e trope\u00e7ando nos seus pr\u00f3prios erros. Temos um Congresso totalmente desmoralizado, fruto do reflexo da imagem de seu presidente, Renan Calheiros, r\u00e9u por peculato e investigado em 12 inqu\u00e9ritos. Para piorar, a Corte Suprema tem ficado dividida na maioria dos julgamentos importantes. Em que pese o cr\u00e9dito que o STF ainda mant\u00e9m com a popula\u00e7\u00e3o, em alguns julgamentos fundamentais para se garantir a seguran\u00e7a jur\u00eddica, seus ministros andam buscado brechas nas leis, com interpreta\u00e7\u00f5es pol\u00eamicas e desviando-se at\u00e9 mesmo da Constitui\u00e7\u00e3o, da qual eles s\u00e3o os principais guardi\u00f5es.<\/p>\n<p>O fatiamento do processo de julgamento de impeachment da ex-presidente Dilma, por exemplo, permitido pelo ministro Ricardo Lewandowiski, cassando o seu mandato, mas deixando intoc\u00e1veis os seus direitos pol\u00edticos, foi uma atitude meramente pol\u00edtica e um flagrante desvio do que prescreve o par\u00e1grafo \u00fanico do artigo 52 da Constitui\u00e7\u00e3o Federal. Tamb\u00e9m n\u00e3o d\u00e1 para entender a decis\u00e3o do Pleno sobre Renan Calheiros, tirando-lhe a prerrogativa de suceder o presidente da Rep\u00fablica &#8211; artigo 80 da Constitui\u00e7\u00e3o -, pelo fato de ser r\u00e9u, mas mantendo-o na presid\u00eancia do Senado Federal com o direito de continuar a dar as cartas na pol\u00edtica nacional.<\/p>\n<p>Ser\u00e1 que o \u201cjeitinho\u201d brasileiro chegou tamb\u00e9m ao STF? Por tudo que vem acontecendo, o brasileiro j\u00e1 est\u00e1 colocando as barbas de molho. Se o tal \u201cjeitinho\u201d chegou mesmo ao STF, realmente ser\u00e1 uma pena, pois a Justi\u00e7a sempre foi, e continuar\u00e1 sendo, a t\u00e1bua de salva\u00e7\u00e3o do nosso povo e jamais poder\u00e1 ser contaminada pelas artimanhas da pol\u00edtica.<\/p>\n","protected":false},"excerpt":{"rendered":"<p>N\u00e3o est\u00e1 nada f\u00e1cil para o colunista escrever sobre atualidades da pol\u00edtica brasileira. Engana-se redondamente aquele que pensa que pelo fato de haver um grande volume de fatos acontecendo, a tarefa se torna menos \u00e1rdua. Escrevo esse texto num momento em que o pa\u00eds e as suas principais institui\u00e7\u00f5es parecem estar de cabe\u00e7a para baixo. &#8230; <a title=\"O jeitinho brasileiro e o STF\" class=\"read-more\" href=\"https:\/\/anoticiaonline.com.br\/site\/o-jeitinho-brasileiro-e-o-stf\/\" aria-label=\"Read more about O jeitinho brasileiro e o STF\">Ler mais<\/a><\/p>\n","protected":false},"author":2,"featured_media":0,"comment_status":"open","ping_status":"open","sticky":false,"template":"","format":"standard","meta":{"_acf_changed":false,"_monsterinsights_skip_tracking":false,"footnotes":""},"categories":[33],"tags":[],"class_list":["post-22931","post","type-post","status-publish","format-standard","hentry","category-politica-e-atualidades-francisco-laviola"],"acf":[],"aioseo_notices":[],"aioseo_head":"\n\t\t<!-- All in One SEO 5.0.0.1 - aioseo.com -->\n\t<meta name=\"description\" content=\"N\u00e3o est\u00e1 nada f\u00e1cil para o colunista escrever sobre atualidades da pol\u00edtica brasileira. Engana-se redondamente aquele que pensa que pelo fato de haver um grande volume de fatos acontecendo, a tarefa se torna menos \u00e1rdua. Escrevo esse texto num momento em que o pa\u00eds e as suas principais institui\u00e7\u00f5es parecem estar de cabe\u00e7a para baixo.\" \/>\n\t<meta name=\"robots\" content=\"max-image-preview:large\" \/>\n\t<meta name=\"author\" content=\"Juliana Laviola\"\/>\n\t<link rel=\"canonical\" href=\"https:\/\/anoticiaonline.com.br\/site\/o-jeitinho-brasileiro-e-o-stf\/\" \/>\n\t<meta name=\"generator\" content=\"All in One SEO (AIOSEO) 5.0.0.1\" \/>\n\t\t<meta property=\"og:locale\" content=\"pt_BR\" \/>\n\t\t<meta property=\"og:site_name\" content=\"A Not\u00edcia Online - Noticias de Muria\u00e9 e regi\u00e3o\" \/>\n\t\t<meta property=\"og:type\" content=\"article\" \/>\n\t\t<meta property=\"og:title\" content=\"O jeitinho brasileiro e o STF - A Not\u00edcia Online\" \/>\n\t\t<meta property=\"og:description\" content=\"N\u00e3o est\u00e1 nada f\u00e1cil para o colunista escrever sobre atualidades da pol\u00edtica brasileira. Engana-se redondamente aquele que pensa que pelo fato de haver um grande volume de fatos acontecendo, a tarefa se torna menos \u00e1rdua. Escrevo esse texto num momento em que o pa\u00eds e as suas principais institui\u00e7\u00f5es parecem estar de cabe\u00e7a para baixo.\" \/>\n\t\t<meta property=\"og:url\" content=\"https:\/\/anoticiaonline.com.br\/site\/o-jeitinho-brasileiro-e-o-stf\/\" \/>\n\t\t<meta property=\"og:image\" content=\"https:\/\/scontent-gig4-1.xx.fbcdn.net\/v\/t39.30808-1\/270437624_4564083193639691_6907940295614233970_n.jpg?stp=dst-jpg_s200x200_tt6&#038;_nc_cat=111&#038;ccb=1-7&#038;_nc_sid=f907e8&#038;_nc_ohc=SM1wRlP3lJwQ7kNvwEPuBYA&#038;_nc_oc=AdnqrjDN_BNjSSHWO-GbkIWH6fkGMLw4bqvL_NH6e2wMveX7G-rP2dAqsDSq1mJMOaY&#038;_nc_zt=24&#038;_nc_ht=scontent-gig4-1.xx&#038;_nc_gid=AoBFJeGrT1hVaew_6rchkQ&#038;oh=00_AfX7QmFGhQhG2jAllVgXCiM1ZrWgvtp80-Bfppyexh1QEg&#038;oe=689E923C\" \/>\n\t\t<meta property=\"og:image:secure_url\" content=\"https:\/\/scontent-gig4-1.xx.fbcdn.net\/v\/t39.30808-1\/270437624_4564083193639691_6907940295614233970_n.jpg?stp=dst-jpg_s200x200_tt6&#038;_nc_cat=111&#038;ccb=1-7&#038;_nc_sid=f907e8&#038;_nc_ohc=SM1wRlP3lJwQ7kNvwEPuBYA&#038;_nc_oc=AdnqrjDN_BNjSSHWO-GbkIWH6fkGMLw4bqvL_NH6e2wMveX7G-rP2dAqsDSq1mJMOaY&#038;_nc_zt=24&#038;_nc_ht=scontent-gig4-1.xx&#038;_nc_gid=AoBFJeGrT1hVaew_6rchkQ&#038;oh=00_AfX7QmFGhQhG2jAllVgXCiM1ZrWgvtp80-Bfppyexh1QEg&#038;oe=689E923C\" \/>\n\t\t<meta property=\"article:published_time\" content=\"2016-12-15T22:27:21+00:00\" \/>\n\t\t<meta property=\"article:modified_time\" content=\"2016-12-15T22:27:21+00:00\" \/>\n\t\t<meta name=\"twitter:card\" content=\"summary_large_image\" \/>\n\t\t<meta name=\"twitter:title\" content=\"O jeitinho brasileiro e o STF - A Not\u00edcia Online\" \/>\n\t\t<meta name=\"twitter:description\" content=\"N\u00e3o est\u00e1 nada f\u00e1cil para o colunista escrever sobre atualidades da pol\u00edtica brasileira. Engana-se redondamente aquele que pensa que pelo fato de haver um grande volume de fatos acontecendo, a tarefa se torna menos \u00e1rdua. Escrevo esse texto num momento em que o pa\u00eds e as suas principais institui\u00e7\u00f5es parecem estar de cabe\u00e7a para baixo.\" \/>\n\t\t<meta name=\"twitter:image\" content=\"https:\/\/scontent-gig4-1.xx.fbcdn.net\/v\/t39.30808-1\/270437624_4564083193639691_6907940295614233970_n.jpg?stp=dst-jpg_s200x200_tt6&amp;_nc_cat=111&amp;ccb=1-7&amp;_nc_sid=f907e8&amp;_nc_ohc=SM1wRlP3lJwQ7kNvwEPuBYA&amp;_nc_oc=AdnqrjDN_BNjSSHWO-GbkIWH6fkGMLw4bqvL_NH6e2wMveX7G-rP2dAqsDSq1mJMOaY&amp;_nc_zt=24&amp;_nc_ht=scontent-gig4-1.xx&amp;_nc_gid=AoBFJeGrT1hVaew_6rchkQ&amp;oh=00_AfX7QmFGhQhG2jAllVgXCiM1ZrWgvtp80-Bfppyexh1QEg&amp;oe=689E923C\" \/>\n\t\t<script type=\"application\/ld+json\" class=\"aioseo-schema\">\n\t\t\t{\"@context\":\"https:\\\/\\\/schema.org\",\"@graph\":[{\"@type\":\"BlogPosting\",\"@id\":\"https:\\\/\\\/anoticiaonline.com.br\\\/site\\\/o-jeitinho-brasileiro-e-o-stf\\\/#blogposting\",\"name\":\"O jeitinho brasileiro e o STF - A Not\\u00edcia Online\",\"headline\":\"O jeitinho brasileiro e o STF\",\"author\":{\"@id\":\"https:\\\/\\\/anoticiaonline.com.br\\\/site\\\/author\\\/juliana\\\/#author\"},\"publisher\":{\"@id\":\"https:\\\/\\\/anoticiaonline.com.br\\\/site\\\/#organization\"},\"image\":{\"@type\":\"ImageObject\",\"url\":\"https:\\\/\\\/scontent-gig4-1.xx.fbcdn.net\\\/v\\\/t39.30808-1\\\/270437624_4564083193639691_6907940295614233970_n.jpg?stp=dst-jpg_s200x200_tt6&_nc_cat=111&ccb=1-7&_nc_sid=f907e8&_nc_ohc=SM1wRlP3lJwQ7kNvwEPuBYA&_nc_oc=AdnqrjDN_BNjSSHWO-GbkIWH6fkGMLw4bqvL_NH6e2wMveX7G-rP2dAqsDSq1mJMOaY&_nc_zt=24&_nc_ht=scontent-gig4-1.xx&_nc_gid=AoBFJeGrT1hVaew_6rchkQ&oh=00_AfX7QmFGhQhG2jAllVgXCiM1ZrWgvtp80-Bfppyexh1QEg&oe=689E923C\",\"@id\":\"https:\\\/\\\/anoticiaonline.com.br\\\/site\\\/#articleImage\"},\"datePublished\":\"2016-12-15T19:27:21-03:00\",\"dateModified\":\"2016-12-15T19:27:21-03:00\",\"inLanguage\":\"pt-BR\",\"mainEntityOfPage\":{\"@id\":\"https:\\\/\\\/anoticiaonline.com.br\\\/site\\\/o-jeitinho-brasileiro-e-o-stf\\\/#webpage\"},\"isPartOf\":{\"@id\":\"https:\\\/\\\/anoticiaonline.com.br\\\/site\\\/o-jeitinho-brasileiro-e-o-stf\\\/#webpage\"},\"articleSection\":\"Pol\\u00edtica e Atualidades - Francisco Laviola\"},{\"@type\":\"BreadcrumbList\",\"@id\":\"https:\\\/\\\/anoticiaonline.com.br\\\/site\\\/o-jeitinho-brasileiro-e-o-stf\\\/#breadcrumblist\",\"itemListElement\":[{\"@type\":\"ListItem\",\"@id\":\"https:\\\/\\\/anoticiaonline.com.br\\\/site#listItem\",\"position\":1,\"name\":\"Home\",\"item\":\"https:\\\/\\\/anoticiaonline.com.br\\\/site\",\"nextItem\":{\"@type\":\"ListItem\",\"@id\":\"https:\\\/\\\/anoticiaonline.com.br\\\/site\\\/categoria\\\/colunistas\\\/#listItem\",\"name\":\"Colunistas\"}},{\"@type\":\"ListItem\",\"@id\":\"https:\\\/\\\/anoticiaonline.com.br\\\/site\\\/categoria\\\/colunistas\\\/#listItem\",\"position\":2,\"name\":\"Colunistas\",\"item\":\"https:\\\/\\\/anoticiaonline.com.br\\\/site\\\/categoria\\\/colunistas\\\/\",\"nextItem\":{\"@type\":\"ListItem\",\"@id\":\"https:\\\/\\\/anoticiaonline.com.br\\\/site\\\/categoria\\\/colunistas\\\/politica-e-atualidades-francisco-laviola\\\/#listItem\",\"name\":\"Pol\\u00edtica e Atualidades - Francisco Laviola\"},\"previousItem\":{\"@type\":\"ListItem\",\"@id\":\"https:\\\/\\\/anoticiaonline.com.br\\\/site#listItem\",\"name\":\"Home\"}},{\"@type\":\"ListItem\",\"@id\":\"https:\\\/\\\/anoticiaonline.com.br\\\/site\\\/categoria\\\/colunistas\\\/politica-e-atualidades-francisco-laviola\\\/#listItem\",\"position\":3,\"name\":\"Pol\\u00edtica e Atualidades - Francisco Laviola\",\"item\":\"https:\\\/\\\/anoticiaonline.com.br\\\/site\\\/categoria\\\/colunistas\\\/politica-e-atualidades-francisco-laviola\\\/\",\"nextItem\":{\"@type\":\"ListItem\",\"@id\":\"https:\\\/\\\/anoticiaonline.com.br\\\/site\\\/o-jeitinho-brasileiro-e-o-stf\\\/#listItem\",\"name\":\"O jeitinho brasileiro e o STF\"},\"previousItem\":{\"@type\":\"ListItem\",\"@id\":\"https:\\\/\\\/anoticiaonline.com.br\\\/site\\\/categoria\\\/colunistas\\\/#listItem\",\"name\":\"Colunistas\"}},{\"@type\":\"ListItem\",\"@id\":\"https:\\\/\\\/anoticiaonline.com.br\\\/site\\\/o-jeitinho-brasileiro-e-o-stf\\\/#listItem\",\"position\":4,\"name\":\"O jeitinho brasileiro e o STF\",\"previousItem\":{\"@type\":\"ListItem\",\"@id\":\"https:\\\/\\\/anoticiaonline.com.br\\\/site\\\/categoria\\\/colunistas\\\/politica-e-atualidades-francisco-laviola\\\/#listItem\",\"name\":\"Pol\\u00edtica e Atualidades - Francisco Laviola\"}}]},{\"@type\":\"Organization\",\"@id\":\"https:\\\/\\\/anoticiaonline.com.br\\\/site\\\/#organization\",\"name\":\"A Not\\u00edcia Online\",\"description\":\"Noticias de Muria\\u00e9 e regi\\u00e3o\",\"url\":\"https:\\\/\\\/anoticiaonline.com.br\\\/site\\\/\",\"logo\":{\"@type\":\"ImageObject\",\"url\":\"https:\\\/\\\/scontent-gig4-1.xx.fbcdn.net\\\/v\\\/t39.30808-1\\\/270437624_4564083193639691_6907940295614233970_n.jpg?stp=dst-jpg_s200x200_tt6&_nc_cat=111&ccb=1-7&_nc_sid=f907e8&_nc_ohc=SM1wRlP3lJwQ7kNvwEPuBYA&_nc_oc=AdnqrjDN_BNjSSHWO-GbkIWH6fkGMLw4bqvL_NH6e2wMveX7G-rP2dAqsDSq1mJMOaY&_nc_zt=24&_nc_ht=scontent-gig4-1.xx&_nc_gid=AoBFJeGrT1hVaew_6rchkQ&oh=00_AfX7QmFGhQhG2jAllVgXCiM1ZrWgvtp80-Bfppyexh1QEg&oe=689E923C\",\"@id\":\"https:\\\/\\\/anoticiaonline.com.br\\\/site\\\/o-jeitinho-brasileiro-e-o-stf\\\/#organizationLogo\"},\"image\":{\"@id\":\"https:\\\/\\\/anoticiaonline.com.br\\\/site\\\/o-jeitinho-brasileiro-e-o-stf\\\/#organizationLogo\"}},{\"@type\":\"Person\",\"@id\":\"https:\\\/\\\/anoticiaonline.com.br\\\/site\\\/author\\\/juliana\\\/#author\",\"url\":\"https:\\\/\\\/anoticiaonline.com.br\\\/site\\\/author\\\/juliana\\\/\",\"name\":\"Juliana Laviola\",\"image\":{\"@type\":\"ImageObject\",\"@id\":\"https:\\\/\\\/anoticiaonline.com.br\\\/site\\\/o-jeitinho-brasileiro-e-o-stf\\\/#authorImage\",\"url\":\"https:\\\/\\\/secure.gravatar.com\\\/avatar\\\/b8d45f5c699b100dfaf0e543582f38f38bf94cb7ae3a5e9abf8d891a34773335?s=96&d=mm&r=g\",\"width\":96,\"height\":96,\"caption\":\"Juliana Laviola\"}},{\"@type\":\"WebPage\",\"@id\":\"https:\\\/\\\/anoticiaonline.com.br\\\/site\\\/o-jeitinho-brasileiro-e-o-stf\\\/#webpage\",\"url\":\"https:\\\/\\\/anoticiaonline.com.br\\\/site\\\/o-jeitinho-brasileiro-e-o-stf\\\/\",\"name\":\"O jeitinho brasileiro e o STF - A Not\\u00edcia Online\",\"description\":\"N\\u00e3o est\\u00e1 nada f\\u00e1cil para o colunista escrever sobre atualidades da pol\\u00edtica brasileira. Engana-se redondamente aquele que pensa que pelo fato de haver um grande volume de fatos acontecendo, a tarefa se torna menos \\u00e1rdua. Escrevo esse texto num momento em que o pa\\u00eds e as suas principais institui\\u00e7\\u00f5es parecem estar de cabe\\u00e7a para baixo.\",\"inLanguage\":\"pt-BR\",\"isPartOf\":{\"@id\":\"https:\\\/\\\/anoticiaonline.com.br\\\/site\\\/#website\"},\"breadcrumb\":{\"@id\":\"https:\\\/\\\/anoticiaonline.com.br\\\/site\\\/o-jeitinho-brasileiro-e-o-stf\\\/#breadcrumblist\"},\"author\":{\"@id\":\"https:\\\/\\\/anoticiaonline.com.br\\\/site\\\/author\\\/juliana\\\/#author\"},\"creator\":{\"@id\":\"https:\\\/\\\/anoticiaonline.com.br\\\/site\\\/author\\\/juliana\\\/#author\"},\"datePublished\":\"2016-12-15T19:27:21-03:00\",\"dateModified\":\"2016-12-15T19:27:21-03:00\"},{\"@type\":\"WebSite\",\"@id\":\"https:\\\/\\\/anoticiaonline.com.br\\\/site\\\/#website\",\"url\":\"https:\\\/\\\/anoticiaonline.com.br\\\/site\\\/\",\"name\":\"A Not\\u00edcia Online\",\"description\":\"Noticias de Muria\\u00e9 e regi\\u00e3o\",\"inLanguage\":\"pt-BR\",\"publisher\":{\"@id\":\"https:\\\/\\\/anoticiaonline.com.br\\\/site\\\/#organization\"}}]}\n\t\t<\/script>\n\t\t<!-- All in One SEO -->\n\n","aioseo_head_json":{"title":"O jeitinho brasileiro e o STF - A Not\u00edcia Online","description":"N\u00e3o est\u00e1 nada f\u00e1cil para o colunista escrever sobre atualidades da pol\u00edtica brasileira. Engana-se redondamente aquele que pensa que pelo fato de haver um grande volume de fatos acontecendo, a tarefa se torna menos \u00e1rdua. Escrevo esse texto num momento em que o pa\u00eds e as suas principais institui\u00e7\u00f5es parecem estar de cabe\u00e7a para baixo.","canonical_url":"https:\/\/anoticiaonline.com.br\/site\/o-jeitinho-brasileiro-e-o-stf\/","robots":"max-image-preview:large","keywords":"","webmasterTools":{"miscellaneous":""},"schema":{"@context":"https:\/\/schema.org","@graph":[{"@type":"BlogPosting","@id":"https:\/\/anoticiaonline.com.br\/site\/o-jeitinho-brasileiro-e-o-stf\/#blogposting","name":"O jeitinho brasileiro e o STF - A Not\u00edcia Online","headline":"O jeitinho brasileiro e o STF","author":{"@id":"https:\/\/anoticiaonline.com.br\/site\/author\/juliana\/#author"},"publisher":{"@id":"https:\/\/anoticiaonline.com.br\/site\/#organization"},"image":{"@type":"ImageObject","url":"https:\/\/scontent-gig4-1.xx.fbcdn.net\/v\/t39.30808-1\/270437624_4564083193639691_6907940295614233970_n.jpg?stp=dst-jpg_s200x200_tt6&_nc_cat=111&ccb=1-7&_nc_sid=f907e8&_nc_ohc=SM1wRlP3lJwQ7kNvwEPuBYA&_nc_oc=AdnqrjDN_BNjSSHWO-GbkIWH6fkGMLw4bqvL_NH6e2wMveX7G-rP2dAqsDSq1mJMOaY&_nc_zt=24&_nc_ht=scontent-gig4-1.xx&_nc_gid=AoBFJeGrT1hVaew_6rchkQ&oh=00_AfX7QmFGhQhG2jAllVgXCiM1ZrWgvtp80-Bfppyexh1QEg&oe=689E923C","@id":"https:\/\/anoticiaonline.com.br\/site\/#articleImage"},"datePublished":"2016-12-15T19:27:21-03:00","dateModified":"2016-12-15T19:27:21-03:00","inLanguage":"pt-BR","mainEntityOfPage":{"@id":"https:\/\/anoticiaonline.com.br\/site\/o-jeitinho-brasileiro-e-o-stf\/#webpage"},"isPartOf":{"@id":"https:\/\/anoticiaonline.com.br\/site\/o-jeitinho-brasileiro-e-o-stf\/#webpage"},"articleSection":"Pol\u00edtica e Atualidades - Francisco Laviola"},{"@type":"BreadcrumbList","@id":"https:\/\/anoticiaonline.com.br\/site\/o-jeitinho-brasileiro-e-o-stf\/#breadcrumblist","itemListElement":[{"@type":"ListItem","@id":"https:\/\/anoticiaonline.com.br\/site#listItem","position":1,"name":"Home","item":"https:\/\/anoticiaonline.com.br\/site","nextItem":{"@type":"ListItem","@id":"https:\/\/anoticiaonline.com.br\/site\/categoria\/colunistas\/#listItem","name":"Colunistas"}},{"@type":"ListItem","@id":"https:\/\/anoticiaonline.com.br\/site\/categoria\/colunistas\/#listItem","position":2,"name":"Colunistas","item":"https:\/\/anoticiaonline.com.br\/site\/categoria\/colunistas\/","nextItem":{"@type":"ListItem","@id":"https:\/\/anoticiaonline.com.br\/site\/categoria\/colunistas\/politica-e-atualidades-francisco-laviola\/#listItem","name":"Pol\u00edtica e Atualidades - Francisco Laviola"},"previousItem":{"@type":"ListItem","@id":"https:\/\/anoticiaonline.com.br\/site#listItem","name":"Home"}},{"@type":"ListItem","@id":"https:\/\/anoticiaonline.com.br\/site\/categoria\/colunistas\/politica-e-atualidades-francisco-laviola\/#listItem","position":3,"name":"Pol\u00edtica e Atualidades - Francisco Laviola","item":"https:\/\/anoticiaonline.com.br\/site\/categoria\/colunistas\/politica-e-atualidades-francisco-laviola\/","nextItem":{"@type":"ListItem","@id":"https:\/\/anoticiaonline.com.br\/site\/o-jeitinho-brasileiro-e-o-stf\/#listItem","name":"O jeitinho brasileiro e o STF"},"previousItem":{"@type":"ListItem","@id":"https:\/\/anoticiaonline.com.br\/site\/categoria\/colunistas\/#listItem","name":"Colunistas"}},{"@type":"ListItem","@id":"https:\/\/anoticiaonline.com.br\/site\/o-jeitinho-brasileiro-e-o-stf\/#listItem","position":4,"name":"O jeitinho brasileiro e o STF","previousItem":{"@type":"ListItem","@id":"https:\/\/anoticiaonline.com.br\/site\/categoria\/colunistas\/politica-e-atualidades-francisco-laviola\/#listItem","name":"Pol\u00edtica e Atualidades - Francisco Laviola"}}]},{"@type":"Organization","@id":"https:\/\/anoticiaonline.com.br\/site\/#organization","name":"A Not\u00edcia Online","description":"Noticias de Muria\u00e9 e regi\u00e3o","url":"https:\/\/anoticiaonline.com.br\/site\/","logo":{"@type":"ImageObject","url":"https:\/\/scontent-gig4-1.xx.fbcdn.net\/v\/t39.30808-1\/270437624_4564083193639691_6907940295614233970_n.jpg?stp=dst-jpg_s200x200_tt6&_nc_cat=111&ccb=1-7&_nc_sid=f907e8&_nc_ohc=SM1wRlP3lJwQ7kNvwEPuBYA&_nc_oc=AdnqrjDN_BNjSSHWO-GbkIWH6fkGMLw4bqvL_NH6e2wMveX7G-rP2dAqsDSq1mJMOaY&_nc_zt=24&_nc_ht=scontent-gig4-1.xx&_nc_gid=AoBFJeGrT1hVaew_6rchkQ&oh=00_AfX7QmFGhQhG2jAllVgXCiM1ZrWgvtp80-Bfppyexh1QEg&oe=689E923C","@id":"https:\/\/anoticiaonline.com.br\/site\/o-jeitinho-brasileiro-e-o-stf\/#organizationLogo"},"image":{"@id":"https:\/\/anoticiaonline.com.br\/site\/o-jeitinho-brasileiro-e-o-stf\/#organizationLogo"}},{"@type":"Person","@id":"https:\/\/anoticiaonline.com.br\/site\/author\/juliana\/#author","url":"https:\/\/anoticiaonline.com.br\/site\/author\/juliana\/","name":"Juliana Laviola","image":{"@type":"ImageObject","@id":"https:\/\/anoticiaonline.com.br\/site\/o-jeitinho-brasileiro-e-o-stf\/#authorImage","url":"https:\/\/secure.gravatar.com\/avatar\/b8d45f5c699b100dfaf0e543582f38f38bf94cb7ae3a5e9abf8d891a34773335?s=96&d=mm&r=g","width":96,"height":96,"caption":"Juliana Laviola"}},{"@type":"WebPage","@id":"https:\/\/anoticiaonline.com.br\/site\/o-jeitinho-brasileiro-e-o-stf\/#webpage","url":"https:\/\/anoticiaonline.com.br\/site\/o-jeitinho-brasileiro-e-o-stf\/","name":"O jeitinho brasileiro e o STF - A Not\u00edcia Online","description":"N\u00e3o est\u00e1 nada f\u00e1cil para o colunista escrever sobre atualidades da pol\u00edtica brasileira. Engana-se redondamente aquele que pensa que pelo fato de haver um grande volume de fatos acontecendo, a tarefa se torna menos \u00e1rdua. Escrevo esse texto num momento em que o pa\u00eds e as suas principais institui\u00e7\u00f5es parecem estar de cabe\u00e7a para baixo.","inLanguage":"pt-BR","isPartOf":{"@id":"https:\/\/anoticiaonline.com.br\/site\/#website"},"breadcrumb":{"@id":"https:\/\/anoticiaonline.com.br\/site\/o-jeitinho-brasileiro-e-o-stf\/#breadcrumblist"},"author":{"@id":"https:\/\/anoticiaonline.com.br\/site\/author\/juliana\/#author"},"creator":{"@id":"https:\/\/anoticiaonline.com.br\/site\/author\/juliana\/#author"},"datePublished":"2016-12-15T19:27:21-03:00","dateModified":"2016-12-15T19:27:21-03:00"},{"@type":"WebSite","@id":"https:\/\/anoticiaonline.com.br\/site\/#website","url":"https:\/\/anoticiaonline.com.br\/site\/","name":"A Not\u00edcia Online","description":"Noticias de Muria\u00e9 e regi\u00e3o","inLanguage":"pt-BR","publisher":{"@id":"https:\/\/anoticiaonline.com.br\/site\/#organization"}}]},"og:locale":"pt_BR","og:site_name":"A Not\u00edcia Online - Noticias de Muria\u00e9 e regi\u00e3o","og:type":"article","og:title":"O jeitinho brasileiro e o STF - A Not\u00edcia Online","og:description":"N\u00e3o est\u00e1 nada f\u00e1cil para o colunista escrever sobre atualidades da pol\u00edtica brasileira. Engana-se redondamente aquele que pensa que pelo fato de haver um grande volume de fatos acontecendo, a tarefa se torna menos \u00e1rdua. Escrevo esse texto num momento em que o pa\u00eds e as suas principais institui\u00e7\u00f5es parecem estar de cabe\u00e7a para baixo.","og:url":"https:\/\/anoticiaonline.com.br\/site\/o-jeitinho-brasileiro-e-o-stf\/","og:image":"https:\/\/scontent-gig4-1.xx.fbcdn.net\/v\/t39.30808-1\/270437624_4564083193639691_6907940295614233970_n.jpg?stp=dst-jpg_s200x200_tt6&#038;_nc_cat=111&#038;ccb=1-7&#038;_nc_sid=f907e8&#038;_nc_ohc=SM1wRlP3lJwQ7kNvwEPuBYA&#038;_nc_oc=AdnqrjDN_BNjSSHWO-GbkIWH6fkGMLw4bqvL_NH6e2wMveX7G-rP2dAqsDSq1mJMOaY&#038;_nc_zt=24&#038;_nc_ht=scontent-gig4-1.xx&#038;_nc_gid=AoBFJeGrT1hVaew_6rchkQ&#038;oh=00_AfX7QmFGhQhG2jAllVgXCiM1ZrWgvtp80-Bfppyexh1QEg&#038;oe=689E923C","og:image:secure_url":"https:\/\/scontent-gig4-1.xx.fbcdn.net\/v\/t39.30808-1\/270437624_4564083193639691_6907940295614233970_n.jpg?stp=dst-jpg_s200x200_tt6&#038;_nc_cat=111&#038;ccb=1-7&#038;_nc_sid=f907e8&#038;_nc_ohc=SM1wRlP3lJwQ7kNvwEPuBYA&#038;_nc_oc=AdnqrjDN_BNjSSHWO-GbkIWH6fkGMLw4bqvL_NH6e2wMveX7G-rP2dAqsDSq1mJMOaY&#038;_nc_zt=24&#038;_nc_ht=scontent-gig4-1.xx&#038;_nc_gid=AoBFJeGrT1hVaew_6rchkQ&#038;oh=00_AfX7QmFGhQhG2jAllVgXCiM1ZrWgvtp80-Bfppyexh1QEg&#038;oe=689E923C","article:published_time":"2016-12-15T22:27:21+00:00","article:modified_time":"2016-12-15T22:27:21+00:00","twitter:card":"summary_large_image","twitter:title":"O jeitinho brasileiro e o STF - A Not\u00edcia Online","twitter:description":"N\u00e3o est\u00e1 nada f\u00e1cil para o colunista escrever sobre atualidades da pol\u00edtica brasileira. Engana-se redondamente aquele que pensa que pelo fato de haver um grande volume de fatos acontecendo, a tarefa se torna menos \u00e1rdua. Escrevo esse texto num momento em que o pa\u00eds e as suas principais institui\u00e7\u00f5es parecem estar de cabe\u00e7a para baixo.","twitter:image":"https:\/\/scontent-gig4-1.xx.fbcdn.net\/v\/t39.30808-1\/270437624_4564083193639691_6907940295614233970_n.jpg?stp=dst-jpg_s200x200_tt6&_nc_cat=111&ccb=1-7&_nc_sid=f907e8&_nc_ohc=SM1wRlP3lJwQ7kNvwEPuBYA&_nc_oc=AdnqrjDN_BNjSSHWO-GbkIWH6fkGMLw4bqvL_NH6e2wMveX7G-rP2dAqsDSq1mJMOaY&_nc_zt=24&_nc_ht=scontent-gig4-1.xx&_nc_gid=AoBFJeGrT1hVaew_6rchkQ&oh=00_AfX7QmFGhQhG2jAllVgXCiM1ZrWgvtp80-Bfppyexh1QEg&oe=689E923C"},"aioseo_meta_data":{"post_id":"22931","title":null,"description":null,"keywords":null,"keyphrases":null,"primary_term":null,"canonical_url":null,"og_title":null,"og_description":null,"og_object_type":"default","og_image_type":"default","og_image_url":null,"og_image_width":null,"og_image_height":null,"og_image_custom_url":null,"og_image_custom_fields":null,"og_video":null,"og_custom_url":null,"og_article_section":null,"og_article_tags":null,"twitter_use_og":false,"twitter_card":"default","twitter_image_type":"default","twitter_image_url":null,"twitter_image_custom_url":null,"twitter_image_custom_fields":null,"twitter_title":null,"twitter_description":null,"schema":{"blockGraphs":[],"customGraphs":[],"default":{"data":{"Article":[],"Course":[],"Dataset":[],"FAQPage":[],"Movie":[],"Person":[],"Product":[],"ProductReview":[],"Car":[],"Recipe":[],"Service":[],"SoftwareApplication":[],"WebPage":[]},"graphName":"","isEnabled":true},"graphs":[]},"schema_type":"default","schema_type_options":null,"pillar_content":false,"robots_default":true,"robots_noindex":false,"robots_noarchive":false,"robots_nosnippet":false,"robots_nofollow":false,"robots_noimageindex":false,"robots_noodp":false,"robots_notranslate":false,"robots_max_snippet":null,"robots_max_videopreview":null,"robots_max_imagepreview":"large","priority":null,"frequency":null,"local_seo":null,"breadcrumb_settings":null,"limit_modified_date":false,"ai":null,"created":"2025-08-16 17:21:30","updated":"2025-08-16 17:21:30","focus_keyword":null,"additional_keywords":null,"truseo_locale":null,"seo_analyzer_scan_date":null},"aioseo_breadcrumb":"<div class=\"aioseo-breadcrumbs\"><span class=\"aioseo-breadcrumb\">\n\t\t\t<a href=\"https:\/\/anoticiaonline.com.br\/site\" title=\"Home\">Home<\/a>\n\t\t<\/span><span class=\"aioseo-breadcrumb-separator\">&raquo;<\/span><span class=\"aioseo-breadcrumb\">\n\t\t\t<a href=\"https:\/\/anoticiaonline.com.br\/site\/categoria\/colunistas\/\" title=\"Colunistas\">Colunistas<\/a>\n\t\t<\/span><span class=\"aioseo-breadcrumb-separator\">&raquo;<\/span><span class=\"aioseo-breadcrumb\">\n\t\t\t<a href=\"https:\/\/anoticiaonline.com.br\/site\/categoria\/colunistas\/politica-e-atualidades-francisco-laviola\/\" title=\"Pol\u00edtica e Atualidades - Francisco Laviola\">Pol\u00edtica e Atualidades - Francisco Laviola<\/a>\n\t\t<\/span><span class=\"aioseo-breadcrumb-separator\">&raquo;<\/span><span class=\"aioseo-breadcrumb\">\n\t\t\tO jeitinho brasileiro e o STF\n\t\t<\/span><\/div>","aioseo_breadcrumb_json":[{"label":"Home","link":"https:\/\/anoticiaonline.com.br\/site"},{"label":"Colunistas","link":"https:\/\/anoticiaonline.com.br\/site\/categoria\/colunistas\/"},{"label":"Pol\u00edtica e Atualidades - Francisco Laviola","link":"https:\/\/anoticiaonline.com.br\/site\/categoria\/colunistas\/politica-e-atualidades-francisco-laviola\/"},{"label":"O jeitinho brasileiro e o STF","link":"https:\/\/anoticiaonline.com.br\/site\/o-jeitinho-brasileiro-e-o-stf\/"}],"views":104,"_links":{"self":[{"href":"https:\/\/anoticiaonline.com.br\/site\/wp-json\/wp\/v2\/posts\/22931","targetHints":{"allow":["GET"]}}],"collection":[{"href":"https:\/\/anoticiaonline.com.br\/site\/wp-json\/wp\/v2\/posts"}],"about":[{"href":"https:\/\/anoticiaonline.com.br\/site\/wp-json\/wp\/v2\/types\/post"}],"author":[{"embeddable":true,"href":"https:\/\/anoticiaonline.com.br\/site\/wp-json\/wp\/v2\/users\/2"}],"replies":[{"embeddable":true,"href":"https:\/\/anoticiaonline.com.br\/site\/wp-json\/wp\/v2\/comments?post=22931"}],"version-history":[{"count":0,"href":"https:\/\/anoticiaonline.com.br\/site\/wp-json\/wp\/v2\/posts\/22931\/revisions"}],"wp:attachment":[{"href":"https:\/\/anoticiaonline.com.br\/site\/wp-json\/wp\/v2\/media?parent=22931"}],"wp:term":[{"taxonomy":"category","embeddable":true,"href":"https:\/\/anoticiaonline.com.br\/site\/wp-json\/wp\/v2\/categories?post=22931"},{"taxonomy":"post_tag","embeddable":true,"href":"https:\/\/anoticiaonline.com.br\/site\/wp-json\/wp\/v2\/tags?post=22931"}],"curies":[{"name":"wp","href":"https:\/\/api.w.org\/{rel}","templated":true}]}}