{"id":22919,"date":"2016-12-15T16:27:56","date_gmt":"2016-12-15T19:27:56","guid":{"rendered":"http:\/\/anoticiaonline.com.br\/site\/?p=22919"},"modified":"2016-12-15T16:27:56","modified_gmt":"2016-12-15T19:27:56","slug":"camara-entra-em-recesso-parlamentar","status":"publish","type":"post","link":"https:\/\/anoticiaonline.com.br\/site\/camara-entra-em-recesso-parlamentar\/","title":{"rendered":"C\u00e2mara entra em recesso parlamentar"},"content":{"rendered":"<p><a href=\"https:\/\/anoticiaonline.com.br\/site\/wp-content\/uploads\/2016\/08\/C\u00e2mara-Municipal-2.jpg\"><img fetchpriority=\"high\" decoding=\"async\" class=\" size-medium wp-image-16935 alignleft\" src=\"https:\/\/anoticiaonline.com.br\/site\/wp-content\/uploads\/2016\/08\/C\u00e2mara-Municipal-2-300x213.jpg\" alt=\"C\u00e2mara Municipal 2\" width=\"300\" height=\"213\" srcset=\"https:\/\/anoticiaonline.com.br\/site\/wp-content\/uploads\/2016\/08\/C\u00e2mara-Municipal-2-300x213.jpg 300w, https:\/\/anoticiaonline.com.br\/site\/wp-content\/uploads\/2016\/08\/C\u00e2mara-Municipal-2.jpg 640w\" sizes=\"(max-width: 300px) 100vw, 300px\" \/><\/a>A C\u00e2mara de Vereadores de Muria\u00e9 entrou em recesso parlamentar nesta quinta-feira (15), por\u00e9m, nesse per\u00edodo haver\u00e1 a solenidade de posse do prefeito, vice e vereadores \u2013 a cerim\u00f4nia ser\u00e1 realizada no dia 1\u00ba de janeiro, no Unifaminas. H\u00e1 ainda a possibilidade de acontecer uma reuni\u00e3o extraordin\u00e1ria na pr\u00f3xima semana.<\/p>\n<p>Ainda durante o recesso acontecer\u00e1 a posse do novo presidente da Casa Legislativa, bem como a elei\u00e7\u00e3o da Mesa Diretora, a qual ainda n\u00e3o tem data marcada para ser realizada.<\/p>\n<p>O retorno das atividades acontecer\u00e1 no dia 1\u00ba de fevereiro de 2017, e a primeira reuni\u00e3o acontece no dia 7 do mesmo m\u00eas.<\/p>\n","protected":false},"excerpt":{"rendered":"<p>A C\u00e2mara de Vereadores de Muria\u00e9 entrou em recesso parlamentar nesta quinta-feira (15), por\u00e9m, nesse per\u00edodo haver\u00e1 a solenidade de posse do prefeito, vice e vereadores \u2013 a cerim\u00f4nia ser\u00e1 realizada no dia 1\u00ba de janeiro, no Unifaminas. H\u00e1 ainda a possibilidade de acontecer uma reuni\u00e3o extraordin\u00e1ria na pr\u00f3xima semana. Ainda durante o recesso acontecer\u00e1 &#8230; <a title=\"C\u00e2mara entra em recesso parlamentar\" class=\"read-more\" href=\"https:\/\/anoticiaonline.com.br\/site\/camara-entra-em-recesso-parlamentar\/\" aria-label=\"Read more about C\u00e2mara entra em recesso parlamentar\">Ler mais<\/a><\/p>\n","protected":false},"author":2,"featured_media":16935,"comment_status":"open","ping_status":"open","sticky":false,"template":"","format":"standard","meta":{"_acf_changed":false,"_monsterinsights_skip_tracking":false,"footnotes":""},"categories":[30],"tags":[3],"class_list":["post-22919","post","type-post","status-publish","format-standard","has-post-thumbnail","hentry","category-muriae","tag-slide"],"acf":[],"aioseo_notices":[],"aioseo_head":"\n\t\t<!-- All in One SEO 5.0.0.1 - aioseo.com -->\n\t<meta name=\"description\" content=\"A C\u00e2mara de Vereadores de Muria\u00e9 entrou em recesso parlamentar nesta quinta-feira (15), por\u00e9m, nesse per\u00edodo haver\u00e1 a solenidade de posse do prefeito, vice e vereadores \u2013 a cerim\u00f4nia ser\u00e1 realizada no dia 1\u00ba de janeiro, no Unifaminas. H\u00e1 ainda a possibilidade de acontecer uma reuni\u00e3o extraordin\u00e1ria na pr\u00f3xima semana. Ainda durante o recesso acontecer\u00e1\" \/>\n\t<meta name=\"robots\" content=\"max-image-preview:large\" \/>\n\t<meta name=\"author\" content=\"Juliana Laviola\"\/>\n\t<link rel=\"canonical\" href=\"https:\/\/anoticiaonline.com.br\/site\/camara-entra-em-recesso-parlamentar\/\" \/>\n\t<meta name=\"generator\" content=\"All in One SEO (AIOSEO) 5.0.0.1\" \/>\n\t\t<meta property=\"og:locale\" content=\"pt_BR\" \/>\n\t\t<meta property=\"og:site_name\" content=\"A Not\u00edcia Online - Noticias de Muria\u00e9 e regi\u00e3o\" \/>\n\t\t<meta property=\"og:type\" content=\"article\" \/>\n\t\t<meta property=\"og:title\" content=\"C\u00e2mara entra em recesso parlamentar - A Not\u00edcia Online\" \/>\n\t\t<meta property=\"og:description\" content=\"A C\u00e2mara de Vereadores de Muria\u00e9 entrou em recesso parlamentar nesta quinta-feira (15), por\u00e9m, nesse per\u00edodo haver\u00e1 a solenidade de posse do prefeito, vice e vereadores \u2013 a cerim\u00f4nia ser\u00e1 realizada no dia 1\u00ba de janeiro, no Unifaminas. H\u00e1 ainda a possibilidade de acontecer uma reuni\u00e3o extraordin\u00e1ria na pr\u00f3xima semana. Ainda durante o recesso acontecer\u00e1\" \/>\n\t\t<meta property=\"og:url\" content=\"https:\/\/anoticiaonline.com.br\/site\/camara-entra-em-recesso-parlamentar\/\" \/>\n\t\t<meta property=\"og:image\" content=\"https:\/\/scontent-gig4-1.xx.fbcdn.net\/v\/t39.30808-1\/270437624_4564083193639691_6907940295614233970_n.jpg?stp=dst-jpg_s200x200_tt6&#038;_nc_cat=111&#038;ccb=1-7&#038;_nc_sid=f907e8&#038;_nc_ohc=SM1wRlP3lJwQ7kNvwEPuBYA&#038;_nc_oc=AdnqrjDN_BNjSSHWO-GbkIWH6fkGMLw4bqvL_NH6e2wMveX7G-rP2dAqsDSq1mJMOaY&#038;_nc_zt=24&#038;_nc_ht=scontent-gig4-1.xx&#038;_nc_gid=AoBFJeGrT1hVaew_6rchkQ&#038;oh=00_AfX7QmFGhQhG2jAllVgXCiM1ZrWgvtp80-Bfppyexh1QEg&#038;oe=689E923C\" \/>\n\t\t<meta property=\"og:image:secure_url\" content=\"https:\/\/scontent-gig4-1.xx.fbcdn.net\/v\/t39.30808-1\/270437624_4564083193639691_6907940295614233970_n.jpg?stp=dst-jpg_s200x200_tt6&#038;_nc_cat=111&#038;ccb=1-7&#038;_nc_sid=f907e8&#038;_nc_ohc=SM1wRlP3lJwQ7kNvwEPuBYA&#038;_nc_oc=AdnqrjDN_BNjSSHWO-GbkIWH6fkGMLw4bqvL_NH6e2wMveX7G-rP2dAqsDSq1mJMOaY&#038;_nc_zt=24&#038;_nc_ht=scontent-gig4-1.xx&#038;_nc_gid=AoBFJeGrT1hVaew_6rchkQ&#038;oh=00_AfX7QmFGhQhG2jAllVgXCiM1ZrWgvtp80-Bfppyexh1QEg&#038;oe=689E923C\" \/>\n\t\t<meta property=\"article:published_time\" content=\"2016-12-15T19:27:56+00:00\" \/>\n\t\t<meta property=\"article:modified_time\" content=\"2016-12-15T19:27:56+00:00\" \/>\n\t\t<meta name=\"twitter:card\" content=\"summary_large_image\" \/>\n\t\t<meta name=\"twitter:title\" content=\"C\u00e2mara entra em recesso parlamentar - A Not\u00edcia Online\" \/>\n\t\t<meta name=\"twitter:description\" content=\"A C\u00e2mara de Vereadores de Muria\u00e9 entrou em recesso parlamentar nesta quinta-feira (15), por\u00e9m, nesse per\u00edodo haver\u00e1 a solenidade de posse do prefeito, vice e vereadores \u2013 a cerim\u00f4nia ser\u00e1 realizada no dia 1\u00ba de janeiro, no Unifaminas. H\u00e1 ainda a possibilidade de acontecer uma reuni\u00e3o extraordin\u00e1ria na pr\u00f3xima semana. Ainda durante o recesso acontecer\u00e1\" \/>\n\t\t<meta name=\"twitter:image\" content=\"https:\/\/scontent-gig4-1.xx.fbcdn.net\/v\/t39.30808-1\/270437624_4564083193639691_6907940295614233970_n.jpg?stp=dst-jpg_s200x200_tt6&amp;_nc_cat=111&amp;ccb=1-7&amp;_nc_sid=f907e8&amp;_nc_ohc=SM1wRlP3lJwQ7kNvwEPuBYA&amp;_nc_oc=AdnqrjDN_BNjSSHWO-GbkIWH6fkGMLw4bqvL_NH6e2wMveX7G-rP2dAqsDSq1mJMOaY&amp;_nc_zt=24&amp;_nc_ht=scontent-gig4-1.xx&amp;_nc_gid=AoBFJeGrT1hVaew_6rchkQ&amp;oh=00_AfX7QmFGhQhG2jAllVgXCiM1ZrWgvtp80-Bfppyexh1QEg&amp;oe=689E923C\" \/>\n\t\t<script type=\"application\/ld+json\" class=\"aioseo-schema\">\n\t\t\t{\"@context\":\"https:\\\/\\\/schema.org\",\"@graph\":[{\"@type\":\"BlogPosting\",\"@id\":\"https:\\\/\\\/anoticiaonline.com.br\\\/site\\\/camara-entra-em-recesso-parlamentar\\\/#blogposting\",\"name\":\"C\\u00e2mara entra em recesso parlamentar - A Not\\u00edcia Online\",\"headline\":\"C\\u00e2mara entra em recesso parlamentar\",\"author\":{\"@id\":\"https:\\\/\\\/anoticiaonline.com.br\\\/site\\\/author\\\/juliana\\\/#author\"},\"publisher\":{\"@id\":\"https:\\\/\\\/anoticiaonline.com.br\\\/site\\\/#organization\"},\"image\":{\"@type\":\"ImageObject\",\"url\":\"https:\\\/\\\/anoticiaonline.com.br\\\/site\\\/wp-content\\\/uploads\\\/2016\\\/08\\\/C\\u00e2mara-Municipal-2.jpg\",\"width\":640,\"height\":455},\"datePublished\":\"2016-12-15T16:27:56-03:00\",\"dateModified\":\"2016-12-15T16:27:56-03:00\",\"inLanguage\":\"pt-BR\",\"mainEntityOfPage\":{\"@id\":\"https:\\\/\\\/anoticiaonline.com.br\\\/site\\\/camara-entra-em-recesso-parlamentar\\\/#webpage\"},\"isPartOf\":{\"@id\":\"https:\\\/\\\/anoticiaonline.com.br\\\/site\\\/camara-entra-em-recesso-parlamentar\\\/#webpage\"},\"articleSection\":\"Blog, slide\"},{\"@type\":\"BreadcrumbList\",\"@id\":\"https:\\\/\\\/anoticiaonline.com.br\\\/site\\\/camara-entra-em-recesso-parlamentar\\\/#breadcrumblist\",\"itemListElement\":[{\"@type\":\"ListItem\",\"@id\":\"https:\\\/\\\/anoticiaonline.com.br\\\/site#listItem\",\"position\":1,\"name\":\"Home\",\"item\":\"https:\\\/\\\/anoticiaonline.com.br\\\/site\",\"nextItem\":{\"@type\":\"ListItem\",\"@id\":\"https:\\\/\\\/anoticiaonline.com.br\\\/site\\\/categoria\\\/muriae\\\/#listItem\",\"name\":\"Blog\"}},{\"@type\":\"ListItem\",\"@id\":\"https:\\\/\\\/anoticiaonline.com.br\\\/site\\\/categoria\\\/muriae\\\/#listItem\",\"position\":2,\"name\":\"Blog\",\"item\":\"https:\\\/\\\/anoticiaonline.com.br\\\/site\\\/categoria\\\/muriae\\\/\",\"nextItem\":{\"@type\":\"ListItem\",\"@id\":\"https:\\\/\\\/anoticiaonline.com.br\\\/site\\\/camara-entra-em-recesso-parlamentar\\\/#listItem\",\"name\":\"C\\u00e2mara entra em recesso parlamentar\"},\"previousItem\":{\"@type\":\"ListItem\",\"@id\":\"https:\\\/\\\/anoticiaonline.com.br\\\/site#listItem\",\"name\":\"Home\"}},{\"@type\":\"ListItem\",\"@id\":\"https:\\\/\\\/anoticiaonline.com.br\\\/site\\\/camara-entra-em-recesso-parlamentar\\\/#listItem\",\"position\":3,\"name\":\"C\\u00e2mara entra em recesso parlamentar\",\"previousItem\":{\"@type\":\"ListItem\",\"@id\":\"https:\\\/\\\/anoticiaonline.com.br\\\/site\\\/categoria\\\/muriae\\\/#listItem\",\"name\":\"Blog\"}}]},{\"@type\":\"Organization\",\"@id\":\"https:\\\/\\\/anoticiaonline.com.br\\\/site\\\/#organization\",\"name\":\"A Not\\u00edcia Online\",\"description\":\"Noticias de Muria\\u00e9 e regi\\u00e3o\",\"url\":\"https:\\\/\\\/anoticiaonline.com.br\\\/site\\\/\",\"logo\":{\"@type\":\"ImageObject\",\"url\":\"https:\\\/\\\/scontent-gig4-1.xx.fbcdn.net\\\/v\\\/t39.30808-1\\\/270437624_4564083193639691_6907940295614233970_n.jpg?stp=dst-jpg_s200x200_tt6&_nc_cat=111&ccb=1-7&_nc_sid=f907e8&_nc_ohc=SM1wRlP3lJwQ7kNvwEPuBYA&_nc_oc=AdnqrjDN_BNjSSHWO-GbkIWH6fkGMLw4bqvL_NH6e2wMveX7G-rP2dAqsDSq1mJMOaY&_nc_zt=24&_nc_ht=scontent-gig4-1.xx&_nc_gid=AoBFJeGrT1hVaew_6rchkQ&oh=00_AfX7QmFGhQhG2jAllVgXCiM1ZrWgvtp80-Bfppyexh1QEg&oe=689E923C\",\"@id\":\"https:\\\/\\\/anoticiaonline.com.br\\\/site\\\/camara-entra-em-recesso-parlamentar\\\/#organizationLogo\"},\"image\":{\"@id\":\"https:\\\/\\\/anoticiaonline.com.br\\\/site\\\/camara-entra-em-recesso-parlamentar\\\/#organizationLogo\"}},{\"@type\":\"Person\",\"@id\":\"https:\\\/\\\/anoticiaonline.com.br\\\/site\\\/author\\\/juliana\\\/#author\",\"url\":\"https:\\\/\\\/anoticiaonline.com.br\\\/site\\\/author\\\/juliana\\\/\",\"name\":\"Juliana Laviola\",\"image\":{\"@type\":\"ImageObject\",\"@id\":\"https:\\\/\\\/anoticiaonline.com.br\\\/site\\\/camara-entra-em-recesso-parlamentar\\\/#authorImage\",\"url\":\"https:\\\/\\\/secure.gravatar.com\\\/avatar\\\/b8d45f5c699b100dfaf0e543582f38f38bf94cb7ae3a5e9abf8d891a34773335?s=96&d=mm&r=g\",\"width\":96,\"height\":96,\"caption\":\"Juliana Laviola\"}},{\"@type\":\"WebPage\",\"@id\":\"https:\\\/\\\/anoticiaonline.com.br\\\/site\\\/camara-entra-em-recesso-parlamentar\\\/#webpage\",\"url\":\"https:\\\/\\\/anoticiaonline.com.br\\\/site\\\/camara-entra-em-recesso-parlamentar\\\/\",\"name\":\"C\\u00e2mara entra em recesso parlamentar - A Not\\u00edcia Online\",\"description\":\"A C\\u00e2mara de Vereadores de Muria\\u00e9 entrou em recesso parlamentar nesta quinta-feira (15), por\\u00e9m, nesse per\\u00edodo haver\\u00e1 a solenidade de posse do prefeito, vice e vereadores \\u2013 a cerim\\u00f4nia ser\\u00e1 realizada no dia 1\\u00ba de janeiro, no Unifaminas. H\\u00e1 ainda a possibilidade de acontecer uma reuni\\u00e3o extraordin\\u00e1ria na pr\\u00f3xima semana. Ainda durante o recesso acontecer\\u00e1\",\"inLanguage\":\"pt-BR\",\"isPartOf\":{\"@id\":\"https:\\\/\\\/anoticiaonline.com.br\\\/site\\\/#website\"},\"breadcrumb\":{\"@id\":\"https:\\\/\\\/anoticiaonline.com.br\\\/site\\\/camara-entra-em-recesso-parlamentar\\\/#breadcrumblist\"},\"author\":{\"@id\":\"https:\\\/\\\/anoticiaonline.com.br\\\/site\\\/author\\\/juliana\\\/#author\"},\"creator\":{\"@id\":\"https:\\\/\\\/anoticiaonline.com.br\\\/site\\\/author\\\/juliana\\\/#author\"},\"image\":{\"@type\":\"ImageObject\",\"url\":\"https:\\\/\\\/anoticiaonline.com.br\\\/site\\\/wp-content\\\/uploads\\\/2016\\\/08\\\/C\\u00e2mara-Municipal-2.jpg\",\"@id\":\"https:\\\/\\\/anoticiaonline.com.br\\\/site\\\/camara-entra-em-recesso-parlamentar\\\/#mainImage\",\"width\":640,\"height\":455},\"primaryImageOfPage\":{\"@id\":\"https:\\\/\\\/anoticiaonline.com.br\\\/site\\\/camara-entra-em-recesso-parlamentar\\\/#mainImage\"},\"datePublished\":\"2016-12-15T16:27:56-03:00\",\"dateModified\":\"2016-12-15T16:27:56-03:00\"},{\"@type\":\"WebSite\",\"@id\":\"https:\\\/\\\/anoticiaonline.com.br\\\/site\\\/#website\",\"url\":\"https:\\\/\\\/anoticiaonline.com.br\\\/site\\\/\",\"name\":\"A Not\\u00edcia Online\",\"description\":\"Noticias de Muria\\u00e9 e regi\\u00e3o\",\"inLanguage\":\"pt-BR\",\"publisher\":{\"@id\":\"https:\\\/\\\/anoticiaonline.com.br\\\/site\\\/#organization\"}}]}\n\t\t<\/script>\n\t\t<!-- All in One SEO -->\n\n","aioseo_head_json":{"title":"C\u00e2mara entra em recesso parlamentar - A Not\u00edcia Online","description":"A C\u00e2mara de Vereadores de Muria\u00e9 entrou em recesso parlamentar nesta quinta-feira (15), por\u00e9m, nesse per\u00edodo haver\u00e1 a solenidade de posse do prefeito, vice e vereadores \u2013 a cerim\u00f4nia ser\u00e1 realizada no dia 1\u00ba de janeiro, no Unifaminas. H\u00e1 ainda a possibilidade de acontecer uma reuni\u00e3o extraordin\u00e1ria na pr\u00f3xima semana. Ainda durante o recesso acontecer\u00e1","canonical_url":"https:\/\/anoticiaonline.com.br\/site\/camara-entra-em-recesso-parlamentar\/","robots":"max-image-preview:large","keywords":"","webmasterTools":{"miscellaneous":""},"schema":{"@context":"https:\/\/schema.org","@graph":[{"@type":"BlogPosting","@id":"https:\/\/anoticiaonline.com.br\/site\/camara-entra-em-recesso-parlamentar\/#blogposting","name":"C\u00e2mara entra em recesso parlamentar - A Not\u00edcia Online","headline":"C\u00e2mara entra em recesso parlamentar","author":{"@id":"https:\/\/anoticiaonline.com.br\/site\/author\/juliana\/#author"},"publisher":{"@id":"https:\/\/anoticiaonline.com.br\/site\/#organization"},"image":{"@type":"ImageObject","url":"https:\/\/anoticiaonline.com.br\/site\/wp-content\/uploads\/2016\/08\/C\u00e2mara-Municipal-2.jpg","width":640,"height":455},"datePublished":"2016-12-15T16:27:56-03:00","dateModified":"2016-12-15T16:27:56-03:00","inLanguage":"pt-BR","mainEntityOfPage":{"@id":"https:\/\/anoticiaonline.com.br\/site\/camara-entra-em-recesso-parlamentar\/#webpage"},"isPartOf":{"@id":"https:\/\/anoticiaonline.com.br\/site\/camara-entra-em-recesso-parlamentar\/#webpage"},"articleSection":"Blog, slide"},{"@type":"BreadcrumbList","@id":"https:\/\/anoticiaonline.com.br\/site\/camara-entra-em-recesso-parlamentar\/#breadcrumblist","itemListElement":[{"@type":"ListItem","@id":"https:\/\/anoticiaonline.com.br\/site#listItem","position":1,"name":"Home","item":"https:\/\/anoticiaonline.com.br\/site","nextItem":{"@type":"ListItem","@id":"https:\/\/anoticiaonline.com.br\/site\/categoria\/muriae\/#listItem","name":"Blog"}},{"@type":"ListItem","@id":"https:\/\/anoticiaonline.com.br\/site\/categoria\/muriae\/#listItem","position":2,"name":"Blog","item":"https:\/\/anoticiaonline.com.br\/site\/categoria\/muriae\/","nextItem":{"@type":"ListItem","@id":"https:\/\/anoticiaonline.com.br\/site\/camara-entra-em-recesso-parlamentar\/#listItem","name":"C\u00e2mara entra em recesso parlamentar"},"previousItem":{"@type":"ListItem","@id":"https:\/\/anoticiaonline.com.br\/site#listItem","name":"Home"}},{"@type":"ListItem","@id":"https:\/\/anoticiaonline.com.br\/site\/camara-entra-em-recesso-parlamentar\/#listItem","position":3,"name":"C\u00e2mara entra em recesso parlamentar","previousItem":{"@type":"ListItem","@id":"https:\/\/anoticiaonline.com.br\/site\/categoria\/muriae\/#listItem","name":"Blog"}}]},{"@type":"Organization","@id":"https:\/\/anoticiaonline.com.br\/site\/#organization","name":"A Not\u00edcia Online","description":"Noticias de Muria\u00e9 e regi\u00e3o","url":"https:\/\/anoticiaonline.com.br\/site\/","logo":{"@type":"ImageObject","url":"https:\/\/scontent-gig4-1.xx.fbcdn.net\/v\/t39.30808-1\/270437624_4564083193639691_6907940295614233970_n.jpg?stp=dst-jpg_s200x200_tt6&_nc_cat=111&ccb=1-7&_nc_sid=f907e8&_nc_ohc=SM1wRlP3lJwQ7kNvwEPuBYA&_nc_oc=AdnqrjDN_BNjSSHWO-GbkIWH6fkGMLw4bqvL_NH6e2wMveX7G-rP2dAqsDSq1mJMOaY&_nc_zt=24&_nc_ht=scontent-gig4-1.xx&_nc_gid=AoBFJeGrT1hVaew_6rchkQ&oh=00_AfX7QmFGhQhG2jAllVgXCiM1ZrWgvtp80-Bfppyexh1QEg&oe=689E923C","@id":"https:\/\/anoticiaonline.com.br\/site\/camara-entra-em-recesso-parlamentar\/#organizationLogo"},"image":{"@id":"https:\/\/anoticiaonline.com.br\/site\/camara-entra-em-recesso-parlamentar\/#organizationLogo"}},{"@type":"Person","@id":"https:\/\/anoticiaonline.com.br\/site\/author\/juliana\/#author","url":"https:\/\/anoticiaonline.com.br\/site\/author\/juliana\/","name":"Juliana Laviola","image":{"@type":"ImageObject","@id":"https:\/\/anoticiaonline.com.br\/site\/camara-entra-em-recesso-parlamentar\/#authorImage","url":"https:\/\/secure.gravatar.com\/avatar\/b8d45f5c699b100dfaf0e543582f38f38bf94cb7ae3a5e9abf8d891a34773335?s=96&d=mm&r=g","width":96,"height":96,"caption":"Juliana Laviola"}},{"@type":"WebPage","@id":"https:\/\/anoticiaonline.com.br\/site\/camara-entra-em-recesso-parlamentar\/#webpage","url":"https:\/\/anoticiaonline.com.br\/site\/camara-entra-em-recesso-parlamentar\/","name":"C\u00e2mara entra em recesso parlamentar - A Not\u00edcia Online","description":"A C\u00e2mara de Vereadores de Muria\u00e9 entrou em recesso parlamentar nesta quinta-feira (15), por\u00e9m, nesse per\u00edodo haver\u00e1 a solenidade de posse do prefeito, vice e vereadores \u2013 a cerim\u00f4nia ser\u00e1 realizada no dia 1\u00ba de janeiro, no Unifaminas. H\u00e1 ainda a possibilidade de acontecer uma reuni\u00e3o extraordin\u00e1ria na pr\u00f3xima semana. Ainda durante o recesso acontecer\u00e1","inLanguage":"pt-BR","isPartOf":{"@id":"https:\/\/anoticiaonline.com.br\/site\/#website"},"breadcrumb":{"@id":"https:\/\/anoticiaonline.com.br\/site\/camara-entra-em-recesso-parlamentar\/#breadcrumblist"},"author":{"@id":"https:\/\/anoticiaonline.com.br\/site\/author\/juliana\/#author"},"creator":{"@id":"https:\/\/anoticiaonline.com.br\/site\/author\/juliana\/#author"},"image":{"@type":"ImageObject","url":"https:\/\/anoticiaonline.com.br\/site\/wp-content\/uploads\/2016\/08\/C\u00e2mara-Municipal-2.jpg","@id":"https:\/\/anoticiaonline.com.br\/site\/camara-entra-em-recesso-parlamentar\/#mainImage","width":640,"height":455},"primaryImageOfPage":{"@id":"https:\/\/anoticiaonline.com.br\/site\/camara-entra-em-recesso-parlamentar\/#mainImage"},"datePublished":"2016-12-15T16:27:56-03:00","dateModified":"2016-12-15T16:27:56-03:00"},{"@type":"WebSite","@id":"https:\/\/anoticiaonline.com.br\/site\/#website","url":"https:\/\/anoticiaonline.com.br\/site\/","name":"A Not\u00edcia Online","description":"Noticias de Muria\u00e9 e regi\u00e3o","inLanguage":"pt-BR","publisher":{"@id":"https:\/\/anoticiaonline.com.br\/site\/#organization"}}]},"og:locale":"pt_BR","og:site_name":"A Not\u00edcia Online - Noticias de Muria\u00e9 e regi\u00e3o","og:type":"article","og:title":"C\u00e2mara entra em recesso parlamentar - A Not\u00edcia Online","og:description":"A C\u00e2mara de Vereadores de Muria\u00e9 entrou em recesso parlamentar nesta quinta-feira (15), por\u00e9m, nesse per\u00edodo haver\u00e1 a solenidade de posse do prefeito, vice e vereadores \u2013 a cerim\u00f4nia ser\u00e1 realizada no dia 1\u00ba de janeiro, no Unifaminas. H\u00e1 ainda a possibilidade de acontecer uma reuni\u00e3o extraordin\u00e1ria na pr\u00f3xima semana. Ainda durante o recesso acontecer\u00e1","og:url":"https:\/\/anoticiaonline.com.br\/site\/camara-entra-em-recesso-parlamentar\/","og:image":"https:\/\/scontent-gig4-1.xx.fbcdn.net\/v\/t39.30808-1\/270437624_4564083193639691_6907940295614233970_n.jpg?stp=dst-jpg_s200x200_tt6&#038;_nc_cat=111&#038;ccb=1-7&#038;_nc_sid=f907e8&#038;_nc_ohc=SM1wRlP3lJwQ7kNvwEPuBYA&#038;_nc_oc=AdnqrjDN_BNjSSHWO-GbkIWH6fkGMLw4bqvL_NH6e2wMveX7G-rP2dAqsDSq1mJMOaY&#038;_nc_zt=24&#038;_nc_ht=scontent-gig4-1.xx&#038;_nc_gid=AoBFJeGrT1hVaew_6rchkQ&#038;oh=00_AfX7QmFGhQhG2jAllVgXCiM1ZrWgvtp80-Bfppyexh1QEg&#038;oe=689E923C","og:image:secure_url":"https:\/\/scontent-gig4-1.xx.fbcdn.net\/v\/t39.30808-1\/270437624_4564083193639691_6907940295614233970_n.jpg?stp=dst-jpg_s200x200_tt6&#038;_nc_cat=111&#038;ccb=1-7&#038;_nc_sid=f907e8&#038;_nc_ohc=SM1wRlP3lJwQ7kNvwEPuBYA&#038;_nc_oc=AdnqrjDN_BNjSSHWO-GbkIWH6fkGMLw4bqvL_NH6e2wMveX7G-rP2dAqsDSq1mJMOaY&#038;_nc_zt=24&#038;_nc_ht=scontent-gig4-1.xx&#038;_nc_gid=AoBFJeGrT1hVaew_6rchkQ&#038;oh=00_AfX7QmFGhQhG2jAllVgXCiM1ZrWgvtp80-Bfppyexh1QEg&#038;oe=689E923C","article:published_time":"2016-12-15T19:27:56+00:00","article:modified_time":"2016-12-15T19:27:56+00:00","twitter:card":"summary_large_image","twitter:title":"C\u00e2mara entra em recesso parlamentar - A Not\u00edcia Online","twitter:description":"A C\u00e2mara de Vereadores de Muria\u00e9 entrou em recesso parlamentar nesta quinta-feira (15), por\u00e9m, nesse per\u00edodo haver\u00e1 a solenidade de posse do prefeito, vice e vereadores \u2013 a cerim\u00f4nia ser\u00e1 realizada no dia 1\u00ba de janeiro, no Unifaminas. H\u00e1 ainda a possibilidade de acontecer uma reuni\u00e3o extraordin\u00e1ria na pr\u00f3xima semana. Ainda durante o recesso acontecer\u00e1","twitter:image":"https:\/\/scontent-gig4-1.xx.fbcdn.net\/v\/t39.30808-1\/270437624_4564083193639691_6907940295614233970_n.jpg?stp=dst-jpg_s200x200_tt6&_nc_cat=111&ccb=1-7&_nc_sid=f907e8&_nc_ohc=SM1wRlP3lJwQ7kNvwEPuBYA&_nc_oc=AdnqrjDN_BNjSSHWO-GbkIWH6fkGMLw4bqvL_NH6e2wMveX7G-rP2dAqsDSq1mJMOaY&_nc_zt=24&_nc_ht=scontent-gig4-1.xx&_nc_gid=AoBFJeGrT1hVaew_6rchkQ&oh=00_AfX7QmFGhQhG2jAllVgXCiM1ZrWgvtp80-Bfppyexh1QEg&oe=689E923C"},"aioseo_meta_data":{"post_id":"22919","title":null,"description":null,"keywords":null,"keyphrases":null,"primary_term":null,"canonical_url":null,"og_title":null,"og_description":null,"og_object_type":"default","og_image_type":"default","og_image_url":null,"og_image_width":null,"og_image_height":null,"og_image_custom_url":null,"og_image_custom_fields":null,"og_video":null,"og_custom_url":null,"og_article_section":null,"og_article_tags":null,"twitter_use_og":false,"twitter_card":"default","twitter_image_type":"default","twitter_image_url":null,"twitter_image_custom_url":null,"twitter_image_custom_fields":null,"twitter_title":null,"twitter_description":null,"schema":{"blockGraphs":[],"customGraphs":[],"default":{"data":{"Article":[],"Course":[],"Dataset":[],"FAQPage":[],"Movie":[],"Person":[],"Product":[],"ProductReview":[],"Car":[],"Recipe":[],"Service":[],"SoftwareApplication":[],"WebPage":[]},"graphName":"","isEnabled":true},"graphs":[]},"schema_type":"default","schema_type_options":null,"pillar_content":false,"robots_default":true,"robots_noindex":false,"robots_noarchive":false,"robots_nosnippet":false,"robots_nofollow":false,"robots_noimageindex":false,"robots_noodp":false,"robots_notranslate":false,"robots_max_snippet":null,"robots_max_videopreview":null,"robots_max_imagepreview":"large","priority":null,"frequency":null,"local_seo":null,"breadcrumb_settings":null,"limit_modified_date":false,"ai":null,"created":"2025-08-16 17:21:30","updated":"2025-08-16 17:21:30","focus_keyword":null,"additional_keywords":null,"truseo_locale":null,"seo_analyzer_scan_date":null},"aioseo_breadcrumb":"<div class=\"aioseo-breadcrumbs\"><span class=\"aioseo-breadcrumb\">\n\t\t\t<a href=\"https:\/\/anoticiaonline.com.br\/site\" title=\"Home\">Home<\/a>\n\t\t<\/span><span class=\"aioseo-breadcrumb-separator\">&raquo;<\/span><span class=\"aioseo-breadcrumb\">\n\t\t\t<a href=\"https:\/\/anoticiaonline.com.br\/site\/categoria\/muriae\/\" title=\"Blog\">Blog<\/a>\n\t\t<\/span><span class=\"aioseo-breadcrumb-separator\">&raquo;<\/span><span class=\"aioseo-breadcrumb\">\n\t\t\tC\u00e2mara entra em recesso parlamentar\n\t\t<\/span><\/div>","aioseo_breadcrumb_json":[{"label":"Home","link":"https:\/\/anoticiaonline.com.br\/site"},{"label":"Blog","link":"https:\/\/anoticiaonline.com.br\/site\/categoria\/muriae\/"},{"label":"C\u00e2mara entra em recesso parlamentar","link":"https:\/\/anoticiaonline.com.br\/site\/camara-entra-em-recesso-parlamentar\/"}],"views":151,"_links":{"self":[{"href":"https:\/\/anoticiaonline.com.br\/site\/wp-json\/wp\/v2\/posts\/22919","targetHints":{"allow":["GET"]}}],"collection":[{"href":"https:\/\/anoticiaonline.com.br\/site\/wp-json\/wp\/v2\/posts"}],"about":[{"href":"https:\/\/anoticiaonline.com.br\/site\/wp-json\/wp\/v2\/types\/post"}],"author":[{"embeddable":true,"href":"https:\/\/anoticiaonline.com.br\/site\/wp-json\/wp\/v2\/users\/2"}],"replies":[{"embeddable":true,"href":"https:\/\/anoticiaonline.com.br\/site\/wp-json\/wp\/v2\/comments?post=22919"}],"version-history":[{"count":0,"href":"https:\/\/anoticiaonline.com.br\/site\/wp-json\/wp\/v2\/posts\/22919\/revisions"}],"wp:featuredmedia":[{"embeddable":true,"href":"https:\/\/anoticiaonline.com.br\/site\/wp-json\/wp\/v2\/media\/16935"}],"wp:attachment":[{"href":"https:\/\/anoticiaonline.com.br\/site\/wp-json\/wp\/v2\/media?parent=22919"}],"wp:term":[{"taxonomy":"category","embeddable":true,"href":"https:\/\/anoticiaonline.com.br\/site\/wp-json\/wp\/v2\/categories?post=22919"},{"taxonomy":"post_tag","embeddable":true,"href":"https:\/\/anoticiaonline.com.br\/site\/wp-json\/wp\/v2\/tags?post=22919"}],"curies":[{"name":"wp","href":"https:\/\/api.w.org\/{rel}","templated":true}]}}