{"id":22817,"date":"2016-12-15T07:51:39","date_gmt":"2016-12-15T10:51:39","guid":{"rendered":"http:\/\/anoticiaonline.com.br\/site\/?p=22817"},"modified":"2016-12-15T07:51:39","modified_gmt":"2016-12-15T10:51:39","slug":"4o-departamento-de-policia-civil-tem-novo-chefe","status":"publish","type":"post","link":"https:\/\/anoticiaonline.com.br\/site\/4o-departamento-de-policia-civil-tem-novo-chefe\/","title":{"rendered":"4\u00ba Departamento de Pol\u00edcia Civil tem novo chefe"},"content":{"rendered":"<p><a href=\"https:\/\/anoticiaonline.com.br\/site\/wp-content\/uploads\/2016\/12\/4\u00ba-Departamento-de-Pol\u00edcia-Civil-tem-novo-chefe.jpg\"><img fetchpriority=\"high\" decoding=\"async\" class=\" size-medium wp-image-22818 alignleft\" src=\"https:\/\/anoticiaonline.com.br\/site\/wp-content\/uploads\/2016\/12\/4\u00ba-Departamento-de-Pol\u00edcia-Civil-tem-novo-chefe-300x241.jpg\" alt=\"4o-departamento-de-policia-civil-tem-novo-chefe\" width=\"300\" height=\"241\" srcset=\"https:\/\/anoticiaonline.com.br\/site\/wp-content\/uploads\/2016\/12\/4\u00ba-Departamento-de-Pol\u00edcia-Civil-tem-novo-chefe-300x241.jpg 300w, https:\/\/anoticiaonline.com.br\/site\/wp-content\/uploads\/2016\/12\/4\u00ba-Departamento-de-Pol\u00edcia-Civil-tem-novo-chefe.jpg 600w\" sizes=\"(max-width: 300px) 100vw, 300px\" \/><\/a>O 4\u00ba Departamento de Pol\u00edcia Civil (4\u00ba DEPPC), localizado em Juiz de Fora, ao qual a 4\u00aa Delegacia Regional de Pol\u00edcia Civil de Muria\u00e9 est\u00e1 subordinada, tem novo chefe. Carlos Roberto da Silveira Costa, que era delegado em S\u00e3o Jo\u00e3o Nepomuceno, foi designado pelo chefe da Pol\u00edcia Civil de Minas Gerais, Jo\u00e3o Octac\u00edlio Silva Neto, para responder pelo expediente do 4\u00ba Departamento.<\/p>\n<p>Natural de Juiz de Fora, Carlos Roberto \u00e9 graduado em Direito pela Universidade Federal de Juiz de Fora (UFJF). Ingressou na PCMG em setembro de 1990, ap\u00f3s concurso para delegado, tendo atuado nas delegacias de Olaria, Guarar\u00e1, Bicas e S\u00e3o Jo\u00e3o Nepomuceno.<\/p>\n<p>O 4\u00ba DEPPC \u00e9 composto pelas delegacias regionais de Juiz de Fora (1\u00aa DRPC), Ub\u00e1 (2\u00aa DRPC), Leopoldina (3\u00aa DRPC) e Muria\u00e9 (4\u00ba DRPC), bem como as suas \u00c1reas Integradas de Seguran\u00e7a P\u00fablica (AISPs).<\/p>\n","protected":false},"excerpt":{"rendered":"<p>O 4\u00ba Departamento de Pol\u00edcia Civil (4\u00ba DEPPC), localizado em Juiz de Fora, ao qual a 4\u00aa Delegacia Regional de Pol\u00edcia Civil de Muria\u00e9 est\u00e1 subordinada, tem novo chefe. Carlos Roberto da Silveira Costa, que era delegado em S\u00e3o Jo\u00e3o Nepomuceno, foi designado pelo chefe da Pol\u00edcia Civil de Minas Gerais, Jo\u00e3o Octac\u00edlio Silva Neto, &#8230; <a title=\"4\u00ba Departamento de Pol\u00edcia Civil tem novo chefe\" class=\"read-more\" href=\"https:\/\/anoticiaonline.com.br\/site\/4o-departamento-de-policia-civil-tem-novo-chefe\/\" aria-label=\"Read more about 4\u00ba Departamento de Pol\u00edcia Civil tem novo chefe\">Ler mais<\/a><\/p>\n","protected":false},"author":2,"featured_media":22818,"comment_status":"open","ping_status":"open","sticky":false,"template":"","format":"standard","meta":{"_acf_changed":false,"_monsterinsights_skip_tracking":false,"footnotes":""},"categories":[1],"tags":[3],"class_list":["post-22817","post","type-post","status-publish","format-standard","has-post-thumbnail","hentry","category-gerais","tag-slide"],"acf":[],"aioseo_notices":[],"aioseo_head":"\n\t\t<!-- All in One SEO 5.0.0.1 - aioseo.com -->\n\t<meta name=\"description\" content=\"O 4\u00ba Departamento de Pol\u00edcia Civil (4\u00ba DEPPC), localizado em Juiz de Fora, ao qual a 4\u00aa Delegacia Regional de Pol\u00edcia Civil de Muria\u00e9 est\u00e1 subordinada, tem novo chefe. Carlos Roberto da Silveira Costa, que era delegado em S\u00e3o Jo\u00e3o Nepomuceno, foi designado pelo chefe da Pol\u00edcia Civil de Minas Gerais, Jo\u00e3o Octac\u00edlio Silva Neto,\" \/>\n\t<meta name=\"robots\" content=\"max-image-preview:large\" \/>\n\t<meta name=\"author\" content=\"Juliana Laviola\"\/>\n\t<link rel=\"canonical\" href=\"https:\/\/anoticiaonline.com.br\/site\/4o-departamento-de-policia-civil-tem-novo-chefe\/\" \/>\n\t<meta name=\"generator\" content=\"All in One SEO (AIOSEO) 5.0.0.1\" \/>\n\t\t<meta property=\"og:locale\" content=\"pt_BR\" \/>\n\t\t<meta property=\"og:site_name\" content=\"A Not\u00edcia Online - Noticias de Muria\u00e9 e regi\u00e3o\" \/>\n\t\t<meta property=\"og:type\" content=\"article\" \/>\n\t\t<meta property=\"og:title\" content=\"4\u00ba Departamento de Pol\u00edcia Civil tem novo chefe - A Not\u00edcia Online\" \/>\n\t\t<meta property=\"og:description\" content=\"O 4\u00ba Departamento de Pol\u00edcia Civil (4\u00ba DEPPC), localizado em Juiz de Fora, ao qual a 4\u00aa Delegacia Regional de Pol\u00edcia Civil de Muria\u00e9 est\u00e1 subordinada, tem novo chefe. Carlos Roberto da Silveira Costa, que era delegado em S\u00e3o Jo\u00e3o Nepomuceno, foi designado pelo chefe da Pol\u00edcia Civil de Minas Gerais, Jo\u00e3o Octac\u00edlio Silva Neto,\" \/>\n\t\t<meta property=\"og:url\" content=\"https:\/\/anoticiaonline.com.br\/site\/4o-departamento-de-policia-civil-tem-novo-chefe\/\" \/>\n\t\t<meta property=\"og:image\" content=\"https:\/\/scontent-gig4-1.xx.fbcdn.net\/v\/t39.30808-1\/270437624_4564083193639691_6907940295614233970_n.jpg?stp=dst-jpg_s200x200_tt6&#038;_nc_cat=111&#038;ccb=1-7&#038;_nc_sid=f907e8&#038;_nc_ohc=SM1wRlP3lJwQ7kNvwEPuBYA&#038;_nc_oc=AdnqrjDN_BNjSSHWO-GbkIWH6fkGMLw4bqvL_NH6e2wMveX7G-rP2dAqsDSq1mJMOaY&#038;_nc_zt=24&#038;_nc_ht=scontent-gig4-1.xx&#038;_nc_gid=AoBFJeGrT1hVaew_6rchkQ&#038;oh=00_AfX7QmFGhQhG2jAllVgXCiM1ZrWgvtp80-Bfppyexh1QEg&#038;oe=689E923C\" \/>\n\t\t<meta property=\"og:image:secure_url\" content=\"https:\/\/scontent-gig4-1.xx.fbcdn.net\/v\/t39.30808-1\/270437624_4564083193639691_6907940295614233970_n.jpg?stp=dst-jpg_s200x200_tt6&#038;_nc_cat=111&#038;ccb=1-7&#038;_nc_sid=f907e8&#038;_nc_ohc=SM1wRlP3lJwQ7kNvwEPuBYA&#038;_nc_oc=AdnqrjDN_BNjSSHWO-GbkIWH6fkGMLw4bqvL_NH6e2wMveX7G-rP2dAqsDSq1mJMOaY&#038;_nc_zt=24&#038;_nc_ht=scontent-gig4-1.xx&#038;_nc_gid=AoBFJeGrT1hVaew_6rchkQ&#038;oh=00_AfX7QmFGhQhG2jAllVgXCiM1ZrWgvtp80-Bfppyexh1QEg&#038;oe=689E923C\" \/>\n\t\t<meta property=\"article:published_time\" content=\"2016-12-15T10:51:39+00:00\" \/>\n\t\t<meta property=\"article:modified_time\" content=\"2016-12-15T10:51:39+00:00\" \/>\n\t\t<meta name=\"twitter:card\" content=\"summary_large_image\" \/>\n\t\t<meta name=\"twitter:title\" content=\"4\u00ba Departamento de Pol\u00edcia Civil tem novo chefe - A Not\u00edcia Online\" \/>\n\t\t<meta name=\"twitter:description\" content=\"O 4\u00ba Departamento de Pol\u00edcia Civil (4\u00ba DEPPC), localizado em Juiz de Fora, ao qual a 4\u00aa Delegacia Regional de Pol\u00edcia Civil de Muria\u00e9 est\u00e1 subordinada, tem novo chefe. Carlos Roberto da Silveira Costa, que era delegado em S\u00e3o Jo\u00e3o Nepomuceno, foi designado pelo chefe da Pol\u00edcia Civil de Minas Gerais, Jo\u00e3o Octac\u00edlio Silva Neto,\" \/>\n\t\t<meta name=\"twitter:image\" content=\"https:\/\/scontent-gig4-1.xx.fbcdn.net\/v\/t39.30808-1\/270437624_4564083193639691_6907940295614233970_n.jpg?stp=dst-jpg_s200x200_tt6&amp;_nc_cat=111&amp;ccb=1-7&amp;_nc_sid=f907e8&amp;_nc_ohc=SM1wRlP3lJwQ7kNvwEPuBYA&amp;_nc_oc=AdnqrjDN_BNjSSHWO-GbkIWH6fkGMLw4bqvL_NH6e2wMveX7G-rP2dAqsDSq1mJMOaY&amp;_nc_zt=24&amp;_nc_ht=scontent-gig4-1.xx&amp;_nc_gid=AoBFJeGrT1hVaew_6rchkQ&amp;oh=00_AfX7QmFGhQhG2jAllVgXCiM1ZrWgvtp80-Bfppyexh1QEg&amp;oe=689E923C\" \/>\n\t\t<script type=\"application\/ld+json\" class=\"aioseo-schema\">\n\t\t\t{\"@context\":\"https:\\\/\\\/schema.org\",\"@graph\":[{\"@type\":\"BlogPosting\",\"@id\":\"https:\\\/\\\/anoticiaonline.com.br\\\/site\\\/4o-departamento-de-policia-civil-tem-novo-chefe\\\/#blogposting\",\"name\":\"4\\u00ba Departamento de Pol\\u00edcia Civil tem novo chefe - A Not\\u00edcia Online\",\"headline\":\"4\\u00ba Departamento de Pol\\u00edcia Civil tem novo chefe\",\"author\":{\"@id\":\"https:\\\/\\\/anoticiaonline.com.br\\\/site\\\/author\\\/juliana\\\/#author\"},\"publisher\":{\"@id\":\"https:\\\/\\\/anoticiaonline.com.br\\\/site\\\/#organization\"},\"image\":{\"@type\":\"ImageObject\",\"url\":\"https:\\\/\\\/anoticiaonline.com.br\\\/site\\\/wp-content\\\/uploads\\\/2016\\\/12\\\/4\\u00ba-Departamento-de-Pol\\u00edcia-Civil-tem-novo-chefe.jpg\",\"width\":600,\"height\":481},\"datePublished\":\"2016-12-15T07:51:39-03:00\",\"dateModified\":\"2016-12-15T07:51:39-03:00\",\"inLanguage\":\"pt-BR\",\"mainEntityOfPage\":{\"@id\":\"https:\\\/\\\/anoticiaonline.com.br\\\/site\\\/4o-departamento-de-policia-civil-tem-novo-chefe\\\/#webpage\"},\"isPartOf\":{\"@id\":\"https:\\\/\\\/anoticiaonline.com.br\\\/site\\\/4o-departamento-de-policia-civil-tem-novo-chefe\\\/#webpage\"},\"articleSection\":\"Gerais, slide\"},{\"@type\":\"BreadcrumbList\",\"@id\":\"https:\\\/\\\/anoticiaonline.com.br\\\/site\\\/4o-departamento-de-policia-civil-tem-novo-chefe\\\/#breadcrumblist\",\"itemListElement\":[{\"@type\":\"ListItem\",\"@id\":\"https:\\\/\\\/anoticiaonline.com.br\\\/site#listItem\",\"position\":1,\"name\":\"Home\",\"item\":\"https:\\\/\\\/anoticiaonline.com.br\\\/site\",\"nextItem\":{\"@type\":\"ListItem\",\"@id\":\"https:\\\/\\\/anoticiaonline.com.br\\\/site\\\/categoria\\\/gerais\\\/#listItem\",\"name\":\"Gerais\"}},{\"@type\":\"ListItem\",\"@id\":\"https:\\\/\\\/anoticiaonline.com.br\\\/site\\\/categoria\\\/gerais\\\/#listItem\",\"position\":2,\"name\":\"Gerais\",\"item\":\"https:\\\/\\\/anoticiaonline.com.br\\\/site\\\/categoria\\\/gerais\\\/\",\"nextItem\":{\"@type\":\"ListItem\",\"@id\":\"https:\\\/\\\/anoticiaonline.com.br\\\/site\\\/4o-departamento-de-policia-civil-tem-novo-chefe\\\/#listItem\",\"name\":\"4\\u00ba Departamento de Pol\\u00edcia Civil tem novo chefe\"},\"previousItem\":{\"@type\":\"ListItem\",\"@id\":\"https:\\\/\\\/anoticiaonline.com.br\\\/site#listItem\",\"name\":\"Home\"}},{\"@type\":\"ListItem\",\"@id\":\"https:\\\/\\\/anoticiaonline.com.br\\\/site\\\/4o-departamento-de-policia-civil-tem-novo-chefe\\\/#listItem\",\"position\":3,\"name\":\"4\\u00ba Departamento de Pol\\u00edcia Civil tem novo chefe\",\"previousItem\":{\"@type\":\"ListItem\",\"@id\":\"https:\\\/\\\/anoticiaonline.com.br\\\/site\\\/categoria\\\/gerais\\\/#listItem\",\"name\":\"Gerais\"}}]},{\"@type\":\"Organization\",\"@id\":\"https:\\\/\\\/anoticiaonline.com.br\\\/site\\\/#organization\",\"name\":\"A Not\\u00edcia Online\",\"description\":\"Noticias de Muria\\u00e9 e regi\\u00e3o\",\"url\":\"https:\\\/\\\/anoticiaonline.com.br\\\/site\\\/\",\"logo\":{\"@type\":\"ImageObject\",\"url\":\"https:\\\/\\\/scontent-gig4-1.xx.fbcdn.net\\\/v\\\/t39.30808-1\\\/270437624_4564083193639691_6907940295614233970_n.jpg?stp=dst-jpg_s200x200_tt6&_nc_cat=111&ccb=1-7&_nc_sid=f907e8&_nc_ohc=SM1wRlP3lJwQ7kNvwEPuBYA&_nc_oc=AdnqrjDN_BNjSSHWO-GbkIWH6fkGMLw4bqvL_NH6e2wMveX7G-rP2dAqsDSq1mJMOaY&_nc_zt=24&_nc_ht=scontent-gig4-1.xx&_nc_gid=AoBFJeGrT1hVaew_6rchkQ&oh=00_AfX7QmFGhQhG2jAllVgXCiM1ZrWgvtp80-Bfppyexh1QEg&oe=689E923C\",\"@id\":\"https:\\\/\\\/anoticiaonline.com.br\\\/site\\\/4o-departamento-de-policia-civil-tem-novo-chefe\\\/#organizationLogo\"},\"image\":{\"@id\":\"https:\\\/\\\/anoticiaonline.com.br\\\/site\\\/4o-departamento-de-policia-civil-tem-novo-chefe\\\/#organizationLogo\"}},{\"@type\":\"Person\",\"@id\":\"https:\\\/\\\/anoticiaonline.com.br\\\/site\\\/author\\\/juliana\\\/#author\",\"url\":\"https:\\\/\\\/anoticiaonline.com.br\\\/site\\\/author\\\/juliana\\\/\",\"name\":\"Juliana Laviola\",\"image\":{\"@type\":\"ImageObject\",\"@id\":\"https:\\\/\\\/anoticiaonline.com.br\\\/site\\\/4o-departamento-de-policia-civil-tem-novo-chefe\\\/#authorImage\",\"url\":\"https:\\\/\\\/secure.gravatar.com\\\/avatar\\\/b8d45f5c699b100dfaf0e543582f38f38bf94cb7ae3a5e9abf8d891a34773335?s=96&d=mm&r=g\",\"width\":96,\"height\":96,\"caption\":\"Juliana Laviola\"}},{\"@type\":\"WebPage\",\"@id\":\"https:\\\/\\\/anoticiaonline.com.br\\\/site\\\/4o-departamento-de-policia-civil-tem-novo-chefe\\\/#webpage\",\"url\":\"https:\\\/\\\/anoticiaonline.com.br\\\/site\\\/4o-departamento-de-policia-civil-tem-novo-chefe\\\/\",\"name\":\"4\\u00ba Departamento de Pol\\u00edcia Civil tem novo chefe - A Not\\u00edcia Online\",\"description\":\"O 4\\u00ba Departamento de Pol\\u00edcia Civil (4\\u00ba DEPPC), localizado em Juiz de Fora, ao qual a 4\\u00aa Delegacia Regional de Pol\\u00edcia Civil de Muria\\u00e9 est\\u00e1 subordinada, tem novo chefe. Carlos Roberto da Silveira Costa, que era delegado em S\\u00e3o Jo\\u00e3o Nepomuceno, foi designado pelo chefe da Pol\\u00edcia Civil de Minas Gerais, Jo\\u00e3o Octac\\u00edlio Silva Neto,\",\"inLanguage\":\"pt-BR\",\"isPartOf\":{\"@id\":\"https:\\\/\\\/anoticiaonline.com.br\\\/site\\\/#website\"},\"breadcrumb\":{\"@id\":\"https:\\\/\\\/anoticiaonline.com.br\\\/site\\\/4o-departamento-de-policia-civil-tem-novo-chefe\\\/#breadcrumblist\"},\"author\":{\"@id\":\"https:\\\/\\\/anoticiaonline.com.br\\\/site\\\/author\\\/juliana\\\/#author\"},\"creator\":{\"@id\":\"https:\\\/\\\/anoticiaonline.com.br\\\/site\\\/author\\\/juliana\\\/#author\"},\"image\":{\"@type\":\"ImageObject\",\"url\":\"https:\\\/\\\/anoticiaonline.com.br\\\/site\\\/wp-content\\\/uploads\\\/2016\\\/12\\\/4\\u00ba-Departamento-de-Pol\\u00edcia-Civil-tem-novo-chefe.jpg\",\"@id\":\"https:\\\/\\\/anoticiaonline.com.br\\\/site\\\/4o-departamento-de-policia-civil-tem-novo-chefe\\\/#mainImage\",\"width\":600,\"height\":481},\"primaryImageOfPage\":{\"@id\":\"https:\\\/\\\/anoticiaonline.com.br\\\/site\\\/4o-departamento-de-policia-civil-tem-novo-chefe\\\/#mainImage\"},\"datePublished\":\"2016-12-15T07:51:39-03:00\",\"dateModified\":\"2016-12-15T07:51:39-03:00\"},{\"@type\":\"WebSite\",\"@id\":\"https:\\\/\\\/anoticiaonline.com.br\\\/site\\\/#website\",\"url\":\"https:\\\/\\\/anoticiaonline.com.br\\\/site\\\/\",\"name\":\"A Not\\u00edcia Online\",\"description\":\"Noticias de Muria\\u00e9 e regi\\u00e3o\",\"inLanguage\":\"pt-BR\",\"publisher\":{\"@id\":\"https:\\\/\\\/anoticiaonline.com.br\\\/site\\\/#organization\"}}]}\n\t\t<\/script>\n\t\t<!-- All in One SEO -->\n\n","aioseo_head_json":{"title":"4\u00ba Departamento de Pol\u00edcia Civil tem novo chefe - A Not\u00edcia Online","description":"O 4\u00ba Departamento de Pol\u00edcia Civil (4\u00ba DEPPC), localizado em Juiz de Fora, ao qual a 4\u00aa Delegacia Regional de Pol\u00edcia Civil de Muria\u00e9 est\u00e1 subordinada, tem novo chefe. Carlos Roberto da Silveira Costa, que era delegado em S\u00e3o Jo\u00e3o Nepomuceno, foi designado pelo chefe da Pol\u00edcia Civil de Minas Gerais, Jo\u00e3o Octac\u00edlio Silva Neto,","canonical_url":"https:\/\/anoticiaonline.com.br\/site\/4o-departamento-de-policia-civil-tem-novo-chefe\/","robots":"max-image-preview:large","keywords":"","webmasterTools":{"miscellaneous":""},"schema":{"@context":"https:\/\/schema.org","@graph":[{"@type":"BlogPosting","@id":"https:\/\/anoticiaonline.com.br\/site\/4o-departamento-de-policia-civil-tem-novo-chefe\/#blogposting","name":"4\u00ba Departamento de Pol\u00edcia Civil tem novo chefe - A Not\u00edcia Online","headline":"4\u00ba Departamento de Pol\u00edcia Civil tem novo chefe","author":{"@id":"https:\/\/anoticiaonline.com.br\/site\/author\/juliana\/#author"},"publisher":{"@id":"https:\/\/anoticiaonline.com.br\/site\/#organization"},"image":{"@type":"ImageObject","url":"https:\/\/anoticiaonline.com.br\/site\/wp-content\/uploads\/2016\/12\/4\u00ba-Departamento-de-Pol\u00edcia-Civil-tem-novo-chefe.jpg","width":600,"height":481},"datePublished":"2016-12-15T07:51:39-03:00","dateModified":"2016-12-15T07:51:39-03:00","inLanguage":"pt-BR","mainEntityOfPage":{"@id":"https:\/\/anoticiaonline.com.br\/site\/4o-departamento-de-policia-civil-tem-novo-chefe\/#webpage"},"isPartOf":{"@id":"https:\/\/anoticiaonline.com.br\/site\/4o-departamento-de-policia-civil-tem-novo-chefe\/#webpage"},"articleSection":"Gerais, slide"},{"@type":"BreadcrumbList","@id":"https:\/\/anoticiaonline.com.br\/site\/4o-departamento-de-policia-civil-tem-novo-chefe\/#breadcrumblist","itemListElement":[{"@type":"ListItem","@id":"https:\/\/anoticiaonline.com.br\/site#listItem","position":1,"name":"Home","item":"https:\/\/anoticiaonline.com.br\/site","nextItem":{"@type":"ListItem","@id":"https:\/\/anoticiaonline.com.br\/site\/categoria\/gerais\/#listItem","name":"Gerais"}},{"@type":"ListItem","@id":"https:\/\/anoticiaonline.com.br\/site\/categoria\/gerais\/#listItem","position":2,"name":"Gerais","item":"https:\/\/anoticiaonline.com.br\/site\/categoria\/gerais\/","nextItem":{"@type":"ListItem","@id":"https:\/\/anoticiaonline.com.br\/site\/4o-departamento-de-policia-civil-tem-novo-chefe\/#listItem","name":"4\u00ba Departamento de Pol\u00edcia Civil tem novo chefe"},"previousItem":{"@type":"ListItem","@id":"https:\/\/anoticiaonline.com.br\/site#listItem","name":"Home"}},{"@type":"ListItem","@id":"https:\/\/anoticiaonline.com.br\/site\/4o-departamento-de-policia-civil-tem-novo-chefe\/#listItem","position":3,"name":"4\u00ba Departamento de Pol\u00edcia Civil tem novo chefe","previousItem":{"@type":"ListItem","@id":"https:\/\/anoticiaonline.com.br\/site\/categoria\/gerais\/#listItem","name":"Gerais"}}]},{"@type":"Organization","@id":"https:\/\/anoticiaonline.com.br\/site\/#organization","name":"A Not\u00edcia Online","description":"Noticias de Muria\u00e9 e regi\u00e3o","url":"https:\/\/anoticiaonline.com.br\/site\/","logo":{"@type":"ImageObject","url":"https:\/\/scontent-gig4-1.xx.fbcdn.net\/v\/t39.30808-1\/270437624_4564083193639691_6907940295614233970_n.jpg?stp=dst-jpg_s200x200_tt6&_nc_cat=111&ccb=1-7&_nc_sid=f907e8&_nc_ohc=SM1wRlP3lJwQ7kNvwEPuBYA&_nc_oc=AdnqrjDN_BNjSSHWO-GbkIWH6fkGMLw4bqvL_NH6e2wMveX7G-rP2dAqsDSq1mJMOaY&_nc_zt=24&_nc_ht=scontent-gig4-1.xx&_nc_gid=AoBFJeGrT1hVaew_6rchkQ&oh=00_AfX7QmFGhQhG2jAllVgXCiM1ZrWgvtp80-Bfppyexh1QEg&oe=689E923C","@id":"https:\/\/anoticiaonline.com.br\/site\/4o-departamento-de-policia-civil-tem-novo-chefe\/#organizationLogo"},"image":{"@id":"https:\/\/anoticiaonline.com.br\/site\/4o-departamento-de-policia-civil-tem-novo-chefe\/#organizationLogo"}},{"@type":"Person","@id":"https:\/\/anoticiaonline.com.br\/site\/author\/juliana\/#author","url":"https:\/\/anoticiaonline.com.br\/site\/author\/juliana\/","name":"Juliana Laviola","image":{"@type":"ImageObject","@id":"https:\/\/anoticiaonline.com.br\/site\/4o-departamento-de-policia-civil-tem-novo-chefe\/#authorImage","url":"https:\/\/secure.gravatar.com\/avatar\/b8d45f5c699b100dfaf0e543582f38f38bf94cb7ae3a5e9abf8d891a34773335?s=96&d=mm&r=g","width":96,"height":96,"caption":"Juliana Laviola"}},{"@type":"WebPage","@id":"https:\/\/anoticiaonline.com.br\/site\/4o-departamento-de-policia-civil-tem-novo-chefe\/#webpage","url":"https:\/\/anoticiaonline.com.br\/site\/4o-departamento-de-policia-civil-tem-novo-chefe\/","name":"4\u00ba Departamento de Pol\u00edcia Civil tem novo chefe - A Not\u00edcia Online","description":"O 4\u00ba Departamento de Pol\u00edcia Civil (4\u00ba DEPPC), localizado em Juiz de Fora, ao qual a 4\u00aa Delegacia Regional de Pol\u00edcia Civil de Muria\u00e9 est\u00e1 subordinada, tem novo chefe. Carlos Roberto da Silveira Costa, que era delegado em S\u00e3o Jo\u00e3o Nepomuceno, foi designado pelo chefe da Pol\u00edcia Civil de Minas Gerais, Jo\u00e3o Octac\u00edlio Silva Neto,","inLanguage":"pt-BR","isPartOf":{"@id":"https:\/\/anoticiaonline.com.br\/site\/#website"},"breadcrumb":{"@id":"https:\/\/anoticiaonline.com.br\/site\/4o-departamento-de-policia-civil-tem-novo-chefe\/#breadcrumblist"},"author":{"@id":"https:\/\/anoticiaonline.com.br\/site\/author\/juliana\/#author"},"creator":{"@id":"https:\/\/anoticiaonline.com.br\/site\/author\/juliana\/#author"},"image":{"@type":"ImageObject","url":"https:\/\/anoticiaonline.com.br\/site\/wp-content\/uploads\/2016\/12\/4\u00ba-Departamento-de-Pol\u00edcia-Civil-tem-novo-chefe.jpg","@id":"https:\/\/anoticiaonline.com.br\/site\/4o-departamento-de-policia-civil-tem-novo-chefe\/#mainImage","width":600,"height":481},"primaryImageOfPage":{"@id":"https:\/\/anoticiaonline.com.br\/site\/4o-departamento-de-policia-civil-tem-novo-chefe\/#mainImage"},"datePublished":"2016-12-15T07:51:39-03:00","dateModified":"2016-12-15T07:51:39-03:00"},{"@type":"WebSite","@id":"https:\/\/anoticiaonline.com.br\/site\/#website","url":"https:\/\/anoticiaonline.com.br\/site\/","name":"A Not\u00edcia Online","description":"Noticias de Muria\u00e9 e regi\u00e3o","inLanguage":"pt-BR","publisher":{"@id":"https:\/\/anoticiaonline.com.br\/site\/#organization"}}]},"og:locale":"pt_BR","og:site_name":"A Not\u00edcia Online - Noticias de Muria\u00e9 e regi\u00e3o","og:type":"article","og:title":"4\u00ba Departamento de Pol\u00edcia Civil tem novo chefe - A Not\u00edcia Online","og:description":"O 4\u00ba Departamento de Pol\u00edcia Civil (4\u00ba DEPPC), localizado em Juiz de Fora, ao qual a 4\u00aa Delegacia Regional de Pol\u00edcia Civil de Muria\u00e9 est\u00e1 subordinada, tem novo chefe. Carlos Roberto da Silveira Costa, que era delegado em S\u00e3o Jo\u00e3o Nepomuceno, foi designado pelo chefe da Pol\u00edcia Civil de Minas Gerais, Jo\u00e3o Octac\u00edlio Silva Neto,","og:url":"https:\/\/anoticiaonline.com.br\/site\/4o-departamento-de-policia-civil-tem-novo-chefe\/","og:image":"https:\/\/scontent-gig4-1.xx.fbcdn.net\/v\/t39.30808-1\/270437624_4564083193639691_6907940295614233970_n.jpg?stp=dst-jpg_s200x200_tt6&#038;_nc_cat=111&#038;ccb=1-7&#038;_nc_sid=f907e8&#038;_nc_ohc=SM1wRlP3lJwQ7kNvwEPuBYA&#038;_nc_oc=AdnqrjDN_BNjSSHWO-GbkIWH6fkGMLw4bqvL_NH6e2wMveX7G-rP2dAqsDSq1mJMOaY&#038;_nc_zt=24&#038;_nc_ht=scontent-gig4-1.xx&#038;_nc_gid=AoBFJeGrT1hVaew_6rchkQ&#038;oh=00_AfX7QmFGhQhG2jAllVgXCiM1ZrWgvtp80-Bfppyexh1QEg&#038;oe=689E923C","og:image:secure_url":"https:\/\/scontent-gig4-1.xx.fbcdn.net\/v\/t39.30808-1\/270437624_4564083193639691_6907940295614233970_n.jpg?stp=dst-jpg_s200x200_tt6&#038;_nc_cat=111&#038;ccb=1-7&#038;_nc_sid=f907e8&#038;_nc_ohc=SM1wRlP3lJwQ7kNvwEPuBYA&#038;_nc_oc=AdnqrjDN_BNjSSHWO-GbkIWH6fkGMLw4bqvL_NH6e2wMveX7G-rP2dAqsDSq1mJMOaY&#038;_nc_zt=24&#038;_nc_ht=scontent-gig4-1.xx&#038;_nc_gid=AoBFJeGrT1hVaew_6rchkQ&#038;oh=00_AfX7QmFGhQhG2jAllVgXCiM1ZrWgvtp80-Bfppyexh1QEg&#038;oe=689E923C","article:published_time":"2016-12-15T10:51:39+00:00","article:modified_time":"2016-12-15T10:51:39+00:00","twitter:card":"summary_large_image","twitter:title":"4\u00ba Departamento de Pol\u00edcia Civil tem novo chefe - A Not\u00edcia Online","twitter:description":"O 4\u00ba Departamento de Pol\u00edcia Civil (4\u00ba DEPPC), localizado em Juiz de Fora, ao qual a 4\u00aa Delegacia Regional de Pol\u00edcia Civil de Muria\u00e9 est\u00e1 subordinada, tem novo chefe. Carlos Roberto da Silveira Costa, que era delegado em S\u00e3o Jo\u00e3o Nepomuceno, foi designado pelo chefe da Pol\u00edcia Civil de Minas Gerais, Jo\u00e3o Octac\u00edlio Silva Neto,","twitter:image":"https:\/\/scontent-gig4-1.xx.fbcdn.net\/v\/t39.30808-1\/270437624_4564083193639691_6907940295614233970_n.jpg?stp=dst-jpg_s200x200_tt6&_nc_cat=111&ccb=1-7&_nc_sid=f907e8&_nc_ohc=SM1wRlP3lJwQ7kNvwEPuBYA&_nc_oc=AdnqrjDN_BNjSSHWO-GbkIWH6fkGMLw4bqvL_NH6e2wMveX7G-rP2dAqsDSq1mJMOaY&_nc_zt=24&_nc_ht=scontent-gig4-1.xx&_nc_gid=AoBFJeGrT1hVaew_6rchkQ&oh=00_AfX7QmFGhQhG2jAllVgXCiM1ZrWgvtp80-Bfppyexh1QEg&oe=689E923C"},"aioseo_meta_data":{"post_id":"22817","title":null,"description":null,"keywords":null,"keyphrases":null,"primary_term":null,"canonical_url":null,"og_title":null,"og_description":null,"og_object_type":"default","og_image_type":"default","og_image_url":null,"og_image_width":null,"og_image_height":null,"og_image_custom_url":null,"og_image_custom_fields":null,"og_video":null,"og_custom_url":null,"og_article_section":null,"og_article_tags":null,"twitter_use_og":false,"twitter_card":"default","twitter_image_type":"default","twitter_image_url":null,"twitter_image_custom_url":null,"twitter_image_custom_fields":null,"twitter_title":null,"twitter_description":null,"schema":{"blockGraphs":[],"customGraphs":[],"default":{"data":{"Article":[],"Course":[],"Dataset":[],"FAQPage":[],"Movie":[],"Person":[],"Product":[],"ProductReview":[],"Car":[],"Recipe":[],"Service":[],"SoftwareApplication":[],"WebPage":[]},"graphName":"","isEnabled":true},"graphs":[]},"schema_type":"default","schema_type_options":null,"pillar_content":false,"robots_default":true,"robots_noindex":false,"robots_noarchive":false,"robots_nosnippet":false,"robots_nofollow":false,"robots_noimageindex":false,"robots_noodp":false,"robots_notranslate":false,"robots_max_snippet":null,"robots_max_videopreview":null,"robots_max_imagepreview":"large","priority":null,"frequency":null,"local_seo":null,"breadcrumb_settings":null,"limit_modified_date":false,"ai":null,"created":"2025-08-16 17:20:18","updated":"2025-08-16 17:20:18","focus_keyword":null,"additional_keywords":null,"truseo_locale":null,"seo_analyzer_scan_date":null},"aioseo_breadcrumb":"<div class=\"aioseo-breadcrumbs\"><span class=\"aioseo-breadcrumb\">\n\t\t\t<a href=\"https:\/\/anoticiaonline.com.br\/site\" title=\"Home\">Home<\/a>\n\t\t<\/span><span class=\"aioseo-breadcrumb-separator\">&raquo;<\/span><span class=\"aioseo-breadcrumb\">\n\t\t\t<a href=\"https:\/\/anoticiaonline.com.br\/site\/categoria\/gerais\/\" title=\"Gerais\">Gerais<\/a>\n\t\t<\/span><span class=\"aioseo-breadcrumb-separator\">&raquo;<\/span><span class=\"aioseo-breadcrumb\">\n\t\t\t4\u00ba Departamento de Pol\u00edcia Civil tem novo chefe\n\t\t<\/span><\/div>","aioseo_breadcrumb_json":[{"label":"Home","link":"https:\/\/anoticiaonline.com.br\/site"},{"label":"Gerais","link":"https:\/\/anoticiaonline.com.br\/site\/categoria\/gerais\/"},{"label":"4\u00ba Departamento de Pol\u00edcia Civil tem novo chefe","link":"https:\/\/anoticiaonline.com.br\/site\/4o-departamento-de-policia-civil-tem-novo-chefe\/"}],"views":108,"_links":{"self":[{"href":"https:\/\/anoticiaonline.com.br\/site\/wp-json\/wp\/v2\/posts\/22817","targetHints":{"allow":["GET"]}}],"collection":[{"href":"https:\/\/anoticiaonline.com.br\/site\/wp-json\/wp\/v2\/posts"}],"about":[{"href":"https:\/\/anoticiaonline.com.br\/site\/wp-json\/wp\/v2\/types\/post"}],"author":[{"embeddable":true,"href":"https:\/\/anoticiaonline.com.br\/site\/wp-json\/wp\/v2\/users\/2"}],"replies":[{"embeddable":true,"href":"https:\/\/anoticiaonline.com.br\/site\/wp-json\/wp\/v2\/comments?post=22817"}],"version-history":[{"count":0,"href":"https:\/\/anoticiaonline.com.br\/site\/wp-json\/wp\/v2\/posts\/22817\/revisions"}],"wp:featuredmedia":[{"embeddable":true,"href":"https:\/\/anoticiaonline.com.br\/site\/wp-json\/wp\/v2\/media\/22818"}],"wp:attachment":[{"href":"https:\/\/anoticiaonline.com.br\/site\/wp-json\/wp\/v2\/media?parent=22817"}],"wp:term":[{"taxonomy":"category","embeddable":true,"href":"https:\/\/anoticiaonline.com.br\/site\/wp-json\/wp\/v2\/categories?post=22817"},{"taxonomy":"post_tag","embeddable":true,"href":"https:\/\/anoticiaonline.com.br\/site\/wp-json\/wp\/v2\/tags?post=22817"}],"curies":[{"name":"wp","href":"https:\/\/api.w.org\/{rel}","templated":true}]}}