{"id":22611,"date":"2016-12-08T08:49:36","date_gmt":"2016-12-08T11:49:36","guid":{"rendered":"http:\/\/anoticiaonline.com.br\/site\/?p=22611"},"modified":"2016-12-08T08:49:36","modified_gmt":"2016-12-08T11:49:36","slug":"animais-fantasticos-e-onde-habitam-continua-em-cartaz-no-cine-veredas","status":"publish","type":"post","link":"https:\/\/anoticiaonline.com.br\/site\/animais-fantasticos-e-onde-habitam-continua-em-cartaz-no-cine-veredas\/","title":{"rendered":"\u201cAnimais Fant\u00e1sticos e Onde Habitam\u201d continua em cartaz no Cine Veredas"},"content":{"rendered":"<p><a href=\"https:\/\/anoticiaonline.com.br\/site\/wp-content\/uploads\/2016\/12\/15419776_1635329023151304_8112705794262569964_o.jpg\"><img fetchpriority=\"high\" decoding=\"async\" class=\" size-medium wp-image-22612 alignleft\" src=\"https:\/\/anoticiaonline.com.br\/site\/wp-content\/uploads\/2016\/12\/15419776_1635329023151304_8112705794262569964_o-300x210.jpg\" alt=\"15419776_1635329023151304_8112705794262569964_o\" width=\"300\" height=\"210\" srcset=\"https:\/\/anoticiaonline.com.br\/site\/wp-content\/uploads\/2016\/12\/15419776_1635329023151304_8112705794262569964_o-300x210.jpg 300w, https:\/\/anoticiaonline.com.br\/site\/wp-content\/uploads\/2016\/12\/15419776_1635329023151304_8112705794262569964_o.jpg 640w\" sizes=\"(max-width: 300px) 100vw, 300px\" \/><\/a>\u201cAnimais Fant\u00e1sticos e Onde Habitam\u201d continua em cartaz no Cine Veredas por mais uma semana, at\u00e9 a pr\u00f3xima quarta-feira (14). O filme est\u00e1 sendo exibido nas sess\u00f5es das 18h30min (dublado) e das 21h (legendado). No s\u00e1bado e domingo tem sess\u00e3o tamb\u00e9m \u00e0s 16h.<\/p>\n<p>Na pr\u00f3xima quinta-feira (15), estreia no cinema muriaeense \u201cAnjos da Morte\u201d.<\/p>\n<p>O pre\u00e7o da entrada inteira custa R$ 16,00 e a meia, R$ 8,00. O Cine Veredas informa que s\u00f3 aceita 15 cortesias por sess\u00e3o. Mais informa\u00e7\u00f5es podem ser obtidas pelo telefone 8865-6528.<\/p>\n<p><strong>SINOPSE DE \u201cANIMAIS FANT\u00c1STICOS E ONDE HABITAM\u201d &#8211;<\/strong> O exc\u00eantrico magizoologista Newt Scamander (Eddie Redmayne) chega \u00e0 cidade de Nova York levando com muito zelo sua preciosa maleta, um objeto m\u00e1gico onde ele carrega fant\u00e1sticos animais do mundo da magia que coletou durante as suas viagens. Em meio \u00e0 comunidade bruxa norte-americana, que teme muito mais a exposi\u00e7\u00e3o aos trouxas do que os ingleses, Newt precisar\u00e1 usar todas suas habilidades e conhecimentos para capturar uma variedade de criaturas que acabam fugindo.<\/p>\n","protected":false},"excerpt":{"rendered":"<p>\u201cAnimais Fant\u00e1sticos e Onde Habitam\u201d continua em cartaz no Cine Veredas por mais uma semana, at\u00e9 a pr\u00f3xima quarta-feira (14). O filme est\u00e1 sendo exibido nas sess\u00f5es das 18h30min (dublado) e das 21h (legendado). No s\u00e1bado e domingo tem sess\u00e3o tamb\u00e9m \u00e0s 16h. Na pr\u00f3xima quinta-feira (15), estreia no cinema muriaeense \u201cAnjos da Morte\u201d. O &#8230; <a title=\"\u201cAnimais Fant\u00e1sticos e Onde Habitam\u201d continua em cartaz no Cine Veredas\" class=\"read-more\" href=\"https:\/\/anoticiaonline.com.br\/site\/animais-fantasticos-e-onde-habitam-continua-em-cartaz-no-cine-veredas\/\" aria-label=\"Read more about \u201cAnimais Fant\u00e1sticos e Onde Habitam\u201d continua em cartaz no Cine Veredas\">Ler mais<\/a><\/p>\n","protected":false},"author":2,"featured_media":22612,"comment_status":"open","ping_status":"open","sticky":false,"template":"","format":"standard","meta":{"_acf_changed":false,"_monsterinsights_skip_tracking":false,"footnotes":""},"categories":[37],"tags":[],"class_list":["post-22611","post","type-post","status-publish","format-standard","has-post-thumbnail","hentry","category-filmes"],"acf":[],"aioseo_notices":[],"aioseo_head":"\n\t\t<!-- All in One SEO 5.0.0.1 - aioseo.com -->\n\t<meta name=\"description\" content=\"\u201cAnimais Fant\u00e1sticos e Onde Habitam\u201d continua em cartaz no Cine Veredas por mais uma semana, at\u00e9 a pr\u00f3xima quarta-feira (14). O filme est\u00e1 sendo exibido nas sess\u00f5es das 18h30min (dublado) e das 21h (legendado). No s\u00e1bado e domingo tem sess\u00e3o tamb\u00e9m \u00e0s 16h. Na pr\u00f3xima quinta-feira (15), estreia no cinema muriaeense \u201cAnjos da Morte\u201d. O\" \/>\n\t<meta name=\"robots\" content=\"max-image-preview:large\" \/>\n\t<meta name=\"author\" content=\"Juliana Laviola\"\/>\n\t<link rel=\"canonical\" href=\"https:\/\/anoticiaonline.com.br\/site\/animais-fantasticos-e-onde-habitam-continua-em-cartaz-no-cine-veredas\/\" \/>\n\t<meta name=\"generator\" content=\"All in One SEO (AIOSEO) 5.0.0.1\" \/>\n\t\t<meta property=\"og:locale\" content=\"pt_BR\" \/>\n\t\t<meta property=\"og:site_name\" content=\"A Not\u00edcia Online - Noticias de Muria\u00e9 e regi\u00e3o\" \/>\n\t\t<meta property=\"og:type\" content=\"article\" \/>\n\t\t<meta property=\"og:title\" content=\"\u201cAnimais Fant\u00e1sticos e Onde Habitam\u201d continua em cartaz no Cine Veredas - A Not\u00edcia Online\" \/>\n\t\t<meta property=\"og:description\" content=\"\u201cAnimais Fant\u00e1sticos e Onde Habitam\u201d continua em cartaz no Cine Veredas por mais uma semana, at\u00e9 a pr\u00f3xima quarta-feira (14). O filme est\u00e1 sendo exibido nas sess\u00f5es das 18h30min (dublado) e das 21h (legendado). No s\u00e1bado e domingo tem sess\u00e3o tamb\u00e9m \u00e0s 16h. Na pr\u00f3xima quinta-feira (15), estreia no cinema muriaeense \u201cAnjos da Morte\u201d. O\" \/>\n\t\t<meta property=\"og:url\" content=\"https:\/\/anoticiaonline.com.br\/site\/animais-fantasticos-e-onde-habitam-continua-em-cartaz-no-cine-veredas\/\" \/>\n\t\t<meta property=\"og:image\" content=\"https:\/\/scontent-gig4-1.xx.fbcdn.net\/v\/t39.30808-1\/270437624_4564083193639691_6907940295614233970_n.jpg?stp=dst-jpg_s200x200_tt6&#038;_nc_cat=111&#038;ccb=1-7&#038;_nc_sid=f907e8&#038;_nc_ohc=SM1wRlP3lJwQ7kNvwEPuBYA&#038;_nc_oc=AdnqrjDN_BNjSSHWO-GbkIWH6fkGMLw4bqvL_NH6e2wMveX7G-rP2dAqsDSq1mJMOaY&#038;_nc_zt=24&#038;_nc_ht=scontent-gig4-1.xx&#038;_nc_gid=AoBFJeGrT1hVaew_6rchkQ&#038;oh=00_AfX7QmFGhQhG2jAllVgXCiM1ZrWgvtp80-Bfppyexh1QEg&#038;oe=689E923C\" \/>\n\t\t<meta property=\"og:image:secure_url\" content=\"https:\/\/scontent-gig4-1.xx.fbcdn.net\/v\/t39.30808-1\/270437624_4564083193639691_6907940295614233970_n.jpg?stp=dst-jpg_s200x200_tt6&#038;_nc_cat=111&#038;ccb=1-7&#038;_nc_sid=f907e8&#038;_nc_ohc=SM1wRlP3lJwQ7kNvwEPuBYA&#038;_nc_oc=AdnqrjDN_BNjSSHWO-GbkIWH6fkGMLw4bqvL_NH6e2wMveX7G-rP2dAqsDSq1mJMOaY&#038;_nc_zt=24&#038;_nc_ht=scontent-gig4-1.xx&#038;_nc_gid=AoBFJeGrT1hVaew_6rchkQ&#038;oh=00_AfX7QmFGhQhG2jAllVgXCiM1ZrWgvtp80-Bfppyexh1QEg&#038;oe=689E923C\" \/>\n\t\t<meta property=\"article:published_time\" content=\"2016-12-08T11:49:36+00:00\" \/>\n\t\t<meta property=\"article:modified_time\" content=\"2016-12-08T11:49:36+00:00\" \/>\n\t\t<meta name=\"twitter:card\" content=\"summary_large_image\" \/>\n\t\t<meta name=\"twitter:title\" content=\"\u201cAnimais Fant\u00e1sticos e Onde Habitam\u201d continua em cartaz no Cine Veredas - A Not\u00edcia Online\" \/>\n\t\t<meta name=\"twitter:description\" content=\"\u201cAnimais Fant\u00e1sticos e Onde Habitam\u201d continua em cartaz no Cine Veredas por mais uma semana, at\u00e9 a pr\u00f3xima quarta-feira (14). O filme est\u00e1 sendo exibido nas sess\u00f5es das 18h30min (dublado) e das 21h (legendado). No s\u00e1bado e domingo tem sess\u00e3o tamb\u00e9m \u00e0s 16h. Na pr\u00f3xima quinta-feira (15), estreia no cinema muriaeense \u201cAnjos da Morte\u201d. O\" \/>\n\t\t<meta name=\"twitter:image\" content=\"https:\/\/scontent-gig4-1.xx.fbcdn.net\/v\/t39.30808-1\/270437624_4564083193639691_6907940295614233970_n.jpg?stp=dst-jpg_s200x200_tt6&amp;_nc_cat=111&amp;ccb=1-7&amp;_nc_sid=f907e8&amp;_nc_ohc=SM1wRlP3lJwQ7kNvwEPuBYA&amp;_nc_oc=AdnqrjDN_BNjSSHWO-GbkIWH6fkGMLw4bqvL_NH6e2wMveX7G-rP2dAqsDSq1mJMOaY&amp;_nc_zt=24&amp;_nc_ht=scontent-gig4-1.xx&amp;_nc_gid=AoBFJeGrT1hVaew_6rchkQ&amp;oh=00_AfX7QmFGhQhG2jAllVgXCiM1ZrWgvtp80-Bfppyexh1QEg&amp;oe=689E923C\" \/>\n\t\t<script type=\"application\/ld+json\" class=\"aioseo-schema\">\n\t\t\t{\"@context\":\"https:\\\/\\\/schema.org\",\"@graph\":[{\"@type\":\"BlogPosting\",\"@id\":\"https:\\\/\\\/anoticiaonline.com.br\\\/site\\\/animais-fantasticos-e-onde-habitam-continua-em-cartaz-no-cine-veredas\\\/#blogposting\",\"name\":\"\\u201cAnimais Fant\\u00e1sticos e Onde Habitam\\u201d continua em cartaz no Cine Veredas - A Not\\u00edcia Online\",\"headline\":\"\\u201cAnimais Fant\\u00e1sticos e Onde Habitam\\u201d continua em cartaz no Cine Veredas\",\"author\":{\"@id\":\"https:\\\/\\\/anoticiaonline.com.br\\\/site\\\/author\\\/juliana\\\/#author\"},\"publisher\":{\"@id\":\"https:\\\/\\\/anoticiaonline.com.br\\\/site\\\/#organization\"},\"image\":{\"@type\":\"ImageObject\",\"url\":\"https:\\\/\\\/anoticiaonline.com.br\\\/site\\\/wp-content\\\/uploads\\\/2016\\\/12\\\/15419776_1635329023151304_8112705794262569964_o.jpg\",\"width\":640,\"height\":448},\"datePublished\":\"2016-12-08T08:49:36-03:00\",\"dateModified\":\"2016-12-08T08:49:36-03:00\",\"inLanguage\":\"pt-BR\",\"mainEntityOfPage\":{\"@id\":\"https:\\\/\\\/anoticiaonline.com.br\\\/site\\\/animais-fantasticos-e-onde-habitam-continua-em-cartaz-no-cine-veredas\\\/#webpage\"},\"isPartOf\":{\"@id\":\"https:\\\/\\\/anoticiaonline.com.br\\\/site\\\/animais-fantasticos-e-onde-habitam-continua-em-cartaz-no-cine-veredas\\\/#webpage\"},\"articleSection\":\"Filmes\"},{\"@type\":\"BreadcrumbList\",\"@id\":\"https:\\\/\\\/anoticiaonline.com.br\\\/site\\\/animais-fantasticos-e-onde-habitam-continua-em-cartaz-no-cine-veredas\\\/#breadcrumblist\",\"itemListElement\":[{\"@type\":\"ListItem\",\"@id\":\"https:\\\/\\\/anoticiaonline.com.br\\\/site#listItem\",\"position\":1,\"name\":\"Home\",\"item\":\"https:\\\/\\\/anoticiaonline.com.br\\\/site\",\"nextItem\":{\"@type\":\"ListItem\",\"@id\":\"https:\\\/\\\/anoticiaonline.com.br\\\/site\\\/categoria\\\/colunistas\\\/#listItem\",\"name\":\"Colunistas\"}},{\"@type\":\"ListItem\",\"@id\":\"https:\\\/\\\/anoticiaonline.com.br\\\/site\\\/categoria\\\/colunistas\\\/#listItem\",\"position\":2,\"name\":\"Colunistas\",\"item\":\"https:\\\/\\\/anoticiaonline.com.br\\\/site\\\/categoria\\\/colunistas\\\/\",\"nextItem\":{\"@type\":\"ListItem\",\"@id\":\"https:\\\/\\\/anoticiaonline.com.br\\\/site\\\/categoria\\\/colunistas\\\/filmes\\\/#listItem\",\"name\":\"Filmes\"},\"previousItem\":{\"@type\":\"ListItem\",\"@id\":\"https:\\\/\\\/anoticiaonline.com.br\\\/site#listItem\",\"name\":\"Home\"}},{\"@type\":\"ListItem\",\"@id\":\"https:\\\/\\\/anoticiaonline.com.br\\\/site\\\/categoria\\\/colunistas\\\/filmes\\\/#listItem\",\"position\":3,\"name\":\"Filmes\",\"item\":\"https:\\\/\\\/anoticiaonline.com.br\\\/site\\\/categoria\\\/colunistas\\\/filmes\\\/\",\"nextItem\":{\"@type\":\"ListItem\",\"@id\":\"https:\\\/\\\/anoticiaonline.com.br\\\/site\\\/animais-fantasticos-e-onde-habitam-continua-em-cartaz-no-cine-veredas\\\/#listItem\",\"name\":\"\\u201cAnimais Fant\\u00e1sticos e Onde Habitam\\u201d continua em cartaz no Cine Veredas\"},\"previousItem\":{\"@type\":\"ListItem\",\"@id\":\"https:\\\/\\\/anoticiaonline.com.br\\\/site\\\/categoria\\\/colunistas\\\/#listItem\",\"name\":\"Colunistas\"}},{\"@type\":\"ListItem\",\"@id\":\"https:\\\/\\\/anoticiaonline.com.br\\\/site\\\/animais-fantasticos-e-onde-habitam-continua-em-cartaz-no-cine-veredas\\\/#listItem\",\"position\":4,\"name\":\"\\u201cAnimais Fant\\u00e1sticos e Onde Habitam\\u201d continua em cartaz no Cine Veredas\",\"previousItem\":{\"@type\":\"ListItem\",\"@id\":\"https:\\\/\\\/anoticiaonline.com.br\\\/site\\\/categoria\\\/colunistas\\\/filmes\\\/#listItem\",\"name\":\"Filmes\"}}]},{\"@type\":\"Organization\",\"@id\":\"https:\\\/\\\/anoticiaonline.com.br\\\/site\\\/#organization\",\"name\":\"A Not\\u00edcia Online\",\"description\":\"Noticias de Muria\\u00e9 e regi\\u00e3o\",\"url\":\"https:\\\/\\\/anoticiaonline.com.br\\\/site\\\/\",\"logo\":{\"@type\":\"ImageObject\",\"url\":\"https:\\\/\\\/scontent-gig4-1.xx.fbcdn.net\\\/v\\\/t39.30808-1\\\/270437624_4564083193639691_6907940295614233970_n.jpg?stp=dst-jpg_s200x200_tt6&_nc_cat=111&ccb=1-7&_nc_sid=f907e8&_nc_ohc=SM1wRlP3lJwQ7kNvwEPuBYA&_nc_oc=AdnqrjDN_BNjSSHWO-GbkIWH6fkGMLw4bqvL_NH6e2wMveX7G-rP2dAqsDSq1mJMOaY&_nc_zt=24&_nc_ht=scontent-gig4-1.xx&_nc_gid=AoBFJeGrT1hVaew_6rchkQ&oh=00_AfX7QmFGhQhG2jAllVgXCiM1ZrWgvtp80-Bfppyexh1QEg&oe=689E923C\",\"@id\":\"https:\\\/\\\/anoticiaonline.com.br\\\/site\\\/animais-fantasticos-e-onde-habitam-continua-em-cartaz-no-cine-veredas\\\/#organizationLogo\"},\"image\":{\"@id\":\"https:\\\/\\\/anoticiaonline.com.br\\\/site\\\/animais-fantasticos-e-onde-habitam-continua-em-cartaz-no-cine-veredas\\\/#organizationLogo\"}},{\"@type\":\"Person\",\"@id\":\"https:\\\/\\\/anoticiaonline.com.br\\\/site\\\/author\\\/juliana\\\/#author\",\"url\":\"https:\\\/\\\/anoticiaonline.com.br\\\/site\\\/author\\\/juliana\\\/\",\"name\":\"Juliana Laviola\",\"image\":{\"@type\":\"ImageObject\",\"@id\":\"https:\\\/\\\/anoticiaonline.com.br\\\/site\\\/animais-fantasticos-e-onde-habitam-continua-em-cartaz-no-cine-veredas\\\/#authorImage\",\"url\":\"https:\\\/\\\/secure.gravatar.com\\\/avatar\\\/b8d45f5c699b100dfaf0e543582f38f38bf94cb7ae3a5e9abf8d891a34773335?s=96&d=mm&r=g\",\"width\":96,\"height\":96,\"caption\":\"Juliana Laviola\"}},{\"@type\":\"WebPage\",\"@id\":\"https:\\\/\\\/anoticiaonline.com.br\\\/site\\\/animais-fantasticos-e-onde-habitam-continua-em-cartaz-no-cine-veredas\\\/#webpage\",\"url\":\"https:\\\/\\\/anoticiaonline.com.br\\\/site\\\/animais-fantasticos-e-onde-habitam-continua-em-cartaz-no-cine-veredas\\\/\",\"name\":\"\\u201cAnimais Fant\\u00e1sticos e Onde Habitam\\u201d continua em cartaz no Cine Veredas - A Not\\u00edcia Online\",\"description\":\"\\u201cAnimais Fant\\u00e1sticos e Onde Habitam\\u201d continua em cartaz no Cine Veredas por mais uma semana, at\\u00e9 a pr\\u00f3xima quarta-feira (14). O filme est\\u00e1 sendo exibido nas sess\\u00f5es das 18h30min (dublado) e das 21h (legendado). No s\\u00e1bado e domingo tem sess\\u00e3o tamb\\u00e9m \\u00e0s 16h. Na pr\\u00f3xima quinta-feira (15), estreia no cinema muriaeense \\u201cAnjos da Morte\\u201d. O\",\"inLanguage\":\"pt-BR\",\"isPartOf\":{\"@id\":\"https:\\\/\\\/anoticiaonline.com.br\\\/site\\\/#website\"},\"breadcrumb\":{\"@id\":\"https:\\\/\\\/anoticiaonline.com.br\\\/site\\\/animais-fantasticos-e-onde-habitam-continua-em-cartaz-no-cine-veredas\\\/#breadcrumblist\"},\"author\":{\"@id\":\"https:\\\/\\\/anoticiaonline.com.br\\\/site\\\/author\\\/juliana\\\/#author\"},\"creator\":{\"@id\":\"https:\\\/\\\/anoticiaonline.com.br\\\/site\\\/author\\\/juliana\\\/#author\"},\"image\":{\"@type\":\"ImageObject\",\"url\":\"https:\\\/\\\/anoticiaonline.com.br\\\/site\\\/wp-content\\\/uploads\\\/2016\\\/12\\\/15419776_1635329023151304_8112705794262569964_o.jpg\",\"@id\":\"https:\\\/\\\/anoticiaonline.com.br\\\/site\\\/animais-fantasticos-e-onde-habitam-continua-em-cartaz-no-cine-veredas\\\/#mainImage\",\"width\":640,\"height\":448},\"primaryImageOfPage\":{\"@id\":\"https:\\\/\\\/anoticiaonline.com.br\\\/site\\\/animais-fantasticos-e-onde-habitam-continua-em-cartaz-no-cine-veredas\\\/#mainImage\"},\"datePublished\":\"2016-12-08T08:49:36-03:00\",\"dateModified\":\"2016-12-08T08:49:36-03:00\"},{\"@type\":\"WebSite\",\"@id\":\"https:\\\/\\\/anoticiaonline.com.br\\\/site\\\/#website\",\"url\":\"https:\\\/\\\/anoticiaonline.com.br\\\/site\\\/\",\"name\":\"A Not\\u00edcia Online\",\"description\":\"Noticias de Muria\\u00e9 e regi\\u00e3o\",\"inLanguage\":\"pt-BR\",\"publisher\":{\"@id\":\"https:\\\/\\\/anoticiaonline.com.br\\\/site\\\/#organization\"}}]}\n\t\t<\/script>\n\t\t<!-- All in One SEO -->\n\n","aioseo_head_json":{"title":"\u201cAnimais Fant\u00e1sticos e Onde Habitam\u201d continua em cartaz no Cine Veredas - A Not\u00edcia Online","description":"\u201cAnimais Fant\u00e1sticos e Onde Habitam\u201d continua em cartaz no Cine Veredas por mais uma semana, at\u00e9 a pr\u00f3xima quarta-feira (14). O filme est\u00e1 sendo exibido nas sess\u00f5es das 18h30min (dublado) e das 21h (legendado). No s\u00e1bado e domingo tem sess\u00e3o tamb\u00e9m \u00e0s 16h. Na pr\u00f3xima quinta-feira (15), estreia no cinema muriaeense \u201cAnjos da Morte\u201d. O","canonical_url":"https:\/\/anoticiaonline.com.br\/site\/animais-fantasticos-e-onde-habitam-continua-em-cartaz-no-cine-veredas\/","robots":"max-image-preview:large","keywords":"","webmasterTools":{"miscellaneous":""},"schema":{"@context":"https:\/\/schema.org","@graph":[{"@type":"BlogPosting","@id":"https:\/\/anoticiaonline.com.br\/site\/animais-fantasticos-e-onde-habitam-continua-em-cartaz-no-cine-veredas\/#blogposting","name":"\u201cAnimais Fant\u00e1sticos e Onde Habitam\u201d continua em cartaz no Cine Veredas - A Not\u00edcia Online","headline":"\u201cAnimais Fant\u00e1sticos e Onde Habitam\u201d continua em cartaz no Cine Veredas","author":{"@id":"https:\/\/anoticiaonline.com.br\/site\/author\/juliana\/#author"},"publisher":{"@id":"https:\/\/anoticiaonline.com.br\/site\/#organization"},"image":{"@type":"ImageObject","url":"https:\/\/anoticiaonline.com.br\/site\/wp-content\/uploads\/2016\/12\/15419776_1635329023151304_8112705794262569964_o.jpg","width":640,"height":448},"datePublished":"2016-12-08T08:49:36-03:00","dateModified":"2016-12-08T08:49:36-03:00","inLanguage":"pt-BR","mainEntityOfPage":{"@id":"https:\/\/anoticiaonline.com.br\/site\/animais-fantasticos-e-onde-habitam-continua-em-cartaz-no-cine-veredas\/#webpage"},"isPartOf":{"@id":"https:\/\/anoticiaonline.com.br\/site\/animais-fantasticos-e-onde-habitam-continua-em-cartaz-no-cine-veredas\/#webpage"},"articleSection":"Filmes"},{"@type":"BreadcrumbList","@id":"https:\/\/anoticiaonline.com.br\/site\/animais-fantasticos-e-onde-habitam-continua-em-cartaz-no-cine-veredas\/#breadcrumblist","itemListElement":[{"@type":"ListItem","@id":"https:\/\/anoticiaonline.com.br\/site#listItem","position":1,"name":"Home","item":"https:\/\/anoticiaonline.com.br\/site","nextItem":{"@type":"ListItem","@id":"https:\/\/anoticiaonline.com.br\/site\/categoria\/colunistas\/#listItem","name":"Colunistas"}},{"@type":"ListItem","@id":"https:\/\/anoticiaonline.com.br\/site\/categoria\/colunistas\/#listItem","position":2,"name":"Colunistas","item":"https:\/\/anoticiaonline.com.br\/site\/categoria\/colunistas\/","nextItem":{"@type":"ListItem","@id":"https:\/\/anoticiaonline.com.br\/site\/categoria\/colunistas\/filmes\/#listItem","name":"Filmes"},"previousItem":{"@type":"ListItem","@id":"https:\/\/anoticiaonline.com.br\/site#listItem","name":"Home"}},{"@type":"ListItem","@id":"https:\/\/anoticiaonline.com.br\/site\/categoria\/colunistas\/filmes\/#listItem","position":3,"name":"Filmes","item":"https:\/\/anoticiaonline.com.br\/site\/categoria\/colunistas\/filmes\/","nextItem":{"@type":"ListItem","@id":"https:\/\/anoticiaonline.com.br\/site\/animais-fantasticos-e-onde-habitam-continua-em-cartaz-no-cine-veredas\/#listItem","name":"\u201cAnimais Fant\u00e1sticos e Onde Habitam\u201d continua em cartaz no Cine Veredas"},"previousItem":{"@type":"ListItem","@id":"https:\/\/anoticiaonline.com.br\/site\/categoria\/colunistas\/#listItem","name":"Colunistas"}},{"@type":"ListItem","@id":"https:\/\/anoticiaonline.com.br\/site\/animais-fantasticos-e-onde-habitam-continua-em-cartaz-no-cine-veredas\/#listItem","position":4,"name":"\u201cAnimais Fant\u00e1sticos e Onde Habitam\u201d continua em cartaz no Cine Veredas","previousItem":{"@type":"ListItem","@id":"https:\/\/anoticiaonline.com.br\/site\/categoria\/colunistas\/filmes\/#listItem","name":"Filmes"}}]},{"@type":"Organization","@id":"https:\/\/anoticiaonline.com.br\/site\/#organization","name":"A Not\u00edcia Online","description":"Noticias de Muria\u00e9 e regi\u00e3o","url":"https:\/\/anoticiaonline.com.br\/site\/","logo":{"@type":"ImageObject","url":"https:\/\/scontent-gig4-1.xx.fbcdn.net\/v\/t39.30808-1\/270437624_4564083193639691_6907940295614233970_n.jpg?stp=dst-jpg_s200x200_tt6&_nc_cat=111&ccb=1-7&_nc_sid=f907e8&_nc_ohc=SM1wRlP3lJwQ7kNvwEPuBYA&_nc_oc=AdnqrjDN_BNjSSHWO-GbkIWH6fkGMLw4bqvL_NH6e2wMveX7G-rP2dAqsDSq1mJMOaY&_nc_zt=24&_nc_ht=scontent-gig4-1.xx&_nc_gid=AoBFJeGrT1hVaew_6rchkQ&oh=00_AfX7QmFGhQhG2jAllVgXCiM1ZrWgvtp80-Bfppyexh1QEg&oe=689E923C","@id":"https:\/\/anoticiaonline.com.br\/site\/animais-fantasticos-e-onde-habitam-continua-em-cartaz-no-cine-veredas\/#organizationLogo"},"image":{"@id":"https:\/\/anoticiaonline.com.br\/site\/animais-fantasticos-e-onde-habitam-continua-em-cartaz-no-cine-veredas\/#organizationLogo"}},{"@type":"Person","@id":"https:\/\/anoticiaonline.com.br\/site\/author\/juliana\/#author","url":"https:\/\/anoticiaonline.com.br\/site\/author\/juliana\/","name":"Juliana Laviola","image":{"@type":"ImageObject","@id":"https:\/\/anoticiaonline.com.br\/site\/animais-fantasticos-e-onde-habitam-continua-em-cartaz-no-cine-veredas\/#authorImage","url":"https:\/\/secure.gravatar.com\/avatar\/b8d45f5c699b100dfaf0e543582f38f38bf94cb7ae3a5e9abf8d891a34773335?s=96&d=mm&r=g","width":96,"height":96,"caption":"Juliana Laviola"}},{"@type":"WebPage","@id":"https:\/\/anoticiaonline.com.br\/site\/animais-fantasticos-e-onde-habitam-continua-em-cartaz-no-cine-veredas\/#webpage","url":"https:\/\/anoticiaonline.com.br\/site\/animais-fantasticos-e-onde-habitam-continua-em-cartaz-no-cine-veredas\/","name":"\u201cAnimais Fant\u00e1sticos e Onde Habitam\u201d continua em cartaz no Cine Veredas - A Not\u00edcia Online","description":"\u201cAnimais Fant\u00e1sticos e Onde Habitam\u201d continua em cartaz no Cine Veredas por mais uma semana, at\u00e9 a pr\u00f3xima quarta-feira (14). O filme est\u00e1 sendo exibido nas sess\u00f5es das 18h30min (dublado) e das 21h (legendado). No s\u00e1bado e domingo tem sess\u00e3o tamb\u00e9m \u00e0s 16h. Na pr\u00f3xima quinta-feira (15), estreia no cinema muriaeense \u201cAnjos da Morte\u201d. O","inLanguage":"pt-BR","isPartOf":{"@id":"https:\/\/anoticiaonline.com.br\/site\/#website"},"breadcrumb":{"@id":"https:\/\/anoticiaonline.com.br\/site\/animais-fantasticos-e-onde-habitam-continua-em-cartaz-no-cine-veredas\/#breadcrumblist"},"author":{"@id":"https:\/\/anoticiaonline.com.br\/site\/author\/juliana\/#author"},"creator":{"@id":"https:\/\/anoticiaonline.com.br\/site\/author\/juliana\/#author"},"image":{"@type":"ImageObject","url":"https:\/\/anoticiaonline.com.br\/site\/wp-content\/uploads\/2016\/12\/15419776_1635329023151304_8112705794262569964_o.jpg","@id":"https:\/\/anoticiaonline.com.br\/site\/animais-fantasticos-e-onde-habitam-continua-em-cartaz-no-cine-veredas\/#mainImage","width":640,"height":448},"primaryImageOfPage":{"@id":"https:\/\/anoticiaonline.com.br\/site\/animais-fantasticos-e-onde-habitam-continua-em-cartaz-no-cine-veredas\/#mainImage"},"datePublished":"2016-12-08T08:49:36-03:00","dateModified":"2016-12-08T08:49:36-03:00"},{"@type":"WebSite","@id":"https:\/\/anoticiaonline.com.br\/site\/#website","url":"https:\/\/anoticiaonline.com.br\/site\/","name":"A Not\u00edcia Online","description":"Noticias de Muria\u00e9 e regi\u00e3o","inLanguage":"pt-BR","publisher":{"@id":"https:\/\/anoticiaonline.com.br\/site\/#organization"}}]},"og:locale":"pt_BR","og:site_name":"A Not\u00edcia Online - Noticias de Muria\u00e9 e regi\u00e3o","og:type":"article","og:title":"\u201cAnimais Fant\u00e1sticos e Onde Habitam\u201d continua em cartaz no Cine Veredas - A Not\u00edcia Online","og:description":"\u201cAnimais Fant\u00e1sticos e Onde Habitam\u201d continua em cartaz no Cine Veredas por mais uma semana, at\u00e9 a pr\u00f3xima quarta-feira (14). O filme est\u00e1 sendo exibido nas sess\u00f5es das 18h30min (dublado) e das 21h (legendado). No s\u00e1bado e domingo tem sess\u00e3o tamb\u00e9m \u00e0s 16h. Na pr\u00f3xima quinta-feira (15), estreia no cinema muriaeense \u201cAnjos da Morte\u201d. O","og:url":"https:\/\/anoticiaonline.com.br\/site\/animais-fantasticos-e-onde-habitam-continua-em-cartaz-no-cine-veredas\/","og:image":"https:\/\/scontent-gig4-1.xx.fbcdn.net\/v\/t39.30808-1\/270437624_4564083193639691_6907940295614233970_n.jpg?stp=dst-jpg_s200x200_tt6&#038;_nc_cat=111&#038;ccb=1-7&#038;_nc_sid=f907e8&#038;_nc_ohc=SM1wRlP3lJwQ7kNvwEPuBYA&#038;_nc_oc=AdnqrjDN_BNjSSHWO-GbkIWH6fkGMLw4bqvL_NH6e2wMveX7G-rP2dAqsDSq1mJMOaY&#038;_nc_zt=24&#038;_nc_ht=scontent-gig4-1.xx&#038;_nc_gid=AoBFJeGrT1hVaew_6rchkQ&#038;oh=00_AfX7QmFGhQhG2jAllVgXCiM1ZrWgvtp80-Bfppyexh1QEg&#038;oe=689E923C","og:image:secure_url":"https:\/\/scontent-gig4-1.xx.fbcdn.net\/v\/t39.30808-1\/270437624_4564083193639691_6907940295614233970_n.jpg?stp=dst-jpg_s200x200_tt6&#038;_nc_cat=111&#038;ccb=1-7&#038;_nc_sid=f907e8&#038;_nc_ohc=SM1wRlP3lJwQ7kNvwEPuBYA&#038;_nc_oc=AdnqrjDN_BNjSSHWO-GbkIWH6fkGMLw4bqvL_NH6e2wMveX7G-rP2dAqsDSq1mJMOaY&#038;_nc_zt=24&#038;_nc_ht=scontent-gig4-1.xx&#038;_nc_gid=AoBFJeGrT1hVaew_6rchkQ&#038;oh=00_AfX7QmFGhQhG2jAllVgXCiM1ZrWgvtp80-Bfppyexh1QEg&#038;oe=689E923C","article:published_time":"2016-12-08T11:49:36+00:00","article:modified_time":"2016-12-08T11:49:36+00:00","twitter:card":"summary_large_image","twitter:title":"\u201cAnimais Fant\u00e1sticos e Onde Habitam\u201d continua em cartaz no Cine Veredas - A Not\u00edcia Online","twitter:description":"\u201cAnimais Fant\u00e1sticos e Onde Habitam\u201d continua em cartaz no Cine Veredas por mais uma semana, at\u00e9 a pr\u00f3xima quarta-feira (14). O filme est\u00e1 sendo exibido nas sess\u00f5es das 18h30min (dublado) e das 21h (legendado). No s\u00e1bado e domingo tem sess\u00e3o tamb\u00e9m \u00e0s 16h. Na pr\u00f3xima quinta-feira (15), estreia no cinema muriaeense \u201cAnjos da Morte\u201d. O","twitter:image":"https:\/\/scontent-gig4-1.xx.fbcdn.net\/v\/t39.30808-1\/270437624_4564083193639691_6907940295614233970_n.jpg?stp=dst-jpg_s200x200_tt6&_nc_cat=111&ccb=1-7&_nc_sid=f907e8&_nc_ohc=SM1wRlP3lJwQ7kNvwEPuBYA&_nc_oc=AdnqrjDN_BNjSSHWO-GbkIWH6fkGMLw4bqvL_NH6e2wMveX7G-rP2dAqsDSq1mJMOaY&_nc_zt=24&_nc_ht=scontent-gig4-1.xx&_nc_gid=AoBFJeGrT1hVaew_6rchkQ&oh=00_AfX7QmFGhQhG2jAllVgXCiM1ZrWgvtp80-Bfppyexh1QEg&oe=689E923C"},"aioseo_meta_data":{"post_id":"22611","title":null,"description":null,"keywords":null,"keyphrases":null,"primary_term":null,"canonical_url":null,"og_title":null,"og_description":null,"og_object_type":"default","og_image_type":"default","og_image_url":null,"og_image_width":null,"og_image_height":null,"og_image_custom_url":null,"og_image_custom_fields":null,"og_video":null,"og_custom_url":null,"og_article_section":null,"og_article_tags":null,"twitter_use_og":false,"twitter_card":"default","twitter_image_type":"default","twitter_image_url":null,"twitter_image_custom_url":null,"twitter_image_custom_fields":null,"twitter_title":null,"twitter_description":null,"schema":{"blockGraphs":[],"customGraphs":[],"default":{"data":{"Article":[],"Course":[],"Dataset":[],"FAQPage":[],"Movie":[],"Person":[],"Product":[],"ProductReview":[],"Car":[],"Recipe":[],"Service":[],"SoftwareApplication":[],"WebPage":[]},"graphName":"","isEnabled":true},"graphs":[]},"schema_type":"default","schema_type_options":null,"pillar_content":false,"robots_default":true,"robots_noindex":false,"robots_noarchive":false,"robots_nosnippet":false,"robots_nofollow":false,"robots_noimageindex":false,"robots_noodp":false,"robots_notranslate":false,"robots_max_snippet":null,"robots_max_videopreview":null,"robots_max_imagepreview":"large","priority":null,"frequency":null,"local_seo":null,"breadcrumb_settings":null,"limit_modified_date":false,"ai":null,"created":"2025-08-16 17:17:40","updated":"2025-08-16 17:17:40","focus_keyword":null,"additional_keywords":null,"truseo_locale":null,"seo_analyzer_scan_date":null},"aioseo_breadcrumb":"<div class=\"aioseo-breadcrumbs\"><span class=\"aioseo-breadcrumb\">\n\t\t\t<a href=\"https:\/\/anoticiaonline.com.br\/site\" title=\"Home\">Home<\/a>\n\t\t<\/span><span class=\"aioseo-breadcrumb-separator\">&raquo;<\/span><span class=\"aioseo-breadcrumb\">\n\t\t\t<a href=\"https:\/\/anoticiaonline.com.br\/site\/categoria\/colunistas\/\" title=\"Colunistas\">Colunistas<\/a>\n\t\t<\/span><span class=\"aioseo-breadcrumb-separator\">&raquo;<\/span><span class=\"aioseo-breadcrumb\">\n\t\t\t<a href=\"https:\/\/anoticiaonline.com.br\/site\/categoria\/colunistas\/filmes\/\" title=\"Filmes\">Filmes<\/a>\n\t\t<\/span><span class=\"aioseo-breadcrumb-separator\">&raquo;<\/span><span class=\"aioseo-breadcrumb\">\n\t\t\t\u201cAnimais Fant\u00e1sticos e Onde Habitam\u201d continua em cartaz no Cine Veredas\n\t\t<\/span><\/div>","aioseo_breadcrumb_json":[{"label":"Home","link":"https:\/\/anoticiaonline.com.br\/site"},{"label":"Colunistas","link":"https:\/\/anoticiaonline.com.br\/site\/categoria\/colunistas\/"},{"label":"Filmes","link":"https:\/\/anoticiaonline.com.br\/site\/categoria\/colunistas\/filmes\/"},{"label":"\u201cAnimais Fant\u00e1sticos e Onde Habitam\u201d continua em cartaz no Cine Veredas","link":"https:\/\/anoticiaonline.com.br\/site\/animais-fantasticos-e-onde-habitam-continua-em-cartaz-no-cine-veredas\/"}],"views":99,"_links":{"self":[{"href":"https:\/\/anoticiaonline.com.br\/site\/wp-json\/wp\/v2\/posts\/22611","targetHints":{"allow":["GET"]}}],"collection":[{"href":"https:\/\/anoticiaonline.com.br\/site\/wp-json\/wp\/v2\/posts"}],"about":[{"href":"https:\/\/anoticiaonline.com.br\/site\/wp-json\/wp\/v2\/types\/post"}],"author":[{"embeddable":true,"href":"https:\/\/anoticiaonline.com.br\/site\/wp-json\/wp\/v2\/users\/2"}],"replies":[{"embeddable":true,"href":"https:\/\/anoticiaonline.com.br\/site\/wp-json\/wp\/v2\/comments?post=22611"}],"version-history":[{"count":0,"href":"https:\/\/anoticiaonline.com.br\/site\/wp-json\/wp\/v2\/posts\/22611\/revisions"}],"wp:featuredmedia":[{"embeddable":true,"href":"https:\/\/anoticiaonline.com.br\/site\/wp-json\/wp\/v2\/media\/22612"}],"wp:attachment":[{"href":"https:\/\/anoticiaonline.com.br\/site\/wp-json\/wp\/v2\/media?parent=22611"}],"wp:term":[{"taxonomy":"category","embeddable":true,"href":"https:\/\/anoticiaonline.com.br\/site\/wp-json\/wp\/v2\/categories?post=22611"},{"taxonomy":"post_tag","embeddable":true,"href":"https:\/\/anoticiaonline.com.br\/site\/wp-json\/wp\/v2\/tags?post=22611"}],"curies":[{"name":"wp","href":"https:\/\/api.w.org\/{rel}","templated":true}]}}