{"id":22593,"date":"2016-12-07T14:35:45","date_gmt":"2016-12-07T17:35:45","guid":{"rendered":"http:\/\/anoticiaonline.com.br\/site\/?p=22593"},"modified":"2016-12-07T14:39:16","modified_gmt":"2016-12-07T17:39:16","slug":"prefeitos-vices-e-vereadores-eleitos-na-comarca-de-muriae-sao-diplomados","status":"publish","type":"post","link":"https:\/\/anoticiaonline.com.br\/site\/prefeitos-vices-e-vereadores-eleitos-na-comarca-de-muriae-sao-diplomados\/","title":{"rendered":"Prefeitos, vices e vereadores eleitos na Comarca de Muria\u00e9 s\u00e3o diplomados"},"content":{"rendered":"<figure id=\"attachment_22596\" aria-describedby=\"caption-attachment-22596\" style=\"width: 290px\" class=\"wp-caption alignleft\"><a href=\"https:\/\/anoticiaonline.com.br\/site\/wp-content\/uploads\/2016\/12\/Justi\u00e7a-Eleitoral-da-Comarca-de-Muria\u00e9-diploma-prefeitos-vices-e-vereadores-eleitos1.jpg\"><img fetchpriority=\"high\" decoding=\"async\" class=\"size-medium wp-image-22596\" src=\"https:\/\/anoticiaonline.com.br\/site\/wp-content\/uploads\/2016\/12\/Justi\u00e7a-Eleitoral-da-Comarca-de-Muria\u00e9-diploma-prefeitos-vices-e-vereadores-eleitos1-300x196.jpg\" alt=\"Entre os diplomados est\u00e3o o futuro prefeito de Muria\u00e9, Grego e seu vice, Marcos Guarino \" width=\"300\" height=\"196\" srcset=\"https:\/\/anoticiaonline.com.br\/site\/wp-content\/uploads\/2016\/12\/Justi\u00e7a-Eleitoral-da-Comarca-de-Muria\u00e9-diploma-prefeitos-vices-e-vereadores-eleitos1-300x196.jpg 300w, https:\/\/anoticiaonline.com.br\/site\/wp-content\/uploads\/2016\/12\/Justi\u00e7a-Eleitoral-da-Comarca-de-Muria\u00e9-diploma-prefeitos-vices-e-vereadores-eleitos1.jpg 640w\" sizes=\"(max-width: 300px) 100vw, 300px\" \/><\/a><figcaption id=\"caption-attachment-22596\" class=\"wp-caption-text\">Entre os diplomados est\u00e3o o futuro prefeito de Muria\u00e9, Grego e seu vice, Marcos Guarino<\/figcaption><\/figure>\n<p>Os prefeitos, vices e vereadores da 187\u00aa Zona Eleitoral &#8211; que abrange, al\u00e9m de Muria\u00e9, os munic\u00edpios de Ros\u00e1rio da Limeira e Laranjal -, eleitos em outubro foram diplomados na ter\u00e7a-feira (6), durante solenidade realizada no Sal\u00e3o do J\u00fari do F\u00f3rum Tabeli\u00e3o Pacheco de Medeiros.<\/p>\n<p>Entre os 41 candidatos eleitos que foram diplomados est\u00e3o o futuro prefeito de Muria\u00e9, Grego e seu vice, Marcos Guarino; o prefeito eleito de Laranjal, Sud\u00e1rio Carneiro e seu vice, Luiz Henrique Ribeiro; e o pr\u00f3ximo prefeito de Ros\u00e1rio da Limeira, Jos\u00e9 Maria Pinto da Silva e seu vice, Davi Dias Maciel.<\/p>\n<p>Em toda comarca foram eleitos 35 vereadores, sendo 17 em Muria\u00e9, nove em Laranjal e tamb\u00e9m nove em Ros\u00e1rio da Limeira.<\/p>\n<p>Entre as autoridades presentes destacam-se o juiz eleitoral da Comarca de Muria\u00e9, Andr\u00e9 Ladeira da Rocha Le\u00e3o, o qual presidiu a cerim\u00f4nia; a promotora eleitoral, Susan Kennea de Melo, o comandante do 47\u00ba Batalh\u00e3o da Pol\u00edcia Militar, tenente-coronel Ranieri, o delegado regional de Muria\u00e9 da Pol\u00edcia Civil, Alessandro da Matta e o vice-presidente da 36\u00aa Subse\u00e7\u00e3o da OAB, Jos\u00e9 M\u00e1rcio de Oliveira.<\/p>\n<p>Antes da diploma\u00e7\u00e3o dos eleitos, o juiz eleitoral agradeceu mes\u00e1rios e eleitores de forma geral. Na sequ\u00eancia, Andr\u00e9 Le\u00e3o homenageou seis pessoas que representaram mes\u00e1rios e eleitores dos tr\u00eas munic\u00edpios.<\/p>\n<p><strong>Confira a lista dos eleitos e diplomados por cidade:<\/strong><\/p>\n<p><strong>MURIA\u00c9<\/strong><br \/>\n<strong>Prefeito:<\/strong> Grego<br \/>\n<strong>Vice-prefeito:<\/strong> Marcos Guarino<br \/>\n<strong>Vereadores:<\/strong><br \/>\nAdemar Camerino<br \/>\nCarlos Delfim<br \/>\nCarlos Macuco<br \/>\nCelsinho<br \/>\nCiso<br \/>\nDavid Lacerda<br \/>\nDevail<br \/>\nDr. Jos\u00e9 Carlos<br \/>\nEvandro Cheiroso<br \/>\nIvanir do Gaspar<br \/>\nJair Abreu<br \/>\nJ\u00falio Simbra<br \/>\nLelei<br \/>\nManoel Carvalho<br \/>\nMirian Fachini<br \/>\nReginaldo Roriz<br \/>\nSargento Joel<\/p>\n<p><strong>LARANJAL<\/strong><br \/>\n<strong>Prefeito:<\/strong> Sud\u00e1rio Amorim Carneiro<br \/>\n<strong>Vice-prefeito:<\/strong> Luiz Henrique Ribeiro<br \/>\n<strong>Vereadores:<\/strong><br \/>\nAndr\u00e9 Barbosinha<br \/>\nChiquinho do Artur<br \/>\nGiovanni Bambam<br \/>\nGuilherme de Sapucaia<br \/>\nJo\u00e3o do Dino<br \/>\nJo\u00e3o Paulo (Dada)<br \/>\nMarquinho do Viana<br \/>\nNarlon Silva<br \/>\nPaulo Sergio<\/p>\n<p><strong>ROS\u00c1RIO DA LIMEIRA<\/strong><br \/>\n<strong>Prefeito:<\/strong> Jos\u00e9 Maria Pinto da Silva<br \/>\n<strong>Vice-prefeito:<\/strong> Davi Dias Maciel<br \/>\n<strong>Vereadores:<\/strong><br \/>\nBianca<br \/>\nDavi do Sindicato<br \/>\nMaureli<br \/>\nNetinho<br \/>\nRiedicon da Sa\u00fade<br \/>\nRomildo Paulo<br \/>\nValdecir do Eloim<br \/>\nWanderlei do Nena<br \/>\nZ\u00e9 do Lula<\/p>\n","protected":false},"excerpt":{"rendered":"<p>Os prefeitos, vices e vereadores da 187\u00aa Zona Eleitoral &#8211; que abrange, al\u00e9m de Muria\u00e9, os munic\u00edpios de Ros\u00e1rio da Limeira e Laranjal -, eleitos em outubro foram diplomados na ter\u00e7a-feira (6), durante solenidade realizada no Sal\u00e3o do J\u00fari do F\u00f3rum Tabeli\u00e3o Pacheco de Medeiros. Entre os 41 candidatos eleitos que foram diplomados est\u00e3o o &#8230; <a title=\"Prefeitos, vices e vereadores eleitos na Comarca de Muria\u00e9 s\u00e3o diplomados\" class=\"read-more\" href=\"https:\/\/anoticiaonline.com.br\/site\/prefeitos-vices-e-vereadores-eleitos-na-comarca-de-muriae-sao-diplomados\/\" aria-label=\"Read more about Prefeitos, vices e vereadores eleitos na Comarca de Muria\u00e9 s\u00e3o diplomados\">Ler mais<\/a><\/p>\n","protected":false},"author":2,"featured_media":22596,"comment_status":"open","ping_status":"open","sticky":false,"template":"","format":"standard","meta":{"_acf_changed":false,"_monsterinsights_skip_tracking":false,"footnotes":""},"categories":[30],"tags":[3],"class_list":["post-22593","post","type-post","status-publish","format-standard","has-post-thumbnail","hentry","category-muriae","tag-slide"],"acf":[],"aioseo_notices":[],"aioseo_head":"\n\t\t<!-- All in One SEO 5.0.0.1 - aioseo.com -->\n\t<meta name=\"description\" content=\"Os prefeitos, vices e vereadores da 187\u00aa Zona Eleitoral - que abrange, al\u00e9m de Muria\u00e9, os munic\u00edpios de Ros\u00e1rio da Limeira e Laranjal -, eleitos em outubro foram diplomados na ter\u00e7a-feira (6), durante solenidade realizada no Sal\u00e3o do J\u00fari do F\u00f3rum Tabeli\u00e3o Pacheco de Medeiros. Entre os 41 candidatos eleitos que foram diplomados est\u00e3o o\" \/>\n\t<meta name=\"robots\" content=\"max-image-preview:large\" \/>\n\t<meta name=\"author\" content=\"Juliana Laviola\"\/>\n\t<link rel=\"canonical\" href=\"https:\/\/anoticiaonline.com.br\/site\/prefeitos-vices-e-vereadores-eleitos-na-comarca-de-muriae-sao-diplomados\/\" \/>\n\t<meta name=\"generator\" content=\"All in One SEO (AIOSEO) 5.0.0.1\" \/>\n\t\t<meta property=\"og:locale\" content=\"pt_BR\" \/>\n\t\t<meta property=\"og:site_name\" content=\"A Not\u00edcia Online - Noticias de Muria\u00e9 e regi\u00e3o\" \/>\n\t\t<meta property=\"og:type\" content=\"article\" \/>\n\t\t<meta property=\"og:title\" content=\"Prefeitos, vices e vereadores eleitos na Comarca de Muria\u00e9 s\u00e3o diplomados - A Not\u00edcia Online\" \/>\n\t\t<meta property=\"og:description\" content=\"Os prefeitos, vices e vereadores da 187\u00aa Zona Eleitoral - que abrange, al\u00e9m de Muria\u00e9, os munic\u00edpios de Ros\u00e1rio da Limeira e Laranjal -, eleitos em outubro foram diplomados na ter\u00e7a-feira (6), durante solenidade realizada no Sal\u00e3o do J\u00fari do F\u00f3rum Tabeli\u00e3o Pacheco de Medeiros. Entre os 41 candidatos eleitos que foram diplomados est\u00e3o o\" \/>\n\t\t<meta property=\"og:url\" content=\"https:\/\/anoticiaonline.com.br\/site\/prefeitos-vices-e-vereadores-eleitos-na-comarca-de-muriae-sao-diplomados\/\" \/>\n\t\t<meta property=\"og:image\" content=\"https:\/\/scontent-gig4-1.xx.fbcdn.net\/v\/t39.30808-1\/270437624_4564083193639691_6907940295614233970_n.jpg?stp=dst-jpg_s200x200_tt6&#038;_nc_cat=111&#038;ccb=1-7&#038;_nc_sid=f907e8&#038;_nc_ohc=SM1wRlP3lJwQ7kNvwEPuBYA&#038;_nc_oc=AdnqrjDN_BNjSSHWO-GbkIWH6fkGMLw4bqvL_NH6e2wMveX7G-rP2dAqsDSq1mJMOaY&#038;_nc_zt=24&#038;_nc_ht=scontent-gig4-1.xx&#038;_nc_gid=AoBFJeGrT1hVaew_6rchkQ&#038;oh=00_AfX7QmFGhQhG2jAllVgXCiM1ZrWgvtp80-Bfppyexh1QEg&#038;oe=689E923C\" \/>\n\t\t<meta property=\"og:image:secure_url\" content=\"https:\/\/scontent-gig4-1.xx.fbcdn.net\/v\/t39.30808-1\/270437624_4564083193639691_6907940295614233970_n.jpg?stp=dst-jpg_s200x200_tt6&#038;_nc_cat=111&#038;ccb=1-7&#038;_nc_sid=f907e8&#038;_nc_ohc=SM1wRlP3lJwQ7kNvwEPuBYA&#038;_nc_oc=AdnqrjDN_BNjSSHWO-GbkIWH6fkGMLw4bqvL_NH6e2wMveX7G-rP2dAqsDSq1mJMOaY&#038;_nc_zt=24&#038;_nc_ht=scontent-gig4-1.xx&#038;_nc_gid=AoBFJeGrT1hVaew_6rchkQ&#038;oh=00_AfX7QmFGhQhG2jAllVgXCiM1ZrWgvtp80-Bfppyexh1QEg&#038;oe=689E923C\" \/>\n\t\t<meta property=\"article:published_time\" content=\"2016-12-07T17:35:45+00:00\" \/>\n\t\t<meta property=\"article:modified_time\" content=\"2016-12-07T17:39:16+00:00\" \/>\n\t\t<meta name=\"twitter:card\" content=\"summary_large_image\" \/>\n\t\t<meta name=\"twitter:title\" content=\"Prefeitos, vices e vereadores eleitos na Comarca de Muria\u00e9 s\u00e3o diplomados - A Not\u00edcia Online\" \/>\n\t\t<meta name=\"twitter:description\" content=\"Os prefeitos, vices e vereadores da 187\u00aa Zona Eleitoral - que abrange, al\u00e9m de Muria\u00e9, os munic\u00edpios de Ros\u00e1rio da Limeira e Laranjal -, eleitos em outubro foram diplomados na ter\u00e7a-feira (6), durante solenidade realizada no Sal\u00e3o do J\u00fari do F\u00f3rum Tabeli\u00e3o Pacheco de Medeiros. Entre os 41 candidatos eleitos que foram diplomados est\u00e3o o\" \/>\n\t\t<meta name=\"twitter:image\" content=\"https:\/\/scontent-gig4-1.xx.fbcdn.net\/v\/t39.30808-1\/270437624_4564083193639691_6907940295614233970_n.jpg?stp=dst-jpg_s200x200_tt6&amp;_nc_cat=111&amp;ccb=1-7&amp;_nc_sid=f907e8&amp;_nc_ohc=SM1wRlP3lJwQ7kNvwEPuBYA&amp;_nc_oc=AdnqrjDN_BNjSSHWO-GbkIWH6fkGMLw4bqvL_NH6e2wMveX7G-rP2dAqsDSq1mJMOaY&amp;_nc_zt=24&amp;_nc_ht=scontent-gig4-1.xx&amp;_nc_gid=AoBFJeGrT1hVaew_6rchkQ&amp;oh=00_AfX7QmFGhQhG2jAllVgXCiM1ZrWgvtp80-Bfppyexh1QEg&amp;oe=689E923C\" \/>\n\t\t<script type=\"application\/ld+json\" class=\"aioseo-schema\">\n\t\t\t{\"@context\":\"https:\\\/\\\/schema.org\",\"@graph\":[{\"@type\":\"BlogPosting\",\"@id\":\"https:\\\/\\\/anoticiaonline.com.br\\\/site\\\/prefeitos-vices-e-vereadores-eleitos-na-comarca-de-muriae-sao-diplomados\\\/#blogposting\",\"name\":\"Prefeitos, vices e vereadores eleitos na Comarca de Muria\\u00e9 s\\u00e3o diplomados - A Not\\u00edcia Online\",\"headline\":\"Prefeitos, vices e vereadores eleitos na Comarca de Muria\\u00e9 s\\u00e3o diplomados\",\"author\":{\"@id\":\"https:\\\/\\\/anoticiaonline.com.br\\\/site\\\/author\\\/juliana\\\/#author\"},\"publisher\":{\"@id\":\"https:\\\/\\\/anoticiaonline.com.br\\\/site\\\/#organization\"},\"image\":{\"@type\":\"ImageObject\",\"url\":\"https:\\\/\\\/anoticiaonline.com.br\\\/site\\\/wp-content\\\/uploads\\\/2016\\\/12\\\/Justi\\u00e7a-Eleitoral-da-Comarca-de-Muria\\u00e9-diploma-prefeitos-vices-e-vereadores-eleitos1.jpg\",\"width\":640,\"height\":418,\"caption\":\"Entre os diplomados est\\u00e3o o futuro prefeito de Muria\\u00e9, Grego e seu vice, Marcos Guarino\"},\"datePublished\":\"2016-12-07T14:35:45-03:00\",\"dateModified\":\"2016-12-07T14:39:16-03:00\",\"inLanguage\":\"pt-BR\",\"mainEntityOfPage\":{\"@id\":\"https:\\\/\\\/anoticiaonline.com.br\\\/site\\\/prefeitos-vices-e-vereadores-eleitos-na-comarca-de-muriae-sao-diplomados\\\/#webpage\"},\"isPartOf\":{\"@id\":\"https:\\\/\\\/anoticiaonline.com.br\\\/site\\\/prefeitos-vices-e-vereadores-eleitos-na-comarca-de-muriae-sao-diplomados\\\/#webpage\"},\"articleSection\":\"Blog, slide\"},{\"@type\":\"BreadcrumbList\",\"@id\":\"https:\\\/\\\/anoticiaonline.com.br\\\/site\\\/prefeitos-vices-e-vereadores-eleitos-na-comarca-de-muriae-sao-diplomados\\\/#breadcrumblist\",\"itemListElement\":[{\"@type\":\"ListItem\",\"@id\":\"https:\\\/\\\/anoticiaonline.com.br\\\/site#listItem\",\"position\":1,\"name\":\"Home\",\"item\":\"https:\\\/\\\/anoticiaonline.com.br\\\/site\",\"nextItem\":{\"@type\":\"ListItem\",\"@id\":\"https:\\\/\\\/anoticiaonline.com.br\\\/site\\\/categoria\\\/muriae\\\/#listItem\",\"name\":\"Blog\"}},{\"@type\":\"ListItem\",\"@id\":\"https:\\\/\\\/anoticiaonline.com.br\\\/site\\\/categoria\\\/muriae\\\/#listItem\",\"position\":2,\"name\":\"Blog\",\"item\":\"https:\\\/\\\/anoticiaonline.com.br\\\/site\\\/categoria\\\/muriae\\\/\",\"nextItem\":{\"@type\":\"ListItem\",\"@id\":\"https:\\\/\\\/anoticiaonline.com.br\\\/site\\\/prefeitos-vices-e-vereadores-eleitos-na-comarca-de-muriae-sao-diplomados\\\/#listItem\",\"name\":\"Prefeitos, vices e vereadores eleitos na Comarca de Muria\\u00e9 s\\u00e3o diplomados\"},\"previousItem\":{\"@type\":\"ListItem\",\"@id\":\"https:\\\/\\\/anoticiaonline.com.br\\\/site#listItem\",\"name\":\"Home\"}},{\"@type\":\"ListItem\",\"@id\":\"https:\\\/\\\/anoticiaonline.com.br\\\/site\\\/prefeitos-vices-e-vereadores-eleitos-na-comarca-de-muriae-sao-diplomados\\\/#listItem\",\"position\":3,\"name\":\"Prefeitos, vices e vereadores eleitos na Comarca de Muria\\u00e9 s\\u00e3o diplomados\",\"previousItem\":{\"@type\":\"ListItem\",\"@id\":\"https:\\\/\\\/anoticiaonline.com.br\\\/site\\\/categoria\\\/muriae\\\/#listItem\",\"name\":\"Blog\"}}]},{\"@type\":\"Organization\",\"@id\":\"https:\\\/\\\/anoticiaonline.com.br\\\/site\\\/#organization\",\"name\":\"A Not\\u00edcia Online\",\"description\":\"Noticias de Muria\\u00e9 e regi\\u00e3o\",\"url\":\"https:\\\/\\\/anoticiaonline.com.br\\\/site\\\/\",\"logo\":{\"@type\":\"ImageObject\",\"url\":\"https:\\\/\\\/scontent-gig4-1.xx.fbcdn.net\\\/v\\\/t39.30808-1\\\/270437624_4564083193639691_6907940295614233970_n.jpg?stp=dst-jpg_s200x200_tt6&_nc_cat=111&ccb=1-7&_nc_sid=f907e8&_nc_ohc=SM1wRlP3lJwQ7kNvwEPuBYA&_nc_oc=AdnqrjDN_BNjSSHWO-GbkIWH6fkGMLw4bqvL_NH6e2wMveX7G-rP2dAqsDSq1mJMOaY&_nc_zt=24&_nc_ht=scontent-gig4-1.xx&_nc_gid=AoBFJeGrT1hVaew_6rchkQ&oh=00_AfX7QmFGhQhG2jAllVgXCiM1ZrWgvtp80-Bfppyexh1QEg&oe=689E923C\",\"@id\":\"https:\\\/\\\/anoticiaonline.com.br\\\/site\\\/prefeitos-vices-e-vereadores-eleitos-na-comarca-de-muriae-sao-diplomados\\\/#organizationLogo\"},\"image\":{\"@id\":\"https:\\\/\\\/anoticiaonline.com.br\\\/site\\\/prefeitos-vices-e-vereadores-eleitos-na-comarca-de-muriae-sao-diplomados\\\/#organizationLogo\"}},{\"@type\":\"Person\",\"@id\":\"https:\\\/\\\/anoticiaonline.com.br\\\/site\\\/author\\\/juliana\\\/#author\",\"url\":\"https:\\\/\\\/anoticiaonline.com.br\\\/site\\\/author\\\/juliana\\\/\",\"name\":\"Juliana Laviola\",\"image\":{\"@type\":\"ImageObject\",\"@id\":\"https:\\\/\\\/anoticiaonline.com.br\\\/site\\\/prefeitos-vices-e-vereadores-eleitos-na-comarca-de-muriae-sao-diplomados\\\/#authorImage\",\"url\":\"https:\\\/\\\/secure.gravatar.com\\\/avatar\\\/b8d45f5c699b100dfaf0e543582f38f38bf94cb7ae3a5e9abf8d891a34773335?s=96&d=mm&r=g\",\"width\":96,\"height\":96,\"caption\":\"Juliana Laviola\"}},{\"@type\":\"WebPage\",\"@id\":\"https:\\\/\\\/anoticiaonline.com.br\\\/site\\\/prefeitos-vices-e-vereadores-eleitos-na-comarca-de-muriae-sao-diplomados\\\/#webpage\",\"url\":\"https:\\\/\\\/anoticiaonline.com.br\\\/site\\\/prefeitos-vices-e-vereadores-eleitos-na-comarca-de-muriae-sao-diplomados\\\/\",\"name\":\"Prefeitos, vices e vereadores eleitos na Comarca de Muria\\u00e9 s\\u00e3o diplomados - A Not\\u00edcia Online\",\"description\":\"Os prefeitos, vices e vereadores da 187\\u00aa Zona Eleitoral - que abrange, al\\u00e9m de Muria\\u00e9, os munic\\u00edpios de Ros\\u00e1rio da Limeira e Laranjal -, eleitos em outubro foram diplomados na ter\\u00e7a-feira (6), durante solenidade realizada no Sal\\u00e3o do J\\u00fari do F\\u00f3rum Tabeli\\u00e3o Pacheco de Medeiros. Entre os 41 candidatos eleitos que foram diplomados est\\u00e3o o\",\"inLanguage\":\"pt-BR\",\"isPartOf\":{\"@id\":\"https:\\\/\\\/anoticiaonline.com.br\\\/site\\\/#website\"},\"breadcrumb\":{\"@id\":\"https:\\\/\\\/anoticiaonline.com.br\\\/site\\\/prefeitos-vices-e-vereadores-eleitos-na-comarca-de-muriae-sao-diplomados\\\/#breadcrumblist\"},\"author\":{\"@id\":\"https:\\\/\\\/anoticiaonline.com.br\\\/site\\\/author\\\/juliana\\\/#author\"},\"creator\":{\"@id\":\"https:\\\/\\\/anoticiaonline.com.br\\\/site\\\/author\\\/juliana\\\/#author\"},\"image\":{\"@type\":\"ImageObject\",\"url\":\"https:\\\/\\\/anoticiaonline.com.br\\\/site\\\/wp-content\\\/uploads\\\/2016\\\/12\\\/Justi\\u00e7a-Eleitoral-da-Comarca-de-Muria\\u00e9-diploma-prefeitos-vices-e-vereadores-eleitos1.jpg\",\"@id\":\"https:\\\/\\\/anoticiaonline.com.br\\\/site\\\/prefeitos-vices-e-vereadores-eleitos-na-comarca-de-muriae-sao-diplomados\\\/#mainImage\",\"width\":640,\"height\":418,\"caption\":\"Entre os diplomados est\\u00e3o o futuro prefeito de Muria\\u00e9, Grego e seu vice, Marcos Guarino\"},\"primaryImageOfPage\":{\"@id\":\"https:\\\/\\\/anoticiaonline.com.br\\\/site\\\/prefeitos-vices-e-vereadores-eleitos-na-comarca-de-muriae-sao-diplomados\\\/#mainImage\"},\"datePublished\":\"2016-12-07T14:35:45-03:00\",\"dateModified\":\"2016-12-07T14:39:16-03:00\"},{\"@type\":\"WebSite\",\"@id\":\"https:\\\/\\\/anoticiaonline.com.br\\\/site\\\/#website\",\"url\":\"https:\\\/\\\/anoticiaonline.com.br\\\/site\\\/\",\"name\":\"A Not\\u00edcia Online\",\"description\":\"Noticias de Muria\\u00e9 e regi\\u00e3o\",\"inLanguage\":\"pt-BR\",\"publisher\":{\"@id\":\"https:\\\/\\\/anoticiaonline.com.br\\\/site\\\/#organization\"}}]}\n\t\t<\/script>\n\t\t<!-- All in One SEO -->\n\n","aioseo_head_json":{"title":"Prefeitos, vices e vereadores eleitos na Comarca de Muria\u00e9 s\u00e3o diplomados - A Not\u00edcia Online","description":"Os prefeitos, vices e vereadores da 187\u00aa Zona Eleitoral - que abrange, al\u00e9m de Muria\u00e9, os munic\u00edpios de Ros\u00e1rio da Limeira e Laranjal -, eleitos em outubro foram diplomados na ter\u00e7a-feira (6), durante solenidade realizada no Sal\u00e3o do J\u00fari do F\u00f3rum Tabeli\u00e3o Pacheco de Medeiros. Entre os 41 candidatos eleitos que foram diplomados est\u00e3o o","canonical_url":"https:\/\/anoticiaonline.com.br\/site\/prefeitos-vices-e-vereadores-eleitos-na-comarca-de-muriae-sao-diplomados\/","robots":"max-image-preview:large","keywords":"","webmasterTools":{"miscellaneous":""},"schema":{"@context":"https:\/\/schema.org","@graph":[{"@type":"BlogPosting","@id":"https:\/\/anoticiaonline.com.br\/site\/prefeitos-vices-e-vereadores-eleitos-na-comarca-de-muriae-sao-diplomados\/#blogposting","name":"Prefeitos, vices e vereadores eleitos na Comarca de Muria\u00e9 s\u00e3o diplomados - A Not\u00edcia Online","headline":"Prefeitos, vices e vereadores eleitos na Comarca de Muria\u00e9 s\u00e3o diplomados","author":{"@id":"https:\/\/anoticiaonline.com.br\/site\/author\/juliana\/#author"},"publisher":{"@id":"https:\/\/anoticiaonline.com.br\/site\/#organization"},"image":{"@type":"ImageObject","url":"https:\/\/anoticiaonline.com.br\/site\/wp-content\/uploads\/2016\/12\/Justi\u00e7a-Eleitoral-da-Comarca-de-Muria\u00e9-diploma-prefeitos-vices-e-vereadores-eleitos1.jpg","width":640,"height":418,"caption":"Entre os diplomados est\u00e3o o futuro prefeito de Muria\u00e9, Grego e seu vice, Marcos Guarino"},"datePublished":"2016-12-07T14:35:45-03:00","dateModified":"2016-12-07T14:39:16-03:00","inLanguage":"pt-BR","mainEntityOfPage":{"@id":"https:\/\/anoticiaonline.com.br\/site\/prefeitos-vices-e-vereadores-eleitos-na-comarca-de-muriae-sao-diplomados\/#webpage"},"isPartOf":{"@id":"https:\/\/anoticiaonline.com.br\/site\/prefeitos-vices-e-vereadores-eleitos-na-comarca-de-muriae-sao-diplomados\/#webpage"},"articleSection":"Blog, slide"},{"@type":"BreadcrumbList","@id":"https:\/\/anoticiaonline.com.br\/site\/prefeitos-vices-e-vereadores-eleitos-na-comarca-de-muriae-sao-diplomados\/#breadcrumblist","itemListElement":[{"@type":"ListItem","@id":"https:\/\/anoticiaonline.com.br\/site#listItem","position":1,"name":"Home","item":"https:\/\/anoticiaonline.com.br\/site","nextItem":{"@type":"ListItem","@id":"https:\/\/anoticiaonline.com.br\/site\/categoria\/muriae\/#listItem","name":"Blog"}},{"@type":"ListItem","@id":"https:\/\/anoticiaonline.com.br\/site\/categoria\/muriae\/#listItem","position":2,"name":"Blog","item":"https:\/\/anoticiaonline.com.br\/site\/categoria\/muriae\/","nextItem":{"@type":"ListItem","@id":"https:\/\/anoticiaonline.com.br\/site\/prefeitos-vices-e-vereadores-eleitos-na-comarca-de-muriae-sao-diplomados\/#listItem","name":"Prefeitos, vices e vereadores eleitos na Comarca de Muria\u00e9 s\u00e3o diplomados"},"previousItem":{"@type":"ListItem","@id":"https:\/\/anoticiaonline.com.br\/site#listItem","name":"Home"}},{"@type":"ListItem","@id":"https:\/\/anoticiaonline.com.br\/site\/prefeitos-vices-e-vereadores-eleitos-na-comarca-de-muriae-sao-diplomados\/#listItem","position":3,"name":"Prefeitos, vices e vereadores eleitos na Comarca de Muria\u00e9 s\u00e3o diplomados","previousItem":{"@type":"ListItem","@id":"https:\/\/anoticiaonline.com.br\/site\/categoria\/muriae\/#listItem","name":"Blog"}}]},{"@type":"Organization","@id":"https:\/\/anoticiaonline.com.br\/site\/#organization","name":"A Not\u00edcia Online","description":"Noticias de Muria\u00e9 e regi\u00e3o","url":"https:\/\/anoticiaonline.com.br\/site\/","logo":{"@type":"ImageObject","url":"https:\/\/scontent-gig4-1.xx.fbcdn.net\/v\/t39.30808-1\/270437624_4564083193639691_6907940295614233970_n.jpg?stp=dst-jpg_s200x200_tt6&_nc_cat=111&ccb=1-7&_nc_sid=f907e8&_nc_ohc=SM1wRlP3lJwQ7kNvwEPuBYA&_nc_oc=AdnqrjDN_BNjSSHWO-GbkIWH6fkGMLw4bqvL_NH6e2wMveX7G-rP2dAqsDSq1mJMOaY&_nc_zt=24&_nc_ht=scontent-gig4-1.xx&_nc_gid=AoBFJeGrT1hVaew_6rchkQ&oh=00_AfX7QmFGhQhG2jAllVgXCiM1ZrWgvtp80-Bfppyexh1QEg&oe=689E923C","@id":"https:\/\/anoticiaonline.com.br\/site\/prefeitos-vices-e-vereadores-eleitos-na-comarca-de-muriae-sao-diplomados\/#organizationLogo"},"image":{"@id":"https:\/\/anoticiaonline.com.br\/site\/prefeitos-vices-e-vereadores-eleitos-na-comarca-de-muriae-sao-diplomados\/#organizationLogo"}},{"@type":"Person","@id":"https:\/\/anoticiaonline.com.br\/site\/author\/juliana\/#author","url":"https:\/\/anoticiaonline.com.br\/site\/author\/juliana\/","name":"Juliana Laviola","image":{"@type":"ImageObject","@id":"https:\/\/anoticiaonline.com.br\/site\/prefeitos-vices-e-vereadores-eleitos-na-comarca-de-muriae-sao-diplomados\/#authorImage","url":"https:\/\/secure.gravatar.com\/avatar\/b8d45f5c699b100dfaf0e543582f38f38bf94cb7ae3a5e9abf8d891a34773335?s=96&d=mm&r=g","width":96,"height":96,"caption":"Juliana Laviola"}},{"@type":"WebPage","@id":"https:\/\/anoticiaonline.com.br\/site\/prefeitos-vices-e-vereadores-eleitos-na-comarca-de-muriae-sao-diplomados\/#webpage","url":"https:\/\/anoticiaonline.com.br\/site\/prefeitos-vices-e-vereadores-eleitos-na-comarca-de-muriae-sao-diplomados\/","name":"Prefeitos, vices e vereadores eleitos na Comarca de Muria\u00e9 s\u00e3o diplomados - A Not\u00edcia Online","description":"Os prefeitos, vices e vereadores da 187\u00aa Zona Eleitoral - que abrange, al\u00e9m de Muria\u00e9, os munic\u00edpios de Ros\u00e1rio da Limeira e Laranjal -, eleitos em outubro foram diplomados na ter\u00e7a-feira (6), durante solenidade realizada no Sal\u00e3o do J\u00fari do F\u00f3rum Tabeli\u00e3o Pacheco de Medeiros. Entre os 41 candidatos eleitos que foram diplomados est\u00e3o o","inLanguage":"pt-BR","isPartOf":{"@id":"https:\/\/anoticiaonline.com.br\/site\/#website"},"breadcrumb":{"@id":"https:\/\/anoticiaonline.com.br\/site\/prefeitos-vices-e-vereadores-eleitos-na-comarca-de-muriae-sao-diplomados\/#breadcrumblist"},"author":{"@id":"https:\/\/anoticiaonline.com.br\/site\/author\/juliana\/#author"},"creator":{"@id":"https:\/\/anoticiaonline.com.br\/site\/author\/juliana\/#author"},"image":{"@type":"ImageObject","url":"https:\/\/anoticiaonline.com.br\/site\/wp-content\/uploads\/2016\/12\/Justi\u00e7a-Eleitoral-da-Comarca-de-Muria\u00e9-diploma-prefeitos-vices-e-vereadores-eleitos1.jpg","@id":"https:\/\/anoticiaonline.com.br\/site\/prefeitos-vices-e-vereadores-eleitos-na-comarca-de-muriae-sao-diplomados\/#mainImage","width":640,"height":418,"caption":"Entre os diplomados est\u00e3o o futuro prefeito de Muria\u00e9, Grego e seu vice, Marcos Guarino"},"primaryImageOfPage":{"@id":"https:\/\/anoticiaonline.com.br\/site\/prefeitos-vices-e-vereadores-eleitos-na-comarca-de-muriae-sao-diplomados\/#mainImage"},"datePublished":"2016-12-07T14:35:45-03:00","dateModified":"2016-12-07T14:39:16-03:00"},{"@type":"WebSite","@id":"https:\/\/anoticiaonline.com.br\/site\/#website","url":"https:\/\/anoticiaonline.com.br\/site\/","name":"A Not\u00edcia Online","description":"Noticias de Muria\u00e9 e regi\u00e3o","inLanguage":"pt-BR","publisher":{"@id":"https:\/\/anoticiaonline.com.br\/site\/#organization"}}]},"og:locale":"pt_BR","og:site_name":"A Not\u00edcia Online - Noticias de Muria\u00e9 e regi\u00e3o","og:type":"article","og:title":"Prefeitos, vices e vereadores eleitos na Comarca de Muria\u00e9 s\u00e3o diplomados - A Not\u00edcia Online","og:description":"Os prefeitos, vices e vereadores da 187\u00aa Zona Eleitoral - que abrange, al\u00e9m de Muria\u00e9, os munic\u00edpios de Ros\u00e1rio da Limeira e Laranjal -, eleitos em outubro foram diplomados na ter\u00e7a-feira (6), durante solenidade realizada no Sal\u00e3o do J\u00fari do F\u00f3rum Tabeli\u00e3o Pacheco de Medeiros. Entre os 41 candidatos eleitos que foram diplomados est\u00e3o o","og:url":"https:\/\/anoticiaonline.com.br\/site\/prefeitos-vices-e-vereadores-eleitos-na-comarca-de-muriae-sao-diplomados\/","og:image":"https:\/\/scontent-gig4-1.xx.fbcdn.net\/v\/t39.30808-1\/270437624_4564083193639691_6907940295614233970_n.jpg?stp=dst-jpg_s200x200_tt6&#038;_nc_cat=111&#038;ccb=1-7&#038;_nc_sid=f907e8&#038;_nc_ohc=SM1wRlP3lJwQ7kNvwEPuBYA&#038;_nc_oc=AdnqrjDN_BNjSSHWO-GbkIWH6fkGMLw4bqvL_NH6e2wMveX7G-rP2dAqsDSq1mJMOaY&#038;_nc_zt=24&#038;_nc_ht=scontent-gig4-1.xx&#038;_nc_gid=AoBFJeGrT1hVaew_6rchkQ&#038;oh=00_AfX7QmFGhQhG2jAllVgXCiM1ZrWgvtp80-Bfppyexh1QEg&#038;oe=689E923C","og:image:secure_url":"https:\/\/scontent-gig4-1.xx.fbcdn.net\/v\/t39.30808-1\/270437624_4564083193639691_6907940295614233970_n.jpg?stp=dst-jpg_s200x200_tt6&#038;_nc_cat=111&#038;ccb=1-7&#038;_nc_sid=f907e8&#038;_nc_ohc=SM1wRlP3lJwQ7kNvwEPuBYA&#038;_nc_oc=AdnqrjDN_BNjSSHWO-GbkIWH6fkGMLw4bqvL_NH6e2wMveX7G-rP2dAqsDSq1mJMOaY&#038;_nc_zt=24&#038;_nc_ht=scontent-gig4-1.xx&#038;_nc_gid=AoBFJeGrT1hVaew_6rchkQ&#038;oh=00_AfX7QmFGhQhG2jAllVgXCiM1ZrWgvtp80-Bfppyexh1QEg&#038;oe=689E923C","article:published_time":"2016-12-07T17:35:45+00:00","article:modified_time":"2016-12-07T17:39:16+00:00","twitter:card":"summary_large_image","twitter:title":"Prefeitos, vices e vereadores eleitos na Comarca de Muria\u00e9 s\u00e3o diplomados - A Not\u00edcia Online","twitter:description":"Os prefeitos, vices e vereadores da 187\u00aa Zona Eleitoral - que abrange, al\u00e9m de Muria\u00e9, os munic\u00edpios de Ros\u00e1rio da Limeira e Laranjal -, eleitos em outubro foram diplomados na ter\u00e7a-feira (6), durante solenidade realizada no Sal\u00e3o do J\u00fari do F\u00f3rum Tabeli\u00e3o Pacheco de Medeiros. Entre os 41 candidatos eleitos que foram diplomados est\u00e3o o","twitter:image":"https:\/\/scontent-gig4-1.xx.fbcdn.net\/v\/t39.30808-1\/270437624_4564083193639691_6907940295614233970_n.jpg?stp=dst-jpg_s200x200_tt6&_nc_cat=111&ccb=1-7&_nc_sid=f907e8&_nc_ohc=SM1wRlP3lJwQ7kNvwEPuBYA&_nc_oc=AdnqrjDN_BNjSSHWO-GbkIWH6fkGMLw4bqvL_NH6e2wMveX7G-rP2dAqsDSq1mJMOaY&_nc_zt=24&_nc_ht=scontent-gig4-1.xx&_nc_gid=AoBFJeGrT1hVaew_6rchkQ&oh=00_AfX7QmFGhQhG2jAllVgXCiM1ZrWgvtp80-Bfppyexh1QEg&oe=689E923C"},"aioseo_meta_data":{"post_id":"22593","title":null,"description":null,"keywords":null,"keyphrases":null,"primary_term":null,"canonical_url":null,"og_title":null,"og_description":null,"og_object_type":"default","og_image_type":"default","og_image_url":null,"og_image_width":null,"og_image_height":null,"og_image_custom_url":null,"og_image_custom_fields":null,"og_video":null,"og_custom_url":null,"og_article_section":null,"og_article_tags":null,"twitter_use_og":false,"twitter_card":"default","twitter_image_type":"default","twitter_image_url":null,"twitter_image_custom_url":null,"twitter_image_custom_fields":null,"twitter_title":null,"twitter_description":null,"schema":{"blockGraphs":[],"customGraphs":[],"default":{"data":{"Article":[],"Course":[],"Dataset":[],"FAQPage":[],"Movie":[],"Person":[],"Product":[],"ProductReview":[],"Car":[],"Recipe":[],"Service":[],"SoftwareApplication":[],"WebPage":[]},"graphName":"","isEnabled":true},"graphs":[]},"schema_type":"default","schema_type_options":null,"pillar_content":false,"robots_default":true,"robots_noindex":false,"robots_noarchive":false,"robots_nosnippet":false,"robots_nofollow":false,"robots_noimageindex":false,"robots_noodp":false,"robots_notranslate":false,"robots_max_snippet":null,"robots_max_videopreview":null,"robots_max_imagepreview":"large","priority":null,"frequency":null,"local_seo":null,"breadcrumb_settings":null,"limit_modified_date":false,"ai":null,"created":"2025-08-16 17:17:40","updated":"2025-08-16 17:17:40","focus_keyword":null,"additional_keywords":null,"truseo_locale":null,"seo_analyzer_scan_date":null},"aioseo_breadcrumb":"<div class=\"aioseo-breadcrumbs\"><span class=\"aioseo-breadcrumb\">\n\t\t\t<a href=\"https:\/\/anoticiaonline.com.br\/site\" title=\"Home\">Home<\/a>\n\t\t<\/span><span class=\"aioseo-breadcrumb-separator\">&raquo;<\/span><span class=\"aioseo-breadcrumb\">\n\t\t\t<a href=\"https:\/\/anoticiaonline.com.br\/site\/categoria\/muriae\/\" title=\"Blog\">Blog<\/a>\n\t\t<\/span><span class=\"aioseo-breadcrumb-separator\">&raquo;<\/span><span class=\"aioseo-breadcrumb\">\n\t\t\tPrefeitos, vices e vereadores eleitos na Comarca de Muria\u00e9 s\u00e3o diplomados\n\t\t<\/span><\/div>","aioseo_breadcrumb_json":[{"label":"Home","link":"https:\/\/anoticiaonline.com.br\/site"},{"label":"Blog","link":"https:\/\/anoticiaonline.com.br\/site\/categoria\/muriae\/"},{"label":"Prefeitos, vices e vereadores eleitos na Comarca de Muria\u00e9 s\u00e3o diplomados","link":"https:\/\/anoticiaonline.com.br\/site\/prefeitos-vices-e-vereadores-eleitos-na-comarca-de-muriae-sao-diplomados\/"}],"views":131,"_links":{"self":[{"href":"https:\/\/anoticiaonline.com.br\/site\/wp-json\/wp\/v2\/posts\/22593","targetHints":{"allow":["GET"]}}],"collection":[{"href":"https:\/\/anoticiaonline.com.br\/site\/wp-json\/wp\/v2\/posts"}],"about":[{"href":"https:\/\/anoticiaonline.com.br\/site\/wp-json\/wp\/v2\/types\/post"}],"author":[{"embeddable":true,"href":"https:\/\/anoticiaonline.com.br\/site\/wp-json\/wp\/v2\/users\/2"}],"replies":[{"embeddable":true,"href":"https:\/\/anoticiaonline.com.br\/site\/wp-json\/wp\/v2\/comments?post=22593"}],"version-history":[{"count":0,"href":"https:\/\/anoticiaonline.com.br\/site\/wp-json\/wp\/v2\/posts\/22593\/revisions"}],"wp:featuredmedia":[{"embeddable":true,"href":"https:\/\/anoticiaonline.com.br\/site\/wp-json\/wp\/v2\/media\/22596"}],"wp:attachment":[{"href":"https:\/\/anoticiaonline.com.br\/site\/wp-json\/wp\/v2\/media?parent=22593"}],"wp:term":[{"taxonomy":"category","embeddable":true,"href":"https:\/\/anoticiaonline.com.br\/site\/wp-json\/wp\/v2\/categories?post=22593"},{"taxonomy":"post_tag","embeddable":true,"href":"https:\/\/anoticiaonline.com.br\/site\/wp-json\/wp\/v2\/tags?post=22593"}],"curies":[{"name":"wp","href":"https:\/\/api.w.org\/{rel}","templated":true}]}}