{"id":22560,"date":"2016-12-07T09:06:53","date_gmt":"2016-12-07T12:06:53","guid":{"rendered":"http:\/\/anoticiaonline.com.br\/site\/?p=22560"},"modified":"2016-12-07T09:10:32","modified_gmt":"2016-12-07T12:10:32","slug":"aberto-oficialmente-o-periodo-natalino-na-cidade","status":"publish","type":"post","link":"https:\/\/anoticiaonline.com.br\/site\/aberto-oficialmente-o-periodo-natalino-na-cidade\/","title":{"rendered":"Aberto oficialmente o per\u00edodo natalino na cidade"},"content":{"rendered":"<figure id=\"attachment_22590\" aria-describedby=\"caption-attachment-22590\" style=\"width: 290px\" class=\"wp-caption alignleft\"><a href=\"https:\/\/anoticiaonline.com.br\/site\/wp-content\/uploads\/2016\/12\/15326183_1253634244683072_7725080055723100094_o.jpg\"><img fetchpriority=\"high\" decoding=\"async\" class=\"size-medium wp-image-22590\" src=\"https:\/\/anoticiaonline.com.br\/site\/wp-content\/uploads\/2016\/12\/15326183_1253634244683072_7725080055723100094_o-300x200.jpg\" alt=\"Foto: Assessoria de Comunica\u00e7\u00e3o Prefeitura\/Facebook Prefeito Aloysio Aquino\" width=\"300\" height=\"200\" srcset=\"https:\/\/anoticiaonline.com.br\/site\/wp-content\/uploads\/2016\/12\/15326183_1253634244683072_7725080055723100094_o-300x200.jpg 300w, https:\/\/anoticiaonline.com.br\/site\/wp-content\/uploads\/2016\/12\/15326183_1253634244683072_7725080055723100094_o.jpg 640w\" sizes=\"(max-width: 300px) 100vw, 300px\" \/><\/a><figcaption id=\"caption-attachment-22590\" class=\"wp-caption-text\">Foto: Assessoria de Comunica\u00e7\u00e3o Prefeitura\/Facebook Prefeito Aloysio Aquino<\/figcaption><\/figure>\n<p>O per\u00edodo natalino foi aberto oficialmente na cidade com a chegada do Papai Noel e apresenta\u00e7\u00f5es art\u00edsticas e musicais na ter\u00e7a-feira (6), na Pra\u00e7a Jo\u00e3o Pinheiro, Centro. De uma forma simb\u00f3lica, o prefeito Aloysio Aquino tamb\u00e9m entregou a \u201cchave da cidade\u201d ao bom velhinho.<\/p>\n<p>Organizada pela Prefeitura de Muria\u00e9, atrav\u00e9s da Fundarte e Secretaria de Turismo, a programa\u00e7\u00e3o come\u00e7ou com apresenta\u00e7\u00e3o das fanfarras Banda Marcial de Muria\u00e9 e Banda Bernadete Carneiro no Coreto Municipal. Em seguida, a chegada do Papai Noel no carro do Corpo de Bombeiros atraiu a aten\u00e7\u00e3o dos pequenos, que puderam tirar fotos e visitar a casa do bom velhinho, que est\u00e1 montada na pra\u00e7a.<\/p>\n<p>Logo ap\u00f3s, a programa\u00e7\u00e3o prosseguiu com a cantata de Natal, conta\u00e7\u00e3o de hist\u00f3rias natalinas, apresenta\u00e7\u00e3o do Coral de Libras, da Associa\u00e7\u00e3o dos Surdos de Muria\u00e9, e do Coral da Igreja Batista Central. A apresenta\u00e7\u00e3o da Banda Sociedade Musical Uni\u00e3o dos Artistas fechou a abertura do per\u00edodo natalino.<\/p>\n<p>\u201cNesses quatro anos como prefeito, sempre busquei fazer essa festa, que \u00e9 uma festa familiar. Desejo a todos um excelente fim de ano e um feliz Natal!\u201d, afirma Aloysio Aquino.<\/p>\n<p>Al\u00e9m do prefeito, estiveram presentes na cerim\u00f4nia a diretora-geral da Fundarte, Gilca Napier, a secret\u00e1ria de Turismo, Ana L\u00facia Dutra Rodrigues Carvalho,\u00a0a secret\u00e1ria de Educa\u00e7\u00e3o, Cristina Navarro e a secret\u00e1ria de Administra\u00e7\u00e3o, Daniela Guar\u00e7oni.<\/p>\n<p><img decoding=\"async\" class=\"ngg_displayed_gallery mceItem\" src=\"https:\/\/anoticiaonline.com.br\/site\/nextgen-attach_to_post\/preview\/id--22588\" alt=\"\" \/><\/p>\n","protected":false},"excerpt":{"rendered":"<p>O per\u00edodo natalino foi aberto oficialmente na cidade com a chegada do Papai Noel e apresenta\u00e7\u00f5es art\u00edsticas e musicais na ter\u00e7a-feira (6), na Pra\u00e7a Jo\u00e3o Pinheiro, Centro. De uma forma simb\u00f3lica, o prefeito Aloysio Aquino tamb\u00e9m entregou a \u201cchave da cidade\u201d ao bom velhinho. Organizada pela Prefeitura de Muria\u00e9, atrav\u00e9s da Fundarte e Secretaria de &#8230; <a title=\"Aberto oficialmente o per\u00edodo natalino na cidade\" class=\"read-more\" href=\"https:\/\/anoticiaonline.com.br\/site\/aberto-oficialmente-o-periodo-natalino-na-cidade\/\" aria-label=\"Read more about Aberto oficialmente o per\u00edodo natalino na cidade\">Ler mais<\/a><\/p>\n","protected":false},"author":2,"featured_media":22590,"comment_status":"open","ping_status":"open","sticky":false,"template":"","format":"standard","meta":{"_acf_changed":false,"_monsterinsights_skip_tracking":false,"footnotes":""},"categories":[30],"tags":[3],"class_list":["post-22560","post","type-post","status-publish","format-standard","has-post-thumbnail","hentry","category-muriae","tag-slide"],"acf":[],"aioseo_notices":[],"aioseo_head":"\n\t\t<!-- All in One SEO 5.0.0.1 - aioseo.com -->\n\t<meta name=\"description\" content=\"O per\u00edodo natalino foi aberto oficialmente na cidade com a chegada do Papai Noel e apresenta\u00e7\u00f5es art\u00edsticas e musicais na ter\u00e7a-feira (6), na Pra\u00e7a Jo\u00e3o Pinheiro, Centro. De uma forma simb\u00f3lica, o prefeito Aloysio Aquino tamb\u00e9m entregou a \u201cchave da cidade\u201d ao bom velhinho. Organizada pela Prefeitura de Muria\u00e9, atrav\u00e9s da Fundarte e Secretaria de\" \/>\n\t<meta name=\"robots\" content=\"max-image-preview:large\" \/>\n\t<meta name=\"author\" content=\"Juliana Laviola\"\/>\n\t<link rel=\"canonical\" href=\"https:\/\/anoticiaonline.com.br\/site\/aberto-oficialmente-o-periodo-natalino-na-cidade\/\" \/>\n\t<meta name=\"generator\" content=\"All in One SEO (AIOSEO) 5.0.0.1\" \/>\n\t\t<meta property=\"og:locale\" content=\"pt_BR\" \/>\n\t\t<meta property=\"og:site_name\" content=\"A Not\u00edcia Online - Noticias de Muria\u00e9 e regi\u00e3o\" \/>\n\t\t<meta property=\"og:type\" content=\"article\" \/>\n\t\t<meta property=\"og:title\" content=\"Aberto oficialmente o per\u00edodo natalino na cidade - A Not\u00edcia Online\" \/>\n\t\t<meta property=\"og:description\" content=\"O per\u00edodo natalino foi aberto oficialmente na cidade com a chegada do Papai Noel e apresenta\u00e7\u00f5es art\u00edsticas e musicais na ter\u00e7a-feira (6), na Pra\u00e7a Jo\u00e3o Pinheiro, Centro. De uma forma simb\u00f3lica, o prefeito Aloysio Aquino tamb\u00e9m entregou a \u201cchave da cidade\u201d ao bom velhinho. Organizada pela Prefeitura de Muria\u00e9, atrav\u00e9s da Fundarte e Secretaria de\" \/>\n\t\t<meta property=\"og:url\" content=\"https:\/\/anoticiaonline.com.br\/site\/aberto-oficialmente-o-periodo-natalino-na-cidade\/\" \/>\n\t\t<meta property=\"og:image\" content=\"https:\/\/scontent-gig4-1.xx.fbcdn.net\/v\/t39.30808-1\/270437624_4564083193639691_6907940295614233970_n.jpg?stp=dst-jpg_s200x200_tt6&#038;_nc_cat=111&#038;ccb=1-7&#038;_nc_sid=f907e8&#038;_nc_ohc=SM1wRlP3lJwQ7kNvwEPuBYA&#038;_nc_oc=AdnqrjDN_BNjSSHWO-GbkIWH6fkGMLw4bqvL_NH6e2wMveX7G-rP2dAqsDSq1mJMOaY&#038;_nc_zt=24&#038;_nc_ht=scontent-gig4-1.xx&#038;_nc_gid=AoBFJeGrT1hVaew_6rchkQ&#038;oh=00_AfX7QmFGhQhG2jAllVgXCiM1ZrWgvtp80-Bfppyexh1QEg&#038;oe=689E923C\" \/>\n\t\t<meta property=\"og:image:secure_url\" content=\"https:\/\/scontent-gig4-1.xx.fbcdn.net\/v\/t39.30808-1\/270437624_4564083193639691_6907940295614233970_n.jpg?stp=dst-jpg_s200x200_tt6&#038;_nc_cat=111&#038;ccb=1-7&#038;_nc_sid=f907e8&#038;_nc_ohc=SM1wRlP3lJwQ7kNvwEPuBYA&#038;_nc_oc=AdnqrjDN_BNjSSHWO-GbkIWH6fkGMLw4bqvL_NH6e2wMveX7G-rP2dAqsDSq1mJMOaY&#038;_nc_zt=24&#038;_nc_ht=scontent-gig4-1.xx&#038;_nc_gid=AoBFJeGrT1hVaew_6rchkQ&#038;oh=00_AfX7QmFGhQhG2jAllVgXCiM1ZrWgvtp80-Bfppyexh1QEg&#038;oe=689E923C\" \/>\n\t\t<meta property=\"article:published_time\" content=\"2016-12-07T12:06:53+00:00\" \/>\n\t\t<meta property=\"article:modified_time\" content=\"2016-12-07T12:10:32+00:00\" \/>\n\t\t<meta name=\"twitter:card\" content=\"summary_large_image\" \/>\n\t\t<meta name=\"twitter:title\" content=\"Aberto oficialmente o per\u00edodo natalino na cidade - A Not\u00edcia Online\" \/>\n\t\t<meta name=\"twitter:description\" content=\"O per\u00edodo natalino foi aberto oficialmente na cidade com a chegada do Papai Noel e apresenta\u00e7\u00f5es art\u00edsticas e musicais na ter\u00e7a-feira (6), na Pra\u00e7a Jo\u00e3o Pinheiro, Centro. De uma forma simb\u00f3lica, o prefeito Aloysio Aquino tamb\u00e9m entregou a \u201cchave da cidade\u201d ao bom velhinho. Organizada pela Prefeitura de Muria\u00e9, atrav\u00e9s da Fundarte e Secretaria de\" \/>\n\t\t<meta name=\"twitter:image\" content=\"https:\/\/scontent-gig4-1.xx.fbcdn.net\/v\/t39.30808-1\/270437624_4564083193639691_6907940295614233970_n.jpg?stp=dst-jpg_s200x200_tt6&amp;_nc_cat=111&amp;ccb=1-7&amp;_nc_sid=f907e8&amp;_nc_ohc=SM1wRlP3lJwQ7kNvwEPuBYA&amp;_nc_oc=AdnqrjDN_BNjSSHWO-GbkIWH6fkGMLw4bqvL_NH6e2wMveX7G-rP2dAqsDSq1mJMOaY&amp;_nc_zt=24&amp;_nc_ht=scontent-gig4-1.xx&amp;_nc_gid=AoBFJeGrT1hVaew_6rchkQ&amp;oh=00_AfX7QmFGhQhG2jAllVgXCiM1ZrWgvtp80-Bfppyexh1QEg&amp;oe=689E923C\" \/>\n\t\t<script type=\"application\/ld+json\" class=\"aioseo-schema\">\n\t\t\t{\"@context\":\"https:\\\/\\\/schema.org\",\"@graph\":[{\"@type\":\"BlogPosting\",\"@id\":\"https:\\\/\\\/anoticiaonline.com.br\\\/site\\\/aberto-oficialmente-o-periodo-natalino-na-cidade\\\/#blogposting\",\"name\":\"Aberto oficialmente o per\\u00edodo natalino na cidade - A Not\\u00edcia Online\",\"headline\":\"Aberto oficialmente o per\\u00edodo natalino na cidade\",\"author\":{\"@id\":\"https:\\\/\\\/anoticiaonline.com.br\\\/site\\\/author\\\/juliana\\\/#author\"},\"publisher\":{\"@id\":\"https:\\\/\\\/anoticiaonline.com.br\\\/site\\\/#organization\"},\"image\":{\"@type\":\"ImageObject\",\"url\":\"https:\\\/\\\/anoticiaonline.com.br\\\/site\\\/wp-content\\\/uploads\\\/2016\\\/12\\\/15326183_1253634244683072_7725080055723100094_o.jpg\",\"width\":640,\"height\":426,\"caption\":\"Foto: Assessoria de Comunica\\u00e7\\u00e3o Prefeitura\\\/Facebook Prefeito Aloysio Aquino\"},\"datePublished\":\"2016-12-07T09:06:53-03:00\",\"dateModified\":\"2016-12-07T09:10:32-03:00\",\"inLanguage\":\"pt-BR\",\"mainEntityOfPage\":{\"@id\":\"https:\\\/\\\/anoticiaonline.com.br\\\/site\\\/aberto-oficialmente-o-periodo-natalino-na-cidade\\\/#webpage\"},\"isPartOf\":{\"@id\":\"https:\\\/\\\/anoticiaonline.com.br\\\/site\\\/aberto-oficialmente-o-periodo-natalino-na-cidade\\\/#webpage\"},\"articleSection\":\"Blog, slide\"},{\"@type\":\"BreadcrumbList\",\"@id\":\"https:\\\/\\\/anoticiaonline.com.br\\\/site\\\/aberto-oficialmente-o-periodo-natalino-na-cidade\\\/#breadcrumblist\",\"itemListElement\":[{\"@type\":\"ListItem\",\"@id\":\"https:\\\/\\\/anoticiaonline.com.br\\\/site#listItem\",\"position\":1,\"name\":\"Home\",\"item\":\"https:\\\/\\\/anoticiaonline.com.br\\\/site\",\"nextItem\":{\"@type\":\"ListItem\",\"@id\":\"https:\\\/\\\/anoticiaonline.com.br\\\/site\\\/categoria\\\/muriae\\\/#listItem\",\"name\":\"Blog\"}},{\"@type\":\"ListItem\",\"@id\":\"https:\\\/\\\/anoticiaonline.com.br\\\/site\\\/categoria\\\/muriae\\\/#listItem\",\"position\":2,\"name\":\"Blog\",\"item\":\"https:\\\/\\\/anoticiaonline.com.br\\\/site\\\/categoria\\\/muriae\\\/\",\"nextItem\":{\"@type\":\"ListItem\",\"@id\":\"https:\\\/\\\/anoticiaonline.com.br\\\/site\\\/aberto-oficialmente-o-periodo-natalino-na-cidade\\\/#listItem\",\"name\":\"Aberto oficialmente o per\\u00edodo natalino na cidade\"},\"previousItem\":{\"@type\":\"ListItem\",\"@id\":\"https:\\\/\\\/anoticiaonline.com.br\\\/site#listItem\",\"name\":\"Home\"}},{\"@type\":\"ListItem\",\"@id\":\"https:\\\/\\\/anoticiaonline.com.br\\\/site\\\/aberto-oficialmente-o-periodo-natalino-na-cidade\\\/#listItem\",\"position\":3,\"name\":\"Aberto oficialmente o per\\u00edodo natalino na cidade\",\"previousItem\":{\"@type\":\"ListItem\",\"@id\":\"https:\\\/\\\/anoticiaonline.com.br\\\/site\\\/categoria\\\/muriae\\\/#listItem\",\"name\":\"Blog\"}}]},{\"@type\":\"Organization\",\"@id\":\"https:\\\/\\\/anoticiaonline.com.br\\\/site\\\/#organization\",\"name\":\"A Not\\u00edcia Online\",\"description\":\"Noticias de Muria\\u00e9 e regi\\u00e3o\",\"url\":\"https:\\\/\\\/anoticiaonline.com.br\\\/site\\\/\",\"logo\":{\"@type\":\"ImageObject\",\"url\":\"https:\\\/\\\/scontent-gig4-1.xx.fbcdn.net\\\/v\\\/t39.30808-1\\\/270437624_4564083193639691_6907940295614233970_n.jpg?stp=dst-jpg_s200x200_tt6&_nc_cat=111&ccb=1-7&_nc_sid=f907e8&_nc_ohc=SM1wRlP3lJwQ7kNvwEPuBYA&_nc_oc=AdnqrjDN_BNjSSHWO-GbkIWH6fkGMLw4bqvL_NH6e2wMveX7G-rP2dAqsDSq1mJMOaY&_nc_zt=24&_nc_ht=scontent-gig4-1.xx&_nc_gid=AoBFJeGrT1hVaew_6rchkQ&oh=00_AfX7QmFGhQhG2jAllVgXCiM1ZrWgvtp80-Bfppyexh1QEg&oe=689E923C\",\"@id\":\"https:\\\/\\\/anoticiaonline.com.br\\\/site\\\/aberto-oficialmente-o-periodo-natalino-na-cidade\\\/#organizationLogo\"},\"image\":{\"@id\":\"https:\\\/\\\/anoticiaonline.com.br\\\/site\\\/aberto-oficialmente-o-periodo-natalino-na-cidade\\\/#organizationLogo\"}},{\"@type\":\"Person\",\"@id\":\"https:\\\/\\\/anoticiaonline.com.br\\\/site\\\/author\\\/juliana\\\/#author\",\"url\":\"https:\\\/\\\/anoticiaonline.com.br\\\/site\\\/author\\\/juliana\\\/\",\"name\":\"Juliana Laviola\",\"image\":{\"@type\":\"ImageObject\",\"@id\":\"https:\\\/\\\/anoticiaonline.com.br\\\/site\\\/aberto-oficialmente-o-periodo-natalino-na-cidade\\\/#authorImage\",\"url\":\"https:\\\/\\\/secure.gravatar.com\\\/avatar\\\/b8d45f5c699b100dfaf0e543582f38f38bf94cb7ae3a5e9abf8d891a34773335?s=96&d=mm&r=g\",\"width\":96,\"height\":96,\"caption\":\"Juliana Laviola\"}},{\"@type\":\"WebPage\",\"@id\":\"https:\\\/\\\/anoticiaonline.com.br\\\/site\\\/aberto-oficialmente-o-periodo-natalino-na-cidade\\\/#webpage\",\"url\":\"https:\\\/\\\/anoticiaonline.com.br\\\/site\\\/aberto-oficialmente-o-periodo-natalino-na-cidade\\\/\",\"name\":\"Aberto oficialmente o per\\u00edodo natalino na cidade - A Not\\u00edcia Online\",\"description\":\"O per\\u00edodo natalino foi aberto oficialmente na cidade com a chegada do Papai Noel e apresenta\\u00e7\\u00f5es art\\u00edsticas e musicais na ter\\u00e7a-feira (6), na Pra\\u00e7a Jo\\u00e3o Pinheiro, Centro. De uma forma simb\\u00f3lica, o prefeito Aloysio Aquino tamb\\u00e9m entregou a \\u201cchave da cidade\\u201d ao bom velhinho. Organizada pela Prefeitura de Muria\\u00e9, atrav\\u00e9s da Fundarte e Secretaria de\",\"inLanguage\":\"pt-BR\",\"isPartOf\":{\"@id\":\"https:\\\/\\\/anoticiaonline.com.br\\\/site\\\/#website\"},\"breadcrumb\":{\"@id\":\"https:\\\/\\\/anoticiaonline.com.br\\\/site\\\/aberto-oficialmente-o-periodo-natalino-na-cidade\\\/#breadcrumblist\"},\"author\":{\"@id\":\"https:\\\/\\\/anoticiaonline.com.br\\\/site\\\/author\\\/juliana\\\/#author\"},\"creator\":{\"@id\":\"https:\\\/\\\/anoticiaonline.com.br\\\/site\\\/author\\\/juliana\\\/#author\"},\"image\":{\"@type\":\"ImageObject\",\"url\":\"https:\\\/\\\/anoticiaonline.com.br\\\/site\\\/wp-content\\\/uploads\\\/2016\\\/12\\\/15326183_1253634244683072_7725080055723100094_o.jpg\",\"@id\":\"https:\\\/\\\/anoticiaonline.com.br\\\/site\\\/aberto-oficialmente-o-periodo-natalino-na-cidade\\\/#mainImage\",\"width\":640,\"height\":426,\"caption\":\"Foto: Assessoria de Comunica\\u00e7\\u00e3o Prefeitura\\\/Facebook Prefeito Aloysio Aquino\"},\"primaryImageOfPage\":{\"@id\":\"https:\\\/\\\/anoticiaonline.com.br\\\/site\\\/aberto-oficialmente-o-periodo-natalino-na-cidade\\\/#mainImage\"},\"datePublished\":\"2016-12-07T09:06:53-03:00\",\"dateModified\":\"2016-12-07T09:10:32-03:00\"},{\"@type\":\"WebSite\",\"@id\":\"https:\\\/\\\/anoticiaonline.com.br\\\/site\\\/#website\",\"url\":\"https:\\\/\\\/anoticiaonline.com.br\\\/site\\\/\",\"name\":\"A Not\\u00edcia Online\",\"description\":\"Noticias de Muria\\u00e9 e regi\\u00e3o\",\"inLanguage\":\"pt-BR\",\"publisher\":{\"@id\":\"https:\\\/\\\/anoticiaonline.com.br\\\/site\\\/#organization\"}}]}\n\t\t<\/script>\n\t\t<!-- All in One SEO -->\n\n","aioseo_head_json":{"title":"Aberto oficialmente o per\u00edodo natalino na cidade - A Not\u00edcia Online","description":"O per\u00edodo natalino foi aberto oficialmente na cidade com a chegada do Papai Noel e apresenta\u00e7\u00f5es art\u00edsticas e musicais na ter\u00e7a-feira (6), na Pra\u00e7a Jo\u00e3o Pinheiro, Centro. De uma forma simb\u00f3lica, o prefeito Aloysio Aquino tamb\u00e9m entregou a \u201cchave da cidade\u201d ao bom velhinho. Organizada pela Prefeitura de Muria\u00e9, atrav\u00e9s da Fundarte e Secretaria de","canonical_url":"https:\/\/anoticiaonline.com.br\/site\/aberto-oficialmente-o-periodo-natalino-na-cidade\/","robots":"max-image-preview:large","keywords":"","webmasterTools":{"miscellaneous":""},"schema":{"@context":"https:\/\/schema.org","@graph":[{"@type":"BlogPosting","@id":"https:\/\/anoticiaonline.com.br\/site\/aberto-oficialmente-o-periodo-natalino-na-cidade\/#blogposting","name":"Aberto oficialmente o per\u00edodo natalino na cidade - A Not\u00edcia Online","headline":"Aberto oficialmente o per\u00edodo natalino na cidade","author":{"@id":"https:\/\/anoticiaonline.com.br\/site\/author\/juliana\/#author"},"publisher":{"@id":"https:\/\/anoticiaonline.com.br\/site\/#organization"},"image":{"@type":"ImageObject","url":"https:\/\/anoticiaonline.com.br\/site\/wp-content\/uploads\/2016\/12\/15326183_1253634244683072_7725080055723100094_o.jpg","width":640,"height":426,"caption":"Foto: Assessoria de Comunica\u00e7\u00e3o Prefeitura\/Facebook Prefeito Aloysio Aquino"},"datePublished":"2016-12-07T09:06:53-03:00","dateModified":"2016-12-07T09:10:32-03:00","inLanguage":"pt-BR","mainEntityOfPage":{"@id":"https:\/\/anoticiaonline.com.br\/site\/aberto-oficialmente-o-periodo-natalino-na-cidade\/#webpage"},"isPartOf":{"@id":"https:\/\/anoticiaonline.com.br\/site\/aberto-oficialmente-o-periodo-natalino-na-cidade\/#webpage"},"articleSection":"Blog, slide"},{"@type":"BreadcrumbList","@id":"https:\/\/anoticiaonline.com.br\/site\/aberto-oficialmente-o-periodo-natalino-na-cidade\/#breadcrumblist","itemListElement":[{"@type":"ListItem","@id":"https:\/\/anoticiaonline.com.br\/site#listItem","position":1,"name":"Home","item":"https:\/\/anoticiaonline.com.br\/site","nextItem":{"@type":"ListItem","@id":"https:\/\/anoticiaonline.com.br\/site\/categoria\/muriae\/#listItem","name":"Blog"}},{"@type":"ListItem","@id":"https:\/\/anoticiaonline.com.br\/site\/categoria\/muriae\/#listItem","position":2,"name":"Blog","item":"https:\/\/anoticiaonline.com.br\/site\/categoria\/muriae\/","nextItem":{"@type":"ListItem","@id":"https:\/\/anoticiaonline.com.br\/site\/aberto-oficialmente-o-periodo-natalino-na-cidade\/#listItem","name":"Aberto oficialmente o per\u00edodo natalino na cidade"},"previousItem":{"@type":"ListItem","@id":"https:\/\/anoticiaonline.com.br\/site#listItem","name":"Home"}},{"@type":"ListItem","@id":"https:\/\/anoticiaonline.com.br\/site\/aberto-oficialmente-o-periodo-natalino-na-cidade\/#listItem","position":3,"name":"Aberto oficialmente o per\u00edodo natalino na cidade","previousItem":{"@type":"ListItem","@id":"https:\/\/anoticiaonline.com.br\/site\/categoria\/muriae\/#listItem","name":"Blog"}}]},{"@type":"Organization","@id":"https:\/\/anoticiaonline.com.br\/site\/#organization","name":"A Not\u00edcia Online","description":"Noticias de Muria\u00e9 e regi\u00e3o","url":"https:\/\/anoticiaonline.com.br\/site\/","logo":{"@type":"ImageObject","url":"https:\/\/scontent-gig4-1.xx.fbcdn.net\/v\/t39.30808-1\/270437624_4564083193639691_6907940295614233970_n.jpg?stp=dst-jpg_s200x200_tt6&_nc_cat=111&ccb=1-7&_nc_sid=f907e8&_nc_ohc=SM1wRlP3lJwQ7kNvwEPuBYA&_nc_oc=AdnqrjDN_BNjSSHWO-GbkIWH6fkGMLw4bqvL_NH6e2wMveX7G-rP2dAqsDSq1mJMOaY&_nc_zt=24&_nc_ht=scontent-gig4-1.xx&_nc_gid=AoBFJeGrT1hVaew_6rchkQ&oh=00_AfX7QmFGhQhG2jAllVgXCiM1ZrWgvtp80-Bfppyexh1QEg&oe=689E923C","@id":"https:\/\/anoticiaonline.com.br\/site\/aberto-oficialmente-o-periodo-natalino-na-cidade\/#organizationLogo"},"image":{"@id":"https:\/\/anoticiaonline.com.br\/site\/aberto-oficialmente-o-periodo-natalino-na-cidade\/#organizationLogo"}},{"@type":"Person","@id":"https:\/\/anoticiaonline.com.br\/site\/author\/juliana\/#author","url":"https:\/\/anoticiaonline.com.br\/site\/author\/juliana\/","name":"Juliana Laviola","image":{"@type":"ImageObject","@id":"https:\/\/anoticiaonline.com.br\/site\/aberto-oficialmente-o-periodo-natalino-na-cidade\/#authorImage","url":"https:\/\/secure.gravatar.com\/avatar\/b8d45f5c699b100dfaf0e543582f38f38bf94cb7ae3a5e9abf8d891a34773335?s=96&d=mm&r=g","width":96,"height":96,"caption":"Juliana Laviola"}},{"@type":"WebPage","@id":"https:\/\/anoticiaonline.com.br\/site\/aberto-oficialmente-o-periodo-natalino-na-cidade\/#webpage","url":"https:\/\/anoticiaonline.com.br\/site\/aberto-oficialmente-o-periodo-natalino-na-cidade\/","name":"Aberto oficialmente o per\u00edodo natalino na cidade - A Not\u00edcia Online","description":"O per\u00edodo natalino foi aberto oficialmente na cidade com a chegada do Papai Noel e apresenta\u00e7\u00f5es art\u00edsticas e musicais na ter\u00e7a-feira (6), na Pra\u00e7a Jo\u00e3o Pinheiro, Centro. De uma forma simb\u00f3lica, o prefeito Aloysio Aquino tamb\u00e9m entregou a \u201cchave da cidade\u201d ao bom velhinho. Organizada pela Prefeitura de Muria\u00e9, atrav\u00e9s da Fundarte e Secretaria de","inLanguage":"pt-BR","isPartOf":{"@id":"https:\/\/anoticiaonline.com.br\/site\/#website"},"breadcrumb":{"@id":"https:\/\/anoticiaonline.com.br\/site\/aberto-oficialmente-o-periodo-natalino-na-cidade\/#breadcrumblist"},"author":{"@id":"https:\/\/anoticiaonline.com.br\/site\/author\/juliana\/#author"},"creator":{"@id":"https:\/\/anoticiaonline.com.br\/site\/author\/juliana\/#author"},"image":{"@type":"ImageObject","url":"https:\/\/anoticiaonline.com.br\/site\/wp-content\/uploads\/2016\/12\/15326183_1253634244683072_7725080055723100094_o.jpg","@id":"https:\/\/anoticiaonline.com.br\/site\/aberto-oficialmente-o-periodo-natalino-na-cidade\/#mainImage","width":640,"height":426,"caption":"Foto: Assessoria de Comunica\u00e7\u00e3o Prefeitura\/Facebook Prefeito Aloysio Aquino"},"primaryImageOfPage":{"@id":"https:\/\/anoticiaonline.com.br\/site\/aberto-oficialmente-o-periodo-natalino-na-cidade\/#mainImage"},"datePublished":"2016-12-07T09:06:53-03:00","dateModified":"2016-12-07T09:10:32-03:00"},{"@type":"WebSite","@id":"https:\/\/anoticiaonline.com.br\/site\/#website","url":"https:\/\/anoticiaonline.com.br\/site\/","name":"A Not\u00edcia Online","description":"Noticias de Muria\u00e9 e regi\u00e3o","inLanguage":"pt-BR","publisher":{"@id":"https:\/\/anoticiaonline.com.br\/site\/#organization"}}]},"og:locale":"pt_BR","og:site_name":"A Not\u00edcia Online - Noticias de Muria\u00e9 e regi\u00e3o","og:type":"article","og:title":"Aberto oficialmente o per\u00edodo natalino na cidade - A Not\u00edcia Online","og:description":"O per\u00edodo natalino foi aberto oficialmente na cidade com a chegada do Papai Noel e apresenta\u00e7\u00f5es art\u00edsticas e musicais na ter\u00e7a-feira (6), na Pra\u00e7a Jo\u00e3o Pinheiro, Centro. De uma forma simb\u00f3lica, o prefeito Aloysio Aquino tamb\u00e9m entregou a \u201cchave da cidade\u201d ao bom velhinho. Organizada pela Prefeitura de Muria\u00e9, atrav\u00e9s da Fundarte e Secretaria de","og:url":"https:\/\/anoticiaonline.com.br\/site\/aberto-oficialmente-o-periodo-natalino-na-cidade\/","og:image":"https:\/\/scontent-gig4-1.xx.fbcdn.net\/v\/t39.30808-1\/270437624_4564083193639691_6907940295614233970_n.jpg?stp=dst-jpg_s200x200_tt6&#038;_nc_cat=111&#038;ccb=1-7&#038;_nc_sid=f907e8&#038;_nc_ohc=SM1wRlP3lJwQ7kNvwEPuBYA&#038;_nc_oc=AdnqrjDN_BNjSSHWO-GbkIWH6fkGMLw4bqvL_NH6e2wMveX7G-rP2dAqsDSq1mJMOaY&#038;_nc_zt=24&#038;_nc_ht=scontent-gig4-1.xx&#038;_nc_gid=AoBFJeGrT1hVaew_6rchkQ&#038;oh=00_AfX7QmFGhQhG2jAllVgXCiM1ZrWgvtp80-Bfppyexh1QEg&#038;oe=689E923C","og:image:secure_url":"https:\/\/scontent-gig4-1.xx.fbcdn.net\/v\/t39.30808-1\/270437624_4564083193639691_6907940295614233970_n.jpg?stp=dst-jpg_s200x200_tt6&#038;_nc_cat=111&#038;ccb=1-7&#038;_nc_sid=f907e8&#038;_nc_ohc=SM1wRlP3lJwQ7kNvwEPuBYA&#038;_nc_oc=AdnqrjDN_BNjSSHWO-GbkIWH6fkGMLw4bqvL_NH6e2wMveX7G-rP2dAqsDSq1mJMOaY&#038;_nc_zt=24&#038;_nc_ht=scontent-gig4-1.xx&#038;_nc_gid=AoBFJeGrT1hVaew_6rchkQ&#038;oh=00_AfX7QmFGhQhG2jAllVgXCiM1ZrWgvtp80-Bfppyexh1QEg&#038;oe=689E923C","article:published_time":"2016-12-07T12:06:53+00:00","article:modified_time":"2016-12-07T12:10:32+00:00","twitter:card":"summary_large_image","twitter:title":"Aberto oficialmente o per\u00edodo natalino na cidade - A Not\u00edcia Online","twitter:description":"O per\u00edodo natalino foi aberto oficialmente na cidade com a chegada do Papai Noel e apresenta\u00e7\u00f5es art\u00edsticas e musicais na ter\u00e7a-feira (6), na Pra\u00e7a Jo\u00e3o Pinheiro, Centro. De uma forma simb\u00f3lica, o prefeito Aloysio Aquino tamb\u00e9m entregou a \u201cchave da cidade\u201d ao bom velhinho. Organizada pela Prefeitura de Muria\u00e9, atrav\u00e9s da Fundarte e Secretaria de","twitter:image":"https:\/\/scontent-gig4-1.xx.fbcdn.net\/v\/t39.30808-1\/270437624_4564083193639691_6907940295614233970_n.jpg?stp=dst-jpg_s200x200_tt6&_nc_cat=111&ccb=1-7&_nc_sid=f907e8&_nc_ohc=SM1wRlP3lJwQ7kNvwEPuBYA&_nc_oc=AdnqrjDN_BNjSSHWO-GbkIWH6fkGMLw4bqvL_NH6e2wMveX7G-rP2dAqsDSq1mJMOaY&_nc_zt=24&_nc_ht=scontent-gig4-1.xx&_nc_gid=AoBFJeGrT1hVaew_6rchkQ&oh=00_AfX7QmFGhQhG2jAllVgXCiM1ZrWgvtp80-Bfppyexh1QEg&oe=689E923C"},"aioseo_meta_data":{"post_id":"22560","title":null,"description":null,"keywords":null,"keyphrases":null,"primary_term":null,"canonical_url":null,"og_title":null,"og_description":null,"og_object_type":"default","og_image_type":"default","og_image_url":null,"og_image_width":null,"og_image_height":null,"og_image_custom_url":null,"og_image_custom_fields":null,"og_video":null,"og_custom_url":null,"og_article_section":null,"og_article_tags":null,"twitter_use_og":false,"twitter_card":"default","twitter_image_type":"default","twitter_image_url":null,"twitter_image_custom_url":null,"twitter_image_custom_fields":null,"twitter_title":null,"twitter_description":null,"schema":{"blockGraphs":[],"customGraphs":[],"default":{"data":{"Article":[],"Course":[],"Dataset":[],"FAQPage":[],"Movie":[],"Person":[],"Product":[],"ProductReview":[],"Car":[],"Recipe":[],"Service":[],"SoftwareApplication":[],"WebPage":[]},"graphName":"","isEnabled":true},"graphs":[]},"schema_type":"default","schema_type_options":null,"pillar_content":false,"robots_default":true,"robots_noindex":false,"robots_noarchive":false,"robots_nosnippet":false,"robots_nofollow":false,"robots_noimageindex":false,"robots_noodp":false,"robots_notranslate":false,"robots_max_snippet":null,"robots_max_videopreview":null,"robots_max_imagepreview":"large","priority":null,"frequency":null,"local_seo":null,"breadcrumb_settings":null,"limit_modified_date":false,"ai":null,"created":"2025-08-16 17:17:40","updated":"2025-08-16 17:17:40","focus_keyword":null,"additional_keywords":null,"truseo_locale":null,"seo_analyzer_scan_date":null},"aioseo_breadcrumb":"<div class=\"aioseo-breadcrumbs\"><span class=\"aioseo-breadcrumb\">\n\t\t\t<a href=\"https:\/\/anoticiaonline.com.br\/site\" title=\"Home\">Home<\/a>\n\t\t<\/span><span class=\"aioseo-breadcrumb-separator\">&raquo;<\/span><span class=\"aioseo-breadcrumb\">\n\t\t\t<a href=\"https:\/\/anoticiaonline.com.br\/site\/categoria\/muriae\/\" title=\"Blog\">Blog<\/a>\n\t\t<\/span><span class=\"aioseo-breadcrumb-separator\">&raquo;<\/span><span class=\"aioseo-breadcrumb\">\n\t\t\tAberto oficialmente o per\u00edodo natalino na cidade\n\t\t<\/span><\/div>","aioseo_breadcrumb_json":[{"label":"Home","link":"https:\/\/anoticiaonline.com.br\/site"},{"label":"Blog","link":"https:\/\/anoticiaonline.com.br\/site\/categoria\/muriae\/"},{"label":"Aberto oficialmente o per\u00edodo natalino na cidade","link":"https:\/\/anoticiaonline.com.br\/site\/aberto-oficialmente-o-periodo-natalino-na-cidade\/"}],"views":146,"_links":{"self":[{"href":"https:\/\/anoticiaonline.com.br\/site\/wp-json\/wp\/v2\/posts\/22560","targetHints":{"allow":["GET"]}}],"collection":[{"href":"https:\/\/anoticiaonline.com.br\/site\/wp-json\/wp\/v2\/posts"}],"about":[{"href":"https:\/\/anoticiaonline.com.br\/site\/wp-json\/wp\/v2\/types\/post"}],"author":[{"embeddable":true,"href":"https:\/\/anoticiaonline.com.br\/site\/wp-json\/wp\/v2\/users\/2"}],"replies":[{"embeddable":true,"href":"https:\/\/anoticiaonline.com.br\/site\/wp-json\/wp\/v2\/comments?post=22560"}],"version-history":[{"count":0,"href":"https:\/\/anoticiaonline.com.br\/site\/wp-json\/wp\/v2\/posts\/22560\/revisions"}],"wp:featuredmedia":[{"embeddable":true,"href":"https:\/\/anoticiaonline.com.br\/site\/wp-json\/wp\/v2\/media\/22590"}],"wp:attachment":[{"href":"https:\/\/anoticiaonline.com.br\/site\/wp-json\/wp\/v2\/media?parent=22560"}],"wp:term":[{"taxonomy":"category","embeddable":true,"href":"https:\/\/anoticiaonline.com.br\/site\/wp-json\/wp\/v2\/categories?post=22560"},{"taxonomy":"post_tag","embeddable":true,"href":"https:\/\/anoticiaonline.com.br\/site\/wp-json\/wp\/v2\/tags?post=22560"}],"curies":[{"name":"wp","href":"https:\/\/api.w.org\/{rel}","templated":true}]}}