{"id":22511,"date":"2016-12-05T15:15:13","date_gmt":"2016-12-05T18:15:13","guid":{"rendered":"http:\/\/anoticiaonline.com.br\/site\/?p=22511"},"modified":"2016-12-05T15:21:09","modified_gmt":"2016-12-05T18:21:09","slug":"projeto-re-nascer-vence-premio-nacional-hugo-werneck","status":"publish","type":"post","link":"https:\/\/anoticiaonline.com.br\/site\/projeto-re-nascer-vence-premio-nacional-hugo-werneck\/","title":{"rendered":"Projeto \u201cRe-Nascer\u201d vence pr\u00eamio nacional Hugo Werneck"},"content":{"rendered":"<p><a href=\"https:\/\/anoticiaonline.com.br\/site\/wp-content\/uploads\/2016\/12\/Projeto-\u201cRe-Nascer\u201d-vence-pr\u00eamio-nacional-Hugo-Werneck1.jpg\"><img fetchpriority=\"high\" decoding=\"async\" class=\" size-medium wp-image-22515 alignleft\" src=\"https:\/\/anoticiaonline.com.br\/site\/wp-content\/uploads\/2016\/12\/Projeto-\u201cRe-Nascer\u201d-vence-pr\u00eamio-nacional-Hugo-Werneck1-300x300.jpg\" alt=\"projeto-re-nascer-vence-premio-nacional-hugo-werneck\" width=\"300\" height=\"300\" srcset=\"https:\/\/anoticiaonline.com.br\/site\/wp-content\/uploads\/2016\/12\/Projeto-\u201cRe-Nascer\u201d-vence-pr\u00eamio-nacional-Hugo-Werneck1-300x300.jpg 300w, https:\/\/anoticiaonline.com.br\/site\/wp-content\/uploads\/2016\/12\/Projeto-\u201cRe-Nascer\u201d-vence-pr\u00eamio-nacional-Hugo-Werneck1-150x150.jpg 150w, https:\/\/anoticiaonline.com.br\/site\/wp-content\/uploads\/2016\/12\/Projeto-\u201cRe-Nascer\u201d-vence-pr\u00eamio-nacional-Hugo-Werneck1-144x144.jpg 144w, https:\/\/anoticiaonline.com.br\/site\/wp-content\/uploads\/2016\/12\/Projeto-\u201cRe-Nascer\u201d-vence-pr\u00eamio-nacional-Hugo-Werneck1.jpg 600w\" sizes=\"(max-width: 300px) 100vw, 300px\" \/><\/a>O projeto \u201cRe-Nascer\u201d, desenvolvido pela Secretaria Municipal de Meio Ambiente, foi premiado com o t\u00edtulo \u201cTop da Ecologia\u201d, na s\u00e9tima edi\u00e7\u00e3o do Pr\u00eamio \u201cHugo Werneck de Sustentabilidade &amp; Amor \u00e0 Natureza\u201d, na categoria \u201cDestaque Municipal\u201d.<\/p>\n<p>A premia\u00e7\u00e3o foi entregue no final de novembro, na capital mineira. Na ocasi\u00e3o, estavam presentes a secret\u00e1ria municipal de Meio Ambiente, Juliana Guarino, o engenheiro agr\u00edcola e ambiental, diretor de gest\u00e3o e prote\u00e7\u00e3o ambiental, Gilberto Garcia Bonato Filho, e o coordenador regional do N\u00facleo de Regionaliza\u00e7\u00e3o Ambiental de Muria\u00e9 \u2013 Semad IEF\/Muria\u00e9, Valmir Barbosa Rosado.<\/p>\n<p>O projeto, criado com a coparticipa\u00e7\u00e3o do Departamento Municipal de Saneamento Urbano (Demsur), IEF e Emater, tem como objetivo proteger e recuperar nascentes de rios e c\u00f3rregos da cidade e regi\u00e3o.<\/p>\n<p>Em julho de 2014, \u201cRe-Nascer\u201d foi lan\u00e7ado na \u00c1rea de Prote\u00e7\u00e3o Ambiental da \u00c1gua Limpa do Pont\u00e3o (APA do Pont\u00e3o), preservando naquela localidade mais de dez nascentes. Em seguida, alcan\u00e7ou outras localidades rurais &#8211; Itajuru e Rio Preto tamb\u00e9m foram contemplados. No total, o projeto beneficiou 35 nascentes.<\/p>\n<p><strong>O PR\u00caMIO &#8211;<\/strong> Criado em 2010, o Pr\u00eamio \u201cHugo Werneck de Sustentabilidade e Amor \u00c0 Natureza\u201d \u00e9 uma iniciativa do Grupo Ecol\u00f3gico e visa reconhecer e incentivar iniciativas e boas pr\u00e1ticas socioambientais sustent\u00e1veis e de indiv\u00edduos, empresas privadas e p\u00fablicas, institui\u00e7\u00f5es de ensino e do terceiro setor nacionais, conforme os crit\u00e9rios estabelecidos no regulamento.<\/p>\n","protected":false},"excerpt":{"rendered":"<p>O projeto \u201cRe-Nascer\u201d, desenvolvido pela Secretaria Municipal de Meio Ambiente, foi premiado com o t\u00edtulo \u201cTop da Ecologia\u201d, na s\u00e9tima edi\u00e7\u00e3o do Pr\u00eamio \u201cHugo Werneck de Sustentabilidade &amp; Amor \u00e0 Natureza\u201d, na categoria \u201cDestaque Municipal\u201d. A premia\u00e7\u00e3o foi entregue no final de novembro, na capital mineira. Na ocasi\u00e3o, estavam presentes a secret\u00e1ria municipal de Meio &#8230; <a title=\"Projeto \u201cRe-Nascer\u201d vence pr\u00eamio nacional Hugo Werneck\" class=\"read-more\" href=\"https:\/\/anoticiaonline.com.br\/site\/projeto-re-nascer-vence-premio-nacional-hugo-werneck\/\" aria-label=\"Read more about Projeto \u201cRe-Nascer\u201d vence pr\u00eamio nacional Hugo Werneck\">Ler mais<\/a><\/p>\n","protected":false},"author":2,"featured_media":22515,"comment_status":"open","ping_status":"open","sticky":false,"template":"","format":"standard","meta":{"_acf_changed":false,"_monsterinsights_skip_tracking":false,"footnotes":""},"categories":[30],"tags":[3],"class_list":["post-22511","post","type-post","status-publish","format-standard","has-post-thumbnail","hentry","category-muriae","tag-slide"],"acf":[],"aioseo_notices":[],"aioseo_head":"\n\t\t<!-- All in One SEO 5.0.0.1 - aioseo.com -->\n\t<meta name=\"description\" content=\"O projeto \u201cRe-Nascer\u201d, desenvolvido pela Secretaria Municipal de Meio Ambiente, foi premiado com o t\u00edtulo \u201cTop da Ecologia\u201d, na s\u00e9tima edi\u00e7\u00e3o do Pr\u00eamio \u201cHugo Werneck de Sustentabilidade &amp; Amor \u00e0 Natureza\u201d, na categoria \u201cDestaque Municipal\u201d. A premia\u00e7\u00e3o foi entregue no final de novembro, na capital mineira. Na ocasi\u00e3o, estavam presentes a secret\u00e1ria municipal de Meio\" \/>\n\t<meta name=\"robots\" content=\"max-image-preview:large\" \/>\n\t<meta name=\"author\" content=\"Juliana Laviola\"\/>\n\t<link rel=\"canonical\" href=\"https:\/\/anoticiaonline.com.br\/site\/projeto-re-nascer-vence-premio-nacional-hugo-werneck\/\" \/>\n\t<meta name=\"generator\" content=\"All in One SEO (AIOSEO) 5.0.0.1\" \/>\n\t\t<meta property=\"og:locale\" content=\"pt_BR\" \/>\n\t\t<meta property=\"og:site_name\" content=\"A Not\u00edcia Online - Noticias de Muria\u00e9 e regi\u00e3o\" \/>\n\t\t<meta property=\"og:type\" content=\"article\" \/>\n\t\t<meta property=\"og:title\" content=\"Projeto \u201cRe-Nascer\u201d vence pr\u00eamio nacional Hugo Werneck - A Not\u00edcia Online\" \/>\n\t\t<meta property=\"og:description\" content=\"O projeto \u201cRe-Nascer\u201d, desenvolvido pela Secretaria Municipal de Meio Ambiente, foi premiado com o t\u00edtulo \u201cTop da Ecologia\u201d, na s\u00e9tima edi\u00e7\u00e3o do Pr\u00eamio \u201cHugo Werneck de Sustentabilidade &amp; Amor \u00e0 Natureza\u201d, na categoria \u201cDestaque Municipal\u201d. A premia\u00e7\u00e3o foi entregue no final de novembro, na capital mineira. Na ocasi\u00e3o, estavam presentes a secret\u00e1ria municipal de Meio\" \/>\n\t\t<meta property=\"og:url\" content=\"https:\/\/anoticiaonline.com.br\/site\/projeto-re-nascer-vence-premio-nacional-hugo-werneck\/\" \/>\n\t\t<meta property=\"og:image\" content=\"https:\/\/scontent-gig4-1.xx.fbcdn.net\/v\/t39.30808-1\/270437624_4564083193639691_6907940295614233970_n.jpg?stp=dst-jpg_s200x200_tt6&#038;_nc_cat=111&#038;ccb=1-7&#038;_nc_sid=f907e8&#038;_nc_ohc=SM1wRlP3lJwQ7kNvwEPuBYA&#038;_nc_oc=AdnqrjDN_BNjSSHWO-GbkIWH6fkGMLw4bqvL_NH6e2wMveX7G-rP2dAqsDSq1mJMOaY&#038;_nc_zt=24&#038;_nc_ht=scontent-gig4-1.xx&#038;_nc_gid=AoBFJeGrT1hVaew_6rchkQ&#038;oh=00_AfX7QmFGhQhG2jAllVgXCiM1ZrWgvtp80-Bfppyexh1QEg&#038;oe=689E923C\" \/>\n\t\t<meta property=\"og:image:secure_url\" content=\"https:\/\/scontent-gig4-1.xx.fbcdn.net\/v\/t39.30808-1\/270437624_4564083193639691_6907940295614233970_n.jpg?stp=dst-jpg_s200x200_tt6&#038;_nc_cat=111&#038;ccb=1-7&#038;_nc_sid=f907e8&#038;_nc_ohc=SM1wRlP3lJwQ7kNvwEPuBYA&#038;_nc_oc=AdnqrjDN_BNjSSHWO-GbkIWH6fkGMLw4bqvL_NH6e2wMveX7G-rP2dAqsDSq1mJMOaY&#038;_nc_zt=24&#038;_nc_ht=scontent-gig4-1.xx&#038;_nc_gid=AoBFJeGrT1hVaew_6rchkQ&#038;oh=00_AfX7QmFGhQhG2jAllVgXCiM1ZrWgvtp80-Bfppyexh1QEg&#038;oe=689E923C\" \/>\n\t\t<meta property=\"article:published_time\" content=\"2016-12-05T18:15:13+00:00\" \/>\n\t\t<meta property=\"article:modified_time\" content=\"2016-12-05T18:21:09+00:00\" \/>\n\t\t<meta name=\"twitter:card\" content=\"summary_large_image\" \/>\n\t\t<meta name=\"twitter:title\" content=\"Projeto \u201cRe-Nascer\u201d vence pr\u00eamio nacional Hugo Werneck - A Not\u00edcia Online\" \/>\n\t\t<meta name=\"twitter:description\" content=\"O projeto \u201cRe-Nascer\u201d, desenvolvido pela Secretaria Municipal de Meio Ambiente, foi premiado com o t\u00edtulo \u201cTop da Ecologia\u201d, na s\u00e9tima edi\u00e7\u00e3o do Pr\u00eamio \u201cHugo Werneck de Sustentabilidade &amp; Amor \u00e0 Natureza\u201d, na categoria \u201cDestaque Municipal\u201d. A premia\u00e7\u00e3o foi entregue no final de novembro, na capital mineira. Na ocasi\u00e3o, estavam presentes a secret\u00e1ria municipal de Meio\" \/>\n\t\t<meta name=\"twitter:image\" content=\"https:\/\/scontent-gig4-1.xx.fbcdn.net\/v\/t39.30808-1\/270437624_4564083193639691_6907940295614233970_n.jpg?stp=dst-jpg_s200x200_tt6&amp;_nc_cat=111&amp;ccb=1-7&amp;_nc_sid=f907e8&amp;_nc_ohc=SM1wRlP3lJwQ7kNvwEPuBYA&amp;_nc_oc=AdnqrjDN_BNjSSHWO-GbkIWH6fkGMLw4bqvL_NH6e2wMveX7G-rP2dAqsDSq1mJMOaY&amp;_nc_zt=24&amp;_nc_ht=scontent-gig4-1.xx&amp;_nc_gid=AoBFJeGrT1hVaew_6rchkQ&amp;oh=00_AfX7QmFGhQhG2jAllVgXCiM1ZrWgvtp80-Bfppyexh1QEg&amp;oe=689E923C\" \/>\n\t\t<script type=\"application\/ld+json\" class=\"aioseo-schema\">\n\t\t\t{\"@context\":\"https:\\\/\\\/schema.org\",\"@graph\":[{\"@type\":\"BlogPosting\",\"@id\":\"https:\\\/\\\/anoticiaonline.com.br\\\/site\\\/projeto-re-nascer-vence-premio-nacional-hugo-werneck\\\/#blogposting\",\"name\":\"Projeto \\u201cRe-Nascer\\u201d vence pr\\u00eamio nacional Hugo Werneck - A Not\\u00edcia Online\",\"headline\":\"Projeto \\u201cRe-Nascer\\u201d vence pr\\u00eamio nacional Hugo Werneck\",\"author\":{\"@id\":\"https:\\\/\\\/anoticiaonline.com.br\\\/site\\\/author\\\/juliana\\\/#author\"},\"publisher\":{\"@id\":\"https:\\\/\\\/anoticiaonline.com.br\\\/site\\\/#organization\"},\"image\":{\"@type\":\"ImageObject\",\"url\":\"https:\\\/\\\/anoticiaonline.com.br\\\/site\\\/wp-content\\\/uploads\\\/2016\\\/12\\\/Projeto-\\u201cRe-Nascer\\u201d-vence-pr\\u00eamio-nacional-Hugo-Werneck1.jpg\",\"width\":600,\"height\":600},\"datePublished\":\"2016-12-05T15:15:13-03:00\",\"dateModified\":\"2016-12-05T15:21:09-03:00\",\"inLanguage\":\"pt-BR\",\"mainEntityOfPage\":{\"@id\":\"https:\\\/\\\/anoticiaonline.com.br\\\/site\\\/projeto-re-nascer-vence-premio-nacional-hugo-werneck\\\/#webpage\"},\"isPartOf\":{\"@id\":\"https:\\\/\\\/anoticiaonline.com.br\\\/site\\\/projeto-re-nascer-vence-premio-nacional-hugo-werneck\\\/#webpage\"},\"articleSection\":\"Blog, slide\"},{\"@type\":\"BreadcrumbList\",\"@id\":\"https:\\\/\\\/anoticiaonline.com.br\\\/site\\\/projeto-re-nascer-vence-premio-nacional-hugo-werneck\\\/#breadcrumblist\",\"itemListElement\":[{\"@type\":\"ListItem\",\"@id\":\"https:\\\/\\\/anoticiaonline.com.br\\\/site#listItem\",\"position\":1,\"name\":\"Home\",\"item\":\"https:\\\/\\\/anoticiaonline.com.br\\\/site\",\"nextItem\":{\"@type\":\"ListItem\",\"@id\":\"https:\\\/\\\/anoticiaonline.com.br\\\/site\\\/categoria\\\/muriae\\\/#listItem\",\"name\":\"Blog\"}},{\"@type\":\"ListItem\",\"@id\":\"https:\\\/\\\/anoticiaonline.com.br\\\/site\\\/categoria\\\/muriae\\\/#listItem\",\"position\":2,\"name\":\"Blog\",\"item\":\"https:\\\/\\\/anoticiaonline.com.br\\\/site\\\/categoria\\\/muriae\\\/\",\"nextItem\":{\"@type\":\"ListItem\",\"@id\":\"https:\\\/\\\/anoticiaonline.com.br\\\/site\\\/projeto-re-nascer-vence-premio-nacional-hugo-werneck\\\/#listItem\",\"name\":\"Projeto \\u201cRe-Nascer\\u201d vence pr\\u00eamio nacional Hugo Werneck\"},\"previousItem\":{\"@type\":\"ListItem\",\"@id\":\"https:\\\/\\\/anoticiaonline.com.br\\\/site#listItem\",\"name\":\"Home\"}},{\"@type\":\"ListItem\",\"@id\":\"https:\\\/\\\/anoticiaonline.com.br\\\/site\\\/projeto-re-nascer-vence-premio-nacional-hugo-werneck\\\/#listItem\",\"position\":3,\"name\":\"Projeto \\u201cRe-Nascer\\u201d vence pr\\u00eamio nacional Hugo Werneck\",\"previousItem\":{\"@type\":\"ListItem\",\"@id\":\"https:\\\/\\\/anoticiaonline.com.br\\\/site\\\/categoria\\\/muriae\\\/#listItem\",\"name\":\"Blog\"}}]},{\"@type\":\"Organization\",\"@id\":\"https:\\\/\\\/anoticiaonline.com.br\\\/site\\\/#organization\",\"name\":\"A Not\\u00edcia Online\",\"description\":\"Noticias de Muria\\u00e9 e regi\\u00e3o\",\"url\":\"https:\\\/\\\/anoticiaonline.com.br\\\/site\\\/\",\"logo\":{\"@type\":\"ImageObject\",\"url\":\"https:\\\/\\\/scontent-gig4-1.xx.fbcdn.net\\\/v\\\/t39.30808-1\\\/270437624_4564083193639691_6907940295614233970_n.jpg?stp=dst-jpg_s200x200_tt6&_nc_cat=111&ccb=1-7&_nc_sid=f907e8&_nc_ohc=SM1wRlP3lJwQ7kNvwEPuBYA&_nc_oc=AdnqrjDN_BNjSSHWO-GbkIWH6fkGMLw4bqvL_NH6e2wMveX7G-rP2dAqsDSq1mJMOaY&_nc_zt=24&_nc_ht=scontent-gig4-1.xx&_nc_gid=AoBFJeGrT1hVaew_6rchkQ&oh=00_AfX7QmFGhQhG2jAllVgXCiM1ZrWgvtp80-Bfppyexh1QEg&oe=689E923C\",\"@id\":\"https:\\\/\\\/anoticiaonline.com.br\\\/site\\\/projeto-re-nascer-vence-premio-nacional-hugo-werneck\\\/#organizationLogo\"},\"image\":{\"@id\":\"https:\\\/\\\/anoticiaonline.com.br\\\/site\\\/projeto-re-nascer-vence-premio-nacional-hugo-werneck\\\/#organizationLogo\"}},{\"@type\":\"Person\",\"@id\":\"https:\\\/\\\/anoticiaonline.com.br\\\/site\\\/author\\\/juliana\\\/#author\",\"url\":\"https:\\\/\\\/anoticiaonline.com.br\\\/site\\\/author\\\/juliana\\\/\",\"name\":\"Juliana Laviola\",\"image\":{\"@type\":\"ImageObject\",\"@id\":\"https:\\\/\\\/anoticiaonline.com.br\\\/site\\\/projeto-re-nascer-vence-premio-nacional-hugo-werneck\\\/#authorImage\",\"url\":\"https:\\\/\\\/secure.gravatar.com\\\/avatar\\\/b8d45f5c699b100dfaf0e543582f38f38bf94cb7ae3a5e9abf8d891a34773335?s=96&d=mm&r=g\",\"width\":96,\"height\":96,\"caption\":\"Juliana Laviola\"}},{\"@type\":\"WebPage\",\"@id\":\"https:\\\/\\\/anoticiaonline.com.br\\\/site\\\/projeto-re-nascer-vence-premio-nacional-hugo-werneck\\\/#webpage\",\"url\":\"https:\\\/\\\/anoticiaonline.com.br\\\/site\\\/projeto-re-nascer-vence-premio-nacional-hugo-werneck\\\/\",\"name\":\"Projeto \\u201cRe-Nascer\\u201d vence pr\\u00eamio nacional Hugo Werneck - A Not\\u00edcia Online\",\"description\":\"O projeto \\u201cRe-Nascer\\u201d, desenvolvido pela Secretaria Municipal de Meio Ambiente, foi premiado com o t\\u00edtulo \\u201cTop da Ecologia\\u201d, na s\\u00e9tima edi\\u00e7\\u00e3o do Pr\\u00eamio \\u201cHugo Werneck de Sustentabilidade & Amor \\u00e0 Natureza\\u201d, na categoria \\u201cDestaque Municipal\\u201d. A premia\\u00e7\\u00e3o foi entregue no final de novembro, na capital mineira. Na ocasi\\u00e3o, estavam presentes a secret\\u00e1ria municipal de Meio\",\"inLanguage\":\"pt-BR\",\"isPartOf\":{\"@id\":\"https:\\\/\\\/anoticiaonline.com.br\\\/site\\\/#website\"},\"breadcrumb\":{\"@id\":\"https:\\\/\\\/anoticiaonline.com.br\\\/site\\\/projeto-re-nascer-vence-premio-nacional-hugo-werneck\\\/#breadcrumblist\"},\"author\":{\"@id\":\"https:\\\/\\\/anoticiaonline.com.br\\\/site\\\/author\\\/juliana\\\/#author\"},\"creator\":{\"@id\":\"https:\\\/\\\/anoticiaonline.com.br\\\/site\\\/author\\\/juliana\\\/#author\"},\"image\":{\"@type\":\"ImageObject\",\"url\":\"https:\\\/\\\/anoticiaonline.com.br\\\/site\\\/wp-content\\\/uploads\\\/2016\\\/12\\\/Projeto-\\u201cRe-Nascer\\u201d-vence-pr\\u00eamio-nacional-Hugo-Werneck1.jpg\",\"@id\":\"https:\\\/\\\/anoticiaonline.com.br\\\/site\\\/projeto-re-nascer-vence-premio-nacional-hugo-werneck\\\/#mainImage\",\"width\":600,\"height\":600},\"primaryImageOfPage\":{\"@id\":\"https:\\\/\\\/anoticiaonline.com.br\\\/site\\\/projeto-re-nascer-vence-premio-nacional-hugo-werneck\\\/#mainImage\"},\"datePublished\":\"2016-12-05T15:15:13-03:00\",\"dateModified\":\"2016-12-05T15:21:09-03:00\"},{\"@type\":\"WebSite\",\"@id\":\"https:\\\/\\\/anoticiaonline.com.br\\\/site\\\/#website\",\"url\":\"https:\\\/\\\/anoticiaonline.com.br\\\/site\\\/\",\"name\":\"A Not\\u00edcia Online\",\"description\":\"Noticias de Muria\\u00e9 e regi\\u00e3o\",\"inLanguage\":\"pt-BR\",\"publisher\":{\"@id\":\"https:\\\/\\\/anoticiaonline.com.br\\\/site\\\/#organization\"}}]}\n\t\t<\/script>\n\t\t<!-- All in One SEO -->\n\n","aioseo_head_json":{"title":"Projeto \u201cRe-Nascer\u201d vence pr\u00eamio nacional Hugo Werneck - A Not\u00edcia Online","description":"O projeto \u201cRe-Nascer\u201d, desenvolvido pela Secretaria Municipal de Meio Ambiente, foi premiado com o t\u00edtulo \u201cTop da Ecologia\u201d, na s\u00e9tima edi\u00e7\u00e3o do Pr\u00eamio \u201cHugo Werneck de Sustentabilidade & Amor \u00e0 Natureza\u201d, na categoria \u201cDestaque Municipal\u201d. A premia\u00e7\u00e3o foi entregue no final de novembro, na capital mineira. Na ocasi\u00e3o, estavam presentes a secret\u00e1ria municipal de Meio","canonical_url":"https:\/\/anoticiaonline.com.br\/site\/projeto-re-nascer-vence-premio-nacional-hugo-werneck\/","robots":"max-image-preview:large","keywords":"","webmasterTools":{"miscellaneous":""},"schema":{"@context":"https:\/\/schema.org","@graph":[{"@type":"BlogPosting","@id":"https:\/\/anoticiaonline.com.br\/site\/projeto-re-nascer-vence-premio-nacional-hugo-werneck\/#blogposting","name":"Projeto \u201cRe-Nascer\u201d vence pr\u00eamio nacional Hugo Werneck - A Not\u00edcia Online","headline":"Projeto \u201cRe-Nascer\u201d vence pr\u00eamio nacional Hugo Werneck","author":{"@id":"https:\/\/anoticiaonline.com.br\/site\/author\/juliana\/#author"},"publisher":{"@id":"https:\/\/anoticiaonline.com.br\/site\/#organization"},"image":{"@type":"ImageObject","url":"https:\/\/anoticiaonline.com.br\/site\/wp-content\/uploads\/2016\/12\/Projeto-\u201cRe-Nascer\u201d-vence-pr\u00eamio-nacional-Hugo-Werneck1.jpg","width":600,"height":600},"datePublished":"2016-12-05T15:15:13-03:00","dateModified":"2016-12-05T15:21:09-03:00","inLanguage":"pt-BR","mainEntityOfPage":{"@id":"https:\/\/anoticiaonline.com.br\/site\/projeto-re-nascer-vence-premio-nacional-hugo-werneck\/#webpage"},"isPartOf":{"@id":"https:\/\/anoticiaonline.com.br\/site\/projeto-re-nascer-vence-premio-nacional-hugo-werneck\/#webpage"},"articleSection":"Blog, slide"},{"@type":"BreadcrumbList","@id":"https:\/\/anoticiaonline.com.br\/site\/projeto-re-nascer-vence-premio-nacional-hugo-werneck\/#breadcrumblist","itemListElement":[{"@type":"ListItem","@id":"https:\/\/anoticiaonline.com.br\/site#listItem","position":1,"name":"Home","item":"https:\/\/anoticiaonline.com.br\/site","nextItem":{"@type":"ListItem","@id":"https:\/\/anoticiaonline.com.br\/site\/categoria\/muriae\/#listItem","name":"Blog"}},{"@type":"ListItem","@id":"https:\/\/anoticiaonline.com.br\/site\/categoria\/muriae\/#listItem","position":2,"name":"Blog","item":"https:\/\/anoticiaonline.com.br\/site\/categoria\/muriae\/","nextItem":{"@type":"ListItem","@id":"https:\/\/anoticiaonline.com.br\/site\/projeto-re-nascer-vence-premio-nacional-hugo-werneck\/#listItem","name":"Projeto \u201cRe-Nascer\u201d vence pr\u00eamio nacional Hugo Werneck"},"previousItem":{"@type":"ListItem","@id":"https:\/\/anoticiaonline.com.br\/site#listItem","name":"Home"}},{"@type":"ListItem","@id":"https:\/\/anoticiaonline.com.br\/site\/projeto-re-nascer-vence-premio-nacional-hugo-werneck\/#listItem","position":3,"name":"Projeto \u201cRe-Nascer\u201d vence pr\u00eamio nacional Hugo Werneck","previousItem":{"@type":"ListItem","@id":"https:\/\/anoticiaonline.com.br\/site\/categoria\/muriae\/#listItem","name":"Blog"}}]},{"@type":"Organization","@id":"https:\/\/anoticiaonline.com.br\/site\/#organization","name":"A Not\u00edcia Online","description":"Noticias de Muria\u00e9 e regi\u00e3o","url":"https:\/\/anoticiaonline.com.br\/site\/","logo":{"@type":"ImageObject","url":"https:\/\/scontent-gig4-1.xx.fbcdn.net\/v\/t39.30808-1\/270437624_4564083193639691_6907940295614233970_n.jpg?stp=dst-jpg_s200x200_tt6&_nc_cat=111&ccb=1-7&_nc_sid=f907e8&_nc_ohc=SM1wRlP3lJwQ7kNvwEPuBYA&_nc_oc=AdnqrjDN_BNjSSHWO-GbkIWH6fkGMLw4bqvL_NH6e2wMveX7G-rP2dAqsDSq1mJMOaY&_nc_zt=24&_nc_ht=scontent-gig4-1.xx&_nc_gid=AoBFJeGrT1hVaew_6rchkQ&oh=00_AfX7QmFGhQhG2jAllVgXCiM1ZrWgvtp80-Bfppyexh1QEg&oe=689E923C","@id":"https:\/\/anoticiaonline.com.br\/site\/projeto-re-nascer-vence-premio-nacional-hugo-werneck\/#organizationLogo"},"image":{"@id":"https:\/\/anoticiaonline.com.br\/site\/projeto-re-nascer-vence-premio-nacional-hugo-werneck\/#organizationLogo"}},{"@type":"Person","@id":"https:\/\/anoticiaonline.com.br\/site\/author\/juliana\/#author","url":"https:\/\/anoticiaonline.com.br\/site\/author\/juliana\/","name":"Juliana Laviola","image":{"@type":"ImageObject","@id":"https:\/\/anoticiaonline.com.br\/site\/projeto-re-nascer-vence-premio-nacional-hugo-werneck\/#authorImage","url":"https:\/\/secure.gravatar.com\/avatar\/b8d45f5c699b100dfaf0e543582f38f38bf94cb7ae3a5e9abf8d891a34773335?s=96&d=mm&r=g","width":96,"height":96,"caption":"Juliana Laviola"}},{"@type":"WebPage","@id":"https:\/\/anoticiaonline.com.br\/site\/projeto-re-nascer-vence-premio-nacional-hugo-werneck\/#webpage","url":"https:\/\/anoticiaonline.com.br\/site\/projeto-re-nascer-vence-premio-nacional-hugo-werneck\/","name":"Projeto \u201cRe-Nascer\u201d vence pr\u00eamio nacional Hugo Werneck - A Not\u00edcia Online","description":"O projeto \u201cRe-Nascer\u201d, desenvolvido pela Secretaria Municipal de Meio Ambiente, foi premiado com o t\u00edtulo \u201cTop da Ecologia\u201d, na s\u00e9tima edi\u00e7\u00e3o do Pr\u00eamio \u201cHugo Werneck de Sustentabilidade & Amor \u00e0 Natureza\u201d, na categoria \u201cDestaque Municipal\u201d. A premia\u00e7\u00e3o foi entregue no final de novembro, na capital mineira. Na ocasi\u00e3o, estavam presentes a secret\u00e1ria municipal de Meio","inLanguage":"pt-BR","isPartOf":{"@id":"https:\/\/anoticiaonline.com.br\/site\/#website"},"breadcrumb":{"@id":"https:\/\/anoticiaonline.com.br\/site\/projeto-re-nascer-vence-premio-nacional-hugo-werneck\/#breadcrumblist"},"author":{"@id":"https:\/\/anoticiaonline.com.br\/site\/author\/juliana\/#author"},"creator":{"@id":"https:\/\/anoticiaonline.com.br\/site\/author\/juliana\/#author"},"image":{"@type":"ImageObject","url":"https:\/\/anoticiaonline.com.br\/site\/wp-content\/uploads\/2016\/12\/Projeto-\u201cRe-Nascer\u201d-vence-pr\u00eamio-nacional-Hugo-Werneck1.jpg","@id":"https:\/\/anoticiaonline.com.br\/site\/projeto-re-nascer-vence-premio-nacional-hugo-werneck\/#mainImage","width":600,"height":600},"primaryImageOfPage":{"@id":"https:\/\/anoticiaonline.com.br\/site\/projeto-re-nascer-vence-premio-nacional-hugo-werneck\/#mainImage"},"datePublished":"2016-12-05T15:15:13-03:00","dateModified":"2016-12-05T15:21:09-03:00"},{"@type":"WebSite","@id":"https:\/\/anoticiaonline.com.br\/site\/#website","url":"https:\/\/anoticiaonline.com.br\/site\/","name":"A Not\u00edcia Online","description":"Noticias de Muria\u00e9 e regi\u00e3o","inLanguage":"pt-BR","publisher":{"@id":"https:\/\/anoticiaonline.com.br\/site\/#organization"}}]},"og:locale":"pt_BR","og:site_name":"A Not\u00edcia Online - Noticias de Muria\u00e9 e regi\u00e3o","og:type":"article","og:title":"Projeto \u201cRe-Nascer\u201d vence pr\u00eamio nacional Hugo Werneck - A Not\u00edcia Online","og:description":"O projeto \u201cRe-Nascer\u201d, desenvolvido pela Secretaria Municipal de Meio Ambiente, foi premiado com o t\u00edtulo \u201cTop da Ecologia\u201d, na s\u00e9tima edi\u00e7\u00e3o do Pr\u00eamio \u201cHugo Werneck de Sustentabilidade &amp; Amor \u00e0 Natureza\u201d, na categoria \u201cDestaque Municipal\u201d. A premia\u00e7\u00e3o foi entregue no final de novembro, na capital mineira. Na ocasi\u00e3o, estavam presentes a secret\u00e1ria municipal de Meio","og:url":"https:\/\/anoticiaonline.com.br\/site\/projeto-re-nascer-vence-premio-nacional-hugo-werneck\/","og:image":"https:\/\/scontent-gig4-1.xx.fbcdn.net\/v\/t39.30808-1\/270437624_4564083193639691_6907940295614233970_n.jpg?stp=dst-jpg_s200x200_tt6&#038;_nc_cat=111&#038;ccb=1-7&#038;_nc_sid=f907e8&#038;_nc_ohc=SM1wRlP3lJwQ7kNvwEPuBYA&#038;_nc_oc=AdnqrjDN_BNjSSHWO-GbkIWH6fkGMLw4bqvL_NH6e2wMveX7G-rP2dAqsDSq1mJMOaY&#038;_nc_zt=24&#038;_nc_ht=scontent-gig4-1.xx&#038;_nc_gid=AoBFJeGrT1hVaew_6rchkQ&#038;oh=00_AfX7QmFGhQhG2jAllVgXCiM1ZrWgvtp80-Bfppyexh1QEg&#038;oe=689E923C","og:image:secure_url":"https:\/\/scontent-gig4-1.xx.fbcdn.net\/v\/t39.30808-1\/270437624_4564083193639691_6907940295614233970_n.jpg?stp=dst-jpg_s200x200_tt6&#038;_nc_cat=111&#038;ccb=1-7&#038;_nc_sid=f907e8&#038;_nc_ohc=SM1wRlP3lJwQ7kNvwEPuBYA&#038;_nc_oc=AdnqrjDN_BNjSSHWO-GbkIWH6fkGMLw4bqvL_NH6e2wMveX7G-rP2dAqsDSq1mJMOaY&#038;_nc_zt=24&#038;_nc_ht=scontent-gig4-1.xx&#038;_nc_gid=AoBFJeGrT1hVaew_6rchkQ&#038;oh=00_AfX7QmFGhQhG2jAllVgXCiM1ZrWgvtp80-Bfppyexh1QEg&#038;oe=689E923C","article:published_time":"2016-12-05T18:15:13+00:00","article:modified_time":"2016-12-05T18:21:09+00:00","twitter:card":"summary_large_image","twitter:title":"Projeto \u201cRe-Nascer\u201d vence pr\u00eamio nacional Hugo Werneck - A Not\u00edcia Online","twitter:description":"O projeto \u201cRe-Nascer\u201d, desenvolvido pela Secretaria Municipal de Meio Ambiente, foi premiado com o t\u00edtulo \u201cTop da Ecologia\u201d, na s\u00e9tima edi\u00e7\u00e3o do Pr\u00eamio \u201cHugo Werneck de Sustentabilidade &amp; Amor \u00e0 Natureza\u201d, na categoria \u201cDestaque Municipal\u201d. A premia\u00e7\u00e3o foi entregue no final de novembro, na capital mineira. Na ocasi\u00e3o, estavam presentes a secret\u00e1ria municipal de Meio","twitter:image":"https:\/\/scontent-gig4-1.xx.fbcdn.net\/v\/t39.30808-1\/270437624_4564083193639691_6907940295614233970_n.jpg?stp=dst-jpg_s200x200_tt6&_nc_cat=111&ccb=1-7&_nc_sid=f907e8&_nc_ohc=SM1wRlP3lJwQ7kNvwEPuBYA&_nc_oc=AdnqrjDN_BNjSSHWO-GbkIWH6fkGMLw4bqvL_NH6e2wMveX7G-rP2dAqsDSq1mJMOaY&_nc_zt=24&_nc_ht=scontent-gig4-1.xx&_nc_gid=AoBFJeGrT1hVaew_6rchkQ&oh=00_AfX7QmFGhQhG2jAllVgXCiM1ZrWgvtp80-Bfppyexh1QEg&oe=689E923C"},"aioseo_meta_data":{"post_id":"22511","title":null,"description":null,"keywords":null,"keyphrases":null,"primary_term":null,"canonical_url":null,"og_title":null,"og_description":null,"og_object_type":"default","og_image_type":"default","og_image_url":null,"og_image_width":null,"og_image_height":null,"og_image_custom_url":null,"og_image_custom_fields":null,"og_video":null,"og_custom_url":null,"og_article_section":null,"og_article_tags":null,"twitter_use_og":false,"twitter_card":"default","twitter_image_type":"default","twitter_image_url":null,"twitter_image_custom_url":null,"twitter_image_custom_fields":null,"twitter_title":null,"twitter_description":null,"schema":{"blockGraphs":[],"customGraphs":[],"default":{"data":{"Article":[],"Course":[],"Dataset":[],"FAQPage":[],"Movie":[],"Person":[],"Product":[],"ProductReview":[],"Car":[],"Recipe":[],"Service":[],"SoftwareApplication":[],"WebPage":[]},"graphName":"","isEnabled":true},"graphs":[]},"schema_type":"default","schema_type_options":null,"pillar_content":false,"robots_default":true,"robots_noindex":false,"robots_noarchive":false,"robots_nosnippet":false,"robots_nofollow":false,"robots_noimageindex":false,"robots_noodp":false,"robots_notranslate":false,"robots_max_snippet":null,"robots_max_videopreview":null,"robots_max_imagepreview":"large","priority":null,"frequency":null,"local_seo":null,"breadcrumb_settings":null,"limit_modified_date":false,"ai":null,"created":"2025-08-16 17:17:40","updated":"2025-08-16 17:17:40","focus_keyword":null,"additional_keywords":null,"truseo_locale":null,"seo_analyzer_scan_date":null},"aioseo_breadcrumb":"<div class=\"aioseo-breadcrumbs\"><span class=\"aioseo-breadcrumb\">\n\t\t\t<a href=\"https:\/\/anoticiaonline.com.br\/site\" title=\"Home\">Home<\/a>\n\t\t<\/span><span class=\"aioseo-breadcrumb-separator\">&raquo;<\/span><span class=\"aioseo-breadcrumb\">\n\t\t\t<a href=\"https:\/\/anoticiaonline.com.br\/site\/categoria\/muriae\/\" title=\"Blog\">Blog<\/a>\n\t\t<\/span><span class=\"aioseo-breadcrumb-separator\">&raquo;<\/span><span class=\"aioseo-breadcrumb\">\n\t\t\tProjeto \u201cRe-Nascer\u201d vence pr\u00eamio nacional Hugo Werneck\n\t\t<\/span><\/div>","aioseo_breadcrumb_json":[{"label":"Home","link":"https:\/\/anoticiaonline.com.br\/site"},{"label":"Blog","link":"https:\/\/anoticiaonline.com.br\/site\/categoria\/muriae\/"},{"label":"Projeto \u201cRe-Nascer\u201d vence pr\u00eamio nacional Hugo Werneck","link":"https:\/\/anoticiaonline.com.br\/site\/projeto-re-nascer-vence-premio-nacional-hugo-werneck\/"}],"views":145,"_links":{"self":[{"href":"https:\/\/anoticiaonline.com.br\/site\/wp-json\/wp\/v2\/posts\/22511","targetHints":{"allow":["GET"]}}],"collection":[{"href":"https:\/\/anoticiaonline.com.br\/site\/wp-json\/wp\/v2\/posts"}],"about":[{"href":"https:\/\/anoticiaonline.com.br\/site\/wp-json\/wp\/v2\/types\/post"}],"author":[{"embeddable":true,"href":"https:\/\/anoticiaonline.com.br\/site\/wp-json\/wp\/v2\/users\/2"}],"replies":[{"embeddable":true,"href":"https:\/\/anoticiaonline.com.br\/site\/wp-json\/wp\/v2\/comments?post=22511"}],"version-history":[{"count":0,"href":"https:\/\/anoticiaonline.com.br\/site\/wp-json\/wp\/v2\/posts\/22511\/revisions"}],"wp:featuredmedia":[{"embeddable":true,"href":"https:\/\/anoticiaonline.com.br\/site\/wp-json\/wp\/v2\/media\/22515"}],"wp:attachment":[{"href":"https:\/\/anoticiaonline.com.br\/site\/wp-json\/wp\/v2\/media?parent=22511"}],"wp:term":[{"taxonomy":"category","embeddable":true,"href":"https:\/\/anoticiaonline.com.br\/site\/wp-json\/wp\/v2\/categories?post=22511"},{"taxonomy":"post_tag","embeddable":true,"href":"https:\/\/anoticiaonline.com.br\/site\/wp-json\/wp\/v2\/tags?post=22511"}],"curies":[{"name":"wp","href":"https:\/\/api.w.org\/{rel}","templated":true}]}}