{"id":22484,"date":"2016-12-05T15:04:24","date_gmt":"2016-12-05T18:04:24","guid":{"rendered":"http:\/\/anoticiaonline.com.br\/site\/?p=22484"},"modified":"2016-12-05T15:04:24","modified_gmt":"2016-12-05T18:04:24","slug":"espetaculo-deixa-clarear-homenageia-clara-nunes-no-aniversario-do-teatro-belmira-vilas-boas-2","status":"publish","type":"post","link":"https:\/\/anoticiaonline.com.br\/site\/espetaculo-deixa-clarear-homenageia-clara-nunes-no-aniversario-do-teatro-belmira-vilas-boas-2\/","title":{"rendered":"Espet\u00e1culo \u201cDeixa Clarear\u201d homenageia Clara Nunes no anivers\u00e1rio do Teatro Belmira Vilas Boas"},"content":{"rendered":"<p><a href=\"https:\/\/anoticiaonline.com.br\/site\/wp-content\/uploads\/2016\/12\/DSC_0445.jpg\"><img fetchpriority=\"high\" decoding=\"async\" class=\" size-medium wp-image-22485 alignleft\" src=\"https:\/\/anoticiaonline.com.br\/site\/wp-content\/uploads\/2016\/12\/DSC_0445-300x235.jpg\" alt=\"dsc_0445\" width=\"300\" height=\"235\" srcset=\"https:\/\/anoticiaonline.com.br\/site\/wp-content\/uploads\/2016\/12\/DSC_0445-300x235.jpg 300w, https:\/\/anoticiaonline.com.br\/site\/wp-content\/uploads\/2016\/12\/DSC_0445.jpg 640w\" sizes=\"(max-width: 300px) 100vw, 300px\" \/><\/a>Os dois anos de funcionamento do Teatro Municipal Belmira Vilas Boas foram comemorados com a apresenta\u00e7\u00e3o da pe\u00e7a teatral \u201cDeixa Clarear\u201d, uma homenagem \u00e0 cantora mineira Clara Nunes. Realizado no s\u00e1bado (3), o espet\u00e1culo lotou o teatro e encantou o p\u00fablico.<\/p>\n<p>A diretora-geral da Fundarte, Gilca Napier, ressalta a import\u00e2ncia do funcionamento do \u201cBelmira Vilas Boas\u201d para a cultura de Muria\u00e9. \u201cFazer a obra do teatro parece o mais dif\u00edcil, mas n\u00e3o \u00e9. O mais dif\u00edcil \u00e9 colocar um equipamento cultural desses em funcionamento dentro de uma cidade do porte de Muria\u00e9. Fazer a manuten\u00e7\u00e3o do teatro somente com o dinheiro arrecadado de bilheteria \u00e9 muito dif\u00edcil. Para isso, temos que trabalhar com parcerias\u201d, conta ela.<\/p>\n<p>Inaugurado no dia 5 de dezembro de 2014, no teatro t\u00eam sido apresentados espet\u00e1culos teatrais, de dan\u00e7a e de m\u00fasica que s\u00e3o sucesso na regi\u00e3o e em todo o pa\u00eds. \u201cTodo o tipo de arte passa pelo Teatro Bemira Vilas Boas. Consideramos que esta \u00e9 uma grande vit\u00f3ria da Prefeitura de Muria\u00e9, Fundarte e do p\u00fablico muriaeense, que se mostra cada dia mais engajado e educado para receber as nossas pe\u00e7as teatrais\u201d, afirma a diretora-geral da Fundarte.<\/p>\n<p>Localizado na Avenida Coronel Domiciano 13, no pr\u00e9dio onde funcionava a Secretaria Municipal de Desenvolvimento Social, j\u00e1 tombado pelo Patrim\u00f4nio Hist\u00f3rico de Muria\u00e9, o \u201cBelmira Vilas Boas\u201d tem capacidade para abrigar confortavelmente mais de 160 espectadores e est\u00e1 apto, com o projeto de cenot\u00e9cnica, a receber diversos tipos de espet\u00e1culos, tais como: dan\u00e7a, teatro, musicais e at\u00e9 mesmo \u00f3pera e opereta.<\/p>\n<p><strong><a href=\"https:\/\/anoticiaonline.com.br\/site\/wp-content\/uploads\/2016\/12\/DSC_0501.jpg\"><img decoding=\"async\" class=\" size-medium wp-image-22486 alignleft\" src=\"https:\/\/anoticiaonline.com.br\/site\/wp-content\/uploads\/2016\/12\/DSC_0501-300x195.jpg\" alt=\"dsc_0501\" width=\"300\" height=\"195\" srcset=\"https:\/\/anoticiaonline.com.br\/site\/wp-content\/uploads\/2016\/12\/DSC_0501-300x195.jpg 300w, https:\/\/anoticiaonline.com.br\/site\/wp-content\/uploads\/2016\/12\/DSC_0501.jpg 640w\" sizes=\"(max-width: 300px) 100vw, 300px\" \/><\/a>\u201cDEIXA CLAREAR\u201d &#8211;<\/strong> Com dire\u00e7\u00e3o de Isaac Bernat e texto de M\u00e1rcia Zanelatto, o espet\u00e1culo musical \u201cDeixa Clarear\u201d est\u00e1 em cartaz h\u00e1 mais de um ano e j\u00e1 foi assistido por mais de 40 mil pessoas. A montagem \u00e9 protagonizada pela jovem atriz Clara Santhana, idealizadora do projeto e apaixonada pela obra da cantora mineira.<\/p>\n<p>A pe\u00e7a \u00e9 o encontro das duas Claras: a atriz e a cantora. Clara Santhana passeia pelas v\u00e1rias fases da carreira e da vida de Clara Nunes, com um repert\u00f3rio composto por grandes compositores, como: Jo\u00e3o Nogueira, Paulo Cesar Pinheiro, Paulinho da Viola, Candeia, Chico Buarque, Nelson Cavaquinho, entre outros. A m\u00fasica presente atua como uma extens\u00e3o da cena e as letras tamb\u00e9m constituem uma dramaturgia.<\/p>\n<p>\u201cDeixa Clarear\u201d visita de forma delicada a mem\u00f3ria da Clara Nunes e o universo musical presente em sua trajet\u00f3ria. O objetivo tamb\u00e9m \u00e9 incentivar a juventude a valorizar a m\u00fasica brasileira e suas ra\u00edzes genu\u00ednas.<\/p>\n<p>A atriz Clara \u00e9 dirigida por Isaac Bernat, que recentemente assinou a dire\u00e7\u00e3o de \u201cCalango Deu\u201d e atua na pe\u00e7a \u201cInc\u00eandios\u201d. A dire\u00e7\u00e3o musical \u00e9 de Alfredo Del Penho, que participou de musicais como \u201cGonzag\u00e3o, A Lenda\u201d e \u201cSassaricando\u201d.<\/p>\n<p>A apresenta\u00e7\u00e3o da pe\u00e7a \u00e9 mais uma a\u00e7\u00e3o do projeto Circuito Cultural Grande Hotel Muriahe, que \u00e9 patrocinado pela Votorantim Metais e pela Energisa, atrav\u00e9s das leis federal e estadual de incentivo \u00e0 cultura e tamb\u00e9m pelo Fundo Estadual de Cultura de Minas Gerais (fec). A realiza\u00e7\u00e3o deste evento \u00e9 da Sociedade Musical Uni\u00e3o dos Artistas, Fundarte e Prefeitura de Muria\u00e9.<\/p>\n<p><img decoding=\"async\" class=\"ngg_displayed_gallery mceItem\" src=\"https:\/\/anoticiaonline.com.br\/site\/nextgen-attach_to_post\/preview\/id--22509\" alt=\"\" \/><\/p>\n","protected":false},"excerpt":{"rendered":"<p>Os dois anos de funcionamento do Teatro Municipal Belmira Vilas Boas foram comemorados com a apresenta\u00e7\u00e3o da pe\u00e7a teatral \u201cDeixa Clarear\u201d, uma homenagem \u00e0 cantora mineira Clara Nunes. Realizado no s\u00e1bado (3), o espet\u00e1culo lotou o teatro e encantou o p\u00fablico. A diretora-geral da Fundarte, Gilca Napier, ressalta a import\u00e2ncia do funcionamento do \u201cBelmira Vilas &#8230; <a title=\"Espet\u00e1culo \u201cDeixa Clarear\u201d homenageia Clara Nunes no anivers\u00e1rio do Teatro Belmira Vilas Boas\" class=\"read-more\" href=\"https:\/\/anoticiaonline.com.br\/site\/espetaculo-deixa-clarear-homenageia-clara-nunes-no-aniversario-do-teatro-belmira-vilas-boas-2\/\" aria-label=\"Read more about Espet\u00e1culo \u201cDeixa Clarear\u201d homenageia Clara Nunes no anivers\u00e1rio do Teatro Belmira Vilas Boas\">Ler mais<\/a><\/p>\n","protected":false},"author":2,"featured_media":22485,"comment_status":"open","ping_status":"open","sticky":false,"template":"","format":"standard","meta":{"_acf_changed":false,"_monsterinsights_skip_tracking":false,"footnotes":""},"categories":[19],"tags":[3],"class_list":["post-22484","post","type-post","status-publish","format-standard","has-post-thumbnail","hentry","category-cultura","tag-slide"],"acf":[],"aioseo_notices":[],"aioseo_head":"\n\t\t<!-- All in One SEO 5.0.0.1 - aioseo.com -->\n\t<meta name=\"description\" content=\"Os dois anos de funcionamento do Teatro Municipal Belmira Vilas Boas foram comemorados com a apresenta\u00e7\u00e3o da pe\u00e7a teatral \u201cDeixa Clarear\u201d, uma homenagem \u00e0 cantora mineira Clara Nunes. Realizado no s\u00e1bado (3), o espet\u00e1culo lotou o teatro e encantou o p\u00fablico. A diretora-geral da Fundarte, Gilca Napier, ressalta a import\u00e2ncia do funcionamento do \u201cBelmira Vilas\" \/>\n\t<meta name=\"robots\" content=\"max-image-preview:large\" \/>\n\t<meta name=\"author\" content=\"Juliana Laviola\"\/>\n\t<link rel=\"canonical\" href=\"https:\/\/anoticiaonline.com.br\/site\/espetaculo-deixa-clarear-homenageia-clara-nunes-no-aniversario-do-teatro-belmira-vilas-boas-2\/\" \/>\n\t<meta name=\"generator\" content=\"All in One SEO (AIOSEO) 5.0.0.1\" \/>\n\t\t<meta property=\"og:locale\" content=\"pt_BR\" \/>\n\t\t<meta property=\"og:site_name\" content=\"A Not\u00edcia Online - Noticias de Muria\u00e9 e regi\u00e3o\" \/>\n\t\t<meta property=\"og:type\" content=\"article\" \/>\n\t\t<meta property=\"og:title\" content=\"Espet\u00e1culo \u201cDeixa Clarear\u201d homenageia Clara Nunes no anivers\u00e1rio do Teatro Belmira Vilas Boas - A Not\u00edcia Online\" \/>\n\t\t<meta property=\"og:description\" content=\"Os dois anos de funcionamento do Teatro Municipal Belmira Vilas Boas foram comemorados com a apresenta\u00e7\u00e3o da pe\u00e7a teatral \u201cDeixa Clarear\u201d, uma homenagem \u00e0 cantora mineira Clara Nunes. Realizado no s\u00e1bado (3), o espet\u00e1culo lotou o teatro e encantou o p\u00fablico. A diretora-geral da Fundarte, Gilca Napier, ressalta a import\u00e2ncia do funcionamento do \u201cBelmira Vilas\" \/>\n\t\t<meta property=\"og:url\" content=\"https:\/\/anoticiaonline.com.br\/site\/espetaculo-deixa-clarear-homenageia-clara-nunes-no-aniversario-do-teatro-belmira-vilas-boas-2\/\" \/>\n\t\t<meta property=\"og:image\" content=\"https:\/\/scontent-gig4-1.xx.fbcdn.net\/v\/t39.30808-1\/270437624_4564083193639691_6907940295614233970_n.jpg?stp=dst-jpg_s200x200_tt6&#038;_nc_cat=111&#038;ccb=1-7&#038;_nc_sid=f907e8&#038;_nc_ohc=SM1wRlP3lJwQ7kNvwEPuBYA&#038;_nc_oc=AdnqrjDN_BNjSSHWO-GbkIWH6fkGMLw4bqvL_NH6e2wMveX7G-rP2dAqsDSq1mJMOaY&#038;_nc_zt=24&#038;_nc_ht=scontent-gig4-1.xx&#038;_nc_gid=AoBFJeGrT1hVaew_6rchkQ&#038;oh=00_AfX7QmFGhQhG2jAllVgXCiM1ZrWgvtp80-Bfppyexh1QEg&#038;oe=689E923C\" \/>\n\t\t<meta property=\"og:image:secure_url\" content=\"https:\/\/scontent-gig4-1.xx.fbcdn.net\/v\/t39.30808-1\/270437624_4564083193639691_6907940295614233970_n.jpg?stp=dst-jpg_s200x200_tt6&#038;_nc_cat=111&#038;ccb=1-7&#038;_nc_sid=f907e8&#038;_nc_ohc=SM1wRlP3lJwQ7kNvwEPuBYA&#038;_nc_oc=AdnqrjDN_BNjSSHWO-GbkIWH6fkGMLw4bqvL_NH6e2wMveX7G-rP2dAqsDSq1mJMOaY&#038;_nc_zt=24&#038;_nc_ht=scontent-gig4-1.xx&#038;_nc_gid=AoBFJeGrT1hVaew_6rchkQ&#038;oh=00_AfX7QmFGhQhG2jAllVgXCiM1ZrWgvtp80-Bfppyexh1QEg&#038;oe=689E923C\" \/>\n\t\t<meta property=\"article:published_time\" content=\"2016-12-05T18:04:24+00:00\" \/>\n\t\t<meta property=\"article:modified_time\" content=\"2016-12-05T18:04:24+00:00\" \/>\n\t\t<meta name=\"twitter:card\" content=\"summary_large_image\" \/>\n\t\t<meta name=\"twitter:title\" content=\"Espet\u00e1culo \u201cDeixa Clarear\u201d homenageia Clara Nunes no anivers\u00e1rio do Teatro Belmira Vilas Boas - A Not\u00edcia Online\" \/>\n\t\t<meta name=\"twitter:description\" content=\"Os dois anos de funcionamento do Teatro Municipal Belmira Vilas Boas foram comemorados com a apresenta\u00e7\u00e3o da pe\u00e7a teatral \u201cDeixa Clarear\u201d, uma homenagem \u00e0 cantora mineira Clara Nunes. Realizado no s\u00e1bado (3), o espet\u00e1culo lotou o teatro e encantou o p\u00fablico. A diretora-geral da Fundarte, Gilca Napier, ressalta a import\u00e2ncia do funcionamento do \u201cBelmira Vilas\" \/>\n\t\t<meta name=\"twitter:image\" content=\"https:\/\/scontent-gig4-1.xx.fbcdn.net\/v\/t39.30808-1\/270437624_4564083193639691_6907940295614233970_n.jpg?stp=dst-jpg_s200x200_tt6&amp;_nc_cat=111&amp;ccb=1-7&amp;_nc_sid=f907e8&amp;_nc_ohc=SM1wRlP3lJwQ7kNvwEPuBYA&amp;_nc_oc=AdnqrjDN_BNjSSHWO-GbkIWH6fkGMLw4bqvL_NH6e2wMveX7G-rP2dAqsDSq1mJMOaY&amp;_nc_zt=24&amp;_nc_ht=scontent-gig4-1.xx&amp;_nc_gid=AoBFJeGrT1hVaew_6rchkQ&amp;oh=00_AfX7QmFGhQhG2jAllVgXCiM1ZrWgvtp80-Bfppyexh1QEg&amp;oe=689E923C\" \/>\n\t\t<script type=\"application\/ld+json\" class=\"aioseo-schema\">\n\t\t\t{\"@context\":\"https:\\\/\\\/schema.org\",\"@graph\":[{\"@type\":\"BlogPosting\",\"@id\":\"https:\\\/\\\/anoticiaonline.com.br\\\/site\\\/espetaculo-deixa-clarear-homenageia-clara-nunes-no-aniversario-do-teatro-belmira-vilas-boas-2\\\/#blogposting\",\"name\":\"Espet\\u00e1culo \\u201cDeixa Clarear\\u201d homenageia Clara Nunes no anivers\\u00e1rio do Teatro Belmira Vilas Boas - A Not\\u00edcia Online\",\"headline\":\"Espet\\u00e1culo \\u201cDeixa Clarear\\u201d homenageia Clara Nunes no anivers\\u00e1rio do Teatro Belmira Vilas Boas\",\"author\":{\"@id\":\"https:\\\/\\\/anoticiaonline.com.br\\\/site\\\/author\\\/juliana\\\/#author\"},\"publisher\":{\"@id\":\"https:\\\/\\\/anoticiaonline.com.br\\\/site\\\/#organization\"},\"image\":{\"@type\":\"ImageObject\",\"url\":\"https:\\\/\\\/anoticiaonline.com.br\\\/site\\\/wp-content\\\/uploads\\\/2016\\\/12\\\/DSC_0445.jpg\",\"width\":640,\"height\":502},\"datePublished\":\"2016-12-05T15:04:24-03:00\",\"dateModified\":\"2016-12-05T15:04:24-03:00\",\"inLanguage\":\"pt-BR\",\"mainEntityOfPage\":{\"@id\":\"https:\\\/\\\/anoticiaonline.com.br\\\/site\\\/espetaculo-deixa-clarear-homenageia-clara-nunes-no-aniversario-do-teatro-belmira-vilas-boas-2\\\/#webpage\"},\"isPartOf\":{\"@id\":\"https:\\\/\\\/anoticiaonline.com.br\\\/site\\\/espetaculo-deixa-clarear-homenageia-clara-nunes-no-aniversario-do-teatro-belmira-vilas-boas-2\\\/#webpage\"},\"articleSection\":\"Cultura, slide\"},{\"@type\":\"BreadcrumbList\",\"@id\":\"https:\\\/\\\/anoticiaonline.com.br\\\/site\\\/espetaculo-deixa-clarear-homenageia-clara-nunes-no-aniversario-do-teatro-belmira-vilas-boas-2\\\/#breadcrumblist\",\"itemListElement\":[{\"@type\":\"ListItem\",\"@id\":\"https:\\\/\\\/anoticiaonline.com.br\\\/site#listItem\",\"position\":1,\"name\":\"Home\",\"item\":\"https:\\\/\\\/anoticiaonline.com.br\\\/site\",\"nextItem\":{\"@type\":\"ListItem\",\"@id\":\"https:\\\/\\\/anoticiaonline.com.br\\\/site\\\/categoria\\\/muriae\\\/#listItem\",\"name\":\"Blog\"}},{\"@type\":\"ListItem\",\"@id\":\"https:\\\/\\\/anoticiaonline.com.br\\\/site\\\/categoria\\\/muriae\\\/#listItem\",\"position\":2,\"name\":\"Blog\",\"item\":\"https:\\\/\\\/anoticiaonline.com.br\\\/site\\\/categoria\\\/muriae\\\/\",\"nextItem\":{\"@type\":\"ListItem\",\"@id\":\"https:\\\/\\\/anoticiaonline.com.br\\\/site\\\/categoria\\\/muriae\\\/cultura\\\/#listItem\",\"name\":\"Cultura\"},\"previousItem\":{\"@type\":\"ListItem\",\"@id\":\"https:\\\/\\\/anoticiaonline.com.br\\\/site#listItem\",\"name\":\"Home\"}},{\"@type\":\"ListItem\",\"@id\":\"https:\\\/\\\/anoticiaonline.com.br\\\/site\\\/categoria\\\/muriae\\\/cultura\\\/#listItem\",\"position\":3,\"name\":\"Cultura\",\"item\":\"https:\\\/\\\/anoticiaonline.com.br\\\/site\\\/categoria\\\/muriae\\\/cultura\\\/\",\"nextItem\":{\"@type\":\"ListItem\",\"@id\":\"https:\\\/\\\/anoticiaonline.com.br\\\/site\\\/espetaculo-deixa-clarear-homenageia-clara-nunes-no-aniversario-do-teatro-belmira-vilas-boas-2\\\/#listItem\",\"name\":\"Espet\\u00e1culo \\u201cDeixa Clarear\\u201d homenageia Clara Nunes no anivers\\u00e1rio do Teatro Belmira Vilas Boas\"},\"previousItem\":{\"@type\":\"ListItem\",\"@id\":\"https:\\\/\\\/anoticiaonline.com.br\\\/site\\\/categoria\\\/muriae\\\/#listItem\",\"name\":\"Blog\"}},{\"@type\":\"ListItem\",\"@id\":\"https:\\\/\\\/anoticiaonline.com.br\\\/site\\\/espetaculo-deixa-clarear-homenageia-clara-nunes-no-aniversario-do-teatro-belmira-vilas-boas-2\\\/#listItem\",\"position\":4,\"name\":\"Espet\\u00e1culo \\u201cDeixa Clarear\\u201d homenageia Clara Nunes no anivers\\u00e1rio do Teatro Belmira Vilas Boas\",\"previousItem\":{\"@type\":\"ListItem\",\"@id\":\"https:\\\/\\\/anoticiaonline.com.br\\\/site\\\/categoria\\\/muriae\\\/cultura\\\/#listItem\",\"name\":\"Cultura\"}}]},{\"@type\":\"Organization\",\"@id\":\"https:\\\/\\\/anoticiaonline.com.br\\\/site\\\/#organization\",\"name\":\"A Not\\u00edcia Online\",\"description\":\"Noticias de Muria\\u00e9 e regi\\u00e3o\",\"url\":\"https:\\\/\\\/anoticiaonline.com.br\\\/site\\\/\",\"logo\":{\"@type\":\"ImageObject\",\"url\":\"https:\\\/\\\/scontent-gig4-1.xx.fbcdn.net\\\/v\\\/t39.30808-1\\\/270437624_4564083193639691_6907940295614233970_n.jpg?stp=dst-jpg_s200x200_tt6&_nc_cat=111&ccb=1-7&_nc_sid=f907e8&_nc_ohc=SM1wRlP3lJwQ7kNvwEPuBYA&_nc_oc=AdnqrjDN_BNjSSHWO-GbkIWH6fkGMLw4bqvL_NH6e2wMveX7G-rP2dAqsDSq1mJMOaY&_nc_zt=24&_nc_ht=scontent-gig4-1.xx&_nc_gid=AoBFJeGrT1hVaew_6rchkQ&oh=00_AfX7QmFGhQhG2jAllVgXCiM1ZrWgvtp80-Bfppyexh1QEg&oe=689E923C\",\"@id\":\"https:\\\/\\\/anoticiaonline.com.br\\\/site\\\/espetaculo-deixa-clarear-homenageia-clara-nunes-no-aniversario-do-teatro-belmira-vilas-boas-2\\\/#organizationLogo\"},\"image\":{\"@id\":\"https:\\\/\\\/anoticiaonline.com.br\\\/site\\\/espetaculo-deixa-clarear-homenageia-clara-nunes-no-aniversario-do-teatro-belmira-vilas-boas-2\\\/#organizationLogo\"}},{\"@type\":\"Person\",\"@id\":\"https:\\\/\\\/anoticiaonline.com.br\\\/site\\\/author\\\/juliana\\\/#author\",\"url\":\"https:\\\/\\\/anoticiaonline.com.br\\\/site\\\/author\\\/juliana\\\/\",\"name\":\"Juliana Laviola\",\"image\":{\"@type\":\"ImageObject\",\"@id\":\"https:\\\/\\\/anoticiaonline.com.br\\\/site\\\/espetaculo-deixa-clarear-homenageia-clara-nunes-no-aniversario-do-teatro-belmira-vilas-boas-2\\\/#authorImage\",\"url\":\"https:\\\/\\\/secure.gravatar.com\\\/avatar\\\/b8d45f5c699b100dfaf0e543582f38f38bf94cb7ae3a5e9abf8d891a34773335?s=96&d=mm&r=g\",\"width\":96,\"height\":96,\"caption\":\"Juliana Laviola\"}},{\"@type\":\"WebPage\",\"@id\":\"https:\\\/\\\/anoticiaonline.com.br\\\/site\\\/espetaculo-deixa-clarear-homenageia-clara-nunes-no-aniversario-do-teatro-belmira-vilas-boas-2\\\/#webpage\",\"url\":\"https:\\\/\\\/anoticiaonline.com.br\\\/site\\\/espetaculo-deixa-clarear-homenageia-clara-nunes-no-aniversario-do-teatro-belmira-vilas-boas-2\\\/\",\"name\":\"Espet\\u00e1culo \\u201cDeixa Clarear\\u201d homenageia Clara Nunes no anivers\\u00e1rio do Teatro Belmira Vilas Boas - A Not\\u00edcia Online\",\"description\":\"Os dois anos de funcionamento do Teatro Municipal Belmira Vilas Boas foram comemorados com a apresenta\\u00e7\\u00e3o da pe\\u00e7a teatral \\u201cDeixa Clarear\\u201d, uma homenagem \\u00e0 cantora mineira Clara Nunes. Realizado no s\\u00e1bado (3), o espet\\u00e1culo lotou o teatro e encantou o p\\u00fablico. A diretora-geral da Fundarte, Gilca Napier, ressalta a import\\u00e2ncia do funcionamento do \\u201cBelmira Vilas\",\"inLanguage\":\"pt-BR\",\"isPartOf\":{\"@id\":\"https:\\\/\\\/anoticiaonline.com.br\\\/site\\\/#website\"},\"breadcrumb\":{\"@id\":\"https:\\\/\\\/anoticiaonline.com.br\\\/site\\\/espetaculo-deixa-clarear-homenageia-clara-nunes-no-aniversario-do-teatro-belmira-vilas-boas-2\\\/#breadcrumblist\"},\"author\":{\"@id\":\"https:\\\/\\\/anoticiaonline.com.br\\\/site\\\/author\\\/juliana\\\/#author\"},\"creator\":{\"@id\":\"https:\\\/\\\/anoticiaonline.com.br\\\/site\\\/author\\\/juliana\\\/#author\"},\"image\":{\"@type\":\"ImageObject\",\"url\":\"https:\\\/\\\/anoticiaonline.com.br\\\/site\\\/wp-content\\\/uploads\\\/2016\\\/12\\\/DSC_0445.jpg\",\"@id\":\"https:\\\/\\\/anoticiaonline.com.br\\\/site\\\/espetaculo-deixa-clarear-homenageia-clara-nunes-no-aniversario-do-teatro-belmira-vilas-boas-2\\\/#mainImage\",\"width\":640,\"height\":502},\"primaryImageOfPage\":{\"@id\":\"https:\\\/\\\/anoticiaonline.com.br\\\/site\\\/espetaculo-deixa-clarear-homenageia-clara-nunes-no-aniversario-do-teatro-belmira-vilas-boas-2\\\/#mainImage\"},\"datePublished\":\"2016-12-05T15:04:24-03:00\",\"dateModified\":\"2016-12-05T15:04:24-03:00\"},{\"@type\":\"WebSite\",\"@id\":\"https:\\\/\\\/anoticiaonline.com.br\\\/site\\\/#website\",\"url\":\"https:\\\/\\\/anoticiaonline.com.br\\\/site\\\/\",\"name\":\"A Not\\u00edcia Online\",\"description\":\"Noticias de Muria\\u00e9 e regi\\u00e3o\",\"inLanguage\":\"pt-BR\",\"publisher\":{\"@id\":\"https:\\\/\\\/anoticiaonline.com.br\\\/site\\\/#organization\"}}]}\n\t\t<\/script>\n\t\t<!-- All in One SEO -->\n\n","aioseo_head_json":{"title":"Espet\u00e1culo \u201cDeixa Clarear\u201d homenageia Clara Nunes no anivers\u00e1rio do Teatro Belmira Vilas Boas - A Not\u00edcia Online","description":"Os dois anos de funcionamento do Teatro Municipal Belmira Vilas Boas foram comemorados com a apresenta\u00e7\u00e3o da pe\u00e7a teatral \u201cDeixa Clarear\u201d, uma homenagem \u00e0 cantora mineira Clara Nunes. Realizado no s\u00e1bado (3), o espet\u00e1culo lotou o teatro e encantou o p\u00fablico. A diretora-geral da Fundarte, Gilca Napier, ressalta a import\u00e2ncia do funcionamento do \u201cBelmira Vilas","canonical_url":"https:\/\/anoticiaonline.com.br\/site\/espetaculo-deixa-clarear-homenageia-clara-nunes-no-aniversario-do-teatro-belmira-vilas-boas-2\/","robots":"max-image-preview:large","keywords":"","webmasterTools":{"miscellaneous":""},"schema":{"@context":"https:\/\/schema.org","@graph":[{"@type":"BlogPosting","@id":"https:\/\/anoticiaonline.com.br\/site\/espetaculo-deixa-clarear-homenageia-clara-nunes-no-aniversario-do-teatro-belmira-vilas-boas-2\/#blogposting","name":"Espet\u00e1culo \u201cDeixa Clarear\u201d homenageia Clara Nunes no anivers\u00e1rio do Teatro Belmira Vilas Boas - A Not\u00edcia Online","headline":"Espet\u00e1culo \u201cDeixa Clarear\u201d homenageia Clara Nunes no anivers\u00e1rio do Teatro Belmira Vilas Boas","author":{"@id":"https:\/\/anoticiaonline.com.br\/site\/author\/juliana\/#author"},"publisher":{"@id":"https:\/\/anoticiaonline.com.br\/site\/#organization"},"image":{"@type":"ImageObject","url":"https:\/\/anoticiaonline.com.br\/site\/wp-content\/uploads\/2016\/12\/DSC_0445.jpg","width":640,"height":502},"datePublished":"2016-12-05T15:04:24-03:00","dateModified":"2016-12-05T15:04:24-03:00","inLanguage":"pt-BR","mainEntityOfPage":{"@id":"https:\/\/anoticiaonline.com.br\/site\/espetaculo-deixa-clarear-homenageia-clara-nunes-no-aniversario-do-teatro-belmira-vilas-boas-2\/#webpage"},"isPartOf":{"@id":"https:\/\/anoticiaonline.com.br\/site\/espetaculo-deixa-clarear-homenageia-clara-nunes-no-aniversario-do-teatro-belmira-vilas-boas-2\/#webpage"},"articleSection":"Cultura, slide"},{"@type":"BreadcrumbList","@id":"https:\/\/anoticiaonline.com.br\/site\/espetaculo-deixa-clarear-homenageia-clara-nunes-no-aniversario-do-teatro-belmira-vilas-boas-2\/#breadcrumblist","itemListElement":[{"@type":"ListItem","@id":"https:\/\/anoticiaonline.com.br\/site#listItem","position":1,"name":"Home","item":"https:\/\/anoticiaonline.com.br\/site","nextItem":{"@type":"ListItem","@id":"https:\/\/anoticiaonline.com.br\/site\/categoria\/muriae\/#listItem","name":"Blog"}},{"@type":"ListItem","@id":"https:\/\/anoticiaonline.com.br\/site\/categoria\/muriae\/#listItem","position":2,"name":"Blog","item":"https:\/\/anoticiaonline.com.br\/site\/categoria\/muriae\/","nextItem":{"@type":"ListItem","@id":"https:\/\/anoticiaonline.com.br\/site\/categoria\/muriae\/cultura\/#listItem","name":"Cultura"},"previousItem":{"@type":"ListItem","@id":"https:\/\/anoticiaonline.com.br\/site#listItem","name":"Home"}},{"@type":"ListItem","@id":"https:\/\/anoticiaonline.com.br\/site\/categoria\/muriae\/cultura\/#listItem","position":3,"name":"Cultura","item":"https:\/\/anoticiaonline.com.br\/site\/categoria\/muriae\/cultura\/","nextItem":{"@type":"ListItem","@id":"https:\/\/anoticiaonline.com.br\/site\/espetaculo-deixa-clarear-homenageia-clara-nunes-no-aniversario-do-teatro-belmira-vilas-boas-2\/#listItem","name":"Espet\u00e1culo \u201cDeixa Clarear\u201d homenageia Clara Nunes no anivers\u00e1rio do Teatro Belmira Vilas Boas"},"previousItem":{"@type":"ListItem","@id":"https:\/\/anoticiaonline.com.br\/site\/categoria\/muriae\/#listItem","name":"Blog"}},{"@type":"ListItem","@id":"https:\/\/anoticiaonline.com.br\/site\/espetaculo-deixa-clarear-homenageia-clara-nunes-no-aniversario-do-teatro-belmira-vilas-boas-2\/#listItem","position":4,"name":"Espet\u00e1culo \u201cDeixa Clarear\u201d homenageia Clara Nunes no anivers\u00e1rio do Teatro Belmira Vilas Boas","previousItem":{"@type":"ListItem","@id":"https:\/\/anoticiaonline.com.br\/site\/categoria\/muriae\/cultura\/#listItem","name":"Cultura"}}]},{"@type":"Organization","@id":"https:\/\/anoticiaonline.com.br\/site\/#organization","name":"A Not\u00edcia Online","description":"Noticias de Muria\u00e9 e regi\u00e3o","url":"https:\/\/anoticiaonline.com.br\/site\/","logo":{"@type":"ImageObject","url":"https:\/\/scontent-gig4-1.xx.fbcdn.net\/v\/t39.30808-1\/270437624_4564083193639691_6907940295614233970_n.jpg?stp=dst-jpg_s200x200_tt6&_nc_cat=111&ccb=1-7&_nc_sid=f907e8&_nc_ohc=SM1wRlP3lJwQ7kNvwEPuBYA&_nc_oc=AdnqrjDN_BNjSSHWO-GbkIWH6fkGMLw4bqvL_NH6e2wMveX7G-rP2dAqsDSq1mJMOaY&_nc_zt=24&_nc_ht=scontent-gig4-1.xx&_nc_gid=AoBFJeGrT1hVaew_6rchkQ&oh=00_AfX7QmFGhQhG2jAllVgXCiM1ZrWgvtp80-Bfppyexh1QEg&oe=689E923C","@id":"https:\/\/anoticiaonline.com.br\/site\/espetaculo-deixa-clarear-homenageia-clara-nunes-no-aniversario-do-teatro-belmira-vilas-boas-2\/#organizationLogo"},"image":{"@id":"https:\/\/anoticiaonline.com.br\/site\/espetaculo-deixa-clarear-homenageia-clara-nunes-no-aniversario-do-teatro-belmira-vilas-boas-2\/#organizationLogo"}},{"@type":"Person","@id":"https:\/\/anoticiaonline.com.br\/site\/author\/juliana\/#author","url":"https:\/\/anoticiaonline.com.br\/site\/author\/juliana\/","name":"Juliana Laviola","image":{"@type":"ImageObject","@id":"https:\/\/anoticiaonline.com.br\/site\/espetaculo-deixa-clarear-homenageia-clara-nunes-no-aniversario-do-teatro-belmira-vilas-boas-2\/#authorImage","url":"https:\/\/secure.gravatar.com\/avatar\/b8d45f5c699b100dfaf0e543582f38f38bf94cb7ae3a5e9abf8d891a34773335?s=96&d=mm&r=g","width":96,"height":96,"caption":"Juliana Laviola"}},{"@type":"WebPage","@id":"https:\/\/anoticiaonline.com.br\/site\/espetaculo-deixa-clarear-homenageia-clara-nunes-no-aniversario-do-teatro-belmira-vilas-boas-2\/#webpage","url":"https:\/\/anoticiaonline.com.br\/site\/espetaculo-deixa-clarear-homenageia-clara-nunes-no-aniversario-do-teatro-belmira-vilas-boas-2\/","name":"Espet\u00e1culo \u201cDeixa Clarear\u201d homenageia Clara Nunes no anivers\u00e1rio do Teatro Belmira Vilas Boas - A Not\u00edcia Online","description":"Os dois anos de funcionamento do Teatro Municipal Belmira Vilas Boas foram comemorados com a apresenta\u00e7\u00e3o da pe\u00e7a teatral \u201cDeixa Clarear\u201d, uma homenagem \u00e0 cantora mineira Clara Nunes. Realizado no s\u00e1bado (3), o espet\u00e1culo lotou o teatro e encantou o p\u00fablico. A diretora-geral da Fundarte, Gilca Napier, ressalta a import\u00e2ncia do funcionamento do \u201cBelmira Vilas","inLanguage":"pt-BR","isPartOf":{"@id":"https:\/\/anoticiaonline.com.br\/site\/#website"},"breadcrumb":{"@id":"https:\/\/anoticiaonline.com.br\/site\/espetaculo-deixa-clarear-homenageia-clara-nunes-no-aniversario-do-teatro-belmira-vilas-boas-2\/#breadcrumblist"},"author":{"@id":"https:\/\/anoticiaonline.com.br\/site\/author\/juliana\/#author"},"creator":{"@id":"https:\/\/anoticiaonline.com.br\/site\/author\/juliana\/#author"},"image":{"@type":"ImageObject","url":"https:\/\/anoticiaonline.com.br\/site\/wp-content\/uploads\/2016\/12\/DSC_0445.jpg","@id":"https:\/\/anoticiaonline.com.br\/site\/espetaculo-deixa-clarear-homenageia-clara-nunes-no-aniversario-do-teatro-belmira-vilas-boas-2\/#mainImage","width":640,"height":502},"primaryImageOfPage":{"@id":"https:\/\/anoticiaonline.com.br\/site\/espetaculo-deixa-clarear-homenageia-clara-nunes-no-aniversario-do-teatro-belmira-vilas-boas-2\/#mainImage"},"datePublished":"2016-12-05T15:04:24-03:00","dateModified":"2016-12-05T15:04:24-03:00"},{"@type":"WebSite","@id":"https:\/\/anoticiaonline.com.br\/site\/#website","url":"https:\/\/anoticiaonline.com.br\/site\/","name":"A Not\u00edcia Online","description":"Noticias de Muria\u00e9 e regi\u00e3o","inLanguage":"pt-BR","publisher":{"@id":"https:\/\/anoticiaonline.com.br\/site\/#organization"}}]},"og:locale":"pt_BR","og:site_name":"A Not\u00edcia Online - Noticias de Muria\u00e9 e regi\u00e3o","og:type":"article","og:title":"Espet\u00e1culo \u201cDeixa Clarear\u201d homenageia Clara Nunes no anivers\u00e1rio do Teatro Belmira Vilas Boas - A Not\u00edcia Online","og:description":"Os dois anos de funcionamento do Teatro Municipal Belmira Vilas Boas foram comemorados com a apresenta\u00e7\u00e3o da pe\u00e7a teatral \u201cDeixa Clarear\u201d, uma homenagem \u00e0 cantora mineira Clara Nunes. Realizado no s\u00e1bado (3), o espet\u00e1culo lotou o teatro e encantou o p\u00fablico. A diretora-geral da Fundarte, Gilca Napier, ressalta a import\u00e2ncia do funcionamento do \u201cBelmira Vilas","og:url":"https:\/\/anoticiaonline.com.br\/site\/espetaculo-deixa-clarear-homenageia-clara-nunes-no-aniversario-do-teatro-belmira-vilas-boas-2\/","og:image":"https:\/\/scontent-gig4-1.xx.fbcdn.net\/v\/t39.30808-1\/270437624_4564083193639691_6907940295614233970_n.jpg?stp=dst-jpg_s200x200_tt6&#038;_nc_cat=111&#038;ccb=1-7&#038;_nc_sid=f907e8&#038;_nc_ohc=SM1wRlP3lJwQ7kNvwEPuBYA&#038;_nc_oc=AdnqrjDN_BNjSSHWO-GbkIWH6fkGMLw4bqvL_NH6e2wMveX7G-rP2dAqsDSq1mJMOaY&#038;_nc_zt=24&#038;_nc_ht=scontent-gig4-1.xx&#038;_nc_gid=AoBFJeGrT1hVaew_6rchkQ&#038;oh=00_AfX7QmFGhQhG2jAllVgXCiM1ZrWgvtp80-Bfppyexh1QEg&#038;oe=689E923C","og:image:secure_url":"https:\/\/scontent-gig4-1.xx.fbcdn.net\/v\/t39.30808-1\/270437624_4564083193639691_6907940295614233970_n.jpg?stp=dst-jpg_s200x200_tt6&#038;_nc_cat=111&#038;ccb=1-7&#038;_nc_sid=f907e8&#038;_nc_ohc=SM1wRlP3lJwQ7kNvwEPuBYA&#038;_nc_oc=AdnqrjDN_BNjSSHWO-GbkIWH6fkGMLw4bqvL_NH6e2wMveX7G-rP2dAqsDSq1mJMOaY&#038;_nc_zt=24&#038;_nc_ht=scontent-gig4-1.xx&#038;_nc_gid=AoBFJeGrT1hVaew_6rchkQ&#038;oh=00_AfX7QmFGhQhG2jAllVgXCiM1ZrWgvtp80-Bfppyexh1QEg&#038;oe=689E923C","article:published_time":"2016-12-05T18:04:24+00:00","article:modified_time":"2016-12-05T18:04:24+00:00","twitter:card":"summary_large_image","twitter:title":"Espet\u00e1culo \u201cDeixa Clarear\u201d homenageia Clara Nunes no anivers\u00e1rio do Teatro Belmira Vilas Boas - A Not\u00edcia Online","twitter:description":"Os dois anos de funcionamento do Teatro Municipal Belmira Vilas Boas foram comemorados com a apresenta\u00e7\u00e3o da pe\u00e7a teatral \u201cDeixa Clarear\u201d, uma homenagem \u00e0 cantora mineira Clara Nunes. Realizado no s\u00e1bado (3), o espet\u00e1culo lotou o teatro e encantou o p\u00fablico. A diretora-geral da Fundarte, Gilca Napier, ressalta a import\u00e2ncia do funcionamento do \u201cBelmira Vilas","twitter:image":"https:\/\/scontent-gig4-1.xx.fbcdn.net\/v\/t39.30808-1\/270437624_4564083193639691_6907940295614233970_n.jpg?stp=dst-jpg_s200x200_tt6&_nc_cat=111&ccb=1-7&_nc_sid=f907e8&_nc_ohc=SM1wRlP3lJwQ7kNvwEPuBYA&_nc_oc=AdnqrjDN_BNjSSHWO-GbkIWH6fkGMLw4bqvL_NH6e2wMveX7G-rP2dAqsDSq1mJMOaY&_nc_zt=24&_nc_ht=scontent-gig4-1.xx&_nc_gid=AoBFJeGrT1hVaew_6rchkQ&oh=00_AfX7QmFGhQhG2jAllVgXCiM1ZrWgvtp80-Bfppyexh1QEg&oe=689E923C"},"aioseo_meta_data":{"post_id":"22484","title":null,"description":null,"keywords":null,"keyphrases":null,"primary_term":null,"canonical_url":null,"og_title":null,"og_description":null,"og_object_type":"default","og_image_type":"default","og_image_url":null,"og_image_width":null,"og_image_height":null,"og_image_custom_url":null,"og_image_custom_fields":null,"og_video":null,"og_custom_url":null,"og_article_section":null,"og_article_tags":null,"twitter_use_og":false,"twitter_card":"default","twitter_image_type":"default","twitter_image_url":null,"twitter_image_custom_url":null,"twitter_image_custom_fields":null,"twitter_title":null,"twitter_description":null,"schema":{"blockGraphs":[],"customGraphs":[],"default":{"data":{"Article":[],"Course":[],"Dataset":[],"FAQPage":[],"Movie":[],"Person":[],"Product":[],"ProductReview":[],"Car":[],"Recipe":[],"Service":[],"SoftwareApplication":[],"WebPage":[]},"graphName":"","isEnabled":true},"graphs":[]},"schema_type":"default","schema_type_options":null,"pillar_content":false,"robots_default":true,"robots_noindex":false,"robots_noarchive":false,"robots_nosnippet":false,"robots_nofollow":false,"robots_noimageindex":false,"robots_noodp":false,"robots_notranslate":false,"robots_max_snippet":null,"robots_max_videopreview":null,"robots_max_imagepreview":"large","priority":null,"frequency":null,"local_seo":null,"breadcrumb_settings":null,"limit_modified_date":false,"ai":null,"created":"2025-08-16 17:17:40","updated":"2025-08-16 17:17:40","focus_keyword":null,"additional_keywords":null,"truseo_locale":null,"seo_analyzer_scan_date":null},"aioseo_breadcrumb":"<div class=\"aioseo-breadcrumbs\"><span class=\"aioseo-breadcrumb\">\n\t\t\t<a href=\"https:\/\/anoticiaonline.com.br\/site\" title=\"Home\">Home<\/a>\n\t\t<\/span><span class=\"aioseo-breadcrumb-separator\">&raquo;<\/span><span class=\"aioseo-breadcrumb\">\n\t\t\t<a href=\"https:\/\/anoticiaonline.com.br\/site\/categoria\/muriae\/\" title=\"Blog\">Blog<\/a>\n\t\t<\/span><span class=\"aioseo-breadcrumb-separator\">&raquo;<\/span><span class=\"aioseo-breadcrumb\">\n\t\t\t<a href=\"https:\/\/anoticiaonline.com.br\/site\/categoria\/muriae\/cultura\/\" title=\"Cultura\">Cultura<\/a>\n\t\t<\/span><span class=\"aioseo-breadcrumb-separator\">&raquo;<\/span><span class=\"aioseo-breadcrumb\">\n\t\t\tEspet\u00e1culo \u201cDeixa Clarear\u201d homenageia Clara Nunes no anivers\u00e1rio do Teatro Belmira Vilas Boas\n\t\t<\/span><\/div>","aioseo_breadcrumb_json":[{"label":"Home","link":"https:\/\/anoticiaonline.com.br\/site"},{"label":"Blog","link":"https:\/\/anoticiaonline.com.br\/site\/categoria\/muriae\/"},{"label":"Cultura","link":"https:\/\/anoticiaonline.com.br\/site\/categoria\/muriae\/cultura\/"},{"label":"Espet\u00e1culo \u201cDeixa Clarear\u201d homenageia Clara Nunes no anivers\u00e1rio do Teatro Belmira Vilas Boas","link":"https:\/\/anoticiaonline.com.br\/site\/espetaculo-deixa-clarear-homenageia-clara-nunes-no-aniversario-do-teatro-belmira-vilas-boas-2\/"}],"views":118,"_links":{"self":[{"href":"https:\/\/anoticiaonline.com.br\/site\/wp-json\/wp\/v2\/posts\/22484","targetHints":{"allow":["GET"]}}],"collection":[{"href":"https:\/\/anoticiaonline.com.br\/site\/wp-json\/wp\/v2\/posts"}],"about":[{"href":"https:\/\/anoticiaonline.com.br\/site\/wp-json\/wp\/v2\/types\/post"}],"author":[{"embeddable":true,"href":"https:\/\/anoticiaonline.com.br\/site\/wp-json\/wp\/v2\/users\/2"}],"replies":[{"embeddable":true,"href":"https:\/\/anoticiaonline.com.br\/site\/wp-json\/wp\/v2\/comments?post=22484"}],"version-history":[{"count":0,"href":"https:\/\/anoticiaonline.com.br\/site\/wp-json\/wp\/v2\/posts\/22484\/revisions"}],"wp:featuredmedia":[{"embeddable":true,"href":"https:\/\/anoticiaonline.com.br\/site\/wp-json\/wp\/v2\/media\/22485"}],"wp:attachment":[{"href":"https:\/\/anoticiaonline.com.br\/site\/wp-json\/wp\/v2\/media?parent=22484"}],"wp:term":[{"taxonomy":"category","embeddable":true,"href":"https:\/\/anoticiaonline.com.br\/site\/wp-json\/wp\/v2\/categories?post=22484"},{"taxonomy":"post_tag","embeddable":true,"href":"https:\/\/anoticiaonline.com.br\/site\/wp-json\/wp\/v2\/tags?post=22484"}],"curies":[{"name":"wp","href":"https:\/\/api.w.org\/{rel}","templated":true}]}}