{"id":22456,"date":"2016-12-01T18:50:31","date_gmt":"2016-12-01T21:50:31","guid":{"rendered":"http:\/\/anoticiaonline.com.br\/site\/?p=22456"},"modified":"2016-12-01T18:50:31","modified_gmt":"2016-12-01T21:50:31","slug":"o-ditador-de-cuba","status":"publish","type":"post","link":"https:\/\/anoticiaonline.com.br\/site\/o-ditador-de-cuba\/","title":{"rendered":"O ditador de Cuba"},"content":{"rendered":"<p>Aos 90 anos de idade morreu um dos mais autorit\u00e1rios e cru\u00e9is ditadores da hist\u00f3ria. O nome de Fidel Castro ficar\u00e1 indelevelmente ligado ao \u201cParedon\u201d e \u00e0s milhares de v\u00edtimas que ele mandou fuzilar. Seus opositores e contestadores presos e torturados eram colocados no pared\u00e3o de fuzilamento. Os que conseguiam fugir da ilha em prec\u00e1rias embarca\u00e7\u00f5es, quando n\u00e3o morriam afogados, exilavam-se na Fl\u00f3rida, formando uma outra Cuba no exterior. Sua pr\u00f3pria irm\u00e3 exilou-se em Miami. Por isso, milhares de cubanos exilados bateram panelas e se exultaram com a morte do ditador.<\/p>\n<p>O que leva um povo a se submeter a uma ditadura cruel durante tantas d\u00e9cadas? \u00c9 que o povo cubano, \u201cadestrado\u201d por duas ditaduras seguidas: 22 anos sob a tutela de Fulg\u00eancio Batista e 57 anos sob a ditadura Castro (49 sob Fidel e 8 sob o Raul), esse povo acabou perdendo a no\u00e7\u00e3o do significado da liberdade e, com isso, a capacidade de reagir. Quase que a totalidade do povo cubano jamais conheceu a liberdade de express\u00e3o, pois a maioria nasceu e morreu dentro desse per\u00edodo de quase 80 anos das duas ditaduras.<\/p>\n<p>Auxiliado pelo m\u00e9dico argentino de fortes convic\u00e7\u00f5es marxistas, Ernesto \u201cChe\u201d Guevara, Fidel, entrincheirado nas montanhas de Sierra Maestra, utilizava-se da guerra de guerrilhas para depor o ditador Fulg\u00eancio Batista, objetivo que conseguiu em 1959, quando entrou triunfalmente em Havana e substituiu a ditadura de Batista pela sua.<\/p>\n<p>Durante os primeiros anos, alinhou-se com a Uni\u00e3o Sovi\u00e9tica, obtendo recursos para a ilha de Cuba. Com a extin\u00e7\u00e3o da URSS e o consequente esfacelamento do comunismo, Cuba perdeu os subs\u00eddios russos que sustentavam a ilha e experimentou a amargura de uma dificuldade econ\u00f4mica que se acentuou cada vez mais, transformando Cuba numa ilha de fome e mis\u00e9ria, com racionamentos dos produtos mais b\u00e1sicos, inclusive da alimenta\u00e7\u00e3o. O plano de difundir o marxismo pelas Am\u00e9ricas, sonhado por Che Guevara, ruiu, principalmente ap\u00f3s a morte do l\u00edder argentino\/cubano nas selvas da Bol\u00edvia pelas m\u00e3os de militares bolivianos, segundo suspeitas na \u00e9poca, com a participa\u00e7\u00e3o estrat\u00e9gica do Fidel, que via em Che Guevara uma amea\u00e7a \u00e0 sua imagem.<\/p>\n<p>Cuba ainda viu uma luz no fim do t\u00fanel com a ascens\u00e3o do lulopetismo no Brasil e a oportunidade n\u00e3o s\u00f3 de tentar o fortalecimento das esquerdas com o famigerado F\u00f3rum de S\u00e3o Paulo, mas, sobretudo, com os empr\u00e9stimos altamente subsidiados do BNDES brasileiro para constru\u00e7\u00e3o de portos e aeroportos em Cuba, enquanto em nosso pa\u00eds institui\u00e7\u00f5es ficavam \u00e0 m\u00edngua de recursos. Com a queda da Dilma, a situa\u00e7\u00e3o piorou para a pequena ilha do Caribe.<\/p>\n<p>Cuba estava \u00e0s v\u00e9speras de se recuperar com a pol\u00edtica de aproxima\u00e7\u00e3o de Barak Obama. Dezenas de empresas j\u00e1 ensaiavam se estabelecer em Cuba, gerando emprego e renda para a ilha que j\u00e1 foi, no passado, um dos locais paradis\u00edacos da Am\u00e9rica. Agora, com a ascens\u00e3o de Donald Trump ao poder, a ilha mergulha em um mar de incertezas. Pode ser que os planos de Barak Obama tenham seguimento, mas, sem d\u00favida, ser\u00e1 exigido para isso a redemocratiza\u00e7\u00e3o de Cuba com elei\u00e7\u00f5es livres na ilha.<\/p>\n<p>N\u00e3o \u00e9 \u00e9tico regozijar-se com a morte de algu\u00e9m, como fizeram os milhares de cubanos nas ruas de Miami, embora h\u00e1 de se considerar as muitas v\u00edtimas ou filhos de v\u00edtimas que ali estavam e sofreram com a violenta ditadura. Mas \u00e9 muito mais contr\u00e1rio aos princ\u00edpios da \u00e9tica desrespeitar a mem\u00f3ria das milhares de v\u00edtimas da ditadura de Fidel, manifestando amor e devo\u00e7\u00e3o ao \u201camigo\u201d ditador, como fez o frei Beto em artigo no \u201cO Globo\u201d. Uma estranha manifesta\u00e7\u00e3o de amor a um ditador sanguin\u00e1rio. E o fez apenas pelo prazer infantil de dizer que o ditador prefaciou o seu \u00faltimo livro. Como se n\u00e3o fosse uma desonra ter um livro prefaciado por Stalin, Hitler ou pelo ditador cubano.\u00a0 H\u00e1 momentos em que o sil\u00eancio \u00e9 de ouro, ou mais popularmente como se diz em Minas: \u201cQuem fala muito d\u00e1 bom dia a cavalo\u201d.<\/p>\n","protected":false},"excerpt":{"rendered":"<p>Aos 90 anos de idade morreu um dos mais autorit\u00e1rios e cru\u00e9is ditadores da hist\u00f3ria. O nome de Fidel Castro ficar\u00e1 indelevelmente ligado ao \u201cParedon\u201d e \u00e0s milhares de v\u00edtimas que ele mandou fuzilar. Seus opositores e contestadores presos e torturados eram colocados no pared\u00e3o de fuzilamento. Os que conseguiam fugir da ilha em prec\u00e1rias &#8230; <a title=\"O ditador de Cuba\" class=\"read-more\" href=\"https:\/\/anoticiaonline.com.br\/site\/o-ditador-de-cuba\/\" aria-label=\"Read more about O ditador de Cuba\">Ler mais<\/a><\/p>\n","protected":false},"author":2,"featured_media":0,"comment_status":"open","ping_status":"open","sticky":false,"template":"","format":"standard","meta":{"_acf_changed":false,"_monsterinsights_skip_tracking":false,"footnotes":""},"categories":[36],"tags":[],"class_list":["post-22456","post","type-post","status-publish","format-standard","hentry","category-logos-adellunar-marge"],"acf":[],"aioseo_notices":[],"aioseo_head":"\n\t\t<!-- All in One SEO 5.0.0.1 - aioseo.com -->\n\t<meta name=\"description\" content=\"Aos 90 anos de idade morreu um dos mais autorit\u00e1rios e cru\u00e9is ditadores da hist\u00f3ria. O nome de Fidel Castro ficar\u00e1 indelevelmente ligado ao \u201cParedon\u201d e \u00e0s milhares de v\u00edtimas que ele mandou fuzilar. Seus opositores e contestadores presos e torturados eram colocados no pared\u00e3o de fuzilamento. Os que conseguiam fugir da ilha em prec\u00e1rias\" \/>\n\t<meta name=\"robots\" content=\"max-image-preview:large\" \/>\n\t<meta name=\"author\" content=\"Juliana Laviola\"\/>\n\t<link rel=\"canonical\" href=\"https:\/\/anoticiaonline.com.br\/site\/o-ditador-de-cuba\/\" \/>\n\t<meta name=\"generator\" content=\"All in One SEO (AIOSEO) 5.0.0.1\" \/>\n\t\t<meta property=\"og:locale\" content=\"pt_BR\" \/>\n\t\t<meta property=\"og:site_name\" content=\"A Not\u00edcia Online - Noticias de Muria\u00e9 e regi\u00e3o\" \/>\n\t\t<meta property=\"og:type\" content=\"article\" \/>\n\t\t<meta property=\"og:title\" content=\"O ditador de Cuba - A Not\u00edcia Online\" \/>\n\t\t<meta property=\"og:description\" content=\"Aos 90 anos de idade morreu um dos mais autorit\u00e1rios e cru\u00e9is ditadores da hist\u00f3ria. O nome de Fidel Castro ficar\u00e1 indelevelmente ligado ao \u201cParedon\u201d e \u00e0s milhares de v\u00edtimas que ele mandou fuzilar. Seus opositores e contestadores presos e torturados eram colocados no pared\u00e3o de fuzilamento. Os que conseguiam fugir da ilha em prec\u00e1rias\" \/>\n\t\t<meta property=\"og:url\" content=\"https:\/\/anoticiaonline.com.br\/site\/o-ditador-de-cuba\/\" \/>\n\t\t<meta property=\"og:image\" content=\"https:\/\/scontent-gig4-1.xx.fbcdn.net\/v\/t39.30808-1\/270437624_4564083193639691_6907940295614233970_n.jpg?stp=dst-jpg_s200x200_tt6&#038;_nc_cat=111&#038;ccb=1-7&#038;_nc_sid=f907e8&#038;_nc_ohc=SM1wRlP3lJwQ7kNvwEPuBYA&#038;_nc_oc=AdnqrjDN_BNjSSHWO-GbkIWH6fkGMLw4bqvL_NH6e2wMveX7G-rP2dAqsDSq1mJMOaY&#038;_nc_zt=24&#038;_nc_ht=scontent-gig4-1.xx&#038;_nc_gid=AoBFJeGrT1hVaew_6rchkQ&#038;oh=00_AfX7QmFGhQhG2jAllVgXCiM1ZrWgvtp80-Bfppyexh1QEg&#038;oe=689E923C\" \/>\n\t\t<meta property=\"og:image:secure_url\" content=\"https:\/\/scontent-gig4-1.xx.fbcdn.net\/v\/t39.30808-1\/270437624_4564083193639691_6907940295614233970_n.jpg?stp=dst-jpg_s200x200_tt6&#038;_nc_cat=111&#038;ccb=1-7&#038;_nc_sid=f907e8&#038;_nc_ohc=SM1wRlP3lJwQ7kNvwEPuBYA&#038;_nc_oc=AdnqrjDN_BNjSSHWO-GbkIWH6fkGMLw4bqvL_NH6e2wMveX7G-rP2dAqsDSq1mJMOaY&#038;_nc_zt=24&#038;_nc_ht=scontent-gig4-1.xx&#038;_nc_gid=AoBFJeGrT1hVaew_6rchkQ&#038;oh=00_AfX7QmFGhQhG2jAllVgXCiM1ZrWgvtp80-Bfppyexh1QEg&#038;oe=689E923C\" \/>\n\t\t<meta property=\"article:published_time\" content=\"2016-12-01T21:50:31+00:00\" \/>\n\t\t<meta property=\"article:modified_time\" content=\"2016-12-01T21:50:31+00:00\" \/>\n\t\t<meta name=\"twitter:card\" content=\"summary_large_image\" \/>\n\t\t<meta name=\"twitter:title\" content=\"O ditador de Cuba - A Not\u00edcia Online\" \/>\n\t\t<meta name=\"twitter:description\" content=\"Aos 90 anos de idade morreu um dos mais autorit\u00e1rios e cru\u00e9is ditadores da hist\u00f3ria. O nome de Fidel Castro ficar\u00e1 indelevelmente ligado ao \u201cParedon\u201d e \u00e0s milhares de v\u00edtimas que ele mandou fuzilar. Seus opositores e contestadores presos e torturados eram colocados no pared\u00e3o de fuzilamento. Os que conseguiam fugir da ilha em prec\u00e1rias\" \/>\n\t\t<meta name=\"twitter:image\" content=\"https:\/\/scontent-gig4-1.xx.fbcdn.net\/v\/t39.30808-1\/270437624_4564083193639691_6907940295614233970_n.jpg?stp=dst-jpg_s200x200_tt6&amp;_nc_cat=111&amp;ccb=1-7&amp;_nc_sid=f907e8&amp;_nc_ohc=SM1wRlP3lJwQ7kNvwEPuBYA&amp;_nc_oc=AdnqrjDN_BNjSSHWO-GbkIWH6fkGMLw4bqvL_NH6e2wMveX7G-rP2dAqsDSq1mJMOaY&amp;_nc_zt=24&amp;_nc_ht=scontent-gig4-1.xx&amp;_nc_gid=AoBFJeGrT1hVaew_6rchkQ&amp;oh=00_AfX7QmFGhQhG2jAllVgXCiM1ZrWgvtp80-Bfppyexh1QEg&amp;oe=689E923C\" \/>\n\t\t<script type=\"application\/ld+json\" class=\"aioseo-schema\">\n\t\t\t{\"@context\":\"https:\\\/\\\/schema.org\",\"@graph\":[{\"@type\":\"BlogPosting\",\"@id\":\"https:\\\/\\\/anoticiaonline.com.br\\\/site\\\/o-ditador-de-cuba\\\/#blogposting\",\"name\":\"O ditador de Cuba - A Not\\u00edcia Online\",\"headline\":\"O ditador de Cuba\",\"author\":{\"@id\":\"https:\\\/\\\/anoticiaonline.com.br\\\/site\\\/author\\\/juliana\\\/#author\"},\"publisher\":{\"@id\":\"https:\\\/\\\/anoticiaonline.com.br\\\/site\\\/#organization\"},\"image\":{\"@type\":\"ImageObject\",\"url\":\"https:\\\/\\\/scontent-gig4-1.xx.fbcdn.net\\\/v\\\/t39.30808-1\\\/270437624_4564083193639691_6907940295614233970_n.jpg?stp=dst-jpg_s200x200_tt6&_nc_cat=111&ccb=1-7&_nc_sid=f907e8&_nc_ohc=SM1wRlP3lJwQ7kNvwEPuBYA&_nc_oc=AdnqrjDN_BNjSSHWO-GbkIWH6fkGMLw4bqvL_NH6e2wMveX7G-rP2dAqsDSq1mJMOaY&_nc_zt=24&_nc_ht=scontent-gig4-1.xx&_nc_gid=AoBFJeGrT1hVaew_6rchkQ&oh=00_AfX7QmFGhQhG2jAllVgXCiM1ZrWgvtp80-Bfppyexh1QEg&oe=689E923C\",\"@id\":\"https:\\\/\\\/anoticiaonline.com.br\\\/site\\\/#articleImage\"},\"datePublished\":\"2016-12-01T18:50:31-03:00\",\"dateModified\":\"2016-12-01T18:50:31-03:00\",\"inLanguage\":\"pt-BR\",\"mainEntityOfPage\":{\"@id\":\"https:\\\/\\\/anoticiaonline.com.br\\\/site\\\/o-ditador-de-cuba\\\/#webpage\"},\"isPartOf\":{\"@id\":\"https:\\\/\\\/anoticiaonline.com.br\\\/site\\\/o-ditador-de-cuba\\\/#webpage\"},\"articleSection\":\"Logos - Adellunar Marge\"},{\"@type\":\"BreadcrumbList\",\"@id\":\"https:\\\/\\\/anoticiaonline.com.br\\\/site\\\/o-ditador-de-cuba\\\/#breadcrumblist\",\"itemListElement\":[{\"@type\":\"ListItem\",\"@id\":\"https:\\\/\\\/anoticiaonline.com.br\\\/site#listItem\",\"position\":1,\"name\":\"Home\",\"item\":\"https:\\\/\\\/anoticiaonline.com.br\\\/site\",\"nextItem\":{\"@type\":\"ListItem\",\"@id\":\"https:\\\/\\\/anoticiaonline.com.br\\\/site\\\/categoria\\\/colunistas\\\/#listItem\",\"name\":\"Colunistas\"}},{\"@type\":\"ListItem\",\"@id\":\"https:\\\/\\\/anoticiaonline.com.br\\\/site\\\/categoria\\\/colunistas\\\/#listItem\",\"position\":2,\"name\":\"Colunistas\",\"item\":\"https:\\\/\\\/anoticiaonline.com.br\\\/site\\\/categoria\\\/colunistas\\\/\",\"nextItem\":{\"@type\":\"ListItem\",\"@id\":\"https:\\\/\\\/anoticiaonline.com.br\\\/site\\\/categoria\\\/colunistas\\\/logos-adellunar-marge\\\/#listItem\",\"name\":\"Logos - Adellunar Marge\"},\"previousItem\":{\"@type\":\"ListItem\",\"@id\":\"https:\\\/\\\/anoticiaonline.com.br\\\/site#listItem\",\"name\":\"Home\"}},{\"@type\":\"ListItem\",\"@id\":\"https:\\\/\\\/anoticiaonline.com.br\\\/site\\\/categoria\\\/colunistas\\\/logos-adellunar-marge\\\/#listItem\",\"position\":3,\"name\":\"Logos - Adellunar Marge\",\"item\":\"https:\\\/\\\/anoticiaonline.com.br\\\/site\\\/categoria\\\/colunistas\\\/logos-adellunar-marge\\\/\",\"nextItem\":{\"@type\":\"ListItem\",\"@id\":\"https:\\\/\\\/anoticiaonline.com.br\\\/site\\\/o-ditador-de-cuba\\\/#listItem\",\"name\":\"O ditador de Cuba\"},\"previousItem\":{\"@type\":\"ListItem\",\"@id\":\"https:\\\/\\\/anoticiaonline.com.br\\\/site\\\/categoria\\\/colunistas\\\/#listItem\",\"name\":\"Colunistas\"}},{\"@type\":\"ListItem\",\"@id\":\"https:\\\/\\\/anoticiaonline.com.br\\\/site\\\/o-ditador-de-cuba\\\/#listItem\",\"position\":4,\"name\":\"O ditador de Cuba\",\"previousItem\":{\"@type\":\"ListItem\",\"@id\":\"https:\\\/\\\/anoticiaonline.com.br\\\/site\\\/categoria\\\/colunistas\\\/logos-adellunar-marge\\\/#listItem\",\"name\":\"Logos - Adellunar Marge\"}}]},{\"@type\":\"Organization\",\"@id\":\"https:\\\/\\\/anoticiaonline.com.br\\\/site\\\/#organization\",\"name\":\"A Not\\u00edcia Online\",\"description\":\"Noticias de Muria\\u00e9 e regi\\u00e3o\",\"url\":\"https:\\\/\\\/anoticiaonline.com.br\\\/site\\\/\",\"logo\":{\"@type\":\"ImageObject\",\"url\":\"https:\\\/\\\/scontent-gig4-1.xx.fbcdn.net\\\/v\\\/t39.30808-1\\\/270437624_4564083193639691_6907940295614233970_n.jpg?stp=dst-jpg_s200x200_tt6&_nc_cat=111&ccb=1-7&_nc_sid=f907e8&_nc_ohc=SM1wRlP3lJwQ7kNvwEPuBYA&_nc_oc=AdnqrjDN_BNjSSHWO-GbkIWH6fkGMLw4bqvL_NH6e2wMveX7G-rP2dAqsDSq1mJMOaY&_nc_zt=24&_nc_ht=scontent-gig4-1.xx&_nc_gid=AoBFJeGrT1hVaew_6rchkQ&oh=00_AfX7QmFGhQhG2jAllVgXCiM1ZrWgvtp80-Bfppyexh1QEg&oe=689E923C\",\"@id\":\"https:\\\/\\\/anoticiaonline.com.br\\\/site\\\/o-ditador-de-cuba\\\/#organizationLogo\"},\"image\":{\"@id\":\"https:\\\/\\\/anoticiaonline.com.br\\\/site\\\/o-ditador-de-cuba\\\/#organizationLogo\"}},{\"@type\":\"Person\",\"@id\":\"https:\\\/\\\/anoticiaonline.com.br\\\/site\\\/author\\\/juliana\\\/#author\",\"url\":\"https:\\\/\\\/anoticiaonline.com.br\\\/site\\\/author\\\/juliana\\\/\",\"name\":\"Juliana Laviola\",\"image\":{\"@type\":\"ImageObject\",\"@id\":\"https:\\\/\\\/anoticiaonline.com.br\\\/site\\\/o-ditador-de-cuba\\\/#authorImage\",\"url\":\"https:\\\/\\\/secure.gravatar.com\\\/avatar\\\/b8d45f5c699b100dfaf0e543582f38f38bf94cb7ae3a5e9abf8d891a34773335?s=96&d=mm&r=g\",\"width\":96,\"height\":96,\"caption\":\"Juliana Laviola\"}},{\"@type\":\"WebPage\",\"@id\":\"https:\\\/\\\/anoticiaonline.com.br\\\/site\\\/o-ditador-de-cuba\\\/#webpage\",\"url\":\"https:\\\/\\\/anoticiaonline.com.br\\\/site\\\/o-ditador-de-cuba\\\/\",\"name\":\"O ditador de Cuba - A Not\\u00edcia Online\",\"description\":\"Aos 90 anos de idade morreu um dos mais autorit\\u00e1rios e cru\\u00e9is ditadores da hist\\u00f3ria. O nome de Fidel Castro ficar\\u00e1 indelevelmente ligado ao \\u201cParedon\\u201d e \\u00e0s milhares de v\\u00edtimas que ele mandou fuzilar. Seus opositores e contestadores presos e torturados eram colocados no pared\\u00e3o de fuzilamento. Os que conseguiam fugir da ilha em prec\\u00e1rias\",\"inLanguage\":\"pt-BR\",\"isPartOf\":{\"@id\":\"https:\\\/\\\/anoticiaonline.com.br\\\/site\\\/#website\"},\"breadcrumb\":{\"@id\":\"https:\\\/\\\/anoticiaonline.com.br\\\/site\\\/o-ditador-de-cuba\\\/#breadcrumblist\"},\"author\":{\"@id\":\"https:\\\/\\\/anoticiaonline.com.br\\\/site\\\/author\\\/juliana\\\/#author\"},\"creator\":{\"@id\":\"https:\\\/\\\/anoticiaonline.com.br\\\/site\\\/author\\\/juliana\\\/#author\"},\"datePublished\":\"2016-12-01T18:50:31-03:00\",\"dateModified\":\"2016-12-01T18:50:31-03:00\"},{\"@type\":\"WebSite\",\"@id\":\"https:\\\/\\\/anoticiaonline.com.br\\\/site\\\/#website\",\"url\":\"https:\\\/\\\/anoticiaonline.com.br\\\/site\\\/\",\"name\":\"A Not\\u00edcia Online\",\"description\":\"Noticias de Muria\\u00e9 e regi\\u00e3o\",\"inLanguage\":\"pt-BR\",\"publisher\":{\"@id\":\"https:\\\/\\\/anoticiaonline.com.br\\\/site\\\/#organization\"}}]}\n\t\t<\/script>\n\t\t<!-- All in One SEO -->\n\n","aioseo_head_json":{"title":"O ditador de Cuba - A Not\u00edcia Online","description":"Aos 90 anos de idade morreu um dos mais autorit\u00e1rios e cru\u00e9is ditadores da hist\u00f3ria. O nome de Fidel Castro ficar\u00e1 indelevelmente ligado ao \u201cParedon\u201d e \u00e0s milhares de v\u00edtimas que ele mandou fuzilar. Seus opositores e contestadores presos e torturados eram colocados no pared\u00e3o de fuzilamento. Os que conseguiam fugir da ilha em prec\u00e1rias","canonical_url":"https:\/\/anoticiaonline.com.br\/site\/o-ditador-de-cuba\/","robots":"max-image-preview:large","keywords":"","webmasterTools":{"miscellaneous":""},"schema":{"@context":"https:\/\/schema.org","@graph":[{"@type":"BlogPosting","@id":"https:\/\/anoticiaonline.com.br\/site\/o-ditador-de-cuba\/#blogposting","name":"O ditador de Cuba - A Not\u00edcia Online","headline":"O ditador de Cuba","author":{"@id":"https:\/\/anoticiaonline.com.br\/site\/author\/juliana\/#author"},"publisher":{"@id":"https:\/\/anoticiaonline.com.br\/site\/#organization"},"image":{"@type":"ImageObject","url":"https:\/\/scontent-gig4-1.xx.fbcdn.net\/v\/t39.30808-1\/270437624_4564083193639691_6907940295614233970_n.jpg?stp=dst-jpg_s200x200_tt6&_nc_cat=111&ccb=1-7&_nc_sid=f907e8&_nc_ohc=SM1wRlP3lJwQ7kNvwEPuBYA&_nc_oc=AdnqrjDN_BNjSSHWO-GbkIWH6fkGMLw4bqvL_NH6e2wMveX7G-rP2dAqsDSq1mJMOaY&_nc_zt=24&_nc_ht=scontent-gig4-1.xx&_nc_gid=AoBFJeGrT1hVaew_6rchkQ&oh=00_AfX7QmFGhQhG2jAllVgXCiM1ZrWgvtp80-Bfppyexh1QEg&oe=689E923C","@id":"https:\/\/anoticiaonline.com.br\/site\/#articleImage"},"datePublished":"2016-12-01T18:50:31-03:00","dateModified":"2016-12-01T18:50:31-03:00","inLanguage":"pt-BR","mainEntityOfPage":{"@id":"https:\/\/anoticiaonline.com.br\/site\/o-ditador-de-cuba\/#webpage"},"isPartOf":{"@id":"https:\/\/anoticiaonline.com.br\/site\/o-ditador-de-cuba\/#webpage"},"articleSection":"Logos - Adellunar Marge"},{"@type":"BreadcrumbList","@id":"https:\/\/anoticiaonline.com.br\/site\/o-ditador-de-cuba\/#breadcrumblist","itemListElement":[{"@type":"ListItem","@id":"https:\/\/anoticiaonline.com.br\/site#listItem","position":1,"name":"Home","item":"https:\/\/anoticiaonline.com.br\/site","nextItem":{"@type":"ListItem","@id":"https:\/\/anoticiaonline.com.br\/site\/categoria\/colunistas\/#listItem","name":"Colunistas"}},{"@type":"ListItem","@id":"https:\/\/anoticiaonline.com.br\/site\/categoria\/colunistas\/#listItem","position":2,"name":"Colunistas","item":"https:\/\/anoticiaonline.com.br\/site\/categoria\/colunistas\/","nextItem":{"@type":"ListItem","@id":"https:\/\/anoticiaonline.com.br\/site\/categoria\/colunistas\/logos-adellunar-marge\/#listItem","name":"Logos - Adellunar Marge"},"previousItem":{"@type":"ListItem","@id":"https:\/\/anoticiaonline.com.br\/site#listItem","name":"Home"}},{"@type":"ListItem","@id":"https:\/\/anoticiaonline.com.br\/site\/categoria\/colunistas\/logos-adellunar-marge\/#listItem","position":3,"name":"Logos - Adellunar Marge","item":"https:\/\/anoticiaonline.com.br\/site\/categoria\/colunistas\/logos-adellunar-marge\/","nextItem":{"@type":"ListItem","@id":"https:\/\/anoticiaonline.com.br\/site\/o-ditador-de-cuba\/#listItem","name":"O ditador de Cuba"},"previousItem":{"@type":"ListItem","@id":"https:\/\/anoticiaonline.com.br\/site\/categoria\/colunistas\/#listItem","name":"Colunistas"}},{"@type":"ListItem","@id":"https:\/\/anoticiaonline.com.br\/site\/o-ditador-de-cuba\/#listItem","position":4,"name":"O ditador de Cuba","previousItem":{"@type":"ListItem","@id":"https:\/\/anoticiaonline.com.br\/site\/categoria\/colunistas\/logos-adellunar-marge\/#listItem","name":"Logos - Adellunar Marge"}}]},{"@type":"Organization","@id":"https:\/\/anoticiaonline.com.br\/site\/#organization","name":"A Not\u00edcia Online","description":"Noticias de Muria\u00e9 e regi\u00e3o","url":"https:\/\/anoticiaonline.com.br\/site\/","logo":{"@type":"ImageObject","url":"https:\/\/scontent-gig4-1.xx.fbcdn.net\/v\/t39.30808-1\/270437624_4564083193639691_6907940295614233970_n.jpg?stp=dst-jpg_s200x200_tt6&_nc_cat=111&ccb=1-7&_nc_sid=f907e8&_nc_ohc=SM1wRlP3lJwQ7kNvwEPuBYA&_nc_oc=AdnqrjDN_BNjSSHWO-GbkIWH6fkGMLw4bqvL_NH6e2wMveX7G-rP2dAqsDSq1mJMOaY&_nc_zt=24&_nc_ht=scontent-gig4-1.xx&_nc_gid=AoBFJeGrT1hVaew_6rchkQ&oh=00_AfX7QmFGhQhG2jAllVgXCiM1ZrWgvtp80-Bfppyexh1QEg&oe=689E923C","@id":"https:\/\/anoticiaonline.com.br\/site\/o-ditador-de-cuba\/#organizationLogo"},"image":{"@id":"https:\/\/anoticiaonline.com.br\/site\/o-ditador-de-cuba\/#organizationLogo"}},{"@type":"Person","@id":"https:\/\/anoticiaonline.com.br\/site\/author\/juliana\/#author","url":"https:\/\/anoticiaonline.com.br\/site\/author\/juliana\/","name":"Juliana Laviola","image":{"@type":"ImageObject","@id":"https:\/\/anoticiaonline.com.br\/site\/o-ditador-de-cuba\/#authorImage","url":"https:\/\/secure.gravatar.com\/avatar\/b8d45f5c699b100dfaf0e543582f38f38bf94cb7ae3a5e9abf8d891a34773335?s=96&d=mm&r=g","width":96,"height":96,"caption":"Juliana Laviola"}},{"@type":"WebPage","@id":"https:\/\/anoticiaonline.com.br\/site\/o-ditador-de-cuba\/#webpage","url":"https:\/\/anoticiaonline.com.br\/site\/o-ditador-de-cuba\/","name":"O ditador de Cuba - A Not\u00edcia Online","description":"Aos 90 anos de idade morreu um dos mais autorit\u00e1rios e cru\u00e9is ditadores da hist\u00f3ria. O nome de Fidel Castro ficar\u00e1 indelevelmente ligado ao \u201cParedon\u201d e \u00e0s milhares de v\u00edtimas que ele mandou fuzilar. Seus opositores e contestadores presos e torturados eram colocados no pared\u00e3o de fuzilamento. Os que conseguiam fugir da ilha em prec\u00e1rias","inLanguage":"pt-BR","isPartOf":{"@id":"https:\/\/anoticiaonline.com.br\/site\/#website"},"breadcrumb":{"@id":"https:\/\/anoticiaonline.com.br\/site\/o-ditador-de-cuba\/#breadcrumblist"},"author":{"@id":"https:\/\/anoticiaonline.com.br\/site\/author\/juliana\/#author"},"creator":{"@id":"https:\/\/anoticiaonline.com.br\/site\/author\/juliana\/#author"},"datePublished":"2016-12-01T18:50:31-03:00","dateModified":"2016-12-01T18:50:31-03:00"},{"@type":"WebSite","@id":"https:\/\/anoticiaonline.com.br\/site\/#website","url":"https:\/\/anoticiaonline.com.br\/site\/","name":"A Not\u00edcia Online","description":"Noticias de Muria\u00e9 e regi\u00e3o","inLanguage":"pt-BR","publisher":{"@id":"https:\/\/anoticiaonline.com.br\/site\/#organization"}}]},"og:locale":"pt_BR","og:site_name":"A Not\u00edcia Online - Noticias de Muria\u00e9 e regi\u00e3o","og:type":"article","og:title":"O ditador de Cuba - A Not\u00edcia Online","og:description":"Aos 90 anos de idade morreu um dos mais autorit\u00e1rios e cru\u00e9is ditadores da hist\u00f3ria. O nome de Fidel Castro ficar\u00e1 indelevelmente ligado ao \u201cParedon\u201d e \u00e0s milhares de v\u00edtimas que ele mandou fuzilar. Seus opositores e contestadores presos e torturados eram colocados no pared\u00e3o de fuzilamento. Os que conseguiam fugir da ilha em prec\u00e1rias","og:url":"https:\/\/anoticiaonline.com.br\/site\/o-ditador-de-cuba\/","og:image":"https:\/\/scontent-gig4-1.xx.fbcdn.net\/v\/t39.30808-1\/270437624_4564083193639691_6907940295614233970_n.jpg?stp=dst-jpg_s200x200_tt6&#038;_nc_cat=111&#038;ccb=1-7&#038;_nc_sid=f907e8&#038;_nc_ohc=SM1wRlP3lJwQ7kNvwEPuBYA&#038;_nc_oc=AdnqrjDN_BNjSSHWO-GbkIWH6fkGMLw4bqvL_NH6e2wMveX7G-rP2dAqsDSq1mJMOaY&#038;_nc_zt=24&#038;_nc_ht=scontent-gig4-1.xx&#038;_nc_gid=AoBFJeGrT1hVaew_6rchkQ&#038;oh=00_AfX7QmFGhQhG2jAllVgXCiM1ZrWgvtp80-Bfppyexh1QEg&#038;oe=689E923C","og:image:secure_url":"https:\/\/scontent-gig4-1.xx.fbcdn.net\/v\/t39.30808-1\/270437624_4564083193639691_6907940295614233970_n.jpg?stp=dst-jpg_s200x200_tt6&#038;_nc_cat=111&#038;ccb=1-7&#038;_nc_sid=f907e8&#038;_nc_ohc=SM1wRlP3lJwQ7kNvwEPuBYA&#038;_nc_oc=AdnqrjDN_BNjSSHWO-GbkIWH6fkGMLw4bqvL_NH6e2wMveX7G-rP2dAqsDSq1mJMOaY&#038;_nc_zt=24&#038;_nc_ht=scontent-gig4-1.xx&#038;_nc_gid=AoBFJeGrT1hVaew_6rchkQ&#038;oh=00_AfX7QmFGhQhG2jAllVgXCiM1ZrWgvtp80-Bfppyexh1QEg&#038;oe=689E923C","article:published_time":"2016-12-01T21:50:31+00:00","article:modified_time":"2016-12-01T21:50:31+00:00","twitter:card":"summary_large_image","twitter:title":"O ditador de Cuba - A Not\u00edcia Online","twitter:description":"Aos 90 anos de idade morreu um dos mais autorit\u00e1rios e cru\u00e9is ditadores da hist\u00f3ria. O nome de Fidel Castro ficar\u00e1 indelevelmente ligado ao \u201cParedon\u201d e \u00e0s milhares de v\u00edtimas que ele mandou fuzilar. Seus opositores e contestadores presos e torturados eram colocados no pared\u00e3o de fuzilamento. Os que conseguiam fugir da ilha em prec\u00e1rias","twitter:image":"https:\/\/scontent-gig4-1.xx.fbcdn.net\/v\/t39.30808-1\/270437624_4564083193639691_6907940295614233970_n.jpg?stp=dst-jpg_s200x200_tt6&_nc_cat=111&ccb=1-7&_nc_sid=f907e8&_nc_ohc=SM1wRlP3lJwQ7kNvwEPuBYA&_nc_oc=AdnqrjDN_BNjSSHWO-GbkIWH6fkGMLw4bqvL_NH6e2wMveX7G-rP2dAqsDSq1mJMOaY&_nc_zt=24&_nc_ht=scontent-gig4-1.xx&_nc_gid=AoBFJeGrT1hVaew_6rchkQ&oh=00_AfX7QmFGhQhG2jAllVgXCiM1ZrWgvtp80-Bfppyexh1QEg&oe=689E923C"},"aioseo_meta_data":{"post_id":"22456","title":null,"description":null,"keywords":null,"keyphrases":null,"primary_term":null,"canonical_url":null,"og_title":null,"og_description":null,"og_object_type":"default","og_image_type":"default","og_image_url":null,"og_image_width":null,"og_image_height":null,"og_image_custom_url":null,"og_image_custom_fields":null,"og_video":null,"og_custom_url":null,"og_article_section":null,"og_article_tags":null,"twitter_use_og":false,"twitter_card":"default","twitter_image_type":"default","twitter_image_url":null,"twitter_image_custom_url":null,"twitter_image_custom_fields":null,"twitter_title":null,"twitter_description":null,"schema":{"blockGraphs":[],"customGraphs":[],"default":{"data":{"Article":[],"Course":[],"Dataset":[],"FAQPage":[],"Movie":[],"Person":[],"Product":[],"ProductReview":[],"Car":[],"Recipe":[],"Service":[],"SoftwareApplication":[],"WebPage":[]},"graphName":"","isEnabled":true},"graphs":[]},"schema_type":"default","schema_type_options":null,"pillar_content":false,"robots_default":true,"robots_noindex":false,"robots_noarchive":false,"robots_nosnippet":false,"robots_nofollow":false,"robots_noimageindex":false,"robots_noodp":false,"robots_notranslate":false,"robots_max_snippet":null,"robots_max_videopreview":null,"robots_max_imagepreview":"large","priority":null,"frequency":null,"local_seo":null,"breadcrumb_settings":null,"limit_modified_date":false,"ai":null,"created":"2025-08-16 17:16:58","updated":"2025-08-16 17:16:58","focus_keyword":null,"additional_keywords":null,"truseo_locale":null,"seo_analyzer_scan_date":null},"aioseo_breadcrumb":"<div class=\"aioseo-breadcrumbs\"><span class=\"aioseo-breadcrumb\">\n\t\t\t<a href=\"https:\/\/anoticiaonline.com.br\/site\" title=\"Home\">Home<\/a>\n\t\t<\/span><span class=\"aioseo-breadcrumb-separator\">&raquo;<\/span><span class=\"aioseo-breadcrumb\">\n\t\t\t<a href=\"https:\/\/anoticiaonline.com.br\/site\/categoria\/colunistas\/\" title=\"Colunistas\">Colunistas<\/a>\n\t\t<\/span><span class=\"aioseo-breadcrumb-separator\">&raquo;<\/span><span class=\"aioseo-breadcrumb\">\n\t\t\t<a href=\"https:\/\/anoticiaonline.com.br\/site\/categoria\/colunistas\/logos-adellunar-marge\/\" title=\"Logos - Adellunar Marge\">Logos - Adellunar Marge<\/a>\n\t\t<\/span><span class=\"aioseo-breadcrumb-separator\">&raquo;<\/span><span class=\"aioseo-breadcrumb\">\n\t\t\tO ditador de Cuba\n\t\t<\/span><\/div>","aioseo_breadcrumb_json":[{"label":"Home","link":"https:\/\/anoticiaonline.com.br\/site"},{"label":"Colunistas","link":"https:\/\/anoticiaonline.com.br\/site\/categoria\/colunistas\/"},{"label":"Logos - Adellunar Marge","link":"https:\/\/anoticiaonline.com.br\/site\/categoria\/colunistas\/logos-adellunar-marge\/"},{"label":"O ditador de Cuba","link":"https:\/\/anoticiaonline.com.br\/site\/o-ditador-de-cuba\/"}],"views":164,"_links":{"self":[{"href":"https:\/\/anoticiaonline.com.br\/site\/wp-json\/wp\/v2\/posts\/22456","targetHints":{"allow":["GET"]}}],"collection":[{"href":"https:\/\/anoticiaonline.com.br\/site\/wp-json\/wp\/v2\/posts"}],"about":[{"href":"https:\/\/anoticiaonline.com.br\/site\/wp-json\/wp\/v2\/types\/post"}],"author":[{"embeddable":true,"href":"https:\/\/anoticiaonline.com.br\/site\/wp-json\/wp\/v2\/users\/2"}],"replies":[{"embeddable":true,"href":"https:\/\/anoticiaonline.com.br\/site\/wp-json\/wp\/v2\/comments?post=22456"}],"version-history":[{"count":0,"href":"https:\/\/anoticiaonline.com.br\/site\/wp-json\/wp\/v2\/posts\/22456\/revisions"}],"wp:attachment":[{"href":"https:\/\/anoticiaonline.com.br\/site\/wp-json\/wp\/v2\/media?parent=22456"}],"wp:term":[{"taxonomy":"category","embeddable":true,"href":"https:\/\/anoticiaonline.com.br\/site\/wp-json\/wp\/v2\/categories?post=22456"},{"taxonomy":"post_tag","embeddable":true,"href":"https:\/\/anoticiaonline.com.br\/site\/wp-json\/wp\/v2\/tags?post=22456"}],"curies":[{"name":"wp","href":"https:\/\/api.w.org\/{rel}","templated":true}]}}