{"id":22413,"date":"2016-12-01T14:47:10","date_gmt":"2016-12-01T17:47:10","guid":{"rendered":"http:\/\/anoticiaonline.com.br\/site\/?p=22413"},"modified":"2016-12-01T14:47:10","modified_gmt":"2016-12-01T17:47:10","slug":"escala-de-pagamento-do-ipva-2017-comeca-no-dia-9-de-janeiro","status":"publish","type":"post","link":"https:\/\/anoticiaonline.com.br\/site\/escala-de-pagamento-do-ipva-2017-comeca-no-dia-9-de-janeiro\/","title":{"rendered":"Escala de pagamento do IPVA 2017 come\u00e7a no dia 9 de janeiro"},"content":{"rendered":"<p><a href=\"https:\/\/anoticiaonline.com.br\/site\/wp-content\/uploads\/2016\/12\/Escala-de-pagamento-do-IPVA-2017-come\u00e7a-no-dia-9-de-janeiro.jpg\"><img fetchpriority=\"high\" decoding=\"async\" class=\" size-medium wp-image-22414 alignleft\" src=\"https:\/\/anoticiaonline.com.br\/site\/wp-content\/uploads\/2016\/12\/Escala-de-pagamento-do-IPVA-2017-come\u00e7a-no-dia-9-de-janeiro-300x174.jpg\" alt=\"escala-de-pagamento-do-ipva-2017-comeca-no-dia-9-de-janeiro\" width=\"300\" height=\"174\" srcset=\"https:\/\/anoticiaonline.com.br\/site\/wp-content\/uploads\/2016\/12\/Escala-de-pagamento-do-IPVA-2017-come\u00e7a-no-dia-9-de-janeiro-300x174.jpg 300w, https:\/\/anoticiaonline.com.br\/site\/wp-content\/uploads\/2016\/12\/Escala-de-pagamento-do-IPVA-2017-come\u00e7a-no-dia-9-de-janeiro.jpg 640w\" sizes=\"(max-width: 300px) 100vw, 300px\" \/><\/a>A escala de pagamento do Imposto sobre a Propriedade de Ve\u00edculos Automotores (IPVA) 2017 em Minas Gerais come\u00e7a no dia 9 de janeiro para os finais de placa 1 e 2. Os vencimentos da primeira parcela ou da cota \u00fanica (com desconto de 3%) seguem nos dias 10 (finais de placa 3 e 4), 11 (5 e 6), 12 (7 e 8) e 13 (9 e 0). A escala se encerra em 15 de mar\u00e7o.<\/p>\n<p>O valor total do IPVA emitido para 2017 \u00e9 de R$ 4,6 bilh\u00f5es, um incremento de R$ 240 milh\u00f5es (5,46%) em rela\u00e7\u00e3o a 2016. A frota tamb\u00e9m aumentou, no mesmo per\u00edodo, em 337 mil ve\u00edculos (3,72%), totalizando 9,4 milh\u00f5es \u2013 emplacados at\u00e9 14 de outubro de 2016.<\/p>\n<p>Os contribuintes podem consultar os valores a pagar informando o n\u00famero do RENAVAM ou Marca\/Modelo no site da Secretaria de Estado de Fazenda de Minas Gerais (SEF\/MG), pelo telefone 155 do LIGMINAS ou no aplicativo IPVA-MG, para smartphones e tablets, dispon\u00edvel para baixar gratuitamente nas vers\u00f5es IOS, Android e Windows Phone.<\/p>\n<p>Em compara\u00e7\u00e3o com 2016, houve redu\u00e7\u00e3o m\u00e9dia de 4,4% da base de c\u00e1lculo adotada (confira tabela no Di\u00e1rio Eletr\u00f4nico\/SEF-MG), elaborada por t\u00e9cnicos da Secretaria de Fazenda com refer\u00eancia no valor venal da frota, subsidiada por pesquisa de mercado da Funda\u00e7\u00e3o Instituto de Pesquisas Econ\u00f4micas (Fipe\/USP).<\/p>\n<p><strong>PAGAMENTO &#8211;<\/strong> O pagamento do IPVA 2017 j\u00e1 pode ser feito diretamente nos terminais de autoatendimento ou guich\u00eas dos agentes arrecadadores autorizados, bastando informar o n\u00famero do RENAVAM do ve\u00edculo.<\/p>\n<p>Os agentes arrecadadores autorizados a receber os tributos s\u00e3o: Banco do Brasil, Mais BB, Banco Postal, Bradesco, Ita\u00fa-Unibanco, Mercantil do Brasil, Caixa Econ\u00f4mica Federal, casas lot\u00e9ricas, Santander e SICOOB.<\/p>\n<p>O contribuinte que preferir emitir a guia de arrecada\u00e7\u00e3o poder\u00e1 retir\u00e1-la pelo site da SEF\/MG ou pessoalmente nas reparti\u00e7\u00f5es fazend\u00e1rias ou Unidades de Atendimento Integrado (UAI).<\/p>\n<p>Quem adquiriu ve\u00edculo 0 Km ou transferido de outro estado depois do dia 14 de outubro, s\u00f3 consegue quitar o imposto antecipadamente de quinta-feira (1\u00ba) at\u00e9 31 de dezembro, retirando a guia de recolhimento. Isso porque a base de dados foi enviada aos bancos anteriormente ao dia 14 de outubro. No entanto, a partir de 1\u00ba de janeiro de 2017, o banco de dados estar\u00e1 atualizado e o pagamento poder\u00e1 ser feito normalmente nos caixas eletr\u00f4nicos e agentes banc\u00e1rios, sem a necessidade da guia.<\/p>\n<p>O n\u00e3o pagamento do IPVA 2017 nos prazos estabelecidos gera multa de 0,3% ao dia (at\u00e9 o 30\u00ba dia), e de 20% ap\u00f3s o 30\u00ba dia. Os juros s\u00e3o calculados sobre o valor do imposto ou das parcelas, acrescido da multa, pela taxa referencial do Sistema Especial de Liquida\u00e7\u00e3o e Custodia (Selic).<\/p>\n<p>O subsecret\u00e1rio da Receita Estadual, Jo\u00e3o Alberto Vizzotto, ressalta a vantagem de o cidad\u00e3o quitar o imposto dentro do prazo, para evitar as multas e os juros, al\u00e9m das consequ\u00eancias oriundas da cobran\u00e7a, podendo chegar a protesto cartorial. \u201cO estado n\u00e3o deseja receber tributos com multas e juros, porque n\u00e3o \u00e9 isso que faz a sua receita. Sabemos das dificuldades que o pa\u00eds est\u00e1 passando, mas recomendamos o pagamento em dia para evitar os transtornos para o contribuinte e para que o estado possa cumprir os seus compromissos e devolver \u00e0 sociedade os benef\u00edcios que ela merece\u201d, afirma.<\/p>\n<p><strong>DESTINA\u00c7\u00c3O DA RECEITA &#8211;<\/strong> Vizzotto destaca ainda que os recursos do IPVA n\u00e3o t\u00eam vincula\u00e7\u00e3o com a aplica\u00e7\u00e3o em tr\u00e2nsito, como muitos acreditam. Ele explica que o dinheiro arrecadado com o tributo vai para o caixa \u00fanico do estado, podendo ser investido em sa\u00fade, educa\u00e7\u00e3o, habita\u00e7\u00e3o, seguran\u00e7a e, inclusive, tr\u00e2nsito e transporte, dentre outras \u00e1reas.<\/p>\n<p>Do total do valor apurado com o IPVA, 20% s\u00e3o repassados ao Fundo de Manuten\u00e7\u00e3o e Desenvolvimento da Educa\u00e7\u00e3o B\u00e1sica e de Valoriza\u00e7\u00e3o dos Profissionais de Educa\u00e7\u00e3o (Fundeb), 40% ao caixa \u00fanico do estado e 40% para o munic\u00edpio de licenciamento do ve\u00edculo.<\/p>\n<p><strong>TAXA DE LICENCIAMENTO &#8211;<\/strong> A Taxa de Renova\u00e7\u00e3o do Licenciamento Anual de Ve\u00edculo (TRLAV) \u00e9 de R$ 92,66, com vencimento em 31 de mar\u00e7o de 2017. O valor total emitido da TRLAV \u00e9 de R$ 881 milh\u00f5es, um aumento de R$ 94 milh\u00f5es (11,95%) em rela\u00e7\u00e3o a 2016.<\/p>\n<p>O vencimento da TRLAV ser\u00e1 no pr\u00f3ximo dia 31 de mar\u00e7o e, assim como o IPVA 2017, a taxa j\u00e1 pode ser paga diretamente nos terminais de autoatendimento ou guich\u00eas dos agentes arrecadadores autorizados.<\/p>\n<p>Para a TRLAV, a multa por atraso \u00e9 de 0,15% ao dia (at\u00e9 o 30\u00ba dia), 9% do 31\u00ba at\u00e9 o 60\u00ba e 12% a partir do 61\u00ba dia. Os juros tamb\u00e9m s\u00e3o calculados pela taxa referencial do Sistema Especial de Liquida\u00e7\u00e3o e Custodia (SELIC).<\/p>\n<p><strong>ALERTA &#8211;<\/strong> O subsecret\u00e1rio Jo\u00e3o Alberto Vizzotto alerta aos cidad\u00e3os que a Secretaria de Fazenda n\u00e3o envia para os contribuintes nenhum tipo de boleto do IPVA por Correios, e-mail, SMS ou redes sociais, como WhatsApp. \u201cSe algu\u00e9m receber esse tipo de cobran\u00e7a deve ignorar, pois, caso pague, n\u00e3o estar\u00e1 pagando \u00e0 Secretaria de Fazenda\u201d, afirma.<\/p>\n","protected":false},"excerpt":{"rendered":"<p>A escala de pagamento do Imposto sobre a Propriedade de Ve\u00edculos Automotores (IPVA) 2017 em Minas Gerais come\u00e7a no dia 9 de janeiro para os finais de placa 1 e 2. Os vencimentos da primeira parcela ou da cota \u00fanica (com desconto de 3%) seguem nos dias 10 (finais de placa 3 e 4), 11 &#8230; <a title=\"Escala de pagamento do IPVA 2017 come\u00e7a no dia 9 de janeiro\" class=\"read-more\" href=\"https:\/\/anoticiaonline.com.br\/site\/escala-de-pagamento-do-ipva-2017-comeca-no-dia-9-de-janeiro\/\" aria-label=\"Read more about Escala de pagamento do IPVA 2017 come\u00e7a no dia 9 de janeiro\">Ler mais<\/a><\/p>\n","protected":false},"author":2,"featured_media":22414,"comment_status":"open","ping_status":"open","sticky":false,"template":"","format":"standard","meta":{"_acf_changed":false,"_monsterinsights_skip_tracking":false,"footnotes":""},"categories":[1],"tags":[3],"class_list":["post-22413","post","type-post","status-publish","format-standard","has-post-thumbnail","hentry","category-gerais","tag-slide"],"acf":[],"aioseo_notices":[],"aioseo_head":"\n\t\t<!-- All in One SEO 5.0.0.1 - aioseo.com -->\n\t<meta name=\"description\" content=\"A escala de pagamento do Imposto sobre a Propriedade de Ve\u00edculos Automotores (IPVA) 2017 em Minas Gerais come\u00e7a no dia 9 de janeiro para os finais de placa 1 e 2. Os vencimentos da primeira parcela ou da cota \u00fanica (com desconto de 3%) seguem nos dias 10 (finais de placa 3 e 4), 11\" \/>\n\t<meta name=\"robots\" content=\"max-image-preview:large\" \/>\n\t<meta name=\"author\" content=\"Juliana Laviola\"\/>\n\t<link rel=\"canonical\" href=\"https:\/\/anoticiaonline.com.br\/site\/escala-de-pagamento-do-ipva-2017-comeca-no-dia-9-de-janeiro\/\" \/>\n\t<meta name=\"generator\" content=\"All in One SEO (AIOSEO) 5.0.0.1\" \/>\n\t\t<meta property=\"og:locale\" content=\"pt_BR\" \/>\n\t\t<meta property=\"og:site_name\" content=\"A Not\u00edcia Online - Noticias de Muria\u00e9 e regi\u00e3o\" \/>\n\t\t<meta property=\"og:type\" content=\"article\" \/>\n\t\t<meta property=\"og:title\" content=\"Escala de pagamento do IPVA 2017 come\u00e7a no dia 9 de janeiro - A Not\u00edcia Online\" \/>\n\t\t<meta property=\"og:description\" content=\"A escala de pagamento do Imposto sobre a Propriedade de Ve\u00edculos Automotores (IPVA) 2017 em Minas Gerais come\u00e7a no dia 9 de janeiro para os finais de placa 1 e 2. Os vencimentos da primeira parcela ou da cota \u00fanica (com desconto de 3%) seguem nos dias 10 (finais de placa 3 e 4), 11\" \/>\n\t\t<meta property=\"og:url\" content=\"https:\/\/anoticiaonline.com.br\/site\/escala-de-pagamento-do-ipva-2017-comeca-no-dia-9-de-janeiro\/\" \/>\n\t\t<meta property=\"og:image\" content=\"https:\/\/scontent-gig4-1.xx.fbcdn.net\/v\/t39.30808-1\/270437624_4564083193639691_6907940295614233970_n.jpg?stp=dst-jpg_s200x200_tt6&#038;_nc_cat=111&#038;ccb=1-7&#038;_nc_sid=f907e8&#038;_nc_ohc=SM1wRlP3lJwQ7kNvwEPuBYA&#038;_nc_oc=AdnqrjDN_BNjSSHWO-GbkIWH6fkGMLw4bqvL_NH6e2wMveX7G-rP2dAqsDSq1mJMOaY&#038;_nc_zt=24&#038;_nc_ht=scontent-gig4-1.xx&#038;_nc_gid=AoBFJeGrT1hVaew_6rchkQ&#038;oh=00_AfX7QmFGhQhG2jAllVgXCiM1ZrWgvtp80-Bfppyexh1QEg&#038;oe=689E923C\" \/>\n\t\t<meta property=\"og:image:secure_url\" content=\"https:\/\/scontent-gig4-1.xx.fbcdn.net\/v\/t39.30808-1\/270437624_4564083193639691_6907940295614233970_n.jpg?stp=dst-jpg_s200x200_tt6&#038;_nc_cat=111&#038;ccb=1-7&#038;_nc_sid=f907e8&#038;_nc_ohc=SM1wRlP3lJwQ7kNvwEPuBYA&#038;_nc_oc=AdnqrjDN_BNjSSHWO-GbkIWH6fkGMLw4bqvL_NH6e2wMveX7G-rP2dAqsDSq1mJMOaY&#038;_nc_zt=24&#038;_nc_ht=scontent-gig4-1.xx&#038;_nc_gid=AoBFJeGrT1hVaew_6rchkQ&#038;oh=00_AfX7QmFGhQhG2jAllVgXCiM1ZrWgvtp80-Bfppyexh1QEg&#038;oe=689E923C\" \/>\n\t\t<meta property=\"article:published_time\" content=\"2016-12-01T17:47:10+00:00\" \/>\n\t\t<meta property=\"article:modified_time\" content=\"2016-12-01T17:47:10+00:00\" \/>\n\t\t<meta name=\"twitter:card\" content=\"summary_large_image\" \/>\n\t\t<meta name=\"twitter:title\" content=\"Escala de pagamento do IPVA 2017 come\u00e7a no dia 9 de janeiro - A Not\u00edcia Online\" \/>\n\t\t<meta name=\"twitter:description\" content=\"A escala de pagamento do Imposto sobre a Propriedade de Ve\u00edculos Automotores (IPVA) 2017 em Minas Gerais come\u00e7a no dia 9 de janeiro para os finais de placa 1 e 2. Os vencimentos da primeira parcela ou da cota \u00fanica (com desconto de 3%) seguem nos dias 10 (finais de placa 3 e 4), 11\" \/>\n\t\t<meta name=\"twitter:image\" content=\"https:\/\/scontent-gig4-1.xx.fbcdn.net\/v\/t39.30808-1\/270437624_4564083193639691_6907940295614233970_n.jpg?stp=dst-jpg_s200x200_tt6&amp;_nc_cat=111&amp;ccb=1-7&amp;_nc_sid=f907e8&amp;_nc_ohc=SM1wRlP3lJwQ7kNvwEPuBYA&amp;_nc_oc=AdnqrjDN_BNjSSHWO-GbkIWH6fkGMLw4bqvL_NH6e2wMveX7G-rP2dAqsDSq1mJMOaY&amp;_nc_zt=24&amp;_nc_ht=scontent-gig4-1.xx&amp;_nc_gid=AoBFJeGrT1hVaew_6rchkQ&amp;oh=00_AfX7QmFGhQhG2jAllVgXCiM1ZrWgvtp80-Bfppyexh1QEg&amp;oe=689E923C\" \/>\n\t\t<script type=\"application\/ld+json\" class=\"aioseo-schema\">\n\t\t\t{\"@context\":\"https:\\\/\\\/schema.org\",\"@graph\":[{\"@type\":\"BlogPosting\",\"@id\":\"https:\\\/\\\/anoticiaonline.com.br\\\/site\\\/escala-de-pagamento-do-ipva-2017-comeca-no-dia-9-de-janeiro\\\/#blogposting\",\"name\":\"Escala de pagamento do IPVA 2017 come\\u00e7a no dia 9 de janeiro - A Not\\u00edcia Online\",\"headline\":\"Escala de pagamento do IPVA 2017 come\\u00e7a no dia 9 de janeiro\",\"author\":{\"@id\":\"https:\\\/\\\/anoticiaonline.com.br\\\/site\\\/author\\\/juliana\\\/#author\"},\"publisher\":{\"@id\":\"https:\\\/\\\/anoticiaonline.com.br\\\/site\\\/#organization\"},\"image\":{\"@type\":\"ImageObject\",\"url\":\"https:\\\/\\\/anoticiaonline.com.br\\\/site\\\/wp-content\\\/uploads\\\/2016\\\/12\\\/Escala-de-pagamento-do-IPVA-2017-come\\u00e7a-no-dia-9-de-janeiro.jpg\",\"width\":640,\"height\":371},\"datePublished\":\"2016-12-01T14:47:10-03:00\",\"dateModified\":\"2016-12-01T14:47:10-03:00\",\"inLanguage\":\"pt-BR\",\"mainEntityOfPage\":{\"@id\":\"https:\\\/\\\/anoticiaonline.com.br\\\/site\\\/escala-de-pagamento-do-ipva-2017-comeca-no-dia-9-de-janeiro\\\/#webpage\"},\"isPartOf\":{\"@id\":\"https:\\\/\\\/anoticiaonline.com.br\\\/site\\\/escala-de-pagamento-do-ipva-2017-comeca-no-dia-9-de-janeiro\\\/#webpage\"},\"articleSection\":\"Gerais, slide\"},{\"@type\":\"BreadcrumbList\",\"@id\":\"https:\\\/\\\/anoticiaonline.com.br\\\/site\\\/escala-de-pagamento-do-ipva-2017-comeca-no-dia-9-de-janeiro\\\/#breadcrumblist\",\"itemListElement\":[{\"@type\":\"ListItem\",\"@id\":\"https:\\\/\\\/anoticiaonline.com.br\\\/site#listItem\",\"position\":1,\"name\":\"Home\",\"item\":\"https:\\\/\\\/anoticiaonline.com.br\\\/site\",\"nextItem\":{\"@type\":\"ListItem\",\"@id\":\"https:\\\/\\\/anoticiaonline.com.br\\\/site\\\/categoria\\\/gerais\\\/#listItem\",\"name\":\"Gerais\"}},{\"@type\":\"ListItem\",\"@id\":\"https:\\\/\\\/anoticiaonline.com.br\\\/site\\\/categoria\\\/gerais\\\/#listItem\",\"position\":2,\"name\":\"Gerais\",\"item\":\"https:\\\/\\\/anoticiaonline.com.br\\\/site\\\/categoria\\\/gerais\\\/\",\"nextItem\":{\"@type\":\"ListItem\",\"@id\":\"https:\\\/\\\/anoticiaonline.com.br\\\/site\\\/escala-de-pagamento-do-ipva-2017-comeca-no-dia-9-de-janeiro\\\/#listItem\",\"name\":\"Escala de pagamento do IPVA 2017 come\\u00e7a no dia 9 de janeiro\"},\"previousItem\":{\"@type\":\"ListItem\",\"@id\":\"https:\\\/\\\/anoticiaonline.com.br\\\/site#listItem\",\"name\":\"Home\"}},{\"@type\":\"ListItem\",\"@id\":\"https:\\\/\\\/anoticiaonline.com.br\\\/site\\\/escala-de-pagamento-do-ipva-2017-comeca-no-dia-9-de-janeiro\\\/#listItem\",\"position\":3,\"name\":\"Escala de pagamento do IPVA 2017 come\\u00e7a no dia 9 de janeiro\",\"previousItem\":{\"@type\":\"ListItem\",\"@id\":\"https:\\\/\\\/anoticiaonline.com.br\\\/site\\\/categoria\\\/gerais\\\/#listItem\",\"name\":\"Gerais\"}}]},{\"@type\":\"Organization\",\"@id\":\"https:\\\/\\\/anoticiaonline.com.br\\\/site\\\/#organization\",\"name\":\"A Not\\u00edcia Online\",\"description\":\"Noticias de Muria\\u00e9 e regi\\u00e3o\",\"url\":\"https:\\\/\\\/anoticiaonline.com.br\\\/site\\\/\",\"logo\":{\"@type\":\"ImageObject\",\"url\":\"https:\\\/\\\/scontent-gig4-1.xx.fbcdn.net\\\/v\\\/t39.30808-1\\\/270437624_4564083193639691_6907940295614233970_n.jpg?stp=dst-jpg_s200x200_tt6&_nc_cat=111&ccb=1-7&_nc_sid=f907e8&_nc_ohc=SM1wRlP3lJwQ7kNvwEPuBYA&_nc_oc=AdnqrjDN_BNjSSHWO-GbkIWH6fkGMLw4bqvL_NH6e2wMveX7G-rP2dAqsDSq1mJMOaY&_nc_zt=24&_nc_ht=scontent-gig4-1.xx&_nc_gid=AoBFJeGrT1hVaew_6rchkQ&oh=00_AfX7QmFGhQhG2jAllVgXCiM1ZrWgvtp80-Bfppyexh1QEg&oe=689E923C\",\"@id\":\"https:\\\/\\\/anoticiaonline.com.br\\\/site\\\/escala-de-pagamento-do-ipva-2017-comeca-no-dia-9-de-janeiro\\\/#organizationLogo\"},\"image\":{\"@id\":\"https:\\\/\\\/anoticiaonline.com.br\\\/site\\\/escala-de-pagamento-do-ipva-2017-comeca-no-dia-9-de-janeiro\\\/#organizationLogo\"}},{\"@type\":\"Person\",\"@id\":\"https:\\\/\\\/anoticiaonline.com.br\\\/site\\\/author\\\/juliana\\\/#author\",\"url\":\"https:\\\/\\\/anoticiaonline.com.br\\\/site\\\/author\\\/juliana\\\/\",\"name\":\"Juliana Laviola\",\"image\":{\"@type\":\"ImageObject\",\"@id\":\"https:\\\/\\\/anoticiaonline.com.br\\\/site\\\/escala-de-pagamento-do-ipva-2017-comeca-no-dia-9-de-janeiro\\\/#authorImage\",\"url\":\"https:\\\/\\\/secure.gravatar.com\\\/avatar\\\/b8d45f5c699b100dfaf0e543582f38f38bf94cb7ae3a5e9abf8d891a34773335?s=96&d=mm&r=g\",\"width\":96,\"height\":96,\"caption\":\"Juliana Laviola\"}},{\"@type\":\"WebPage\",\"@id\":\"https:\\\/\\\/anoticiaonline.com.br\\\/site\\\/escala-de-pagamento-do-ipva-2017-comeca-no-dia-9-de-janeiro\\\/#webpage\",\"url\":\"https:\\\/\\\/anoticiaonline.com.br\\\/site\\\/escala-de-pagamento-do-ipva-2017-comeca-no-dia-9-de-janeiro\\\/\",\"name\":\"Escala de pagamento do IPVA 2017 come\\u00e7a no dia 9 de janeiro - A Not\\u00edcia Online\",\"description\":\"A escala de pagamento do Imposto sobre a Propriedade de Ve\\u00edculos Automotores (IPVA) 2017 em Minas Gerais come\\u00e7a no dia 9 de janeiro para os finais de placa 1 e 2. Os vencimentos da primeira parcela ou da cota \\u00fanica (com desconto de 3%) seguem nos dias 10 (finais de placa 3 e 4), 11\",\"inLanguage\":\"pt-BR\",\"isPartOf\":{\"@id\":\"https:\\\/\\\/anoticiaonline.com.br\\\/site\\\/#website\"},\"breadcrumb\":{\"@id\":\"https:\\\/\\\/anoticiaonline.com.br\\\/site\\\/escala-de-pagamento-do-ipva-2017-comeca-no-dia-9-de-janeiro\\\/#breadcrumblist\"},\"author\":{\"@id\":\"https:\\\/\\\/anoticiaonline.com.br\\\/site\\\/author\\\/juliana\\\/#author\"},\"creator\":{\"@id\":\"https:\\\/\\\/anoticiaonline.com.br\\\/site\\\/author\\\/juliana\\\/#author\"},\"image\":{\"@type\":\"ImageObject\",\"url\":\"https:\\\/\\\/anoticiaonline.com.br\\\/site\\\/wp-content\\\/uploads\\\/2016\\\/12\\\/Escala-de-pagamento-do-IPVA-2017-come\\u00e7a-no-dia-9-de-janeiro.jpg\",\"@id\":\"https:\\\/\\\/anoticiaonline.com.br\\\/site\\\/escala-de-pagamento-do-ipva-2017-comeca-no-dia-9-de-janeiro\\\/#mainImage\",\"width\":640,\"height\":371},\"primaryImageOfPage\":{\"@id\":\"https:\\\/\\\/anoticiaonline.com.br\\\/site\\\/escala-de-pagamento-do-ipva-2017-comeca-no-dia-9-de-janeiro\\\/#mainImage\"},\"datePublished\":\"2016-12-01T14:47:10-03:00\",\"dateModified\":\"2016-12-01T14:47:10-03:00\"},{\"@type\":\"WebSite\",\"@id\":\"https:\\\/\\\/anoticiaonline.com.br\\\/site\\\/#website\",\"url\":\"https:\\\/\\\/anoticiaonline.com.br\\\/site\\\/\",\"name\":\"A Not\\u00edcia Online\",\"description\":\"Noticias de Muria\\u00e9 e regi\\u00e3o\",\"inLanguage\":\"pt-BR\",\"publisher\":{\"@id\":\"https:\\\/\\\/anoticiaonline.com.br\\\/site\\\/#organization\"}}]}\n\t\t<\/script>\n\t\t<!-- All in One SEO -->\n\n","aioseo_head_json":{"title":"Escala de pagamento do IPVA 2017 come\u00e7a no dia 9 de janeiro - A Not\u00edcia Online","description":"A escala de pagamento do Imposto sobre a Propriedade de Ve\u00edculos Automotores (IPVA) 2017 em Minas Gerais come\u00e7a no dia 9 de janeiro para os finais de placa 1 e 2. Os vencimentos da primeira parcela ou da cota \u00fanica (com desconto de 3%) seguem nos dias 10 (finais de placa 3 e 4), 11","canonical_url":"https:\/\/anoticiaonline.com.br\/site\/escala-de-pagamento-do-ipva-2017-comeca-no-dia-9-de-janeiro\/","robots":"max-image-preview:large","keywords":"","webmasterTools":{"miscellaneous":""},"schema":{"@context":"https:\/\/schema.org","@graph":[{"@type":"BlogPosting","@id":"https:\/\/anoticiaonline.com.br\/site\/escala-de-pagamento-do-ipva-2017-comeca-no-dia-9-de-janeiro\/#blogposting","name":"Escala de pagamento do IPVA 2017 come\u00e7a no dia 9 de janeiro - A Not\u00edcia Online","headline":"Escala de pagamento do IPVA 2017 come\u00e7a no dia 9 de janeiro","author":{"@id":"https:\/\/anoticiaonline.com.br\/site\/author\/juliana\/#author"},"publisher":{"@id":"https:\/\/anoticiaonline.com.br\/site\/#organization"},"image":{"@type":"ImageObject","url":"https:\/\/anoticiaonline.com.br\/site\/wp-content\/uploads\/2016\/12\/Escala-de-pagamento-do-IPVA-2017-come\u00e7a-no-dia-9-de-janeiro.jpg","width":640,"height":371},"datePublished":"2016-12-01T14:47:10-03:00","dateModified":"2016-12-01T14:47:10-03:00","inLanguage":"pt-BR","mainEntityOfPage":{"@id":"https:\/\/anoticiaonline.com.br\/site\/escala-de-pagamento-do-ipva-2017-comeca-no-dia-9-de-janeiro\/#webpage"},"isPartOf":{"@id":"https:\/\/anoticiaonline.com.br\/site\/escala-de-pagamento-do-ipva-2017-comeca-no-dia-9-de-janeiro\/#webpage"},"articleSection":"Gerais, slide"},{"@type":"BreadcrumbList","@id":"https:\/\/anoticiaonline.com.br\/site\/escala-de-pagamento-do-ipva-2017-comeca-no-dia-9-de-janeiro\/#breadcrumblist","itemListElement":[{"@type":"ListItem","@id":"https:\/\/anoticiaonline.com.br\/site#listItem","position":1,"name":"Home","item":"https:\/\/anoticiaonline.com.br\/site","nextItem":{"@type":"ListItem","@id":"https:\/\/anoticiaonline.com.br\/site\/categoria\/gerais\/#listItem","name":"Gerais"}},{"@type":"ListItem","@id":"https:\/\/anoticiaonline.com.br\/site\/categoria\/gerais\/#listItem","position":2,"name":"Gerais","item":"https:\/\/anoticiaonline.com.br\/site\/categoria\/gerais\/","nextItem":{"@type":"ListItem","@id":"https:\/\/anoticiaonline.com.br\/site\/escala-de-pagamento-do-ipva-2017-comeca-no-dia-9-de-janeiro\/#listItem","name":"Escala de pagamento do IPVA 2017 come\u00e7a no dia 9 de janeiro"},"previousItem":{"@type":"ListItem","@id":"https:\/\/anoticiaonline.com.br\/site#listItem","name":"Home"}},{"@type":"ListItem","@id":"https:\/\/anoticiaonline.com.br\/site\/escala-de-pagamento-do-ipva-2017-comeca-no-dia-9-de-janeiro\/#listItem","position":3,"name":"Escala de pagamento do IPVA 2017 come\u00e7a no dia 9 de janeiro","previousItem":{"@type":"ListItem","@id":"https:\/\/anoticiaonline.com.br\/site\/categoria\/gerais\/#listItem","name":"Gerais"}}]},{"@type":"Organization","@id":"https:\/\/anoticiaonline.com.br\/site\/#organization","name":"A Not\u00edcia Online","description":"Noticias de Muria\u00e9 e regi\u00e3o","url":"https:\/\/anoticiaonline.com.br\/site\/","logo":{"@type":"ImageObject","url":"https:\/\/scontent-gig4-1.xx.fbcdn.net\/v\/t39.30808-1\/270437624_4564083193639691_6907940295614233970_n.jpg?stp=dst-jpg_s200x200_tt6&_nc_cat=111&ccb=1-7&_nc_sid=f907e8&_nc_ohc=SM1wRlP3lJwQ7kNvwEPuBYA&_nc_oc=AdnqrjDN_BNjSSHWO-GbkIWH6fkGMLw4bqvL_NH6e2wMveX7G-rP2dAqsDSq1mJMOaY&_nc_zt=24&_nc_ht=scontent-gig4-1.xx&_nc_gid=AoBFJeGrT1hVaew_6rchkQ&oh=00_AfX7QmFGhQhG2jAllVgXCiM1ZrWgvtp80-Bfppyexh1QEg&oe=689E923C","@id":"https:\/\/anoticiaonline.com.br\/site\/escala-de-pagamento-do-ipva-2017-comeca-no-dia-9-de-janeiro\/#organizationLogo"},"image":{"@id":"https:\/\/anoticiaonline.com.br\/site\/escala-de-pagamento-do-ipva-2017-comeca-no-dia-9-de-janeiro\/#organizationLogo"}},{"@type":"Person","@id":"https:\/\/anoticiaonline.com.br\/site\/author\/juliana\/#author","url":"https:\/\/anoticiaonline.com.br\/site\/author\/juliana\/","name":"Juliana Laviola","image":{"@type":"ImageObject","@id":"https:\/\/anoticiaonline.com.br\/site\/escala-de-pagamento-do-ipva-2017-comeca-no-dia-9-de-janeiro\/#authorImage","url":"https:\/\/secure.gravatar.com\/avatar\/b8d45f5c699b100dfaf0e543582f38f38bf94cb7ae3a5e9abf8d891a34773335?s=96&d=mm&r=g","width":96,"height":96,"caption":"Juliana Laviola"}},{"@type":"WebPage","@id":"https:\/\/anoticiaonline.com.br\/site\/escala-de-pagamento-do-ipva-2017-comeca-no-dia-9-de-janeiro\/#webpage","url":"https:\/\/anoticiaonline.com.br\/site\/escala-de-pagamento-do-ipva-2017-comeca-no-dia-9-de-janeiro\/","name":"Escala de pagamento do IPVA 2017 come\u00e7a no dia 9 de janeiro - A Not\u00edcia Online","description":"A escala de pagamento do Imposto sobre a Propriedade de Ve\u00edculos Automotores (IPVA) 2017 em Minas Gerais come\u00e7a no dia 9 de janeiro para os finais de placa 1 e 2. Os vencimentos da primeira parcela ou da cota \u00fanica (com desconto de 3%) seguem nos dias 10 (finais de placa 3 e 4), 11","inLanguage":"pt-BR","isPartOf":{"@id":"https:\/\/anoticiaonline.com.br\/site\/#website"},"breadcrumb":{"@id":"https:\/\/anoticiaonline.com.br\/site\/escala-de-pagamento-do-ipva-2017-comeca-no-dia-9-de-janeiro\/#breadcrumblist"},"author":{"@id":"https:\/\/anoticiaonline.com.br\/site\/author\/juliana\/#author"},"creator":{"@id":"https:\/\/anoticiaonline.com.br\/site\/author\/juliana\/#author"},"image":{"@type":"ImageObject","url":"https:\/\/anoticiaonline.com.br\/site\/wp-content\/uploads\/2016\/12\/Escala-de-pagamento-do-IPVA-2017-come\u00e7a-no-dia-9-de-janeiro.jpg","@id":"https:\/\/anoticiaonline.com.br\/site\/escala-de-pagamento-do-ipva-2017-comeca-no-dia-9-de-janeiro\/#mainImage","width":640,"height":371},"primaryImageOfPage":{"@id":"https:\/\/anoticiaonline.com.br\/site\/escala-de-pagamento-do-ipva-2017-comeca-no-dia-9-de-janeiro\/#mainImage"},"datePublished":"2016-12-01T14:47:10-03:00","dateModified":"2016-12-01T14:47:10-03:00"},{"@type":"WebSite","@id":"https:\/\/anoticiaonline.com.br\/site\/#website","url":"https:\/\/anoticiaonline.com.br\/site\/","name":"A Not\u00edcia Online","description":"Noticias de Muria\u00e9 e regi\u00e3o","inLanguage":"pt-BR","publisher":{"@id":"https:\/\/anoticiaonline.com.br\/site\/#organization"}}]},"og:locale":"pt_BR","og:site_name":"A Not\u00edcia Online - Noticias de Muria\u00e9 e regi\u00e3o","og:type":"article","og:title":"Escala de pagamento do IPVA 2017 come\u00e7a no dia 9 de janeiro - A Not\u00edcia Online","og:description":"A escala de pagamento do Imposto sobre a Propriedade de Ve\u00edculos Automotores (IPVA) 2017 em Minas Gerais come\u00e7a no dia 9 de janeiro para os finais de placa 1 e 2. Os vencimentos da primeira parcela ou da cota \u00fanica (com desconto de 3%) seguem nos dias 10 (finais de placa 3 e 4), 11","og:url":"https:\/\/anoticiaonline.com.br\/site\/escala-de-pagamento-do-ipva-2017-comeca-no-dia-9-de-janeiro\/","og:image":"https:\/\/scontent-gig4-1.xx.fbcdn.net\/v\/t39.30808-1\/270437624_4564083193639691_6907940295614233970_n.jpg?stp=dst-jpg_s200x200_tt6&#038;_nc_cat=111&#038;ccb=1-7&#038;_nc_sid=f907e8&#038;_nc_ohc=SM1wRlP3lJwQ7kNvwEPuBYA&#038;_nc_oc=AdnqrjDN_BNjSSHWO-GbkIWH6fkGMLw4bqvL_NH6e2wMveX7G-rP2dAqsDSq1mJMOaY&#038;_nc_zt=24&#038;_nc_ht=scontent-gig4-1.xx&#038;_nc_gid=AoBFJeGrT1hVaew_6rchkQ&#038;oh=00_AfX7QmFGhQhG2jAllVgXCiM1ZrWgvtp80-Bfppyexh1QEg&#038;oe=689E923C","og:image:secure_url":"https:\/\/scontent-gig4-1.xx.fbcdn.net\/v\/t39.30808-1\/270437624_4564083193639691_6907940295614233970_n.jpg?stp=dst-jpg_s200x200_tt6&#038;_nc_cat=111&#038;ccb=1-7&#038;_nc_sid=f907e8&#038;_nc_ohc=SM1wRlP3lJwQ7kNvwEPuBYA&#038;_nc_oc=AdnqrjDN_BNjSSHWO-GbkIWH6fkGMLw4bqvL_NH6e2wMveX7G-rP2dAqsDSq1mJMOaY&#038;_nc_zt=24&#038;_nc_ht=scontent-gig4-1.xx&#038;_nc_gid=AoBFJeGrT1hVaew_6rchkQ&#038;oh=00_AfX7QmFGhQhG2jAllVgXCiM1ZrWgvtp80-Bfppyexh1QEg&#038;oe=689E923C","article:published_time":"2016-12-01T17:47:10+00:00","article:modified_time":"2016-12-01T17:47:10+00:00","twitter:card":"summary_large_image","twitter:title":"Escala de pagamento do IPVA 2017 come\u00e7a no dia 9 de janeiro - A Not\u00edcia Online","twitter:description":"A escala de pagamento do Imposto sobre a Propriedade de Ve\u00edculos Automotores (IPVA) 2017 em Minas Gerais come\u00e7a no dia 9 de janeiro para os finais de placa 1 e 2. Os vencimentos da primeira parcela ou da cota \u00fanica (com desconto de 3%) seguem nos dias 10 (finais de placa 3 e 4), 11","twitter:image":"https:\/\/scontent-gig4-1.xx.fbcdn.net\/v\/t39.30808-1\/270437624_4564083193639691_6907940295614233970_n.jpg?stp=dst-jpg_s200x200_tt6&_nc_cat=111&ccb=1-7&_nc_sid=f907e8&_nc_ohc=SM1wRlP3lJwQ7kNvwEPuBYA&_nc_oc=AdnqrjDN_BNjSSHWO-GbkIWH6fkGMLw4bqvL_NH6e2wMveX7G-rP2dAqsDSq1mJMOaY&_nc_zt=24&_nc_ht=scontent-gig4-1.xx&_nc_gid=AoBFJeGrT1hVaew_6rchkQ&oh=00_AfX7QmFGhQhG2jAllVgXCiM1ZrWgvtp80-Bfppyexh1QEg&oe=689E923C"},"aioseo_meta_data":{"post_id":"22413","title":null,"description":null,"keywords":null,"keyphrases":null,"primary_term":null,"canonical_url":null,"og_title":null,"og_description":null,"og_object_type":"default","og_image_type":"default","og_image_url":null,"og_image_width":null,"og_image_height":null,"og_image_custom_url":null,"og_image_custom_fields":null,"og_video":null,"og_custom_url":null,"og_article_section":null,"og_article_tags":null,"twitter_use_og":false,"twitter_card":"default","twitter_image_type":"default","twitter_image_url":null,"twitter_image_custom_url":null,"twitter_image_custom_fields":null,"twitter_title":null,"twitter_description":null,"schema":{"blockGraphs":[],"customGraphs":[],"default":{"data":{"Article":[],"Course":[],"Dataset":[],"FAQPage":[],"Movie":[],"Person":[],"Product":[],"ProductReview":[],"Car":[],"Recipe":[],"Service":[],"SoftwareApplication":[],"WebPage":[]},"graphName":"","isEnabled":true},"graphs":[]},"schema_type":"default","schema_type_options":null,"pillar_content":false,"robots_default":true,"robots_noindex":false,"robots_noarchive":false,"robots_nosnippet":false,"robots_nofollow":false,"robots_noimageindex":false,"robots_noodp":false,"robots_notranslate":false,"robots_max_snippet":null,"robots_max_videopreview":null,"robots_max_imagepreview":"large","priority":null,"frequency":null,"local_seo":null,"breadcrumb_settings":null,"limit_modified_date":false,"ai":null,"created":"2025-08-16 17:16:58","updated":"2025-08-16 17:16:58","focus_keyword":null,"additional_keywords":null,"truseo_locale":null,"seo_analyzer_scan_date":null},"aioseo_breadcrumb":"<div class=\"aioseo-breadcrumbs\"><span class=\"aioseo-breadcrumb\">\n\t\t\t<a href=\"https:\/\/anoticiaonline.com.br\/site\" title=\"Home\">Home<\/a>\n\t\t<\/span><span class=\"aioseo-breadcrumb-separator\">&raquo;<\/span><span class=\"aioseo-breadcrumb\">\n\t\t\t<a href=\"https:\/\/anoticiaonline.com.br\/site\/categoria\/gerais\/\" title=\"Gerais\">Gerais<\/a>\n\t\t<\/span><span class=\"aioseo-breadcrumb-separator\">&raquo;<\/span><span class=\"aioseo-breadcrumb\">\n\t\t\tEscala de pagamento do IPVA 2017 come\u00e7a no dia 9 de janeiro\n\t\t<\/span><\/div>","aioseo_breadcrumb_json":[{"label":"Home","link":"https:\/\/anoticiaonline.com.br\/site"},{"label":"Gerais","link":"https:\/\/anoticiaonline.com.br\/site\/categoria\/gerais\/"},{"label":"Escala de pagamento do IPVA 2017 come\u00e7a no dia 9 de janeiro","link":"https:\/\/anoticiaonline.com.br\/site\/escala-de-pagamento-do-ipva-2017-comeca-no-dia-9-de-janeiro\/"}],"views":144,"_links":{"self":[{"href":"https:\/\/anoticiaonline.com.br\/site\/wp-json\/wp\/v2\/posts\/22413","targetHints":{"allow":["GET"]}}],"collection":[{"href":"https:\/\/anoticiaonline.com.br\/site\/wp-json\/wp\/v2\/posts"}],"about":[{"href":"https:\/\/anoticiaonline.com.br\/site\/wp-json\/wp\/v2\/types\/post"}],"author":[{"embeddable":true,"href":"https:\/\/anoticiaonline.com.br\/site\/wp-json\/wp\/v2\/users\/2"}],"replies":[{"embeddable":true,"href":"https:\/\/anoticiaonline.com.br\/site\/wp-json\/wp\/v2\/comments?post=22413"}],"version-history":[{"count":0,"href":"https:\/\/anoticiaonline.com.br\/site\/wp-json\/wp\/v2\/posts\/22413\/revisions"}],"wp:featuredmedia":[{"embeddable":true,"href":"https:\/\/anoticiaonline.com.br\/site\/wp-json\/wp\/v2\/media\/22414"}],"wp:attachment":[{"href":"https:\/\/anoticiaonline.com.br\/site\/wp-json\/wp\/v2\/media?parent=22413"}],"wp:term":[{"taxonomy":"category","embeddable":true,"href":"https:\/\/anoticiaonline.com.br\/site\/wp-json\/wp\/v2\/categories?post=22413"},{"taxonomy":"post_tag","embeddable":true,"href":"https:\/\/anoticiaonline.com.br\/site\/wp-json\/wp\/v2\/tags?post=22413"}],"curies":[{"name":"wp","href":"https:\/\/api.w.org\/{rel}","templated":true}]}}