{"id":22262,"date":"2016-11-30T09:25:26","date_gmt":"2016-11-30T12:25:26","guid":{"rendered":"http:\/\/anoticiaonline.com.br\/site\/?p=22262"},"modified":"2016-11-30T09:52:39","modified_gmt":"2016-11-30T12:52:39","slug":"defesa-civil-emite-alerta-para-a-possibilidade-de-inundacoes","status":"publish","type":"post","link":"https:\/\/anoticiaonline.com.br\/site\/defesa-civil-emite-alerta-para-a-possibilidade-de-inundacoes\/","title":{"rendered":"Defesa Civil emite alerta sobre a possibilidade de inunda\u00e7\u00f5es"},"content":{"rendered":"<p><a href=\"https:\/\/anoticiaonline.com.br\/site\/wp-content\/uploads\/2016\/11\/imagem.jpg\"><img decoding=\"async\" class=\" size-medium wp-image-22263 alignleft\" src=\"https:\/\/anoticiaonline.com.br\/site\/wp-content\/uploads\/2016\/11\/imagem-300x130.jpg\" alt=\"imagem\" width=\"300\" height=\"130\" srcset=\"https:\/\/anoticiaonline.com.br\/site\/wp-content\/uploads\/2016\/11\/imagem-300x130.jpg 300w, https:\/\/anoticiaonline.com.br\/site\/wp-content\/uploads\/2016\/11\/imagem.jpg 640w\" sizes=\"(max-width: 300px) 100vw, 300px\" \/><\/a>A coordena\u00e7\u00e3o da Defesa Civil de Muria\u00e9 emitiu um alerta sobre a possibilidade de inunda\u00e7\u00f5es pontuais devido \u00e0 chuva que caiu em Mira\u00ed na noite de ter\u00e7a (29) e na madrugada de quarta-feira (30).<\/p>\n<p>Segundo a Defesa Civil, a princ\u00edpio, a situa\u00e7\u00e3o est\u00e1 controlada, mas vale ressaltar que choveu consideravelmente na noite anterior, principalmente em Mira\u00ed, chegando a 90 mm em poucas horas, elevando o n\u00edvel do rio em Mira\u00ed em 3 metros.<\/p>\n<p>Ainda segundo o \u00f3rg\u00e3o, os reflexos em Muria\u00e9 n\u00e3o causaram inunda\u00e7\u00f5es, mas \u00e9 necess\u00e1rio ficar atento, j\u00e1 que pela manh\u00e3, devido ao volume de \u00e1gua, o Rio Muria\u00e9 deve chegar a 1,48m, mas o mesmo continuar\u00e1 dentro da caixa.<\/p>\n<p>A previs\u00e3o \u00e9 de 35 mm de chuvas para hoje, espalhados entre o dia e a noite, n\u00e3o sendo, assim, de acordo com a Defesa Civil, um n\u00famero t\u00e3o elevado, pelo espa\u00e7o de tempo em que ocorrer\u00e3o as precipita\u00e7\u00f5es.<\/p>\n<p>A Defesa Civil de Muria\u00e9 segue monitorando o \u00edndice pluviom\u00e9trico e opera em n\u00edvel de observa\u00e7\u00e3o na manh\u00e3 de hoje. O \u00f3rg\u00e3o informa que existem condi\u00e7\u00f5es meteorol\u00f3gicas favor\u00e1veis \u00e0 ocorr\u00eancia de chuva moderada a forte, com trovoadas e rajadas de ventos ocasionais em \u00e1reas isoladas do pa\u00eds e da Zona da Mata mineira.<\/p>\n<p>Em virtude do aumento do n\u00edvel do Rio Muria\u00e9, a Defesa Civil do munic\u00edpio faz um alerta aos moradores das regi\u00f5es ribeirinhas para poss\u00edveis alagamentos pontuais.<\/p>\n<p>Em caso de emerg\u00eancia, pode-se entrar em contato com a Defesa Civil no 199 ou no celular de plant\u00e3o 98826-9846.<\/p>\n<p><strong><em>*Mat\u00e9ria atualizada \u00e0s 10h50min<\/em><\/strong><\/p>\n","protected":false},"excerpt":{"rendered":"<p>A coordena\u00e7\u00e3o da Defesa Civil de Muria\u00e9 emitiu um alerta sobre a possibilidade de inunda\u00e7\u00f5es pontuais devido \u00e0 chuva que caiu em Mira\u00ed na noite de ter\u00e7a (29) e na madrugada de quarta-feira (30). Segundo a Defesa Civil, a princ\u00edpio, a situa\u00e7\u00e3o est\u00e1 controlada, mas vale ressaltar que choveu consideravelmente na noite anterior, principalmente em &#8230; <a title=\"Defesa Civil emite alerta sobre a possibilidade de inunda\u00e7\u00f5es\" class=\"read-more\" href=\"https:\/\/anoticiaonline.com.br\/site\/defesa-civil-emite-alerta-para-a-possibilidade-de-inundacoes\/\" aria-label=\"Read more about Defesa Civil emite alerta sobre a possibilidade de inunda\u00e7\u00f5es\">Ler mais<\/a><\/p>\n","protected":false},"author":2,"featured_media":22263,"comment_status":"open","ping_status":"open","sticky":false,"template":"","format":"standard","meta":{"_acf_changed":false,"_monsterinsights_skip_tracking":false,"footnotes":""},"categories":[30],"tags":[3],"class_list":["post-22262","post","type-post","status-publish","format-standard","has-post-thumbnail","hentry","category-muriae","tag-slide"],"acf":[],"aioseo_notices":[],"aioseo_head":"\n\t\t<!-- All in One SEO 5.0.0.1 - aioseo.com -->\n\t<meta name=\"description\" content=\"A coordena\u00e7\u00e3o da Defesa Civil de Muria\u00e9 emitiu um alerta sobre a possibilidade de inunda\u00e7\u00f5es pontuais devido \u00e0 chuva que caiu em Mira\u00ed na noite de ter\u00e7a (29) e na madrugada de quarta-feira (30). Segundo a Defesa Civil, a princ\u00edpio, a situa\u00e7\u00e3o est\u00e1 controlada, mas vale ressaltar que choveu consideravelmente na noite anterior, principalmente em\" \/>\n\t<meta name=\"robots\" content=\"max-image-preview:large\" \/>\n\t<meta name=\"author\" content=\"Juliana Laviola\"\/>\n\t<link rel=\"canonical\" href=\"https:\/\/anoticiaonline.com.br\/site\/defesa-civil-emite-alerta-para-a-possibilidade-de-inundacoes\/\" \/>\n\t<meta name=\"generator\" content=\"All in One SEO (AIOSEO) 5.0.0.1\" \/>\n\t\t<meta property=\"og:locale\" content=\"pt_BR\" \/>\n\t\t<meta property=\"og:site_name\" content=\"A Not\u00edcia Online - Noticias de Muria\u00e9 e regi\u00e3o\" \/>\n\t\t<meta property=\"og:type\" content=\"article\" \/>\n\t\t<meta property=\"og:title\" content=\"Defesa Civil emite alerta sobre a possibilidade de inunda\u00e7\u00f5es - A Not\u00edcia Online\" \/>\n\t\t<meta property=\"og:description\" content=\"A coordena\u00e7\u00e3o da Defesa Civil de Muria\u00e9 emitiu um alerta sobre a possibilidade de inunda\u00e7\u00f5es pontuais devido \u00e0 chuva que caiu em Mira\u00ed na noite de ter\u00e7a (29) e na madrugada de quarta-feira (30). Segundo a Defesa Civil, a princ\u00edpio, a situa\u00e7\u00e3o est\u00e1 controlada, mas vale ressaltar que choveu consideravelmente na noite anterior, principalmente em\" \/>\n\t\t<meta property=\"og:url\" content=\"https:\/\/anoticiaonline.com.br\/site\/defesa-civil-emite-alerta-para-a-possibilidade-de-inundacoes\/\" \/>\n\t\t<meta property=\"og:image\" content=\"https:\/\/scontent-gig4-1.xx.fbcdn.net\/v\/t39.30808-1\/270437624_4564083193639691_6907940295614233970_n.jpg?stp=dst-jpg_s200x200_tt6&#038;_nc_cat=111&#038;ccb=1-7&#038;_nc_sid=f907e8&#038;_nc_ohc=SM1wRlP3lJwQ7kNvwEPuBYA&#038;_nc_oc=AdnqrjDN_BNjSSHWO-GbkIWH6fkGMLw4bqvL_NH6e2wMveX7G-rP2dAqsDSq1mJMOaY&#038;_nc_zt=24&#038;_nc_ht=scontent-gig4-1.xx&#038;_nc_gid=AoBFJeGrT1hVaew_6rchkQ&#038;oh=00_AfX7QmFGhQhG2jAllVgXCiM1ZrWgvtp80-Bfppyexh1QEg&#038;oe=689E923C\" \/>\n\t\t<meta property=\"og:image:secure_url\" content=\"https:\/\/scontent-gig4-1.xx.fbcdn.net\/v\/t39.30808-1\/270437624_4564083193639691_6907940295614233970_n.jpg?stp=dst-jpg_s200x200_tt6&#038;_nc_cat=111&#038;ccb=1-7&#038;_nc_sid=f907e8&#038;_nc_ohc=SM1wRlP3lJwQ7kNvwEPuBYA&#038;_nc_oc=AdnqrjDN_BNjSSHWO-GbkIWH6fkGMLw4bqvL_NH6e2wMveX7G-rP2dAqsDSq1mJMOaY&#038;_nc_zt=24&#038;_nc_ht=scontent-gig4-1.xx&#038;_nc_gid=AoBFJeGrT1hVaew_6rchkQ&#038;oh=00_AfX7QmFGhQhG2jAllVgXCiM1ZrWgvtp80-Bfppyexh1QEg&#038;oe=689E923C\" \/>\n\t\t<meta property=\"article:published_time\" content=\"2016-11-30T12:25:26+00:00\" \/>\n\t\t<meta property=\"article:modified_time\" content=\"2016-11-30T12:52:39+00:00\" \/>\n\t\t<meta name=\"twitter:card\" content=\"summary_large_image\" \/>\n\t\t<meta name=\"twitter:title\" content=\"Defesa Civil emite alerta sobre a possibilidade de inunda\u00e7\u00f5es - A Not\u00edcia Online\" \/>\n\t\t<meta name=\"twitter:description\" content=\"A coordena\u00e7\u00e3o da Defesa Civil de Muria\u00e9 emitiu um alerta sobre a possibilidade de inunda\u00e7\u00f5es pontuais devido \u00e0 chuva que caiu em Mira\u00ed na noite de ter\u00e7a (29) e na madrugada de quarta-feira (30). Segundo a Defesa Civil, a princ\u00edpio, a situa\u00e7\u00e3o est\u00e1 controlada, mas vale ressaltar que choveu consideravelmente na noite anterior, principalmente em\" \/>\n\t\t<meta name=\"twitter:image\" content=\"https:\/\/scontent-gig4-1.xx.fbcdn.net\/v\/t39.30808-1\/270437624_4564083193639691_6907940295614233970_n.jpg?stp=dst-jpg_s200x200_tt6&amp;_nc_cat=111&amp;ccb=1-7&amp;_nc_sid=f907e8&amp;_nc_ohc=SM1wRlP3lJwQ7kNvwEPuBYA&amp;_nc_oc=AdnqrjDN_BNjSSHWO-GbkIWH6fkGMLw4bqvL_NH6e2wMveX7G-rP2dAqsDSq1mJMOaY&amp;_nc_zt=24&amp;_nc_ht=scontent-gig4-1.xx&amp;_nc_gid=AoBFJeGrT1hVaew_6rchkQ&amp;oh=00_AfX7QmFGhQhG2jAllVgXCiM1ZrWgvtp80-Bfppyexh1QEg&amp;oe=689E923C\" \/>\n\t\t<script type=\"application\/ld+json\" class=\"aioseo-schema\">\n\t\t\t{\"@context\":\"https:\\\/\\\/schema.org\",\"@graph\":[{\"@type\":\"BlogPosting\",\"@id\":\"https:\\\/\\\/anoticiaonline.com.br\\\/site\\\/defesa-civil-emite-alerta-para-a-possibilidade-de-inundacoes\\\/#blogposting\",\"name\":\"Defesa Civil emite alerta sobre a possibilidade de inunda\\u00e7\\u00f5es - A Not\\u00edcia Online\",\"headline\":\"Defesa Civil emite alerta sobre a possibilidade de inunda\\u00e7\\u00f5es\",\"author\":{\"@id\":\"https:\\\/\\\/anoticiaonline.com.br\\\/site\\\/author\\\/juliana\\\/#author\"},\"publisher\":{\"@id\":\"https:\\\/\\\/anoticiaonline.com.br\\\/site\\\/#organization\"},\"image\":{\"@type\":\"ImageObject\",\"url\":\"https:\\\/\\\/anoticiaonline.com.br\\\/site\\\/wp-content\\\/uploads\\\/2016\\\/11\\\/imagem.jpg\",\"width\":640,\"height\":277},\"datePublished\":\"2016-11-30T09:25:26-03:00\",\"dateModified\":\"2016-11-30T09:52:39-03:00\",\"inLanguage\":\"pt-BR\",\"mainEntityOfPage\":{\"@id\":\"https:\\\/\\\/anoticiaonline.com.br\\\/site\\\/defesa-civil-emite-alerta-para-a-possibilidade-de-inundacoes\\\/#webpage\"},\"isPartOf\":{\"@id\":\"https:\\\/\\\/anoticiaonline.com.br\\\/site\\\/defesa-civil-emite-alerta-para-a-possibilidade-de-inundacoes\\\/#webpage\"},\"articleSection\":\"Blog, slide\"},{\"@type\":\"BreadcrumbList\",\"@id\":\"https:\\\/\\\/anoticiaonline.com.br\\\/site\\\/defesa-civil-emite-alerta-para-a-possibilidade-de-inundacoes\\\/#breadcrumblist\",\"itemListElement\":[{\"@type\":\"ListItem\",\"@id\":\"https:\\\/\\\/anoticiaonline.com.br\\\/site#listItem\",\"position\":1,\"name\":\"Home\",\"item\":\"https:\\\/\\\/anoticiaonline.com.br\\\/site\",\"nextItem\":{\"@type\":\"ListItem\",\"@id\":\"https:\\\/\\\/anoticiaonline.com.br\\\/site\\\/categoria\\\/muriae\\\/#listItem\",\"name\":\"Blog\"}},{\"@type\":\"ListItem\",\"@id\":\"https:\\\/\\\/anoticiaonline.com.br\\\/site\\\/categoria\\\/muriae\\\/#listItem\",\"position\":2,\"name\":\"Blog\",\"item\":\"https:\\\/\\\/anoticiaonline.com.br\\\/site\\\/categoria\\\/muriae\\\/\",\"nextItem\":{\"@type\":\"ListItem\",\"@id\":\"https:\\\/\\\/anoticiaonline.com.br\\\/site\\\/defesa-civil-emite-alerta-para-a-possibilidade-de-inundacoes\\\/#listItem\",\"name\":\"Defesa Civil emite alerta sobre a possibilidade de inunda\\u00e7\\u00f5es\"},\"previousItem\":{\"@type\":\"ListItem\",\"@id\":\"https:\\\/\\\/anoticiaonline.com.br\\\/site#listItem\",\"name\":\"Home\"}},{\"@type\":\"ListItem\",\"@id\":\"https:\\\/\\\/anoticiaonline.com.br\\\/site\\\/defesa-civil-emite-alerta-para-a-possibilidade-de-inundacoes\\\/#listItem\",\"position\":3,\"name\":\"Defesa Civil emite alerta sobre a possibilidade de inunda\\u00e7\\u00f5es\",\"previousItem\":{\"@type\":\"ListItem\",\"@id\":\"https:\\\/\\\/anoticiaonline.com.br\\\/site\\\/categoria\\\/muriae\\\/#listItem\",\"name\":\"Blog\"}}]},{\"@type\":\"Organization\",\"@id\":\"https:\\\/\\\/anoticiaonline.com.br\\\/site\\\/#organization\",\"name\":\"A Not\\u00edcia Online\",\"description\":\"Noticias de Muria\\u00e9 e regi\\u00e3o\",\"url\":\"https:\\\/\\\/anoticiaonline.com.br\\\/site\\\/\",\"logo\":{\"@type\":\"ImageObject\",\"url\":\"https:\\\/\\\/scontent-gig4-1.xx.fbcdn.net\\\/v\\\/t39.30808-1\\\/270437624_4564083193639691_6907940295614233970_n.jpg?stp=dst-jpg_s200x200_tt6&_nc_cat=111&ccb=1-7&_nc_sid=f907e8&_nc_ohc=SM1wRlP3lJwQ7kNvwEPuBYA&_nc_oc=AdnqrjDN_BNjSSHWO-GbkIWH6fkGMLw4bqvL_NH6e2wMveX7G-rP2dAqsDSq1mJMOaY&_nc_zt=24&_nc_ht=scontent-gig4-1.xx&_nc_gid=AoBFJeGrT1hVaew_6rchkQ&oh=00_AfX7QmFGhQhG2jAllVgXCiM1ZrWgvtp80-Bfppyexh1QEg&oe=689E923C\",\"@id\":\"https:\\\/\\\/anoticiaonline.com.br\\\/site\\\/defesa-civil-emite-alerta-para-a-possibilidade-de-inundacoes\\\/#organizationLogo\"},\"image\":{\"@id\":\"https:\\\/\\\/anoticiaonline.com.br\\\/site\\\/defesa-civil-emite-alerta-para-a-possibilidade-de-inundacoes\\\/#organizationLogo\"}},{\"@type\":\"Person\",\"@id\":\"https:\\\/\\\/anoticiaonline.com.br\\\/site\\\/author\\\/juliana\\\/#author\",\"url\":\"https:\\\/\\\/anoticiaonline.com.br\\\/site\\\/author\\\/juliana\\\/\",\"name\":\"Juliana Laviola\",\"image\":{\"@type\":\"ImageObject\",\"@id\":\"https:\\\/\\\/anoticiaonline.com.br\\\/site\\\/defesa-civil-emite-alerta-para-a-possibilidade-de-inundacoes\\\/#authorImage\",\"url\":\"https:\\\/\\\/secure.gravatar.com\\\/avatar\\\/b8d45f5c699b100dfaf0e543582f38f38bf94cb7ae3a5e9abf8d891a34773335?s=96&d=mm&r=g\",\"width\":96,\"height\":96,\"caption\":\"Juliana Laviola\"}},{\"@type\":\"WebPage\",\"@id\":\"https:\\\/\\\/anoticiaonline.com.br\\\/site\\\/defesa-civil-emite-alerta-para-a-possibilidade-de-inundacoes\\\/#webpage\",\"url\":\"https:\\\/\\\/anoticiaonline.com.br\\\/site\\\/defesa-civil-emite-alerta-para-a-possibilidade-de-inundacoes\\\/\",\"name\":\"Defesa Civil emite alerta sobre a possibilidade de inunda\\u00e7\\u00f5es - A Not\\u00edcia Online\",\"description\":\"A coordena\\u00e7\\u00e3o da Defesa Civil de Muria\\u00e9 emitiu um alerta sobre a possibilidade de inunda\\u00e7\\u00f5es pontuais devido \\u00e0 chuva que caiu em Mira\\u00ed na noite de ter\\u00e7a (29) e na madrugada de quarta-feira (30). Segundo a Defesa Civil, a princ\\u00edpio, a situa\\u00e7\\u00e3o est\\u00e1 controlada, mas vale ressaltar que choveu consideravelmente na noite anterior, principalmente em\",\"inLanguage\":\"pt-BR\",\"isPartOf\":{\"@id\":\"https:\\\/\\\/anoticiaonline.com.br\\\/site\\\/#website\"},\"breadcrumb\":{\"@id\":\"https:\\\/\\\/anoticiaonline.com.br\\\/site\\\/defesa-civil-emite-alerta-para-a-possibilidade-de-inundacoes\\\/#breadcrumblist\"},\"author\":{\"@id\":\"https:\\\/\\\/anoticiaonline.com.br\\\/site\\\/author\\\/juliana\\\/#author\"},\"creator\":{\"@id\":\"https:\\\/\\\/anoticiaonline.com.br\\\/site\\\/author\\\/juliana\\\/#author\"},\"image\":{\"@type\":\"ImageObject\",\"url\":\"https:\\\/\\\/anoticiaonline.com.br\\\/site\\\/wp-content\\\/uploads\\\/2016\\\/11\\\/imagem.jpg\",\"@id\":\"https:\\\/\\\/anoticiaonline.com.br\\\/site\\\/defesa-civil-emite-alerta-para-a-possibilidade-de-inundacoes\\\/#mainImage\",\"width\":640,\"height\":277},\"primaryImageOfPage\":{\"@id\":\"https:\\\/\\\/anoticiaonline.com.br\\\/site\\\/defesa-civil-emite-alerta-para-a-possibilidade-de-inundacoes\\\/#mainImage\"},\"datePublished\":\"2016-11-30T09:25:26-03:00\",\"dateModified\":\"2016-11-30T09:52:39-03:00\"},{\"@type\":\"WebSite\",\"@id\":\"https:\\\/\\\/anoticiaonline.com.br\\\/site\\\/#website\",\"url\":\"https:\\\/\\\/anoticiaonline.com.br\\\/site\\\/\",\"name\":\"A Not\\u00edcia Online\",\"description\":\"Noticias de Muria\\u00e9 e regi\\u00e3o\",\"inLanguage\":\"pt-BR\",\"publisher\":{\"@id\":\"https:\\\/\\\/anoticiaonline.com.br\\\/site\\\/#organization\"}}]}\n\t\t<\/script>\n\t\t<!-- All in One SEO -->\n\n","aioseo_head_json":{"title":"Defesa Civil emite alerta sobre a possibilidade de inunda\u00e7\u00f5es - A Not\u00edcia Online","description":"A coordena\u00e7\u00e3o da Defesa Civil de Muria\u00e9 emitiu um alerta sobre a possibilidade de inunda\u00e7\u00f5es pontuais devido \u00e0 chuva que caiu em Mira\u00ed na noite de ter\u00e7a (29) e na madrugada de quarta-feira (30). Segundo a Defesa Civil, a princ\u00edpio, a situa\u00e7\u00e3o est\u00e1 controlada, mas vale ressaltar que choveu consideravelmente na noite anterior, principalmente em","canonical_url":"https:\/\/anoticiaonline.com.br\/site\/defesa-civil-emite-alerta-para-a-possibilidade-de-inundacoes\/","robots":"max-image-preview:large","keywords":"","webmasterTools":{"miscellaneous":""},"schema":{"@context":"https:\/\/schema.org","@graph":[{"@type":"BlogPosting","@id":"https:\/\/anoticiaonline.com.br\/site\/defesa-civil-emite-alerta-para-a-possibilidade-de-inundacoes\/#blogposting","name":"Defesa Civil emite alerta sobre a possibilidade de inunda\u00e7\u00f5es - A Not\u00edcia Online","headline":"Defesa Civil emite alerta sobre a possibilidade de inunda\u00e7\u00f5es","author":{"@id":"https:\/\/anoticiaonline.com.br\/site\/author\/juliana\/#author"},"publisher":{"@id":"https:\/\/anoticiaonline.com.br\/site\/#organization"},"image":{"@type":"ImageObject","url":"https:\/\/anoticiaonline.com.br\/site\/wp-content\/uploads\/2016\/11\/imagem.jpg","width":640,"height":277},"datePublished":"2016-11-30T09:25:26-03:00","dateModified":"2016-11-30T09:52:39-03:00","inLanguage":"pt-BR","mainEntityOfPage":{"@id":"https:\/\/anoticiaonline.com.br\/site\/defesa-civil-emite-alerta-para-a-possibilidade-de-inundacoes\/#webpage"},"isPartOf":{"@id":"https:\/\/anoticiaonline.com.br\/site\/defesa-civil-emite-alerta-para-a-possibilidade-de-inundacoes\/#webpage"},"articleSection":"Blog, slide"},{"@type":"BreadcrumbList","@id":"https:\/\/anoticiaonline.com.br\/site\/defesa-civil-emite-alerta-para-a-possibilidade-de-inundacoes\/#breadcrumblist","itemListElement":[{"@type":"ListItem","@id":"https:\/\/anoticiaonline.com.br\/site#listItem","position":1,"name":"Home","item":"https:\/\/anoticiaonline.com.br\/site","nextItem":{"@type":"ListItem","@id":"https:\/\/anoticiaonline.com.br\/site\/categoria\/muriae\/#listItem","name":"Blog"}},{"@type":"ListItem","@id":"https:\/\/anoticiaonline.com.br\/site\/categoria\/muriae\/#listItem","position":2,"name":"Blog","item":"https:\/\/anoticiaonline.com.br\/site\/categoria\/muriae\/","nextItem":{"@type":"ListItem","@id":"https:\/\/anoticiaonline.com.br\/site\/defesa-civil-emite-alerta-para-a-possibilidade-de-inundacoes\/#listItem","name":"Defesa Civil emite alerta sobre a possibilidade de inunda\u00e7\u00f5es"},"previousItem":{"@type":"ListItem","@id":"https:\/\/anoticiaonline.com.br\/site#listItem","name":"Home"}},{"@type":"ListItem","@id":"https:\/\/anoticiaonline.com.br\/site\/defesa-civil-emite-alerta-para-a-possibilidade-de-inundacoes\/#listItem","position":3,"name":"Defesa Civil emite alerta sobre a possibilidade de inunda\u00e7\u00f5es","previousItem":{"@type":"ListItem","@id":"https:\/\/anoticiaonline.com.br\/site\/categoria\/muriae\/#listItem","name":"Blog"}}]},{"@type":"Organization","@id":"https:\/\/anoticiaonline.com.br\/site\/#organization","name":"A Not\u00edcia Online","description":"Noticias de Muria\u00e9 e regi\u00e3o","url":"https:\/\/anoticiaonline.com.br\/site\/","logo":{"@type":"ImageObject","url":"https:\/\/scontent-gig4-1.xx.fbcdn.net\/v\/t39.30808-1\/270437624_4564083193639691_6907940295614233970_n.jpg?stp=dst-jpg_s200x200_tt6&_nc_cat=111&ccb=1-7&_nc_sid=f907e8&_nc_ohc=SM1wRlP3lJwQ7kNvwEPuBYA&_nc_oc=AdnqrjDN_BNjSSHWO-GbkIWH6fkGMLw4bqvL_NH6e2wMveX7G-rP2dAqsDSq1mJMOaY&_nc_zt=24&_nc_ht=scontent-gig4-1.xx&_nc_gid=AoBFJeGrT1hVaew_6rchkQ&oh=00_AfX7QmFGhQhG2jAllVgXCiM1ZrWgvtp80-Bfppyexh1QEg&oe=689E923C","@id":"https:\/\/anoticiaonline.com.br\/site\/defesa-civil-emite-alerta-para-a-possibilidade-de-inundacoes\/#organizationLogo"},"image":{"@id":"https:\/\/anoticiaonline.com.br\/site\/defesa-civil-emite-alerta-para-a-possibilidade-de-inundacoes\/#organizationLogo"}},{"@type":"Person","@id":"https:\/\/anoticiaonline.com.br\/site\/author\/juliana\/#author","url":"https:\/\/anoticiaonline.com.br\/site\/author\/juliana\/","name":"Juliana Laviola","image":{"@type":"ImageObject","@id":"https:\/\/anoticiaonline.com.br\/site\/defesa-civil-emite-alerta-para-a-possibilidade-de-inundacoes\/#authorImage","url":"https:\/\/secure.gravatar.com\/avatar\/b8d45f5c699b100dfaf0e543582f38f38bf94cb7ae3a5e9abf8d891a34773335?s=96&d=mm&r=g","width":96,"height":96,"caption":"Juliana Laviola"}},{"@type":"WebPage","@id":"https:\/\/anoticiaonline.com.br\/site\/defesa-civil-emite-alerta-para-a-possibilidade-de-inundacoes\/#webpage","url":"https:\/\/anoticiaonline.com.br\/site\/defesa-civil-emite-alerta-para-a-possibilidade-de-inundacoes\/","name":"Defesa Civil emite alerta sobre a possibilidade de inunda\u00e7\u00f5es - A Not\u00edcia Online","description":"A coordena\u00e7\u00e3o da Defesa Civil de Muria\u00e9 emitiu um alerta sobre a possibilidade de inunda\u00e7\u00f5es pontuais devido \u00e0 chuva que caiu em Mira\u00ed na noite de ter\u00e7a (29) e na madrugada de quarta-feira (30). Segundo a Defesa Civil, a princ\u00edpio, a situa\u00e7\u00e3o est\u00e1 controlada, mas vale ressaltar que choveu consideravelmente na noite anterior, principalmente em","inLanguage":"pt-BR","isPartOf":{"@id":"https:\/\/anoticiaonline.com.br\/site\/#website"},"breadcrumb":{"@id":"https:\/\/anoticiaonline.com.br\/site\/defesa-civil-emite-alerta-para-a-possibilidade-de-inundacoes\/#breadcrumblist"},"author":{"@id":"https:\/\/anoticiaonline.com.br\/site\/author\/juliana\/#author"},"creator":{"@id":"https:\/\/anoticiaonline.com.br\/site\/author\/juliana\/#author"},"image":{"@type":"ImageObject","url":"https:\/\/anoticiaonline.com.br\/site\/wp-content\/uploads\/2016\/11\/imagem.jpg","@id":"https:\/\/anoticiaonline.com.br\/site\/defesa-civil-emite-alerta-para-a-possibilidade-de-inundacoes\/#mainImage","width":640,"height":277},"primaryImageOfPage":{"@id":"https:\/\/anoticiaonline.com.br\/site\/defesa-civil-emite-alerta-para-a-possibilidade-de-inundacoes\/#mainImage"},"datePublished":"2016-11-30T09:25:26-03:00","dateModified":"2016-11-30T09:52:39-03:00"},{"@type":"WebSite","@id":"https:\/\/anoticiaonline.com.br\/site\/#website","url":"https:\/\/anoticiaonline.com.br\/site\/","name":"A Not\u00edcia Online","description":"Noticias de Muria\u00e9 e regi\u00e3o","inLanguage":"pt-BR","publisher":{"@id":"https:\/\/anoticiaonline.com.br\/site\/#organization"}}]},"og:locale":"pt_BR","og:site_name":"A Not\u00edcia Online - Noticias de Muria\u00e9 e regi\u00e3o","og:type":"article","og:title":"Defesa Civil emite alerta sobre a possibilidade de inunda\u00e7\u00f5es - A Not\u00edcia Online","og:description":"A coordena\u00e7\u00e3o da Defesa Civil de Muria\u00e9 emitiu um alerta sobre a possibilidade de inunda\u00e7\u00f5es pontuais devido \u00e0 chuva que caiu em Mira\u00ed na noite de ter\u00e7a (29) e na madrugada de quarta-feira (30). Segundo a Defesa Civil, a princ\u00edpio, a situa\u00e7\u00e3o est\u00e1 controlada, mas vale ressaltar que choveu consideravelmente na noite anterior, principalmente em","og:url":"https:\/\/anoticiaonline.com.br\/site\/defesa-civil-emite-alerta-para-a-possibilidade-de-inundacoes\/","og:image":"https:\/\/scontent-gig4-1.xx.fbcdn.net\/v\/t39.30808-1\/270437624_4564083193639691_6907940295614233970_n.jpg?stp=dst-jpg_s200x200_tt6&#038;_nc_cat=111&#038;ccb=1-7&#038;_nc_sid=f907e8&#038;_nc_ohc=SM1wRlP3lJwQ7kNvwEPuBYA&#038;_nc_oc=AdnqrjDN_BNjSSHWO-GbkIWH6fkGMLw4bqvL_NH6e2wMveX7G-rP2dAqsDSq1mJMOaY&#038;_nc_zt=24&#038;_nc_ht=scontent-gig4-1.xx&#038;_nc_gid=AoBFJeGrT1hVaew_6rchkQ&#038;oh=00_AfX7QmFGhQhG2jAllVgXCiM1ZrWgvtp80-Bfppyexh1QEg&#038;oe=689E923C","og:image:secure_url":"https:\/\/scontent-gig4-1.xx.fbcdn.net\/v\/t39.30808-1\/270437624_4564083193639691_6907940295614233970_n.jpg?stp=dst-jpg_s200x200_tt6&#038;_nc_cat=111&#038;ccb=1-7&#038;_nc_sid=f907e8&#038;_nc_ohc=SM1wRlP3lJwQ7kNvwEPuBYA&#038;_nc_oc=AdnqrjDN_BNjSSHWO-GbkIWH6fkGMLw4bqvL_NH6e2wMveX7G-rP2dAqsDSq1mJMOaY&#038;_nc_zt=24&#038;_nc_ht=scontent-gig4-1.xx&#038;_nc_gid=AoBFJeGrT1hVaew_6rchkQ&#038;oh=00_AfX7QmFGhQhG2jAllVgXCiM1ZrWgvtp80-Bfppyexh1QEg&#038;oe=689E923C","article:published_time":"2016-11-30T12:25:26+00:00","article:modified_time":"2016-11-30T12:52:39+00:00","twitter:card":"summary_large_image","twitter:title":"Defesa Civil emite alerta sobre a possibilidade de inunda\u00e7\u00f5es - A Not\u00edcia Online","twitter:description":"A coordena\u00e7\u00e3o da Defesa Civil de Muria\u00e9 emitiu um alerta sobre a possibilidade de inunda\u00e7\u00f5es pontuais devido \u00e0 chuva que caiu em Mira\u00ed na noite de ter\u00e7a (29) e na madrugada de quarta-feira (30). Segundo a Defesa Civil, a princ\u00edpio, a situa\u00e7\u00e3o est\u00e1 controlada, mas vale ressaltar que choveu consideravelmente na noite anterior, principalmente em","twitter:image":"https:\/\/scontent-gig4-1.xx.fbcdn.net\/v\/t39.30808-1\/270437624_4564083193639691_6907940295614233970_n.jpg?stp=dst-jpg_s200x200_tt6&_nc_cat=111&ccb=1-7&_nc_sid=f907e8&_nc_ohc=SM1wRlP3lJwQ7kNvwEPuBYA&_nc_oc=AdnqrjDN_BNjSSHWO-GbkIWH6fkGMLw4bqvL_NH6e2wMveX7G-rP2dAqsDSq1mJMOaY&_nc_zt=24&_nc_ht=scontent-gig4-1.xx&_nc_gid=AoBFJeGrT1hVaew_6rchkQ&oh=00_AfX7QmFGhQhG2jAllVgXCiM1ZrWgvtp80-Bfppyexh1QEg&oe=689E923C"},"aioseo_meta_data":{"post_id":"22262","title":null,"description":null,"keywords":null,"keyphrases":null,"primary_term":null,"canonical_url":null,"og_title":null,"og_description":null,"og_object_type":"default","og_image_type":"default","og_image_url":null,"og_image_width":null,"og_image_height":null,"og_image_custom_url":null,"og_image_custom_fields":null,"og_video":null,"og_custom_url":null,"og_article_section":null,"og_article_tags":null,"twitter_use_og":false,"twitter_card":"default","twitter_image_type":"default","twitter_image_url":null,"twitter_image_custom_url":null,"twitter_image_custom_fields":null,"twitter_title":null,"twitter_description":null,"schema":{"blockGraphs":[],"customGraphs":[],"default":{"data":{"Article":[],"Course":[],"Dataset":[],"FAQPage":[],"Movie":[],"Person":[],"Product":[],"ProductReview":[],"Car":[],"Recipe":[],"Service":[],"SoftwareApplication":[],"WebPage":[]},"graphName":"","isEnabled":true},"graphs":[]},"schema_type":"default","schema_type_options":null,"pillar_content":false,"robots_default":true,"robots_noindex":false,"robots_noarchive":false,"robots_nosnippet":false,"robots_nofollow":false,"robots_noimageindex":false,"robots_noodp":false,"robots_notranslate":false,"robots_max_snippet":null,"robots_max_videopreview":null,"robots_max_imagepreview":"large","priority":null,"frequency":null,"local_seo":null,"breadcrumb_settings":null,"limit_modified_date":false,"ai":null,"created":"2025-08-16 17:15:18","updated":"2025-08-16 17:15:18","focus_keyword":null,"additional_keywords":null,"truseo_locale":null,"seo_analyzer_scan_date":null},"aioseo_breadcrumb":"<div class=\"aioseo-breadcrumbs\"><span class=\"aioseo-breadcrumb\">\n\t\t\t<a href=\"https:\/\/anoticiaonline.com.br\/site\" title=\"Home\">Home<\/a>\n\t\t<\/span><span class=\"aioseo-breadcrumb-separator\">&raquo;<\/span><span class=\"aioseo-breadcrumb\">\n\t\t\t<a href=\"https:\/\/anoticiaonline.com.br\/site\/categoria\/muriae\/\" title=\"Blog\">Blog<\/a>\n\t\t<\/span><span class=\"aioseo-breadcrumb-separator\">&raquo;<\/span><span class=\"aioseo-breadcrumb\">\n\t\t\tDefesa Civil emite alerta sobre a possibilidade de inunda\u00e7\u00f5es\n\t\t<\/span><\/div>","aioseo_breadcrumb_json":[{"label":"Home","link":"https:\/\/anoticiaonline.com.br\/site"},{"label":"Blog","link":"https:\/\/anoticiaonline.com.br\/site\/categoria\/muriae\/"},{"label":"Defesa Civil emite alerta sobre a possibilidade de inunda\u00e7\u00f5es","link":"https:\/\/anoticiaonline.com.br\/site\/defesa-civil-emite-alerta-para-a-possibilidade-de-inundacoes\/"}],"views":143,"_links":{"self":[{"href":"https:\/\/anoticiaonline.com.br\/site\/wp-json\/wp\/v2\/posts\/22262","targetHints":{"allow":["GET"]}}],"collection":[{"href":"https:\/\/anoticiaonline.com.br\/site\/wp-json\/wp\/v2\/posts"}],"about":[{"href":"https:\/\/anoticiaonline.com.br\/site\/wp-json\/wp\/v2\/types\/post"}],"author":[{"embeddable":true,"href":"https:\/\/anoticiaonline.com.br\/site\/wp-json\/wp\/v2\/users\/2"}],"replies":[{"embeddable":true,"href":"https:\/\/anoticiaonline.com.br\/site\/wp-json\/wp\/v2\/comments?post=22262"}],"version-history":[{"count":0,"href":"https:\/\/anoticiaonline.com.br\/site\/wp-json\/wp\/v2\/posts\/22262\/revisions"}],"wp:featuredmedia":[{"embeddable":true,"href":"https:\/\/anoticiaonline.com.br\/site\/wp-json\/wp\/v2\/media\/22263"}],"wp:attachment":[{"href":"https:\/\/anoticiaonline.com.br\/site\/wp-json\/wp\/v2\/media?parent=22262"}],"wp:term":[{"taxonomy":"category","embeddable":true,"href":"https:\/\/anoticiaonline.com.br\/site\/wp-json\/wp\/v2\/categories?post=22262"},{"taxonomy":"post_tag","embeddable":true,"href":"https:\/\/anoticiaonline.com.br\/site\/wp-json\/wp\/v2\/tags?post=22262"}],"curies":[{"name":"wp","href":"https:\/\/api.w.org\/{rel}","templated":true}]}}