{"id":22245,"date":"2016-11-28T10:57:07","date_gmt":"2016-11-28T13:57:07","guid":{"rendered":"http:\/\/anoticiaonline.com.br\/site\/?p=22245"},"modified":"2016-11-28T10:58:07","modified_gmt":"2016-11-28T13:58:07","slug":"lancada-a-operacao-natalina-da-policia-militar","status":"publish","type":"post","link":"https:\/\/anoticiaonline.com.br\/site\/lancada-a-operacao-natalina-da-policia-militar\/","title":{"rendered":"Lan\u00e7ada a Opera\u00e7\u00e3o Natalina, da Pol\u00edcia Militar"},"content":{"rendered":"<p><a href=\"https:\/\/anoticiaonline.com.br\/site\/wp-content\/uploads\/2016\/11\/Lan\u00e7ada-a-Opera\u00e7\u00e3o-Natalina.jpg\"><img decoding=\"async\" class=\" size-medium wp-image-22246 alignleft\" src=\"https:\/\/anoticiaonline.com.br\/site\/wp-content\/uploads\/2016\/11\/Lan\u00e7ada-a-Opera\u00e7\u00e3o-Natalina-300x157.jpg\" alt=\"lancada-a-operacao-natalina\" width=\"300\" height=\"157\" srcset=\"https:\/\/anoticiaonline.com.br\/site\/wp-content\/uploads\/2016\/11\/Lan\u00e7ada-a-Opera\u00e7\u00e3o-Natalina-300x157.jpg 300w, https:\/\/anoticiaonline.com.br\/site\/wp-content\/uploads\/2016\/11\/Lan\u00e7ada-a-Opera\u00e7\u00e3o-Natalina.jpg 640w\" sizes=\"(max-width: 300px) 100vw, 300px\" \/><\/a>A Pol\u00edcia Militar lan\u00e7ou a edi\u00e7\u00e3o 2016 da Opera\u00e7\u00e3o Natalina, que vai refor\u00e7ar, at\u00e9 o fim do ano, o policiamento nas principais \u00e1reas comerciais da cidade \u2013 Centro, Barra e Dornelas.<\/p>\n<p>O lan\u00e7amento aconteceu na manh\u00e3 de s\u00e1bado (26), na Pra\u00e7a Jo\u00e3o Pinheiro, Centro e contou com a presen\u00e7a do comandante do 47\u00ba Batalh\u00e3o, tenente-coronel Ranieri, do subcomandante, major Andr\u00e9 Cotrim, do comandante 76\u00aa Companhia, capit\u00e3o Fortunato, al\u00e9m de oficiais, pra\u00e7as e representantes do com\u00e9rcio.<\/p>\n<p>Ao todo, com a opera\u00e7\u00e3o, mais 30 policiais, incluindo o contingente de militares do setor administrativo do 47\u00ba Batalh\u00e3o e da 76\u00aa Companhia, al\u00e9m do efetivo rotineiro, estar\u00e3o nas ruas, multiplicando, assim, a presen\u00e7a da PM.<\/p>\n<p>O objetivo \u00e9, segundo o comandante da 76\u00aa Companhia, capit\u00e3o Fortunato, potencializar as a\u00e7\u00f5es preventivas da Pol\u00edcia Militar nesse per\u00edodo, quando o fluxo de capital e de pessoas nos centros comerciais aumenta consideravelmente devido ao Natal e \u00e0s festas de fim de ano. \u201cO movimento impacta o com\u00e9rcio, e em raz\u00e3o disso, a Pol\u00edcia Militar vem para suplementar o efetivo ordin\u00e1rio com os militares da atividade meio da administra\u00e7\u00e3o, para que possamos ter o maior n\u00famero de policiais militares aplicados nos hor\u00e1rios de maior fluxo de pessoas, aumentando, assim, a sensa\u00e7\u00e3o seguran\u00e7a objetiva e subjetiva\u201d, afirma.<\/p>\n","protected":false},"excerpt":{"rendered":"<p>A Pol\u00edcia Militar lan\u00e7ou a edi\u00e7\u00e3o 2016 da Opera\u00e7\u00e3o Natalina, que vai refor\u00e7ar, at\u00e9 o fim do ano, o policiamento nas principais \u00e1reas comerciais da cidade \u2013 Centro, Barra e Dornelas. O lan\u00e7amento aconteceu na manh\u00e3 de s\u00e1bado (26), na Pra\u00e7a Jo\u00e3o Pinheiro, Centro e contou com a presen\u00e7a do comandante do 47\u00ba Batalh\u00e3o, tenente-coronel &#8230; <a title=\"Lan\u00e7ada a Opera\u00e7\u00e3o Natalina, da Pol\u00edcia Militar\" class=\"read-more\" href=\"https:\/\/anoticiaonline.com.br\/site\/lancada-a-operacao-natalina-da-policia-militar\/\" aria-label=\"Read more about Lan\u00e7ada a Opera\u00e7\u00e3o Natalina, da Pol\u00edcia Militar\">Ler mais<\/a><\/p>\n","protected":false},"author":2,"featured_media":22246,"comment_status":"open","ping_status":"open","sticky":false,"template":"","format":"standard","meta":{"_acf_changed":false,"_monsterinsights_skip_tracking":false,"footnotes":""},"categories":[30],"tags":[3],"class_list":["post-22245","post","type-post","status-publish","format-standard","has-post-thumbnail","hentry","category-muriae","tag-slide"],"acf":[],"aioseo_notices":[],"aioseo_head":"\n\t\t<!-- All in One SEO 5.0.0.1 - aioseo.com -->\n\t<meta name=\"description\" content=\"A Pol\u00edcia Militar lan\u00e7ou a edi\u00e7\u00e3o 2016 da Opera\u00e7\u00e3o Natalina, que vai refor\u00e7ar, at\u00e9 o fim do ano, o policiamento nas principais \u00e1reas comerciais da cidade \u2013 Centro, Barra e Dornelas. O lan\u00e7amento aconteceu na manh\u00e3 de s\u00e1bado (26), na Pra\u00e7a Jo\u00e3o Pinheiro, Centro e contou com a presen\u00e7a do comandante do 47\u00ba Batalh\u00e3o, tenente-coronel\" \/>\n\t<meta name=\"robots\" content=\"max-image-preview:large\" \/>\n\t<meta name=\"author\" content=\"Juliana Laviola\"\/>\n\t<link rel=\"canonical\" href=\"https:\/\/anoticiaonline.com.br\/site\/lancada-a-operacao-natalina-da-policia-militar\/\" \/>\n\t<meta name=\"generator\" content=\"All in One SEO (AIOSEO) 5.0.0.1\" \/>\n\t\t<meta property=\"og:locale\" content=\"pt_BR\" \/>\n\t\t<meta property=\"og:site_name\" content=\"A Not\u00edcia Online - Noticias de Muria\u00e9 e regi\u00e3o\" \/>\n\t\t<meta property=\"og:type\" content=\"article\" \/>\n\t\t<meta property=\"og:title\" content=\"Lan\u00e7ada a Opera\u00e7\u00e3o Natalina, da Pol\u00edcia Militar - A Not\u00edcia Online\" \/>\n\t\t<meta property=\"og:description\" content=\"A Pol\u00edcia Militar lan\u00e7ou a edi\u00e7\u00e3o 2016 da Opera\u00e7\u00e3o Natalina, que vai refor\u00e7ar, at\u00e9 o fim do ano, o policiamento nas principais \u00e1reas comerciais da cidade \u2013 Centro, Barra e Dornelas. O lan\u00e7amento aconteceu na manh\u00e3 de s\u00e1bado (26), na Pra\u00e7a Jo\u00e3o Pinheiro, Centro e contou com a presen\u00e7a do comandante do 47\u00ba Batalh\u00e3o, tenente-coronel\" \/>\n\t\t<meta property=\"og:url\" content=\"https:\/\/anoticiaonline.com.br\/site\/lancada-a-operacao-natalina-da-policia-militar\/\" \/>\n\t\t<meta property=\"og:image\" content=\"https:\/\/scontent-gig4-1.xx.fbcdn.net\/v\/t39.30808-1\/270437624_4564083193639691_6907940295614233970_n.jpg?stp=dst-jpg_s200x200_tt6&#038;_nc_cat=111&#038;ccb=1-7&#038;_nc_sid=f907e8&#038;_nc_ohc=SM1wRlP3lJwQ7kNvwEPuBYA&#038;_nc_oc=AdnqrjDN_BNjSSHWO-GbkIWH6fkGMLw4bqvL_NH6e2wMveX7G-rP2dAqsDSq1mJMOaY&#038;_nc_zt=24&#038;_nc_ht=scontent-gig4-1.xx&#038;_nc_gid=AoBFJeGrT1hVaew_6rchkQ&#038;oh=00_AfX7QmFGhQhG2jAllVgXCiM1ZrWgvtp80-Bfppyexh1QEg&#038;oe=689E923C\" \/>\n\t\t<meta property=\"og:image:secure_url\" content=\"https:\/\/scontent-gig4-1.xx.fbcdn.net\/v\/t39.30808-1\/270437624_4564083193639691_6907940295614233970_n.jpg?stp=dst-jpg_s200x200_tt6&#038;_nc_cat=111&#038;ccb=1-7&#038;_nc_sid=f907e8&#038;_nc_ohc=SM1wRlP3lJwQ7kNvwEPuBYA&#038;_nc_oc=AdnqrjDN_BNjSSHWO-GbkIWH6fkGMLw4bqvL_NH6e2wMveX7G-rP2dAqsDSq1mJMOaY&#038;_nc_zt=24&#038;_nc_ht=scontent-gig4-1.xx&#038;_nc_gid=AoBFJeGrT1hVaew_6rchkQ&#038;oh=00_AfX7QmFGhQhG2jAllVgXCiM1ZrWgvtp80-Bfppyexh1QEg&#038;oe=689E923C\" \/>\n\t\t<meta property=\"article:published_time\" content=\"2016-11-28T13:57:07+00:00\" \/>\n\t\t<meta property=\"article:modified_time\" content=\"2016-11-28T13:58:07+00:00\" \/>\n\t\t<meta name=\"twitter:card\" content=\"summary_large_image\" \/>\n\t\t<meta name=\"twitter:title\" content=\"Lan\u00e7ada a Opera\u00e7\u00e3o Natalina, da Pol\u00edcia Militar - A Not\u00edcia Online\" \/>\n\t\t<meta name=\"twitter:description\" content=\"A Pol\u00edcia Militar lan\u00e7ou a edi\u00e7\u00e3o 2016 da Opera\u00e7\u00e3o Natalina, que vai refor\u00e7ar, at\u00e9 o fim do ano, o policiamento nas principais \u00e1reas comerciais da cidade \u2013 Centro, Barra e Dornelas. O lan\u00e7amento aconteceu na manh\u00e3 de s\u00e1bado (26), na Pra\u00e7a Jo\u00e3o Pinheiro, Centro e contou com a presen\u00e7a do comandante do 47\u00ba Batalh\u00e3o, tenente-coronel\" \/>\n\t\t<meta name=\"twitter:image\" content=\"https:\/\/scontent-gig4-1.xx.fbcdn.net\/v\/t39.30808-1\/270437624_4564083193639691_6907940295614233970_n.jpg?stp=dst-jpg_s200x200_tt6&amp;_nc_cat=111&amp;ccb=1-7&amp;_nc_sid=f907e8&amp;_nc_ohc=SM1wRlP3lJwQ7kNvwEPuBYA&amp;_nc_oc=AdnqrjDN_BNjSSHWO-GbkIWH6fkGMLw4bqvL_NH6e2wMveX7G-rP2dAqsDSq1mJMOaY&amp;_nc_zt=24&amp;_nc_ht=scontent-gig4-1.xx&amp;_nc_gid=AoBFJeGrT1hVaew_6rchkQ&amp;oh=00_AfX7QmFGhQhG2jAllVgXCiM1ZrWgvtp80-Bfppyexh1QEg&amp;oe=689E923C\" \/>\n\t\t<script type=\"application\/ld+json\" class=\"aioseo-schema\">\n\t\t\t{\"@context\":\"https:\\\/\\\/schema.org\",\"@graph\":[{\"@type\":\"BlogPosting\",\"@id\":\"https:\\\/\\\/anoticiaonline.com.br\\\/site\\\/lancada-a-operacao-natalina-da-policia-militar\\\/#blogposting\",\"name\":\"Lan\\u00e7ada a Opera\\u00e7\\u00e3o Natalina, da Pol\\u00edcia Militar - A Not\\u00edcia Online\",\"headline\":\"Lan\\u00e7ada a Opera\\u00e7\\u00e3o Natalina, da Pol\\u00edcia Militar\",\"author\":{\"@id\":\"https:\\\/\\\/anoticiaonline.com.br\\\/site\\\/author\\\/juliana\\\/#author\"},\"publisher\":{\"@id\":\"https:\\\/\\\/anoticiaonline.com.br\\\/site\\\/#organization\"},\"image\":{\"@type\":\"ImageObject\",\"url\":\"https:\\\/\\\/anoticiaonline.com.br\\\/site\\\/wp-content\\\/uploads\\\/2016\\\/11\\\/Lan\\u00e7ada-a-Opera\\u00e7\\u00e3o-Natalina.jpg\",\"width\":640,\"height\":334},\"datePublished\":\"2016-11-28T10:57:07-03:00\",\"dateModified\":\"2016-11-28T10:58:07-03:00\",\"inLanguage\":\"pt-BR\",\"mainEntityOfPage\":{\"@id\":\"https:\\\/\\\/anoticiaonline.com.br\\\/site\\\/lancada-a-operacao-natalina-da-policia-militar\\\/#webpage\"},\"isPartOf\":{\"@id\":\"https:\\\/\\\/anoticiaonline.com.br\\\/site\\\/lancada-a-operacao-natalina-da-policia-militar\\\/#webpage\"},\"articleSection\":\"Blog, slide\"},{\"@type\":\"BreadcrumbList\",\"@id\":\"https:\\\/\\\/anoticiaonline.com.br\\\/site\\\/lancada-a-operacao-natalina-da-policia-militar\\\/#breadcrumblist\",\"itemListElement\":[{\"@type\":\"ListItem\",\"@id\":\"https:\\\/\\\/anoticiaonline.com.br\\\/site#listItem\",\"position\":1,\"name\":\"Home\",\"item\":\"https:\\\/\\\/anoticiaonline.com.br\\\/site\",\"nextItem\":{\"@type\":\"ListItem\",\"@id\":\"https:\\\/\\\/anoticiaonline.com.br\\\/site\\\/categoria\\\/muriae\\\/#listItem\",\"name\":\"Blog\"}},{\"@type\":\"ListItem\",\"@id\":\"https:\\\/\\\/anoticiaonline.com.br\\\/site\\\/categoria\\\/muriae\\\/#listItem\",\"position\":2,\"name\":\"Blog\",\"item\":\"https:\\\/\\\/anoticiaonline.com.br\\\/site\\\/categoria\\\/muriae\\\/\",\"nextItem\":{\"@type\":\"ListItem\",\"@id\":\"https:\\\/\\\/anoticiaonline.com.br\\\/site\\\/lancada-a-operacao-natalina-da-policia-militar\\\/#listItem\",\"name\":\"Lan\\u00e7ada a Opera\\u00e7\\u00e3o Natalina, da Pol\\u00edcia Militar\"},\"previousItem\":{\"@type\":\"ListItem\",\"@id\":\"https:\\\/\\\/anoticiaonline.com.br\\\/site#listItem\",\"name\":\"Home\"}},{\"@type\":\"ListItem\",\"@id\":\"https:\\\/\\\/anoticiaonline.com.br\\\/site\\\/lancada-a-operacao-natalina-da-policia-militar\\\/#listItem\",\"position\":3,\"name\":\"Lan\\u00e7ada a Opera\\u00e7\\u00e3o Natalina, da Pol\\u00edcia Militar\",\"previousItem\":{\"@type\":\"ListItem\",\"@id\":\"https:\\\/\\\/anoticiaonline.com.br\\\/site\\\/categoria\\\/muriae\\\/#listItem\",\"name\":\"Blog\"}}]},{\"@type\":\"Organization\",\"@id\":\"https:\\\/\\\/anoticiaonline.com.br\\\/site\\\/#organization\",\"name\":\"A Not\\u00edcia Online\",\"description\":\"Noticias de Muria\\u00e9 e regi\\u00e3o\",\"url\":\"https:\\\/\\\/anoticiaonline.com.br\\\/site\\\/\",\"logo\":{\"@type\":\"ImageObject\",\"url\":\"https:\\\/\\\/scontent-gig4-1.xx.fbcdn.net\\\/v\\\/t39.30808-1\\\/270437624_4564083193639691_6907940295614233970_n.jpg?stp=dst-jpg_s200x200_tt6&_nc_cat=111&ccb=1-7&_nc_sid=f907e8&_nc_ohc=SM1wRlP3lJwQ7kNvwEPuBYA&_nc_oc=AdnqrjDN_BNjSSHWO-GbkIWH6fkGMLw4bqvL_NH6e2wMveX7G-rP2dAqsDSq1mJMOaY&_nc_zt=24&_nc_ht=scontent-gig4-1.xx&_nc_gid=AoBFJeGrT1hVaew_6rchkQ&oh=00_AfX7QmFGhQhG2jAllVgXCiM1ZrWgvtp80-Bfppyexh1QEg&oe=689E923C\",\"@id\":\"https:\\\/\\\/anoticiaonline.com.br\\\/site\\\/lancada-a-operacao-natalina-da-policia-militar\\\/#organizationLogo\"},\"image\":{\"@id\":\"https:\\\/\\\/anoticiaonline.com.br\\\/site\\\/lancada-a-operacao-natalina-da-policia-militar\\\/#organizationLogo\"}},{\"@type\":\"Person\",\"@id\":\"https:\\\/\\\/anoticiaonline.com.br\\\/site\\\/author\\\/juliana\\\/#author\",\"url\":\"https:\\\/\\\/anoticiaonline.com.br\\\/site\\\/author\\\/juliana\\\/\",\"name\":\"Juliana Laviola\",\"image\":{\"@type\":\"ImageObject\",\"@id\":\"https:\\\/\\\/anoticiaonline.com.br\\\/site\\\/lancada-a-operacao-natalina-da-policia-militar\\\/#authorImage\",\"url\":\"https:\\\/\\\/secure.gravatar.com\\\/avatar\\\/b8d45f5c699b100dfaf0e543582f38f38bf94cb7ae3a5e9abf8d891a34773335?s=96&d=mm&r=g\",\"width\":96,\"height\":96,\"caption\":\"Juliana Laviola\"}},{\"@type\":\"WebPage\",\"@id\":\"https:\\\/\\\/anoticiaonline.com.br\\\/site\\\/lancada-a-operacao-natalina-da-policia-militar\\\/#webpage\",\"url\":\"https:\\\/\\\/anoticiaonline.com.br\\\/site\\\/lancada-a-operacao-natalina-da-policia-militar\\\/\",\"name\":\"Lan\\u00e7ada a Opera\\u00e7\\u00e3o Natalina, da Pol\\u00edcia Militar - A Not\\u00edcia Online\",\"description\":\"A Pol\\u00edcia Militar lan\\u00e7ou a edi\\u00e7\\u00e3o 2016 da Opera\\u00e7\\u00e3o Natalina, que vai refor\\u00e7ar, at\\u00e9 o fim do ano, o policiamento nas principais \\u00e1reas comerciais da cidade \\u2013 Centro, Barra e Dornelas. O lan\\u00e7amento aconteceu na manh\\u00e3 de s\\u00e1bado (26), na Pra\\u00e7a Jo\\u00e3o Pinheiro, Centro e contou com a presen\\u00e7a do comandante do 47\\u00ba Batalh\\u00e3o, tenente-coronel\",\"inLanguage\":\"pt-BR\",\"isPartOf\":{\"@id\":\"https:\\\/\\\/anoticiaonline.com.br\\\/site\\\/#website\"},\"breadcrumb\":{\"@id\":\"https:\\\/\\\/anoticiaonline.com.br\\\/site\\\/lancada-a-operacao-natalina-da-policia-militar\\\/#breadcrumblist\"},\"author\":{\"@id\":\"https:\\\/\\\/anoticiaonline.com.br\\\/site\\\/author\\\/juliana\\\/#author\"},\"creator\":{\"@id\":\"https:\\\/\\\/anoticiaonline.com.br\\\/site\\\/author\\\/juliana\\\/#author\"},\"image\":{\"@type\":\"ImageObject\",\"url\":\"https:\\\/\\\/anoticiaonline.com.br\\\/site\\\/wp-content\\\/uploads\\\/2016\\\/11\\\/Lan\\u00e7ada-a-Opera\\u00e7\\u00e3o-Natalina.jpg\",\"@id\":\"https:\\\/\\\/anoticiaonline.com.br\\\/site\\\/lancada-a-operacao-natalina-da-policia-militar\\\/#mainImage\",\"width\":640,\"height\":334},\"primaryImageOfPage\":{\"@id\":\"https:\\\/\\\/anoticiaonline.com.br\\\/site\\\/lancada-a-operacao-natalina-da-policia-militar\\\/#mainImage\"},\"datePublished\":\"2016-11-28T10:57:07-03:00\",\"dateModified\":\"2016-11-28T10:58:07-03:00\"},{\"@type\":\"WebSite\",\"@id\":\"https:\\\/\\\/anoticiaonline.com.br\\\/site\\\/#website\",\"url\":\"https:\\\/\\\/anoticiaonline.com.br\\\/site\\\/\",\"name\":\"A Not\\u00edcia Online\",\"description\":\"Noticias de Muria\\u00e9 e regi\\u00e3o\",\"inLanguage\":\"pt-BR\",\"publisher\":{\"@id\":\"https:\\\/\\\/anoticiaonline.com.br\\\/site\\\/#organization\"}}]}\n\t\t<\/script>\n\t\t<!-- All in One SEO -->\n\n","aioseo_head_json":{"title":"Lan\u00e7ada a Opera\u00e7\u00e3o Natalina, da Pol\u00edcia Militar - A Not\u00edcia Online","description":"A Pol\u00edcia Militar lan\u00e7ou a edi\u00e7\u00e3o 2016 da Opera\u00e7\u00e3o Natalina, que vai refor\u00e7ar, at\u00e9 o fim do ano, o policiamento nas principais \u00e1reas comerciais da cidade \u2013 Centro, Barra e Dornelas. O lan\u00e7amento aconteceu na manh\u00e3 de s\u00e1bado (26), na Pra\u00e7a Jo\u00e3o Pinheiro, Centro e contou com a presen\u00e7a do comandante do 47\u00ba Batalh\u00e3o, tenente-coronel","canonical_url":"https:\/\/anoticiaonline.com.br\/site\/lancada-a-operacao-natalina-da-policia-militar\/","robots":"max-image-preview:large","keywords":"","webmasterTools":{"miscellaneous":""},"schema":{"@context":"https:\/\/schema.org","@graph":[{"@type":"BlogPosting","@id":"https:\/\/anoticiaonline.com.br\/site\/lancada-a-operacao-natalina-da-policia-militar\/#blogposting","name":"Lan\u00e7ada a Opera\u00e7\u00e3o Natalina, da Pol\u00edcia Militar - A Not\u00edcia Online","headline":"Lan\u00e7ada a Opera\u00e7\u00e3o Natalina, da Pol\u00edcia Militar","author":{"@id":"https:\/\/anoticiaonline.com.br\/site\/author\/juliana\/#author"},"publisher":{"@id":"https:\/\/anoticiaonline.com.br\/site\/#organization"},"image":{"@type":"ImageObject","url":"https:\/\/anoticiaonline.com.br\/site\/wp-content\/uploads\/2016\/11\/Lan\u00e7ada-a-Opera\u00e7\u00e3o-Natalina.jpg","width":640,"height":334},"datePublished":"2016-11-28T10:57:07-03:00","dateModified":"2016-11-28T10:58:07-03:00","inLanguage":"pt-BR","mainEntityOfPage":{"@id":"https:\/\/anoticiaonline.com.br\/site\/lancada-a-operacao-natalina-da-policia-militar\/#webpage"},"isPartOf":{"@id":"https:\/\/anoticiaonline.com.br\/site\/lancada-a-operacao-natalina-da-policia-militar\/#webpage"},"articleSection":"Blog, slide"},{"@type":"BreadcrumbList","@id":"https:\/\/anoticiaonline.com.br\/site\/lancada-a-operacao-natalina-da-policia-militar\/#breadcrumblist","itemListElement":[{"@type":"ListItem","@id":"https:\/\/anoticiaonline.com.br\/site#listItem","position":1,"name":"Home","item":"https:\/\/anoticiaonline.com.br\/site","nextItem":{"@type":"ListItem","@id":"https:\/\/anoticiaonline.com.br\/site\/categoria\/muriae\/#listItem","name":"Blog"}},{"@type":"ListItem","@id":"https:\/\/anoticiaonline.com.br\/site\/categoria\/muriae\/#listItem","position":2,"name":"Blog","item":"https:\/\/anoticiaonline.com.br\/site\/categoria\/muriae\/","nextItem":{"@type":"ListItem","@id":"https:\/\/anoticiaonline.com.br\/site\/lancada-a-operacao-natalina-da-policia-militar\/#listItem","name":"Lan\u00e7ada a Opera\u00e7\u00e3o Natalina, da Pol\u00edcia Militar"},"previousItem":{"@type":"ListItem","@id":"https:\/\/anoticiaonline.com.br\/site#listItem","name":"Home"}},{"@type":"ListItem","@id":"https:\/\/anoticiaonline.com.br\/site\/lancada-a-operacao-natalina-da-policia-militar\/#listItem","position":3,"name":"Lan\u00e7ada a Opera\u00e7\u00e3o Natalina, da Pol\u00edcia Militar","previousItem":{"@type":"ListItem","@id":"https:\/\/anoticiaonline.com.br\/site\/categoria\/muriae\/#listItem","name":"Blog"}}]},{"@type":"Organization","@id":"https:\/\/anoticiaonline.com.br\/site\/#organization","name":"A Not\u00edcia Online","description":"Noticias de Muria\u00e9 e regi\u00e3o","url":"https:\/\/anoticiaonline.com.br\/site\/","logo":{"@type":"ImageObject","url":"https:\/\/scontent-gig4-1.xx.fbcdn.net\/v\/t39.30808-1\/270437624_4564083193639691_6907940295614233970_n.jpg?stp=dst-jpg_s200x200_tt6&_nc_cat=111&ccb=1-7&_nc_sid=f907e8&_nc_ohc=SM1wRlP3lJwQ7kNvwEPuBYA&_nc_oc=AdnqrjDN_BNjSSHWO-GbkIWH6fkGMLw4bqvL_NH6e2wMveX7G-rP2dAqsDSq1mJMOaY&_nc_zt=24&_nc_ht=scontent-gig4-1.xx&_nc_gid=AoBFJeGrT1hVaew_6rchkQ&oh=00_AfX7QmFGhQhG2jAllVgXCiM1ZrWgvtp80-Bfppyexh1QEg&oe=689E923C","@id":"https:\/\/anoticiaonline.com.br\/site\/lancada-a-operacao-natalina-da-policia-militar\/#organizationLogo"},"image":{"@id":"https:\/\/anoticiaonline.com.br\/site\/lancada-a-operacao-natalina-da-policia-militar\/#organizationLogo"}},{"@type":"Person","@id":"https:\/\/anoticiaonline.com.br\/site\/author\/juliana\/#author","url":"https:\/\/anoticiaonline.com.br\/site\/author\/juliana\/","name":"Juliana Laviola","image":{"@type":"ImageObject","@id":"https:\/\/anoticiaonline.com.br\/site\/lancada-a-operacao-natalina-da-policia-militar\/#authorImage","url":"https:\/\/secure.gravatar.com\/avatar\/b8d45f5c699b100dfaf0e543582f38f38bf94cb7ae3a5e9abf8d891a34773335?s=96&d=mm&r=g","width":96,"height":96,"caption":"Juliana Laviola"}},{"@type":"WebPage","@id":"https:\/\/anoticiaonline.com.br\/site\/lancada-a-operacao-natalina-da-policia-militar\/#webpage","url":"https:\/\/anoticiaonline.com.br\/site\/lancada-a-operacao-natalina-da-policia-militar\/","name":"Lan\u00e7ada a Opera\u00e7\u00e3o Natalina, da Pol\u00edcia Militar - A Not\u00edcia Online","description":"A Pol\u00edcia Militar lan\u00e7ou a edi\u00e7\u00e3o 2016 da Opera\u00e7\u00e3o Natalina, que vai refor\u00e7ar, at\u00e9 o fim do ano, o policiamento nas principais \u00e1reas comerciais da cidade \u2013 Centro, Barra e Dornelas. O lan\u00e7amento aconteceu na manh\u00e3 de s\u00e1bado (26), na Pra\u00e7a Jo\u00e3o Pinheiro, Centro e contou com a presen\u00e7a do comandante do 47\u00ba Batalh\u00e3o, tenente-coronel","inLanguage":"pt-BR","isPartOf":{"@id":"https:\/\/anoticiaonline.com.br\/site\/#website"},"breadcrumb":{"@id":"https:\/\/anoticiaonline.com.br\/site\/lancada-a-operacao-natalina-da-policia-militar\/#breadcrumblist"},"author":{"@id":"https:\/\/anoticiaonline.com.br\/site\/author\/juliana\/#author"},"creator":{"@id":"https:\/\/anoticiaonline.com.br\/site\/author\/juliana\/#author"},"image":{"@type":"ImageObject","url":"https:\/\/anoticiaonline.com.br\/site\/wp-content\/uploads\/2016\/11\/Lan\u00e7ada-a-Opera\u00e7\u00e3o-Natalina.jpg","@id":"https:\/\/anoticiaonline.com.br\/site\/lancada-a-operacao-natalina-da-policia-militar\/#mainImage","width":640,"height":334},"primaryImageOfPage":{"@id":"https:\/\/anoticiaonline.com.br\/site\/lancada-a-operacao-natalina-da-policia-militar\/#mainImage"},"datePublished":"2016-11-28T10:57:07-03:00","dateModified":"2016-11-28T10:58:07-03:00"},{"@type":"WebSite","@id":"https:\/\/anoticiaonline.com.br\/site\/#website","url":"https:\/\/anoticiaonline.com.br\/site\/","name":"A Not\u00edcia Online","description":"Noticias de Muria\u00e9 e regi\u00e3o","inLanguage":"pt-BR","publisher":{"@id":"https:\/\/anoticiaonline.com.br\/site\/#organization"}}]},"og:locale":"pt_BR","og:site_name":"A Not\u00edcia Online - Noticias de Muria\u00e9 e regi\u00e3o","og:type":"article","og:title":"Lan\u00e7ada a Opera\u00e7\u00e3o Natalina, da Pol\u00edcia Militar - A Not\u00edcia Online","og:description":"A Pol\u00edcia Militar lan\u00e7ou a edi\u00e7\u00e3o 2016 da Opera\u00e7\u00e3o Natalina, que vai refor\u00e7ar, at\u00e9 o fim do ano, o policiamento nas principais \u00e1reas comerciais da cidade \u2013 Centro, Barra e Dornelas. O lan\u00e7amento aconteceu na manh\u00e3 de s\u00e1bado (26), na Pra\u00e7a Jo\u00e3o Pinheiro, Centro e contou com a presen\u00e7a do comandante do 47\u00ba Batalh\u00e3o, tenente-coronel","og:url":"https:\/\/anoticiaonline.com.br\/site\/lancada-a-operacao-natalina-da-policia-militar\/","og:image":"https:\/\/scontent-gig4-1.xx.fbcdn.net\/v\/t39.30808-1\/270437624_4564083193639691_6907940295614233970_n.jpg?stp=dst-jpg_s200x200_tt6&#038;_nc_cat=111&#038;ccb=1-7&#038;_nc_sid=f907e8&#038;_nc_ohc=SM1wRlP3lJwQ7kNvwEPuBYA&#038;_nc_oc=AdnqrjDN_BNjSSHWO-GbkIWH6fkGMLw4bqvL_NH6e2wMveX7G-rP2dAqsDSq1mJMOaY&#038;_nc_zt=24&#038;_nc_ht=scontent-gig4-1.xx&#038;_nc_gid=AoBFJeGrT1hVaew_6rchkQ&#038;oh=00_AfX7QmFGhQhG2jAllVgXCiM1ZrWgvtp80-Bfppyexh1QEg&#038;oe=689E923C","og:image:secure_url":"https:\/\/scontent-gig4-1.xx.fbcdn.net\/v\/t39.30808-1\/270437624_4564083193639691_6907940295614233970_n.jpg?stp=dst-jpg_s200x200_tt6&#038;_nc_cat=111&#038;ccb=1-7&#038;_nc_sid=f907e8&#038;_nc_ohc=SM1wRlP3lJwQ7kNvwEPuBYA&#038;_nc_oc=AdnqrjDN_BNjSSHWO-GbkIWH6fkGMLw4bqvL_NH6e2wMveX7G-rP2dAqsDSq1mJMOaY&#038;_nc_zt=24&#038;_nc_ht=scontent-gig4-1.xx&#038;_nc_gid=AoBFJeGrT1hVaew_6rchkQ&#038;oh=00_AfX7QmFGhQhG2jAllVgXCiM1ZrWgvtp80-Bfppyexh1QEg&#038;oe=689E923C","article:published_time":"2016-11-28T13:57:07+00:00","article:modified_time":"2016-11-28T13:58:07+00:00","twitter:card":"summary_large_image","twitter:title":"Lan\u00e7ada a Opera\u00e7\u00e3o Natalina, da Pol\u00edcia Militar - A Not\u00edcia Online","twitter:description":"A Pol\u00edcia Militar lan\u00e7ou a edi\u00e7\u00e3o 2016 da Opera\u00e7\u00e3o Natalina, que vai refor\u00e7ar, at\u00e9 o fim do ano, o policiamento nas principais \u00e1reas comerciais da cidade \u2013 Centro, Barra e Dornelas. O lan\u00e7amento aconteceu na manh\u00e3 de s\u00e1bado (26), na Pra\u00e7a Jo\u00e3o Pinheiro, Centro e contou com a presen\u00e7a do comandante do 47\u00ba Batalh\u00e3o, tenente-coronel","twitter:image":"https:\/\/scontent-gig4-1.xx.fbcdn.net\/v\/t39.30808-1\/270437624_4564083193639691_6907940295614233970_n.jpg?stp=dst-jpg_s200x200_tt6&_nc_cat=111&ccb=1-7&_nc_sid=f907e8&_nc_ohc=SM1wRlP3lJwQ7kNvwEPuBYA&_nc_oc=AdnqrjDN_BNjSSHWO-GbkIWH6fkGMLw4bqvL_NH6e2wMveX7G-rP2dAqsDSq1mJMOaY&_nc_zt=24&_nc_ht=scontent-gig4-1.xx&_nc_gid=AoBFJeGrT1hVaew_6rchkQ&oh=00_AfX7QmFGhQhG2jAllVgXCiM1ZrWgvtp80-Bfppyexh1QEg&oe=689E923C"},"aioseo_meta_data":{"post_id":"22245","title":null,"description":null,"keywords":null,"keyphrases":null,"primary_term":null,"canonical_url":null,"og_title":null,"og_description":null,"og_object_type":"default","og_image_type":"default","og_image_url":null,"og_image_width":null,"og_image_height":null,"og_image_custom_url":null,"og_image_custom_fields":null,"og_video":null,"og_custom_url":null,"og_article_section":null,"og_article_tags":null,"twitter_use_og":false,"twitter_card":"default","twitter_image_type":"default","twitter_image_url":null,"twitter_image_custom_url":null,"twitter_image_custom_fields":null,"twitter_title":null,"twitter_description":null,"schema":{"blockGraphs":[],"customGraphs":[],"default":{"data":{"Article":[],"Course":[],"Dataset":[],"FAQPage":[],"Movie":[],"Person":[],"Product":[],"ProductReview":[],"Car":[],"Recipe":[],"Service":[],"SoftwareApplication":[],"WebPage":[]},"graphName":"","isEnabled":true},"graphs":[]},"schema_type":"default","schema_type_options":null,"pillar_content":false,"robots_default":true,"robots_noindex":false,"robots_noarchive":false,"robots_nosnippet":false,"robots_nofollow":false,"robots_noimageindex":false,"robots_noodp":false,"robots_notranslate":false,"robots_max_snippet":null,"robots_max_videopreview":null,"robots_max_imagepreview":"large","priority":null,"frequency":null,"local_seo":null,"breadcrumb_settings":null,"limit_modified_date":false,"ai":null,"created":"2025-08-16 17:15:18","updated":"2025-08-16 17:15:18","focus_keyword":null,"additional_keywords":null,"truseo_locale":null,"seo_analyzer_scan_date":null},"aioseo_breadcrumb":"<div class=\"aioseo-breadcrumbs\"><span class=\"aioseo-breadcrumb\">\n\t\t\t<a href=\"https:\/\/anoticiaonline.com.br\/site\" title=\"Home\">Home<\/a>\n\t\t<\/span><span class=\"aioseo-breadcrumb-separator\">&raquo;<\/span><span class=\"aioseo-breadcrumb\">\n\t\t\t<a href=\"https:\/\/anoticiaonline.com.br\/site\/categoria\/muriae\/\" title=\"Blog\">Blog<\/a>\n\t\t<\/span><span class=\"aioseo-breadcrumb-separator\">&raquo;<\/span><span class=\"aioseo-breadcrumb\">\n\t\t\tLan\u00e7ada a Opera\u00e7\u00e3o Natalina, da Pol\u00edcia Militar\n\t\t<\/span><\/div>","aioseo_breadcrumb_json":[{"label":"Home","link":"https:\/\/anoticiaonline.com.br\/site"},{"label":"Blog","link":"https:\/\/anoticiaonline.com.br\/site\/categoria\/muriae\/"},{"label":"Lan\u00e7ada a Opera\u00e7\u00e3o Natalina, da Pol\u00edcia Militar","link":"https:\/\/anoticiaonline.com.br\/site\/lancada-a-operacao-natalina-da-policia-militar\/"}],"views":133,"_links":{"self":[{"href":"https:\/\/anoticiaonline.com.br\/site\/wp-json\/wp\/v2\/posts\/22245","targetHints":{"allow":["GET"]}}],"collection":[{"href":"https:\/\/anoticiaonline.com.br\/site\/wp-json\/wp\/v2\/posts"}],"about":[{"href":"https:\/\/anoticiaonline.com.br\/site\/wp-json\/wp\/v2\/types\/post"}],"author":[{"embeddable":true,"href":"https:\/\/anoticiaonline.com.br\/site\/wp-json\/wp\/v2\/users\/2"}],"replies":[{"embeddable":true,"href":"https:\/\/anoticiaonline.com.br\/site\/wp-json\/wp\/v2\/comments?post=22245"}],"version-history":[{"count":0,"href":"https:\/\/anoticiaonline.com.br\/site\/wp-json\/wp\/v2\/posts\/22245\/revisions"}],"wp:featuredmedia":[{"embeddable":true,"href":"https:\/\/anoticiaonline.com.br\/site\/wp-json\/wp\/v2\/media\/22246"}],"wp:attachment":[{"href":"https:\/\/anoticiaonline.com.br\/site\/wp-json\/wp\/v2\/media?parent=22245"}],"wp:term":[{"taxonomy":"category","embeddable":true,"href":"https:\/\/anoticiaonline.com.br\/site\/wp-json\/wp\/v2\/categories?post=22245"},{"taxonomy":"post_tag","embeddable":true,"href":"https:\/\/anoticiaonline.com.br\/site\/wp-json\/wp\/v2\/tags?post=22245"}],"curies":[{"name":"wp","href":"https:\/\/api.w.org\/{rel}","templated":true}]}}