{"id":22117,"date":"2016-11-24T14:00:02","date_gmt":"2016-11-24T17:00:02","guid":{"rendered":"http:\/\/anoticiaonline.com.br\/site\/?p=22117"},"modified":"2016-11-24T14:37:32","modified_gmt":"2016-11-24T17:37:32","slug":"pastor-adilson-campos-carvalho-e-empossado-superintendente-da-regiao-888-da-igreja-do-evangelho-quadrangular","status":"publish","type":"post","link":"https:\/\/anoticiaonline.com.br\/site\/pastor-adilson-campos-carvalho-e-empossado-superintendente-da-regiao-888-da-igreja-do-evangelho-quadrangular\/","title":{"rendered":"Pastor Adilson Campos Carvalho \u00e9 empossado superintendente da Regi\u00e3o 888 da Igreja do Evangelho Quadrangular"},"content":{"rendered":"<figure id=\"attachment_22118\" aria-describedby=\"caption-attachment-22118\" style=\"width: 290px\" class=\"wp-caption alignleft\"><a href=\"https:\/\/anoticiaonline.com.br\/site\/wp-content\/uploads\/2016\/11\/DSC_0374.jpg\"><img fetchpriority=\"high\" decoding=\"async\" class=\"size-medium wp-image-22118\" src=\"https:\/\/anoticiaonline.com.br\/site\/wp-content\/uploads\/2016\/11\/DSC_0374-300x225.jpg\" alt=\"O pastor Adilson e o reverendo Wilson Reis\" width=\"300\" height=\"225\" srcset=\"https:\/\/anoticiaonline.com.br\/site\/wp-content\/uploads\/2016\/11\/DSC_0374-300x225.jpg 300w, https:\/\/anoticiaonline.com.br\/site\/wp-content\/uploads\/2016\/11\/DSC_0374.jpg 640w\" sizes=\"(max-width: 300px) 100vw, 300px\" \/><\/a><figcaption id=\"caption-attachment-22118\" class=\"wp-caption-text\">O pastor Adilson e o reverendo Wilson Reis<\/figcaption><\/figure>\n<p>O pastor Adilson Campos Carvalho foi nomeado superintendente da Regi\u00e3o 888 do Minist\u00e9rio Quadrangular. O culto de posse aconteceu na noite de s\u00e1bado (19), na 4\u00aa Igreja do Evangelho Quadrangular, no Planalto, igreja sede da Regi\u00e3o.<\/p>\n<p>Neste dia, a pastora Dolores, do Conselho Estadual de Diretores, tamb\u00e9m apresentou as igrejas que fazem parte da Regi\u00e3o 888, a qual compreende a sede e as congrega\u00e7\u00f5es localizadas nos bairros Cer\u00e2mica, S\u00e3o Joaquim, Joan\u00f3polis e Santo Ant\u00f4nio, no distrito de Macuco e nos munic\u00edpios de Eugen\u00f3polis, Patroc\u00ednio do Muria\u00e9, Ros\u00e1rio da Limeira, S\u00e3o Jo\u00e3o do Sapucaia e Recreio.<\/p>\n<p>O pastor Adilson, que exerce a fun\u00e7\u00e3o h\u00e1 32 anos, afirma que sua miss\u00e3o, ao ser nomeado reverendo, \u00e9 cuidar dos pastores e fam\u00edlias da igreja, organizar e administrar as mesmas para o seu bom desenvolvimento, fazendo-as crescer espiritualmente. \u201cRecebo essa nomea\u00e7\u00e3o com temor e tremor, pois a responsabilidade de cuidar de diversas igrejas e aconselhar pastores \u00e9 muito grande. Essa nomea\u00e7\u00e3o representa a miss\u00e3o de que preciso cuidar dessas igrejas, faz\u00ea-las crescer espiritualmente, para que o reino de Deus possa progredir e para que possamos povoar o c\u00e9u para Jesus\u201d, afirma ele, agradecendo a todos que estiveram presentes no culto de posse, ao pastor Wilson, que foi o pregador da noite, \u00e0s autoridades pol\u00edticas e eclesi\u00e1sticas municipais, destacando o prefeito eleito Grego e o vereador Ademar Camerino, a todas as igrejas representadas no culto e seus pastores e os amigos. Tamb\u00e9m esteve presente o pastor Jairo Rodrigues, amigo de inf\u00e2ncia do pastor Adilson e que atua como pastor auxiliar da igreja sede da Regi\u00e3o 888.<\/p>\n<p>A pastora Dolores, do Conselho Estadual de Diretores, destaca a compet\u00eancia do pastor Adilson para assumir a superintend\u00eancia da Regi\u00e3o 888 e o seu trabalho como evangelizador no Minist\u00e9rio Quadrangular. \u201cA folha de trabalho dele o capacita para exercer esta fun\u00e7\u00e3o. O pastor Adilson representa para mim e o Conselho Estadual, na pessoa do pastor Ant\u00f4nio Genaro, e o Conselho Nacional e para o presidente nacional, pastor M\u00e1rio de Oliveira, um homem s\u00e9rio, de fam\u00edlia e de trabalho. Confiamos nele e acreditamos no sucesso do seu trabalho. Como supervisora desta Regi\u00e3o, venho observando o quanto o pastor Adilson tem se destacado na grande miss\u00e3o de \u2018ganhar almas\u2019 e cuidar delas\u201d, afirma.<\/p>\n<p><img decoding=\"async\" class=\"ngg_displayed_gallery mceItem\" src=\"https:\/\/anoticiaonline.com.br\/site\/nextgen-attach_to_post\/preview\/id--22155\" alt=\"\" \/><\/p>\n","protected":false},"excerpt":{"rendered":"<p>O pastor Adilson Campos Carvalho foi nomeado superintendente da Regi\u00e3o 888 do Minist\u00e9rio Quadrangular. O culto de posse aconteceu na noite de s\u00e1bado (19), na 4\u00aa Igreja do Evangelho Quadrangular, no Planalto, igreja sede da Regi\u00e3o. Neste dia, a pastora Dolores, do Conselho Estadual de Diretores, tamb\u00e9m apresentou as igrejas que fazem parte da Regi\u00e3o &#8230; <a title=\"Pastor Adilson Campos Carvalho \u00e9 empossado superintendente da Regi\u00e3o 888 da Igreja do Evangelho Quadrangular\" class=\"read-more\" href=\"https:\/\/anoticiaonline.com.br\/site\/pastor-adilson-campos-carvalho-e-empossado-superintendente-da-regiao-888-da-igreja-do-evangelho-quadrangular\/\" aria-label=\"Read more about Pastor Adilson Campos Carvalho \u00e9 empossado superintendente da Regi\u00e3o 888 da Igreja do Evangelho Quadrangular\">Ler mais<\/a><\/p>\n","protected":false},"author":2,"featured_media":22118,"comment_status":"open","ping_status":"open","sticky":false,"template":"","format":"standard","meta":{"_acf_changed":false,"_monsterinsights_skip_tracking":false,"footnotes":""},"categories":[24],"tags":[],"class_list":["post-22117","post","type-post","status-publish","format-standard","has-post-thumbnail","hentry","category-eventos"],"acf":[],"aioseo_notices":[],"aioseo_head":"\n\t\t<!-- All in One SEO 5.0.0.1 - aioseo.com -->\n\t<meta name=\"description\" content=\"O pastor Adilson Campos Carvalho foi nomeado superintendente da Regi\u00e3o 888 do Minist\u00e9rio Quadrangular. O culto de posse aconteceu na noite de s\u00e1bado (19), na 4\u00aa Igreja do Evangelho Quadrangular, no Planalto, igreja sede da Regi\u00e3o. Neste dia, a pastora Dolores, do Conselho Estadual de Diretores, tamb\u00e9m apresentou as igrejas que fazem parte da Regi\u00e3o\" \/>\n\t<meta name=\"robots\" content=\"max-image-preview:large\" \/>\n\t<meta name=\"author\" content=\"Juliana Laviola\"\/>\n\t<link rel=\"canonical\" href=\"https:\/\/anoticiaonline.com.br\/site\/pastor-adilson-campos-carvalho-e-empossado-superintendente-da-regiao-888-da-igreja-do-evangelho-quadrangular\/\" \/>\n\t<meta name=\"generator\" content=\"All in One SEO (AIOSEO) 5.0.0.1\" \/>\n\t\t<meta property=\"og:locale\" content=\"pt_BR\" \/>\n\t\t<meta property=\"og:site_name\" content=\"A Not\u00edcia Online - Noticias de Muria\u00e9 e regi\u00e3o\" \/>\n\t\t<meta property=\"og:type\" content=\"article\" \/>\n\t\t<meta property=\"og:title\" content=\"Pastor Adilson Campos Carvalho \u00e9 empossado superintendente da Regi\u00e3o 888 da Igreja do Evangelho Quadrangular - A Not\u00edcia Online\" \/>\n\t\t<meta property=\"og:description\" content=\"O pastor Adilson Campos Carvalho foi nomeado superintendente da Regi\u00e3o 888 do Minist\u00e9rio Quadrangular. O culto de posse aconteceu na noite de s\u00e1bado (19), na 4\u00aa Igreja do Evangelho Quadrangular, no Planalto, igreja sede da Regi\u00e3o. Neste dia, a pastora Dolores, do Conselho Estadual de Diretores, tamb\u00e9m apresentou as igrejas que fazem parte da Regi\u00e3o\" \/>\n\t\t<meta property=\"og:url\" content=\"https:\/\/anoticiaonline.com.br\/site\/pastor-adilson-campos-carvalho-e-empossado-superintendente-da-regiao-888-da-igreja-do-evangelho-quadrangular\/\" \/>\n\t\t<meta property=\"og:image\" content=\"https:\/\/scontent-gig4-1.xx.fbcdn.net\/v\/t39.30808-1\/270437624_4564083193639691_6907940295614233970_n.jpg?stp=dst-jpg_s200x200_tt6&#038;_nc_cat=111&#038;ccb=1-7&#038;_nc_sid=f907e8&#038;_nc_ohc=SM1wRlP3lJwQ7kNvwEPuBYA&#038;_nc_oc=AdnqrjDN_BNjSSHWO-GbkIWH6fkGMLw4bqvL_NH6e2wMveX7G-rP2dAqsDSq1mJMOaY&#038;_nc_zt=24&#038;_nc_ht=scontent-gig4-1.xx&#038;_nc_gid=AoBFJeGrT1hVaew_6rchkQ&#038;oh=00_AfX7QmFGhQhG2jAllVgXCiM1ZrWgvtp80-Bfppyexh1QEg&#038;oe=689E923C\" \/>\n\t\t<meta property=\"og:image:secure_url\" content=\"https:\/\/scontent-gig4-1.xx.fbcdn.net\/v\/t39.30808-1\/270437624_4564083193639691_6907940295614233970_n.jpg?stp=dst-jpg_s200x200_tt6&#038;_nc_cat=111&#038;ccb=1-7&#038;_nc_sid=f907e8&#038;_nc_ohc=SM1wRlP3lJwQ7kNvwEPuBYA&#038;_nc_oc=AdnqrjDN_BNjSSHWO-GbkIWH6fkGMLw4bqvL_NH6e2wMveX7G-rP2dAqsDSq1mJMOaY&#038;_nc_zt=24&#038;_nc_ht=scontent-gig4-1.xx&#038;_nc_gid=AoBFJeGrT1hVaew_6rchkQ&#038;oh=00_AfX7QmFGhQhG2jAllVgXCiM1ZrWgvtp80-Bfppyexh1QEg&#038;oe=689E923C\" \/>\n\t\t<meta property=\"article:published_time\" content=\"2016-11-24T17:00:02+00:00\" \/>\n\t\t<meta property=\"article:modified_time\" content=\"2016-11-24T17:37:32+00:00\" \/>\n\t\t<meta name=\"twitter:card\" content=\"summary_large_image\" \/>\n\t\t<meta name=\"twitter:title\" content=\"Pastor Adilson Campos Carvalho \u00e9 empossado superintendente da Regi\u00e3o 888 da Igreja do Evangelho Quadrangular - A Not\u00edcia Online\" \/>\n\t\t<meta name=\"twitter:description\" content=\"O pastor Adilson Campos Carvalho foi nomeado superintendente da Regi\u00e3o 888 do Minist\u00e9rio Quadrangular. O culto de posse aconteceu na noite de s\u00e1bado (19), na 4\u00aa Igreja do Evangelho Quadrangular, no Planalto, igreja sede da Regi\u00e3o. Neste dia, a pastora Dolores, do Conselho Estadual de Diretores, tamb\u00e9m apresentou as igrejas que fazem parte da Regi\u00e3o\" \/>\n\t\t<meta name=\"twitter:image\" content=\"https:\/\/scontent-gig4-1.xx.fbcdn.net\/v\/t39.30808-1\/270437624_4564083193639691_6907940295614233970_n.jpg?stp=dst-jpg_s200x200_tt6&amp;_nc_cat=111&amp;ccb=1-7&amp;_nc_sid=f907e8&amp;_nc_ohc=SM1wRlP3lJwQ7kNvwEPuBYA&amp;_nc_oc=AdnqrjDN_BNjSSHWO-GbkIWH6fkGMLw4bqvL_NH6e2wMveX7G-rP2dAqsDSq1mJMOaY&amp;_nc_zt=24&amp;_nc_ht=scontent-gig4-1.xx&amp;_nc_gid=AoBFJeGrT1hVaew_6rchkQ&amp;oh=00_AfX7QmFGhQhG2jAllVgXCiM1ZrWgvtp80-Bfppyexh1QEg&amp;oe=689E923C\" \/>\n\t\t<script type=\"application\/ld+json\" class=\"aioseo-schema\">\n\t\t\t{\"@context\":\"https:\\\/\\\/schema.org\",\"@graph\":[{\"@type\":\"BlogPosting\",\"@id\":\"https:\\\/\\\/anoticiaonline.com.br\\\/site\\\/pastor-adilson-campos-carvalho-e-empossado-superintendente-da-regiao-888-da-igreja-do-evangelho-quadrangular\\\/#blogposting\",\"name\":\"Pastor Adilson Campos Carvalho \\u00e9 empossado superintendente da Regi\\u00e3o 888 da Igreja do Evangelho Quadrangular - A Not\\u00edcia Online\",\"headline\":\"Pastor Adilson Campos Carvalho \\u00e9 empossado superintendente da Regi\\u00e3o 888 da Igreja do Evangelho Quadrangular\",\"author\":{\"@id\":\"https:\\\/\\\/anoticiaonline.com.br\\\/site\\\/author\\\/juliana\\\/#author\"},\"publisher\":{\"@id\":\"https:\\\/\\\/anoticiaonline.com.br\\\/site\\\/#organization\"},\"image\":{\"@type\":\"ImageObject\",\"url\":\"https:\\\/\\\/anoticiaonline.com.br\\\/site\\\/wp-content\\\/uploads\\\/2016\\\/11\\\/DSC_0374.jpg\",\"width\":640,\"height\":479,\"caption\":\"O pastor Adilson e o reverendo Wilson Reis\"},\"datePublished\":\"2016-11-24T14:00:02-03:00\",\"dateModified\":\"2016-11-24T14:37:32-03:00\",\"inLanguage\":\"pt-BR\",\"mainEntityOfPage\":{\"@id\":\"https:\\\/\\\/anoticiaonline.com.br\\\/site\\\/pastor-adilson-campos-carvalho-e-empossado-superintendente-da-regiao-888-da-igreja-do-evangelho-quadrangular\\\/#webpage\"},\"isPartOf\":{\"@id\":\"https:\\\/\\\/anoticiaonline.com.br\\\/site\\\/pastor-adilson-campos-carvalho-e-empossado-superintendente-da-regiao-888-da-igreja-do-evangelho-quadrangular\\\/#webpage\"},\"articleSection\":\"Eventos\"},{\"@type\":\"BreadcrumbList\",\"@id\":\"https:\\\/\\\/anoticiaonline.com.br\\\/site\\\/pastor-adilson-campos-carvalho-e-empossado-superintendente-da-regiao-888-da-igreja-do-evangelho-quadrangular\\\/#breadcrumblist\",\"itemListElement\":[{\"@type\":\"ListItem\",\"@id\":\"https:\\\/\\\/anoticiaonline.com.br\\\/site#listItem\",\"position\":1,\"name\":\"Home\",\"item\":\"https:\\\/\\\/anoticiaonline.com.br\\\/site\",\"nextItem\":{\"@type\":\"ListItem\",\"@id\":\"https:\\\/\\\/anoticiaonline.com.br\\\/site\\\/categoria\\\/eventos\\\/#listItem\",\"name\":\"Eventos\"}},{\"@type\":\"ListItem\",\"@id\":\"https:\\\/\\\/anoticiaonline.com.br\\\/site\\\/categoria\\\/eventos\\\/#listItem\",\"position\":2,\"name\":\"Eventos\",\"item\":\"https:\\\/\\\/anoticiaonline.com.br\\\/site\\\/categoria\\\/eventos\\\/\",\"nextItem\":{\"@type\":\"ListItem\",\"@id\":\"https:\\\/\\\/anoticiaonline.com.br\\\/site\\\/pastor-adilson-campos-carvalho-e-empossado-superintendente-da-regiao-888-da-igreja-do-evangelho-quadrangular\\\/#listItem\",\"name\":\"Pastor Adilson Campos Carvalho \\u00e9 empossado superintendente da Regi\\u00e3o 888 da Igreja do Evangelho Quadrangular\"},\"previousItem\":{\"@type\":\"ListItem\",\"@id\":\"https:\\\/\\\/anoticiaonline.com.br\\\/site#listItem\",\"name\":\"Home\"}},{\"@type\":\"ListItem\",\"@id\":\"https:\\\/\\\/anoticiaonline.com.br\\\/site\\\/pastor-adilson-campos-carvalho-e-empossado-superintendente-da-regiao-888-da-igreja-do-evangelho-quadrangular\\\/#listItem\",\"position\":3,\"name\":\"Pastor Adilson Campos Carvalho \\u00e9 empossado superintendente da Regi\\u00e3o 888 da Igreja do Evangelho Quadrangular\",\"previousItem\":{\"@type\":\"ListItem\",\"@id\":\"https:\\\/\\\/anoticiaonline.com.br\\\/site\\\/categoria\\\/eventos\\\/#listItem\",\"name\":\"Eventos\"}}]},{\"@type\":\"Organization\",\"@id\":\"https:\\\/\\\/anoticiaonline.com.br\\\/site\\\/#organization\",\"name\":\"A Not\\u00edcia Online\",\"description\":\"Noticias de Muria\\u00e9 e regi\\u00e3o\",\"url\":\"https:\\\/\\\/anoticiaonline.com.br\\\/site\\\/\",\"logo\":{\"@type\":\"ImageObject\",\"url\":\"https:\\\/\\\/scontent-gig4-1.xx.fbcdn.net\\\/v\\\/t39.30808-1\\\/270437624_4564083193639691_6907940295614233970_n.jpg?stp=dst-jpg_s200x200_tt6&_nc_cat=111&ccb=1-7&_nc_sid=f907e8&_nc_ohc=SM1wRlP3lJwQ7kNvwEPuBYA&_nc_oc=AdnqrjDN_BNjSSHWO-GbkIWH6fkGMLw4bqvL_NH6e2wMveX7G-rP2dAqsDSq1mJMOaY&_nc_zt=24&_nc_ht=scontent-gig4-1.xx&_nc_gid=AoBFJeGrT1hVaew_6rchkQ&oh=00_AfX7QmFGhQhG2jAllVgXCiM1ZrWgvtp80-Bfppyexh1QEg&oe=689E923C\",\"@id\":\"https:\\\/\\\/anoticiaonline.com.br\\\/site\\\/pastor-adilson-campos-carvalho-e-empossado-superintendente-da-regiao-888-da-igreja-do-evangelho-quadrangular\\\/#organizationLogo\"},\"image\":{\"@id\":\"https:\\\/\\\/anoticiaonline.com.br\\\/site\\\/pastor-adilson-campos-carvalho-e-empossado-superintendente-da-regiao-888-da-igreja-do-evangelho-quadrangular\\\/#organizationLogo\"}},{\"@type\":\"Person\",\"@id\":\"https:\\\/\\\/anoticiaonline.com.br\\\/site\\\/author\\\/juliana\\\/#author\",\"url\":\"https:\\\/\\\/anoticiaonline.com.br\\\/site\\\/author\\\/juliana\\\/\",\"name\":\"Juliana Laviola\",\"image\":{\"@type\":\"ImageObject\",\"@id\":\"https:\\\/\\\/anoticiaonline.com.br\\\/site\\\/pastor-adilson-campos-carvalho-e-empossado-superintendente-da-regiao-888-da-igreja-do-evangelho-quadrangular\\\/#authorImage\",\"url\":\"https:\\\/\\\/secure.gravatar.com\\\/avatar\\\/b8d45f5c699b100dfaf0e543582f38f38bf94cb7ae3a5e9abf8d891a34773335?s=96&d=mm&r=g\",\"width\":96,\"height\":96,\"caption\":\"Juliana Laviola\"}},{\"@type\":\"WebPage\",\"@id\":\"https:\\\/\\\/anoticiaonline.com.br\\\/site\\\/pastor-adilson-campos-carvalho-e-empossado-superintendente-da-regiao-888-da-igreja-do-evangelho-quadrangular\\\/#webpage\",\"url\":\"https:\\\/\\\/anoticiaonline.com.br\\\/site\\\/pastor-adilson-campos-carvalho-e-empossado-superintendente-da-regiao-888-da-igreja-do-evangelho-quadrangular\\\/\",\"name\":\"Pastor Adilson Campos Carvalho \\u00e9 empossado superintendente da Regi\\u00e3o 888 da Igreja do Evangelho Quadrangular - A Not\\u00edcia Online\",\"description\":\"O pastor Adilson Campos Carvalho foi nomeado superintendente da Regi\\u00e3o 888 do Minist\\u00e9rio Quadrangular. O culto de posse aconteceu na noite de s\\u00e1bado (19), na 4\\u00aa Igreja do Evangelho Quadrangular, no Planalto, igreja sede da Regi\\u00e3o. Neste dia, a pastora Dolores, do Conselho Estadual de Diretores, tamb\\u00e9m apresentou as igrejas que fazem parte da Regi\\u00e3o\",\"inLanguage\":\"pt-BR\",\"isPartOf\":{\"@id\":\"https:\\\/\\\/anoticiaonline.com.br\\\/site\\\/#website\"},\"breadcrumb\":{\"@id\":\"https:\\\/\\\/anoticiaonline.com.br\\\/site\\\/pastor-adilson-campos-carvalho-e-empossado-superintendente-da-regiao-888-da-igreja-do-evangelho-quadrangular\\\/#breadcrumblist\"},\"author\":{\"@id\":\"https:\\\/\\\/anoticiaonline.com.br\\\/site\\\/author\\\/juliana\\\/#author\"},\"creator\":{\"@id\":\"https:\\\/\\\/anoticiaonline.com.br\\\/site\\\/author\\\/juliana\\\/#author\"},\"image\":{\"@type\":\"ImageObject\",\"url\":\"https:\\\/\\\/anoticiaonline.com.br\\\/site\\\/wp-content\\\/uploads\\\/2016\\\/11\\\/DSC_0374.jpg\",\"@id\":\"https:\\\/\\\/anoticiaonline.com.br\\\/site\\\/pastor-adilson-campos-carvalho-e-empossado-superintendente-da-regiao-888-da-igreja-do-evangelho-quadrangular\\\/#mainImage\",\"width\":640,\"height\":479,\"caption\":\"O pastor Adilson e o reverendo Wilson Reis\"},\"primaryImageOfPage\":{\"@id\":\"https:\\\/\\\/anoticiaonline.com.br\\\/site\\\/pastor-adilson-campos-carvalho-e-empossado-superintendente-da-regiao-888-da-igreja-do-evangelho-quadrangular\\\/#mainImage\"},\"datePublished\":\"2016-11-24T14:00:02-03:00\",\"dateModified\":\"2016-11-24T14:37:32-03:00\"},{\"@type\":\"WebSite\",\"@id\":\"https:\\\/\\\/anoticiaonline.com.br\\\/site\\\/#website\",\"url\":\"https:\\\/\\\/anoticiaonline.com.br\\\/site\\\/\",\"name\":\"A Not\\u00edcia Online\",\"description\":\"Noticias de Muria\\u00e9 e regi\\u00e3o\",\"inLanguage\":\"pt-BR\",\"publisher\":{\"@id\":\"https:\\\/\\\/anoticiaonline.com.br\\\/site\\\/#organization\"}}]}\n\t\t<\/script>\n\t\t<!-- All in One SEO -->\n\n","aioseo_head_json":{"title":"Pastor Adilson Campos Carvalho \u00e9 empossado superintendente da Regi\u00e3o 888 da Igreja do Evangelho Quadrangular - A Not\u00edcia Online","description":"O pastor Adilson Campos Carvalho foi nomeado superintendente da Regi\u00e3o 888 do Minist\u00e9rio Quadrangular. O culto de posse aconteceu na noite de s\u00e1bado (19), na 4\u00aa Igreja do Evangelho Quadrangular, no Planalto, igreja sede da Regi\u00e3o. Neste dia, a pastora Dolores, do Conselho Estadual de Diretores, tamb\u00e9m apresentou as igrejas que fazem parte da Regi\u00e3o","canonical_url":"https:\/\/anoticiaonline.com.br\/site\/pastor-adilson-campos-carvalho-e-empossado-superintendente-da-regiao-888-da-igreja-do-evangelho-quadrangular\/","robots":"max-image-preview:large","keywords":"","webmasterTools":{"miscellaneous":""},"schema":{"@context":"https:\/\/schema.org","@graph":[{"@type":"BlogPosting","@id":"https:\/\/anoticiaonline.com.br\/site\/pastor-adilson-campos-carvalho-e-empossado-superintendente-da-regiao-888-da-igreja-do-evangelho-quadrangular\/#blogposting","name":"Pastor Adilson Campos Carvalho \u00e9 empossado superintendente da Regi\u00e3o 888 da Igreja do Evangelho Quadrangular - A Not\u00edcia Online","headline":"Pastor Adilson Campos Carvalho \u00e9 empossado superintendente da Regi\u00e3o 888 da Igreja do Evangelho Quadrangular","author":{"@id":"https:\/\/anoticiaonline.com.br\/site\/author\/juliana\/#author"},"publisher":{"@id":"https:\/\/anoticiaonline.com.br\/site\/#organization"},"image":{"@type":"ImageObject","url":"https:\/\/anoticiaonline.com.br\/site\/wp-content\/uploads\/2016\/11\/DSC_0374.jpg","width":640,"height":479,"caption":"O pastor Adilson e o reverendo Wilson Reis"},"datePublished":"2016-11-24T14:00:02-03:00","dateModified":"2016-11-24T14:37:32-03:00","inLanguage":"pt-BR","mainEntityOfPage":{"@id":"https:\/\/anoticiaonline.com.br\/site\/pastor-adilson-campos-carvalho-e-empossado-superintendente-da-regiao-888-da-igreja-do-evangelho-quadrangular\/#webpage"},"isPartOf":{"@id":"https:\/\/anoticiaonline.com.br\/site\/pastor-adilson-campos-carvalho-e-empossado-superintendente-da-regiao-888-da-igreja-do-evangelho-quadrangular\/#webpage"},"articleSection":"Eventos"},{"@type":"BreadcrumbList","@id":"https:\/\/anoticiaonline.com.br\/site\/pastor-adilson-campos-carvalho-e-empossado-superintendente-da-regiao-888-da-igreja-do-evangelho-quadrangular\/#breadcrumblist","itemListElement":[{"@type":"ListItem","@id":"https:\/\/anoticiaonline.com.br\/site#listItem","position":1,"name":"Home","item":"https:\/\/anoticiaonline.com.br\/site","nextItem":{"@type":"ListItem","@id":"https:\/\/anoticiaonline.com.br\/site\/categoria\/eventos\/#listItem","name":"Eventos"}},{"@type":"ListItem","@id":"https:\/\/anoticiaonline.com.br\/site\/categoria\/eventos\/#listItem","position":2,"name":"Eventos","item":"https:\/\/anoticiaonline.com.br\/site\/categoria\/eventos\/","nextItem":{"@type":"ListItem","@id":"https:\/\/anoticiaonline.com.br\/site\/pastor-adilson-campos-carvalho-e-empossado-superintendente-da-regiao-888-da-igreja-do-evangelho-quadrangular\/#listItem","name":"Pastor Adilson Campos Carvalho \u00e9 empossado superintendente da Regi\u00e3o 888 da Igreja do Evangelho Quadrangular"},"previousItem":{"@type":"ListItem","@id":"https:\/\/anoticiaonline.com.br\/site#listItem","name":"Home"}},{"@type":"ListItem","@id":"https:\/\/anoticiaonline.com.br\/site\/pastor-adilson-campos-carvalho-e-empossado-superintendente-da-regiao-888-da-igreja-do-evangelho-quadrangular\/#listItem","position":3,"name":"Pastor Adilson Campos Carvalho \u00e9 empossado superintendente da Regi\u00e3o 888 da Igreja do Evangelho Quadrangular","previousItem":{"@type":"ListItem","@id":"https:\/\/anoticiaonline.com.br\/site\/categoria\/eventos\/#listItem","name":"Eventos"}}]},{"@type":"Organization","@id":"https:\/\/anoticiaonline.com.br\/site\/#organization","name":"A Not\u00edcia Online","description":"Noticias de Muria\u00e9 e regi\u00e3o","url":"https:\/\/anoticiaonline.com.br\/site\/","logo":{"@type":"ImageObject","url":"https:\/\/scontent-gig4-1.xx.fbcdn.net\/v\/t39.30808-1\/270437624_4564083193639691_6907940295614233970_n.jpg?stp=dst-jpg_s200x200_tt6&_nc_cat=111&ccb=1-7&_nc_sid=f907e8&_nc_ohc=SM1wRlP3lJwQ7kNvwEPuBYA&_nc_oc=AdnqrjDN_BNjSSHWO-GbkIWH6fkGMLw4bqvL_NH6e2wMveX7G-rP2dAqsDSq1mJMOaY&_nc_zt=24&_nc_ht=scontent-gig4-1.xx&_nc_gid=AoBFJeGrT1hVaew_6rchkQ&oh=00_AfX7QmFGhQhG2jAllVgXCiM1ZrWgvtp80-Bfppyexh1QEg&oe=689E923C","@id":"https:\/\/anoticiaonline.com.br\/site\/pastor-adilson-campos-carvalho-e-empossado-superintendente-da-regiao-888-da-igreja-do-evangelho-quadrangular\/#organizationLogo"},"image":{"@id":"https:\/\/anoticiaonline.com.br\/site\/pastor-adilson-campos-carvalho-e-empossado-superintendente-da-regiao-888-da-igreja-do-evangelho-quadrangular\/#organizationLogo"}},{"@type":"Person","@id":"https:\/\/anoticiaonline.com.br\/site\/author\/juliana\/#author","url":"https:\/\/anoticiaonline.com.br\/site\/author\/juliana\/","name":"Juliana Laviola","image":{"@type":"ImageObject","@id":"https:\/\/anoticiaonline.com.br\/site\/pastor-adilson-campos-carvalho-e-empossado-superintendente-da-regiao-888-da-igreja-do-evangelho-quadrangular\/#authorImage","url":"https:\/\/secure.gravatar.com\/avatar\/b8d45f5c699b100dfaf0e543582f38f38bf94cb7ae3a5e9abf8d891a34773335?s=96&d=mm&r=g","width":96,"height":96,"caption":"Juliana Laviola"}},{"@type":"WebPage","@id":"https:\/\/anoticiaonline.com.br\/site\/pastor-adilson-campos-carvalho-e-empossado-superintendente-da-regiao-888-da-igreja-do-evangelho-quadrangular\/#webpage","url":"https:\/\/anoticiaonline.com.br\/site\/pastor-adilson-campos-carvalho-e-empossado-superintendente-da-regiao-888-da-igreja-do-evangelho-quadrangular\/","name":"Pastor Adilson Campos Carvalho \u00e9 empossado superintendente da Regi\u00e3o 888 da Igreja do Evangelho Quadrangular - A Not\u00edcia Online","description":"O pastor Adilson Campos Carvalho foi nomeado superintendente da Regi\u00e3o 888 do Minist\u00e9rio Quadrangular. O culto de posse aconteceu na noite de s\u00e1bado (19), na 4\u00aa Igreja do Evangelho Quadrangular, no Planalto, igreja sede da Regi\u00e3o. Neste dia, a pastora Dolores, do Conselho Estadual de Diretores, tamb\u00e9m apresentou as igrejas que fazem parte da Regi\u00e3o","inLanguage":"pt-BR","isPartOf":{"@id":"https:\/\/anoticiaonline.com.br\/site\/#website"},"breadcrumb":{"@id":"https:\/\/anoticiaonline.com.br\/site\/pastor-adilson-campos-carvalho-e-empossado-superintendente-da-regiao-888-da-igreja-do-evangelho-quadrangular\/#breadcrumblist"},"author":{"@id":"https:\/\/anoticiaonline.com.br\/site\/author\/juliana\/#author"},"creator":{"@id":"https:\/\/anoticiaonline.com.br\/site\/author\/juliana\/#author"},"image":{"@type":"ImageObject","url":"https:\/\/anoticiaonline.com.br\/site\/wp-content\/uploads\/2016\/11\/DSC_0374.jpg","@id":"https:\/\/anoticiaonline.com.br\/site\/pastor-adilson-campos-carvalho-e-empossado-superintendente-da-regiao-888-da-igreja-do-evangelho-quadrangular\/#mainImage","width":640,"height":479,"caption":"O pastor Adilson e o reverendo Wilson Reis"},"primaryImageOfPage":{"@id":"https:\/\/anoticiaonline.com.br\/site\/pastor-adilson-campos-carvalho-e-empossado-superintendente-da-regiao-888-da-igreja-do-evangelho-quadrangular\/#mainImage"},"datePublished":"2016-11-24T14:00:02-03:00","dateModified":"2016-11-24T14:37:32-03:00"},{"@type":"WebSite","@id":"https:\/\/anoticiaonline.com.br\/site\/#website","url":"https:\/\/anoticiaonline.com.br\/site\/","name":"A Not\u00edcia Online","description":"Noticias de Muria\u00e9 e regi\u00e3o","inLanguage":"pt-BR","publisher":{"@id":"https:\/\/anoticiaonline.com.br\/site\/#organization"}}]},"og:locale":"pt_BR","og:site_name":"A Not\u00edcia Online - Noticias de Muria\u00e9 e regi\u00e3o","og:type":"article","og:title":"Pastor Adilson Campos Carvalho \u00e9 empossado superintendente da Regi\u00e3o 888 da Igreja do Evangelho Quadrangular - A Not\u00edcia Online","og:description":"O pastor Adilson Campos Carvalho foi nomeado superintendente da Regi\u00e3o 888 do Minist\u00e9rio Quadrangular. O culto de posse aconteceu na noite de s\u00e1bado (19), na 4\u00aa Igreja do Evangelho Quadrangular, no Planalto, igreja sede da Regi\u00e3o. Neste dia, a pastora Dolores, do Conselho Estadual de Diretores, tamb\u00e9m apresentou as igrejas que fazem parte da Regi\u00e3o","og:url":"https:\/\/anoticiaonline.com.br\/site\/pastor-adilson-campos-carvalho-e-empossado-superintendente-da-regiao-888-da-igreja-do-evangelho-quadrangular\/","og:image":"https:\/\/scontent-gig4-1.xx.fbcdn.net\/v\/t39.30808-1\/270437624_4564083193639691_6907940295614233970_n.jpg?stp=dst-jpg_s200x200_tt6&#038;_nc_cat=111&#038;ccb=1-7&#038;_nc_sid=f907e8&#038;_nc_ohc=SM1wRlP3lJwQ7kNvwEPuBYA&#038;_nc_oc=AdnqrjDN_BNjSSHWO-GbkIWH6fkGMLw4bqvL_NH6e2wMveX7G-rP2dAqsDSq1mJMOaY&#038;_nc_zt=24&#038;_nc_ht=scontent-gig4-1.xx&#038;_nc_gid=AoBFJeGrT1hVaew_6rchkQ&#038;oh=00_AfX7QmFGhQhG2jAllVgXCiM1ZrWgvtp80-Bfppyexh1QEg&#038;oe=689E923C","og:image:secure_url":"https:\/\/scontent-gig4-1.xx.fbcdn.net\/v\/t39.30808-1\/270437624_4564083193639691_6907940295614233970_n.jpg?stp=dst-jpg_s200x200_tt6&#038;_nc_cat=111&#038;ccb=1-7&#038;_nc_sid=f907e8&#038;_nc_ohc=SM1wRlP3lJwQ7kNvwEPuBYA&#038;_nc_oc=AdnqrjDN_BNjSSHWO-GbkIWH6fkGMLw4bqvL_NH6e2wMveX7G-rP2dAqsDSq1mJMOaY&#038;_nc_zt=24&#038;_nc_ht=scontent-gig4-1.xx&#038;_nc_gid=AoBFJeGrT1hVaew_6rchkQ&#038;oh=00_AfX7QmFGhQhG2jAllVgXCiM1ZrWgvtp80-Bfppyexh1QEg&#038;oe=689E923C","article:published_time":"2016-11-24T17:00:02+00:00","article:modified_time":"2016-11-24T17:37:32+00:00","twitter:card":"summary_large_image","twitter:title":"Pastor Adilson Campos Carvalho \u00e9 empossado superintendente da Regi\u00e3o 888 da Igreja do Evangelho Quadrangular - A Not\u00edcia Online","twitter:description":"O pastor Adilson Campos Carvalho foi nomeado superintendente da Regi\u00e3o 888 do Minist\u00e9rio Quadrangular. O culto de posse aconteceu na noite de s\u00e1bado (19), na 4\u00aa Igreja do Evangelho Quadrangular, no Planalto, igreja sede da Regi\u00e3o. Neste dia, a pastora Dolores, do Conselho Estadual de Diretores, tamb\u00e9m apresentou as igrejas que fazem parte da Regi\u00e3o","twitter:image":"https:\/\/scontent-gig4-1.xx.fbcdn.net\/v\/t39.30808-1\/270437624_4564083193639691_6907940295614233970_n.jpg?stp=dst-jpg_s200x200_tt6&_nc_cat=111&ccb=1-7&_nc_sid=f907e8&_nc_ohc=SM1wRlP3lJwQ7kNvwEPuBYA&_nc_oc=AdnqrjDN_BNjSSHWO-GbkIWH6fkGMLw4bqvL_NH6e2wMveX7G-rP2dAqsDSq1mJMOaY&_nc_zt=24&_nc_ht=scontent-gig4-1.xx&_nc_gid=AoBFJeGrT1hVaew_6rchkQ&oh=00_AfX7QmFGhQhG2jAllVgXCiM1ZrWgvtp80-Bfppyexh1QEg&oe=689E923C"},"aioseo_meta_data":{"post_id":"22117","title":null,"description":null,"keywords":null,"keyphrases":null,"primary_term":null,"canonical_url":null,"og_title":null,"og_description":null,"og_object_type":"default","og_image_type":"default","og_image_url":null,"og_image_width":null,"og_image_height":null,"og_image_custom_url":null,"og_image_custom_fields":null,"og_video":null,"og_custom_url":null,"og_article_section":null,"og_article_tags":null,"twitter_use_og":false,"twitter_card":"default","twitter_image_type":"default","twitter_image_url":null,"twitter_image_custom_url":null,"twitter_image_custom_fields":null,"twitter_title":null,"twitter_description":null,"schema":{"blockGraphs":[],"customGraphs":[],"default":{"data":{"Article":[],"Course":[],"Dataset":[],"FAQPage":[],"Movie":[],"Person":[],"Product":[],"ProductReview":[],"Car":[],"Recipe":[],"Service":[],"SoftwareApplication":[],"WebPage":[]},"graphName":"","isEnabled":true},"graphs":[]},"schema_type":"default","schema_type_options":null,"pillar_content":false,"robots_default":true,"robots_noindex":false,"robots_noarchive":false,"robots_nosnippet":false,"robots_nofollow":false,"robots_noimageindex":false,"robots_noodp":false,"robots_notranslate":false,"robots_max_snippet":null,"robots_max_videopreview":null,"robots_max_imagepreview":"large","priority":null,"frequency":null,"local_seo":null,"breadcrumb_settings":null,"limit_modified_date":false,"ai":null,"created":"2025-08-16 17:13:17","updated":"2025-08-16 17:13:17","focus_keyword":null,"additional_keywords":null,"truseo_locale":null,"seo_analyzer_scan_date":null},"aioseo_breadcrumb":"<div class=\"aioseo-breadcrumbs\"><span class=\"aioseo-breadcrumb\">\n\t\t\t<a href=\"https:\/\/anoticiaonline.com.br\/site\" title=\"Home\">Home<\/a>\n\t\t<\/span><span class=\"aioseo-breadcrumb-separator\">&raquo;<\/span><span class=\"aioseo-breadcrumb\">\n\t\t\t<a href=\"https:\/\/anoticiaonline.com.br\/site\/categoria\/eventos\/\" title=\"Eventos\">Eventos<\/a>\n\t\t<\/span><span class=\"aioseo-breadcrumb-separator\">&raquo;<\/span><span class=\"aioseo-breadcrumb\">\n\t\t\tPastor Adilson Campos Carvalho \u00e9 empossado superintendente da Regi\u00e3o 888 da Igreja do Evangelho Quadrangular\n\t\t<\/span><\/div>","aioseo_breadcrumb_json":[{"label":"Home","link":"https:\/\/anoticiaonline.com.br\/site"},{"label":"Eventos","link":"https:\/\/anoticiaonline.com.br\/site\/categoria\/eventos\/"},{"label":"Pastor Adilson Campos Carvalho \u00e9 empossado superintendente da Regi\u00e3o 888 da Igreja do Evangelho Quadrangular","link":"https:\/\/anoticiaonline.com.br\/site\/pastor-adilson-campos-carvalho-e-empossado-superintendente-da-regiao-888-da-igreja-do-evangelho-quadrangular\/"}],"views":193,"_links":{"self":[{"href":"https:\/\/anoticiaonline.com.br\/site\/wp-json\/wp\/v2\/posts\/22117","targetHints":{"allow":["GET"]}}],"collection":[{"href":"https:\/\/anoticiaonline.com.br\/site\/wp-json\/wp\/v2\/posts"}],"about":[{"href":"https:\/\/anoticiaonline.com.br\/site\/wp-json\/wp\/v2\/types\/post"}],"author":[{"embeddable":true,"href":"https:\/\/anoticiaonline.com.br\/site\/wp-json\/wp\/v2\/users\/2"}],"replies":[{"embeddable":true,"href":"https:\/\/anoticiaonline.com.br\/site\/wp-json\/wp\/v2\/comments?post=22117"}],"version-history":[{"count":0,"href":"https:\/\/anoticiaonline.com.br\/site\/wp-json\/wp\/v2\/posts\/22117\/revisions"}],"wp:featuredmedia":[{"embeddable":true,"href":"https:\/\/anoticiaonline.com.br\/site\/wp-json\/wp\/v2\/media\/22118"}],"wp:attachment":[{"href":"https:\/\/anoticiaonline.com.br\/site\/wp-json\/wp\/v2\/media?parent=22117"}],"wp:term":[{"taxonomy":"category","embeddable":true,"href":"https:\/\/anoticiaonline.com.br\/site\/wp-json\/wp\/v2\/categories?post=22117"},{"taxonomy":"post_tag","embeddable":true,"href":"https:\/\/anoticiaonline.com.br\/site\/wp-json\/wp\/v2\/tags?post=22117"}],"curies":[{"name":"wp","href":"https:\/\/api.w.org\/{rel}","templated":true}]}}