{"id":21982,"date":"2016-11-23T09:40:01","date_gmt":"2016-11-23T12:40:01","guid":{"rendered":"http:\/\/anoticiaonline.com.br\/site\/?p=21982"},"modified":"2016-11-23T09:40:01","modified_gmt":"2016-11-23T12:40:01","slug":"mais-de-350-criancas-se-formam-no-proerd-no-segundo-semestre","status":"publish","type":"post","link":"https:\/\/anoticiaonline.com.br\/site\/mais-de-350-criancas-se-formam-no-proerd-no-segundo-semestre\/","title":{"rendered":"Mais de 350 crian\u00e7as se formam no Proerd no segundo semestre"},"content":{"rendered":"<figure id=\"attachment_21983\" aria-describedby=\"caption-attachment-21983\" style=\"width: 290px\" class=\"wp-caption alignleft\"><a href=\"https:\/\/anoticiaonline.com.br\/site\/wp-content\/uploads\/2016\/11\/DSC_0511.jpg\"><img fetchpriority=\"high\" decoding=\"async\" class=\"size-medium wp-image-21983\" src=\"https:\/\/anoticiaonline.com.br\/site\/wp-content\/uploads\/2016\/11\/DSC_0511-300x179.jpg\" alt=\"Formatura aconteceu na noite de ter\u00e7a-feira (22), no Anfiteatro do Col\u00e9gio Santa Marcelina\" width=\"300\" height=\"179\" srcset=\"https:\/\/anoticiaonline.com.br\/site\/wp-content\/uploads\/2016\/11\/DSC_0511-300x179.jpg 300w, https:\/\/anoticiaonline.com.br\/site\/wp-content\/uploads\/2016\/11\/DSC_0511.jpg 640w\" sizes=\"(max-width: 300px) 100vw, 300px\" \/><\/a><figcaption id=\"caption-attachment-21983\" class=\"wp-caption-text\">Formatura aconteceu na noite de ter\u00e7a-feira (22), no Anfiteatro do Col\u00e9gio Santa Marcelina<\/figcaption><\/figure>\n<p>Mais 350 crian\u00e7as, aproximadamente, das redes p\u00fablicas municipal e estadual de ensino e particular se formaram no Programa Educacional de Resist\u00eancia \u00e0s Drogas (Proerd), desenvolvido pela Pol\u00edcia Militar. A solenidade de entrega dos certificados aconteceu na noite de ter\u00e7a-feira (22), no Anfiteatro do Col\u00e9gio Santa Marcelina.<\/p>\n<p>Os formandos do segundo semestre s\u00e3o alunos do 5\u00ba, 6\u00ba e 7\u00ba anos das escolas municipais Nelson Cardoso de Melo, Cl\u00e9ria Ticon Carneiro, Odaleia de Oliveira Azevedo, Doutor Ant\u00f4nio Can\u00eado e Stella Fid\u00e9lis, das escolas estaduais Desembargador Can\u00eado, Jo\u00e3o Teixeira Siqueira, Columba Teixeira e Silva e Col\u00e9gio Santa Marcelina.<\/p>\n<p>O programa come\u00e7ou a ser desenvolvido em Muria\u00e9 j\u00e1 11 anos, pelo tenente Freitas. Nesse per\u00edodo, o projeto j\u00e1 formou aproximadamente 11.500 alunos. O instrutor do Proerd h\u00e1 sete anos, soldado Coutinho, afirma que o projeto refor\u00e7a a import\u00e2ncia da educa\u00e7\u00e3o. \u201cA educa\u00e7\u00e3o, quando valorizada, surte efeitos positivos. Esses resultados podem n\u00e3o ser de uma maneira pragm\u00e1tica, instant\u00e2nea, mas acontecer a m\u00e9dio e longo prazo. O Proerd surgiu com essa filosofia, de preven\u00e7\u00e3o, de pol\u00edcia comunit\u00e1ria, tratando o mal das drogas antes do mesmo acontecer\u201d, afirma.<\/p>\n<p>Estiveram presentes na solenidade o comandante da 76\u00aa Companhia de Pol\u00edcia, capit\u00e3o Fortunato, o superintendente regional de Ensino, Sandro Carrizo, diretores, professores e familiares dos formandos.<\/p>\n<p>Al\u00e9m do tradicional juramento feito pelas crian\u00e7as prometendo ficar longe das drogas e da viol\u00eancia, houve a leitura das tr\u00eas melhores reda\u00e7\u00f5es sobre a tem\u00e1tica, apresenta\u00e7\u00e3o teatral e o sorteio de uma bicicleta.<\/p>\n<p><img decoding=\"async\" class=\"ngg_displayed_gallery mceItem\" src=\"https:\/\/anoticiaonline.com.br\/site\/nextgen-attach_to_post\/preview\/id--22026\" alt=\"\" \/><\/p>\n","protected":false},"excerpt":{"rendered":"<p>Mais 350 crian\u00e7as, aproximadamente, das redes p\u00fablicas municipal e estadual de ensino e particular se formaram no Programa Educacional de Resist\u00eancia \u00e0s Drogas (Proerd), desenvolvido pela Pol\u00edcia Militar. A solenidade de entrega dos certificados aconteceu na noite de ter\u00e7a-feira (22), no Anfiteatro do Col\u00e9gio Santa Marcelina. Os formandos do segundo semestre s\u00e3o alunos do 5\u00ba, &#8230; <a title=\"Mais de 350 crian\u00e7as se formam no Proerd no segundo semestre\" class=\"read-more\" href=\"https:\/\/anoticiaonline.com.br\/site\/mais-de-350-criancas-se-formam-no-proerd-no-segundo-semestre\/\" aria-label=\"Read more about Mais de 350 crian\u00e7as se formam no Proerd no segundo semestre\">Ler mais<\/a><\/p>\n","protected":false},"author":2,"featured_media":21983,"comment_status":"open","ping_status":"open","sticky":false,"template":"","format":"standard","meta":{"_acf_changed":false,"_monsterinsights_skip_tracking":false,"footnotes":""},"categories":[30],"tags":[3],"class_list":["post-21982","post","type-post","status-publish","format-standard","has-post-thumbnail","hentry","category-muriae","tag-slide"],"acf":[],"aioseo_notices":[],"aioseo_head":"\n\t\t<!-- All in One SEO 5.0.0.1 - aioseo.com -->\n\t<meta name=\"description\" content=\"Mais 350 crian\u00e7as, aproximadamente, das redes p\u00fablicas municipal e estadual de ensino e particular se formaram no Programa Educacional de Resist\u00eancia \u00e0s Drogas (Proerd), desenvolvido pela Pol\u00edcia Militar. A solenidade de entrega dos certificados aconteceu na noite de ter\u00e7a-feira (22), no Anfiteatro do Col\u00e9gio Santa Marcelina. Os formandos do segundo semestre s\u00e3o alunos do 5\u00ba,\" \/>\n\t<meta name=\"robots\" content=\"max-image-preview:large\" \/>\n\t<meta name=\"author\" content=\"Juliana Laviola\"\/>\n\t<link rel=\"canonical\" href=\"https:\/\/anoticiaonline.com.br\/site\/mais-de-350-criancas-se-formam-no-proerd-no-segundo-semestre\/\" \/>\n\t<meta name=\"generator\" content=\"All in One SEO (AIOSEO) 5.0.0.1\" \/>\n\t\t<meta property=\"og:locale\" content=\"pt_BR\" \/>\n\t\t<meta property=\"og:site_name\" content=\"A Not\u00edcia Online - Noticias de Muria\u00e9 e regi\u00e3o\" \/>\n\t\t<meta property=\"og:type\" content=\"article\" \/>\n\t\t<meta property=\"og:title\" content=\"Mais de 350 crian\u00e7as se formam no Proerd no segundo semestre - A Not\u00edcia Online\" \/>\n\t\t<meta property=\"og:description\" content=\"Mais 350 crian\u00e7as, aproximadamente, das redes p\u00fablicas municipal e estadual de ensino e particular se formaram no Programa Educacional de Resist\u00eancia \u00e0s Drogas (Proerd), desenvolvido pela Pol\u00edcia Militar. A solenidade de entrega dos certificados aconteceu na noite de ter\u00e7a-feira (22), no Anfiteatro do Col\u00e9gio Santa Marcelina. Os formandos do segundo semestre s\u00e3o alunos do 5\u00ba,\" \/>\n\t\t<meta property=\"og:url\" content=\"https:\/\/anoticiaonline.com.br\/site\/mais-de-350-criancas-se-formam-no-proerd-no-segundo-semestre\/\" \/>\n\t\t<meta property=\"og:image\" content=\"https:\/\/scontent-gig4-1.xx.fbcdn.net\/v\/t39.30808-1\/270437624_4564083193639691_6907940295614233970_n.jpg?stp=dst-jpg_s200x200_tt6&#038;_nc_cat=111&#038;ccb=1-7&#038;_nc_sid=f907e8&#038;_nc_ohc=SM1wRlP3lJwQ7kNvwEPuBYA&#038;_nc_oc=AdnqrjDN_BNjSSHWO-GbkIWH6fkGMLw4bqvL_NH6e2wMveX7G-rP2dAqsDSq1mJMOaY&#038;_nc_zt=24&#038;_nc_ht=scontent-gig4-1.xx&#038;_nc_gid=AoBFJeGrT1hVaew_6rchkQ&#038;oh=00_AfX7QmFGhQhG2jAllVgXCiM1ZrWgvtp80-Bfppyexh1QEg&#038;oe=689E923C\" \/>\n\t\t<meta property=\"og:image:secure_url\" content=\"https:\/\/scontent-gig4-1.xx.fbcdn.net\/v\/t39.30808-1\/270437624_4564083193639691_6907940295614233970_n.jpg?stp=dst-jpg_s200x200_tt6&#038;_nc_cat=111&#038;ccb=1-7&#038;_nc_sid=f907e8&#038;_nc_ohc=SM1wRlP3lJwQ7kNvwEPuBYA&#038;_nc_oc=AdnqrjDN_BNjSSHWO-GbkIWH6fkGMLw4bqvL_NH6e2wMveX7G-rP2dAqsDSq1mJMOaY&#038;_nc_zt=24&#038;_nc_ht=scontent-gig4-1.xx&#038;_nc_gid=AoBFJeGrT1hVaew_6rchkQ&#038;oh=00_AfX7QmFGhQhG2jAllVgXCiM1ZrWgvtp80-Bfppyexh1QEg&#038;oe=689E923C\" \/>\n\t\t<meta property=\"article:published_time\" content=\"2016-11-23T12:40:01+00:00\" \/>\n\t\t<meta property=\"article:modified_time\" content=\"2016-11-23T12:40:01+00:00\" \/>\n\t\t<meta name=\"twitter:card\" content=\"summary_large_image\" \/>\n\t\t<meta name=\"twitter:title\" content=\"Mais de 350 crian\u00e7as se formam no Proerd no segundo semestre - A Not\u00edcia Online\" \/>\n\t\t<meta name=\"twitter:description\" content=\"Mais 350 crian\u00e7as, aproximadamente, das redes p\u00fablicas municipal e estadual de ensino e particular se formaram no Programa Educacional de Resist\u00eancia \u00e0s Drogas (Proerd), desenvolvido pela Pol\u00edcia Militar. A solenidade de entrega dos certificados aconteceu na noite de ter\u00e7a-feira (22), no Anfiteatro do Col\u00e9gio Santa Marcelina. Os formandos do segundo semestre s\u00e3o alunos do 5\u00ba,\" \/>\n\t\t<meta name=\"twitter:image\" content=\"https:\/\/scontent-gig4-1.xx.fbcdn.net\/v\/t39.30808-1\/270437624_4564083193639691_6907940295614233970_n.jpg?stp=dst-jpg_s200x200_tt6&amp;_nc_cat=111&amp;ccb=1-7&amp;_nc_sid=f907e8&amp;_nc_ohc=SM1wRlP3lJwQ7kNvwEPuBYA&amp;_nc_oc=AdnqrjDN_BNjSSHWO-GbkIWH6fkGMLw4bqvL_NH6e2wMveX7G-rP2dAqsDSq1mJMOaY&amp;_nc_zt=24&amp;_nc_ht=scontent-gig4-1.xx&amp;_nc_gid=AoBFJeGrT1hVaew_6rchkQ&amp;oh=00_AfX7QmFGhQhG2jAllVgXCiM1ZrWgvtp80-Bfppyexh1QEg&amp;oe=689E923C\" \/>\n\t\t<script type=\"application\/ld+json\" class=\"aioseo-schema\">\n\t\t\t{\"@context\":\"https:\\\/\\\/schema.org\",\"@graph\":[{\"@type\":\"BlogPosting\",\"@id\":\"https:\\\/\\\/anoticiaonline.com.br\\\/site\\\/mais-de-350-criancas-se-formam-no-proerd-no-segundo-semestre\\\/#blogposting\",\"name\":\"Mais de 350 crian\\u00e7as se formam no Proerd no segundo semestre - A Not\\u00edcia Online\",\"headline\":\"Mais de 350 crian\\u00e7as se formam no Proerd no segundo semestre\",\"author\":{\"@id\":\"https:\\\/\\\/anoticiaonline.com.br\\\/site\\\/author\\\/juliana\\\/#author\"},\"publisher\":{\"@id\":\"https:\\\/\\\/anoticiaonline.com.br\\\/site\\\/#organization\"},\"image\":{\"@type\":\"ImageObject\",\"url\":\"https:\\\/\\\/anoticiaonline.com.br\\\/site\\\/wp-content\\\/uploads\\\/2016\\\/11\\\/DSC_0511.jpg\",\"width\":640,\"height\":381,\"caption\":\"Formatura aconteceu na noite de ter\\u00e7a-feira (22), no Anfiteatro do Col\\u00e9gio Santa Marcelina\"},\"datePublished\":\"2016-11-23T09:40:01-03:00\",\"dateModified\":\"2016-11-23T09:40:01-03:00\",\"inLanguage\":\"pt-BR\",\"mainEntityOfPage\":{\"@id\":\"https:\\\/\\\/anoticiaonline.com.br\\\/site\\\/mais-de-350-criancas-se-formam-no-proerd-no-segundo-semestre\\\/#webpage\"},\"isPartOf\":{\"@id\":\"https:\\\/\\\/anoticiaonline.com.br\\\/site\\\/mais-de-350-criancas-se-formam-no-proerd-no-segundo-semestre\\\/#webpage\"},\"articleSection\":\"Blog, slide\"},{\"@type\":\"BreadcrumbList\",\"@id\":\"https:\\\/\\\/anoticiaonline.com.br\\\/site\\\/mais-de-350-criancas-se-formam-no-proerd-no-segundo-semestre\\\/#breadcrumblist\",\"itemListElement\":[{\"@type\":\"ListItem\",\"@id\":\"https:\\\/\\\/anoticiaonline.com.br\\\/site#listItem\",\"position\":1,\"name\":\"Home\",\"item\":\"https:\\\/\\\/anoticiaonline.com.br\\\/site\",\"nextItem\":{\"@type\":\"ListItem\",\"@id\":\"https:\\\/\\\/anoticiaonline.com.br\\\/site\\\/categoria\\\/muriae\\\/#listItem\",\"name\":\"Blog\"}},{\"@type\":\"ListItem\",\"@id\":\"https:\\\/\\\/anoticiaonline.com.br\\\/site\\\/categoria\\\/muriae\\\/#listItem\",\"position\":2,\"name\":\"Blog\",\"item\":\"https:\\\/\\\/anoticiaonline.com.br\\\/site\\\/categoria\\\/muriae\\\/\",\"nextItem\":{\"@type\":\"ListItem\",\"@id\":\"https:\\\/\\\/anoticiaonline.com.br\\\/site\\\/mais-de-350-criancas-se-formam-no-proerd-no-segundo-semestre\\\/#listItem\",\"name\":\"Mais de 350 crian\\u00e7as se formam no Proerd no segundo semestre\"},\"previousItem\":{\"@type\":\"ListItem\",\"@id\":\"https:\\\/\\\/anoticiaonline.com.br\\\/site#listItem\",\"name\":\"Home\"}},{\"@type\":\"ListItem\",\"@id\":\"https:\\\/\\\/anoticiaonline.com.br\\\/site\\\/mais-de-350-criancas-se-formam-no-proerd-no-segundo-semestre\\\/#listItem\",\"position\":3,\"name\":\"Mais de 350 crian\\u00e7as se formam no Proerd no segundo semestre\",\"previousItem\":{\"@type\":\"ListItem\",\"@id\":\"https:\\\/\\\/anoticiaonline.com.br\\\/site\\\/categoria\\\/muriae\\\/#listItem\",\"name\":\"Blog\"}}]},{\"@type\":\"Organization\",\"@id\":\"https:\\\/\\\/anoticiaonline.com.br\\\/site\\\/#organization\",\"name\":\"A Not\\u00edcia Online\",\"description\":\"Noticias de Muria\\u00e9 e regi\\u00e3o\",\"url\":\"https:\\\/\\\/anoticiaonline.com.br\\\/site\\\/\",\"logo\":{\"@type\":\"ImageObject\",\"url\":\"https:\\\/\\\/scontent-gig4-1.xx.fbcdn.net\\\/v\\\/t39.30808-1\\\/270437624_4564083193639691_6907940295614233970_n.jpg?stp=dst-jpg_s200x200_tt6&_nc_cat=111&ccb=1-7&_nc_sid=f907e8&_nc_ohc=SM1wRlP3lJwQ7kNvwEPuBYA&_nc_oc=AdnqrjDN_BNjSSHWO-GbkIWH6fkGMLw4bqvL_NH6e2wMveX7G-rP2dAqsDSq1mJMOaY&_nc_zt=24&_nc_ht=scontent-gig4-1.xx&_nc_gid=AoBFJeGrT1hVaew_6rchkQ&oh=00_AfX7QmFGhQhG2jAllVgXCiM1ZrWgvtp80-Bfppyexh1QEg&oe=689E923C\",\"@id\":\"https:\\\/\\\/anoticiaonline.com.br\\\/site\\\/mais-de-350-criancas-se-formam-no-proerd-no-segundo-semestre\\\/#organizationLogo\"},\"image\":{\"@id\":\"https:\\\/\\\/anoticiaonline.com.br\\\/site\\\/mais-de-350-criancas-se-formam-no-proerd-no-segundo-semestre\\\/#organizationLogo\"}},{\"@type\":\"Person\",\"@id\":\"https:\\\/\\\/anoticiaonline.com.br\\\/site\\\/author\\\/juliana\\\/#author\",\"url\":\"https:\\\/\\\/anoticiaonline.com.br\\\/site\\\/author\\\/juliana\\\/\",\"name\":\"Juliana Laviola\",\"image\":{\"@type\":\"ImageObject\",\"@id\":\"https:\\\/\\\/anoticiaonline.com.br\\\/site\\\/mais-de-350-criancas-se-formam-no-proerd-no-segundo-semestre\\\/#authorImage\",\"url\":\"https:\\\/\\\/secure.gravatar.com\\\/avatar\\\/b8d45f5c699b100dfaf0e543582f38f38bf94cb7ae3a5e9abf8d891a34773335?s=96&d=mm&r=g\",\"width\":96,\"height\":96,\"caption\":\"Juliana Laviola\"}},{\"@type\":\"WebPage\",\"@id\":\"https:\\\/\\\/anoticiaonline.com.br\\\/site\\\/mais-de-350-criancas-se-formam-no-proerd-no-segundo-semestre\\\/#webpage\",\"url\":\"https:\\\/\\\/anoticiaonline.com.br\\\/site\\\/mais-de-350-criancas-se-formam-no-proerd-no-segundo-semestre\\\/\",\"name\":\"Mais de 350 crian\\u00e7as se formam no Proerd no segundo semestre - A Not\\u00edcia Online\",\"description\":\"Mais 350 crian\\u00e7as, aproximadamente, das redes p\\u00fablicas municipal e estadual de ensino e particular se formaram no Programa Educacional de Resist\\u00eancia \\u00e0s Drogas (Proerd), desenvolvido pela Pol\\u00edcia Militar. A solenidade de entrega dos certificados aconteceu na noite de ter\\u00e7a-feira (22), no Anfiteatro do Col\\u00e9gio Santa Marcelina. Os formandos do segundo semestre s\\u00e3o alunos do 5\\u00ba,\",\"inLanguage\":\"pt-BR\",\"isPartOf\":{\"@id\":\"https:\\\/\\\/anoticiaonline.com.br\\\/site\\\/#website\"},\"breadcrumb\":{\"@id\":\"https:\\\/\\\/anoticiaonline.com.br\\\/site\\\/mais-de-350-criancas-se-formam-no-proerd-no-segundo-semestre\\\/#breadcrumblist\"},\"author\":{\"@id\":\"https:\\\/\\\/anoticiaonline.com.br\\\/site\\\/author\\\/juliana\\\/#author\"},\"creator\":{\"@id\":\"https:\\\/\\\/anoticiaonline.com.br\\\/site\\\/author\\\/juliana\\\/#author\"},\"image\":{\"@type\":\"ImageObject\",\"url\":\"https:\\\/\\\/anoticiaonline.com.br\\\/site\\\/wp-content\\\/uploads\\\/2016\\\/11\\\/DSC_0511.jpg\",\"@id\":\"https:\\\/\\\/anoticiaonline.com.br\\\/site\\\/mais-de-350-criancas-se-formam-no-proerd-no-segundo-semestre\\\/#mainImage\",\"width\":640,\"height\":381,\"caption\":\"Formatura aconteceu na noite de ter\\u00e7a-feira (22), no Anfiteatro do Col\\u00e9gio Santa Marcelina\"},\"primaryImageOfPage\":{\"@id\":\"https:\\\/\\\/anoticiaonline.com.br\\\/site\\\/mais-de-350-criancas-se-formam-no-proerd-no-segundo-semestre\\\/#mainImage\"},\"datePublished\":\"2016-11-23T09:40:01-03:00\",\"dateModified\":\"2016-11-23T09:40:01-03:00\"},{\"@type\":\"WebSite\",\"@id\":\"https:\\\/\\\/anoticiaonline.com.br\\\/site\\\/#website\",\"url\":\"https:\\\/\\\/anoticiaonline.com.br\\\/site\\\/\",\"name\":\"A Not\\u00edcia Online\",\"description\":\"Noticias de Muria\\u00e9 e regi\\u00e3o\",\"inLanguage\":\"pt-BR\",\"publisher\":{\"@id\":\"https:\\\/\\\/anoticiaonline.com.br\\\/site\\\/#organization\"}}]}\n\t\t<\/script>\n\t\t<!-- All in One SEO -->\n\n","aioseo_head_json":{"title":"Mais de 350 crian\u00e7as se formam no Proerd no segundo semestre - A Not\u00edcia Online","description":"Mais 350 crian\u00e7as, aproximadamente, das redes p\u00fablicas municipal e estadual de ensino e particular se formaram no Programa Educacional de Resist\u00eancia \u00e0s Drogas (Proerd), desenvolvido pela Pol\u00edcia Militar. A solenidade de entrega dos certificados aconteceu na noite de ter\u00e7a-feira (22), no Anfiteatro do Col\u00e9gio Santa Marcelina. Os formandos do segundo semestre s\u00e3o alunos do 5\u00ba,","canonical_url":"https:\/\/anoticiaonline.com.br\/site\/mais-de-350-criancas-se-formam-no-proerd-no-segundo-semestre\/","robots":"max-image-preview:large","keywords":"","webmasterTools":{"miscellaneous":""},"schema":{"@context":"https:\/\/schema.org","@graph":[{"@type":"BlogPosting","@id":"https:\/\/anoticiaonline.com.br\/site\/mais-de-350-criancas-se-formam-no-proerd-no-segundo-semestre\/#blogposting","name":"Mais de 350 crian\u00e7as se formam no Proerd no segundo semestre - A Not\u00edcia Online","headline":"Mais de 350 crian\u00e7as se formam no Proerd no segundo semestre","author":{"@id":"https:\/\/anoticiaonline.com.br\/site\/author\/juliana\/#author"},"publisher":{"@id":"https:\/\/anoticiaonline.com.br\/site\/#organization"},"image":{"@type":"ImageObject","url":"https:\/\/anoticiaonline.com.br\/site\/wp-content\/uploads\/2016\/11\/DSC_0511.jpg","width":640,"height":381,"caption":"Formatura aconteceu na noite de ter\u00e7a-feira (22), no Anfiteatro do Col\u00e9gio Santa Marcelina"},"datePublished":"2016-11-23T09:40:01-03:00","dateModified":"2016-11-23T09:40:01-03:00","inLanguage":"pt-BR","mainEntityOfPage":{"@id":"https:\/\/anoticiaonline.com.br\/site\/mais-de-350-criancas-se-formam-no-proerd-no-segundo-semestre\/#webpage"},"isPartOf":{"@id":"https:\/\/anoticiaonline.com.br\/site\/mais-de-350-criancas-se-formam-no-proerd-no-segundo-semestre\/#webpage"},"articleSection":"Blog, slide"},{"@type":"BreadcrumbList","@id":"https:\/\/anoticiaonline.com.br\/site\/mais-de-350-criancas-se-formam-no-proerd-no-segundo-semestre\/#breadcrumblist","itemListElement":[{"@type":"ListItem","@id":"https:\/\/anoticiaonline.com.br\/site#listItem","position":1,"name":"Home","item":"https:\/\/anoticiaonline.com.br\/site","nextItem":{"@type":"ListItem","@id":"https:\/\/anoticiaonline.com.br\/site\/categoria\/muriae\/#listItem","name":"Blog"}},{"@type":"ListItem","@id":"https:\/\/anoticiaonline.com.br\/site\/categoria\/muriae\/#listItem","position":2,"name":"Blog","item":"https:\/\/anoticiaonline.com.br\/site\/categoria\/muriae\/","nextItem":{"@type":"ListItem","@id":"https:\/\/anoticiaonline.com.br\/site\/mais-de-350-criancas-se-formam-no-proerd-no-segundo-semestre\/#listItem","name":"Mais de 350 crian\u00e7as se formam no Proerd no segundo semestre"},"previousItem":{"@type":"ListItem","@id":"https:\/\/anoticiaonline.com.br\/site#listItem","name":"Home"}},{"@type":"ListItem","@id":"https:\/\/anoticiaonline.com.br\/site\/mais-de-350-criancas-se-formam-no-proerd-no-segundo-semestre\/#listItem","position":3,"name":"Mais de 350 crian\u00e7as se formam no Proerd no segundo semestre","previousItem":{"@type":"ListItem","@id":"https:\/\/anoticiaonline.com.br\/site\/categoria\/muriae\/#listItem","name":"Blog"}}]},{"@type":"Organization","@id":"https:\/\/anoticiaonline.com.br\/site\/#organization","name":"A Not\u00edcia Online","description":"Noticias de Muria\u00e9 e regi\u00e3o","url":"https:\/\/anoticiaonline.com.br\/site\/","logo":{"@type":"ImageObject","url":"https:\/\/scontent-gig4-1.xx.fbcdn.net\/v\/t39.30808-1\/270437624_4564083193639691_6907940295614233970_n.jpg?stp=dst-jpg_s200x200_tt6&_nc_cat=111&ccb=1-7&_nc_sid=f907e8&_nc_ohc=SM1wRlP3lJwQ7kNvwEPuBYA&_nc_oc=AdnqrjDN_BNjSSHWO-GbkIWH6fkGMLw4bqvL_NH6e2wMveX7G-rP2dAqsDSq1mJMOaY&_nc_zt=24&_nc_ht=scontent-gig4-1.xx&_nc_gid=AoBFJeGrT1hVaew_6rchkQ&oh=00_AfX7QmFGhQhG2jAllVgXCiM1ZrWgvtp80-Bfppyexh1QEg&oe=689E923C","@id":"https:\/\/anoticiaonline.com.br\/site\/mais-de-350-criancas-se-formam-no-proerd-no-segundo-semestre\/#organizationLogo"},"image":{"@id":"https:\/\/anoticiaonline.com.br\/site\/mais-de-350-criancas-se-formam-no-proerd-no-segundo-semestre\/#organizationLogo"}},{"@type":"Person","@id":"https:\/\/anoticiaonline.com.br\/site\/author\/juliana\/#author","url":"https:\/\/anoticiaonline.com.br\/site\/author\/juliana\/","name":"Juliana Laviola","image":{"@type":"ImageObject","@id":"https:\/\/anoticiaonline.com.br\/site\/mais-de-350-criancas-se-formam-no-proerd-no-segundo-semestre\/#authorImage","url":"https:\/\/secure.gravatar.com\/avatar\/b8d45f5c699b100dfaf0e543582f38f38bf94cb7ae3a5e9abf8d891a34773335?s=96&d=mm&r=g","width":96,"height":96,"caption":"Juliana Laviola"}},{"@type":"WebPage","@id":"https:\/\/anoticiaonline.com.br\/site\/mais-de-350-criancas-se-formam-no-proerd-no-segundo-semestre\/#webpage","url":"https:\/\/anoticiaonline.com.br\/site\/mais-de-350-criancas-se-formam-no-proerd-no-segundo-semestre\/","name":"Mais de 350 crian\u00e7as se formam no Proerd no segundo semestre - A Not\u00edcia Online","description":"Mais 350 crian\u00e7as, aproximadamente, das redes p\u00fablicas municipal e estadual de ensino e particular se formaram no Programa Educacional de Resist\u00eancia \u00e0s Drogas (Proerd), desenvolvido pela Pol\u00edcia Militar. A solenidade de entrega dos certificados aconteceu na noite de ter\u00e7a-feira (22), no Anfiteatro do Col\u00e9gio Santa Marcelina. Os formandos do segundo semestre s\u00e3o alunos do 5\u00ba,","inLanguage":"pt-BR","isPartOf":{"@id":"https:\/\/anoticiaonline.com.br\/site\/#website"},"breadcrumb":{"@id":"https:\/\/anoticiaonline.com.br\/site\/mais-de-350-criancas-se-formam-no-proerd-no-segundo-semestre\/#breadcrumblist"},"author":{"@id":"https:\/\/anoticiaonline.com.br\/site\/author\/juliana\/#author"},"creator":{"@id":"https:\/\/anoticiaonline.com.br\/site\/author\/juliana\/#author"},"image":{"@type":"ImageObject","url":"https:\/\/anoticiaonline.com.br\/site\/wp-content\/uploads\/2016\/11\/DSC_0511.jpg","@id":"https:\/\/anoticiaonline.com.br\/site\/mais-de-350-criancas-se-formam-no-proerd-no-segundo-semestre\/#mainImage","width":640,"height":381,"caption":"Formatura aconteceu na noite de ter\u00e7a-feira (22), no Anfiteatro do Col\u00e9gio Santa Marcelina"},"primaryImageOfPage":{"@id":"https:\/\/anoticiaonline.com.br\/site\/mais-de-350-criancas-se-formam-no-proerd-no-segundo-semestre\/#mainImage"},"datePublished":"2016-11-23T09:40:01-03:00","dateModified":"2016-11-23T09:40:01-03:00"},{"@type":"WebSite","@id":"https:\/\/anoticiaonline.com.br\/site\/#website","url":"https:\/\/anoticiaonline.com.br\/site\/","name":"A Not\u00edcia Online","description":"Noticias de Muria\u00e9 e regi\u00e3o","inLanguage":"pt-BR","publisher":{"@id":"https:\/\/anoticiaonline.com.br\/site\/#organization"}}]},"og:locale":"pt_BR","og:site_name":"A Not\u00edcia Online - Noticias de Muria\u00e9 e regi\u00e3o","og:type":"article","og:title":"Mais de 350 crian\u00e7as se formam no Proerd no segundo semestre - A Not\u00edcia Online","og:description":"Mais 350 crian\u00e7as, aproximadamente, das redes p\u00fablicas municipal e estadual de ensino e particular se formaram no Programa Educacional de Resist\u00eancia \u00e0s Drogas (Proerd), desenvolvido pela Pol\u00edcia Militar. A solenidade de entrega dos certificados aconteceu na noite de ter\u00e7a-feira (22), no Anfiteatro do Col\u00e9gio Santa Marcelina. Os formandos do segundo semestre s\u00e3o alunos do 5\u00ba,","og:url":"https:\/\/anoticiaonline.com.br\/site\/mais-de-350-criancas-se-formam-no-proerd-no-segundo-semestre\/","og:image":"https:\/\/scontent-gig4-1.xx.fbcdn.net\/v\/t39.30808-1\/270437624_4564083193639691_6907940295614233970_n.jpg?stp=dst-jpg_s200x200_tt6&#038;_nc_cat=111&#038;ccb=1-7&#038;_nc_sid=f907e8&#038;_nc_ohc=SM1wRlP3lJwQ7kNvwEPuBYA&#038;_nc_oc=AdnqrjDN_BNjSSHWO-GbkIWH6fkGMLw4bqvL_NH6e2wMveX7G-rP2dAqsDSq1mJMOaY&#038;_nc_zt=24&#038;_nc_ht=scontent-gig4-1.xx&#038;_nc_gid=AoBFJeGrT1hVaew_6rchkQ&#038;oh=00_AfX7QmFGhQhG2jAllVgXCiM1ZrWgvtp80-Bfppyexh1QEg&#038;oe=689E923C","og:image:secure_url":"https:\/\/scontent-gig4-1.xx.fbcdn.net\/v\/t39.30808-1\/270437624_4564083193639691_6907940295614233970_n.jpg?stp=dst-jpg_s200x200_tt6&#038;_nc_cat=111&#038;ccb=1-7&#038;_nc_sid=f907e8&#038;_nc_ohc=SM1wRlP3lJwQ7kNvwEPuBYA&#038;_nc_oc=AdnqrjDN_BNjSSHWO-GbkIWH6fkGMLw4bqvL_NH6e2wMveX7G-rP2dAqsDSq1mJMOaY&#038;_nc_zt=24&#038;_nc_ht=scontent-gig4-1.xx&#038;_nc_gid=AoBFJeGrT1hVaew_6rchkQ&#038;oh=00_AfX7QmFGhQhG2jAllVgXCiM1ZrWgvtp80-Bfppyexh1QEg&#038;oe=689E923C","article:published_time":"2016-11-23T12:40:01+00:00","article:modified_time":"2016-11-23T12:40:01+00:00","twitter:card":"summary_large_image","twitter:title":"Mais de 350 crian\u00e7as se formam no Proerd no segundo semestre - A Not\u00edcia Online","twitter:description":"Mais 350 crian\u00e7as, aproximadamente, das redes p\u00fablicas municipal e estadual de ensino e particular se formaram no Programa Educacional de Resist\u00eancia \u00e0s Drogas (Proerd), desenvolvido pela Pol\u00edcia Militar. A solenidade de entrega dos certificados aconteceu na noite de ter\u00e7a-feira (22), no Anfiteatro do Col\u00e9gio Santa Marcelina. Os formandos do segundo semestre s\u00e3o alunos do 5\u00ba,","twitter:image":"https:\/\/scontent-gig4-1.xx.fbcdn.net\/v\/t39.30808-1\/270437624_4564083193639691_6907940295614233970_n.jpg?stp=dst-jpg_s200x200_tt6&_nc_cat=111&ccb=1-7&_nc_sid=f907e8&_nc_ohc=SM1wRlP3lJwQ7kNvwEPuBYA&_nc_oc=AdnqrjDN_BNjSSHWO-GbkIWH6fkGMLw4bqvL_NH6e2wMveX7G-rP2dAqsDSq1mJMOaY&_nc_zt=24&_nc_ht=scontent-gig4-1.xx&_nc_gid=AoBFJeGrT1hVaew_6rchkQ&oh=00_AfX7QmFGhQhG2jAllVgXCiM1ZrWgvtp80-Bfppyexh1QEg&oe=689E923C"},"aioseo_meta_data":{"post_id":"21982","title":null,"description":null,"keywords":null,"keyphrases":null,"primary_term":null,"canonical_url":null,"og_title":null,"og_description":null,"og_object_type":"default","og_image_type":"default","og_image_url":null,"og_image_width":null,"og_image_height":null,"og_image_custom_url":null,"og_image_custom_fields":null,"og_video":null,"og_custom_url":null,"og_article_section":null,"og_article_tags":null,"twitter_use_og":false,"twitter_card":"default","twitter_image_type":"default","twitter_image_url":null,"twitter_image_custom_url":null,"twitter_image_custom_fields":null,"twitter_title":null,"twitter_description":null,"schema":{"blockGraphs":[],"customGraphs":[],"default":{"data":{"Article":[],"Course":[],"Dataset":[],"FAQPage":[],"Movie":[],"Person":[],"Product":[],"ProductReview":[],"Car":[],"Recipe":[],"Service":[],"SoftwareApplication":[],"WebPage":[]},"graphName":"","isEnabled":true},"graphs":[]},"schema_type":"default","schema_type_options":null,"pillar_content":false,"robots_default":true,"robots_noindex":false,"robots_noarchive":false,"robots_nosnippet":false,"robots_nofollow":false,"robots_noimageindex":false,"robots_noodp":false,"robots_notranslate":false,"robots_max_snippet":null,"robots_max_videopreview":null,"robots_max_imagepreview":"large","priority":null,"frequency":null,"local_seo":null,"breadcrumb_settings":null,"limit_modified_date":false,"ai":null,"created":"2025-08-16 17:13:17","updated":"2025-08-16 17:13:17","focus_keyword":null,"additional_keywords":null,"truseo_locale":null,"seo_analyzer_scan_date":null},"aioseo_breadcrumb":"<div class=\"aioseo-breadcrumbs\"><span class=\"aioseo-breadcrumb\">\n\t\t\t<a href=\"https:\/\/anoticiaonline.com.br\/site\" title=\"Home\">Home<\/a>\n\t\t<\/span><span class=\"aioseo-breadcrumb-separator\">&raquo;<\/span><span class=\"aioseo-breadcrumb\">\n\t\t\t<a href=\"https:\/\/anoticiaonline.com.br\/site\/categoria\/muriae\/\" title=\"Blog\">Blog<\/a>\n\t\t<\/span><span class=\"aioseo-breadcrumb-separator\">&raquo;<\/span><span class=\"aioseo-breadcrumb\">\n\t\t\tMais de 350 crian\u00e7as se formam no Proerd no segundo semestre\n\t\t<\/span><\/div>","aioseo_breadcrumb_json":[{"label":"Home","link":"https:\/\/anoticiaonline.com.br\/site"},{"label":"Blog","link":"https:\/\/anoticiaonline.com.br\/site\/categoria\/muriae\/"},{"label":"Mais de 350 crian\u00e7as se formam no Proerd no segundo semestre","link":"https:\/\/anoticiaonline.com.br\/site\/mais-de-350-criancas-se-formam-no-proerd-no-segundo-semestre\/"}],"views":119,"_links":{"self":[{"href":"https:\/\/anoticiaonline.com.br\/site\/wp-json\/wp\/v2\/posts\/21982","targetHints":{"allow":["GET"]}}],"collection":[{"href":"https:\/\/anoticiaonline.com.br\/site\/wp-json\/wp\/v2\/posts"}],"about":[{"href":"https:\/\/anoticiaonline.com.br\/site\/wp-json\/wp\/v2\/types\/post"}],"author":[{"embeddable":true,"href":"https:\/\/anoticiaonline.com.br\/site\/wp-json\/wp\/v2\/users\/2"}],"replies":[{"embeddable":true,"href":"https:\/\/anoticiaonline.com.br\/site\/wp-json\/wp\/v2\/comments?post=21982"}],"version-history":[{"count":0,"href":"https:\/\/anoticiaonline.com.br\/site\/wp-json\/wp\/v2\/posts\/21982\/revisions"}],"wp:featuredmedia":[{"embeddable":true,"href":"https:\/\/anoticiaonline.com.br\/site\/wp-json\/wp\/v2\/media\/21983"}],"wp:attachment":[{"href":"https:\/\/anoticiaonline.com.br\/site\/wp-json\/wp\/v2\/media?parent=21982"}],"wp:term":[{"taxonomy":"category","embeddable":true,"href":"https:\/\/anoticiaonline.com.br\/site\/wp-json\/wp\/v2\/categories?post=21982"},{"taxonomy":"post_tag","embeddable":true,"href":"https:\/\/anoticiaonline.com.br\/site\/wp-json\/wp\/v2\/tags?post=21982"}],"curies":[{"name":"wp","href":"https:\/\/api.w.org\/{rel}","templated":true}]}}