{"id":21881,"date":"2016-11-21T13:03:34","date_gmt":"2016-11-21T16:03:34","guid":{"rendered":"http:\/\/anoticiaonline.com.br\/site\/?p=21881"},"modified":"2016-11-21T13:03:34","modified_gmt":"2016-11-21T16:03:34","slug":"policia-civil-de-minas-gerais-forma-mais-121-investigadores","status":"publish","type":"post","link":"https:\/\/anoticiaonline.com.br\/site\/policia-civil-de-minas-gerais-forma-mais-121-investigadores\/","title":{"rendered":"Pol\u00edcia Civil de Minas Gerais forma mais 121 investigadores"},"content":{"rendered":"<figure id=\"attachment_21882\" aria-describedby=\"caption-attachment-21882\" style=\"width: 290px\" class=\"wp-caption alignleft\"><a href=\"https:\/\/anoticiaonline.com.br\/site\/wp-content\/uploads\/2016\/11\/Pol\u00edcia-Civil-de-Minas-Gerais-forma-mais-121-investigadores.jpg\"><img fetchpriority=\"high\" decoding=\"async\" class=\"size-medium wp-image-21882\" src=\"https:\/\/anoticiaonline.com.br\/site\/wp-content\/uploads\/2016\/11\/Pol\u00edcia-Civil-de-Minas-Gerais-forma-mais-121-investigadores-300x200.jpg\" alt=\"Foto: Omar Freire\/Imprensa MG\" width=\"300\" height=\"200\" srcset=\"https:\/\/anoticiaonline.com.br\/site\/wp-content\/uploads\/2016\/11\/Pol\u00edcia-Civil-de-Minas-Gerais-forma-mais-121-investigadores-300x200.jpg 300w, https:\/\/anoticiaonline.com.br\/site\/wp-content\/uploads\/2016\/11\/Pol\u00edcia-Civil-de-Minas-Gerais-forma-mais-121-investigadores-290x192.jpg 290w, https:\/\/anoticiaonline.com.br\/site\/wp-content\/uploads\/2016\/11\/Pol\u00edcia-Civil-de-Minas-Gerais-forma-mais-121-investigadores.jpg 640w\" sizes=\"(max-width: 300px) 100vw, 300px\" \/><\/a><figcaption id=\"caption-attachment-21882\" class=\"wp-caption-text\">Foto: Omar Freire\/Imprensa MG<\/figcaption><\/figure>\n<p>A Pol\u00edcia Civil de Minas Gerais vai receber um refor\u00e7o de 121 investigadores. Eles conclu\u00edram o curso de forma\u00e7\u00e3o e, a partir de agora, se unem aos outros 945 profissionais nomeados somente neste ano. Ao todo, 1.066 investigadores passaram a integrar o efetivo da corpora\u00e7\u00e3o em 2016.<\/p>\n<p>O secret\u00e1rio de Estado de Seguran\u00e7a P\u00fablica, S\u00e9rgio Menezes representou o governador Fernando Pimentel na cerim\u00f4nia de formatura dos novos investigadores, que aconteceu na segunda-feira (21), no Audit\u00f3rio JK, na Cidade Administrativa.<\/p>\n<p>Durante o evento, o secret\u00e1rio leu uma carta do governador aos formandos. Na carta, o governador ressaltou a necessidade de investimentos em seguran\u00e7a p\u00fablica, demanda apresentada pelos mineiros de todas as regi\u00f5es do estado. \u201cDurante a realiza\u00e7\u00e3o dos F\u00f3runs Regionais, a popula\u00e7\u00e3o reivindicou por mais seguran\u00e7a p\u00fablica de forma muito clara, muito objetiva. Essa foi a t\u00f4nica em todo o estado, nos 17 Territ\u00f3rios de Desenvolvimento\u201d, afirma.<\/p>\n<p>O governador tamb\u00e9m destacou, no texto lido pelo secret\u00e1rio S\u00e9rgio Menezes, a import\u00e2ncia da nomea\u00e7\u00e3o de mais de mil investigadores somente neste ano. \u201cSomadas essas duas turmas, temos um contingente consider\u00e1vel, o que demonstra a import\u00e2ncia da seguran\u00e7a p\u00fablica e da Pol\u00edcia Civil para o governo. A recomposi\u00e7\u00e3o dos quadros de agentes \u00e9 uma demanda leg\u00edtima da Pol\u00edcia Civil, mas tamb\u00e9m de cada mineiro e de cada mineira\u201d, diz.<\/p>\n<p>O chefe da Pol\u00edcia Civil, delegado-geral Jo\u00e3o Octac\u00edlio Silva Neto, destacou a forma\u00e7\u00e3o de novos oficiais e a oportunidade de melhorar o atendimento \u00e0 popula\u00e7\u00e3o. \u201cTemos a honra de formar mais 121 investigadores, que passaram por treinamentos espec\u00edficos e que ir\u00e3o refor\u00e7ar o atendimento \u00e0 popula\u00e7\u00e3o do estado. Com esse investimento na Pol\u00edcia Civil, agrade\u00e7o ao governador Fernando Pimentel, que n\u00e3o s\u00f3 vem melhor equipando nossa corpora\u00e7\u00e3o com novas viaturas, mas tamb\u00e9m mostrando-se dedicado em aumentar o nosso efetivo para atendermos melhor a sociedade\u201d, frisa.<\/p>\n<p>Tamb\u00e9m compareceram \u00e0 cerim\u00f4nia de formatura dos investigadores da Pol\u00edcia Civil o diretor da Acadepol, Helberth Alexandre do Carmo, deputados ligados \u00e0 \u00e1rea da seguran\u00e7a p\u00fablica, familiares dos formandos e membros da corpora\u00e7\u00e3o.<\/p>\n<p><strong>NOVOS INVESTIGADORES &#8211;<\/strong> Os novos investigadores ser\u00e3o distribu\u00eddos em postos de trabalho em todo o estado, de acordo com crit\u00e9rios t\u00e9cnicos e objetivos que compreendem, dentre outras coisas, nota classificat\u00f3ria do concurso, an\u00e1lise da demanda de novos policiais em cada regi\u00e3o, previs\u00e3o legislativa, \u00edndice de criminalidade e o tamanho da popula\u00e7\u00e3o de cada munic\u00edpio. A formatura dos investigadores permite tamb\u00e9m a recomposi\u00e7\u00e3o do quadro de aposentadoria.<\/p>\n<p>Os novos policiais passaram, durante quatro meses, pelo curso de forma\u00e7\u00e3o da Academia de Pol\u00edcia Civil (Acadepol). A fun\u00e7\u00e3o do investigador \u00e9, dentre outras, cumprir e formalizar dilig\u00eancias policiais, colher as impress\u00f5es digitais para fins de identifica\u00e7\u00e3o civil e criminal, captar e interceptar dados, comunica\u00e7\u00f5es e informa\u00e7\u00f5es, assegurar a cust\u00f3dia provis\u00f3ria de pessoas no curso dos procedimentos policiais, realizar inspe\u00e7\u00f5es e opera\u00e7\u00f5es policiais e promover a media\u00e7\u00e3o de conflitos.<\/p>\n","protected":false},"excerpt":{"rendered":"<p>A Pol\u00edcia Civil de Minas Gerais vai receber um refor\u00e7o de 121 investigadores. Eles conclu\u00edram o curso de forma\u00e7\u00e3o e, a partir de agora, se unem aos outros 945 profissionais nomeados somente neste ano. Ao todo, 1.066 investigadores passaram a integrar o efetivo da corpora\u00e7\u00e3o em 2016. O secret\u00e1rio de Estado de Seguran\u00e7a P\u00fablica, S\u00e9rgio &#8230; <a title=\"Pol\u00edcia Civil de Minas Gerais forma mais 121 investigadores\" class=\"read-more\" href=\"https:\/\/anoticiaonline.com.br\/site\/policia-civil-de-minas-gerais-forma-mais-121-investigadores\/\" aria-label=\"Read more about Pol\u00edcia Civil de Minas Gerais forma mais 121 investigadores\">Ler mais<\/a><\/p>\n","protected":false},"author":2,"featured_media":21882,"comment_status":"open","ping_status":"open","sticky":false,"template":"","format":"standard","meta":{"_acf_changed":false,"_monsterinsights_skip_tracking":false,"footnotes":""},"categories":[1],"tags":[3],"class_list":["post-21881","post","type-post","status-publish","format-standard","has-post-thumbnail","hentry","category-gerais","tag-slide"],"acf":[],"aioseo_notices":[],"aioseo_head":"\n\t\t<!-- All in One SEO 5.0.0.1 - aioseo.com -->\n\t<meta name=\"description\" content=\"A Pol\u00edcia Civil de Minas Gerais vai receber um refor\u00e7o de 121 investigadores. Eles conclu\u00edram o curso de forma\u00e7\u00e3o e, a partir de agora, se unem aos outros 945 profissionais nomeados somente neste ano. Ao todo, 1.066 investigadores passaram a integrar o efetivo da corpora\u00e7\u00e3o em 2016. O secret\u00e1rio de Estado de Seguran\u00e7a P\u00fablica, S\u00e9rgio\" \/>\n\t<meta name=\"robots\" content=\"max-image-preview:large\" \/>\n\t<meta name=\"author\" content=\"Juliana Laviola\"\/>\n\t<link rel=\"canonical\" href=\"https:\/\/anoticiaonline.com.br\/site\/policia-civil-de-minas-gerais-forma-mais-121-investigadores\/\" \/>\n\t<meta name=\"generator\" content=\"All in One SEO (AIOSEO) 5.0.0.1\" \/>\n\t\t<meta property=\"og:locale\" content=\"pt_BR\" \/>\n\t\t<meta property=\"og:site_name\" content=\"A Not\u00edcia Online - Noticias de Muria\u00e9 e regi\u00e3o\" \/>\n\t\t<meta property=\"og:type\" content=\"article\" \/>\n\t\t<meta property=\"og:title\" content=\"Pol\u00edcia Civil de Minas Gerais forma mais 121 investigadores - A Not\u00edcia Online\" \/>\n\t\t<meta property=\"og:description\" content=\"A Pol\u00edcia Civil de Minas Gerais vai receber um refor\u00e7o de 121 investigadores. Eles conclu\u00edram o curso de forma\u00e7\u00e3o e, a partir de agora, se unem aos outros 945 profissionais nomeados somente neste ano. Ao todo, 1.066 investigadores passaram a integrar o efetivo da corpora\u00e7\u00e3o em 2016. O secret\u00e1rio de Estado de Seguran\u00e7a P\u00fablica, S\u00e9rgio\" \/>\n\t\t<meta property=\"og:url\" content=\"https:\/\/anoticiaonline.com.br\/site\/policia-civil-de-minas-gerais-forma-mais-121-investigadores\/\" \/>\n\t\t<meta property=\"og:image\" content=\"https:\/\/scontent-gig4-1.xx.fbcdn.net\/v\/t39.30808-1\/270437624_4564083193639691_6907940295614233970_n.jpg?stp=dst-jpg_s200x200_tt6&#038;_nc_cat=111&#038;ccb=1-7&#038;_nc_sid=f907e8&#038;_nc_ohc=SM1wRlP3lJwQ7kNvwEPuBYA&#038;_nc_oc=AdnqrjDN_BNjSSHWO-GbkIWH6fkGMLw4bqvL_NH6e2wMveX7G-rP2dAqsDSq1mJMOaY&#038;_nc_zt=24&#038;_nc_ht=scontent-gig4-1.xx&#038;_nc_gid=AoBFJeGrT1hVaew_6rchkQ&#038;oh=00_AfX7QmFGhQhG2jAllVgXCiM1ZrWgvtp80-Bfppyexh1QEg&#038;oe=689E923C\" \/>\n\t\t<meta property=\"og:image:secure_url\" content=\"https:\/\/scontent-gig4-1.xx.fbcdn.net\/v\/t39.30808-1\/270437624_4564083193639691_6907940295614233970_n.jpg?stp=dst-jpg_s200x200_tt6&#038;_nc_cat=111&#038;ccb=1-7&#038;_nc_sid=f907e8&#038;_nc_ohc=SM1wRlP3lJwQ7kNvwEPuBYA&#038;_nc_oc=AdnqrjDN_BNjSSHWO-GbkIWH6fkGMLw4bqvL_NH6e2wMveX7G-rP2dAqsDSq1mJMOaY&#038;_nc_zt=24&#038;_nc_ht=scontent-gig4-1.xx&#038;_nc_gid=AoBFJeGrT1hVaew_6rchkQ&#038;oh=00_AfX7QmFGhQhG2jAllVgXCiM1ZrWgvtp80-Bfppyexh1QEg&#038;oe=689E923C\" \/>\n\t\t<meta property=\"article:published_time\" content=\"2016-11-21T16:03:34+00:00\" \/>\n\t\t<meta property=\"article:modified_time\" content=\"2016-11-21T16:03:34+00:00\" \/>\n\t\t<meta name=\"twitter:card\" content=\"summary_large_image\" \/>\n\t\t<meta name=\"twitter:title\" content=\"Pol\u00edcia Civil de Minas Gerais forma mais 121 investigadores - A Not\u00edcia Online\" \/>\n\t\t<meta name=\"twitter:description\" content=\"A Pol\u00edcia Civil de Minas Gerais vai receber um refor\u00e7o de 121 investigadores. Eles conclu\u00edram o curso de forma\u00e7\u00e3o e, a partir de agora, se unem aos outros 945 profissionais nomeados somente neste ano. Ao todo, 1.066 investigadores passaram a integrar o efetivo da corpora\u00e7\u00e3o em 2016. O secret\u00e1rio de Estado de Seguran\u00e7a P\u00fablica, S\u00e9rgio\" \/>\n\t\t<meta name=\"twitter:image\" content=\"https:\/\/scontent-gig4-1.xx.fbcdn.net\/v\/t39.30808-1\/270437624_4564083193639691_6907940295614233970_n.jpg?stp=dst-jpg_s200x200_tt6&amp;_nc_cat=111&amp;ccb=1-7&amp;_nc_sid=f907e8&amp;_nc_ohc=SM1wRlP3lJwQ7kNvwEPuBYA&amp;_nc_oc=AdnqrjDN_BNjSSHWO-GbkIWH6fkGMLw4bqvL_NH6e2wMveX7G-rP2dAqsDSq1mJMOaY&amp;_nc_zt=24&amp;_nc_ht=scontent-gig4-1.xx&amp;_nc_gid=AoBFJeGrT1hVaew_6rchkQ&amp;oh=00_AfX7QmFGhQhG2jAllVgXCiM1ZrWgvtp80-Bfppyexh1QEg&amp;oe=689E923C\" \/>\n\t\t<script type=\"application\/ld+json\" class=\"aioseo-schema\">\n\t\t\t{\"@context\":\"https:\\\/\\\/schema.org\",\"@graph\":[{\"@type\":\"BlogPosting\",\"@id\":\"https:\\\/\\\/anoticiaonline.com.br\\\/site\\\/policia-civil-de-minas-gerais-forma-mais-121-investigadores\\\/#blogposting\",\"name\":\"Pol\\u00edcia Civil de Minas Gerais forma mais 121 investigadores - A Not\\u00edcia Online\",\"headline\":\"Pol\\u00edcia Civil de Minas Gerais forma mais 121 investigadores\",\"author\":{\"@id\":\"https:\\\/\\\/anoticiaonline.com.br\\\/site\\\/author\\\/juliana\\\/#author\"},\"publisher\":{\"@id\":\"https:\\\/\\\/anoticiaonline.com.br\\\/site\\\/#organization\"},\"image\":{\"@type\":\"ImageObject\",\"url\":\"https:\\\/\\\/anoticiaonline.com.br\\\/site\\\/wp-content\\\/uploads\\\/2016\\\/11\\\/Pol\\u00edcia-Civil-de-Minas-Gerais-forma-mais-121-investigadores.jpg\",\"width\":640,\"height\":426,\"caption\":\"Foto: Omar Freire\\\/Imprensa MG\"},\"datePublished\":\"2016-11-21T13:03:34-03:00\",\"dateModified\":\"2016-11-21T13:03:34-03:00\",\"inLanguage\":\"pt-BR\",\"mainEntityOfPage\":{\"@id\":\"https:\\\/\\\/anoticiaonline.com.br\\\/site\\\/policia-civil-de-minas-gerais-forma-mais-121-investigadores\\\/#webpage\"},\"isPartOf\":{\"@id\":\"https:\\\/\\\/anoticiaonline.com.br\\\/site\\\/policia-civil-de-minas-gerais-forma-mais-121-investigadores\\\/#webpage\"},\"articleSection\":\"Gerais, slide\"},{\"@type\":\"BreadcrumbList\",\"@id\":\"https:\\\/\\\/anoticiaonline.com.br\\\/site\\\/policia-civil-de-minas-gerais-forma-mais-121-investigadores\\\/#breadcrumblist\",\"itemListElement\":[{\"@type\":\"ListItem\",\"@id\":\"https:\\\/\\\/anoticiaonline.com.br\\\/site#listItem\",\"position\":1,\"name\":\"Home\",\"item\":\"https:\\\/\\\/anoticiaonline.com.br\\\/site\",\"nextItem\":{\"@type\":\"ListItem\",\"@id\":\"https:\\\/\\\/anoticiaonline.com.br\\\/site\\\/categoria\\\/gerais\\\/#listItem\",\"name\":\"Gerais\"}},{\"@type\":\"ListItem\",\"@id\":\"https:\\\/\\\/anoticiaonline.com.br\\\/site\\\/categoria\\\/gerais\\\/#listItem\",\"position\":2,\"name\":\"Gerais\",\"item\":\"https:\\\/\\\/anoticiaonline.com.br\\\/site\\\/categoria\\\/gerais\\\/\",\"nextItem\":{\"@type\":\"ListItem\",\"@id\":\"https:\\\/\\\/anoticiaonline.com.br\\\/site\\\/policia-civil-de-minas-gerais-forma-mais-121-investigadores\\\/#listItem\",\"name\":\"Pol\\u00edcia Civil de Minas Gerais forma mais 121 investigadores\"},\"previousItem\":{\"@type\":\"ListItem\",\"@id\":\"https:\\\/\\\/anoticiaonline.com.br\\\/site#listItem\",\"name\":\"Home\"}},{\"@type\":\"ListItem\",\"@id\":\"https:\\\/\\\/anoticiaonline.com.br\\\/site\\\/policia-civil-de-minas-gerais-forma-mais-121-investigadores\\\/#listItem\",\"position\":3,\"name\":\"Pol\\u00edcia Civil de Minas Gerais forma mais 121 investigadores\",\"previousItem\":{\"@type\":\"ListItem\",\"@id\":\"https:\\\/\\\/anoticiaonline.com.br\\\/site\\\/categoria\\\/gerais\\\/#listItem\",\"name\":\"Gerais\"}}]},{\"@type\":\"Organization\",\"@id\":\"https:\\\/\\\/anoticiaonline.com.br\\\/site\\\/#organization\",\"name\":\"A Not\\u00edcia Online\",\"description\":\"Noticias de Muria\\u00e9 e regi\\u00e3o\",\"url\":\"https:\\\/\\\/anoticiaonline.com.br\\\/site\\\/\",\"logo\":{\"@type\":\"ImageObject\",\"url\":\"https:\\\/\\\/scontent-gig4-1.xx.fbcdn.net\\\/v\\\/t39.30808-1\\\/270437624_4564083193639691_6907940295614233970_n.jpg?stp=dst-jpg_s200x200_tt6&_nc_cat=111&ccb=1-7&_nc_sid=f907e8&_nc_ohc=SM1wRlP3lJwQ7kNvwEPuBYA&_nc_oc=AdnqrjDN_BNjSSHWO-GbkIWH6fkGMLw4bqvL_NH6e2wMveX7G-rP2dAqsDSq1mJMOaY&_nc_zt=24&_nc_ht=scontent-gig4-1.xx&_nc_gid=AoBFJeGrT1hVaew_6rchkQ&oh=00_AfX7QmFGhQhG2jAllVgXCiM1ZrWgvtp80-Bfppyexh1QEg&oe=689E923C\",\"@id\":\"https:\\\/\\\/anoticiaonline.com.br\\\/site\\\/policia-civil-de-minas-gerais-forma-mais-121-investigadores\\\/#organizationLogo\"},\"image\":{\"@id\":\"https:\\\/\\\/anoticiaonline.com.br\\\/site\\\/policia-civil-de-minas-gerais-forma-mais-121-investigadores\\\/#organizationLogo\"}},{\"@type\":\"Person\",\"@id\":\"https:\\\/\\\/anoticiaonline.com.br\\\/site\\\/author\\\/juliana\\\/#author\",\"url\":\"https:\\\/\\\/anoticiaonline.com.br\\\/site\\\/author\\\/juliana\\\/\",\"name\":\"Juliana Laviola\",\"image\":{\"@type\":\"ImageObject\",\"@id\":\"https:\\\/\\\/anoticiaonline.com.br\\\/site\\\/policia-civil-de-minas-gerais-forma-mais-121-investigadores\\\/#authorImage\",\"url\":\"https:\\\/\\\/secure.gravatar.com\\\/avatar\\\/b8d45f5c699b100dfaf0e543582f38f38bf94cb7ae3a5e9abf8d891a34773335?s=96&d=mm&r=g\",\"width\":96,\"height\":96,\"caption\":\"Juliana Laviola\"}},{\"@type\":\"WebPage\",\"@id\":\"https:\\\/\\\/anoticiaonline.com.br\\\/site\\\/policia-civil-de-minas-gerais-forma-mais-121-investigadores\\\/#webpage\",\"url\":\"https:\\\/\\\/anoticiaonline.com.br\\\/site\\\/policia-civil-de-minas-gerais-forma-mais-121-investigadores\\\/\",\"name\":\"Pol\\u00edcia Civil de Minas Gerais forma mais 121 investigadores - A Not\\u00edcia Online\",\"description\":\"A Pol\\u00edcia Civil de Minas Gerais vai receber um refor\\u00e7o de 121 investigadores. Eles conclu\\u00edram o curso de forma\\u00e7\\u00e3o e, a partir de agora, se unem aos outros 945 profissionais nomeados somente neste ano. Ao todo, 1.066 investigadores passaram a integrar o efetivo da corpora\\u00e7\\u00e3o em 2016. O secret\\u00e1rio de Estado de Seguran\\u00e7a P\\u00fablica, S\\u00e9rgio\",\"inLanguage\":\"pt-BR\",\"isPartOf\":{\"@id\":\"https:\\\/\\\/anoticiaonline.com.br\\\/site\\\/#website\"},\"breadcrumb\":{\"@id\":\"https:\\\/\\\/anoticiaonline.com.br\\\/site\\\/policia-civil-de-minas-gerais-forma-mais-121-investigadores\\\/#breadcrumblist\"},\"author\":{\"@id\":\"https:\\\/\\\/anoticiaonline.com.br\\\/site\\\/author\\\/juliana\\\/#author\"},\"creator\":{\"@id\":\"https:\\\/\\\/anoticiaonline.com.br\\\/site\\\/author\\\/juliana\\\/#author\"},\"image\":{\"@type\":\"ImageObject\",\"url\":\"https:\\\/\\\/anoticiaonline.com.br\\\/site\\\/wp-content\\\/uploads\\\/2016\\\/11\\\/Pol\\u00edcia-Civil-de-Minas-Gerais-forma-mais-121-investigadores.jpg\",\"@id\":\"https:\\\/\\\/anoticiaonline.com.br\\\/site\\\/policia-civil-de-minas-gerais-forma-mais-121-investigadores\\\/#mainImage\",\"width\":640,\"height\":426,\"caption\":\"Foto: Omar Freire\\\/Imprensa MG\"},\"primaryImageOfPage\":{\"@id\":\"https:\\\/\\\/anoticiaonline.com.br\\\/site\\\/policia-civil-de-minas-gerais-forma-mais-121-investigadores\\\/#mainImage\"},\"datePublished\":\"2016-11-21T13:03:34-03:00\",\"dateModified\":\"2016-11-21T13:03:34-03:00\"},{\"@type\":\"WebSite\",\"@id\":\"https:\\\/\\\/anoticiaonline.com.br\\\/site\\\/#website\",\"url\":\"https:\\\/\\\/anoticiaonline.com.br\\\/site\\\/\",\"name\":\"A Not\\u00edcia Online\",\"description\":\"Noticias de Muria\\u00e9 e regi\\u00e3o\",\"inLanguage\":\"pt-BR\",\"publisher\":{\"@id\":\"https:\\\/\\\/anoticiaonline.com.br\\\/site\\\/#organization\"}}]}\n\t\t<\/script>\n\t\t<!-- All in One SEO -->\n\n","aioseo_head_json":{"title":"Pol\u00edcia Civil de Minas Gerais forma mais 121 investigadores - A Not\u00edcia Online","description":"A Pol\u00edcia Civil de Minas Gerais vai receber um refor\u00e7o de 121 investigadores. Eles conclu\u00edram o curso de forma\u00e7\u00e3o e, a partir de agora, se unem aos outros 945 profissionais nomeados somente neste ano. Ao todo, 1.066 investigadores passaram a integrar o efetivo da corpora\u00e7\u00e3o em 2016. O secret\u00e1rio de Estado de Seguran\u00e7a P\u00fablica, S\u00e9rgio","canonical_url":"https:\/\/anoticiaonline.com.br\/site\/policia-civil-de-minas-gerais-forma-mais-121-investigadores\/","robots":"max-image-preview:large","keywords":"","webmasterTools":{"miscellaneous":""},"schema":{"@context":"https:\/\/schema.org","@graph":[{"@type":"BlogPosting","@id":"https:\/\/anoticiaonline.com.br\/site\/policia-civil-de-minas-gerais-forma-mais-121-investigadores\/#blogposting","name":"Pol\u00edcia Civil de Minas Gerais forma mais 121 investigadores - A Not\u00edcia Online","headline":"Pol\u00edcia Civil de Minas Gerais forma mais 121 investigadores","author":{"@id":"https:\/\/anoticiaonline.com.br\/site\/author\/juliana\/#author"},"publisher":{"@id":"https:\/\/anoticiaonline.com.br\/site\/#organization"},"image":{"@type":"ImageObject","url":"https:\/\/anoticiaonline.com.br\/site\/wp-content\/uploads\/2016\/11\/Pol\u00edcia-Civil-de-Minas-Gerais-forma-mais-121-investigadores.jpg","width":640,"height":426,"caption":"Foto: Omar Freire\/Imprensa MG"},"datePublished":"2016-11-21T13:03:34-03:00","dateModified":"2016-11-21T13:03:34-03:00","inLanguage":"pt-BR","mainEntityOfPage":{"@id":"https:\/\/anoticiaonline.com.br\/site\/policia-civil-de-minas-gerais-forma-mais-121-investigadores\/#webpage"},"isPartOf":{"@id":"https:\/\/anoticiaonline.com.br\/site\/policia-civil-de-minas-gerais-forma-mais-121-investigadores\/#webpage"},"articleSection":"Gerais, slide"},{"@type":"BreadcrumbList","@id":"https:\/\/anoticiaonline.com.br\/site\/policia-civil-de-minas-gerais-forma-mais-121-investigadores\/#breadcrumblist","itemListElement":[{"@type":"ListItem","@id":"https:\/\/anoticiaonline.com.br\/site#listItem","position":1,"name":"Home","item":"https:\/\/anoticiaonline.com.br\/site","nextItem":{"@type":"ListItem","@id":"https:\/\/anoticiaonline.com.br\/site\/categoria\/gerais\/#listItem","name":"Gerais"}},{"@type":"ListItem","@id":"https:\/\/anoticiaonline.com.br\/site\/categoria\/gerais\/#listItem","position":2,"name":"Gerais","item":"https:\/\/anoticiaonline.com.br\/site\/categoria\/gerais\/","nextItem":{"@type":"ListItem","@id":"https:\/\/anoticiaonline.com.br\/site\/policia-civil-de-minas-gerais-forma-mais-121-investigadores\/#listItem","name":"Pol\u00edcia Civil de Minas Gerais forma mais 121 investigadores"},"previousItem":{"@type":"ListItem","@id":"https:\/\/anoticiaonline.com.br\/site#listItem","name":"Home"}},{"@type":"ListItem","@id":"https:\/\/anoticiaonline.com.br\/site\/policia-civil-de-minas-gerais-forma-mais-121-investigadores\/#listItem","position":3,"name":"Pol\u00edcia Civil de Minas Gerais forma mais 121 investigadores","previousItem":{"@type":"ListItem","@id":"https:\/\/anoticiaonline.com.br\/site\/categoria\/gerais\/#listItem","name":"Gerais"}}]},{"@type":"Organization","@id":"https:\/\/anoticiaonline.com.br\/site\/#organization","name":"A Not\u00edcia Online","description":"Noticias de Muria\u00e9 e regi\u00e3o","url":"https:\/\/anoticiaonline.com.br\/site\/","logo":{"@type":"ImageObject","url":"https:\/\/scontent-gig4-1.xx.fbcdn.net\/v\/t39.30808-1\/270437624_4564083193639691_6907940295614233970_n.jpg?stp=dst-jpg_s200x200_tt6&_nc_cat=111&ccb=1-7&_nc_sid=f907e8&_nc_ohc=SM1wRlP3lJwQ7kNvwEPuBYA&_nc_oc=AdnqrjDN_BNjSSHWO-GbkIWH6fkGMLw4bqvL_NH6e2wMveX7G-rP2dAqsDSq1mJMOaY&_nc_zt=24&_nc_ht=scontent-gig4-1.xx&_nc_gid=AoBFJeGrT1hVaew_6rchkQ&oh=00_AfX7QmFGhQhG2jAllVgXCiM1ZrWgvtp80-Bfppyexh1QEg&oe=689E923C","@id":"https:\/\/anoticiaonline.com.br\/site\/policia-civil-de-minas-gerais-forma-mais-121-investigadores\/#organizationLogo"},"image":{"@id":"https:\/\/anoticiaonline.com.br\/site\/policia-civil-de-minas-gerais-forma-mais-121-investigadores\/#organizationLogo"}},{"@type":"Person","@id":"https:\/\/anoticiaonline.com.br\/site\/author\/juliana\/#author","url":"https:\/\/anoticiaonline.com.br\/site\/author\/juliana\/","name":"Juliana Laviola","image":{"@type":"ImageObject","@id":"https:\/\/anoticiaonline.com.br\/site\/policia-civil-de-minas-gerais-forma-mais-121-investigadores\/#authorImage","url":"https:\/\/secure.gravatar.com\/avatar\/b8d45f5c699b100dfaf0e543582f38f38bf94cb7ae3a5e9abf8d891a34773335?s=96&d=mm&r=g","width":96,"height":96,"caption":"Juliana Laviola"}},{"@type":"WebPage","@id":"https:\/\/anoticiaonline.com.br\/site\/policia-civil-de-minas-gerais-forma-mais-121-investigadores\/#webpage","url":"https:\/\/anoticiaonline.com.br\/site\/policia-civil-de-minas-gerais-forma-mais-121-investigadores\/","name":"Pol\u00edcia Civil de Minas Gerais forma mais 121 investigadores - A Not\u00edcia Online","description":"A Pol\u00edcia Civil de Minas Gerais vai receber um refor\u00e7o de 121 investigadores. Eles conclu\u00edram o curso de forma\u00e7\u00e3o e, a partir de agora, se unem aos outros 945 profissionais nomeados somente neste ano. Ao todo, 1.066 investigadores passaram a integrar o efetivo da corpora\u00e7\u00e3o em 2016. O secret\u00e1rio de Estado de Seguran\u00e7a P\u00fablica, S\u00e9rgio","inLanguage":"pt-BR","isPartOf":{"@id":"https:\/\/anoticiaonline.com.br\/site\/#website"},"breadcrumb":{"@id":"https:\/\/anoticiaonline.com.br\/site\/policia-civil-de-minas-gerais-forma-mais-121-investigadores\/#breadcrumblist"},"author":{"@id":"https:\/\/anoticiaonline.com.br\/site\/author\/juliana\/#author"},"creator":{"@id":"https:\/\/anoticiaonline.com.br\/site\/author\/juliana\/#author"},"image":{"@type":"ImageObject","url":"https:\/\/anoticiaonline.com.br\/site\/wp-content\/uploads\/2016\/11\/Pol\u00edcia-Civil-de-Minas-Gerais-forma-mais-121-investigadores.jpg","@id":"https:\/\/anoticiaonline.com.br\/site\/policia-civil-de-minas-gerais-forma-mais-121-investigadores\/#mainImage","width":640,"height":426,"caption":"Foto: Omar Freire\/Imprensa MG"},"primaryImageOfPage":{"@id":"https:\/\/anoticiaonline.com.br\/site\/policia-civil-de-minas-gerais-forma-mais-121-investigadores\/#mainImage"},"datePublished":"2016-11-21T13:03:34-03:00","dateModified":"2016-11-21T13:03:34-03:00"},{"@type":"WebSite","@id":"https:\/\/anoticiaonline.com.br\/site\/#website","url":"https:\/\/anoticiaonline.com.br\/site\/","name":"A Not\u00edcia Online","description":"Noticias de Muria\u00e9 e regi\u00e3o","inLanguage":"pt-BR","publisher":{"@id":"https:\/\/anoticiaonline.com.br\/site\/#organization"}}]},"og:locale":"pt_BR","og:site_name":"A Not\u00edcia Online - Noticias de Muria\u00e9 e regi\u00e3o","og:type":"article","og:title":"Pol\u00edcia Civil de Minas Gerais forma mais 121 investigadores - A Not\u00edcia Online","og:description":"A Pol\u00edcia Civil de Minas Gerais vai receber um refor\u00e7o de 121 investigadores. Eles conclu\u00edram o curso de forma\u00e7\u00e3o e, a partir de agora, se unem aos outros 945 profissionais nomeados somente neste ano. Ao todo, 1.066 investigadores passaram a integrar o efetivo da corpora\u00e7\u00e3o em 2016. O secret\u00e1rio de Estado de Seguran\u00e7a P\u00fablica, S\u00e9rgio","og:url":"https:\/\/anoticiaonline.com.br\/site\/policia-civil-de-minas-gerais-forma-mais-121-investigadores\/","og:image":"https:\/\/scontent-gig4-1.xx.fbcdn.net\/v\/t39.30808-1\/270437624_4564083193639691_6907940295614233970_n.jpg?stp=dst-jpg_s200x200_tt6&#038;_nc_cat=111&#038;ccb=1-7&#038;_nc_sid=f907e8&#038;_nc_ohc=SM1wRlP3lJwQ7kNvwEPuBYA&#038;_nc_oc=AdnqrjDN_BNjSSHWO-GbkIWH6fkGMLw4bqvL_NH6e2wMveX7G-rP2dAqsDSq1mJMOaY&#038;_nc_zt=24&#038;_nc_ht=scontent-gig4-1.xx&#038;_nc_gid=AoBFJeGrT1hVaew_6rchkQ&#038;oh=00_AfX7QmFGhQhG2jAllVgXCiM1ZrWgvtp80-Bfppyexh1QEg&#038;oe=689E923C","og:image:secure_url":"https:\/\/scontent-gig4-1.xx.fbcdn.net\/v\/t39.30808-1\/270437624_4564083193639691_6907940295614233970_n.jpg?stp=dst-jpg_s200x200_tt6&#038;_nc_cat=111&#038;ccb=1-7&#038;_nc_sid=f907e8&#038;_nc_ohc=SM1wRlP3lJwQ7kNvwEPuBYA&#038;_nc_oc=AdnqrjDN_BNjSSHWO-GbkIWH6fkGMLw4bqvL_NH6e2wMveX7G-rP2dAqsDSq1mJMOaY&#038;_nc_zt=24&#038;_nc_ht=scontent-gig4-1.xx&#038;_nc_gid=AoBFJeGrT1hVaew_6rchkQ&#038;oh=00_AfX7QmFGhQhG2jAllVgXCiM1ZrWgvtp80-Bfppyexh1QEg&#038;oe=689E923C","article:published_time":"2016-11-21T16:03:34+00:00","article:modified_time":"2016-11-21T16:03:34+00:00","twitter:card":"summary_large_image","twitter:title":"Pol\u00edcia Civil de Minas Gerais forma mais 121 investigadores - A Not\u00edcia Online","twitter:description":"A Pol\u00edcia Civil de Minas Gerais vai receber um refor\u00e7o de 121 investigadores. Eles conclu\u00edram o curso de forma\u00e7\u00e3o e, a partir de agora, se unem aos outros 945 profissionais nomeados somente neste ano. Ao todo, 1.066 investigadores passaram a integrar o efetivo da corpora\u00e7\u00e3o em 2016. O secret\u00e1rio de Estado de Seguran\u00e7a P\u00fablica, S\u00e9rgio","twitter:image":"https:\/\/scontent-gig4-1.xx.fbcdn.net\/v\/t39.30808-1\/270437624_4564083193639691_6907940295614233970_n.jpg?stp=dst-jpg_s200x200_tt6&_nc_cat=111&ccb=1-7&_nc_sid=f907e8&_nc_ohc=SM1wRlP3lJwQ7kNvwEPuBYA&_nc_oc=AdnqrjDN_BNjSSHWO-GbkIWH6fkGMLw4bqvL_NH6e2wMveX7G-rP2dAqsDSq1mJMOaY&_nc_zt=24&_nc_ht=scontent-gig4-1.xx&_nc_gid=AoBFJeGrT1hVaew_6rchkQ&oh=00_AfX7QmFGhQhG2jAllVgXCiM1ZrWgvtp80-Bfppyexh1QEg&oe=689E923C"},"aioseo_meta_data":{"post_id":"21881","title":null,"description":null,"keywords":null,"keyphrases":null,"primary_term":null,"canonical_url":null,"og_title":null,"og_description":null,"og_object_type":"default","og_image_type":"default","og_image_url":null,"og_image_width":null,"og_image_height":null,"og_image_custom_url":null,"og_image_custom_fields":null,"og_video":null,"og_custom_url":null,"og_article_section":null,"og_article_tags":null,"twitter_use_og":false,"twitter_card":"default","twitter_image_type":"default","twitter_image_url":null,"twitter_image_custom_url":null,"twitter_image_custom_fields":null,"twitter_title":null,"twitter_description":null,"schema":{"blockGraphs":[],"customGraphs":[],"default":{"data":{"Article":[],"Course":[],"Dataset":[],"FAQPage":[],"Movie":[],"Person":[],"Product":[],"ProductReview":[],"Car":[],"Recipe":[],"Service":[],"SoftwareApplication":[],"WebPage":[]},"graphName":"","isEnabled":true},"graphs":[]},"schema_type":"default","schema_type_options":null,"pillar_content":false,"robots_default":true,"robots_noindex":false,"robots_noarchive":false,"robots_nosnippet":false,"robots_nofollow":false,"robots_noimageindex":false,"robots_noodp":false,"robots_notranslate":false,"robots_max_snippet":null,"robots_max_videopreview":null,"robots_max_imagepreview":"large","priority":null,"frequency":null,"local_seo":null,"breadcrumb_settings":null,"limit_modified_date":false,"ai":null,"created":"2025-08-16 17:12:27","updated":"2025-08-16 17:12:27","focus_keyword":null,"additional_keywords":null,"truseo_locale":null,"seo_analyzer_scan_date":null},"aioseo_breadcrumb":"<div class=\"aioseo-breadcrumbs\"><span class=\"aioseo-breadcrumb\">\n\t\t\t<a href=\"https:\/\/anoticiaonline.com.br\/site\" title=\"Home\">Home<\/a>\n\t\t<\/span><span class=\"aioseo-breadcrumb-separator\">&raquo;<\/span><span class=\"aioseo-breadcrumb\">\n\t\t\t<a href=\"https:\/\/anoticiaonline.com.br\/site\/categoria\/gerais\/\" title=\"Gerais\">Gerais<\/a>\n\t\t<\/span><span class=\"aioseo-breadcrumb-separator\">&raquo;<\/span><span class=\"aioseo-breadcrumb\">\n\t\t\tPol\u00edcia Civil de Minas Gerais forma mais 121 investigadores\n\t\t<\/span><\/div>","aioseo_breadcrumb_json":[{"label":"Home","link":"https:\/\/anoticiaonline.com.br\/site"},{"label":"Gerais","link":"https:\/\/anoticiaonline.com.br\/site\/categoria\/gerais\/"},{"label":"Pol\u00edcia Civil de Minas Gerais forma mais 121 investigadores","link":"https:\/\/anoticiaonline.com.br\/site\/policia-civil-de-minas-gerais-forma-mais-121-investigadores\/"}],"views":141,"_links":{"self":[{"href":"https:\/\/anoticiaonline.com.br\/site\/wp-json\/wp\/v2\/posts\/21881","targetHints":{"allow":["GET"]}}],"collection":[{"href":"https:\/\/anoticiaonline.com.br\/site\/wp-json\/wp\/v2\/posts"}],"about":[{"href":"https:\/\/anoticiaonline.com.br\/site\/wp-json\/wp\/v2\/types\/post"}],"author":[{"embeddable":true,"href":"https:\/\/anoticiaonline.com.br\/site\/wp-json\/wp\/v2\/users\/2"}],"replies":[{"embeddable":true,"href":"https:\/\/anoticiaonline.com.br\/site\/wp-json\/wp\/v2\/comments?post=21881"}],"version-history":[{"count":0,"href":"https:\/\/anoticiaonline.com.br\/site\/wp-json\/wp\/v2\/posts\/21881\/revisions"}],"wp:featuredmedia":[{"embeddable":true,"href":"https:\/\/anoticiaonline.com.br\/site\/wp-json\/wp\/v2\/media\/21882"}],"wp:attachment":[{"href":"https:\/\/anoticiaonline.com.br\/site\/wp-json\/wp\/v2\/media?parent=21881"}],"wp:term":[{"taxonomy":"category","embeddable":true,"href":"https:\/\/anoticiaonline.com.br\/site\/wp-json\/wp\/v2\/categories?post=21881"},{"taxonomy":"post_tag","embeddable":true,"href":"https:\/\/anoticiaonline.com.br\/site\/wp-json\/wp\/v2\/tags?post=21881"}],"curies":[{"name":"wp","href":"https:\/\/api.w.org\/{rel}","templated":true}]}}