{"id":21878,"date":"2016-11-21T08:29:30","date_gmt":"2016-11-21T11:29:30","guid":{"rendered":"http:\/\/anoticiaonline.com.br\/site\/?p=21878"},"modified":"2016-11-21T08:29:30","modified_gmt":"2016-11-21T11:29:30","slug":"consulplan-emite-nota-de-esclarecimento-sobre-possivel-mudanca-de-sede","status":"publish","type":"post","link":"https:\/\/anoticiaonline.com.br\/site\/consulplan-emite-nota-de-esclarecimento-sobre-possivel-mudanca-de-sede\/","title":{"rendered":"Consulplan emite nota de esclarecimento sobre poss\u00edvel mudan\u00e7a de sede"},"content":{"rendered":"<figure id=\"attachment_21879\" aria-describedby=\"caption-attachment-21879\" style=\"width: 290px\" class=\"wp-caption alignleft\"><a href=\"https:\/\/anoticiaonline.com.br\/site\/wp-content\/uploads\/2016\/11\/concuplan_620x322.jpg\"><img decoding=\"async\" class=\"wp-image-21879 size-medium\" src=\"https:\/\/anoticiaonline.com.br\/site\/wp-content\/uploads\/2016\/11\/concuplan_620x322-300x156.jpg\" alt=\"concuplan_620x322\" width=\"300\" height=\"156\" srcset=\"https:\/\/anoticiaonline.com.br\/site\/wp-content\/uploads\/2016\/11\/concuplan_620x322-300x156.jpg 300w, https:\/\/anoticiaonline.com.br\/site\/wp-content\/uploads\/2016\/11\/concuplan_620x322.jpg 620w\" sizes=\"(max-width: 300px) 100vw, 300px\" \/><\/a><figcaption id=\"caption-attachment-21879\" class=\"wp-caption-text\">Foto: Arquivo Consulplan<\/figcaption><\/figure>\n<p>A Consulplan, maior organizadora privada de concursos p\u00fablicos e avalia\u00e7\u00f5es educacionais do Brasil, cuja sede est\u00e1 localizada em Muria\u00e9, enviou uma nota \u00e0 imprensa, ap\u00f3s not\u00edcias e postagens em redes sociais abordarem sobre a poss\u00edvel sa\u00edda da empresa da cidade.<\/p>\n<p>A empresa est\u00e1 h\u00e1 20 anos em Muria\u00e9, cidade natal de seu diretor-presidente, Elder Abreu e toda sua fam\u00edlia.<\/p>\n<p>Segundo informou a nota, a Consulplan, grande geradora de impostos, al\u00e9m de empregar centenas de pessoas, retorna em tributa\u00e7\u00e3o para Muria\u00e9 cerca de R$ 400 mil\/m\u00eas, fora outros impostos na esfera federal. Por isso, muitos prefeitos de diversos munic\u00edpios das cinco regi\u00f5es brasileiras oferecem incentivos como isen\u00e7\u00e3o fiscal e espa\u00e7o f\u00edsico para que a sede da empresa seja transferida de local, inclusive com argumenta\u00e7\u00f5es de proximidade a grandes aeroportos, o que facilitaria o deslocamento para presta\u00e7\u00e3o de servi\u00e7os em todo o territ\u00f3rio nacional.<\/p>\n<p>Al\u00e9m disso, a expectativa \u00e9 que a empresa praticamente dobre o n\u00famero de funcion\u00e1rios nos pr\u00f3ximos dois anos, chegando a quase 1.000 celetistas, o que seria, de acordo com a Consulplan, \u201coutro grande atrativo\u201d.<\/p>\n<p>\u201cElder Abreu atende sempre a todos os interessados, mas reafirma que n\u00e3o tem inten\u00e7\u00e3o imediata de transferir a sede da empresa de Muria\u00e9, afinal, \u00e9 atuante na cidade e comprometido com seus colaboradores\u201d, finaliza a nota.<\/p>\n<p>&nbsp;<\/p>\n","protected":false},"excerpt":{"rendered":"<p>A Consulplan, maior organizadora privada de concursos p\u00fablicos e avalia\u00e7\u00f5es educacionais do Brasil, cuja sede est\u00e1 localizada em Muria\u00e9, enviou uma nota \u00e0 imprensa, ap\u00f3s not\u00edcias e postagens em redes sociais abordarem sobre a poss\u00edvel sa\u00edda da empresa da cidade. A empresa est\u00e1 h\u00e1 20 anos em Muria\u00e9, cidade natal de seu diretor-presidente, Elder Abreu &#8230; <a title=\"Consulplan emite nota de esclarecimento sobre poss\u00edvel mudan\u00e7a de sede\" class=\"read-more\" href=\"https:\/\/anoticiaonline.com.br\/site\/consulplan-emite-nota-de-esclarecimento-sobre-possivel-mudanca-de-sede\/\" aria-label=\"Read more about Consulplan emite nota de esclarecimento sobre poss\u00edvel mudan\u00e7a de sede\">Ler mais<\/a><\/p>\n","protected":false},"author":2,"featured_media":21879,"comment_status":"open","ping_status":"open","sticky":false,"template":"","format":"standard","meta":{"_acf_changed":false,"_monsterinsights_skip_tracking":false,"footnotes":""},"categories":[30],"tags":[3],"class_list":["post-21878","post","type-post","status-publish","format-standard","has-post-thumbnail","hentry","category-muriae","tag-slide"],"acf":[],"aioseo_notices":[],"aioseo_head":"\n\t\t<!-- All in One SEO 5.0.0.1 - aioseo.com -->\n\t<meta name=\"description\" content=\"A Consulplan, maior organizadora privada de concursos p\u00fablicos e avalia\u00e7\u00f5es educacionais do Brasil, cuja sede est\u00e1 localizada em Muria\u00e9, enviou uma nota \u00e0 imprensa, ap\u00f3s not\u00edcias e postagens em redes sociais abordarem sobre a poss\u00edvel sa\u00edda da empresa da cidade. A empresa est\u00e1 h\u00e1 20 anos em Muria\u00e9, cidade natal de seu diretor-presidente, Elder Abreu\" \/>\n\t<meta name=\"robots\" content=\"max-image-preview:large\" \/>\n\t<meta name=\"author\" content=\"Juliana Laviola\"\/>\n\t<link rel=\"canonical\" href=\"https:\/\/anoticiaonline.com.br\/site\/consulplan-emite-nota-de-esclarecimento-sobre-possivel-mudanca-de-sede\/\" \/>\n\t<meta name=\"generator\" content=\"All in One SEO (AIOSEO) 5.0.0.1\" \/>\n\t\t<meta property=\"og:locale\" content=\"pt_BR\" \/>\n\t\t<meta property=\"og:site_name\" content=\"A Not\u00edcia Online - Noticias de Muria\u00e9 e regi\u00e3o\" \/>\n\t\t<meta property=\"og:type\" content=\"article\" \/>\n\t\t<meta property=\"og:title\" content=\"Consulplan emite nota de esclarecimento sobre poss\u00edvel mudan\u00e7a de sede - A Not\u00edcia Online\" \/>\n\t\t<meta property=\"og:description\" content=\"A Consulplan, maior organizadora privada de concursos p\u00fablicos e avalia\u00e7\u00f5es educacionais do Brasil, cuja sede est\u00e1 localizada em Muria\u00e9, enviou uma nota \u00e0 imprensa, ap\u00f3s not\u00edcias e postagens em redes sociais abordarem sobre a poss\u00edvel sa\u00edda da empresa da cidade. A empresa est\u00e1 h\u00e1 20 anos em Muria\u00e9, cidade natal de seu diretor-presidente, Elder Abreu\" \/>\n\t\t<meta property=\"og:url\" content=\"https:\/\/anoticiaonline.com.br\/site\/consulplan-emite-nota-de-esclarecimento-sobre-possivel-mudanca-de-sede\/\" \/>\n\t\t<meta property=\"og:image\" content=\"https:\/\/scontent-gig4-1.xx.fbcdn.net\/v\/t39.30808-1\/270437624_4564083193639691_6907940295614233970_n.jpg?stp=dst-jpg_s200x200_tt6&#038;_nc_cat=111&#038;ccb=1-7&#038;_nc_sid=f907e8&#038;_nc_ohc=SM1wRlP3lJwQ7kNvwEPuBYA&#038;_nc_oc=AdnqrjDN_BNjSSHWO-GbkIWH6fkGMLw4bqvL_NH6e2wMveX7G-rP2dAqsDSq1mJMOaY&#038;_nc_zt=24&#038;_nc_ht=scontent-gig4-1.xx&#038;_nc_gid=AoBFJeGrT1hVaew_6rchkQ&#038;oh=00_AfX7QmFGhQhG2jAllVgXCiM1ZrWgvtp80-Bfppyexh1QEg&#038;oe=689E923C\" \/>\n\t\t<meta property=\"og:image:secure_url\" content=\"https:\/\/scontent-gig4-1.xx.fbcdn.net\/v\/t39.30808-1\/270437624_4564083193639691_6907940295614233970_n.jpg?stp=dst-jpg_s200x200_tt6&#038;_nc_cat=111&#038;ccb=1-7&#038;_nc_sid=f907e8&#038;_nc_ohc=SM1wRlP3lJwQ7kNvwEPuBYA&#038;_nc_oc=AdnqrjDN_BNjSSHWO-GbkIWH6fkGMLw4bqvL_NH6e2wMveX7G-rP2dAqsDSq1mJMOaY&#038;_nc_zt=24&#038;_nc_ht=scontent-gig4-1.xx&#038;_nc_gid=AoBFJeGrT1hVaew_6rchkQ&#038;oh=00_AfX7QmFGhQhG2jAllVgXCiM1ZrWgvtp80-Bfppyexh1QEg&#038;oe=689E923C\" \/>\n\t\t<meta property=\"article:published_time\" content=\"2016-11-21T11:29:30+00:00\" \/>\n\t\t<meta property=\"article:modified_time\" content=\"2016-11-21T11:29:30+00:00\" \/>\n\t\t<meta name=\"twitter:card\" content=\"summary_large_image\" \/>\n\t\t<meta name=\"twitter:title\" content=\"Consulplan emite nota de esclarecimento sobre poss\u00edvel mudan\u00e7a de sede - A Not\u00edcia Online\" \/>\n\t\t<meta name=\"twitter:description\" content=\"A Consulplan, maior organizadora privada de concursos p\u00fablicos e avalia\u00e7\u00f5es educacionais do Brasil, cuja sede est\u00e1 localizada em Muria\u00e9, enviou uma nota \u00e0 imprensa, ap\u00f3s not\u00edcias e postagens em redes sociais abordarem sobre a poss\u00edvel sa\u00edda da empresa da cidade. A empresa est\u00e1 h\u00e1 20 anos em Muria\u00e9, cidade natal de seu diretor-presidente, Elder Abreu\" \/>\n\t\t<meta name=\"twitter:image\" content=\"https:\/\/scontent-gig4-1.xx.fbcdn.net\/v\/t39.30808-1\/270437624_4564083193639691_6907940295614233970_n.jpg?stp=dst-jpg_s200x200_tt6&amp;_nc_cat=111&amp;ccb=1-7&amp;_nc_sid=f907e8&amp;_nc_ohc=SM1wRlP3lJwQ7kNvwEPuBYA&amp;_nc_oc=AdnqrjDN_BNjSSHWO-GbkIWH6fkGMLw4bqvL_NH6e2wMveX7G-rP2dAqsDSq1mJMOaY&amp;_nc_zt=24&amp;_nc_ht=scontent-gig4-1.xx&amp;_nc_gid=AoBFJeGrT1hVaew_6rchkQ&amp;oh=00_AfX7QmFGhQhG2jAllVgXCiM1ZrWgvtp80-Bfppyexh1QEg&amp;oe=689E923C\" \/>\n\t\t<script type=\"application\/ld+json\" class=\"aioseo-schema\">\n\t\t\t{\"@context\":\"https:\\\/\\\/schema.org\",\"@graph\":[{\"@type\":\"BlogPosting\",\"@id\":\"https:\\\/\\\/anoticiaonline.com.br\\\/site\\\/consulplan-emite-nota-de-esclarecimento-sobre-possivel-mudanca-de-sede\\\/#blogposting\",\"name\":\"Consulplan emite nota de esclarecimento sobre poss\\u00edvel mudan\\u00e7a de sede - A Not\\u00edcia Online\",\"headline\":\"Consulplan emite nota de esclarecimento sobre poss\\u00edvel mudan\\u00e7a de sede\",\"author\":{\"@id\":\"https:\\\/\\\/anoticiaonline.com.br\\\/site\\\/author\\\/juliana\\\/#author\"},\"publisher\":{\"@id\":\"https:\\\/\\\/anoticiaonline.com.br\\\/site\\\/#organization\"},\"image\":{\"@type\":\"ImageObject\",\"url\":\"https:\\\/\\\/anoticiaonline.com.br\\\/site\\\/wp-content\\\/uploads\\\/2016\\\/11\\\/concuplan_620x322.jpg\",\"width\":620,\"height\":322},\"datePublished\":\"2016-11-21T08:29:30-03:00\",\"dateModified\":\"2016-11-21T08:29:30-03:00\",\"inLanguage\":\"pt-BR\",\"mainEntityOfPage\":{\"@id\":\"https:\\\/\\\/anoticiaonline.com.br\\\/site\\\/consulplan-emite-nota-de-esclarecimento-sobre-possivel-mudanca-de-sede\\\/#webpage\"},\"isPartOf\":{\"@id\":\"https:\\\/\\\/anoticiaonline.com.br\\\/site\\\/consulplan-emite-nota-de-esclarecimento-sobre-possivel-mudanca-de-sede\\\/#webpage\"},\"articleSection\":\"Blog, slide\"},{\"@type\":\"BreadcrumbList\",\"@id\":\"https:\\\/\\\/anoticiaonline.com.br\\\/site\\\/consulplan-emite-nota-de-esclarecimento-sobre-possivel-mudanca-de-sede\\\/#breadcrumblist\",\"itemListElement\":[{\"@type\":\"ListItem\",\"@id\":\"https:\\\/\\\/anoticiaonline.com.br\\\/site#listItem\",\"position\":1,\"name\":\"Home\",\"item\":\"https:\\\/\\\/anoticiaonline.com.br\\\/site\",\"nextItem\":{\"@type\":\"ListItem\",\"@id\":\"https:\\\/\\\/anoticiaonline.com.br\\\/site\\\/categoria\\\/muriae\\\/#listItem\",\"name\":\"Blog\"}},{\"@type\":\"ListItem\",\"@id\":\"https:\\\/\\\/anoticiaonline.com.br\\\/site\\\/categoria\\\/muriae\\\/#listItem\",\"position\":2,\"name\":\"Blog\",\"item\":\"https:\\\/\\\/anoticiaonline.com.br\\\/site\\\/categoria\\\/muriae\\\/\",\"nextItem\":{\"@type\":\"ListItem\",\"@id\":\"https:\\\/\\\/anoticiaonline.com.br\\\/site\\\/consulplan-emite-nota-de-esclarecimento-sobre-possivel-mudanca-de-sede\\\/#listItem\",\"name\":\"Consulplan emite nota de esclarecimento sobre poss\\u00edvel mudan\\u00e7a de sede\"},\"previousItem\":{\"@type\":\"ListItem\",\"@id\":\"https:\\\/\\\/anoticiaonline.com.br\\\/site#listItem\",\"name\":\"Home\"}},{\"@type\":\"ListItem\",\"@id\":\"https:\\\/\\\/anoticiaonline.com.br\\\/site\\\/consulplan-emite-nota-de-esclarecimento-sobre-possivel-mudanca-de-sede\\\/#listItem\",\"position\":3,\"name\":\"Consulplan emite nota de esclarecimento sobre poss\\u00edvel mudan\\u00e7a de sede\",\"previousItem\":{\"@type\":\"ListItem\",\"@id\":\"https:\\\/\\\/anoticiaonline.com.br\\\/site\\\/categoria\\\/muriae\\\/#listItem\",\"name\":\"Blog\"}}]},{\"@type\":\"Organization\",\"@id\":\"https:\\\/\\\/anoticiaonline.com.br\\\/site\\\/#organization\",\"name\":\"A Not\\u00edcia Online\",\"description\":\"Noticias de Muria\\u00e9 e regi\\u00e3o\",\"url\":\"https:\\\/\\\/anoticiaonline.com.br\\\/site\\\/\",\"logo\":{\"@type\":\"ImageObject\",\"url\":\"https:\\\/\\\/scontent-gig4-1.xx.fbcdn.net\\\/v\\\/t39.30808-1\\\/270437624_4564083193639691_6907940295614233970_n.jpg?stp=dst-jpg_s200x200_tt6&_nc_cat=111&ccb=1-7&_nc_sid=f907e8&_nc_ohc=SM1wRlP3lJwQ7kNvwEPuBYA&_nc_oc=AdnqrjDN_BNjSSHWO-GbkIWH6fkGMLw4bqvL_NH6e2wMveX7G-rP2dAqsDSq1mJMOaY&_nc_zt=24&_nc_ht=scontent-gig4-1.xx&_nc_gid=AoBFJeGrT1hVaew_6rchkQ&oh=00_AfX7QmFGhQhG2jAllVgXCiM1ZrWgvtp80-Bfppyexh1QEg&oe=689E923C\",\"@id\":\"https:\\\/\\\/anoticiaonline.com.br\\\/site\\\/consulplan-emite-nota-de-esclarecimento-sobre-possivel-mudanca-de-sede\\\/#organizationLogo\"},\"image\":{\"@id\":\"https:\\\/\\\/anoticiaonline.com.br\\\/site\\\/consulplan-emite-nota-de-esclarecimento-sobre-possivel-mudanca-de-sede\\\/#organizationLogo\"}},{\"@type\":\"Person\",\"@id\":\"https:\\\/\\\/anoticiaonline.com.br\\\/site\\\/author\\\/juliana\\\/#author\",\"url\":\"https:\\\/\\\/anoticiaonline.com.br\\\/site\\\/author\\\/juliana\\\/\",\"name\":\"Juliana Laviola\",\"image\":{\"@type\":\"ImageObject\",\"@id\":\"https:\\\/\\\/anoticiaonline.com.br\\\/site\\\/consulplan-emite-nota-de-esclarecimento-sobre-possivel-mudanca-de-sede\\\/#authorImage\",\"url\":\"https:\\\/\\\/secure.gravatar.com\\\/avatar\\\/b8d45f5c699b100dfaf0e543582f38f38bf94cb7ae3a5e9abf8d891a34773335?s=96&d=mm&r=g\",\"width\":96,\"height\":96,\"caption\":\"Juliana Laviola\"}},{\"@type\":\"WebPage\",\"@id\":\"https:\\\/\\\/anoticiaonline.com.br\\\/site\\\/consulplan-emite-nota-de-esclarecimento-sobre-possivel-mudanca-de-sede\\\/#webpage\",\"url\":\"https:\\\/\\\/anoticiaonline.com.br\\\/site\\\/consulplan-emite-nota-de-esclarecimento-sobre-possivel-mudanca-de-sede\\\/\",\"name\":\"Consulplan emite nota de esclarecimento sobre poss\\u00edvel mudan\\u00e7a de sede - A Not\\u00edcia Online\",\"description\":\"A Consulplan, maior organizadora privada de concursos p\\u00fablicos e avalia\\u00e7\\u00f5es educacionais do Brasil, cuja sede est\\u00e1 localizada em Muria\\u00e9, enviou uma nota \\u00e0 imprensa, ap\\u00f3s not\\u00edcias e postagens em redes sociais abordarem sobre a poss\\u00edvel sa\\u00edda da empresa da cidade. A empresa est\\u00e1 h\\u00e1 20 anos em Muria\\u00e9, cidade natal de seu diretor-presidente, Elder Abreu\",\"inLanguage\":\"pt-BR\",\"isPartOf\":{\"@id\":\"https:\\\/\\\/anoticiaonline.com.br\\\/site\\\/#website\"},\"breadcrumb\":{\"@id\":\"https:\\\/\\\/anoticiaonline.com.br\\\/site\\\/consulplan-emite-nota-de-esclarecimento-sobre-possivel-mudanca-de-sede\\\/#breadcrumblist\"},\"author\":{\"@id\":\"https:\\\/\\\/anoticiaonline.com.br\\\/site\\\/author\\\/juliana\\\/#author\"},\"creator\":{\"@id\":\"https:\\\/\\\/anoticiaonline.com.br\\\/site\\\/author\\\/juliana\\\/#author\"},\"image\":{\"@type\":\"ImageObject\",\"url\":\"https:\\\/\\\/anoticiaonline.com.br\\\/site\\\/wp-content\\\/uploads\\\/2016\\\/11\\\/concuplan_620x322.jpg\",\"@id\":\"https:\\\/\\\/anoticiaonline.com.br\\\/site\\\/consulplan-emite-nota-de-esclarecimento-sobre-possivel-mudanca-de-sede\\\/#mainImage\",\"width\":620,\"height\":322},\"primaryImageOfPage\":{\"@id\":\"https:\\\/\\\/anoticiaonline.com.br\\\/site\\\/consulplan-emite-nota-de-esclarecimento-sobre-possivel-mudanca-de-sede\\\/#mainImage\"},\"datePublished\":\"2016-11-21T08:29:30-03:00\",\"dateModified\":\"2016-11-21T08:29:30-03:00\"},{\"@type\":\"WebSite\",\"@id\":\"https:\\\/\\\/anoticiaonline.com.br\\\/site\\\/#website\",\"url\":\"https:\\\/\\\/anoticiaonline.com.br\\\/site\\\/\",\"name\":\"A Not\\u00edcia Online\",\"description\":\"Noticias de Muria\\u00e9 e regi\\u00e3o\",\"inLanguage\":\"pt-BR\",\"publisher\":{\"@id\":\"https:\\\/\\\/anoticiaonline.com.br\\\/site\\\/#organization\"}}]}\n\t\t<\/script>\n\t\t<!-- All in One SEO -->\n\n","aioseo_head_json":{"title":"Consulplan emite nota de esclarecimento sobre poss\u00edvel mudan\u00e7a de sede - A Not\u00edcia Online","description":"A Consulplan, maior organizadora privada de concursos p\u00fablicos e avalia\u00e7\u00f5es educacionais do Brasil, cuja sede est\u00e1 localizada em Muria\u00e9, enviou uma nota \u00e0 imprensa, ap\u00f3s not\u00edcias e postagens em redes sociais abordarem sobre a poss\u00edvel sa\u00edda da empresa da cidade. A empresa est\u00e1 h\u00e1 20 anos em Muria\u00e9, cidade natal de seu diretor-presidente, Elder Abreu","canonical_url":"https:\/\/anoticiaonline.com.br\/site\/consulplan-emite-nota-de-esclarecimento-sobre-possivel-mudanca-de-sede\/","robots":"max-image-preview:large","keywords":"","webmasterTools":{"miscellaneous":""},"schema":{"@context":"https:\/\/schema.org","@graph":[{"@type":"BlogPosting","@id":"https:\/\/anoticiaonline.com.br\/site\/consulplan-emite-nota-de-esclarecimento-sobre-possivel-mudanca-de-sede\/#blogposting","name":"Consulplan emite nota de esclarecimento sobre poss\u00edvel mudan\u00e7a de sede - A Not\u00edcia Online","headline":"Consulplan emite nota de esclarecimento sobre poss\u00edvel mudan\u00e7a de sede","author":{"@id":"https:\/\/anoticiaonline.com.br\/site\/author\/juliana\/#author"},"publisher":{"@id":"https:\/\/anoticiaonline.com.br\/site\/#organization"},"image":{"@type":"ImageObject","url":"https:\/\/anoticiaonline.com.br\/site\/wp-content\/uploads\/2016\/11\/concuplan_620x322.jpg","width":620,"height":322},"datePublished":"2016-11-21T08:29:30-03:00","dateModified":"2016-11-21T08:29:30-03:00","inLanguage":"pt-BR","mainEntityOfPage":{"@id":"https:\/\/anoticiaonline.com.br\/site\/consulplan-emite-nota-de-esclarecimento-sobre-possivel-mudanca-de-sede\/#webpage"},"isPartOf":{"@id":"https:\/\/anoticiaonline.com.br\/site\/consulplan-emite-nota-de-esclarecimento-sobre-possivel-mudanca-de-sede\/#webpage"},"articleSection":"Blog, slide"},{"@type":"BreadcrumbList","@id":"https:\/\/anoticiaonline.com.br\/site\/consulplan-emite-nota-de-esclarecimento-sobre-possivel-mudanca-de-sede\/#breadcrumblist","itemListElement":[{"@type":"ListItem","@id":"https:\/\/anoticiaonline.com.br\/site#listItem","position":1,"name":"Home","item":"https:\/\/anoticiaonline.com.br\/site","nextItem":{"@type":"ListItem","@id":"https:\/\/anoticiaonline.com.br\/site\/categoria\/muriae\/#listItem","name":"Blog"}},{"@type":"ListItem","@id":"https:\/\/anoticiaonline.com.br\/site\/categoria\/muriae\/#listItem","position":2,"name":"Blog","item":"https:\/\/anoticiaonline.com.br\/site\/categoria\/muriae\/","nextItem":{"@type":"ListItem","@id":"https:\/\/anoticiaonline.com.br\/site\/consulplan-emite-nota-de-esclarecimento-sobre-possivel-mudanca-de-sede\/#listItem","name":"Consulplan emite nota de esclarecimento sobre poss\u00edvel mudan\u00e7a de sede"},"previousItem":{"@type":"ListItem","@id":"https:\/\/anoticiaonline.com.br\/site#listItem","name":"Home"}},{"@type":"ListItem","@id":"https:\/\/anoticiaonline.com.br\/site\/consulplan-emite-nota-de-esclarecimento-sobre-possivel-mudanca-de-sede\/#listItem","position":3,"name":"Consulplan emite nota de esclarecimento sobre poss\u00edvel mudan\u00e7a de sede","previousItem":{"@type":"ListItem","@id":"https:\/\/anoticiaonline.com.br\/site\/categoria\/muriae\/#listItem","name":"Blog"}}]},{"@type":"Organization","@id":"https:\/\/anoticiaonline.com.br\/site\/#organization","name":"A Not\u00edcia Online","description":"Noticias de Muria\u00e9 e regi\u00e3o","url":"https:\/\/anoticiaonline.com.br\/site\/","logo":{"@type":"ImageObject","url":"https:\/\/scontent-gig4-1.xx.fbcdn.net\/v\/t39.30808-1\/270437624_4564083193639691_6907940295614233970_n.jpg?stp=dst-jpg_s200x200_tt6&_nc_cat=111&ccb=1-7&_nc_sid=f907e8&_nc_ohc=SM1wRlP3lJwQ7kNvwEPuBYA&_nc_oc=AdnqrjDN_BNjSSHWO-GbkIWH6fkGMLw4bqvL_NH6e2wMveX7G-rP2dAqsDSq1mJMOaY&_nc_zt=24&_nc_ht=scontent-gig4-1.xx&_nc_gid=AoBFJeGrT1hVaew_6rchkQ&oh=00_AfX7QmFGhQhG2jAllVgXCiM1ZrWgvtp80-Bfppyexh1QEg&oe=689E923C","@id":"https:\/\/anoticiaonline.com.br\/site\/consulplan-emite-nota-de-esclarecimento-sobre-possivel-mudanca-de-sede\/#organizationLogo"},"image":{"@id":"https:\/\/anoticiaonline.com.br\/site\/consulplan-emite-nota-de-esclarecimento-sobre-possivel-mudanca-de-sede\/#organizationLogo"}},{"@type":"Person","@id":"https:\/\/anoticiaonline.com.br\/site\/author\/juliana\/#author","url":"https:\/\/anoticiaonline.com.br\/site\/author\/juliana\/","name":"Juliana Laviola","image":{"@type":"ImageObject","@id":"https:\/\/anoticiaonline.com.br\/site\/consulplan-emite-nota-de-esclarecimento-sobre-possivel-mudanca-de-sede\/#authorImage","url":"https:\/\/secure.gravatar.com\/avatar\/b8d45f5c699b100dfaf0e543582f38f38bf94cb7ae3a5e9abf8d891a34773335?s=96&d=mm&r=g","width":96,"height":96,"caption":"Juliana Laviola"}},{"@type":"WebPage","@id":"https:\/\/anoticiaonline.com.br\/site\/consulplan-emite-nota-de-esclarecimento-sobre-possivel-mudanca-de-sede\/#webpage","url":"https:\/\/anoticiaonline.com.br\/site\/consulplan-emite-nota-de-esclarecimento-sobre-possivel-mudanca-de-sede\/","name":"Consulplan emite nota de esclarecimento sobre poss\u00edvel mudan\u00e7a de sede - A Not\u00edcia Online","description":"A Consulplan, maior organizadora privada de concursos p\u00fablicos e avalia\u00e7\u00f5es educacionais do Brasil, cuja sede est\u00e1 localizada em Muria\u00e9, enviou uma nota \u00e0 imprensa, ap\u00f3s not\u00edcias e postagens em redes sociais abordarem sobre a poss\u00edvel sa\u00edda da empresa da cidade. A empresa est\u00e1 h\u00e1 20 anos em Muria\u00e9, cidade natal de seu diretor-presidente, Elder Abreu","inLanguage":"pt-BR","isPartOf":{"@id":"https:\/\/anoticiaonline.com.br\/site\/#website"},"breadcrumb":{"@id":"https:\/\/anoticiaonline.com.br\/site\/consulplan-emite-nota-de-esclarecimento-sobre-possivel-mudanca-de-sede\/#breadcrumblist"},"author":{"@id":"https:\/\/anoticiaonline.com.br\/site\/author\/juliana\/#author"},"creator":{"@id":"https:\/\/anoticiaonline.com.br\/site\/author\/juliana\/#author"},"image":{"@type":"ImageObject","url":"https:\/\/anoticiaonline.com.br\/site\/wp-content\/uploads\/2016\/11\/concuplan_620x322.jpg","@id":"https:\/\/anoticiaonline.com.br\/site\/consulplan-emite-nota-de-esclarecimento-sobre-possivel-mudanca-de-sede\/#mainImage","width":620,"height":322},"primaryImageOfPage":{"@id":"https:\/\/anoticiaonline.com.br\/site\/consulplan-emite-nota-de-esclarecimento-sobre-possivel-mudanca-de-sede\/#mainImage"},"datePublished":"2016-11-21T08:29:30-03:00","dateModified":"2016-11-21T08:29:30-03:00"},{"@type":"WebSite","@id":"https:\/\/anoticiaonline.com.br\/site\/#website","url":"https:\/\/anoticiaonline.com.br\/site\/","name":"A Not\u00edcia Online","description":"Noticias de Muria\u00e9 e regi\u00e3o","inLanguage":"pt-BR","publisher":{"@id":"https:\/\/anoticiaonline.com.br\/site\/#organization"}}]},"og:locale":"pt_BR","og:site_name":"A Not\u00edcia Online - Noticias de Muria\u00e9 e regi\u00e3o","og:type":"article","og:title":"Consulplan emite nota de esclarecimento sobre poss\u00edvel mudan\u00e7a de sede - A Not\u00edcia Online","og:description":"A Consulplan, maior organizadora privada de concursos p\u00fablicos e avalia\u00e7\u00f5es educacionais do Brasil, cuja sede est\u00e1 localizada em Muria\u00e9, enviou uma nota \u00e0 imprensa, ap\u00f3s not\u00edcias e postagens em redes sociais abordarem sobre a poss\u00edvel sa\u00edda da empresa da cidade. A empresa est\u00e1 h\u00e1 20 anos em Muria\u00e9, cidade natal de seu diretor-presidente, Elder Abreu","og:url":"https:\/\/anoticiaonline.com.br\/site\/consulplan-emite-nota-de-esclarecimento-sobre-possivel-mudanca-de-sede\/","og:image":"https:\/\/scontent-gig4-1.xx.fbcdn.net\/v\/t39.30808-1\/270437624_4564083193639691_6907940295614233970_n.jpg?stp=dst-jpg_s200x200_tt6&#038;_nc_cat=111&#038;ccb=1-7&#038;_nc_sid=f907e8&#038;_nc_ohc=SM1wRlP3lJwQ7kNvwEPuBYA&#038;_nc_oc=AdnqrjDN_BNjSSHWO-GbkIWH6fkGMLw4bqvL_NH6e2wMveX7G-rP2dAqsDSq1mJMOaY&#038;_nc_zt=24&#038;_nc_ht=scontent-gig4-1.xx&#038;_nc_gid=AoBFJeGrT1hVaew_6rchkQ&#038;oh=00_AfX7QmFGhQhG2jAllVgXCiM1ZrWgvtp80-Bfppyexh1QEg&#038;oe=689E923C","og:image:secure_url":"https:\/\/scontent-gig4-1.xx.fbcdn.net\/v\/t39.30808-1\/270437624_4564083193639691_6907940295614233970_n.jpg?stp=dst-jpg_s200x200_tt6&#038;_nc_cat=111&#038;ccb=1-7&#038;_nc_sid=f907e8&#038;_nc_ohc=SM1wRlP3lJwQ7kNvwEPuBYA&#038;_nc_oc=AdnqrjDN_BNjSSHWO-GbkIWH6fkGMLw4bqvL_NH6e2wMveX7G-rP2dAqsDSq1mJMOaY&#038;_nc_zt=24&#038;_nc_ht=scontent-gig4-1.xx&#038;_nc_gid=AoBFJeGrT1hVaew_6rchkQ&#038;oh=00_AfX7QmFGhQhG2jAllVgXCiM1ZrWgvtp80-Bfppyexh1QEg&#038;oe=689E923C","article:published_time":"2016-11-21T11:29:30+00:00","article:modified_time":"2016-11-21T11:29:30+00:00","twitter:card":"summary_large_image","twitter:title":"Consulplan emite nota de esclarecimento sobre poss\u00edvel mudan\u00e7a de sede - A Not\u00edcia Online","twitter:description":"A Consulplan, maior organizadora privada de concursos p\u00fablicos e avalia\u00e7\u00f5es educacionais do Brasil, cuja sede est\u00e1 localizada em Muria\u00e9, enviou uma nota \u00e0 imprensa, ap\u00f3s not\u00edcias e postagens em redes sociais abordarem sobre a poss\u00edvel sa\u00edda da empresa da cidade. A empresa est\u00e1 h\u00e1 20 anos em Muria\u00e9, cidade natal de seu diretor-presidente, Elder Abreu","twitter:image":"https:\/\/scontent-gig4-1.xx.fbcdn.net\/v\/t39.30808-1\/270437624_4564083193639691_6907940295614233970_n.jpg?stp=dst-jpg_s200x200_tt6&_nc_cat=111&ccb=1-7&_nc_sid=f907e8&_nc_ohc=SM1wRlP3lJwQ7kNvwEPuBYA&_nc_oc=AdnqrjDN_BNjSSHWO-GbkIWH6fkGMLw4bqvL_NH6e2wMveX7G-rP2dAqsDSq1mJMOaY&_nc_zt=24&_nc_ht=scontent-gig4-1.xx&_nc_gid=AoBFJeGrT1hVaew_6rchkQ&oh=00_AfX7QmFGhQhG2jAllVgXCiM1ZrWgvtp80-Bfppyexh1QEg&oe=689E923C"},"aioseo_meta_data":{"post_id":"21878","title":null,"description":null,"keywords":null,"keyphrases":null,"primary_term":null,"canonical_url":null,"og_title":null,"og_description":null,"og_object_type":"default","og_image_type":"default","og_image_url":null,"og_image_width":null,"og_image_height":null,"og_image_custom_url":null,"og_image_custom_fields":null,"og_video":null,"og_custom_url":null,"og_article_section":null,"og_article_tags":null,"twitter_use_og":false,"twitter_card":"default","twitter_image_type":"default","twitter_image_url":null,"twitter_image_custom_url":null,"twitter_image_custom_fields":null,"twitter_title":null,"twitter_description":null,"schema":{"blockGraphs":[],"customGraphs":[],"default":{"data":{"Article":[],"Course":[],"Dataset":[],"FAQPage":[],"Movie":[],"Person":[],"Product":[],"ProductReview":[],"Car":[],"Recipe":[],"Service":[],"SoftwareApplication":[],"WebPage":[]},"graphName":"","isEnabled":true},"graphs":[]},"schema_type":"default","schema_type_options":null,"pillar_content":false,"robots_default":true,"robots_noindex":false,"robots_noarchive":false,"robots_nosnippet":false,"robots_nofollow":false,"robots_noimageindex":false,"robots_noodp":false,"robots_notranslate":false,"robots_max_snippet":null,"robots_max_videopreview":null,"robots_max_imagepreview":"large","priority":null,"frequency":null,"local_seo":null,"breadcrumb_settings":null,"limit_modified_date":false,"ai":null,"created":"2025-08-16 17:12:27","updated":"2025-08-16 17:12:27","focus_keyword":null,"additional_keywords":null,"truseo_locale":null,"seo_analyzer_scan_date":null},"aioseo_breadcrumb":"<div class=\"aioseo-breadcrumbs\"><span class=\"aioseo-breadcrumb\">\n\t\t\t<a href=\"https:\/\/anoticiaonline.com.br\/site\" title=\"Home\">Home<\/a>\n\t\t<\/span><span class=\"aioseo-breadcrumb-separator\">&raquo;<\/span><span class=\"aioseo-breadcrumb\">\n\t\t\t<a href=\"https:\/\/anoticiaonline.com.br\/site\/categoria\/muriae\/\" title=\"Blog\">Blog<\/a>\n\t\t<\/span><span class=\"aioseo-breadcrumb-separator\">&raquo;<\/span><span class=\"aioseo-breadcrumb\">\n\t\t\tConsulplan emite nota de esclarecimento sobre poss\u00edvel mudan\u00e7a de sede\n\t\t<\/span><\/div>","aioseo_breadcrumb_json":[{"label":"Home","link":"https:\/\/anoticiaonline.com.br\/site"},{"label":"Blog","link":"https:\/\/anoticiaonline.com.br\/site\/categoria\/muriae\/"},{"label":"Consulplan emite nota de esclarecimento sobre poss\u00edvel mudan\u00e7a de sede","link":"https:\/\/anoticiaonline.com.br\/site\/consulplan-emite-nota-de-esclarecimento-sobre-possivel-mudanca-de-sede\/"}],"views":181,"_links":{"self":[{"href":"https:\/\/anoticiaonline.com.br\/site\/wp-json\/wp\/v2\/posts\/21878","targetHints":{"allow":["GET"]}}],"collection":[{"href":"https:\/\/anoticiaonline.com.br\/site\/wp-json\/wp\/v2\/posts"}],"about":[{"href":"https:\/\/anoticiaonline.com.br\/site\/wp-json\/wp\/v2\/types\/post"}],"author":[{"embeddable":true,"href":"https:\/\/anoticiaonline.com.br\/site\/wp-json\/wp\/v2\/users\/2"}],"replies":[{"embeddable":true,"href":"https:\/\/anoticiaonline.com.br\/site\/wp-json\/wp\/v2\/comments?post=21878"}],"version-history":[{"count":0,"href":"https:\/\/anoticiaonline.com.br\/site\/wp-json\/wp\/v2\/posts\/21878\/revisions"}],"wp:featuredmedia":[{"embeddable":true,"href":"https:\/\/anoticiaonline.com.br\/site\/wp-json\/wp\/v2\/media\/21879"}],"wp:attachment":[{"href":"https:\/\/anoticiaonline.com.br\/site\/wp-json\/wp\/v2\/media?parent=21878"}],"wp:term":[{"taxonomy":"category","embeddable":true,"href":"https:\/\/anoticiaonline.com.br\/site\/wp-json\/wp\/v2\/categories?post=21878"},{"taxonomy":"post_tag","embeddable":true,"href":"https:\/\/anoticiaonline.com.br\/site\/wp-json\/wp\/v2\/tags?post=21878"}],"curies":[{"name":"wp","href":"https:\/\/api.w.org\/{rel}","templated":true}]}}