{"id":21873,"date":"2016-11-21T07:53:58","date_gmt":"2016-11-21T10:53:58","guid":{"rendered":"http:\/\/anoticiaonline.com.br\/site\/?p=21873"},"modified":"2016-11-21T07:53:58","modified_gmt":"2016-11-21T10:53:58","slug":"prefeitura-doa-imovel-para-camara-de-muriae-expandir-sua-area-fisica","status":"publish","type":"post","link":"https:\/\/anoticiaonline.com.br\/site\/prefeitura-doa-imovel-para-camara-de-muriae-expandir-sua-area-fisica\/","title":{"rendered":"Prefeitura doa im\u00f3vel para C\u00e2mara de Muria\u00e9 expandir sua \u00e1rea f\u00edsica"},"content":{"rendered":"<figure id=\"attachment_21874\" aria-describedby=\"caption-attachment-21874\" style=\"width: 290px\" class=\"wp-caption alignleft\"><a href=\"https:\/\/anoticiaonline.com.br\/site\/wp-content\/uploads\/2016\/11\/Prefeitura-doa-im\u00f3vel-para-C\u00e2mara-de-Muria\u00e9-expandir-sua-\u00e1rea-f\u00edsica.jpg\"><img fetchpriority=\"high\" decoding=\"async\" class=\"size-medium wp-image-21874\" src=\"https:\/\/anoticiaonline.com.br\/site\/wp-content\/uploads\/2016\/11\/Prefeitura-doa-im\u00f3vel-para-C\u00e2mara-de-Muria\u00e9-expandir-sua-\u00e1rea-f\u00edsica-300x238.jpg\" alt=\"Im\u00f3vel est\u00e1 localizado na Rua Coronel Domiciano, 26, Centro\" width=\"300\" height=\"238\" srcset=\"https:\/\/anoticiaonline.com.br\/site\/wp-content\/uploads\/2016\/11\/Prefeitura-doa-im\u00f3vel-para-C\u00e2mara-de-Muria\u00e9-expandir-sua-\u00e1rea-f\u00edsica-300x238.jpg 300w, https:\/\/anoticiaonline.com.br\/site\/wp-content\/uploads\/2016\/11\/Prefeitura-doa-im\u00f3vel-para-C\u00e2mara-de-Muria\u00e9-expandir-sua-\u00e1rea-f\u00edsica.jpg 640w\" sizes=\"(max-width: 300px) 100vw, 300px\" \/><\/a><figcaption id=\"caption-attachment-21874\" class=\"wp-caption-text\">Im\u00f3vel est\u00e1 localizado na Rua Coronel Domiciano, 26, Centro<\/figcaption><\/figure>\n<p>O Executivo municipal doou um im\u00f3vel \u00e0 C\u00e2mara de Muria\u00e9 (localizado na Rua Coronel Domiciano, 26, Centro), instalado ao lado do pr\u00e9dio do Legislativo municipal, com o objetivo de adequar as instala\u00e7\u00f5es da C\u00e2mara, a fim de receber os vereadores eleitos para a 34\u00aa Legislatura.<\/p>\n<p>A inciativa visa permitir o crescimento f\u00edsico da C\u00e2mara, que ter\u00e1 uma amplia\u00e7\u00e3o no n\u00famero de gabinetes, j\u00e1 que seis novos vereadores ser\u00e3o empossados em 1\u00ba de janeiro de 2017, al\u00e9m dos 11 habituais. Atualmente fechado, o im\u00f3vel j\u00e1 foi utilizado pela Emater e pela Junta de Servi\u00e7o Militar.<\/p>\n","protected":false},"excerpt":{"rendered":"<p>O Executivo municipal doou um im\u00f3vel \u00e0 C\u00e2mara de Muria\u00e9 (localizado na Rua Coronel Domiciano, 26, Centro), instalado ao lado do pr\u00e9dio do Legislativo municipal, com o objetivo de adequar as instala\u00e7\u00f5es da C\u00e2mara, a fim de receber os vereadores eleitos para a 34\u00aa Legislatura. A inciativa visa permitir o crescimento f\u00edsico da C\u00e2mara, que &#8230; <a title=\"Prefeitura doa im\u00f3vel para C\u00e2mara de Muria\u00e9 expandir sua \u00e1rea f\u00edsica\" class=\"read-more\" href=\"https:\/\/anoticiaonline.com.br\/site\/prefeitura-doa-imovel-para-camara-de-muriae-expandir-sua-area-fisica\/\" aria-label=\"Read more about Prefeitura doa im\u00f3vel para C\u00e2mara de Muria\u00e9 expandir sua \u00e1rea f\u00edsica\">Ler mais<\/a><\/p>\n","protected":false},"author":2,"featured_media":21874,"comment_status":"open","ping_status":"open","sticky":false,"template":"","format":"standard","meta":{"_acf_changed":false,"_monsterinsights_skip_tracking":false,"footnotes":""},"categories":[30],"tags":[3],"class_list":["post-21873","post","type-post","status-publish","format-standard","has-post-thumbnail","hentry","category-muriae","tag-slide"],"acf":[],"aioseo_notices":[],"aioseo_head":"\n\t\t<!-- All in One SEO 5.0.0.1 - aioseo.com -->\n\t<meta name=\"description\" content=\"O Executivo municipal doou um im\u00f3vel \u00e0 C\u00e2mara de Muria\u00e9 (localizado na Rua Coronel Domiciano, 26, Centro), instalado ao lado do pr\u00e9dio do Legislativo municipal, com o objetivo de adequar as instala\u00e7\u00f5es da C\u00e2mara, a fim de receber os vereadores eleitos para a 34\u00aa Legislatura. A inciativa visa permitir o crescimento f\u00edsico da C\u00e2mara, que\" \/>\n\t<meta name=\"robots\" content=\"max-image-preview:large\" \/>\n\t<meta name=\"author\" content=\"Juliana Laviola\"\/>\n\t<link rel=\"canonical\" href=\"https:\/\/anoticiaonline.com.br\/site\/prefeitura-doa-imovel-para-camara-de-muriae-expandir-sua-area-fisica\/\" \/>\n\t<meta name=\"generator\" content=\"All in One SEO (AIOSEO) 5.0.0.1\" \/>\n\t\t<meta property=\"og:locale\" content=\"pt_BR\" \/>\n\t\t<meta property=\"og:site_name\" content=\"A Not\u00edcia Online - Noticias de Muria\u00e9 e regi\u00e3o\" \/>\n\t\t<meta property=\"og:type\" content=\"article\" \/>\n\t\t<meta property=\"og:title\" content=\"Prefeitura doa im\u00f3vel para C\u00e2mara de Muria\u00e9 expandir sua \u00e1rea f\u00edsica - A Not\u00edcia Online\" \/>\n\t\t<meta property=\"og:description\" content=\"O Executivo municipal doou um im\u00f3vel \u00e0 C\u00e2mara de Muria\u00e9 (localizado na Rua Coronel Domiciano, 26, Centro), instalado ao lado do pr\u00e9dio do Legislativo municipal, com o objetivo de adequar as instala\u00e7\u00f5es da C\u00e2mara, a fim de receber os vereadores eleitos para a 34\u00aa Legislatura. A inciativa visa permitir o crescimento f\u00edsico da C\u00e2mara, que\" \/>\n\t\t<meta property=\"og:url\" content=\"https:\/\/anoticiaonline.com.br\/site\/prefeitura-doa-imovel-para-camara-de-muriae-expandir-sua-area-fisica\/\" \/>\n\t\t<meta property=\"og:image\" content=\"https:\/\/scontent-gig4-1.xx.fbcdn.net\/v\/t39.30808-1\/270437624_4564083193639691_6907940295614233970_n.jpg?stp=dst-jpg_s200x200_tt6&#038;_nc_cat=111&#038;ccb=1-7&#038;_nc_sid=f907e8&#038;_nc_ohc=SM1wRlP3lJwQ7kNvwEPuBYA&#038;_nc_oc=AdnqrjDN_BNjSSHWO-GbkIWH6fkGMLw4bqvL_NH6e2wMveX7G-rP2dAqsDSq1mJMOaY&#038;_nc_zt=24&#038;_nc_ht=scontent-gig4-1.xx&#038;_nc_gid=AoBFJeGrT1hVaew_6rchkQ&#038;oh=00_AfX7QmFGhQhG2jAllVgXCiM1ZrWgvtp80-Bfppyexh1QEg&#038;oe=689E923C\" \/>\n\t\t<meta property=\"og:image:secure_url\" content=\"https:\/\/scontent-gig4-1.xx.fbcdn.net\/v\/t39.30808-1\/270437624_4564083193639691_6907940295614233970_n.jpg?stp=dst-jpg_s200x200_tt6&#038;_nc_cat=111&#038;ccb=1-7&#038;_nc_sid=f907e8&#038;_nc_ohc=SM1wRlP3lJwQ7kNvwEPuBYA&#038;_nc_oc=AdnqrjDN_BNjSSHWO-GbkIWH6fkGMLw4bqvL_NH6e2wMveX7G-rP2dAqsDSq1mJMOaY&#038;_nc_zt=24&#038;_nc_ht=scontent-gig4-1.xx&#038;_nc_gid=AoBFJeGrT1hVaew_6rchkQ&#038;oh=00_AfX7QmFGhQhG2jAllVgXCiM1ZrWgvtp80-Bfppyexh1QEg&#038;oe=689E923C\" \/>\n\t\t<meta property=\"article:published_time\" content=\"2016-11-21T10:53:58+00:00\" \/>\n\t\t<meta property=\"article:modified_time\" content=\"2016-11-21T10:53:58+00:00\" \/>\n\t\t<meta name=\"twitter:card\" content=\"summary_large_image\" \/>\n\t\t<meta name=\"twitter:title\" content=\"Prefeitura doa im\u00f3vel para C\u00e2mara de Muria\u00e9 expandir sua \u00e1rea f\u00edsica - A Not\u00edcia Online\" \/>\n\t\t<meta name=\"twitter:description\" content=\"O Executivo municipal doou um im\u00f3vel \u00e0 C\u00e2mara de Muria\u00e9 (localizado na Rua Coronel Domiciano, 26, Centro), instalado ao lado do pr\u00e9dio do Legislativo municipal, com o objetivo de adequar as instala\u00e7\u00f5es da C\u00e2mara, a fim de receber os vereadores eleitos para a 34\u00aa Legislatura. A inciativa visa permitir o crescimento f\u00edsico da C\u00e2mara, que\" \/>\n\t\t<meta name=\"twitter:image\" content=\"https:\/\/scontent-gig4-1.xx.fbcdn.net\/v\/t39.30808-1\/270437624_4564083193639691_6907940295614233970_n.jpg?stp=dst-jpg_s200x200_tt6&amp;_nc_cat=111&amp;ccb=1-7&amp;_nc_sid=f907e8&amp;_nc_ohc=SM1wRlP3lJwQ7kNvwEPuBYA&amp;_nc_oc=AdnqrjDN_BNjSSHWO-GbkIWH6fkGMLw4bqvL_NH6e2wMveX7G-rP2dAqsDSq1mJMOaY&amp;_nc_zt=24&amp;_nc_ht=scontent-gig4-1.xx&amp;_nc_gid=AoBFJeGrT1hVaew_6rchkQ&amp;oh=00_AfX7QmFGhQhG2jAllVgXCiM1ZrWgvtp80-Bfppyexh1QEg&amp;oe=689E923C\" \/>\n\t\t<script type=\"application\/ld+json\" class=\"aioseo-schema\">\n\t\t\t{\"@context\":\"https:\\\/\\\/schema.org\",\"@graph\":[{\"@type\":\"BlogPosting\",\"@id\":\"https:\\\/\\\/anoticiaonline.com.br\\\/site\\\/prefeitura-doa-imovel-para-camara-de-muriae-expandir-sua-area-fisica\\\/#blogposting\",\"name\":\"Prefeitura doa im\\u00f3vel para C\\u00e2mara de Muria\\u00e9 expandir sua \\u00e1rea f\\u00edsica - A Not\\u00edcia Online\",\"headline\":\"Prefeitura doa im\\u00f3vel para C\\u00e2mara de Muria\\u00e9 expandir sua \\u00e1rea f\\u00edsica\",\"author\":{\"@id\":\"https:\\\/\\\/anoticiaonline.com.br\\\/site\\\/author\\\/juliana\\\/#author\"},\"publisher\":{\"@id\":\"https:\\\/\\\/anoticiaonline.com.br\\\/site\\\/#organization\"},\"image\":{\"@type\":\"ImageObject\",\"url\":\"https:\\\/\\\/anoticiaonline.com.br\\\/site\\\/wp-content\\\/uploads\\\/2016\\\/11\\\/Prefeitura-doa-im\\u00f3vel-para-C\\u00e2mara-de-Muria\\u00e9-expandir-sua-\\u00e1rea-f\\u00edsica.jpg\",\"width\":640,\"height\":508,\"caption\":\"Im\\u00f3vel est\\u00e1 localizado na Rua Coronel Domiciano, 26, Centro\"},\"datePublished\":\"2016-11-21T07:53:58-03:00\",\"dateModified\":\"2016-11-21T07:53:58-03:00\",\"inLanguage\":\"pt-BR\",\"mainEntityOfPage\":{\"@id\":\"https:\\\/\\\/anoticiaonline.com.br\\\/site\\\/prefeitura-doa-imovel-para-camara-de-muriae-expandir-sua-area-fisica\\\/#webpage\"},\"isPartOf\":{\"@id\":\"https:\\\/\\\/anoticiaonline.com.br\\\/site\\\/prefeitura-doa-imovel-para-camara-de-muriae-expandir-sua-area-fisica\\\/#webpage\"},\"articleSection\":\"Blog, slide\"},{\"@type\":\"BreadcrumbList\",\"@id\":\"https:\\\/\\\/anoticiaonline.com.br\\\/site\\\/prefeitura-doa-imovel-para-camara-de-muriae-expandir-sua-area-fisica\\\/#breadcrumblist\",\"itemListElement\":[{\"@type\":\"ListItem\",\"@id\":\"https:\\\/\\\/anoticiaonline.com.br\\\/site#listItem\",\"position\":1,\"name\":\"Home\",\"item\":\"https:\\\/\\\/anoticiaonline.com.br\\\/site\",\"nextItem\":{\"@type\":\"ListItem\",\"@id\":\"https:\\\/\\\/anoticiaonline.com.br\\\/site\\\/categoria\\\/muriae\\\/#listItem\",\"name\":\"Blog\"}},{\"@type\":\"ListItem\",\"@id\":\"https:\\\/\\\/anoticiaonline.com.br\\\/site\\\/categoria\\\/muriae\\\/#listItem\",\"position\":2,\"name\":\"Blog\",\"item\":\"https:\\\/\\\/anoticiaonline.com.br\\\/site\\\/categoria\\\/muriae\\\/\",\"nextItem\":{\"@type\":\"ListItem\",\"@id\":\"https:\\\/\\\/anoticiaonline.com.br\\\/site\\\/prefeitura-doa-imovel-para-camara-de-muriae-expandir-sua-area-fisica\\\/#listItem\",\"name\":\"Prefeitura doa im\\u00f3vel para C\\u00e2mara de Muria\\u00e9 expandir sua \\u00e1rea f\\u00edsica\"},\"previousItem\":{\"@type\":\"ListItem\",\"@id\":\"https:\\\/\\\/anoticiaonline.com.br\\\/site#listItem\",\"name\":\"Home\"}},{\"@type\":\"ListItem\",\"@id\":\"https:\\\/\\\/anoticiaonline.com.br\\\/site\\\/prefeitura-doa-imovel-para-camara-de-muriae-expandir-sua-area-fisica\\\/#listItem\",\"position\":3,\"name\":\"Prefeitura doa im\\u00f3vel para C\\u00e2mara de Muria\\u00e9 expandir sua \\u00e1rea f\\u00edsica\",\"previousItem\":{\"@type\":\"ListItem\",\"@id\":\"https:\\\/\\\/anoticiaonline.com.br\\\/site\\\/categoria\\\/muriae\\\/#listItem\",\"name\":\"Blog\"}}]},{\"@type\":\"Organization\",\"@id\":\"https:\\\/\\\/anoticiaonline.com.br\\\/site\\\/#organization\",\"name\":\"A Not\\u00edcia Online\",\"description\":\"Noticias de Muria\\u00e9 e regi\\u00e3o\",\"url\":\"https:\\\/\\\/anoticiaonline.com.br\\\/site\\\/\",\"logo\":{\"@type\":\"ImageObject\",\"url\":\"https:\\\/\\\/scontent-gig4-1.xx.fbcdn.net\\\/v\\\/t39.30808-1\\\/270437624_4564083193639691_6907940295614233970_n.jpg?stp=dst-jpg_s200x200_tt6&_nc_cat=111&ccb=1-7&_nc_sid=f907e8&_nc_ohc=SM1wRlP3lJwQ7kNvwEPuBYA&_nc_oc=AdnqrjDN_BNjSSHWO-GbkIWH6fkGMLw4bqvL_NH6e2wMveX7G-rP2dAqsDSq1mJMOaY&_nc_zt=24&_nc_ht=scontent-gig4-1.xx&_nc_gid=AoBFJeGrT1hVaew_6rchkQ&oh=00_AfX7QmFGhQhG2jAllVgXCiM1ZrWgvtp80-Bfppyexh1QEg&oe=689E923C\",\"@id\":\"https:\\\/\\\/anoticiaonline.com.br\\\/site\\\/prefeitura-doa-imovel-para-camara-de-muriae-expandir-sua-area-fisica\\\/#organizationLogo\"},\"image\":{\"@id\":\"https:\\\/\\\/anoticiaonline.com.br\\\/site\\\/prefeitura-doa-imovel-para-camara-de-muriae-expandir-sua-area-fisica\\\/#organizationLogo\"}},{\"@type\":\"Person\",\"@id\":\"https:\\\/\\\/anoticiaonline.com.br\\\/site\\\/author\\\/juliana\\\/#author\",\"url\":\"https:\\\/\\\/anoticiaonline.com.br\\\/site\\\/author\\\/juliana\\\/\",\"name\":\"Juliana Laviola\",\"image\":{\"@type\":\"ImageObject\",\"@id\":\"https:\\\/\\\/anoticiaonline.com.br\\\/site\\\/prefeitura-doa-imovel-para-camara-de-muriae-expandir-sua-area-fisica\\\/#authorImage\",\"url\":\"https:\\\/\\\/secure.gravatar.com\\\/avatar\\\/b8d45f5c699b100dfaf0e543582f38f38bf94cb7ae3a5e9abf8d891a34773335?s=96&d=mm&r=g\",\"width\":96,\"height\":96,\"caption\":\"Juliana Laviola\"}},{\"@type\":\"WebPage\",\"@id\":\"https:\\\/\\\/anoticiaonline.com.br\\\/site\\\/prefeitura-doa-imovel-para-camara-de-muriae-expandir-sua-area-fisica\\\/#webpage\",\"url\":\"https:\\\/\\\/anoticiaonline.com.br\\\/site\\\/prefeitura-doa-imovel-para-camara-de-muriae-expandir-sua-area-fisica\\\/\",\"name\":\"Prefeitura doa im\\u00f3vel para C\\u00e2mara de Muria\\u00e9 expandir sua \\u00e1rea f\\u00edsica - A Not\\u00edcia Online\",\"description\":\"O Executivo municipal doou um im\\u00f3vel \\u00e0 C\\u00e2mara de Muria\\u00e9 (localizado na Rua Coronel Domiciano, 26, Centro), instalado ao lado do pr\\u00e9dio do Legislativo municipal, com o objetivo de adequar as instala\\u00e7\\u00f5es da C\\u00e2mara, a fim de receber os vereadores eleitos para a 34\\u00aa Legislatura. A inciativa visa permitir o crescimento f\\u00edsico da C\\u00e2mara, que\",\"inLanguage\":\"pt-BR\",\"isPartOf\":{\"@id\":\"https:\\\/\\\/anoticiaonline.com.br\\\/site\\\/#website\"},\"breadcrumb\":{\"@id\":\"https:\\\/\\\/anoticiaonline.com.br\\\/site\\\/prefeitura-doa-imovel-para-camara-de-muriae-expandir-sua-area-fisica\\\/#breadcrumblist\"},\"author\":{\"@id\":\"https:\\\/\\\/anoticiaonline.com.br\\\/site\\\/author\\\/juliana\\\/#author\"},\"creator\":{\"@id\":\"https:\\\/\\\/anoticiaonline.com.br\\\/site\\\/author\\\/juliana\\\/#author\"},\"image\":{\"@type\":\"ImageObject\",\"url\":\"https:\\\/\\\/anoticiaonline.com.br\\\/site\\\/wp-content\\\/uploads\\\/2016\\\/11\\\/Prefeitura-doa-im\\u00f3vel-para-C\\u00e2mara-de-Muria\\u00e9-expandir-sua-\\u00e1rea-f\\u00edsica.jpg\",\"@id\":\"https:\\\/\\\/anoticiaonline.com.br\\\/site\\\/prefeitura-doa-imovel-para-camara-de-muriae-expandir-sua-area-fisica\\\/#mainImage\",\"width\":640,\"height\":508,\"caption\":\"Im\\u00f3vel est\\u00e1 localizado na Rua Coronel Domiciano, 26, Centro\"},\"primaryImageOfPage\":{\"@id\":\"https:\\\/\\\/anoticiaonline.com.br\\\/site\\\/prefeitura-doa-imovel-para-camara-de-muriae-expandir-sua-area-fisica\\\/#mainImage\"},\"datePublished\":\"2016-11-21T07:53:58-03:00\",\"dateModified\":\"2016-11-21T07:53:58-03:00\"},{\"@type\":\"WebSite\",\"@id\":\"https:\\\/\\\/anoticiaonline.com.br\\\/site\\\/#website\",\"url\":\"https:\\\/\\\/anoticiaonline.com.br\\\/site\\\/\",\"name\":\"A Not\\u00edcia Online\",\"description\":\"Noticias de Muria\\u00e9 e regi\\u00e3o\",\"inLanguage\":\"pt-BR\",\"publisher\":{\"@id\":\"https:\\\/\\\/anoticiaonline.com.br\\\/site\\\/#organization\"}}]}\n\t\t<\/script>\n\t\t<!-- All in One SEO -->\n\n","aioseo_head_json":{"title":"Prefeitura doa im\u00f3vel para C\u00e2mara de Muria\u00e9 expandir sua \u00e1rea f\u00edsica - A Not\u00edcia Online","description":"O Executivo municipal doou um im\u00f3vel \u00e0 C\u00e2mara de Muria\u00e9 (localizado na Rua Coronel Domiciano, 26, Centro), instalado ao lado do pr\u00e9dio do Legislativo municipal, com o objetivo de adequar as instala\u00e7\u00f5es da C\u00e2mara, a fim de receber os vereadores eleitos para a 34\u00aa Legislatura. A inciativa visa permitir o crescimento f\u00edsico da C\u00e2mara, que","canonical_url":"https:\/\/anoticiaonline.com.br\/site\/prefeitura-doa-imovel-para-camara-de-muriae-expandir-sua-area-fisica\/","robots":"max-image-preview:large","keywords":"","webmasterTools":{"miscellaneous":""},"schema":{"@context":"https:\/\/schema.org","@graph":[{"@type":"BlogPosting","@id":"https:\/\/anoticiaonline.com.br\/site\/prefeitura-doa-imovel-para-camara-de-muriae-expandir-sua-area-fisica\/#blogposting","name":"Prefeitura doa im\u00f3vel para C\u00e2mara de Muria\u00e9 expandir sua \u00e1rea f\u00edsica - A Not\u00edcia Online","headline":"Prefeitura doa im\u00f3vel para C\u00e2mara de Muria\u00e9 expandir sua \u00e1rea f\u00edsica","author":{"@id":"https:\/\/anoticiaonline.com.br\/site\/author\/juliana\/#author"},"publisher":{"@id":"https:\/\/anoticiaonline.com.br\/site\/#organization"},"image":{"@type":"ImageObject","url":"https:\/\/anoticiaonline.com.br\/site\/wp-content\/uploads\/2016\/11\/Prefeitura-doa-im\u00f3vel-para-C\u00e2mara-de-Muria\u00e9-expandir-sua-\u00e1rea-f\u00edsica.jpg","width":640,"height":508,"caption":"Im\u00f3vel est\u00e1 localizado na Rua Coronel Domiciano, 26, Centro"},"datePublished":"2016-11-21T07:53:58-03:00","dateModified":"2016-11-21T07:53:58-03:00","inLanguage":"pt-BR","mainEntityOfPage":{"@id":"https:\/\/anoticiaonline.com.br\/site\/prefeitura-doa-imovel-para-camara-de-muriae-expandir-sua-area-fisica\/#webpage"},"isPartOf":{"@id":"https:\/\/anoticiaonline.com.br\/site\/prefeitura-doa-imovel-para-camara-de-muriae-expandir-sua-area-fisica\/#webpage"},"articleSection":"Blog, slide"},{"@type":"BreadcrumbList","@id":"https:\/\/anoticiaonline.com.br\/site\/prefeitura-doa-imovel-para-camara-de-muriae-expandir-sua-area-fisica\/#breadcrumblist","itemListElement":[{"@type":"ListItem","@id":"https:\/\/anoticiaonline.com.br\/site#listItem","position":1,"name":"Home","item":"https:\/\/anoticiaonline.com.br\/site","nextItem":{"@type":"ListItem","@id":"https:\/\/anoticiaonline.com.br\/site\/categoria\/muriae\/#listItem","name":"Blog"}},{"@type":"ListItem","@id":"https:\/\/anoticiaonline.com.br\/site\/categoria\/muriae\/#listItem","position":2,"name":"Blog","item":"https:\/\/anoticiaonline.com.br\/site\/categoria\/muriae\/","nextItem":{"@type":"ListItem","@id":"https:\/\/anoticiaonline.com.br\/site\/prefeitura-doa-imovel-para-camara-de-muriae-expandir-sua-area-fisica\/#listItem","name":"Prefeitura doa im\u00f3vel para C\u00e2mara de Muria\u00e9 expandir sua \u00e1rea f\u00edsica"},"previousItem":{"@type":"ListItem","@id":"https:\/\/anoticiaonline.com.br\/site#listItem","name":"Home"}},{"@type":"ListItem","@id":"https:\/\/anoticiaonline.com.br\/site\/prefeitura-doa-imovel-para-camara-de-muriae-expandir-sua-area-fisica\/#listItem","position":3,"name":"Prefeitura doa im\u00f3vel para C\u00e2mara de Muria\u00e9 expandir sua \u00e1rea f\u00edsica","previousItem":{"@type":"ListItem","@id":"https:\/\/anoticiaonline.com.br\/site\/categoria\/muriae\/#listItem","name":"Blog"}}]},{"@type":"Organization","@id":"https:\/\/anoticiaonline.com.br\/site\/#organization","name":"A Not\u00edcia Online","description":"Noticias de Muria\u00e9 e regi\u00e3o","url":"https:\/\/anoticiaonline.com.br\/site\/","logo":{"@type":"ImageObject","url":"https:\/\/scontent-gig4-1.xx.fbcdn.net\/v\/t39.30808-1\/270437624_4564083193639691_6907940295614233970_n.jpg?stp=dst-jpg_s200x200_tt6&_nc_cat=111&ccb=1-7&_nc_sid=f907e8&_nc_ohc=SM1wRlP3lJwQ7kNvwEPuBYA&_nc_oc=AdnqrjDN_BNjSSHWO-GbkIWH6fkGMLw4bqvL_NH6e2wMveX7G-rP2dAqsDSq1mJMOaY&_nc_zt=24&_nc_ht=scontent-gig4-1.xx&_nc_gid=AoBFJeGrT1hVaew_6rchkQ&oh=00_AfX7QmFGhQhG2jAllVgXCiM1ZrWgvtp80-Bfppyexh1QEg&oe=689E923C","@id":"https:\/\/anoticiaonline.com.br\/site\/prefeitura-doa-imovel-para-camara-de-muriae-expandir-sua-area-fisica\/#organizationLogo"},"image":{"@id":"https:\/\/anoticiaonline.com.br\/site\/prefeitura-doa-imovel-para-camara-de-muriae-expandir-sua-area-fisica\/#organizationLogo"}},{"@type":"Person","@id":"https:\/\/anoticiaonline.com.br\/site\/author\/juliana\/#author","url":"https:\/\/anoticiaonline.com.br\/site\/author\/juliana\/","name":"Juliana Laviola","image":{"@type":"ImageObject","@id":"https:\/\/anoticiaonline.com.br\/site\/prefeitura-doa-imovel-para-camara-de-muriae-expandir-sua-area-fisica\/#authorImage","url":"https:\/\/secure.gravatar.com\/avatar\/b8d45f5c699b100dfaf0e543582f38f38bf94cb7ae3a5e9abf8d891a34773335?s=96&d=mm&r=g","width":96,"height":96,"caption":"Juliana Laviola"}},{"@type":"WebPage","@id":"https:\/\/anoticiaonline.com.br\/site\/prefeitura-doa-imovel-para-camara-de-muriae-expandir-sua-area-fisica\/#webpage","url":"https:\/\/anoticiaonline.com.br\/site\/prefeitura-doa-imovel-para-camara-de-muriae-expandir-sua-area-fisica\/","name":"Prefeitura doa im\u00f3vel para C\u00e2mara de Muria\u00e9 expandir sua \u00e1rea f\u00edsica - A Not\u00edcia Online","description":"O Executivo municipal doou um im\u00f3vel \u00e0 C\u00e2mara de Muria\u00e9 (localizado na Rua Coronel Domiciano, 26, Centro), instalado ao lado do pr\u00e9dio do Legislativo municipal, com o objetivo de adequar as instala\u00e7\u00f5es da C\u00e2mara, a fim de receber os vereadores eleitos para a 34\u00aa Legislatura. A inciativa visa permitir o crescimento f\u00edsico da C\u00e2mara, que","inLanguage":"pt-BR","isPartOf":{"@id":"https:\/\/anoticiaonline.com.br\/site\/#website"},"breadcrumb":{"@id":"https:\/\/anoticiaonline.com.br\/site\/prefeitura-doa-imovel-para-camara-de-muriae-expandir-sua-area-fisica\/#breadcrumblist"},"author":{"@id":"https:\/\/anoticiaonline.com.br\/site\/author\/juliana\/#author"},"creator":{"@id":"https:\/\/anoticiaonline.com.br\/site\/author\/juliana\/#author"},"image":{"@type":"ImageObject","url":"https:\/\/anoticiaonline.com.br\/site\/wp-content\/uploads\/2016\/11\/Prefeitura-doa-im\u00f3vel-para-C\u00e2mara-de-Muria\u00e9-expandir-sua-\u00e1rea-f\u00edsica.jpg","@id":"https:\/\/anoticiaonline.com.br\/site\/prefeitura-doa-imovel-para-camara-de-muriae-expandir-sua-area-fisica\/#mainImage","width":640,"height":508,"caption":"Im\u00f3vel est\u00e1 localizado na Rua Coronel Domiciano, 26, Centro"},"primaryImageOfPage":{"@id":"https:\/\/anoticiaonline.com.br\/site\/prefeitura-doa-imovel-para-camara-de-muriae-expandir-sua-area-fisica\/#mainImage"},"datePublished":"2016-11-21T07:53:58-03:00","dateModified":"2016-11-21T07:53:58-03:00"},{"@type":"WebSite","@id":"https:\/\/anoticiaonline.com.br\/site\/#website","url":"https:\/\/anoticiaonline.com.br\/site\/","name":"A Not\u00edcia Online","description":"Noticias de Muria\u00e9 e regi\u00e3o","inLanguage":"pt-BR","publisher":{"@id":"https:\/\/anoticiaonline.com.br\/site\/#organization"}}]},"og:locale":"pt_BR","og:site_name":"A Not\u00edcia Online - Noticias de Muria\u00e9 e regi\u00e3o","og:type":"article","og:title":"Prefeitura doa im\u00f3vel para C\u00e2mara de Muria\u00e9 expandir sua \u00e1rea f\u00edsica - A Not\u00edcia Online","og:description":"O Executivo municipal doou um im\u00f3vel \u00e0 C\u00e2mara de Muria\u00e9 (localizado na Rua Coronel Domiciano, 26, Centro), instalado ao lado do pr\u00e9dio do Legislativo municipal, com o objetivo de adequar as instala\u00e7\u00f5es da C\u00e2mara, a fim de receber os vereadores eleitos para a 34\u00aa Legislatura. A inciativa visa permitir o crescimento f\u00edsico da C\u00e2mara, que","og:url":"https:\/\/anoticiaonline.com.br\/site\/prefeitura-doa-imovel-para-camara-de-muriae-expandir-sua-area-fisica\/","og:image":"https:\/\/scontent-gig4-1.xx.fbcdn.net\/v\/t39.30808-1\/270437624_4564083193639691_6907940295614233970_n.jpg?stp=dst-jpg_s200x200_tt6&#038;_nc_cat=111&#038;ccb=1-7&#038;_nc_sid=f907e8&#038;_nc_ohc=SM1wRlP3lJwQ7kNvwEPuBYA&#038;_nc_oc=AdnqrjDN_BNjSSHWO-GbkIWH6fkGMLw4bqvL_NH6e2wMveX7G-rP2dAqsDSq1mJMOaY&#038;_nc_zt=24&#038;_nc_ht=scontent-gig4-1.xx&#038;_nc_gid=AoBFJeGrT1hVaew_6rchkQ&#038;oh=00_AfX7QmFGhQhG2jAllVgXCiM1ZrWgvtp80-Bfppyexh1QEg&#038;oe=689E923C","og:image:secure_url":"https:\/\/scontent-gig4-1.xx.fbcdn.net\/v\/t39.30808-1\/270437624_4564083193639691_6907940295614233970_n.jpg?stp=dst-jpg_s200x200_tt6&#038;_nc_cat=111&#038;ccb=1-7&#038;_nc_sid=f907e8&#038;_nc_ohc=SM1wRlP3lJwQ7kNvwEPuBYA&#038;_nc_oc=AdnqrjDN_BNjSSHWO-GbkIWH6fkGMLw4bqvL_NH6e2wMveX7G-rP2dAqsDSq1mJMOaY&#038;_nc_zt=24&#038;_nc_ht=scontent-gig4-1.xx&#038;_nc_gid=AoBFJeGrT1hVaew_6rchkQ&#038;oh=00_AfX7QmFGhQhG2jAllVgXCiM1ZrWgvtp80-Bfppyexh1QEg&#038;oe=689E923C","article:published_time":"2016-11-21T10:53:58+00:00","article:modified_time":"2016-11-21T10:53:58+00:00","twitter:card":"summary_large_image","twitter:title":"Prefeitura doa im\u00f3vel para C\u00e2mara de Muria\u00e9 expandir sua \u00e1rea f\u00edsica - A Not\u00edcia Online","twitter:description":"O Executivo municipal doou um im\u00f3vel \u00e0 C\u00e2mara de Muria\u00e9 (localizado na Rua Coronel Domiciano, 26, Centro), instalado ao lado do pr\u00e9dio do Legislativo municipal, com o objetivo de adequar as instala\u00e7\u00f5es da C\u00e2mara, a fim de receber os vereadores eleitos para a 34\u00aa Legislatura. A inciativa visa permitir o crescimento f\u00edsico da C\u00e2mara, que","twitter:image":"https:\/\/scontent-gig4-1.xx.fbcdn.net\/v\/t39.30808-1\/270437624_4564083193639691_6907940295614233970_n.jpg?stp=dst-jpg_s200x200_tt6&_nc_cat=111&ccb=1-7&_nc_sid=f907e8&_nc_ohc=SM1wRlP3lJwQ7kNvwEPuBYA&_nc_oc=AdnqrjDN_BNjSSHWO-GbkIWH6fkGMLw4bqvL_NH6e2wMveX7G-rP2dAqsDSq1mJMOaY&_nc_zt=24&_nc_ht=scontent-gig4-1.xx&_nc_gid=AoBFJeGrT1hVaew_6rchkQ&oh=00_AfX7QmFGhQhG2jAllVgXCiM1ZrWgvtp80-Bfppyexh1QEg&oe=689E923C"},"aioseo_meta_data":{"post_id":"21873","title":null,"description":null,"keywords":null,"keyphrases":null,"primary_term":null,"canonical_url":null,"og_title":null,"og_description":null,"og_object_type":"default","og_image_type":"default","og_image_url":null,"og_image_width":null,"og_image_height":null,"og_image_custom_url":null,"og_image_custom_fields":null,"og_video":null,"og_custom_url":null,"og_article_section":null,"og_article_tags":null,"twitter_use_og":false,"twitter_card":"default","twitter_image_type":"default","twitter_image_url":null,"twitter_image_custom_url":null,"twitter_image_custom_fields":null,"twitter_title":null,"twitter_description":null,"schema":{"blockGraphs":[],"customGraphs":[],"default":{"data":{"Article":[],"Course":[],"Dataset":[],"FAQPage":[],"Movie":[],"Person":[],"Product":[],"ProductReview":[],"Car":[],"Recipe":[],"Service":[],"SoftwareApplication":[],"WebPage":[]},"graphName":"","isEnabled":true},"graphs":[]},"schema_type":"default","schema_type_options":null,"pillar_content":false,"robots_default":true,"robots_noindex":false,"robots_noarchive":false,"robots_nosnippet":false,"robots_nofollow":false,"robots_noimageindex":false,"robots_noodp":false,"robots_notranslate":false,"robots_max_snippet":null,"robots_max_videopreview":null,"robots_max_imagepreview":"large","priority":null,"frequency":null,"local_seo":null,"breadcrumb_settings":null,"limit_modified_date":false,"ai":null,"created":"2025-08-16 17:12:27","updated":"2025-08-16 17:12:27","focus_keyword":null,"additional_keywords":null,"truseo_locale":null,"seo_analyzer_scan_date":null},"aioseo_breadcrumb":"<div class=\"aioseo-breadcrumbs\"><span class=\"aioseo-breadcrumb\">\n\t\t\t<a href=\"https:\/\/anoticiaonline.com.br\/site\" title=\"Home\">Home<\/a>\n\t\t<\/span><span class=\"aioseo-breadcrumb-separator\">&raquo;<\/span><span class=\"aioseo-breadcrumb\">\n\t\t\t<a href=\"https:\/\/anoticiaonline.com.br\/site\/categoria\/muriae\/\" title=\"Blog\">Blog<\/a>\n\t\t<\/span><span class=\"aioseo-breadcrumb-separator\">&raquo;<\/span><span class=\"aioseo-breadcrumb\">\n\t\t\tPrefeitura doa im\u00f3vel para C\u00e2mara de Muria\u00e9 expandir sua \u00e1rea f\u00edsica\n\t\t<\/span><\/div>","aioseo_breadcrumb_json":[{"label":"Home","link":"https:\/\/anoticiaonline.com.br\/site"},{"label":"Blog","link":"https:\/\/anoticiaonline.com.br\/site\/categoria\/muriae\/"},{"label":"Prefeitura doa im\u00f3vel para C\u00e2mara de Muria\u00e9 expandir sua \u00e1rea f\u00edsica","link":"https:\/\/anoticiaonline.com.br\/site\/prefeitura-doa-imovel-para-camara-de-muriae-expandir-sua-area-fisica\/"}],"views":126,"_links":{"self":[{"href":"https:\/\/anoticiaonline.com.br\/site\/wp-json\/wp\/v2\/posts\/21873","targetHints":{"allow":["GET"]}}],"collection":[{"href":"https:\/\/anoticiaonline.com.br\/site\/wp-json\/wp\/v2\/posts"}],"about":[{"href":"https:\/\/anoticiaonline.com.br\/site\/wp-json\/wp\/v2\/types\/post"}],"author":[{"embeddable":true,"href":"https:\/\/anoticiaonline.com.br\/site\/wp-json\/wp\/v2\/users\/2"}],"replies":[{"embeddable":true,"href":"https:\/\/anoticiaonline.com.br\/site\/wp-json\/wp\/v2\/comments?post=21873"}],"version-history":[{"count":0,"href":"https:\/\/anoticiaonline.com.br\/site\/wp-json\/wp\/v2\/posts\/21873\/revisions"}],"wp:featuredmedia":[{"embeddable":true,"href":"https:\/\/anoticiaonline.com.br\/site\/wp-json\/wp\/v2\/media\/21874"}],"wp:attachment":[{"href":"https:\/\/anoticiaonline.com.br\/site\/wp-json\/wp\/v2\/media?parent=21873"}],"wp:term":[{"taxonomy":"category","embeddable":true,"href":"https:\/\/anoticiaonline.com.br\/site\/wp-json\/wp\/v2\/categories?post=21873"},{"taxonomy":"post_tag","embeddable":true,"href":"https:\/\/anoticiaonline.com.br\/site\/wp-json\/wp\/v2\/tags?post=21873"}],"curies":[{"name":"wp","href":"https:\/\/api.w.org\/{rel}","templated":true}]}}