{"id":21871,"date":"2016-11-18T09:16:30","date_gmt":"2016-11-18T12:16:30","guid":{"rendered":"http:\/\/anoticiaonline.com.br\/site\/?p=21871"},"modified":"2016-11-18T09:16:30","modified_gmt":"2016-11-18T12:16:30","slug":"camara-realiza-sessao-extraordinaria-nesta-sexta-feira-para-apreciacao-de-dois-projetos","status":"publish","type":"post","link":"https:\/\/anoticiaonline.com.br\/site\/camara-realiza-sessao-extraordinaria-nesta-sexta-feira-para-apreciacao-de-dois-projetos\/","title":{"rendered":"C\u00e2mara realiza sess\u00e3o extraordin\u00e1ria nesta sexta-feira para aprecia\u00e7\u00e3o de dois projetos"},"content":{"rendered":"<figure id=\"attachment_20272\" aria-describedby=\"caption-attachment-20272\" style=\"width: 290px\" class=\"wp-caption alignleft\"><a href=\"https:\/\/anoticiaonline.com.br\/site\/wp-content\/uploads\/2016\/10\/C\u00e2mara-Municipal-5.jpg\"><img fetchpriority=\"high\" decoding=\"async\" class=\"wp-image-20272 size-medium\" src=\"https:\/\/anoticiaonline.com.br\/site\/wp-content\/uploads\/2016\/10\/C\u00e2mara-Municipal-5-300x181.jpg\" alt=\"camara-municipal-5\" width=\"300\" height=\"181\" srcset=\"https:\/\/anoticiaonline.com.br\/site\/wp-content\/uploads\/2016\/10\/C\u00e2mara-Municipal-5-300x181.jpg 300w, https:\/\/anoticiaonline.com.br\/site\/wp-content\/uploads\/2016\/10\/C\u00e2mara-Municipal-5.jpg 640w\" sizes=\"(max-width: 300px) 100vw, 300px\" \/><\/a><figcaption id=\"caption-attachment-20272\" class=\"wp-caption-text\">Foto: Arquivo C\u00e2mara de Muria\u00e9<\/figcaption><\/figure>\n<p>Como n\u00e3o houve sess\u00e3o ordin\u00e1ria na ter\u00e7a-feira (15), em fun\u00e7\u00e3o do feriado, a C\u00e2mara de Muria\u00e9 vai realizar hoje (17), \u00e0s 14h, uma sess\u00e3o extraordin\u00e1ria. Est\u00e3o em pautas dois projetos do Executivo municipal. O primeiro autorizando a Prefeitura a remanejar cr\u00e9ditos consignados no Or\u00e7amento para Exerc\u00edcio Financeiro de 2016. O segundo autorizando o munic\u00edpio a doar o im\u00f3vel situado na Rua Coronel Domiciano, 26, Centro, para a Casa Legislativa.<\/p>\n<p>O projeto de remanejamento de cr\u00e9ditos consignados no Or\u00e7amento para o Exerc\u00edcio Financeiro de 2016 se refere ao montante de R$ 487.869,90 que estavam previstos para a C\u00e2mara nesta legislatura e que esta Casa n\u00e3o utilizar\u00e1, abrindo m\u00e3o destes cr\u00e9ditos para serem investidos pelo Executivo na educa\u00e7\u00e3o e nas demais \u00e1reas.<\/p>\n<p>J\u00e1 o projeto que autoriza o munic\u00edpio a doar um im\u00f3vel \u00e0 C\u00e2mara de Muria\u00e9 objetiva adequar as instala\u00e7\u00f5es do Poder Legislativo para receber os vereadores eleitos para a 34\u00aa Legislatura. A inciativa visa permitir o crescimento f\u00edsico da C\u00e2mara, a fim de atender a amplia\u00e7\u00e3o do n\u00famero de vereadores (que passou de 11 para 17) e os novos gabinetes.<\/p>\n","protected":false},"excerpt":{"rendered":"<p>Como n\u00e3o houve sess\u00e3o ordin\u00e1ria na ter\u00e7a-feira (15), em fun\u00e7\u00e3o do feriado, a C\u00e2mara de Muria\u00e9 vai realizar hoje (17), \u00e0s 14h, uma sess\u00e3o extraordin\u00e1ria. Est\u00e3o em pautas dois projetos do Executivo municipal. O primeiro autorizando a Prefeitura a remanejar cr\u00e9ditos consignados no Or\u00e7amento para Exerc\u00edcio Financeiro de 2016. O segundo autorizando o munic\u00edpio a &#8230; <a title=\"C\u00e2mara realiza sess\u00e3o extraordin\u00e1ria nesta sexta-feira para aprecia\u00e7\u00e3o de dois projetos\" class=\"read-more\" href=\"https:\/\/anoticiaonline.com.br\/site\/camara-realiza-sessao-extraordinaria-nesta-sexta-feira-para-apreciacao-de-dois-projetos\/\" aria-label=\"Read more about C\u00e2mara realiza sess\u00e3o extraordin\u00e1ria nesta sexta-feira para aprecia\u00e7\u00e3o de dois projetos\">Ler mais<\/a><\/p>\n","protected":false},"author":2,"featured_media":20272,"comment_status":"open","ping_status":"open","sticky":false,"template":"","format":"standard","meta":{"_acf_changed":false,"_monsterinsights_skip_tracking":false,"footnotes":""},"categories":[30],"tags":[3],"class_list":["post-21871","post","type-post","status-publish","format-standard","has-post-thumbnail","hentry","category-muriae","tag-slide"],"acf":[],"aioseo_notices":[],"aioseo_head":"\n\t\t<!-- All in One SEO 5.0.0.1 - aioseo.com -->\n\t<meta name=\"description\" content=\"Como n\u00e3o houve sess\u00e3o ordin\u00e1ria na ter\u00e7a-feira (15), em fun\u00e7\u00e3o do feriado, a C\u00e2mara de Muria\u00e9 vai realizar hoje (17), \u00e0s 14h, uma sess\u00e3o extraordin\u00e1ria. Est\u00e3o em pautas dois projetos do Executivo municipal. O primeiro autorizando a Prefeitura a remanejar cr\u00e9ditos consignados no Or\u00e7amento para Exerc\u00edcio Financeiro de 2016. O segundo autorizando o munic\u00edpio a\" \/>\n\t<meta name=\"robots\" content=\"max-image-preview:large\" \/>\n\t<meta name=\"author\" content=\"Juliana Laviola\"\/>\n\t<link rel=\"canonical\" href=\"https:\/\/anoticiaonline.com.br\/site\/camara-realiza-sessao-extraordinaria-nesta-sexta-feira-para-apreciacao-de-dois-projetos\/\" \/>\n\t<meta name=\"generator\" content=\"All in One SEO (AIOSEO) 5.0.0.1\" \/>\n\t\t<meta property=\"og:locale\" content=\"pt_BR\" \/>\n\t\t<meta property=\"og:site_name\" content=\"A Not\u00edcia Online - Noticias de Muria\u00e9 e regi\u00e3o\" \/>\n\t\t<meta property=\"og:type\" content=\"article\" \/>\n\t\t<meta property=\"og:title\" content=\"C\u00e2mara realiza sess\u00e3o extraordin\u00e1ria nesta sexta-feira para aprecia\u00e7\u00e3o de dois projetos - A Not\u00edcia Online\" \/>\n\t\t<meta property=\"og:description\" content=\"Como n\u00e3o houve sess\u00e3o ordin\u00e1ria na ter\u00e7a-feira (15), em fun\u00e7\u00e3o do feriado, a C\u00e2mara de Muria\u00e9 vai realizar hoje (17), \u00e0s 14h, uma sess\u00e3o extraordin\u00e1ria. Est\u00e3o em pautas dois projetos do Executivo municipal. O primeiro autorizando a Prefeitura a remanejar cr\u00e9ditos consignados no Or\u00e7amento para Exerc\u00edcio Financeiro de 2016. O segundo autorizando o munic\u00edpio a\" \/>\n\t\t<meta property=\"og:url\" content=\"https:\/\/anoticiaonline.com.br\/site\/camara-realiza-sessao-extraordinaria-nesta-sexta-feira-para-apreciacao-de-dois-projetos\/\" \/>\n\t\t<meta property=\"og:image\" content=\"https:\/\/scontent-gig4-1.xx.fbcdn.net\/v\/t39.30808-1\/270437624_4564083193639691_6907940295614233970_n.jpg?stp=dst-jpg_s200x200_tt6&#038;_nc_cat=111&#038;ccb=1-7&#038;_nc_sid=f907e8&#038;_nc_ohc=SM1wRlP3lJwQ7kNvwEPuBYA&#038;_nc_oc=AdnqrjDN_BNjSSHWO-GbkIWH6fkGMLw4bqvL_NH6e2wMveX7G-rP2dAqsDSq1mJMOaY&#038;_nc_zt=24&#038;_nc_ht=scontent-gig4-1.xx&#038;_nc_gid=AoBFJeGrT1hVaew_6rchkQ&#038;oh=00_AfX7QmFGhQhG2jAllVgXCiM1ZrWgvtp80-Bfppyexh1QEg&#038;oe=689E923C\" \/>\n\t\t<meta property=\"og:image:secure_url\" content=\"https:\/\/scontent-gig4-1.xx.fbcdn.net\/v\/t39.30808-1\/270437624_4564083193639691_6907940295614233970_n.jpg?stp=dst-jpg_s200x200_tt6&#038;_nc_cat=111&#038;ccb=1-7&#038;_nc_sid=f907e8&#038;_nc_ohc=SM1wRlP3lJwQ7kNvwEPuBYA&#038;_nc_oc=AdnqrjDN_BNjSSHWO-GbkIWH6fkGMLw4bqvL_NH6e2wMveX7G-rP2dAqsDSq1mJMOaY&#038;_nc_zt=24&#038;_nc_ht=scontent-gig4-1.xx&#038;_nc_gid=AoBFJeGrT1hVaew_6rchkQ&#038;oh=00_AfX7QmFGhQhG2jAllVgXCiM1ZrWgvtp80-Bfppyexh1QEg&#038;oe=689E923C\" \/>\n\t\t<meta property=\"article:published_time\" content=\"2016-11-18T12:16:30+00:00\" \/>\n\t\t<meta property=\"article:modified_time\" content=\"2016-11-18T12:16:30+00:00\" \/>\n\t\t<meta name=\"twitter:card\" content=\"summary_large_image\" \/>\n\t\t<meta name=\"twitter:title\" content=\"C\u00e2mara realiza sess\u00e3o extraordin\u00e1ria nesta sexta-feira para aprecia\u00e7\u00e3o de dois projetos - A Not\u00edcia Online\" \/>\n\t\t<meta name=\"twitter:description\" content=\"Como n\u00e3o houve sess\u00e3o ordin\u00e1ria na ter\u00e7a-feira (15), em fun\u00e7\u00e3o do feriado, a C\u00e2mara de Muria\u00e9 vai realizar hoje (17), \u00e0s 14h, uma sess\u00e3o extraordin\u00e1ria. Est\u00e3o em pautas dois projetos do Executivo municipal. O primeiro autorizando a Prefeitura a remanejar cr\u00e9ditos consignados no Or\u00e7amento para Exerc\u00edcio Financeiro de 2016. O segundo autorizando o munic\u00edpio a\" \/>\n\t\t<meta name=\"twitter:image\" content=\"https:\/\/scontent-gig4-1.xx.fbcdn.net\/v\/t39.30808-1\/270437624_4564083193639691_6907940295614233970_n.jpg?stp=dst-jpg_s200x200_tt6&amp;_nc_cat=111&amp;ccb=1-7&amp;_nc_sid=f907e8&amp;_nc_ohc=SM1wRlP3lJwQ7kNvwEPuBYA&amp;_nc_oc=AdnqrjDN_BNjSSHWO-GbkIWH6fkGMLw4bqvL_NH6e2wMveX7G-rP2dAqsDSq1mJMOaY&amp;_nc_zt=24&amp;_nc_ht=scontent-gig4-1.xx&amp;_nc_gid=AoBFJeGrT1hVaew_6rchkQ&amp;oh=00_AfX7QmFGhQhG2jAllVgXCiM1ZrWgvtp80-Bfppyexh1QEg&amp;oe=689E923C\" \/>\n\t\t<script type=\"application\/ld+json\" class=\"aioseo-schema\">\n\t\t\t{\"@context\":\"https:\\\/\\\/schema.org\",\"@graph\":[{\"@type\":\"BlogPosting\",\"@id\":\"https:\\\/\\\/anoticiaonline.com.br\\\/site\\\/camara-realiza-sessao-extraordinaria-nesta-sexta-feira-para-apreciacao-de-dois-projetos\\\/#blogposting\",\"name\":\"C\\u00e2mara realiza sess\\u00e3o extraordin\\u00e1ria nesta sexta-feira para aprecia\\u00e7\\u00e3o de dois projetos - A Not\\u00edcia Online\",\"headline\":\"C\\u00e2mara realiza sess\\u00e3o extraordin\\u00e1ria nesta sexta-feira para aprecia\\u00e7\\u00e3o de dois projetos\",\"author\":{\"@id\":\"https:\\\/\\\/anoticiaonline.com.br\\\/site\\\/author\\\/juliana\\\/#author\"},\"publisher\":{\"@id\":\"https:\\\/\\\/anoticiaonline.com.br\\\/site\\\/#organization\"},\"image\":{\"@type\":\"ImageObject\",\"url\":\"https:\\\/\\\/anoticiaonline.com.br\\\/site\\\/wp-content\\\/uploads\\\/2016\\\/10\\\/C\\u00e2mara-Municipal-5.jpg\",\"width\":640,\"height\":387},\"datePublished\":\"2016-11-18T09:16:30-03:00\",\"dateModified\":\"2016-11-18T09:16:30-03:00\",\"inLanguage\":\"pt-BR\",\"mainEntityOfPage\":{\"@id\":\"https:\\\/\\\/anoticiaonline.com.br\\\/site\\\/camara-realiza-sessao-extraordinaria-nesta-sexta-feira-para-apreciacao-de-dois-projetos\\\/#webpage\"},\"isPartOf\":{\"@id\":\"https:\\\/\\\/anoticiaonline.com.br\\\/site\\\/camara-realiza-sessao-extraordinaria-nesta-sexta-feira-para-apreciacao-de-dois-projetos\\\/#webpage\"},\"articleSection\":\"Blog, slide\"},{\"@type\":\"BreadcrumbList\",\"@id\":\"https:\\\/\\\/anoticiaonline.com.br\\\/site\\\/camara-realiza-sessao-extraordinaria-nesta-sexta-feira-para-apreciacao-de-dois-projetos\\\/#breadcrumblist\",\"itemListElement\":[{\"@type\":\"ListItem\",\"@id\":\"https:\\\/\\\/anoticiaonline.com.br\\\/site#listItem\",\"position\":1,\"name\":\"Home\",\"item\":\"https:\\\/\\\/anoticiaonline.com.br\\\/site\",\"nextItem\":{\"@type\":\"ListItem\",\"@id\":\"https:\\\/\\\/anoticiaonline.com.br\\\/site\\\/categoria\\\/muriae\\\/#listItem\",\"name\":\"Blog\"}},{\"@type\":\"ListItem\",\"@id\":\"https:\\\/\\\/anoticiaonline.com.br\\\/site\\\/categoria\\\/muriae\\\/#listItem\",\"position\":2,\"name\":\"Blog\",\"item\":\"https:\\\/\\\/anoticiaonline.com.br\\\/site\\\/categoria\\\/muriae\\\/\",\"nextItem\":{\"@type\":\"ListItem\",\"@id\":\"https:\\\/\\\/anoticiaonline.com.br\\\/site\\\/camara-realiza-sessao-extraordinaria-nesta-sexta-feira-para-apreciacao-de-dois-projetos\\\/#listItem\",\"name\":\"C\\u00e2mara realiza sess\\u00e3o extraordin\\u00e1ria nesta sexta-feira para aprecia\\u00e7\\u00e3o de dois projetos\"},\"previousItem\":{\"@type\":\"ListItem\",\"@id\":\"https:\\\/\\\/anoticiaonline.com.br\\\/site#listItem\",\"name\":\"Home\"}},{\"@type\":\"ListItem\",\"@id\":\"https:\\\/\\\/anoticiaonline.com.br\\\/site\\\/camara-realiza-sessao-extraordinaria-nesta-sexta-feira-para-apreciacao-de-dois-projetos\\\/#listItem\",\"position\":3,\"name\":\"C\\u00e2mara realiza sess\\u00e3o extraordin\\u00e1ria nesta sexta-feira para aprecia\\u00e7\\u00e3o de dois projetos\",\"previousItem\":{\"@type\":\"ListItem\",\"@id\":\"https:\\\/\\\/anoticiaonline.com.br\\\/site\\\/categoria\\\/muriae\\\/#listItem\",\"name\":\"Blog\"}}]},{\"@type\":\"Organization\",\"@id\":\"https:\\\/\\\/anoticiaonline.com.br\\\/site\\\/#organization\",\"name\":\"A Not\\u00edcia Online\",\"description\":\"Noticias de Muria\\u00e9 e regi\\u00e3o\",\"url\":\"https:\\\/\\\/anoticiaonline.com.br\\\/site\\\/\",\"logo\":{\"@type\":\"ImageObject\",\"url\":\"https:\\\/\\\/scontent-gig4-1.xx.fbcdn.net\\\/v\\\/t39.30808-1\\\/270437624_4564083193639691_6907940295614233970_n.jpg?stp=dst-jpg_s200x200_tt6&_nc_cat=111&ccb=1-7&_nc_sid=f907e8&_nc_ohc=SM1wRlP3lJwQ7kNvwEPuBYA&_nc_oc=AdnqrjDN_BNjSSHWO-GbkIWH6fkGMLw4bqvL_NH6e2wMveX7G-rP2dAqsDSq1mJMOaY&_nc_zt=24&_nc_ht=scontent-gig4-1.xx&_nc_gid=AoBFJeGrT1hVaew_6rchkQ&oh=00_AfX7QmFGhQhG2jAllVgXCiM1ZrWgvtp80-Bfppyexh1QEg&oe=689E923C\",\"@id\":\"https:\\\/\\\/anoticiaonline.com.br\\\/site\\\/camara-realiza-sessao-extraordinaria-nesta-sexta-feira-para-apreciacao-de-dois-projetos\\\/#organizationLogo\"},\"image\":{\"@id\":\"https:\\\/\\\/anoticiaonline.com.br\\\/site\\\/camara-realiza-sessao-extraordinaria-nesta-sexta-feira-para-apreciacao-de-dois-projetos\\\/#organizationLogo\"}},{\"@type\":\"Person\",\"@id\":\"https:\\\/\\\/anoticiaonline.com.br\\\/site\\\/author\\\/juliana\\\/#author\",\"url\":\"https:\\\/\\\/anoticiaonline.com.br\\\/site\\\/author\\\/juliana\\\/\",\"name\":\"Juliana Laviola\",\"image\":{\"@type\":\"ImageObject\",\"@id\":\"https:\\\/\\\/anoticiaonline.com.br\\\/site\\\/camara-realiza-sessao-extraordinaria-nesta-sexta-feira-para-apreciacao-de-dois-projetos\\\/#authorImage\",\"url\":\"https:\\\/\\\/secure.gravatar.com\\\/avatar\\\/b8d45f5c699b100dfaf0e543582f38f38bf94cb7ae3a5e9abf8d891a34773335?s=96&d=mm&r=g\",\"width\":96,\"height\":96,\"caption\":\"Juliana Laviola\"}},{\"@type\":\"WebPage\",\"@id\":\"https:\\\/\\\/anoticiaonline.com.br\\\/site\\\/camara-realiza-sessao-extraordinaria-nesta-sexta-feira-para-apreciacao-de-dois-projetos\\\/#webpage\",\"url\":\"https:\\\/\\\/anoticiaonline.com.br\\\/site\\\/camara-realiza-sessao-extraordinaria-nesta-sexta-feira-para-apreciacao-de-dois-projetos\\\/\",\"name\":\"C\\u00e2mara realiza sess\\u00e3o extraordin\\u00e1ria nesta sexta-feira para aprecia\\u00e7\\u00e3o de dois projetos - A Not\\u00edcia Online\",\"description\":\"Como n\\u00e3o houve sess\\u00e3o ordin\\u00e1ria na ter\\u00e7a-feira (15), em fun\\u00e7\\u00e3o do feriado, a C\\u00e2mara de Muria\\u00e9 vai realizar hoje (17), \\u00e0s 14h, uma sess\\u00e3o extraordin\\u00e1ria. Est\\u00e3o em pautas dois projetos do Executivo municipal. O primeiro autorizando a Prefeitura a remanejar cr\\u00e9ditos consignados no Or\\u00e7amento para Exerc\\u00edcio Financeiro de 2016. O segundo autorizando o munic\\u00edpio a\",\"inLanguage\":\"pt-BR\",\"isPartOf\":{\"@id\":\"https:\\\/\\\/anoticiaonline.com.br\\\/site\\\/#website\"},\"breadcrumb\":{\"@id\":\"https:\\\/\\\/anoticiaonline.com.br\\\/site\\\/camara-realiza-sessao-extraordinaria-nesta-sexta-feira-para-apreciacao-de-dois-projetos\\\/#breadcrumblist\"},\"author\":{\"@id\":\"https:\\\/\\\/anoticiaonline.com.br\\\/site\\\/author\\\/juliana\\\/#author\"},\"creator\":{\"@id\":\"https:\\\/\\\/anoticiaonline.com.br\\\/site\\\/author\\\/juliana\\\/#author\"},\"image\":{\"@type\":\"ImageObject\",\"url\":\"https:\\\/\\\/anoticiaonline.com.br\\\/site\\\/wp-content\\\/uploads\\\/2016\\\/10\\\/C\\u00e2mara-Municipal-5.jpg\",\"@id\":\"https:\\\/\\\/anoticiaonline.com.br\\\/site\\\/camara-realiza-sessao-extraordinaria-nesta-sexta-feira-para-apreciacao-de-dois-projetos\\\/#mainImage\",\"width\":640,\"height\":387},\"primaryImageOfPage\":{\"@id\":\"https:\\\/\\\/anoticiaonline.com.br\\\/site\\\/camara-realiza-sessao-extraordinaria-nesta-sexta-feira-para-apreciacao-de-dois-projetos\\\/#mainImage\"},\"datePublished\":\"2016-11-18T09:16:30-03:00\",\"dateModified\":\"2016-11-18T09:16:30-03:00\"},{\"@type\":\"WebSite\",\"@id\":\"https:\\\/\\\/anoticiaonline.com.br\\\/site\\\/#website\",\"url\":\"https:\\\/\\\/anoticiaonline.com.br\\\/site\\\/\",\"name\":\"A Not\\u00edcia Online\",\"description\":\"Noticias de Muria\\u00e9 e regi\\u00e3o\",\"inLanguage\":\"pt-BR\",\"publisher\":{\"@id\":\"https:\\\/\\\/anoticiaonline.com.br\\\/site\\\/#organization\"}}]}\n\t\t<\/script>\n\t\t<!-- All in One SEO -->\n\n","aioseo_head_json":{"title":"C\u00e2mara realiza sess\u00e3o extraordin\u00e1ria nesta sexta-feira para aprecia\u00e7\u00e3o de dois projetos - A Not\u00edcia Online","description":"Como n\u00e3o houve sess\u00e3o ordin\u00e1ria na ter\u00e7a-feira (15), em fun\u00e7\u00e3o do feriado, a C\u00e2mara de Muria\u00e9 vai realizar hoje (17), \u00e0s 14h, uma sess\u00e3o extraordin\u00e1ria. Est\u00e3o em pautas dois projetos do Executivo municipal. O primeiro autorizando a Prefeitura a remanejar cr\u00e9ditos consignados no Or\u00e7amento para Exerc\u00edcio Financeiro de 2016. O segundo autorizando o munic\u00edpio a","canonical_url":"https:\/\/anoticiaonline.com.br\/site\/camara-realiza-sessao-extraordinaria-nesta-sexta-feira-para-apreciacao-de-dois-projetos\/","robots":"max-image-preview:large","keywords":"","webmasterTools":{"miscellaneous":""},"schema":{"@context":"https:\/\/schema.org","@graph":[{"@type":"BlogPosting","@id":"https:\/\/anoticiaonline.com.br\/site\/camara-realiza-sessao-extraordinaria-nesta-sexta-feira-para-apreciacao-de-dois-projetos\/#blogposting","name":"C\u00e2mara realiza sess\u00e3o extraordin\u00e1ria nesta sexta-feira para aprecia\u00e7\u00e3o de dois projetos - A Not\u00edcia Online","headline":"C\u00e2mara realiza sess\u00e3o extraordin\u00e1ria nesta sexta-feira para aprecia\u00e7\u00e3o de dois projetos","author":{"@id":"https:\/\/anoticiaonline.com.br\/site\/author\/juliana\/#author"},"publisher":{"@id":"https:\/\/anoticiaonline.com.br\/site\/#organization"},"image":{"@type":"ImageObject","url":"https:\/\/anoticiaonline.com.br\/site\/wp-content\/uploads\/2016\/10\/C\u00e2mara-Municipal-5.jpg","width":640,"height":387},"datePublished":"2016-11-18T09:16:30-03:00","dateModified":"2016-11-18T09:16:30-03:00","inLanguage":"pt-BR","mainEntityOfPage":{"@id":"https:\/\/anoticiaonline.com.br\/site\/camara-realiza-sessao-extraordinaria-nesta-sexta-feira-para-apreciacao-de-dois-projetos\/#webpage"},"isPartOf":{"@id":"https:\/\/anoticiaonline.com.br\/site\/camara-realiza-sessao-extraordinaria-nesta-sexta-feira-para-apreciacao-de-dois-projetos\/#webpage"},"articleSection":"Blog, slide"},{"@type":"BreadcrumbList","@id":"https:\/\/anoticiaonline.com.br\/site\/camara-realiza-sessao-extraordinaria-nesta-sexta-feira-para-apreciacao-de-dois-projetos\/#breadcrumblist","itemListElement":[{"@type":"ListItem","@id":"https:\/\/anoticiaonline.com.br\/site#listItem","position":1,"name":"Home","item":"https:\/\/anoticiaonline.com.br\/site","nextItem":{"@type":"ListItem","@id":"https:\/\/anoticiaonline.com.br\/site\/categoria\/muriae\/#listItem","name":"Blog"}},{"@type":"ListItem","@id":"https:\/\/anoticiaonline.com.br\/site\/categoria\/muriae\/#listItem","position":2,"name":"Blog","item":"https:\/\/anoticiaonline.com.br\/site\/categoria\/muriae\/","nextItem":{"@type":"ListItem","@id":"https:\/\/anoticiaonline.com.br\/site\/camara-realiza-sessao-extraordinaria-nesta-sexta-feira-para-apreciacao-de-dois-projetos\/#listItem","name":"C\u00e2mara realiza sess\u00e3o extraordin\u00e1ria nesta sexta-feira para aprecia\u00e7\u00e3o de dois projetos"},"previousItem":{"@type":"ListItem","@id":"https:\/\/anoticiaonline.com.br\/site#listItem","name":"Home"}},{"@type":"ListItem","@id":"https:\/\/anoticiaonline.com.br\/site\/camara-realiza-sessao-extraordinaria-nesta-sexta-feira-para-apreciacao-de-dois-projetos\/#listItem","position":3,"name":"C\u00e2mara realiza sess\u00e3o extraordin\u00e1ria nesta sexta-feira para aprecia\u00e7\u00e3o de dois projetos","previousItem":{"@type":"ListItem","@id":"https:\/\/anoticiaonline.com.br\/site\/categoria\/muriae\/#listItem","name":"Blog"}}]},{"@type":"Organization","@id":"https:\/\/anoticiaonline.com.br\/site\/#organization","name":"A Not\u00edcia Online","description":"Noticias de Muria\u00e9 e regi\u00e3o","url":"https:\/\/anoticiaonline.com.br\/site\/","logo":{"@type":"ImageObject","url":"https:\/\/scontent-gig4-1.xx.fbcdn.net\/v\/t39.30808-1\/270437624_4564083193639691_6907940295614233970_n.jpg?stp=dst-jpg_s200x200_tt6&_nc_cat=111&ccb=1-7&_nc_sid=f907e8&_nc_ohc=SM1wRlP3lJwQ7kNvwEPuBYA&_nc_oc=AdnqrjDN_BNjSSHWO-GbkIWH6fkGMLw4bqvL_NH6e2wMveX7G-rP2dAqsDSq1mJMOaY&_nc_zt=24&_nc_ht=scontent-gig4-1.xx&_nc_gid=AoBFJeGrT1hVaew_6rchkQ&oh=00_AfX7QmFGhQhG2jAllVgXCiM1ZrWgvtp80-Bfppyexh1QEg&oe=689E923C","@id":"https:\/\/anoticiaonline.com.br\/site\/camara-realiza-sessao-extraordinaria-nesta-sexta-feira-para-apreciacao-de-dois-projetos\/#organizationLogo"},"image":{"@id":"https:\/\/anoticiaonline.com.br\/site\/camara-realiza-sessao-extraordinaria-nesta-sexta-feira-para-apreciacao-de-dois-projetos\/#organizationLogo"}},{"@type":"Person","@id":"https:\/\/anoticiaonline.com.br\/site\/author\/juliana\/#author","url":"https:\/\/anoticiaonline.com.br\/site\/author\/juliana\/","name":"Juliana Laviola","image":{"@type":"ImageObject","@id":"https:\/\/anoticiaonline.com.br\/site\/camara-realiza-sessao-extraordinaria-nesta-sexta-feira-para-apreciacao-de-dois-projetos\/#authorImage","url":"https:\/\/secure.gravatar.com\/avatar\/b8d45f5c699b100dfaf0e543582f38f38bf94cb7ae3a5e9abf8d891a34773335?s=96&d=mm&r=g","width":96,"height":96,"caption":"Juliana Laviola"}},{"@type":"WebPage","@id":"https:\/\/anoticiaonline.com.br\/site\/camara-realiza-sessao-extraordinaria-nesta-sexta-feira-para-apreciacao-de-dois-projetos\/#webpage","url":"https:\/\/anoticiaonline.com.br\/site\/camara-realiza-sessao-extraordinaria-nesta-sexta-feira-para-apreciacao-de-dois-projetos\/","name":"C\u00e2mara realiza sess\u00e3o extraordin\u00e1ria nesta sexta-feira para aprecia\u00e7\u00e3o de dois projetos - A Not\u00edcia Online","description":"Como n\u00e3o houve sess\u00e3o ordin\u00e1ria na ter\u00e7a-feira (15), em fun\u00e7\u00e3o do feriado, a C\u00e2mara de Muria\u00e9 vai realizar hoje (17), \u00e0s 14h, uma sess\u00e3o extraordin\u00e1ria. Est\u00e3o em pautas dois projetos do Executivo municipal. O primeiro autorizando a Prefeitura a remanejar cr\u00e9ditos consignados no Or\u00e7amento para Exerc\u00edcio Financeiro de 2016. O segundo autorizando o munic\u00edpio a","inLanguage":"pt-BR","isPartOf":{"@id":"https:\/\/anoticiaonline.com.br\/site\/#website"},"breadcrumb":{"@id":"https:\/\/anoticiaonline.com.br\/site\/camara-realiza-sessao-extraordinaria-nesta-sexta-feira-para-apreciacao-de-dois-projetos\/#breadcrumblist"},"author":{"@id":"https:\/\/anoticiaonline.com.br\/site\/author\/juliana\/#author"},"creator":{"@id":"https:\/\/anoticiaonline.com.br\/site\/author\/juliana\/#author"},"image":{"@type":"ImageObject","url":"https:\/\/anoticiaonline.com.br\/site\/wp-content\/uploads\/2016\/10\/C\u00e2mara-Municipal-5.jpg","@id":"https:\/\/anoticiaonline.com.br\/site\/camara-realiza-sessao-extraordinaria-nesta-sexta-feira-para-apreciacao-de-dois-projetos\/#mainImage","width":640,"height":387},"primaryImageOfPage":{"@id":"https:\/\/anoticiaonline.com.br\/site\/camara-realiza-sessao-extraordinaria-nesta-sexta-feira-para-apreciacao-de-dois-projetos\/#mainImage"},"datePublished":"2016-11-18T09:16:30-03:00","dateModified":"2016-11-18T09:16:30-03:00"},{"@type":"WebSite","@id":"https:\/\/anoticiaonline.com.br\/site\/#website","url":"https:\/\/anoticiaonline.com.br\/site\/","name":"A Not\u00edcia Online","description":"Noticias de Muria\u00e9 e regi\u00e3o","inLanguage":"pt-BR","publisher":{"@id":"https:\/\/anoticiaonline.com.br\/site\/#organization"}}]},"og:locale":"pt_BR","og:site_name":"A Not\u00edcia Online - Noticias de Muria\u00e9 e regi\u00e3o","og:type":"article","og:title":"C\u00e2mara realiza sess\u00e3o extraordin\u00e1ria nesta sexta-feira para aprecia\u00e7\u00e3o de dois projetos - A Not\u00edcia Online","og:description":"Como n\u00e3o houve sess\u00e3o ordin\u00e1ria na ter\u00e7a-feira (15), em fun\u00e7\u00e3o do feriado, a C\u00e2mara de Muria\u00e9 vai realizar hoje (17), \u00e0s 14h, uma sess\u00e3o extraordin\u00e1ria. Est\u00e3o em pautas dois projetos do Executivo municipal. O primeiro autorizando a Prefeitura a remanejar cr\u00e9ditos consignados no Or\u00e7amento para Exerc\u00edcio Financeiro de 2016. O segundo autorizando o munic\u00edpio a","og:url":"https:\/\/anoticiaonline.com.br\/site\/camara-realiza-sessao-extraordinaria-nesta-sexta-feira-para-apreciacao-de-dois-projetos\/","og:image":"https:\/\/scontent-gig4-1.xx.fbcdn.net\/v\/t39.30808-1\/270437624_4564083193639691_6907940295614233970_n.jpg?stp=dst-jpg_s200x200_tt6&#038;_nc_cat=111&#038;ccb=1-7&#038;_nc_sid=f907e8&#038;_nc_ohc=SM1wRlP3lJwQ7kNvwEPuBYA&#038;_nc_oc=AdnqrjDN_BNjSSHWO-GbkIWH6fkGMLw4bqvL_NH6e2wMveX7G-rP2dAqsDSq1mJMOaY&#038;_nc_zt=24&#038;_nc_ht=scontent-gig4-1.xx&#038;_nc_gid=AoBFJeGrT1hVaew_6rchkQ&#038;oh=00_AfX7QmFGhQhG2jAllVgXCiM1ZrWgvtp80-Bfppyexh1QEg&#038;oe=689E923C","og:image:secure_url":"https:\/\/scontent-gig4-1.xx.fbcdn.net\/v\/t39.30808-1\/270437624_4564083193639691_6907940295614233970_n.jpg?stp=dst-jpg_s200x200_tt6&#038;_nc_cat=111&#038;ccb=1-7&#038;_nc_sid=f907e8&#038;_nc_ohc=SM1wRlP3lJwQ7kNvwEPuBYA&#038;_nc_oc=AdnqrjDN_BNjSSHWO-GbkIWH6fkGMLw4bqvL_NH6e2wMveX7G-rP2dAqsDSq1mJMOaY&#038;_nc_zt=24&#038;_nc_ht=scontent-gig4-1.xx&#038;_nc_gid=AoBFJeGrT1hVaew_6rchkQ&#038;oh=00_AfX7QmFGhQhG2jAllVgXCiM1ZrWgvtp80-Bfppyexh1QEg&#038;oe=689E923C","article:published_time":"2016-11-18T12:16:30+00:00","article:modified_time":"2016-11-18T12:16:30+00:00","twitter:card":"summary_large_image","twitter:title":"C\u00e2mara realiza sess\u00e3o extraordin\u00e1ria nesta sexta-feira para aprecia\u00e7\u00e3o de dois projetos - A Not\u00edcia Online","twitter:description":"Como n\u00e3o houve sess\u00e3o ordin\u00e1ria na ter\u00e7a-feira (15), em fun\u00e7\u00e3o do feriado, a C\u00e2mara de Muria\u00e9 vai realizar hoje (17), \u00e0s 14h, uma sess\u00e3o extraordin\u00e1ria. Est\u00e3o em pautas dois projetos do Executivo municipal. O primeiro autorizando a Prefeitura a remanejar cr\u00e9ditos consignados no Or\u00e7amento para Exerc\u00edcio Financeiro de 2016. O segundo autorizando o munic\u00edpio a","twitter:image":"https:\/\/scontent-gig4-1.xx.fbcdn.net\/v\/t39.30808-1\/270437624_4564083193639691_6907940295614233970_n.jpg?stp=dst-jpg_s200x200_tt6&_nc_cat=111&ccb=1-7&_nc_sid=f907e8&_nc_ohc=SM1wRlP3lJwQ7kNvwEPuBYA&_nc_oc=AdnqrjDN_BNjSSHWO-GbkIWH6fkGMLw4bqvL_NH6e2wMveX7G-rP2dAqsDSq1mJMOaY&_nc_zt=24&_nc_ht=scontent-gig4-1.xx&_nc_gid=AoBFJeGrT1hVaew_6rchkQ&oh=00_AfX7QmFGhQhG2jAllVgXCiM1ZrWgvtp80-Bfppyexh1QEg&oe=689E923C"},"aioseo_meta_data":{"post_id":"21871","title":null,"description":null,"keywords":null,"keyphrases":null,"primary_term":null,"canonical_url":null,"og_title":null,"og_description":null,"og_object_type":"default","og_image_type":"default","og_image_url":null,"og_image_width":null,"og_image_height":null,"og_image_custom_url":null,"og_image_custom_fields":null,"og_video":null,"og_custom_url":null,"og_article_section":null,"og_article_tags":null,"twitter_use_og":false,"twitter_card":"default","twitter_image_type":"default","twitter_image_url":null,"twitter_image_custom_url":null,"twitter_image_custom_fields":null,"twitter_title":null,"twitter_description":null,"schema":{"blockGraphs":[],"customGraphs":[],"default":{"data":{"Article":[],"Course":[],"Dataset":[],"FAQPage":[],"Movie":[],"Person":[],"Product":[],"ProductReview":[],"Car":[],"Recipe":[],"Service":[],"SoftwareApplication":[],"WebPage":[]},"graphName":"","isEnabled":true},"graphs":[]},"schema_type":"default","schema_type_options":null,"pillar_content":false,"robots_default":true,"robots_noindex":false,"robots_noarchive":false,"robots_nosnippet":false,"robots_nofollow":false,"robots_noimageindex":false,"robots_noodp":false,"robots_notranslate":false,"robots_max_snippet":null,"robots_max_videopreview":null,"robots_max_imagepreview":"large","priority":null,"frequency":null,"local_seo":null,"breadcrumb_settings":null,"limit_modified_date":false,"ai":null,"created":"2025-08-16 17:12:27","updated":"2025-08-16 17:12:27","focus_keyword":null,"additional_keywords":null,"truseo_locale":null,"seo_analyzer_scan_date":null},"aioseo_breadcrumb":"<div class=\"aioseo-breadcrumbs\"><span class=\"aioseo-breadcrumb\">\n\t\t\t<a href=\"https:\/\/anoticiaonline.com.br\/site\" title=\"Home\">Home<\/a>\n\t\t<\/span><span class=\"aioseo-breadcrumb-separator\">&raquo;<\/span><span class=\"aioseo-breadcrumb\">\n\t\t\t<a href=\"https:\/\/anoticiaonline.com.br\/site\/categoria\/muriae\/\" title=\"Blog\">Blog<\/a>\n\t\t<\/span><span class=\"aioseo-breadcrumb-separator\">&raquo;<\/span><span class=\"aioseo-breadcrumb\">\n\t\t\tC\u00e2mara realiza sess\u00e3o extraordin\u00e1ria nesta sexta-feira para aprecia\u00e7\u00e3o de dois projetos\n\t\t<\/span><\/div>","aioseo_breadcrumb_json":[{"label":"Home","link":"https:\/\/anoticiaonline.com.br\/site"},{"label":"Blog","link":"https:\/\/anoticiaonline.com.br\/site\/categoria\/muriae\/"},{"label":"C\u00e2mara realiza sess\u00e3o extraordin\u00e1ria nesta sexta-feira para aprecia\u00e7\u00e3o de dois projetos","link":"https:\/\/anoticiaonline.com.br\/site\/camara-realiza-sessao-extraordinaria-nesta-sexta-feira-para-apreciacao-de-dois-projetos\/"}],"views":148,"_links":{"self":[{"href":"https:\/\/anoticiaonline.com.br\/site\/wp-json\/wp\/v2\/posts\/21871","targetHints":{"allow":["GET"]}}],"collection":[{"href":"https:\/\/anoticiaonline.com.br\/site\/wp-json\/wp\/v2\/posts"}],"about":[{"href":"https:\/\/anoticiaonline.com.br\/site\/wp-json\/wp\/v2\/types\/post"}],"author":[{"embeddable":true,"href":"https:\/\/anoticiaonline.com.br\/site\/wp-json\/wp\/v2\/users\/2"}],"replies":[{"embeddable":true,"href":"https:\/\/anoticiaonline.com.br\/site\/wp-json\/wp\/v2\/comments?post=21871"}],"version-history":[{"count":0,"href":"https:\/\/anoticiaonline.com.br\/site\/wp-json\/wp\/v2\/posts\/21871\/revisions"}],"wp:featuredmedia":[{"embeddable":true,"href":"https:\/\/anoticiaonline.com.br\/site\/wp-json\/wp\/v2\/media\/20272"}],"wp:attachment":[{"href":"https:\/\/anoticiaonline.com.br\/site\/wp-json\/wp\/v2\/media?parent=21871"}],"wp:term":[{"taxonomy":"category","embeddable":true,"href":"https:\/\/anoticiaonline.com.br\/site\/wp-json\/wp\/v2\/categories?post=21871"},{"taxonomy":"post_tag","embeddable":true,"href":"https:\/\/anoticiaonline.com.br\/site\/wp-json\/wp\/v2\/tags?post=21871"}],"curies":[{"name":"wp","href":"https:\/\/api.w.org\/{rel}","templated":true}]}}