{"id":21867,"date":"2016-11-17T19:11:47","date_gmt":"2016-11-17T22:11:47","guid":{"rendered":"http:\/\/anoticiaonline.com.br\/site\/?p=21867"},"modified":"2016-11-17T19:11:47","modified_gmt":"2016-11-17T22:11:47","slug":"o-homem-esse-complexo-racionalizador","status":"publish","type":"post","link":"https:\/\/anoticiaonline.com.br\/site\/o-homem-esse-complexo-racionalizador\/","title":{"rendered":"O homem, esse complexo racionalizador"},"content":{"rendered":"<p>Prot\u00e1goras n\u00e3o estava errado quando afirmou, cinco s\u00e9culos antes de Cristo, que \u201co homem \u00e9 a medida de todas as coisas\u201d e \u00e9 justamente por ser o homem o condutor das suas pr\u00e1ticas e das pr\u00e1ticas do mundo que os conceitos mudam ao sabor da sua vontade. A pe\u00e7a existencial ser\u00e1 sempre um enredo escrito a l\u00e1pis, sempre um rascunho jamais pronto para a edi\u00e7\u00e3o final. Uma sorte para a humanidade (j\u00e1 pensaram se as besteiras feitas pela dupla Lula\/Dilma n\u00e3o pudessem ser consertadas ?).<\/p>\n<p>A cada minuto ou segundo da nossa vida somos um ser diferente, e diferente tamb\u00e9m \u00e9 a vis\u00e3o que teremos do mundo que nos cerca, pois vemos a cada instante com olhar diferente a realidade. Fazemos sempre novas releituras do mundo, ajustando nossos conceitos e preconceitos a novas conjeturas. Ali\u00e1s, a conjetura \u00e9 a verdade poss\u00edvel ou, pelo menos, o instrumento mais h\u00e1bil para a emiss\u00e3o de um ju\u00edzo na aus\u00eancia da verdade l\u00f3gica.<\/p>\n<p>Eu sempre gostei de escrever com caneta-tinteiro e usava sempre a tinta Parker Quink Permanente. N\u00e3o gostava da tinta lav\u00e1vel. Mas no fundo, eu sabia que apenas a escrita podia ser permanente, mas os conceitos que eu expressava atrav\u00e9s dela seriam passageiros e mudariam com o tempo, como as nuvens. Por isso o drama do homem em escolher a rota em meio a tantas d\u00favidas. Ainda que n\u00e3o tivesse uma certeza plena, j\u00e1 desconfiava em minha adolesc\u00eancia, que a exist\u00eancia era uma sucess\u00e3o de mudan\u00e7as de conceitos, um vir-a-ser de perspectivas que se sucedem do nascimento \u00e0 morte e deveriam ser escritos a l\u00e1pis, pois nada \u00e9 permanente na vida e isento \u00e0 tenta\u00e7\u00e3o de uma borracha.<\/p>\n<p>Para J. P. Sartre, a maior express\u00e3o da filosofia existencialista, a ang\u00fastia do homem reside justamente na obrigatoriedade e responsabilidade de escolher. N\u00e3o basta apenas a obrigatoriedade da escolha que somos for\u00e7ados a cada instante da nossa vida, o que nos atribula o esp\u00edrito \u00e9 a responsabilidade dessa escolha e a incerteza ao faz\u00ea-la.<\/p>\n<p>Grande parte da humanidade passa pela vida sem meditar nisso, exercitando mecanicamente a exist\u00eancia. Para aquietarem o esp\u00edrito em momentos de afli\u00e7\u00e3o utilizam-se da f\u00e9 como f\u00e1rmaco espiritual para a ang\u00fastia. Os irracionais, diferentemente dos humanos, n\u00e3o t\u00eam esse problema: comem, dormem e se multiplicam obedientes \u00e0 sua irracionalidade e puro instinto de preserva\u00e7\u00e3o da vida. Mas tamb\u00e9m n\u00e3o sonham os sonhos dos homens.<\/p>\n<p>Talvez o mundo tenha sido feito mesmo apenas para o nosso uso e gozo, para desfrutarmos de seus prazeres e del\u00edcias nos momentos de tr\u00e9gua das ang\u00fastias e dos sofrimentos f\u00edsicos. Talvez a vida tenha sido feita apenas para ser vivida em toda a sua intensidade e n\u00e3o para ser analisada, dissecada e conceituada dentro de princ\u00edpios metaf\u00edsicos. Mas o medo da morte ou de alguma inst\u00e2ncia que possa existir depois da morte atribula o esp\u00edrito do homem e o lan\u00e7a nessa busca por respostas. \u00c9 claro que ir\u00e1 morrer com essa d\u00favida, mas a mesma d\u00favida lhe oferece o consolo: \u201cE se&#8230;?\u201d.<\/p>\n","protected":false},"excerpt":{"rendered":"<p>Prot\u00e1goras n\u00e3o estava errado quando afirmou, cinco s\u00e9culos antes de Cristo, que \u201co homem \u00e9 a medida de todas as coisas\u201d e \u00e9 justamente por ser o homem o condutor das suas pr\u00e1ticas e das pr\u00e1ticas do mundo que os conceitos mudam ao sabor da sua vontade. A pe\u00e7a existencial ser\u00e1 sempre um enredo escrito &#8230; <a title=\"O homem, esse complexo racionalizador\" class=\"read-more\" href=\"https:\/\/anoticiaonline.com.br\/site\/o-homem-esse-complexo-racionalizador\/\" aria-label=\"Read more about O homem, esse complexo racionalizador\">Ler mais<\/a><\/p>\n","protected":false},"author":2,"featured_media":0,"comment_status":"open","ping_status":"open","sticky":false,"template":"","format":"standard","meta":{"_acf_changed":false,"_monsterinsights_skip_tracking":false,"footnotes":""},"categories":[36],"tags":[],"class_list":["post-21867","post","type-post","status-publish","format-standard","hentry","category-logos-adellunar-marge"],"acf":[],"aioseo_notices":[],"aioseo_head":"\n\t\t<!-- All in One SEO 5.0.0.1 - aioseo.com -->\n\t<meta name=\"description\" content=\"Prot\u00e1goras n\u00e3o estava errado quando afirmou, cinco s\u00e9culos antes de Cristo, que \u201co homem \u00e9 a medida de todas as coisas\u201d e \u00e9 justamente por ser o homem o condutor das suas pr\u00e1ticas e das pr\u00e1ticas do mundo que os conceitos mudam ao sabor da sua vontade. A pe\u00e7a existencial ser\u00e1 sempre um enredo escrito\" \/>\n\t<meta name=\"robots\" content=\"max-image-preview:large\" \/>\n\t<meta name=\"author\" content=\"Juliana Laviola\"\/>\n\t<link rel=\"canonical\" href=\"https:\/\/anoticiaonline.com.br\/site\/o-homem-esse-complexo-racionalizador\/\" \/>\n\t<meta name=\"generator\" content=\"All in One SEO (AIOSEO) 5.0.0.1\" \/>\n\t\t<meta property=\"og:locale\" content=\"pt_BR\" \/>\n\t\t<meta property=\"og:site_name\" content=\"A Not\u00edcia Online - Noticias de Muria\u00e9 e regi\u00e3o\" \/>\n\t\t<meta property=\"og:type\" content=\"article\" \/>\n\t\t<meta property=\"og:title\" content=\"O homem, esse complexo racionalizador - A Not\u00edcia Online\" \/>\n\t\t<meta property=\"og:description\" content=\"Prot\u00e1goras n\u00e3o estava errado quando afirmou, cinco s\u00e9culos antes de Cristo, que \u201co homem \u00e9 a medida de todas as coisas\u201d e \u00e9 justamente por ser o homem o condutor das suas pr\u00e1ticas e das pr\u00e1ticas do mundo que os conceitos mudam ao sabor da sua vontade. A pe\u00e7a existencial ser\u00e1 sempre um enredo escrito\" \/>\n\t\t<meta property=\"og:url\" content=\"https:\/\/anoticiaonline.com.br\/site\/o-homem-esse-complexo-racionalizador\/\" \/>\n\t\t<meta property=\"og:image\" content=\"https:\/\/scontent-gig4-1.xx.fbcdn.net\/v\/t39.30808-1\/270437624_4564083193639691_6907940295614233970_n.jpg?stp=dst-jpg_s200x200_tt6&#038;_nc_cat=111&#038;ccb=1-7&#038;_nc_sid=f907e8&#038;_nc_ohc=SM1wRlP3lJwQ7kNvwEPuBYA&#038;_nc_oc=AdnqrjDN_BNjSSHWO-GbkIWH6fkGMLw4bqvL_NH6e2wMveX7G-rP2dAqsDSq1mJMOaY&#038;_nc_zt=24&#038;_nc_ht=scontent-gig4-1.xx&#038;_nc_gid=AoBFJeGrT1hVaew_6rchkQ&#038;oh=00_AfX7QmFGhQhG2jAllVgXCiM1ZrWgvtp80-Bfppyexh1QEg&#038;oe=689E923C\" \/>\n\t\t<meta property=\"og:image:secure_url\" content=\"https:\/\/scontent-gig4-1.xx.fbcdn.net\/v\/t39.30808-1\/270437624_4564083193639691_6907940295614233970_n.jpg?stp=dst-jpg_s200x200_tt6&#038;_nc_cat=111&#038;ccb=1-7&#038;_nc_sid=f907e8&#038;_nc_ohc=SM1wRlP3lJwQ7kNvwEPuBYA&#038;_nc_oc=AdnqrjDN_BNjSSHWO-GbkIWH6fkGMLw4bqvL_NH6e2wMveX7G-rP2dAqsDSq1mJMOaY&#038;_nc_zt=24&#038;_nc_ht=scontent-gig4-1.xx&#038;_nc_gid=AoBFJeGrT1hVaew_6rchkQ&#038;oh=00_AfX7QmFGhQhG2jAllVgXCiM1ZrWgvtp80-Bfppyexh1QEg&#038;oe=689E923C\" \/>\n\t\t<meta property=\"article:published_time\" content=\"2016-11-17T22:11:47+00:00\" \/>\n\t\t<meta property=\"article:modified_time\" content=\"2016-11-17T22:11:47+00:00\" \/>\n\t\t<meta name=\"twitter:card\" content=\"summary_large_image\" \/>\n\t\t<meta name=\"twitter:title\" content=\"O homem, esse complexo racionalizador - A Not\u00edcia Online\" \/>\n\t\t<meta name=\"twitter:description\" content=\"Prot\u00e1goras n\u00e3o estava errado quando afirmou, cinco s\u00e9culos antes de Cristo, que \u201co homem \u00e9 a medida de todas as coisas\u201d e \u00e9 justamente por ser o homem o condutor das suas pr\u00e1ticas e das pr\u00e1ticas do mundo que os conceitos mudam ao sabor da sua vontade. A pe\u00e7a existencial ser\u00e1 sempre um enredo escrito\" \/>\n\t\t<meta name=\"twitter:image\" content=\"https:\/\/scontent-gig4-1.xx.fbcdn.net\/v\/t39.30808-1\/270437624_4564083193639691_6907940295614233970_n.jpg?stp=dst-jpg_s200x200_tt6&amp;_nc_cat=111&amp;ccb=1-7&amp;_nc_sid=f907e8&amp;_nc_ohc=SM1wRlP3lJwQ7kNvwEPuBYA&amp;_nc_oc=AdnqrjDN_BNjSSHWO-GbkIWH6fkGMLw4bqvL_NH6e2wMveX7G-rP2dAqsDSq1mJMOaY&amp;_nc_zt=24&amp;_nc_ht=scontent-gig4-1.xx&amp;_nc_gid=AoBFJeGrT1hVaew_6rchkQ&amp;oh=00_AfX7QmFGhQhG2jAllVgXCiM1ZrWgvtp80-Bfppyexh1QEg&amp;oe=689E923C\" \/>\n\t\t<script type=\"application\/ld+json\" class=\"aioseo-schema\">\n\t\t\t{\"@context\":\"https:\\\/\\\/schema.org\",\"@graph\":[{\"@type\":\"BlogPosting\",\"@id\":\"https:\\\/\\\/anoticiaonline.com.br\\\/site\\\/o-homem-esse-complexo-racionalizador\\\/#blogposting\",\"name\":\"O homem, esse complexo racionalizador - A Not\\u00edcia Online\",\"headline\":\"O homem, esse complexo racionalizador\",\"author\":{\"@id\":\"https:\\\/\\\/anoticiaonline.com.br\\\/site\\\/author\\\/juliana\\\/#author\"},\"publisher\":{\"@id\":\"https:\\\/\\\/anoticiaonline.com.br\\\/site\\\/#organization\"},\"image\":{\"@type\":\"ImageObject\",\"url\":\"https:\\\/\\\/scontent-gig4-1.xx.fbcdn.net\\\/v\\\/t39.30808-1\\\/270437624_4564083193639691_6907940295614233970_n.jpg?stp=dst-jpg_s200x200_tt6&_nc_cat=111&ccb=1-7&_nc_sid=f907e8&_nc_ohc=SM1wRlP3lJwQ7kNvwEPuBYA&_nc_oc=AdnqrjDN_BNjSSHWO-GbkIWH6fkGMLw4bqvL_NH6e2wMveX7G-rP2dAqsDSq1mJMOaY&_nc_zt=24&_nc_ht=scontent-gig4-1.xx&_nc_gid=AoBFJeGrT1hVaew_6rchkQ&oh=00_AfX7QmFGhQhG2jAllVgXCiM1ZrWgvtp80-Bfppyexh1QEg&oe=689E923C\",\"@id\":\"https:\\\/\\\/anoticiaonline.com.br\\\/site\\\/#articleImage\"},\"datePublished\":\"2016-11-17T19:11:47-03:00\",\"dateModified\":\"2016-11-17T19:11:47-03:00\",\"inLanguage\":\"pt-BR\",\"mainEntityOfPage\":{\"@id\":\"https:\\\/\\\/anoticiaonline.com.br\\\/site\\\/o-homem-esse-complexo-racionalizador\\\/#webpage\"},\"isPartOf\":{\"@id\":\"https:\\\/\\\/anoticiaonline.com.br\\\/site\\\/o-homem-esse-complexo-racionalizador\\\/#webpage\"},\"articleSection\":\"Logos - Adellunar Marge\"},{\"@type\":\"BreadcrumbList\",\"@id\":\"https:\\\/\\\/anoticiaonline.com.br\\\/site\\\/o-homem-esse-complexo-racionalizador\\\/#breadcrumblist\",\"itemListElement\":[{\"@type\":\"ListItem\",\"@id\":\"https:\\\/\\\/anoticiaonline.com.br\\\/site#listItem\",\"position\":1,\"name\":\"Home\",\"item\":\"https:\\\/\\\/anoticiaonline.com.br\\\/site\",\"nextItem\":{\"@type\":\"ListItem\",\"@id\":\"https:\\\/\\\/anoticiaonline.com.br\\\/site\\\/categoria\\\/colunistas\\\/#listItem\",\"name\":\"Colunistas\"}},{\"@type\":\"ListItem\",\"@id\":\"https:\\\/\\\/anoticiaonline.com.br\\\/site\\\/categoria\\\/colunistas\\\/#listItem\",\"position\":2,\"name\":\"Colunistas\",\"item\":\"https:\\\/\\\/anoticiaonline.com.br\\\/site\\\/categoria\\\/colunistas\\\/\",\"nextItem\":{\"@type\":\"ListItem\",\"@id\":\"https:\\\/\\\/anoticiaonline.com.br\\\/site\\\/categoria\\\/colunistas\\\/logos-adellunar-marge\\\/#listItem\",\"name\":\"Logos - Adellunar Marge\"},\"previousItem\":{\"@type\":\"ListItem\",\"@id\":\"https:\\\/\\\/anoticiaonline.com.br\\\/site#listItem\",\"name\":\"Home\"}},{\"@type\":\"ListItem\",\"@id\":\"https:\\\/\\\/anoticiaonline.com.br\\\/site\\\/categoria\\\/colunistas\\\/logos-adellunar-marge\\\/#listItem\",\"position\":3,\"name\":\"Logos - Adellunar Marge\",\"item\":\"https:\\\/\\\/anoticiaonline.com.br\\\/site\\\/categoria\\\/colunistas\\\/logos-adellunar-marge\\\/\",\"nextItem\":{\"@type\":\"ListItem\",\"@id\":\"https:\\\/\\\/anoticiaonline.com.br\\\/site\\\/o-homem-esse-complexo-racionalizador\\\/#listItem\",\"name\":\"O homem, esse complexo racionalizador\"},\"previousItem\":{\"@type\":\"ListItem\",\"@id\":\"https:\\\/\\\/anoticiaonline.com.br\\\/site\\\/categoria\\\/colunistas\\\/#listItem\",\"name\":\"Colunistas\"}},{\"@type\":\"ListItem\",\"@id\":\"https:\\\/\\\/anoticiaonline.com.br\\\/site\\\/o-homem-esse-complexo-racionalizador\\\/#listItem\",\"position\":4,\"name\":\"O homem, esse complexo racionalizador\",\"previousItem\":{\"@type\":\"ListItem\",\"@id\":\"https:\\\/\\\/anoticiaonline.com.br\\\/site\\\/categoria\\\/colunistas\\\/logos-adellunar-marge\\\/#listItem\",\"name\":\"Logos - Adellunar Marge\"}}]},{\"@type\":\"Organization\",\"@id\":\"https:\\\/\\\/anoticiaonline.com.br\\\/site\\\/#organization\",\"name\":\"A Not\\u00edcia Online\",\"description\":\"Noticias de Muria\\u00e9 e regi\\u00e3o\",\"url\":\"https:\\\/\\\/anoticiaonline.com.br\\\/site\\\/\",\"logo\":{\"@type\":\"ImageObject\",\"url\":\"https:\\\/\\\/scontent-gig4-1.xx.fbcdn.net\\\/v\\\/t39.30808-1\\\/270437624_4564083193639691_6907940295614233970_n.jpg?stp=dst-jpg_s200x200_tt6&_nc_cat=111&ccb=1-7&_nc_sid=f907e8&_nc_ohc=SM1wRlP3lJwQ7kNvwEPuBYA&_nc_oc=AdnqrjDN_BNjSSHWO-GbkIWH6fkGMLw4bqvL_NH6e2wMveX7G-rP2dAqsDSq1mJMOaY&_nc_zt=24&_nc_ht=scontent-gig4-1.xx&_nc_gid=AoBFJeGrT1hVaew_6rchkQ&oh=00_AfX7QmFGhQhG2jAllVgXCiM1ZrWgvtp80-Bfppyexh1QEg&oe=689E923C\",\"@id\":\"https:\\\/\\\/anoticiaonline.com.br\\\/site\\\/o-homem-esse-complexo-racionalizador\\\/#organizationLogo\"},\"image\":{\"@id\":\"https:\\\/\\\/anoticiaonline.com.br\\\/site\\\/o-homem-esse-complexo-racionalizador\\\/#organizationLogo\"}},{\"@type\":\"Person\",\"@id\":\"https:\\\/\\\/anoticiaonline.com.br\\\/site\\\/author\\\/juliana\\\/#author\",\"url\":\"https:\\\/\\\/anoticiaonline.com.br\\\/site\\\/author\\\/juliana\\\/\",\"name\":\"Juliana Laviola\",\"image\":{\"@type\":\"ImageObject\",\"@id\":\"https:\\\/\\\/anoticiaonline.com.br\\\/site\\\/o-homem-esse-complexo-racionalizador\\\/#authorImage\",\"url\":\"https:\\\/\\\/secure.gravatar.com\\\/avatar\\\/b8d45f5c699b100dfaf0e543582f38f38bf94cb7ae3a5e9abf8d891a34773335?s=96&d=mm&r=g\",\"width\":96,\"height\":96,\"caption\":\"Juliana Laviola\"}},{\"@type\":\"WebPage\",\"@id\":\"https:\\\/\\\/anoticiaonline.com.br\\\/site\\\/o-homem-esse-complexo-racionalizador\\\/#webpage\",\"url\":\"https:\\\/\\\/anoticiaonline.com.br\\\/site\\\/o-homem-esse-complexo-racionalizador\\\/\",\"name\":\"O homem, esse complexo racionalizador - A Not\\u00edcia Online\",\"description\":\"Prot\\u00e1goras n\\u00e3o estava errado quando afirmou, cinco s\\u00e9culos antes de Cristo, que \\u201co homem \\u00e9 a medida de todas as coisas\\u201d e \\u00e9 justamente por ser o homem o condutor das suas pr\\u00e1ticas e das pr\\u00e1ticas do mundo que os conceitos mudam ao sabor da sua vontade. A pe\\u00e7a existencial ser\\u00e1 sempre um enredo escrito\",\"inLanguage\":\"pt-BR\",\"isPartOf\":{\"@id\":\"https:\\\/\\\/anoticiaonline.com.br\\\/site\\\/#website\"},\"breadcrumb\":{\"@id\":\"https:\\\/\\\/anoticiaonline.com.br\\\/site\\\/o-homem-esse-complexo-racionalizador\\\/#breadcrumblist\"},\"author\":{\"@id\":\"https:\\\/\\\/anoticiaonline.com.br\\\/site\\\/author\\\/juliana\\\/#author\"},\"creator\":{\"@id\":\"https:\\\/\\\/anoticiaonline.com.br\\\/site\\\/author\\\/juliana\\\/#author\"},\"datePublished\":\"2016-11-17T19:11:47-03:00\",\"dateModified\":\"2016-11-17T19:11:47-03:00\"},{\"@type\":\"WebSite\",\"@id\":\"https:\\\/\\\/anoticiaonline.com.br\\\/site\\\/#website\",\"url\":\"https:\\\/\\\/anoticiaonline.com.br\\\/site\\\/\",\"name\":\"A Not\\u00edcia Online\",\"description\":\"Noticias de Muria\\u00e9 e regi\\u00e3o\",\"inLanguage\":\"pt-BR\",\"publisher\":{\"@id\":\"https:\\\/\\\/anoticiaonline.com.br\\\/site\\\/#organization\"}}]}\n\t\t<\/script>\n\t\t<!-- All in One SEO -->\n\n","aioseo_head_json":{"title":"O homem, esse complexo racionalizador - A Not\u00edcia Online","description":"Prot\u00e1goras n\u00e3o estava errado quando afirmou, cinco s\u00e9culos antes de Cristo, que \u201co homem \u00e9 a medida de todas as coisas\u201d e \u00e9 justamente por ser o homem o condutor das suas pr\u00e1ticas e das pr\u00e1ticas do mundo que os conceitos mudam ao sabor da sua vontade. A pe\u00e7a existencial ser\u00e1 sempre um enredo escrito","canonical_url":"https:\/\/anoticiaonline.com.br\/site\/o-homem-esse-complexo-racionalizador\/","robots":"max-image-preview:large","keywords":"","webmasterTools":{"miscellaneous":""},"schema":{"@context":"https:\/\/schema.org","@graph":[{"@type":"BlogPosting","@id":"https:\/\/anoticiaonline.com.br\/site\/o-homem-esse-complexo-racionalizador\/#blogposting","name":"O homem, esse complexo racionalizador - A Not\u00edcia Online","headline":"O homem, esse complexo racionalizador","author":{"@id":"https:\/\/anoticiaonline.com.br\/site\/author\/juliana\/#author"},"publisher":{"@id":"https:\/\/anoticiaonline.com.br\/site\/#organization"},"image":{"@type":"ImageObject","url":"https:\/\/scontent-gig4-1.xx.fbcdn.net\/v\/t39.30808-1\/270437624_4564083193639691_6907940295614233970_n.jpg?stp=dst-jpg_s200x200_tt6&_nc_cat=111&ccb=1-7&_nc_sid=f907e8&_nc_ohc=SM1wRlP3lJwQ7kNvwEPuBYA&_nc_oc=AdnqrjDN_BNjSSHWO-GbkIWH6fkGMLw4bqvL_NH6e2wMveX7G-rP2dAqsDSq1mJMOaY&_nc_zt=24&_nc_ht=scontent-gig4-1.xx&_nc_gid=AoBFJeGrT1hVaew_6rchkQ&oh=00_AfX7QmFGhQhG2jAllVgXCiM1ZrWgvtp80-Bfppyexh1QEg&oe=689E923C","@id":"https:\/\/anoticiaonline.com.br\/site\/#articleImage"},"datePublished":"2016-11-17T19:11:47-03:00","dateModified":"2016-11-17T19:11:47-03:00","inLanguage":"pt-BR","mainEntityOfPage":{"@id":"https:\/\/anoticiaonline.com.br\/site\/o-homem-esse-complexo-racionalizador\/#webpage"},"isPartOf":{"@id":"https:\/\/anoticiaonline.com.br\/site\/o-homem-esse-complexo-racionalizador\/#webpage"},"articleSection":"Logos - Adellunar Marge"},{"@type":"BreadcrumbList","@id":"https:\/\/anoticiaonline.com.br\/site\/o-homem-esse-complexo-racionalizador\/#breadcrumblist","itemListElement":[{"@type":"ListItem","@id":"https:\/\/anoticiaonline.com.br\/site#listItem","position":1,"name":"Home","item":"https:\/\/anoticiaonline.com.br\/site","nextItem":{"@type":"ListItem","@id":"https:\/\/anoticiaonline.com.br\/site\/categoria\/colunistas\/#listItem","name":"Colunistas"}},{"@type":"ListItem","@id":"https:\/\/anoticiaonline.com.br\/site\/categoria\/colunistas\/#listItem","position":2,"name":"Colunistas","item":"https:\/\/anoticiaonline.com.br\/site\/categoria\/colunistas\/","nextItem":{"@type":"ListItem","@id":"https:\/\/anoticiaonline.com.br\/site\/categoria\/colunistas\/logos-adellunar-marge\/#listItem","name":"Logos - Adellunar Marge"},"previousItem":{"@type":"ListItem","@id":"https:\/\/anoticiaonline.com.br\/site#listItem","name":"Home"}},{"@type":"ListItem","@id":"https:\/\/anoticiaonline.com.br\/site\/categoria\/colunistas\/logos-adellunar-marge\/#listItem","position":3,"name":"Logos - Adellunar Marge","item":"https:\/\/anoticiaonline.com.br\/site\/categoria\/colunistas\/logos-adellunar-marge\/","nextItem":{"@type":"ListItem","@id":"https:\/\/anoticiaonline.com.br\/site\/o-homem-esse-complexo-racionalizador\/#listItem","name":"O homem, esse complexo racionalizador"},"previousItem":{"@type":"ListItem","@id":"https:\/\/anoticiaonline.com.br\/site\/categoria\/colunistas\/#listItem","name":"Colunistas"}},{"@type":"ListItem","@id":"https:\/\/anoticiaonline.com.br\/site\/o-homem-esse-complexo-racionalizador\/#listItem","position":4,"name":"O homem, esse complexo racionalizador","previousItem":{"@type":"ListItem","@id":"https:\/\/anoticiaonline.com.br\/site\/categoria\/colunistas\/logos-adellunar-marge\/#listItem","name":"Logos - Adellunar Marge"}}]},{"@type":"Organization","@id":"https:\/\/anoticiaonline.com.br\/site\/#organization","name":"A Not\u00edcia Online","description":"Noticias de Muria\u00e9 e regi\u00e3o","url":"https:\/\/anoticiaonline.com.br\/site\/","logo":{"@type":"ImageObject","url":"https:\/\/scontent-gig4-1.xx.fbcdn.net\/v\/t39.30808-1\/270437624_4564083193639691_6907940295614233970_n.jpg?stp=dst-jpg_s200x200_tt6&_nc_cat=111&ccb=1-7&_nc_sid=f907e8&_nc_ohc=SM1wRlP3lJwQ7kNvwEPuBYA&_nc_oc=AdnqrjDN_BNjSSHWO-GbkIWH6fkGMLw4bqvL_NH6e2wMveX7G-rP2dAqsDSq1mJMOaY&_nc_zt=24&_nc_ht=scontent-gig4-1.xx&_nc_gid=AoBFJeGrT1hVaew_6rchkQ&oh=00_AfX7QmFGhQhG2jAllVgXCiM1ZrWgvtp80-Bfppyexh1QEg&oe=689E923C","@id":"https:\/\/anoticiaonline.com.br\/site\/o-homem-esse-complexo-racionalizador\/#organizationLogo"},"image":{"@id":"https:\/\/anoticiaonline.com.br\/site\/o-homem-esse-complexo-racionalizador\/#organizationLogo"}},{"@type":"Person","@id":"https:\/\/anoticiaonline.com.br\/site\/author\/juliana\/#author","url":"https:\/\/anoticiaonline.com.br\/site\/author\/juliana\/","name":"Juliana Laviola","image":{"@type":"ImageObject","@id":"https:\/\/anoticiaonline.com.br\/site\/o-homem-esse-complexo-racionalizador\/#authorImage","url":"https:\/\/secure.gravatar.com\/avatar\/b8d45f5c699b100dfaf0e543582f38f38bf94cb7ae3a5e9abf8d891a34773335?s=96&d=mm&r=g","width":96,"height":96,"caption":"Juliana Laviola"}},{"@type":"WebPage","@id":"https:\/\/anoticiaonline.com.br\/site\/o-homem-esse-complexo-racionalizador\/#webpage","url":"https:\/\/anoticiaonline.com.br\/site\/o-homem-esse-complexo-racionalizador\/","name":"O homem, esse complexo racionalizador - A Not\u00edcia Online","description":"Prot\u00e1goras n\u00e3o estava errado quando afirmou, cinco s\u00e9culos antes de Cristo, que \u201co homem \u00e9 a medida de todas as coisas\u201d e \u00e9 justamente por ser o homem o condutor das suas pr\u00e1ticas e das pr\u00e1ticas do mundo que os conceitos mudam ao sabor da sua vontade. A pe\u00e7a existencial ser\u00e1 sempre um enredo escrito","inLanguage":"pt-BR","isPartOf":{"@id":"https:\/\/anoticiaonline.com.br\/site\/#website"},"breadcrumb":{"@id":"https:\/\/anoticiaonline.com.br\/site\/o-homem-esse-complexo-racionalizador\/#breadcrumblist"},"author":{"@id":"https:\/\/anoticiaonline.com.br\/site\/author\/juliana\/#author"},"creator":{"@id":"https:\/\/anoticiaonline.com.br\/site\/author\/juliana\/#author"},"datePublished":"2016-11-17T19:11:47-03:00","dateModified":"2016-11-17T19:11:47-03:00"},{"@type":"WebSite","@id":"https:\/\/anoticiaonline.com.br\/site\/#website","url":"https:\/\/anoticiaonline.com.br\/site\/","name":"A Not\u00edcia Online","description":"Noticias de Muria\u00e9 e regi\u00e3o","inLanguage":"pt-BR","publisher":{"@id":"https:\/\/anoticiaonline.com.br\/site\/#organization"}}]},"og:locale":"pt_BR","og:site_name":"A Not\u00edcia Online - Noticias de Muria\u00e9 e regi\u00e3o","og:type":"article","og:title":"O homem, esse complexo racionalizador - A Not\u00edcia Online","og:description":"Prot\u00e1goras n\u00e3o estava errado quando afirmou, cinco s\u00e9culos antes de Cristo, que \u201co homem \u00e9 a medida de todas as coisas\u201d e \u00e9 justamente por ser o homem o condutor das suas pr\u00e1ticas e das pr\u00e1ticas do mundo que os conceitos mudam ao sabor da sua vontade. A pe\u00e7a existencial ser\u00e1 sempre um enredo escrito","og:url":"https:\/\/anoticiaonline.com.br\/site\/o-homem-esse-complexo-racionalizador\/","og:image":"https:\/\/scontent-gig4-1.xx.fbcdn.net\/v\/t39.30808-1\/270437624_4564083193639691_6907940295614233970_n.jpg?stp=dst-jpg_s200x200_tt6&#038;_nc_cat=111&#038;ccb=1-7&#038;_nc_sid=f907e8&#038;_nc_ohc=SM1wRlP3lJwQ7kNvwEPuBYA&#038;_nc_oc=AdnqrjDN_BNjSSHWO-GbkIWH6fkGMLw4bqvL_NH6e2wMveX7G-rP2dAqsDSq1mJMOaY&#038;_nc_zt=24&#038;_nc_ht=scontent-gig4-1.xx&#038;_nc_gid=AoBFJeGrT1hVaew_6rchkQ&#038;oh=00_AfX7QmFGhQhG2jAllVgXCiM1ZrWgvtp80-Bfppyexh1QEg&#038;oe=689E923C","og:image:secure_url":"https:\/\/scontent-gig4-1.xx.fbcdn.net\/v\/t39.30808-1\/270437624_4564083193639691_6907940295614233970_n.jpg?stp=dst-jpg_s200x200_tt6&#038;_nc_cat=111&#038;ccb=1-7&#038;_nc_sid=f907e8&#038;_nc_ohc=SM1wRlP3lJwQ7kNvwEPuBYA&#038;_nc_oc=AdnqrjDN_BNjSSHWO-GbkIWH6fkGMLw4bqvL_NH6e2wMveX7G-rP2dAqsDSq1mJMOaY&#038;_nc_zt=24&#038;_nc_ht=scontent-gig4-1.xx&#038;_nc_gid=AoBFJeGrT1hVaew_6rchkQ&#038;oh=00_AfX7QmFGhQhG2jAllVgXCiM1ZrWgvtp80-Bfppyexh1QEg&#038;oe=689E923C","article:published_time":"2016-11-17T22:11:47+00:00","article:modified_time":"2016-11-17T22:11:47+00:00","twitter:card":"summary_large_image","twitter:title":"O homem, esse complexo racionalizador - A Not\u00edcia Online","twitter:description":"Prot\u00e1goras n\u00e3o estava errado quando afirmou, cinco s\u00e9culos antes de Cristo, que \u201co homem \u00e9 a medida de todas as coisas\u201d e \u00e9 justamente por ser o homem o condutor das suas pr\u00e1ticas e das pr\u00e1ticas do mundo que os conceitos mudam ao sabor da sua vontade. A pe\u00e7a existencial ser\u00e1 sempre um enredo escrito","twitter:image":"https:\/\/scontent-gig4-1.xx.fbcdn.net\/v\/t39.30808-1\/270437624_4564083193639691_6907940295614233970_n.jpg?stp=dst-jpg_s200x200_tt6&_nc_cat=111&ccb=1-7&_nc_sid=f907e8&_nc_ohc=SM1wRlP3lJwQ7kNvwEPuBYA&_nc_oc=AdnqrjDN_BNjSSHWO-GbkIWH6fkGMLw4bqvL_NH6e2wMveX7G-rP2dAqsDSq1mJMOaY&_nc_zt=24&_nc_ht=scontent-gig4-1.xx&_nc_gid=AoBFJeGrT1hVaew_6rchkQ&oh=00_AfX7QmFGhQhG2jAllVgXCiM1ZrWgvtp80-Bfppyexh1QEg&oe=689E923C"},"aioseo_meta_data":{"post_id":"21867","title":null,"description":null,"keywords":null,"keyphrases":null,"primary_term":null,"canonical_url":null,"og_title":null,"og_description":null,"og_object_type":"default","og_image_type":"default","og_image_url":null,"og_image_width":null,"og_image_height":null,"og_image_custom_url":null,"og_image_custom_fields":null,"og_video":null,"og_custom_url":null,"og_article_section":null,"og_article_tags":null,"twitter_use_og":false,"twitter_card":"default","twitter_image_type":"default","twitter_image_url":null,"twitter_image_custom_url":null,"twitter_image_custom_fields":null,"twitter_title":null,"twitter_description":null,"schema":{"blockGraphs":[],"customGraphs":[],"default":{"data":{"Article":[],"Course":[],"Dataset":[],"FAQPage":[],"Movie":[],"Person":[],"Product":[],"ProductReview":[],"Car":[],"Recipe":[],"Service":[],"SoftwareApplication":[],"WebPage":[]},"graphName":"","isEnabled":true},"graphs":[]},"schema_type":"default","schema_type_options":null,"pillar_content":false,"robots_default":true,"robots_noindex":false,"robots_noarchive":false,"robots_nosnippet":false,"robots_nofollow":false,"robots_noimageindex":false,"robots_noodp":false,"robots_notranslate":false,"robots_max_snippet":null,"robots_max_videopreview":null,"robots_max_imagepreview":"large","priority":null,"frequency":null,"local_seo":null,"breadcrumb_settings":null,"limit_modified_date":false,"ai":null,"created":"2025-08-16 17:11:19","updated":"2025-08-16 17:11:19","focus_keyword":null,"additional_keywords":null,"truseo_locale":null,"seo_analyzer_scan_date":null},"aioseo_breadcrumb":"<div class=\"aioseo-breadcrumbs\"><span class=\"aioseo-breadcrumb\">\n\t\t\t<a href=\"https:\/\/anoticiaonline.com.br\/site\" title=\"Home\">Home<\/a>\n\t\t<\/span><span class=\"aioseo-breadcrumb-separator\">&raquo;<\/span><span class=\"aioseo-breadcrumb\">\n\t\t\t<a href=\"https:\/\/anoticiaonline.com.br\/site\/categoria\/colunistas\/\" title=\"Colunistas\">Colunistas<\/a>\n\t\t<\/span><span class=\"aioseo-breadcrumb-separator\">&raquo;<\/span><span class=\"aioseo-breadcrumb\">\n\t\t\t<a href=\"https:\/\/anoticiaonline.com.br\/site\/categoria\/colunistas\/logos-adellunar-marge\/\" title=\"Logos - Adellunar Marge\">Logos - Adellunar Marge<\/a>\n\t\t<\/span><span class=\"aioseo-breadcrumb-separator\">&raquo;<\/span><span class=\"aioseo-breadcrumb\">\n\t\t\tO homem, esse complexo racionalizador\n\t\t<\/span><\/div>","aioseo_breadcrumb_json":[{"label":"Home","link":"https:\/\/anoticiaonline.com.br\/site"},{"label":"Colunistas","link":"https:\/\/anoticiaonline.com.br\/site\/categoria\/colunistas\/"},{"label":"Logos - Adellunar Marge","link":"https:\/\/anoticiaonline.com.br\/site\/categoria\/colunistas\/logos-adellunar-marge\/"},{"label":"O homem, esse complexo racionalizador","link":"https:\/\/anoticiaonline.com.br\/site\/o-homem-esse-complexo-racionalizador\/"}],"views":129,"_links":{"self":[{"href":"https:\/\/anoticiaonline.com.br\/site\/wp-json\/wp\/v2\/posts\/21867","targetHints":{"allow":["GET"]}}],"collection":[{"href":"https:\/\/anoticiaonline.com.br\/site\/wp-json\/wp\/v2\/posts"}],"about":[{"href":"https:\/\/anoticiaonline.com.br\/site\/wp-json\/wp\/v2\/types\/post"}],"author":[{"embeddable":true,"href":"https:\/\/anoticiaonline.com.br\/site\/wp-json\/wp\/v2\/users\/2"}],"replies":[{"embeddable":true,"href":"https:\/\/anoticiaonline.com.br\/site\/wp-json\/wp\/v2\/comments?post=21867"}],"version-history":[{"count":0,"href":"https:\/\/anoticiaonline.com.br\/site\/wp-json\/wp\/v2\/posts\/21867\/revisions"}],"wp:attachment":[{"href":"https:\/\/anoticiaonline.com.br\/site\/wp-json\/wp\/v2\/media?parent=21867"}],"wp:term":[{"taxonomy":"category","embeddable":true,"href":"https:\/\/anoticiaonline.com.br\/site\/wp-json\/wp\/v2\/categories?post=21867"},{"taxonomy":"post_tag","embeddable":true,"href":"https:\/\/anoticiaonline.com.br\/site\/wp-json\/wp\/v2\/tags?post=21867"}],"curies":[{"name":"wp","href":"https:\/\/api.w.org\/{rel}","templated":true}]}}