{"id":21641,"date":"2016-11-17T14:47:07","date_gmt":"2016-11-17T17:47:07","guid":{"rendered":"http:\/\/anoticiaonline.com.br\/site\/?p=21641"},"modified":"2016-11-17T14:47:07","modified_gmt":"2016-11-17T17:47:07","slug":"gaby-fashion-e-reinaugurada-em-espaco-mais-amplo-e-confortavel","status":"publish","type":"post","link":"https:\/\/anoticiaonline.com.br\/site\/gaby-fashion-e-reinaugurada-em-espaco-mais-amplo-e-confortavel\/","title":{"rendered":"Gaby Fashion \u00e9 reinaugurada em espa\u00e7o mais amplo e confort\u00e1vel"},"content":{"rendered":"<p><a href=\"https:\/\/anoticiaonline.com.br\/site\/wp-content\/uploads\/2016\/11\/DSC_0570.jpg\"><img fetchpriority=\"high\" decoding=\"async\" class=\" size-medium wp-image-21642 alignleft\" src=\"https:\/\/anoticiaonline.com.br\/site\/wp-content\/uploads\/2016\/11\/DSC_0570-300x296.jpg\" alt=\"dsc_0570\" width=\"300\" height=\"296\" srcset=\"https:\/\/anoticiaonline.com.br\/site\/wp-content\/uploads\/2016\/11\/DSC_0570-300x296.jpg 300w, https:\/\/anoticiaonline.com.br\/site\/wp-content\/uploads\/2016\/11\/DSC_0570.jpg 640w\" sizes=\"(max-width: 300px) 100vw, 300px\" \/><\/a>A Gaby Fashion est\u00e1 funcionando em um espa\u00e7o mais amplo e confort\u00e1vel. A loja, localizada na Rua Amador Pinheiro de Barros, 100, Centro (pr\u00f3ximo \u00e0 ponte do Shopping Vitrines), oferece uma linha completa em moda infantil, al\u00e9m de cal\u00e7ados e acess\u00f3rios a pre\u00e7os bem acess\u00edveis.<\/p>\n<p>A Gaby Fashion preza pela qualidade, variedade e pre\u00e7os baixos. A loja oferece looks femininos e infantis nos tamanhos P, M e G, desde rec\u00e9m-nascidos a crian\u00e7as de at\u00e9 6 seis anos e vestidos de festa para crian\u00e7as de at\u00e9 12 anos, com pre\u00e7os que cabem em todos os bolsos, al\u00e9m dos bodies personalizados e divertidos, que s\u00e3o o maior sucesso.<\/p>\n<p>\u201cOs nossos produtos, al\u00e9m de qualidade, possuem modelos variados e pre\u00e7os baixos\u201d, diz o propriet\u00e1rio, Geovani Valdiero. Natural de Patroc\u00ednio do Muria\u00e9, Geovani atuou como jogador profissional de futebol por 14 anos, sendo seis no exterior &#8211; Portugal, Ar\u00e1bia Saudita e Israel \u2013 e em alguns times brasileiros. H\u00e1 quatro anos reside em Muria\u00e9, onde abriu a f\u00e1brica da marca, que possui oito lojas, sendo tr\u00eas no Centro de Belo Horizonte, duas unidades no Br\u00e1s, em S\u00e3o Paulo, uma no Rio de Janeiro e duas em Muria\u00e9 \u2013 uma localizada na Central da Pronta-Entrega e a do Centro. \u201cEstou muito feliz morando em Muria\u00e9. S\u00f3 tenho a agradecer a Deus pelo sucesso que obtive jogando futebol e pelo sucesso que estou tendo no ramo empresarial\u201d, diz.<\/p>\n<p>Todas as novidades e promo\u00e7\u00f5es podem ser conferidas no Facebook da Gaby Fashion ou na pr\u00f3pria loja.<\/p>\n<p><img decoding=\"async\" class=\"ngg_displayed_gallery mceItem\" src=\"https:\/\/anoticiaonline.com.br\/site\/nextgen-attach_to_post\/preview\/id--21669\" alt=\"\" \/><\/p>\n","protected":false},"excerpt":{"rendered":"<p>A Gaby Fashion est\u00e1 funcionando em um espa\u00e7o mais amplo e confort\u00e1vel. A loja, localizada na Rua Amador Pinheiro de Barros, 100, Centro (pr\u00f3ximo \u00e0 ponte do Shopping Vitrines), oferece uma linha completa em moda infantil, al\u00e9m de cal\u00e7ados e acess\u00f3rios a pre\u00e7os bem acess\u00edveis. A Gaby Fashion preza pela qualidade, variedade e pre\u00e7os baixos. &#8230; <a title=\"Gaby Fashion \u00e9 reinaugurada em espa\u00e7o mais amplo e confort\u00e1vel\" class=\"read-more\" href=\"https:\/\/anoticiaonline.com.br\/site\/gaby-fashion-e-reinaugurada-em-espaco-mais-amplo-e-confortavel\/\" aria-label=\"Read more about Gaby Fashion \u00e9 reinaugurada em espa\u00e7o mais amplo e confort\u00e1vel\">Ler mais<\/a><\/p>\n","protected":false},"author":2,"featured_media":21642,"comment_status":"open","ping_status":"open","sticky":false,"template":"","format":"standard","meta":{"_acf_changed":false,"_monsterinsights_skip_tracking":false,"footnotes":""},"categories":[24],"tags":[3],"class_list":["post-21641","post","type-post","status-publish","format-standard","has-post-thumbnail","hentry","category-eventos","tag-slide"],"acf":[],"aioseo_notices":[],"aioseo_head":"\n\t\t<!-- All in One SEO 5.0.0.1 - aioseo.com -->\n\t<meta name=\"description\" content=\"A Gaby Fashion est\u00e1 funcionando em um espa\u00e7o mais amplo e confort\u00e1vel. A loja, localizada na Rua Amador Pinheiro de Barros, 100, Centro (pr\u00f3ximo \u00e0 ponte do Shopping Vitrines), oferece uma linha completa em moda infantil, al\u00e9m de cal\u00e7ados e acess\u00f3rios a pre\u00e7os bem acess\u00edveis. A Gaby Fashion preza pela qualidade, variedade e pre\u00e7os baixos.\" \/>\n\t<meta name=\"robots\" content=\"max-image-preview:large\" \/>\n\t<meta name=\"author\" content=\"Juliana Laviola\"\/>\n\t<link rel=\"canonical\" href=\"https:\/\/anoticiaonline.com.br\/site\/gaby-fashion-e-reinaugurada-em-espaco-mais-amplo-e-confortavel\/\" \/>\n\t<meta name=\"generator\" content=\"All in One SEO (AIOSEO) 5.0.0.1\" \/>\n\t\t<meta property=\"og:locale\" content=\"pt_BR\" \/>\n\t\t<meta property=\"og:site_name\" content=\"A Not\u00edcia Online - Noticias de Muria\u00e9 e regi\u00e3o\" \/>\n\t\t<meta property=\"og:type\" content=\"article\" \/>\n\t\t<meta property=\"og:title\" content=\"Gaby Fashion \u00e9 reinaugurada em espa\u00e7o mais amplo e confort\u00e1vel - A Not\u00edcia Online\" \/>\n\t\t<meta property=\"og:description\" content=\"A Gaby Fashion est\u00e1 funcionando em um espa\u00e7o mais amplo e confort\u00e1vel. A loja, localizada na Rua Amador Pinheiro de Barros, 100, Centro (pr\u00f3ximo \u00e0 ponte do Shopping Vitrines), oferece uma linha completa em moda infantil, al\u00e9m de cal\u00e7ados e acess\u00f3rios a pre\u00e7os bem acess\u00edveis. A Gaby Fashion preza pela qualidade, variedade e pre\u00e7os baixos.\" \/>\n\t\t<meta property=\"og:url\" content=\"https:\/\/anoticiaonline.com.br\/site\/gaby-fashion-e-reinaugurada-em-espaco-mais-amplo-e-confortavel\/\" \/>\n\t\t<meta property=\"og:image\" content=\"https:\/\/scontent-gig4-1.xx.fbcdn.net\/v\/t39.30808-1\/270437624_4564083193639691_6907940295614233970_n.jpg?stp=dst-jpg_s200x200_tt6&#038;_nc_cat=111&#038;ccb=1-7&#038;_nc_sid=f907e8&#038;_nc_ohc=SM1wRlP3lJwQ7kNvwEPuBYA&#038;_nc_oc=AdnqrjDN_BNjSSHWO-GbkIWH6fkGMLw4bqvL_NH6e2wMveX7G-rP2dAqsDSq1mJMOaY&#038;_nc_zt=24&#038;_nc_ht=scontent-gig4-1.xx&#038;_nc_gid=AoBFJeGrT1hVaew_6rchkQ&#038;oh=00_AfX7QmFGhQhG2jAllVgXCiM1ZrWgvtp80-Bfppyexh1QEg&#038;oe=689E923C\" \/>\n\t\t<meta property=\"og:image:secure_url\" content=\"https:\/\/scontent-gig4-1.xx.fbcdn.net\/v\/t39.30808-1\/270437624_4564083193639691_6907940295614233970_n.jpg?stp=dst-jpg_s200x200_tt6&#038;_nc_cat=111&#038;ccb=1-7&#038;_nc_sid=f907e8&#038;_nc_ohc=SM1wRlP3lJwQ7kNvwEPuBYA&#038;_nc_oc=AdnqrjDN_BNjSSHWO-GbkIWH6fkGMLw4bqvL_NH6e2wMveX7G-rP2dAqsDSq1mJMOaY&#038;_nc_zt=24&#038;_nc_ht=scontent-gig4-1.xx&#038;_nc_gid=AoBFJeGrT1hVaew_6rchkQ&#038;oh=00_AfX7QmFGhQhG2jAllVgXCiM1ZrWgvtp80-Bfppyexh1QEg&#038;oe=689E923C\" \/>\n\t\t<meta property=\"article:published_time\" content=\"2016-11-17T17:47:07+00:00\" \/>\n\t\t<meta property=\"article:modified_time\" content=\"2016-11-17T17:47:07+00:00\" \/>\n\t\t<meta name=\"twitter:card\" content=\"summary_large_image\" \/>\n\t\t<meta name=\"twitter:title\" content=\"Gaby Fashion \u00e9 reinaugurada em espa\u00e7o mais amplo e confort\u00e1vel - A Not\u00edcia Online\" \/>\n\t\t<meta name=\"twitter:description\" content=\"A Gaby Fashion est\u00e1 funcionando em um espa\u00e7o mais amplo e confort\u00e1vel. A loja, localizada na Rua Amador Pinheiro de Barros, 100, Centro (pr\u00f3ximo \u00e0 ponte do Shopping Vitrines), oferece uma linha completa em moda infantil, al\u00e9m de cal\u00e7ados e acess\u00f3rios a pre\u00e7os bem acess\u00edveis. A Gaby Fashion preza pela qualidade, variedade e pre\u00e7os baixos.\" \/>\n\t\t<meta name=\"twitter:image\" content=\"https:\/\/scontent-gig4-1.xx.fbcdn.net\/v\/t39.30808-1\/270437624_4564083193639691_6907940295614233970_n.jpg?stp=dst-jpg_s200x200_tt6&amp;_nc_cat=111&amp;ccb=1-7&amp;_nc_sid=f907e8&amp;_nc_ohc=SM1wRlP3lJwQ7kNvwEPuBYA&amp;_nc_oc=AdnqrjDN_BNjSSHWO-GbkIWH6fkGMLw4bqvL_NH6e2wMveX7G-rP2dAqsDSq1mJMOaY&amp;_nc_zt=24&amp;_nc_ht=scontent-gig4-1.xx&amp;_nc_gid=AoBFJeGrT1hVaew_6rchkQ&amp;oh=00_AfX7QmFGhQhG2jAllVgXCiM1ZrWgvtp80-Bfppyexh1QEg&amp;oe=689E923C\" \/>\n\t\t<script type=\"application\/ld+json\" class=\"aioseo-schema\">\n\t\t\t{\"@context\":\"https:\\\/\\\/schema.org\",\"@graph\":[{\"@type\":\"BlogPosting\",\"@id\":\"https:\\\/\\\/anoticiaonline.com.br\\\/site\\\/gaby-fashion-e-reinaugurada-em-espaco-mais-amplo-e-confortavel\\\/#blogposting\",\"name\":\"Gaby Fashion \\u00e9 reinaugurada em espa\\u00e7o mais amplo e confort\\u00e1vel - A Not\\u00edcia Online\",\"headline\":\"Gaby Fashion \\u00e9 reinaugurada em espa\\u00e7o mais amplo e confort\\u00e1vel\",\"author\":{\"@id\":\"https:\\\/\\\/anoticiaonline.com.br\\\/site\\\/author\\\/juliana\\\/#author\"},\"publisher\":{\"@id\":\"https:\\\/\\\/anoticiaonline.com.br\\\/site\\\/#organization\"},\"image\":{\"@type\":\"ImageObject\",\"url\":\"https:\\\/\\\/anoticiaonline.com.br\\\/site\\\/wp-content\\\/uploads\\\/2016\\\/11\\\/DSC_0570.jpg\",\"width\":640,\"height\":632},\"datePublished\":\"2016-11-17T14:47:07-03:00\",\"dateModified\":\"2016-11-17T14:47:07-03:00\",\"inLanguage\":\"pt-BR\",\"mainEntityOfPage\":{\"@id\":\"https:\\\/\\\/anoticiaonline.com.br\\\/site\\\/gaby-fashion-e-reinaugurada-em-espaco-mais-amplo-e-confortavel\\\/#webpage\"},\"isPartOf\":{\"@id\":\"https:\\\/\\\/anoticiaonline.com.br\\\/site\\\/gaby-fashion-e-reinaugurada-em-espaco-mais-amplo-e-confortavel\\\/#webpage\"},\"articleSection\":\"Eventos, slide\"},{\"@type\":\"BreadcrumbList\",\"@id\":\"https:\\\/\\\/anoticiaonline.com.br\\\/site\\\/gaby-fashion-e-reinaugurada-em-espaco-mais-amplo-e-confortavel\\\/#breadcrumblist\",\"itemListElement\":[{\"@type\":\"ListItem\",\"@id\":\"https:\\\/\\\/anoticiaonline.com.br\\\/site#listItem\",\"position\":1,\"name\":\"Home\",\"item\":\"https:\\\/\\\/anoticiaonline.com.br\\\/site\",\"nextItem\":{\"@type\":\"ListItem\",\"@id\":\"https:\\\/\\\/anoticiaonline.com.br\\\/site\\\/categoria\\\/eventos\\\/#listItem\",\"name\":\"Eventos\"}},{\"@type\":\"ListItem\",\"@id\":\"https:\\\/\\\/anoticiaonline.com.br\\\/site\\\/categoria\\\/eventos\\\/#listItem\",\"position\":2,\"name\":\"Eventos\",\"item\":\"https:\\\/\\\/anoticiaonline.com.br\\\/site\\\/categoria\\\/eventos\\\/\",\"nextItem\":{\"@type\":\"ListItem\",\"@id\":\"https:\\\/\\\/anoticiaonline.com.br\\\/site\\\/gaby-fashion-e-reinaugurada-em-espaco-mais-amplo-e-confortavel\\\/#listItem\",\"name\":\"Gaby Fashion \\u00e9 reinaugurada em espa\\u00e7o mais amplo e confort\\u00e1vel\"},\"previousItem\":{\"@type\":\"ListItem\",\"@id\":\"https:\\\/\\\/anoticiaonline.com.br\\\/site#listItem\",\"name\":\"Home\"}},{\"@type\":\"ListItem\",\"@id\":\"https:\\\/\\\/anoticiaonline.com.br\\\/site\\\/gaby-fashion-e-reinaugurada-em-espaco-mais-amplo-e-confortavel\\\/#listItem\",\"position\":3,\"name\":\"Gaby Fashion \\u00e9 reinaugurada em espa\\u00e7o mais amplo e confort\\u00e1vel\",\"previousItem\":{\"@type\":\"ListItem\",\"@id\":\"https:\\\/\\\/anoticiaonline.com.br\\\/site\\\/categoria\\\/eventos\\\/#listItem\",\"name\":\"Eventos\"}}]},{\"@type\":\"Organization\",\"@id\":\"https:\\\/\\\/anoticiaonline.com.br\\\/site\\\/#organization\",\"name\":\"A Not\\u00edcia Online\",\"description\":\"Noticias de Muria\\u00e9 e regi\\u00e3o\",\"url\":\"https:\\\/\\\/anoticiaonline.com.br\\\/site\\\/\",\"logo\":{\"@type\":\"ImageObject\",\"url\":\"https:\\\/\\\/scontent-gig4-1.xx.fbcdn.net\\\/v\\\/t39.30808-1\\\/270437624_4564083193639691_6907940295614233970_n.jpg?stp=dst-jpg_s200x200_tt6&_nc_cat=111&ccb=1-7&_nc_sid=f907e8&_nc_ohc=SM1wRlP3lJwQ7kNvwEPuBYA&_nc_oc=AdnqrjDN_BNjSSHWO-GbkIWH6fkGMLw4bqvL_NH6e2wMveX7G-rP2dAqsDSq1mJMOaY&_nc_zt=24&_nc_ht=scontent-gig4-1.xx&_nc_gid=AoBFJeGrT1hVaew_6rchkQ&oh=00_AfX7QmFGhQhG2jAllVgXCiM1ZrWgvtp80-Bfppyexh1QEg&oe=689E923C\",\"@id\":\"https:\\\/\\\/anoticiaonline.com.br\\\/site\\\/gaby-fashion-e-reinaugurada-em-espaco-mais-amplo-e-confortavel\\\/#organizationLogo\"},\"image\":{\"@id\":\"https:\\\/\\\/anoticiaonline.com.br\\\/site\\\/gaby-fashion-e-reinaugurada-em-espaco-mais-amplo-e-confortavel\\\/#organizationLogo\"}},{\"@type\":\"Person\",\"@id\":\"https:\\\/\\\/anoticiaonline.com.br\\\/site\\\/author\\\/juliana\\\/#author\",\"url\":\"https:\\\/\\\/anoticiaonline.com.br\\\/site\\\/author\\\/juliana\\\/\",\"name\":\"Juliana Laviola\",\"image\":{\"@type\":\"ImageObject\",\"@id\":\"https:\\\/\\\/anoticiaonline.com.br\\\/site\\\/gaby-fashion-e-reinaugurada-em-espaco-mais-amplo-e-confortavel\\\/#authorImage\",\"url\":\"https:\\\/\\\/secure.gravatar.com\\\/avatar\\\/b8d45f5c699b100dfaf0e543582f38f38bf94cb7ae3a5e9abf8d891a34773335?s=96&d=mm&r=g\",\"width\":96,\"height\":96,\"caption\":\"Juliana Laviola\"}},{\"@type\":\"WebPage\",\"@id\":\"https:\\\/\\\/anoticiaonline.com.br\\\/site\\\/gaby-fashion-e-reinaugurada-em-espaco-mais-amplo-e-confortavel\\\/#webpage\",\"url\":\"https:\\\/\\\/anoticiaonline.com.br\\\/site\\\/gaby-fashion-e-reinaugurada-em-espaco-mais-amplo-e-confortavel\\\/\",\"name\":\"Gaby Fashion \\u00e9 reinaugurada em espa\\u00e7o mais amplo e confort\\u00e1vel - A Not\\u00edcia Online\",\"description\":\"A Gaby Fashion est\\u00e1 funcionando em um espa\\u00e7o mais amplo e confort\\u00e1vel. A loja, localizada na Rua Amador Pinheiro de Barros, 100, Centro (pr\\u00f3ximo \\u00e0 ponte do Shopping Vitrines), oferece uma linha completa em moda infantil, al\\u00e9m de cal\\u00e7ados e acess\\u00f3rios a pre\\u00e7os bem acess\\u00edveis. A Gaby Fashion preza pela qualidade, variedade e pre\\u00e7os baixos.\",\"inLanguage\":\"pt-BR\",\"isPartOf\":{\"@id\":\"https:\\\/\\\/anoticiaonline.com.br\\\/site\\\/#website\"},\"breadcrumb\":{\"@id\":\"https:\\\/\\\/anoticiaonline.com.br\\\/site\\\/gaby-fashion-e-reinaugurada-em-espaco-mais-amplo-e-confortavel\\\/#breadcrumblist\"},\"author\":{\"@id\":\"https:\\\/\\\/anoticiaonline.com.br\\\/site\\\/author\\\/juliana\\\/#author\"},\"creator\":{\"@id\":\"https:\\\/\\\/anoticiaonline.com.br\\\/site\\\/author\\\/juliana\\\/#author\"},\"image\":{\"@type\":\"ImageObject\",\"url\":\"https:\\\/\\\/anoticiaonline.com.br\\\/site\\\/wp-content\\\/uploads\\\/2016\\\/11\\\/DSC_0570.jpg\",\"@id\":\"https:\\\/\\\/anoticiaonline.com.br\\\/site\\\/gaby-fashion-e-reinaugurada-em-espaco-mais-amplo-e-confortavel\\\/#mainImage\",\"width\":640,\"height\":632},\"primaryImageOfPage\":{\"@id\":\"https:\\\/\\\/anoticiaonline.com.br\\\/site\\\/gaby-fashion-e-reinaugurada-em-espaco-mais-amplo-e-confortavel\\\/#mainImage\"},\"datePublished\":\"2016-11-17T14:47:07-03:00\",\"dateModified\":\"2016-11-17T14:47:07-03:00\"},{\"@type\":\"WebSite\",\"@id\":\"https:\\\/\\\/anoticiaonline.com.br\\\/site\\\/#website\",\"url\":\"https:\\\/\\\/anoticiaonline.com.br\\\/site\\\/\",\"name\":\"A Not\\u00edcia Online\",\"description\":\"Noticias de Muria\\u00e9 e regi\\u00e3o\",\"inLanguage\":\"pt-BR\",\"publisher\":{\"@id\":\"https:\\\/\\\/anoticiaonline.com.br\\\/site\\\/#organization\"}}]}\n\t\t<\/script>\n\t\t<!-- All in One SEO -->\n\n","aioseo_head_json":{"title":"Gaby Fashion \u00e9 reinaugurada em espa\u00e7o mais amplo e confort\u00e1vel - A Not\u00edcia Online","description":"A Gaby Fashion est\u00e1 funcionando em um espa\u00e7o mais amplo e confort\u00e1vel. A loja, localizada na Rua Amador Pinheiro de Barros, 100, Centro (pr\u00f3ximo \u00e0 ponte do Shopping Vitrines), oferece uma linha completa em moda infantil, al\u00e9m de cal\u00e7ados e acess\u00f3rios a pre\u00e7os bem acess\u00edveis. A Gaby Fashion preza pela qualidade, variedade e pre\u00e7os baixos.","canonical_url":"https:\/\/anoticiaonline.com.br\/site\/gaby-fashion-e-reinaugurada-em-espaco-mais-amplo-e-confortavel\/","robots":"max-image-preview:large","keywords":"","webmasterTools":{"miscellaneous":""},"schema":{"@context":"https:\/\/schema.org","@graph":[{"@type":"BlogPosting","@id":"https:\/\/anoticiaonline.com.br\/site\/gaby-fashion-e-reinaugurada-em-espaco-mais-amplo-e-confortavel\/#blogposting","name":"Gaby Fashion \u00e9 reinaugurada em espa\u00e7o mais amplo e confort\u00e1vel - A Not\u00edcia Online","headline":"Gaby Fashion \u00e9 reinaugurada em espa\u00e7o mais amplo e confort\u00e1vel","author":{"@id":"https:\/\/anoticiaonline.com.br\/site\/author\/juliana\/#author"},"publisher":{"@id":"https:\/\/anoticiaonline.com.br\/site\/#organization"},"image":{"@type":"ImageObject","url":"https:\/\/anoticiaonline.com.br\/site\/wp-content\/uploads\/2016\/11\/DSC_0570.jpg","width":640,"height":632},"datePublished":"2016-11-17T14:47:07-03:00","dateModified":"2016-11-17T14:47:07-03:00","inLanguage":"pt-BR","mainEntityOfPage":{"@id":"https:\/\/anoticiaonline.com.br\/site\/gaby-fashion-e-reinaugurada-em-espaco-mais-amplo-e-confortavel\/#webpage"},"isPartOf":{"@id":"https:\/\/anoticiaonline.com.br\/site\/gaby-fashion-e-reinaugurada-em-espaco-mais-amplo-e-confortavel\/#webpage"},"articleSection":"Eventos, slide"},{"@type":"BreadcrumbList","@id":"https:\/\/anoticiaonline.com.br\/site\/gaby-fashion-e-reinaugurada-em-espaco-mais-amplo-e-confortavel\/#breadcrumblist","itemListElement":[{"@type":"ListItem","@id":"https:\/\/anoticiaonline.com.br\/site#listItem","position":1,"name":"Home","item":"https:\/\/anoticiaonline.com.br\/site","nextItem":{"@type":"ListItem","@id":"https:\/\/anoticiaonline.com.br\/site\/categoria\/eventos\/#listItem","name":"Eventos"}},{"@type":"ListItem","@id":"https:\/\/anoticiaonline.com.br\/site\/categoria\/eventos\/#listItem","position":2,"name":"Eventos","item":"https:\/\/anoticiaonline.com.br\/site\/categoria\/eventos\/","nextItem":{"@type":"ListItem","@id":"https:\/\/anoticiaonline.com.br\/site\/gaby-fashion-e-reinaugurada-em-espaco-mais-amplo-e-confortavel\/#listItem","name":"Gaby Fashion \u00e9 reinaugurada em espa\u00e7o mais amplo e confort\u00e1vel"},"previousItem":{"@type":"ListItem","@id":"https:\/\/anoticiaonline.com.br\/site#listItem","name":"Home"}},{"@type":"ListItem","@id":"https:\/\/anoticiaonline.com.br\/site\/gaby-fashion-e-reinaugurada-em-espaco-mais-amplo-e-confortavel\/#listItem","position":3,"name":"Gaby Fashion \u00e9 reinaugurada em espa\u00e7o mais amplo e confort\u00e1vel","previousItem":{"@type":"ListItem","@id":"https:\/\/anoticiaonline.com.br\/site\/categoria\/eventos\/#listItem","name":"Eventos"}}]},{"@type":"Organization","@id":"https:\/\/anoticiaonline.com.br\/site\/#organization","name":"A Not\u00edcia Online","description":"Noticias de Muria\u00e9 e regi\u00e3o","url":"https:\/\/anoticiaonline.com.br\/site\/","logo":{"@type":"ImageObject","url":"https:\/\/scontent-gig4-1.xx.fbcdn.net\/v\/t39.30808-1\/270437624_4564083193639691_6907940295614233970_n.jpg?stp=dst-jpg_s200x200_tt6&_nc_cat=111&ccb=1-7&_nc_sid=f907e8&_nc_ohc=SM1wRlP3lJwQ7kNvwEPuBYA&_nc_oc=AdnqrjDN_BNjSSHWO-GbkIWH6fkGMLw4bqvL_NH6e2wMveX7G-rP2dAqsDSq1mJMOaY&_nc_zt=24&_nc_ht=scontent-gig4-1.xx&_nc_gid=AoBFJeGrT1hVaew_6rchkQ&oh=00_AfX7QmFGhQhG2jAllVgXCiM1ZrWgvtp80-Bfppyexh1QEg&oe=689E923C","@id":"https:\/\/anoticiaonline.com.br\/site\/gaby-fashion-e-reinaugurada-em-espaco-mais-amplo-e-confortavel\/#organizationLogo"},"image":{"@id":"https:\/\/anoticiaonline.com.br\/site\/gaby-fashion-e-reinaugurada-em-espaco-mais-amplo-e-confortavel\/#organizationLogo"}},{"@type":"Person","@id":"https:\/\/anoticiaonline.com.br\/site\/author\/juliana\/#author","url":"https:\/\/anoticiaonline.com.br\/site\/author\/juliana\/","name":"Juliana Laviola","image":{"@type":"ImageObject","@id":"https:\/\/anoticiaonline.com.br\/site\/gaby-fashion-e-reinaugurada-em-espaco-mais-amplo-e-confortavel\/#authorImage","url":"https:\/\/secure.gravatar.com\/avatar\/b8d45f5c699b100dfaf0e543582f38f38bf94cb7ae3a5e9abf8d891a34773335?s=96&d=mm&r=g","width":96,"height":96,"caption":"Juliana Laviola"}},{"@type":"WebPage","@id":"https:\/\/anoticiaonline.com.br\/site\/gaby-fashion-e-reinaugurada-em-espaco-mais-amplo-e-confortavel\/#webpage","url":"https:\/\/anoticiaonline.com.br\/site\/gaby-fashion-e-reinaugurada-em-espaco-mais-amplo-e-confortavel\/","name":"Gaby Fashion \u00e9 reinaugurada em espa\u00e7o mais amplo e confort\u00e1vel - A Not\u00edcia Online","description":"A Gaby Fashion est\u00e1 funcionando em um espa\u00e7o mais amplo e confort\u00e1vel. A loja, localizada na Rua Amador Pinheiro de Barros, 100, Centro (pr\u00f3ximo \u00e0 ponte do Shopping Vitrines), oferece uma linha completa em moda infantil, al\u00e9m de cal\u00e7ados e acess\u00f3rios a pre\u00e7os bem acess\u00edveis. A Gaby Fashion preza pela qualidade, variedade e pre\u00e7os baixos.","inLanguage":"pt-BR","isPartOf":{"@id":"https:\/\/anoticiaonline.com.br\/site\/#website"},"breadcrumb":{"@id":"https:\/\/anoticiaonline.com.br\/site\/gaby-fashion-e-reinaugurada-em-espaco-mais-amplo-e-confortavel\/#breadcrumblist"},"author":{"@id":"https:\/\/anoticiaonline.com.br\/site\/author\/juliana\/#author"},"creator":{"@id":"https:\/\/anoticiaonline.com.br\/site\/author\/juliana\/#author"},"image":{"@type":"ImageObject","url":"https:\/\/anoticiaonline.com.br\/site\/wp-content\/uploads\/2016\/11\/DSC_0570.jpg","@id":"https:\/\/anoticiaonline.com.br\/site\/gaby-fashion-e-reinaugurada-em-espaco-mais-amplo-e-confortavel\/#mainImage","width":640,"height":632},"primaryImageOfPage":{"@id":"https:\/\/anoticiaonline.com.br\/site\/gaby-fashion-e-reinaugurada-em-espaco-mais-amplo-e-confortavel\/#mainImage"},"datePublished":"2016-11-17T14:47:07-03:00","dateModified":"2016-11-17T14:47:07-03:00"},{"@type":"WebSite","@id":"https:\/\/anoticiaonline.com.br\/site\/#website","url":"https:\/\/anoticiaonline.com.br\/site\/","name":"A Not\u00edcia Online","description":"Noticias de Muria\u00e9 e regi\u00e3o","inLanguage":"pt-BR","publisher":{"@id":"https:\/\/anoticiaonline.com.br\/site\/#organization"}}]},"og:locale":"pt_BR","og:site_name":"A Not\u00edcia Online - Noticias de Muria\u00e9 e regi\u00e3o","og:type":"article","og:title":"Gaby Fashion \u00e9 reinaugurada em espa\u00e7o mais amplo e confort\u00e1vel - A Not\u00edcia Online","og:description":"A Gaby Fashion est\u00e1 funcionando em um espa\u00e7o mais amplo e confort\u00e1vel. A loja, localizada na Rua Amador Pinheiro de Barros, 100, Centro (pr\u00f3ximo \u00e0 ponte do Shopping Vitrines), oferece uma linha completa em moda infantil, al\u00e9m de cal\u00e7ados e acess\u00f3rios a pre\u00e7os bem acess\u00edveis. A Gaby Fashion preza pela qualidade, variedade e pre\u00e7os baixos.","og:url":"https:\/\/anoticiaonline.com.br\/site\/gaby-fashion-e-reinaugurada-em-espaco-mais-amplo-e-confortavel\/","og:image":"https:\/\/scontent-gig4-1.xx.fbcdn.net\/v\/t39.30808-1\/270437624_4564083193639691_6907940295614233970_n.jpg?stp=dst-jpg_s200x200_tt6&#038;_nc_cat=111&#038;ccb=1-7&#038;_nc_sid=f907e8&#038;_nc_ohc=SM1wRlP3lJwQ7kNvwEPuBYA&#038;_nc_oc=AdnqrjDN_BNjSSHWO-GbkIWH6fkGMLw4bqvL_NH6e2wMveX7G-rP2dAqsDSq1mJMOaY&#038;_nc_zt=24&#038;_nc_ht=scontent-gig4-1.xx&#038;_nc_gid=AoBFJeGrT1hVaew_6rchkQ&#038;oh=00_AfX7QmFGhQhG2jAllVgXCiM1ZrWgvtp80-Bfppyexh1QEg&#038;oe=689E923C","og:image:secure_url":"https:\/\/scontent-gig4-1.xx.fbcdn.net\/v\/t39.30808-1\/270437624_4564083193639691_6907940295614233970_n.jpg?stp=dst-jpg_s200x200_tt6&#038;_nc_cat=111&#038;ccb=1-7&#038;_nc_sid=f907e8&#038;_nc_ohc=SM1wRlP3lJwQ7kNvwEPuBYA&#038;_nc_oc=AdnqrjDN_BNjSSHWO-GbkIWH6fkGMLw4bqvL_NH6e2wMveX7G-rP2dAqsDSq1mJMOaY&#038;_nc_zt=24&#038;_nc_ht=scontent-gig4-1.xx&#038;_nc_gid=AoBFJeGrT1hVaew_6rchkQ&#038;oh=00_AfX7QmFGhQhG2jAllVgXCiM1ZrWgvtp80-Bfppyexh1QEg&#038;oe=689E923C","article:published_time":"2016-11-17T17:47:07+00:00","article:modified_time":"2016-11-17T17:47:07+00:00","twitter:card":"summary_large_image","twitter:title":"Gaby Fashion \u00e9 reinaugurada em espa\u00e7o mais amplo e confort\u00e1vel - A Not\u00edcia Online","twitter:description":"A Gaby Fashion est\u00e1 funcionando em um espa\u00e7o mais amplo e confort\u00e1vel. A loja, localizada na Rua Amador Pinheiro de Barros, 100, Centro (pr\u00f3ximo \u00e0 ponte do Shopping Vitrines), oferece uma linha completa em moda infantil, al\u00e9m de cal\u00e7ados e acess\u00f3rios a pre\u00e7os bem acess\u00edveis. A Gaby Fashion preza pela qualidade, variedade e pre\u00e7os baixos.","twitter:image":"https:\/\/scontent-gig4-1.xx.fbcdn.net\/v\/t39.30808-1\/270437624_4564083193639691_6907940295614233970_n.jpg?stp=dst-jpg_s200x200_tt6&_nc_cat=111&ccb=1-7&_nc_sid=f907e8&_nc_ohc=SM1wRlP3lJwQ7kNvwEPuBYA&_nc_oc=AdnqrjDN_BNjSSHWO-GbkIWH6fkGMLw4bqvL_NH6e2wMveX7G-rP2dAqsDSq1mJMOaY&_nc_zt=24&_nc_ht=scontent-gig4-1.xx&_nc_gid=AoBFJeGrT1hVaew_6rchkQ&oh=00_AfX7QmFGhQhG2jAllVgXCiM1ZrWgvtp80-Bfppyexh1QEg&oe=689E923C"},"aioseo_meta_data":{"post_id":"21641","title":null,"description":null,"keywords":null,"keyphrases":null,"primary_term":null,"canonical_url":null,"og_title":null,"og_description":null,"og_object_type":"default","og_image_type":"default","og_image_url":null,"og_image_width":null,"og_image_height":null,"og_image_custom_url":null,"og_image_custom_fields":null,"og_video":null,"og_custom_url":null,"og_article_section":null,"og_article_tags":null,"twitter_use_og":false,"twitter_card":"default","twitter_image_type":"default","twitter_image_url":null,"twitter_image_custom_url":null,"twitter_image_custom_fields":null,"twitter_title":null,"twitter_description":null,"schema":{"blockGraphs":[],"customGraphs":[],"default":{"data":{"Article":[],"Course":[],"Dataset":[],"FAQPage":[],"Movie":[],"Person":[],"Product":[],"ProductReview":[],"Car":[],"Recipe":[],"Service":[],"SoftwareApplication":[],"WebPage":[]},"graphName":"","isEnabled":true},"graphs":[]},"schema_type":"default","schema_type_options":null,"pillar_content":false,"robots_default":true,"robots_noindex":false,"robots_noarchive":false,"robots_nosnippet":false,"robots_nofollow":false,"robots_noimageindex":false,"robots_noodp":false,"robots_notranslate":false,"robots_max_snippet":null,"robots_max_videopreview":null,"robots_max_imagepreview":"large","priority":null,"frequency":null,"local_seo":null,"breadcrumb_settings":null,"limit_modified_date":false,"ai":null,"created":"2025-08-16 17:11:19","updated":"2025-08-16 17:11:19","focus_keyword":null,"additional_keywords":null,"truseo_locale":null,"seo_analyzer_scan_date":null},"aioseo_breadcrumb":"<div class=\"aioseo-breadcrumbs\"><span class=\"aioseo-breadcrumb\">\n\t\t\t<a href=\"https:\/\/anoticiaonline.com.br\/site\" title=\"Home\">Home<\/a>\n\t\t<\/span><span class=\"aioseo-breadcrumb-separator\">&raquo;<\/span><span class=\"aioseo-breadcrumb\">\n\t\t\t<a href=\"https:\/\/anoticiaonline.com.br\/site\/categoria\/eventos\/\" title=\"Eventos\">Eventos<\/a>\n\t\t<\/span><span class=\"aioseo-breadcrumb-separator\">&raquo;<\/span><span class=\"aioseo-breadcrumb\">\n\t\t\tGaby Fashion \u00e9 reinaugurada em espa\u00e7o mais amplo e confort\u00e1vel\n\t\t<\/span><\/div>","aioseo_breadcrumb_json":[{"label":"Home","link":"https:\/\/anoticiaonline.com.br\/site"},{"label":"Eventos","link":"https:\/\/anoticiaonline.com.br\/site\/categoria\/eventos\/"},{"label":"Gaby Fashion \u00e9 reinaugurada em espa\u00e7o mais amplo e confort\u00e1vel","link":"https:\/\/anoticiaonline.com.br\/site\/gaby-fashion-e-reinaugurada-em-espaco-mais-amplo-e-confortavel\/"}],"views":206,"_links":{"self":[{"href":"https:\/\/anoticiaonline.com.br\/site\/wp-json\/wp\/v2\/posts\/21641","targetHints":{"allow":["GET"]}}],"collection":[{"href":"https:\/\/anoticiaonline.com.br\/site\/wp-json\/wp\/v2\/posts"}],"about":[{"href":"https:\/\/anoticiaonline.com.br\/site\/wp-json\/wp\/v2\/types\/post"}],"author":[{"embeddable":true,"href":"https:\/\/anoticiaonline.com.br\/site\/wp-json\/wp\/v2\/users\/2"}],"replies":[{"embeddable":true,"href":"https:\/\/anoticiaonline.com.br\/site\/wp-json\/wp\/v2\/comments?post=21641"}],"version-history":[{"count":0,"href":"https:\/\/anoticiaonline.com.br\/site\/wp-json\/wp\/v2\/posts\/21641\/revisions"}],"wp:featuredmedia":[{"embeddable":true,"href":"https:\/\/anoticiaonline.com.br\/site\/wp-json\/wp\/v2\/media\/21642"}],"wp:attachment":[{"href":"https:\/\/anoticiaonline.com.br\/site\/wp-json\/wp\/v2\/media?parent=21641"}],"wp:term":[{"taxonomy":"category","embeddable":true,"href":"https:\/\/anoticiaonline.com.br\/site\/wp-json\/wp\/v2\/categories?post=21641"},{"taxonomy":"post_tag","embeddable":true,"href":"https:\/\/anoticiaonline.com.br\/site\/wp-json\/wp\/v2\/tags?post=21641"}],"curies":[{"name":"wp","href":"https:\/\/api.w.org\/{rel}","templated":true}]}}