{"id":21638,"date":"2016-11-17T13:42:27","date_gmt":"2016-11-17T16:42:27","guid":{"rendered":"http:\/\/anoticiaonline.com.br\/site\/?p=21638"},"modified":"2016-11-17T13:42:27","modified_gmt":"2016-11-17T16:42:27","slug":"show-de-premios-da-apae-acontecera-neste-domingo","status":"publish","type":"post","link":"https:\/\/anoticiaonline.com.br\/site\/show-de-premios-da-apae-acontecera-neste-domingo\/","title":{"rendered":"Show de Pr\u00eamios da Apae acontecer\u00e1 neste domingo"},"content":{"rendered":"<p><a href=\"https:\/\/anoticiaonline.com.br\/site\/wp-content\/uploads\/2016\/11\/Show-de-Pr\u00eamios-Apae.jpg\"><img fetchpriority=\"high\" decoding=\"async\" class=\" size-medium wp-image-21639 alignleft\" src=\"https:\/\/anoticiaonline.com.br\/site\/wp-content\/uploads\/2016\/11\/Show-de-Pr\u00eamios-Apae-300x181.jpg\" alt=\"show-de-premios-apae\" width=\"300\" height=\"181\" srcset=\"https:\/\/anoticiaonline.com.br\/site\/wp-content\/uploads\/2016\/11\/Show-de-Pr\u00eamios-Apae-300x181.jpg 300w, https:\/\/anoticiaonline.com.br\/site\/wp-content\/uploads\/2016\/11\/Show-de-Pr\u00eamios-Apae.jpg 640w\" sizes=\"(max-width: 300px) 100vw, 300px\" \/><\/a>O Show de Pr\u00eamios da Apae, que aconteceria no \u00faltimo domingo (13), foi\u00a0 adiado para o pr\u00f3ximo domingo (20), \u00e0s 14h, no Parque de Exposi\u00e7\u00e3o, devido \u00e0 chuva que caiu sobre a cidade naquele dia.<\/p>\n<p>A associa\u00e7\u00e3o informa, ainda, que os problemas com o som foram resolvidos e que haver\u00e1 tel\u00f5es na frente do palco para melhor visualiza\u00e7\u00e3o dos n\u00fameros sorteados.<\/p>\n<p>A Apae solicita tamb\u00e9m, se poss\u00edvel, que as crian\u00e7as sejam deixadas em casa, devido ao grande n\u00famero de pessoas que est\u00e3o sendo esperadas para comparecerem ao evento; que se procure outra forma de transporte, para evitar congestionamento e aglomera\u00e7\u00e3o de carros; e que se chegue com uma hora de anteced\u00eancia ao hor\u00e1rio marcado para o Show de Pr\u00eamios. \u201cA Apae de Muria\u00e9, atrav\u00e9s de sua dire\u00e7\u00e3o e diretoria, agradece a compreens\u00e3o de todos\u201d, informa a institui\u00e7\u00e3o em nota \u00e0 imprensa.<\/p>\n","protected":false},"excerpt":{"rendered":"<p>O Show de Pr\u00eamios da Apae, que aconteceria no \u00faltimo domingo (13), foi\u00a0 adiado para o pr\u00f3ximo domingo (20), \u00e0s 14h, no Parque de Exposi\u00e7\u00e3o, devido \u00e0 chuva que caiu sobre a cidade naquele dia. A associa\u00e7\u00e3o informa, ainda, que os problemas com o som foram resolvidos e que haver\u00e1 tel\u00f5es na frente do palco &#8230; <a title=\"Show de Pr\u00eamios da Apae acontecer\u00e1 neste domingo\" class=\"read-more\" href=\"https:\/\/anoticiaonline.com.br\/site\/show-de-premios-da-apae-acontecera-neste-domingo\/\" aria-label=\"Read more about Show de Pr\u00eamios da Apae acontecer\u00e1 neste domingo\">Ler mais<\/a><\/p>\n","protected":false},"author":2,"featured_media":21639,"comment_status":"open","ping_status":"open","sticky":false,"template":"","format":"standard","meta":{"_acf_changed":false,"_monsterinsights_skip_tracking":false,"footnotes":""},"categories":[24],"tags":[3],"class_list":["post-21638","post","type-post","status-publish","format-standard","has-post-thumbnail","hentry","category-eventos","tag-slide"],"acf":[],"aioseo_notices":[],"aioseo_head":"\n\t\t<!-- All in One SEO 5.0.0.1 - aioseo.com -->\n\t<meta name=\"description\" content=\"O Show de Pr\u00eamios da Apae, que aconteceria no \u00faltimo domingo (13), foi adiado para o pr\u00f3ximo domingo (20), \u00e0s 14h, no Parque de Exposi\u00e7\u00e3o, devido \u00e0 chuva que caiu sobre a cidade naquele dia. A associa\u00e7\u00e3o informa, ainda, que os problemas com o som foram resolvidos e que haver\u00e1 tel\u00f5es na frente do palco\" \/>\n\t<meta name=\"robots\" content=\"max-image-preview:large\" \/>\n\t<meta name=\"author\" content=\"Juliana Laviola\"\/>\n\t<link rel=\"canonical\" href=\"https:\/\/anoticiaonline.com.br\/site\/show-de-premios-da-apae-acontecera-neste-domingo\/\" \/>\n\t<meta name=\"generator\" content=\"All in One SEO (AIOSEO) 5.0.0.1\" \/>\n\t\t<meta property=\"og:locale\" content=\"pt_BR\" \/>\n\t\t<meta property=\"og:site_name\" content=\"A Not\u00edcia Online - Noticias de Muria\u00e9 e regi\u00e3o\" \/>\n\t\t<meta property=\"og:type\" content=\"article\" \/>\n\t\t<meta property=\"og:title\" content=\"Show de Pr\u00eamios da Apae acontecer\u00e1 neste domingo - A Not\u00edcia Online\" \/>\n\t\t<meta property=\"og:description\" content=\"O Show de Pr\u00eamios da Apae, que aconteceria no \u00faltimo domingo (13), foi adiado para o pr\u00f3ximo domingo (20), \u00e0s 14h, no Parque de Exposi\u00e7\u00e3o, devido \u00e0 chuva que caiu sobre a cidade naquele dia. A associa\u00e7\u00e3o informa, ainda, que os problemas com o som foram resolvidos e que haver\u00e1 tel\u00f5es na frente do palco\" \/>\n\t\t<meta property=\"og:url\" content=\"https:\/\/anoticiaonline.com.br\/site\/show-de-premios-da-apae-acontecera-neste-domingo\/\" \/>\n\t\t<meta property=\"og:image\" content=\"https:\/\/scontent-gig4-1.xx.fbcdn.net\/v\/t39.30808-1\/270437624_4564083193639691_6907940295614233970_n.jpg?stp=dst-jpg_s200x200_tt6&#038;_nc_cat=111&#038;ccb=1-7&#038;_nc_sid=f907e8&#038;_nc_ohc=SM1wRlP3lJwQ7kNvwEPuBYA&#038;_nc_oc=AdnqrjDN_BNjSSHWO-GbkIWH6fkGMLw4bqvL_NH6e2wMveX7G-rP2dAqsDSq1mJMOaY&#038;_nc_zt=24&#038;_nc_ht=scontent-gig4-1.xx&#038;_nc_gid=AoBFJeGrT1hVaew_6rchkQ&#038;oh=00_AfX7QmFGhQhG2jAllVgXCiM1ZrWgvtp80-Bfppyexh1QEg&#038;oe=689E923C\" \/>\n\t\t<meta property=\"og:image:secure_url\" content=\"https:\/\/scontent-gig4-1.xx.fbcdn.net\/v\/t39.30808-1\/270437624_4564083193639691_6907940295614233970_n.jpg?stp=dst-jpg_s200x200_tt6&#038;_nc_cat=111&#038;ccb=1-7&#038;_nc_sid=f907e8&#038;_nc_ohc=SM1wRlP3lJwQ7kNvwEPuBYA&#038;_nc_oc=AdnqrjDN_BNjSSHWO-GbkIWH6fkGMLw4bqvL_NH6e2wMveX7G-rP2dAqsDSq1mJMOaY&#038;_nc_zt=24&#038;_nc_ht=scontent-gig4-1.xx&#038;_nc_gid=AoBFJeGrT1hVaew_6rchkQ&#038;oh=00_AfX7QmFGhQhG2jAllVgXCiM1ZrWgvtp80-Bfppyexh1QEg&#038;oe=689E923C\" \/>\n\t\t<meta property=\"article:published_time\" content=\"2016-11-17T16:42:27+00:00\" \/>\n\t\t<meta property=\"article:modified_time\" content=\"2016-11-17T16:42:27+00:00\" \/>\n\t\t<meta name=\"twitter:card\" content=\"summary_large_image\" \/>\n\t\t<meta name=\"twitter:title\" content=\"Show de Pr\u00eamios da Apae acontecer\u00e1 neste domingo - A Not\u00edcia Online\" \/>\n\t\t<meta name=\"twitter:description\" content=\"O Show de Pr\u00eamios da Apae, que aconteceria no \u00faltimo domingo (13), foi adiado para o pr\u00f3ximo domingo (20), \u00e0s 14h, no Parque de Exposi\u00e7\u00e3o, devido \u00e0 chuva que caiu sobre a cidade naquele dia. A associa\u00e7\u00e3o informa, ainda, que os problemas com o som foram resolvidos e que haver\u00e1 tel\u00f5es na frente do palco\" \/>\n\t\t<meta name=\"twitter:image\" content=\"https:\/\/scontent-gig4-1.xx.fbcdn.net\/v\/t39.30808-1\/270437624_4564083193639691_6907940295614233970_n.jpg?stp=dst-jpg_s200x200_tt6&amp;_nc_cat=111&amp;ccb=1-7&amp;_nc_sid=f907e8&amp;_nc_ohc=SM1wRlP3lJwQ7kNvwEPuBYA&amp;_nc_oc=AdnqrjDN_BNjSSHWO-GbkIWH6fkGMLw4bqvL_NH6e2wMveX7G-rP2dAqsDSq1mJMOaY&amp;_nc_zt=24&amp;_nc_ht=scontent-gig4-1.xx&amp;_nc_gid=AoBFJeGrT1hVaew_6rchkQ&amp;oh=00_AfX7QmFGhQhG2jAllVgXCiM1ZrWgvtp80-Bfppyexh1QEg&amp;oe=689E923C\" \/>\n\t\t<script type=\"application\/ld+json\" class=\"aioseo-schema\">\n\t\t\t{\"@context\":\"https:\\\/\\\/schema.org\",\"@graph\":[{\"@type\":\"BlogPosting\",\"@id\":\"https:\\\/\\\/anoticiaonline.com.br\\\/site\\\/show-de-premios-da-apae-acontecera-neste-domingo\\\/#blogposting\",\"name\":\"Show de Pr\\u00eamios da Apae acontecer\\u00e1 neste domingo - A Not\\u00edcia Online\",\"headline\":\"Show de Pr\\u00eamios da Apae acontecer\\u00e1 neste domingo\",\"author\":{\"@id\":\"https:\\\/\\\/anoticiaonline.com.br\\\/site\\\/author\\\/juliana\\\/#author\"},\"publisher\":{\"@id\":\"https:\\\/\\\/anoticiaonline.com.br\\\/site\\\/#organization\"},\"image\":{\"@type\":\"ImageObject\",\"url\":\"https:\\\/\\\/anoticiaonline.com.br\\\/site\\\/wp-content\\\/uploads\\\/2016\\\/11\\\/Show-de-Pr\\u00eamios-Apae.jpg\",\"width\":640,\"height\":386},\"datePublished\":\"2016-11-17T13:42:27-03:00\",\"dateModified\":\"2016-11-17T13:42:27-03:00\",\"inLanguage\":\"pt-BR\",\"mainEntityOfPage\":{\"@id\":\"https:\\\/\\\/anoticiaonline.com.br\\\/site\\\/show-de-premios-da-apae-acontecera-neste-domingo\\\/#webpage\"},\"isPartOf\":{\"@id\":\"https:\\\/\\\/anoticiaonline.com.br\\\/site\\\/show-de-premios-da-apae-acontecera-neste-domingo\\\/#webpage\"},\"articleSection\":\"Eventos, slide\"},{\"@type\":\"BreadcrumbList\",\"@id\":\"https:\\\/\\\/anoticiaonline.com.br\\\/site\\\/show-de-premios-da-apae-acontecera-neste-domingo\\\/#breadcrumblist\",\"itemListElement\":[{\"@type\":\"ListItem\",\"@id\":\"https:\\\/\\\/anoticiaonline.com.br\\\/site#listItem\",\"position\":1,\"name\":\"Home\",\"item\":\"https:\\\/\\\/anoticiaonline.com.br\\\/site\",\"nextItem\":{\"@type\":\"ListItem\",\"@id\":\"https:\\\/\\\/anoticiaonline.com.br\\\/site\\\/categoria\\\/eventos\\\/#listItem\",\"name\":\"Eventos\"}},{\"@type\":\"ListItem\",\"@id\":\"https:\\\/\\\/anoticiaonline.com.br\\\/site\\\/categoria\\\/eventos\\\/#listItem\",\"position\":2,\"name\":\"Eventos\",\"item\":\"https:\\\/\\\/anoticiaonline.com.br\\\/site\\\/categoria\\\/eventos\\\/\",\"nextItem\":{\"@type\":\"ListItem\",\"@id\":\"https:\\\/\\\/anoticiaonline.com.br\\\/site\\\/show-de-premios-da-apae-acontecera-neste-domingo\\\/#listItem\",\"name\":\"Show de Pr\\u00eamios da Apae acontecer\\u00e1 neste domingo\"},\"previousItem\":{\"@type\":\"ListItem\",\"@id\":\"https:\\\/\\\/anoticiaonline.com.br\\\/site#listItem\",\"name\":\"Home\"}},{\"@type\":\"ListItem\",\"@id\":\"https:\\\/\\\/anoticiaonline.com.br\\\/site\\\/show-de-premios-da-apae-acontecera-neste-domingo\\\/#listItem\",\"position\":3,\"name\":\"Show de Pr\\u00eamios da Apae acontecer\\u00e1 neste domingo\",\"previousItem\":{\"@type\":\"ListItem\",\"@id\":\"https:\\\/\\\/anoticiaonline.com.br\\\/site\\\/categoria\\\/eventos\\\/#listItem\",\"name\":\"Eventos\"}}]},{\"@type\":\"Organization\",\"@id\":\"https:\\\/\\\/anoticiaonline.com.br\\\/site\\\/#organization\",\"name\":\"A Not\\u00edcia Online\",\"description\":\"Noticias de Muria\\u00e9 e regi\\u00e3o\",\"url\":\"https:\\\/\\\/anoticiaonline.com.br\\\/site\\\/\",\"logo\":{\"@type\":\"ImageObject\",\"url\":\"https:\\\/\\\/scontent-gig4-1.xx.fbcdn.net\\\/v\\\/t39.30808-1\\\/270437624_4564083193639691_6907940295614233970_n.jpg?stp=dst-jpg_s200x200_tt6&_nc_cat=111&ccb=1-7&_nc_sid=f907e8&_nc_ohc=SM1wRlP3lJwQ7kNvwEPuBYA&_nc_oc=AdnqrjDN_BNjSSHWO-GbkIWH6fkGMLw4bqvL_NH6e2wMveX7G-rP2dAqsDSq1mJMOaY&_nc_zt=24&_nc_ht=scontent-gig4-1.xx&_nc_gid=AoBFJeGrT1hVaew_6rchkQ&oh=00_AfX7QmFGhQhG2jAllVgXCiM1ZrWgvtp80-Bfppyexh1QEg&oe=689E923C\",\"@id\":\"https:\\\/\\\/anoticiaonline.com.br\\\/site\\\/show-de-premios-da-apae-acontecera-neste-domingo\\\/#organizationLogo\"},\"image\":{\"@id\":\"https:\\\/\\\/anoticiaonline.com.br\\\/site\\\/show-de-premios-da-apae-acontecera-neste-domingo\\\/#organizationLogo\"}},{\"@type\":\"Person\",\"@id\":\"https:\\\/\\\/anoticiaonline.com.br\\\/site\\\/author\\\/juliana\\\/#author\",\"url\":\"https:\\\/\\\/anoticiaonline.com.br\\\/site\\\/author\\\/juliana\\\/\",\"name\":\"Juliana Laviola\",\"image\":{\"@type\":\"ImageObject\",\"@id\":\"https:\\\/\\\/anoticiaonline.com.br\\\/site\\\/show-de-premios-da-apae-acontecera-neste-domingo\\\/#authorImage\",\"url\":\"https:\\\/\\\/secure.gravatar.com\\\/avatar\\\/b8d45f5c699b100dfaf0e543582f38f38bf94cb7ae3a5e9abf8d891a34773335?s=96&d=mm&r=g\",\"width\":96,\"height\":96,\"caption\":\"Juliana Laviola\"}},{\"@type\":\"WebPage\",\"@id\":\"https:\\\/\\\/anoticiaonline.com.br\\\/site\\\/show-de-premios-da-apae-acontecera-neste-domingo\\\/#webpage\",\"url\":\"https:\\\/\\\/anoticiaonline.com.br\\\/site\\\/show-de-premios-da-apae-acontecera-neste-domingo\\\/\",\"name\":\"Show de Pr\\u00eamios da Apae acontecer\\u00e1 neste domingo - A Not\\u00edcia Online\",\"description\":\"O Show de Pr\\u00eamios da Apae, que aconteceria no \\u00faltimo domingo (13), foi adiado para o pr\\u00f3ximo domingo (20), \\u00e0s 14h, no Parque de Exposi\\u00e7\\u00e3o, devido \\u00e0 chuva que caiu sobre a cidade naquele dia. A associa\\u00e7\\u00e3o informa, ainda, que os problemas com o som foram resolvidos e que haver\\u00e1 tel\\u00f5es na frente do palco\",\"inLanguage\":\"pt-BR\",\"isPartOf\":{\"@id\":\"https:\\\/\\\/anoticiaonline.com.br\\\/site\\\/#website\"},\"breadcrumb\":{\"@id\":\"https:\\\/\\\/anoticiaonline.com.br\\\/site\\\/show-de-premios-da-apae-acontecera-neste-domingo\\\/#breadcrumblist\"},\"author\":{\"@id\":\"https:\\\/\\\/anoticiaonline.com.br\\\/site\\\/author\\\/juliana\\\/#author\"},\"creator\":{\"@id\":\"https:\\\/\\\/anoticiaonline.com.br\\\/site\\\/author\\\/juliana\\\/#author\"},\"image\":{\"@type\":\"ImageObject\",\"url\":\"https:\\\/\\\/anoticiaonline.com.br\\\/site\\\/wp-content\\\/uploads\\\/2016\\\/11\\\/Show-de-Pr\\u00eamios-Apae.jpg\",\"@id\":\"https:\\\/\\\/anoticiaonline.com.br\\\/site\\\/show-de-premios-da-apae-acontecera-neste-domingo\\\/#mainImage\",\"width\":640,\"height\":386},\"primaryImageOfPage\":{\"@id\":\"https:\\\/\\\/anoticiaonline.com.br\\\/site\\\/show-de-premios-da-apae-acontecera-neste-domingo\\\/#mainImage\"},\"datePublished\":\"2016-11-17T13:42:27-03:00\",\"dateModified\":\"2016-11-17T13:42:27-03:00\"},{\"@type\":\"WebSite\",\"@id\":\"https:\\\/\\\/anoticiaonline.com.br\\\/site\\\/#website\",\"url\":\"https:\\\/\\\/anoticiaonline.com.br\\\/site\\\/\",\"name\":\"A Not\\u00edcia Online\",\"description\":\"Noticias de Muria\\u00e9 e regi\\u00e3o\",\"inLanguage\":\"pt-BR\",\"publisher\":{\"@id\":\"https:\\\/\\\/anoticiaonline.com.br\\\/site\\\/#organization\"}}]}\n\t\t<\/script>\n\t\t<!-- All in One SEO -->\n\n","aioseo_head_json":{"title":"Show de Pr\u00eamios da Apae acontecer\u00e1 neste domingo - A Not\u00edcia Online","description":"O Show de Pr\u00eamios da Apae, que aconteceria no \u00faltimo domingo (13), foi adiado para o pr\u00f3ximo domingo (20), \u00e0s 14h, no Parque de Exposi\u00e7\u00e3o, devido \u00e0 chuva que caiu sobre a cidade naquele dia. A associa\u00e7\u00e3o informa, ainda, que os problemas com o som foram resolvidos e que haver\u00e1 tel\u00f5es na frente do palco","canonical_url":"https:\/\/anoticiaonline.com.br\/site\/show-de-premios-da-apae-acontecera-neste-domingo\/","robots":"max-image-preview:large","keywords":"","webmasterTools":{"miscellaneous":""},"schema":{"@context":"https:\/\/schema.org","@graph":[{"@type":"BlogPosting","@id":"https:\/\/anoticiaonline.com.br\/site\/show-de-premios-da-apae-acontecera-neste-domingo\/#blogposting","name":"Show de Pr\u00eamios da Apae acontecer\u00e1 neste domingo - A Not\u00edcia Online","headline":"Show de Pr\u00eamios da Apae acontecer\u00e1 neste domingo","author":{"@id":"https:\/\/anoticiaonline.com.br\/site\/author\/juliana\/#author"},"publisher":{"@id":"https:\/\/anoticiaonline.com.br\/site\/#organization"},"image":{"@type":"ImageObject","url":"https:\/\/anoticiaonline.com.br\/site\/wp-content\/uploads\/2016\/11\/Show-de-Pr\u00eamios-Apae.jpg","width":640,"height":386},"datePublished":"2016-11-17T13:42:27-03:00","dateModified":"2016-11-17T13:42:27-03:00","inLanguage":"pt-BR","mainEntityOfPage":{"@id":"https:\/\/anoticiaonline.com.br\/site\/show-de-premios-da-apae-acontecera-neste-domingo\/#webpage"},"isPartOf":{"@id":"https:\/\/anoticiaonline.com.br\/site\/show-de-premios-da-apae-acontecera-neste-domingo\/#webpage"},"articleSection":"Eventos, slide"},{"@type":"BreadcrumbList","@id":"https:\/\/anoticiaonline.com.br\/site\/show-de-premios-da-apae-acontecera-neste-domingo\/#breadcrumblist","itemListElement":[{"@type":"ListItem","@id":"https:\/\/anoticiaonline.com.br\/site#listItem","position":1,"name":"Home","item":"https:\/\/anoticiaonline.com.br\/site","nextItem":{"@type":"ListItem","@id":"https:\/\/anoticiaonline.com.br\/site\/categoria\/eventos\/#listItem","name":"Eventos"}},{"@type":"ListItem","@id":"https:\/\/anoticiaonline.com.br\/site\/categoria\/eventos\/#listItem","position":2,"name":"Eventos","item":"https:\/\/anoticiaonline.com.br\/site\/categoria\/eventos\/","nextItem":{"@type":"ListItem","@id":"https:\/\/anoticiaonline.com.br\/site\/show-de-premios-da-apae-acontecera-neste-domingo\/#listItem","name":"Show de Pr\u00eamios da Apae acontecer\u00e1 neste domingo"},"previousItem":{"@type":"ListItem","@id":"https:\/\/anoticiaonline.com.br\/site#listItem","name":"Home"}},{"@type":"ListItem","@id":"https:\/\/anoticiaonline.com.br\/site\/show-de-premios-da-apae-acontecera-neste-domingo\/#listItem","position":3,"name":"Show de Pr\u00eamios da Apae acontecer\u00e1 neste domingo","previousItem":{"@type":"ListItem","@id":"https:\/\/anoticiaonline.com.br\/site\/categoria\/eventos\/#listItem","name":"Eventos"}}]},{"@type":"Organization","@id":"https:\/\/anoticiaonline.com.br\/site\/#organization","name":"A Not\u00edcia Online","description":"Noticias de Muria\u00e9 e regi\u00e3o","url":"https:\/\/anoticiaonline.com.br\/site\/","logo":{"@type":"ImageObject","url":"https:\/\/scontent-gig4-1.xx.fbcdn.net\/v\/t39.30808-1\/270437624_4564083193639691_6907940295614233970_n.jpg?stp=dst-jpg_s200x200_tt6&_nc_cat=111&ccb=1-7&_nc_sid=f907e8&_nc_ohc=SM1wRlP3lJwQ7kNvwEPuBYA&_nc_oc=AdnqrjDN_BNjSSHWO-GbkIWH6fkGMLw4bqvL_NH6e2wMveX7G-rP2dAqsDSq1mJMOaY&_nc_zt=24&_nc_ht=scontent-gig4-1.xx&_nc_gid=AoBFJeGrT1hVaew_6rchkQ&oh=00_AfX7QmFGhQhG2jAllVgXCiM1ZrWgvtp80-Bfppyexh1QEg&oe=689E923C","@id":"https:\/\/anoticiaonline.com.br\/site\/show-de-premios-da-apae-acontecera-neste-domingo\/#organizationLogo"},"image":{"@id":"https:\/\/anoticiaonline.com.br\/site\/show-de-premios-da-apae-acontecera-neste-domingo\/#organizationLogo"}},{"@type":"Person","@id":"https:\/\/anoticiaonline.com.br\/site\/author\/juliana\/#author","url":"https:\/\/anoticiaonline.com.br\/site\/author\/juliana\/","name":"Juliana Laviola","image":{"@type":"ImageObject","@id":"https:\/\/anoticiaonline.com.br\/site\/show-de-premios-da-apae-acontecera-neste-domingo\/#authorImage","url":"https:\/\/secure.gravatar.com\/avatar\/b8d45f5c699b100dfaf0e543582f38f38bf94cb7ae3a5e9abf8d891a34773335?s=96&d=mm&r=g","width":96,"height":96,"caption":"Juliana Laviola"}},{"@type":"WebPage","@id":"https:\/\/anoticiaonline.com.br\/site\/show-de-premios-da-apae-acontecera-neste-domingo\/#webpage","url":"https:\/\/anoticiaonline.com.br\/site\/show-de-premios-da-apae-acontecera-neste-domingo\/","name":"Show de Pr\u00eamios da Apae acontecer\u00e1 neste domingo - A Not\u00edcia Online","description":"O Show de Pr\u00eamios da Apae, que aconteceria no \u00faltimo domingo (13), foi adiado para o pr\u00f3ximo domingo (20), \u00e0s 14h, no Parque de Exposi\u00e7\u00e3o, devido \u00e0 chuva que caiu sobre a cidade naquele dia. A associa\u00e7\u00e3o informa, ainda, que os problemas com o som foram resolvidos e que haver\u00e1 tel\u00f5es na frente do palco","inLanguage":"pt-BR","isPartOf":{"@id":"https:\/\/anoticiaonline.com.br\/site\/#website"},"breadcrumb":{"@id":"https:\/\/anoticiaonline.com.br\/site\/show-de-premios-da-apae-acontecera-neste-domingo\/#breadcrumblist"},"author":{"@id":"https:\/\/anoticiaonline.com.br\/site\/author\/juliana\/#author"},"creator":{"@id":"https:\/\/anoticiaonline.com.br\/site\/author\/juliana\/#author"},"image":{"@type":"ImageObject","url":"https:\/\/anoticiaonline.com.br\/site\/wp-content\/uploads\/2016\/11\/Show-de-Pr\u00eamios-Apae.jpg","@id":"https:\/\/anoticiaonline.com.br\/site\/show-de-premios-da-apae-acontecera-neste-domingo\/#mainImage","width":640,"height":386},"primaryImageOfPage":{"@id":"https:\/\/anoticiaonline.com.br\/site\/show-de-premios-da-apae-acontecera-neste-domingo\/#mainImage"},"datePublished":"2016-11-17T13:42:27-03:00","dateModified":"2016-11-17T13:42:27-03:00"},{"@type":"WebSite","@id":"https:\/\/anoticiaonline.com.br\/site\/#website","url":"https:\/\/anoticiaonline.com.br\/site\/","name":"A Not\u00edcia Online","description":"Noticias de Muria\u00e9 e regi\u00e3o","inLanguage":"pt-BR","publisher":{"@id":"https:\/\/anoticiaonline.com.br\/site\/#organization"}}]},"og:locale":"pt_BR","og:site_name":"A Not\u00edcia Online - Noticias de Muria\u00e9 e regi\u00e3o","og:type":"article","og:title":"Show de Pr\u00eamios da Apae acontecer\u00e1 neste domingo - A Not\u00edcia Online","og:description":"O Show de Pr\u00eamios da Apae, que aconteceria no \u00faltimo domingo (13), foi adiado para o pr\u00f3ximo domingo (20), \u00e0s 14h, no Parque de Exposi\u00e7\u00e3o, devido \u00e0 chuva que caiu sobre a cidade naquele dia. A associa\u00e7\u00e3o informa, ainda, que os problemas com o som foram resolvidos e que haver\u00e1 tel\u00f5es na frente do palco","og:url":"https:\/\/anoticiaonline.com.br\/site\/show-de-premios-da-apae-acontecera-neste-domingo\/","og:image":"https:\/\/scontent-gig4-1.xx.fbcdn.net\/v\/t39.30808-1\/270437624_4564083193639691_6907940295614233970_n.jpg?stp=dst-jpg_s200x200_tt6&#038;_nc_cat=111&#038;ccb=1-7&#038;_nc_sid=f907e8&#038;_nc_ohc=SM1wRlP3lJwQ7kNvwEPuBYA&#038;_nc_oc=AdnqrjDN_BNjSSHWO-GbkIWH6fkGMLw4bqvL_NH6e2wMveX7G-rP2dAqsDSq1mJMOaY&#038;_nc_zt=24&#038;_nc_ht=scontent-gig4-1.xx&#038;_nc_gid=AoBFJeGrT1hVaew_6rchkQ&#038;oh=00_AfX7QmFGhQhG2jAllVgXCiM1ZrWgvtp80-Bfppyexh1QEg&#038;oe=689E923C","og:image:secure_url":"https:\/\/scontent-gig4-1.xx.fbcdn.net\/v\/t39.30808-1\/270437624_4564083193639691_6907940295614233970_n.jpg?stp=dst-jpg_s200x200_tt6&#038;_nc_cat=111&#038;ccb=1-7&#038;_nc_sid=f907e8&#038;_nc_ohc=SM1wRlP3lJwQ7kNvwEPuBYA&#038;_nc_oc=AdnqrjDN_BNjSSHWO-GbkIWH6fkGMLw4bqvL_NH6e2wMveX7G-rP2dAqsDSq1mJMOaY&#038;_nc_zt=24&#038;_nc_ht=scontent-gig4-1.xx&#038;_nc_gid=AoBFJeGrT1hVaew_6rchkQ&#038;oh=00_AfX7QmFGhQhG2jAllVgXCiM1ZrWgvtp80-Bfppyexh1QEg&#038;oe=689E923C","article:published_time":"2016-11-17T16:42:27+00:00","article:modified_time":"2016-11-17T16:42:27+00:00","twitter:card":"summary_large_image","twitter:title":"Show de Pr\u00eamios da Apae acontecer\u00e1 neste domingo - A Not\u00edcia Online","twitter:description":"O Show de Pr\u00eamios da Apae, que aconteceria no \u00faltimo domingo (13), foi adiado para o pr\u00f3ximo domingo (20), \u00e0s 14h, no Parque de Exposi\u00e7\u00e3o, devido \u00e0 chuva que caiu sobre a cidade naquele dia. A associa\u00e7\u00e3o informa, ainda, que os problemas com o som foram resolvidos e que haver\u00e1 tel\u00f5es na frente do palco","twitter:image":"https:\/\/scontent-gig4-1.xx.fbcdn.net\/v\/t39.30808-1\/270437624_4564083193639691_6907940295614233970_n.jpg?stp=dst-jpg_s200x200_tt6&_nc_cat=111&ccb=1-7&_nc_sid=f907e8&_nc_ohc=SM1wRlP3lJwQ7kNvwEPuBYA&_nc_oc=AdnqrjDN_BNjSSHWO-GbkIWH6fkGMLw4bqvL_NH6e2wMveX7G-rP2dAqsDSq1mJMOaY&_nc_zt=24&_nc_ht=scontent-gig4-1.xx&_nc_gid=AoBFJeGrT1hVaew_6rchkQ&oh=00_AfX7QmFGhQhG2jAllVgXCiM1ZrWgvtp80-Bfppyexh1QEg&oe=689E923C"},"aioseo_meta_data":{"post_id":"21638","title":null,"description":null,"keywords":null,"keyphrases":null,"primary_term":null,"canonical_url":null,"og_title":null,"og_description":null,"og_object_type":"default","og_image_type":"default","og_image_url":null,"og_image_width":null,"og_image_height":null,"og_image_custom_url":null,"og_image_custom_fields":null,"og_video":null,"og_custom_url":null,"og_article_section":null,"og_article_tags":null,"twitter_use_og":false,"twitter_card":"default","twitter_image_type":"default","twitter_image_url":null,"twitter_image_custom_url":null,"twitter_image_custom_fields":null,"twitter_title":null,"twitter_description":null,"schema":{"blockGraphs":[],"customGraphs":[],"default":{"data":{"Article":[],"Course":[],"Dataset":[],"FAQPage":[],"Movie":[],"Person":[],"Product":[],"ProductReview":[],"Car":[],"Recipe":[],"Service":[],"SoftwareApplication":[],"WebPage":[]},"graphName":"","isEnabled":true},"graphs":[]},"schema_type":"default","schema_type_options":null,"pillar_content":false,"robots_default":true,"robots_noindex":false,"robots_noarchive":false,"robots_nosnippet":false,"robots_nofollow":false,"robots_noimageindex":false,"robots_noodp":false,"robots_notranslate":false,"robots_max_snippet":null,"robots_max_videopreview":null,"robots_max_imagepreview":"large","priority":null,"frequency":null,"local_seo":null,"breadcrumb_settings":null,"limit_modified_date":false,"ai":null,"created":"2025-08-16 17:11:19","updated":"2025-08-16 17:11:19","focus_keyword":null,"additional_keywords":null,"truseo_locale":null,"seo_analyzer_scan_date":null},"aioseo_breadcrumb":"<div class=\"aioseo-breadcrumbs\"><span class=\"aioseo-breadcrumb\">\n\t\t\t<a href=\"https:\/\/anoticiaonline.com.br\/site\" title=\"Home\">Home<\/a>\n\t\t<\/span><span class=\"aioseo-breadcrumb-separator\">&raquo;<\/span><span class=\"aioseo-breadcrumb\">\n\t\t\t<a href=\"https:\/\/anoticiaonline.com.br\/site\/categoria\/eventos\/\" title=\"Eventos\">Eventos<\/a>\n\t\t<\/span><span class=\"aioseo-breadcrumb-separator\">&raquo;<\/span><span class=\"aioseo-breadcrumb\">\n\t\t\tShow de Pr\u00eamios da Apae acontecer\u00e1 neste domingo\n\t\t<\/span><\/div>","aioseo_breadcrumb_json":[{"label":"Home","link":"https:\/\/anoticiaonline.com.br\/site"},{"label":"Eventos","link":"https:\/\/anoticiaonline.com.br\/site\/categoria\/eventos\/"},{"label":"Show de Pr\u00eamios da Apae acontecer\u00e1 neste domingo","link":"https:\/\/anoticiaonline.com.br\/site\/show-de-premios-da-apae-acontecera-neste-domingo\/"}],"views":160,"_links":{"self":[{"href":"https:\/\/anoticiaonline.com.br\/site\/wp-json\/wp\/v2\/posts\/21638","targetHints":{"allow":["GET"]}}],"collection":[{"href":"https:\/\/anoticiaonline.com.br\/site\/wp-json\/wp\/v2\/posts"}],"about":[{"href":"https:\/\/anoticiaonline.com.br\/site\/wp-json\/wp\/v2\/types\/post"}],"author":[{"embeddable":true,"href":"https:\/\/anoticiaonline.com.br\/site\/wp-json\/wp\/v2\/users\/2"}],"replies":[{"embeddable":true,"href":"https:\/\/anoticiaonline.com.br\/site\/wp-json\/wp\/v2\/comments?post=21638"}],"version-history":[{"count":0,"href":"https:\/\/anoticiaonline.com.br\/site\/wp-json\/wp\/v2\/posts\/21638\/revisions"}],"wp:featuredmedia":[{"embeddable":true,"href":"https:\/\/anoticiaonline.com.br\/site\/wp-json\/wp\/v2\/media\/21639"}],"wp:attachment":[{"href":"https:\/\/anoticiaonline.com.br\/site\/wp-json\/wp\/v2\/media?parent=21638"}],"wp:term":[{"taxonomy":"category","embeddable":true,"href":"https:\/\/anoticiaonline.com.br\/site\/wp-json\/wp\/v2\/categories?post=21638"},{"taxonomy":"post_tag","embeddable":true,"href":"https:\/\/anoticiaonline.com.br\/site\/wp-json\/wp\/v2\/tags?post=21638"}],"curies":[{"name":"wp","href":"https:\/\/api.w.org\/{rel}","templated":true}]}}