{"id":21600,"date":"2016-11-17T12:12:06","date_gmt":"2016-11-17T15:12:06","guid":{"rendered":"http:\/\/anoticiaonline.com.br\/site\/?p=21600"},"modified":"2016-11-17T18:25:13","modified_gmt":"2016-11-17T21:25:13","slug":"solenidade-marca-desativacao-dos-servicos-da-17a-delegacia-de-servico-militar-alistamento-nao-sofrera-alteracao","status":"publish","type":"post","link":"https:\/\/anoticiaonline.com.br\/site\/solenidade-marca-desativacao-dos-servicos-da-17a-delegacia-de-servico-militar-alistamento-nao-sofrera-alteracao\/","title":{"rendered":"Solenidade marca desativa\u00e7\u00e3o dos servi\u00e7os da 17\u00aa Delegacia de Servi\u00e7o Militar; alistamento n\u00e3o sofrer\u00e1 altera\u00e7\u00e3o"},"content":{"rendered":"<p><a href=\"https:\/\/anoticiaonline.com.br\/site\/wp-content\/uploads\/2016\/11\/DSC_0487.jpg\"><img fetchpriority=\"high\" decoding=\"async\" class=\" size-medium wp-image-21601 alignleft\" src=\"https:\/\/anoticiaonline.com.br\/site\/wp-content\/uploads\/2016\/11\/DSC_0487-300x192.jpg\" alt=\"dsc_0487\" width=\"300\" height=\"192\" srcset=\"https:\/\/anoticiaonline.com.br\/site\/wp-content\/uploads\/2016\/11\/DSC_0487-300x192.jpg 300w, https:\/\/anoticiaonline.com.br\/site\/wp-content\/uploads\/2016\/11\/DSC_0487.jpg 640w\" sizes=\"(max-width: 300px) 100vw, 300px\" \/><\/a>Uma solenidade marcou a desativa\u00e7\u00e3o dos trabalhos da 17\u00aa Delegacia do Servi\u00e7o Militar, situada no Centro de Muria\u00e9. O fechamento da reparti\u00e7\u00e3o faz parte de uma modifica\u00e7\u00e3o no sistema organizacional do Ex\u00e9rcito Brasileiro e n\u00e3o afetar\u00e1 o alistamento dos jovens na cidade.<\/p>\n<p>O chefe da 12\u00aa Circunscri\u00e7\u00e3o de Servi\u00e7o Militar, tenente-coronel Leonardo, explica que a altera\u00e7\u00e3o, que est\u00e1 sendo feita em car\u00e1ter experimental na 4\u00aa Regi\u00e3o Militar, visa adequar \u00e0 nova realidade, baseada na era digital. Com isso, a Diretoria de Servi\u00e7o Militar implementar\u00e1 na Regi\u00e3o o alistamento militar online, o qual poder\u00e1 ser realizado por qualquer plataforma de m\u00eddia digital. Os jovens tamb\u00e9m poder\u00e3o se alistar na pr\u00f3pria Junta de Servi\u00e7o Militar (JSM), que \u00e9 um \u00f3rg\u00e3o municipal e em Muria\u00e9 est\u00e1 localizada na Rua Coronel Domiciano, 26, 2\u00ba andar, Centro (pr\u00f3ximo aos Correios).<\/p>\n<p>\u201cN\u00e3o h\u00e1 nenhuma necessidade de preocupa\u00e7\u00e3o por parte do cidad\u00e3o. O cidad\u00e3o ter\u00e1 v\u00e1rias possibilidades de alistamento, tanto pela forma online quanto pela forma tradicional, indo \u00e0 Junta e realizando o alistamento por meio do secret\u00e1rio. O que est\u00e1 sendo desativada \u00e9 a 17\u00aa Delegacia. A 121\u00aa Junta continuar\u00e1 exercendo as suas atividades normalmente\u201d, frisa.<\/p>\n<p>A desativa\u00e7\u00e3o das Delegacias de Servi\u00e7o Militar est\u00e1 acontecendo em todo o pa\u00eds por etapas. Ainda segundo o chefe da 12\u00aa Circunscri\u00e7\u00e3o, no Comando Militar do Nordeste, por exemplo, o sistema de alistamento online j\u00e1 foi implementado com sucesso.<\/p>\n<p>A cerim\u00f4nia, que foi realizada na manh\u00e3 de quinta-feira (17), no Teatro Zaccaria Marques, tamb\u00e9m marcou a despedida do delegado do Servi\u00e7o Militar na cidade, tenente Arcanjo, que ocupa o cargo desde janeiro de 2015. Natural de Juiz de Fora, o oficial ser\u00e1 transferido para Goi\u00e2nia (GO), onde atuar\u00e1 no Batalh\u00e3o de Apoio a Opera\u00e7\u00f5es, uma unidade paraquedista da For\u00e7a Armada. \u201cPara mim foi motivo de muita honra ter sido delegado da 17\u00aa Delegacia e poder servir a cidade de Muria\u00e9. Agrade\u00e7o ao bom Deus por eu ter ombreado juntamente com os cidad\u00e3os de Muria\u00e9. Aqui, fui agraciado com o t\u00edtulo de Cidadania Honor\u00e1ria. Juiz de Fora \u00e9 minha terra natal, mas Muria\u00e9 \u00e9 a minha segunda casa. Esta foi uma nobre miss\u00e3o, a qual conclu\u00ed com \u00eaxito\u201d, afirma o tenente Arcanjo.<\/p>\n<p>Durante a solenidade, o tenente e os secret\u00e1rios da JSM, Ana Elisa Florindo Correa, M\u00e1rcia Marques da Silva Daher e Andr\u00e9 Luiz Ferreira Soares, foram homenageados com uma Men\u00e7\u00e3o Honrosa, concedida pelo tenente-coronel Leonardo.<\/p>\n<p>A 12\u00aa Delegacia do Servi\u00e7o Militar de Muria\u00e9 engloba um total de 21 munic\u00edpios, os quais passar\u00e3o a enviar seus dados sobre o alistamento militar diretamente \u00e0 12\u00aa Circunscri\u00e7\u00e3o, situada em Juiz de Fora.<\/p>\n<p>O telefone para contato da 121\u00aa JSM \u00e9 o (32) 3729 1221.<\/p>\n<p><strong>CONFIRA CADA MOMENTO DA SOLENIDADE CLICANDO NA GALERIA DE FOTOS:<\/strong><\/p>\n<p><img decoding=\"async\" class=\"ngg_displayed_gallery mceItem\" src=\"https:\/\/anoticiaonline.com.br\/site\/nextgen-attach_to_post\/preview\/id--21636\" alt=\"\" \/><\/p>\n","protected":false},"excerpt":{"rendered":"<p>Uma solenidade marcou a desativa\u00e7\u00e3o dos trabalhos da 17\u00aa Delegacia do Servi\u00e7o Militar, situada no Centro de Muria\u00e9. O fechamento da reparti\u00e7\u00e3o faz parte de uma modifica\u00e7\u00e3o no sistema organizacional do Ex\u00e9rcito Brasileiro e n\u00e3o afetar\u00e1 o alistamento dos jovens na cidade. O chefe da 12\u00aa Circunscri\u00e7\u00e3o de Servi\u00e7o Militar, tenente-coronel Leonardo, explica que a &#8230; <a title=\"Solenidade marca desativa\u00e7\u00e3o dos servi\u00e7os da 17\u00aa Delegacia de Servi\u00e7o Militar; alistamento n\u00e3o sofrer\u00e1 altera\u00e7\u00e3o\" class=\"read-more\" href=\"https:\/\/anoticiaonline.com.br\/site\/solenidade-marca-desativacao-dos-servicos-da-17a-delegacia-de-servico-militar-alistamento-nao-sofrera-alteracao\/\" aria-label=\"Read more about Solenidade marca desativa\u00e7\u00e3o dos servi\u00e7os da 17\u00aa Delegacia de Servi\u00e7o Militar; alistamento n\u00e3o sofrer\u00e1 altera\u00e7\u00e3o\">Ler mais<\/a><\/p>\n","protected":false},"author":2,"featured_media":21601,"comment_status":"open","ping_status":"open","sticky":false,"template":"","format":"standard","meta":{"_acf_changed":false,"_monsterinsights_skip_tracking":false,"footnotes":""},"categories":[30],"tags":[3],"class_list":["post-21600","post","type-post","status-publish","format-standard","has-post-thumbnail","hentry","category-muriae","tag-slide"],"acf":[],"aioseo_notices":[],"aioseo_head":"\n\t\t<!-- All in One SEO 5.0.0.1 - aioseo.com -->\n\t<meta name=\"description\" content=\"Uma solenidade marcou a desativa\u00e7\u00e3o dos trabalhos da 17\u00aa Delegacia do Servi\u00e7o Militar, situada no Centro de Muria\u00e9. O fechamento da reparti\u00e7\u00e3o faz parte de uma modifica\u00e7\u00e3o no sistema organizacional do Ex\u00e9rcito Brasileiro e n\u00e3o afetar\u00e1 o alistamento dos jovens na cidade. O chefe da 12\u00aa Circunscri\u00e7\u00e3o de Servi\u00e7o Militar, tenente-coronel Leonardo, explica que a\" \/>\n\t<meta name=\"robots\" content=\"max-image-preview:large\" \/>\n\t<meta name=\"author\" content=\"Juliana Laviola\"\/>\n\t<link rel=\"canonical\" href=\"https:\/\/anoticiaonline.com.br\/site\/solenidade-marca-desativacao-dos-servicos-da-17a-delegacia-de-servico-militar-alistamento-nao-sofrera-alteracao\/\" \/>\n\t<meta name=\"generator\" content=\"All in One SEO (AIOSEO) 5.0.0.1\" \/>\n\t\t<meta property=\"og:locale\" content=\"pt_BR\" \/>\n\t\t<meta property=\"og:site_name\" content=\"A Not\u00edcia Online - Noticias de Muria\u00e9 e regi\u00e3o\" \/>\n\t\t<meta property=\"og:type\" content=\"article\" \/>\n\t\t<meta property=\"og:title\" content=\"Solenidade marca desativa\u00e7\u00e3o dos servi\u00e7os da 17\u00aa Delegacia de Servi\u00e7o Militar; alistamento n\u00e3o sofrer\u00e1 altera\u00e7\u00e3o - A Not\u00edcia Online\" \/>\n\t\t<meta property=\"og:description\" content=\"Uma solenidade marcou a desativa\u00e7\u00e3o dos trabalhos da 17\u00aa Delegacia do Servi\u00e7o Militar, situada no Centro de Muria\u00e9. O fechamento da reparti\u00e7\u00e3o faz parte de uma modifica\u00e7\u00e3o no sistema organizacional do Ex\u00e9rcito Brasileiro e n\u00e3o afetar\u00e1 o alistamento dos jovens na cidade. O chefe da 12\u00aa Circunscri\u00e7\u00e3o de Servi\u00e7o Militar, tenente-coronel Leonardo, explica que a\" \/>\n\t\t<meta property=\"og:url\" content=\"https:\/\/anoticiaonline.com.br\/site\/solenidade-marca-desativacao-dos-servicos-da-17a-delegacia-de-servico-militar-alistamento-nao-sofrera-alteracao\/\" \/>\n\t\t<meta property=\"og:image\" content=\"https:\/\/scontent-gig4-1.xx.fbcdn.net\/v\/t39.30808-1\/270437624_4564083193639691_6907940295614233970_n.jpg?stp=dst-jpg_s200x200_tt6&#038;_nc_cat=111&#038;ccb=1-7&#038;_nc_sid=f907e8&#038;_nc_ohc=SM1wRlP3lJwQ7kNvwEPuBYA&#038;_nc_oc=AdnqrjDN_BNjSSHWO-GbkIWH6fkGMLw4bqvL_NH6e2wMveX7G-rP2dAqsDSq1mJMOaY&#038;_nc_zt=24&#038;_nc_ht=scontent-gig4-1.xx&#038;_nc_gid=AoBFJeGrT1hVaew_6rchkQ&#038;oh=00_AfX7QmFGhQhG2jAllVgXCiM1ZrWgvtp80-Bfppyexh1QEg&#038;oe=689E923C\" \/>\n\t\t<meta property=\"og:image:secure_url\" content=\"https:\/\/scontent-gig4-1.xx.fbcdn.net\/v\/t39.30808-1\/270437624_4564083193639691_6907940295614233970_n.jpg?stp=dst-jpg_s200x200_tt6&#038;_nc_cat=111&#038;ccb=1-7&#038;_nc_sid=f907e8&#038;_nc_ohc=SM1wRlP3lJwQ7kNvwEPuBYA&#038;_nc_oc=AdnqrjDN_BNjSSHWO-GbkIWH6fkGMLw4bqvL_NH6e2wMveX7G-rP2dAqsDSq1mJMOaY&#038;_nc_zt=24&#038;_nc_ht=scontent-gig4-1.xx&#038;_nc_gid=AoBFJeGrT1hVaew_6rchkQ&#038;oh=00_AfX7QmFGhQhG2jAllVgXCiM1ZrWgvtp80-Bfppyexh1QEg&#038;oe=689E923C\" \/>\n\t\t<meta property=\"article:published_time\" content=\"2016-11-17T15:12:06+00:00\" \/>\n\t\t<meta property=\"article:modified_time\" content=\"2016-11-17T21:25:13+00:00\" \/>\n\t\t<meta name=\"twitter:card\" content=\"summary_large_image\" \/>\n\t\t<meta name=\"twitter:title\" content=\"Solenidade marca desativa\u00e7\u00e3o dos servi\u00e7os da 17\u00aa Delegacia de Servi\u00e7o Militar; alistamento n\u00e3o sofrer\u00e1 altera\u00e7\u00e3o - A Not\u00edcia Online\" \/>\n\t\t<meta name=\"twitter:description\" content=\"Uma solenidade marcou a desativa\u00e7\u00e3o dos trabalhos da 17\u00aa Delegacia do Servi\u00e7o Militar, situada no Centro de Muria\u00e9. O fechamento da reparti\u00e7\u00e3o faz parte de uma modifica\u00e7\u00e3o no sistema organizacional do Ex\u00e9rcito Brasileiro e n\u00e3o afetar\u00e1 o alistamento dos jovens na cidade. O chefe da 12\u00aa Circunscri\u00e7\u00e3o de Servi\u00e7o Militar, tenente-coronel Leonardo, explica que a\" \/>\n\t\t<meta name=\"twitter:image\" content=\"https:\/\/scontent-gig4-1.xx.fbcdn.net\/v\/t39.30808-1\/270437624_4564083193639691_6907940295614233970_n.jpg?stp=dst-jpg_s200x200_tt6&amp;_nc_cat=111&amp;ccb=1-7&amp;_nc_sid=f907e8&amp;_nc_ohc=SM1wRlP3lJwQ7kNvwEPuBYA&amp;_nc_oc=AdnqrjDN_BNjSSHWO-GbkIWH6fkGMLw4bqvL_NH6e2wMveX7G-rP2dAqsDSq1mJMOaY&amp;_nc_zt=24&amp;_nc_ht=scontent-gig4-1.xx&amp;_nc_gid=AoBFJeGrT1hVaew_6rchkQ&amp;oh=00_AfX7QmFGhQhG2jAllVgXCiM1ZrWgvtp80-Bfppyexh1QEg&amp;oe=689E923C\" \/>\n\t\t<script type=\"application\/ld+json\" class=\"aioseo-schema\">\n\t\t\t{\"@context\":\"https:\\\/\\\/schema.org\",\"@graph\":[{\"@type\":\"BlogPosting\",\"@id\":\"https:\\\/\\\/anoticiaonline.com.br\\\/site\\\/solenidade-marca-desativacao-dos-servicos-da-17a-delegacia-de-servico-militar-alistamento-nao-sofrera-alteracao\\\/#blogposting\",\"name\":\"Solenidade marca desativa\\u00e7\\u00e3o dos servi\\u00e7os da 17\\u00aa Delegacia de Servi\\u00e7o Militar; alistamento n\\u00e3o sofrer\\u00e1 altera\\u00e7\\u00e3o - A Not\\u00edcia Online\",\"headline\":\"Solenidade marca desativa\\u00e7\\u00e3o dos servi\\u00e7os da 17\\u00aa Delegacia de Servi\\u00e7o Militar; alistamento n\\u00e3o sofrer\\u00e1 altera\\u00e7\\u00e3o\",\"author\":{\"@id\":\"https:\\\/\\\/anoticiaonline.com.br\\\/site\\\/author\\\/juliana\\\/#author\"},\"publisher\":{\"@id\":\"https:\\\/\\\/anoticiaonline.com.br\\\/site\\\/#organization\"},\"image\":{\"@type\":\"ImageObject\",\"url\":\"https:\\\/\\\/anoticiaonline.com.br\\\/site\\\/wp-content\\\/uploads\\\/2016\\\/11\\\/DSC_0487.jpg\",\"width\":640,\"height\":409},\"datePublished\":\"2016-11-17T12:12:06-03:00\",\"dateModified\":\"2016-11-17T18:25:13-03:00\",\"inLanguage\":\"pt-BR\",\"mainEntityOfPage\":{\"@id\":\"https:\\\/\\\/anoticiaonline.com.br\\\/site\\\/solenidade-marca-desativacao-dos-servicos-da-17a-delegacia-de-servico-militar-alistamento-nao-sofrera-alteracao\\\/#webpage\"},\"isPartOf\":{\"@id\":\"https:\\\/\\\/anoticiaonline.com.br\\\/site\\\/solenidade-marca-desativacao-dos-servicos-da-17a-delegacia-de-servico-militar-alistamento-nao-sofrera-alteracao\\\/#webpage\"},\"articleSection\":\"Blog, slide\"},{\"@type\":\"BreadcrumbList\",\"@id\":\"https:\\\/\\\/anoticiaonline.com.br\\\/site\\\/solenidade-marca-desativacao-dos-servicos-da-17a-delegacia-de-servico-militar-alistamento-nao-sofrera-alteracao\\\/#breadcrumblist\",\"itemListElement\":[{\"@type\":\"ListItem\",\"@id\":\"https:\\\/\\\/anoticiaonline.com.br\\\/site#listItem\",\"position\":1,\"name\":\"Home\",\"item\":\"https:\\\/\\\/anoticiaonline.com.br\\\/site\",\"nextItem\":{\"@type\":\"ListItem\",\"@id\":\"https:\\\/\\\/anoticiaonline.com.br\\\/site\\\/categoria\\\/muriae\\\/#listItem\",\"name\":\"Blog\"}},{\"@type\":\"ListItem\",\"@id\":\"https:\\\/\\\/anoticiaonline.com.br\\\/site\\\/categoria\\\/muriae\\\/#listItem\",\"position\":2,\"name\":\"Blog\",\"item\":\"https:\\\/\\\/anoticiaonline.com.br\\\/site\\\/categoria\\\/muriae\\\/\",\"nextItem\":{\"@type\":\"ListItem\",\"@id\":\"https:\\\/\\\/anoticiaonline.com.br\\\/site\\\/solenidade-marca-desativacao-dos-servicos-da-17a-delegacia-de-servico-militar-alistamento-nao-sofrera-alteracao\\\/#listItem\",\"name\":\"Solenidade marca desativa\\u00e7\\u00e3o dos servi\\u00e7os da 17\\u00aa Delegacia de Servi\\u00e7o Militar; alistamento n\\u00e3o sofrer\\u00e1 altera\\u00e7\\u00e3o\"},\"previousItem\":{\"@type\":\"ListItem\",\"@id\":\"https:\\\/\\\/anoticiaonline.com.br\\\/site#listItem\",\"name\":\"Home\"}},{\"@type\":\"ListItem\",\"@id\":\"https:\\\/\\\/anoticiaonline.com.br\\\/site\\\/solenidade-marca-desativacao-dos-servicos-da-17a-delegacia-de-servico-militar-alistamento-nao-sofrera-alteracao\\\/#listItem\",\"position\":3,\"name\":\"Solenidade marca desativa\\u00e7\\u00e3o dos servi\\u00e7os da 17\\u00aa Delegacia de Servi\\u00e7o Militar; alistamento n\\u00e3o sofrer\\u00e1 altera\\u00e7\\u00e3o\",\"previousItem\":{\"@type\":\"ListItem\",\"@id\":\"https:\\\/\\\/anoticiaonline.com.br\\\/site\\\/categoria\\\/muriae\\\/#listItem\",\"name\":\"Blog\"}}]},{\"@type\":\"Organization\",\"@id\":\"https:\\\/\\\/anoticiaonline.com.br\\\/site\\\/#organization\",\"name\":\"A Not\\u00edcia Online\",\"description\":\"Noticias de Muria\\u00e9 e regi\\u00e3o\",\"url\":\"https:\\\/\\\/anoticiaonline.com.br\\\/site\\\/\",\"logo\":{\"@type\":\"ImageObject\",\"url\":\"https:\\\/\\\/scontent-gig4-1.xx.fbcdn.net\\\/v\\\/t39.30808-1\\\/270437624_4564083193639691_6907940295614233970_n.jpg?stp=dst-jpg_s200x200_tt6&_nc_cat=111&ccb=1-7&_nc_sid=f907e8&_nc_ohc=SM1wRlP3lJwQ7kNvwEPuBYA&_nc_oc=AdnqrjDN_BNjSSHWO-GbkIWH6fkGMLw4bqvL_NH6e2wMveX7G-rP2dAqsDSq1mJMOaY&_nc_zt=24&_nc_ht=scontent-gig4-1.xx&_nc_gid=AoBFJeGrT1hVaew_6rchkQ&oh=00_AfX7QmFGhQhG2jAllVgXCiM1ZrWgvtp80-Bfppyexh1QEg&oe=689E923C\",\"@id\":\"https:\\\/\\\/anoticiaonline.com.br\\\/site\\\/solenidade-marca-desativacao-dos-servicos-da-17a-delegacia-de-servico-militar-alistamento-nao-sofrera-alteracao\\\/#organizationLogo\"},\"image\":{\"@id\":\"https:\\\/\\\/anoticiaonline.com.br\\\/site\\\/solenidade-marca-desativacao-dos-servicos-da-17a-delegacia-de-servico-militar-alistamento-nao-sofrera-alteracao\\\/#organizationLogo\"}},{\"@type\":\"Person\",\"@id\":\"https:\\\/\\\/anoticiaonline.com.br\\\/site\\\/author\\\/juliana\\\/#author\",\"url\":\"https:\\\/\\\/anoticiaonline.com.br\\\/site\\\/author\\\/juliana\\\/\",\"name\":\"Juliana Laviola\",\"image\":{\"@type\":\"ImageObject\",\"@id\":\"https:\\\/\\\/anoticiaonline.com.br\\\/site\\\/solenidade-marca-desativacao-dos-servicos-da-17a-delegacia-de-servico-militar-alistamento-nao-sofrera-alteracao\\\/#authorImage\",\"url\":\"https:\\\/\\\/secure.gravatar.com\\\/avatar\\\/b8d45f5c699b100dfaf0e543582f38f38bf94cb7ae3a5e9abf8d891a34773335?s=96&d=mm&r=g\",\"width\":96,\"height\":96,\"caption\":\"Juliana Laviola\"}},{\"@type\":\"WebPage\",\"@id\":\"https:\\\/\\\/anoticiaonline.com.br\\\/site\\\/solenidade-marca-desativacao-dos-servicos-da-17a-delegacia-de-servico-militar-alistamento-nao-sofrera-alteracao\\\/#webpage\",\"url\":\"https:\\\/\\\/anoticiaonline.com.br\\\/site\\\/solenidade-marca-desativacao-dos-servicos-da-17a-delegacia-de-servico-militar-alistamento-nao-sofrera-alteracao\\\/\",\"name\":\"Solenidade marca desativa\\u00e7\\u00e3o dos servi\\u00e7os da 17\\u00aa Delegacia de Servi\\u00e7o Militar; alistamento n\\u00e3o sofrer\\u00e1 altera\\u00e7\\u00e3o - A Not\\u00edcia Online\",\"description\":\"Uma solenidade marcou a desativa\\u00e7\\u00e3o dos trabalhos da 17\\u00aa Delegacia do Servi\\u00e7o Militar, situada no Centro de Muria\\u00e9. O fechamento da reparti\\u00e7\\u00e3o faz parte de uma modifica\\u00e7\\u00e3o no sistema organizacional do Ex\\u00e9rcito Brasileiro e n\\u00e3o afetar\\u00e1 o alistamento dos jovens na cidade. O chefe da 12\\u00aa Circunscri\\u00e7\\u00e3o de Servi\\u00e7o Militar, tenente-coronel Leonardo, explica que a\",\"inLanguage\":\"pt-BR\",\"isPartOf\":{\"@id\":\"https:\\\/\\\/anoticiaonline.com.br\\\/site\\\/#website\"},\"breadcrumb\":{\"@id\":\"https:\\\/\\\/anoticiaonline.com.br\\\/site\\\/solenidade-marca-desativacao-dos-servicos-da-17a-delegacia-de-servico-militar-alistamento-nao-sofrera-alteracao\\\/#breadcrumblist\"},\"author\":{\"@id\":\"https:\\\/\\\/anoticiaonline.com.br\\\/site\\\/author\\\/juliana\\\/#author\"},\"creator\":{\"@id\":\"https:\\\/\\\/anoticiaonline.com.br\\\/site\\\/author\\\/juliana\\\/#author\"},\"image\":{\"@type\":\"ImageObject\",\"url\":\"https:\\\/\\\/anoticiaonline.com.br\\\/site\\\/wp-content\\\/uploads\\\/2016\\\/11\\\/DSC_0487.jpg\",\"@id\":\"https:\\\/\\\/anoticiaonline.com.br\\\/site\\\/solenidade-marca-desativacao-dos-servicos-da-17a-delegacia-de-servico-militar-alistamento-nao-sofrera-alteracao\\\/#mainImage\",\"width\":640,\"height\":409},\"primaryImageOfPage\":{\"@id\":\"https:\\\/\\\/anoticiaonline.com.br\\\/site\\\/solenidade-marca-desativacao-dos-servicos-da-17a-delegacia-de-servico-militar-alistamento-nao-sofrera-alteracao\\\/#mainImage\"},\"datePublished\":\"2016-11-17T12:12:06-03:00\",\"dateModified\":\"2016-11-17T18:25:13-03:00\"},{\"@type\":\"WebSite\",\"@id\":\"https:\\\/\\\/anoticiaonline.com.br\\\/site\\\/#website\",\"url\":\"https:\\\/\\\/anoticiaonline.com.br\\\/site\\\/\",\"name\":\"A Not\\u00edcia Online\",\"description\":\"Noticias de Muria\\u00e9 e regi\\u00e3o\",\"inLanguage\":\"pt-BR\",\"publisher\":{\"@id\":\"https:\\\/\\\/anoticiaonline.com.br\\\/site\\\/#organization\"}}]}\n\t\t<\/script>\n\t\t<!-- All in One SEO -->\n\n","aioseo_head_json":{"title":"Solenidade marca desativa\u00e7\u00e3o dos servi\u00e7os da 17\u00aa Delegacia de Servi\u00e7o Militar; alistamento n\u00e3o sofrer\u00e1 altera\u00e7\u00e3o - A Not\u00edcia Online","description":"Uma solenidade marcou a desativa\u00e7\u00e3o dos trabalhos da 17\u00aa Delegacia do Servi\u00e7o Militar, situada no Centro de Muria\u00e9. O fechamento da reparti\u00e7\u00e3o faz parte de uma modifica\u00e7\u00e3o no sistema organizacional do Ex\u00e9rcito Brasileiro e n\u00e3o afetar\u00e1 o alistamento dos jovens na cidade. O chefe da 12\u00aa Circunscri\u00e7\u00e3o de Servi\u00e7o Militar, tenente-coronel Leonardo, explica que a","canonical_url":"https:\/\/anoticiaonline.com.br\/site\/solenidade-marca-desativacao-dos-servicos-da-17a-delegacia-de-servico-militar-alistamento-nao-sofrera-alteracao\/","robots":"max-image-preview:large","keywords":"","webmasterTools":{"miscellaneous":""},"schema":{"@context":"https:\/\/schema.org","@graph":[{"@type":"BlogPosting","@id":"https:\/\/anoticiaonline.com.br\/site\/solenidade-marca-desativacao-dos-servicos-da-17a-delegacia-de-servico-militar-alistamento-nao-sofrera-alteracao\/#blogposting","name":"Solenidade marca desativa\u00e7\u00e3o dos servi\u00e7os da 17\u00aa Delegacia de Servi\u00e7o Militar; alistamento n\u00e3o sofrer\u00e1 altera\u00e7\u00e3o - A Not\u00edcia Online","headline":"Solenidade marca desativa\u00e7\u00e3o dos servi\u00e7os da 17\u00aa Delegacia de Servi\u00e7o Militar; alistamento n\u00e3o sofrer\u00e1 altera\u00e7\u00e3o","author":{"@id":"https:\/\/anoticiaonline.com.br\/site\/author\/juliana\/#author"},"publisher":{"@id":"https:\/\/anoticiaonline.com.br\/site\/#organization"},"image":{"@type":"ImageObject","url":"https:\/\/anoticiaonline.com.br\/site\/wp-content\/uploads\/2016\/11\/DSC_0487.jpg","width":640,"height":409},"datePublished":"2016-11-17T12:12:06-03:00","dateModified":"2016-11-17T18:25:13-03:00","inLanguage":"pt-BR","mainEntityOfPage":{"@id":"https:\/\/anoticiaonline.com.br\/site\/solenidade-marca-desativacao-dos-servicos-da-17a-delegacia-de-servico-militar-alistamento-nao-sofrera-alteracao\/#webpage"},"isPartOf":{"@id":"https:\/\/anoticiaonline.com.br\/site\/solenidade-marca-desativacao-dos-servicos-da-17a-delegacia-de-servico-militar-alistamento-nao-sofrera-alteracao\/#webpage"},"articleSection":"Blog, slide"},{"@type":"BreadcrumbList","@id":"https:\/\/anoticiaonline.com.br\/site\/solenidade-marca-desativacao-dos-servicos-da-17a-delegacia-de-servico-militar-alistamento-nao-sofrera-alteracao\/#breadcrumblist","itemListElement":[{"@type":"ListItem","@id":"https:\/\/anoticiaonline.com.br\/site#listItem","position":1,"name":"Home","item":"https:\/\/anoticiaonline.com.br\/site","nextItem":{"@type":"ListItem","@id":"https:\/\/anoticiaonline.com.br\/site\/categoria\/muriae\/#listItem","name":"Blog"}},{"@type":"ListItem","@id":"https:\/\/anoticiaonline.com.br\/site\/categoria\/muriae\/#listItem","position":2,"name":"Blog","item":"https:\/\/anoticiaonline.com.br\/site\/categoria\/muriae\/","nextItem":{"@type":"ListItem","@id":"https:\/\/anoticiaonline.com.br\/site\/solenidade-marca-desativacao-dos-servicos-da-17a-delegacia-de-servico-militar-alistamento-nao-sofrera-alteracao\/#listItem","name":"Solenidade marca desativa\u00e7\u00e3o dos servi\u00e7os da 17\u00aa Delegacia de Servi\u00e7o Militar; alistamento n\u00e3o sofrer\u00e1 altera\u00e7\u00e3o"},"previousItem":{"@type":"ListItem","@id":"https:\/\/anoticiaonline.com.br\/site#listItem","name":"Home"}},{"@type":"ListItem","@id":"https:\/\/anoticiaonline.com.br\/site\/solenidade-marca-desativacao-dos-servicos-da-17a-delegacia-de-servico-militar-alistamento-nao-sofrera-alteracao\/#listItem","position":3,"name":"Solenidade marca desativa\u00e7\u00e3o dos servi\u00e7os da 17\u00aa Delegacia de Servi\u00e7o Militar; alistamento n\u00e3o sofrer\u00e1 altera\u00e7\u00e3o","previousItem":{"@type":"ListItem","@id":"https:\/\/anoticiaonline.com.br\/site\/categoria\/muriae\/#listItem","name":"Blog"}}]},{"@type":"Organization","@id":"https:\/\/anoticiaonline.com.br\/site\/#organization","name":"A Not\u00edcia Online","description":"Noticias de Muria\u00e9 e regi\u00e3o","url":"https:\/\/anoticiaonline.com.br\/site\/","logo":{"@type":"ImageObject","url":"https:\/\/scontent-gig4-1.xx.fbcdn.net\/v\/t39.30808-1\/270437624_4564083193639691_6907940295614233970_n.jpg?stp=dst-jpg_s200x200_tt6&_nc_cat=111&ccb=1-7&_nc_sid=f907e8&_nc_ohc=SM1wRlP3lJwQ7kNvwEPuBYA&_nc_oc=AdnqrjDN_BNjSSHWO-GbkIWH6fkGMLw4bqvL_NH6e2wMveX7G-rP2dAqsDSq1mJMOaY&_nc_zt=24&_nc_ht=scontent-gig4-1.xx&_nc_gid=AoBFJeGrT1hVaew_6rchkQ&oh=00_AfX7QmFGhQhG2jAllVgXCiM1ZrWgvtp80-Bfppyexh1QEg&oe=689E923C","@id":"https:\/\/anoticiaonline.com.br\/site\/solenidade-marca-desativacao-dos-servicos-da-17a-delegacia-de-servico-militar-alistamento-nao-sofrera-alteracao\/#organizationLogo"},"image":{"@id":"https:\/\/anoticiaonline.com.br\/site\/solenidade-marca-desativacao-dos-servicos-da-17a-delegacia-de-servico-militar-alistamento-nao-sofrera-alteracao\/#organizationLogo"}},{"@type":"Person","@id":"https:\/\/anoticiaonline.com.br\/site\/author\/juliana\/#author","url":"https:\/\/anoticiaonline.com.br\/site\/author\/juliana\/","name":"Juliana Laviola","image":{"@type":"ImageObject","@id":"https:\/\/anoticiaonline.com.br\/site\/solenidade-marca-desativacao-dos-servicos-da-17a-delegacia-de-servico-militar-alistamento-nao-sofrera-alteracao\/#authorImage","url":"https:\/\/secure.gravatar.com\/avatar\/b8d45f5c699b100dfaf0e543582f38f38bf94cb7ae3a5e9abf8d891a34773335?s=96&d=mm&r=g","width":96,"height":96,"caption":"Juliana Laviola"}},{"@type":"WebPage","@id":"https:\/\/anoticiaonline.com.br\/site\/solenidade-marca-desativacao-dos-servicos-da-17a-delegacia-de-servico-militar-alistamento-nao-sofrera-alteracao\/#webpage","url":"https:\/\/anoticiaonline.com.br\/site\/solenidade-marca-desativacao-dos-servicos-da-17a-delegacia-de-servico-militar-alistamento-nao-sofrera-alteracao\/","name":"Solenidade marca desativa\u00e7\u00e3o dos servi\u00e7os da 17\u00aa Delegacia de Servi\u00e7o Militar; alistamento n\u00e3o sofrer\u00e1 altera\u00e7\u00e3o - A Not\u00edcia Online","description":"Uma solenidade marcou a desativa\u00e7\u00e3o dos trabalhos da 17\u00aa Delegacia do Servi\u00e7o Militar, situada no Centro de Muria\u00e9. O fechamento da reparti\u00e7\u00e3o faz parte de uma modifica\u00e7\u00e3o no sistema organizacional do Ex\u00e9rcito Brasileiro e n\u00e3o afetar\u00e1 o alistamento dos jovens na cidade. O chefe da 12\u00aa Circunscri\u00e7\u00e3o de Servi\u00e7o Militar, tenente-coronel Leonardo, explica que a","inLanguage":"pt-BR","isPartOf":{"@id":"https:\/\/anoticiaonline.com.br\/site\/#website"},"breadcrumb":{"@id":"https:\/\/anoticiaonline.com.br\/site\/solenidade-marca-desativacao-dos-servicos-da-17a-delegacia-de-servico-militar-alistamento-nao-sofrera-alteracao\/#breadcrumblist"},"author":{"@id":"https:\/\/anoticiaonline.com.br\/site\/author\/juliana\/#author"},"creator":{"@id":"https:\/\/anoticiaonline.com.br\/site\/author\/juliana\/#author"},"image":{"@type":"ImageObject","url":"https:\/\/anoticiaonline.com.br\/site\/wp-content\/uploads\/2016\/11\/DSC_0487.jpg","@id":"https:\/\/anoticiaonline.com.br\/site\/solenidade-marca-desativacao-dos-servicos-da-17a-delegacia-de-servico-militar-alistamento-nao-sofrera-alteracao\/#mainImage","width":640,"height":409},"primaryImageOfPage":{"@id":"https:\/\/anoticiaonline.com.br\/site\/solenidade-marca-desativacao-dos-servicos-da-17a-delegacia-de-servico-militar-alistamento-nao-sofrera-alteracao\/#mainImage"},"datePublished":"2016-11-17T12:12:06-03:00","dateModified":"2016-11-17T18:25:13-03:00"},{"@type":"WebSite","@id":"https:\/\/anoticiaonline.com.br\/site\/#website","url":"https:\/\/anoticiaonline.com.br\/site\/","name":"A Not\u00edcia Online","description":"Noticias de Muria\u00e9 e regi\u00e3o","inLanguage":"pt-BR","publisher":{"@id":"https:\/\/anoticiaonline.com.br\/site\/#organization"}}]},"og:locale":"pt_BR","og:site_name":"A Not\u00edcia Online - Noticias de Muria\u00e9 e regi\u00e3o","og:type":"article","og:title":"Solenidade marca desativa\u00e7\u00e3o dos servi\u00e7os da 17\u00aa Delegacia de Servi\u00e7o Militar; alistamento n\u00e3o sofrer\u00e1 altera\u00e7\u00e3o - A Not\u00edcia Online","og:description":"Uma solenidade marcou a desativa\u00e7\u00e3o dos trabalhos da 17\u00aa Delegacia do Servi\u00e7o Militar, situada no Centro de Muria\u00e9. O fechamento da reparti\u00e7\u00e3o faz parte de uma modifica\u00e7\u00e3o no sistema organizacional do Ex\u00e9rcito Brasileiro e n\u00e3o afetar\u00e1 o alistamento dos jovens na cidade. O chefe da 12\u00aa Circunscri\u00e7\u00e3o de Servi\u00e7o Militar, tenente-coronel Leonardo, explica que a","og:url":"https:\/\/anoticiaonline.com.br\/site\/solenidade-marca-desativacao-dos-servicos-da-17a-delegacia-de-servico-militar-alistamento-nao-sofrera-alteracao\/","og:image":"https:\/\/scontent-gig4-1.xx.fbcdn.net\/v\/t39.30808-1\/270437624_4564083193639691_6907940295614233970_n.jpg?stp=dst-jpg_s200x200_tt6&#038;_nc_cat=111&#038;ccb=1-7&#038;_nc_sid=f907e8&#038;_nc_ohc=SM1wRlP3lJwQ7kNvwEPuBYA&#038;_nc_oc=AdnqrjDN_BNjSSHWO-GbkIWH6fkGMLw4bqvL_NH6e2wMveX7G-rP2dAqsDSq1mJMOaY&#038;_nc_zt=24&#038;_nc_ht=scontent-gig4-1.xx&#038;_nc_gid=AoBFJeGrT1hVaew_6rchkQ&#038;oh=00_AfX7QmFGhQhG2jAllVgXCiM1ZrWgvtp80-Bfppyexh1QEg&#038;oe=689E923C","og:image:secure_url":"https:\/\/scontent-gig4-1.xx.fbcdn.net\/v\/t39.30808-1\/270437624_4564083193639691_6907940295614233970_n.jpg?stp=dst-jpg_s200x200_tt6&#038;_nc_cat=111&#038;ccb=1-7&#038;_nc_sid=f907e8&#038;_nc_ohc=SM1wRlP3lJwQ7kNvwEPuBYA&#038;_nc_oc=AdnqrjDN_BNjSSHWO-GbkIWH6fkGMLw4bqvL_NH6e2wMveX7G-rP2dAqsDSq1mJMOaY&#038;_nc_zt=24&#038;_nc_ht=scontent-gig4-1.xx&#038;_nc_gid=AoBFJeGrT1hVaew_6rchkQ&#038;oh=00_AfX7QmFGhQhG2jAllVgXCiM1ZrWgvtp80-Bfppyexh1QEg&#038;oe=689E923C","article:published_time":"2016-11-17T15:12:06+00:00","article:modified_time":"2016-11-17T21:25:13+00:00","twitter:card":"summary_large_image","twitter:title":"Solenidade marca desativa\u00e7\u00e3o dos servi\u00e7os da 17\u00aa Delegacia de Servi\u00e7o Militar; alistamento n\u00e3o sofrer\u00e1 altera\u00e7\u00e3o - A Not\u00edcia Online","twitter:description":"Uma solenidade marcou a desativa\u00e7\u00e3o dos trabalhos da 17\u00aa Delegacia do Servi\u00e7o Militar, situada no Centro de Muria\u00e9. O fechamento da reparti\u00e7\u00e3o faz parte de uma modifica\u00e7\u00e3o no sistema organizacional do Ex\u00e9rcito Brasileiro e n\u00e3o afetar\u00e1 o alistamento dos jovens na cidade. O chefe da 12\u00aa Circunscri\u00e7\u00e3o de Servi\u00e7o Militar, tenente-coronel Leonardo, explica que a","twitter:image":"https:\/\/scontent-gig4-1.xx.fbcdn.net\/v\/t39.30808-1\/270437624_4564083193639691_6907940295614233970_n.jpg?stp=dst-jpg_s200x200_tt6&_nc_cat=111&ccb=1-7&_nc_sid=f907e8&_nc_ohc=SM1wRlP3lJwQ7kNvwEPuBYA&_nc_oc=AdnqrjDN_BNjSSHWO-GbkIWH6fkGMLw4bqvL_NH6e2wMveX7G-rP2dAqsDSq1mJMOaY&_nc_zt=24&_nc_ht=scontent-gig4-1.xx&_nc_gid=AoBFJeGrT1hVaew_6rchkQ&oh=00_AfX7QmFGhQhG2jAllVgXCiM1ZrWgvtp80-Bfppyexh1QEg&oe=689E923C"},"aioseo_meta_data":{"post_id":"21600","title":null,"description":null,"keywords":null,"keyphrases":null,"primary_term":null,"canonical_url":null,"og_title":null,"og_description":null,"og_object_type":"default","og_image_type":"default","og_image_url":null,"og_image_width":null,"og_image_height":null,"og_image_custom_url":null,"og_image_custom_fields":null,"og_video":null,"og_custom_url":null,"og_article_section":null,"og_article_tags":null,"twitter_use_og":false,"twitter_card":"default","twitter_image_type":"default","twitter_image_url":null,"twitter_image_custom_url":null,"twitter_image_custom_fields":null,"twitter_title":null,"twitter_description":null,"schema":{"blockGraphs":[],"customGraphs":[],"default":{"data":{"Article":[],"Course":[],"Dataset":[],"FAQPage":[],"Movie":[],"Person":[],"Product":[],"ProductReview":[],"Car":[],"Recipe":[],"Service":[],"SoftwareApplication":[],"WebPage":[]},"graphName":"","isEnabled":true},"graphs":[]},"schema_type":"default","schema_type_options":null,"pillar_content":false,"robots_default":true,"robots_noindex":false,"robots_noarchive":false,"robots_nosnippet":false,"robots_nofollow":false,"robots_noimageindex":false,"robots_noodp":false,"robots_notranslate":false,"robots_max_snippet":null,"robots_max_videopreview":null,"robots_max_imagepreview":"large","priority":null,"frequency":null,"local_seo":null,"breadcrumb_settings":null,"limit_modified_date":false,"ai":null,"created":"2025-08-16 17:11:19","updated":"2025-08-16 17:11:19","focus_keyword":null,"additional_keywords":null,"truseo_locale":null,"seo_analyzer_scan_date":null},"aioseo_breadcrumb":"<div class=\"aioseo-breadcrumbs\"><span class=\"aioseo-breadcrumb\">\n\t\t\t<a href=\"https:\/\/anoticiaonline.com.br\/site\" title=\"Home\">Home<\/a>\n\t\t<\/span><span class=\"aioseo-breadcrumb-separator\">&raquo;<\/span><span class=\"aioseo-breadcrumb\">\n\t\t\t<a href=\"https:\/\/anoticiaonline.com.br\/site\/categoria\/muriae\/\" title=\"Blog\">Blog<\/a>\n\t\t<\/span><span class=\"aioseo-breadcrumb-separator\">&raquo;<\/span><span class=\"aioseo-breadcrumb\">\n\t\t\tSolenidade marca desativa\u00e7\u00e3o dos servi\u00e7os da 17\u00aa Delegacia de Servi\u00e7o Militar; alistamento n\u00e3o sofrer\u00e1 altera\u00e7\u00e3o\n\t\t<\/span><\/div>","aioseo_breadcrumb_json":[{"label":"Home","link":"https:\/\/anoticiaonline.com.br\/site"},{"label":"Blog","link":"https:\/\/anoticiaonline.com.br\/site\/categoria\/muriae\/"},{"label":"Solenidade marca desativa\u00e7\u00e3o dos servi\u00e7os da 17\u00aa Delegacia de Servi\u00e7o Militar; alistamento n\u00e3o sofrer\u00e1 altera\u00e7\u00e3o","link":"https:\/\/anoticiaonline.com.br\/site\/solenidade-marca-desativacao-dos-servicos-da-17a-delegacia-de-servico-militar-alistamento-nao-sofrera-alteracao\/"}],"views":157,"_links":{"self":[{"href":"https:\/\/anoticiaonline.com.br\/site\/wp-json\/wp\/v2\/posts\/21600","targetHints":{"allow":["GET"]}}],"collection":[{"href":"https:\/\/anoticiaonline.com.br\/site\/wp-json\/wp\/v2\/posts"}],"about":[{"href":"https:\/\/anoticiaonline.com.br\/site\/wp-json\/wp\/v2\/types\/post"}],"author":[{"embeddable":true,"href":"https:\/\/anoticiaonline.com.br\/site\/wp-json\/wp\/v2\/users\/2"}],"replies":[{"embeddable":true,"href":"https:\/\/anoticiaonline.com.br\/site\/wp-json\/wp\/v2\/comments?post=21600"}],"version-history":[{"count":0,"href":"https:\/\/anoticiaonline.com.br\/site\/wp-json\/wp\/v2\/posts\/21600\/revisions"}],"wp:featuredmedia":[{"embeddable":true,"href":"https:\/\/anoticiaonline.com.br\/site\/wp-json\/wp\/v2\/media\/21601"}],"wp:attachment":[{"href":"https:\/\/anoticiaonline.com.br\/site\/wp-json\/wp\/v2\/media?parent=21600"}],"wp:term":[{"taxonomy":"category","embeddable":true,"href":"https:\/\/anoticiaonline.com.br\/site\/wp-json\/wp\/v2\/categories?post=21600"},{"taxonomy":"post_tag","embeddable":true,"href":"https:\/\/anoticiaonline.com.br\/site\/wp-json\/wp\/v2\/tags?post=21600"}],"curies":[{"name":"wp","href":"https:\/\/api.w.org\/{rel}","templated":true}]}}