{"id":21577,"date":"2016-11-16T10:17:56","date_gmt":"2016-11-16T13:17:56","guid":{"rendered":"http:\/\/anoticiaonline.com.br\/site\/?p=21577"},"modified":"2016-11-16T10:17:56","modified_gmt":"2016-11-16T13:17:56","slug":"instituicao-mateus-sena-traz-a-muriae-zan-mustacchi-um-dos-maiores-especialistas-em-sindrome-de-down-do-pais","status":"publish","type":"post","link":"https:\/\/anoticiaonline.com.br\/site\/instituicao-mateus-sena-traz-a-muriae-zan-mustacchi-um-dos-maiores-especialistas-em-sindrome-de-down-do-pais\/","title":{"rendered":"Institui\u00e7\u00e3o Mateus Sena traz a Muria\u00e9 Zan Mustacchi, um dos maiores especialistas em S\u00edndrome de Down do pa\u00eds"},"content":{"rendered":"<figure id=\"attachment_21578\" aria-describedby=\"caption-attachment-21578\" style=\"width: 290px\" class=\"wp-caption alignleft\"><a href=\"https:\/\/anoticiaonline.com.br\/site\/wp-content\/uploads\/2016\/11\/Institui\u00e7\u00e3o-Mateus-Sena-traz-a-Muria\u00e9-Zan-Mustacchi-um-dos-maiores-especialistas-em-S\u00edndrome-de-Down-do-pa\u00eds.jpg\"><img fetchpriority=\"high\" decoding=\"async\" class=\"size-medium wp-image-21578\" src=\"https:\/\/anoticiaonline.com.br\/site\/wp-content\/uploads\/2016\/11\/Institui\u00e7\u00e3o-Mateus-Sena-traz-a-Muria\u00e9-Zan-Mustacchi-um-dos-maiores-especialistas-em-S\u00edndrome-de-Down-do-pa\u00eds-300x241.jpg\" alt=\"Dr. Zan Mustacchi durante palestra em Muria\u00e9\" width=\"300\" height=\"241\" srcset=\"https:\/\/anoticiaonline.com.br\/site\/wp-content\/uploads\/2016\/11\/Institui\u00e7\u00e3o-Mateus-Sena-traz-a-Muria\u00e9-Zan-Mustacchi-um-dos-maiores-especialistas-em-S\u00edndrome-de-Down-do-pa\u00eds-300x241.jpg 300w, https:\/\/anoticiaonline.com.br\/site\/wp-content\/uploads\/2016\/11\/Institui\u00e7\u00e3o-Mateus-Sena-traz-a-Muria\u00e9-Zan-Mustacchi-um-dos-maiores-especialistas-em-S\u00edndrome-de-Down-do-pa\u00eds.jpg 640w\" sizes=\"(max-width: 300px) 100vw, 300px\" \/><\/a><figcaption id=\"caption-attachment-21578\" class=\"wp-caption-text\">Dr. Zan Mustacchi durante palestra em Muria\u00e9<\/figcaption><\/figure>\n<p>A Institui\u00e7\u00e3o Mateus Sena, em parceria com o Centro Universit\u00e1rio Unifaminas, trouxe a Muria\u00e9 um dos maiores especialistas em S\u00edndrome de Down do pa\u00eds: o pediatra, geneticista e professor, Dr. Zan Mustacchi.<\/p>\n<p>Cerca de 250 pessoas estiveram presentes no evento, que aconteceu no s\u00e1bado (23). Durante sua palestra, o especialista abordou temas diversos que envolvem evolu\u00e7\u00e3o, nutri\u00e7\u00e3o, diagn\u00f3stico, conduta e perspectiva. O p\u00fablico, formado por alunos, pais e profissionais da \u00e1rea de sa\u00fade, ficou atento \u00e0s dicas e curiosidades que podem contribuir para o desenvolvimento e integra\u00e7\u00e3o na sociedade das pessoas que possuem esta s\u00edndrome.<\/p>\n<figure id=\"attachment_21579\" aria-describedby=\"caption-attachment-21579\" style=\"width: 225px\" class=\"wp-caption alignleft\"><a href=\"https:\/\/anoticiaonline.com.br\/site\/wp-content\/uploads\/2016\/11\/Institui\u00e7\u00e3o-Mateus-Sena-traz-a-Muria\u00e9-Zan-Mustacchi-um-dos-maiores-especialistas-em-S\u00edndrome-de-Down-do-pa\u00eds-2.jpg\"><img decoding=\"async\" class=\"size-medium wp-image-21579\" src=\"https:\/\/anoticiaonline.com.br\/site\/wp-content\/uploads\/2016\/11\/Institui\u00e7\u00e3o-Mateus-Sena-traz-a-Muria\u00e9-Zan-Mustacchi-um-dos-maiores-especialistas-em-S\u00edndrome-de-Down-do-pa\u00eds-2-235x300.jpg\" alt=\"Mois\u00e9s, Mateus e Marina\" width=\"235\" height=\"300\" srcset=\"https:\/\/anoticiaonline.com.br\/site\/wp-content\/uploads\/2016\/11\/Institui\u00e7\u00e3o-Mateus-Sena-traz-a-Muria\u00e9-Zan-Mustacchi-um-dos-maiores-especialistas-em-S\u00edndrome-de-Down-do-pa\u00eds-2-235x300.jpg 235w, https:\/\/anoticiaonline.com.br\/site\/wp-content\/uploads\/2016\/11\/Institui\u00e7\u00e3o-Mateus-Sena-traz-a-Muria\u00e9-Zan-Mustacchi-um-dos-maiores-especialistas-em-S\u00edndrome-de-Down-do-pa\u00eds-2.jpg 502w\" sizes=\"(max-width: 235px) 100vw, 235px\" \/><\/a><figcaption id=\"caption-attachment-21579\" class=\"wp-caption-text\">Mois\u00e9s, Mateus e Marina<\/figcaption><\/figure>\n<p>A Institui\u00e7\u00e3o Mateus Sena, inaugurada em agosto deste ano, na Rua Jo\u00e3o Dornelas, 649, no Dornelas, j\u00e1 atende regularmente 15 crian\u00e7as em sua sede e possui cerca de 30 outras cadastradas. A institui\u00e7\u00e3o conta com o apoio de profissionais importantes para o desenvolvimento motor e intelectual de uma pessoa com esta s\u00edndrome, como fisioterapeuta, fonoaudi\u00f3loga, terapeuta ocupacional, psiquiatra, entre outros. A institui\u00e7\u00e3o surgiu por iniciativa do casal Mois\u00e9s Mota Pereira e Marina Sena Costa Mota, pais de Mateus Sena, que tem a S\u00edndrome de Down.<\/p>\n<p>A ideia de trazer o Dr. Zan Mustacchi surgiu durante uma consulta do menino Mateus com o especialista. \u201cComo abrimos a institui\u00e7\u00e3o, queremos que todos tenham mais informa\u00e7\u00f5es sobre a S\u00edndrome de Down. Foi um imenso prazer receber o Dr. Zan em Muria\u00e9 e poder compartilhar conhecimentos com toda a comunidade\u201d, afirma a presidente da Institui\u00e7\u00e3o Mateus Sena, Marina Sena Costa Mota.<\/p>\n","protected":false},"excerpt":{"rendered":"<p>A Institui\u00e7\u00e3o Mateus Sena, em parceria com o Centro Universit\u00e1rio Unifaminas, trouxe a Muria\u00e9 um dos maiores especialistas em S\u00edndrome de Down do pa\u00eds: o pediatra, geneticista e professor, Dr. Zan Mustacchi. Cerca de 250 pessoas estiveram presentes no evento, que aconteceu no s\u00e1bado (23). Durante sua palestra, o especialista abordou temas diversos que envolvem &#8230; <a title=\"Institui\u00e7\u00e3o Mateus Sena traz a Muria\u00e9 Zan Mustacchi, um dos maiores especialistas em S\u00edndrome de Down do pa\u00eds\" class=\"read-more\" href=\"https:\/\/anoticiaonline.com.br\/site\/instituicao-mateus-sena-traz-a-muriae-zan-mustacchi-um-dos-maiores-especialistas-em-sindrome-de-down-do-pais\/\" aria-label=\"Read more about Institui\u00e7\u00e3o Mateus Sena traz a Muria\u00e9 Zan Mustacchi, um dos maiores especialistas em S\u00edndrome de Down do pa\u00eds\">Ler mais<\/a><\/p>\n","protected":false},"author":2,"featured_media":21578,"comment_status":"open","ping_status":"open","sticky":false,"template":"","format":"standard","meta":{"_acf_changed":false,"_monsterinsights_skip_tracking":false,"footnotes":""},"categories":[30],"tags":[3],"class_list":["post-21577","post","type-post","status-publish","format-standard","has-post-thumbnail","hentry","category-muriae","tag-slide"],"acf":[],"aioseo_notices":[],"aioseo_head":"\n\t\t<!-- All in One SEO 5.0.0.1 - aioseo.com -->\n\t<meta name=\"description\" content=\"A Institui\u00e7\u00e3o Mateus Sena, em parceria com o Centro Universit\u00e1rio Unifaminas, trouxe a Muria\u00e9 um dos maiores especialistas em S\u00edndrome de Down do pa\u00eds: o pediatra, geneticista e professor, Dr. Zan Mustacchi. Cerca de 250 pessoas estiveram presentes no evento, que aconteceu no s\u00e1bado (23). Durante sua palestra, o especialista abordou temas diversos que envolvem\" \/>\n\t<meta name=\"robots\" content=\"max-image-preview:large\" \/>\n\t<meta name=\"author\" content=\"Juliana Laviola\"\/>\n\t<link rel=\"canonical\" href=\"https:\/\/anoticiaonline.com.br\/site\/instituicao-mateus-sena-traz-a-muriae-zan-mustacchi-um-dos-maiores-especialistas-em-sindrome-de-down-do-pais\/\" \/>\n\t<meta name=\"generator\" content=\"All in One SEO (AIOSEO) 5.0.0.1\" \/>\n\t\t<meta property=\"og:locale\" content=\"pt_BR\" \/>\n\t\t<meta property=\"og:site_name\" content=\"A Not\u00edcia Online - Noticias de Muria\u00e9 e regi\u00e3o\" \/>\n\t\t<meta property=\"og:type\" content=\"article\" \/>\n\t\t<meta property=\"og:title\" content=\"Institui\u00e7\u00e3o Mateus Sena traz a Muria\u00e9 Zan Mustacchi, um dos maiores especialistas em S\u00edndrome de Down do pa\u00eds - A Not\u00edcia Online\" \/>\n\t\t<meta property=\"og:description\" content=\"A Institui\u00e7\u00e3o Mateus Sena, em parceria com o Centro Universit\u00e1rio Unifaminas, trouxe a Muria\u00e9 um dos maiores especialistas em S\u00edndrome de Down do pa\u00eds: o pediatra, geneticista e professor, Dr. Zan Mustacchi. Cerca de 250 pessoas estiveram presentes no evento, que aconteceu no s\u00e1bado (23). Durante sua palestra, o especialista abordou temas diversos que envolvem\" \/>\n\t\t<meta property=\"og:url\" content=\"https:\/\/anoticiaonline.com.br\/site\/instituicao-mateus-sena-traz-a-muriae-zan-mustacchi-um-dos-maiores-especialistas-em-sindrome-de-down-do-pais\/\" \/>\n\t\t<meta property=\"og:image\" content=\"https:\/\/scontent-gig4-1.xx.fbcdn.net\/v\/t39.30808-1\/270437624_4564083193639691_6907940295614233970_n.jpg?stp=dst-jpg_s200x200_tt6&#038;_nc_cat=111&#038;ccb=1-7&#038;_nc_sid=f907e8&#038;_nc_ohc=SM1wRlP3lJwQ7kNvwEPuBYA&#038;_nc_oc=AdnqrjDN_BNjSSHWO-GbkIWH6fkGMLw4bqvL_NH6e2wMveX7G-rP2dAqsDSq1mJMOaY&#038;_nc_zt=24&#038;_nc_ht=scontent-gig4-1.xx&#038;_nc_gid=AoBFJeGrT1hVaew_6rchkQ&#038;oh=00_AfX7QmFGhQhG2jAllVgXCiM1ZrWgvtp80-Bfppyexh1QEg&#038;oe=689E923C\" \/>\n\t\t<meta property=\"og:image:secure_url\" content=\"https:\/\/scontent-gig4-1.xx.fbcdn.net\/v\/t39.30808-1\/270437624_4564083193639691_6907940295614233970_n.jpg?stp=dst-jpg_s200x200_tt6&#038;_nc_cat=111&#038;ccb=1-7&#038;_nc_sid=f907e8&#038;_nc_ohc=SM1wRlP3lJwQ7kNvwEPuBYA&#038;_nc_oc=AdnqrjDN_BNjSSHWO-GbkIWH6fkGMLw4bqvL_NH6e2wMveX7G-rP2dAqsDSq1mJMOaY&#038;_nc_zt=24&#038;_nc_ht=scontent-gig4-1.xx&#038;_nc_gid=AoBFJeGrT1hVaew_6rchkQ&#038;oh=00_AfX7QmFGhQhG2jAllVgXCiM1ZrWgvtp80-Bfppyexh1QEg&#038;oe=689E923C\" \/>\n\t\t<meta property=\"article:published_time\" content=\"2016-11-16T13:17:56+00:00\" \/>\n\t\t<meta property=\"article:modified_time\" content=\"2016-11-16T13:17:56+00:00\" \/>\n\t\t<meta name=\"twitter:card\" content=\"summary_large_image\" \/>\n\t\t<meta name=\"twitter:title\" content=\"Institui\u00e7\u00e3o Mateus Sena traz a Muria\u00e9 Zan Mustacchi, um dos maiores especialistas em S\u00edndrome de Down do pa\u00eds - A Not\u00edcia Online\" \/>\n\t\t<meta name=\"twitter:description\" content=\"A Institui\u00e7\u00e3o Mateus Sena, em parceria com o Centro Universit\u00e1rio Unifaminas, trouxe a Muria\u00e9 um dos maiores especialistas em S\u00edndrome de Down do pa\u00eds: o pediatra, geneticista e professor, Dr. Zan Mustacchi. Cerca de 250 pessoas estiveram presentes no evento, que aconteceu no s\u00e1bado (23). Durante sua palestra, o especialista abordou temas diversos que envolvem\" \/>\n\t\t<meta name=\"twitter:image\" content=\"https:\/\/scontent-gig4-1.xx.fbcdn.net\/v\/t39.30808-1\/270437624_4564083193639691_6907940295614233970_n.jpg?stp=dst-jpg_s200x200_tt6&amp;_nc_cat=111&amp;ccb=1-7&amp;_nc_sid=f907e8&amp;_nc_ohc=SM1wRlP3lJwQ7kNvwEPuBYA&amp;_nc_oc=AdnqrjDN_BNjSSHWO-GbkIWH6fkGMLw4bqvL_NH6e2wMveX7G-rP2dAqsDSq1mJMOaY&amp;_nc_zt=24&amp;_nc_ht=scontent-gig4-1.xx&amp;_nc_gid=AoBFJeGrT1hVaew_6rchkQ&amp;oh=00_AfX7QmFGhQhG2jAllVgXCiM1ZrWgvtp80-Bfppyexh1QEg&amp;oe=689E923C\" \/>\n\t\t<script type=\"application\/ld+json\" class=\"aioseo-schema\">\n\t\t\t{\"@context\":\"https:\\\/\\\/schema.org\",\"@graph\":[{\"@type\":\"BlogPosting\",\"@id\":\"https:\\\/\\\/anoticiaonline.com.br\\\/site\\\/instituicao-mateus-sena-traz-a-muriae-zan-mustacchi-um-dos-maiores-especialistas-em-sindrome-de-down-do-pais\\\/#blogposting\",\"name\":\"Institui\\u00e7\\u00e3o Mateus Sena traz a Muria\\u00e9 Zan Mustacchi, um dos maiores especialistas em S\\u00edndrome de Down do pa\\u00eds - A Not\\u00edcia Online\",\"headline\":\"Institui\\u00e7\\u00e3o Mateus Sena traz a Muria\\u00e9 Zan Mustacchi, um dos maiores especialistas em S\\u00edndrome de Down do pa\\u00eds\",\"author\":{\"@id\":\"https:\\\/\\\/anoticiaonline.com.br\\\/site\\\/author\\\/juliana\\\/#author\"},\"publisher\":{\"@id\":\"https:\\\/\\\/anoticiaonline.com.br\\\/site\\\/#organization\"},\"image\":{\"@type\":\"ImageObject\",\"url\":\"https:\\\/\\\/anoticiaonline.com.br\\\/site\\\/wp-content\\\/uploads\\\/2016\\\/11\\\/Institui\\u00e7\\u00e3o-Mateus-Sena-traz-a-Muria\\u00e9-Zan-Mustacchi-um-dos-maiores-especialistas-em-S\\u00edndrome-de-Down-do-pa\\u00eds.jpg\",\"width\":640,\"height\":514,\"caption\":\"Dr. Zan Mustacchi durante palestra em Muria\\u00e9\"},\"datePublished\":\"2016-11-16T10:17:56-03:00\",\"dateModified\":\"2016-11-16T10:17:56-03:00\",\"inLanguage\":\"pt-BR\",\"mainEntityOfPage\":{\"@id\":\"https:\\\/\\\/anoticiaonline.com.br\\\/site\\\/instituicao-mateus-sena-traz-a-muriae-zan-mustacchi-um-dos-maiores-especialistas-em-sindrome-de-down-do-pais\\\/#webpage\"},\"isPartOf\":{\"@id\":\"https:\\\/\\\/anoticiaonline.com.br\\\/site\\\/instituicao-mateus-sena-traz-a-muriae-zan-mustacchi-um-dos-maiores-especialistas-em-sindrome-de-down-do-pais\\\/#webpage\"},\"articleSection\":\"Blog, slide\"},{\"@type\":\"BreadcrumbList\",\"@id\":\"https:\\\/\\\/anoticiaonline.com.br\\\/site\\\/instituicao-mateus-sena-traz-a-muriae-zan-mustacchi-um-dos-maiores-especialistas-em-sindrome-de-down-do-pais\\\/#breadcrumblist\",\"itemListElement\":[{\"@type\":\"ListItem\",\"@id\":\"https:\\\/\\\/anoticiaonline.com.br\\\/site#listItem\",\"position\":1,\"name\":\"Home\",\"item\":\"https:\\\/\\\/anoticiaonline.com.br\\\/site\",\"nextItem\":{\"@type\":\"ListItem\",\"@id\":\"https:\\\/\\\/anoticiaonline.com.br\\\/site\\\/categoria\\\/muriae\\\/#listItem\",\"name\":\"Blog\"}},{\"@type\":\"ListItem\",\"@id\":\"https:\\\/\\\/anoticiaonline.com.br\\\/site\\\/categoria\\\/muriae\\\/#listItem\",\"position\":2,\"name\":\"Blog\",\"item\":\"https:\\\/\\\/anoticiaonline.com.br\\\/site\\\/categoria\\\/muriae\\\/\",\"nextItem\":{\"@type\":\"ListItem\",\"@id\":\"https:\\\/\\\/anoticiaonline.com.br\\\/site\\\/instituicao-mateus-sena-traz-a-muriae-zan-mustacchi-um-dos-maiores-especialistas-em-sindrome-de-down-do-pais\\\/#listItem\",\"name\":\"Institui\\u00e7\\u00e3o Mateus Sena traz a Muria\\u00e9 Zan Mustacchi, um dos maiores especialistas em S\\u00edndrome de Down do pa\\u00eds\"},\"previousItem\":{\"@type\":\"ListItem\",\"@id\":\"https:\\\/\\\/anoticiaonline.com.br\\\/site#listItem\",\"name\":\"Home\"}},{\"@type\":\"ListItem\",\"@id\":\"https:\\\/\\\/anoticiaonline.com.br\\\/site\\\/instituicao-mateus-sena-traz-a-muriae-zan-mustacchi-um-dos-maiores-especialistas-em-sindrome-de-down-do-pais\\\/#listItem\",\"position\":3,\"name\":\"Institui\\u00e7\\u00e3o Mateus Sena traz a Muria\\u00e9 Zan Mustacchi, um dos maiores especialistas em S\\u00edndrome de Down do pa\\u00eds\",\"previousItem\":{\"@type\":\"ListItem\",\"@id\":\"https:\\\/\\\/anoticiaonline.com.br\\\/site\\\/categoria\\\/muriae\\\/#listItem\",\"name\":\"Blog\"}}]},{\"@type\":\"Organization\",\"@id\":\"https:\\\/\\\/anoticiaonline.com.br\\\/site\\\/#organization\",\"name\":\"A Not\\u00edcia Online\",\"description\":\"Noticias de Muria\\u00e9 e regi\\u00e3o\",\"url\":\"https:\\\/\\\/anoticiaonline.com.br\\\/site\\\/\",\"logo\":{\"@type\":\"ImageObject\",\"url\":\"https:\\\/\\\/scontent-gig4-1.xx.fbcdn.net\\\/v\\\/t39.30808-1\\\/270437624_4564083193639691_6907940295614233970_n.jpg?stp=dst-jpg_s200x200_tt6&_nc_cat=111&ccb=1-7&_nc_sid=f907e8&_nc_ohc=SM1wRlP3lJwQ7kNvwEPuBYA&_nc_oc=AdnqrjDN_BNjSSHWO-GbkIWH6fkGMLw4bqvL_NH6e2wMveX7G-rP2dAqsDSq1mJMOaY&_nc_zt=24&_nc_ht=scontent-gig4-1.xx&_nc_gid=AoBFJeGrT1hVaew_6rchkQ&oh=00_AfX7QmFGhQhG2jAllVgXCiM1ZrWgvtp80-Bfppyexh1QEg&oe=689E923C\",\"@id\":\"https:\\\/\\\/anoticiaonline.com.br\\\/site\\\/instituicao-mateus-sena-traz-a-muriae-zan-mustacchi-um-dos-maiores-especialistas-em-sindrome-de-down-do-pais\\\/#organizationLogo\"},\"image\":{\"@id\":\"https:\\\/\\\/anoticiaonline.com.br\\\/site\\\/instituicao-mateus-sena-traz-a-muriae-zan-mustacchi-um-dos-maiores-especialistas-em-sindrome-de-down-do-pais\\\/#organizationLogo\"}},{\"@type\":\"Person\",\"@id\":\"https:\\\/\\\/anoticiaonline.com.br\\\/site\\\/author\\\/juliana\\\/#author\",\"url\":\"https:\\\/\\\/anoticiaonline.com.br\\\/site\\\/author\\\/juliana\\\/\",\"name\":\"Juliana Laviola\",\"image\":{\"@type\":\"ImageObject\",\"@id\":\"https:\\\/\\\/anoticiaonline.com.br\\\/site\\\/instituicao-mateus-sena-traz-a-muriae-zan-mustacchi-um-dos-maiores-especialistas-em-sindrome-de-down-do-pais\\\/#authorImage\",\"url\":\"https:\\\/\\\/secure.gravatar.com\\\/avatar\\\/b8d45f5c699b100dfaf0e543582f38f38bf94cb7ae3a5e9abf8d891a34773335?s=96&d=mm&r=g\",\"width\":96,\"height\":96,\"caption\":\"Juliana Laviola\"}},{\"@type\":\"WebPage\",\"@id\":\"https:\\\/\\\/anoticiaonline.com.br\\\/site\\\/instituicao-mateus-sena-traz-a-muriae-zan-mustacchi-um-dos-maiores-especialistas-em-sindrome-de-down-do-pais\\\/#webpage\",\"url\":\"https:\\\/\\\/anoticiaonline.com.br\\\/site\\\/instituicao-mateus-sena-traz-a-muriae-zan-mustacchi-um-dos-maiores-especialistas-em-sindrome-de-down-do-pais\\\/\",\"name\":\"Institui\\u00e7\\u00e3o Mateus Sena traz a Muria\\u00e9 Zan Mustacchi, um dos maiores especialistas em S\\u00edndrome de Down do pa\\u00eds - A Not\\u00edcia Online\",\"description\":\"A Institui\\u00e7\\u00e3o Mateus Sena, em parceria com o Centro Universit\\u00e1rio Unifaminas, trouxe a Muria\\u00e9 um dos maiores especialistas em S\\u00edndrome de Down do pa\\u00eds: o pediatra, geneticista e professor, Dr. Zan Mustacchi. Cerca de 250 pessoas estiveram presentes no evento, que aconteceu no s\\u00e1bado (23). Durante sua palestra, o especialista abordou temas diversos que envolvem\",\"inLanguage\":\"pt-BR\",\"isPartOf\":{\"@id\":\"https:\\\/\\\/anoticiaonline.com.br\\\/site\\\/#website\"},\"breadcrumb\":{\"@id\":\"https:\\\/\\\/anoticiaonline.com.br\\\/site\\\/instituicao-mateus-sena-traz-a-muriae-zan-mustacchi-um-dos-maiores-especialistas-em-sindrome-de-down-do-pais\\\/#breadcrumblist\"},\"author\":{\"@id\":\"https:\\\/\\\/anoticiaonline.com.br\\\/site\\\/author\\\/juliana\\\/#author\"},\"creator\":{\"@id\":\"https:\\\/\\\/anoticiaonline.com.br\\\/site\\\/author\\\/juliana\\\/#author\"},\"image\":{\"@type\":\"ImageObject\",\"url\":\"https:\\\/\\\/anoticiaonline.com.br\\\/site\\\/wp-content\\\/uploads\\\/2016\\\/11\\\/Institui\\u00e7\\u00e3o-Mateus-Sena-traz-a-Muria\\u00e9-Zan-Mustacchi-um-dos-maiores-especialistas-em-S\\u00edndrome-de-Down-do-pa\\u00eds.jpg\",\"@id\":\"https:\\\/\\\/anoticiaonline.com.br\\\/site\\\/instituicao-mateus-sena-traz-a-muriae-zan-mustacchi-um-dos-maiores-especialistas-em-sindrome-de-down-do-pais\\\/#mainImage\",\"width\":640,\"height\":514,\"caption\":\"Dr. Zan Mustacchi durante palestra em Muria\\u00e9\"},\"primaryImageOfPage\":{\"@id\":\"https:\\\/\\\/anoticiaonline.com.br\\\/site\\\/instituicao-mateus-sena-traz-a-muriae-zan-mustacchi-um-dos-maiores-especialistas-em-sindrome-de-down-do-pais\\\/#mainImage\"},\"datePublished\":\"2016-11-16T10:17:56-03:00\",\"dateModified\":\"2016-11-16T10:17:56-03:00\"},{\"@type\":\"WebSite\",\"@id\":\"https:\\\/\\\/anoticiaonline.com.br\\\/site\\\/#website\",\"url\":\"https:\\\/\\\/anoticiaonline.com.br\\\/site\\\/\",\"name\":\"A Not\\u00edcia Online\",\"description\":\"Noticias de Muria\\u00e9 e regi\\u00e3o\",\"inLanguage\":\"pt-BR\",\"publisher\":{\"@id\":\"https:\\\/\\\/anoticiaonline.com.br\\\/site\\\/#organization\"}}]}\n\t\t<\/script>\n\t\t<!-- All in One SEO -->\n\n","aioseo_head_json":{"title":"Institui\u00e7\u00e3o Mateus Sena traz a Muria\u00e9 Zan Mustacchi, um dos maiores especialistas em S\u00edndrome de Down do pa\u00eds - A Not\u00edcia Online","description":"A Institui\u00e7\u00e3o Mateus Sena, em parceria com o Centro Universit\u00e1rio Unifaminas, trouxe a Muria\u00e9 um dos maiores especialistas em S\u00edndrome de Down do pa\u00eds: o pediatra, geneticista e professor, Dr. Zan Mustacchi. Cerca de 250 pessoas estiveram presentes no evento, que aconteceu no s\u00e1bado (23). Durante sua palestra, o especialista abordou temas diversos que envolvem","canonical_url":"https:\/\/anoticiaonline.com.br\/site\/instituicao-mateus-sena-traz-a-muriae-zan-mustacchi-um-dos-maiores-especialistas-em-sindrome-de-down-do-pais\/","robots":"max-image-preview:large","keywords":"","webmasterTools":{"miscellaneous":""},"schema":{"@context":"https:\/\/schema.org","@graph":[{"@type":"BlogPosting","@id":"https:\/\/anoticiaonline.com.br\/site\/instituicao-mateus-sena-traz-a-muriae-zan-mustacchi-um-dos-maiores-especialistas-em-sindrome-de-down-do-pais\/#blogposting","name":"Institui\u00e7\u00e3o Mateus Sena traz a Muria\u00e9 Zan Mustacchi, um dos maiores especialistas em S\u00edndrome de Down do pa\u00eds - A Not\u00edcia Online","headline":"Institui\u00e7\u00e3o Mateus Sena traz a Muria\u00e9 Zan Mustacchi, um dos maiores especialistas em S\u00edndrome de Down do pa\u00eds","author":{"@id":"https:\/\/anoticiaonline.com.br\/site\/author\/juliana\/#author"},"publisher":{"@id":"https:\/\/anoticiaonline.com.br\/site\/#organization"},"image":{"@type":"ImageObject","url":"https:\/\/anoticiaonline.com.br\/site\/wp-content\/uploads\/2016\/11\/Institui\u00e7\u00e3o-Mateus-Sena-traz-a-Muria\u00e9-Zan-Mustacchi-um-dos-maiores-especialistas-em-S\u00edndrome-de-Down-do-pa\u00eds.jpg","width":640,"height":514,"caption":"Dr. Zan Mustacchi durante palestra em Muria\u00e9"},"datePublished":"2016-11-16T10:17:56-03:00","dateModified":"2016-11-16T10:17:56-03:00","inLanguage":"pt-BR","mainEntityOfPage":{"@id":"https:\/\/anoticiaonline.com.br\/site\/instituicao-mateus-sena-traz-a-muriae-zan-mustacchi-um-dos-maiores-especialistas-em-sindrome-de-down-do-pais\/#webpage"},"isPartOf":{"@id":"https:\/\/anoticiaonline.com.br\/site\/instituicao-mateus-sena-traz-a-muriae-zan-mustacchi-um-dos-maiores-especialistas-em-sindrome-de-down-do-pais\/#webpage"},"articleSection":"Blog, slide"},{"@type":"BreadcrumbList","@id":"https:\/\/anoticiaonline.com.br\/site\/instituicao-mateus-sena-traz-a-muriae-zan-mustacchi-um-dos-maiores-especialistas-em-sindrome-de-down-do-pais\/#breadcrumblist","itemListElement":[{"@type":"ListItem","@id":"https:\/\/anoticiaonline.com.br\/site#listItem","position":1,"name":"Home","item":"https:\/\/anoticiaonline.com.br\/site","nextItem":{"@type":"ListItem","@id":"https:\/\/anoticiaonline.com.br\/site\/categoria\/muriae\/#listItem","name":"Blog"}},{"@type":"ListItem","@id":"https:\/\/anoticiaonline.com.br\/site\/categoria\/muriae\/#listItem","position":2,"name":"Blog","item":"https:\/\/anoticiaonline.com.br\/site\/categoria\/muriae\/","nextItem":{"@type":"ListItem","@id":"https:\/\/anoticiaonline.com.br\/site\/instituicao-mateus-sena-traz-a-muriae-zan-mustacchi-um-dos-maiores-especialistas-em-sindrome-de-down-do-pais\/#listItem","name":"Institui\u00e7\u00e3o Mateus Sena traz a Muria\u00e9 Zan Mustacchi, um dos maiores especialistas em S\u00edndrome de Down do pa\u00eds"},"previousItem":{"@type":"ListItem","@id":"https:\/\/anoticiaonline.com.br\/site#listItem","name":"Home"}},{"@type":"ListItem","@id":"https:\/\/anoticiaonline.com.br\/site\/instituicao-mateus-sena-traz-a-muriae-zan-mustacchi-um-dos-maiores-especialistas-em-sindrome-de-down-do-pais\/#listItem","position":3,"name":"Institui\u00e7\u00e3o Mateus Sena traz a Muria\u00e9 Zan Mustacchi, um dos maiores especialistas em S\u00edndrome de Down do pa\u00eds","previousItem":{"@type":"ListItem","@id":"https:\/\/anoticiaonline.com.br\/site\/categoria\/muriae\/#listItem","name":"Blog"}}]},{"@type":"Organization","@id":"https:\/\/anoticiaonline.com.br\/site\/#organization","name":"A Not\u00edcia Online","description":"Noticias de Muria\u00e9 e regi\u00e3o","url":"https:\/\/anoticiaonline.com.br\/site\/","logo":{"@type":"ImageObject","url":"https:\/\/scontent-gig4-1.xx.fbcdn.net\/v\/t39.30808-1\/270437624_4564083193639691_6907940295614233970_n.jpg?stp=dst-jpg_s200x200_tt6&_nc_cat=111&ccb=1-7&_nc_sid=f907e8&_nc_ohc=SM1wRlP3lJwQ7kNvwEPuBYA&_nc_oc=AdnqrjDN_BNjSSHWO-GbkIWH6fkGMLw4bqvL_NH6e2wMveX7G-rP2dAqsDSq1mJMOaY&_nc_zt=24&_nc_ht=scontent-gig4-1.xx&_nc_gid=AoBFJeGrT1hVaew_6rchkQ&oh=00_AfX7QmFGhQhG2jAllVgXCiM1ZrWgvtp80-Bfppyexh1QEg&oe=689E923C","@id":"https:\/\/anoticiaonline.com.br\/site\/instituicao-mateus-sena-traz-a-muriae-zan-mustacchi-um-dos-maiores-especialistas-em-sindrome-de-down-do-pais\/#organizationLogo"},"image":{"@id":"https:\/\/anoticiaonline.com.br\/site\/instituicao-mateus-sena-traz-a-muriae-zan-mustacchi-um-dos-maiores-especialistas-em-sindrome-de-down-do-pais\/#organizationLogo"}},{"@type":"Person","@id":"https:\/\/anoticiaonline.com.br\/site\/author\/juliana\/#author","url":"https:\/\/anoticiaonline.com.br\/site\/author\/juliana\/","name":"Juliana Laviola","image":{"@type":"ImageObject","@id":"https:\/\/anoticiaonline.com.br\/site\/instituicao-mateus-sena-traz-a-muriae-zan-mustacchi-um-dos-maiores-especialistas-em-sindrome-de-down-do-pais\/#authorImage","url":"https:\/\/secure.gravatar.com\/avatar\/b8d45f5c699b100dfaf0e543582f38f38bf94cb7ae3a5e9abf8d891a34773335?s=96&d=mm&r=g","width":96,"height":96,"caption":"Juliana Laviola"}},{"@type":"WebPage","@id":"https:\/\/anoticiaonline.com.br\/site\/instituicao-mateus-sena-traz-a-muriae-zan-mustacchi-um-dos-maiores-especialistas-em-sindrome-de-down-do-pais\/#webpage","url":"https:\/\/anoticiaonline.com.br\/site\/instituicao-mateus-sena-traz-a-muriae-zan-mustacchi-um-dos-maiores-especialistas-em-sindrome-de-down-do-pais\/","name":"Institui\u00e7\u00e3o Mateus Sena traz a Muria\u00e9 Zan Mustacchi, um dos maiores especialistas em S\u00edndrome de Down do pa\u00eds - A Not\u00edcia Online","description":"A Institui\u00e7\u00e3o Mateus Sena, em parceria com o Centro Universit\u00e1rio Unifaminas, trouxe a Muria\u00e9 um dos maiores especialistas em S\u00edndrome de Down do pa\u00eds: o pediatra, geneticista e professor, Dr. Zan Mustacchi. Cerca de 250 pessoas estiveram presentes no evento, que aconteceu no s\u00e1bado (23). Durante sua palestra, o especialista abordou temas diversos que envolvem","inLanguage":"pt-BR","isPartOf":{"@id":"https:\/\/anoticiaonline.com.br\/site\/#website"},"breadcrumb":{"@id":"https:\/\/anoticiaonline.com.br\/site\/instituicao-mateus-sena-traz-a-muriae-zan-mustacchi-um-dos-maiores-especialistas-em-sindrome-de-down-do-pais\/#breadcrumblist"},"author":{"@id":"https:\/\/anoticiaonline.com.br\/site\/author\/juliana\/#author"},"creator":{"@id":"https:\/\/anoticiaonline.com.br\/site\/author\/juliana\/#author"},"image":{"@type":"ImageObject","url":"https:\/\/anoticiaonline.com.br\/site\/wp-content\/uploads\/2016\/11\/Institui\u00e7\u00e3o-Mateus-Sena-traz-a-Muria\u00e9-Zan-Mustacchi-um-dos-maiores-especialistas-em-S\u00edndrome-de-Down-do-pa\u00eds.jpg","@id":"https:\/\/anoticiaonline.com.br\/site\/instituicao-mateus-sena-traz-a-muriae-zan-mustacchi-um-dos-maiores-especialistas-em-sindrome-de-down-do-pais\/#mainImage","width":640,"height":514,"caption":"Dr. Zan Mustacchi durante palestra em Muria\u00e9"},"primaryImageOfPage":{"@id":"https:\/\/anoticiaonline.com.br\/site\/instituicao-mateus-sena-traz-a-muriae-zan-mustacchi-um-dos-maiores-especialistas-em-sindrome-de-down-do-pais\/#mainImage"},"datePublished":"2016-11-16T10:17:56-03:00","dateModified":"2016-11-16T10:17:56-03:00"},{"@type":"WebSite","@id":"https:\/\/anoticiaonline.com.br\/site\/#website","url":"https:\/\/anoticiaonline.com.br\/site\/","name":"A Not\u00edcia Online","description":"Noticias de Muria\u00e9 e regi\u00e3o","inLanguage":"pt-BR","publisher":{"@id":"https:\/\/anoticiaonline.com.br\/site\/#organization"}}]},"og:locale":"pt_BR","og:site_name":"A Not\u00edcia Online - Noticias de Muria\u00e9 e regi\u00e3o","og:type":"article","og:title":"Institui\u00e7\u00e3o Mateus Sena traz a Muria\u00e9 Zan Mustacchi, um dos maiores especialistas em S\u00edndrome de Down do pa\u00eds - A Not\u00edcia Online","og:description":"A Institui\u00e7\u00e3o Mateus Sena, em parceria com o Centro Universit\u00e1rio Unifaminas, trouxe a Muria\u00e9 um dos maiores especialistas em S\u00edndrome de Down do pa\u00eds: o pediatra, geneticista e professor, Dr. Zan Mustacchi. Cerca de 250 pessoas estiveram presentes no evento, que aconteceu no s\u00e1bado (23). Durante sua palestra, o especialista abordou temas diversos que envolvem","og:url":"https:\/\/anoticiaonline.com.br\/site\/instituicao-mateus-sena-traz-a-muriae-zan-mustacchi-um-dos-maiores-especialistas-em-sindrome-de-down-do-pais\/","og:image":"https:\/\/scontent-gig4-1.xx.fbcdn.net\/v\/t39.30808-1\/270437624_4564083193639691_6907940295614233970_n.jpg?stp=dst-jpg_s200x200_tt6&#038;_nc_cat=111&#038;ccb=1-7&#038;_nc_sid=f907e8&#038;_nc_ohc=SM1wRlP3lJwQ7kNvwEPuBYA&#038;_nc_oc=AdnqrjDN_BNjSSHWO-GbkIWH6fkGMLw4bqvL_NH6e2wMveX7G-rP2dAqsDSq1mJMOaY&#038;_nc_zt=24&#038;_nc_ht=scontent-gig4-1.xx&#038;_nc_gid=AoBFJeGrT1hVaew_6rchkQ&#038;oh=00_AfX7QmFGhQhG2jAllVgXCiM1ZrWgvtp80-Bfppyexh1QEg&#038;oe=689E923C","og:image:secure_url":"https:\/\/scontent-gig4-1.xx.fbcdn.net\/v\/t39.30808-1\/270437624_4564083193639691_6907940295614233970_n.jpg?stp=dst-jpg_s200x200_tt6&#038;_nc_cat=111&#038;ccb=1-7&#038;_nc_sid=f907e8&#038;_nc_ohc=SM1wRlP3lJwQ7kNvwEPuBYA&#038;_nc_oc=AdnqrjDN_BNjSSHWO-GbkIWH6fkGMLw4bqvL_NH6e2wMveX7G-rP2dAqsDSq1mJMOaY&#038;_nc_zt=24&#038;_nc_ht=scontent-gig4-1.xx&#038;_nc_gid=AoBFJeGrT1hVaew_6rchkQ&#038;oh=00_AfX7QmFGhQhG2jAllVgXCiM1ZrWgvtp80-Bfppyexh1QEg&#038;oe=689E923C","article:published_time":"2016-11-16T13:17:56+00:00","article:modified_time":"2016-11-16T13:17:56+00:00","twitter:card":"summary_large_image","twitter:title":"Institui\u00e7\u00e3o Mateus Sena traz a Muria\u00e9 Zan Mustacchi, um dos maiores especialistas em S\u00edndrome de Down do pa\u00eds - A Not\u00edcia Online","twitter:description":"A Institui\u00e7\u00e3o Mateus Sena, em parceria com o Centro Universit\u00e1rio Unifaminas, trouxe a Muria\u00e9 um dos maiores especialistas em S\u00edndrome de Down do pa\u00eds: o pediatra, geneticista e professor, Dr. Zan Mustacchi. Cerca de 250 pessoas estiveram presentes no evento, que aconteceu no s\u00e1bado (23). Durante sua palestra, o especialista abordou temas diversos que envolvem","twitter:image":"https:\/\/scontent-gig4-1.xx.fbcdn.net\/v\/t39.30808-1\/270437624_4564083193639691_6907940295614233970_n.jpg?stp=dst-jpg_s200x200_tt6&_nc_cat=111&ccb=1-7&_nc_sid=f907e8&_nc_ohc=SM1wRlP3lJwQ7kNvwEPuBYA&_nc_oc=AdnqrjDN_BNjSSHWO-GbkIWH6fkGMLw4bqvL_NH6e2wMveX7G-rP2dAqsDSq1mJMOaY&_nc_zt=24&_nc_ht=scontent-gig4-1.xx&_nc_gid=AoBFJeGrT1hVaew_6rchkQ&oh=00_AfX7QmFGhQhG2jAllVgXCiM1ZrWgvtp80-Bfppyexh1QEg&oe=689E923C"},"aioseo_meta_data":{"post_id":"21577","title":null,"description":null,"keywords":null,"keyphrases":null,"primary_term":null,"canonical_url":null,"og_title":null,"og_description":null,"og_object_type":"default","og_image_type":"default","og_image_url":null,"og_image_width":null,"og_image_height":null,"og_image_custom_url":null,"og_image_custom_fields":null,"og_video":null,"og_custom_url":null,"og_article_section":null,"og_article_tags":null,"twitter_use_og":false,"twitter_card":"default","twitter_image_type":"default","twitter_image_url":null,"twitter_image_custom_url":null,"twitter_image_custom_fields":null,"twitter_title":null,"twitter_description":null,"schema":{"blockGraphs":[],"customGraphs":[],"default":{"data":{"Article":[],"Course":[],"Dataset":[],"FAQPage":[],"Movie":[],"Person":[],"Product":[],"ProductReview":[],"Car":[],"Recipe":[],"Service":[],"SoftwareApplication":[],"WebPage":[]},"graphName":"","isEnabled":true},"graphs":[]},"schema_type":"default","schema_type_options":null,"pillar_content":false,"robots_default":true,"robots_noindex":false,"robots_noarchive":false,"robots_nosnippet":false,"robots_nofollow":false,"robots_noimageindex":false,"robots_noodp":false,"robots_notranslate":false,"robots_max_snippet":null,"robots_max_videopreview":null,"robots_max_imagepreview":"large","priority":null,"frequency":null,"local_seo":null,"breadcrumb_settings":null,"limit_modified_date":false,"ai":null,"created":"2025-08-16 17:10:23","updated":"2025-08-16 17:10:23","focus_keyword":null,"additional_keywords":null,"truseo_locale":null,"seo_analyzer_scan_date":null},"aioseo_breadcrumb":"<div class=\"aioseo-breadcrumbs\"><span class=\"aioseo-breadcrumb\">\n\t\t\t<a href=\"https:\/\/anoticiaonline.com.br\/site\" title=\"Home\">Home<\/a>\n\t\t<\/span><span class=\"aioseo-breadcrumb-separator\">&raquo;<\/span><span class=\"aioseo-breadcrumb\">\n\t\t\t<a href=\"https:\/\/anoticiaonline.com.br\/site\/categoria\/muriae\/\" title=\"Blog\">Blog<\/a>\n\t\t<\/span><span class=\"aioseo-breadcrumb-separator\">&raquo;<\/span><span class=\"aioseo-breadcrumb\">\n\t\t\tInstitui\u00e7\u00e3o Mateus Sena traz a Muria\u00e9 Zan Mustacchi, um dos maiores especialistas em S\u00edndrome de Down do pa\u00eds\n\t\t<\/span><\/div>","aioseo_breadcrumb_json":[{"label":"Home","link":"https:\/\/anoticiaonline.com.br\/site"},{"label":"Blog","link":"https:\/\/anoticiaonline.com.br\/site\/categoria\/muriae\/"},{"label":"Institui\u00e7\u00e3o Mateus Sena traz a Muria\u00e9 Zan Mustacchi, um dos maiores especialistas em S\u00edndrome de Down do pa\u00eds","link":"https:\/\/anoticiaonline.com.br\/site\/instituicao-mateus-sena-traz-a-muriae-zan-mustacchi-um-dos-maiores-especialistas-em-sindrome-de-down-do-pais\/"}],"views":174,"_links":{"self":[{"href":"https:\/\/anoticiaonline.com.br\/site\/wp-json\/wp\/v2\/posts\/21577","targetHints":{"allow":["GET"]}}],"collection":[{"href":"https:\/\/anoticiaonline.com.br\/site\/wp-json\/wp\/v2\/posts"}],"about":[{"href":"https:\/\/anoticiaonline.com.br\/site\/wp-json\/wp\/v2\/types\/post"}],"author":[{"embeddable":true,"href":"https:\/\/anoticiaonline.com.br\/site\/wp-json\/wp\/v2\/users\/2"}],"replies":[{"embeddable":true,"href":"https:\/\/anoticiaonline.com.br\/site\/wp-json\/wp\/v2\/comments?post=21577"}],"version-history":[{"count":0,"href":"https:\/\/anoticiaonline.com.br\/site\/wp-json\/wp\/v2\/posts\/21577\/revisions"}],"wp:featuredmedia":[{"embeddable":true,"href":"https:\/\/anoticiaonline.com.br\/site\/wp-json\/wp\/v2\/media\/21578"}],"wp:attachment":[{"href":"https:\/\/anoticiaonline.com.br\/site\/wp-json\/wp\/v2\/media?parent=21577"}],"wp:term":[{"taxonomy":"category","embeddable":true,"href":"https:\/\/anoticiaonline.com.br\/site\/wp-json\/wp\/v2\/categories?post=21577"},{"taxonomy":"post_tag","embeddable":true,"href":"https:\/\/anoticiaonline.com.br\/site\/wp-json\/wp\/v2\/tags?post=21577"}],"curies":[{"name":"wp","href":"https:\/\/api.w.org\/{rel}","templated":true}]}}