{"id":21497,"date":"2016-11-10T10:19:48","date_gmt":"2016-11-10T13:19:48","guid":{"rendered":"http:\/\/anoticiaonline.com.br\/site\/?p=21497"},"modified":"2016-11-10T16:08:38","modified_gmt":"2016-11-10T19:08:38","slug":"abaixo-assinado-de-iniciativa-popular-pede-liberacao-da-rotatoria-proxima-a-paroquia-sao-paulo","status":"publish","type":"post","link":"https:\/\/anoticiaonline.com.br\/site\/abaixo-assinado-de-iniciativa-popular-pede-liberacao-da-rotatoria-proxima-a-paroquia-sao-paulo\/","title":{"rendered":"Abaixo-assinado de iniciativa popular pede libera\u00e7\u00e3o da rotat\u00f3ria pr\u00f3xima \u00e0 Par\u00f3quia S\u00e3o Paulo"},"content":{"rendered":"<figure id=\"attachment_21498\" aria-describedby=\"caption-attachment-21498\" style=\"width: 290px\" class=\"wp-caption alignleft\"><a href=\"https:\/\/anoticiaonline.com.br\/site\/wp-content\/uploads\/2016\/11\/DSC_0770.jpg\"><img decoding=\"async\" class=\"wp-image-21498 size-medium\" src=\"https:\/\/anoticiaonline.com.br\/site\/wp-content\/uploads\/2016\/11\/DSC_0770-300x157.jpg\" alt=\"dsc_0770\" width=\"300\" height=\"157\" srcset=\"https:\/\/anoticiaonline.com.br\/site\/wp-content\/uploads\/2016\/11\/DSC_0770-300x157.jpg 300w, https:\/\/anoticiaonline.com.br\/site\/wp-content\/uploads\/2016\/11\/DSC_0770.jpg 640w\" sizes=\"(max-width: 300px) 100vw, 300px\" \/><\/a><figcaption id=\"caption-attachment-21498\" class=\"wp-caption-text\">Fechamento da rotat\u00f3ria tem sido alvo de cr\u00edticas por parte de motoristas<\/figcaption><\/figure>\n<p>Um abaixo-assinado de iniciativa popular solicita a libera\u00e7\u00e3o da rotat\u00f3ria pr\u00f3xima \u00e0 Par\u00f3quia S\u00e3o Paulo, Centro. A interven\u00e7\u00e3o foi implantada h\u00e1 duas semanas pelo Departamento Municipal de Transporte e Tr\u00e2nsito (Demuttran) e tem gerado reclama\u00e7\u00f5es por parte dos motoristas, os quais perderam op\u00e7\u00f5es de percursos na regi\u00e3o.<\/p>\n<p>O assunto foi debatido na reuni\u00e3o de ter\u00e7a-feira (8) da C\u00e2mara de Vereadores e o abaixo-assinado j\u00e1 est\u00e1 em andamento, visando \u00e0 libera\u00e7\u00e3o do trecho. A coleta das assinaturas est\u00e1 sendo realizada no Posto Ana Claudia, localizado na esquina das ruas Coronel Domiciano e Desembargador Can\u00eado.<\/p>\n<p>A presidente da Casa, vereadora Helena Carvalho (PMDB), tamb\u00e9m se disse contra o fechamento da rotat\u00f3ria. Ela j\u00e1 registrou, inclusive, um requerimento ao diretor do Demuttran, M\u00e1rio Brambila, solicitando explica\u00e7\u00f5es sobre a interven\u00e7\u00e3o.<\/p>\n<p>Segundo o organizador do manifesto, o produtor rural Jos\u00e9 Geraldo Carvalho Furlani, a ideia \u00e9 apresentar o resultado parcial de coleta na reuni\u00e3o da C\u00e2mara do dia 22 de novembro, haja vista que no dia 15 n\u00e3o haver\u00e1 sess\u00e3o, devido ao feriado nacional da Proclama\u00e7\u00e3o da Rep\u00fablica.<\/p>\n<p>Jos\u00e9 Geraldo e Helena Carvalho disseram que o fechamento da rotat\u00f3ria dificultou o acesso a \u00f3rg\u00e3os e institui\u00e7\u00f5es importantes, al\u00e9m de sobrecarregar o tr\u00e2nsito do entorno da Pra\u00e7a Jo\u00e3o Pinheiro.<\/p>\n<p>Com o fechamento da rotat\u00f3ria, os motoristas que trafegam pela Rua Coronel Domiciano e os que descem da Rua Paulo Pacheco de Medeiros (subida do cemit\u00e9rio) s\u00e3o agora obrigados a seguir pela Desembargador Can\u00eado, n\u00e3o sendo mais poss\u00edvel voltar pela Coronel Domiciano em dire\u00e7\u00e3o \u00e0 regi\u00e3o da Arma\u00e7\u00e3o ou acessar as ruas Presidente Artur Bernardes (rua do f\u00f3rum) e Efig\u00eania de Freitas, que liga a regi\u00e3o da Par\u00f3quia S\u00e3o Paulo \u00e0 Avenida JK.<\/p>\n<p><strong>RESPOSTA DO DEMUTTRAN \u2013<\/strong> Em entrevista \u00e0 R\u00e1dio Muria\u00e9, o diretor do Demuttran, M\u00e1rio Brambila, afirma que o projeto da implanta\u00e7\u00e3o dos sem\u00e1foros foi realizado pela empresa vencedora da licita\u00e7\u00e3o, a qual adequou o projeto com os t\u00e9cnicos da Secretaria de Obras, ap\u00f3s um estudo das interse\u00e7\u00f5es da cidade. \u201cMuria\u00e9 est\u00e1 passando por mudan\u00e7as no tr\u00e2nsito, e sabemos que mudan\u00e7as geram desconforto. Nesse primeiro m\u00eas haver\u00e1 desconforto, mas em seguida a popula\u00e7\u00e3o vai saber como funciona e aprovar o que est\u00e1 sendo feito hoje\u201d, diz.<\/p>\n<p>Em rela\u00e7\u00e3o ao fechamento da rotat\u00f3ria especificamente, Brambila explica que a interven\u00e7\u00e3o foi realizada baseada em crit\u00e9rios t\u00e9cnicos e visa proporcionar maior fluidez do tr\u00e2nsito naquela regi\u00e3o. \u201cAquela rotat\u00f3ria estava \u2018estrangulando\u2019 o tr\u00e2nsito para os ve\u00edculos que circulavam no sentido Efig\u00eania de Freitas ou contornava pela Arthur Bernardes. Aquele contorno prendia todo o tr\u00e2nsito, e com a implanta\u00e7\u00e3o do sem\u00e1foro o gargalo ficou ainda maior. O pr\u00f3prio estudo j\u00e1 previa o fechamento daquela rotat\u00f3ria\u201d, analisa.<\/p>\n<p>Ainda segundo o diretor do Demuttran, o canteiro daquela localidade ser\u00e1 suprimido. \u201cA pista ficar\u00e1 totalmente e livre para a circula\u00e7\u00e3o do tr\u00e2nsito para a Rua Ant\u00f4nio Can\u00eado e para a Pra\u00e7a Jo\u00e3o Pinheiro. Portanto, \u00e9 uma situa\u00e7\u00e3o que t\u00ednhamos que fazer, para proporcionarmos um fluxo mais r\u00e1pido, haja vista que ali tamb\u00e9m \u00e9 via de acesso ao Hospital S\u00e3o Paulo. O tr\u00e2nsito, ali, n\u00e3o tem condi\u00e7\u00f5es de ficar agarrado como estava anteriormente\u201d, afirma.<\/p>\n<p>&nbsp;<\/p>\n<p><strong><em>*Mat\u00e9ria atualizada \u00e0s 17h de quinta-feira (10)<\/em><\/strong><\/p>\n","protected":false},"excerpt":{"rendered":"<p>Um abaixo-assinado de iniciativa popular solicita a libera\u00e7\u00e3o da rotat\u00f3ria pr\u00f3xima \u00e0 Par\u00f3quia S\u00e3o Paulo, Centro. A interven\u00e7\u00e3o foi implantada h\u00e1 duas semanas pelo Departamento Municipal de Transporte e Tr\u00e2nsito (Demuttran) e tem gerado reclama\u00e7\u00f5es por parte dos motoristas, os quais perderam op\u00e7\u00f5es de percursos na regi\u00e3o. O assunto foi debatido na reuni\u00e3o de ter\u00e7a-feira &#8230; <a title=\"Abaixo-assinado de iniciativa popular pede libera\u00e7\u00e3o da rotat\u00f3ria pr\u00f3xima \u00e0 Par\u00f3quia S\u00e3o Paulo\" class=\"read-more\" href=\"https:\/\/anoticiaonline.com.br\/site\/abaixo-assinado-de-iniciativa-popular-pede-liberacao-da-rotatoria-proxima-a-paroquia-sao-paulo\/\" aria-label=\"Read more about Abaixo-assinado de iniciativa popular pede libera\u00e7\u00e3o da rotat\u00f3ria pr\u00f3xima \u00e0 Par\u00f3quia S\u00e3o Paulo\">Ler mais<\/a><\/p>\n","protected":false},"author":2,"featured_media":21498,"comment_status":"open","ping_status":"open","sticky":false,"template":"","format":"standard","meta":{"_acf_changed":false,"_monsterinsights_skip_tracking":false,"footnotes":""},"categories":[30],"tags":[3],"class_list":["post-21497","post","type-post","status-publish","format-standard","has-post-thumbnail","hentry","category-muriae","tag-slide"],"acf":[],"aioseo_notices":[],"aioseo_head":"\n\t\t<!-- All in One SEO 5.0.0.1 - aioseo.com -->\n\t<meta name=\"description\" content=\"Um abaixo-assinado de iniciativa popular solicita a libera\u00e7\u00e3o da rotat\u00f3ria pr\u00f3xima \u00e0 Par\u00f3quia S\u00e3o Paulo, Centro. A interven\u00e7\u00e3o foi implantada h\u00e1 duas semanas pelo Departamento Municipal de Transporte e Tr\u00e2nsito (Demuttran) e tem gerado reclama\u00e7\u00f5es por parte dos motoristas, os quais perderam op\u00e7\u00f5es de percursos na regi\u00e3o. O assunto foi debatido na reuni\u00e3o de ter\u00e7a-feira\" \/>\n\t<meta name=\"robots\" content=\"max-image-preview:large\" \/>\n\t<meta name=\"author\" content=\"Juliana Laviola\"\/>\n\t<link rel=\"canonical\" href=\"https:\/\/anoticiaonline.com.br\/site\/abaixo-assinado-de-iniciativa-popular-pede-liberacao-da-rotatoria-proxima-a-paroquia-sao-paulo\/\" \/>\n\t<meta name=\"generator\" content=\"All in One SEO (AIOSEO) 5.0.0.1\" \/>\n\t\t<meta property=\"og:locale\" content=\"pt_BR\" \/>\n\t\t<meta property=\"og:site_name\" content=\"A Not\u00edcia Online - Noticias de Muria\u00e9 e regi\u00e3o\" \/>\n\t\t<meta property=\"og:type\" content=\"article\" \/>\n\t\t<meta property=\"og:title\" content=\"Abaixo-assinado de iniciativa popular pede libera\u00e7\u00e3o da rotat\u00f3ria pr\u00f3xima \u00e0 Par\u00f3quia S\u00e3o Paulo - A Not\u00edcia Online\" \/>\n\t\t<meta property=\"og:description\" content=\"Um abaixo-assinado de iniciativa popular solicita a libera\u00e7\u00e3o da rotat\u00f3ria pr\u00f3xima \u00e0 Par\u00f3quia S\u00e3o Paulo, Centro. A interven\u00e7\u00e3o foi implantada h\u00e1 duas semanas pelo Departamento Municipal de Transporte e Tr\u00e2nsito (Demuttran) e tem gerado reclama\u00e7\u00f5es por parte dos motoristas, os quais perderam op\u00e7\u00f5es de percursos na regi\u00e3o. O assunto foi debatido na reuni\u00e3o de ter\u00e7a-feira\" \/>\n\t\t<meta property=\"og:url\" content=\"https:\/\/anoticiaonline.com.br\/site\/abaixo-assinado-de-iniciativa-popular-pede-liberacao-da-rotatoria-proxima-a-paroquia-sao-paulo\/\" \/>\n\t\t<meta property=\"og:image\" content=\"https:\/\/scontent-gig4-1.xx.fbcdn.net\/v\/t39.30808-1\/270437624_4564083193639691_6907940295614233970_n.jpg?stp=dst-jpg_s200x200_tt6&#038;_nc_cat=111&#038;ccb=1-7&#038;_nc_sid=f907e8&#038;_nc_ohc=SM1wRlP3lJwQ7kNvwEPuBYA&#038;_nc_oc=AdnqrjDN_BNjSSHWO-GbkIWH6fkGMLw4bqvL_NH6e2wMveX7G-rP2dAqsDSq1mJMOaY&#038;_nc_zt=24&#038;_nc_ht=scontent-gig4-1.xx&#038;_nc_gid=AoBFJeGrT1hVaew_6rchkQ&#038;oh=00_AfX7QmFGhQhG2jAllVgXCiM1ZrWgvtp80-Bfppyexh1QEg&#038;oe=689E923C\" \/>\n\t\t<meta property=\"og:image:secure_url\" content=\"https:\/\/scontent-gig4-1.xx.fbcdn.net\/v\/t39.30808-1\/270437624_4564083193639691_6907940295614233970_n.jpg?stp=dst-jpg_s200x200_tt6&#038;_nc_cat=111&#038;ccb=1-7&#038;_nc_sid=f907e8&#038;_nc_ohc=SM1wRlP3lJwQ7kNvwEPuBYA&#038;_nc_oc=AdnqrjDN_BNjSSHWO-GbkIWH6fkGMLw4bqvL_NH6e2wMveX7G-rP2dAqsDSq1mJMOaY&#038;_nc_zt=24&#038;_nc_ht=scontent-gig4-1.xx&#038;_nc_gid=AoBFJeGrT1hVaew_6rchkQ&#038;oh=00_AfX7QmFGhQhG2jAllVgXCiM1ZrWgvtp80-Bfppyexh1QEg&#038;oe=689E923C\" \/>\n\t\t<meta property=\"article:published_time\" content=\"2016-11-10T13:19:48+00:00\" \/>\n\t\t<meta property=\"article:modified_time\" content=\"2016-11-10T19:08:38+00:00\" \/>\n\t\t<meta name=\"twitter:card\" content=\"summary_large_image\" \/>\n\t\t<meta name=\"twitter:title\" content=\"Abaixo-assinado de iniciativa popular pede libera\u00e7\u00e3o da rotat\u00f3ria pr\u00f3xima \u00e0 Par\u00f3quia S\u00e3o Paulo - A Not\u00edcia Online\" \/>\n\t\t<meta name=\"twitter:description\" content=\"Um abaixo-assinado de iniciativa popular solicita a libera\u00e7\u00e3o da rotat\u00f3ria pr\u00f3xima \u00e0 Par\u00f3quia S\u00e3o Paulo, Centro. A interven\u00e7\u00e3o foi implantada h\u00e1 duas semanas pelo Departamento Municipal de Transporte e Tr\u00e2nsito (Demuttran) e tem gerado reclama\u00e7\u00f5es por parte dos motoristas, os quais perderam op\u00e7\u00f5es de percursos na regi\u00e3o. O assunto foi debatido na reuni\u00e3o de ter\u00e7a-feira\" \/>\n\t\t<meta name=\"twitter:image\" content=\"https:\/\/scontent-gig4-1.xx.fbcdn.net\/v\/t39.30808-1\/270437624_4564083193639691_6907940295614233970_n.jpg?stp=dst-jpg_s200x200_tt6&amp;_nc_cat=111&amp;ccb=1-7&amp;_nc_sid=f907e8&amp;_nc_ohc=SM1wRlP3lJwQ7kNvwEPuBYA&amp;_nc_oc=AdnqrjDN_BNjSSHWO-GbkIWH6fkGMLw4bqvL_NH6e2wMveX7G-rP2dAqsDSq1mJMOaY&amp;_nc_zt=24&amp;_nc_ht=scontent-gig4-1.xx&amp;_nc_gid=AoBFJeGrT1hVaew_6rchkQ&amp;oh=00_AfX7QmFGhQhG2jAllVgXCiM1ZrWgvtp80-Bfppyexh1QEg&amp;oe=689E923C\" \/>\n\t\t<script type=\"application\/ld+json\" class=\"aioseo-schema\">\n\t\t\t{\"@context\":\"https:\\\/\\\/schema.org\",\"@graph\":[{\"@type\":\"BlogPosting\",\"@id\":\"https:\\\/\\\/anoticiaonline.com.br\\\/site\\\/abaixo-assinado-de-iniciativa-popular-pede-liberacao-da-rotatoria-proxima-a-paroquia-sao-paulo\\\/#blogposting\",\"name\":\"Abaixo-assinado de iniciativa popular pede libera\\u00e7\\u00e3o da rotat\\u00f3ria pr\\u00f3xima \\u00e0 Par\\u00f3quia S\\u00e3o Paulo - A Not\\u00edcia Online\",\"headline\":\"Abaixo-assinado de iniciativa popular pede libera\\u00e7\\u00e3o da rotat\\u00f3ria pr\\u00f3xima \\u00e0 Par\\u00f3quia S\\u00e3o Paulo\",\"author\":{\"@id\":\"https:\\\/\\\/anoticiaonline.com.br\\\/site\\\/author\\\/juliana\\\/#author\"},\"publisher\":{\"@id\":\"https:\\\/\\\/anoticiaonline.com.br\\\/site\\\/#organization\"},\"image\":{\"@type\":\"ImageObject\",\"url\":\"https:\\\/\\\/anoticiaonline.com.br\\\/site\\\/wp-content\\\/uploads\\\/2016\\\/11\\\/DSC_0770.jpg\",\"width\":640,\"height\":334},\"datePublished\":\"2016-11-10T10:19:48-03:00\",\"dateModified\":\"2016-11-10T16:08:38-03:00\",\"inLanguage\":\"pt-BR\",\"mainEntityOfPage\":{\"@id\":\"https:\\\/\\\/anoticiaonline.com.br\\\/site\\\/abaixo-assinado-de-iniciativa-popular-pede-liberacao-da-rotatoria-proxima-a-paroquia-sao-paulo\\\/#webpage\"},\"isPartOf\":{\"@id\":\"https:\\\/\\\/anoticiaonline.com.br\\\/site\\\/abaixo-assinado-de-iniciativa-popular-pede-liberacao-da-rotatoria-proxima-a-paroquia-sao-paulo\\\/#webpage\"},\"articleSection\":\"Blog, slide\"},{\"@type\":\"BreadcrumbList\",\"@id\":\"https:\\\/\\\/anoticiaonline.com.br\\\/site\\\/abaixo-assinado-de-iniciativa-popular-pede-liberacao-da-rotatoria-proxima-a-paroquia-sao-paulo\\\/#breadcrumblist\",\"itemListElement\":[{\"@type\":\"ListItem\",\"@id\":\"https:\\\/\\\/anoticiaonline.com.br\\\/site#listItem\",\"position\":1,\"name\":\"Home\",\"item\":\"https:\\\/\\\/anoticiaonline.com.br\\\/site\",\"nextItem\":{\"@type\":\"ListItem\",\"@id\":\"https:\\\/\\\/anoticiaonline.com.br\\\/site\\\/categoria\\\/muriae\\\/#listItem\",\"name\":\"Blog\"}},{\"@type\":\"ListItem\",\"@id\":\"https:\\\/\\\/anoticiaonline.com.br\\\/site\\\/categoria\\\/muriae\\\/#listItem\",\"position\":2,\"name\":\"Blog\",\"item\":\"https:\\\/\\\/anoticiaonline.com.br\\\/site\\\/categoria\\\/muriae\\\/\",\"nextItem\":{\"@type\":\"ListItem\",\"@id\":\"https:\\\/\\\/anoticiaonline.com.br\\\/site\\\/abaixo-assinado-de-iniciativa-popular-pede-liberacao-da-rotatoria-proxima-a-paroquia-sao-paulo\\\/#listItem\",\"name\":\"Abaixo-assinado de iniciativa popular pede libera\\u00e7\\u00e3o da rotat\\u00f3ria pr\\u00f3xima \\u00e0 Par\\u00f3quia S\\u00e3o Paulo\"},\"previousItem\":{\"@type\":\"ListItem\",\"@id\":\"https:\\\/\\\/anoticiaonline.com.br\\\/site#listItem\",\"name\":\"Home\"}},{\"@type\":\"ListItem\",\"@id\":\"https:\\\/\\\/anoticiaonline.com.br\\\/site\\\/abaixo-assinado-de-iniciativa-popular-pede-liberacao-da-rotatoria-proxima-a-paroquia-sao-paulo\\\/#listItem\",\"position\":3,\"name\":\"Abaixo-assinado de iniciativa popular pede libera\\u00e7\\u00e3o da rotat\\u00f3ria pr\\u00f3xima \\u00e0 Par\\u00f3quia S\\u00e3o Paulo\",\"previousItem\":{\"@type\":\"ListItem\",\"@id\":\"https:\\\/\\\/anoticiaonline.com.br\\\/site\\\/categoria\\\/muriae\\\/#listItem\",\"name\":\"Blog\"}}]},{\"@type\":\"Organization\",\"@id\":\"https:\\\/\\\/anoticiaonline.com.br\\\/site\\\/#organization\",\"name\":\"A Not\\u00edcia Online\",\"description\":\"Noticias de Muria\\u00e9 e regi\\u00e3o\",\"url\":\"https:\\\/\\\/anoticiaonline.com.br\\\/site\\\/\",\"logo\":{\"@type\":\"ImageObject\",\"url\":\"https:\\\/\\\/scontent-gig4-1.xx.fbcdn.net\\\/v\\\/t39.30808-1\\\/270437624_4564083193639691_6907940295614233970_n.jpg?stp=dst-jpg_s200x200_tt6&_nc_cat=111&ccb=1-7&_nc_sid=f907e8&_nc_ohc=SM1wRlP3lJwQ7kNvwEPuBYA&_nc_oc=AdnqrjDN_BNjSSHWO-GbkIWH6fkGMLw4bqvL_NH6e2wMveX7G-rP2dAqsDSq1mJMOaY&_nc_zt=24&_nc_ht=scontent-gig4-1.xx&_nc_gid=AoBFJeGrT1hVaew_6rchkQ&oh=00_AfX7QmFGhQhG2jAllVgXCiM1ZrWgvtp80-Bfppyexh1QEg&oe=689E923C\",\"@id\":\"https:\\\/\\\/anoticiaonline.com.br\\\/site\\\/abaixo-assinado-de-iniciativa-popular-pede-liberacao-da-rotatoria-proxima-a-paroquia-sao-paulo\\\/#organizationLogo\"},\"image\":{\"@id\":\"https:\\\/\\\/anoticiaonline.com.br\\\/site\\\/abaixo-assinado-de-iniciativa-popular-pede-liberacao-da-rotatoria-proxima-a-paroquia-sao-paulo\\\/#organizationLogo\"}},{\"@type\":\"Person\",\"@id\":\"https:\\\/\\\/anoticiaonline.com.br\\\/site\\\/author\\\/juliana\\\/#author\",\"url\":\"https:\\\/\\\/anoticiaonline.com.br\\\/site\\\/author\\\/juliana\\\/\",\"name\":\"Juliana Laviola\",\"image\":{\"@type\":\"ImageObject\",\"@id\":\"https:\\\/\\\/anoticiaonline.com.br\\\/site\\\/abaixo-assinado-de-iniciativa-popular-pede-liberacao-da-rotatoria-proxima-a-paroquia-sao-paulo\\\/#authorImage\",\"url\":\"https:\\\/\\\/secure.gravatar.com\\\/avatar\\\/b8d45f5c699b100dfaf0e543582f38f38bf94cb7ae3a5e9abf8d891a34773335?s=96&d=mm&r=g\",\"width\":96,\"height\":96,\"caption\":\"Juliana Laviola\"}},{\"@type\":\"WebPage\",\"@id\":\"https:\\\/\\\/anoticiaonline.com.br\\\/site\\\/abaixo-assinado-de-iniciativa-popular-pede-liberacao-da-rotatoria-proxima-a-paroquia-sao-paulo\\\/#webpage\",\"url\":\"https:\\\/\\\/anoticiaonline.com.br\\\/site\\\/abaixo-assinado-de-iniciativa-popular-pede-liberacao-da-rotatoria-proxima-a-paroquia-sao-paulo\\\/\",\"name\":\"Abaixo-assinado de iniciativa popular pede libera\\u00e7\\u00e3o da rotat\\u00f3ria pr\\u00f3xima \\u00e0 Par\\u00f3quia S\\u00e3o Paulo - A Not\\u00edcia Online\",\"description\":\"Um abaixo-assinado de iniciativa popular solicita a libera\\u00e7\\u00e3o da rotat\\u00f3ria pr\\u00f3xima \\u00e0 Par\\u00f3quia S\\u00e3o Paulo, Centro. A interven\\u00e7\\u00e3o foi implantada h\\u00e1 duas semanas pelo Departamento Municipal de Transporte e Tr\\u00e2nsito (Demuttran) e tem gerado reclama\\u00e7\\u00f5es por parte dos motoristas, os quais perderam op\\u00e7\\u00f5es de percursos na regi\\u00e3o. O assunto foi debatido na reuni\\u00e3o de ter\\u00e7a-feira\",\"inLanguage\":\"pt-BR\",\"isPartOf\":{\"@id\":\"https:\\\/\\\/anoticiaonline.com.br\\\/site\\\/#website\"},\"breadcrumb\":{\"@id\":\"https:\\\/\\\/anoticiaonline.com.br\\\/site\\\/abaixo-assinado-de-iniciativa-popular-pede-liberacao-da-rotatoria-proxima-a-paroquia-sao-paulo\\\/#breadcrumblist\"},\"author\":{\"@id\":\"https:\\\/\\\/anoticiaonline.com.br\\\/site\\\/author\\\/juliana\\\/#author\"},\"creator\":{\"@id\":\"https:\\\/\\\/anoticiaonline.com.br\\\/site\\\/author\\\/juliana\\\/#author\"},\"image\":{\"@type\":\"ImageObject\",\"url\":\"https:\\\/\\\/anoticiaonline.com.br\\\/site\\\/wp-content\\\/uploads\\\/2016\\\/11\\\/DSC_0770.jpg\",\"@id\":\"https:\\\/\\\/anoticiaonline.com.br\\\/site\\\/abaixo-assinado-de-iniciativa-popular-pede-liberacao-da-rotatoria-proxima-a-paroquia-sao-paulo\\\/#mainImage\",\"width\":640,\"height\":334},\"primaryImageOfPage\":{\"@id\":\"https:\\\/\\\/anoticiaonline.com.br\\\/site\\\/abaixo-assinado-de-iniciativa-popular-pede-liberacao-da-rotatoria-proxima-a-paroquia-sao-paulo\\\/#mainImage\"},\"datePublished\":\"2016-11-10T10:19:48-03:00\",\"dateModified\":\"2016-11-10T16:08:38-03:00\"},{\"@type\":\"WebSite\",\"@id\":\"https:\\\/\\\/anoticiaonline.com.br\\\/site\\\/#website\",\"url\":\"https:\\\/\\\/anoticiaonline.com.br\\\/site\\\/\",\"name\":\"A Not\\u00edcia Online\",\"description\":\"Noticias de Muria\\u00e9 e regi\\u00e3o\",\"inLanguage\":\"pt-BR\",\"publisher\":{\"@id\":\"https:\\\/\\\/anoticiaonline.com.br\\\/site\\\/#organization\"}}]}\n\t\t<\/script>\n\t\t<!-- All in One SEO -->\n\n","aioseo_head_json":{"title":"Abaixo-assinado de iniciativa popular pede libera\u00e7\u00e3o da rotat\u00f3ria pr\u00f3xima \u00e0 Par\u00f3quia S\u00e3o Paulo - A Not\u00edcia Online","description":"Um abaixo-assinado de iniciativa popular solicita a libera\u00e7\u00e3o da rotat\u00f3ria pr\u00f3xima \u00e0 Par\u00f3quia S\u00e3o Paulo, Centro. A interven\u00e7\u00e3o foi implantada h\u00e1 duas semanas pelo Departamento Municipal de Transporte e Tr\u00e2nsito (Demuttran) e tem gerado reclama\u00e7\u00f5es por parte dos motoristas, os quais perderam op\u00e7\u00f5es de percursos na regi\u00e3o. O assunto foi debatido na reuni\u00e3o de ter\u00e7a-feira","canonical_url":"https:\/\/anoticiaonline.com.br\/site\/abaixo-assinado-de-iniciativa-popular-pede-liberacao-da-rotatoria-proxima-a-paroquia-sao-paulo\/","robots":"max-image-preview:large","keywords":"","webmasterTools":{"miscellaneous":""},"schema":{"@context":"https:\/\/schema.org","@graph":[{"@type":"BlogPosting","@id":"https:\/\/anoticiaonline.com.br\/site\/abaixo-assinado-de-iniciativa-popular-pede-liberacao-da-rotatoria-proxima-a-paroquia-sao-paulo\/#blogposting","name":"Abaixo-assinado de iniciativa popular pede libera\u00e7\u00e3o da rotat\u00f3ria pr\u00f3xima \u00e0 Par\u00f3quia S\u00e3o Paulo - A Not\u00edcia Online","headline":"Abaixo-assinado de iniciativa popular pede libera\u00e7\u00e3o da rotat\u00f3ria pr\u00f3xima \u00e0 Par\u00f3quia S\u00e3o Paulo","author":{"@id":"https:\/\/anoticiaonline.com.br\/site\/author\/juliana\/#author"},"publisher":{"@id":"https:\/\/anoticiaonline.com.br\/site\/#organization"},"image":{"@type":"ImageObject","url":"https:\/\/anoticiaonline.com.br\/site\/wp-content\/uploads\/2016\/11\/DSC_0770.jpg","width":640,"height":334},"datePublished":"2016-11-10T10:19:48-03:00","dateModified":"2016-11-10T16:08:38-03:00","inLanguage":"pt-BR","mainEntityOfPage":{"@id":"https:\/\/anoticiaonline.com.br\/site\/abaixo-assinado-de-iniciativa-popular-pede-liberacao-da-rotatoria-proxima-a-paroquia-sao-paulo\/#webpage"},"isPartOf":{"@id":"https:\/\/anoticiaonline.com.br\/site\/abaixo-assinado-de-iniciativa-popular-pede-liberacao-da-rotatoria-proxima-a-paroquia-sao-paulo\/#webpage"},"articleSection":"Blog, slide"},{"@type":"BreadcrumbList","@id":"https:\/\/anoticiaonline.com.br\/site\/abaixo-assinado-de-iniciativa-popular-pede-liberacao-da-rotatoria-proxima-a-paroquia-sao-paulo\/#breadcrumblist","itemListElement":[{"@type":"ListItem","@id":"https:\/\/anoticiaonline.com.br\/site#listItem","position":1,"name":"Home","item":"https:\/\/anoticiaonline.com.br\/site","nextItem":{"@type":"ListItem","@id":"https:\/\/anoticiaonline.com.br\/site\/categoria\/muriae\/#listItem","name":"Blog"}},{"@type":"ListItem","@id":"https:\/\/anoticiaonline.com.br\/site\/categoria\/muriae\/#listItem","position":2,"name":"Blog","item":"https:\/\/anoticiaonline.com.br\/site\/categoria\/muriae\/","nextItem":{"@type":"ListItem","@id":"https:\/\/anoticiaonline.com.br\/site\/abaixo-assinado-de-iniciativa-popular-pede-liberacao-da-rotatoria-proxima-a-paroquia-sao-paulo\/#listItem","name":"Abaixo-assinado de iniciativa popular pede libera\u00e7\u00e3o da rotat\u00f3ria pr\u00f3xima \u00e0 Par\u00f3quia S\u00e3o Paulo"},"previousItem":{"@type":"ListItem","@id":"https:\/\/anoticiaonline.com.br\/site#listItem","name":"Home"}},{"@type":"ListItem","@id":"https:\/\/anoticiaonline.com.br\/site\/abaixo-assinado-de-iniciativa-popular-pede-liberacao-da-rotatoria-proxima-a-paroquia-sao-paulo\/#listItem","position":3,"name":"Abaixo-assinado de iniciativa popular pede libera\u00e7\u00e3o da rotat\u00f3ria pr\u00f3xima \u00e0 Par\u00f3quia S\u00e3o Paulo","previousItem":{"@type":"ListItem","@id":"https:\/\/anoticiaonline.com.br\/site\/categoria\/muriae\/#listItem","name":"Blog"}}]},{"@type":"Organization","@id":"https:\/\/anoticiaonline.com.br\/site\/#organization","name":"A Not\u00edcia Online","description":"Noticias de Muria\u00e9 e regi\u00e3o","url":"https:\/\/anoticiaonline.com.br\/site\/","logo":{"@type":"ImageObject","url":"https:\/\/scontent-gig4-1.xx.fbcdn.net\/v\/t39.30808-1\/270437624_4564083193639691_6907940295614233970_n.jpg?stp=dst-jpg_s200x200_tt6&_nc_cat=111&ccb=1-7&_nc_sid=f907e8&_nc_ohc=SM1wRlP3lJwQ7kNvwEPuBYA&_nc_oc=AdnqrjDN_BNjSSHWO-GbkIWH6fkGMLw4bqvL_NH6e2wMveX7G-rP2dAqsDSq1mJMOaY&_nc_zt=24&_nc_ht=scontent-gig4-1.xx&_nc_gid=AoBFJeGrT1hVaew_6rchkQ&oh=00_AfX7QmFGhQhG2jAllVgXCiM1ZrWgvtp80-Bfppyexh1QEg&oe=689E923C","@id":"https:\/\/anoticiaonline.com.br\/site\/abaixo-assinado-de-iniciativa-popular-pede-liberacao-da-rotatoria-proxima-a-paroquia-sao-paulo\/#organizationLogo"},"image":{"@id":"https:\/\/anoticiaonline.com.br\/site\/abaixo-assinado-de-iniciativa-popular-pede-liberacao-da-rotatoria-proxima-a-paroquia-sao-paulo\/#organizationLogo"}},{"@type":"Person","@id":"https:\/\/anoticiaonline.com.br\/site\/author\/juliana\/#author","url":"https:\/\/anoticiaonline.com.br\/site\/author\/juliana\/","name":"Juliana Laviola","image":{"@type":"ImageObject","@id":"https:\/\/anoticiaonline.com.br\/site\/abaixo-assinado-de-iniciativa-popular-pede-liberacao-da-rotatoria-proxima-a-paroquia-sao-paulo\/#authorImage","url":"https:\/\/secure.gravatar.com\/avatar\/b8d45f5c699b100dfaf0e543582f38f38bf94cb7ae3a5e9abf8d891a34773335?s=96&d=mm&r=g","width":96,"height":96,"caption":"Juliana Laviola"}},{"@type":"WebPage","@id":"https:\/\/anoticiaonline.com.br\/site\/abaixo-assinado-de-iniciativa-popular-pede-liberacao-da-rotatoria-proxima-a-paroquia-sao-paulo\/#webpage","url":"https:\/\/anoticiaonline.com.br\/site\/abaixo-assinado-de-iniciativa-popular-pede-liberacao-da-rotatoria-proxima-a-paroquia-sao-paulo\/","name":"Abaixo-assinado de iniciativa popular pede libera\u00e7\u00e3o da rotat\u00f3ria pr\u00f3xima \u00e0 Par\u00f3quia S\u00e3o Paulo - A Not\u00edcia Online","description":"Um abaixo-assinado de iniciativa popular solicita a libera\u00e7\u00e3o da rotat\u00f3ria pr\u00f3xima \u00e0 Par\u00f3quia S\u00e3o Paulo, Centro. A interven\u00e7\u00e3o foi implantada h\u00e1 duas semanas pelo Departamento Municipal de Transporte e Tr\u00e2nsito (Demuttran) e tem gerado reclama\u00e7\u00f5es por parte dos motoristas, os quais perderam op\u00e7\u00f5es de percursos na regi\u00e3o. O assunto foi debatido na reuni\u00e3o de ter\u00e7a-feira","inLanguage":"pt-BR","isPartOf":{"@id":"https:\/\/anoticiaonline.com.br\/site\/#website"},"breadcrumb":{"@id":"https:\/\/anoticiaonline.com.br\/site\/abaixo-assinado-de-iniciativa-popular-pede-liberacao-da-rotatoria-proxima-a-paroquia-sao-paulo\/#breadcrumblist"},"author":{"@id":"https:\/\/anoticiaonline.com.br\/site\/author\/juliana\/#author"},"creator":{"@id":"https:\/\/anoticiaonline.com.br\/site\/author\/juliana\/#author"},"image":{"@type":"ImageObject","url":"https:\/\/anoticiaonline.com.br\/site\/wp-content\/uploads\/2016\/11\/DSC_0770.jpg","@id":"https:\/\/anoticiaonline.com.br\/site\/abaixo-assinado-de-iniciativa-popular-pede-liberacao-da-rotatoria-proxima-a-paroquia-sao-paulo\/#mainImage","width":640,"height":334},"primaryImageOfPage":{"@id":"https:\/\/anoticiaonline.com.br\/site\/abaixo-assinado-de-iniciativa-popular-pede-liberacao-da-rotatoria-proxima-a-paroquia-sao-paulo\/#mainImage"},"datePublished":"2016-11-10T10:19:48-03:00","dateModified":"2016-11-10T16:08:38-03:00"},{"@type":"WebSite","@id":"https:\/\/anoticiaonline.com.br\/site\/#website","url":"https:\/\/anoticiaonline.com.br\/site\/","name":"A Not\u00edcia Online","description":"Noticias de Muria\u00e9 e regi\u00e3o","inLanguage":"pt-BR","publisher":{"@id":"https:\/\/anoticiaonline.com.br\/site\/#organization"}}]},"og:locale":"pt_BR","og:site_name":"A Not\u00edcia Online - Noticias de Muria\u00e9 e regi\u00e3o","og:type":"article","og:title":"Abaixo-assinado de iniciativa popular pede libera\u00e7\u00e3o da rotat\u00f3ria pr\u00f3xima \u00e0 Par\u00f3quia S\u00e3o Paulo - A Not\u00edcia Online","og:description":"Um abaixo-assinado de iniciativa popular solicita a libera\u00e7\u00e3o da rotat\u00f3ria pr\u00f3xima \u00e0 Par\u00f3quia S\u00e3o Paulo, Centro. A interven\u00e7\u00e3o foi implantada h\u00e1 duas semanas pelo Departamento Municipal de Transporte e Tr\u00e2nsito (Demuttran) e tem gerado reclama\u00e7\u00f5es por parte dos motoristas, os quais perderam op\u00e7\u00f5es de percursos na regi\u00e3o. O assunto foi debatido na reuni\u00e3o de ter\u00e7a-feira","og:url":"https:\/\/anoticiaonline.com.br\/site\/abaixo-assinado-de-iniciativa-popular-pede-liberacao-da-rotatoria-proxima-a-paroquia-sao-paulo\/","og:image":"https:\/\/scontent-gig4-1.xx.fbcdn.net\/v\/t39.30808-1\/270437624_4564083193639691_6907940295614233970_n.jpg?stp=dst-jpg_s200x200_tt6&#038;_nc_cat=111&#038;ccb=1-7&#038;_nc_sid=f907e8&#038;_nc_ohc=SM1wRlP3lJwQ7kNvwEPuBYA&#038;_nc_oc=AdnqrjDN_BNjSSHWO-GbkIWH6fkGMLw4bqvL_NH6e2wMveX7G-rP2dAqsDSq1mJMOaY&#038;_nc_zt=24&#038;_nc_ht=scontent-gig4-1.xx&#038;_nc_gid=AoBFJeGrT1hVaew_6rchkQ&#038;oh=00_AfX7QmFGhQhG2jAllVgXCiM1ZrWgvtp80-Bfppyexh1QEg&#038;oe=689E923C","og:image:secure_url":"https:\/\/scontent-gig4-1.xx.fbcdn.net\/v\/t39.30808-1\/270437624_4564083193639691_6907940295614233970_n.jpg?stp=dst-jpg_s200x200_tt6&#038;_nc_cat=111&#038;ccb=1-7&#038;_nc_sid=f907e8&#038;_nc_ohc=SM1wRlP3lJwQ7kNvwEPuBYA&#038;_nc_oc=AdnqrjDN_BNjSSHWO-GbkIWH6fkGMLw4bqvL_NH6e2wMveX7G-rP2dAqsDSq1mJMOaY&#038;_nc_zt=24&#038;_nc_ht=scontent-gig4-1.xx&#038;_nc_gid=AoBFJeGrT1hVaew_6rchkQ&#038;oh=00_AfX7QmFGhQhG2jAllVgXCiM1ZrWgvtp80-Bfppyexh1QEg&#038;oe=689E923C","article:published_time":"2016-11-10T13:19:48+00:00","article:modified_time":"2016-11-10T19:08:38+00:00","twitter:card":"summary_large_image","twitter:title":"Abaixo-assinado de iniciativa popular pede libera\u00e7\u00e3o da rotat\u00f3ria pr\u00f3xima \u00e0 Par\u00f3quia S\u00e3o Paulo - A Not\u00edcia Online","twitter:description":"Um abaixo-assinado de iniciativa popular solicita a libera\u00e7\u00e3o da rotat\u00f3ria pr\u00f3xima \u00e0 Par\u00f3quia S\u00e3o Paulo, Centro. A interven\u00e7\u00e3o foi implantada h\u00e1 duas semanas pelo Departamento Municipal de Transporte e Tr\u00e2nsito (Demuttran) e tem gerado reclama\u00e7\u00f5es por parte dos motoristas, os quais perderam op\u00e7\u00f5es de percursos na regi\u00e3o. O assunto foi debatido na reuni\u00e3o de ter\u00e7a-feira","twitter:image":"https:\/\/scontent-gig4-1.xx.fbcdn.net\/v\/t39.30808-1\/270437624_4564083193639691_6907940295614233970_n.jpg?stp=dst-jpg_s200x200_tt6&_nc_cat=111&ccb=1-7&_nc_sid=f907e8&_nc_ohc=SM1wRlP3lJwQ7kNvwEPuBYA&_nc_oc=AdnqrjDN_BNjSSHWO-GbkIWH6fkGMLw4bqvL_NH6e2wMveX7G-rP2dAqsDSq1mJMOaY&_nc_zt=24&_nc_ht=scontent-gig4-1.xx&_nc_gid=AoBFJeGrT1hVaew_6rchkQ&oh=00_AfX7QmFGhQhG2jAllVgXCiM1ZrWgvtp80-Bfppyexh1QEg&oe=689E923C"},"aioseo_meta_data":{"post_id":"21497","title":null,"description":null,"keywords":null,"keyphrases":null,"primary_term":null,"canonical_url":null,"og_title":null,"og_description":null,"og_object_type":"default","og_image_type":"default","og_image_url":null,"og_image_width":null,"og_image_height":null,"og_image_custom_url":null,"og_image_custom_fields":null,"og_video":null,"og_custom_url":null,"og_article_section":null,"og_article_tags":null,"twitter_use_og":false,"twitter_card":"default","twitter_image_type":"default","twitter_image_url":null,"twitter_image_custom_url":null,"twitter_image_custom_fields":null,"twitter_title":null,"twitter_description":null,"schema":{"blockGraphs":[],"customGraphs":[],"default":{"data":{"Article":[],"Course":[],"Dataset":[],"FAQPage":[],"Movie":[],"Person":[],"Product":[],"ProductReview":[],"Car":[],"Recipe":[],"Service":[],"SoftwareApplication":[],"WebPage":[]},"graphName":"","isEnabled":true},"graphs":[]},"schema_type":"default","schema_type_options":null,"pillar_content":false,"robots_default":true,"robots_noindex":false,"robots_noarchive":false,"robots_nosnippet":false,"robots_nofollow":false,"robots_noimageindex":false,"robots_noodp":false,"robots_notranslate":false,"robots_max_snippet":null,"robots_max_videopreview":null,"robots_max_imagepreview":"large","priority":null,"frequency":null,"local_seo":null,"breadcrumb_settings":null,"limit_modified_date":false,"ai":null,"created":"2025-08-16 17:09:34","updated":"2025-08-16 17:09:34","focus_keyword":null,"additional_keywords":null,"truseo_locale":null,"seo_analyzer_scan_date":null},"aioseo_breadcrumb":"<div class=\"aioseo-breadcrumbs\"><span class=\"aioseo-breadcrumb\">\n\t\t\t<a href=\"https:\/\/anoticiaonline.com.br\/site\" title=\"Home\">Home<\/a>\n\t\t<\/span><span class=\"aioseo-breadcrumb-separator\">&raquo;<\/span><span class=\"aioseo-breadcrumb\">\n\t\t\t<a href=\"https:\/\/anoticiaonline.com.br\/site\/categoria\/muriae\/\" title=\"Blog\">Blog<\/a>\n\t\t<\/span><span class=\"aioseo-breadcrumb-separator\">&raquo;<\/span><span class=\"aioseo-breadcrumb\">\n\t\t\tAbaixo-assinado de iniciativa popular pede libera\u00e7\u00e3o da rotat\u00f3ria pr\u00f3xima \u00e0 Par\u00f3quia S\u00e3o Paulo\n\t\t<\/span><\/div>","aioseo_breadcrumb_json":[{"label":"Home","link":"https:\/\/anoticiaonline.com.br\/site"},{"label":"Blog","link":"https:\/\/anoticiaonline.com.br\/site\/categoria\/muriae\/"},{"label":"Abaixo-assinado de iniciativa popular pede libera\u00e7\u00e3o da rotat\u00f3ria pr\u00f3xima \u00e0 Par\u00f3quia S\u00e3o Paulo","link":"https:\/\/anoticiaonline.com.br\/site\/abaixo-assinado-de-iniciativa-popular-pede-liberacao-da-rotatoria-proxima-a-paroquia-sao-paulo\/"}],"views":156,"_links":{"self":[{"href":"https:\/\/anoticiaonline.com.br\/site\/wp-json\/wp\/v2\/posts\/21497","targetHints":{"allow":["GET"]}}],"collection":[{"href":"https:\/\/anoticiaonline.com.br\/site\/wp-json\/wp\/v2\/posts"}],"about":[{"href":"https:\/\/anoticiaonline.com.br\/site\/wp-json\/wp\/v2\/types\/post"}],"author":[{"embeddable":true,"href":"https:\/\/anoticiaonline.com.br\/site\/wp-json\/wp\/v2\/users\/2"}],"replies":[{"embeddable":true,"href":"https:\/\/anoticiaonline.com.br\/site\/wp-json\/wp\/v2\/comments?post=21497"}],"version-history":[{"count":0,"href":"https:\/\/anoticiaonline.com.br\/site\/wp-json\/wp\/v2\/posts\/21497\/revisions"}],"wp:featuredmedia":[{"embeddable":true,"href":"https:\/\/anoticiaonline.com.br\/site\/wp-json\/wp\/v2\/media\/21498"}],"wp:attachment":[{"href":"https:\/\/anoticiaonline.com.br\/site\/wp-json\/wp\/v2\/media?parent=21497"}],"wp:term":[{"taxonomy":"category","embeddable":true,"href":"https:\/\/anoticiaonline.com.br\/site\/wp-json\/wp\/v2\/categories?post=21497"},{"taxonomy":"post_tag","embeddable":true,"href":"https:\/\/anoticiaonline.com.br\/site\/wp-json\/wp\/v2\/tags?post=21497"}],"curies":[{"name":"wp","href":"https:\/\/api.w.org\/{rel}","templated":true}]}}