{"id":21487,"date":"2016-11-10T09:32:53","date_gmt":"2016-11-10T12:32:53","guid":{"rendered":"http:\/\/anoticiaonline.com.br\/site\/?p=21487"},"modified":"2016-11-10T09:52:07","modified_gmt":"2016-11-10T12:52:07","slug":"sociarte-62","status":"publish","type":"post","link":"https:\/\/anoticiaonline.com.br\/site\/sociarte-62\/","title":{"rendered":"Sociarte:"},"content":{"rendered":"<p><strong>Edi\u00e7\u00e3o 515, de 11 de novembro de 2016<\/strong><\/p>\n<p>&nbsp;<\/p>\n<p>&nbsp;<\/p>\n<p><a href=\"https:\/\/anoticiaonline.com.br\/site\/wp-content\/uploads\/2016\/11\/Ana-faz-15.jpg\"><img fetchpriority=\"high\" decoding=\"async\" class=\"alignnone size-medium wp-image-21488\" src=\"https:\/\/anoticiaonline.com.br\/site\/wp-content\/uploads\/2016\/11\/Ana-faz-15-264x300.jpg\" alt=\"ana-faz-15\" width=\"264\" height=\"300\" srcset=\"https:\/\/anoticiaonline.com.br\/site\/wp-content\/uploads\/2016\/11\/Ana-faz-15-264x300.jpg 264w, https:\/\/anoticiaonline.com.br\/site\/wp-content\/uploads\/2016\/11\/Ana-faz-15.jpg 564w\" sizes=\"(max-width: 264px) 100vw, 264px\" \/><\/a><br \/>\n<strong>Ana faz 15<\/strong><\/p>\n<p>A chegada dos 15 anos de Ana Nery foi comemorada durante uma confraterniza\u00e7\u00e3o, realizada no dia 29 de outubro, no Clube dos Banc\u00e1rios, com a presen\u00e7a de familiares e amigos. A m\u00e3e da aniversariante, Zenilda Nery (sargento da Pol\u00edcia Militar) agradece a participa\u00e7\u00e3o de todos, o apoio de amigos na realiza\u00e7\u00e3o do evento e o Clube dos Banc\u00e1rios, atrav\u00e9s de seu presidente, Ildefonso Rodrigues, por ter cedido o espa\u00e7o. Parab\u00e9ns, Ana! Felicidades mil para voc\u00ea! (KI Fotografia)<\/p>\n<p>&nbsp;<\/p>\n<p>&nbsp;<\/p>\n<p><a href=\"https:\/\/anoticiaonline.com.br\/site\/wp-content\/uploads\/2016\/11\/Casamento-de-Da\u00edza-e-Franciel.jpg\"><img decoding=\"async\" class=\"alignnone size-medium wp-image-21489\" src=\"https:\/\/anoticiaonline.com.br\/site\/wp-content\/uploads\/2016\/11\/Casamento-de-Da\u00edza-e-Franciel-202x300.jpg\" alt=\"casamento-de-daiza-e-franciel\" width=\"202\" height=\"300\" srcset=\"https:\/\/anoticiaonline.com.br\/site\/wp-content\/uploads\/2016\/11\/Casamento-de-Da\u00edza-e-Franciel-202x300.jpg 202w, https:\/\/anoticiaonline.com.br\/site\/wp-content\/uploads\/2016\/11\/Casamento-de-Da\u00edza-e-Franciel.jpg 430w\" sizes=\"(max-width: 202px) 100vw, 202px\" \/><\/a><br \/>\n<strong>Casamento de Da\u00edza e Franciel<\/strong><\/p>\n<p>Da\u00edza e Franciel trocaram alian\u00e7as no s\u00e1bado (5), durante cerim\u00f4nia realizada na Igreja Santo Ant\u00f4nio, em Santo Ant\u00f4nio do Gl\u00f3ria. Da\u00edza \u00e9 filha de Sebasti\u00e3o Raimundo dos Santos e de Aparecida Rosa de Oliveira Santos. J\u00e1 o noivo \u00e9 filho de Sebasti\u00e3o Braz da Silva e S\u00f4nia Maria Mendes Silva (In Memorian). Muitas felicidades ao casal nessa nova etapa da vida a dois que se inicia! (Foto Central)<\/p>\n<p>&nbsp;<\/p>\n<p>&nbsp;<\/p>\n<p><a href=\"https:\/\/anoticiaonline.com.br\/site\/wp-content\/uploads\/2016\/11\/Festa-para-as-crian\u00e7as-do-Dornelas-II.jpg\"><img decoding=\"async\" class=\"alignnone size-medium wp-image-21490\" src=\"https:\/\/anoticiaonline.com.br\/site\/wp-content\/uploads\/2016\/11\/Festa-para-as-crian\u00e7as-do-Dornelas-II-300x289.jpg\" alt=\"festa-para-as-criancas-do-dornelas-ii\" width=\"300\" height=\"289\" srcset=\"https:\/\/anoticiaonline.com.br\/site\/wp-content\/uploads\/2016\/11\/Festa-para-as-crian\u00e7as-do-Dornelas-II-300x289.jpg 300w, https:\/\/anoticiaonline.com.br\/site\/wp-content\/uploads\/2016\/11\/Festa-para-as-crian\u00e7as-do-Dornelas-II.jpg 640w\" sizes=\"(max-width: 300px) 100vw, 300px\" \/><\/a><br \/>\n<strong>Festa para as crian\u00e7as do Dornelas II<\/strong><\/p>\n<p>As crian\u00e7as do Condom\u00ednio Z\u00e9 Braz \u2013 B, localizado no Dornelas II, ganharam uma festa np s\u00e1bado (5). O evento, que foi organizado pela vereadora eleita Dr\u00aa Miriam Facchini, foi marcado por muita alegria. A crian\u00e7ada aproveitou muito e os adultos compartilharam com muito carinho.<\/p>\n<p>&nbsp;<\/p>\n<p>&nbsp;<\/p>\n<p><a href=\"https:\/\/anoticiaonline.com.br\/site\/wp-content\/uploads\/2016\/11\/Niver-de-George.jpg\"><img loading=\"lazy\" decoding=\"async\" class=\"alignnone size-medium wp-image-21491\" src=\"https:\/\/anoticiaonline.com.br\/site\/wp-content\/uploads\/2016\/11\/Niver-de-George-300x267.jpg\" alt=\"niver-de-george\" width=\"300\" height=\"267\" srcset=\"https:\/\/anoticiaonline.com.br\/site\/wp-content\/uploads\/2016\/11\/Niver-de-George-300x267.jpg 300w, https:\/\/anoticiaonline.com.br\/site\/wp-content\/uploads\/2016\/11\/Niver-de-George.jpg 400w\" sizes=\"(max-width: 300px) 100vw, 300px\" \/><\/a><br \/>\n<strong>Niver de George<\/strong><\/p>\n<p>Quem soprou velinhas no domingo (6) foi o advogado George Sales. O aniversariante recebe os parab\u00e9ns, com desejos de muita sa\u00fade, paz e sucesso, da equipe do A NOT\u00cdCIA. George, que sua vida seja carregada de felicidade e de sonhos realizados. Felicidades mil para voc\u00ea!<\/p>\n<p>&nbsp;<\/p>\n<p>&nbsp;<\/p>\n<p><a href=\"https:\/\/anoticiaonline.com.br\/site\/wp-content\/uploads\/2016\/11\/Idade-nova-de-Jos\u00e9-J\u00fanior.jpg\"><img loading=\"lazy\" decoding=\"async\" class=\"alignnone size-medium wp-image-21492\" src=\"https:\/\/anoticiaonline.com.br\/site\/wp-content\/uploads\/2016\/11\/Idade-nova-de-Jos\u00e9-J\u00fanior-300x300.jpg\" alt=\"idade-nova-de-jose-junior\" width=\"300\" height=\"300\" srcset=\"https:\/\/anoticiaonline.com.br\/site\/wp-content\/uploads\/2016\/11\/Idade-nova-de-Jos\u00e9-J\u00fanior-300x300.jpg 300w, https:\/\/anoticiaonline.com.br\/site\/wp-content\/uploads\/2016\/11\/Idade-nova-de-Jos\u00e9-J\u00fanior-150x150.jpg 150w, https:\/\/anoticiaonline.com.br\/site\/wp-content\/uploads\/2016\/11\/Idade-nova-de-Jos\u00e9-J\u00fanior-144x144.jpg 144w, https:\/\/anoticiaonline.com.br\/site\/wp-content\/uploads\/2016\/11\/Idade-nova-de-Jos\u00e9-J\u00fanior.jpg 640w\" sizes=\"(max-width: 300px) 100vw, 300px\" \/><\/a><br \/>\n<strong>Idade nova de Jos\u00e9 J\u00fanior<\/strong><\/p>\n<p>O consultor empresarial e escritor, Jos\u00e9 J\u00fanior Lima, completou mais um ano de vida nessa ter\u00e7a-feira (8). O aniversariante, que tamb\u00e9m \u00e9 colunista do A NOT\u00cdCIA, recebe os parab\u00e9ns da equipe do seman\u00e1rio, com desejos de muita sa\u00fade, felicidades e sucesso!<\/p>\n<p>&nbsp;<\/p>\n<p>&nbsp;<\/p>\n<p><a href=\"https:\/\/anoticiaonline.com.br\/site\/wp-content\/uploads\/2016\/11\/adellunar-marge.jpg\"><img loading=\"lazy\" decoding=\"async\" class=\"alignnone size-medium wp-image-21493\" src=\"https:\/\/anoticiaonline.com.br\/site\/wp-content\/uploads\/2016\/11\/adellunar-marge-200x300.jpg\" alt=\"adellunar-marge\" width=\"200\" height=\"300\" srcset=\"https:\/\/anoticiaonline.com.br\/site\/wp-content\/uploads\/2016\/11\/adellunar-marge-200x300.jpg 200w, https:\/\/anoticiaonline.com.br\/site\/wp-content\/uploads\/2016\/11\/adellunar-marge.jpg 427w\" sizes=\"(max-width: 200px) 100vw, 200px\" \/><\/a><br \/>\n<strong>Parab\u00e9ns, Adellunar Marge!<\/strong><\/p>\n<p>O professor, atual chefe de Gabinete da Prefeitura de Muria\u00e9 e colunista do A NOT\u00cdCIA, Adellunar Marge, completou mais um ano de vida no s\u00e1bado (5). O aniversariante recebe os parab\u00e9ns, com desejos de muitas felicidades, da equipe deste seman\u00e1rio.<\/p>\n<p>&nbsp;<\/p>\n<p>&nbsp;<\/p>\n<p><a href=\"https:\/\/anoticiaonline.com.br\/site\/wp-content\/uploads\/2016\/11\/Aperfei\u00e7oamento-profissional.jpg\"><img loading=\"lazy\" decoding=\"async\" class=\"alignnone size-medium wp-image-21494\" src=\"https:\/\/anoticiaonline.com.br\/site\/wp-content\/uploads\/2016\/11\/Aperfei\u00e7oamento-profissional-300x202.jpg\" alt=\"aperfeicoamento-profissional\" width=\"300\" height=\"202\" srcset=\"https:\/\/anoticiaonline.com.br\/site\/wp-content\/uploads\/2016\/11\/Aperfei\u00e7oamento-profissional-300x202.jpg 300w, https:\/\/anoticiaonline.com.br\/site\/wp-content\/uploads\/2016\/11\/Aperfei\u00e7oamento-profissional.jpg 640w\" sizes=\"(max-width: 300px) 100vw, 300px\" \/><\/a><br \/>\n<strong>Aperfei\u00e7oamento profissional<\/strong><\/p>\n<p>A vendedora Walquiria Guedes est\u00e1 sempre em busca de novos conhecimentos. Recentemente, participou do curso PPHD \u2013 Administra\u00e7\u00e3o e Direitos Humanos, ministrado pelo coach Anselmo, da Heternal Master Coach. A entrega do diploma aconteceu no dia 1\u00ba de novembro, na C\u00e2mara de Dirigentes Lojistas (CDL). Logo ap\u00f3s, houve uma confraterniza\u00e7\u00e3o na Churrascaria do Ga\u00facho. Parab\u00e9ns, Walquiria!<\/p>\n","protected":false},"excerpt":{"rendered":"<p>Edi\u00e7\u00e3o 515, de 11 de novembro de 2016 &nbsp; &nbsp; Ana faz 15 A chegada dos 15 anos de Ana Nery foi comemorada durante uma confraterniza\u00e7\u00e3o, realizada no dia 29 de outubro, no Clube dos Banc\u00e1rios, com a presen\u00e7a de familiares e amigos. A m\u00e3e da aniversariante, Zenilda Nery (sargento da Pol\u00edcia Militar) agradece a &#8230; <a title=\"Sociarte:\" class=\"read-more\" href=\"https:\/\/anoticiaonline.com.br\/site\/sociarte-62\/\" aria-label=\"Read more about Sociarte:\">Ler mais<\/a><\/p>\n","protected":false},"author":2,"featured_media":0,"comment_status":"open","ping_status":"open","sticky":false,"template":"","format":"standard","meta":{"_acf_changed":false,"_monsterinsights_skip_tracking":false,"footnotes":""},"categories":[38],"tags":[],"class_list":["post-21487","post","type-post","status-publish","format-standard","hentry","category-sociarte"],"acf":[],"aioseo_notices":[],"aioseo_head":"\n\t\t<!-- All in One SEO 5.0.0.1 - aioseo.com -->\n\t<meta name=\"description\" content=\"Edi\u00e7\u00e3o 515, de 11 de novembro de 2016 Ana faz 15 A chegada dos 15 anos de Ana Nery foi comemorada durante uma confraterniza\u00e7\u00e3o, realizada no dia 29 de outubro, no Clube dos Banc\u00e1rios, com a presen\u00e7a de familiares e amigos. A m\u00e3e da aniversariante, Zenilda Nery (sargento da Pol\u00edcia Militar) agradece a\" \/>\n\t<meta name=\"robots\" content=\"max-image-preview:large\" \/>\n\t<meta name=\"author\" content=\"Juliana Laviola\"\/>\n\t<link rel=\"canonical\" href=\"https:\/\/anoticiaonline.com.br\/site\/sociarte-62\/\" \/>\n\t<meta name=\"generator\" content=\"All in One SEO (AIOSEO) 5.0.0.1\" \/>\n\t\t<meta property=\"og:locale\" content=\"pt_BR\" \/>\n\t\t<meta property=\"og:site_name\" content=\"A Not\u00edcia Online - Noticias de Muria\u00e9 e regi\u00e3o\" \/>\n\t\t<meta property=\"og:type\" content=\"article\" \/>\n\t\t<meta property=\"og:title\" content=\"Sociarte: - A Not\u00edcia Online\" \/>\n\t\t<meta property=\"og:description\" content=\"Edi\u00e7\u00e3o 515, de 11 de novembro de 2016 Ana faz 15 A chegada dos 15 anos de Ana Nery foi comemorada durante uma confraterniza\u00e7\u00e3o, realizada no dia 29 de outubro, no Clube dos Banc\u00e1rios, com a presen\u00e7a de familiares e amigos. A m\u00e3e da aniversariante, Zenilda Nery (sargento da Pol\u00edcia Militar) agradece a\" \/>\n\t\t<meta property=\"og:url\" content=\"https:\/\/anoticiaonline.com.br\/site\/sociarte-62\/\" \/>\n\t\t<meta property=\"og:image\" content=\"https:\/\/scontent-gig4-1.xx.fbcdn.net\/v\/t39.30808-1\/270437624_4564083193639691_6907940295614233970_n.jpg?stp=dst-jpg_s200x200_tt6&#038;_nc_cat=111&#038;ccb=1-7&#038;_nc_sid=f907e8&#038;_nc_ohc=SM1wRlP3lJwQ7kNvwEPuBYA&#038;_nc_oc=AdnqrjDN_BNjSSHWO-GbkIWH6fkGMLw4bqvL_NH6e2wMveX7G-rP2dAqsDSq1mJMOaY&#038;_nc_zt=24&#038;_nc_ht=scontent-gig4-1.xx&#038;_nc_gid=AoBFJeGrT1hVaew_6rchkQ&#038;oh=00_AfX7QmFGhQhG2jAllVgXCiM1ZrWgvtp80-Bfppyexh1QEg&#038;oe=689E923C\" \/>\n\t\t<meta property=\"og:image:secure_url\" content=\"https:\/\/scontent-gig4-1.xx.fbcdn.net\/v\/t39.30808-1\/270437624_4564083193639691_6907940295614233970_n.jpg?stp=dst-jpg_s200x200_tt6&#038;_nc_cat=111&#038;ccb=1-7&#038;_nc_sid=f907e8&#038;_nc_ohc=SM1wRlP3lJwQ7kNvwEPuBYA&#038;_nc_oc=AdnqrjDN_BNjSSHWO-GbkIWH6fkGMLw4bqvL_NH6e2wMveX7G-rP2dAqsDSq1mJMOaY&#038;_nc_zt=24&#038;_nc_ht=scontent-gig4-1.xx&#038;_nc_gid=AoBFJeGrT1hVaew_6rchkQ&#038;oh=00_AfX7QmFGhQhG2jAllVgXCiM1ZrWgvtp80-Bfppyexh1QEg&#038;oe=689E923C\" \/>\n\t\t<meta property=\"article:published_time\" content=\"2016-11-10T12:32:53+00:00\" \/>\n\t\t<meta property=\"article:modified_time\" content=\"2016-11-10T12:52:07+00:00\" \/>\n\t\t<meta name=\"twitter:card\" content=\"summary_large_image\" \/>\n\t\t<meta name=\"twitter:title\" content=\"Sociarte: - A Not\u00edcia Online\" \/>\n\t\t<meta name=\"twitter:description\" content=\"Edi\u00e7\u00e3o 515, de 11 de novembro de 2016 Ana faz 15 A chegada dos 15 anos de Ana Nery foi comemorada durante uma confraterniza\u00e7\u00e3o, realizada no dia 29 de outubro, no Clube dos Banc\u00e1rios, com a presen\u00e7a de familiares e amigos. A m\u00e3e da aniversariante, Zenilda Nery (sargento da Pol\u00edcia Militar) agradece a\" \/>\n\t\t<meta name=\"twitter:image\" content=\"https:\/\/scontent-gig4-1.xx.fbcdn.net\/v\/t39.30808-1\/270437624_4564083193639691_6907940295614233970_n.jpg?stp=dst-jpg_s200x200_tt6&amp;_nc_cat=111&amp;ccb=1-7&amp;_nc_sid=f907e8&amp;_nc_ohc=SM1wRlP3lJwQ7kNvwEPuBYA&amp;_nc_oc=AdnqrjDN_BNjSSHWO-GbkIWH6fkGMLw4bqvL_NH6e2wMveX7G-rP2dAqsDSq1mJMOaY&amp;_nc_zt=24&amp;_nc_ht=scontent-gig4-1.xx&amp;_nc_gid=AoBFJeGrT1hVaew_6rchkQ&amp;oh=00_AfX7QmFGhQhG2jAllVgXCiM1ZrWgvtp80-Bfppyexh1QEg&amp;oe=689E923C\" \/>\n\t\t<script type=\"application\/ld+json\" class=\"aioseo-schema\">\n\t\t\t{\"@context\":\"https:\\\/\\\/schema.org\",\"@graph\":[{\"@type\":\"BlogPosting\",\"@id\":\"https:\\\/\\\/anoticiaonline.com.br\\\/site\\\/sociarte-62\\\/#blogposting\",\"name\":\"Sociarte: - A Not\\u00edcia Online\",\"headline\":\"Sociarte:\",\"author\":{\"@id\":\"https:\\\/\\\/anoticiaonline.com.br\\\/site\\\/author\\\/juliana\\\/#author\"},\"publisher\":{\"@id\":\"https:\\\/\\\/anoticiaonline.com.br\\\/site\\\/#organization\"},\"image\":{\"@type\":\"ImageObject\",\"url\":\"http:\\\/\\\/anoticiaonline.com.br\\\/site\\\/wp-content\\\/uploads\\\/2016\\\/11\\\/Ana-faz-15-264x300.jpg\",\"@id\":\"https:\\\/\\\/anoticiaonline.com.br\\\/site\\\/sociarte-62\\\/#articleImage\"},\"datePublished\":\"2016-11-10T09:32:53-03:00\",\"dateModified\":\"2016-11-10T09:52:07-03:00\",\"inLanguage\":\"pt-BR\",\"mainEntityOfPage\":{\"@id\":\"https:\\\/\\\/anoticiaonline.com.br\\\/site\\\/sociarte-62\\\/#webpage\"},\"isPartOf\":{\"@id\":\"https:\\\/\\\/anoticiaonline.com.br\\\/site\\\/sociarte-62\\\/#webpage\"},\"articleSection\":\"Sociarte\"},{\"@type\":\"BreadcrumbList\",\"@id\":\"https:\\\/\\\/anoticiaonline.com.br\\\/site\\\/sociarte-62\\\/#breadcrumblist\",\"itemListElement\":[{\"@type\":\"ListItem\",\"@id\":\"https:\\\/\\\/anoticiaonline.com.br\\\/site#listItem\",\"position\":1,\"name\":\"Home\",\"item\":\"https:\\\/\\\/anoticiaonline.com.br\\\/site\",\"nextItem\":{\"@type\":\"ListItem\",\"@id\":\"https:\\\/\\\/anoticiaonline.com.br\\\/site\\\/categoria\\\/colunistas\\\/#listItem\",\"name\":\"Colunistas\"}},{\"@type\":\"ListItem\",\"@id\":\"https:\\\/\\\/anoticiaonline.com.br\\\/site\\\/categoria\\\/colunistas\\\/#listItem\",\"position\":2,\"name\":\"Colunistas\",\"item\":\"https:\\\/\\\/anoticiaonline.com.br\\\/site\\\/categoria\\\/colunistas\\\/\",\"nextItem\":{\"@type\":\"ListItem\",\"@id\":\"https:\\\/\\\/anoticiaonline.com.br\\\/site\\\/categoria\\\/colunistas\\\/sociarte\\\/#listItem\",\"name\":\"Sociarte\"},\"previousItem\":{\"@type\":\"ListItem\",\"@id\":\"https:\\\/\\\/anoticiaonline.com.br\\\/site#listItem\",\"name\":\"Home\"}},{\"@type\":\"ListItem\",\"@id\":\"https:\\\/\\\/anoticiaonline.com.br\\\/site\\\/categoria\\\/colunistas\\\/sociarte\\\/#listItem\",\"position\":3,\"name\":\"Sociarte\",\"item\":\"https:\\\/\\\/anoticiaonline.com.br\\\/site\\\/categoria\\\/colunistas\\\/sociarte\\\/\",\"nextItem\":{\"@type\":\"ListItem\",\"@id\":\"https:\\\/\\\/anoticiaonline.com.br\\\/site\\\/sociarte-62\\\/#listItem\",\"name\":\"Sociarte:\"},\"previousItem\":{\"@type\":\"ListItem\",\"@id\":\"https:\\\/\\\/anoticiaonline.com.br\\\/site\\\/categoria\\\/colunistas\\\/#listItem\",\"name\":\"Colunistas\"}},{\"@type\":\"ListItem\",\"@id\":\"https:\\\/\\\/anoticiaonline.com.br\\\/site\\\/sociarte-62\\\/#listItem\",\"position\":4,\"name\":\"Sociarte:\",\"previousItem\":{\"@type\":\"ListItem\",\"@id\":\"https:\\\/\\\/anoticiaonline.com.br\\\/site\\\/categoria\\\/colunistas\\\/sociarte\\\/#listItem\",\"name\":\"Sociarte\"}}]},{\"@type\":\"Organization\",\"@id\":\"https:\\\/\\\/anoticiaonline.com.br\\\/site\\\/#organization\",\"name\":\"A Not\\u00edcia Online\",\"description\":\"Noticias de Muria\\u00e9 e regi\\u00e3o\",\"url\":\"https:\\\/\\\/anoticiaonline.com.br\\\/site\\\/\",\"logo\":{\"@type\":\"ImageObject\",\"url\":\"https:\\\/\\\/scontent-gig4-1.xx.fbcdn.net\\\/v\\\/t39.30808-1\\\/270437624_4564083193639691_6907940295614233970_n.jpg?stp=dst-jpg_s200x200_tt6&_nc_cat=111&ccb=1-7&_nc_sid=f907e8&_nc_ohc=SM1wRlP3lJwQ7kNvwEPuBYA&_nc_oc=AdnqrjDN_BNjSSHWO-GbkIWH6fkGMLw4bqvL_NH6e2wMveX7G-rP2dAqsDSq1mJMOaY&_nc_zt=24&_nc_ht=scontent-gig4-1.xx&_nc_gid=AoBFJeGrT1hVaew_6rchkQ&oh=00_AfX7QmFGhQhG2jAllVgXCiM1ZrWgvtp80-Bfppyexh1QEg&oe=689E923C\",\"@id\":\"https:\\\/\\\/anoticiaonline.com.br\\\/site\\\/sociarte-62\\\/#organizationLogo\"},\"image\":{\"@id\":\"https:\\\/\\\/anoticiaonline.com.br\\\/site\\\/sociarte-62\\\/#organizationLogo\"}},{\"@type\":\"Person\",\"@id\":\"https:\\\/\\\/anoticiaonline.com.br\\\/site\\\/author\\\/juliana\\\/#author\",\"url\":\"https:\\\/\\\/anoticiaonline.com.br\\\/site\\\/author\\\/juliana\\\/\",\"name\":\"Juliana Laviola\",\"image\":{\"@type\":\"ImageObject\",\"@id\":\"https:\\\/\\\/anoticiaonline.com.br\\\/site\\\/sociarte-62\\\/#authorImage\",\"url\":\"https:\\\/\\\/secure.gravatar.com\\\/avatar\\\/b8d45f5c699b100dfaf0e543582f38f38bf94cb7ae3a5e9abf8d891a34773335?s=96&d=mm&r=g\",\"width\":96,\"height\":96,\"caption\":\"Juliana Laviola\"}},{\"@type\":\"WebPage\",\"@id\":\"https:\\\/\\\/anoticiaonline.com.br\\\/site\\\/sociarte-62\\\/#webpage\",\"url\":\"https:\\\/\\\/anoticiaonline.com.br\\\/site\\\/sociarte-62\\\/\",\"name\":\"Sociarte: - A Not\\u00edcia Online\",\"description\":\"Edi\\u00e7\\u00e3o 515, de 11 de novembro de 2016 Ana faz 15 A chegada dos 15 anos de Ana Nery foi comemorada durante uma confraterniza\\u00e7\\u00e3o, realizada no dia 29 de outubro, no Clube dos Banc\\u00e1rios, com a presen\\u00e7a de familiares e amigos. A m\\u00e3e da aniversariante, Zenilda Nery (sargento da Pol\\u00edcia Militar) agradece a\",\"inLanguage\":\"pt-BR\",\"isPartOf\":{\"@id\":\"https:\\\/\\\/anoticiaonline.com.br\\\/site\\\/#website\"},\"breadcrumb\":{\"@id\":\"https:\\\/\\\/anoticiaonline.com.br\\\/site\\\/sociarte-62\\\/#breadcrumblist\"},\"author\":{\"@id\":\"https:\\\/\\\/anoticiaonline.com.br\\\/site\\\/author\\\/juliana\\\/#author\"},\"creator\":{\"@id\":\"https:\\\/\\\/anoticiaonline.com.br\\\/site\\\/author\\\/juliana\\\/#author\"},\"datePublished\":\"2016-11-10T09:32:53-03:00\",\"dateModified\":\"2016-11-10T09:52:07-03:00\"},{\"@type\":\"WebSite\",\"@id\":\"https:\\\/\\\/anoticiaonline.com.br\\\/site\\\/#website\",\"url\":\"https:\\\/\\\/anoticiaonline.com.br\\\/site\\\/\",\"name\":\"A Not\\u00edcia Online\",\"description\":\"Noticias de Muria\\u00e9 e regi\\u00e3o\",\"inLanguage\":\"pt-BR\",\"publisher\":{\"@id\":\"https:\\\/\\\/anoticiaonline.com.br\\\/site\\\/#organization\"}}]}\n\t\t<\/script>\n\t\t<!-- All in One SEO -->\n\n","aioseo_head_json":{"title":"Sociarte: - A Not\u00edcia Online","description":"Edi\u00e7\u00e3o 515, de 11 de novembro de 2016 Ana faz 15 A chegada dos 15 anos de Ana Nery foi comemorada durante uma confraterniza\u00e7\u00e3o, realizada no dia 29 de outubro, no Clube dos Banc\u00e1rios, com a presen\u00e7a de familiares e amigos. A m\u00e3e da aniversariante, Zenilda Nery (sargento da Pol\u00edcia Militar) agradece a","canonical_url":"https:\/\/anoticiaonline.com.br\/site\/sociarte-62\/","robots":"max-image-preview:large","keywords":"","webmasterTools":{"miscellaneous":""},"schema":{"@context":"https:\/\/schema.org","@graph":[{"@type":"BlogPosting","@id":"https:\/\/anoticiaonline.com.br\/site\/sociarte-62\/#blogposting","name":"Sociarte: - A Not\u00edcia Online","headline":"Sociarte:","author":{"@id":"https:\/\/anoticiaonline.com.br\/site\/author\/juliana\/#author"},"publisher":{"@id":"https:\/\/anoticiaonline.com.br\/site\/#organization"},"image":{"@type":"ImageObject","url":"http:\/\/anoticiaonline.com.br\/site\/wp-content\/uploads\/2016\/11\/Ana-faz-15-264x300.jpg","@id":"https:\/\/anoticiaonline.com.br\/site\/sociarte-62\/#articleImage"},"datePublished":"2016-11-10T09:32:53-03:00","dateModified":"2016-11-10T09:52:07-03:00","inLanguage":"pt-BR","mainEntityOfPage":{"@id":"https:\/\/anoticiaonline.com.br\/site\/sociarte-62\/#webpage"},"isPartOf":{"@id":"https:\/\/anoticiaonline.com.br\/site\/sociarte-62\/#webpage"},"articleSection":"Sociarte"},{"@type":"BreadcrumbList","@id":"https:\/\/anoticiaonline.com.br\/site\/sociarte-62\/#breadcrumblist","itemListElement":[{"@type":"ListItem","@id":"https:\/\/anoticiaonline.com.br\/site#listItem","position":1,"name":"Home","item":"https:\/\/anoticiaonline.com.br\/site","nextItem":{"@type":"ListItem","@id":"https:\/\/anoticiaonline.com.br\/site\/categoria\/colunistas\/#listItem","name":"Colunistas"}},{"@type":"ListItem","@id":"https:\/\/anoticiaonline.com.br\/site\/categoria\/colunistas\/#listItem","position":2,"name":"Colunistas","item":"https:\/\/anoticiaonline.com.br\/site\/categoria\/colunistas\/","nextItem":{"@type":"ListItem","@id":"https:\/\/anoticiaonline.com.br\/site\/categoria\/colunistas\/sociarte\/#listItem","name":"Sociarte"},"previousItem":{"@type":"ListItem","@id":"https:\/\/anoticiaonline.com.br\/site#listItem","name":"Home"}},{"@type":"ListItem","@id":"https:\/\/anoticiaonline.com.br\/site\/categoria\/colunistas\/sociarte\/#listItem","position":3,"name":"Sociarte","item":"https:\/\/anoticiaonline.com.br\/site\/categoria\/colunistas\/sociarte\/","nextItem":{"@type":"ListItem","@id":"https:\/\/anoticiaonline.com.br\/site\/sociarte-62\/#listItem","name":"Sociarte:"},"previousItem":{"@type":"ListItem","@id":"https:\/\/anoticiaonline.com.br\/site\/categoria\/colunistas\/#listItem","name":"Colunistas"}},{"@type":"ListItem","@id":"https:\/\/anoticiaonline.com.br\/site\/sociarte-62\/#listItem","position":4,"name":"Sociarte:","previousItem":{"@type":"ListItem","@id":"https:\/\/anoticiaonline.com.br\/site\/categoria\/colunistas\/sociarte\/#listItem","name":"Sociarte"}}]},{"@type":"Organization","@id":"https:\/\/anoticiaonline.com.br\/site\/#organization","name":"A Not\u00edcia Online","description":"Noticias de Muria\u00e9 e regi\u00e3o","url":"https:\/\/anoticiaonline.com.br\/site\/","logo":{"@type":"ImageObject","url":"https:\/\/scontent-gig4-1.xx.fbcdn.net\/v\/t39.30808-1\/270437624_4564083193639691_6907940295614233970_n.jpg?stp=dst-jpg_s200x200_tt6&_nc_cat=111&ccb=1-7&_nc_sid=f907e8&_nc_ohc=SM1wRlP3lJwQ7kNvwEPuBYA&_nc_oc=AdnqrjDN_BNjSSHWO-GbkIWH6fkGMLw4bqvL_NH6e2wMveX7G-rP2dAqsDSq1mJMOaY&_nc_zt=24&_nc_ht=scontent-gig4-1.xx&_nc_gid=AoBFJeGrT1hVaew_6rchkQ&oh=00_AfX7QmFGhQhG2jAllVgXCiM1ZrWgvtp80-Bfppyexh1QEg&oe=689E923C","@id":"https:\/\/anoticiaonline.com.br\/site\/sociarte-62\/#organizationLogo"},"image":{"@id":"https:\/\/anoticiaonline.com.br\/site\/sociarte-62\/#organizationLogo"}},{"@type":"Person","@id":"https:\/\/anoticiaonline.com.br\/site\/author\/juliana\/#author","url":"https:\/\/anoticiaonline.com.br\/site\/author\/juliana\/","name":"Juliana Laviola","image":{"@type":"ImageObject","@id":"https:\/\/anoticiaonline.com.br\/site\/sociarte-62\/#authorImage","url":"https:\/\/secure.gravatar.com\/avatar\/b8d45f5c699b100dfaf0e543582f38f38bf94cb7ae3a5e9abf8d891a34773335?s=96&d=mm&r=g","width":96,"height":96,"caption":"Juliana Laviola"}},{"@type":"WebPage","@id":"https:\/\/anoticiaonline.com.br\/site\/sociarte-62\/#webpage","url":"https:\/\/anoticiaonline.com.br\/site\/sociarte-62\/","name":"Sociarte: - A Not\u00edcia Online","description":"Edi\u00e7\u00e3o 515, de 11 de novembro de 2016 Ana faz 15 A chegada dos 15 anos de Ana Nery foi comemorada durante uma confraterniza\u00e7\u00e3o, realizada no dia 29 de outubro, no Clube dos Banc\u00e1rios, com a presen\u00e7a de familiares e amigos. A m\u00e3e da aniversariante, Zenilda Nery (sargento da Pol\u00edcia Militar) agradece a","inLanguage":"pt-BR","isPartOf":{"@id":"https:\/\/anoticiaonline.com.br\/site\/#website"},"breadcrumb":{"@id":"https:\/\/anoticiaonline.com.br\/site\/sociarte-62\/#breadcrumblist"},"author":{"@id":"https:\/\/anoticiaonline.com.br\/site\/author\/juliana\/#author"},"creator":{"@id":"https:\/\/anoticiaonline.com.br\/site\/author\/juliana\/#author"},"datePublished":"2016-11-10T09:32:53-03:00","dateModified":"2016-11-10T09:52:07-03:00"},{"@type":"WebSite","@id":"https:\/\/anoticiaonline.com.br\/site\/#website","url":"https:\/\/anoticiaonline.com.br\/site\/","name":"A Not\u00edcia Online","description":"Noticias de Muria\u00e9 e regi\u00e3o","inLanguage":"pt-BR","publisher":{"@id":"https:\/\/anoticiaonline.com.br\/site\/#organization"}}]},"og:locale":"pt_BR","og:site_name":"A Not\u00edcia Online - Noticias de Muria\u00e9 e regi\u00e3o","og:type":"article","og:title":"Sociarte: - A Not\u00edcia Online","og:description":"Edi\u00e7\u00e3o 515, de 11 de novembro de 2016 Ana faz 15 A chegada dos 15 anos de Ana Nery foi comemorada durante uma confraterniza\u00e7\u00e3o, realizada no dia 29 de outubro, no Clube dos Banc\u00e1rios, com a presen\u00e7a de familiares e amigos. A m\u00e3e da aniversariante, Zenilda Nery (sargento da Pol\u00edcia Militar) agradece a","og:url":"https:\/\/anoticiaonline.com.br\/site\/sociarte-62\/","og:image":"https:\/\/scontent-gig4-1.xx.fbcdn.net\/v\/t39.30808-1\/270437624_4564083193639691_6907940295614233970_n.jpg?stp=dst-jpg_s200x200_tt6&#038;_nc_cat=111&#038;ccb=1-7&#038;_nc_sid=f907e8&#038;_nc_ohc=SM1wRlP3lJwQ7kNvwEPuBYA&#038;_nc_oc=AdnqrjDN_BNjSSHWO-GbkIWH6fkGMLw4bqvL_NH6e2wMveX7G-rP2dAqsDSq1mJMOaY&#038;_nc_zt=24&#038;_nc_ht=scontent-gig4-1.xx&#038;_nc_gid=AoBFJeGrT1hVaew_6rchkQ&#038;oh=00_AfX7QmFGhQhG2jAllVgXCiM1ZrWgvtp80-Bfppyexh1QEg&#038;oe=689E923C","og:image:secure_url":"https:\/\/scontent-gig4-1.xx.fbcdn.net\/v\/t39.30808-1\/270437624_4564083193639691_6907940295614233970_n.jpg?stp=dst-jpg_s200x200_tt6&#038;_nc_cat=111&#038;ccb=1-7&#038;_nc_sid=f907e8&#038;_nc_ohc=SM1wRlP3lJwQ7kNvwEPuBYA&#038;_nc_oc=AdnqrjDN_BNjSSHWO-GbkIWH6fkGMLw4bqvL_NH6e2wMveX7G-rP2dAqsDSq1mJMOaY&#038;_nc_zt=24&#038;_nc_ht=scontent-gig4-1.xx&#038;_nc_gid=AoBFJeGrT1hVaew_6rchkQ&#038;oh=00_AfX7QmFGhQhG2jAllVgXCiM1ZrWgvtp80-Bfppyexh1QEg&#038;oe=689E923C","article:published_time":"2016-11-10T12:32:53+00:00","article:modified_time":"2016-11-10T12:52:07+00:00","twitter:card":"summary_large_image","twitter:title":"Sociarte: - A Not\u00edcia Online","twitter:description":"Edi\u00e7\u00e3o 515, de 11 de novembro de 2016 Ana faz 15 A chegada dos 15 anos de Ana Nery foi comemorada durante uma confraterniza\u00e7\u00e3o, realizada no dia 29 de outubro, no Clube dos Banc\u00e1rios, com a presen\u00e7a de familiares e amigos. A m\u00e3e da aniversariante, Zenilda Nery (sargento da Pol\u00edcia Militar) agradece a","twitter:image":"https:\/\/scontent-gig4-1.xx.fbcdn.net\/v\/t39.30808-1\/270437624_4564083193639691_6907940295614233970_n.jpg?stp=dst-jpg_s200x200_tt6&_nc_cat=111&ccb=1-7&_nc_sid=f907e8&_nc_ohc=SM1wRlP3lJwQ7kNvwEPuBYA&_nc_oc=AdnqrjDN_BNjSSHWO-GbkIWH6fkGMLw4bqvL_NH6e2wMveX7G-rP2dAqsDSq1mJMOaY&_nc_zt=24&_nc_ht=scontent-gig4-1.xx&_nc_gid=AoBFJeGrT1hVaew_6rchkQ&oh=00_AfX7QmFGhQhG2jAllVgXCiM1ZrWgvtp80-Bfppyexh1QEg&oe=689E923C"},"aioseo_meta_data":{"post_id":"21487","title":null,"description":null,"keywords":null,"keyphrases":null,"primary_term":null,"canonical_url":null,"og_title":null,"og_description":null,"og_object_type":"default","og_image_type":"default","og_image_url":null,"og_image_width":null,"og_image_height":null,"og_image_custom_url":null,"og_image_custom_fields":null,"og_video":null,"og_custom_url":null,"og_article_section":null,"og_article_tags":null,"twitter_use_og":false,"twitter_card":"default","twitter_image_type":"default","twitter_image_url":null,"twitter_image_custom_url":null,"twitter_image_custom_fields":null,"twitter_title":null,"twitter_description":null,"schema":{"blockGraphs":[],"customGraphs":[],"default":{"data":{"Article":[],"Course":[],"Dataset":[],"FAQPage":[],"Movie":[],"Person":[],"Product":[],"ProductReview":[],"Car":[],"Recipe":[],"Service":[],"SoftwareApplication":[],"WebPage":[]},"graphName":"","isEnabled":true},"graphs":[]},"schema_type":"default","schema_type_options":null,"pillar_content":false,"robots_default":true,"robots_noindex":false,"robots_noarchive":false,"robots_nosnippet":false,"robots_nofollow":false,"robots_noimageindex":false,"robots_noodp":false,"robots_notranslate":false,"robots_max_snippet":null,"robots_max_videopreview":null,"robots_max_imagepreview":"large","priority":null,"frequency":null,"local_seo":null,"breadcrumb_settings":null,"limit_modified_date":false,"ai":null,"created":"2025-08-16 17:09:34","updated":"2025-08-16 17:09:34","focus_keyword":null,"additional_keywords":null,"truseo_locale":null,"seo_analyzer_scan_date":null},"aioseo_breadcrumb":"<div class=\"aioseo-breadcrumbs\"><span class=\"aioseo-breadcrumb\">\n\t\t\t<a href=\"https:\/\/anoticiaonline.com.br\/site\" title=\"Home\">Home<\/a>\n\t\t<\/span><span class=\"aioseo-breadcrumb-separator\">&raquo;<\/span><span class=\"aioseo-breadcrumb\">\n\t\t\t<a href=\"https:\/\/anoticiaonline.com.br\/site\/categoria\/colunistas\/\" title=\"Colunistas\">Colunistas<\/a>\n\t\t<\/span><span class=\"aioseo-breadcrumb-separator\">&raquo;<\/span><span class=\"aioseo-breadcrumb\">\n\t\t\t<a href=\"https:\/\/anoticiaonline.com.br\/site\/categoria\/colunistas\/sociarte\/\" title=\"Sociarte\">Sociarte<\/a>\n\t\t<\/span><span class=\"aioseo-breadcrumb-separator\">&raquo;<\/span><span class=\"aioseo-breadcrumb\">\n\t\t\tSociarte:\n\t\t<\/span><\/div>","aioseo_breadcrumb_json":[{"label":"Home","link":"https:\/\/anoticiaonline.com.br\/site"},{"label":"Colunistas","link":"https:\/\/anoticiaonline.com.br\/site\/categoria\/colunistas\/"},{"label":"Sociarte","link":"https:\/\/anoticiaonline.com.br\/site\/categoria\/colunistas\/sociarte\/"},{"label":"Sociarte:","link":"https:\/\/anoticiaonline.com.br\/site\/sociarte-62\/"}],"views":127,"_links":{"self":[{"href":"https:\/\/anoticiaonline.com.br\/site\/wp-json\/wp\/v2\/posts\/21487","targetHints":{"allow":["GET"]}}],"collection":[{"href":"https:\/\/anoticiaonline.com.br\/site\/wp-json\/wp\/v2\/posts"}],"about":[{"href":"https:\/\/anoticiaonline.com.br\/site\/wp-json\/wp\/v2\/types\/post"}],"author":[{"embeddable":true,"href":"https:\/\/anoticiaonline.com.br\/site\/wp-json\/wp\/v2\/users\/2"}],"replies":[{"embeddable":true,"href":"https:\/\/anoticiaonline.com.br\/site\/wp-json\/wp\/v2\/comments?post=21487"}],"version-history":[{"count":0,"href":"https:\/\/anoticiaonline.com.br\/site\/wp-json\/wp\/v2\/posts\/21487\/revisions"}],"wp:attachment":[{"href":"https:\/\/anoticiaonline.com.br\/site\/wp-json\/wp\/v2\/media?parent=21487"}],"wp:term":[{"taxonomy":"category","embeddable":true,"href":"https:\/\/anoticiaonline.com.br\/site\/wp-json\/wp\/v2\/categories?post=21487"},{"taxonomy":"post_tag","embeddable":true,"href":"https:\/\/anoticiaonline.com.br\/site\/wp-json\/wp\/v2\/tags?post=21487"}],"curies":[{"name":"wp","href":"https:\/\/api.w.org\/{rel}","templated":true}]}}