{"id":21465,"date":"2016-11-08T16:24:59","date_gmt":"2016-11-08T19:24:59","guid":{"rendered":"http:\/\/anoticiaonline.com.br\/site\/?p=21465"},"modified":"2016-11-08T16:34:34","modified_gmt":"2016-11-08T19:34:34","slug":"nova-mudanca-no-legislativo-helena-carvalho-voltara-a-camara-em-2017","status":"publish","type":"post","link":"https:\/\/anoticiaonline.com.br\/site\/nova-mudanca-no-legislativo-helena-carvalho-voltara-a-camara-em-2017\/","title":{"rendered":"Mais uma mudan\u00e7a no Legislativo: Helena Carvalho voltar\u00e1 \u00e0 C\u00e2mara em 2017"},"content":{"rendered":"<figure id=\"attachment_21467\" aria-describedby=\"caption-attachment-21467\" style=\"width: 265px\" class=\"wp-caption alignleft\"><a href=\"https:\/\/anoticiaonline.com.br\/site\/wp-content\/uploads\/2016\/11\/LUD_7892.jpg\"><img fetchpriority=\"high\" decoding=\"async\" class=\"size-medium wp-image-21467\" src=\"https:\/\/anoticiaonline.com.br\/site\/wp-content\/uploads\/2016\/11\/LUD_7892-275x300.jpg\" alt=\"Vereadora Helena Carvalho (Foto: Arquivo C\u00e2mara de Vereadores) \" width=\"275\" height=\"300\" srcset=\"https:\/\/anoticiaonline.com.br\/site\/wp-content\/uploads\/2016\/11\/LUD_7892-275x300.jpg 275w, https:\/\/anoticiaonline.com.br\/site\/wp-content\/uploads\/2016\/11\/LUD_7892.jpg 586w\" sizes=\"(max-width: 275px) 100vw, 275px\" \/><\/a><figcaption id=\"caption-attachment-21467\" class=\"wp-caption-text\">Vereadora Helena Carvalho (Foto: Arquivo C\u00e2mara de Vereadores)<\/figcaption><\/figure>\n<p>A forma\u00e7\u00e3o da C\u00e2mara de Vereadores sofreu mais uma mudan\u00e7a para 2017. A vereadora Helena Carvalho (PMDB), atual presidente do Legislativo municipal, que n\u00e3o conseguiu se reeleger com seus 973 votos, ficando como primeira suplente do partido, continuar\u00e1 a ocupar o cargo no pr\u00f3ximo ano.<\/p>\n<p>\u00c9 que o vereador Manoel Carvalho, reeleito com 1.091 votos, deixar\u00e1 o cargo para assumir a Secretaria Municipal de Agricultura, conforme foi anunciado na ter\u00e7a-feira (8) pelo prefeito eleito Grego, e como Helena \u00e9 a primeira suplente do partido, ocupar\u00e1 a cadeira e far\u00e1 parte da lista de 17 vereadores que ir\u00e3o atuar na C\u00e2mara.<\/p>\n<p>Esta \u00e9 a segunda altera\u00e7\u00e3o na forma\u00e7\u00e3o do Legislativo ap\u00f3s as Elei\u00e7\u00f5es 2016.\u00a0 Recentemente, o Tribunal Regional Eleitoral de Minas Gerais (TRE-MG) publicou decis\u00e3o favor\u00e1vel ao deferimento da candidatura de Maicon Bruno de Oliveira, o Maicon da Cadeira (PP) e a consequente valida\u00e7\u00e3o de seus 711 votos. A decis\u00e3o resulta na poss\u00edvel reelei\u00e7\u00e3o do vereador Jair Abreu (PT), que foi o oitavo candidato mais votado nas Elei\u00e7\u00f5es 2016 em Muria\u00e9. Jair, que obteve 1.096 votos, n\u00e3o havia entrado na lista dos eleitos por conta dos c\u00e1lculos envolvendo o quociente eleitoral. Com a prov\u00e1vel mudan\u00e7a, o ent\u00e3o vereador eleito, Forim (PTN), poder\u00e1 ficar de fora da composi\u00e7\u00e3o da C\u00e2mara para a pr\u00f3xima legislatura. Jair aguarda decis\u00e3o oficial.<\/p>\n","protected":false},"excerpt":{"rendered":"<p>A forma\u00e7\u00e3o da C\u00e2mara de Vereadores sofreu mais uma mudan\u00e7a para 2017. A vereadora Helena Carvalho (PMDB), atual presidente do Legislativo municipal, que n\u00e3o conseguiu se reeleger com seus 973 votos, ficando como primeira suplente do partido, continuar\u00e1 a ocupar o cargo no pr\u00f3ximo ano. \u00c9 que o vereador Manoel Carvalho, reeleito com 1.091 votos, &#8230; <a title=\"Mais uma mudan\u00e7a no Legislativo: Helena Carvalho voltar\u00e1 \u00e0 C\u00e2mara em 2017\" class=\"read-more\" href=\"https:\/\/anoticiaonline.com.br\/site\/nova-mudanca-no-legislativo-helena-carvalho-voltara-a-camara-em-2017\/\" aria-label=\"Read more about Mais uma mudan\u00e7a no Legislativo: Helena Carvalho voltar\u00e1 \u00e0 C\u00e2mara em 2017\">Ler mais<\/a><\/p>\n","protected":false},"author":2,"featured_media":21467,"comment_status":"open","ping_status":"open","sticky":false,"template":"","format":"standard","meta":{"_acf_changed":false,"_monsterinsights_skip_tracking":false,"footnotes":""},"categories":[30],"tags":[3],"class_list":["post-21465","post","type-post","status-publish","format-standard","has-post-thumbnail","hentry","category-muriae","tag-slide"],"acf":[],"aioseo_notices":[],"aioseo_head":"\n\t\t<!-- All in One SEO 5.0.0.1 - aioseo.com -->\n\t<meta name=\"description\" content=\"A forma\u00e7\u00e3o da C\u00e2mara de Vereadores sofreu mais uma mudan\u00e7a para 2017. A vereadora Helena Carvalho (PMDB), atual presidente do Legislativo municipal, que n\u00e3o conseguiu se reeleger com seus 973 votos, ficando como primeira suplente do partido, continuar\u00e1 a ocupar o cargo no pr\u00f3ximo ano. \u00c9 que o vereador Manoel Carvalho, reeleito com 1.091 votos,\" \/>\n\t<meta name=\"robots\" content=\"max-image-preview:large\" \/>\n\t<meta name=\"author\" content=\"Juliana Laviola\"\/>\n\t<link rel=\"canonical\" href=\"https:\/\/anoticiaonline.com.br\/site\/nova-mudanca-no-legislativo-helena-carvalho-voltara-a-camara-em-2017\/\" \/>\n\t<meta name=\"generator\" content=\"All in One SEO (AIOSEO) 5.0.0.1\" \/>\n\t\t<meta property=\"og:locale\" content=\"pt_BR\" \/>\n\t\t<meta property=\"og:site_name\" content=\"A Not\u00edcia Online - Noticias de Muria\u00e9 e regi\u00e3o\" \/>\n\t\t<meta property=\"og:type\" content=\"article\" \/>\n\t\t<meta property=\"og:title\" content=\"Mais uma mudan\u00e7a no Legislativo: Helena Carvalho voltar\u00e1 \u00e0 C\u00e2mara em 2017 - A Not\u00edcia Online\" \/>\n\t\t<meta property=\"og:description\" content=\"A forma\u00e7\u00e3o da C\u00e2mara de Vereadores sofreu mais uma mudan\u00e7a para 2017. A vereadora Helena Carvalho (PMDB), atual presidente do Legislativo municipal, que n\u00e3o conseguiu se reeleger com seus 973 votos, ficando como primeira suplente do partido, continuar\u00e1 a ocupar o cargo no pr\u00f3ximo ano. \u00c9 que o vereador Manoel Carvalho, reeleito com 1.091 votos,\" \/>\n\t\t<meta property=\"og:url\" content=\"https:\/\/anoticiaonline.com.br\/site\/nova-mudanca-no-legislativo-helena-carvalho-voltara-a-camara-em-2017\/\" \/>\n\t\t<meta property=\"og:image\" content=\"https:\/\/scontent-gig4-1.xx.fbcdn.net\/v\/t39.30808-1\/270437624_4564083193639691_6907940295614233970_n.jpg?stp=dst-jpg_s200x200_tt6&#038;_nc_cat=111&#038;ccb=1-7&#038;_nc_sid=f907e8&#038;_nc_ohc=SM1wRlP3lJwQ7kNvwEPuBYA&#038;_nc_oc=AdnqrjDN_BNjSSHWO-GbkIWH6fkGMLw4bqvL_NH6e2wMveX7G-rP2dAqsDSq1mJMOaY&#038;_nc_zt=24&#038;_nc_ht=scontent-gig4-1.xx&#038;_nc_gid=AoBFJeGrT1hVaew_6rchkQ&#038;oh=00_AfX7QmFGhQhG2jAllVgXCiM1ZrWgvtp80-Bfppyexh1QEg&#038;oe=689E923C\" \/>\n\t\t<meta property=\"og:image:secure_url\" content=\"https:\/\/scontent-gig4-1.xx.fbcdn.net\/v\/t39.30808-1\/270437624_4564083193639691_6907940295614233970_n.jpg?stp=dst-jpg_s200x200_tt6&#038;_nc_cat=111&#038;ccb=1-7&#038;_nc_sid=f907e8&#038;_nc_ohc=SM1wRlP3lJwQ7kNvwEPuBYA&#038;_nc_oc=AdnqrjDN_BNjSSHWO-GbkIWH6fkGMLw4bqvL_NH6e2wMveX7G-rP2dAqsDSq1mJMOaY&#038;_nc_zt=24&#038;_nc_ht=scontent-gig4-1.xx&#038;_nc_gid=AoBFJeGrT1hVaew_6rchkQ&#038;oh=00_AfX7QmFGhQhG2jAllVgXCiM1ZrWgvtp80-Bfppyexh1QEg&#038;oe=689E923C\" \/>\n\t\t<meta property=\"article:published_time\" content=\"2016-11-08T19:24:59+00:00\" \/>\n\t\t<meta property=\"article:modified_time\" content=\"2016-11-08T19:34:34+00:00\" \/>\n\t\t<meta name=\"twitter:card\" content=\"summary_large_image\" \/>\n\t\t<meta name=\"twitter:title\" content=\"Mais uma mudan\u00e7a no Legislativo: Helena Carvalho voltar\u00e1 \u00e0 C\u00e2mara em 2017 - A Not\u00edcia Online\" \/>\n\t\t<meta name=\"twitter:description\" content=\"A forma\u00e7\u00e3o da C\u00e2mara de Vereadores sofreu mais uma mudan\u00e7a para 2017. A vereadora Helena Carvalho (PMDB), atual presidente do Legislativo municipal, que n\u00e3o conseguiu se reeleger com seus 973 votos, ficando como primeira suplente do partido, continuar\u00e1 a ocupar o cargo no pr\u00f3ximo ano. \u00c9 que o vereador Manoel Carvalho, reeleito com 1.091 votos,\" \/>\n\t\t<meta name=\"twitter:image\" content=\"https:\/\/scontent-gig4-1.xx.fbcdn.net\/v\/t39.30808-1\/270437624_4564083193639691_6907940295614233970_n.jpg?stp=dst-jpg_s200x200_tt6&amp;_nc_cat=111&amp;ccb=1-7&amp;_nc_sid=f907e8&amp;_nc_ohc=SM1wRlP3lJwQ7kNvwEPuBYA&amp;_nc_oc=AdnqrjDN_BNjSSHWO-GbkIWH6fkGMLw4bqvL_NH6e2wMveX7G-rP2dAqsDSq1mJMOaY&amp;_nc_zt=24&amp;_nc_ht=scontent-gig4-1.xx&amp;_nc_gid=AoBFJeGrT1hVaew_6rchkQ&amp;oh=00_AfX7QmFGhQhG2jAllVgXCiM1ZrWgvtp80-Bfppyexh1QEg&amp;oe=689E923C\" \/>\n\t\t<script type=\"application\/ld+json\" class=\"aioseo-schema\">\n\t\t\t{\"@context\":\"https:\\\/\\\/schema.org\",\"@graph\":[{\"@type\":\"BlogPosting\",\"@id\":\"https:\\\/\\\/anoticiaonline.com.br\\\/site\\\/nova-mudanca-no-legislativo-helena-carvalho-voltara-a-camara-em-2017\\\/#blogposting\",\"name\":\"Mais uma mudan\\u00e7a no Legislativo: Helena Carvalho voltar\\u00e1 \\u00e0 C\\u00e2mara em 2017 - A Not\\u00edcia Online\",\"headline\":\"Mais uma mudan\\u00e7a no Legislativo: Helena Carvalho voltar\\u00e1 \\u00e0 C\\u00e2mara em 2017\",\"author\":{\"@id\":\"https:\\\/\\\/anoticiaonline.com.br\\\/site\\\/author\\\/juliana\\\/#author\"},\"publisher\":{\"@id\":\"https:\\\/\\\/anoticiaonline.com.br\\\/site\\\/#organization\"},\"image\":{\"@type\":\"ImageObject\",\"url\":\"https:\\\/\\\/anoticiaonline.com.br\\\/site\\\/wp-content\\\/uploads\\\/2016\\\/11\\\/LUD_7892.jpg\",\"width\":586,\"height\":640,\"caption\":\"Vereadora Helena Carvalho (Foto: Arquivo C\\u00e2mara de Vereadores)\"},\"datePublished\":\"2016-11-08T16:24:59-03:00\",\"dateModified\":\"2016-11-08T16:34:34-03:00\",\"inLanguage\":\"pt-BR\",\"mainEntityOfPage\":{\"@id\":\"https:\\\/\\\/anoticiaonline.com.br\\\/site\\\/nova-mudanca-no-legislativo-helena-carvalho-voltara-a-camara-em-2017\\\/#webpage\"},\"isPartOf\":{\"@id\":\"https:\\\/\\\/anoticiaonline.com.br\\\/site\\\/nova-mudanca-no-legislativo-helena-carvalho-voltara-a-camara-em-2017\\\/#webpage\"},\"articleSection\":\"Blog, slide\"},{\"@type\":\"BreadcrumbList\",\"@id\":\"https:\\\/\\\/anoticiaonline.com.br\\\/site\\\/nova-mudanca-no-legislativo-helena-carvalho-voltara-a-camara-em-2017\\\/#breadcrumblist\",\"itemListElement\":[{\"@type\":\"ListItem\",\"@id\":\"https:\\\/\\\/anoticiaonline.com.br\\\/site#listItem\",\"position\":1,\"name\":\"Home\",\"item\":\"https:\\\/\\\/anoticiaonline.com.br\\\/site\",\"nextItem\":{\"@type\":\"ListItem\",\"@id\":\"https:\\\/\\\/anoticiaonline.com.br\\\/site\\\/categoria\\\/muriae\\\/#listItem\",\"name\":\"Blog\"}},{\"@type\":\"ListItem\",\"@id\":\"https:\\\/\\\/anoticiaonline.com.br\\\/site\\\/categoria\\\/muriae\\\/#listItem\",\"position\":2,\"name\":\"Blog\",\"item\":\"https:\\\/\\\/anoticiaonline.com.br\\\/site\\\/categoria\\\/muriae\\\/\",\"nextItem\":{\"@type\":\"ListItem\",\"@id\":\"https:\\\/\\\/anoticiaonline.com.br\\\/site\\\/nova-mudanca-no-legislativo-helena-carvalho-voltara-a-camara-em-2017\\\/#listItem\",\"name\":\"Mais uma mudan\\u00e7a no Legislativo: Helena Carvalho voltar\\u00e1 \\u00e0 C\\u00e2mara em 2017\"},\"previousItem\":{\"@type\":\"ListItem\",\"@id\":\"https:\\\/\\\/anoticiaonline.com.br\\\/site#listItem\",\"name\":\"Home\"}},{\"@type\":\"ListItem\",\"@id\":\"https:\\\/\\\/anoticiaonline.com.br\\\/site\\\/nova-mudanca-no-legislativo-helena-carvalho-voltara-a-camara-em-2017\\\/#listItem\",\"position\":3,\"name\":\"Mais uma mudan\\u00e7a no Legislativo: Helena Carvalho voltar\\u00e1 \\u00e0 C\\u00e2mara em 2017\",\"previousItem\":{\"@type\":\"ListItem\",\"@id\":\"https:\\\/\\\/anoticiaonline.com.br\\\/site\\\/categoria\\\/muriae\\\/#listItem\",\"name\":\"Blog\"}}]},{\"@type\":\"Organization\",\"@id\":\"https:\\\/\\\/anoticiaonline.com.br\\\/site\\\/#organization\",\"name\":\"A Not\\u00edcia Online\",\"description\":\"Noticias de Muria\\u00e9 e regi\\u00e3o\",\"url\":\"https:\\\/\\\/anoticiaonline.com.br\\\/site\\\/\",\"logo\":{\"@type\":\"ImageObject\",\"url\":\"https:\\\/\\\/scontent-gig4-1.xx.fbcdn.net\\\/v\\\/t39.30808-1\\\/270437624_4564083193639691_6907940295614233970_n.jpg?stp=dst-jpg_s200x200_tt6&_nc_cat=111&ccb=1-7&_nc_sid=f907e8&_nc_ohc=SM1wRlP3lJwQ7kNvwEPuBYA&_nc_oc=AdnqrjDN_BNjSSHWO-GbkIWH6fkGMLw4bqvL_NH6e2wMveX7G-rP2dAqsDSq1mJMOaY&_nc_zt=24&_nc_ht=scontent-gig4-1.xx&_nc_gid=AoBFJeGrT1hVaew_6rchkQ&oh=00_AfX7QmFGhQhG2jAllVgXCiM1ZrWgvtp80-Bfppyexh1QEg&oe=689E923C\",\"@id\":\"https:\\\/\\\/anoticiaonline.com.br\\\/site\\\/nova-mudanca-no-legislativo-helena-carvalho-voltara-a-camara-em-2017\\\/#organizationLogo\"},\"image\":{\"@id\":\"https:\\\/\\\/anoticiaonline.com.br\\\/site\\\/nova-mudanca-no-legislativo-helena-carvalho-voltara-a-camara-em-2017\\\/#organizationLogo\"}},{\"@type\":\"Person\",\"@id\":\"https:\\\/\\\/anoticiaonline.com.br\\\/site\\\/author\\\/juliana\\\/#author\",\"url\":\"https:\\\/\\\/anoticiaonline.com.br\\\/site\\\/author\\\/juliana\\\/\",\"name\":\"Juliana Laviola\",\"image\":{\"@type\":\"ImageObject\",\"@id\":\"https:\\\/\\\/anoticiaonline.com.br\\\/site\\\/nova-mudanca-no-legislativo-helena-carvalho-voltara-a-camara-em-2017\\\/#authorImage\",\"url\":\"https:\\\/\\\/secure.gravatar.com\\\/avatar\\\/b8d45f5c699b100dfaf0e543582f38f38bf94cb7ae3a5e9abf8d891a34773335?s=96&d=mm&r=g\",\"width\":96,\"height\":96,\"caption\":\"Juliana Laviola\"}},{\"@type\":\"WebPage\",\"@id\":\"https:\\\/\\\/anoticiaonline.com.br\\\/site\\\/nova-mudanca-no-legislativo-helena-carvalho-voltara-a-camara-em-2017\\\/#webpage\",\"url\":\"https:\\\/\\\/anoticiaonline.com.br\\\/site\\\/nova-mudanca-no-legislativo-helena-carvalho-voltara-a-camara-em-2017\\\/\",\"name\":\"Mais uma mudan\\u00e7a no Legislativo: Helena Carvalho voltar\\u00e1 \\u00e0 C\\u00e2mara em 2017 - A Not\\u00edcia Online\",\"description\":\"A forma\\u00e7\\u00e3o da C\\u00e2mara de Vereadores sofreu mais uma mudan\\u00e7a para 2017. A vereadora Helena Carvalho (PMDB), atual presidente do Legislativo municipal, que n\\u00e3o conseguiu se reeleger com seus 973 votos, ficando como primeira suplente do partido, continuar\\u00e1 a ocupar o cargo no pr\\u00f3ximo ano. \\u00c9 que o vereador Manoel Carvalho, reeleito com 1.091 votos,\",\"inLanguage\":\"pt-BR\",\"isPartOf\":{\"@id\":\"https:\\\/\\\/anoticiaonline.com.br\\\/site\\\/#website\"},\"breadcrumb\":{\"@id\":\"https:\\\/\\\/anoticiaonline.com.br\\\/site\\\/nova-mudanca-no-legislativo-helena-carvalho-voltara-a-camara-em-2017\\\/#breadcrumblist\"},\"author\":{\"@id\":\"https:\\\/\\\/anoticiaonline.com.br\\\/site\\\/author\\\/juliana\\\/#author\"},\"creator\":{\"@id\":\"https:\\\/\\\/anoticiaonline.com.br\\\/site\\\/author\\\/juliana\\\/#author\"},\"image\":{\"@type\":\"ImageObject\",\"url\":\"https:\\\/\\\/anoticiaonline.com.br\\\/site\\\/wp-content\\\/uploads\\\/2016\\\/11\\\/LUD_7892.jpg\",\"@id\":\"https:\\\/\\\/anoticiaonline.com.br\\\/site\\\/nova-mudanca-no-legislativo-helena-carvalho-voltara-a-camara-em-2017\\\/#mainImage\",\"width\":586,\"height\":640,\"caption\":\"Vereadora Helena Carvalho (Foto: Arquivo C\\u00e2mara de Vereadores)\"},\"primaryImageOfPage\":{\"@id\":\"https:\\\/\\\/anoticiaonline.com.br\\\/site\\\/nova-mudanca-no-legislativo-helena-carvalho-voltara-a-camara-em-2017\\\/#mainImage\"},\"datePublished\":\"2016-11-08T16:24:59-03:00\",\"dateModified\":\"2016-11-08T16:34:34-03:00\"},{\"@type\":\"WebSite\",\"@id\":\"https:\\\/\\\/anoticiaonline.com.br\\\/site\\\/#website\",\"url\":\"https:\\\/\\\/anoticiaonline.com.br\\\/site\\\/\",\"name\":\"A Not\\u00edcia Online\",\"description\":\"Noticias de Muria\\u00e9 e regi\\u00e3o\",\"inLanguage\":\"pt-BR\",\"publisher\":{\"@id\":\"https:\\\/\\\/anoticiaonline.com.br\\\/site\\\/#organization\"}}]}\n\t\t<\/script>\n\t\t<!-- All in One SEO -->\n\n","aioseo_head_json":{"title":"Mais uma mudan\u00e7a no Legislativo: Helena Carvalho voltar\u00e1 \u00e0 C\u00e2mara em 2017 - A Not\u00edcia Online","description":"A forma\u00e7\u00e3o da C\u00e2mara de Vereadores sofreu mais uma mudan\u00e7a para 2017. A vereadora Helena Carvalho (PMDB), atual presidente do Legislativo municipal, que n\u00e3o conseguiu se reeleger com seus 973 votos, ficando como primeira suplente do partido, continuar\u00e1 a ocupar o cargo no pr\u00f3ximo ano. \u00c9 que o vereador Manoel Carvalho, reeleito com 1.091 votos,","canonical_url":"https:\/\/anoticiaonline.com.br\/site\/nova-mudanca-no-legislativo-helena-carvalho-voltara-a-camara-em-2017\/","robots":"max-image-preview:large","keywords":"","webmasterTools":{"miscellaneous":""},"schema":{"@context":"https:\/\/schema.org","@graph":[{"@type":"BlogPosting","@id":"https:\/\/anoticiaonline.com.br\/site\/nova-mudanca-no-legislativo-helena-carvalho-voltara-a-camara-em-2017\/#blogposting","name":"Mais uma mudan\u00e7a no Legislativo: Helena Carvalho voltar\u00e1 \u00e0 C\u00e2mara em 2017 - A Not\u00edcia Online","headline":"Mais uma mudan\u00e7a no Legislativo: Helena Carvalho voltar\u00e1 \u00e0 C\u00e2mara em 2017","author":{"@id":"https:\/\/anoticiaonline.com.br\/site\/author\/juliana\/#author"},"publisher":{"@id":"https:\/\/anoticiaonline.com.br\/site\/#organization"},"image":{"@type":"ImageObject","url":"https:\/\/anoticiaonline.com.br\/site\/wp-content\/uploads\/2016\/11\/LUD_7892.jpg","width":586,"height":640,"caption":"Vereadora Helena Carvalho (Foto: Arquivo C\u00e2mara de Vereadores)"},"datePublished":"2016-11-08T16:24:59-03:00","dateModified":"2016-11-08T16:34:34-03:00","inLanguage":"pt-BR","mainEntityOfPage":{"@id":"https:\/\/anoticiaonline.com.br\/site\/nova-mudanca-no-legislativo-helena-carvalho-voltara-a-camara-em-2017\/#webpage"},"isPartOf":{"@id":"https:\/\/anoticiaonline.com.br\/site\/nova-mudanca-no-legislativo-helena-carvalho-voltara-a-camara-em-2017\/#webpage"},"articleSection":"Blog, slide"},{"@type":"BreadcrumbList","@id":"https:\/\/anoticiaonline.com.br\/site\/nova-mudanca-no-legislativo-helena-carvalho-voltara-a-camara-em-2017\/#breadcrumblist","itemListElement":[{"@type":"ListItem","@id":"https:\/\/anoticiaonline.com.br\/site#listItem","position":1,"name":"Home","item":"https:\/\/anoticiaonline.com.br\/site","nextItem":{"@type":"ListItem","@id":"https:\/\/anoticiaonline.com.br\/site\/categoria\/muriae\/#listItem","name":"Blog"}},{"@type":"ListItem","@id":"https:\/\/anoticiaonline.com.br\/site\/categoria\/muriae\/#listItem","position":2,"name":"Blog","item":"https:\/\/anoticiaonline.com.br\/site\/categoria\/muriae\/","nextItem":{"@type":"ListItem","@id":"https:\/\/anoticiaonline.com.br\/site\/nova-mudanca-no-legislativo-helena-carvalho-voltara-a-camara-em-2017\/#listItem","name":"Mais uma mudan\u00e7a no Legislativo: Helena Carvalho voltar\u00e1 \u00e0 C\u00e2mara em 2017"},"previousItem":{"@type":"ListItem","@id":"https:\/\/anoticiaonline.com.br\/site#listItem","name":"Home"}},{"@type":"ListItem","@id":"https:\/\/anoticiaonline.com.br\/site\/nova-mudanca-no-legislativo-helena-carvalho-voltara-a-camara-em-2017\/#listItem","position":3,"name":"Mais uma mudan\u00e7a no Legislativo: Helena Carvalho voltar\u00e1 \u00e0 C\u00e2mara em 2017","previousItem":{"@type":"ListItem","@id":"https:\/\/anoticiaonline.com.br\/site\/categoria\/muriae\/#listItem","name":"Blog"}}]},{"@type":"Organization","@id":"https:\/\/anoticiaonline.com.br\/site\/#organization","name":"A Not\u00edcia Online","description":"Noticias de Muria\u00e9 e regi\u00e3o","url":"https:\/\/anoticiaonline.com.br\/site\/","logo":{"@type":"ImageObject","url":"https:\/\/scontent-gig4-1.xx.fbcdn.net\/v\/t39.30808-1\/270437624_4564083193639691_6907940295614233970_n.jpg?stp=dst-jpg_s200x200_tt6&_nc_cat=111&ccb=1-7&_nc_sid=f907e8&_nc_ohc=SM1wRlP3lJwQ7kNvwEPuBYA&_nc_oc=AdnqrjDN_BNjSSHWO-GbkIWH6fkGMLw4bqvL_NH6e2wMveX7G-rP2dAqsDSq1mJMOaY&_nc_zt=24&_nc_ht=scontent-gig4-1.xx&_nc_gid=AoBFJeGrT1hVaew_6rchkQ&oh=00_AfX7QmFGhQhG2jAllVgXCiM1ZrWgvtp80-Bfppyexh1QEg&oe=689E923C","@id":"https:\/\/anoticiaonline.com.br\/site\/nova-mudanca-no-legislativo-helena-carvalho-voltara-a-camara-em-2017\/#organizationLogo"},"image":{"@id":"https:\/\/anoticiaonline.com.br\/site\/nova-mudanca-no-legislativo-helena-carvalho-voltara-a-camara-em-2017\/#organizationLogo"}},{"@type":"Person","@id":"https:\/\/anoticiaonline.com.br\/site\/author\/juliana\/#author","url":"https:\/\/anoticiaonline.com.br\/site\/author\/juliana\/","name":"Juliana Laviola","image":{"@type":"ImageObject","@id":"https:\/\/anoticiaonline.com.br\/site\/nova-mudanca-no-legislativo-helena-carvalho-voltara-a-camara-em-2017\/#authorImage","url":"https:\/\/secure.gravatar.com\/avatar\/b8d45f5c699b100dfaf0e543582f38f38bf94cb7ae3a5e9abf8d891a34773335?s=96&d=mm&r=g","width":96,"height":96,"caption":"Juliana Laviola"}},{"@type":"WebPage","@id":"https:\/\/anoticiaonline.com.br\/site\/nova-mudanca-no-legislativo-helena-carvalho-voltara-a-camara-em-2017\/#webpage","url":"https:\/\/anoticiaonline.com.br\/site\/nova-mudanca-no-legislativo-helena-carvalho-voltara-a-camara-em-2017\/","name":"Mais uma mudan\u00e7a no Legislativo: Helena Carvalho voltar\u00e1 \u00e0 C\u00e2mara em 2017 - A Not\u00edcia Online","description":"A forma\u00e7\u00e3o da C\u00e2mara de Vereadores sofreu mais uma mudan\u00e7a para 2017. A vereadora Helena Carvalho (PMDB), atual presidente do Legislativo municipal, que n\u00e3o conseguiu se reeleger com seus 973 votos, ficando como primeira suplente do partido, continuar\u00e1 a ocupar o cargo no pr\u00f3ximo ano. \u00c9 que o vereador Manoel Carvalho, reeleito com 1.091 votos,","inLanguage":"pt-BR","isPartOf":{"@id":"https:\/\/anoticiaonline.com.br\/site\/#website"},"breadcrumb":{"@id":"https:\/\/anoticiaonline.com.br\/site\/nova-mudanca-no-legislativo-helena-carvalho-voltara-a-camara-em-2017\/#breadcrumblist"},"author":{"@id":"https:\/\/anoticiaonline.com.br\/site\/author\/juliana\/#author"},"creator":{"@id":"https:\/\/anoticiaonline.com.br\/site\/author\/juliana\/#author"},"image":{"@type":"ImageObject","url":"https:\/\/anoticiaonline.com.br\/site\/wp-content\/uploads\/2016\/11\/LUD_7892.jpg","@id":"https:\/\/anoticiaonline.com.br\/site\/nova-mudanca-no-legislativo-helena-carvalho-voltara-a-camara-em-2017\/#mainImage","width":586,"height":640,"caption":"Vereadora Helena Carvalho (Foto: Arquivo C\u00e2mara de Vereadores)"},"primaryImageOfPage":{"@id":"https:\/\/anoticiaonline.com.br\/site\/nova-mudanca-no-legislativo-helena-carvalho-voltara-a-camara-em-2017\/#mainImage"},"datePublished":"2016-11-08T16:24:59-03:00","dateModified":"2016-11-08T16:34:34-03:00"},{"@type":"WebSite","@id":"https:\/\/anoticiaonline.com.br\/site\/#website","url":"https:\/\/anoticiaonline.com.br\/site\/","name":"A Not\u00edcia Online","description":"Noticias de Muria\u00e9 e regi\u00e3o","inLanguage":"pt-BR","publisher":{"@id":"https:\/\/anoticiaonline.com.br\/site\/#organization"}}]},"og:locale":"pt_BR","og:site_name":"A Not\u00edcia Online - Noticias de Muria\u00e9 e regi\u00e3o","og:type":"article","og:title":"Mais uma mudan\u00e7a no Legislativo: Helena Carvalho voltar\u00e1 \u00e0 C\u00e2mara em 2017 - A Not\u00edcia Online","og:description":"A forma\u00e7\u00e3o da C\u00e2mara de Vereadores sofreu mais uma mudan\u00e7a para 2017. A vereadora Helena Carvalho (PMDB), atual presidente do Legislativo municipal, que n\u00e3o conseguiu se reeleger com seus 973 votos, ficando como primeira suplente do partido, continuar\u00e1 a ocupar o cargo no pr\u00f3ximo ano. \u00c9 que o vereador Manoel Carvalho, reeleito com 1.091 votos,","og:url":"https:\/\/anoticiaonline.com.br\/site\/nova-mudanca-no-legislativo-helena-carvalho-voltara-a-camara-em-2017\/","og:image":"https:\/\/scontent-gig4-1.xx.fbcdn.net\/v\/t39.30808-1\/270437624_4564083193639691_6907940295614233970_n.jpg?stp=dst-jpg_s200x200_tt6&#038;_nc_cat=111&#038;ccb=1-7&#038;_nc_sid=f907e8&#038;_nc_ohc=SM1wRlP3lJwQ7kNvwEPuBYA&#038;_nc_oc=AdnqrjDN_BNjSSHWO-GbkIWH6fkGMLw4bqvL_NH6e2wMveX7G-rP2dAqsDSq1mJMOaY&#038;_nc_zt=24&#038;_nc_ht=scontent-gig4-1.xx&#038;_nc_gid=AoBFJeGrT1hVaew_6rchkQ&#038;oh=00_AfX7QmFGhQhG2jAllVgXCiM1ZrWgvtp80-Bfppyexh1QEg&#038;oe=689E923C","og:image:secure_url":"https:\/\/scontent-gig4-1.xx.fbcdn.net\/v\/t39.30808-1\/270437624_4564083193639691_6907940295614233970_n.jpg?stp=dst-jpg_s200x200_tt6&#038;_nc_cat=111&#038;ccb=1-7&#038;_nc_sid=f907e8&#038;_nc_ohc=SM1wRlP3lJwQ7kNvwEPuBYA&#038;_nc_oc=AdnqrjDN_BNjSSHWO-GbkIWH6fkGMLw4bqvL_NH6e2wMveX7G-rP2dAqsDSq1mJMOaY&#038;_nc_zt=24&#038;_nc_ht=scontent-gig4-1.xx&#038;_nc_gid=AoBFJeGrT1hVaew_6rchkQ&#038;oh=00_AfX7QmFGhQhG2jAllVgXCiM1ZrWgvtp80-Bfppyexh1QEg&#038;oe=689E923C","article:published_time":"2016-11-08T19:24:59+00:00","article:modified_time":"2016-11-08T19:34:34+00:00","twitter:card":"summary_large_image","twitter:title":"Mais uma mudan\u00e7a no Legislativo: Helena Carvalho voltar\u00e1 \u00e0 C\u00e2mara em 2017 - A Not\u00edcia Online","twitter:description":"A forma\u00e7\u00e3o da C\u00e2mara de Vereadores sofreu mais uma mudan\u00e7a para 2017. A vereadora Helena Carvalho (PMDB), atual presidente do Legislativo municipal, que n\u00e3o conseguiu se reeleger com seus 973 votos, ficando como primeira suplente do partido, continuar\u00e1 a ocupar o cargo no pr\u00f3ximo ano. \u00c9 que o vereador Manoel Carvalho, reeleito com 1.091 votos,","twitter:image":"https:\/\/scontent-gig4-1.xx.fbcdn.net\/v\/t39.30808-1\/270437624_4564083193639691_6907940295614233970_n.jpg?stp=dst-jpg_s200x200_tt6&_nc_cat=111&ccb=1-7&_nc_sid=f907e8&_nc_ohc=SM1wRlP3lJwQ7kNvwEPuBYA&_nc_oc=AdnqrjDN_BNjSSHWO-GbkIWH6fkGMLw4bqvL_NH6e2wMveX7G-rP2dAqsDSq1mJMOaY&_nc_zt=24&_nc_ht=scontent-gig4-1.xx&_nc_gid=AoBFJeGrT1hVaew_6rchkQ&oh=00_AfX7QmFGhQhG2jAllVgXCiM1ZrWgvtp80-Bfppyexh1QEg&oe=689E923C"},"aioseo_meta_data":{"post_id":"21465","title":null,"description":null,"keywords":null,"keyphrases":null,"primary_term":null,"canonical_url":null,"og_title":null,"og_description":null,"og_object_type":"default","og_image_type":"default","og_image_url":null,"og_image_width":null,"og_image_height":null,"og_image_custom_url":null,"og_image_custom_fields":null,"og_video":null,"og_custom_url":null,"og_article_section":null,"og_article_tags":null,"twitter_use_og":false,"twitter_card":"default","twitter_image_type":"default","twitter_image_url":null,"twitter_image_custom_url":null,"twitter_image_custom_fields":null,"twitter_title":null,"twitter_description":null,"schema":{"blockGraphs":[],"customGraphs":[],"default":{"data":{"Article":[],"Course":[],"Dataset":[],"FAQPage":[],"Movie":[],"Person":[],"Product":[],"ProductReview":[],"Car":[],"Recipe":[],"Service":[],"SoftwareApplication":[],"WebPage":[]},"graphName":"","isEnabled":true},"graphs":[]},"schema_type":"default","schema_type_options":null,"pillar_content":false,"robots_default":true,"robots_noindex":false,"robots_noarchive":false,"robots_nosnippet":false,"robots_nofollow":false,"robots_noimageindex":false,"robots_noodp":false,"robots_notranslate":false,"robots_max_snippet":null,"robots_max_videopreview":null,"robots_max_imagepreview":"large","priority":null,"frequency":null,"local_seo":null,"breadcrumb_settings":null,"limit_modified_date":false,"ai":null,"created":"2025-08-16 17:09:34","updated":"2025-08-16 17:09:34","focus_keyword":null,"additional_keywords":null,"truseo_locale":null,"seo_analyzer_scan_date":null},"aioseo_breadcrumb":"<div class=\"aioseo-breadcrumbs\"><span class=\"aioseo-breadcrumb\">\n\t\t\t<a href=\"https:\/\/anoticiaonline.com.br\/site\" title=\"Home\">Home<\/a>\n\t\t<\/span><span class=\"aioseo-breadcrumb-separator\">&raquo;<\/span><span class=\"aioseo-breadcrumb\">\n\t\t\t<a href=\"https:\/\/anoticiaonline.com.br\/site\/categoria\/muriae\/\" title=\"Blog\">Blog<\/a>\n\t\t<\/span><span class=\"aioseo-breadcrumb-separator\">&raquo;<\/span><span class=\"aioseo-breadcrumb\">\n\t\t\tMais uma mudan\u00e7a no Legislativo: Helena Carvalho voltar\u00e1 \u00e0 C\u00e2mara em 2017\n\t\t<\/span><\/div>","aioseo_breadcrumb_json":[{"label":"Home","link":"https:\/\/anoticiaonline.com.br\/site"},{"label":"Blog","link":"https:\/\/anoticiaonline.com.br\/site\/categoria\/muriae\/"},{"label":"Mais uma mudan\u00e7a no Legislativo: Helena Carvalho voltar\u00e1 \u00e0 C\u00e2mara em 2017","link":"https:\/\/anoticiaonline.com.br\/site\/nova-mudanca-no-legislativo-helena-carvalho-voltara-a-camara-em-2017\/"}],"views":136,"_links":{"self":[{"href":"https:\/\/anoticiaonline.com.br\/site\/wp-json\/wp\/v2\/posts\/21465","targetHints":{"allow":["GET"]}}],"collection":[{"href":"https:\/\/anoticiaonline.com.br\/site\/wp-json\/wp\/v2\/posts"}],"about":[{"href":"https:\/\/anoticiaonline.com.br\/site\/wp-json\/wp\/v2\/types\/post"}],"author":[{"embeddable":true,"href":"https:\/\/anoticiaonline.com.br\/site\/wp-json\/wp\/v2\/users\/2"}],"replies":[{"embeddable":true,"href":"https:\/\/anoticiaonline.com.br\/site\/wp-json\/wp\/v2\/comments?post=21465"}],"version-history":[{"count":0,"href":"https:\/\/anoticiaonline.com.br\/site\/wp-json\/wp\/v2\/posts\/21465\/revisions"}],"wp:featuredmedia":[{"embeddable":true,"href":"https:\/\/anoticiaonline.com.br\/site\/wp-json\/wp\/v2\/media\/21467"}],"wp:attachment":[{"href":"https:\/\/anoticiaonline.com.br\/site\/wp-json\/wp\/v2\/media?parent=21465"}],"wp:term":[{"taxonomy":"category","embeddable":true,"href":"https:\/\/anoticiaonline.com.br\/site\/wp-json\/wp\/v2\/categories?post=21465"},{"taxonomy":"post_tag","embeddable":true,"href":"https:\/\/anoticiaonline.com.br\/site\/wp-json\/wp\/v2\/tags?post=21465"}],"curies":[{"name":"wp","href":"https:\/\/api.w.org\/{rel}","templated":true}]}}