{"id":21303,"date":"2016-11-04T08:59:45","date_gmt":"2016-11-04T11:59:45","guid":{"rendered":"http:\/\/anoticiaonline.com.br\/site\/?p=21303"},"modified":"2016-11-04T08:59:45","modified_gmt":"2016-11-04T11:59:45","slug":"studio-car-esta-sob-nova-direcao","status":"publish","type":"post","link":"https:\/\/anoticiaonline.com.br\/site\/studio-car-esta-sob-nova-direcao\/","title":{"rendered":"Studio Car est\u00e1 sob nova dire\u00e7\u00e3o"},"content":{"rendered":"<figure id=\"attachment_21304\" aria-describedby=\"caption-attachment-21304\" style=\"width: 290px\" class=\"wp-caption alignleft\"><a href=\"https:\/\/anoticiaonline.com.br\/site\/wp-content\/uploads\/2016\/11\/Studio-Car.jpg\"><img fetchpriority=\"high\" decoding=\"async\" class=\"size-medium wp-image-21304\" src=\"https:\/\/anoticiaonline.com.br\/site\/wp-content\/uploads\/2016\/11\/Studio-Car-300x191.jpg\" alt=\"O propriet\u00e1rio da Studio Car, Glauco Sevidanes e o novo parceiro da empresa, Rony Polimentos\" width=\"300\" height=\"191\" srcset=\"https:\/\/anoticiaonline.com.br\/site\/wp-content\/uploads\/2016\/11\/Studio-Car-300x191.jpg 300w, https:\/\/anoticiaonline.com.br\/site\/wp-content\/uploads\/2016\/11\/Studio-Car.jpg 640w\" sizes=\"(max-width: 300px) 100vw, 300px\" \/><\/a><figcaption id=\"caption-attachment-21304\" class=\"wp-caption-text\">O propriet\u00e1rio da Studio Car, Glauco Sevidanes e o novo parceiro da empresa, Rony Polimentos<\/figcaption><\/figure>\n<p>A Studio Car, especialista em est\u00e9tica automotiva, est\u00e1 em um novo momento. Sob a dire\u00e7\u00e3o de Glauco Sevidanes, a empresa firmou uma parceria com o Rony Polimentos, para agregar ainda mais valor aos servi\u00e7os prestados.<\/p>\n<p>Localizada na Rua Get\u00falio Vargas, 227, Barra (antiga Ret\u00edfica Santos Carvalho), desde 2013 a Studio Car trabalha com o que h\u00e1 de melhor em embelezamento automotivo, com produtos e equipamentos de alta tecnologia para superar os resultados pretendidos pela equipe e clientes. Oferece servi\u00e7os completos de lavagem, revis\u00e3o de limpeza, hidrata\u00e7\u00e3o de bancos de couro, polimento, cristaliza\u00e7\u00e3o, verifica\u00e7\u00e3o de pintura, personaliza\u00e7\u00e3o de ve\u00edculos e motos e funilaria (desde atendimento a seguradora a pequenos retoques).<\/p>\n<p>O diferencial da Studio Car est\u00e1 na qualidade dos produtos e m\u00e3o de obra especializada, cuidando de cada autom\u00f3vel de forma personalizada. \u201cAo escolher a Studio Car, o cliente est\u00e1 entregando seu autom\u00f3vel ou motocicleta a uma empresa que nasceu para profissionalizar a \u00e1rea de lavagem e est\u00e9tica de ve\u00edculos\u201d, afirma Glauco Sevidanes.<\/p>\n<figure id=\"attachment_21305\" aria-describedby=\"caption-attachment-21305\" style=\"width: 290px\" class=\"wp-caption alignleft\"><a href=\"https:\/\/anoticiaonline.com.br\/site\/wp-content\/uploads\/2016\/11\/Studio-Car-2.jpg\"><img decoding=\"async\" class=\"size-medium wp-image-21305\" src=\"https:\/\/anoticiaonline.com.br\/site\/wp-content\/uploads\/2016\/11\/Studio-Car-2-300x208.jpg\" alt=\"A Studio Car est\u00e1 \u00e7ocalizada na Rua Get\u00falio Vargas, 227, Barra (antiga Ret\u00edfica Santos Carvalho)\" width=\"300\" height=\"208\" srcset=\"https:\/\/anoticiaonline.com.br\/site\/wp-content\/uploads\/2016\/11\/Studio-Car-2-300x208.jpg 300w, https:\/\/anoticiaonline.com.br\/site\/wp-content\/uploads\/2016\/11\/Studio-Car-2.jpg 640w\" sizes=\"(max-width: 300px) 100vw, 300px\" \/><\/a><figcaption id=\"caption-attachment-21305\" class=\"wp-caption-text\">A Studio Car est\u00e1 localizada na Rua Get\u00falio Vargas, 227, Barra (antiga Ret\u00edfica Santos Carvalho)<\/figcaption><\/figure>\n<p>Os interessados em conhecer os servi\u00e7os e fazer um or\u00e7amento podem ir \u00e0 Studio Car, que tem uma equipe especializada para atender os clientes. O agendamento pode ser feito pelo telefone (32) 3722-7250. Caso o cliente n\u00e3o tenha a disponibilidade de ir \u00e0 empresa, a equipe vai at\u00e9 a sua resid\u00eancia ou trabalho, assim como presta assist\u00eancia de busca e entrega do ve\u00edculo. \u201cA inten\u00e7\u00e3o \u00e9 oferecer ao cliente a excel\u00eancia na qualidade, garantindo o servi\u00e7o no prazo combinado, a um pre\u00e7o justo\u201d, destaca o empres\u00e1rio.<\/p>\n<p>E tem mais novidades vindo por a\u00ed. A Studio Car est\u00e1 firmando v\u00e1rias parcerias no intuito de melhorar, ainda mais o atendimento ao cliente.<\/p>\n<p>A Studio Car funciona de segunda-feira a sexta-feira, em hor\u00e1rio comercial, e aos s\u00e1bados, de 8h ao meio-dia.<\/p>\n","protected":false},"excerpt":{"rendered":"<p>A Studio Car, especialista em est\u00e9tica automotiva, est\u00e1 em um novo momento. Sob a dire\u00e7\u00e3o de Glauco Sevidanes, a empresa firmou uma parceria com o Rony Polimentos, para agregar ainda mais valor aos servi\u00e7os prestados. Localizada na Rua Get\u00falio Vargas, 227, Barra (antiga Ret\u00edfica Santos Carvalho), desde 2013 a Studio Car trabalha com o que &#8230; <a title=\"Studio Car est\u00e1 sob nova dire\u00e7\u00e3o\" class=\"read-more\" href=\"https:\/\/anoticiaonline.com.br\/site\/studio-car-esta-sob-nova-direcao\/\" aria-label=\"Read more about Studio Car est\u00e1 sob nova dire\u00e7\u00e3o\">Ler mais<\/a><\/p>\n","protected":false},"author":2,"featured_media":21304,"comment_status":"open","ping_status":"open","sticky":false,"template":"","format":"standard","meta":{"_acf_changed":false,"_monsterinsights_skip_tracking":false,"footnotes":""},"categories":[24],"tags":[3],"class_list":["post-21303","post","type-post","status-publish","format-standard","has-post-thumbnail","hentry","category-eventos","tag-slide"],"acf":[],"aioseo_notices":[],"aioseo_head":"\n\t\t<!-- All in One SEO 5.0.0.1 - aioseo.com -->\n\t<meta name=\"description\" content=\"A Studio Car, especialista em est\u00e9tica automotiva, est\u00e1 em um novo momento. Sob a dire\u00e7\u00e3o de Glauco Sevidanes, a empresa firmou uma parceria com o Rony Polimentos, para agregar ainda mais valor aos servi\u00e7os prestados. Localizada na Rua Get\u00falio Vargas, 227, Barra (antiga Ret\u00edfica Santos Carvalho), desde 2013 a Studio Car trabalha com o que\" \/>\n\t<meta name=\"robots\" content=\"max-image-preview:large\" \/>\n\t<meta name=\"author\" content=\"Juliana Laviola\"\/>\n\t<link rel=\"canonical\" href=\"https:\/\/anoticiaonline.com.br\/site\/studio-car-esta-sob-nova-direcao\/\" \/>\n\t<meta name=\"generator\" content=\"All in One SEO (AIOSEO) 5.0.0.1\" \/>\n\t\t<meta property=\"og:locale\" content=\"pt_BR\" \/>\n\t\t<meta property=\"og:site_name\" content=\"A Not\u00edcia Online - Noticias de Muria\u00e9 e regi\u00e3o\" \/>\n\t\t<meta property=\"og:type\" content=\"article\" \/>\n\t\t<meta property=\"og:title\" content=\"Studio Car est\u00e1 sob nova dire\u00e7\u00e3o - A Not\u00edcia Online\" \/>\n\t\t<meta property=\"og:description\" content=\"A Studio Car, especialista em est\u00e9tica automotiva, est\u00e1 em um novo momento. Sob a dire\u00e7\u00e3o de Glauco Sevidanes, a empresa firmou uma parceria com o Rony Polimentos, para agregar ainda mais valor aos servi\u00e7os prestados. Localizada na Rua Get\u00falio Vargas, 227, Barra (antiga Ret\u00edfica Santos Carvalho), desde 2013 a Studio Car trabalha com o que\" \/>\n\t\t<meta property=\"og:url\" content=\"https:\/\/anoticiaonline.com.br\/site\/studio-car-esta-sob-nova-direcao\/\" \/>\n\t\t<meta property=\"og:image\" content=\"https:\/\/scontent-gig4-1.xx.fbcdn.net\/v\/t39.30808-1\/270437624_4564083193639691_6907940295614233970_n.jpg?stp=dst-jpg_s200x200_tt6&#038;_nc_cat=111&#038;ccb=1-7&#038;_nc_sid=f907e8&#038;_nc_ohc=SM1wRlP3lJwQ7kNvwEPuBYA&#038;_nc_oc=AdnqrjDN_BNjSSHWO-GbkIWH6fkGMLw4bqvL_NH6e2wMveX7G-rP2dAqsDSq1mJMOaY&#038;_nc_zt=24&#038;_nc_ht=scontent-gig4-1.xx&#038;_nc_gid=AoBFJeGrT1hVaew_6rchkQ&#038;oh=00_AfX7QmFGhQhG2jAllVgXCiM1ZrWgvtp80-Bfppyexh1QEg&#038;oe=689E923C\" \/>\n\t\t<meta property=\"og:image:secure_url\" content=\"https:\/\/scontent-gig4-1.xx.fbcdn.net\/v\/t39.30808-1\/270437624_4564083193639691_6907940295614233970_n.jpg?stp=dst-jpg_s200x200_tt6&#038;_nc_cat=111&#038;ccb=1-7&#038;_nc_sid=f907e8&#038;_nc_ohc=SM1wRlP3lJwQ7kNvwEPuBYA&#038;_nc_oc=AdnqrjDN_BNjSSHWO-GbkIWH6fkGMLw4bqvL_NH6e2wMveX7G-rP2dAqsDSq1mJMOaY&#038;_nc_zt=24&#038;_nc_ht=scontent-gig4-1.xx&#038;_nc_gid=AoBFJeGrT1hVaew_6rchkQ&#038;oh=00_AfX7QmFGhQhG2jAllVgXCiM1ZrWgvtp80-Bfppyexh1QEg&#038;oe=689E923C\" \/>\n\t\t<meta property=\"article:published_time\" content=\"2016-11-04T11:59:45+00:00\" \/>\n\t\t<meta property=\"article:modified_time\" content=\"2016-11-04T11:59:45+00:00\" \/>\n\t\t<meta name=\"twitter:card\" content=\"summary_large_image\" \/>\n\t\t<meta name=\"twitter:title\" content=\"Studio Car est\u00e1 sob nova dire\u00e7\u00e3o - A Not\u00edcia Online\" \/>\n\t\t<meta name=\"twitter:description\" content=\"A Studio Car, especialista em est\u00e9tica automotiva, est\u00e1 em um novo momento. Sob a dire\u00e7\u00e3o de Glauco Sevidanes, a empresa firmou uma parceria com o Rony Polimentos, para agregar ainda mais valor aos servi\u00e7os prestados. Localizada na Rua Get\u00falio Vargas, 227, Barra (antiga Ret\u00edfica Santos Carvalho), desde 2013 a Studio Car trabalha com o que\" \/>\n\t\t<meta name=\"twitter:image\" content=\"https:\/\/scontent-gig4-1.xx.fbcdn.net\/v\/t39.30808-1\/270437624_4564083193639691_6907940295614233970_n.jpg?stp=dst-jpg_s200x200_tt6&amp;_nc_cat=111&amp;ccb=1-7&amp;_nc_sid=f907e8&amp;_nc_ohc=SM1wRlP3lJwQ7kNvwEPuBYA&amp;_nc_oc=AdnqrjDN_BNjSSHWO-GbkIWH6fkGMLw4bqvL_NH6e2wMveX7G-rP2dAqsDSq1mJMOaY&amp;_nc_zt=24&amp;_nc_ht=scontent-gig4-1.xx&amp;_nc_gid=AoBFJeGrT1hVaew_6rchkQ&amp;oh=00_AfX7QmFGhQhG2jAllVgXCiM1ZrWgvtp80-Bfppyexh1QEg&amp;oe=689E923C\" \/>\n\t\t<script type=\"application\/ld+json\" class=\"aioseo-schema\">\n\t\t\t{\"@context\":\"https:\\\/\\\/schema.org\",\"@graph\":[{\"@type\":\"BlogPosting\",\"@id\":\"https:\\\/\\\/anoticiaonline.com.br\\\/site\\\/studio-car-esta-sob-nova-direcao\\\/#blogposting\",\"name\":\"Studio Car est\\u00e1 sob nova dire\\u00e7\\u00e3o - A Not\\u00edcia Online\",\"headline\":\"Studio Car est\\u00e1 sob nova dire\\u00e7\\u00e3o\",\"author\":{\"@id\":\"https:\\\/\\\/anoticiaonline.com.br\\\/site\\\/author\\\/juliana\\\/#author\"},\"publisher\":{\"@id\":\"https:\\\/\\\/anoticiaonline.com.br\\\/site\\\/#organization\"},\"image\":{\"@type\":\"ImageObject\",\"url\":\"https:\\\/\\\/anoticiaonline.com.br\\\/site\\\/wp-content\\\/uploads\\\/2016\\\/11\\\/Studio-Car.jpg\",\"width\":640,\"height\":407,\"caption\":\"O propriet\\u00e1rio da Studio Car, Glauco Sevidanes e o novo parceiro da empresa, Rony Polimentos\"},\"datePublished\":\"2016-11-04T08:59:45-03:00\",\"dateModified\":\"2016-11-04T08:59:45-03:00\",\"inLanguage\":\"pt-BR\",\"mainEntityOfPage\":{\"@id\":\"https:\\\/\\\/anoticiaonline.com.br\\\/site\\\/studio-car-esta-sob-nova-direcao\\\/#webpage\"},\"isPartOf\":{\"@id\":\"https:\\\/\\\/anoticiaonline.com.br\\\/site\\\/studio-car-esta-sob-nova-direcao\\\/#webpage\"},\"articleSection\":\"Eventos, slide\"},{\"@type\":\"BreadcrumbList\",\"@id\":\"https:\\\/\\\/anoticiaonline.com.br\\\/site\\\/studio-car-esta-sob-nova-direcao\\\/#breadcrumblist\",\"itemListElement\":[{\"@type\":\"ListItem\",\"@id\":\"https:\\\/\\\/anoticiaonline.com.br\\\/site#listItem\",\"position\":1,\"name\":\"Home\",\"item\":\"https:\\\/\\\/anoticiaonline.com.br\\\/site\",\"nextItem\":{\"@type\":\"ListItem\",\"@id\":\"https:\\\/\\\/anoticiaonline.com.br\\\/site\\\/categoria\\\/eventos\\\/#listItem\",\"name\":\"Eventos\"}},{\"@type\":\"ListItem\",\"@id\":\"https:\\\/\\\/anoticiaonline.com.br\\\/site\\\/categoria\\\/eventos\\\/#listItem\",\"position\":2,\"name\":\"Eventos\",\"item\":\"https:\\\/\\\/anoticiaonline.com.br\\\/site\\\/categoria\\\/eventos\\\/\",\"nextItem\":{\"@type\":\"ListItem\",\"@id\":\"https:\\\/\\\/anoticiaonline.com.br\\\/site\\\/studio-car-esta-sob-nova-direcao\\\/#listItem\",\"name\":\"Studio Car est\\u00e1 sob nova dire\\u00e7\\u00e3o\"},\"previousItem\":{\"@type\":\"ListItem\",\"@id\":\"https:\\\/\\\/anoticiaonline.com.br\\\/site#listItem\",\"name\":\"Home\"}},{\"@type\":\"ListItem\",\"@id\":\"https:\\\/\\\/anoticiaonline.com.br\\\/site\\\/studio-car-esta-sob-nova-direcao\\\/#listItem\",\"position\":3,\"name\":\"Studio Car est\\u00e1 sob nova dire\\u00e7\\u00e3o\",\"previousItem\":{\"@type\":\"ListItem\",\"@id\":\"https:\\\/\\\/anoticiaonline.com.br\\\/site\\\/categoria\\\/eventos\\\/#listItem\",\"name\":\"Eventos\"}}]},{\"@type\":\"Organization\",\"@id\":\"https:\\\/\\\/anoticiaonline.com.br\\\/site\\\/#organization\",\"name\":\"A Not\\u00edcia Online\",\"description\":\"Noticias de Muria\\u00e9 e regi\\u00e3o\",\"url\":\"https:\\\/\\\/anoticiaonline.com.br\\\/site\\\/\",\"logo\":{\"@type\":\"ImageObject\",\"url\":\"https:\\\/\\\/scontent-gig4-1.xx.fbcdn.net\\\/v\\\/t39.30808-1\\\/270437624_4564083193639691_6907940295614233970_n.jpg?stp=dst-jpg_s200x200_tt6&_nc_cat=111&ccb=1-7&_nc_sid=f907e8&_nc_ohc=SM1wRlP3lJwQ7kNvwEPuBYA&_nc_oc=AdnqrjDN_BNjSSHWO-GbkIWH6fkGMLw4bqvL_NH6e2wMveX7G-rP2dAqsDSq1mJMOaY&_nc_zt=24&_nc_ht=scontent-gig4-1.xx&_nc_gid=AoBFJeGrT1hVaew_6rchkQ&oh=00_AfX7QmFGhQhG2jAllVgXCiM1ZrWgvtp80-Bfppyexh1QEg&oe=689E923C\",\"@id\":\"https:\\\/\\\/anoticiaonline.com.br\\\/site\\\/studio-car-esta-sob-nova-direcao\\\/#organizationLogo\"},\"image\":{\"@id\":\"https:\\\/\\\/anoticiaonline.com.br\\\/site\\\/studio-car-esta-sob-nova-direcao\\\/#organizationLogo\"}},{\"@type\":\"Person\",\"@id\":\"https:\\\/\\\/anoticiaonline.com.br\\\/site\\\/author\\\/juliana\\\/#author\",\"url\":\"https:\\\/\\\/anoticiaonline.com.br\\\/site\\\/author\\\/juliana\\\/\",\"name\":\"Juliana Laviola\",\"image\":{\"@type\":\"ImageObject\",\"@id\":\"https:\\\/\\\/anoticiaonline.com.br\\\/site\\\/studio-car-esta-sob-nova-direcao\\\/#authorImage\",\"url\":\"https:\\\/\\\/secure.gravatar.com\\\/avatar\\\/b8d45f5c699b100dfaf0e543582f38f38bf94cb7ae3a5e9abf8d891a34773335?s=96&d=mm&r=g\",\"width\":96,\"height\":96,\"caption\":\"Juliana Laviola\"}},{\"@type\":\"WebPage\",\"@id\":\"https:\\\/\\\/anoticiaonline.com.br\\\/site\\\/studio-car-esta-sob-nova-direcao\\\/#webpage\",\"url\":\"https:\\\/\\\/anoticiaonline.com.br\\\/site\\\/studio-car-esta-sob-nova-direcao\\\/\",\"name\":\"Studio Car est\\u00e1 sob nova dire\\u00e7\\u00e3o - A Not\\u00edcia Online\",\"description\":\"A Studio Car, especialista em est\\u00e9tica automotiva, est\\u00e1 em um novo momento. Sob a dire\\u00e7\\u00e3o de Glauco Sevidanes, a empresa firmou uma parceria com o Rony Polimentos, para agregar ainda mais valor aos servi\\u00e7os prestados. Localizada na Rua Get\\u00falio Vargas, 227, Barra (antiga Ret\\u00edfica Santos Carvalho), desde 2013 a Studio Car trabalha com o que\",\"inLanguage\":\"pt-BR\",\"isPartOf\":{\"@id\":\"https:\\\/\\\/anoticiaonline.com.br\\\/site\\\/#website\"},\"breadcrumb\":{\"@id\":\"https:\\\/\\\/anoticiaonline.com.br\\\/site\\\/studio-car-esta-sob-nova-direcao\\\/#breadcrumblist\"},\"author\":{\"@id\":\"https:\\\/\\\/anoticiaonline.com.br\\\/site\\\/author\\\/juliana\\\/#author\"},\"creator\":{\"@id\":\"https:\\\/\\\/anoticiaonline.com.br\\\/site\\\/author\\\/juliana\\\/#author\"},\"image\":{\"@type\":\"ImageObject\",\"url\":\"https:\\\/\\\/anoticiaonline.com.br\\\/site\\\/wp-content\\\/uploads\\\/2016\\\/11\\\/Studio-Car.jpg\",\"@id\":\"https:\\\/\\\/anoticiaonline.com.br\\\/site\\\/studio-car-esta-sob-nova-direcao\\\/#mainImage\",\"width\":640,\"height\":407,\"caption\":\"O propriet\\u00e1rio da Studio Car, Glauco Sevidanes e o novo parceiro da empresa, Rony Polimentos\"},\"primaryImageOfPage\":{\"@id\":\"https:\\\/\\\/anoticiaonline.com.br\\\/site\\\/studio-car-esta-sob-nova-direcao\\\/#mainImage\"},\"datePublished\":\"2016-11-04T08:59:45-03:00\",\"dateModified\":\"2016-11-04T08:59:45-03:00\"},{\"@type\":\"WebSite\",\"@id\":\"https:\\\/\\\/anoticiaonline.com.br\\\/site\\\/#website\",\"url\":\"https:\\\/\\\/anoticiaonline.com.br\\\/site\\\/\",\"name\":\"A Not\\u00edcia Online\",\"description\":\"Noticias de Muria\\u00e9 e regi\\u00e3o\",\"inLanguage\":\"pt-BR\",\"publisher\":{\"@id\":\"https:\\\/\\\/anoticiaonline.com.br\\\/site\\\/#organization\"}}]}\n\t\t<\/script>\n\t\t<!-- All in One SEO -->\n\n","aioseo_head_json":{"title":"Studio Car est\u00e1 sob nova dire\u00e7\u00e3o - A Not\u00edcia Online","description":"A Studio Car, especialista em est\u00e9tica automotiva, est\u00e1 em um novo momento. Sob a dire\u00e7\u00e3o de Glauco Sevidanes, a empresa firmou uma parceria com o Rony Polimentos, para agregar ainda mais valor aos servi\u00e7os prestados. Localizada na Rua Get\u00falio Vargas, 227, Barra (antiga Ret\u00edfica Santos Carvalho), desde 2013 a Studio Car trabalha com o que","canonical_url":"https:\/\/anoticiaonline.com.br\/site\/studio-car-esta-sob-nova-direcao\/","robots":"max-image-preview:large","keywords":"","webmasterTools":{"miscellaneous":""},"schema":{"@context":"https:\/\/schema.org","@graph":[{"@type":"BlogPosting","@id":"https:\/\/anoticiaonline.com.br\/site\/studio-car-esta-sob-nova-direcao\/#blogposting","name":"Studio Car est\u00e1 sob nova dire\u00e7\u00e3o - A Not\u00edcia Online","headline":"Studio Car est\u00e1 sob nova dire\u00e7\u00e3o","author":{"@id":"https:\/\/anoticiaonline.com.br\/site\/author\/juliana\/#author"},"publisher":{"@id":"https:\/\/anoticiaonline.com.br\/site\/#organization"},"image":{"@type":"ImageObject","url":"https:\/\/anoticiaonline.com.br\/site\/wp-content\/uploads\/2016\/11\/Studio-Car.jpg","width":640,"height":407,"caption":"O propriet\u00e1rio da Studio Car, Glauco Sevidanes e o novo parceiro da empresa, Rony Polimentos"},"datePublished":"2016-11-04T08:59:45-03:00","dateModified":"2016-11-04T08:59:45-03:00","inLanguage":"pt-BR","mainEntityOfPage":{"@id":"https:\/\/anoticiaonline.com.br\/site\/studio-car-esta-sob-nova-direcao\/#webpage"},"isPartOf":{"@id":"https:\/\/anoticiaonline.com.br\/site\/studio-car-esta-sob-nova-direcao\/#webpage"},"articleSection":"Eventos, slide"},{"@type":"BreadcrumbList","@id":"https:\/\/anoticiaonline.com.br\/site\/studio-car-esta-sob-nova-direcao\/#breadcrumblist","itemListElement":[{"@type":"ListItem","@id":"https:\/\/anoticiaonline.com.br\/site#listItem","position":1,"name":"Home","item":"https:\/\/anoticiaonline.com.br\/site","nextItem":{"@type":"ListItem","@id":"https:\/\/anoticiaonline.com.br\/site\/categoria\/eventos\/#listItem","name":"Eventos"}},{"@type":"ListItem","@id":"https:\/\/anoticiaonline.com.br\/site\/categoria\/eventos\/#listItem","position":2,"name":"Eventos","item":"https:\/\/anoticiaonline.com.br\/site\/categoria\/eventos\/","nextItem":{"@type":"ListItem","@id":"https:\/\/anoticiaonline.com.br\/site\/studio-car-esta-sob-nova-direcao\/#listItem","name":"Studio Car est\u00e1 sob nova dire\u00e7\u00e3o"},"previousItem":{"@type":"ListItem","@id":"https:\/\/anoticiaonline.com.br\/site#listItem","name":"Home"}},{"@type":"ListItem","@id":"https:\/\/anoticiaonline.com.br\/site\/studio-car-esta-sob-nova-direcao\/#listItem","position":3,"name":"Studio Car est\u00e1 sob nova dire\u00e7\u00e3o","previousItem":{"@type":"ListItem","@id":"https:\/\/anoticiaonline.com.br\/site\/categoria\/eventos\/#listItem","name":"Eventos"}}]},{"@type":"Organization","@id":"https:\/\/anoticiaonline.com.br\/site\/#organization","name":"A Not\u00edcia Online","description":"Noticias de Muria\u00e9 e regi\u00e3o","url":"https:\/\/anoticiaonline.com.br\/site\/","logo":{"@type":"ImageObject","url":"https:\/\/scontent-gig4-1.xx.fbcdn.net\/v\/t39.30808-1\/270437624_4564083193639691_6907940295614233970_n.jpg?stp=dst-jpg_s200x200_tt6&_nc_cat=111&ccb=1-7&_nc_sid=f907e8&_nc_ohc=SM1wRlP3lJwQ7kNvwEPuBYA&_nc_oc=AdnqrjDN_BNjSSHWO-GbkIWH6fkGMLw4bqvL_NH6e2wMveX7G-rP2dAqsDSq1mJMOaY&_nc_zt=24&_nc_ht=scontent-gig4-1.xx&_nc_gid=AoBFJeGrT1hVaew_6rchkQ&oh=00_AfX7QmFGhQhG2jAllVgXCiM1ZrWgvtp80-Bfppyexh1QEg&oe=689E923C","@id":"https:\/\/anoticiaonline.com.br\/site\/studio-car-esta-sob-nova-direcao\/#organizationLogo"},"image":{"@id":"https:\/\/anoticiaonline.com.br\/site\/studio-car-esta-sob-nova-direcao\/#organizationLogo"}},{"@type":"Person","@id":"https:\/\/anoticiaonline.com.br\/site\/author\/juliana\/#author","url":"https:\/\/anoticiaonline.com.br\/site\/author\/juliana\/","name":"Juliana Laviola","image":{"@type":"ImageObject","@id":"https:\/\/anoticiaonline.com.br\/site\/studio-car-esta-sob-nova-direcao\/#authorImage","url":"https:\/\/secure.gravatar.com\/avatar\/b8d45f5c699b100dfaf0e543582f38f38bf94cb7ae3a5e9abf8d891a34773335?s=96&d=mm&r=g","width":96,"height":96,"caption":"Juliana Laviola"}},{"@type":"WebPage","@id":"https:\/\/anoticiaonline.com.br\/site\/studio-car-esta-sob-nova-direcao\/#webpage","url":"https:\/\/anoticiaonline.com.br\/site\/studio-car-esta-sob-nova-direcao\/","name":"Studio Car est\u00e1 sob nova dire\u00e7\u00e3o - A Not\u00edcia Online","description":"A Studio Car, especialista em est\u00e9tica automotiva, est\u00e1 em um novo momento. Sob a dire\u00e7\u00e3o de Glauco Sevidanes, a empresa firmou uma parceria com o Rony Polimentos, para agregar ainda mais valor aos servi\u00e7os prestados. Localizada na Rua Get\u00falio Vargas, 227, Barra (antiga Ret\u00edfica Santos Carvalho), desde 2013 a Studio Car trabalha com o que","inLanguage":"pt-BR","isPartOf":{"@id":"https:\/\/anoticiaonline.com.br\/site\/#website"},"breadcrumb":{"@id":"https:\/\/anoticiaonline.com.br\/site\/studio-car-esta-sob-nova-direcao\/#breadcrumblist"},"author":{"@id":"https:\/\/anoticiaonline.com.br\/site\/author\/juliana\/#author"},"creator":{"@id":"https:\/\/anoticiaonline.com.br\/site\/author\/juliana\/#author"},"image":{"@type":"ImageObject","url":"https:\/\/anoticiaonline.com.br\/site\/wp-content\/uploads\/2016\/11\/Studio-Car.jpg","@id":"https:\/\/anoticiaonline.com.br\/site\/studio-car-esta-sob-nova-direcao\/#mainImage","width":640,"height":407,"caption":"O propriet\u00e1rio da Studio Car, Glauco Sevidanes e o novo parceiro da empresa, Rony Polimentos"},"primaryImageOfPage":{"@id":"https:\/\/anoticiaonline.com.br\/site\/studio-car-esta-sob-nova-direcao\/#mainImage"},"datePublished":"2016-11-04T08:59:45-03:00","dateModified":"2016-11-04T08:59:45-03:00"},{"@type":"WebSite","@id":"https:\/\/anoticiaonline.com.br\/site\/#website","url":"https:\/\/anoticiaonline.com.br\/site\/","name":"A Not\u00edcia Online","description":"Noticias de Muria\u00e9 e regi\u00e3o","inLanguage":"pt-BR","publisher":{"@id":"https:\/\/anoticiaonline.com.br\/site\/#organization"}}]},"og:locale":"pt_BR","og:site_name":"A Not\u00edcia Online - Noticias de Muria\u00e9 e regi\u00e3o","og:type":"article","og:title":"Studio Car est\u00e1 sob nova dire\u00e7\u00e3o - A Not\u00edcia Online","og:description":"A Studio Car, especialista em est\u00e9tica automotiva, est\u00e1 em um novo momento. Sob a dire\u00e7\u00e3o de Glauco Sevidanes, a empresa firmou uma parceria com o Rony Polimentos, para agregar ainda mais valor aos servi\u00e7os prestados. Localizada na Rua Get\u00falio Vargas, 227, Barra (antiga Ret\u00edfica Santos Carvalho), desde 2013 a Studio Car trabalha com o que","og:url":"https:\/\/anoticiaonline.com.br\/site\/studio-car-esta-sob-nova-direcao\/","og:image":"https:\/\/scontent-gig4-1.xx.fbcdn.net\/v\/t39.30808-1\/270437624_4564083193639691_6907940295614233970_n.jpg?stp=dst-jpg_s200x200_tt6&#038;_nc_cat=111&#038;ccb=1-7&#038;_nc_sid=f907e8&#038;_nc_ohc=SM1wRlP3lJwQ7kNvwEPuBYA&#038;_nc_oc=AdnqrjDN_BNjSSHWO-GbkIWH6fkGMLw4bqvL_NH6e2wMveX7G-rP2dAqsDSq1mJMOaY&#038;_nc_zt=24&#038;_nc_ht=scontent-gig4-1.xx&#038;_nc_gid=AoBFJeGrT1hVaew_6rchkQ&#038;oh=00_AfX7QmFGhQhG2jAllVgXCiM1ZrWgvtp80-Bfppyexh1QEg&#038;oe=689E923C","og:image:secure_url":"https:\/\/scontent-gig4-1.xx.fbcdn.net\/v\/t39.30808-1\/270437624_4564083193639691_6907940295614233970_n.jpg?stp=dst-jpg_s200x200_tt6&#038;_nc_cat=111&#038;ccb=1-7&#038;_nc_sid=f907e8&#038;_nc_ohc=SM1wRlP3lJwQ7kNvwEPuBYA&#038;_nc_oc=AdnqrjDN_BNjSSHWO-GbkIWH6fkGMLw4bqvL_NH6e2wMveX7G-rP2dAqsDSq1mJMOaY&#038;_nc_zt=24&#038;_nc_ht=scontent-gig4-1.xx&#038;_nc_gid=AoBFJeGrT1hVaew_6rchkQ&#038;oh=00_AfX7QmFGhQhG2jAllVgXCiM1ZrWgvtp80-Bfppyexh1QEg&#038;oe=689E923C","article:published_time":"2016-11-04T11:59:45+00:00","article:modified_time":"2016-11-04T11:59:45+00:00","twitter:card":"summary_large_image","twitter:title":"Studio Car est\u00e1 sob nova dire\u00e7\u00e3o - A Not\u00edcia Online","twitter:description":"A Studio Car, especialista em est\u00e9tica automotiva, est\u00e1 em um novo momento. Sob a dire\u00e7\u00e3o de Glauco Sevidanes, a empresa firmou uma parceria com o Rony Polimentos, para agregar ainda mais valor aos servi\u00e7os prestados. Localizada na Rua Get\u00falio Vargas, 227, Barra (antiga Ret\u00edfica Santos Carvalho), desde 2013 a Studio Car trabalha com o que","twitter:image":"https:\/\/scontent-gig4-1.xx.fbcdn.net\/v\/t39.30808-1\/270437624_4564083193639691_6907940295614233970_n.jpg?stp=dst-jpg_s200x200_tt6&_nc_cat=111&ccb=1-7&_nc_sid=f907e8&_nc_ohc=SM1wRlP3lJwQ7kNvwEPuBYA&_nc_oc=AdnqrjDN_BNjSSHWO-GbkIWH6fkGMLw4bqvL_NH6e2wMveX7G-rP2dAqsDSq1mJMOaY&_nc_zt=24&_nc_ht=scontent-gig4-1.xx&_nc_gid=AoBFJeGrT1hVaew_6rchkQ&oh=00_AfX7QmFGhQhG2jAllVgXCiM1ZrWgvtp80-Bfppyexh1QEg&oe=689E923C"},"aioseo_meta_data":{"post_id":"21303","title":null,"description":null,"keywords":null,"keyphrases":null,"primary_term":null,"canonical_url":null,"og_title":null,"og_description":null,"og_object_type":"default","og_image_type":"default","og_image_url":null,"og_image_width":null,"og_image_height":null,"og_image_custom_url":null,"og_image_custom_fields":null,"og_video":null,"og_custom_url":null,"og_article_section":null,"og_article_tags":null,"twitter_use_og":false,"twitter_card":"default","twitter_image_type":"default","twitter_image_url":null,"twitter_image_custom_url":null,"twitter_image_custom_fields":null,"twitter_title":null,"twitter_description":null,"schema":{"blockGraphs":[],"customGraphs":[],"default":{"data":{"Article":[],"Course":[],"Dataset":[],"FAQPage":[],"Movie":[],"Person":[],"Product":[],"ProductReview":[],"Car":[],"Recipe":[],"Service":[],"SoftwareApplication":[],"WebPage":[]},"graphName":"","isEnabled":true},"graphs":[]},"schema_type":"default","schema_type_options":null,"pillar_content":false,"robots_default":true,"robots_noindex":false,"robots_noarchive":false,"robots_nosnippet":false,"robots_nofollow":false,"robots_noimageindex":false,"robots_noodp":false,"robots_notranslate":false,"robots_max_snippet":null,"robots_max_videopreview":null,"robots_max_imagepreview":"large","priority":null,"frequency":null,"local_seo":null,"breadcrumb_settings":null,"limit_modified_date":false,"ai":null,"created":"2025-08-16 17:08:50","updated":"2025-08-16 17:08:50","focus_keyword":null,"additional_keywords":null,"truseo_locale":null,"seo_analyzer_scan_date":null},"aioseo_breadcrumb":"<div class=\"aioseo-breadcrumbs\"><span class=\"aioseo-breadcrumb\">\n\t\t\t<a href=\"https:\/\/anoticiaonline.com.br\/site\" title=\"Home\">Home<\/a>\n\t\t<\/span><span class=\"aioseo-breadcrumb-separator\">&raquo;<\/span><span class=\"aioseo-breadcrumb\">\n\t\t\t<a href=\"https:\/\/anoticiaonline.com.br\/site\/categoria\/eventos\/\" title=\"Eventos\">Eventos<\/a>\n\t\t<\/span><span class=\"aioseo-breadcrumb-separator\">&raquo;<\/span><span class=\"aioseo-breadcrumb\">\n\t\t\tStudio Car est\u00e1 sob nova dire\u00e7\u00e3o\n\t\t<\/span><\/div>","aioseo_breadcrumb_json":[{"label":"Home","link":"https:\/\/anoticiaonline.com.br\/site"},{"label":"Eventos","link":"https:\/\/anoticiaonline.com.br\/site\/categoria\/eventos\/"},{"label":"Studio Car est\u00e1 sob nova dire\u00e7\u00e3o","link":"https:\/\/anoticiaonline.com.br\/site\/studio-car-esta-sob-nova-direcao\/"}],"views":176,"_links":{"self":[{"href":"https:\/\/anoticiaonline.com.br\/site\/wp-json\/wp\/v2\/posts\/21303","targetHints":{"allow":["GET"]}}],"collection":[{"href":"https:\/\/anoticiaonline.com.br\/site\/wp-json\/wp\/v2\/posts"}],"about":[{"href":"https:\/\/anoticiaonline.com.br\/site\/wp-json\/wp\/v2\/types\/post"}],"author":[{"embeddable":true,"href":"https:\/\/anoticiaonline.com.br\/site\/wp-json\/wp\/v2\/users\/2"}],"replies":[{"embeddable":true,"href":"https:\/\/anoticiaonline.com.br\/site\/wp-json\/wp\/v2\/comments?post=21303"}],"version-history":[{"count":0,"href":"https:\/\/anoticiaonline.com.br\/site\/wp-json\/wp\/v2\/posts\/21303\/revisions"}],"wp:featuredmedia":[{"embeddable":true,"href":"https:\/\/anoticiaonline.com.br\/site\/wp-json\/wp\/v2\/media\/21304"}],"wp:attachment":[{"href":"https:\/\/anoticiaonline.com.br\/site\/wp-json\/wp\/v2\/media?parent=21303"}],"wp:term":[{"taxonomy":"category","embeddable":true,"href":"https:\/\/anoticiaonline.com.br\/site\/wp-json\/wp\/v2\/categories?post=21303"},{"taxonomy":"post_tag","embeddable":true,"href":"https:\/\/anoticiaonline.com.br\/site\/wp-json\/wp\/v2\/tags?post=21303"}],"curies":[{"name":"wp","href":"https:\/\/api.w.org\/{rel}","templated":true}]}}