{"id":21294,"date":"2016-11-04T08:37:19","date_gmt":"2016-11-04T11:37:19","guid":{"rendered":"http:\/\/anoticiaonline.com.br\/site\/?p=21294"},"modified":"2016-11-04T08:37:19","modified_gmt":"2016-11-04T11:37:19","slug":"camara-autoriza-doacao-de-terreno-para-posto-de-pericia-integrada-e-nova-sede-da-4a-delegacia-de-policia-civil","status":"publish","type":"post","link":"https:\/\/anoticiaonline.com.br\/site\/camara-autoriza-doacao-de-terreno-para-posto-de-pericia-integrada-e-nova-sede-da-4a-delegacia-de-policia-civil\/","title":{"rendered":"C\u00e2mara autoriza doa\u00e7\u00e3o de terreno para Posto de Per\u00edcia Integrada e nova sede da 4\u00aa Delegacia de Pol\u00edcia Civil"},"content":{"rendered":"<figure id=\"attachment_21295\" aria-describedby=\"caption-attachment-21295\" style=\"width: 290px\" class=\"wp-caption alignleft\"><a href=\"https:\/\/anoticiaonline.com.br\/site\/wp-content\/uploads\/2016\/11\/DSCN3476.jpg\"><img fetchpriority=\"high\" decoding=\"async\" class=\"wp-image-21295 size-medium\" src=\"https:\/\/anoticiaonline.com.br\/site\/wp-content\/uploads\/2016\/11\/DSCN3476-300x184.jpg\" alt=\"4\u00aa Delegacia Regional de Pol\u00edcia Civil est\u00e1 localizada no bairro Safira\" width=\"300\" height=\"184\" srcset=\"https:\/\/anoticiaonline.com.br\/site\/wp-content\/uploads\/2016\/11\/DSCN3476-300x184.jpg 300w, https:\/\/anoticiaonline.com.br\/site\/wp-content\/uploads\/2016\/11\/DSCN3476.jpg 640w\" sizes=\"(max-width: 300px) 100vw, 300px\" \/><\/a><figcaption id=\"caption-attachment-21295\" class=\"wp-caption-text\">4\u00aa Delegacia Regional de Pol\u00edcia Civil est\u00e1 localizada no bairro Safira (Foto: Arquivo A NOT\u00cdCIA)<\/figcaption><\/figure>\n<p>A C\u00e2mara autorizou o munic\u00edpio de Muria\u00e9 a doar uma \u00e1rea superior a 4 mil m\u00b2, localizada no Loteamento Santa Laura, para que o Governo do Estado possa construir o Posto de Per\u00edcia Integrada (PPI). Este projeto proposto pelo munic\u00edpio teve como interlocutor e defensor o vereador J\u00fanior da Civil (PSDB), objetivando proporcionar um espa\u00e7o adequado para o trabalho da per\u00edcia e para a sede da 4\u00aa Delegacia Regional de Pol\u00edcia Civil de Muria\u00e9, que atualmente est\u00e1 localizada no bairro Safira. Segundo o vereador J\u00fanior da Civil, as per\u00edcias do munic\u00edpio, hoje, s\u00e3o realizadas em uma pequena sala anexa ao Cemit\u00e9rio Municipal Senhor do Bom Fim, com infraestrutura prec\u00e1ria para a realiza\u00e7\u00e3o dos servi\u00e7os propostos.<\/p>\n<p>O Posto de Per\u00edcia Integrada ser\u00e1 uma estrutura f\u00edsica na qual funcionar\u00e1 todas as per\u00edcias m\u00e9dicas legais, as per\u00edcias t\u00e9cnicas criminais (acidentes de tr\u00e2nsito, locais de homic\u00eddios, etc) e laborat\u00f3rio de exame de drogas (preliminar e definitivo). Segundo o of\u00edcio encaminhado pelo delegado regional, Alessandro Amaro da Matta, a constru\u00e7\u00e3o dessa unidade, com a efetiva\u00e7\u00e3o de seus servi\u00e7os, agilizar\u00e1 todas as investiga\u00e7\u00f5es no \u00e2mbito da 4\u00aa DRPC, que abrange 18 munic\u00edpios e aproximadamente 300 mil habitantes. Al\u00e9m disso, vai oferecer um atendimento mais eficiente e humano \u00e0s v\u00edtimas e a seus familiares.<\/p>\n","protected":false},"excerpt":{"rendered":"<p>A C\u00e2mara autorizou o munic\u00edpio de Muria\u00e9 a doar uma \u00e1rea superior a 4 mil m\u00b2, localizada no Loteamento Santa Laura, para que o Governo do Estado possa construir o Posto de Per\u00edcia Integrada (PPI). Este projeto proposto pelo munic\u00edpio teve como interlocutor e defensor o vereador J\u00fanior da Civil (PSDB), objetivando proporcionar um espa\u00e7o &#8230; <a title=\"C\u00e2mara autoriza doa\u00e7\u00e3o de terreno para Posto de Per\u00edcia Integrada e nova sede da 4\u00aa Delegacia de Pol\u00edcia Civil\" class=\"read-more\" href=\"https:\/\/anoticiaonline.com.br\/site\/camara-autoriza-doacao-de-terreno-para-posto-de-pericia-integrada-e-nova-sede-da-4a-delegacia-de-policia-civil\/\" aria-label=\"Read more about C\u00e2mara autoriza doa\u00e7\u00e3o de terreno para Posto de Per\u00edcia Integrada e nova sede da 4\u00aa Delegacia de Pol\u00edcia Civil\">Ler mais<\/a><\/p>\n","protected":false},"author":2,"featured_media":21295,"comment_status":"open","ping_status":"open","sticky":false,"template":"","format":"standard","meta":{"_acf_changed":false,"_monsterinsights_skip_tracking":false,"footnotes":""},"categories":[30],"tags":[3],"class_list":["post-21294","post","type-post","status-publish","format-standard","has-post-thumbnail","hentry","category-muriae","tag-slide"],"acf":[],"aioseo_notices":[],"aioseo_head":"\n\t\t<!-- All in One SEO 5.0.0.1 - aioseo.com -->\n\t<meta name=\"description\" content=\"A C\u00e2mara autorizou o munic\u00edpio de Muria\u00e9 a doar uma \u00e1rea superior a 4 mil m\u00b2, localizada no Loteamento Santa Laura, para que o Governo do Estado possa construir o Posto de Per\u00edcia Integrada (PPI). Este projeto proposto pelo munic\u00edpio teve como interlocutor e defensor o vereador J\u00fanior da Civil (PSDB), objetivando proporcionar um espa\u00e7o\" \/>\n\t<meta name=\"robots\" content=\"max-image-preview:large\" \/>\n\t<meta name=\"author\" content=\"Juliana Laviola\"\/>\n\t<link rel=\"canonical\" href=\"https:\/\/anoticiaonline.com.br\/site\/camara-autoriza-doacao-de-terreno-para-posto-de-pericia-integrada-e-nova-sede-da-4a-delegacia-de-policia-civil\/\" \/>\n\t<meta name=\"generator\" content=\"All in One SEO (AIOSEO) 5.0.0.1\" \/>\n\t\t<meta property=\"og:locale\" content=\"pt_BR\" \/>\n\t\t<meta property=\"og:site_name\" content=\"A Not\u00edcia Online - Noticias de Muria\u00e9 e regi\u00e3o\" \/>\n\t\t<meta property=\"og:type\" content=\"article\" \/>\n\t\t<meta property=\"og:title\" content=\"C\u00e2mara autoriza doa\u00e7\u00e3o de terreno para Posto de Per\u00edcia Integrada e nova sede da 4\u00aa Delegacia de Pol\u00edcia Civil - A Not\u00edcia Online\" \/>\n\t\t<meta property=\"og:description\" content=\"A C\u00e2mara autorizou o munic\u00edpio de Muria\u00e9 a doar uma \u00e1rea superior a 4 mil m\u00b2, localizada no Loteamento Santa Laura, para que o Governo do Estado possa construir o Posto de Per\u00edcia Integrada (PPI). Este projeto proposto pelo munic\u00edpio teve como interlocutor e defensor o vereador J\u00fanior da Civil (PSDB), objetivando proporcionar um espa\u00e7o\" \/>\n\t\t<meta property=\"og:url\" content=\"https:\/\/anoticiaonline.com.br\/site\/camara-autoriza-doacao-de-terreno-para-posto-de-pericia-integrada-e-nova-sede-da-4a-delegacia-de-policia-civil\/\" \/>\n\t\t<meta property=\"og:image\" content=\"https:\/\/scontent-gig4-1.xx.fbcdn.net\/v\/t39.30808-1\/270437624_4564083193639691_6907940295614233970_n.jpg?stp=dst-jpg_s200x200_tt6&#038;_nc_cat=111&#038;ccb=1-7&#038;_nc_sid=f907e8&#038;_nc_ohc=SM1wRlP3lJwQ7kNvwEPuBYA&#038;_nc_oc=AdnqrjDN_BNjSSHWO-GbkIWH6fkGMLw4bqvL_NH6e2wMveX7G-rP2dAqsDSq1mJMOaY&#038;_nc_zt=24&#038;_nc_ht=scontent-gig4-1.xx&#038;_nc_gid=AoBFJeGrT1hVaew_6rchkQ&#038;oh=00_AfX7QmFGhQhG2jAllVgXCiM1ZrWgvtp80-Bfppyexh1QEg&#038;oe=689E923C\" \/>\n\t\t<meta property=\"og:image:secure_url\" content=\"https:\/\/scontent-gig4-1.xx.fbcdn.net\/v\/t39.30808-1\/270437624_4564083193639691_6907940295614233970_n.jpg?stp=dst-jpg_s200x200_tt6&#038;_nc_cat=111&#038;ccb=1-7&#038;_nc_sid=f907e8&#038;_nc_ohc=SM1wRlP3lJwQ7kNvwEPuBYA&#038;_nc_oc=AdnqrjDN_BNjSSHWO-GbkIWH6fkGMLw4bqvL_NH6e2wMveX7G-rP2dAqsDSq1mJMOaY&#038;_nc_zt=24&#038;_nc_ht=scontent-gig4-1.xx&#038;_nc_gid=AoBFJeGrT1hVaew_6rchkQ&#038;oh=00_AfX7QmFGhQhG2jAllVgXCiM1ZrWgvtp80-Bfppyexh1QEg&#038;oe=689E923C\" \/>\n\t\t<meta property=\"article:published_time\" content=\"2016-11-04T11:37:19+00:00\" \/>\n\t\t<meta property=\"article:modified_time\" content=\"2016-11-04T11:37:19+00:00\" \/>\n\t\t<meta name=\"twitter:card\" content=\"summary_large_image\" \/>\n\t\t<meta name=\"twitter:title\" content=\"C\u00e2mara autoriza doa\u00e7\u00e3o de terreno para Posto de Per\u00edcia Integrada e nova sede da 4\u00aa Delegacia de Pol\u00edcia Civil - A Not\u00edcia Online\" \/>\n\t\t<meta name=\"twitter:description\" content=\"A C\u00e2mara autorizou o munic\u00edpio de Muria\u00e9 a doar uma \u00e1rea superior a 4 mil m\u00b2, localizada no Loteamento Santa Laura, para que o Governo do Estado possa construir o Posto de Per\u00edcia Integrada (PPI). Este projeto proposto pelo munic\u00edpio teve como interlocutor e defensor o vereador J\u00fanior da Civil (PSDB), objetivando proporcionar um espa\u00e7o\" \/>\n\t\t<meta name=\"twitter:image\" content=\"https:\/\/scontent-gig4-1.xx.fbcdn.net\/v\/t39.30808-1\/270437624_4564083193639691_6907940295614233970_n.jpg?stp=dst-jpg_s200x200_tt6&amp;_nc_cat=111&amp;ccb=1-7&amp;_nc_sid=f907e8&amp;_nc_ohc=SM1wRlP3lJwQ7kNvwEPuBYA&amp;_nc_oc=AdnqrjDN_BNjSSHWO-GbkIWH6fkGMLw4bqvL_NH6e2wMveX7G-rP2dAqsDSq1mJMOaY&amp;_nc_zt=24&amp;_nc_ht=scontent-gig4-1.xx&amp;_nc_gid=AoBFJeGrT1hVaew_6rchkQ&amp;oh=00_AfX7QmFGhQhG2jAllVgXCiM1ZrWgvtp80-Bfppyexh1QEg&amp;oe=689E923C\" \/>\n\t\t<script type=\"application\/ld+json\" class=\"aioseo-schema\">\n\t\t\t{\"@context\":\"https:\\\/\\\/schema.org\",\"@graph\":[{\"@type\":\"BlogPosting\",\"@id\":\"https:\\\/\\\/anoticiaonline.com.br\\\/site\\\/camara-autoriza-doacao-de-terreno-para-posto-de-pericia-integrada-e-nova-sede-da-4a-delegacia-de-policia-civil\\\/#blogposting\",\"name\":\"C\\u00e2mara autoriza doa\\u00e7\\u00e3o de terreno para Posto de Per\\u00edcia Integrada e nova sede da 4\\u00aa Delegacia de Pol\\u00edcia Civil - A Not\\u00edcia Online\",\"headline\":\"C\\u00e2mara autoriza doa\\u00e7\\u00e3o de terreno para Posto de Per\\u00edcia Integrada e nova sede da 4\\u00aa Delegacia de Pol\\u00edcia Civil\",\"author\":{\"@id\":\"https:\\\/\\\/anoticiaonline.com.br\\\/site\\\/author\\\/juliana\\\/#author\"},\"publisher\":{\"@id\":\"https:\\\/\\\/anoticiaonline.com.br\\\/site\\\/#organization\"},\"image\":{\"@type\":\"ImageObject\",\"url\":\"https:\\\/\\\/anoticiaonline.com.br\\\/site\\\/wp-content\\\/uploads\\\/2016\\\/11\\\/DSCN3476.jpg\",\"width\":640,\"height\":392,\"caption\":\"4\\u00aa Delegacia Regional de Pol\\u00edcia Civil est\\u00e1 localizada no bairro Safira\"},\"datePublished\":\"2016-11-04T08:37:19-03:00\",\"dateModified\":\"2016-11-04T08:37:19-03:00\",\"inLanguage\":\"pt-BR\",\"mainEntityOfPage\":{\"@id\":\"https:\\\/\\\/anoticiaonline.com.br\\\/site\\\/camara-autoriza-doacao-de-terreno-para-posto-de-pericia-integrada-e-nova-sede-da-4a-delegacia-de-policia-civil\\\/#webpage\"},\"isPartOf\":{\"@id\":\"https:\\\/\\\/anoticiaonline.com.br\\\/site\\\/camara-autoriza-doacao-de-terreno-para-posto-de-pericia-integrada-e-nova-sede-da-4a-delegacia-de-policia-civil\\\/#webpage\"},\"articleSection\":\"Blog, slide\"},{\"@type\":\"BreadcrumbList\",\"@id\":\"https:\\\/\\\/anoticiaonline.com.br\\\/site\\\/camara-autoriza-doacao-de-terreno-para-posto-de-pericia-integrada-e-nova-sede-da-4a-delegacia-de-policia-civil\\\/#breadcrumblist\",\"itemListElement\":[{\"@type\":\"ListItem\",\"@id\":\"https:\\\/\\\/anoticiaonline.com.br\\\/site#listItem\",\"position\":1,\"name\":\"Home\",\"item\":\"https:\\\/\\\/anoticiaonline.com.br\\\/site\",\"nextItem\":{\"@type\":\"ListItem\",\"@id\":\"https:\\\/\\\/anoticiaonline.com.br\\\/site\\\/categoria\\\/muriae\\\/#listItem\",\"name\":\"Blog\"}},{\"@type\":\"ListItem\",\"@id\":\"https:\\\/\\\/anoticiaonline.com.br\\\/site\\\/categoria\\\/muriae\\\/#listItem\",\"position\":2,\"name\":\"Blog\",\"item\":\"https:\\\/\\\/anoticiaonline.com.br\\\/site\\\/categoria\\\/muriae\\\/\",\"nextItem\":{\"@type\":\"ListItem\",\"@id\":\"https:\\\/\\\/anoticiaonline.com.br\\\/site\\\/camara-autoriza-doacao-de-terreno-para-posto-de-pericia-integrada-e-nova-sede-da-4a-delegacia-de-policia-civil\\\/#listItem\",\"name\":\"C\\u00e2mara autoriza doa\\u00e7\\u00e3o de terreno para Posto de Per\\u00edcia Integrada e nova sede da 4\\u00aa Delegacia de Pol\\u00edcia Civil\"},\"previousItem\":{\"@type\":\"ListItem\",\"@id\":\"https:\\\/\\\/anoticiaonline.com.br\\\/site#listItem\",\"name\":\"Home\"}},{\"@type\":\"ListItem\",\"@id\":\"https:\\\/\\\/anoticiaonline.com.br\\\/site\\\/camara-autoriza-doacao-de-terreno-para-posto-de-pericia-integrada-e-nova-sede-da-4a-delegacia-de-policia-civil\\\/#listItem\",\"position\":3,\"name\":\"C\\u00e2mara autoriza doa\\u00e7\\u00e3o de terreno para Posto de Per\\u00edcia Integrada e nova sede da 4\\u00aa Delegacia de Pol\\u00edcia Civil\",\"previousItem\":{\"@type\":\"ListItem\",\"@id\":\"https:\\\/\\\/anoticiaonline.com.br\\\/site\\\/categoria\\\/muriae\\\/#listItem\",\"name\":\"Blog\"}}]},{\"@type\":\"Organization\",\"@id\":\"https:\\\/\\\/anoticiaonline.com.br\\\/site\\\/#organization\",\"name\":\"A Not\\u00edcia Online\",\"description\":\"Noticias de Muria\\u00e9 e regi\\u00e3o\",\"url\":\"https:\\\/\\\/anoticiaonline.com.br\\\/site\\\/\",\"logo\":{\"@type\":\"ImageObject\",\"url\":\"https:\\\/\\\/scontent-gig4-1.xx.fbcdn.net\\\/v\\\/t39.30808-1\\\/270437624_4564083193639691_6907940295614233970_n.jpg?stp=dst-jpg_s200x200_tt6&_nc_cat=111&ccb=1-7&_nc_sid=f907e8&_nc_ohc=SM1wRlP3lJwQ7kNvwEPuBYA&_nc_oc=AdnqrjDN_BNjSSHWO-GbkIWH6fkGMLw4bqvL_NH6e2wMveX7G-rP2dAqsDSq1mJMOaY&_nc_zt=24&_nc_ht=scontent-gig4-1.xx&_nc_gid=AoBFJeGrT1hVaew_6rchkQ&oh=00_AfX7QmFGhQhG2jAllVgXCiM1ZrWgvtp80-Bfppyexh1QEg&oe=689E923C\",\"@id\":\"https:\\\/\\\/anoticiaonline.com.br\\\/site\\\/camara-autoriza-doacao-de-terreno-para-posto-de-pericia-integrada-e-nova-sede-da-4a-delegacia-de-policia-civil\\\/#organizationLogo\"},\"image\":{\"@id\":\"https:\\\/\\\/anoticiaonline.com.br\\\/site\\\/camara-autoriza-doacao-de-terreno-para-posto-de-pericia-integrada-e-nova-sede-da-4a-delegacia-de-policia-civil\\\/#organizationLogo\"}},{\"@type\":\"Person\",\"@id\":\"https:\\\/\\\/anoticiaonline.com.br\\\/site\\\/author\\\/juliana\\\/#author\",\"url\":\"https:\\\/\\\/anoticiaonline.com.br\\\/site\\\/author\\\/juliana\\\/\",\"name\":\"Juliana Laviola\",\"image\":{\"@type\":\"ImageObject\",\"@id\":\"https:\\\/\\\/anoticiaonline.com.br\\\/site\\\/camara-autoriza-doacao-de-terreno-para-posto-de-pericia-integrada-e-nova-sede-da-4a-delegacia-de-policia-civil\\\/#authorImage\",\"url\":\"https:\\\/\\\/secure.gravatar.com\\\/avatar\\\/b8d45f5c699b100dfaf0e543582f38f38bf94cb7ae3a5e9abf8d891a34773335?s=96&d=mm&r=g\",\"width\":96,\"height\":96,\"caption\":\"Juliana Laviola\"}},{\"@type\":\"WebPage\",\"@id\":\"https:\\\/\\\/anoticiaonline.com.br\\\/site\\\/camara-autoriza-doacao-de-terreno-para-posto-de-pericia-integrada-e-nova-sede-da-4a-delegacia-de-policia-civil\\\/#webpage\",\"url\":\"https:\\\/\\\/anoticiaonline.com.br\\\/site\\\/camara-autoriza-doacao-de-terreno-para-posto-de-pericia-integrada-e-nova-sede-da-4a-delegacia-de-policia-civil\\\/\",\"name\":\"C\\u00e2mara autoriza doa\\u00e7\\u00e3o de terreno para Posto de Per\\u00edcia Integrada e nova sede da 4\\u00aa Delegacia de Pol\\u00edcia Civil - A Not\\u00edcia Online\",\"description\":\"A C\\u00e2mara autorizou o munic\\u00edpio de Muria\\u00e9 a doar uma \\u00e1rea superior a 4 mil m\\u00b2, localizada no Loteamento Santa Laura, para que o Governo do Estado possa construir o Posto de Per\\u00edcia Integrada (PPI). Este projeto proposto pelo munic\\u00edpio teve como interlocutor e defensor o vereador J\\u00fanior da Civil (PSDB), objetivando proporcionar um espa\\u00e7o\",\"inLanguage\":\"pt-BR\",\"isPartOf\":{\"@id\":\"https:\\\/\\\/anoticiaonline.com.br\\\/site\\\/#website\"},\"breadcrumb\":{\"@id\":\"https:\\\/\\\/anoticiaonline.com.br\\\/site\\\/camara-autoriza-doacao-de-terreno-para-posto-de-pericia-integrada-e-nova-sede-da-4a-delegacia-de-policia-civil\\\/#breadcrumblist\"},\"author\":{\"@id\":\"https:\\\/\\\/anoticiaonline.com.br\\\/site\\\/author\\\/juliana\\\/#author\"},\"creator\":{\"@id\":\"https:\\\/\\\/anoticiaonline.com.br\\\/site\\\/author\\\/juliana\\\/#author\"},\"image\":{\"@type\":\"ImageObject\",\"url\":\"https:\\\/\\\/anoticiaonline.com.br\\\/site\\\/wp-content\\\/uploads\\\/2016\\\/11\\\/DSCN3476.jpg\",\"@id\":\"https:\\\/\\\/anoticiaonline.com.br\\\/site\\\/camara-autoriza-doacao-de-terreno-para-posto-de-pericia-integrada-e-nova-sede-da-4a-delegacia-de-policia-civil\\\/#mainImage\",\"width\":640,\"height\":392,\"caption\":\"4\\u00aa Delegacia Regional de Pol\\u00edcia Civil est\\u00e1 localizada no bairro Safira\"},\"primaryImageOfPage\":{\"@id\":\"https:\\\/\\\/anoticiaonline.com.br\\\/site\\\/camara-autoriza-doacao-de-terreno-para-posto-de-pericia-integrada-e-nova-sede-da-4a-delegacia-de-policia-civil\\\/#mainImage\"},\"datePublished\":\"2016-11-04T08:37:19-03:00\",\"dateModified\":\"2016-11-04T08:37:19-03:00\"},{\"@type\":\"WebSite\",\"@id\":\"https:\\\/\\\/anoticiaonline.com.br\\\/site\\\/#website\",\"url\":\"https:\\\/\\\/anoticiaonline.com.br\\\/site\\\/\",\"name\":\"A Not\\u00edcia Online\",\"description\":\"Noticias de Muria\\u00e9 e regi\\u00e3o\",\"inLanguage\":\"pt-BR\",\"publisher\":{\"@id\":\"https:\\\/\\\/anoticiaonline.com.br\\\/site\\\/#organization\"}}]}\n\t\t<\/script>\n\t\t<!-- All in One SEO -->\n\n","aioseo_head_json":{"title":"C\u00e2mara autoriza doa\u00e7\u00e3o de terreno para Posto de Per\u00edcia Integrada e nova sede da 4\u00aa Delegacia de Pol\u00edcia Civil - A Not\u00edcia Online","description":"A C\u00e2mara autorizou o munic\u00edpio de Muria\u00e9 a doar uma \u00e1rea superior a 4 mil m\u00b2, localizada no Loteamento Santa Laura, para que o Governo do Estado possa construir o Posto de Per\u00edcia Integrada (PPI). Este projeto proposto pelo munic\u00edpio teve como interlocutor e defensor o vereador J\u00fanior da Civil (PSDB), objetivando proporcionar um espa\u00e7o","canonical_url":"https:\/\/anoticiaonline.com.br\/site\/camara-autoriza-doacao-de-terreno-para-posto-de-pericia-integrada-e-nova-sede-da-4a-delegacia-de-policia-civil\/","robots":"max-image-preview:large","keywords":"","webmasterTools":{"miscellaneous":""},"schema":{"@context":"https:\/\/schema.org","@graph":[{"@type":"BlogPosting","@id":"https:\/\/anoticiaonline.com.br\/site\/camara-autoriza-doacao-de-terreno-para-posto-de-pericia-integrada-e-nova-sede-da-4a-delegacia-de-policia-civil\/#blogposting","name":"C\u00e2mara autoriza doa\u00e7\u00e3o de terreno para Posto de Per\u00edcia Integrada e nova sede da 4\u00aa Delegacia de Pol\u00edcia Civil - A Not\u00edcia Online","headline":"C\u00e2mara autoriza doa\u00e7\u00e3o de terreno para Posto de Per\u00edcia Integrada e nova sede da 4\u00aa Delegacia de Pol\u00edcia Civil","author":{"@id":"https:\/\/anoticiaonline.com.br\/site\/author\/juliana\/#author"},"publisher":{"@id":"https:\/\/anoticiaonline.com.br\/site\/#organization"},"image":{"@type":"ImageObject","url":"https:\/\/anoticiaonline.com.br\/site\/wp-content\/uploads\/2016\/11\/DSCN3476.jpg","width":640,"height":392,"caption":"4\u00aa Delegacia Regional de Pol\u00edcia Civil est\u00e1 localizada no bairro Safira"},"datePublished":"2016-11-04T08:37:19-03:00","dateModified":"2016-11-04T08:37:19-03:00","inLanguage":"pt-BR","mainEntityOfPage":{"@id":"https:\/\/anoticiaonline.com.br\/site\/camara-autoriza-doacao-de-terreno-para-posto-de-pericia-integrada-e-nova-sede-da-4a-delegacia-de-policia-civil\/#webpage"},"isPartOf":{"@id":"https:\/\/anoticiaonline.com.br\/site\/camara-autoriza-doacao-de-terreno-para-posto-de-pericia-integrada-e-nova-sede-da-4a-delegacia-de-policia-civil\/#webpage"},"articleSection":"Blog, slide"},{"@type":"BreadcrumbList","@id":"https:\/\/anoticiaonline.com.br\/site\/camara-autoriza-doacao-de-terreno-para-posto-de-pericia-integrada-e-nova-sede-da-4a-delegacia-de-policia-civil\/#breadcrumblist","itemListElement":[{"@type":"ListItem","@id":"https:\/\/anoticiaonline.com.br\/site#listItem","position":1,"name":"Home","item":"https:\/\/anoticiaonline.com.br\/site","nextItem":{"@type":"ListItem","@id":"https:\/\/anoticiaonline.com.br\/site\/categoria\/muriae\/#listItem","name":"Blog"}},{"@type":"ListItem","@id":"https:\/\/anoticiaonline.com.br\/site\/categoria\/muriae\/#listItem","position":2,"name":"Blog","item":"https:\/\/anoticiaonline.com.br\/site\/categoria\/muriae\/","nextItem":{"@type":"ListItem","@id":"https:\/\/anoticiaonline.com.br\/site\/camara-autoriza-doacao-de-terreno-para-posto-de-pericia-integrada-e-nova-sede-da-4a-delegacia-de-policia-civil\/#listItem","name":"C\u00e2mara autoriza doa\u00e7\u00e3o de terreno para Posto de Per\u00edcia Integrada e nova sede da 4\u00aa Delegacia de Pol\u00edcia Civil"},"previousItem":{"@type":"ListItem","@id":"https:\/\/anoticiaonline.com.br\/site#listItem","name":"Home"}},{"@type":"ListItem","@id":"https:\/\/anoticiaonline.com.br\/site\/camara-autoriza-doacao-de-terreno-para-posto-de-pericia-integrada-e-nova-sede-da-4a-delegacia-de-policia-civil\/#listItem","position":3,"name":"C\u00e2mara autoriza doa\u00e7\u00e3o de terreno para Posto de Per\u00edcia Integrada e nova sede da 4\u00aa Delegacia de Pol\u00edcia Civil","previousItem":{"@type":"ListItem","@id":"https:\/\/anoticiaonline.com.br\/site\/categoria\/muriae\/#listItem","name":"Blog"}}]},{"@type":"Organization","@id":"https:\/\/anoticiaonline.com.br\/site\/#organization","name":"A Not\u00edcia Online","description":"Noticias de Muria\u00e9 e regi\u00e3o","url":"https:\/\/anoticiaonline.com.br\/site\/","logo":{"@type":"ImageObject","url":"https:\/\/scontent-gig4-1.xx.fbcdn.net\/v\/t39.30808-1\/270437624_4564083193639691_6907940295614233970_n.jpg?stp=dst-jpg_s200x200_tt6&_nc_cat=111&ccb=1-7&_nc_sid=f907e8&_nc_ohc=SM1wRlP3lJwQ7kNvwEPuBYA&_nc_oc=AdnqrjDN_BNjSSHWO-GbkIWH6fkGMLw4bqvL_NH6e2wMveX7G-rP2dAqsDSq1mJMOaY&_nc_zt=24&_nc_ht=scontent-gig4-1.xx&_nc_gid=AoBFJeGrT1hVaew_6rchkQ&oh=00_AfX7QmFGhQhG2jAllVgXCiM1ZrWgvtp80-Bfppyexh1QEg&oe=689E923C","@id":"https:\/\/anoticiaonline.com.br\/site\/camara-autoriza-doacao-de-terreno-para-posto-de-pericia-integrada-e-nova-sede-da-4a-delegacia-de-policia-civil\/#organizationLogo"},"image":{"@id":"https:\/\/anoticiaonline.com.br\/site\/camara-autoriza-doacao-de-terreno-para-posto-de-pericia-integrada-e-nova-sede-da-4a-delegacia-de-policia-civil\/#organizationLogo"}},{"@type":"Person","@id":"https:\/\/anoticiaonline.com.br\/site\/author\/juliana\/#author","url":"https:\/\/anoticiaonline.com.br\/site\/author\/juliana\/","name":"Juliana Laviola","image":{"@type":"ImageObject","@id":"https:\/\/anoticiaonline.com.br\/site\/camara-autoriza-doacao-de-terreno-para-posto-de-pericia-integrada-e-nova-sede-da-4a-delegacia-de-policia-civil\/#authorImage","url":"https:\/\/secure.gravatar.com\/avatar\/b8d45f5c699b100dfaf0e543582f38f38bf94cb7ae3a5e9abf8d891a34773335?s=96&d=mm&r=g","width":96,"height":96,"caption":"Juliana Laviola"}},{"@type":"WebPage","@id":"https:\/\/anoticiaonline.com.br\/site\/camara-autoriza-doacao-de-terreno-para-posto-de-pericia-integrada-e-nova-sede-da-4a-delegacia-de-policia-civil\/#webpage","url":"https:\/\/anoticiaonline.com.br\/site\/camara-autoriza-doacao-de-terreno-para-posto-de-pericia-integrada-e-nova-sede-da-4a-delegacia-de-policia-civil\/","name":"C\u00e2mara autoriza doa\u00e7\u00e3o de terreno para Posto de Per\u00edcia Integrada e nova sede da 4\u00aa Delegacia de Pol\u00edcia Civil - A Not\u00edcia Online","description":"A C\u00e2mara autorizou o munic\u00edpio de Muria\u00e9 a doar uma \u00e1rea superior a 4 mil m\u00b2, localizada no Loteamento Santa Laura, para que o Governo do Estado possa construir o Posto de Per\u00edcia Integrada (PPI). Este projeto proposto pelo munic\u00edpio teve como interlocutor e defensor o vereador J\u00fanior da Civil (PSDB), objetivando proporcionar um espa\u00e7o","inLanguage":"pt-BR","isPartOf":{"@id":"https:\/\/anoticiaonline.com.br\/site\/#website"},"breadcrumb":{"@id":"https:\/\/anoticiaonline.com.br\/site\/camara-autoriza-doacao-de-terreno-para-posto-de-pericia-integrada-e-nova-sede-da-4a-delegacia-de-policia-civil\/#breadcrumblist"},"author":{"@id":"https:\/\/anoticiaonline.com.br\/site\/author\/juliana\/#author"},"creator":{"@id":"https:\/\/anoticiaonline.com.br\/site\/author\/juliana\/#author"},"image":{"@type":"ImageObject","url":"https:\/\/anoticiaonline.com.br\/site\/wp-content\/uploads\/2016\/11\/DSCN3476.jpg","@id":"https:\/\/anoticiaonline.com.br\/site\/camara-autoriza-doacao-de-terreno-para-posto-de-pericia-integrada-e-nova-sede-da-4a-delegacia-de-policia-civil\/#mainImage","width":640,"height":392,"caption":"4\u00aa Delegacia Regional de Pol\u00edcia Civil est\u00e1 localizada no bairro Safira"},"primaryImageOfPage":{"@id":"https:\/\/anoticiaonline.com.br\/site\/camara-autoriza-doacao-de-terreno-para-posto-de-pericia-integrada-e-nova-sede-da-4a-delegacia-de-policia-civil\/#mainImage"},"datePublished":"2016-11-04T08:37:19-03:00","dateModified":"2016-11-04T08:37:19-03:00"},{"@type":"WebSite","@id":"https:\/\/anoticiaonline.com.br\/site\/#website","url":"https:\/\/anoticiaonline.com.br\/site\/","name":"A Not\u00edcia Online","description":"Noticias de Muria\u00e9 e regi\u00e3o","inLanguage":"pt-BR","publisher":{"@id":"https:\/\/anoticiaonline.com.br\/site\/#organization"}}]},"og:locale":"pt_BR","og:site_name":"A Not\u00edcia Online - Noticias de Muria\u00e9 e regi\u00e3o","og:type":"article","og:title":"C\u00e2mara autoriza doa\u00e7\u00e3o de terreno para Posto de Per\u00edcia Integrada e nova sede da 4\u00aa Delegacia de Pol\u00edcia Civil - A Not\u00edcia Online","og:description":"A C\u00e2mara autorizou o munic\u00edpio de Muria\u00e9 a doar uma \u00e1rea superior a 4 mil m\u00b2, localizada no Loteamento Santa Laura, para que o Governo do Estado possa construir o Posto de Per\u00edcia Integrada (PPI). Este projeto proposto pelo munic\u00edpio teve como interlocutor e defensor o vereador J\u00fanior da Civil (PSDB), objetivando proporcionar um espa\u00e7o","og:url":"https:\/\/anoticiaonline.com.br\/site\/camara-autoriza-doacao-de-terreno-para-posto-de-pericia-integrada-e-nova-sede-da-4a-delegacia-de-policia-civil\/","og:image":"https:\/\/scontent-gig4-1.xx.fbcdn.net\/v\/t39.30808-1\/270437624_4564083193639691_6907940295614233970_n.jpg?stp=dst-jpg_s200x200_tt6&#038;_nc_cat=111&#038;ccb=1-7&#038;_nc_sid=f907e8&#038;_nc_ohc=SM1wRlP3lJwQ7kNvwEPuBYA&#038;_nc_oc=AdnqrjDN_BNjSSHWO-GbkIWH6fkGMLw4bqvL_NH6e2wMveX7G-rP2dAqsDSq1mJMOaY&#038;_nc_zt=24&#038;_nc_ht=scontent-gig4-1.xx&#038;_nc_gid=AoBFJeGrT1hVaew_6rchkQ&#038;oh=00_AfX7QmFGhQhG2jAllVgXCiM1ZrWgvtp80-Bfppyexh1QEg&#038;oe=689E923C","og:image:secure_url":"https:\/\/scontent-gig4-1.xx.fbcdn.net\/v\/t39.30808-1\/270437624_4564083193639691_6907940295614233970_n.jpg?stp=dst-jpg_s200x200_tt6&#038;_nc_cat=111&#038;ccb=1-7&#038;_nc_sid=f907e8&#038;_nc_ohc=SM1wRlP3lJwQ7kNvwEPuBYA&#038;_nc_oc=AdnqrjDN_BNjSSHWO-GbkIWH6fkGMLw4bqvL_NH6e2wMveX7G-rP2dAqsDSq1mJMOaY&#038;_nc_zt=24&#038;_nc_ht=scontent-gig4-1.xx&#038;_nc_gid=AoBFJeGrT1hVaew_6rchkQ&#038;oh=00_AfX7QmFGhQhG2jAllVgXCiM1ZrWgvtp80-Bfppyexh1QEg&#038;oe=689E923C","article:published_time":"2016-11-04T11:37:19+00:00","article:modified_time":"2016-11-04T11:37:19+00:00","twitter:card":"summary_large_image","twitter:title":"C\u00e2mara autoriza doa\u00e7\u00e3o de terreno para Posto de Per\u00edcia Integrada e nova sede da 4\u00aa Delegacia de Pol\u00edcia Civil - A Not\u00edcia Online","twitter:description":"A C\u00e2mara autorizou o munic\u00edpio de Muria\u00e9 a doar uma \u00e1rea superior a 4 mil m\u00b2, localizada no Loteamento Santa Laura, para que o Governo do Estado possa construir o Posto de Per\u00edcia Integrada (PPI). Este projeto proposto pelo munic\u00edpio teve como interlocutor e defensor o vereador J\u00fanior da Civil (PSDB), objetivando proporcionar um espa\u00e7o","twitter:image":"https:\/\/scontent-gig4-1.xx.fbcdn.net\/v\/t39.30808-1\/270437624_4564083193639691_6907940295614233970_n.jpg?stp=dst-jpg_s200x200_tt6&_nc_cat=111&ccb=1-7&_nc_sid=f907e8&_nc_ohc=SM1wRlP3lJwQ7kNvwEPuBYA&_nc_oc=AdnqrjDN_BNjSSHWO-GbkIWH6fkGMLw4bqvL_NH6e2wMveX7G-rP2dAqsDSq1mJMOaY&_nc_zt=24&_nc_ht=scontent-gig4-1.xx&_nc_gid=AoBFJeGrT1hVaew_6rchkQ&oh=00_AfX7QmFGhQhG2jAllVgXCiM1ZrWgvtp80-Bfppyexh1QEg&oe=689E923C"},"aioseo_meta_data":{"post_id":"21294","title":null,"description":null,"keywords":null,"keyphrases":null,"primary_term":null,"canonical_url":null,"og_title":null,"og_description":null,"og_object_type":"default","og_image_type":"default","og_image_url":null,"og_image_width":null,"og_image_height":null,"og_image_custom_url":null,"og_image_custom_fields":null,"og_video":null,"og_custom_url":null,"og_article_section":null,"og_article_tags":null,"twitter_use_og":false,"twitter_card":"default","twitter_image_type":"default","twitter_image_url":null,"twitter_image_custom_url":null,"twitter_image_custom_fields":null,"twitter_title":null,"twitter_description":null,"schema":{"blockGraphs":[],"customGraphs":[],"default":{"data":{"Article":[],"Course":[],"Dataset":[],"FAQPage":[],"Movie":[],"Person":[],"Product":[],"ProductReview":[],"Car":[],"Recipe":[],"Service":[],"SoftwareApplication":[],"WebPage":[]},"graphName":"","isEnabled":true},"graphs":[]},"schema_type":"default","schema_type_options":null,"pillar_content":false,"robots_default":true,"robots_noindex":false,"robots_noarchive":false,"robots_nosnippet":false,"robots_nofollow":false,"robots_noimageindex":false,"robots_noodp":false,"robots_notranslate":false,"robots_max_snippet":null,"robots_max_videopreview":null,"robots_max_imagepreview":"large","priority":null,"frequency":null,"local_seo":null,"breadcrumb_settings":null,"limit_modified_date":false,"ai":null,"created":"2025-08-16 17:08:14","updated":"2025-08-16 17:08:14","focus_keyword":null,"additional_keywords":null,"truseo_locale":null,"seo_analyzer_scan_date":null},"aioseo_breadcrumb":"<div class=\"aioseo-breadcrumbs\"><span class=\"aioseo-breadcrumb\">\n\t\t\t<a href=\"https:\/\/anoticiaonline.com.br\/site\" title=\"Home\">Home<\/a>\n\t\t<\/span><span class=\"aioseo-breadcrumb-separator\">&raquo;<\/span><span class=\"aioseo-breadcrumb\">\n\t\t\t<a href=\"https:\/\/anoticiaonline.com.br\/site\/categoria\/muriae\/\" title=\"Blog\">Blog<\/a>\n\t\t<\/span><span class=\"aioseo-breadcrumb-separator\">&raquo;<\/span><span class=\"aioseo-breadcrumb\">\n\t\t\tC\u00e2mara autoriza doa\u00e7\u00e3o de terreno para Posto de Per\u00edcia Integrada e nova sede da 4\u00aa Delegacia de Pol\u00edcia Civil\n\t\t<\/span><\/div>","aioseo_breadcrumb_json":[{"label":"Home","link":"https:\/\/anoticiaonline.com.br\/site"},{"label":"Blog","link":"https:\/\/anoticiaonline.com.br\/site\/categoria\/muriae\/"},{"label":"C\u00e2mara autoriza doa\u00e7\u00e3o de terreno para Posto de Per\u00edcia Integrada e nova sede da 4\u00aa Delegacia de Pol\u00edcia Civil","link":"https:\/\/anoticiaonline.com.br\/site\/camara-autoriza-doacao-de-terreno-para-posto-de-pericia-integrada-e-nova-sede-da-4a-delegacia-de-policia-civil\/"}],"views":200,"_links":{"self":[{"href":"https:\/\/anoticiaonline.com.br\/site\/wp-json\/wp\/v2\/posts\/21294","targetHints":{"allow":["GET"]}}],"collection":[{"href":"https:\/\/anoticiaonline.com.br\/site\/wp-json\/wp\/v2\/posts"}],"about":[{"href":"https:\/\/anoticiaonline.com.br\/site\/wp-json\/wp\/v2\/types\/post"}],"author":[{"embeddable":true,"href":"https:\/\/anoticiaonline.com.br\/site\/wp-json\/wp\/v2\/users\/2"}],"replies":[{"embeddable":true,"href":"https:\/\/anoticiaonline.com.br\/site\/wp-json\/wp\/v2\/comments?post=21294"}],"version-history":[{"count":0,"href":"https:\/\/anoticiaonline.com.br\/site\/wp-json\/wp\/v2\/posts\/21294\/revisions"}],"wp:featuredmedia":[{"embeddable":true,"href":"https:\/\/anoticiaonline.com.br\/site\/wp-json\/wp\/v2\/media\/21295"}],"wp:attachment":[{"href":"https:\/\/anoticiaonline.com.br\/site\/wp-json\/wp\/v2\/media?parent=21294"}],"wp:term":[{"taxonomy":"category","embeddable":true,"href":"https:\/\/anoticiaonline.com.br\/site\/wp-json\/wp\/v2\/categories?post=21294"},{"taxonomy":"post_tag","embeddable":true,"href":"https:\/\/anoticiaonline.com.br\/site\/wp-json\/wp\/v2\/tags?post=21294"}],"curies":[{"name":"wp","href":"https:\/\/api.w.org\/{rel}","templated":true}]}}