{"id":21278,"date":"2016-11-02T08:11:59","date_gmt":"2016-11-02T11:11:59","guid":{"rendered":"http:\/\/anoticiaonline.com.br\/site\/?p=21278"},"modified":"2016-11-02T08:13:57","modified_gmt":"2016-11-02T11:13:57","slug":"exequias-de-um-espirita","status":"publish","type":"post","link":"https:\/\/anoticiaonline.com.br\/site\/exequias-de-um-espirita\/","title":{"rendered":"Ex\u00e9quias de um esp\u00edrita"},"content":{"rendered":"<p><strong>Desconstruir a morte! Tal uma das maiores proezas do Espiritismo!<\/strong><\/p>\n<p><em>\u201cA morte n\u00e3o significa mais que ve\u00edculo para os horizontes sem-fim da verdadeira vida\u201d. &#8211; Joanna de \u00c2ngelis <\/em><\/p>\n<p>Por ocasi\u00e3o do sepultamento do Sr. Nant, membro da Sociedade Parisiense de Estudos Esp\u00edritas, Allan Kardec fez a seguinte alocu\u00e7\u00e3o: \u201csenhores e caros colegas da Sociedade de Paris, e todos v\u00f3s irm\u00e3os em cren\u00e7as aqui presentes!&#8230;<\/p>\n<p>A partida do Sr. Nant para aqui nos conduziu hoje. Vem ele de tornar \u00e0 terra seu despojo mortal para revestir o brilhante envolt\u00f3rio dos Esp\u00edritos. Viemos, segundo a express\u00e3o consagrada, dizer-lhe um \u00faltimo adeus? N\u00e3o, porque sabemos que a morte n\u00e3o \u00e9 t\u00e3o somente a entrada da verdadeira vida, mas uma separa\u00e7\u00e3o corp\u00f3rea de alguns instantes, e que o vazio que ela deixa no seio da fam\u00edlia n\u00e3o \u00e9 sen\u00e3o aparente.<\/p>\n<p>\u00d3 doce e santa cren\u00e7a que nos mostra, sem cessar, ao nosso lado os seres que nos s\u00e3o caros! Fosse ela uma ilus\u00e3o, seria preciso bendiz\u00ea-la, porque enche o cora\u00e7\u00e3o de uma inef\u00e1vel consola\u00e7\u00e3o! Mas n\u00e3o, n\u00e3o \u00e9 uma v\u00e3 esperan\u00e7a, \u00e9 uma realidade que, cada dia, atestam as rela\u00e7\u00f5es que se estabelecem entre os mortos e os vivos segundo a carne. Bendita seja, pois, a ci\u00eancia que nos mostra o t\u00famulo como o umbral da liberta\u00e7\u00e3o e nos ensina a considerar a morte face a face e sem terror!<\/p>\n<p>Oh, meus irm\u00e3os! Lamentemos aqueles que o v\u00e9u da incredulidade cega ainda; \u00e9 para eles que a morte tem apreens\u00f5es terr\u00edveis! Para os sobreviventes \u00e9 mais do que uma separa\u00e7\u00e3o, \u00e9, para todo o sempre, a destrui\u00e7\u00e3o dos seres mais caros; para aquele que v\u00ea se aproximar a \u00faltima hora \u00e9 o abismo do nada que se abre diante dele! Pensamento horr\u00edvel, que legitima as ang\u00fastias e os desesperos&#8230;<\/p>\n<p>Que diferen\u00e7a para aquele que, n\u00e3o s\u00f3 cr\u00ea na Vida Futura, mas que a compreende, que se identifica com ela! N\u00e3o caminha mais com ansiedade para o desconhecido, mas com confian\u00e7a para a nova carreira que se abre diante dele; j\u00e1 a entrev\u00ea, e conta &#8211; com sangue frio &#8211; os minutos que dela o separa ainda, como o viajor que se aproxima do fim de seu caminho, e sabe que, em sua chegada, vai encontrar o repouso e receber os abra\u00e7os de seus amigos.<\/p>\n<p>Tal foi o Sr. Nant! Sua vida tinha sido a do homem de bem por excel\u00eancia; sua morte foi a do justo e do verdadeiro Esp\u00edrita. Sua f\u00e9 nos ensinos de nossa Doutrina era sincera e esclarecida; hauriu imensas consola\u00e7\u00f5es durante sua vida, a resigna\u00e7\u00e3o nos sofrimentos que lhe deram fim, e uma calma radiosa em seus \u00faltimos instantes. Forneceu-nos um tocante exemplo da morte consciente; seguiu com lucidez os progressos da separa\u00e7\u00e3o, que se operou sem abalos, e quando sentiu quebrar-se o \u00faltimo la\u00e7o, bendisse os assistentes; depois, tomando as m\u00e3os de sua neta, crian\u00e7a de dez anos, pousou-a sobre seus olhos para ela mesma fech\u00e1-los.\u00a0 Alguns segundos mais tarde dava o \u00faltimo suspiro, exclamando: Ah! Eu o vejo!<\/p>\n<p>Nesse momento, seu neto, tomado de uma grande emo\u00e7\u00e3o, foi subitamente adormecido pelos Esp\u00edritos; em seu \u00eaxtase, ele viu a alma de seu av\u00f4, acompanhada de uma multid\u00e3o de outros Esp\u00edritos, se elevar no espa\u00e7o, mas presa ainda ao envolt\u00f3rio corp\u00f3reo pelo la\u00e7o flu\u00eddico&#8230; Assim, \u00e0 medida que se fechava sobre ele as portas da vida terrestre, se abriam diante dele as do mundo espiritual, do qual entrevia os esplendores.<\/p>\n<p>\u00d3 sublime e tocante espet\u00e1culo! Que n\u00e3o tinha por testemunhas aqueles que zombam nesta hora da ci\u00eancia que nos revela t\u00e3o consoladores mist\u00e9rios! T\u00ea-la-iam saudado com respeito em lugar de achincalh\u00e1-la. Se lhe lan\u00e7am a ironia e a inj\u00faria, perdoamo-los: \u00e9 que n\u00e3o a conhecem, e que v\u00e3o procur\u00e1-la onde ela n\u00e3o est\u00e1.<\/p>\n<p>Para n\u00f3s, rendamos gra\u00e7as ao Senhor que consentiu em rasgar aos nossos olhos o v\u00e9u que nos separa da Vida Futura, porque a morte n\u00e3o parece tem\u00edvel sen\u00e3o para aqueles que n\u00e3o entreveem nada al\u00e9m. O Espiritismo, ensinando ao homem de onde ele vem, para onde vai, e para que fim est\u00e1 na Terra, dotou-o de um imenso benef\u00edcio, uma vez que lhe d\u00e1 a coragem, a resigna\u00e7\u00e3o e a esperan\u00e7a&#8230;<\/p>\n<p>Caro senhor Nant, n\u00f3s vos acompanhamos pelo pensamento no mundo dos Esp\u00edritos onde ides recolher o fruto de vossas provas terrestres, e as virtudes das quais destes o exemplo. Recebei nosso adeus, at\u00e9 o momento em que nos ser\u00e1 dado em nos juntarmos a v\u00f3s\u201d.<\/p>\n<p>A Imortalidade da Alma e a Comunicabilidade dos Esp\u00edritos provadas pelo Espiritismo assinalam e justificam seu vi\u00e9s consolador. Em toda a hist\u00f3ria da humanidade nenhuma religi\u00e3o e muito menos nenhuma filosofia conseguiu esta proeza lograda pelo Espiritismo: desconstruir a morte como mito e desvelar os incomensur\u00e1veis panoramas do Mundo Maior onde estua a Vida Abundante referida pelo meigo Rabi Galileu.<\/p>\n","protected":false},"excerpt":{"rendered":"<p>Desconstruir a morte! Tal uma das maiores proezas do Espiritismo! \u201cA morte n\u00e3o significa mais que ve\u00edculo para os horizontes sem-fim da verdadeira vida\u201d. &#8211; Joanna de \u00c2ngelis Por ocasi\u00e3o do sepultamento do Sr. Nant, membro da Sociedade Parisiense de Estudos Esp\u00edritas, Allan Kardec fez a seguinte alocu\u00e7\u00e3o: \u201csenhores e caros colegas da Sociedade de &#8230; <a title=\"Ex\u00e9quias de um esp\u00edrita\" class=\"read-more\" href=\"https:\/\/anoticiaonline.com.br\/site\/exequias-de-um-espirita\/\" aria-label=\"Read more about Ex\u00e9quias de um esp\u00edrita\">Ler mais<\/a><\/p>\n","protected":false},"author":2,"featured_media":0,"comment_status":"open","ping_status":"open","sticky":false,"template":"","format":"standard","meta":{"_acf_changed":false,"_monsterinsights_skip_tracking":false,"footnotes":""},"categories":[44],"tags":[],"class_list":["post-21278","post","type-post","status-publish","format-standard","hentry","category-espiritismo-em-foco-de-rogerio-coelho"],"acf":[],"aioseo_notices":[],"aioseo_head":"\n\t\t<!-- All in One SEO 5.0.0.1 - aioseo.com -->\n\t<meta name=\"description\" content=\"Desconstruir a morte! Tal uma das maiores proezas do Espiritismo! \u201cA morte n\u00e3o significa mais que ve\u00edculo para os horizontes sem-fim da verdadeira vida\u201d. - Joanna de \u00c2ngelis Por ocasi\u00e3o do sepultamento do Sr. Nant, membro da Sociedade Parisiense de Estudos Esp\u00edritas, Allan Kardec fez a seguinte alocu\u00e7\u00e3o: \u201csenhores e caros colegas da Sociedade de\" \/>\n\t<meta name=\"robots\" content=\"max-image-preview:large\" \/>\n\t<meta name=\"author\" content=\"Juliana Laviola\"\/>\n\t<link rel=\"canonical\" href=\"https:\/\/anoticiaonline.com.br\/site\/exequias-de-um-espirita\/\" \/>\n\t<meta name=\"generator\" content=\"All in One SEO (AIOSEO) 5.0.0.1\" \/>\n\t\t<meta property=\"og:locale\" content=\"pt_BR\" \/>\n\t\t<meta property=\"og:site_name\" content=\"A Not\u00edcia Online - Noticias de Muria\u00e9 e regi\u00e3o\" \/>\n\t\t<meta property=\"og:type\" content=\"article\" \/>\n\t\t<meta property=\"og:title\" content=\"Ex\u00e9quias de um esp\u00edrita - A Not\u00edcia Online\" \/>\n\t\t<meta property=\"og:description\" content=\"Desconstruir a morte! Tal uma das maiores proezas do Espiritismo! \u201cA morte n\u00e3o significa mais que ve\u00edculo para os horizontes sem-fim da verdadeira vida\u201d. - Joanna de \u00c2ngelis Por ocasi\u00e3o do sepultamento do Sr. Nant, membro da Sociedade Parisiense de Estudos Esp\u00edritas, Allan Kardec fez a seguinte alocu\u00e7\u00e3o: \u201csenhores e caros colegas da Sociedade de\" \/>\n\t\t<meta property=\"og:url\" content=\"https:\/\/anoticiaonline.com.br\/site\/exequias-de-um-espirita\/\" \/>\n\t\t<meta property=\"og:image\" content=\"https:\/\/scontent-gig4-1.xx.fbcdn.net\/v\/t39.30808-1\/270437624_4564083193639691_6907940295614233970_n.jpg?stp=dst-jpg_s200x200_tt6&#038;_nc_cat=111&#038;ccb=1-7&#038;_nc_sid=f907e8&#038;_nc_ohc=SM1wRlP3lJwQ7kNvwEPuBYA&#038;_nc_oc=AdnqrjDN_BNjSSHWO-GbkIWH6fkGMLw4bqvL_NH6e2wMveX7G-rP2dAqsDSq1mJMOaY&#038;_nc_zt=24&#038;_nc_ht=scontent-gig4-1.xx&#038;_nc_gid=AoBFJeGrT1hVaew_6rchkQ&#038;oh=00_AfX7QmFGhQhG2jAllVgXCiM1ZrWgvtp80-Bfppyexh1QEg&#038;oe=689E923C\" \/>\n\t\t<meta property=\"og:image:secure_url\" content=\"https:\/\/scontent-gig4-1.xx.fbcdn.net\/v\/t39.30808-1\/270437624_4564083193639691_6907940295614233970_n.jpg?stp=dst-jpg_s200x200_tt6&#038;_nc_cat=111&#038;ccb=1-7&#038;_nc_sid=f907e8&#038;_nc_ohc=SM1wRlP3lJwQ7kNvwEPuBYA&#038;_nc_oc=AdnqrjDN_BNjSSHWO-GbkIWH6fkGMLw4bqvL_NH6e2wMveX7G-rP2dAqsDSq1mJMOaY&#038;_nc_zt=24&#038;_nc_ht=scontent-gig4-1.xx&#038;_nc_gid=AoBFJeGrT1hVaew_6rchkQ&#038;oh=00_AfX7QmFGhQhG2jAllVgXCiM1ZrWgvtp80-Bfppyexh1QEg&#038;oe=689E923C\" \/>\n\t\t<meta property=\"article:published_time\" content=\"2016-11-02T11:11:59+00:00\" \/>\n\t\t<meta property=\"article:modified_time\" content=\"2016-11-02T11:13:57+00:00\" \/>\n\t\t<meta name=\"twitter:card\" content=\"summary_large_image\" \/>\n\t\t<meta name=\"twitter:title\" content=\"Ex\u00e9quias de um esp\u00edrita - A Not\u00edcia Online\" \/>\n\t\t<meta name=\"twitter:description\" content=\"Desconstruir a morte! Tal uma das maiores proezas do Espiritismo! \u201cA morte n\u00e3o significa mais que ve\u00edculo para os horizontes sem-fim da verdadeira vida\u201d. - Joanna de \u00c2ngelis Por ocasi\u00e3o do sepultamento do Sr. Nant, membro da Sociedade Parisiense de Estudos Esp\u00edritas, Allan Kardec fez a seguinte alocu\u00e7\u00e3o: \u201csenhores e caros colegas da Sociedade de\" \/>\n\t\t<meta name=\"twitter:image\" content=\"https:\/\/scontent-gig4-1.xx.fbcdn.net\/v\/t39.30808-1\/270437624_4564083193639691_6907940295614233970_n.jpg?stp=dst-jpg_s200x200_tt6&amp;_nc_cat=111&amp;ccb=1-7&amp;_nc_sid=f907e8&amp;_nc_ohc=SM1wRlP3lJwQ7kNvwEPuBYA&amp;_nc_oc=AdnqrjDN_BNjSSHWO-GbkIWH6fkGMLw4bqvL_NH6e2wMveX7G-rP2dAqsDSq1mJMOaY&amp;_nc_zt=24&amp;_nc_ht=scontent-gig4-1.xx&amp;_nc_gid=AoBFJeGrT1hVaew_6rchkQ&amp;oh=00_AfX7QmFGhQhG2jAllVgXCiM1ZrWgvtp80-Bfppyexh1QEg&amp;oe=689E923C\" \/>\n\t\t<script type=\"application\/ld+json\" class=\"aioseo-schema\">\n\t\t\t{\"@context\":\"https:\\\/\\\/schema.org\",\"@graph\":[{\"@type\":\"BlogPosting\",\"@id\":\"https:\\\/\\\/anoticiaonline.com.br\\\/site\\\/exequias-de-um-espirita\\\/#blogposting\",\"name\":\"Ex\\u00e9quias de um esp\\u00edrita - A Not\\u00edcia Online\",\"headline\":\"Ex\\u00e9quias de um esp\\u00edrita\",\"author\":{\"@id\":\"https:\\\/\\\/anoticiaonline.com.br\\\/site\\\/author\\\/juliana\\\/#author\"},\"publisher\":{\"@id\":\"https:\\\/\\\/anoticiaonline.com.br\\\/site\\\/#organization\"},\"image\":{\"@type\":\"ImageObject\",\"url\":\"https:\\\/\\\/scontent-gig4-1.xx.fbcdn.net\\\/v\\\/t39.30808-1\\\/270437624_4564083193639691_6907940295614233970_n.jpg?stp=dst-jpg_s200x200_tt6&_nc_cat=111&ccb=1-7&_nc_sid=f907e8&_nc_ohc=SM1wRlP3lJwQ7kNvwEPuBYA&_nc_oc=AdnqrjDN_BNjSSHWO-GbkIWH6fkGMLw4bqvL_NH6e2wMveX7G-rP2dAqsDSq1mJMOaY&_nc_zt=24&_nc_ht=scontent-gig4-1.xx&_nc_gid=AoBFJeGrT1hVaew_6rchkQ&oh=00_AfX7QmFGhQhG2jAllVgXCiM1ZrWgvtp80-Bfppyexh1QEg&oe=689E923C\",\"@id\":\"https:\\\/\\\/anoticiaonline.com.br\\\/site\\\/#articleImage\"},\"datePublished\":\"2016-11-02T08:11:59-03:00\",\"dateModified\":\"2016-11-02T08:13:57-03:00\",\"inLanguage\":\"pt-BR\",\"mainEntityOfPage\":{\"@id\":\"https:\\\/\\\/anoticiaonline.com.br\\\/site\\\/exequias-de-um-espirita\\\/#webpage\"},\"isPartOf\":{\"@id\":\"https:\\\/\\\/anoticiaonline.com.br\\\/site\\\/exequias-de-um-espirita\\\/#webpage\"},\"articleSection\":\"Espiritismo em Foco, por Rog\\u00e9rio Coelho\"},{\"@type\":\"BreadcrumbList\",\"@id\":\"https:\\\/\\\/anoticiaonline.com.br\\\/site\\\/exequias-de-um-espirita\\\/#breadcrumblist\",\"itemListElement\":[{\"@type\":\"ListItem\",\"@id\":\"https:\\\/\\\/anoticiaonline.com.br\\\/site#listItem\",\"position\":1,\"name\":\"Home\",\"item\":\"https:\\\/\\\/anoticiaonline.com.br\\\/site\",\"nextItem\":{\"@type\":\"ListItem\",\"@id\":\"https:\\\/\\\/anoticiaonline.com.br\\\/site\\\/categoria\\\/colunistas\\\/#listItem\",\"name\":\"Colunistas\"}},{\"@type\":\"ListItem\",\"@id\":\"https:\\\/\\\/anoticiaonline.com.br\\\/site\\\/categoria\\\/colunistas\\\/#listItem\",\"position\":2,\"name\":\"Colunistas\",\"item\":\"https:\\\/\\\/anoticiaonline.com.br\\\/site\\\/categoria\\\/colunistas\\\/\",\"nextItem\":{\"@type\":\"ListItem\",\"@id\":\"https:\\\/\\\/anoticiaonline.com.br\\\/site\\\/categoria\\\/colunistas\\\/espiritismo-em-foco-de-rogerio-coelho\\\/#listItem\",\"name\":\"Espiritismo em Foco, por Rog\\u00e9rio Coelho\"},\"previousItem\":{\"@type\":\"ListItem\",\"@id\":\"https:\\\/\\\/anoticiaonline.com.br\\\/site#listItem\",\"name\":\"Home\"}},{\"@type\":\"ListItem\",\"@id\":\"https:\\\/\\\/anoticiaonline.com.br\\\/site\\\/categoria\\\/colunistas\\\/espiritismo-em-foco-de-rogerio-coelho\\\/#listItem\",\"position\":3,\"name\":\"Espiritismo em Foco, por Rog\\u00e9rio Coelho\",\"item\":\"https:\\\/\\\/anoticiaonline.com.br\\\/site\\\/categoria\\\/colunistas\\\/espiritismo-em-foco-de-rogerio-coelho\\\/\",\"nextItem\":{\"@type\":\"ListItem\",\"@id\":\"https:\\\/\\\/anoticiaonline.com.br\\\/site\\\/exequias-de-um-espirita\\\/#listItem\",\"name\":\"Ex\\u00e9quias de um esp\\u00edrita\"},\"previousItem\":{\"@type\":\"ListItem\",\"@id\":\"https:\\\/\\\/anoticiaonline.com.br\\\/site\\\/categoria\\\/colunistas\\\/#listItem\",\"name\":\"Colunistas\"}},{\"@type\":\"ListItem\",\"@id\":\"https:\\\/\\\/anoticiaonline.com.br\\\/site\\\/exequias-de-um-espirita\\\/#listItem\",\"position\":4,\"name\":\"Ex\\u00e9quias de um esp\\u00edrita\",\"previousItem\":{\"@type\":\"ListItem\",\"@id\":\"https:\\\/\\\/anoticiaonline.com.br\\\/site\\\/categoria\\\/colunistas\\\/espiritismo-em-foco-de-rogerio-coelho\\\/#listItem\",\"name\":\"Espiritismo em Foco, por Rog\\u00e9rio Coelho\"}}]},{\"@type\":\"Organization\",\"@id\":\"https:\\\/\\\/anoticiaonline.com.br\\\/site\\\/#organization\",\"name\":\"A Not\\u00edcia Online\",\"description\":\"Noticias de Muria\\u00e9 e regi\\u00e3o\",\"url\":\"https:\\\/\\\/anoticiaonline.com.br\\\/site\\\/\",\"logo\":{\"@type\":\"ImageObject\",\"url\":\"https:\\\/\\\/scontent-gig4-1.xx.fbcdn.net\\\/v\\\/t39.30808-1\\\/270437624_4564083193639691_6907940295614233970_n.jpg?stp=dst-jpg_s200x200_tt6&_nc_cat=111&ccb=1-7&_nc_sid=f907e8&_nc_ohc=SM1wRlP3lJwQ7kNvwEPuBYA&_nc_oc=AdnqrjDN_BNjSSHWO-GbkIWH6fkGMLw4bqvL_NH6e2wMveX7G-rP2dAqsDSq1mJMOaY&_nc_zt=24&_nc_ht=scontent-gig4-1.xx&_nc_gid=AoBFJeGrT1hVaew_6rchkQ&oh=00_AfX7QmFGhQhG2jAllVgXCiM1ZrWgvtp80-Bfppyexh1QEg&oe=689E923C\",\"@id\":\"https:\\\/\\\/anoticiaonline.com.br\\\/site\\\/exequias-de-um-espirita\\\/#organizationLogo\"},\"image\":{\"@id\":\"https:\\\/\\\/anoticiaonline.com.br\\\/site\\\/exequias-de-um-espirita\\\/#organizationLogo\"}},{\"@type\":\"Person\",\"@id\":\"https:\\\/\\\/anoticiaonline.com.br\\\/site\\\/author\\\/juliana\\\/#author\",\"url\":\"https:\\\/\\\/anoticiaonline.com.br\\\/site\\\/author\\\/juliana\\\/\",\"name\":\"Juliana Laviola\",\"image\":{\"@type\":\"ImageObject\",\"@id\":\"https:\\\/\\\/anoticiaonline.com.br\\\/site\\\/exequias-de-um-espirita\\\/#authorImage\",\"url\":\"https:\\\/\\\/secure.gravatar.com\\\/avatar\\\/b8d45f5c699b100dfaf0e543582f38f38bf94cb7ae3a5e9abf8d891a34773335?s=96&d=mm&r=g\",\"width\":96,\"height\":96,\"caption\":\"Juliana Laviola\"}},{\"@type\":\"WebPage\",\"@id\":\"https:\\\/\\\/anoticiaonline.com.br\\\/site\\\/exequias-de-um-espirita\\\/#webpage\",\"url\":\"https:\\\/\\\/anoticiaonline.com.br\\\/site\\\/exequias-de-um-espirita\\\/\",\"name\":\"Ex\\u00e9quias de um esp\\u00edrita - A Not\\u00edcia Online\",\"description\":\"Desconstruir a morte! Tal uma das maiores proezas do Espiritismo! \\u201cA morte n\\u00e3o significa mais que ve\\u00edculo para os horizontes sem-fim da verdadeira vida\\u201d. - Joanna de \\u00c2ngelis Por ocasi\\u00e3o do sepultamento do Sr. Nant, membro da Sociedade Parisiense de Estudos Esp\\u00edritas, Allan Kardec fez a seguinte alocu\\u00e7\\u00e3o: \\u201csenhores e caros colegas da Sociedade de\",\"inLanguage\":\"pt-BR\",\"isPartOf\":{\"@id\":\"https:\\\/\\\/anoticiaonline.com.br\\\/site\\\/#website\"},\"breadcrumb\":{\"@id\":\"https:\\\/\\\/anoticiaonline.com.br\\\/site\\\/exequias-de-um-espirita\\\/#breadcrumblist\"},\"author\":{\"@id\":\"https:\\\/\\\/anoticiaonline.com.br\\\/site\\\/author\\\/juliana\\\/#author\"},\"creator\":{\"@id\":\"https:\\\/\\\/anoticiaonline.com.br\\\/site\\\/author\\\/juliana\\\/#author\"},\"datePublished\":\"2016-11-02T08:11:59-03:00\",\"dateModified\":\"2016-11-02T08:13:57-03:00\"},{\"@type\":\"WebSite\",\"@id\":\"https:\\\/\\\/anoticiaonline.com.br\\\/site\\\/#website\",\"url\":\"https:\\\/\\\/anoticiaonline.com.br\\\/site\\\/\",\"name\":\"A Not\\u00edcia Online\",\"description\":\"Noticias de Muria\\u00e9 e regi\\u00e3o\",\"inLanguage\":\"pt-BR\",\"publisher\":{\"@id\":\"https:\\\/\\\/anoticiaonline.com.br\\\/site\\\/#organization\"}}]}\n\t\t<\/script>\n\t\t<!-- All in One SEO -->\n\n","aioseo_head_json":{"title":"Ex\u00e9quias de um esp\u00edrita - A Not\u00edcia Online","description":"Desconstruir a morte! Tal uma das maiores proezas do Espiritismo! \u201cA morte n\u00e3o significa mais que ve\u00edculo para os horizontes sem-fim da verdadeira vida\u201d. - Joanna de \u00c2ngelis Por ocasi\u00e3o do sepultamento do Sr. Nant, membro da Sociedade Parisiense de Estudos Esp\u00edritas, Allan Kardec fez a seguinte alocu\u00e7\u00e3o: \u201csenhores e caros colegas da Sociedade de","canonical_url":"https:\/\/anoticiaonline.com.br\/site\/exequias-de-um-espirita\/","robots":"max-image-preview:large","keywords":"","webmasterTools":{"miscellaneous":""},"schema":{"@context":"https:\/\/schema.org","@graph":[{"@type":"BlogPosting","@id":"https:\/\/anoticiaonline.com.br\/site\/exequias-de-um-espirita\/#blogposting","name":"Ex\u00e9quias de um esp\u00edrita - A Not\u00edcia Online","headline":"Ex\u00e9quias de um esp\u00edrita","author":{"@id":"https:\/\/anoticiaonline.com.br\/site\/author\/juliana\/#author"},"publisher":{"@id":"https:\/\/anoticiaonline.com.br\/site\/#organization"},"image":{"@type":"ImageObject","url":"https:\/\/scontent-gig4-1.xx.fbcdn.net\/v\/t39.30808-1\/270437624_4564083193639691_6907940295614233970_n.jpg?stp=dst-jpg_s200x200_tt6&_nc_cat=111&ccb=1-7&_nc_sid=f907e8&_nc_ohc=SM1wRlP3lJwQ7kNvwEPuBYA&_nc_oc=AdnqrjDN_BNjSSHWO-GbkIWH6fkGMLw4bqvL_NH6e2wMveX7G-rP2dAqsDSq1mJMOaY&_nc_zt=24&_nc_ht=scontent-gig4-1.xx&_nc_gid=AoBFJeGrT1hVaew_6rchkQ&oh=00_AfX7QmFGhQhG2jAllVgXCiM1ZrWgvtp80-Bfppyexh1QEg&oe=689E923C","@id":"https:\/\/anoticiaonline.com.br\/site\/#articleImage"},"datePublished":"2016-11-02T08:11:59-03:00","dateModified":"2016-11-02T08:13:57-03:00","inLanguage":"pt-BR","mainEntityOfPage":{"@id":"https:\/\/anoticiaonline.com.br\/site\/exequias-de-um-espirita\/#webpage"},"isPartOf":{"@id":"https:\/\/anoticiaonline.com.br\/site\/exequias-de-um-espirita\/#webpage"},"articleSection":"Espiritismo em Foco, por Rog\u00e9rio Coelho"},{"@type":"BreadcrumbList","@id":"https:\/\/anoticiaonline.com.br\/site\/exequias-de-um-espirita\/#breadcrumblist","itemListElement":[{"@type":"ListItem","@id":"https:\/\/anoticiaonline.com.br\/site#listItem","position":1,"name":"Home","item":"https:\/\/anoticiaonline.com.br\/site","nextItem":{"@type":"ListItem","@id":"https:\/\/anoticiaonline.com.br\/site\/categoria\/colunistas\/#listItem","name":"Colunistas"}},{"@type":"ListItem","@id":"https:\/\/anoticiaonline.com.br\/site\/categoria\/colunistas\/#listItem","position":2,"name":"Colunistas","item":"https:\/\/anoticiaonline.com.br\/site\/categoria\/colunistas\/","nextItem":{"@type":"ListItem","@id":"https:\/\/anoticiaonline.com.br\/site\/categoria\/colunistas\/espiritismo-em-foco-de-rogerio-coelho\/#listItem","name":"Espiritismo em Foco, por Rog\u00e9rio Coelho"},"previousItem":{"@type":"ListItem","@id":"https:\/\/anoticiaonline.com.br\/site#listItem","name":"Home"}},{"@type":"ListItem","@id":"https:\/\/anoticiaonline.com.br\/site\/categoria\/colunistas\/espiritismo-em-foco-de-rogerio-coelho\/#listItem","position":3,"name":"Espiritismo em Foco, por Rog\u00e9rio Coelho","item":"https:\/\/anoticiaonline.com.br\/site\/categoria\/colunistas\/espiritismo-em-foco-de-rogerio-coelho\/","nextItem":{"@type":"ListItem","@id":"https:\/\/anoticiaonline.com.br\/site\/exequias-de-um-espirita\/#listItem","name":"Ex\u00e9quias de um esp\u00edrita"},"previousItem":{"@type":"ListItem","@id":"https:\/\/anoticiaonline.com.br\/site\/categoria\/colunistas\/#listItem","name":"Colunistas"}},{"@type":"ListItem","@id":"https:\/\/anoticiaonline.com.br\/site\/exequias-de-um-espirita\/#listItem","position":4,"name":"Ex\u00e9quias de um esp\u00edrita","previousItem":{"@type":"ListItem","@id":"https:\/\/anoticiaonline.com.br\/site\/categoria\/colunistas\/espiritismo-em-foco-de-rogerio-coelho\/#listItem","name":"Espiritismo em Foco, por Rog\u00e9rio Coelho"}}]},{"@type":"Organization","@id":"https:\/\/anoticiaonline.com.br\/site\/#organization","name":"A Not\u00edcia Online","description":"Noticias de Muria\u00e9 e regi\u00e3o","url":"https:\/\/anoticiaonline.com.br\/site\/","logo":{"@type":"ImageObject","url":"https:\/\/scontent-gig4-1.xx.fbcdn.net\/v\/t39.30808-1\/270437624_4564083193639691_6907940295614233970_n.jpg?stp=dst-jpg_s200x200_tt6&_nc_cat=111&ccb=1-7&_nc_sid=f907e8&_nc_ohc=SM1wRlP3lJwQ7kNvwEPuBYA&_nc_oc=AdnqrjDN_BNjSSHWO-GbkIWH6fkGMLw4bqvL_NH6e2wMveX7G-rP2dAqsDSq1mJMOaY&_nc_zt=24&_nc_ht=scontent-gig4-1.xx&_nc_gid=AoBFJeGrT1hVaew_6rchkQ&oh=00_AfX7QmFGhQhG2jAllVgXCiM1ZrWgvtp80-Bfppyexh1QEg&oe=689E923C","@id":"https:\/\/anoticiaonline.com.br\/site\/exequias-de-um-espirita\/#organizationLogo"},"image":{"@id":"https:\/\/anoticiaonline.com.br\/site\/exequias-de-um-espirita\/#organizationLogo"}},{"@type":"Person","@id":"https:\/\/anoticiaonline.com.br\/site\/author\/juliana\/#author","url":"https:\/\/anoticiaonline.com.br\/site\/author\/juliana\/","name":"Juliana Laviola","image":{"@type":"ImageObject","@id":"https:\/\/anoticiaonline.com.br\/site\/exequias-de-um-espirita\/#authorImage","url":"https:\/\/secure.gravatar.com\/avatar\/b8d45f5c699b100dfaf0e543582f38f38bf94cb7ae3a5e9abf8d891a34773335?s=96&d=mm&r=g","width":96,"height":96,"caption":"Juliana Laviola"}},{"@type":"WebPage","@id":"https:\/\/anoticiaonline.com.br\/site\/exequias-de-um-espirita\/#webpage","url":"https:\/\/anoticiaonline.com.br\/site\/exequias-de-um-espirita\/","name":"Ex\u00e9quias de um esp\u00edrita - A Not\u00edcia Online","description":"Desconstruir a morte! Tal uma das maiores proezas do Espiritismo! \u201cA morte n\u00e3o significa mais que ve\u00edculo para os horizontes sem-fim da verdadeira vida\u201d. - Joanna de \u00c2ngelis Por ocasi\u00e3o do sepultamento do Sr. Nant, membro da Sociedade Parisiense de Estudos Esp\u00edritas, Allan Kardec fez a seguinte alocu\u00e7\u00e3o: \u201csenhores e caros colegas da Sociedade de","inLanguage":"pt-BR","isPartOf":{"@id":"https:\/\/anoticiaonline.com.br\/site\/#website"},"breadcrumb":{"@id":"https:\/\/anoticiaonline.com.br\/site\/exequias-de-um-espirita\/#breadcrumblist"},"author":{"@id":"https:\/\/anoticiaonline.com.br\/site\/author\/juliana\/#author"},"creator":{"@id":"https:\/\/anoticiaonline.com.br\/site\/author\/juliana\/#author"},"datePublished":"2016-11-02T08:11:59-03:00","dateModified":"2016-11-02T08:13:57-03:00"},{"@type":"WebSite","@id":"https:\/\/anoticiaonline.com.br\/site\/#website","url":"https:\/\/anoticiaonline.com.br\/site\/","name":"A Not\u00edcia Online","description":"Noticias de Muria\u00e9 e regi\u00e3o","inLanguage":"pt-BR","publisher":{"@id":"https:\/\/anoticiaonline.com.br\/site\/#organization"}}]},"og:locale":"pt_BR","og:site_name":"A Not\u00edcia Online - Noticias de Muria\u00e9 e regi\u00e3o","og:type":"article","og:title":"Ex\u00e9quias de um esp\u00edrita - A Not\u00edcia Online","og:description":"Desconstruir a morte! Tal uma das maiores proezas do Espiritismo! \u201cA morte n\u00e3o significa mais que ve\u00edculo para os horizontes sem-fim da verdadeira vida\u201d. - Joanna de \u00c2ngelis Por ocasi\u00e3o do sepultamento do Sr. Nant, membro da Sociedade Parisiense de Estudos Esp\u00edritas, Allan Kardec fez a seguinte alocu\u00e7\u00e3o: \u201csenhores e caros colegas da Sociedade de","og:url":"https:\/\/anoticiaonline.com.br\/site\/exequias-de-um-espirita\/","og:image":"https:\/\/scontent-gig4-1.xx.fbcdn.net\/v\/t39.30808-1\/270437624_4564083193639691_6907940295614233970_n.jpg?stp=dst-jpg_s200x200_tt6&#038;_nc_cat=111&#038;ccb=1-7&#038;_nc_sid=f907e8&#038;_nc_ohc=SM1wRlP3lJwQ7kNvwEPuBYA&#038;_nc_oc=AdnqrjDN_BNjSSHWO-GbkIWH6fkGMLw4bqvL_NH6e2wMveX7G-rP2dAqsDSq1mJMOaY&#038;_nc_zt=24&#038;_nc_ht=scontent-gig4-1.xx&#038;_nc_gid=AoBFJeGrT1hVaew_6rchkQ&#038;oh=00_AfX7QmFGhQhG2jAllVgXCiM1ZrWgvtp80-Bfppyexh1QEg&#038;oe=689E923C","og:image:secure_url":"https:\/\/scontent-gig4-1.xx.fbcdn.net\/v\/t39.30808-1\/270437624_4564083193639691_6907940295614233970_n.jpg?stp=dst-jpg_s200x200_tt6&#038;_nc_cat=111&#038;ccb=1-7&#038;_nc_sid=f907e8&#038;_nc_ohc=SM1wRlP3lJwQ7kNvwEPuBYA&#038;_nc_oc=AdnqrjDN_BNjSSHWO-GbkIWH6fkGMLw4bqvL_NH6e2wMveX7G-rP2dAqsDSq1mJMOaY&#038;_nc_zt=24&#038;_nc_ht=scontent-gig4-1.xx&#038;_nc_gid=AoBFJeGrT1hVaew_6rchkQ&#038;oh=00_AfX7QmFGhQhG2jAllVgXCiM1ZrWgvtp80-Bfppyexh1QEg&#038;oe=689E923C","article:published_time":"2016-11-02T11:11:59+00:00","article:modified_time":"2016-11-02T11:13:57+00:00","twitter:card":"summary_large_image","twitter:title":"Ex\u00e9quias de um esp\u00edrita - A Not\u00edcia Online","twitter:description":"Desconstruir a morte! Tal uma das maiores proezas do Espiritismo! \u201cA morte n\u00e3o significa mais que ve\u00edculo para os horizontes sem-fim da verdadeira vida\u201d. - Joanna de \u00c2ngelis Por ocasi\u00e3o do sepultamento do Sr. Nant, membro da Sociedade Parisiense de Estudos Esp\u00edritas, Allan Kardec fez a seguinte alocu\u00e7\u00e3o: \u201csenhores e caros colegas da Sociedade de","twitter:image":"https:\/\/scontent-gig4-1.xx.fbcdn.net\/v\/t39.30808-1\/270437624_4564083193639691_6907940295614233970_n.jpg?stp=dst-jpg_s200x200_tt6&_nc_cat=111&ccb=1-7&_nc_sid=f907e8&_nc_ohc=SM1wRlP3lJwQ7kNvwEPuBYA&_nc_oc=AdnqrjDN_BNjSSHWO-GbkIWH6fkGMLw4bqvL_NH6e2wMveX7G-rP2dAqsDSq1mJMOaY&_nc_zt=24&_nc_ht=scontent-gig4-1.xx&_nc_gid=AoBFJeGrT1hVaew_6rchkQ&oh=00_AfX7QmFGhQhG2jAllVgXCiM1ZrWgvtp80-Bfppyexh1QEg&oe=689E923C"},"aioseo_meta_data":{"post_id":"21278","title":null,"description":null,"keywords":null,"keyphrases":null,"primary_term":null,"canonical_url":null,"og_title":null,"og_description":null,"og_object_type":"default","og_image_type":"default","og_image_url":null,"og_image_width":null,"og_image_height":null,"og_image_custom_url":null,"og_image_custom_fields":null,"og_video":null,"og_custom_url":null,"og_article_section":null,"og_article_tags":null,"twitter_use_og":false,"twitter_card":"default","twitter_image_type":"default","twitter_image_url":null,"twitter_image_custom_url":null,"twitter_image_custom_fields":null,"twitter_title":null,"twitter_description":null,"schema":{"blockGraphs":[],"customGraphs":[],"default":{"data":{"Article":[],"Course":[],"Dataset":[],"FAQPage":[],"Movie":[],"Person":[],"Product":[],"ProductReview":[],"Car":[],"Recipe":[],"Service":[],"SoftwareApplication":[],"WebPage":[]},"graphName":"","isEnabled":true},"graphs":[]},"schema_type":"default","schema_type_options":null,"pillar_content":false,"robots_default":true,"robots_noindex":false,"robots_noarchive":false,"robots_nosnippet":false,"robots_nofollow":false,"robots_noimageindex":false,"robots_noodp":false,"robots_notranslate":false,"robots_max_snippet":null,"robots_max_videopreview":null,"robots_max_imagepreview":"large","priority":null,"frequency":null,"local_seo":null,"breadcrumb_settings":null,"limit_modified_date":false,"ai":null,"created":"2025-08-16 17:08:13","updated":"2025-08-16 17:08:13","focus_keyword":null,"additional_keywords":null,"truseo_locale":null,"seo_analyzer_scan_date":null},"aioseo_breadcrumb":"<div class=\"aioseo-breadcrumbs\"><span class=\"aioseo-breadcrumb\">\n\t\t\t<a href=\"https:\/\/anoticiaonline.com.br\/site\" title=\"Home\">Home<\/a>\n\t\t<\/span><span class=\"aioseo-breadcrumb-separator\">&raquo;<\/span><span class=\"aioseo-breadcrumb\">\n\t\t\t<a href=\"https:\/\/anoticiaonline.com.br\/site\/categoria\/colunistas\/\" title=\"Colunistas\">Colunistas<\/a>\n\t\t<\/span><span class=\"aioseo-breadcrumb-separator\">&raquo;<\/span><span class=\"aioseo-breadcrumb\">\n\t\t\t<a href=\"https:\/\/anoticiaonline.com.br\/site\/categoria\/colunistas\/espiritismo-em-foco-de-rogerio-coelho\/\" title=\"Espiritismo em Foco, por Rog\u00e9rio Coelho\">Espiritismo em Foco, por Rog\u00e9rio Coelho<\/a>\n\t\t<\/span><span class=\"aioseo-breadcrumb-separator\">&raquo;<\/span><span class=\"aioseo-breadcrumb\">\n\t\t\tEx\u00e9quias de um esp\u00edrita\n\t\t<\/span><\/div>","aioseo_breadcrumb_json":[{"label":"Home","link":"https:\/\/anoticiaonline.com.br\/site"},{"label":"Colunistas","link":"https:\/\/anoticiaonline.com.br\/site\/categoria\/colunistas\/"},{"label":"Espiritismo em Foco, por Rog\u00e9rio Coelho","link":"https:\/\/anoticiaonline.com.br\/site\/categoria\/colunistas\/espiritismo-em-foco-de-rogerio-coelho\/"},{"label":"Ex\u00e9quias de um esp\u00edrita","link":"https:\/\/anoticiaonline.com.br\/site\/exequias-de-um-espirita\/"}],"views":134,"_links":{"self":[{"href":"https:\/\/anoticiaonline.com.br\/site\/wp-json\/wp\/v2\/posts\/21278","targetHints":{"allow":["GET"]}}],"collection":[{"href":"https:\/\/anoticiaonline.com.br\/site\/wp-json\/wp\/v2\/posts"}],"about":[{"href":"https:\/\/anoticiaonline.com.br\/site\/wp-json\/wp\/v2\/types\/post"}],"author":[{"embeddable":true,"href":"https:\/\/anoticiaonline.com.br\/site\/wp-json\/wp\/v2\/users\/2"}],"replies":[{"embeddable":true,"href":"https:\/\/anoticiaonline.com.br\/site\/wp-json\/wp\/v2\/comments?post=21278"}],"version-history":[{"count":0,"href":"https:\/\/anoticiaonline.com.br\/site\/wp-json\/wp\/v2\/posts\/21278\/revisions"}],"wp:attachment":[{"href":"https:\/\/anoticiaonline.com.br\/site\/wp-json\/wp\/v2\/media?parent=21278"}],"wp:term":[{"taxonomy":"category","embeddable":true,"href":"https:\/\/anoticiaonline.com.br\/site\/wp-json\/wp\/v2\/categories?post=21278"},{"taxonomy":"post_tag","embeddable":true,"href":"https:\/\/anoticiaonline.com.br\/site\/wp-json\/wp\/v2\/tags?post=21278"}],"curies":[{"name":"wp","href":"https:\/\/api.w.org\/{rel}","templated":true}]}}