{"id":21209,"date":"2016-11-01T13:56:47","date_gmt":"2016-11-01T16:56:47","guid":{"rendered":"http:\/\/anoticiaonline.com.br\/site\/?p=21209"},"modified":"2016-11-01T14:00:45","modified_gmt":"2016-11-01T17:00:45","slug":"amle-faz-homenagem-postuma-ao-escritor-politico-e-ex-diplomata-jose-alcino-bicalho","status":"publish","type":"post","link":"https:\/\/anoticiaonline.com.br\/site\/amle-faz-homenagem-postuma-ao-escritor-politico-e-ex-diplomata-jose-alcino-bicalho\/","title":{"rendered":"AMLE faz homenagem p\u00f3stuma ao escritor, pol\u00edtico e ex-diplomata, Jos\u00e9 Alcino Bicalho"},"content":{"rendered":"<figure id=\"attachment_21210\" aria-describedby=\"caption-attachment-21210\" style=\"width: 290px\" class=\"wp-caption alignleft\"><a href=\"https:\/\/anoticiaonline.com.br\/site\/wp-content\/uploads\/2016\/11\/DSC06965.jpg\"><img fetchpriority=\"high\" decoding=\"async\" class=\"size-medium wp-image-21210\" src=\"https:\/\/anoticiaonline.com.br\/site\/wp-content\/uploads\/2016\/11\/DSC06965-300x199.jpg\" alt=\"A vi\u00fava de Jos\u00e9 Alcino, Dona Zez\u00e9, com os membros da AMLE\" width=\"300\" height=\"199\" srcset=\"https:\/\/anoticiaonline.com.br\/site\/wp-content\/uploads\/2016\/11\/DSC06965-300x199.jpg 300w, https:\/\/anoticiaonline.com.br\/site\/wp-content\/uploads\/2016\/11\/DSC06965.jpg 640w\" sizes=\"(max-width: 300px) 100vw, 300px\" \/><\/a><figcaption id=\"caption-attachment-21210\" class=\"wp-caption-text\">A vi\u00fava de Jos\u00e9 Alcino, Dona Zez\u00e9, com os membros da AMLE<\/figcaption><\/figure>\n<p>A Academia Muriaeense de Letras (AMLE) fez uma homenagem p\u00f3stuma ao escritor, pol\u00edtico e ex-diplomata, o ilustre miradourense Jos\u00e9 Alcino Bicalho, falecido aos 96 anos no dia 26 de julho deste ano, ap\u00f3s sua luta contra o c\u00e2ncer. Atrav\u00e9s do Decreto n\u00ba 001\/2016, o homenageado, que tamb\u00e9m era membro da AMLE, ocupando a Cadeira de n\u00ba 30, foi nomeado patrono da biblioteca da institui\u00e7\u00e3o.<\/p>\n<p>A solenidade, denominada \u201cCerim\u00f4nia de Cadeira Vazia\u201d, aconteceu no s\u00e1bado (29), na sede da academia, localizada na Avenida Eud\u00f3xia Can\u00eado, 2, Centro, contou com a presen\u00e7a dos acad\u00eamicos que comp\u00f5em a diretoria da ALME bi\u00eanio 2015\/2016, da vi\u00fava do homenageado, Dona Maria Jos\u00e9 Barreto Bicalho, a filha Ana L\u00facia, genro, cunhado, sobrinhos e outros familiares. Jos\u00e9 Alcino tamb\u00e9m foi pai de S\u00edlvia Helena, M\u00e1rcia e Isabela.<\/p>\n<p>A presidente da AMLE, Val\u00e9ria Fernandes, afirma que a homenagem \u00e9 uma forma de agradecer quem \u201cmuito valorizou e enriqueceu essa institui\u00e7\u00e3o\u201d. \u201cA presen\u00e7a de Jos\u00e9 Alcino permanecer\u00e1 viva na mem\u00f3ria de cada um de n\u00f3s, em suas falas brilhantes, em sua preocupa\u00e7\u00e3o de n\u00e3o extrapolar com suas considera\u00e7\u00f5es e no exemplo magn\u00edfico de homem e cidad\u00e3o honrado e do mineiro que sempre propagou o valor das Minas Gerais al\u00e9m Brasil. Foi uma b\u00ean\u00e7\u00e3o e uma d\u00e1diva termos entre n\u00f3s, acad\u00eamicos, a presen\u00e7a de um colega t\u00e3o ilustre e que tanto nos ensinou\u201d, afirma.<\/p>\n<p>Emocionada e agradecida, a vi\u00fava Dona Zez\u00e9 se pronunciou em nome da fam\u00edlia. Em seu discurso, ela disse que \u201cZ\u00e9 Alcino teve muitos t\u00edtulos, mas a imortalidade foi a Academia Muriaeense de Letras que concedeu\u201d.<\/p>\n<p>Como a Cadeira de n\u00ba 30 est\u00e1 vaga pelo falecimento do seu titular, Jos\u00e9 Alcino, nos termos no Regimento Interno da AMLE, cumprindo a tradi\u00e7\u00e3o desse assento entre os acad\u00eamicos titulares, foi colocado a p\u00fablico a vac\u00e2ncia da cadeira, para que os interessados indicados pelos acad\u00eamicos concorram \u00e0 vaga.<\/p>\n<figure id=\"attachment_21211\" aria-describedby=\"caption-attachment-21211\" style=\"width: 250px\" class=\"wp-caption alignleft\"><a href=\"https:\/\/anoticiaonline.com.br\/site\/wp-content\/uploads\/2016\/11\/foto-capa.jpg\"><img decoding=\"async\" class=\"size-medium wp-image-21211\" src=\"https:\/\/anoticiaonline.com.br\/site\/wp-content\/uploads\/2016\/11\/foto-capa-260x300.jpg\" alt=\"Jos\u00e9 Alcino Bicalho (Arquivo A NOT\u00cdCIA)\" width=\"260\" height=\"300\" srcset=\"https:\/\/anoticiaonline.com.br\/site\/wp-content\/uploads\/2016\/11\/foto-capa-260x300.jpg 260w, https:\/\/anoticiaonline.com.br\/site\/wp-content\/uploads\/2016\/11\/foto-capa.jpg 554w\" sizes=\"(max-width: 260px) 100vw, 260px\" \/><\/a><figcaption id=\"caption-attachment-21211\" class=\"wp-caption-text\">Jos\u00e9 Alcino Bicalho (Arquivo A NOT\u00cdCIA)<\/figcaption><\/figure>\n<p><strong>VIDA E OBRA DE JOS\u00c9 ALCINO &#8211;<\/strong> Nascido em 9 de junho de 1920, em Santa Rita do Gl\u00f3ria (atual Miradouro), Jos\u00e9 Alcino Bicalho foi diretor de grandes empresas, como a estatal Usiminas e do\u00a0 Banco do Estado de Minas Gerais (Bemge). Formado em Farm\u00e1cia e Economia, Jos\u00e9 Alcino era um bibli\u00f3filo e poeta. Foi c\u00f4nsul honor\u00e1rio do Marrocos e um dos grandes assessores e amigo do presidente Juscelino Kubitschek \u2013 o presidente JK e sua esposa Sara foram, inclusive, padrinhos de casamento de Jos\u00e9 Alcino, em cerim\u00f4nia realizada na igreja da Candel\u00e1ria, no Rio de Janeiro.<\/p>\n<p>Amante dos livros e colecionador desprendido, colocou seu acervo de obras raras \u00e0 disposi\u00e7\u00e3o do p\u00fablico por meio da Biblioteca P\u00fablica Estadual Luiz de Bessa, em Belo Horizonte. O livro mais raro da biblioteca \u00e9 o \u201cIncun\u00e1bulo\u201d, publicado na Alemanha em 1493, um livro de acesso restrito e que tamb\u00e9m faz parte da cole\u00e7\u00e3o \u201cJos\u00e9 Alcino Bicalho\u201d, composta por 320 obras das mais diversas \u00e1reas do conhecimento, como a cole\u00e7\u00e3o completa dos livros do poeta Victor Hugo e uma enciclop\u00e9dia publicada na Fran\u00e7a, no s\u00e9culo XVIII, entre tantos outros. S\u00f3 h\u00e1 dois exemplares no Brasil do \u201cIncun\u00e1bulo\u201d: o doado por Jos\u00e9 Alcino \u00e0 biblioteca de BH e o da Biblioteca Nacional.<\/p>\n<p>Como autor, Jos\u00e9 Alcino publicou o livro &#8220;Poesia a Destempo&#8221;, que apresenta uma sele\u00e7\u00e3o de poemas reunidos ao longo de sua vida.<\/p>\n<p>Tamb\u00e9m foi o primeiro prefeito eleito com o voto popular em Miradouro &#8211; antes os prefeitos eram indicados. Foi eleito deputado estadual na Assembleia Legislativa de Minas Gerais para a 2\u00aa Legislatura (1951 \u2013 1955), pelo PTN. Foi propriet\u00e1rio da Farm\u00e1cia Popular de Miradouro, que funciona desde 1910 \u2013 hoje pertencente \u00e0 fam\u00edlia de Nico Andrade.<\/p>\n<p>Quando Jos\u00e9 Alcino faleceu, ele residia em Muria\u00e9 e estava internado h\u00e1 cerca de dois meses na Casa de Sa\u00fade Santa L\u00facia.<\/p>\n<p><img decoding=\"async\" class=\"ngg_displayed_gallery mceItem\" src=\"https:\/\/anoticiaonline.com.br\/site\/nextgen-attach_to_post\/preview\/id--21234\" alt=\"\" \/><\/p>\n","protected":false},"excerpt":{"rendered":"<p>A Academia Muriaeense de Letras (AMLE) fez uma homenagem p\u00f3stuma ao escritor, pol\u00edtico e ex-diplomata, o ilustre miradourense Jos\u00e9 Alcino Bicalho, falecido aos 96 anos no dia 26 de julho deste ano, ap\u00f3s sua luta contra o c\u00e2ncer. Atrav\u00e9s do Decreto n\u00ba 001\/2016, o homenageado, que tamb\u00e9m era membro da AMLE, ocupando a Cadeira de &#8230; <a title=\"AMLE faz homenagem p\u00f3stuma ao escritor, pol\u00edtico e ex-diplomata, Jos\u00e9 Alcino Bicalho\" class=\"read-more\" href=\"https:\/\/anoticiaonline.com.br\/site\/amle-faz-homenagem-postuma-ao-escritor-politico-e-ex-diplomata-jose-alcino-bicalho\/\" aria-label=\"Read more about AMLE faz homenagem p\u00f3stuma ao escritor, pol\u00edtico e ex-diplomata, Jos\u00e9 Alcino Bicalho\">Ler mais<\/a><\/p>\n","protected":false},"author":2,"featured_media":21210,"comment_status":"open","ping_status":"open","sticky":false,"template":"","format":"standard","meta":{"_acf_changed":false,"_monsterinsights_skip_tracking":false,"footnotes":""},"categories":[30],"tags":[3],"class_list":["post-21209","post","type-post","status-publish","format-standard","has-post-thumbnail","hentry","category-muriae","tag-slide"],"acf":[],"aioseo_notices":[],"aioseo_head":"\n\t\t<!-- All in One SEO 5.0.0.1 - aioseo.com -->\n\t<meta name=\"description\" content=\"A Academia Muriaeense de Letras (AMLE) fez uma homenagem p\u00f3stuma ao escritor, pol\u00edtico e ex-diplomata, o ilustre miradourense Jos\u00e9 Alcino Bicalho, falecido aos 96 anos no dia 26 de julho deste ano, ap\u00f3s sua luta contra o c\u00e2ncer. Atrav\u00e9s do Decreto n\u00ba 001\/2016, o homenageado, que tamb\u00e9m era membro da AMLE, ocupando a Cadeira de\" \/>\n\t<meta name=\"robots\" content=\"max-image-preview:large\" \/>\n\t<meta name=\"author\" content=\"Juliana Laviola\"\/>\n\t<link rel=\"canonical\" href=\"https:\/\/anoticiaonline.com.br\/site\/amle-faz-homenagem-postuma-ao-escritor-politico-e-ex-diplomata-jose-alcino-bicalho\/\" \/>\n\t<meta name=\"generator\" content=\"All in One SEO (AIOSEO) 5.0.0.1\" \/>\n\t\t<meta property=\"og:locale\" content=\"pt_BR\" \/>\n\t\t<meta property=\"og:site_name\" content=\"A Not\u00edcia Online - Noticias de Muria\u00e9 e regi\u00e3o\" \/>\n\t\t<meta property=\"og:type\" content=\"article\" \/>\n\t\t<meta property=\"og:title\" content=\"AMLE faz homenagem p\u00f3stuma ao escritor, pol\u00edtico e ex-diplomata, Jos\u00e9 Alcino Bicalho - A Not\u00edcia Online\" \/>\n\t\t<meta property=\"og:description\" content=\"A Academia Muriaeense de Letras (AMLE) fez uma homenagem p\u00f3stuma ao escritor, pol\u00edtico e ex-diplomata, o ilustre miradourense Jos\u00e9 Alcino Bicalho, falecido aos 96 anos no dia 26 de julho deste ano, ap\u00f3s sua luta contra o c\u00e2ncer. Atrav\u00e9s do Decreto n\u00ba 001\/2016, o homenageado, que tamb\u00e9m era membro da AMLE, ocupando a Cadeira de\" \/>\n\t\t<meta property=\"og:url\" content=\"https:\/\/anoticiaonline.com.br\/site\/amle-faz-homenagem-postuma-ao-escritor-politico-e-ex-diplomata-jose-alcino-bicalho\/\" \/>\n\t\t<meta property=\"og:image\" content=\"https:\/\/scontent-gig4-1.xx.fbcdn.net\/v\/t39.30808-1\/270437624_4564083193639691_6907940295614233970_n.jpg?stp=dst-jpg_s200x200_tt6&#038;_nc_cat=111&#038;ccb=1-7&#038;_nc_sid=f907e8&#038;_nc_ohc=SM1wRlP3lJwQ7kNvwEPuBYA&#038;_nc_oc=AdnqrjDN_BNjSSHWO-GbkIWH6fkGMLw4bqvL_NH6e2wMveX7G-rP2dAqsDSq1mJMOaY&#038;_nc_zt=24&#038;_nc_ht=scontent-gig4-1.xx&#038;_nc_gid=AoBFJeGrT1hVaew_6rchkQ&#038;oh=00_AfX7QmFGhQhG2jAllVgXCiM1ZrWgvtp80-Bfppyexh1QEg&#038;oe=689E923C\" \/>\n\t\t<meta property=\"og:image:secure_url\" content=\"https:\/\/scontent-gig4-1.xx.fbcdn.net\/v\/t39.30808-1\/270437624_4564083193639691_6907940295614233970_n.jpg?stp=dst-jpg_s200x200_tt6&#038;_nc_cat=111&#038;ccb=1-7&#038;_nc_sid=f907e8&#038;_nc_ohc=SM1wRlP3lJwQ7kNvwEPuBYA&#038;_nc_oc=AdnqrjDN_BNjSSHWO-GbkIWH6fkGMLw4bqvL_NH6e2wMveX7G-rP2dAqsDSq1mJMOaY&#038;_nc_zt=24&#038;_nc_ht=scontent-gig4-1.xx&#038;_nc_gid=AoBFJeGrT1hVaew_6rchkQ&#038;oh=00_AfX7QmFGhQhG2jAllVgXCiM1ZrWgvtp80-Bfppyexh1QEg&#038;oe=689E923C\" \/>\n\t\t<meta property=\"article:published_time\" content=\"2016-11-01T16:56:47+00:00\" \/>\n\t\t<meta property=\"article:modified_time\" content=\"2016-11-01T17:00:45+00:00\" \/>\n\t\t<meta name=\"twitter:card\" content=\"summary_large_image\" \/>\n\t\t<meta name=\"twitter:title\" content=\"AMLE faz homenagem p\u00f3stuma ao escritor, pol\u00edtico e ex-diplomata, Jos\u00e9 Alcino Bicalho - A Not\u00edcia Online\" \/>\n\t\t<meta name=\"twitter:description\" content=\"A Academia Muriaeense de Letras (AMLE) fez uma homenagem p\u00f3stuma ao escritor, pol\u00edtico e ex-diplomata, o ilustre miradourense Jos\u00e9 Alcino Bicalho, falecido aos 96 anos no dia 26 de julho deste ano, ap\u00f3s sua luta contra o c\u00e2ncer. Atrav\u00e9s do Decreto n\u00ba 001\/2016, o homenageado, que tamb\u00e9m era membro da AMLE, ocupando a Cadeira de\" \/>\n\t\t<meta name=\"twitter:image\" content=\"https:\/\/scontent-gig4-1.xx.fbcdn.net\/v\/t39.30808-1\/270437624_4564083193639691_6907940295614233970_n.jpg?stp=dst-jpg_s200x200_tt6&amp;_nc_cat=111&amp;ccb=1-7&amp;_nc_sid=f907e8&amp;_nc_ohc=SM1wRlP3lJwQ7kNvwEPuBYA&amp;_nc_oc=AdnqrjDN_BNjSSHWO-GbkIWH6fkGMLw4bqvL_NH6e2wMveX7G-rP2dAqsDSq1mJMOaY&amp;_nc_zt=24&amp;_nc_ht=scontent-gig4-1.xx&amp;_nc_gid=AoBFJeGrT1hVaew_6rchkQ&amp;oh=00_AfX7QmFGhQhG2jAllVgXCiM1ZrWgvtp80-Bfppyexh1QEg&amp;oe=689E923C\" \/>\n\t\t<script type=\"application\/ld+json\" class=\"aioseo-schema\">\n\t\t\t{\"@context\":\"https:\\\/\\\/schema.org\",\"@graph\":[{\"@type\":\"BlogPosting\",\"@id\":\"https:\\\/\\\/anoticiaonline.com.br\\\/site\\\/amle-faz-homenagem-postuma-ao-escritor-politico-e-ex-diplomata-jose-alcino-bicalho\\\/#blogposting\",\"name\":\"AMLE faz homenagem p\\u00f3stuma ao escritor, pol\\u00edtico e ex-diplomata, Jos\\u00e9 Alcino Bicalho - A Not\\u00edcia Online\",\"headline\":\"AMLE faz homenagem p\\u00f3stuma ao escritor, pol\\u00edtico e ex-diplomata, Jos\\u00e9 Alcino Bicalho\",\"author\":{\"@id\":\"https:\\\/\\\/anoticiaonline.com.br\\\/site\\\/author\\\/juliana\\\/#author\"},\"publisher\":{\"@id\":\"https:\\\/\\\/anoticiaonline.com.br\\\/site\\\/#organization\"},\"image\":{\"@type\":\"ImageObject\",\"url\":\"https:\\\/\\\/anoticiaonline.com.br\\\/site\\\/wp-content\\\/uploads\\\/2016\\\/11\\\/DSC06965.jpg\",\"width\":640,\"height\":424,\"caption\":\"A vi\\u00fava de Jos\\u00e9 Alcino, Dona Zez\\u00e9, com os membros da AMLE\"},\"datePublished\":\"2016-11-01T13:56:47-03:00\",\"dateModified\":\"2016-11-01T14:00:45-03:00\",\"inLanguage\":\"pt-BR\",\"mainEntityOfPage\":{\"@id\":\"https:\\\/\\\/anoticiaonline.com.br\\\/site\\\/amle-faz-homenagem-postuma-ao-escritor-politico-e-ex-diplomata-jose-alcino-bicalho\\\/#webpage\"},\"isPartOf\":{\"@id\":\"https:\\\/\\\/anoticiaonline.com.br\\\/site\\\/amle-faz-homenagem-postuma-ao-escritor-politico-e-ex-diplomata-jose-alcino-bicalho\\\/#webpage\"},\"articleSection\":\"Blog, slide\"},{\"@type\":\"BreadcrumbList\",\"@id\":\"https:\\\/\\\/anoticiaonline.com.br\\\/site\\\/amle-faz-homenagem-postuma-ao-escritor-politico-e-ex-diplomata-jose-alcino-bicalho\\\/#breadcrumblist\",\"itemListElement\":[{\"@type\":\"ListItem\",\"@id\":\"https:\\\/\\\/anoticiaonline.com.br\\\/site#listItem\",\"position\":1,\"name\":\"Home\",\"item\":\"https:\\\/\\\/anoticiaonline.com.br\\\/site\",\"nextItem\":{\"@type\":\"ListItem\",\"@id\":\"https:\\\/\\\/anoticiaonline.com.br\\\/site\\\/categoria\\\/muriae\\\/#listItem\",\"name\":\"Blog\"}},{\"@type\":\"ListItem\",\"@id\":\"https:\\\/\\\/anoticiaonline.com.br\\\/site\\\/categoria\\\/muriae\\\/#listItem\",\"position\":2,\"name\":\"Blog\",\"item\":\"https:\\\/\\\/anoticiaonline.com.br\\\/site\\\/categoria\\\/muriae\\\/\",\"nextItem\":{\"@type\":\"ListItem\",\"@id\":\"https:\\\/\\\/anoticiaonline.com.br\\\/site\\\/amle-faz-homenagem-postuma-ao-escritor-politico-e-ex-diplomata-jose-alcino-bicalho\\\/#listItem\",\"name\":\"AMLE faz homenagem p\\u00f3stuma ao escritor, pol\\u00edtico e ex-diplomata, Jos\\u00e9 Alcino Bicalho\"},\"previousItem\":{\"@type\":\"ListItem\",\"@id\":\"https:\\\/\\\/anoticiaonline.com.br\\\/site#listItem\",\"name\":\"Home\"}},{\"@type\":\"ListItem\",\"@id\":\"https:\\\/\\\/anoticiaonline.com.br\\\/site\\\/amle-faz-homenagem-postuma-ao-escritor-politico-e-ex-diplomata-jose-alcino-bicalho\\\/#listItem\",\"position\":3,\"name\":\"AMLE faz homenagem p\\u00f3stuma ao escritor, pol\\u00edtico e ex-diplomata, Jos\\u00e9 Alcino Bicalho\",\"previousItem\":{\"@type\":\"ListItem\",\"@id\":\"https:\\\/\\\/anoticiaonline.com.br\\\/site\\\/categoria\\\/muriae\\\/#listItem\",\"name\":\"Blog\"}}]},{\"@type\":\"Organization\",\"@id\":\"https:\\\/\\\/anoticiaonline.com.br\\\/site\\\/#organization\",\"name\":\"A Not\\u00edcia Online\",\"description\":\"Noticias de Muria\\u00e9 e regi\\u00e3o\",\"url\":\"https:\\\/\\\/anoticiaonline.com.br\\\/site\\\/\",\"logo\":{\"@type\":\"ImageObject\",\"url\":\"https:\\\/\\\/scontent-gig4-1.xx.fbcdn.net\\\/v\\\/t39.30808-1\\\/270437624_4564083193639691_6907940295614233970_n.jpg?stp=dst-jpg_s200x200_tt6&_nc_cat=111&ccb=1-7&_nc_sid=f907e8&_nc_ohc=SM1wRlP3lJwQ7kNvwEPuBYA&_nc_oc=AdnqrjDN_BNjSSHWO-GbkIWH6fkGMLw4bqvL_NH6e2wMveX7G-rP2dAqsDSq1mJMOaY&_nc_zt=24&_nc_ht=scontent-gig4-1.xx&_nc_gid=AoBFJeGrT1hVaew_6rchkQ&oh=00_AfX7QmFGhQhG2jAllVgXCiM1ZrWgvtp80-Bfppyexh1QEg&oe=689E923C\",\"@id\":\"https:\\\/\\\/anoticiaonline.com.br\\\/site\\\/amle-faz-homenagem-postuma-ao-escritor-politico-e-ex-diplomata-jose-alcino-bicalho\\\/#organizationLogo\"},\"image\":{\"@id\":\"https:\\\/\\\/anoticiaonline.com.br\\\/site\\\/amle-faz-homenagem-postuma-ao-escritor-politico-e-ex-diplomata-jose-alcino-bicalho\\\/#organizationLogo\"}},{\"@type\":\"Person\",\"@id\":\"https:\\\/\\\/anoticiaonline.com.br\\\/site\\\/author\\\/juliana\\\/#author\",\"url\":\"https:\\\/\\\/anoticiaonline.com.br\\\/site\\\/author\\\/juliana\\\/\",\"name\":\"Juliana Laviola\",\"image\":{\"@type\":\"ImageObject\",\"@id\":\"https:\\\/\\\/anoticiaonline.com.br\\\/site\\\/amle-faz-homenagem-postuma-ao-escritor-politico-e-ex-diplomata-jose-alcino-bicalho\\\/#authorImage\",\"url\":\"https:\\\/\\\/secure.gravatar.com\\\/avatar\\\/b8d45f5c699b100dfaf0e543582f38f38bf94cb7ae3a5e9abf8d891a34773335?s=96&d=mm&r=g\",\"width\":96,\"height\":96,\"caption\":\"Juliana Laviola\"}},{\"@type\":\"WebPage\",\"@id\":\"https:\\\/\\\/anoticiaonline.com.br\\\/site\\\/amle-faz-homenagem-postuma-ao-escritor-politico-e-ex-diplomata-jose-alcino-bicalho\\\/#webpage\",\"url\":\"https:\\\/\\\/anoticiaonline.com.br\\\/site\\\/amle-faz-homenagem-postuma-ao-escritor-politico-e-ex-diplomata-jose-alcino-bicalho\\\/\",\"name\":\"AMLE faz homenagem p\\u00f3stuma ao escritor, pol\\u00edtico e ex-diplomata, Jos\\u00e9 Alcino Bicalho - A Not\\u00edcia Online\",\"description\":\"A Academia Muriaeense de Letras (AMLE) fez uma homenagem p\\u00f3stuma ao escritor, pol\\u00edtico e ex-diplomata, o ilustre miradourense Jos\\u00e9 Alcino Bicalho, falecido aos 96 anos no dia 26 de julho deste ano, ap\\u00f3s sua luta contra o c\\u00e2ncer. Atrav\\u00e9s do Decreto n\\u00ba 001\\\/2016, o homenageado, que tamb\\u00e9m era membro da AMLE, ocupando a Cadeira de\",\"inLanguage\":\"pt-BR\",\"isPartOf\":{\"@id\":\"https:\\\/\\\/anoticiaonline.com.br\\\/site\\\/#website\"},\"breadcrumb\":{\"@id\":\"https:\\\/\\\/anoticiaonline.com.br\\\/site\\\/amle-faz-homenagem-postuma-ao-escritor-politico-e-ex-diplomata-jose-alcino-bicalho\\\/#breadcrumblist\"},\"author\":{\"@id\":\"https:\\\/\\\/anoticiaonline.com.br\\\/site\\\/author\\\/juliana\\\/#author\"},\"creator\":{\"@id\":\"https:\\\/\\\/anoticiaonline.com.br\\\/site\\\/author\\\/juliana\\\/#author\"},\"image\":{\"@type\":\"ImageObject\",\"url\":\"https:\\\/\\\/anoticiaonline.com.br\\\/site\\\/wp-content\\\/uploads\\\/2016\\\/11\\\/DSC06965.jpg\",\"@id\":\"https:\\\/\\\/anoticiaonline.com.br\\\/site\\\/amle-faz-homenagem-postuma-ao-escritor-politico-e-ex-diplomata-jose-alcino-bicalho\\\/#mainImage\",\"width\":640,\"height\":424,\"caption\":\"A vi\\u00fava de Jos\\u00e9 Alcino, Dona Zez\\u00e9, com os membros da AMLE\"},\"primaryImageOfPage\":{\"@id\":\"https:\\\/\\\/anoticiaonline.com.br\\\/site\\\/amle-faz-homenagem-postuma-ao-escritor-politico-e-ex-diplomata-jose-alcino-bicalho\\\/#mainImage\"},\"datePublished\":\"2016-11-01T13:56:47-03:00\",\"dateModified\":\"2016-11-01T14:00:45-03:00\"},{\"@type\":\"WebSite\",\"@id\":\"https:\\\/\\\/anoticiaonline.com.br\\\/site\\\/#website\",\"url\":\"https:\\\/\\\/anoticiaonline.com.br\\\/site\\\/\",\"name\":\"A Not\\u00edcia Online\",\"description\":\"Noticias de Muria\\u00e9 e regi\\u00e3o\",\"inLanguage\":\"pt-BR\",\"publisher\":{\"@id\":\"https:\\\/\\\/anoticiaonline.com.br\\\/site\\\/#organization\"}}]}\n\t\t<\/script>\n\t\t<!-- All in One SEO -->\n\n","aioseo_head_json":{"title":"AMLE faz homenagem p\u00f3stuma ao escritor, pol\u00edtico e ex-diplomata, Jos\u00e9 Alcino Bicalho - A Not\u00edcia Online","description":"A Academia Muriaeense de Letras (AMLE) fez uma homenagem p\u00f3stuma ao escritor, pol\u00edtico e ex-diplomata, o ilustre miradourense Jos\u00e9 Alcino Bicalho, falecido aos 96 anos no dia 26 de julho deste ano, ap\u00f3s sua luta contra o c\u00e2ncer. Atrav\u00e9s do Decreto n\u00ba 001\/2016, o homenageado, que tamb\u00e9m era membro da AMLE, ocupando a Cadeira de","canonical_url":"https:\/\/anoticiaonline.com.br\/site\/amle-faz-homenagem-postuma-ao-escritor-politico-e-ex-diplomata-jose-alcino-bicalho\/","robots":"max-image-preview:large","keywords":"","webmasterTools":{"miscellaneous":""},"schema":{"@context":"https:\/\/schema.org","@graph":[{"@type":"BlogPosting","@id":"https:\/\/anoticiaonline.com.br\/site\/amle-faz-homenagem-postuma-ao-escritor-politico-e-ex-diplomata-jose-alcino-bicalho\/#blogposting","name":"AMLE faz homenagem p\u00f3stuma ao escritor, pol\u00edtico e ex-diplomata, Jos\u00e9 Alcino Bicalho - A Not\u00edcia Online","headline":"AMLE faz homenagem p\u00f3stuma ao escritor, pol\u00edtico e ex-diplomata, Jos\u00e9 Alcino Bicalho","author":{"@id":"https:\/\/anoticiaonline.com.br\/site\/author\/juliana\/#author"},"publisher":{"@id":"https:\/\/anoticiaonline.com.br\/site\/#organization"},"image":{"@type":"ImageObject","url":"https:\/\/anoticiaonline.com.br\/site\/wp-content\/uploads\/2016\/11\/DSC06965.jpg","width":640,"height":424,"caption":"A vi\u00fava de Jos\u00e9 Alcino, Dona Zez\u00e9, com os membros da AMLE"},"datePublished":"2016-11-01T13:56:47-03:00","dateModified":"2016-11-01T14:00:45-03:00","inLanguage":"pt-BR","mainEntityOfPage":{"@id":"https:\/\/anoticiaonline.com.br\/site\/amle-faz-homenagem-postuma-ao-escritor-politico-e-ex-diplomata-jose-alcino-bicalho\/#webpage"},"isPartOf":{"@id":"https:\/\/anoticiaonline.com.br\/site\/amle-faz-homenagem-postuma-ao-escritor-politico-e-ex-diplomata-jose-alcino-bicalho\/#webpage"},"articleSection":"Blog, slide"},{"@type":"BreadcrumbList","@id":"https:\/\/anoticiaonline.com.br\/site\/amle-faz-homenagem-postuma-ao-escritor-politico-e-ex-diplomata-jose-alcino-bicalho\/#breadcrumblist","itemListElement":[{"@type":"ListItem","@id":"https:\/\/anoticiaonline.com.br\/site#listItem","position":1,"name":"Home","item":"https:\/\/anoticiaonline.com.br\/site","nextItem":{"@type":"ListItem","@id":"https:\/\/anoticiaonline.com.br\/site\/categoria\/muriae\/#listItem","name":"Blog"}},{"@type":"ListItem","@id":"https:\/\/anoticiaonline.com.br\/site\/categoria\/muriae\/#listItem","position":2,"name":"Blog","item":"https:\/\/anoticiaonline.com.br\/site\/categoria\/muriae\/","nextItem":{"@type":"ListItem","@id":"https:\/\/anoticiaonline.com.br\/site\/amle-faz-homenagem-postuma-ao-escritor-politico-e-ex-diplomata-jose-alcino-bicalho\/#listItem","name":"AMLE faz homenagem p\u00f3stuma ao escritor, pol\u00edtico e ex-diplomata, Jos\u00e9 Alcino Bicalho"},"previousItem":{"@type":"ListItem","@id":"https:\/\/anoticiaonline.com.br\/site#listItem","name":"Home"}},{"@type":"ListItem","@id":"https:\/\/anoticiaonline.com.br\/site\/amle-faz-homenagem-postuma-ao-escritor-politico-e-ex-diplomata-jose-alcino-bicalho\/#listItem","position":3,"name":"AMLE faz homenagem p\u00f3stuma ao escritor, pol\u00edtico e ex-diplomata, Jos\u00e9 Alcino Bicalho","previousItem":{"@type":"ListItem","@id":"https:\/\/anoticiaonline.com.br\/site\/categoria\/muriae\/#listItem","name":"Blog"}}]},{"@type":"Organization","@id":"https:\/\/anoticiaonline.com.br\/site\/#organization","name":"A Not\u00edcia Online","description":"Noticias de Muria\u00e9 e regi\u00e3o","url":"https:\/\/anoticiaonline.com.br\/site\/","logo":{"@type":"ImageObject","url":"https:\/\/scontent-gig4-1.xx.fbcdn.net\/v\/t39.30808-1\/270437624_4564083193639691_6907940295614233970_n.jpg?stp=dst-jpg_s200x200_tt6&_nc_cat=111&ccb=1-7&_nc_sid=f907e8&_nc_ohc=SM1wRlP3lJwQ7kNvwEPuBYA&_nc_oc=AdnqrjDN_BNjSSHWO-GbkIWH6fkGMLw4bqvL_NH6e2wMveX7G-rP2dAqsDSq1mJMOaY&_nc_zt=24&_nc_ht=scontent-gig4-1.xx&_nc_gid=AoBFJeGrT1hVaew_6rchkQ&oh=00_AfX7QmFGhQhG2jAllVgXCiM1ZrWgvtp80-Bfppyexh1QEg&oe=689E923C","@id":"https:\/\/anoticiaonline.com.br\/site\/amle-faz-homenagem-postuma-ao-escritor-politico-e-ex-diplomata-jose-alcino-bicalho\/#organizationLogo"},"image":{"@id":"https:\/\/anoticiaonline.com.br\/site\/amle-faz-homenagem-postuma-ao-escritor-politico-e-ex-diplomata-jose-alcino-bicalho\/#organizationLogo"}},{"@type":"Person","@id":"https:\/\/anoticiaonline.com.br\/site\/author\/juliana\/#author","url":"https:\/\/anoticiaonline.com.br\/site\/author\/juliana\/","name":"Juliana Laviola","image":{"@type":"ImageObject","@id":"https:\/\/anoticiaonline.com.br\/site\/amle-faz-homenagem-postuma-ao-escritor-politico-e-ex-diplomata-jose-alcino-bicalho\/#authorImage","url":"https:\/\/secure.gravatar.com\/avatar\/b8d45f5c699b100dfaf0e543582f38f38bf94cb7ae3a5e9abf8d891a34773335?s=96&d=mm&r=g","width":96,"height":96,"caption":"Juliana Laviola"}},{"@type":"WebPage","@id":"https:\/\/anoticiaonline.com.br\/site\/amle-faz-homenagem-postuma-ao-escritor-politico-e-ex-diplomata-jose-alcino-bicalho\/#webpage","url":"https:\/\/anoticiaonline.com.br\/site\/amle-faz-homenagem-postuma-ao-escritor-politico-e-ex-diplomata-jose-alcino-bicalho\/","name":"AMLE faz homenagem p\u00f3stuma ao escritor, pol\u00edtico e ex-diplomata, Jos\u00e9 Alcino Bicalho - A Not\u00edcia Online","description":"A Academia Muriaeense de Letras (AMLE) fez uma homenagem p\u00f3stuma ao escritor, pol\u00edtico e ex-diplomata, o ilustre miradourense Jos\u00e9 Alcino Bicalho, falecido aos 96 anos no dia 26 de julho deste ano, ap\u00f3s sua luta contra o c\u00e2ncer. Atrav\u00e9s do Decreto n\u00ba 001\/2016, o homenageado, que tamb\u00e9m era membro da AMLE, ocupando a Cadeira de","inLanguage":"pt-BR","isPartOf":{"@id":"https:\/\/anoticiaonline.com.br\/site\/#website"},"breadcrumb":{"@id":"https:\/\/anoticiaonline.com.br\/site\/amle-faz-homenagem-postuma-ao-escritor-politico-e-ex-diplomata-jose-alcino-bicalho\/#breadcrumblist"},"author":{"@id":"https:\/\/anoticiaonline.com.br\/site\/author\/juliana\/#author"},"creator":{"@id":"https:\/\/anoticiaonline.com.br\/site\/author\/juliana\/#author"},"image":{"@type":"ImageObject","url":"https:\/\/anoticiaonline.com.br\/site\/wp-content\/uploads\/2016\/11\/DSC06965.jpg","@id":"https:\/\/anoticiaonline.com.br\/site\/amle-faz-homenagem-postuma-ao-escritor-politico-e-ex-diplomata-jose-alcino-bicalho\/#mainImage","width":640,"height":424,"caption":"A vi\u00fava de Jos\u00e9 Alcino, Dona Zez\u00e9, com os membros da AMLE"},"primaryImageOfPage":{"@id":"https:\/\/anoticiaonline.com.br\/site\/amle-faz-homenagem-postuma-ao-escritor-politico-e-ex-diplomata-jose-alcino-bicalho\/#mainImage"},"datePublished":"2016-11-01T13:56:47-03:00","dateModified":"2016-11-01T14:00:45-03:00"},{"@type":"WebSite","@id":"https:\/\/anoticiaonline.com.br\/site\/#website","url":"https:\/\/anoticiaonline.com.br\/site\/","name":"A Not\u00edcia Online","description":"Noticias de Muria\u00e9 e regi\u00e3o","inLanguage":"pt-BR","publisher":{"@id":"https:\/\/anoticiaonline.com.br\/site\/#organization"}}]},"og:locale":"pt_BR","og:site_name":"A Not\u00edcia Online - Noticias de Muria\u00e9 e regi\u00e3o","og:type":"article","og:title":"AMLE faz homenagem p\u00f3stuma ao escritor, pol\u00edtico e ex-diplomata, Jos\u00e9 Alcino Bicalho - A Not\u00edcia Online","og:description":"A Academia Muriaeense de Letras (AMLE) fez uma homenagem p\u00f3stuma ao escritor, pol\u00edtico e ex-diplomata, o ilustre miradourense Jos\u00e9 Alcino Bicalho, falecido aos 96 anos no dia 26 de julho deste ano, ap\u00f3s sua luta contra o c\u00e2ncer. Atrav\u00e9s do Decreto n\u00ba 001\/2016, o homenageado, que tamb\u00e9m era membro da AMLE, ocupando a Cadeira de","og:url":"https:\/\/anoticiaonline.com.br\/site\/amle-faz-homenagem-postuma-ao-escritor-politico-e-ex-diplomata-jose-alcino-bicalho\/","og:image":"https:\/\/scontent-gig4-1.xx.fbcdn.net\/v\/t39.30808-1\/270437624_4564083193639691_6907940295614233970_n.jpg?stp=dst-jpg_s200x200_tt6&#038;_nc_cat=111&#038;ccb=1-7&#038;_nc_sid=f907e8&#038;_nc_ohc=SM1wRlP3lJwQ7kNvwEPuBYA&#038;_nc_oc=AdnqrjDN_BNjSSHWO-GbkIWH6fkGMLw4bqvL_NH6e2wMveX7G-rP2dAqsDSq1mJMOaY&#038;_nc_zt=24&#038;_nc_ht=scontent-gig4-1.xx&#038;_nc_gid=AoBFJeGrT1hVaew_6rchkQ&#038;oh=00_AfX7QmFGhQhG2jAllVgXCiM1ZrWgvtp80-Bfppyexh1QEg&#038;oe=689E923C","og:image:secure_url":"https:\/\/scontent-gig4-1.xx.fbcdn.net\/v\/t39.30808-1\/270437624_4564083193639691_6907940295614233970_n.jpg?stp=dst-jpg_s200x200_tt6&#038;_nc_cat=111&#038;ccb=1-7&#038;_nc_sid=f907e8&#038;_nc_ohc=SM1wRlP3lJwQ7kNvwEPuBYA&#038;_nc_oc=AdnqrjDN_BNjSSHWO-GbkIWH6fkGMLw4bqvL_NH6e2wMveX7G-rP2dAqsDSq1mJMOaY&#038;_nc_zt=24&#038;_nc_ht=scontent-gig4-1.xx&#038;_nc_gid=AoBFJeGrT1hVaew_6rchkQ&#038;oh=00_AfX7QmFGhQhG2jAllVgXCiM1ZrWgvtp80-Bfppyexh1QEg&#038;oe=689E923C","article:published_time":"2016-11-01T16:56:47+00:00","article:modified_time":"2016-11-01T17:00:45+00:00","twitter:card":"summary_large_image","twitter:title":"AMLE faz homenagem p\u00f3stuma ao escritor, pol\u00edtico e ex-diplomata, Jos\u00e9 Alcino Bicalho - A Not\u00edcia Online","twitter:description":"A Academia Muriaeense de Letras (AMLE) fez uma homenagem p\u00f3stuma ao escritor, pol\u00edtico e ex-diplomata, o ilustre miradourense Jos\u00e9 Alcino Bicalho, falecido aos 96 anos no dia 26 de julho deste ano, ap\u00f3s sua luta contra o c\u00e2ncer. Atrav\u00e9s do Decreto n\u00ba 001\/2016, o homenageado, que tamb\u00e9m era membro da AMLE, ocupando a Cadeira de","twitter:image":"https:\/\/scontent-gig4-1.xx.fbcdn.net\/v\/t39.30808-1\/270437624_4564083193639691_6907940295614233970_n.jpg?stp=dst-jpg_s200x200_tt6&_nc_cat=111&ccb=1-7&_nc_sid=f907e8&_nc_ohc=SM1wRlP3lJwQ7kNvwEPuBYA&_nc_oc=AdnqrjDN_BNjSSHWO-GbkIWH6fkGMLw4bqvL_NH6e2wMveX7G-rP2dAqsDSq1mJMOaY&_nc_zt=24&_nc_ht=scontent-gig4-1.xx&_nc_gid=AoBFJeGrT1hVaew_6rchkQ&oh=00_AfX7QmFGhQhG2jAllVgXCiM1ZrWgvtp80-Bfppyexh1QEg&oe=689E923C"},"aioseo_meta_data":{"post_id":"21209","title":null,"description":null,"keywords":null,"keyphrases":null,"primary_term":null,"canonical_url":null,"og_title":null,"og_description":null,"og_object_type":"default","og_image_type":"default","og_image_url":null,"og_image_width":null,"og_image_height":null,"og_image_custom_url":null,"og_image_custom_fields":null,"og_video":null,"og_custom_url":null,"og_article_section":null,"og_article_tags":null,"twitter_use_og":false,"twitter_card":"default","twitter_image_type":"default","twitter_image_url":null,"twitter_image_custom_url":null,"twitter_image_custom_fields":null,"twitter_title":null,"twitter_description":null,"schema":{"blockGraphs":[],"customGraphs":[],"default":{"data":{"Article":[],"Course":[],"Dataset":[],"FAQPage":[],"Movie":[],"Person":[],"Product":[],"ProductReview":[],"Car":[],"Recipe":[],"Service":[],"SoftwareApplication":[],"WebPage":[]},"graphName":"","isEnabled":true},"graphs":[]},"schema_type":"default","schema_type_options":null,"pillar_content":false,"robots_default":true,"robots_noindex":false,"robots_noarchive":false,"robots_nosnippet":false,"robots_nofollow":false,"robots_noimageindex":false,"robots_noodp":false,"robots_notranslate":false,"robots_max_snippet":null,"robots_max_videopreview":null,"robots_max_imagepreview":"large","priority":null,"frequency":null,"local_seo":null,"breadcrumb_settings":null,"limit_modified_date":false,"ai":null,"created":"2025-08-16 17:06:02","updated":"2025-08-16 17:06:02","focus_keyword":null,"additional_keywords":null,"truseo_locale":null,"seo_analyzer_scan_date":null},"aioseo_breadcrumb":"<div class=\"aioseo-breadcrumbs\"><span class=\"aioseo-breadcrumb\">\n\t\t\t<a href=\"https:\/\/anoticiaonline.com.br\/site\" title=\"Home\">Home<\/a>\n\t\t<\/span><span class=\"aioseo-breadcrumb-separator\">&raquo;<\/span><span class=\"aioseo-breadcrumb\">\n\t\t\t<a href=\"https:\/\/anoticiaonline.com.br\/site\/categoria\/muriae\/\" title=\"Blog\">Blog<\/a>\n\t\t<\/span><span class=\"aioseo-breadcrumb-separator\">&raquo;<\/span><span class=\"aioseo-breadcrumb\">\n\t\t\tAMLE faz homenagem p\u00f3stuma ao escritor, pol\u00edtico e ex-diplomata, Jos\u00e9 Alcino Bicalho\n\t\t<\/span><\/div>","aioseo_breadcrumb_json":[{"label":"Home","link":"https:\/\/anoticiaonline.com.br\/site"},{"label":"Blog","link":"https:\/\/anoticiaonline.com.br\/site\/categoria\/muriae\/"},{"label":"AMLE faz homenagem p\u00f3stuma ao escritor, pol\u00edtico e ex-diplomata, Jos\u00e9 Alcino Bicalho","link":"https:\/\/anoticiaonline.com.br\/site\/amle-faz-homenagem-postuma-ao-escritor-politico-e-ex-diplomata-jose-alcino-bicalho\/"}],"views":145,"_links":{"self":[{"href":"https:\/\/anoticiaonline.com.br\/site\/wp-json\/wp\/v2\/posts\/21209","targetHints":{"allow":["GET"]}}],"collection":[{"href":"https:\/\/anoticiaonline.com.br\/site\/wp-json\/wp\/v2\/posts"}],"about":[{"href":"https:\/\/anoticiaonline.com.br\/site\/wp-json\/wp\/v2\/types\/post"}],"author":[{"embeddable":true,"href":"https:\/\/anoticiaonline.com.br\/site\/wp-json\/wp\/v2\/users\/2"}],"replies":[{"embeddable":true,"href":"https:\/\/anoticiaonline.com.br\/site\/wp-json\/wp\/v2\/comments?post=21209"}],"version-history":[{"count":0,"href":"https:\/\/anoticiaonline.com.br\/site\/wp-json\/wp\/v2\/posts\/21209\/revisions"}],"wp:featuredmedia":[{"embeddable":true,"href":"https:\/\/anoticiaonline.com.br\/site\/wp-json\/wp\/v2\/media\/21210"}],"wp:attachment":[{"href":"https:\/\/anoticiaonline.com.br\/site\/wp-json\/wp\/v2\/media?parent=21209"}],"wp:term":[{"taxonomy":"category","embeddable":true,"href":"https:\/\/anoticiaonline.com.br\/site\/wp-json\/wp\/v2\/categories?post=21209"},{"taxonomy":"post_tag","embeddable":true,"href":"https:\/\/anoticiaonline.com.br\/site\/wp-json\/wp\/v2\/tags?post=21209"}],"curies":[{"name":"wp","href":"https:\/\/api.w.org\/{rel}","templated":true}]}}