{"id":21197,"date":"2016-11-01T08:08:07","date_gmt":"2016-11-01T11:08:07","guid":{"rendered":"http:\/\/anoticiaonline.com.br\/site\/?p=21197"},"modified":"2016-11-01T08:12:08","modified_gmt":"2016-11-01T11:12:08","slug":"cdl-elege-nova-diretoria-para-o-bienio-20172018","status":"publish","type":"post","link":"https:\/\/anoticiaonline.com.br\/site\/cdl-elege-nova-diretoria-para-o-bienio-20172018\/","title":{"rendered":"CDL elege nova diretoria para o bi\u00eanio 2017\/2018"},"content":{"rendered":"<p><a href=\"https:\/\/anoticiaonline.com.br\/site\/wp-content\/uploads\/2016\/11\/DSCF8805.jpg\"><img fetchpriority=\"high\" decoding=\"async\" class=\" size-medium wp-image-21198 alignleft\" src=\"https:\/\/anoticiaonline.com.br\/site\/wp-content\/uploads\/2016\/11\/DSCF8805-300x169.jpg\" alt=\"dscf8805\" width=\"300\" height=\"169\" srcset=\"https:\/\/anoticiaonline.com.br\/site\/wp-content\/uploads\/2016\/11\/DSCF8805-300x169.jpg 300w, https:\/\/anoticiaonline.com.br\/site\/wp-content\/uploads\/2016\/11\/DSCF8805.jpg 640w\" sizes=\"(max-width: 300px) 100vw, 300px\" \/><\/a>A C\u00e2mara de Dirigentes Lojistas (CDL) elegeu, por aclama\u00e7\u00e3o, a chapa \u00fanica que estar\u00e1 \u00e0 frente da entidade nos anos de 2017 e 2018. A escolha aconteceu na noite de segunda-feira (30), no audit\u00f3rio da entidade, com a presen\u00e7a de membros da diretoria e associados que foram referendar o nome dos novos diretores.<\/p>\n<p>Uma modifica\u00e7\u00e3o no estatuto da entidade criou o cargo de segundo vice-presidente, e uma das propostas apoiadas pelos diretores \u00e9 uma poss\u00edvel fus\u00e3o com a Associa\u00e7\u00e3o Comercial e Industrial de Muria\u00e9 (ACIM), que j\u00e1 aprovou entre seus diretores a aglutina\u00e7\u00e3o com a CDL. A uni\u00e3o das duas entidades deve ocorrer nos pr\u00f3ximos anos.<\/p>\n<p>A partir de 2017, a associa\u00e7\u00e3o estar\u00e1 atuado em algumas a\u00e7\u00f5es em conjunto com a CDL.<\/p>\n<p>A reuni\u00e3o de elei\u00e7\u00e3o foi presidida pelo presidente da CDL, Leandro Latini Veiga, que permanece \u00e0 frente da entidade at\u00e9 2018 e apresentou os novos associados que est\u00e3o fazendo parte da nova diretoria que ser\u00e1 empossada no m\u00eas de dezembro.<\/p>\n<figure id=\"attachment_21199\" aria-describedby=\"caption-attachment-21199\" style=\"width: 290px\" class=\"wp-caption alignleft\"><a href=\"https:\/\/anoticiaonline.com.br\/site\/wp-content\/uploads\/2016\/11\/DSCF8798.jpg\"><img decoding=\"async\" class=\"size-medium wp-image-21199\" src=\"https:\/\/anoticiaonline.com.br\/site\/wp-content\/uploads\/2016\/11\/DSCF8798-300x168.jpg\" alt=\"Reuni\u00e3o aconteceu na noite de segunda-feira (30), no audit\u00f3rio da entidade\" width=\"300\" height=\"168\" srcset=\"https:\/\/anoticiaonline.com.br\/site\/wp-content\/uploads\/2016\/11\/DSCF8798-300x168.jpg 300w, https:\/\/anoticiaonline.com.br\/site\/wp-content\/uploads\/2016\/11\/DSCF8798.jpg 640w\" sizes=\"(max-width: 300px) 100vw, 300px\" \/><\/a><figcaption id=\"caption-attachment-21199\" class=\"wp-caption-text\">Reuni\u00e3o aconteceu na noite de segunda-feira (30), no audit\u00f3rio da entidade<\/figcaption><\/figure>\n<p><strong>NOVA DIRETORIA DA CDL 2017\/2018:<\/strong><br \/>\n<strong>Presidente:<\/strong> Leandro Latini Veiga<br \/>\n<strong>1\u00aa vice-presidente:<\/strong> Cl\u00e9ria L\u00facia Mazzini A. Silva<br \/>\n<strong>2\u00ba vice-presidente:<\/strong> Carlos Magno de Oliveira<br \/>\n<strong>1\u00aa secret\u00e1ria:<\/strong> Rosa Em\u00edlia Silva<br \/>\n<strong>2\u00aa secret\u00e1ria:<\/strong> Keila Cristina de Souza da Mata<br \/>\n<strong>1\u00ba tesoureiro:<\/strong> Sigmar Jos\u00e9 Barbosa<br \/>\n<strong>2\u00ba tesoureiro:<\/strong> Escobar Gomes Souza Filho<br \/>\n<strong>1\u00ba diretor de Servi\u00e7os e Produtos:<\/strong> Virg\u00edlio Ricardo<br \/>\n<strong>2\u00ba diretor de Servi\u00e7os e Produtos:<\/strong> Gustavo Ferreira<br \/>\n<strong>1\u00ba diretor de Eventos:<\/strong> Ant\u00f4nio Eug\u00eanio Costa Almeida<br \/>\n<strong>2\u00aa diretora de Eventos:<\/strong> Luzia Maria Assis Santos<br \/>\n<strong>Diretor Social:<\/strong> Geraldo Bernardes<br \/>\n<strong>Diretora de Rela\u00e7\u00f5es:<\/strong> Solange Maria Montezano Adriano<\/p>\n<p><strong>CONSELHO FISCAL:<\/strong><br \/>\nHaroldo do Esp\u00edrito Santo<br \/>\nLuiz Paulo Ara\u00fajo La-Gatta<br \/>\nTarc\u00edsio Pereira da Rocha<\/p>\n<p><strong>CONSELHO FISCAL SUPLENTE:<\/strong><br \/>\nPaulo Henrique Silva e Lima<br \/>\nHenrique Louren\u00e7o Pena<br \/>\nEscobar Gomes de Souza Neto<\/p>\n<p>&nbsp;<\/p>\n<p><em><strong>*Fotos: Luciana Archete<\/strong><\/em><\/p>\n","protected":false},"excerpt":{"rendered":"<p>A C\u00e2mara de Dirigentes Lojistas (CDL) elegeu, por aclama\u00e7\u00e3o, a chapa \u00fanica que estar\u00e1 \u00e0 frente da entidade nos anos de 2017 e 2018. A escolha aconteceu na noite de segunda-feira (30), no audit\u00f3rio da entidade, com a presen\u00e7a de membros da diretoria e associados que foram referendar o nome dos novos diretores. Uma modifica\u00e7\u00e3o &#8230; <a title=\"CDL elege nova diretoria para o bi\u00eanio 2017\/2018\" class=\"read-more\" href=\"https:\/\/anoticiaonline.com.br\/site\/cdl-elege-nova-diretoria-para-o-bienio-20172018\/\" aria-label=\"Read more about CDL elege nova diretoria para o bi\u00eanio 2017\/2018\">Ler mais<\/a><\/p>\n","protected":false},"author":2,"featured_media":21198,"comment_status":"open","ping_status":"open","sticky":false,"template":"","format":"standard","meta":{"_acf_changed":false,"_monsterinsights_skip_tracking":false,"footnotes":""},"categories":[30],"tags":[3],"class_list":["post-21197","post","type-post","status-publish","format-standard","has-post-thumbnail","hentry","category-muriae","tag-slide"],"acf":[],"aioseo_notices":[],"aioseo_head":"\n\t\t<!-- All in One SEO 5.0.0.1 - aioseo.com -->\n\t<meta name=\"description\" content=\"A C\u00e2mara de Dirigentes Lojistas (CDL) elegeu, por aclama\u00e7\u00e3o, a chapa \u00fanica que estar\u00e1 \u00e0 frente da entidade nos anos de 2017 e 2018. A escolha aconteceu na noite de segunda-feira (30), no audit\u00f3rio da entidade, com a presen\u00e7a de membros da diretoria e associados que foram referendar o nome dos novos diretores. Uma modifica\u00e7\u00e3o\" \/>\n\t<meta name=\"robots\" content=\"max-image-preview:large\" \/>\n\t<meta name=\"author\" content=\"Juliana Laviola\"\/>\n\t<link rel=\"canonical\" href=\"https:\/\/anoticiaonline.com.br\/site\/cdl-elege-nova-diretoria-para-o-bienio-20172018\/\" \/>\n\t<meta name=\"generator\" content=\"All in One SEO (AIOSEO) 5.0.0.1\" \/>\n\t\t<meta property=\"og:locale\" content=\"pt_BR\" \/>\n\t\t<meta property=\"og:site_name\" content=\"A Not\u00edcia Online - Noticias de Muria\u00e9 e regi\u00e3o\" \/>\n\t\t<meta property=\"og:type\" content=\"article\" \/>\n\t\t<meta property=\"og:title\" content=\"CDL elege nova diretoria para o bi\u00eanio 2017\/2018 - A Not\u00edcia Online\" \/>\n\t\t<meta property=\"og:description\" content=\"A C\u00e2mara de Dirigentes Lojistas (CDL) elegeu, por aclama\u00e7\u00e3o, a chapa \u00fanica que estar\u00e1 \u00e0 frente da entidade nos anos de 2017 e 2018. A escolha aconteceu na noite de segunda-feira (30), no audit\u00f3rio da entidade, com a presen\u00e7a de membros da diretoria e associados que foram referendar o nome dos novos diretores. Uma modifica\u00e7\u00e3o\" \/>\n\t\t<meta property=\"og:url\" content=\"https:\/\/anoticiaonline.com.br\/site\/cdl-elege-nova-diretoria-para-o-bienio-20172018\/\" \/>\n\t\t<meta property=\"og:image\" content=\"https:\/\/scontent-gig4-1.xx.fbcdn.net\/v\/t39.30808-1\/270437624_4564083193639691_6907940295614233970_n.jpg?stp=dst-jpg_s200x200_tt6&#038;_nc_cat=111&#038;ccb=1-7&#038;_nc_sid=f907e8&#038;_nc_ohc=SM1wRlP3lJwQ7kNvwEPuBYA&#038;_nc_oc=AdnqrjDN_BNjSSHWO-GbkIWH6fkGMLw4bqvL_NH6e2wMveX7G-rP2dAqsDSq1mJMOaY&#038;_nc_zt=24&#038;_nc_ht=scontent-gig4-1.xx&#038;_nc_gid=AoBFJeGrT1hVaew_6rchkQ&#038;oh=00_AfX7QmFGhQhG2jAllVgXCiM1ZrWgvtp80-Bfppyexh1QEg&#038;oe=689E923C\" \/>\n\t\t<meta property=\"og:image:secure_url\" content=\"https:\/\/scontent-gig4-1.xx.fbcdn.net\/v\/t39.30808-1\/270437624_4564083193639691_6907940295614233970_n.jpg?stp=dst-jpg_s200x200_tt6&#038;_nc_cat=111&#038;ccb=1-7&#038;_nc_sid=f907e8&#038;_nc_ohc=SM1wRlP3lJwQ7kNvwEPuBYA&#038;_nc_oc=AdnqrjDN_BNjSSHWO-GbkIWH6fkGMLw4bqvL_NH6e2wMveX7G-rP2dAqsDSq1mJMOaY&#038;_nc_zt=24&#038;_nc_ht=scontent-gig4-1.xx&#038;_nc_gid=AoBFJeGrT1hVaew_6rchkQ&#038;oh=00_AfX7QmFGhQhG2jAllVgXCiM1ZrWgvtp80-Bfppyexh1QEg&#038;oe=689E923C\" \/>\n\t\t<meta property=\"article:published_time\" content=\"2016-11-01T11:08:07+00:00\" \/>\n\t\t<meta property=\"article:modified_time\" content=\"2016-11-01T11:12:08+00:00\" \/>\n\t\t<meta name=\"twitter:card\" content=\"summary_large_image\" \/>\n\t\t<meta name=\"twitter:title\" content=\"CDL elege nova diretoria para o bi\u00eanio 2017\/2018 - A Not\u00edcia Online\" \/>\n\t\t<meta name=\"twitter:description\" content=\"A C\u00e2mara de Dirigentes Lojistas (CDL) elegeu, por aclama\u00e7\u00e3o, a chapa \u00fanica que estar\u00e1 \u00e0 frente da entidade nos anos de 2017 e 2018. A escolha aconteceu na noite de segunda-feira (30), no audit\u00f3rio da entidade, com a presen\u00e7a de membros da diretoria e associados que foram referendar o nome dos novos diretores. Uma modifica\u00e7\u00e3o\" \/>\n\t\t<meta name=\"twitter:image\" content=\"https:\/\/scontent-gig4-1.xx.fbcdn.net\/v\/t39.30808-1\/270437624_4564083193639691_6907940295614233970_n.jpg?stp=dst-jpg_s200x200_tt6&amp;_nc_cat=111&amp;ccb=1-7&amp;_nc_sid=f907e8&amp;_nc_ohc=SM1wRlP3lJwQ7kNvwEPuBYA&amp;_nc_oc=AdnqrjDN_BNjSSHWO-GbkIWH6fkGMLw4bqvL_NH6e2wMveX7G-rP2dAqsDSq1mJMOaY&amp;_nc_zt=24&amp;_nc_ht=scontent-gig4-1.xx&amp;_nc_gid=AoBFJeGrT1hVaew_6rchkQ&amp;oh=00_AfX7QmFGhQhG2jAllVgXCiM1ZrWgvtp80-Bfppyexh1QEg&amp;oe=689E923C\" \/>\n\t\t<script type=\"application\/ld+json\" class=\"aioseo-schema\">\n\t\t\t{\"@context\":\"https:\\\/\\\/schema.org\",\"@graph\":[{\"@type\":\"BlogPosting\",\"@id\":\"https:\\\/\\\/anoticiaonline.com.br\\\/site\\\/cdl-elege-nova-diretoria-para-o-bienio-20172018\\\/#blogposting\",\"name\":\"CDL elege nova diretoria para o bi\\u00eanio 2017\\\/2018 - A Not\\u00edcia Online\",\"headline\":\"CDL elege nova diretoria para o bi\\u00eanio 2017\\\/2018\",\"author\":{\"@id\":\"https:\\\/\\\/anoticiaonline.com.br\\\/site\\\/author\\\/juliana\\\/#author\"},\"publisher\":{\"@id\":\"https:\\\/\\\/anoticiaonline.com.br\\\/site\\\/#organization\"},\"image\":{\"@type\":\"ImageObject\",\"url\":\"https:\\\/\\\/anoticiaonline.com.br\\\/site\\\/wp-content\\\/uploads\\\/2016\\\/11\\\/DSCF8805.jpg\",\"width\":640,\"height\":361},\"datePublished\":\"2016-11-01T08:08:07-03:00\",\"dateModified\":\"2016-11-01T08:12:08-03:00\",\"inLanguage\":\"pt-BR\",\"mainEntityOfPage\":{\"@id\":\"https:\\\/\\\/anoticiaonline.com.br\\\/site\\\/cdl-elege-nova-diretoria-para-o-bienio-20172018\\\/#webpage\"},\"isPartOf\":{\"@id\":\"https:\\\/\\\/anoticiaonline.com.br\\\/site\\\/cdl-elege-nova-diretoria-para-o-bienio-20172018\\\/#webpage\"},\"articleSection\":\"Blog, slide\"},{\"@type\":\"BreadcrumbList\",\"@id\":\"https:\\\/\\\/anoticiaonline.com.br\\\/site\\\/cdl-elege-nova-diretoria-para-o-bienio-20172018\\\/#breadcrumblist\",\"itemListElement\":[{\"@type\":\"ListItem\",\"@id\":\"https:\\\/\\\/anoticiaonline.com.br\\\/site#listItem\",\"position\":1,\"name\":\"Home\",\"item\":\"https:\\\/\\\/anoticiaonline.com.br\\\/site\",\"nextItem\":{\"@type\":\"ListItem\",\"@id\":\"https:\\\/\\\/anoticiaonline.com.br\\\/site\\\/categoria\\\/muriae\\\/#listItem\",\"name\":\"Blog\"}},{\"@type\":\"ListItem\",\"@id\":\"https:\\\/\\\/anoticiaonline.com.br\\\/site\\\/categoria\\\/muriae\\\/#listItem\",\"position\":2,\"name\":\"Blog\",\"item\":\"https:\\\/\\\/anoticiaonline.com.br\\\/site\\\/categoria\\\/muriae\\\/\",\"nextItem\":{\"@type\":\"ListItem\",\"@id\":\"https:\\\/\\\/anoticiaonline.com.br\\\/site\\\/cdl-elege-nova-diretoria-para-o-bienio-20172018\\\/#listItem\",\"name\":\"CDL elege nova diretoria para o bi\\u00eanio 2017\\\/2018\"},\"previousItem\":{\"@type\":\"ListItem\",\"@id\":\"https:\\\/\\\/anoticiaonline.com.br\\\/site#listItem\",\"name\":\"Home\"}},{\"@type\":\"ListItem\",\"@id\":\"https:\\\/\\\/anoticiaonline.com.br\\\/site\\\/cdl-elege-nova-diretoria-para-o-bienio-20172018\\\/#listItem\",\"position\":3,\"name\":\"CDL elege nova diretoria para o bi\\u00eanio 2017\\\/2018\",\"previousItem\":{\"@type\":\"ListItem\",\"@id\":\"https:\\\/\\\/anoticiaonline.com.br\\\/site\\\/categoria\\\/muriae\\\/#listItem\",\"name\":\"Blog\"}}]},{\"@type\":\"Organization\",\"@id\":\"https:\\\/\\\/anoticiaonline.com.br\\\/site\\\/#organization\",\"name\":\"A Not\\u00edcia Online\",\"description\":\"Noticias de Muria\\u00e9 e regi\\u00e3o\",\"url\":\"https:\\\/\\\/anoticiaonline.com.br\\\/site\\\/\",\"logo\":{\"@type\":\"ImageObject\",\"url\":\"https:\\\/\\\/scontent-gig4-1.xx.fbcdn.net\\\/v\\\/t39.30808-1\\\/270437624_4564083193639691_6907940295614233970_n.jpg?stp=dst-jpg_s200x200_tt6&_nc_cat=111&ccb=1-7&_nc_sid=f907e8&_nc_ohc=SM1wRlP3lJwQ7kNvwEPuBYA&_nc_oc=AdnqrjDN_BNjSSHWO-GbkIWH6fkGMLw4bqvL_NH6e2wMveX7G-rP2dAqsDSq1mJMOaY&_nc_zt=24&_nc_ht=scontent-gig4-1.xx&_nc_gid=AoBFJeGrT1hVaew_6rchkQ&oh=00_AfX7QmFGhQhG2jAllVgXCiM1ZrWgvtp80-Bfppyexh1QEg&oe=689E923C\",\"@id\":\"https:\\\/\\\/anoticiaonline.com.br\\\/site\\\/cdl-elege-nova-diretoria-para-o-bienio-20172018\\\/#organizationLogo\"},\"image\":{\"@id\":\"https:\\\/\\\/anoticiaonline.com.br\\\/site\\\/cdl-elege-nova-diretoria-para-o-bienio-20172018\\\/#organizationLogo\"}},{\"@type\":\"Person\",\"@id\":\"https:\\\/\\\/anoticiaonline.com.br\\\/site\\\/author\\\/juliana\\\/#author\",\"url\":\"https:\\\/\\\/anoticiaonline.com.br\\\/site\\\/author\\\/juliana\\\/\",\"name\":\"Juliana Laviola\",\"image\":{\"@type\":\"ImageObject\",\"@id\":\"https:\\\/\\\/anoticiaonline.com.br\\\/site\\\/cdl-elege-nova-diretoria-para-o-bienio-20172018\\\/#authorImage\",\"url\":\"https:\\\/\\\/secure.gravatar.com\\\/avatar\\\/b8d45f5c699b100dfaf0e543582f38f38bf94cb7ae3a5e9abf8d891a34773335?s=96&d=mm&r=g\",\"width\":96,\"height\":96,\"caption\":\"Juliana Laviola\"}},{\"@type\":\"WebPage\",\"@id\":\"https:\\\/\\\/anoticiaonline.com.br\\\/site\\\/cdl-elege-nova-diretoria-para-o-bienio-20172018\\\/#webpage\",\"url\":\"https:\\\/\\\/anoticiaonline.com.br\\\/site\\\/cdl-elege-nova-diretoria-para-o-bienio-20172018\\\/\",\"name\":\"CDL elege nova diretoria para o bi\\u00eanio 2017\\\/2018 - A Not\\u00edcia Online\",\"description\":\"A C\\u00e2mara de Dirigentes Lojistas (CDL) elegeu, por aclama\\u00e7\\u00e3o, a chapa \\u00fanica que estar\\u00e1 \\u00e0 frente da entidade nos anos de 2017 e 2018. A escolha aconteceu na noite de segunda-feira (30), no audit\\u00f3rio da entidade, com a presen\\u00e7a de membros da diretoria e associados que foram referendar o nome dos novos diretores. Uma modifica\\u00e7\\u00e3o\",\"inLanguage\":\"pt-BR\",\"isPartOf\":{\"@id\":\"https:\\\/\\\/anoticiaonline.com.br\\\/site\\\/#website\"},\"breadcrumb\":{\"@id\":\"https:\\\/\\\/anoticiaonline.com.br\\\/site\\\/cdl-elege-nova-diretoria-para-o-bienio-20172018\\\/#breadcrumblist\"},\"author\":{\"@id\":\"https:\\\/\\\/anoticiaonline.com.br\\\/site\\\/author\\\/juliana\\\/#author\"},\"creator\":{\"@id\":\"https:\\\/\\\/anoticiaonline.com.br\\\/site\\\/author\\\/juliana\\\/#author\"},\"image\":{\"@type\":\"ImageObject\",\"url\":\"https:\\\/\\\/anoticiaonline.com.br\\\/site\\\/wp-content\\\/uploads\\\/2016\\\/11\\\/DSCF8805.jpg\",\"@id\":\"https:\\\/\\\/anoticiaonline.com.br\\\/site\\\/cdl-elege-nova-diretoria-para-o-bienio-20172018\\\/#mainImage\",\"width\":640,\"height\":361},\"primaryImageOfPage\":{\"@id\":\"https:\\\/\\\/anoticiaonline.com.br\\\/site\\\/cdl-elege-nova-diretoria-para-o-bienio-20172018\\\/#mainImage\"},\"datePublished\":\"2016-11-01T08:08:07-03:00\",\"dateModified\":\"2016-11-01T08:12:08-03:00\"},{\"@type\":\"WebSite\",\"@id\":\"https:\\\/\\\/anoticiaonline.com.br\\\/site\\\/#website\",\"url\":\"https:\\\/\\\/anoticiaonline.com.br\\\/site\\\/\",\"name\":\"A Not\\u00edcia Online\",\"description\":\"Noticias de Muria\\u00e9 e regi\\u00e3o\",\"inLanguage\":\"pt-BR\",\"publisher\":{\"@id\":\"https:\\\/\\\/anoticiaonline.com.br\\\/site\\\/#organization\"}}]}\n\t\t<\/script>\n\t\t<!-- All in One SEO -->\n\n","aioseo_head_json":{"title":"CDL elege nova diretoria para o bi\u00eanio 2017\/2018 - A Not\u00edcia Online","description":"A C\u00e2mara de Dirigentes Lojistas (CDL) elegeu, por aclama\u00e7\u00e3o, a chapa \u00fanica que estar\u00e1 \u00e0 frente da entidade nos anos de 2017 e 2018. A escolha aconteceu na noite de segunda-feira (30), no audit\u00f3rio da entidade, com a presen\u00e7a de membros da diretoria e associados que foram referendar o nome dos novos diretores. Uma modifica\u00e7\u00e3o","canonical_url":"https:\/\/anoticiaonline.com.br\/site\/cdl-elege-nova-diretoria-para-o-bienio-20172018\/","robots":"max-image-preview:large","keywords":"","webmasterTools":{"miscellaneous":""},"schema":{"@context":"https:\/\/schema.org","@graph":[{"@type":"BlogPosting","@id":"https:\/\/anoticiaonline.com.br\/site\/cdl-elege-nova-diretoria-para-o-bienio-20172018\/#blogposting","name":"CDL elege nova diretoria para o bi\u00eanio 2017\/2018 - A Not\u00edcia Online","headline":"CDL elege nova diretoria para o bi\u00eanio 2017\/2018","author":{"@id":"https:\/\/anoticiaonline.com.br\/site\/author\/juliana\/#author"},"publisher":{"@id":"https:\/\/anoticiaonline.com.br\/site\/#organization"},"image":{"@type":"ImageObject","url":"https:\/\/anoticiaonline.com.br\/site\/wp-content\/uploads\/2016\/11\/DSCF8805.jpg","width":640,"height":361},"datePublished":"2016-11-01T08:08:07-03:00","dateModified":"2016-11-01T08:12:08-03:00","inLanguage":"pt-BR","mainEntityOfPage":{"@id":"https:\/\/anoticiaonline.com.br\/site\/cdl-elege-nova-diretoria-para-o-bienio-20172018\/#webpage"},"isPartOf":{"@id":"https:\/\/anoticiaonline.com.br\/site\/cdl-elege-nova-diretoria-para-o-bienio-20172018\/#webpage"},"articleSection":"Blog, slide"},{"@type":"BreadcrumbList","@id":"https:\/\/anoticiaonline.com.br\/site\/cdl-elege-nova-diretoria-para-o-bienio-20172018\/#breadcrumblist","itemListElement":[{"@type":"ListItem","@id":"https:\/\/anoticiaonline.com.br\/site#listItem","position":1,"name":"Home","item":"https:\/\/anoticiaonline.com.br\/site","nextItem":{"@type":"ListItem","@id":"https:\/\/anoticiaonline.com.br\/site\/categoria\/muriae\/#listItem","name":"Blog"}},{"@type":"ListItem","@id":"https:\/\/anoticiaonline.com.br\/site\/categoria\/muriae\/#listItem","position":2,"name":"Blog","item":"https:\/\/anoticiaonline.com.br\/site\/categoria\/muriae\/","nextItem":{"@type":"ListItem","@id":"https:\/\/anoticiaonline.com.br\/site\/cdl-elege-nova-diretoria-para-o-bienio-20172018\/#listItem","name":"CDL elege nova diretoria para o bi\u00eanio 2017\/2018"},"previousItem":{"@type":"ListItem","@id":"https:\/\/anoticiaonline.com.br\/site#listItem","name":"Home"}},{"@type":"ListItem","@id":"https:\/\/anoticiaonline.com.br\/site\/cdl-elege-nova-diretoria-para-o-bienio-20172018\/#listItem","position":3,"name":"CDL elege nova diretoria para o bi\u00eanio 2017\/2018","previousItem":{"@type":"ListItem","@id":"https:\/\/anoticiaonline.com.br\/site\/categoria\/muriae\/#listItem","name":"Blog"}}]},{"@type":"Organization","@id":"https:\/\/anoticiaonline.com.br\/site\/#organization","name":"A Not\u00edcia Online","description":"Noticias de Muria\u00e9 e regi\u00e3o","url":"https:\/\/anoticiaonline.com.br\/site\/","logo":{"@type":"ImageObject","url":"https:\/\/scontent-gig4-1.xx.fbcdn.net\/v\/t39.30808-1\/270437624_4564083193639691_6907940295614233970_n.jpg?stp=dst-jpg_s200x200_tt6&_nc_cat=111&ccb=1-7&_nc_sid=f907e8&_nc_ohc=SM1wRlP3lJwQ7kNvwEPuBYA&_nc_oc=AdnqrjDN_BNjSSHWO-GbkIWH6fkGMLw4bqvL_NH6e2wMveX7G-rP2dAqsDSq1mJMOaY&_nc_zt=24&_nc_ht=scontent-gig4-1.xx&_nc_gid=AoBFJeGrT1hVaew_6rchkQ&oh=00_AfX7QmFGhQhG2jAllVgXCiM1ZrWgvtp80-Bfppyexh1QEg&oe=689E923C","@id":"https:\/\/anoticiaonline.com.br\/site\/cdl-elege-nova-diretoria-para-o-bienio-20172018\/#organizationLogo"},"image":{"@id":"https:\/\/anoticiaonline.com.br\/site\/cdl-elege-nova-diretoria-para-o-bienio-20172018\/#organizationLogo"}},{"@type":"Person","@id":"https:\/\/anoticiaonline.com.br\/site\/author\/juliana\/#author","url":"https:\/\/anoticiaonline.com.br\/site\/author\/juliana\/","name":"Juliana Laviola","image":{"@type":"ImageObject","@id":"https:\/\/anoticiaonline.com.br\/site\/cdl-elege-nova-diretoria-para-o-bienio-20172018\/#authorImage","url":"https:\/\/secure.gravatar.com\/avatar\/b8d45f5c699b100dfaf0e543582f38f38bf94cb7ae3a5e9abf8d891a34773335?s=96&d=mm&r=g","width":96,"height":96,"caption":"Juliana Laviola"}},{"@type":"WebPage","@id":"https:\/\/anoticiaonline.com.br\/site\/cdl-elege-nova-diretoria-para-o-bienio-20172018\/#webpage","url":"https:\/\/anoticiaonline.com.br\/site\/cdl-elege-nova-diretoria-para-o-bienio-20172018\/","name":"CDL elege nova diretoria para o bi\u00eanio 2017\/2018 - A Not\u00edcia Online","description":"A C\u00e2mara de Dirigentes Lojistas (CDL) elegeu, por aclama\u00e7\u00e3o, a chapa \u00fanica que estar\u00e1 \u00e0 frente da entidade nos anos de 2017 e 2018. A escolha aconteceu na noite de segunda-feira (30), no audit\u00f3rio da entidade, com a presen\u00e7a de membros da diretoria e associados que foram referendar o nome dos novos diretores. Uma modifica\u00e7\u00e3o","inLanguage":"pt-BR","isPartOf":{"@id":"https:\/\/anoticiaonline.com.br\/site\/#website"},"breadcrumb":{"@id":"https:\/\/anoticiaonline.com.br\/site\/cdl-elege-nova-diretoria-para-o-bienio-20172018\/#breadcrumblist"},"author":{"@id":"https:\/\/anoticiaonline.com.br\/site\/author\/juliana\/#author"},"creator":{"@id":"https:\/\/anoticiaonline.com.br\/site\/author\/juliana\/#author"},"image":{"@type":"ImageObject","url":"https:\/\/anoticiaonline.com.br\/site\/wp-content\/uploads\/2016\/11\/DSCF8805.jpg","@id":"https:\/\/anoticiaonline.com.br\/site\/cdl-elege-nova-diretoria-para-o-bienio-20172018\/#mainImage","width":640,"height":361},"primaryImageOfPage":{"@id":"https:\/\/anoticiaonline.com.br\/site\/cdl-elege-nova-diretoria-para-o-bienio-20172018\/#mainImage"},"datePublished":"2016-11-01T08:08:07-03:00","dateModified":"2016-11-01T08:12:08-03:00"},{"@type":"WebSite","@id":"https:\/\/anoticiaonline.com.br\/site\/#website","url":"https:\/\/anoticiaonline.com.br\/site\/","name":"A Not\u00edcia Online","description":"Noticias de Muria\u00e9 e regi\u00e3o","inLanguage":"pt-BR","publisher":{"@id":"https:\/\/anoticiaonline.com.br\/site\/#organization"}}]},"og:locale":"pt_BR","og:site_name":"A Not\u00edcia Online - Noticias de Muria\u00e9 e regi\u00e3o","og:type":"article","og:title":"CDL elege nova diretoria para o bi\u00eanio 2017\/2018 - A Not\u00edcia Online","og:description":"A C\u00e2mara de Dirigentes Lojistas (CDL) elegeu, por aclama\u00e7\u00e3o, a chapa \u00fanica que estar\u00e1 \u00e0 frente da entidade nos anos de 2017 e 2018. A escolha aconteceu na noite de segunda-feira (30), no audit\u00f3rio da entidade, com a presen\u00e7a de membros da diretoria e associados que foram referendar o nome dos novos diretores. Uma modifica\u00e7\u00e3o","og:url":"https:\/\/anoticiaonline.com.br\/site\/cdl-elege-nova-diretoria-para-o-bienio-20172018\/","og:image":"https:\/\/scontent-gig4-1.xx.fbcdn.net\/v\/t39.30808-1\/270437624_4564083193639691_6907940295614233970_n.jpg?stp=dst-jpg_s200x200_tt6&#038;_nc_cat=111&#038;ccb=1-7&#038;_nc_sid=f907e8&#038;_nc_ohc=SM1wRlP3lJwQ7kNvwEPuBYA&#038;_nc_oc=AdnqrjDN_BNjSSHWO-GbkIWH6fkGMLw4bqvL_NH6e2wMveX7G-rP2dAqsDSq1mJMOaY&#038;_nc_zt=24&#038;_nc_ht=scontent-gig4-1.xx&#038;_nc_gid=AoBFJeGrT1hVaew_6rchkQ&#038;oh=00_AfX7QmFGhQhG2jAllVgXCiM1ZrWgvtp80-Bfppyexh1QEg&#038;oe=689E923C","og:image:secure_url":"https:\/\/scontent-gig4-1.xx.fbcdn.net\/v\/t39.30808-1\/270437624_4564083193639691_6907940295614233970_n.jpg?stp=dst-jpg_s200x200_tt6&#038;_nc_cat=111&#038;ccb=1-7&#038;_nc_sid=f907e8&#038;_nc_ohc=SM1wRlP3lJwQ7kNvwEPuBYA&#038;_nc_oc=AdnqrjDN_BNjSSHWO-GbkIWH6fkGMLw4bqvL_NH6e2wMveX7G-rP2dAqsDSq1mJMOaY&#038;_nc_zt=24&#038;_nc_ht=scontent-gig4-1.xx&#038;_nc_gid=AoBFJeGrT1hVaew_6rchkQ&#038;oh=00_AfX7QmFGhQhG2jAllVgXCiM1ZrWgvtp80-Bfppyexh1QEg&#038;oe=689E923C","article:published_time":"2016-11-01T11:08:07+00:00","article:modified_time":"2016-11-01T11:12:08+00:00","twitter:card":"summary_large_image","twitter:title":"CDL elege nova diretoria para o bi\u00eanio 2017\/2018 - A Not\u00edcia Online","twitter:description":"A C\u00e2mara de Dirigentes Lojistas (CDL) elegeu, por aclama\u00e7\u00e3o, a chapa \u00fanica que estar\u00e1 \u00e0 frente da entidade nos anos de 2017 e 2018. A escolha aconteceu na noite de segunda-feira (30), no audit\u00f3rio da entidade, com a presen\u00e7a de membros da diretoria e associados que foram referendar o nome dos novos diretores. Uma modifica\u00e7\u00e3o","twitter:image":"https:\/\/scontent-gig4-1.xx.fbcdn.net\/v\/t39.30808-1\/270437624_4564083193639691_6907940295614233970_n.jpg?stp=dst-jpg_s200x200_tt6&_nc_cat=111&ccb=1-7&_nc_sid=f907e8&_nc_ohc=SM1wRlP3lJwQ7kNvwEPuBYA&_nc_oc=AdnqrjDN_BNjSSHWO-GbkIWH6fkGMLw4bqvL_NH6e2wMveX7G-rP2dAqsDSq1mJMOaY&_nc_zt=24&_nc_ht=scontent-gig4-1.xx&_nc_gid=AoBFJeGrT1hVaew_6rchkQ&oh=00_AfX7QmFGhQhG2jAllVgXCiM1ZrWgvtp80-Bfppyexh1QEg&oe=689E923C"},"aioseo_meta_data":{"post_id":"21197","title":null,"description":null,"keywords":null,"keyphrases":null,"primary_term":null,"canonical_url":null,"og_title":null,"og_description":null,"og_object_type":"default","og_image_type":"default","og_image_url":null,"og_image_width":null,"og_image_height":null,"og_image_custom_url":null,"og_image_custom_fields":null,"og_video":null,"og_custom_url":null,"og_article_section":null,"og_article_tags":null,"twitter_use_og":false,"twitter_card":"default","twitter_image_type":"default","twitter_image_url":null,"twitter_image_custom_url":null,"twitter_image_custom_fields":null,"twitter_title":null,"twitter_description":null,"schema":{"blockGraphs":[],"customGraphs":[],"default":{"data":{"Article":[],"Course":[],"Dataset":[],"FAQPage":[],"Movie":[],"Person":[],"Product":[],"ProductReview":[],"Car":[],"Recipe":[],"Service":[],"SoftwareApplication":[],"WebPage":[]},"graphName":"","isEnabled":true},"graphs":[]},"schema_type":"default","schema_type_options":null,"pillar_content":false,"robots_default":true,"robots_noindex":false,"robots_noarchive":false,"robots_nosnippet":false,"robots_nofollow":false,"robots_noimageindex":false,"robots_noodp":false,"robots_notranslate":false,"robots_max_snippet":null,"robots_max_videopreview":null,"robots_max_imagepreview":"large","priority":null,"frequency":null,"local_seo":null,"breadcrumb_settings":null,"limit_modified_date":false,"ai":null,"created":"2025-08-16 17:06:02","updated":"2025-08-16 17:06:02","focus_keyword":null,"additional_keywords":null,"truseo_locale":null,"seo_analyzer_scan_date":null},"aioseo_breadcrumb":"<div class=\"aioseo-breadcrumbs\"><span class=\"aioseo-breadcrumb\">\n\t\t\t<a href=\"https:\/\/anoticiaonline.com.br\/site\" title=\"Home\">Home<\/a>\n\t\t<\/span><span class=\"aioseo-breadcrumb-separator\">&raquo;<\/span><span class=\"aioseo-breadcrumb\">\n\t\t\t<a href=\"https:\/\/anoticiaonline.com.br\/site\/categoria\/muriae\/\" title=\"Blog\">Blog<\/a>\n\t\t<\/span><span class=\"aioseo-breadcrumb-separator\">&raquo;<\/span><span class=\"aioseo-breadcrumb\">\n\t\t\tCDL elege nova diretoria para o bi\u00eanio 2017\/2018\n\t\t<\/span><\/div>","aioseo_breadcrumb_json":[{"label":"Home","link":"https:\/\/anoticiaonline.com.br\/site"},{"label":"Blog","link":"https:\/\/anoticiaonline.com.br\/site\/categoria\/muriae\/"},{"label":"CDL elege nova diretoria para o bi\u00eanio 2017\/2018","link":"https:\/\/anoticiaonline.com.br\/site\/cdl-elege-nova-diretoria-para-o-bienio-20172018\/"}],"views":143,"_links":{"self":[{"href":"https:\/\/anoticiaonline.com.br\/site\/wp-json\/wp\/v2\/posts\/21197","targetHints":{"allow":["GET"]}}],"collection":[{"href":"https:\/\/anoticiaonline.com.br\/site\/wp-json\/wp\/v2\/posts"}],"about":[{"href":"https:\/\/anoticiaonline.com.br\/site\/wp-json\/wp\/v2\/types\/post"}],"author":[{"embeddable":true,"href":"https:\/\/anoticiaonline.com.br\/site\/wp-json\/wp\/v2\/users\/2"}],"replies":[{"embeddable":true,"href":"https:\/\/anoticiaonline.com.br\/site\/wp-json\/wp\/v2\/comments?post=21197"}],"version-history":[{"count":0,"href":"https:\/\/anoticiaonline.com.br\/site\/wp-json\/wp\/v2\/posts\/21197\/revisions"}],"wp:featuredmedia":[{"embeddable":true,"href":"https:\/\/anoticiaonline.com.br\/site\/wp-json\/wp\/v2\/media\/21198"}],"wp:attachment":[{"href":"https:\/\/anoticiaonline.com.br\/site\/wp-json\/wp\/v2\/media?parent=21197"}],"wp:term":[{"taxonomy":"category","embeddable":true,"href":"https:\/\/anoticiaonline.com.br\/site\/wp-json\/wp\/v2\/categories?post=21197"},{"taxonomy":"post_tag","embeddable":true,"href":"https:\/\/anoticiaonline.com.br\/site\/wp-json\/wp\/v2\/tags?post=21197"}],"curies":[{"name":"wp","href":"https:\/\/api.w.org\/{rel}","templated":true}]}}