{"id":21194,"date":"2016-10-31T09:17:01","date_gmt":"2016-10-31T12:17:01","guid":{"rendered":"http:\/\/anoticiaonline.com.br\/site\/?p=21194"},"modified":"2016-10-31T09:17:01","modified_gmt":"2016-10-31T12:17:01","slug":"comeca-a-segunda-etapa-de-vacinacao-contra-a-febre-aftosa","status":"publish","type":"post","link":"https:\/\/anoticiaonline.com.br\/site\/comeca-a-segunda-etapa-de-vacinacao-contra-a-febre-aftosa\/","title":{"rendered":"Come\u00e7a a segunda etapa de vacina\u00e7\u00e3o contra a febre aftosa"},"content":{"rendered":"<figure id=\"attachment_21195\" aria-describedby=\"caption-attachment-21195\" style=\"width: 290px\" class=\"wp-caption alignleft\"><a href=\"https:\/\/anoticiaonline.com.br\/site\/wp-content\/uploads\/2016\/10\/Come\u00e7a-a-segunda-etapa-de-vacina\u00e7\u00e3o-contra-a-febre-aftosa.jpg\"><img fetchpriority=\"high\" decoding=\"async\" class=\"size-medium wp-image-21195\" src=\"https:\/\/anoticiaonline.com.br\/site\/wp-content\/uploads\/2016\/10\/Come\u00e7a-a-segunda-etapa-de-vacina\u00e7\u00e3o-contra-a-febre-aftosa-300x189.jpg\" alt=\"Foto: Divulga\u00e7\u00e3o\/IMA\" width=\"300\" height=\"189\" srcset=\"https:\/\/anoticiaonline.com.br\/site\/wp-content\/uploads\/2016\/10\/Come\u00e7a-a-segunda-etapa-de-vacina\u00e7\u00e3o-contra-a-febre-aftosa-300x189.jpg 300w, https:\/\/anoticiaonline.com.br\/site\/wp-content\/uploads\/2016\/10\/Come\u00e7a-a-segunda-etapa-de-vacina\u00e7\u00e3o-contra-a-febre-aftosa.jpg 640w\" sizes=\"(max-width: 300px) 100vw, 300px\" \/><\/a><figcaption id=\"caption-attachment-21195\" class=\"wp-caption-text\">Foto: Divulga\u00e7\u00e3o\/IMA<\/figcaption><\/figure>\n<p>A segunda etapa de vacina\u00e7\u00e3o anual do rebanho mineiro contra a febre aftosa come\u00e7a nesta ter\u00e7a-feira (1\u00ba) em todo o estado. Os produtores rurais ter\u00e3o at\u00e9 30 de novembro para vacinar os bovinos e bubalinos de sua propriedade, todos com idade de zero a 24 meses. A primeira etapa de vacina\u00e7\u00e3o ocorreu em maio deste ano.<\/p>\n<p>A vacina\u00e7\u00e3o \u00e9 obrigat\u00f3ria e \u00e9 a forma mais eficiente de se proteger os animais contra a doen\u00e7a. O produtor que n\u00e3o vacinar os animais estar\u00e1 sujeito a multa de 25 Unidades Fiscais do Estado de Minas Gerais (Ufemgs) por animal, o equivalente a R$ 75,27 por cabe\u00e7a.<\/p>\n<p>O Instituto Mineiro de Agropecu\u00e1ria (IMA), vinculado \u00e0 Secretaria de Estado de Agricultura, Pecu\u00e1ria e Abastecimento (Seapa), \u00e9 o \u00f3rg\u00e3o respons\u00e1vel por orientar os produtores, supervisionar e fiscalizar a vacina\u00e7\u00e3o do rebanho. O instituto estima que dever\u00e3o ser vacinados nesta etapa cerca de 9,6 milh\u00f5es de animais.<\/p>\n<p>Para comprar a vacina o produtor deve apresentar CPF e identidade nas lojas de revenda de produtos veterin\u00e1rios.<\/p>\n<p><strong>CUIDADOS PARA VACINAR &#8211;<\/strong> O diretor-geral do IMA, Marc\u00edlio de Sousa Magalh\u00e3es, lembra que o produtor deve adotar alguns cuidados que s\u00e3o importantes para garantir a efici\u00eancia da vacina. Entre eles, Magalh\u00e3es alerta para o transporte e armazenamento corretos deste produto.<\/p>\n<p>\u201cDo momento em que forem adquiridas na loja, durante o transporte e at\u00e9 o momento da aplica\u00e7\u00e3o as vacinas dever\u00e3o permanecer em ambiente refrigerado. \u00c9 fundamental mant\u00ea-las em geladeiras ou em caixas t\u00e9rmicas com muito gelo, de forma que estejam armazenadas em temperatura entre 2 e 8 graus cent\u00edgrados, inclusive no momento da aplica\u00e7\u00e3o. Al\u00e9m disso, deve-se agitar o frasco da vacina antes da utiliza\u00e7\u00e3o e administrar a dose correta, que \u00e9 de 5 ml. S\u00e3o cuidados que ir\u00e3o garantir a efici\u00eancia da vacina\u00e7\u00e3o e a imuniza\u00e7\u00e3o dos animais\u201d, ressalta.<\/p>\n<p><strong>COMPROVA\u00c7\u00c3O NO SITE &#8211;<\/strong> A legisla\u00e7\u00e3o prev\u00ea como obrigat\u00f3rio que os produtores rurais comprovem a vacina\u00e7\u00e3o dos animais de sua propriedade junto ao IMA. Marc\u00edlio Magalh\u00e3es chama a aten\u00e7\u00e3o dos produtores para que utilizem o site do IMA para fazer essa comprova\u00e7\u00e3o.<\/p>\n<p>\u201c\u00c9 uma forma r\u00e1pida e eficaz de comprovar a vacina\u00e7\u00e3o, sem a necessidade de ter que se deslocar at\u00e9 uma unidade do IMA. Basta que o produtor acesse o endere\u00e7o www.ima.mg.gov.br, onde ter\u00e1 um link para o Formul\u00e1rio de Declara\u00e7\u00e3o de Vacina\u00e7\u00e3o, tamb\u00e9m conhecido como Carta Aviso de Vacina\u00e7\u00e3o, onde ele poder\u00e1 fazer essa\u00a0 comprova\u00e7\u00e3o\u201d, informa o diretor-geral.<\/p>\n<p>Para fazer essa comprova\u00e7\u00e3o, ser\u00e1 necess\u00e1rio que o produtor tenha em m\u00e3os as notas fiscais de compra da vacina, informa\u00e7\u00f5es necess\u00e1rias para se comprovar a vacina\u00e7\u00e3o. \u201cO IMA oferece essa op\u00e7\u00e3o pelo seu site, o que \u00e9 uma comodidade para os produtores\u201d, informa Magalh\u00e3es. Esse link estar\u00e1 dispon\u00edvel a partir de amanh\u00e3 (1\u00ba).<\/p>\n<p><strong>EXPORTA\u00c7\u00d5ES &#8211;<\/strong> Minas Gerais possui o segundo maior rebanho bovino do Brasil, com aproximadamente 23,5 milh\u00f5es de animais, de acordo com os registros do IMA.\u00a0 \u00c9 o maior produtor de leite do pa\u00eds, com 9,1 bilh\u00f5es de litros\/ano. De janeiro a setembro deste ano, o estado exportou o equivalente a US$ 269,1 milh\u00f5es em carne bovina.<\/p>\n<p>Neste ano, Minas completou 20 anos sem registros de ocorr\u00eancia de focos de febre aftosa. Com isso, o estado mant\u00e9m o status obtido junto \u00e0 Organiza\u00e7\u00e3o Mundial de Sa\u00fade Animal (OIE) de \u00e1rea livre de febre aftosa com vacina\u00e7\u00e3o, o que lhe permite exportar os produtos da bovinocultura para diversos pa\u00edses, inclusive conquistando novos mercados.<\/p>\n","protected":false},"excerpt":{"rendered":"<p>A segunda etapa de vacina\u00e7\u00e3o anual do rebanho mineiro contra a febre aftosa come\u00e7a nesta ter\u00e7a-feira (1\u00ba) em todo o estado. Os produtores rurais ter\u00e3o at\u00e9 30 de novembro para vacinar os bovinos e bubalinos de sua propriedade, todos com idade de zero a 24 meses. A primeira etapa de vacina\u00e7\u00e3o ocorreu em maio deste &#8230; <a title=\"Come\u00e7a a segunda etapa de vacina\u00e7\u00e3o contra a febre aftosa\" class=\"read-more\" href=\"https:\/\/anoticiaonline.com.br\/site\/comeca-a-segunda-etapa-de-vacinacao-contra-a-febre-aftosa\/\" aria-label=\"Read more about Come\u00e7a a segunda etapa de vacina\u00e7\u00e3o contra a febre aftosa\">Ler mais<\/a><\/p>\n","protected":false},"author":2,"featured_media":21195,"comment_status":"open","ping_status":"open","sticky":false,"template":"","format":"standard","meta":{"_acf_changed":false,"_monsterinsights_skip_tracking":false,"footnotes":""},"categories":[1],"tags":[3],"class_list":["post-21194","post","type-post","status-publish","format-standard","has-post-thumbnail","hentry","category-gerais","tag-slide"],"acf":[],"aioseo_notices":[],"aioseo_head":"\n\t\t<!-- All in One SEO 5.0.0.1 - aioseo.com -->\n\t<meta name=\"description\" content=\"A segunda etapa de vacina\u00e7\u00e3o anual do rebanho mineiro contra a febre aftosa come\u00e7a nesta ter\u00e7a-feira (1\u00ba) em todo o estado. Os produtores rurais ter\u00e3o at\u00e9 30 de novembro para vacinar os bovinos e bubalinos de sua propriedade, todos com idade de zero a 24 meses. A primeira etapa de vacina\u00e7\u00e3o ocorreu em maio deste\" \/>\n\t<meta name=\"robots\" content=\"max-image-preview:large\" \/>\n\t<meta name=\"author\" content=\"Juliana Laviola\"\/>\n\t<link rel=\"canonical\" href=\"https:\/\/anoticiaonline.com.br\/site\/comeca-a-segunda-etapa-de-vacinacao-contra-a-febre-aftosa\/\" \/>\n\t<meta name=\"generator\" content=\"All in One SEO (AIOSEO) 5.0.0.1\" \/>\n\t\t<meta property=\"og:locale\" content=\"pt_BR\" \/>\n\t\t<meta property=\"og:site_name\" content=\"A Not\u00edcia Online - Noticias de Muria\u00e9 e regi\u00e3o\" \/>\n\t\t<meta property=\"og:type\" content=\"article\" \/>\n\t\t<meta property=\"og:title\" content=\"Come\u00e7a a segunda etapa de vacina\u00e7\u00e3o contra a febre aftosa - A Not\u00edcia Online\" \/>\n\t\t<meta property=\"og:description\" content=\"A segunda etapa de vacina\u00e7\u00e3o anual do rebanho mineiro contra a febre aftosa come\u00e7a nesta ter\u00e7a-feira (1\u00ba) em todo o estado. Os produtores rurais ter\u00e3o at\u00e9 30 de novembro para vacinar os bovinos e bubalinos de sua propriedade, todos com idade de zero a 24 meses. A primeira etapa de vacina\u00e7\u00e3o ocorreu em maio deste\" \/>\n\t\t<meta property=\"og:url\" content=\"https:\/\/anoticiaonline.com.br\/site\/comeca-a-segunda-etapa-de-vacinacao-contra-a-febre-aftosa\/\" \/>\n\t\t<meta property=\"og:image\" content=\"https:\/\/scontent-gig4-1.xx.fbcdn.net\/v\/t39.30808-1\/270437624_4564083193639691_6907940295614233970_n.jpg?stp=dst-jpg_s200x200_tt6&#038;_nc_cat=111&#038;ccb=1-7&#038;_nc_sid=f907e8&#038;_nc_ohc=SM1wRlP3lJwQ7kNvwEPuBYA&#038;_nc_oc=AdnqrjDN_BNjSSHWO-GbkIWH6fkGMLw4bqvL_NH6e2wMveX7G-rP2dAqsDSq1mJMOaY&#038;_nc_zt=24&#038;_nc_ht=scontent-gig4-1.xx&#038;_nc_gid=AoBFJeGrT1hVaew_6rchkQ&#038;oh=00_AfX7QmFGhQhG2jAllVgXCiM1ZrWgvtp80-Bfppyexh1QEg&#038;oe=689E923C\" \/>\n\t\t<meta property=\"og:image:secure_url\" content=\"https:\/\/scontent-gig4-1.xx.fbcdn.net\/v\/t39.30808-1\/270437624_4564083193639691_6907940295614233970_n.jpg?stp=dst-jpg_s200x200_tt6&#038;_nc_cat=111&#038;ccb=1-7&#038;_nc_sid=f907e8&#038;_nc_ohc=SM1wRlP3lJwQ7kNvwEPuBYA&#038;_nc_oc=AdnqrjDN_BNjSSHWO-GbkIWH6fkGMLw4bqvL_NH6e2wMveX7G-rP2dAqsDSq1mJMOaY&#038;_nc_zt=24&#038;_nc_ht=scontent-gig4-1.xx&#038;_nc_gid=AoBFJeGrT1hVaew_6rchkQ&#038;oh=00_AfX7QmFGhQhG2jAllVgXCiM1ZrWgvtp80-Bfppyexh1QEg&#038;oe=689E923C\" \/>\n\t\t<meta property=\"article:published_time\" content=\"2016-10-31T12:17:01+00:00\" \/>\n\t\t<meta property=\"article:modified_time\" content=\"2016-10-31T12:17:01+00:00\" \/>\n\t\t<meta name=\"twitter:card\" content=\"summary_large_image\" \/>\n\t\t<meta name=\"twitter:title\" content=\"Come\u00e7a a segunda etapa de vacina\u00e7\u00e3o contra a febre aftosa - A Not\u00edcia Online\" \/>\n\t\t<meta name=\"twitter:description\" content=\"A segunda etapa de vacina\u00e7\u00e3o anual do rebanho mineiro contra a febre aftosa come\u00e7a nesta ter\u00e7a-feira (1\u00ba) em todo o estado. Os produtores rurais ter\u00e3o at\u00e9 30 de novembro para vacinar os bovinos e bubalinos de sua propriedade, todos com idade de zero a 24 meses. A primeira etapa de vacina\u00e7\u00e3o ocorreu em maio deste\" \/>\n\t\t<meta name=\"twitter:image\" content=\"https:\/\/scontent-gig4-1.xx.fbcdn.net\/v\/t39.30808-1\/270437624_4564083193639691_6907940295614233970_n.jpg?stp=dst-jpg_s200x200_tt6&amp;_nc_cat=111&amp;ccb=1-7&amp;_nc_sid=f907e8&amp;_nc_ohc=SM1wRlP3lJwQ7kNvwEPuBYA&amp;_nc_oc=AdnqrjDN_BNjSSHWO-GbkIWH6fkGMLw4bqvL_NH6e2wMveX7G-rP2dAqsDSq1mJMOaY&amp;_nc_zt=24&amp;_nc_ht=scontent-gig4-1.xx&amp;_nc_gid=AoBFJeGrT1hVaew_6rchkQ&amp;oh=00_AfX7QmFGhQhG2jAllVgXCiM1ZrWgvtp80-Bfppyexh1QEg&amp;oe=689E923C\" \/>\n\t\t<script type=\"application\/ld+json\" class=\"aioseo-schema\">\n\t\t\t{\"@context\":\"https:\\\/\\\/schema.org\",\"@graph\":[{\"@type\":\"BlogPosting\",\"@id\":\"https:\\\/\\\/anoticiaonline.com.br\\\/site\\\/comeca-a-segunda-etapa-de-vacinacao-contra-a-febre-aftosa\\\/#blogposting\",\"name\":\"Come\\u00e7a a segunda etapa de vacina\\u00e7\\u00e3o contra a febre aftosa - A Not\\u00edcia Online\",\"headline\":\"Come\\u00e7a a segunda etapa de vacina\\u00e7\\u00e3o contra a febre aftosa\",\"author\":{\"@id\":\"https:\\\/\\\/anoticiaonline.com.br\\\/site\\\/author\\\/juliana\\\/#author\"},\"publisher\":{\"@id\":\"https:\\\/\\\/anoticiaonline.com.br\\\/site\\\/#organization\"},\"image\":{\"@type\":\"ImageObject\",\"url\":\"https:\\\/\\\/anoticiaonline.com.br\\\/site\\\/wp-content\\\/uploads\\\/2016\\\/10\\\/Come\\u00e7a-a-segunda-etapa-de-vacina\\u00e7\\u00e3o-contra-a-febre-aftosa.jpg\",\"width\":640,\"height\":404,\"caption\":\"Foto: Divulga\\u00e7\\u00e3o\\\/IMA\"},\"datePublished\":\"2016-10-31T09:17:01-03:00\",\"dateModified\":\"2016-10-31T09:17:01-03:00\",\"inLanguage\":\"pt-BR\",\"mainEntityOfPage\":{\"@id\":\"https:\\\/\\\/anoticiaonline.com.br\\\/site\\\/comeca-a-segunda-etapa-de-vacinacao-contra-a-febre-aftosa\\\/#webpage\"},\"isPartOf\":{\"@id\":\"https:\\\/\\\/anoticiaonline.com.br\\\/site\\\/comeca-a-segunda-etapa-de-vacinacao-contra-a-febre-aftosa\\\/#webpage\"},\"articleSection\":\"Gerais, slide\"},{\"@type\":\"BreadcrumbList\",\"@id\":\"https:\\\/\\\/anoticiaonline.com.br\\\/site\\\/comeca-a-segunda-etapa-de-vacinacao-contra-a-febre-aftosa\\\/#breadcrumblist\",\"itemListElement\":[{\"@type\":\"ListItem\",\"@id\":\"https:\\\/\\\/anoticiaonline.com.br\\\/site#listItem\",\"position\":1,\"name\":\"Home\",\"item\":\"https:\\\/\\\/anoticiaonline.com.br\\\/site\",\"nextItem\":{\"@type\":\"ListItem\",\"@id\":\"https:\\\/\\\/anoticiaonline.com.br\\\/site\\\/categoria\\\/gerais\\\/#listItem\",\"name\":\"Gerais\"}},{\"@type\":\"ListItem\",\"@id\":\"https:\\\/\\\/anoticiaonline.com.br\\\/site\\\/categoria\\\/gerais\\\/#listItem\",\"position\":2,\"name\":\"Gerais\",\"item\":\"https:\\\/\\\/anoticiaonline.com.br\\\/site\\\/categoria\\\/gerais\\\/\",\"nextItem\":{\"@type\":\"ListItem\",\"@id\":\"https:\\\/\\\/anoticiaonline.com.br\\\/site\\\/comeca-a-segunda-etapa-de-vacinacao-contra-a-febre-aftosa\\\/#listItem\",\"name\":\"Come\\u00e7a a segunda etapa de vacina\\u00e7\\u00e3o contra a febre aftosa\"},\"previousItem\":{\"@type\":\"ListItem\",\"@id\":\"https:\\\/\\\/anoticiaonline.com.br\\\/site#listItem\",\"name\":\"Home\"}},{\"@type\":\"ListItem\",\"@id\":\"https:\\\/\\\/anoticiaonline.com.br\\\/site\\\/comeca-a-segunda-etapa-de-vacinacao-contra-a-febre-aftosa\\\/#listItem\",\"position\":3,\"name\":\"Come\\u00e7a a segunda etapa de vacina\\u00e7\\u00e3o contra a febre aftosa\",\"previousItem\":{\"@type\":\"ListItem\",\"@id\":\"https:\\\/\\\/anoticiaonline.com.br\\\/site\\\/categoria\\\/gerais\\\/#listItem\",\"name\":\"Gerais\"}}]},{\"@type\":\"Organization\",\"@id\":\"https:\\\/\\\/anoticiaonline.com.br\\\/site\\\/#organization\",\"name\":\"A Not\\u00edcia Online\",\"description\":\"Noticias de Muria\\u00e9 e regi\\u00e3o\",\"url\":\"https:\\\/\\\/anoticiaonline.com.br\\\/site\\\/\",\"logo\":{\"@type\":\"ImageObject\",\"url\":\"https:\\\/\\\/scontent-gig4-1.xx.fbcdn.net\\\/v\\\/t39.30808-1\\\/270437624_4564083193639691_6907940295614233970_n.jpg?stp=dst-jpg_s200x200_tt6&_nc_cat=111&ccb=1-7&_nc_sid=f907e8&_nc_ohc=SM1wRlP3lJwQ7kNvwEPuBYA&_nc_oc=AdnqrjDN_BNjSSHWO-GbkIWH6fkGMLw4bqvL_NH6e2wMveX7G-rP2dAqsDSq1mJMOaY&_nc_zt=24&_nc_ht=scontent-gig4-1.xx&_nc_gid=AoBFJeGrT1hVaew_6rchkQ&oh=00_AfX7QmFGhQhG2jAllVgXCiM1ZrWgvtp80-Bfppyexh1QEg&oe=689E923C\",\"@id\":\"https:\\\/\\\/anoticiaonline.com.br\\\/site\\\/comeca-a-segunda-etapa-de-vacinacao-contra-a-febre-aftosa\\\/#organizationLogo\"},\"image\":{\"@id\":\"https:\\\/\\\/anoticiaonline.com.br\\\/site\\\/comeca-a-segunda-etapa-de-vacinacao-contra-a-febre-aftosa\\\/#organizationLogo\"}},{\"@type\":\"Person\",\"@id\":\"https:\\\/\\\/anoticiaonline.com.br\\\/site\\\/author\\\/juliana\\\/#author\",\"url\":\"https:\\\/\\\/anoticiaonline.com.br\\\/site\\\/author\\\/juliana\\\/\",\"name\":\"Juliana Laviola\",\"image\":{\"@type\":\"ImageObject\",\"@id\":\"https:\\\/\\\/anoticiaonline.com.br\\\/site\\\/comeca-a-segunda-etapa-de-vacinacao-contra-a-febre-aftosa\\\/#authorImage\",\"url\":\"https:\\\/\\\/secure.gravatar.com\\\/avatar\\\/b8d45f5c699b100dfaf0e543582f38f38bf94cb7ae3a5e9abf8d891a34773335?s=96&d=mm&r=g\",\"width\":96,\"height\":96,\"caption\":\"Juliana Laviola\"}},{\"@type\":\"WebPage\",\"@id\":\"https:\\\/\\\/anoticiaonline.com.br\\\/site\\\/comeca-a-segunda-etapa-de-vacinacao-contra-a-febre-aftosa\\\/#webpage\",\"url\":\"https:\\\/\\\/anoticiaonline.com.br\\\/site\\\/comeca-a-segunda-etapa-de-vacinacao-contra-a-febre-aftosa\\\/\",\"name\":\"Come\\u00e7a a segunda etapa de vacina\\u00e7\\u00e3o contra a febre aftosa - A Not\\u00edcia Online\",\"description\":\"A segunda etapa de vacina\\u00e7\\u00e3o anual do rebanho mineiro contra a febre aftosa come\\u00e7a nesta ter\\u00e7a-feira (1\\u00ba) em todo o estado. Os produtores rurais ter\\u00e3o at\\u00e9 30 de novembro para vacinar os bovinos e bubalinos de sua propriedade, todos com idade de zero a 24 meses. A primeira etapa de vacina\\u00e7\\u00e3o ocorreu em maio deste\",\"inLanguage\":\"pt-BR\",\"isPartOf\":{\"@id\":\"https:\\\/\\\/anoticiaonline.com.br\\\/site\\\/#website\"},\"breadcrumb\":{\"@id\":\"https:\\\/\\\/anoticiaonline.com.br\\\/site\\\/comeca-a-segunda-etapa-de-vacinacao-contra-a-febre-aftosa\\\/#breadcrumblist\"},\"author\":{\"@id\":\"https:\\\/\\\/anoticiaonline.com.br\\\/site\\\/author\\\/juliana\\\/#author\"},\"creator\":{\"@id\":\"https:\\\/\\\/anoticiaonline.com.br\\\/site\\\/author\\\/juliana\\\/#author\"},\"image\":{\"@type\":\"ImageObject\",\"url\":\"https:\\\/\\\/anoticiaonline.com.br\\\/site\\\/wp-content\\\/uploads\\\/2016\\\/10\\\/Come\\u00e7a-a-segunda-etapa-de-vacina\\u00e7\\u00e3o-contra-a-febre-aftosa.jpg\",\"@id\":\"https:\\\/\\\/anoticiaonline.com.br\\\/site\\\/comeca-a-segunda-etapa-de-vacinacao-contra-a-febre-aftosa\\\/#mainImage\",\"width\":640,\"height\":404,\"caption\":\"Foto: Divulga\\u00e7\\u00e3o\\\/IMA\"},\"primaryImageOfPage\":{\"@id\":\"https:\\\/\\\/anoticiaonline.com.br\\\/site\\\/comeca-a-segunda-etapa-de-vacinacao-contra-a-febre-aftosa\\\/#mainImage\"},\"datePublished\":\"2016-10-31T09:17:01-03:00\",\"dateModified\":\"2016-10-31T09:17:01-03:00\"},{\"@type\":\"WebSite\",\"@id\":\"https:\\\/\\\/anoticiaonline.com.br\\\/site\\\/#website\",\"url\":\"https:\\\/\\\/anoticiaonline.com.br\\\/site\\\/\",\"name\":\"A Not\\u00edcia Online\",\"description\":\"Noticias de Muria\\u00e9 e regi\\u00e3o\",\"inLanguage\":\"pt-BR\",\"publisher\":{\"@id\":\"https:\\\/\\\/anoticiaonline.com.br\\\/site\\\/#organization\"}}]}\n\t\t<\/script>\n\t\t<!-- All in One SEO -->\n\n","aioseo_head_json":{"title":"Come\u00e7a a segunda etapa de vacina\u00e7\u00e3o contra a febre aftosa - A Not\u00edcia Online","description":"A segunda etapa de vacina\u00e7\u00e3o anual do rebanho mineiro contra a febre aftosa come\u00e7a nesta ter\u00e7a-feira (1\u00ba) em todo o estado. Os produtores rurais ter\u00e3o at\u00e9 30 de novembro para vacinar os bovinos e bubalinos de sua propriedade, todos com idade de zero a 24 meses. A primeira etapa de vacina\u00e7\u00e3o ocorreu em maio deste","canonical_url":"https:\/\/anoticiaonline.com.br\/site\/comeca-a-segunda-etapa-de-vacinacao-contra-a-febre-aftosa\/","robots":"max-image-preview:large","keywords":"","webmasterTools":{"miscellaneous":""},"schema":{"@context":"https:\/\/schema.org","@graph":[{"@type":"BlogPosting","@id":"https:\/\/anoticiaonline.com.br\/site\/comeca-a-segunda-etapa-de-vacinacao-contra-a-febre-aftosa\/#blogposting","name":"Come\u00e7a a segunda etapa de vacina\u00e7\u00e3o contra a febre aftosa - A Not\u00edcia Online","headline":"Come\u00e7a a segunda etapa de vacina\u00e7\u00e3o contra a febre aftosa","author":{"@id":"https:\/\/anoticiaonline.com.br\/site\/author\/juliana\/#author"},"publisher":{"@id":"https:\/\/anoticiaonline.com.br\/site\/#organization"},"image":{"@type":"ImageObject","url":"https:\/\/anoticiaonline.com.br\/site\/wp-content\/uploads\/2016\/10\/Come\u00e7a-a-segunda-etapa-de-vacina\u00e7\u00e3o-contra-a-febre-aftosa.jpg","width":640,"height":404,"caption":"Foto: Divulga\u00e7\u00e3o\/IMA"},"datePublished":"2016-10-31T09:17:01-03:00","dateModified":"2016-10-31T09:17:01-03:00","inLanguage":"pt-BR","mainEntityOfPage":{"@id":"https:\/\/anoticiaonline.com.br\/site\/comeca-a-segunda-etapa-de-vacinacao-contra-a-febre-aftosa\/#webpage"},"isPartOf":{"@id":"https:\/\/anoticiaonline.com.br\/site\/comeca-a-segunda-etapa-de-vacinacao-contra-a-febre-aftosa\/#webpage"},"articleSection":"Gerais, slide"},{"@type":"BreadcrumbList","@id":"https:\/\/anoticiaonline.com.br\/site\/comeca-a-segunda-etapa-de-vacinacao-contra-a-febre-aftosa\/#breadcrumblist","itemListElement":[{"@type":"ListItem","@id":"https:\/\/anoticiaonline.com.br\/site#listItem","position":1,"name":"Home","item":"https:\/\/anoticiaonline.com.br\/site","nextItem":{"@type":"ListItem","@id":"https:\/\/anoticiaonline.com.br\/site\/categoria\/gerais\/#listItem","name":"Gerais"}},{"@type":"ListItem","@id":"https:\/\/anoticiaonline.com.br\/site\/categoria\/gerais\/#listItem","position":2,"name":"Gerais","item":"https:\/\/anoticiaonline.com.br\/site\/categoria\/gerais\/","nextItem":{"@type":"ListItem","@id":"https:\/\/anoticiaonline.com.br\/site\/comeca-a-segunda-etapa-de-vacinacao-contra-a-febre-aftosa\/#listItem","name":"Come\u00e7a a segunda etapa de vacina\u00e7\u00e3o contra a febre aftosa"},"previousItem":{"@type":"ListItem","@id":"https:\/\/anoticiaonline.com.br\/site#listItem","name":"Home"}},{"@type":"ListItem","@id":"https:\/\/anoticiaonline.com.br\/site\/comeca-a-segunda-etapa-de-vacinacao-contra-a-febre-aftosa\/#listItem","position":3,"name":"Come\u00e7a a segunda etapa de vacina\u00e7\u00e3o contra a febre aftosa","previousItem":{"@type":"ListItem","@id":"https:\/\/anoticiaonline.com.br\/site\/categoria\/gerais\/#listItem","name":"Gerais"}}]},{"@type":"Organization","@id":"https:\/\/anoticiaonline.com.br\/site\/#organization","name":"A Not\u00edcia Online","description":"Noticias de Muria\u00e9 e regi\u00e3o","url":"https:\/\/anoticiaonline.com.br\/site\/","logo":{"@type":"ImageObject","url":"https:\/\/scontent-gig4-1.xx.fbcdn.net\/v\/t39.30808-1\/270437624_4564083193639691_6907940295614233970_n.jpg?stp=dst-jpg_s200x200_tt6&_nc_cat=111&ccb=1-7&_nc_sid=f907e8&_nc_ohc=SM1wRlP3lJwQ7kNvwEPuBYA&_nc_oc=AdnqrjDN_BNjSSHWO-GbkIWH6fkGMLw4bqvL_NH6e2wMveX7G-rP2dAqsDSq1mJMOaY&_nc_zt=24&_nc_ht=scontent-gig4-1.xx&_nc_gid=AoBFJeGrT1hVaew_6rchkQ&oh=00_AfX7QmFGhQhG2jAllVgXCiM1ZrWgvtp80-Bfppyexh1QEg&oe=689E923C","@id":"https:\/\/anoticiaonline.com.br\/site\/comeca-a-segunda-etapa-de-vacinacao-contra-a-febre-aftosa\/#organizationLogo"},"image":{"@id":"https:\/\/anoticiaonline.com.br\/site\/comeca-a-segunda-etapa-de-vacinacao-contra-a-febre-aftosa\/#organizationLogo"}},{"@type":"Person","@id":"https:\/\/anoticiaonline.com.br\/site\/author\/juliana\/#author","url":"https:\/\/anoticiaonline.com.br\/site\/author\/juliana\/","name":"Juliana Laviola","image":{"@type":"ImageObject","@id":"https:\/\/anoticiaonline.com.br\/site\/comeca-a-segunda-etapa-de-vacinacao-contra-a-febre-aftosa\/#authorImage","url":"https:\/\/secure.gravatar.com\/avatar\/b8d45f5c699b100dfaf0e543582f38f38bf94cb7ae3a5e9abf8d891a34773335?s=96&d=mm&r=g","width":96,"height":96,"caption":"Juliana Laviola"}},{"@type":"WebPage","@id":"https:\/\/anoticiaonline.com.br\/site\/comeca-a-segunda-etapa-de-vacinacao-contra-a-febre-aftosa\/#webpage","url":"https:\/\/anoticiaonline.com.br\/site\/comeca-a-segunda-etapa-de-vacinacao-contra-a-febre-aftosa\/","name":"Come\u00e7a a segunda etapa de vacina\u00e7\u00e3o contra a febre aftosa - A Not\u00edcia Online","description":"A segunda etapa de vacina\u00e7\u00e3o anual do rebanho mineiro contra a febre aftosa come\u00e7a nesta ter\u00e7a-feira (1\u00ba) em todo o estado. Os produtores rurais ter\u00e3o at\u00e9 30 de novembro para vacinar os bovinos e bubalinos de sua propriedade, todos com idade de zero a 24 meses. A primeira etapa de vacina\u00e7\u00e3o ocorreu em maio deste","inLanguage":"pt-BR","isPartOf":{"@id":"https:\/\/anoticiaonline.com.br\/site\/#website"},"breadcrumb":{"@id":"https:\/\/anoticiaonline.com.br\/site\/comeca-a-segunda-etapa-de-vacinacao-contra-a-febre-aftosa\/#breadcrumblist"},"author":{"@id":"https:\/\/anoticiaonline.com.br\/site\/author\/juliana\/#author"},"creator":{"@id":"https:\/\/anoticiaonline.com.br\/site\/author\/juliana\/#author"},"image":{"@type":"ImageObject","url":"https:\/\/anoticiaonline.com.br\/site\/wp-content\/uploads\/2016\/10\/Come\u00e7a-a-segunda-etapa-de-vacina\u00e7\u00e3o-contra-a-febre-aftosa.jpg","@id":"https:\/\/anoticiaonline.com.br\/site\/comeca-a-segunda-etapa-de-vacinacao-contra-a-febre-aftosa\/#mainImage","width":640,"height":404,"caption":"Foto: Divulga\u00e7\u00e3o\/IMA"},"primaryImageOfPage":{"@id":"https:\/\/anoticiaonline.com.br\/site\/comeca-a-segunda-etapa-de-vacinacao-contra-a-febre-aftosa\/#mainImage"},"datePublished":"2016-10-31T09:17:01-03:00","dateModified":"2016-10-31T09:17:01-03:00"},{"@type":"WebSite","@id":"https:\/\/anoticiaonline.com.br\/site\/#website","url":"https:\/\/anoticiaonline.com.br\/site\/","name":"A Not\u00edcia Online","description":"Noticias de Muria\u00e9 e regi\u00e3o","inLanguage":"pt-BR","publisher":{"@id":"https:\/\/anoticiaonline.com.br\/site\/#organization"}}]},"og:locale":"pt_BR","og:site_name":"A Not\u00edcia Online - Noticias de Muria\u00e9 e regi\u00e3o","og:type":"article","og:title":"Come\u00e7a a segunda etapa de vacina\u00e7\u00e3o contra a febre aftosa - A Not\u00edcia Online","og:description":"A segunda etapa de vacina\u00e7\u00e3o anual do rebanho mineiro contra a febre aftosa come\u00e7a nesta ter\u00e7a-feira (1\u00ba) em todo o estado. Os produtores rurais ter\u00e3o at\u00e9 30 de novembro para vacinar os bovinos e bubalinos de sua propriedade, todos com idade de zero a 24 meses. A primeira etapa de vacina\u00e7\u00e3o ocorreu em maio deste","og:url":"https:\/\/anoticiaonline.com.br\/site\/comeca-a-segunda-etapa-de-vacinacao-contra-a-febre-aftosa\/","og:image":"https:\/\/scontent-gig4-1.xx.fbcdn.net\/v\/t39.30808-1\/270437624_4564083193639691_6907940295614233970_n.jpg?stp=dst-jpg_s200x200_tt6&#038;_nc_cat=111&#038;ccb=1-7&#038;_nc_sid=f907e8&#038;_nc_ohc=SM1wRlP3lJwQ7kNvwEPuBYA&#038;_nc_oc=AdnqrjDN_BNjSSHWO-GbkIWH6fkGMLw4bqvL_NH6e2wMveX7G-rP2dAqsDSq1mJMOaY&#038;_nc_zt=24&#038;_nc_ht=scontent-gig4-1.xx&#038;_nc_gid=AoBFJeGrT1hVaew_6rchkQ&#038;oh=00_AfX7QmFGhQhG2jAllVgXCiM1ZrWgvtp80-Bfppyexh1QEg&#038;oe=689E923C","og:image:secure_url":"https:\/\/scontent-gig4-1.xx.fbcdn.net\/v\/t39.30808-1\/270437624_4564083193639691_6907940295614233970_n.jpg?stp=dst-jpg_s200x200_tt6&#038;_nc_cat=111&#038;ccb=1-7&#038;_nc_sid=f907e8&#038;_nc_ohc=SM1wRlP3lJwQ7kNvwEPuBYA&#038;_nc_oc=AdnqrjDN_BNjSSHWO-GbkIWH6fkGMLw4bqvL_NH6e2wMveX7G-rP2dAqsDSq1mJMOaY&#038;_nc_zt=24&#038;_nc_ht=scontent-gig4-1.xx&#038;_nc_gid=AoBFJeGrT1hVaew_6rchkQ&#038;oh=00_AfX7QmFGhQhG2jAllVgXCiM1ZrWgvtp80-Bfppyexh1QEg&#038;oe=689E923C","article:published_time":"2016-10-31T12:17:01+00:00","article:modified_time":"2016-10-31T12:17:01+00:00","twitter:card":"summary_large_image","twitter:title":"Come\u00e7a a segunda etapa de vacina\u00e7\u00e3o contra a febre aftosa - A Not\u00edcia Online","twitter:description":"A segunda etapa de vacina\u00e7\u00e3o anual do rebanho mineiro contra a febre aftosa come\u00e7a nesta ter\u00e7a-feira (1\u00ba) em todo o estado. Os produtores rurais ter\u00e3o at\u00e9 30 de novembro para vacinar os bovinos e bubalinos de sua propriedade, todos com idade de zero a 24 meses. A primeira etapa de vacina\u00e7\u00e3o ocorreu em maio deste","twitter:image":"https:\/\/scontent-gig4-1.xx.fbcdn.net\/v\/t39.30808-1\/270437624_4564083193639691_6907940295614233970_n.jpg?stp=dst-jpg_s200x200_tt6&_nc_cat=111&ccb=1-7&_nc_sid=f907e8&_nc_ohc=SM1wRlP3lJwQ7kNvwEPuBYA&_nc_oc=AdnqrjDN_BNjSSHWO-GbkIWH6fkGMLw4bqvL_NH6e2wMveX7G-rP2dAqsDSq1mJMOaY&_nc_zt=24&_nc_ht=scontent-gig4-1.xx&_nc_gid=AoBFJeGrT1hVaew_6rchkQ&oh=00_AfX7QmFGhQhG2jAllVgXCiM1ZrWgvtp80-Bfppyexh1QEg&oe=689E923C"},"aioseo_meta_data":{"post_id":"21194","title":null,"description":null,"keywords":null,"keyphrases":null,"primary_term":null,"canonical_url":null,"og_title":null,"og_description":null,"og_object_type":"default","og_image_type":"default","og_image_url":null,"og_image_width":null,"og_image_height":null,"og_image_custom_url":null,"og_image_custom_fields":null,"og_video":null,"og_custom_url":null,"og_article_section":null,"og_article_tags":null,"twitter_use_og":false,"twitter_card":"default","twitter_image_type":"default","twitter_image_url":null,"twitter_image_custom_url":null,"twitter_image_custom_fields":null,"twitter_title":null,"twitter_description":null,"schema":{"blockGraphs":[],"customGraphs":[],"default":{"data":{"Article":[],"Course":[],"Dataset":[],"FAQPage":[],"Movie":[],"Person":[],"Product":[],"ProductReview":[],"Car":[],"Recipe":[],"Service":[],"SoftwareApplication":[],"WebPage":[]},"graphName":"","isEnabled":true},"graphs":[]},"schema_type":"default","schema_type_options":null,"pillar_content":false,"robots_default":true,"robots_noindex":false,"robots_noarchive":false,"robots_nosnippet":false,"robots_nofollow":false,"robots_noimageindex":false,"robots_noodp":false,"robots_notranslate":false,"robots_max_snippet":null,"robots_max_videopreview":null,"robots_max_imagepreview":"large","priority":null,"frequency":null,"local_seo":null,"breadcrumb_settings":null,"limit_modified_date":false,"ai":null,"created":"2025-08-16 17:06:02","updated":"2025-08-16 17:06:02","focus_keyword":null,"additional_keywords":null,"truseo_locale":null,"seo_analyzer_scan_date":null},"aioseo_breadcrumb":"<div class=\"aioseo-breadcrumbs\"><span class=\"aioseo-breadcrumb\">\n\t\t\t<a href=\"https:\/\/anoticiaonline.com.br\/site\" title=\"Home\">Home<\/a>\n\t\t<\/span><span class=\"aioseo-breadcrumb-separator\">&raquo;<\/span><span class=\"aioseo-breadcrumb\">\n\t\t\t<a href=\"https:\/\/anoticiaonline.com.br\/site\/categoria\/gerais\/\" title=\"Gerais\">Gerais<\/a>\n\t\t<\/span><span class=\"aioseo-breadcrumb-separator\">&raquo;<\/span><span class=\"aioseo-breadcrumb\">\n\t\t\tCome\u00e7a a segunda etapa de vacina\u00e7\u00e3o contra a febre aftosa\n\t\t<\/span><\/div>","aioseo_breadcrumb_json":[{"label":"Home","link":"https:\/\/anoticiaonline.com.br\/site"},{"label":"Gerais","link":"https:\/\/anoticiaonline.com.br\/site\/categoria\/gerais\/"},{"label":"Come\u00e7a a segunda etapa de vacina\u00e7\u00e3o contra a febre aftosa","link":"https:\/\/anoticiaonline.com.br\/site\/comeca-a-segunda-etapa-de-vacinacao-contra-a-febre-aftosa\/"}],"views":150,"_links":{"self":[{"href":"https:\/\/anoticiaonline.com.br\/site\/wp-json\/wp\/v2\/posts\/21194","targetHints":{"allow":["GET"]}}],"collection":[{"href":"https:\/\/anoticiaonline.com.br\/site\/wp-json\/wp\/v2\/posts"}],"about":[{"href":"https:\/\/anoticiaonline.com.br\/site\/wp-json\/wp\/v2\/types\/post"}],"author":[{"embeddable":true,"href":"https:\/\/anoticiaonline.com.br\/site\/wp-json\/wp\/v2\/users\/2"}],"replies":[{"embeddable":true,"href":"https:\/\/anoticiaonline.com.br\/site\/wp-json\/wp\/v2\/comments?post=21194"}],"version-history":[{"count":0,"href":"https:\/\/anoticiaonline.com.br\/site\/wp-json\/wp\/v2\/posts\/21194\/revisions"}],"wp:featuredmedia":[{"embeddable":true,"href":"https:\/\/anoticiaonline.com.br\/site\/wp-json\/wp\/v2\/media\/21195"}],"wp:attachment":[{"href":"https:\/\/anoticiaonline.com.br\/site\/wp-json\/wp\/v2\/media?parent=21194"}],"wp:term":[{"taxonomy":"category","embeddable":true,"href":"https:\/\/anoticiaonline.com.br\/site\/wp-json\/wp\/v2\/categories?post=21194"},{"taxonomy":"post_tag","embeddable":true,"href":"https:\/\/anoticiaonline.com.br\/site\/wp-json\/wp\/v2\/tags?post=21194"}],"curies":[{"name":"wp","href":"https:\/\/api.w.org\/{rel}","templated":true}]}}