{"id":21109,"date":"2016-10-27T16:08:04","date_gmt":"2016-10-27T19:08:04","guid":{"rendered":"http:\/\/anoticiaonline.com.br\/site\/?p=21109"},"modified":"2016-10-27T16:08:04","modified_gmt":"2016-10-27T19:08:04","slug":"cisleste-promove-reuniao-com-prefeitos-eleitos","status":"publish","type":"post","link":"https:\/\/anoticiaonline.com.br\/site\/cisleste-promove-reuniao-com-prefeitos-eleitos\/","title":{"rendered":"Cisleste promove reuni\u00e3o com prefeitos eleitos"},"content":{"rendered":"<p><a href=\"https:\/\/anoticiaonline.com.br\/site\/wp-content\/uploads\/2016\/10\/DSC_0849.jpg\"><img decoding=\"async\" class=\" size-medium wp-image-21110 alignleft\" src=\"https:\/\/anoticiaonline.com.br\/site\/wp-content\/uploads\/2016\/10\/DSC_0849-300x146.jpg\" alt=\"dsc_0849\" width=\"300\" height=\"146\" srcset=\"https:\/\/anoticiaonline.com.br\/site\/wp-content\/uploads\/2016\/10\/DSC_0849-300x146.jpg 300w, https:\/\/anoticiaonline.com.br\/site\/wp-content\/uploads\/2016\/10\/DSC_0849.jpg 640w\" sizes=\"(max-width: 300px) 100vw, 300px\" \/><\/a>O Cons\u00f3rcio Intermunicipal de Sa\u00fade da Mata Leste (Cisleste) reuniu-se com os prefeitos eleitos da regi\u00e3o para apresentar aos novos chefes do Poder Executivo os servi\u00e7os oferecidos pelo cons\u00f3rcio, a din\u00e2mica de trabalho da diretoria e o que pode ser usado na ferramenta de aquisi\u00e7\u00e3o de servi\u00e7os de forma consorciada.<\/p>\n<p>O encontro aconteceu na \u00faltima sexta-feira (21), na sede do Cisleste. Na oportunidade, ainda foi apresentado um relat\u00f3rio demonstrativo dos servi\u00e7os executados nos munic\u00edpios filiados em 2016.<\/p>\n<p>O presidente do Cisleste e prefeito de Vieiras, Waldinei Chicarelli, afirma que a reuni\u00e3o foi importante tamb\u00e9m para que os prefeitos eleitos saibam a import\u00e2ncia do cons\u00f3rcio para a regi\u00e3o. \u201cO Cisleste \u00e9 uma grande ferramenta da sa\u00fade dos munic\u00edpios da regi\u00e3o. \u00c9 bom que os prefeitos saibam que eles podem contar com o cons\u00f3rcio e que ele faz parte dos munic\u00edpios\u201d, diz.<\/p>\n<p><a href=\"https:\/\/anoticiaonline.com.br\/site\/wp-content\/uploads\/2016\/10\/DSC_0842.jpg\"><img fetchpriority=\"high\" decoding=\"async\" class=\" size-medium wp-image-21111 alignleft\" src=\"https:\/\/anoticiaonline.com.br\/site\/wp-content\/uploads\/2016\/10\/DSC_0842-300x239.jpg\" alt=\"dsc_0842\" width=\"300\" height=\"239\" srcset=\"https:\/\/anoticiaonline.com.br\/site\/wp-content\/uploads\/2016\/10\/DSC_0842-300x239.jpg 300w, https:\/\/anoticiaonline.com.br\/site\/wp-content\/uploads\/2016\/10\/DSC_0842.jpg 640w\" sizes=\"(max-width: 300px) 100vw, 300px\" \/><\/a>O secret\u00e1rio Executivo Microrregional do Cisleste, Ren\u00ea Leite Magalh\u00e3es, salienta os benef\u00edcios da forma consorciada da sa\u00fade. \u201c\u00c9 uma maneira de diminuir os custos de servi\u00e7os importantes para os munic\u00edpios, os quais n\u00e3o podem deixar de acontecer e que, muitas vezes, os munic\u00edpios n\u00e3o t\u00eam condi\u00e7\u00f5es de arcar sozinhos com esses custos. O cons\u00f3rcio atua principalmente nessa condi\u00e7\u00e3o de comprar, em um n\u00famero maior, por um menor custo\u201d, frisa.<\/p>\n<p>O Cisleste existe desde 1995 para atender os munic\u00edpios filiados com consultas especializadas e exames de m\u00e9dia complexidade, al\u00e9m de outros conv\u00eanios, com compras diretas de exames, para que atenda as cidades filiadas como um todo com os princ\u00edpios do SUS.<\/p>\n<p>Constitu\u00eddo com personalidade jur\u00eddica p\u00fablica, o Cisleste tem como princ\u00edpios norteadores os mesmos que comp\u00f5em o Sistema \u00danico de Sa\u00fade (SUS), que s\u00e3o \u201cuniversalidade, integralidade e equidade\u201d.<\/p>\n<p>Nesse sentido, o cons\u00f3rcio busca, juntamente como as prefeituras conveniadas, identificar os vazios assistenciais, as necessidades mais emergentes e tamb\u00e9m a resolutividade dos casos que lhes s\u00e3o propostos.<\/p>\n<p><img decoding=\"async\" class=\"ngg_displayed_gallery mceItem\" src=\"https:\/\/anoticiaonline.com.br\/site\/nextgen-attach_to_post\/preview\/id--21122\" alt=\"\" \/><\/p>\n","protected":false},"excerpt":{"rendered":"<p>O Cons\u00f3rcio Intermunicipal de Sa\u00fade da Mata Leste (Cisleste) reuniu-se com os prefeitos eleitos da regi\u00e3o para apresentar aos novos chefes do Poder Executivo os servi\u00e7os oferecidos pelo cons\u00f3rcio, a din\u00e2mica de trabalho da diretoria e o que pode ser usado na ferramenta de aquisi\u00e7\u00e3o de servi\u00e7os de forma consorciada. O encontro aconteceu na \u00faltima &#8230; <a title=\"Cisleste promove reuni\u00e3o com prefeitos eleitos\" class=\"read-more\" href=\"https:\/\/anoticiaonline.com.br\/site\/cisleste-promove-reuniao-com-prefeitos-eleitos\/\" aria-label=\"Read more about Cisleste promove reuni\u00e3o com prefeitos eleitos\">Ler mais<\/a><\/p>\n","protected":false},"author":2,"featured_media":21110,"comment_status":"open","ping_status":"open","sticky":false,"template":"","format":"standard","meta":{"_acf_changed":false,"_monsterinsights_skip_tracking":false,"footnotes":""},"categories":[24],"tags":[],"class_list":["post-21109","post","type-post","status-publish","format-standard","has-post-thumbnail","hentry","category-eventos"],"acf":[],"aioseo_notices":[],"aioseo_head":"\n\t\t<!-- All in One SEO 5.0.0.1 - aioseo.com -->\n\t<meta name=\"description\" content=\"O Cons\u00f3rcio Intermunicipal de Sa\u00fade da Mata Leste (Cisleste) reuniu-se com os prefeitos eleitos da regi\u00e3o para apresentar aos novos chefes do Poder Executivo os servi\u00e7os oferecidos pelo cons\u00f3rcio, a din\u00e2mica de trabalho da diretoria e o que pode ser usado na ferramenta de aquisi\u00e7\u00e3o de servi\u00e7os de forma consorciada. O encontro aconteceu na \u00faltima\" \/>\n\t<meta name=\"robots\" content=\"max-image-preview:large\" \/>\n\t<meta name=\"author\" content=\"Juliana Laviola\"\/>\n\t<link rel=\"canonical\" href=\"https:\/\/anoticiaonline.com.br\/site\/cisleste-promove-reuniao-com-prefeitos-eleitos\/\" \/>\n\t<meta name=\"generator\" content=\"All in One SEO (AIOSEO) 5.0.0.1\" \/>\n\t\t<meta property=\"og:locale\" content=\"pt_BR\" \/>\n\t\t<meta property=\"og:site_name\" content=\"A Not\u00edcia Online - Noticias de Muria\u00e9 e regi\u00e3o\" \/>\n\t\t<meta property=\"og:type\" content=\"article\" \/>\n\t\t<meta property=\"og:title\" content=\"Cisleste promove reuni\u00e3o com prefeitos eleitos - A Not\u00edcia Online\" \/>\n\t\t<meta property=\"og:description\" content=\"O Cons\u00f3rcio Intermunicipal de Sa\u00fade da Mata Leste (Cisleste) reuniu-se com os prefeitos eleitos da regi\u00e3o para apresentar aos novos chefes do Poder Executivo os servi\u00e7os oferecidos pelo cons\u00f3rcio, a din\u00e2mica de trabalho da diretoria e o que pode ser usado na ferramenta de aquisi\u00e7\u00e3o de servi\u00e7os de forma consorciada. O encontro aconteceu na \u00faltima\" \/>\n\t\t<meta property=\"og:url\" content=\"https:\/\/anoticiaonline.com.br\/site\/cisleste-promove-reuniao-com-prefeitos-eleitos\/\" \/>\n\t\t<meta property=\"og:image\" content=\"https:\/\/scontent-gig4-1.xx.fbcdn.net\/v\/t39.30808-1\/270437624_4564083193639691_6907940295614233970_n.jpg?stp=dst-jpg_s200x200_tt6&#038;_nc_cat=111&#038;ccb=1-7&#038;_nc_sid=f907e8&#038;_nc_ohc=SM1wRlP3lJwQ7kNvwEPuBYA&#038;_nc_oc=AdnqrjDN_BNjSSHWO-GbkIWH6fkGMLw4bqvL_NH6e2wMveX7G-rP2dAqsDSq1mJMOaY&#038;_nc_zt=24&#038;_nc_ht=scontent-gig4-1.xx&#038;_nc_gid=AoBFJeGrT1hVaew_6rchkQ&#038;oh=00_AfX7QmFGhQhG2jAllVgXCiM1ZrWgvtp80-Bfppyexh1QEg&#038;oe=689E923C\" \/>\n\t\t<meta property=\"og:image:secure_url\" content=\"https:\/\/scontent-gig4-1.xx.fbcdn.net\/v\/t39.30808-1\/270437624_4564083193639691_6907940295614233970_n.jpg?stp=dst-jpg_s200x200_tt6&#038;_nc_cat=111&#038;ccb=1-7&#038;_nc_sid=f907e8&#038;_nc_ohc=SM1wRlP3lJwQ7kNvwEPuBYA&#038;_nc_oc=AdnqrjDN_BNjSSHWO-GbkIWH6fkGMLw4bqvL_NH6e2wMveX7G-rP2dAqsDSq1mJMOaY&#038;_nc_zt=24&#038;_nc_ht=scontent-gig4-1.xx&#038;_nc_gid=AoBFJeGrT1hVaew_6rchkQ&#038;oh=00_AfX7QmFGhQhG2jAllVgXCiM1ZrWgvtp80-Bfppyexh1QEg&#038;oe=689E923C\" \/>\n\t\t<meta property=\"article:published_time\" content=\"2016-10-27T19:08:04+00:00\" \/>\n\t\t<meta property=\"article:modified_time\" content=\"2016-10-27T19:08:04+00:00\" \/>\n\t\t<meta name=\"twitter:card\" content=\"summary_large_image\" \/>\n\t\t<meta name=\"twitter:title\" content=\"Cisleste promove reuni\u00e3o com prefeitos eleitos - A Not\u00edcia Online\" \/>\n\t\t<meta name=\"twitter:description\" content=\"O Cons\u00f3rcio Intermunicipal de Sa\u00fade da Mata Leste (Cisleste) reuniu-se com os prefeitos eleitos da regi\u00e3o para apresentar aos novos chefes do Poder Executivo os servi\u00e7os oferecidos pelo cons\u00f3rcio, a din\u00e2mica de trabalho da diretoria e o que pode ser usado na ferramenta de aquisi\u00e7\u00e3o de servi\u00e7os de forma consorciada. O encontro aconteceu na \u00faltima\" \/>\n\t\t<meta name=\"twitter:image\" content=\"https:\/\/scontent-gig4-1.xx.fbcdn.net\/v\/t39.30808-1\/270437624_4564083193639691_6907940295614233970_n.jpg?stp=dst-jpg_s200x200_tt6&amp;_nc_cat=111&amp;ccb=1-7&amp;_nc_sid=f907e8&amp;_nc_ohc=SM1wRlP3lJwQ7kNvwEPuBYA&amp;_nc_oc=AdnqrjDN_BNjSSHWO-GbkIWH6fkGMLw4bqvL_NH6e2wMveX7G-rP2dAqsDSq1mJMOaY&amp;_nc_zt=24&amp;_nc_ht=scontent-gig4-1.xx&amp;_nc_gid=AoBFJeGrT1hVaew_6rchkQ&amp;oh=00_AfX7QmFGhQhG2jAllVgXCiM1ZrWgvtp80-Bfppyexh1QEg&amp;oe=689E923C\" \/>\n\t\t<script type=\"application\/ld+json\" class=\"aioseo-schema\">\n\t\t\t{\"@context\":\"https:\\\/\\\/schema.org\",\"@graph\":[{\"@type\":\"BlogPosting\",\"@id\":\"https:\\\/\\\/anoticiaonline.com.br\\\/site\\\/cisleste-promove-reuniao-com-prefeitos-eleitos\\\/#blogposting\",\"name\":\"Cisleste promove reuni\\u00e3o com prefeitos eleitos - A Not\\u00edcia Online\",\"headline\":\"Cisleste promove reuni\\u00e3o com prefeitos eleitos\",\"author\":{\"@id\":\"https:\\\/\\\/anoticiaonline.com.br\\\/site\\\/author\\\/juliana\\\/#author\"},\"publisher\":{\"@id\":\"https:\\\/\\\/anoticiaonline.com.br\\\/site\\\/#organization\"},\"image\":{\"@type\":\"ImageObject\",\"url\":\"https:\\\/\\\/anoticiaonline.com.br\\\/site\\\/wp-content\\\/uploads\\\/2016\\\/10\\\/DSC_0849.jpg\",\"width\":640,\"height\":311},\"datePublished\":\"2016-10-27T16:08:04-03:00\",\"dateModified\":\"2016-10-27T16:08:04-03:00\",\"inLanguage\":\"pt-BR\",\"mainEntityOfPage\":{\"@id\":\"https:\\\/\\\/anoticiaonline.com.br\\\/site\\\/cisleste-promove-reuniao-com-prefeitos-eleitos\\\/#webpage\"},\"isPartOf\":{\"@id\":\"https:\\\/\\\/anoticiaonline.com.br\\\/site\\\/cisleste-promove-reuniao-com-prefeitos-eleitos\\\/#webpage\"},\"articleSection\":\"Eventos\"},{\"@type\":\"BreadcrumbList\",\"@id\":\"https:\\\/\\\/anoticiaonline.com.br\\\/site\\\/cisleste-promove-reuniao-com-prefeitos-eleitos\\\/#breadcrumblist\",\"itemListElement\":[{\"@type\":\"ListItem\",\"@id\":\"https:\\\/\\\/anoticiaonline.com.br\\\/site#listItem\",\"position\":1,\"name\":\"Home\",\"item\":\"https:\\\/\\\/anoticiaonline.com.br\\\/site\",\"nextItem\":{\"@type\":\"ListItem\",\"@id\":\"https:\\\/\\\/anoticiaonline.com.br\\\/site\\\/categoria\\\/eventos\\\/#listItem\",\"name\":\"Eventos\"}},{\"@type\":\"ListItem\",\"@id\":\"https:\\\/\\\/anoticiaonline.com.br\\\/site\\\/categoria\\\/eventos\\\/#listItem\",\"position\":2,\"name\":\"Eventos\",\"item\":\"https:\\\/\\\/anoticiaonline.com.br\\\/site\\\/categoria\\\/eventos\\\/\",\"nextItem\":{\"@type\":\"ListItem\",\"@id\":\"https:\\\/\\\/anoticiaonline.com.br\\\/site\\\/cisleste-promove-reuniao-com-prefeitos-eleitos\\\/#listItem\",\"name\":\"Cisleste promove reuni\\u00e3o com prefeitos eleitos\"},\"previousItem\":{\"@type\":\"ListItem\",\"@id\":\"https:\\\/\\\/anoticiaonline.com.br\\\/site#listItem\",\"name\":\"Home\"}},{\"@type\":\"ListItem\",\"@id\":\"https:\\\/\\\/anoticiaonline.com.br\\\/site\\\/cisleste-promove-reuniao-com-prefeitos-eleitos\\\/#listItem\",\"position\":3,\"name\":\"Cisleste promove reuni\\u00e3o com prefeitos eleitos\",\"previousItem\":{\"@type\":\"ListItem\",\"@id\":\"https:\\\/\\\/anoticiaonline.com.br\\\/site\\\/categoria\\\/eventos\\\/#listItem\",\"name\":\"Eventos\"}}]},{\"@type\":\"Organization\",\"@id\":\"https:\\\/\\\/anoticiaonline.com.br\\\/site\\\/#organization\",\"name\":\"A Not\\u00edcia Online\",\"description\":\"Noticias de Muria\\u00e9 e regi\\u00e3o\",\"url\":\"https:\\\/\\\/anoticiaonline.com.br\\\/site\\\/\",\"logo\":{\"@type\":\"ImageObject\",\"url\":\"https:\\\/\\\/scontent-gig4-1.xx.fbcdn.net\\\/v\\\/t39.30808-1\\\/270437624_4564083193639691_6907940295614233970_n.jpg?stp=dst-jpg_s200x200_tt6&_nc_cat=111&ccb=1-7&_nc_sid=f907e8&_nc_ohc=SM1wRlP3lJwQ7kNvwEPuBYA&_nc_oc=AdnqrjDN_BNjSSHWO-GbkIWH6fkGMLw4bqvL_NH6e2wMveX7G-rP2dAqsDSq1mJMOaY&_nc_zt=24&_nc_ht=scontent-gig4-1.xx&_nc_gid=AoBFJeGrT1hVaew_6rchkQ&oh=00_AfX7QmFGhQhG2jAllVgXCiM1ZrWgvtp80-Bfppyexh1QEg&oe=689E923C\",\"@id\":\"https:\\\/\\\/anoticiaonline.com.br\\\/site\\\/cisleste-promove-reuniao-com-prefeitos-eleitos\\\/#organizationLogo\"},\"image\":{\"@id\":\"https:\\\/\\\/anoticiaonline.com.br\\\/site\\\/cisleste-promove-reuniao-com-prefeitos-eleitos\\\/#organizationLogo\"}},{\"@type\":\"Person\",\"@id\":\"https:\\\/\\\/anoticiaonline.com.br\\\/site\\\/author\\\/juliana\\\/#author\",\"url\":\"https:\\\/\\\/anoticiaonline.com.br\\\/site\\\/author\\\/juliana\\\/\",\"name\":\"Juliana Laviola\",\"image\":{\"@type\":\"ImageObject\",\"@id\":\"https:\\\/\\\/anoticiaonline.com.br\\\/site\\\/cisleste-promove-reuniao-com-prefeitos-eleitos\\\/#authorImage\",\"url\":\"https:\\\/\\\/secure.gravatar.com\\\/avatar\\\/b8d45f5c699b100dfaf0e543582f38f38bf94cb7ae3a5e9abf8d891a34773335?s=96&d=mm&r=g\",\"width\":96,\"height\":96,\"caption\":\"Juliana Laviola\"}},{\"@type\":\"WebPage\",\"@id\":\"https:\\\/\\\/anoticiaonline.com.br\\\/site\\\/cisleste-promove-reuniao-com-prefeitos-eleitos\\\/#webpage\",\"url\":\"https:\\\/\\\/anoticiaonline.com.br\\\/site\\\/cisleste-promove-reuniao-com-prefeitos-eleitos\\\/\",\"name\":\"Cisleste promove reuni\\u00e3o com prefeitos eleitos - A Not\\u00edcia Online\",\"description\":\"O Cons\\u00f3rcio Intermunicipal de Sa\\u00fade da Mata Leste (Cisleste) reuniu-se com os prefeitos eleitos da regi\\u00e3o para apresentar aos novos chefes do Poder Executivo os servi\\u00e7os oferecidos pelo cons\\u00f3rcio, a din\\u00e2mica de trabalho da diretoria e o que pode ser usado na ferramenta de aquisi\\u00e7\\u00e3o de servi\\u00e7os de forma consorciada. O encontro aconteceu na \\u00faltima\",\"inLanguage\":\"pt-BR\",\"isPartOf\":{\"@id\":\"https:\\\/\\\/anoticiaonline.com.br\\\/site\\\/#website\"},\"breadcrumb\":{\"@id\":\"https:\\\/\\\/anoticiaonline.com.br\\\/site\\\/cisleste-promove-reuniao-com-prefeitos-eleitos\\\/#breadcrumblist\"},\"author\":{\"@id\":\"https:\\\/\\\/anoticiaonline.com.br\\\/site\\\/author\\\/juliana\\\/#author\"},\"creator\":{\"@id\":\"https:\\\/\\\/anoticiaonline.com.br\\\/site\\\/author\\\/juliana\\\/#author\"},\"image\":{\"@type\":\"ImageObject\",\"url\":\"https:\\\/\\\/anoticiaonline.com.br\\\/site\\\/wp-content\\\/uploads\\\/2016\\\/10\\\/DSC_0849.jpg\",\"@id\":\"https:\\\/\\\/anoticiaonline.com.br\\\/site\\\/cisleste-promove-reuniao-com-prefeitos-eleitos\\\/#mainImage\",\"width\":640,\"height\":311},\"primaryImageOfPage\":{\"@id\":\"https:\\\/\\\/anoticiaonline.com.br\\\/site\\\/cisleste-promove-reuniao-com-prefeitos-eleitos\\\/#mainImage\"},\"datePublished\":\"2016-10-27T16:08:04-03:00\",\"dateModified\":\"2016-10-27T16:08:04-03:00\"},{\"@type\":\"WebSite\",\"@id\":\"https:\\\/\\\/anoticiaonline.com.br\\\/site\\\/#website\",\"url\":\"https:\\\/\\\/anoticiaonline.com.br\\\/site\\\/\",\"name\":\"A Not\\u00edcia Online\",\"description\":\"Noticias de Muria\\u00e9 e regi\\u00e3o\",\"inLanguage\":\"pt-BR\",\"publisher\":{\"@id\":\"https:\\\/\\\/anoticiaonline.com.br\\\/site\\\/#organization\"}}]}\n\t\t<\/script>\n\t\t<!-- All in One SEO -->\n\n","aioseo_head_json":{"title":"Cisleste promove reuni\u00e3o com prefeitos eleitos - A Not\u00edcia Online","description":"O Cons\u00f3rcio Intermunicipal de Sa\u00fade da Mata Leste (Cisleste) reuniu-se com os prefeitos eleitos da regi\u00e3o para apresentar aos novos chefes do Poder Executivo os servi\u00e7os oferecidos pelo cons\u00f3rcio, a din\u00e2mica de trabalho da diretoria e o que pode ser usado na ferramenta de aquisi\u00e7\u00e3o de servi\u00e7os de forma consorciada. O encontro aconteceu na \u00faltima","canonical_url":"https:\/\/anoticiaonline.com.br\/site\/cisleste-promove-reuniao-com-prefeitos-eleitos\/","robots":"max-image-preview:large","keywords":"","webmasterTools":{"miscellaneous":""},"schema":{"@context":"https:\/\/schema.org","@graph":[{"@type":"BlogPosting","@id":"https:\/\/anoticiaonline.com.br\/site\/cisleste-promove-reuniao-com-prefeitos-eleitos\/#blogposting","name":"Cisleste promove reuni\u00e3o com prefeitos eleitos - A Not\u00edcia Online","headline":"Cisleste promove reuni\u00e3o com prefeitos eleitos","author":{"@id":"https:\/\/anoticiaonline.com.br\/site\/author\/juliana\/#author"},"publisher":{"@id":"https:\/\/anoticiaonline.com.br\/site\/#organization"},"image":{"@type":"ImageObject","url":"https:\/\/anoticiaonline.com.br\/site\/wp-content\/uploads\/2016\/10\/DSC_0849.jpg","width":640,"height":311},"datePublished":"2016-10-27T16:08:04-03:00","dateModified":"2016-10-27T16:08:04-03:00","inLanguage":"pt-BR","mainEntityOfPage":{"@id":"https:\/\/anoticiaonline.com.br\/site\/cisleste-promove-reuniao-com-prefeitos-eleitos\/#webpage"},"isPartOf":{"@id":"https:\/\/anoticiaonline.com.br\/site\/cisleste-promove-reuniao-com-prefeitos-eleitos\/#webpage"},"articleSection":"Eventos"},{"@type":"BreadcrumbList","@id":"https:\/\/anoticiaonline.com.br\/site\/cisleste-promove-reuniao-com-prefeitos-eleitos\/#breadcrumblist","itemListElement":[{"@type":"ListItem","@id":"https:\/\/anoticiaonline.com.br\/site#listItem","position":1,"name":"Home","item":"https:\/\/anoticiaonline.com.br\/site","nextItem":{"@type":"ListItem","@id":"https:\/\/anoticiaonline.com.br\/site\/categoria\/eventos\/#listItem","name":"Eventos"}},{"@type":"ListItem","@id":"https:\/\/anoticiaonline.com.br\/site\/categoria\/eventos\/#listItem","position":2,"name":"Eventos","item":"https:\/\/anoticiaonline.com.br\/site\/categoria\/eventos\/","nextItem":{"@type":"ListItem","@id":"https:\/\/anoticiaonline.com.br\/site\/cisleste-promove-reuniao-com-prefeitos-eleitos\/#listItem","name":"Cisleste promove reuni\u00e3o com prefeitos eleitos"},"previousItem":{"@type":"ListItem","@id":"https:\/\/anoticiaonline.com.br\/site#listItem","name":"Home"}},{"@type":"ListItem","@id":"https:\/\/anoticiaonline.com.br\/site\/cisleste-promove-reuniao-com-prefeitos-eleitos\/#listItem","position":3,"name":"Cisleste promove reuni\u00e3o com prefeitos eleitos","previousItem":{"@type":"ListItem","@id":"https:\/\/anoticiaonline.com.br\/site\/categoria\/eventos\/#listItem","name":"Eventos"}}]},{"@type":"Organization","@id":"https:\/\/anoticiaonline.com.br\/site\/#organization","name":"A Not\u00edcia Online","description":"Noticias de Muria\u00e9 e regi\u00e3o","url":"https:\/\/anoticiaonline.com.br\/site\/","logo":{"@type":"ImageObject","url":"https:\/\/scontent-gig4-1.xx.fbcdn.net\/v\/t39.30808-1\/270437624_4564083193639691_6907940295614233970_n.jpg?stp=dst-jpg_s200x200_tt6&_nc_cat=111&ccb=1-7&_nc_sid=f907e8&_nc_ohc=SM1wRlP3lJwQ7kNvwEPuBYA&_nc_oc=AdnqrjDN_BNjSSHWO-GbkIWH6fkGMLw4bqvL_NH6e2wMveX7G-rP2dAqsDSq1mJMOaY&_nc_zt=24&_nc_ht=scontent-gig4-1.xx&_nc_gid=AoBFJeGrT1hVaew_6rchkQ&oh=00_AfX7QmFGhQhG2jAllVgXCiM1ZrWgvtp80-Bfppyexh1QEg&oe=689E923C","@id":"https:\/\/anoticiaonline.com.br\/site\/cisleste-promove-reuniao-com-prefeitos-eleitos\/#organizationLogo"},"image":{"@id":"https:\/\/anoticiaonline.com.br\/site\/cisleste-promove-reuniao-com-prefeitos-eleitos\/#organizationLogo"}},{"@type":"Person","@id":"https:\/\/anoticiaonline.com.br\/site\/author\/juliana\/#author","url":"https:\/\/anoticiaonline.com.br\/site\/author\/juliana\/","name":"Juliana Laviola","image":{"@type":"ImageObject","@id":"https:\/\/anoticiaonline.com.br\/site\/cisleste-promove-reuniao-com-prefeitos-eleitos\/#authorImage","url":"https:\/\/secure.gravatar.com\/avatar\/b8d45f5c699b100dfaf0e543582f38f38bf94cb7ae3a5e9abf8d891a34773335?s=96&d=mm&r=g","width":96,"height":96,"caption":"Juliana Laviola"}},{"@type":"WebPage","@id":"https:\/\/anoticiaonline.com.br\/site\/cisleste-promove-reuniao-com-prefeitos-eleitos\/#webpage","url":"https:\/\/anoticiaonline.com.br\/site\/cisleste-promove-reuniao-com-prefeitos-eleitos\/","name":"Cisleste promove reuni\u00e3o com prefeitos eleitos - A Not\u00edcia Online","description":"O Cons\u00f3rcio Intermunicipal de Sa\u00fade da Mata Leste (Cisleste) reuniu-se com os prefeitos eleitos da regi\u00e3o para apresentar aos novos chefes do Poder Executivo os servi\u00e7os oferecidos pelo cons\u00f3rcio, a din\u00e2mica de trabalho da diretoria e o que pode ser usado na ferramenta de aquisi\u00e7\u00e3o de servi\u00e7os de forma consorciada. O encontro aconteceu na \u00faltima","inLanguage":"pt-BR","isPartOf":{"@id":"https:\/\/anoticiaonline.com.br\/site\/#website"},"breadcrumb":{"@id":"https:\/\/anoticiaonline.com.br\/site\/cisleste-promove-reuniao-com-prefeitos-eleitos\/#breadcrumblist"},"author":{"@id":"https:\/\/anoticiaonline.com.br\/site\/author\/juliana\/#author"},"creator":{"@id":"https:\/\/anoticiaonline.com.br\/site\/author\/juliana\/#author"},"image":{"@type":"ImageObject","url":"https:\/\/anoticiaonline.com.br\/site\/wp-content\/uploads\/2016\/10\/DSC_0849.jpg","@id":"https:\/\/anoticiaonline.com.br\/site\/cisleste-promove-reuniao-com-prefeitos-eleitos\/#mainImage","width":640,"height":311},"primaryImageOfPage":{"@id":"https:\/\/anoticiaonline.com.br\/site\/cisleste-promove-reuniao-com-prefeitos-eleitos\/#mainImage"},"datePublished":"2016-10-27T16:08:04-03:00","dateModified":"2016-10-27T16:08:04-03:00"},{"@type":"WebSite","@id":"https:\/\/anoticiaonline.com.br\/site\/#website","url":"https:\/\/anoticiaonline.com.br\/site\/","name":"A Not\u00edcia Online","description":"Noticias de Muria\u00e9 e regi\u00e3o","inLanguage":"pt-BR","publisher":{"@id":"https:\/\/anoticiaonline.com.br\/site\/#organization"}}]},"og:locale":"pt_BR","og:site_name":"A Not\u00edcia Online - Noticias de Muria\u00e9 e regi\u00e3o","og:type":"article","og:title":"Cisleste promove reuni\u00e3o com prefeitos eleitos - A Not\u00edcia Online","og:description":"O Cons\u00f3rcio Intermunicipal de Sa\u00fade da Mata Leste (Cisleste) reuniu-se com os prefeitos eleitos da regi\u00e3o para apresentar aos novos chefes do Poder Executivo os servi\u00e7os oferecidos pelo cons\u00f3rcio, a din\u00e2mica de trabalho da diretoria e o que pode ser usado na ferramenta de aquisi\u00e7\u00e3o de servi\u00e7os de forma consorciada. O encontro aconteceu na \u00faltima","og:url":"https:\/\/anoticiaonline.com.br\/site\/cisleste-promove-reuniao-com-prefeitos-eleitos\/","og:image":"https:\/\/scontent-gig4-1.xx.fbcdn.net\/v\/t39.30808-1\/270437624_4564083193639691_6907940295614233970_n.jpg?stp=dst-jpg_s200x200_tt6&#038;_nc_cat=111&#038;ccb=1-7&#038;_nc_sid=f907e8&#038;_nc_ohc=SM1wRlP3lJwQ7kNvwEPuBYA&#038;_nc_oc=AdnqrjDN_BNjSSHWO-GbkIWH6fkGMLw4bqvL_NH6e2wMveX7G-rP2dAqsDSq1mJMOaY&#038;_nc_zt=24&#038;_nc_ht=scontent-gig4-1.xx&#038;_nc_gid=AoBFJeGrT1hVaew_6rchkQ&#038;oh=00_AfX7QmFGhQhG2jAllVgXCiM1ZrWgvtp80-Bfppyexh1QEg&#038;oe=689E923C","og:image:secure_url":"https:\/\/scontent-gig4-1.xx.fbcdn.net\/v\/t39.30808-1\/270437624_4564083193639691_6907940295614233970_n.jpg?stp=dst-jpg_s200x200_tt6&#038;_nc_cat=111&#038;ccb=1-7&#038;_nc_sid=f907e8&#038;_nc_ohc=SM1wRlP3lJwQ7kNvwEPuBYA&#038;_nc_oc=AdnqrjDN_BNjSSHWO-GbkIWH6fkGMLw4bqvL_NH6e2wMveX7G-rP2dAqsDSq1mJMOaY&#038;_nc_zt=24&#038;_nc_ht=scontent-gig4-1.xx&#038;_nc_gid=AoBFJeGrT1hVaew_6rchkQ&#038;oh=00_AfX7QmFGhQhG2jAllVgXCiM1ZrWgvtp80-Bfppyexh1QEg&#038;oe=689E923C","article:published_time":"2016-10-27T19:08:04+00:00","article:modified_time":"2016-10-27T19:08:04+00:00","twitter:card":"summary_large_image","twitter:title":"Cisleste promove reuni\u00e3o com prefeitos eleitos - A Not\u00edcia Online","twitter:description":"O Cons\u00f3rcio Intermunicipal de Sa\u00fade da Mata Leste (Cisleste) reuniu-se com os prefeitos eleitos da regi\u00e3o para apresentar aos novos chefes do Poder Executivo os servi\u00e7os oferecidos pelo cons\u00f3rcio, a din\u00e2mica de trabalho da diretoria e o que pode ser usado na ferramenta de aquisi\u00e7\u00e3o de servi\u00e7os de forma consorciada. O encontro aconteceu na \u00faltima","twitter:image":"https:\/\/scontent-gig4-1.xx.fbcdn.net\/v\/t39.30808-1\/270437624_4564083193639691_6907940295614233970_n.jpg?stp=dst-jpg_s200x200_tt6&_nc_cat=111&ccb=1-7&_nc_sid=f907e8&_nc_ohc=SM1wRlP3lJwQ7kNvwEPuBYA&_nc_oc=AdnqrjDN_BNjSSHWO-GbkIWH6fkGMLw4bqvL_NH6e2wMveX7G-rP2dAqsDSq1mJMOaY&_nc_zt=24&_nc_ht=scontent-gig4-1.xx&_nc_gid=AoBFJeGrT1hVaew_6rchkQ&oh=00_AfX7QmFGhQhG2jAllVgXCiM1ZrWgvtp80-Bfppyexh1QEg&oe=689E923C"},"aioseo_meta_data":{"post_id":"21109","title":null,"description":null,"keywords":null,"keyphrases":null,"primary_term":null,"canonical_url":null,"og_title":null,"og_description":null,"og_object_type":"default","og_image_type":"default","og_image_url":null,"og_image_width":null,"og_image_height":null,"og_image_custom_url":null,"og_image_custom_fields":null,"og_video":null,"og_custom_url":null,"og_article_section":null,"og_article_tags":null,"twitter_use_og":false,"twitter_card":"default","twitter_image_type":"default","twitter_image_url":null,"twitter_image_custom_url":null,"twitter_image_custom_fields":null,"twitter_title":null,"twitter_description":null,"schema":{"blockGraphs":[],"customGraphs":[],"default":{"data":{"Article":[],"Course":[],"Dataset":[],"FAQPage":[],"Movie":[],"Person":[],"Product":[],"ProductReview":[],"Car":[],"Recipe":[],"Service":[],"SoftwareApplication":[],"WebPage":[]},"graphName":"","isEnabled":true},"graphs":[]},"schema_type":"default","schema_type_options":null,"pillar_content":false,"robots_default":true,"robots_noindex":false,"robots_noarchive":false,"robots_nosnippet":false,"robots_nofollow":false,"robots_noimageindex":false,"robots_noodp":false,"robots_notranslate":false,"robots_max_snippet":null,"robots_max_videopreview":null,"robots_max_imagepreview":"large","priority":null,"frequency":null,"local_seo":null,"breadcrumb_settings":null,"limit_modified_date":false,"ai":null,"created":"2025-08-16 17:04:39","updated":"2025-08-16 17:04:39","focus_keyword":null,"additional_keywords":null,"truseo_locale":null,"seo_analyzer_scan_date":null},"aioseo_breadcrumb":"<div class=\"aioseo-breadcrumbs\"><span class=\"aioseo-breadcrumb\">\n\t\t\t<a href=\"https:\/\/anoticiaonline.com.br\/site\" title=\"Home\">Home<\/a>\n\t\t<\/span><span class=\"aioseo-breadcrumb-separator\">&raquo;<\/span><span class=\"aioseo-breadcrumb\">\n\t\t\t<a href=\"https:\/\/anoticiaonline.com.br\/site\/categoria\/eventos\/\" title=\"Eventos\">Eventos<\/a>\n\t\t<\/span><span class=\"aioseo-breadcrumb-separator\">&raquo;<\/span><span class=\"aioseo-breadcrumb\">\n\t\t\tCisleste promove reuni\u00e3o com prefeitos eleitos\n\t\t<\/span><\/div>","aioseo_breadcrumb_json":[{"label":"Home","link":"https:\/\/anoticiaonline.com.br\/site"},{"label":"Eventos","link":"https:\/\/anoticiaonline.com.br\/site\/categoria\/eventos\/"},{"label":"Cisleste promove reuni\u00e3o com prefeitos eleitos","link":"https:\/\/anoticiaonline.com.br\/site\/cisleste-promove-reuniao-com-prefeitos-eleitos\/"}],"views":170,"_links":{"self":[{"href":"https:\/\/anoticiaonline.com.br\/site\/wp-json\/wp\/v2\/posts\/21109","targetHints":{"allow":["GET"]}}],"collection":[{"href":"https:\/\/anoticiaonline.com.br\/site\/wp-json\/wp\/v2\/posts"}],"about":[{"href":"https:\/\/anoticiaonline.com.br\/site\/wp-json\/wp\/v2\/types\/post"}],"author":[{"embeddable":true,"href":"https:\/\/anoticiaonline.com.br\/site\/wp-json\/wp\/v2\/users\/2"}],"replies":[{"embeddable":true,"href":"https:\/\/anoticiaonline.com.br\/site\/wp-json\/wp\/v2\/comments?post=21109"}],"version-history":[{"count":0,"href":"https:\/\/anoticiaonline.com.br\/site\/wp-json\/wp\/v2\/posts\/21109\/revisions"}],"wp:featuredmedia":[{"embeddable":true,"href":"https:\/\/anoticiaonline.com.br\/site\/wp-json\/wp\/v2\/media\/21110"}],"wp:attachment":[{"href":"https:\/\/anoticiaonline.com.br\/site\/wp-json\/wp\/v2\/media?parent=21109"}],"wp:term":[{"taxonomy":"category","embeddable":true,"href":"https:\/\/anoticiaonline.com.br\/site\/wp-json\/wp\/v2\/categories?post=21109"},{"taxonomy":"post_tag","embeddable":true,"href":"https:\/\/anoticiaonline.com.br\/site\/wp-json\/wp\/v2\/tags?post=21109"}],"curies":[{"name":"wp","href":"https:\/\/api.w.org\/{rel}","templated":true}]}}