{"id":21010,"date":"2016-10-26T10:42:23","date_gmt":"2016-10-26T13:42:23","guid":{"rendered":"http:\/\/anoticiaonline.com.br\/site\/?p=21010"},"modified":"2016-10-26T10:42:23","modified_gmt":"2016-10-26T13:42:23","slug":"carro-cai-em-corrego-no-divisorio-e-trabalhador-rural-morre-afogado","status":"publish","type":"post","link":"https:\/\/anoticiaonline.com.br\/site\/carro-cai-em-corrego-no-divisorio-e-trabalhador-rural-morre-afogado\/","title":{"rendered":"Carro cai em c\u00f3rrego no Divis\u00f3rio e trabalhador rural morre afogado"},"content":{"rendered":"<p><a href=\"https:\/\/anoticiaonline.com.br\/site\/wp-content\/uploads\/2016\/10\/Carro-cai-em-c\u00f3rrego-no-Divis\u00f3rio-e-trabalhador-rural-morre-afogado.jpg\"><img fetchpriority=\"high\" decoding=\"async\" class=\" size-medium wp-image-21011 alignleft\" src=\"https:\/\/anoticiaonline.com.br\/site\/wp-content\/uploads\/2016\/10\/Carro-cai-em-c\u00f3rrego-no-Divis\u00f3rio-e-trabalhador-rural-morre-afogado-300x209.jpg\" alt=\"carro-cai-em-corrego-no-divisorio-e-trabalhador-rural-morre-afogado\" width=\"300\" height=\"209\" srcset=\"https:\/\/anoticiaonline.com.br\/site\/wp-content\/uploads\/2016\/10\/Carro-cai-em-c\u00f3rrego-no-Divis\u00f3rio-e-trabalhador-rural-morre-afogado-300x209.jpg 300w, https:\/\/anoticiaonline.com.br\/site\/wp-content\/uploads\/2016\/10\/Carro-cai-em-c\u00f3rrego-no-Divis\u00f3rio-e-trabalhador-rural-morre-afogado.jpg 600w\" sizes=\"(max-width: 300px) 100vw, 300px\" \/><\/a>Um trabalhador rural de 46 anos morreu ap\u00f3s o carro que conduzia cair em um ribeir\u00e3o \u00e0s margens de uma estrada de terra na Zona Rural da comunidade do Divis\u00f3rio. Marco Ant\u00f4nio dos Santos acabou morrendo afogado.<\/p>\n<p>O ve\u00edculo foi visto dentro do c\u00f3rrego na manh\u00e3 de quarta-feira (26) por pessoas que passavam pelo local. O acidente teria ocorrido durante a madrugada. Segundo os familiares da v\u00edtima, Marco Ant\u00f4nio morava pr\u00f3ximo ao local do acidente e no momento retornava para casa sozinho.<\/p>\n<p>O Corpo de Bombeiros fez a retirada do corpo e a per\u00edcia da Pol\u00edcia Civil realizou os procedimentos de praxe.<\/p>\n<p>As causas do acidente est\u00e3o sendo investigadas.<\/p>\n<figure id=\"attachment_21012\" aria-describedby=\"caption-attachment-21012\" style=\"width: 229px\" class=\"wp-caption alignnone\"><a href=\"https:\/\/anoticiaonline.com.br\/site\/wp-content\/uploads\/2016\/10\/Carro-cai-em-c\u00f3rrego-no-Divis\u00f3rio-e-trabalhador-rural-morre-afogado-2.jpg\"><img decoding=\"async\" class=\"size-medium wp-image-21012\" src=\"https:\/\/anoticiaonline.com.br\/site\/wp-content\/uploads\/2016\/10\/Carro-cai-em-c\u00f3rrego-no-Divis\u00f3rio-e-trabalhador-rural-morre-afogado-2-239x300.jpg\" alt=\"Marco Ant\u00f4nio dos Santos \" width=\"239\" height=\"300\" srcset=\"https:\/\/anoticiaonline.com.br\/site\/wp-content\/uploads\/2016\/10\/Carro-cai-em-c\u00f3rrego-no-Divis\u00f3rio-e-trabalhador-rural-morre-afogado-2-239x300.jpg 239w, https:\/\/anoticiaonline.com.br\/site\/wp-content\/uploads\/2016\/10\/Carro-cai-em-c\u00f3rrego-no-Divis\u00f3rio-e-trabalhador-rural-morre-afogado-2.jpg 371w\" sizes=\"(max-width: 239px) 100vw, 239px\" \/><\/a><figcaption id=\"caption-attachment-21012\" class=\"wp-caption-text\">Marco Ant\u00f4nio dos Santos<\/figcaption><\/figure>\n","protected":false},"excerpt":{"rendered":"<p>Um trabalhador rural de 46 anos morreu ap\u00f3s o carro que conduzia cair em um ribeir\u00e3o \u00e0s margens de uma estrada de terra na Zona Rural da comunidade do Divis\u00f3rio. Marco Ant\u00f4nio dos Santos acabou morrendo afogado. O ve\u00edculo foi visto dentro do c\u00f3rrego na manh\u00e3 de quarta-feira (26) por pessoas que passavam pelo local. &#8230; <a title=\"Carro cai em c\u00f3rrego no Divis\u00f3rio e trabalhador rural morre afogado\" class=\"read-more\" href=\"https:\/\/anoticiaonline.com.br\/site\/carro-cai-em-corrego-no-divisorio-e-trabalhador-rural-morre-afogado\/\" aria-label=\"Read more about Carro cai em c\u00f3rrego no Divis\u00f3rio e trabalhador rural morre afogado\">Ler mais<\/a><\/p>\n","protected":false},"author":2,"featured_media":21011,"comment_status":"open","ping_status":"open","sticky":false,"template":"","format":"standard","meta":{"_acf_changed":false,"_monsterinsights_skip_tracking":false,"footnotes":""},"categories":[30],"tags":[3],"class_list":["post-21010","post","type-post","status-publish","format-standard","has-post-thumbnail","hentry","category-muriae","tag-slide"],"acf":[],"aioseo_notices":[],"aioseo_head":"\n\t\t<!-- All in One SEO 5.0.0.1 - aioseo.com -->\n\t<meta name=\"description\" content=\"Um trabalhador rural de 46 anos morreu ap\u00f3s o carro que conduzia cair em um ribeir\u00e3o \u00e0s margens de uma estrada de terra na Zona Rural da comunidade do Divis\u00f3rio. Marco Ant\u00f4nio dos Santos acabou morrendo afogado. O ve\u00edculo foi visto dentro do c\u00f3rrego na manh\u00e3 de quarta-feira (26) por pessoas que passavam pelo local.\" \/>\n\t<meta name=\"robots\" content=\"max-image-preview:large\" \/>\n\t<meta name=\"author\" content=\"Juliana Laviola\"\/>\n\t<link rel=\"canonical\" href=\"https:\/\/anoticiaonline.com.br\/site\/carro-cai-em-corrego-no-divisorio-e-trabalhador-rural-morre-afogado\/\" \/>\n\t<meta name=\"generator\" content=\"All in One SEO (AIOSEO) 5.0.0.1\" \/>\n\t\t<meta property=\"og:locale\" content=\"pt_BR\" \/>\n\t\t<meta property=\"og:site_name\" content=\"A Not\u00edcia Online - Noticias de Muria\u00e9 e regi\u00e3o\" \/>\n\t\t<meta property=\"og:type\" content=\"article\" \/>\n\t\t<meta property=\"og:title\" content=\"Carro cai em c\u00f3rrego no Divis\u00f3rio e trabalhador rural morre afogado - A Not\u00edcia Online\" \/>\n\t\t<meta property=\"og:description\" content=\"Um trabalhador rural de 46 anos morreu ap\u00f3s o carro que conduzia cair em um ribeir\u00e3o \u00e0s margens de uma estrada de terra na Zona Rural da comunidade do Divis\u00f3rio. Marco Ant\u00f4nio dos Santos acabou morrendo afogado. O ve\u00edculo foi visto dentro do c\u00f3rrego na manh\u00e3 de quarta-feira (26) por pessoas que passavam pelo local.\" \/>\n\t\t<meta property=\"og:url\" content=\"https:\/\/anoticiaonline.com.br\/site\/carro-cai-em-corrego-no-divisorio-e-trabalhador-rural-morre-afogado\/\" \/>\n\t\t<meta property=\"og:image\" content=\"https:\/\/scontent-gig4-1.xx.fbcdn.net\/v\/t39.30808-1\/270437624_4564083193639691_6907940295614233970_n.jpg?stp=dst-jpg_s200x200_tt6&#038;_nc_cat=111&#038;ccb=1-7&#038;_nc_sid=f907e8&#038;_nc_ohc=SM1wRlP3lJwQ7kNvwEPuBYA&#038;_nc_oc=AdnqrjDN_BNjSSHWO-GbkIWH6fkGMLw4bqvL_NH6e2wMveX7G-rP2dAqsDSq1mJMOaY&#038;_nc_zt=24&#038;_nc_ht=scontent-gig4-1.xx&#038;_nc_gid=AoBFJeGrT1hVaew_6rchkQ&#038;oh=00_AfX7QmFGhQhG2jAllVgXCiM1ZrWgvtp80-Bfppyexh1QEg&#038;oe=689E923C\" \/>\n\t\t<meta property=\"og:image:secure_url\" content=\"https:\/\/scontent-gig4-1.xx.fbcdn.net\/v\/t39.30808-1\/270437624_4564083193639691_6907940295614233970_n.jpg?stp=dst-jpg_s200x200_tt6&#038;_nc_cat=111&#038;ccb=1-7&#038;_nc_sid=f907e8&#038;_nc_ohc=SM1wRlP3lJwQ7kNvwEPuBYA&#038;_nc_oc=AdnqrjDN_BNjSSHWO-GbkIWH6fkGMLw4bqvL_NH6e2wMveX7G-rP2dAqsDSq1mJMOaY&#038;_nc_zt=24&#038;_nc_ht=scontent-gig4-1.xx&#038;_nc_gid=AoBFJeGrT1hVaew_6rchkQ&#038;oh=00_AfX7QmFGhQhG2jAllVgXCiM1ZrWgvtp80-Bfppyexh1QEg&#038;oe=689E923C\" \/>\n\t\t<meta property=\"article:published_time\" content=\"2016-10-26T13:42:23+00:00\" \/>\n\t\t<meta property=\"article:modified_time\" content=\"2016-10-26T13:42:23+00:00\" \/>\n\t\t<meta name=\"twitter:card\" content=\"summary_large_image\" \/>\n\t\t<meta name=\"twitter:title\" content=\"Carro cai em c\u00f3rrego no Divis\u00f3rio e trabalhador rural morre afogado - A Not\u00edcia Online\" \/>\n\t\t<meta name=\"twitter:description\" content=\"Um trabalhador rural de 46 anos morreu ap\u00f3s o carro que conduzia cair em um ribeir\u00e3o \u00e0s margens de uma estrada de terra na Zona Rural da comunidade do Divis\u00f3rio. Marco Ant\u00f4nio dos Santos acabou morrendo afogado. O ve\u00edculo foi visto dentro do c\u00f3rrego na manh\u00e3 de quarta-feira (26) por pessoas que passavam pelo local.\" \/>\n\t\t<meta name=\"twitter:image\" content=\"https:\/\/scontent-gig4-1.xx.fbcdn.net\/v\/t39.30808-1\/270437624_4564083193639691_6907940295614233970_n.jpg?stp=dst-jpg_s200x200_tt6&amp;_nc_cat=111&amp;ccb=1-7&amp;_nc_sid=f907e8&amp;_nc_ohc=SM1wRlP3lJwQ7kNvwEPuBYA&amp;_nc_oc=AdnqrjDN_BNjSSHWO-GbkIWH6fkGMLw4bqvL_NH6e2wMveX7G-rP2dAqsDSq1mJMOaY&amp;_nc_zt=24&amp;_nc_ht=scontent-gig4-1.xx&amp;_nc_gid=AoBFJeGrT1hVaew_6rchkQ&amp;oh=00_AfX7QmFGhQhG2jAllVgXCiM1ZrWgvtp80-Bfppyexh1QEg&amp;oe=689E923C\" \/>\n\t\t<script type=\"application\/ld+json\" class=\"aioseo-schema\">\n\t\t\t{\"@context\":\"https:\\\/\\\/schema.org\",\"@graph\":[{\"@type\":\"BlogPosting\",\"@id\":\"https:\\\/\\\/anoticiaonline.com.br\\\/site\\\/carro-cai-em-corrego-no-divisorio-e-trabalhador-rural-morre-afogado\\\/#blogposting\",\"name\":\"Carro cai em c\\u00f3rrego no Divis\\u00f3rio e trabalhador rural morre afogado - A Not\\u00edcia Online\",\"headline\":\"Carro cai em c\\u00f3rrego no Divis\\u00f3rio e trabalhador rural morre afogado\",\"author\":{\"@id\":\"https:\\\/\\\/anoticiaonline.com.br\\\/site\\\/author\\\/juliana\\\/#author\"},\"publisher\":{\"@id\":\"https:\\\/\\\/anoticiaonline.com.br\\\/site\\\/#organization\"},\"image\":{\"@type\":\"ImageObject\",\"url\":\"https:\\\/\\\/anoticiaonline.com.br\\\/site\\\/wp-content\\\/uploads\\\/2016\\\/10\\\/Carro-cai-em-c\\u00f3rrego-no-Divis\\u00f3rio-e-trabalhador-rural-morre-afogado.jpg\",\"width\":600,\"height\":417},\"datePublished\":\"2016-10-26T10:42:23-03:00\",\"dateModified\":\"2016-10-26T10:42:23-03:00\",\"inLanguage\":\"pt-BR\",\"mainEntityOfPage\":{\"@id\":\"https:\\\/\\\/anoticiaonline.com.br\\\/site\\\/carro-cai-em-corrego-no-divisorio-e-trabalhador-rural-morre-afogado\\\/#webpage\"},\"isPartOf\":{\"@id\":\"https:\\\/\\\/anoticiaonline.com.br\\\/site\\\/carro-cai-em-corrego-no-divisorio-e-trabalhador-rural-morre-afogado\\\/#webpage\"},\"articleSection\":\"Blog, slide\"},{\"@type\":\"BreadcrumbList\",\"@id\":\"https:\\\/\\\/anoticiaonline.com.br\\\/site\\\/carro-cai-em-corrego-no-divisorio-e-trabalhador-rural-morre-afogado\\\/#breadcrumblist\",\"itemListElement\":[{\"@type\":\"ListItem\",\"@id\":\"https:\\\/\\\/anoticiaonline.com.br\\\/site#listItem\",\"position\":1,\"name\":\"Home\",\"item\":\"https:\\\/\\\/anoticiaonline.com.br\\\/site\",\"nextItem\":{\"@type\":\"ListItem\",\"@id\":\"https:\\\/\\\/anoticiaonline.com.br\\\/site\\\/categoria\\\/muriae\\\/#listItem\",\"name\":\"Blog\"}},{\"@type\":\"ListItem\",\"@id\":\"https:\\\/\\\/anoticiaonline.com.br\\\/site\\\/categoria\\\/muriae\\\/#listItem\",\"position\":2,\"name\":\"Blog\",\"item\":\"https:\\\/\\\/anoticiaonline.com.br\\\/site\\\/categoria\\\/muriae\\\/\",\"nextItem\":{\"@type\":\"ListItem\",\"@id\":\"https:\\\/\\\/anoticiaonline.com.br\\\/site\\\/carro-cai-em-corrego-no-divisorio-e-trabalhador-rural-morre-afogado\\\/#listItem\",\"name\":\"Carro cai em c\\u00f3rrego no Divis\\u00f3rio e trabalhador rural morre afogado\"},\"previousItem\":{\"@type\":\"ListItem\",\"@id\":\"https:\\\/\\\/anoticiaonline.com.br\\\/site#listItem\",\"name\":\"Home\"}},{\"@type\":\"ListItem\",\"@id\":\"https:\\\/\\\/anoticiaonline.com.br\\\/site\\\/carro-cai-em-corrego-no-divisorio-e-trabalhador-rural-morre-afogado\\\/#listItem\",\"position\":3,\"name\":\"Carro cai em c\\u00f3rrego no Divis\\u00f3rio e trabalhador rural morre afogado\",\"previousItem\":{\"@type\":\"ListItem\",\"@id\":\"https:\\\/\\\/anoticiaonline.com.br\\\/site\\\/categoria\\\/muriae\\\/#listItem\",\"name\":\"Blog\"}}]},{\"@type\":\"Organization\",\"@id\":\"https:\\\/\\\/anoticiaonline.com.br\\\/site\\\/#organization\",\"name\":\"A Not\\u00edcia Online\",\"description\":\"Noticias de Muria\\u00e9 e regi\\u00e3o\",\"url\":\"https:\\\/\\\/anoticiaonline.com.br\\\/site\\\/\",\"logo\":{\"@type\":\"ImageObject\",\"url\":\"https:\\\/\\\/scontent-gig4-1.xx.fbcdn.net\\\/v\\\/t39.30808-1\\\/270437624_4564083193639691_6907940295614233970_n.jpg?stp=dst-jpg_s200x200_tt6&_nc_cat=111&ccb=1-7&_nc_sid=f907e8&_nc_ohc=SM1wRlP3lJwQ7kNvwEPuBYA&_nc_oc=AdnqrjDN_BNjSSHWO-GbkIWH6fkGMLw4bqvL_NH6e2wMveX7G-rP2dAqsDSq1mJMOaY&_nc_zt=24&_nc_ht=scontent-gig4-1.xx&_nc_gid=AoBFJeGrT1hVaew_6rchkQ&oh=00_AfX7QmFGhQhG2jAllVgXCiM1ZrWgvtp80-Bfppyexh1QEg&oe=689E923C\",\"@id\":\"https:\\\/\\\/anoticiaonline.com.br\\\/site\\\/carro-cai-em-corrego-no-divisorio-e-trabalhador-rural-morre-afogado\\\/#organizationLogo\"},\"image\":{\"@id\":\"https:\\\/\\\/anoticiaonline.com.br\\\/site\\\/carro-cai-em-corrego-no-divisorio-e-trabalhador-rural-morre-afogado\\\/#organizationLogo\"}},{\"@type\":\"Person\",\"@id\":\"https:\\\/\\\/anoticiaonline.com.br\\\/site\\\/author\\\/juliana\\\/#author\",\"url\":\"https:\\\/\\\/anoticiaonline.com.br\\\/site\\\/author\\\/juliana\\\/\",\"name\":\"Juliana Laviola\",\"image\":{\"@type\":\"ImageObject\",\"@id\":\"https:\\\/\\\/anoticiaonline.com.br\\\/site\\\/carro-cai-em-corrego-no-divisorio-e-trabalhador-rural-morre-afogado\\\/#authorImage\",\"url\":\"https:\\\/\\\/secure.gravatar.com\\\/avatar\\\/b8d45f5c699b100dfaf0e543582f38f38bf94cb7ae3a5e9abf8d891a34773335?s=96&d=mm&r=g\",\"width\":96,\"height\":96,\"caption\":\"Juliana Laviola\"}},{\"@type\":\"WebPage\",\"@id\":\"https:\\\/\\\/anoticiaonline.com.br\\\/site\\\/carro-cai-em-corrego-no-divisorio-e-trabalhador-rural-morre-afogado\\\/#webpage\",\"url\":\"https:\\\/\\\/anoticiaonline.com.br\\\/site\\\/carro-cai-em-corrego-no-divisorio-e-trabalhador-rural-morre-afogado\\\/\",\"name\":\"Carro cai em c\\u00f3rrego no Divis\\u00f3rio e trabalhador rural morre afogado - A Not\\u00edcia Online\",\"description\":\"Um trabalhador rural de 46 anos morreu ap\\u00f3s o carro que conduzia cair em um ribeir\\u00e3o \\u00e0s margens de uma estrada de terra na Zona Rural da comunidade do Divis\\u00f3rio. Marco Ant\\u00f4nio dos Santos acabou morrendo afogado. O ve\\u00edculo foi visto dentro do c\\u00f3rrego na manh\\u00e3 de quarta-feira (26) por pessoas que passavam pelo local.\",\"inLanguage\":\"pt-BR\",\"isPartOf\":{\"@id\":\"https:\\\/\\\/anoticiaonline.com.br\\\/site\\\/#website\"},\"breadcrumb\":{\"@id\":\"https:\\\/\\\/anoticiaonline.com.br\\\/site\\\/carro-cai-em-corrego-no-divisorio-e-trabalhador-rural-morre-afogado\\\/#breadcrumblist\"},\"author\":{\"@id\":\"https:\\\/\\\/anoticiaonline.com.br\\\/site\\\/author\\\/juliana\\\/#author\"},\"creator\":{\"@id\":\"https:\\\/\\\/anoticiaonline.com.br\\\/site\\\/author\\\/juliana\\\/#author\"},\"image\":{\"@type\":\"ImageObject\",\"url\":\"https:\\\/\\\/anoticiaonline.com.br\\\/site\\\/wp-content\\\/uploads\\\/2016\\\/10\\\/Carro-cai-em-c\\u00f3rrego-no-Divis\\u00f3rio-e-trabalhador-rural-morre-afogado.jpg\",\"@id\":\"https:\\\/\\\/anoticiaonline.com.br\\\/site\\\/carro-cai-em-corrego-no-divisorio-e-trabalhador-rural-morre-afogado\\\/#mainImage\",\"width\":600,\"height\":417},\"primaryImageOfPage\":{\"@id\":\"https:\\\/\\\/anoticiaonline.com.br\\\/site\\\/carro-cai-em-corrego-no-divisorio-e-trabalhador-rural-morre-afogado\\\/#mainImage\"},\"datePublished\":\"2016-10-26T10:42:23-03:00\",\"dateModified\":\"2016-10-26T10:42:23-03:00\"},{\"@type\":\"WebSite\",\"@id\":\"https:\\\/\\\/anoticiaonline.com.br\\\/site\\\/#website\",\"url\":\"https:\\\/\\\/anoticiaonline.com.br\\\/site\\\/\",\"name\":\"A Not\\u00edcia Online\",\"description\":\"Noticias de Muria\\u00e9 e regi\\u00e3o\",\"inLanguage\":\"pt-BR\",\"publisher\":{\"@id\":\"https:\\\/\\\/anoticiaonline.com.br\\\/site\\\/#organization\"}}]}\n\t\t<\/script>\n\t\t<!-- All in One SEO -->\n\n","aioseo_head_json":{"title":"Carro cai em c\u00f3rrego no Divis\u00f3rio e trabalhador rural morre afogado - A Not\u00edcia Online","description":"Um trabalhador rural de 46 anos morreu ap\u00f3s o carro que conduzia cair em um ribeir\u00e3o \u00e0s margens de uma estrada de terra na Zona Rural da comunidade do Divis\u00f3rio. Marco Ant\u00f4nio dos Santos acabou morrendo afogado. O ve\u00edculo foi visto dentro do c\u00f3rrego na manh\u00e3 de quarta-feira (26) por pessoas que passavam pelo local.","canonical_url":"https:\/\/anoticiaonline.com.br\/site\/carro-cai-em-corrego-no-divisorio-e-trabalhador-rural-morre-afogado\/","robots":"max-image-preview:large","keywords":"","webmasterTools":{"miscellaneous":""},"schema":{"@context":"https:\/\/schema.org","@graph":[{"@type":"BlogPosting","@id":"https:\/\/anoticiaonline.com.br\/site\/carro-cai-em-corrego-no-divisorio-e-trabalhador-rural-morre-afogado\/#blogposting","name":"Carro cai em c\u00f3rrego no Divis\u00f3rio e trabalhador rural morre afogado - A Not\u00edcia Online","headline":"Carro cai em c\u00f3rrego no Divis\u00f3rio e trabalhador rural morre afogado","author":{"@id":"https:\/\/anoticiaonline.com.br\/site\/author\/juliana\/#author"},"publisher":{"@id":"https:\/\/anoticiaonline.com.br\/site\/#organization"},"image":{"@type":"ImageObject","url":"https:\/\/anoticiaonline.com.br\/site\/wp-content\/uploads\/2016\/10\/Carro-cai-em-c\u00f3rrego-no-Divis\u00f3rio-e-trabalhador-rural-morre-afogado.jpg","width":600,"height":417},"datePublished":"2016-10-26T10:42:23-03:00","dateModified":"2016-10-26T10:42:23-03:00","inLanguage":"pt-BR","mainEntityOfPage":{"@id":"https:\/\/anoticiaonline.com.br\/site\/carro-cai-em-corrego-no-divisorio-e-trabalhador-rural-morre-afogado\/#webpage"},"isPartOf":{"@id":"https:\/\/anoticiaonline.com.br\/site\/carro-cai-em-corrego-no-divisorio-e-trabalhador-rural-morre-afogado\/#webpage"},"articleSection":"Blog, slide"},{"@type":"BreadcrumbList","@id":"https:\/\/anoticiaonline.com.br\/site\/carro-cai-em-corrego-no-divisorio-e-trabalhador-rural-morre-afogado\/#breadcrumblist","itemListElement":[{"@type":"ListItem","@id":"https:\/\/anoticiaonline.com.br\/site#listItem","position":1,"name":"Home","item":"https:\/\/anoticiaonline.com.br\/site","nextItem":{"@type":"ListItem","@id":"https:\/\/anoticiaonline.com.br\/site\/categoria\/muriae\/#listItem","name":"Blog"}},{"@type":"ListItem","@id":"https:\/\/anoticiaonline.com.br\/site\/categoria\/muriae\/#listItem","position":2,"name":"Blog","item":"https:\/\/anoticiaonline.com.br\/site\/categoria\/muriae\/","nextItem":{"@type":"ListItem","@id":"https:\/\/anoticiaonline.com.br\/site\/carro-cai-em-corrego-no-divisorio-e-trabalhador-rural-morre-afogado\/#listItem","name":"Carro cai em c\u00f3rrego no Divis\u00f3rio e trabalhador rural morre afogado"},"previousItem":{"@type":"ListItem","@id":"https:\/\/anoticiaonline.com.br\/site#listItem","name":"Home"}},{"@type":"ListItem","@id":"https:\/\/anoticiaonline.com.br\/site\/carro-cai-em-corrego-no-divisorio-e-trabalhador-rural-morre-afogado\/#listItem","position":3,"name":"Carro cai em c\u00f3rrego no Divis\u00f3rio e trabalhador rural morre afogado","previousItem":{"@type":"ListItem","@id":"https:\/\/anoticiaonline.com.br\/site\/categoria\/muriae\/#listItem","name":"Blog"}}]},{"@type":"Organization","@id":"https:\/\/anoticiaonline.com.br\/site\/#organization","name":"A Not\u00edcia Online","description":"Noticias de Muria\u00e9 e regi\u00e3o","url":"https:\/\/anoticiaonline.com.br\/site\/","logo":{"@type":"ImageObject","url":"https:\/\/scontent-gig4-1.xx.fbcdn.net\/v\/t39.30808-1\/270437624_4564083193639691_6907940295614233970_n.jpg?stp=dst-jpg_s200x200_tt6&_nc_cat=111&ccb=1-7&_nc_sid=f907e8&_nc_ohc=SM1wRlP3lJwQ7kNvwEPuBYA&_nc_oc=AdnqrjDN_BNjSSHWO-GbkIWH6fkGMLw4bqvL_NH6e2wMveX7G-rP2dAqsDSq1mJMOaY&_nc_zt=24&_nc_ht=scontent-gig4-1.xx&_nc_gid=AoBFJeGrT1hVaew_6rchkQ&oh=00_AfX7QmFGhQhG2jAllVgXCiM1ZrWgvtp80-Bfppyexh1QEg&oe=689E923C","@id":"https:\/\/anoticiaonline.com.br\/site\/carro-cai-em-corrego-no-divisorio-e-trabalhador-rural-morre-afogado\/#organizationLogo"},"image":{"@id":"https:\/\/anoticiaonline.com.br\/site\/carro-cai-em-corrego-no-divisorio-e-trabalhador-rural-morre-afogado\/#organizationLogo"}},{"@type":"Person","@id":"https:\/\/anoticiaonline.com.br\/site\/author\/juliana\/#author","url":"https:\/\/anoticiaonline.com.br\/site\/author\/juliana\/","name":"Juliana Laviola","image":{"@type":"ImageObject","@id":"https:\/\/anoticiaonline.com.br\/site\/carro-cai-em-corrego-no-divisorio-e-trabalhador-rural-morre-afogado\/#authorImage","url":"https:\/\/secure.gravatar.com\/avatar\/b8d45f5c699b100dfaf0e543582f38f38bf94cb7ae3a5e9abf8d891a34773335?s=96&d=mm&r=g","width":96,"height":96,"caption":"Juliana Laviola"}},{"@type":"WebPage","@id":"https:\/\/anoticiaonline.com.br\/site\/carro-cai-em-corrego-no-divisorio-e-trabalhador-rural-morre-afogado\/#webpage","url":"https:\/\/anoticiaonline.com.br\/site\/carro-cai-em-corrego-no-divisorio-e-trabalhador-rural-morre-afogado\/","name":"Carro cai em c\u00f3rrego no Divis\u00f3rio e trabalhador rural morre afogado - A Not\u00edcia Online","description":"Um trabalhador rural de 46 anos morreu ap\u00f3s o carro que conduzia cair em um ribeir\u00e3o \u00e0s margens de uma estrada de terra na Zona Rural da comunidade do Divis\u00f3rio. Marco Ant\u00f4nio dos Santos acabou morrendo afogado. O ve\u00edculo foi visto dentro do c\u00f3rrego na manh\u00e3 de quarta-feira (26) por pessoas que passavam pelo local.","inLanguage":"pt-BR","isPartOf":{"@id":"https:\/\/anoticiaonline.com.br\/site\/#website"},"breadcrumb":{"@id":"https:\/\/anoticiaonline.com.br\/site\/carro-cai-em-corrego-no-divisorio-e-trabalhador-rural-morre-afogado\/#breadcrumblist"},"author":{"@id":"https:\/\/anoticiaonline.com.br\/site\/author\/juliana\/#author"},"creator":{"@id":"https:\/\/anoticiaonline.com.br\/site\/author\/juliana\/#author"},"image":{"@type":"ImageObject","url":"https:\/\/anoticiaonline.com.br\/site\/wp-content\/uploads\/2016\/10\/Carro-cai-em-c\u00f3rrego-no-Divis\u00f3rio-e-trabalhador-rural-morre-afogado.jpg","@id":"https:\/\/anoticiaonline.com.br\/site\/carro-cai-em-corrego-no-divisorio-e-trabalhador-rural-morre-afogado\/#mainImage","width":600,"height":417},"primaryImageOfPage":{"@id":"https:\/\/anoticiaonline.com.br\/site\/carro-cai-em-corrego-no-divisorio-e-trabalhador-rural-morre-afogado\/#mainImage"},"datePublished":"2016-10-26T10:42:23-03:00","dateModified":"2016-10-26T10:42:23-03:00"},{"@type":"WebSite","@id":"https:\/\/anoticiaonline.com.br\/site\/#website","url":"https:\/\/anoticiaonline.com.br\/site\/","name":"A Not\u00edcia Online","description":"Noticias de Muria\u00e9 e regi\u00e3o","inLanguage":"pt-BR","publisher":{"@id":"https:\/\/anoticiaonline.com.br\/site\/#organization"}}]},"og:locale":"pt_BR","og:site_name":"A Not\u00edcia Online - Noticias de Muria\u00e9 e regi\u00e3o","og:type":"article","og:title":"Carro cai em c\u00f3rrego no Divis\u00f3rio e trabalhador rural morre afogado - A Not\u00edcia Online","og:description":"Um trabalhador rural de 46 anos morreu ap\u00f3s o carro que conduzia cair em um ribeir\u00e3o \u00e0s margens de uma estrada de terra na Zona Rural da comunidade do Divis\u00f3rio. Marco Ant\u00f4nio dos Santos acabou morrendo afogado. O ve\u00edculo foi visto dentro do c\u00f3rrego na manh\u00e3 de quarta-feira (26) por pessoas que passavam pelo local.","og:url":"https:\/\/anoticiaonline.com.br\/site\/carro-cai-em-corrego-no-divisorio-e-trabalhador-rural-morre-afogado\/","og:image":"https:\/\/scontent-gig4-1.xx.fbcdn.net\/v\/t39.30808-1\/270437624_4564083193639691_6907940295614233970_n.jpg?stp=dst-jpg_s200x200_tt6&#038;_nc_cat=111&#038;ccb=1-7&#038;_nc_sid=f907e8&#038;_nc_ohc=SM1wRlP3lJwQ7kNvwEPuBYA&#038;_nc_oc=AdnqrjDN_BNjSSHWO-GbkIWH6fkGMLw4bqvL_NH6e2wMveX7G-rP2dAqsDSq1mJMOaY&#038;_nc_zt=24&#038;_nc_ht=scontent-gig4-1.xx&#038;_nc_gid=AoBFJeGrT1hVaew_6rchkQ&#038;oh=00_AfX7QmFGhQhG2jAllVgXCiM1ZrWgvtp80-Bfppyexh1QEg&#038;oe=689E923C","og:image:secure_url":"https:\/\/scontent-gig4-1.xx.fbcdn.net\/v\/t39.30808-1\/270437624_4564083193639691_6907940295614233970_n.jpg?stp=dst-jpg_s200x200_tt6&#038;_nc_cat=111&#038;ccb=1-7&#038;_nc_sid=f907e8&#038;_nc_ohc=SM1wRlP3lJwQ7kNvwEPuBYA&#038;_nc_oc=AdnqrjDN_BNjSSHWO-GbkIWH6fkGMLw4bqvL_NH6e2wMveX7G-rP2dAqsDSq1mJMOaY&#038;_nc_zt=24&#038;_nc_ht=scontent-gig4-1.xx&#038;_nc_gid=AoBFJeGrT1hVaew_6rchkQ&#038;oh=00_AfX7QmFGhQhG2jAllVgXCiM1ZrWgvtp80-Bfppyexh1QEg&#038;oe=689E923C","article:published_time":"2016-10-26T13:42:23+00:00","article:modified_time":"2016-10-26T13:42:23+00:00","twitter:card":"summary_large_image","twitter:title":"Carro cai em c\u00f3rrego no Divis\u00f3rio e trabalhador rural morre afogado - A Not\u00edcia Online","twitter:description":"Um trabalhador rural de 46 anos morreu ap\u00f3s o carro que conduzia cair em um ribeir\u00e3o \u00e0s margens de uma estrada de terra na Zona Rural da comunidade do Divis\u00f3rio. Marco Ant\u00f4nio dos Santos acabou morrendo afogado. O ve\u00edculo foi visto dentro do c\u00f3rrego na manh\u00e3 de quarta-feira (26) por pessoas que passavam pelo local.","twitter:image":"https:\/\/scontent-gig4-1.xx.fbcdn.net\/v\/t39.30808-1\/270437624_4564083193639691_6907940295614233970_n.jpg?stp=dst-jpg_s200x200_tt6&_nc_cat=111&ccb=1-7&_nc_sid=f907e8&_nc_ohc=SM1wRlP3lJwQ7kNvwEPuBYA&_nc_oc=AdnqrjDN_BNjSSHWO-GbkIWH6fkGMLw4bqvL_NH6e2wMveX7G-rP2dAqsDSq1mJMOaY&_nc_zt=24&_nc_ht=scontent-gig4-1.xx&_nc_gid=AoBFJeGrT1hVaew_6rchkQ&oh=00_AfX7QmFGhQhG2jAllVgXCiM1ZrWgvtp80-Bfppyexh1QEg&oe=689E923C"},"aioseo_meta_data":{"post_id":"21010","title":null,"description":null,"keywords":null,"keyphrases":null,"primary_term":null,"canonical_url":null,"og_title":null,"og_description":null,"og_object_type":"default","og_image_type":"default","og_image_url":null,"og_image_width":null,"og_image_height":null,"og_image_custom_url":null,"og_image_custom_fields":null,"og_video":null,"og_custom_url":null,"og_article_section":null,"og_article_tags":null,"twitter_use_og":false,"twitter_card":"default","twitter_image_type":"default","twitter_image_url":null,"twitter_image_custom_url":null,"twitter_image_custom_fields":null,"twitter_title":null,"twitter_description":null,"schema":{"blockGraphs":[],"customGraphs":[],"default":{"data":{"Article":[],"Course":[],"Dataset":[],"FAQPage":[],"Movie":[],"Person":[],"Product":[],"ProductReview":[],"Car":[],"Recipe":[],"Service":[],"SoftwareApplication":[],"WebPage":[]},"graphName":"","isEnabled":true},"graphs":[]},"schema_type":"default","schema_type_options":null,"pillar_content":false,"robots_default":true,"robots_noindex":false,"robots_noarchive":false,"robots_nosnippet":false,"robots_nofollow":false,"robots_noimageindex":false,"robots_noodp":false,"robots_notranslate":false,"robots_max_snippet":null,"robots_max_videopreview":null,"robots_max_imagepreview":"large","priority":null,"frequency":null,"local_seo":null,"breadcrumb_settings":null,"limit_modified_date":false,"ai":null,"created":"2025-08-16 17:03:31","updated":"2025-08-16 17:03:31","focus_keyword":null,"additional_keywords":null,"truseo_locale":null,"seo_analyzer_scan_date":null},"aioseo_breadcrumb":"<div class=\"aioseo-breadcrumbs\"><span class=\"aioseo-breadcrumb\">\n\t\t\t<a href=\"https:\/\/anoticiaonline.com.br\/site\" title=\"Home\">Home<\/a>\n\t\t<\/span><span class=\"aioseo-breadcrumb-separator\">&raquo;<\/span><span class=\"aioseo-breadcrumb\">\n\t\t\t<a href=\"https:\/\/anoticiaonline.com.br\/site\/categoria\/muriae\/\" title=\"Blog\">Blog<\/a>\n\t\t<\/span><span class=\"aioseo-breadcrumb-separator\">&raquo;<\/span><span class=\"aioseo-breadcrumb\">\n\t\t\tCarro cai em c\u00f3rrego no Divis\u00f3rio e trabalhador rural morre afogado\n\t\t<\/span><\/div>","aioseo_breadcrumb_json":[{"label":"Home","link":"https:\/\/anoticiaonline.com.br\/site"},{"label":"Blog","link":"https:\/\/anoticiaonline.com.br\/site\/categoria\/muriae\/"},{"label":"Carro cai em c\u00f3rrego no Divis\u00f3rio e trabalhador rural morre afogado","link":"https:\/\/anoticiaonline.com.br\/site\/carro-cai-em-corrego-no-divisorio-e-trabalhador-rural-morre-afogado\/"}],"views":157,"_links":{"self":[{"href":"https:\/\/anoticiaonline.com.br\/site\/wp-json\/wp\/v2\/posts\/21010","targetHints":{"allow":["GET"]}}],"collection":[{"href":"https:\/\/anoticiaonline.com.br\/site\/wp-json\/wp\/v2\/posts"}],"about":[{"href":"https:\/\/anoticiaonline.com.br\/site\/wp-json\/wp\/v2\/types\/post"}],"author":[{"embeddable":true,"href":"https:\/\/anoticiaonline.com.br\/site\/wp-json\/wp\/v2\/users\/2"}],"replies":[{"embeddable":true,"href":"https:\/\/anoticiaonline.com.br\/site\/wp-json\/wp\/v2\/comments?post=21010"}],"version-history":[{"count":0,"href":"https:\/\/anoticiaonline.com.br\/site\/wp-json\/wp\/v2\/posts\/21010\/revisions"}],"wp:featuredmedia":[{"embeddable":true,"href":"https:\/\/anoticiaonline.com.br\/site\/wp-json\/wp\/v2\/media\/21011"}],"wp:attachment":[{"href":"https:\/\/anoticiaonline.com.br\/site\/wp-json\/wp\/v2\/media?parent=21010"}],"wp:term":[{"taxonomy":"category","embeddable":true,"href":"https:\/\/anoticiaonline.com.br\/site\/wp-json\/wp\/v2\/categories?post=21010"},{"taxonomy":"post_tag","embeddable":true,"href":"https:\/\/anoticiaonline.com.br\/site\/wp-json\/wp\/v2\/tags?post=21010"}],"curies":[{"name":"wp","href":"https:\/\/api.w.org\/{rel}","templated":true}]}}