{"id":20848,"date":"2016-10-20T21:49:16","date_gmt":"2016-10-21T00:49:16","guid":{"rendered":"http:\/\/anoticiaonline.com.br\/site\/?p=20848"},"modified":"2016-10-20T21:49:16","modified_gmt":"2016-10-21T00:49:16","slug":"associacao-dos-arquitetos-e-criada-em-muriae","status":"publish","type":"post","link":"https:\/\/anoticiaonline.com.br\/site\/associacao-dos-arquitetos-e-criada-em-muriae\/","title":{"rendered":"Associa\u00e7\u00e3o dos Arquitetos \u00e9 criada em Muria\u00e9"},"content":{"rendered":"<p><a href=\"https:\/\/anoticiaonline.com.br\/site\/wp-content\/uploads\/2016\/10\/aequitetos.jpg\"><img fetchpriority=\"high\" decoding=\"async\" class=\" size-medium wp-image-20849 alignleft\" src=\"https:\/\/anoticiaonline.com.br\/site\/wp-content\/uploads\/2016\/10\/aequitetos-300x200.jpg\" alt=\"aequitetos\" width=\"300\" height=\"200\" srcset=\"https:\/\/anoticiaonline.com.br\/site\/wp-content\/uploads\/2016\/10\/aequitetos-300x200.jpg 300w, https:\/\/anoticiaonline.com.br\/site\/wp-content\/uploads\/2016\/10\/aequitetos.jpg 600w\" sizes=\"(max-width: 300px) 100vw, 300px\" \/><\/a>Muria\u00e9 e regi\u00e3o contam agora com uma associa\u00e7\u00e3o da categoria. Criada durante Assembleia Geral realizada na tarde de ter\u00e7a-feira (18), no Teatro Zaccaria Marques, a Associa\u00e7\u00e3o dos Arquitetos e Urbanistas da Microrregi\u00e3o de Muria\u00e9 (AAUMM), uma entidade associativa de natureza jur\u00eddica privada, sem fins lucrativos, foi constitui\u0301da para fins de estudo, coordena\u00e7a\u0303o e prote\u00e7\u00e3o desta categoria profissional.<\/p>\n<p>Durante o evento, que reuniu arquitetos e urbanistas da cidade e regi\u00e3o, foi realizada uma introdu\u00e7\u00e3o sobre os objetivos e o funcionamento da associa\u00e7\u00e3o de classe, seguida pela leitura e aprova\u00e7\u00e3o do Estatuto Social da entidade e elei\u00e7\u00e3o de seus diretores para o per\u00edodo 2017-2019.<\/p>\n<p>Para o Conselho Diretor foram escolhidos os arquitetos F\u00e1bio Almeida Vieira (presidente), Cristiney Frank Oliveira Cardoso (vice-presidente), Frederico de Melo Machado (secret\u00e1rio-geral), Vantuil Louren\u00e7o J\u00fanior (1\u00ba secret\u00e1rio) e as arquitetas Regina Coeli Gouveia Varella (diretora administrativo-financeiro) e Fl\u00e1via de Mello Neves (vice-diretora administrativo-financeiro).<\/p>\n<p>Para o Conselho Fiscal, os eleitos foram as arquitetas L\u00edvia Maria de Souza Almeida Coura (1\u00aa conselheira fiscal) e Samara Laviola Pedrosa (2\u00aa conselheiro fiscal) e o arquiteto Mateus Alexandre Otoni Borges (3\u00ba conselheiro fiscal).<\/p>\n<p>No final da assembleia, o presidente agradeceu, em nome de todos os eleitos, a confian\u00e7a depositada pelos associados nesta chapa e apresentou um plano de a\u00e7\u00f5es para esta gest\u00e3o. &#8220;Esta associa\u00e7\u00e3o tem por finalidade n\u00e3o s\u00f3 reunir os profissionais em defesa dos interesses da classe, mas tamb\u00e9m de apresentar para todos a contribui\u00e7\u00e3o destes profissionais para a constru\u00e7\u00e3o de um futuro melhor para as cidades. Os arquitetos e urbanistas possuem uma forma\u00e7\u00e3o generalista que permite que atuem em diversas \u00e1reas, desde o projeto e edifica\u00e7\u00e3o de im\u00f3veis at\u00e9 o planejamento urbano. Muitas pessoas n\u00e3o conhecem o nosso trabalho e a associa\u00e7\u00e3o surge com a miss\u00e3o de desenvolver a\u00e7\u00f5es que busquem valorizar a profiss\u00e3o do arquiteto e urbanista perante a sociedade&#8221;, diz.<\/p>\n<p>Vale lembrar que os profissionais que ainda n\u00e3o se associaram poder\u00e3o faz\u00ea-lo em breve, ap\u00f3s a formaliza\u00e7\u00e3o do registro da AAUMM. &#8220;Ap\u00f3s este per\u00edodo inicial de funda\u00e7\u00e3o da associa\u00e7\u00e3o, os profissionais e estudantes de Arquitetura e Urbanismo poder\u00e3o se filiar como s\u00f3cios titulares e s\u00f3cios aspirantes, respectivamente. A for\u00e7a de nossa associa\u00e7\u00e3o vir\u00e1 com a participa\u00e7\u00e3o de todos. Juntos podemos mais!&#8221;, conclui o presidente.<\/p>\n<p><strong>RELA\u00c7\u00c3O DOS ARQUITETOS E URBANISTAS S\u00d3CIOS TITULARES FUNDADORES DA AAUMM:<\/strong><\/p>\n<p>Arthur Hastenreiter Costa Dornelas<br \/>\nCristiney Frank Oliveira Cardoso<br \/>\nEvandro Melato<br \/>\nF\u00e1bio Almeida Vieira<br \/>\nFabr\u00edcio Gabetto Pompei<br \/>\nFl\u00e1via de Mello Neves<br \/>\nFrederico de Melo Machado<br \/>\nGuilherme Eust\u00e1quio Dornelas Cavalhier<br \/>\nGuilherme Marques do Amaral<br \/>\nHelder Vidon Bruno<br \/>\nHor\u00e1cio Tel\u00eamaco Pompei<br \/>\nJ\u00falio C\u00e9sar de Andrade Ribeiro<br \/>\nL\u00edvia Maria de Souza Almeida Coura<br \/>\nMaria Aparecida Muruci Monteiro<br \/>\nMariah Freitas e Menezes<br \/>\nMateus Alexandre Otoni Borges<br \/>\nPabr\u00edcio Amaral de Carvalho<br \/>\nRegina Coeli Gouveia Varella<br \/>\nSamara Laviola Pedrosa<br \/>\nVantuil Louren\u00e7o J\u00fanior<\/p>\n","protected":false},"excerpt":{"rendered":"<p>Muria\u00e9 e regi\u00e3o contam agora com uma associa\u00e7\u00e3o da categoria. Criada durante Assembleia Geral realizada na tarde de ter\u00e7a-feira (18), no Teatro Zaccaria Marques, a Associa\u00e7\u00e3o dos Arquitetos e Urbanistas da Microrregi\u00e3o de Muria\u00e9 (AAUMM), uma entidade associativa de natureza jur\u00eddica privada, sem fins lucrativos, foi constitui\u0301da para fins de estudo, coordena\u00e7a\u0303o e prote\u00e7\u00e3o desta &#8230; <a title=\"Associa\u00e7\u00e3o dos Arquitetos \u00e9 criada em Muria\u00e9\" class=\"read-more\" href=\"https:\/\/anoticiaonline.com.br\/site\/associacao-dos-arquitetos-e-criada-em-muriae\/\" aria-label=\"Read more about Associa\u00e7\u00e3o dos Arquitetos \u00e9 criada em Muria\u00e9\">Ler mais<\/a><\/p>\n","protected":false},"author":2,"featured_media":20849,"comment_status":"open","ping_status":"open","sticky":false,"template":"","format":"standard","meta":{"_acf_changed":false,"_monsterinsights_skip_tracking":false,"footnotes":""},"categories":[30],"tags":[3],"class_list":["post-20848","post","type-post","status-publish","format-standard","has-post-thumbnail","hentry","category-muriae","tag-slide"],"acf":[],"aioseo_notices":[],"aioseo_head":"\n\t\t<!-- All in One SEO 5.0.0.1 - aioseo.com -->\n\t<meta name=\"description\" content=\"Muria\u00e9 e regi\u00e3o contam agora com uma associa\u00e7\u00e3o da categoria. Criada durante Assembleia Geral realizada na tarde de ter\u00e7a-feira (18), no Teatro Zaccaria Marques, a Associa\u00e7\u00e3o dos Arquitetos e Urbanistas da Microrregi\u00e3o de Muria\u00e9 (AAUMM), uma entidade associativa de natureza jur\u00eddica privada, sem fins lucrativos, foi constitui\u0301da para fins de estudo, coordena\u00e7a\u0303o e prote\u00e7\u00e3o desta\" \/>\n\t<meta name=\"robots\" content=\"max-image-preview:large\" \/>\n\t<meta name=\"author\" content=\"Juliana Laviola\"\/>\n\t<link rel=\"canonical\" href=\"https:\/\/anoticiaonline.com.br\/site\/associacao-dos-arquitetos-e-criada-em-muriae\/\" \/>\n\t<meta name=\"generator\" content=\"All in One SEO (AIOSEO) 5.0.0.1\" \/>\n\t\t<meta property=\"og:locale\" content=\"pt_BR\" \/>\n\t\t<meta property=\"og:site_name\" content=\"A Not\u00edcia Online - Noticias de Muria\u00e9 e regi\u00e3o\" \/>\n\t\t<meta property=\"og:type\" content=\"article\" \/>\n\t\t<meta property=\"og:title\" content=\"Associa\u00e7\u00e3o dos Arquitetos \u00e9 criada em Muria\u00e9 - A Not\u00edcia Online\" \/>\n\t\t<meta property=\"og:description\" content=\"Muria\u00e9 e regi\u00e3o contam agora com uma associa\u00e7\u00e3o da categoria. Criada durante Assembleia Geral realizada na tarde de ter\u00e7a-feira (18), no Teatro Zaccaria Marques, a Associa\u00e7\u00e3o dos Arquitetos e Urbanistas da Microrregi\u00e3o de Muria\u00e9 (AAUMM), uma entidade associativa de natureza jur\u00eddica privada, sem fins lucrativos, foi constitui\u0301da para fins de estudo, coordena\u00e7a\u0303o e prote\u00e7\u00e3o desta\" \/>\n\t\t<meta property=\"og:url\" content=\"https:\/\/anoticiaonline.com.br\/site\/associacao-dos-arquitetos-e-criada-em-muriae\/\" \/>\n\t\t<meta property=\"og:image\" content=\"https:\/\/scontent-gig4-1.xx.fbcdn.net\/v\/t39.30808-1\/270437624_4564083193639691_6907940295614233970_n.jpg?stp=dst-jpg_s200x200_tt6&#038;_nc_cat=111&#038;ccb=1-7&#038;_nc_sid=f907e8&#038;_nc_ohc=SM1wRlP3lJwQ7kNvwEPuBYA&#038;_nc_oc=AdnqrjDN_BNjSSHWO-GbkIWH6fkGMLw4bqvL_NH6e2wMveX7G-rP2dAqsDSq1mJMOaY&#038;_nc_zt=24&#038;_nc_ht=scontent-gig4-1.xx&#038;_nc_gid=AoBFJeGrT1hVaew_6rchkQ&#038;oh=00_AfX7QmFGhQhG2jAllVgXCiM1ZrWgvtp80-Bfppyexh1QEg&#038;oe=689E923C\" \/>\n\t\t<meta property=\"og:image:secure_url\" content=\"https:\/\/scontent-gig4-1.xx.fbcdn.net\/v\/t39.30808-1\/270437624_4564083193639691_6907940295614233970_n.jpg?stp=dst-jpg_s200x200_tt6&#038;_nc_cat=111&#038;ccb=1-7&#038;_nc_sid=f907e8&#038;_nc_ohc=SM1wRlP3lJwQ7kNvwEPuBYA&#038;_nc_oc=AdnqrjDN_BNjSSHWO-GbkIWH6fkGMLw4bqvL_NH6e2wMveX7G-rP2dAqsDSq1mJMOaY&#038;_nc_zt=24&#038;_nc_ht=scontent-gig4-1.xx&#038;_nc_gid=AoBFJeGrT1hVaew_6rchkQ&#038;oh=00_AfX7QmFGhQhG2jAllVgXCiM1ZrWgvtp80-Bfppyexh1QEg&#038;oe=689E923C\" \/>\n\t\t<meta property=\"article:published_time\" content=\"2016-10-21T00:49:16+00:00\" \/>\n\t\t<meta property=\"article:modified_time\" content=\"2016-10-21T00:49:16+00:00\" \/>\n\t\t<meta name=\"twitter:card\" content=\"summary_large_image\" \/>\n\t\t<meta name=\"twitter:title\" content=\"Associa\u00e7\u00e3o dos Arquitetos \u00e9 criada em Muria\u00e9 - A Not\u00edcia Online\" \/>\n\t\t<meta name=\"twitter:description\" content=\"Muria\u00e9 e regi\u00e3o contam agora com uma associa\u00e7\u00e3o da categoria. Criada durante Assembleia Geral realizada na tarde de ter\u00e7a-feira (18), no Teatro Zaccaria Marques, a Associa\u00e7\u00e3o dos Arquitetos e Urbanistas da Microrregi\u00e3o de Muria\u00e9 (AAUMM), uma entidade associativa de natureza jur\u00eddica privada, sem fins lucrativos, foi constitui\u0301da para fins de estudo, coordena\u00e7a\u0303o e prote\u00e7\u00e3o desta\" \/>\n\t\t<meta name=\"twitter:image\" content=\"https:\/\/scontent-gig4-1.xx.fbcdn.net\/v\/t39.30808-1\/270437624_4564083193639691_6907940295614233970_n.jpg?stp=dst-jpg_s200x200_tt6&amp;_nc_cat=111&amp;ccb=1-7&amp;_nc_sid=f907e8&amp;_nc_ohc=SM1wRlP3lJwQ7kNvwEPuBYA&amp;_nc_oc=AdnqrjDN_BNjSSHWO-GbkIWH6fkGMLw4bqvL_NH6e2wMveX7G-rP2dAqsDSq1mJMOaY&amp;_nc_zt=24&amp;_nc_ht=scontent-gig4-1.xx&amp;_nc_gid=AoBFJeGrT1hVaew_6rchkQ&amp;oh=00_AfX7QmFGhQhG2jAllVgXCiM1ZrWgvtp80-Bfppyexh1QEg&amp;oe=689E923C\" \/>\n\t\t<script type=\"application\/ld+json\" class=\"aioseo-schema\">\n\t\t\t{\"@context\":\"https:\\\/\\\/schema.org\",\"@graph\":[{\"@type\":\"BlogPosting\",\"@id\":\"https:\\\/\\\/anoticiaonline.com.br\\\/site\\\/associacao-dos-arquitetos-e-criada-em-muriae\\\/#blogposting\",\"name\":\"Associa\\u00e7\\u00e3o dos Arquitetos \\u00e9 criada em Muria\\u00e9 - A Not\\u00edcia Online\",\"headline\":\"Associa\\u00e7\\u00e3o dos Arquitetos \\u00e9 criada em Muria\\u00e9\",\"author\":{\"@id\":\"https:\\\/\\\/anoticiaonline.com.br\\\/site\\\/author\\\/juliana\\\/#author\"},\"publisher\":{\"@id\":\"https:\\\/\\\/anoticiaonline.com.br\\\/site\\\/#organization\"},\"image\":{\"@type\":\"ImageObject\",\"url\":\"https:\\\/\\\/anoticiaonline.com.br\\\/site\\\/wp-content\\\/uploads\\\/2016\\\/10\\\/aequitetos.jpg\",\"width\":600,\"height\":399},\"datePublished\":\"2016-10-20T21:49:16-03:00\",\"dateModified\":\"2016-10-20T21:49:16-03:00\",\"inLanguage\":\"pt-BR\",\"mainEntityOfPage\":{\"@id\":\"https:\\\/\\\/anoticiaonline.com.br\\\/site\\\/associacao-dos-arquitetos-e-criada-em-muriae\\\/#webpage\"},\"isPartOf\":{\"@id\":\"https:\\\/\\\/anoticiaonline.com.br\\\/site\\\/associacao-dos-arquitetos-e-criada-em-muriae\\\/#webpage\"},\"articleSection\":\"Blog, slide\"},{\"@type\":\"BreadcrumbList\",\"@id\":\"https:\\\/\\\/anoticiaonline.com.br\\\/site\\\/associacao-dos-arquitetos-e-criada-em-muriae\\\/#breadcrumblist\",\"itemListElement\":[{\"@type\":\"ListItem\",\"@id\":\"https:\\\/\\\/anoticiaonline.com.br\\\/site#listItem\",\"position\":1,\"name\":\"Home\",\"item\":\"https:\\\/\\\/anoticiaonline.com.br\\\/site\",\"nextItem\":{\"@type\":\"ListItem\",\"@id\":\"https:\\\/\\\/anoticiaonline.com.br\\\/site\\\/categoria\\\/muriae\\\/#listItem\",\"name\":\"Blog\"}},{\"@type\":\"ListItem\",\"@id\":\"https:\\\/\\\/anoticiaonline.com.br\\\/site\\\/categoria\\\/muriae\\\/#listItem\",\"position\":2,\"name\":\"Blog\",\"item\":\"https:\\\/\\\/anoticiaonline.com.br\\\/site\\\/categoria\\\/muriae\\\/\",\"nextItem\":{\"@type\":\"ListItem\",\"@id\":\"https:\\\/\\\/anoticiaonline.com.br\\\/site\\\/associacao-dos-arquitetos-e-criada-em-muriae\\\/#listItem\",\"name\":\"Associa\\u00e7\\u00e3o dos Arquitetos \\u00e9 criada em Muria\\u00e9\"},\"previousItem\":{\"@type\":\"ListItem\",\"@id\":\"https:\\\/\\\/anoticiaonline.com.br\\\/site#listItem\",\"name\":\"Home\"}},{\"@type\":\"ListItem\",\"@id\":\"https:\\\/\\\/anoticiaonline.com.br\\\/site\\\/associacao-dos-arquitetos-e-criada-em-muriae\\\/#listItem\",\"position\":3,\"name\":\"Associa\\u00e7\\u00e3o dos Arquitetos \\u00e9 criada em Muria\\u00e9\",\"previousItem\":{\"@type\":\"ListItem\",\"@id\":\"https:\\\/\\\/anoticiaonline.com.br\\\/site\\\/categoria\\\/muriae\\\/#listItem\",\"name\":\"Blog\"}}]},{\"@type\":\"Organization\",\"@id\":\"https:\\\/\\\/anoticiaonline.com.br\\\/site\\\/#organization\",\"name\":\"A Not\\u00edcia Online\",\"description\":\"Noticias de Muria\\u00e9 e regi\\u00e3o\",\"url\":\"https:\\\/\\\/anoticiaonline.com.br\\\/site\\\/\",\"logo\":{\"@type\":\"ImageObject\",\"url\":\"https:\\\/\\\/scontent-gig4-1.xx.fbcdn.net\\\/v\\\/t39.30808-1\\\/270437624_4564083193639691_6907940295614233970_n.jpg?stp=dst-jpg_s200x200_tt6&_nc_cat=111&ccb=1-7&_nc_sid=f907e8&_nc_ohc=SM1wRlP3lJwQ7kNvwEPuBYA&_nc_oc=AdnqrjDN_BNjSSHWO-GbkIWH6fkGMLw4bqvL_NH6e2wMveX7G-rP2dAqsDSq1mJMOaY&_nc_zt=24&_nc_ht=scontent-gig4-1.xx&_nc_gid=AoBFJeGrT1hVaew_6rchkQ&oh=00_AfX7QmFGhQhG2jAllVgXCiM1ZrWgvtp80-Bfppyexh1QEg&oe=689E923C\",\"@id\":\"https:\\\/\\\/anoticiaonline.com.br\\\/site\\\/associacao-dos-arquitetos-e-criada-em-muriae\\\/#organizationLogo\"},\"image\":{\"@id\":\"https:\\\/\\\/anoticiaonline.com.br\\\/site\\\/associacao-dos-arquitetos-e-criada-em-muriae\\\/#organizationLogo\"}},{\"@type\":\"Person\",\"@id\":\"https:\\\/\\\/anoticiaonline.com.br\\\/site\\\/author\\\/juliana\\\/#author\",\"url\":\"https:\\\/\\\/anoticiaonline.com.br\\\/site\\\/author\\\/juliana\\\/\",\"name\":\"Juliana Laviola\",\"image\":{\"@type\":\"ImageObject\",\"@id\":\"https:\\\/\\\/anoticiaonline.com.br\\\/site\\\/associacao-dos-arquitetos-e-criada-em-muriae\\\/#authorImage\",\"url\":\"https:\\\/\\\/secure.gravatar.com\\\/avatar\\\/b8d45f5c699b100dfaf0e543582f38f38bf94cb7ae3a5e9abf8d891a34773335?s=96&d=mm&r=g\",\"width\":96,\"height\":96,\"caption\":\"Juliana Laviola\"}},{\"@type\":\"WebPage\",\"@id\":\"https:\\\/\\\/anoticiaonline.com.br\\\/site\\\/associacao-dos-arquitetos-e-criada-em-muriae\\\/#webpage\",\"url\":\"https:\\\/\\\/anoticiaonline.com.br\\\/site\\\/associacao-dos-arquitetos-e-criada-em-muriae\\\/\",\"name\":\"Associa\\u00e7\\u00e3o dos Arquitetos \\u00e9 criada em Muria\\u00e9 - A Not\\u00edcia Online\",\"description\":\"Muria\\u00e9 e regi\\u00e3o contam agora com uma associa\\u00e7\\u00e3o da categoria. Criada durante Assembleia Geral realizada na tarde de ter\\u00e7a-feira (18), no Teatro Zaccaria Marques, a Associa\\u00e7\\u00e3o dos Arquitetos e Urbanistas da Microrregi\\u00e3o de Muria\\u00e9 (AAUMM), uma entidade associativa de natureza jur\\u00eddica privada, sem fins lucrativos, foi constitui\\u0301da para fins de estudo, coordena\\u00e7a\\u0303o e prote\\u00e7\\u00e3o desta\",\"inLanguage\":\"pt-BR\",\"isPartOf\":{\"@id\":\"https:\\\/\\\/anoticiaonline.com.br\\\/site\\\/#website\"},\"breadcrumb\":{\"@id\":\"https:\\\/\\\/anoticiaonline.com.br\\\/site\\\/associacao-dos-arquitetos-e-criada-em-muriae\\\/#breadcrumblist\"},\"author\":{\"@id\":\"https:\\\/\\\/anoticiaonline.com.br\\\/site\\\/author\\\/juliana\\\/#author\"},\"creator\":{\"@id\":\"https:\\\/\\\/anoticiaonline.com.br\\\/site\\\/author\\\/juliana\\\/#author\"},\"image\":{\"@type\":\"ImageObject\",\"url\":\"https:\\\/\\\/anoticiaonline.com.br\\\/site\\\/wp-content\\\/uploads\\\/2016\\\/10\\\/aequitetos.jpg\",\"@id\":\"https:\\\/\\\/anoticiaonline.com.br\\\/site\\\/associacao-dos-arquitetos-e-criada-em-muriae\\\/#mainImage\",\"width\":600,\"height\":399},\"primaryImageOfPage\":{\"@id\":\"https:\\\/\\\/anoticiaonline.com.br\\\/site\\\/associacao-dos-arquitetos-e-criada-em-muriae\\\/#mainImage\"},\"datePublished\":\"2016-10-20T21:49:16-03:00\",\"dateModified\":\"2016-10-20T21:49:16-03:00\"},{\"@type\":\"WebSite\",\"@id\":\"https:\\\/\\\/anoticiaonline.com.br\\\/site\\\/#website\",\"url\":\"https:\\\/\\\/anoticiaonline.com.br\\\/site\\\/\",\"name\":\"A Not\\u00edcia Online\",\"description\":\"Noticias de Muria\\u00e9 e regi\\u00e3o\",\"inLanguage\":\"pt-BR\",\"publisher\":{\"@id\":\"https:\\\/\\\/anoticiaonline.com.br\\\/site\\\/#organization\"}}]}\n\t\t<\/script>\n\t\t<!-- All in One SEO -->\n\n","aioseo_head_json":{"title":"Associa\u00e7\u00e3o dos Arquitetos \u00e9 criada em Muria\u00e9 - A Not\u00edcia Online","description":"Muria\u00e9 e regi\u00e3o contam agora com uma associa\u00e7\u00e3o da categoria. Criada durante Assembleia Geral realizada na tarde de ter\u00e7a-feira (18), no Teatro Zaccaria Marques, a Associa\u00e7\u00e3o dos Arquitetos e Urbanistas da Microrregi\u00e3o de Muria\u00e9 (AAUMM), uma entidade associativa de natureza jur\u00eddica privada, sem fins lucrativos, foi constitui\u0301da para fins de estudo, coordena\u00e7a\u0303o e prote\u00e7\u00e3o desta","canonical_url":"https:\/\/anoticiaonline.com.br\/site\/associacao-dos-arquitetos-e-criada-em-muriae\/","robots":"max-image-preview:large","keywords":"","webmasterTools":{"miscellaneous":""},"schema":{"@context":"https:\/\/schema.org","@graph":[{"@type":"BlogPosting","@id":"https:\/\/anoticiaonline.com.br\/site\/associacao-dos-arquitetos-e-criada-em-muriae\/#blogposting","name":"Associa\u00e7\u00e3o dos Arquitetos \u00e9 criada em Muria\u00e9 - A Not\u00edcia Online","headline":"Associa\u00e7\u00e3o dos Arquitetos \u00e9 criada em Muria\u00e9","author":{"@id":"https:\/\/anoticiaonline.com.br\/site\/author\/juliana\/#author"},"publisher":{"@id":"https:\/\/anoticiaonline.com.br\/site\/#organization"},"image":{"@type":"ImageObject","url":"https:\/\/anoticiaonline.com.br\/site\/wp-content\/uploads\/2016\/10\/aequitetos.jpg","width":600,"height":399},"datePublished":"2016-10-20T21:49:16-03:00","dateModified":"2016-10-20T21:49:16-03:00","inLanguage":"pt-BR","mainEntityOfPage":{"@id":"https:\/\/anoticiaonline.com.br\/site\/associacao-dos-arquitetos-e-criada-em-muriae\/#webpage"},"isPartOf":{"@id":"https:\/\/anoticiaonline.com.br\/site\/associacao-dos-arquitetos-e-criada-em-muriae\/#webpage"},"articleSection":"Blog, slide"},{"@type":"BreadcrumbList","@id":"https:\/\/anoticiaonline.com.br\/site\/associacao-dos-arquitetos-e-criada-em-muriae\/#breadcrumblist","itemListElement":[{"@type":"ListItem","@id":"https:\/\/anoticiaonline.com.br\/site#listItem","position":1,"name":"Home","item":"https:\/\/anoticiaonline.com.br\/site","nextItem":{"@type":"ListItem","@id":"https:\/\/anoticiaonline.com.br\/site\/categoria\/muriae\/#listItem","name":"Blog"}},{"@type":"ListItem","@id":"https:\/\/anoticiaonline.com.br\/site\/categoria\/muriae\/#listItem","position":2,"name":"Blog","item":"https:\/\/anoticiaonline.com.br\/site\/categoria\/muriae\/","nextItem":{"@type":"ListItem","@id":"https:\/\/anoticiaonline.com.br\/site\/associacao-dos-arquitetos-e-criada-em-muriae\/#listItem","name":"Associa\u00e7\u00e3o dos Arquitetos \u00e9 criada em Muria\u00e9"},"previousItem":{"@type":"ListItem","@id":"https:\/\/anoticiaonline.com.br\/site#listItem","name":"Home"}},{"@type":"ListItem","@id":"https:\/\/anoticiaonline.com.br\/site\/associacao-dos-arquitetos-e-criada-em-muriae\/#listItem","position":3,"name":"Associa\u00e7\u00e3o dos Arquitetos \u00e9 criada em Muria\u00e9","previousItem":{"@type":"ListItem","@id":"https:\/\/anoticiaonline.com.br\/site\/categoria\/muriae\/#listItem","name":"Blog"}}]},{"@type":"Organization","@id":"https:\/\/anoticiaonline.com.br\/site\/#organization","name":"A Not\u00edcia Online","description":"Noticias de Muria\u00e9 e regi\u00e3o","url":"https:\/\/anoticiaonline.com.br\/site\/","logo":{"@type":"ImageObject","url":"https:\/\/scontent-gig4-1.xx.fbcdn.net\/v\/t39.30808-1\/270437624_4564083193639691_6907940295614233970_n.jpg?stp=dst-jpg_s200x200_tt6&_nc_cat=111&ccb=1-7&_nc_sid=f907e8&_nc_ohc=SM1wRlP3lJwQ7kNvwEPuBYA&_nc_oc=AdnqrjDN_BNjSSHWO-GbkIWH6fkGMLw4bqvL_NH6e2wMveX7G-rP2dAqsDSq1mJMOaY&_nc_zt=24&_nc_ht=scontent-gig4-1.xx&_nc_gid=AoBFJeGrT1hVaew_6rchkQ&oh=00_AfX7QmFGhQhG2jAllVgXCiM1ZrWgvtp80-Bfppyexh1QEg&oe=689E923C","@id":"https:\/\/anoticiaonline.com.br\/site\/associacao-dos-arquitetos-e-criada-em-muriae\/#organizationLogo"},"image":{"@id":"https:\/\/anoticiaonline.com.br\/site\/associacao-dos-arquitetos-e-criada-em-muriae\/#organizationLogo"}},{"@type":"Person","@id":"https:\/\/anoticiaonline.com.br\/site\/author\/juliana\/#author","url":"https:\/\/anoticiaonline.com.br\/site\/author\/juliana\/","name":"Juliana Laviola","image":{"@type":"ImageObject","@id":"https:\/\/anoticiaonline.com.br\/site\/associacao-dos-arquitetos-e-criada-em-muriae\/#authorImage","url":"https:\/\/secure.gravatar.com\/avatar\/b8d45f5c699b100dfaf0e543582f38f38bf94cb7ae3a5e9abf8d891a34773335?s=96&d=mm&r=g","width":96,"height":96,"caption":"Juliana Laviola"}},{"@type":"WebPage","@id":"https:\/\/anoticiaonline.com.br\/site\/associacao-dos-arquitetos-e-criada-em-muriae\/#webpage","url":"https:\/\/anoticiaonline.com.br\/site\/associacao-dos-arquitetos-e-criada-em-muriae\/","name":"Associa\u00e7\u00e3o dos Arquitetos \u00e9 criada em Muria\u00e9 - A Not\u00edcia Online","description":"Muria\u00e9 e regi\u00e3o contam agora com uma associa\u00e7\u00e3o da categoria. Criada durante Assembleia Geral realizada na tarde de ter\u00e7a-feira (18), no Teatro Zaccaria Marques, a Associa\u00e7\u00e3o dos Arquitetos e Urbanistas da Microrregi\u00e3o de Muria\u00e9 (AAUMM), uma entidade associativa de natureza jur\u00eddica privada, sem fins lucrativos, foi constitui\u0301da para fins de estudo, coordena\u00e7a\u0303o e prote\u00e7\u00e3o desta","inLanguage":"pt-BR","isPartOf":{"@id":"https:\/\/anoticiaonline.com.br\/site\/#website"},"breadcrumb":{"@id":"https:\/\/anoticiaonline.com.br\/site\/associacao-dos-arquitetos-e-criada-em-muriae\/#breadcrumblist"},"author":{"@id":"https:\/\/anoticiaonline.com.br\/site\/author\/juliana\/#author"},"creator":{"@id":"https:\/\/anoticiaonline.com.br\/site\/author\/juliana\/#author"},"image":{"@type":"ImageObject","url":"https:\/\/anoticiaonline.com.br\/site\/wp-content\/uploads\/2016\/10\/aequitetos.jpg","@id":"https:\/\/anoticiaonline.com.br\/site\/associacao-dos-arquitetos-e-criada-em-muriae\/#mainImage","width":600,"height":399},"primaryImageOfPage":{"@id":"https:\/\/anoticiaonline.com.br\/site\/associacao-dos-arquitetos-e-criada-em-muriae\/#mainImage"},"datePublished":"2016-10-20T21:49:16-03:00","dateModified":"2016-10-20T21:49:16-03:00"},{"@type":"WebSite","@id":"https:\/\/anoticiaonline.com.br\/site\/#website","url":"https:\/\/anoticiaonline.com.br\/site\/","name":"A Not\u00edcia Online","description":"Noticias de Muria\u00e9 e regi\u00e3o","inLanguage":"pt-BR","publisher":{"@id":"https:\/\/anoticiaonline.com.br\/site\/#organization"}}]},"og:locale":"pt_BR","og:site_name":"A Not\u00edcia Online - Noticias de Muria\u00e9 e regi\u00e3o","og:type":"article","og:title":"Associa\u00e7\u00e3o dos Arquitetos \u00e9 criada em Muria\u00e9 - A Not\u00edcia Online","og:description":"Muria\u00e9 e regi\u00e3o contam agora com uma associa\u00e7\u00e3o da categoria. Criada durante Assembleia Geral realizada na tarde de ter\u00e7a-feira (18), no Teatro Zaccaria Marques, a Associa\u00e7\u00e3o dos Arquitetos e Urbanistas da Microrregi\u00e3o de Muria\u00e9 (AAUMM), uma entidade associativa de natureza jur\u00eddica privada, sem fins lucrativos, foi constitui\u0301da para fins de estudo, coordena\u00e7a\u0303o e prote\u00e7\u00e3o desta","og:url":"https:\/\/anoticiaonline.com.br\/site\/associacao-dos-arquitetos-e-criada-em-muriae\/","og:image":"https:\/\/scontent-gig4-1.xx.fbcdn.net\/v\/t39.30808-1\/270437624_4564083193639691_6907940295614233970_n.jpg?stp=dst-jpg_s200x200_tt6&#038;_nc_cat=111&#038;ccb=1-7&#038;_nc_sid=f907e8&#038;_nc_ohc=SM1wRlP3lJwQ7kNvwEPuBYA&#038;_nc_oc=AdnqrjDN_BNjSSHWO-GbkIWH6fkGMLw4bqvL_NH6e2wMveX7G-rP2dAqsDSq1mJMOaY&#038;_nc_zt=24&#038;_nc_ht=scontent-gig4-1.xx&#038;_nc_gid=AoBFJeGrT1hVaew_6rchkQ&#038;oh=00_AfX7QmFGhQhG2jAllVgXCiM1ZrWgvtp80-Bfppyexh1QEg&#038;oe=689E923C","og:image:secure_url":"https:\/\/scontent-gig4-1.xx.fbcdn.net\/v\/t39.30808-1\/270437624_4564083193639691_6907940295614233970_n.jpg?stp=dst-jpg_s200x200_tt6&#038;_nc_cat=111&#038;ccb=1-7&#038;_nc_sid=f907e8&#038;_nc_ohc=SM1wRlP3lJwQ7kNvwEPuBYA&#038;_nc_oc=AdnqrjDN_BNjSSHWO-GbkIWH6fkGMLw4bqvL_NH6e2wMveX7G-rP2dAqsDSq1mJMOaY&#038;_nc_zt=24&#038;_nc_ht=scontent-gig4-1.xx&#038;_nc_gid=AoBFJeGrT1hVaew_6rchkQ&#038;oh=00_AfX7QmFGhQhG2jAllVgXCiM1ZrWgvtp80-Bfppyexh1QEg&#038;oe=689E923C","article:published_time":"2016-10-21T00:49:16+00:00","article:modified_time":"2016-10-21T00:49:16+00:00","twitter:card":"summary_large_image","twitter:title":"Associa\u00e7\u00e3o dos Arquitetos \u00e9 criada em Muria\u00e9 - A Not\u00edcia Online","twitter:description":"Muria\u00e9 e regi\u00e3o contam agora com uma associa\u00e7\u00e3o da categoria. Criada durante Assembleia Geral realizada na tarde de ter\u00e7a-feira (18), no Teatro Zaccaria Marques, a Associa\u00e7\u00e3o dos Arquitetos e Urbanistas da Microrregi\u00e3o de Muria\u00e9 (AAUMM), uma entidade associativa de natureza jur\u00eddica privada, sem fins lucrativos, foi constitui\u0301da para fins de estudo, coordena\u00e7a\u0303o e prote\u00e7\u00e3o desta","twitter:image":"https:\/\/scontent-gig4-1.xx.fbcdn.net\/v\/t39.30808-1\/270437624_4564083193639691_6907940295614233970_n.jpg?stp=dst-jpg_s200x200_tt6&_nc_cat=111&ccb=1-7&_nc_sid=f907e8&_nc_ohc=SM1wRlP3lJwQ7kNvwEPuBYA&_nc_oc=AdnqrjDN_BNjSSHWO-GbkIWH6fkGMLw4bqvL_NH6e2wMveX7G-rP2dAqsDSq1mJMOaY&_nc_zt=24&_nc_ht=scontent-gig4-1.xx&_nc_gid=AoBFJeGrT1hVaew_6rchkQ&oh=00_AfX7QmFGhQhG2jAllVgXCiM1ZrWgvtp80-Bfppyexh1QEg&oe=689E923C"},"aioseo_meta_data":{"post_id":"20848","title":null,"description":null,"keywords":null,"keyphrases":null,"primary_term":null,"canonical_url":null,"og_title":null,"og_description":null,"og_object_type":"default","og_image_type":"default","og_image_url":null,"og_image_width":null,"og_image_height":null,"og_image_custom_url":null,"og_image_custom_fields":null,"og_video":null,"og_custom_url":null,"og_article_section":null,"og_article_tags":null,"twitter_use_og":false,"twitter_card":"default","twitter_image_type":"default","twitter_image_url":null,"twitter_image_custom_url":null,"twitter_image_custom_fields":null,"twitter_title":null,"twitter_description":null,"schema":{"blockGraphs":[],"customGraphs":[],"default":{"data":{"Article":[],"Course":[],"Dataset":[],"FAQPage":[],"Movie":[],"Person":[],"Product":[],"ProductReview":[],"Car":[],"Recipe":[],"Service":[],"SoftwareApplication":[],"WebPage":[]},"graphName":"","isEnabled":true},"graphs":[]},"schema_type":"default","schema_type_options":null,"pillar_content":false,"robots_default":true,"robots_noindex":false,"robots_noarchive":false,"robots_nosnippet":false,"robots_nofollow":false,"robots_noimageindex":false,"robots_noodp":false,"robots_notranslate":false,"robots_max_snippet":null,"robots_max_videopreview":null,"robots_max_imagepreview":"large","priority":null,"frequency":null,"local_seo":null,"breadcrumb_settings":null,"limit_modified_date":false,"ai":null,"created":"2025-08-16 17:01:25","updated":"2025-08-16 17:01:25","focus_keyword":null,"additional_keywords":null,"truseo_locale":null,"seo_analyzer_scan_date":null},"aioseo_breadcrumb":"<div class=\"aioseo-breadcrumbs\"><span class=\"aioseo-breadcrumb\">\n\t\t\t<a href=\"https:\/\/anoticiaonline.com.br\/site\" title=\"Home\">Home<\/a>\n\t\t<\/span><span class=\"aioseo-breadcrumb-separator\">&raquo;<\/span><span class=\"aioseo-breadcrumb\">\n\t\t\t<a href=\"https:\/\/anoticiaonline.com.br\/site\/categoria\/muriae\/\" title=\"Blog\">Blog<\/a>\n\t\t<\/span><span class=\"aioseo-breadcrumb-separator\">&raquo;<\/span><span class=\"aioseo-breadcrumb\">\n\t\t\tAssocia\u00e7\u00e3o dos Arquitetos \u00e9 criada em Muria\u00e9\n\t\t<\/span><\/div>","aioseo_breadcrumb_json":[{"label":"Home","link":"https:\/\/anoticiaonline.com.br\/site"},{"label":"Blog","link":"https:\/\/anoticiaonline.com.br\/site\/categoria\/muriae\/"},{"label":"Associa\u00e7\u00e3o dos Arquitetos \u00e9 criada em Muria\u00e9","link":"https:\/\/anoticiaonline.com.br\/site\/associacao-dos-arquitetos-e-criada-em-muriae\/"}],"views":191,"_links":{"self":[{"href":"https:\/\/anoticiaonline.com.br\/site\/wp-json\/wp\/v2\/posts\/20848","targetHints":{"allow":["GET"]}}],"collection":[{"href":"https:\/\/anoticiaonline.com.br\/site\/wp-json\/wp\/v2\/posts"}],"about":[{"href":"https:\/\/anoticiaonline.com.br\/site\/wp-json\/wp\/v2\/types\/post"}],"author":[{"embeddable":true,"href":"https:\/\/anoticiaonline.com.br\/site\/wp-json\/wp\/v2\/users\/2"}],"replies":[{"embeddable":true,"href":"https:\/\/anoticiaonline.com.br\/site\/wp-json\/wp\/v2\/comments?post=20848"}],"version-history":[{"count":0,"href":"https:\/\/anoticiaonline.com.br\/site\/wp-json\/wp\/v2\/posts\/20848\/revisions"}],"wp:featuredmedia":[{"embeddable":true,"href":"https:\/\/anoticiaonline.com.br\/site\/wp-json\/wp\/v2\/media\/20849"}],"wp:attachment":[{"href":"https:\/\/anoticiaonline.com.br\/site\/wp-json\/wp\/v2\/media?parent=20848"}],"wp:term":[{"taxonomy":"category","embeddable":true,"href":"https:\/\/anoticiaonline.com.br\/site\/wp-json\/wp\/v2\/categories?post=20848"},{"taxonomy":"post_tag","embeddable":true,"href":"https:\/\/anoticiaonline.com.br\/site\/wp-json\/wp\/v2\/tags?post=20848"}],"curies":[{"name":"wp","href":"https:\/\/api.w.org\/{rel}","templated":true}]}}