{"id":20712,"date":"2016-10-20T07:22:22","date_gmt":"2016-10-20T10:22:22","guid":{"rendered":"http:\/\/anoticiaonline.com.br\/site\/?p=20712"},"modified":"2016-10-20T07:22:22","modified_gmt":"2016-10-20T10:22:22","slug":"ubuntu-sou-porque-somos-sera-filmado-neste-final-de-semana-em-muriae","status":"publish","type":"post","link":"https:\/\/anoticiaonline.com.br\/site\/ubuntu-sou-porque-somos-sera-filmado-neste-final-de-semana-em-muriae\/","title":{"rendered":"\u201cUbuntu \u2013 Sou porque somos\u201d ser\u00e1 filmado neste final de semana em Muria\u00e9"},"content":{"rendered":"<figure id=\"attachment_20713\" aria-describedby=\"caption-attachment-20713\" style=\"width: 290px\" class=\"wp-caption alignleft\"><a href=\"https:\/\/anoticiaonline.com.br\/site\/wp-content\/uploads\/2016\/10\/\u201cUbuntu-\u2013-Sou-porque-somos\u201d-ser\u00e1-filmado-neste-final-de-semana-em-Muria\u00e9.jpg\"><img fetchpriority=\"high\" decoding=\"async\" class=\"size-medium wp-image-20713\" src=\"https:\/\/anoticiaonline.com.br\/site\/wp-content\/uploads\/2016\/10\/\u201cUbuntu-\u2013-Sou-porque-somos\u201d-ser\u00e1-filmado-neste-final-de-semana-em-Muria\u00e9-300x169.jpg\" alt=\"Escola S\u00e3o Paulo ser\u00e1 o local das filmagens\" width=\"300\" height=\"169\" srcset=\"https:\/\/anoticiaonline.com.br\/site\/wp-content\/uploads\/2016\/10\/\u201cUbuntu-\u2013-Sou-porque-somos\u201d-ser\u00e1-filmado-neste-final-de-semana-em-Muria\u00e9-300x169.jpg 300w, https:\/\/anoticiaonline.com.br\/site\/wp-content\/uploads\/2016\/10\/\u201cUbuntu-\u2013-Sou-porque-somos\u201d-ser\u00e1-filmado-neste-final-de-semana-em-Muria\u00e9.jpg 640w\" sizes=\"(max-width: 300px) 100vw, 300px\" \/><\/a><figcaption id=\"caption-attachment-20713\" class=\"wp-caption-text\">Escola S\u00e3o Paulo ser\u00e1 o local das filmagens<\/figcaption><\/figure>\n<p>\u201cUbuntu \u2013 Sou porque somos\u201d, o mais novo curta-metragem dirigido pelo cineasta Euler Luz, ser\u00e1 filmado neste s\u00e1bado (21) e domingo (22), de 8h \u00e0s 17h na Escola S\u00e3o Paulo.<\/p>\n<p>O curta infantojuvenil conta a hist\u00f3ria da rivalidade entre duas equipes de alunos, que se preparam para um confronto em uma gincana escolar. Para acalmar os \u00e2nimos, um experiente professor realiza um trabalho de conscientiza\u00e7\u00e3o com os alunos, explicando a eles o significado de ubuntu, filosofia africana que v\u00ea o mundo pela \u00f3tica da coletividade: \u201csou quem sou, porque somos todos n\u00f3s&#8221;.<\/p>\n<p>O elenco principal \u00e9 formado por Pietra Almeida, Sabrina Pedrosa, Gil Narrara, C\u00e9lia Couto e Ailton Malta. J\u00e1 a equipe t\u00e9cnica \u00e9 formada por Raphael Phields (dire\u00e7\u00e3o de fotografia), Fernanda de Paula (produ\u00e7\u00e3o e arte), Teresa Cristina Pontes (assistente de dire\u00e7\u00e3o) e Cl\u00f3vis Agostini (som direto).<\/p>\n","protected":false},"excerpt":{"rendered":"<p>\u201cUbuntu \u2013 Sou porque somos\u201d, o mais novo curta-metragem dirigido pelo cineasta Euler Luz, ser\u00e1 filmado neste s\u00e1bado (21) e domingo (22), de 8h \u00e0s 17h na Escola S\u00e3o Paulo. O curta infantojuvenil conta a hist\u00f3ria da rivalidade entre duas equipes de alunos, que se preparam para um confronto em uma gincana escolar. Para acalmar &#8230; <a title=\"\u201cUbuntu \u2013 Sou porque somos\u201d ser\u00e1 filmado neste final de semana em Muria\u00e9\" class=\"read-more\" href=\"https:\/\/anoticiaonline.com.br\/site\/ubuntu-sou-porque-somos-sera-filmado-neste-final-de-semana-em-muriae\/\" aria-label=\"Read more about \u201cUbuntu \u2013 Sou porque somos\u201d ser\u00e1 filmado neste final de semana em Muria\u00e9\">Ler mais<\/a><\/p>\n","protected":false},"author":2,"featured_media":20713,"comment_status":"open","ping_status":"open","sticky":false,"template":"","format":"standard","meta":{"_acf_changed":false,"_monsterinsights_skip_tracking":false,"footnotes":""},"categories":[30],"tags":[3],"class_list":["post-20712","post","type-post","status-publish","format-standard","has-post-thumbnail","hentry","category-muriae","tag-slide"],"acf":[],"aioseo_notices":[],"aioseo_head":"\n\t\t<!-- All in One SEO 5.0.0.1 - aioseo.com -->\n\t<meta name=\"description\" content=\"\u201cUbuntu \u2013 Sou porque somos\u201d, o mais novo curta-metragem dirigido pelo cineasta Euler Luz, ser\u00e1 filmado neste s\u00e1bado (21) e domingo (22), de 8h \u00e0s 17h na Escola S\u00e3o Paulo. O curta infantojuvenil conta a hist\u00f3ria da rivalidade entre duas equipes de alunos, que se preparam para um confronto em uma gincana escolar. Para acalmar\" \/>\n\t<meta name=\"robots\" content=\"max-image-preview:large\" \/>\n\t<meta name=\"author\" content=\"Juliana Laviola\"\/>\n\t<link rel=\"canonical\" href=\"https:\/\/anoticiaonline.com.br\/site\/ubuntu-sou-porque-somos-sera-filmado-neste-final-de-semana-em-muriae\/\" \/>\n\t<meta name=\"generator\" content=\"All in One SEO (AIOSEO) 5.0.0.1\" \/>\n\t\t<meta property=\"og:locale\" content=\"pt_BR\" \/>\n\t\t<meta property=\"og:site_name\" content=\"A Not\u00edcia Online - Noticias de Muria\u00e9 e regi\u00e3o\" \/>\n\t\t<meta property=\"og:type\" content=\"article\" \/>\n\t\t<meta property=\"og:title\" content=\"\u201cUbuntu \u2013 Sou porque somos\u201d ser\u00e1 filmado neste final de semana em Muria\u00e9 - A Not\u00edcia Online\" \/>\n\t\t<meta property=\"og:description\" content=\"\u201cUbuntu \u2013 Sou porque somos\u201d, o mais novo curta-metragem dirigido pelo cineasta Euler Luz, ser\u00e1 filmado neste s\u00e1bado (21) e domingo (22), de 8h \u00e0s 17h na Escola S\u00e3o Paulo. O curta infantojuvenil conta a hist\u00f3ria da rivalidade entre duas equipes de alunos, que se preparam para um confronto em uma gincana escolar. Para acalmar\" \/>\n\t\t<meta property=\"og:url\" content=\"https:\/\/anoticiaonline.com.br\/site\/ubuntu-sou-porque-somos-sera-filmado-neste-final-de-semana-em-muriae\/\" \/>\n\t\t<meta property=\"og:image\" content=\"https:\/\/scontent-gig4-1.xx.fbcdn.net\/v\/t39.30808-1\/270437624_4564083193639691_6907940295614233970_n.jpg?stp=dst-jpg_s200x200_tt6&#038;_nc_cat=111&#038;ccb=1-7&#038;_nc_sid=f907e8&#038;_nc_ohc=SM1wRlP3lJwQ7kNvwEPuBYA&#038;_nc_oc=AdnqrjDN_BNjSSHWO-GbkIWH6fkGMLw4bqvL_NH6e2wMveX7G-rP2dAqsDSq1mJMOaY&#038;_nc_zt=24&#038;_nc_ht=scontent-gig4-1.xx&#038;_nc_gid=AoBFJeGrT1hVaew_6rchkQ&#038;oh=00_AfX7QmFGhQhG2jAllVgXCiM1ZrWgvtp80-Bfppyexh1QEg&#038;oe=689E923C\" \/>\n\t\t<meta property=\"og:image:secure_url\" content=\"https:\/\/scontent-gig4-1.xx.fbcdn.net\/v\/t39.30808-1\/270437624_4564083193639691_6907940295614233970_n.jpg?stp=dst-jpg_s200x200_tt6&#038;_nc_cat=111&#038;ccb=1-7&#038;_nc_sid=f907e8&#038;_nc_ohc=SM1wRlP3lJwQ7kNvwEPuBYA&#038;_nc_oc=AdnqrjDN_BNjSSHWO-GbkIWH6fkGMLw4bqvL_NH6e2wMveX7G-rP2dAqsDSq1mJMOaY&#038;_nc_zt=24&#038;_nc_ht=scontent-gig4-1.xx&#038;_nc_gid=AoBFJeGrT1hVaew_6rchkQ&#038;oh=00_AfX7QmFGhQhG2jAllVgXCiM1ZrWgvtp80-Bfppyexh1QEg&#038;oe=689E923C\" \/>\n\t\t<meta property=\"article:published_time\" content=\"2016-10-20T10:22:22+00:00\" \/>\n\t\t<meta property=\"article:modified_time\" content=\"2016-10-20T10:22:22+00:00\" \/>\n\t\t<meta name=\"twitter:card\" content=\"summary_large_image\" \/>\n\t\t<meta name=\"twitter:title\" content=\"\u201cUbuntu \u2013 Sou porque somos\u201d ser\u00e1 filmado neste final de semana em Muria\u00e9 - A Not\u00edcia Online\" \/>\n\t\t<meta name=\"twitter:description\" content=\"\u201cUbuntu \u2013 Sou porque somos\u201d, o mais novo curta-metragem dirigido pelo cineasta Euler Luz, ser\u00e1 filmado neste s\u00e1bado (21) e domingo (22), de 8h \u00e0s 17h na Escola S\u00e3o Paulo. O curta infantojuvenil conta a hist\u00f3ria da rivalidade entre duas equipes de alunos, que se preparam para um confronto em uma gincana escolar. Para acalmar\" \/>\n\t\t<meta name=\"twitter:image\" content=\"https:\/\/scontent-gig4-1.xx.fbcdn.net\/v\/t39.30808-1\/270437624_4564083193639691_6907940295614233970_n.jpg?stp=dst-jpg_s200x200_tt6&amp;_nc_cat=111&amp;ccb=1-7&amp;_nc_sid=f907e8&amp;_nc_ohc=SM1wRlP3lJwQ7kNvwEPuBYA&amp;_nc_oc=AdnqrjDN_BNjSSHWO-GbkIWH6fkGMLw4bqvL_NH6e2wMveX7G-rP2dAqsDSq1mJMOaY&amp;_nc_zt=24&amp;_nc_ht=scontent-gig4-1.xx&amp;_nc_gid=AoBFJeGrT1hVaew_6rchkQ&amp;oh=00_AfX7QmFGhQhG2jAllVgXCiM1ZrWgvtp80-Bfppyexh1QEg&amp;oe=689E923C\" \/>\n\t\t<script type=\"application\/ld+json\" class=\"aioseo-schema\">\n\t\t\t{\"@context\":\"https:\\\/\\\/schema.org\",\"@graph\":[{\"@type\":\"BlogPosting\",\"@id\":\"https:\\\/\\\/anoticiaonline.com.br\\\/site\\\/ubuntu-sou-porque-somos-sera-filmado-neste-final-de-semana-em-muriae\\\/#blogposting\",\"name\":\"\\u201cUbuntu \\u2013 Sou porque somos\\u201d ser\\u00e1 filmado neste final de semana em Muria\\u00e9 - A Not\\u00edcia Online\",\"headline\":\"\\u201cUbuntu \\u2013 Sou porque somos\\u201d ser\\u00e1 filmado neste final de semana em Muria\\u00e9\",\"author\":{\"@id\":\"https:\\\/\\\/anoticiaonline.com.br\\\/site\\\/author\\\/juliana\\\/#author\"},\"publisher\":{\"@id\":\"https:\\\/\\\/anoticiaonline.com.br\\\/site\\\/#organization\"},\"image\":{\"@type\":\"ImageObject\",\"url\":\"https:\\\/\\\/anoticiaonline.com.br\\\/site\\\/wp-content\\\/uploads\\\/2016\\\/10\\\/\\u201cUbuntu-\\u2013-Sou-porque-somos\\u201d-ser\\u00e1-filmado-neste-final-de-semana-em-Muria\\u00e9.jpg\",\"width\":640,\"height\":360,\"caption\":\"Escola S\\u00e3o Paulo ser\\u00e1 o local das filmagens\"},\"datePublished\":\"2016-10-20T07:22:22-03:00\",\"dateModified\":\"2016-10-20T07:22:22-03:00\",\"inLanguage\":\"pt-BR\",\"mainEntityOfPage\":{\"@id\":\"https:\\\/\\\/anoticiaonline.com.br\\\/site\\\/ubuntu-sou-porque-somos-sera-filmado-neste-final-de-semana-em-muriae\\\/#webpage\"},\"isPartOf\":{\"@id\":\"https:\\\/\\\/anoticiaonline.com.br\\\/site\\\/ubuntu-sou-porque-somos-sera-filmado-neste-final-de-semana-em-muriae\\\/#webpage\"},\"articleSection\":\"Blog, slide\"},{\"@type\":\"BreadcrumbList\",\"@id\":\"https:\\\/\\\/anoticiaonline.com.br\\\/site\\\/ubuntu-sou-porque-somos-sera-filmado-neste-final-de-semana-em-muriae\\\/#breadcrumblist\",\"itemListElement\":[{\"@type\":\"ListItem\",\"@id\":\"https:\\\/\\\/anoticiaonline.com.br\\\/site#listItem\",\"position\":1,\"name\":\"Home\",\"item\":\"https:\\\/\\\/anoticiaonline.com.br\\\/site\",\"nextItem\":{\"@type\":\"ListItem\",\"@id\":\"https:\\\/\\\/anoticiaonline.com.br\\\/site\\\/categoria\\\/muriae\\\/#listItem\",\"name\":\"Blog\"}},{\"@type\":\"ListItem\",\"@id\":\"https:\\\/\\\/anoticiaonline.com.br\\\/site\\\/categoria\\\/muriae\\\/#listItem\",\"position\":2,\"name\":\"Blog\",\"item\":\"https:\\\/\\\/anoticiaonline.com.br\\\/site\\\/categoria\\\/muriae\\\/\",\"nextItem\":{\"@type\":\"ListItem\",\"@id\":\"https:\\\/\\\/anoticiaonline.com.br\\\/site\\\/ubuntu-sou-porque-somos-sera-filmado-neste-final-de-semana-em-muriae\\\/#listItem\",\"name\":\"\\u201cUbuntu \\u2013 Sou porque somos\\u201d ser\\u00e1 filmado neste final de semana em Muria\\u00e9\"},\"previousItem\":{\"@type\":\"ListItem\",\"@id\":\"https:\\\/\\\/anoticiaonline.com.br\\\/site#listItem\",\"name\":\"Home\"}},{\"@type\":\"ListItem\",\"@id\":\"https:\\\/\\\/anoticiaonline.com.br\\\/site\\\/ubuntu-sou-porque-somos-sera-filmado-neste-final-de-semana-em-muriae\\\/#listItem\",\"position\":3,\"name\":\"\\u201cUbuntu \\u2013 Sou porque somos\\u201d ser\\u00e1 filmado neste final de semana em Muria\\u00e9\",\"previousItem\":{\"@type\":\"ListItem\",\"@id\":\"https:\\\/\\\/anoticiaonline.com.br\\\/site\\\/categoria\\\/muriae\\\/#listItem\",\"name\":\"Blog\"}}]},{\"@type\":\"Organization\",\"@id\":\"https:\\\/\\\/anoticiaonline.com.br\\\/site\\\/#organization\",\"name\":\"A Not\\u00edcia Online\",\"description\":\"Noticias de Muria\\u00e9 e regi\\u00e3o\",\"url\":\"https:\\\/\\\/anoticiaonline.com.br\\\/site\\\/\",\"logo\":{\"@type\":\"ImageObject\",\"url\":\"https:\\\/\\\/scontent-gig4-1.xx.fbcdn.net\\\/v\\\/t39.30808-1\\\/270437624_4564083193639691_6907940295614233970_n.jpg?stp=dst-jpg_s200x200_tt6&_nc_cat=111&ccb=1-7&_nc_sid=f907e8&_nc_ohc=SM1wRlP3lJwQ7kNvwEPuBYA&_nc_oc=AdnqrjDN_BNjSSHWO-GbkIWH6fkGMLw4bqvL_NH6e2wMveX7G-rP2dAqsDSq1mJMOaY&_nc_zt=24&_nc_ht=scontent-gig4-1.xx&_nc_gid=AoBFJeGrT1hVaew_6rchkQ&oh=00_AfX7QmFGhQhG2jAllVgXCiM1ZrWgvtp80-Bfppyexh1QEg&oe=689E923C\",\"@id\":\"https:\\\/\\\/anoticiaonline.com.br\\\/site\\\/ubuntu-sou-porque-somos-sera-filmado-neste-final-de-semana-em-muriae\\\/#organizationLogo\"},\"image\":{\"@id\":\"https:\\\/\\\/anoticiaonline.com.br\\\/site\\\/ubuntu-sou-porque-somos-sera-filmado-neste-final-de-semana-em-muriae\\\/#organizationLogo\"}},{\"@type\":\"Person\",\"@id\":\"https:\\\/\\\/anoticiaonline.com.br\\\/site\\\/author\\\/juliana\\\/#author\",\"url\":\"https:\\\/\\\/anoticiaonline.com.br\\\/site\\\/author\\\/juliana\\\/\",\"name\":\"Juliana Laviola\",\"image\":{\"@type\":\"ImageObject\",\"@id\":\"https:\\\/\\\/anoticiaonline.com.br\\\/site\\\/ubuntu-sou-porque-somos-sera-filmado-neste-final-de-semana-em-muriae\\\/#authorImage\",\"url\":\"https:\\\/\\\/secure.gravatar.com\\\/avatar\\\/b8d45f5c699b100dfaf0e543582f38f38bf94cb7ae3a5e9abf8d891a34773335?s=96&d=mm&r=g\",\"width\":96,\"height\":96,\"caption\":\"Juliana Laviola\"}},{\"@type\":\"WebPage\",\"@id\":\"https:\\\/\\\/anoticiaonline.com.br\\\/site\\\/ubuntu-sou-porque-somos-sera-filmado-neste-final-de-semana-em-muriae\\\/#webpage\",\"url\":\"https:\\\/\\\/anoticiaonline.com.br\\\/site\\\/ubuntu-sou-porque-somos-sera-filmado-neste-final-de-semana-em-muriae\\\/\",\"name\":\"\\u201cUbuntu \\u2013 Sou porque somos\\u201d ser\\u00e1 filmado neste final de semana em Muria\\u00e9 - A Not\\u00edcia Online\",\"description\":\"\\u201cUbuntu \\u2013 Sou porque somos\\u201d, o mais novo curta-metragem dirigido pelo cineasta Euler Luz, ser\\u00e1 filmado neste s\\u00e1bado (21) e domingo (22), de 8h \\u00e0s 17h na Escola S\\u00e3o Paulo. O curta infantojuvenil conta a hist\\u00f3ria da rivalidade entre duas equipes de alunos, que se preparam para um confronto em uma gincana escolar. Para acalmar\",\"inLanguage\":\"pt-BR\",\"isPartOf\":{\"@id\":\"https:\\\/\\\/anoticiaonline.com.br\\\/site\\\/#website\"},\"breadcrumb\":{\"@id\":\"https:\\\/\\\/anoticiaonline.com.br\\\/site\\\/ubuntu-sou-porque-somos-sera-filmado-neste-final-de-semana-em-muriae\\\/#breadcrumblist\"},\"author\":{\"@id\":\"https:\\\/\\\/anoticiaonline.com.br\\\/site\\\/author\\\/juliana\\\/#author\"},\"creator\":{\"@id\":\"https:\\\/\\\/anoticiaonline.com.br\\\/site\\\/author\\\/juliana\\\/#author\"},\"image\":{\"@type\":\"ImageObject\",\"url\":\"https:\\\/\\\/anoticiaonline.com.br\\\/site\\\/wp-content\\\/uploads\\\/2016\\\/10\\\/\\u201cUbuntu-\\u2013-Sou-porque-somos\\u201d-ser\\u00e1-filmado-neste-final-de-semana-em-Muria\\u00e9.jpg\",\"@id\":\"https:\\\/\\\/anoticiaonline.com.br\\\/site\\\/ubuntu-sou-porque-somos-sera-filmado-neste-final-de-semana-em-muriae\\\/#mainImage\",\"width\":640,\"height\":360,\"caption\":\"Escola S\\u00e3o Paulo ser\\u00e1 o local das filmagens\"},\"primaryImageOfPage\":{\"@id\":\"https:\\\/\\\/anoticiaonline.com.br\\\/site\\\/ubuntu-sou-porque-somos-sera-filmado-neste-final-de-semana-em-muriae\\\/#mainImage\"},\"datePublished\":\"2016-10-20T07:22:22-03:00\",\"dateModified\":\"2016-10-20T07:22:22-03:00\"},{\"@type\":\"WebSite\",\"@id\":\"https:\\\/\\\/anoticiaonline.com.br\\\/site\\\/#website\",\"url\":\"https:\\\/\\\/anoticiaonline.com.br\\\/site\\\/\",\"name\":\"A Not\\u00edcia Online\",\"description\":\"Noticias de Muria\\u00e9 e regi\\u00e3o\",\"inLanguage\":\"pt-BR\",\"publisher\":{\"@id\":\"https:\\\/\\\/anoticiaonline.com.br\\\/site\\\/#organization\"}}]}\n\t\t<\/script>\n\t\t<!-- All in One SEO -->\n\n","aioseo_head_json":{"title":"\u201cUbuntu \u2013 Sou porque somos\u201d ser\u00e1 filmado neste final de semana em Muria\u00e9 - A Not\u00edcia Online","description":"\u201cUbuntu \u2013 Sou porque somos\u201d, o mais novo curta-metragem dirigido pelo cineasta Euler Luz, ser\u00e1 filmado neste s\u00e1bado (21) e domingo (22), de 8h \u00e0s 17h na Escola S\u00e3o Paulo. O curta infantojuvenil conta a hist\u00f3ria da rivalidade entre duas equipes de alunos, que se preparam para um confronto em uma gincana escolar. Para acalmar","canonical_url":"https:\/\/anoticiaonline.com.br\/site\/ubuntu-sou-porque-somos-sera-filmado-neste-final-de-semana-em-muriae\/","robots":"max-image-preview:large","keywords":"","webmasterTools":{"miscellaneous":""},"schema":{"@context":"https:\/\/schema.org","@graph":[{"@type":"BlogPosting","@id":"https:\/\/anoticiaonline.com.br\/site\/ubuntu-sou-porque-somos-sera-filmado-neste-final-de-semana-em-muriae\/#blogposting","name":"\u201cUbuntu \u2013 Sou porque somos\u201d ser\u00e1 filmado neste final de semana em Muria\u00e9 - A Not\u00edcia Online","headline":"\u201cUbuntu \u2013 Sou porque somos\u201d ser\u00e1 filmado neste final de semana em Muria\u00e9","author":{"@id":"https:\/\/anoticiaonline.com.br\/site\/author\/juliana\/#author"},"publisher":{"@id":"https:\/\/anoticiaonline.com.br\/site\/#organization"},"image":{"@type":"ImageObject","url":"https:\/\/anoticiaonline.com.br\/site\/wp-content\/uploads\/2016\/10\/\u201cUbuntu-\u2013-Sou-porque-somos\u201d-ser\u00e1-filmado-neste-final-de-semana-em-Muria\u00e9.jpg","width":640,"height":360,"caption":"Escola S\u00e3o Paulo ser\u00e1 o local das filmagens"},"datePublished":"2016-10-20T07:22:22-03:00","dateModified":"2016-10-20T07:22:22-03:00","inLanguage":"pt-BR","mainEntityOfPage":{"@id":"https:\/\/anoticiaonline.com.br\/site\/ubuntu-sou-porque-somos-sera-filmado-neste-final-de-semana-em-muriae\/#webpage"},"isPartOf":{"@id":"https:\/\/anoticiaonline.com.br\/site\/ubuntu-sou-porque-somos-sera-filmado-neste-final-de-semana-em-muriae\/#webpage"},"articleSection":"Blog, slide"},{"@type":"BreadcrumbList","@id":"https:\/\/anoticiaonline.com.br\/site\/ubuntu-sou-porque-somos-sera-filmado-neste-final-de-semana-em-muriae\/#breadcrumblist","itemListElement":[{"@type":"ListItem","@id":"https:\/\/anoticiaonline.com.br\/site#listItem","position":1,"name":"Home","item":"https:\/\/anoticiaonline.com.br\/site","nextItem":{"@type":"ListItem","@id":"https:\/\/anoticiaonline.com.br\/site\/categoria\/muriae\/#listItem","name":"Blog"}},{"@type":"ListItem","@id":"https:\/\/anoticiaonline.com.br\/site\/categoria\/muriae\/#listItem","position":2,"name":"Blog","item":"https:\/\/anoticiaonline.com.br\/site\/categoria\/muriae\/","nextItem":{"@type":"ListItem","@id":"https:\/\/anoticiaonline.com.br\/site\/ubuntu-sou-porque-somos-sera-filmado-neste-final-de-semana-em-muriae\/#listItem","name":"\u201cUbuntu \u2013 Sou porque somos\u201d ser\u00e1 filmado neste final de semana em Muria\u00e9"},"previousItem":{"@type":"ListItem","@id":"https:\/\/anoticiaonline.com.br\/site#listItem","name":"Home"}},{"@type":"ListItem","@id":"https:\/\/anoticiaonline.com.br\/site\/ubuntu-sou-porque-somos-sera-filmado-neste-final-de-semana-em-muriae\/#listItem","position":3,"name":"\u201cUbuntu \u2013 Sou porque somos\u201d ser\u00e1 filmado neste final de semana em Muria\u00e9","previousItem":{"@type":"ListItem","@id":"https:\/\/anoticiaonline.com.br\/site\/categoria\/muriae\/#listItem","name":"Blog"}}]},{"@type":"Organization","@id":"https:\/\/anoticiaonline.com.br\/site\/#organization","name":"A Not\u00edcia Online","description":"Noticias de Muria\u00e9 e regi\u00e3o","url":"https:\/\/anoticiaonline.com.br\/site\/","logo":{"@type":"ImageObject","url":"https:\/\/scontent-gig4-1.xx.fbcdn.net\/v\/t39.30808-1\/270437624_4564083193639691_6907940295614233970_n.jpg?stp=dst-jpg_s200x200_tt6&_nc_cat=111&ccb=1-7&_nc_sid=f907e8&_nc_ohc=SM1wRlP3lJwQ7kNvwEPuBYA&_nc_oc=AdnqrjDN_BNjSSHWO-GbkIWH6fkGMLw4bqvL_NH6e2wMveX7G-rP2dAqsDSq1mJMOaY&_nc_zt=24&_nc_ht=scontent-gig4-1.xx&_nc_gid=AoBFJeGrT1hVaew_6rchkQ&oh=00_AfX7QmFGhQhG2jAllVgXCiM1ZrWgvtp80-Bfppyexh1QEg&oe=689E923C","@id":"https:\/\/anoticiaonline.com.br\/site\/ubuntu-sou-porque-somos-sera-filmado-neste-final-de-semana-em-muriae\/#organizationLogo"},"image":{"@id":"https:\/\/anoticiaonline.com.br\/site\/ubuntu-sou-porque-somos-sera-filmado-neste-final-de-semana-em-muriae\/#organizationLogo"}},{"@type":"Person","@id":"https:\/\/anoticiaonline.com.br\/site\/author\/juliana\/#author","url":"https:\/\/anoticiaonline.com.br\/site\/author\/juliana\/","name":"Juliana Laviola","image":{"@type":"ImageObject","@id":"https:\/\/anoticiaonline.com.br\/site\/ubuntu-sou-porque-somos-sera-filmado-neste-final-de-semana-em-muriae\/#authorImage","url":"https:\/\/secure.gravatar.com\/avatar\/b8d45f5c699b100dfaf0e543582f38f38bf94cb7ae3a5e9abf8d891a34773335?s=96&d=mm&r=g","width":96,"height":96,"caption":"Juliana Laviola"}},{"@type":"WebPage","@id":"https:\/\/anoticiaonline.com.br\/site\/ubuntu-sou-porque-somos-sera-filmado-neste-final-de-semana-em-muriae\/#webpage","url":"https:\/\/anoticiaonline.com.br\/site\/ubuntu-sou-porque-somos-sera-filmado-neste-final-de-semana-em-muriae\/","name":"\u201cUbuntu \u2013 Sou porque somos\u201d ser\u00e1 filmado neste final de semana em Muria\u00e9 - A Not\u00edcia Online","description":"\u201cUbuntu \u2013 Sou porque somos\u201d, o mais novo curta-metragem dirigido pelo cineasta Euler Luz, ser\u00e1 filmado neste s\u00e1bado (21) e domingo (22), de 8h \u00e0s 17h na Escola S\u00e3o Paulo. O curta infantojuvenil conta a hist\u00f3ria da rivalidade entre duas equipes de alunos, que se preparam para um confronto em uma gincana escolar. Para acalmar","inLanguage":"pt-BR","isPartOf":{"@id":"https:\/\/anoticiaonline.com.br\/site\/#website"},"breadcrumb":{"@id":"https:\/\/anoticiaonline.com.br\/site\/ubuntu-sou-porque-somos-sera-filmado-neste-final-de-semana-em-muriae\/#breadcrumblist"},"author":{"@id":"https:\/\/anoticiaonline.com.br\/site\/author\/juliana\/#author"},"creator":{"@id":"https:\/\/anoticiaonline.com.br\/site\/author\/juliana\/#author"},"image":{"@type":"ImageObject","url":"https:\/\/anoticiaonline.com.br\/site\/wp-content\/uploads\/2016\/10\/\u201cUbuntu-\u2013-Sou-porque-somos\u201d-ser\u00e1-filmado-neste-final-de-semana-em-Muria\u00e9.jpg","@id":"https:\/\/anoticiaonline.com.br\/site\/ubuntu-sou-porque-somos-sera-filmado-neste-final-de-semana-em-muriae\/#mainImage","width":640,"height":360,"caption":"Escola S\u00e3o Paulo ser\u00e1 o local das filmagens"},"primaryImageOfPage":{"@id":"https:\/\/anoticiaonline.com.br\/site\/ubuntu-sou-porque-somos-sera-filmado-neste-final-de-semana-em-muriae\/#mainImage"},"datePublished":"2016-10-20T07:22:22-03:00","dateModified":"2016-10-20T07:22:22-03:00"},{"@type":"WebSite","@id":"https:\/\/anoticiaonline.com.br\/site\/#website","url":"https:\/\/anoticiaonline.com.br\/site\/","name":"A Not\u00edcia Online","description":"Noticias de Muria\u00e9 e regi\u00e3o","inLanguage":"pt-BR","publisher":{"@id":"https:\/\/anoticiaonline.com.br\/site\/#organization"}}]},"og:locale":"pt_BR","og:site_name":"A Not\u00edcia Online - Noticias de Muria\u00e9 e regi\u00e3o","og:type":"article","og:title":"\u201cUbuntu \u2013 Sou porque somos\u201d ser\u00e1 filmado neste final de semana em Muria\u00e9 - A Not\u00edcia Online","og:description":"\u201cUbuntu \u2013 Sou porque somos\u201d, o mais novo curta-metragem dirigido pelo cineasta Euler Luz, ser\u00e1 filmado neste s\u00e1bado (21) e domingo (22), de 8h \u00e0s 17h na Escola S\u00e3o Paulo. O curta infantojuvenil conta a hist\u00f3ria da rivalidade entre duas equipes de alunos, que se preparam para um confronto em uma gincana escolar. Para acalmar","og:url":"https:\/\/anoticiaonline.com.br\/site\/ubuntu-sou-porque-somos-sera-filmado-neste-final-de-semana-em-muriae\/","og:image":"https:\/\/scontent-gig4-1.xx.fbcdn.net\/v\/t39.30808-1\/270437624_4564083193639691_6907940295614233970_n.jpg?stp=dst-jpg_s200x200_tt6&#038;_nc_cat=111&#038;ccb=1-7&#038;_nc_sid=f907e8&#038;_nc_ohc=SM1wRlP3lJwQ7kNvwEPuBYA&#038;_nc_oc=AdnqrjDN_BNjSSHWO-GbkIWH6fkGMLw4bqvL_NH6e2wMveX7G-rP2dAqsDSq1mJMOaY&#038;_nc_zt=24&#038;_nc_ht=scontent-gig4-1.xx&#038;_nc_gid=AoBFJeGrT1hVaew_6rchkQ&#038;oh=00_AfX7QmFGhQhG2jAllVgXCiM1ZrWgvtp80-Bfppyexh1QEg&#038;oe=689E923C","og:image:secure_url":"https:\/\/scontent-gig4-1.xx.fbcdn.net\/v\/t39.30808-1\/270437624_4564083193639691_6907940295614233970_n.jpg?stp=dst-jpg_s200x200_tt6&#038;_nc_cat=111&#038;ccb=1-7&#038;_nc_sid=f907e8&#038;_nc_ohc=SM1wRlP3lJwQ7kNvwEPuBYA&#038;_nc_oc=AdnqrjDN_BNjSSHWO-GbkIWH6fkGMLw4bqvL_NH6e2wMveX7G-rP2dAqsDSq1mJMOaY&#038;_nc_zt=24&#038;_nc_ht=scontent-gig4-1.xx&#038;_nc_gid=AoBFJeGrT1hVaew_6rchkQ&#038;oh=00_AfX7QmFGhQhG2jAllVgXCiM1ZrWgvtp80-Bfppyexh1QEg&#038;oe=689E923C","article:published_time":"2016-10-20T10:22:22+00:00","article:modified_time":"2016-10-20T10:22:22+00:00","twitter:card":"summary_large_image","twitter:title":"\u201cUbuntu \u2013 Sou porque somos\u201d ser\u00e1 filmado neste final de semana em Muria\u00e9 - A Not\u00edcia Online","twitter:description":"\u201cUbuntu \u2013 Sou porque somos\u201d, o mais novo curta-metragem dirigido pelo cineasta Euler Luz, ser\u00e1 filmado neste s\u00e1bado (21) e domingo (22), de 8h \u00e0s 17h na Escola S\u00e3o Paulo. O curta infantojuvenil conta a hist\u00f3ria da rivalidade entre duas equipes de alunos, que se preparam para um confronto em uma gincana escolar. Para acalmar","twitter:image":"https:\/\/scontent-gig4-1.xx.fbcdn.net\/v\/t39.30808-1\/270437624_4564083193639691_6907940295614233970_n.jpg?stp=dst-jpg_s200x200_tt6&_nc_cat=111&ccb=1-7&_nc_sid=f907e8&_nc_ohc=SM1wRlP3lJwQ7kNvwEPuBYA&_nc_oc=AdnqrjDN_BNjSSHWO-GbkIWH6fkGMLw4bqvL_NH6e2wMveX7G-rP2dAqsDSq1mJMOaY&_nc_zt=24&_nc_ht=scontent-gig4-1.xx&_nc_gid=AoBFJeGrT1hVaew_6rchkQ&oh=00_AfX7QmFGhQhG2jAllVgXCiM1ZrWgvtp80-Bfppyexh1QEg&oe=689E923C"},"aioseo_meta_data":{"post_id":"20712","title":null,"description":null,"keywords":null,"keyphrases":null,"primary_term":null,"canonical_url":null,"og_title":null,"og_description":null,"og_object_type":"default","og_image_type":"default","og_image_url":null,"og_image_width":null,"og_image_height":null,"og_image_custom_url":null,"og_image_custom_fields":null,"og_video":null,"og_custom_url":null,"og_article_section":null,"og_article_tags":null,"twitter_use_og":false,"twitter_card":"default","twitter_image_type":"default","twitter_image_url":null,"twitter_image_custom_url":null,"twitter_image_custom_fields":null,"twitter_title":null,"twitter_description":null,"schema":{"blockGraphs":[],"customGraphs":[],"default":{"data":{"Article":[],"Course":[],"Dataset":[],"FAQPage":[],"Movie":[],"Person":[],"Product":[],"ProductReview":[],"Car":[],"Recipe":[],"Service":[],"SoftwareApplication":[],"WebPage":[]},"graphName":"","isEnabled":true},"graphs":[]},"schema_type":"default","schema_type_options":null,"pillar_content":false,"robots_default":true,"robots_noindex":false,"robots_noarchive":false,"robots_nosnippet":false,"robots_nofollow":false,"robots_noimageindex":false,"robots_noodp":false,"robots_notranslate":false,"robots_max_snippet":null,"robots_max_videopreview":null,"robots_max_imagepreview":"large","priority":null,"frequency":null,"local_seo":null,"breadcrumb_settings":null,"limit_modified_date":false,"ai":null,"created":"2025-08-16 17:00:29","updated":"2025-08-16 17:00:29","focus_keyword":null,"additional_keywords":null,"truseo_locale":null,"seo_analyzer_scan_date":null},"aioseo_breadcrumb":"<div class=\"aioseo-breadcrumbs\"><span class=\"aioseo-breadcrumb\">\n\t\t\t<a href=\"https:\/\/anoticiaonline.com.br\/site\" title=\"Home\">Home<\/a>\n\t\t<\/span><span class=\"aioseo-breadcrumb-separator\">&raquo;<\/span><span class=\"aioseo-breadcrumb\">\n\t\t\t<a href=\"https:\/\/anoticiaonline.com.br\/site\/categoria\/muriae\/\" title=\"Blog\">Blog<\/a>\n\t\t<\/span><span class=\"aioseo-breadcrumb-separator\">&raquo;<\/span><span class=\"aioseo-breadcrumb\">\n\t\t\t\u201cUbuntu \u2013 Sou porque somos\u201d ser\u00e1 filmado neste final de semana em Muria\u00e9\n\t\t<\/span><\/div>","aioseo_breadcrumb_json":[{"label":"Home","link":"https:\/\/anoticiaonline.com.br\/site"},{"label":"Blog","link":"https:\/\/anoticiaonline.com.br\/site\/categoria\/muriae\/"},{"label":"\u201cUbuntu \u2013 Sou porque somos\u201d ser\u00e1 filmado neste final de semana em Muria\u00e9","link":"https:\/\/anoticiaonline.com.br\/site\/ubuntu-sou-porque-somos-sera-filmado-neste-final-de-semana-em-muriae\/"}],"views":158,"_links":{"self":[{"href":"https:\/\/anoticiaonline.com.br\/site\/wp-json\/wp\/v2\/posts\/20712","targetHints":{"allow":["GET"]}}],"collection":[{"href":"https:\/\/anoticiaonline.com.br\/site\/wp-json\/wp\/v2\/posts"}],"about":[{"href":"https:\/\/anoticiaonline.com.br\/site\/wp-json\/wp\/v2\/types\/post"}],"author":[{"embeddable":true,"href":"https:\/\/anoticiaonline.com.br\/site\/wp-json\/wp\/v2\/users\/2"}],"replies":[{"embeddable":true,"href":"https:\/\/anoticiaonline.com.br\/site\/wp-json\/wp\/v2\/comments?post=20712"}],"version-history":[{"count":0,"href":"https:\/\/anoticiaonline.com.br\/site\/wp-json\/wp\/v2\/posts\/20712\/revisions"}],"wp:featuredmedia":[{"embeddable":true,"href":"https:\/\/anoticiaonline.com.br\/site\/wp-json\/wp\/v2\/media\/20713"}],"wp:attachment":[{"href":"https:\/\/anoticiaonline.com.br\/site\/wp-json\/wp\/v2\/media?parent=20712"}],"wp:term":[{"taxonomy":"category","embeddable":true,"href":"https:\/\/anoticiaonline.com.br\/site\/wp-json\/wp\/v2\/categories?post=20712"},{"taxonomy":"post_tag","embeddable":true,"href":"https:\/\/anoticiaonline.com.br\/site\/wp-json\/wp\/v2\/tags?post=20712"}],"curies":[{"name":"wp","href":"https:\/\/api.w.org\/{rel}","templated":true}]}}