{"id":20709,"date":"2016-10-18T16:34:06","date_gmt":"2016-10-18T19:34:06","guid":{"rendered":"http:\/\/anoticiaonline.com.br\/site\/?p=20709"},"modified":"2016-10-18T16:34:06","modified_gmt":"2016-10-18T19:34:06","slug":"um-recital-a-brasileira-sera-apresentado-no-dia-26-no-belmira-vilas-boas","status":"publish","type":"post","link":"https:\/\/anoticiaonline.com.br\/site\/um-recital-a-brasileira-sera-apresentado-no-dia-26-no-belmira-vilas-boas\/","title":{"rendered":"\u201cUm Recital \u00e0 Brasileira\u201d ser\u00e1 apresentado no dia 26, no Belmira Vilas Boas"},"content":{"rendered":"<figure id=\"attachment_20710\" aria-describedby=\"caption-attachment-20710\" style=\"width: 290px\" class=\"wp-caption alignleft\"><a href=\"https:\/\/anoticiaonline.com.br\/site\/wp-content\/uploads\/2016\/10\/\u201cUm-Recital-\u00e0-Brasileira\u201d-ser\u00e1-apresentado-no-dia-26-no-Belmira-Vilas-Boas.jpg\"><img decoding=\"async\" class=\"size-medium wp-image-20710\" src=\"https:\/\/anoticiaonline.com.br\/site\/wp-content\/uploads\/2016\/10\/\u201cUm-Recital-\u00e0-Brasileira\u201d-ser\u00e1-apresentado-no-dia-26-no-Belmira-Vilas-Boas-300x162.jpg\" alt=\"Foto: Divulga\u00e7\u00e3o \" width=\"300\" height=\"162\" srcset=\"https:\/\/anoticiaonline.com.br\/site\/wp-content\/uploads\/2016\/10\/\u201cUm-Recital-\u00e0-Brasileira\u201d-ser\u00e1-apresentado-no-dia-26-no-Belmira-Vilas-Boas-300x162.jpg 300w, https:\/\/anoticiaonline.com.br\/site\/wp-content\/uploads\/2016\/10\/\u201cUm-Recital-\u00e0-Brasileira\u201d-ser\u00e1-apresentado-no-dia-26-no-Belmira-Vilas-Boas.jpg 640w\" sizes=\"(max-width: 300px) 100vw, 300px\" \/><\/a><figcaption id=\"caption-attachment-20710\" class=\"wp-caption-text\">Foto: Divulga\u00e7\u00e3o<\/figcaption><\/figure>\n<p>Em apresenta\u00e7\u00e3o \u00fanica, a Companhia da Outra traz para Muria\u00e9 a pe\u00e7a \u201cUm Recital \u00e0 Brasileira\u201d. Com Elisa Lucinda e Geovana Pires no elenco, a pe\u00e7a aborda um olhar brasileiro sobre a poesia de grandes poetas da l\u00edngua portuguesa. O espet\u00e1culo combina poesia e teatro, com leveza e humor.<\/p>\n<p>A apresenta\u00e7\u00e3o acontece na pr\u00f3xima quarta-feira (26), \u00e0s 20h, no Teatro Municipal Belmira Vilas Boas. A entrada inteira custa R$ 20,00 e a meia, R$ 10,00.<\/p>\n<p>\u201cUm Recital \u00e0 Brasileira\u201d estreou em janeiro de 2015 no Rio de Janeiro, ap\u00f3s uma temporada de sucesso em Portugal e em algumas cidades do Brasil. Tr\u00eas anos antes, em 2012, a companhia foi convidada a abrir oficialmente o Ano do Brasil em Portugal, em Lisboa e a excursionar por Porto, Coimbra e \u00c9vora com a pe\u00e7a. A habilidade e a destreza com que o espet\u00e1culo trata a palavra sem perder a espontaneidade e a emo\u00e7\u00e3o encantaram os portugueses de forma de t\u00e3o impressionante que levou o p\u00fablico a seguir a companhia de uma pra\u00e7a para outra.<\/p>\n<p>Com supervis\u00e3o de dire\u00e7\u00e3o de Amir Haddad, o espet\u00e1culo re\u00fane poemas de Ad\u00e9lia Prado, Fernando Pessoa, Manoel Alegre, Jos\u00e9 R\u00e9gio, M\u00e1rio Quintana, Bocage, Cam\u00f5es e da pr\u00f3pria Elisa Lucinda. As poesias n\u00e3o s\u00e3o apenas ditas, s\u00e3o dramatizadas priorizando um revolucion\u00e1rio modo de dizer poesia. As atrizes atuam num roteiro divertido e humano, e desafiam a palavra com imagens significantes em suas interpreta\u00e7\u00f5es.<\/p>\n<p>\u201cSomos filhos da l\u00edngua, ela \u00e9 parte fundamental de nossa identidade. Somos irm\u00e3os de Portugal, separados por um Atl\u00e2ntico e unidos pela hist\u00f3ria. Unir poetas brasileiros e portugueses nos irmana ainda mais. A nossa bandeira \u00e9 a poesia\u201d, afirma a atriz e autora da pe\u00e7a, Elisa Lucinda.<\/p>\n<p>Em \u201cUm Recital \u00e0 Brasileira\u201d, as atrizes interpretam a poesia de um jeito simples, coloquial e encantador. \u201cO espet\u00e1culo aproxima o p\u00fablico da poesia, que tantas vezes se viu sufocada pelo excesso de formalidades e pompas da habitual declama\u00e7\u00e3o\u201d, conclui a atriz Geovana Pires.<\/p>\n<p><strong>A COMPANHIA DA OUTRA &#8211;<\/strong> Criada por Elisa Lucinda e Geovana Pires, a Companhia da Outra busca revelar para o p\u00fablico a dramaturgia que h\u00e1 sob as palavras, e em especial a palavra po\u00e9tica. A companhia de teatro nasceu oficialmente em Portugal, em 2007, com a pe\u00e7a \u201cA f\u00faria da beleza\u201d, um mon\u00f3logo escrito e protagonizado por Elisa e dirigido por Geovana, in\u00e9dito no Brasil.<\/p>\n","protected":false},"excerpt":{"rendered":"<p>Em apresenta\u00e7\u00e3o \u00fanica, a Companhia da Outra traz para Muria\u00e9 a pe\u00e7a \u201cUm Recital \u00e0 Brasileira\u201d. Com Elisa Lucinda e Geovana Pires no elenco, a pe\u00e7a aborda um olhar brasileiro sobre a poesia de grandes poetas da l\u00edngua portuguesa. O espet\u00e1culo combina poesia e teatro, com leveza e humor. A apresenta\u00e7\u00e3o acontece na pr\u00f3xima quarta-feira &#8230; <a title=\"\u201cUm Recital \u00e0 Brasileira\u201d ser\u00e1 apresentado no dia 26, no Belmira Vilas Boas\" class=\"read-more\" href=\"https:\/\/anoticiaonline.com.br\/site\/um-recital-a-brasileira-sera-apresentado-no-dia-26-no-belmira-vilas-boas\/\" aria-label=\"Read more about \u201cUm Recital \u00e0 Brasileira\u201d ser\u00e1 apresentado no dia 26, no Belmira Vilas Boas\">Ler mais<\/a><\/p>\n","protected":false},"author":2,"featured_media":20710,"comment_status":"open","ping_status":"open","sticky":false,"template":"","format":"standard","meta":{"_acf_changed":false,"_monsterinsights_skip_tracking":false,"footnotes":""},"categories":[19],"tags":[3],"class_list":["post-20709","post","type-post","status-publish","format-standard","has-post-thumbnail","hentry","category-cultura","tag-slide"],"acf":[],"aioseo_notices":[],"aioseo_head":"\n\t\t<!-- All in One SEO 5.0.0.1 - aioseo.com -->\n\t<meta name=\"description\" content=\"Em apresenta\u00e7\u00e3o \u00fanica, a Companhia da Outra traz para Muria\u00e9 a pe\u00e7a \u201cUm Recital \u00e0 Brasileira\u201d. Com Elisa Lucinda e Geovana Pires no elenco, a pe\u00e7a aborda um olhar brasileiro sobre a poesia de grandes poetas da l\u00edngua portuguesa. O espet\u00e1culo combina poesia e teatro, com leveza e humor. A apresenta\u00e7\u00e3o acontece na pr\u00f3xima quarta-feira\" \/>\n\t<meta name=\"robots\" content=\"max-image-preview:large\" \/>\n\t<meta name=\"author\" content=\"Juliana Laviola\"\/>\n\t<link rel=\"canonical\" href=\"https:\/\/anoticiaonline.com.br\/site\/um-recital-a-brasileira-sera-apresentado-no-dia-26-no-belmira-vilas-boas\/\" \/>\n\t<meta name=\"generator\" content=\"All in One SEO (AIOSEO) 5.0.0.1\" \/>\n\t\t<meta property=\"og:locale\" content=\"pt_BR\" \/>\n\t\t<meta property=\"og:site_name\" content=\"A Not\u00edcia Online - Noticias de Muria\u00e9 e regi\u00e3o\" \/>\n\t\t<meta property=\"og:type\" content=\"article\" \/>\n\t\t<meta property=\"og:title\" content=\"\u201cUm Recital \u00e0 Brasileira\u201d ser\u00e1 apresentado no dia 26, no Belmira Vilas Boas - A Not\u00edcia Online\" \/>\n\t\t<meta property=\"og:description\" content=\"Em apresenta\u00e7\u00e3o \u00fanica, a Companhia da Outra traz para Muria\u00e9 a pe\u00e7a \u201cUm Recital \u00e0 Brasileira\u201d. Com Elisa Lucinda e Geovana Pires no elenco, a pe\u00e7a aborda um olhar brasileiro sobre a poesia de grandes poetas da l\u00edngua portuguesa. O espet\u00e1culo combina poesia e teatro, com leveza e humor. A apresenta\u00e7\u00e3o acontece na pr\u00f3xima quarta-feira\" \/>\n\t\t<meta property=\"og:url\" content=\"https:\/\/anoticiaonline.com.br\/site\/um-recital-a-brasileira-sera-apresentado-no-dia-26-no-belmira-vilas-boas\/\" \/>\n\t\t<meta property=\"og:image\" content=\"https:\/\/scontent-gig4-1.xx.fbcdn.net\/v\/t39.30808-1\/270437624_4564083193639691_6907940295614233970_n.jpg?stp=dst-jpg_s200x200_tt6&#038;_nc_cat=111&#038;ccb=1-7&#038;_nc_sid=f907e8&#038;_nc_ohc=SM1wRlP3lJwQ7kNvwEPuBYA&#038;_nc_oc=AdnqrjDN_BNjSSHWO-GbkIWH6fkGMLw4bqvL_NH6e2wMveX7G-rP2dAqsDSq1mJMOaY&#038;_nc_zt=24&#038;_nc_ht=scontent-gig4-1.xx&#038;_nc_gid=AoBFJeGrT1hVaew_6rchkQ&#038;oh=00_AfX7QmFGhQhG2jAllVgXCiM1ZrWgvtp80-Bfppyexh1QEg&#038;oe=689E923C\" \/>\n\t\t<meta property=\"og:image:secure_url\" content=\"https:\/\/scontent-gig4-1.xx.fbcdn.net\/v\/t39.30808-1\/270437624_4564083193639691_6907940295614233970_n.jpg?stp=dst-jpg_s200x200_tt6&#038;_nc_cat=111&#038;ccb=1-7&#038;_nc_sid=f907e8&#038;_nc_ohc=SM1wRlP3lJwQ7kNvwEPuBYA&#038;_nc_oc=AdnqrjDN_BNjSSHWO-GbkIWH6fkGMLw4bqvL_NH6e2wMveX7G-rP2dAqsDSq1mJMOaY&#038;_nc_zt=24&#038;_nc_ht=scontent-gig4-1.xx&#038;_nc_gid=AoBFJeGrT1hVaew_6rchkQ&#038;oh=00_AfX7QmFGhQhG2jAllVgXCiM1ZrWgvtp80-Bfppyexh1QEg&#038;oe=689E923C\" \/>\n\t\t<meta property=\"article:published_time\" content=\"2016-10-18T19:34:06+00:00\" \/>\n\t\t<meta property=\"article:modified_time\" content=\"2016-10-18T19:34:06+00:00\" \/>\n\t\t<meta name=\"twitter:card\" content=\"summary_large_image\" \/>\n\t\t<meta name=\"twitter:title\" content=\"\u201cUm Recital \u00e0 Brasileira\u201d ser\u00e1 apresentado no dia 26, no Belmira Vilas Boas - A Not\u00edcia Online\" \/>\n\t\t<meta name=\"twitter:description\" content=\"Em apresenta\u00e7\u00e3o \u00fanica, a Companhia da Outra traz para Muria\u00e9 a pe\u00e7a \u201cUm Recital \u00e0 Brasileira\u201d. Com Elisa Lucinda e Geovana Pires no elenco, a pe\u00e7a aborda um olhar brasileiro sobre a poesia de grandes poetas da l\u00edngua portuguesa. O espet\u00e1culo combina poesia e teatro, com leveza e humor. A apresenta\u00e7\u00e3o acontece na pr\u00f3xima quarta-feira\" \/>\n\t\t<meta name=\"twitter:image\" content=\"https:\/\/scontent-gig4-1.xx.fbcdn.net\/v\/t39.30808-1\/270437624_4564083193639691_6907940295614233970_n.jpg?stp=dst-jpg_s200x200_tt6&amp;_nc_cat=111&amp;ccb=1-7&amp;_nc_sid=f907e8&amp;_nc_ohc=SM1wRlP3lJwQ7kNvwEPuBYA&amp;_nc_oc=AdnqrjDN_BNjSSHWO-GbkIWH6fkGMLw4bqvL_NH6e2wMveX7G-rP2dAqsDSq1mJMOaY&amp;_nc_zt=24&amp;_nc_ht=scontent-gig4-1.xx&amp;_nc_gid=AoBFJeGrT1hVaew_6rchkQ&amp;oh=00_AfX7QmFGhQhG2jAllVgXCiM1ZrWgvtp80-Bfppyexh1QEg&amp;oe=689E923C\" \/>\n\t\t<script type=\"application\/ld+json\" class=\"aioseo-schema\">\n\t\t\t{\"@context\":\"https:\\\/\\\/schema.org\",\"@graph\":[{\"@type\":\"BlogPosting\",\"@id\":\"https:\\\/\\\/anoticiaonline.com.br\\\/site\\\/um-recital-a-brasileira-sera-apresentado-no-dia-26-no-belmira-vilas-boas\\\/#blogposting\",\"name\":\"\\u201cUm Recital \\u00e0 Brasileira\\u201d ser\\u00e1 apresentado no dia 26, no Belmira Vilas Boas - A Not\\u00edcia Online\",\"headline\":\"\\u201cUm Recital \\u00e0 Brasileira\\u201d ser\\u00e1 apresentado no dia 26, no Belmira Vilas Boas\",\"author\":{\"@id\":\"https:\\\/\\\/anoticiaonline.com.br\\\/site\\\/author\\\/juliana\\\/#author\"},\"publisher\":{\"@id\":\"https:\\\/\\\/anoticiaonline.com.br\\\/site\\\/#organization\"},\"image\":{\"@type\":\"ImageObject\",\"url\":\"https:\\\/\\\/anoticiaonline.com.br\\\/site\\\/wp-content\\\/uploads\\\/2016\\\/10\\\/\\u201cUm-Recital-\\u00e0-Brasileira\\u201d-ser\\u00e1-apresentado-no-dia-26-no-Belmira-Vilas-Boas.jpg\",\"width\":640,\"height\":346,\"caption\":\"Foto: Divulga\\u00e7\\u00e3o\"},\"datePublished\":\"2016-10-18T16:34:06-03:00\",\"dateModified\":\"2016-10-18T16:34:06-03:00\",\"inLanguage\":\"pt-BR\",\"mainEntityOfPage\":{\"@id\":\"https:\\\/\\\/anoticiaonline.com.br\\\/site\\\/um-recital-a-brasileira-sera-apresentado-no-dia-26-no-belmira-vilas-boas\\\/#webpage\"},\"isPartOf\":{\"@id\":\"https:\\\/\\\/anoticiaonline.com.br\\\/site\\\/um-recital-a-brasileira-sera-apresentado-no-dia-26-no-belmira-vilas-boas\\\/#webpage\"},\"articleSection\":\"Cultura, slide\"},{\"@type\":\"BreadcrumbList\",\"@id\":\"https:\\\/\\\/anoticiaonline.com.br\\\/site\\\/um-recital-a-brasileira-sera-apresentado-no-dia-26-no-belmira-vilas-boas\\\/#breadcrumblist\",\"itemListElement\":[{\"@type\":\"ListItem\",\"@id\":\"https:\\\/\\\/anoticiaonline.com.br\\\/site#listItem\",\"position\":1,\"name\":\"Home\",\"item\":\"https:\\\/\\\/anoticiaonline.com.br\\\/site\",\"nextItem\":{\"@type\":\"ListItem\",\"@id\":\"https:\\\/\\\/anoticiaonline.com.br\\\/site\\\/categoria\\\/muriae\\\/#listItem\",\"name\":\"Blog\"}},{\"@type\":\"ListItem\",\"@id\":\"https:\\\/\\\/anoticiaonline.com.br\\\/site\\\/categoria\\\/muriae\\\/#listItem\",\"position\":2,\"name\":\"Blog\",\"item\":\"https:\\\/\\\/anoticiaonline.com.br\\\/site\\\/categoria\\\/muriae\\\/\",\"nextItem\":{\"@type\":\"ListItem\",\"@id\":\"https:\\\/\\\/anoticiaonline.com.br\\\/site\\\/categoria\\\/muriae\\\/cultura\\\/#listItem\",\"name\":\"Cultura\"},\"previousItem\":{\"@type\":\"ListItem\",\"@id\":\"https:\\\/\\\/anoticiaonline.com.br\\\/site#listItem\",\"name\":\"Home\"}},{\"@type\":\"ListItem\",\"@id\":\"https:\\\/\\\/anoticiaonline.com.br\\\/site\\\/categoria\\\/muriae\\\/cultura\\\/#listItem\",\"position\":3,\"name\":\"Cultura\",\"item\":\"https:\\\/\\\/anoticiaonline.com.br\\\/site\\\/categoria\\\/muriae\\\/cultura\\\/\",\"nextItem\":{\"@type\":\"ListItem\",\"@id\":\"https:\\\/\\\/anoticiaonline.com.br\\\/site\\\/um-recital-a-brasileira-sera-apresentado-no-dia-26-no-belmira-vilas-boas\\\/#listItem\",\"name\":\"\\u201cUm Recital \\u00e0 Brasileira\\u201d ser\\u00e1 apresentado no dia 26, no Belmira Vilas Boas\"},\"previousItem\":{\"@type\":\"ListItem\",\"@id\":\"https:\\\/\\\/anoticiaonline.com.br\\\/site\\\/categoria\\\/muriae\\\/#listItem\",\"name\":\"Blog\"}},{\"@type\":\"ListItem\",\"@id\":\"https:\\\/\\\/anoticiaonline.com.br\\\/site\\\/um-recital-a-brasileira-sera-apresentado-no-dia-26-no-belmira-vilas-boas\\\/#listItem\",\"position\":4,\"name\":\"\\u201cUm Recital \\u00e0 Brasileira\\u201d ser\\u00e1 apresentado no dia 26, no Belmira Vilas Boas\",\"previousItem\":{\"@type\":\"ListItem\",\"@id\":\"https:\\\/\\\/anoticiaonline.com.br\\\/site\\\/categoria\\\/muriae\\\/cultura\\\/#listItem\",\"name\":\"Cultura\"}}]},{\"@type\":\"Organization\",\"@id\":\"https:\\\/\\\/anoticiaonline.com.br\\\/site\\\/#organization\",\"name\":\"A Not\\u00edcia Online\",\"description\":\"Noticias de Muria\\u00e9 e regi\\u00e3o\",\"url\":\"https:\\\/\\\/anoticiaonline.com.br\\\/site\\\/\",\"logo\":{\"@type\":\"ImageObject\",\"url\":\"https:\\\/\\\/scontent-gig4-1.xx.fbcdn.net\\\/v\\\/t39.30808-1\\\/270437624_4564083193639691_6907940295614233970_n.jpg?stp=dst-jpg_s200x200_tt6&_nc_cat=111&ccb=1-7&_nc_sid=f907e8&_nc_ohc=SM1wRlP3lJwQ7kNvwEPuBYA&_nc_oc=AdnqrjDN_BNjSSHWO-GbkIWH6fkGMLw4bqvL_NH6e2wMveX7G-rP2dAqsDSq1mJMOaY&_nc_zt=24&_nc_ht=scontent-gig4-1.xx&_nc_gid=AoBFJeGrT1hVaew_6rchkQ&oh=00_AfX7QmFGhQhG2jAllVgXCiM1ZrWgvtp80-Bfppyexh1QEg&oe=689E923C\",\"@id\":\"https:\\\/\\\/anoticiaonline.com.br\\\/site\\\/um-recital-a-brasileira-sera-apresentado-no-dia-26-no-belmira-vilas-boas\\\/#organizationLogo\"},\"image\":{\"@id\":\"https:\\\/\\\/anoticiaonline.com.br\\\/site\\\/um-recital-a-brasileira-sera-apresentado-no-dia-26-no-belmira-vilas-boas\\\/#organizationLogo\"}},{\"@type\":\"Person\",\"@id\":\"https:\\\/\\\/anoticiaonline.com.br\\\/site\\\/author\\\/juliana\\\/#author\",\"url\":\"https:\\\/\\\/anoticiaonline.com.br\\\/site\\\/author\\\/juliana\\\/\",\"name\":\"Juliana Laviola\",\"image\":{\"@type\":\"ImageObject\",\"@id\":\"https:\\\/\\\/anoticiaonline.com.br\\\/site\\\/um-recital-a-brasileira-sera-apresentado-no-dia-26-no-belmira-vilas-boas\\\/#authorImage\",\"url\":\"https:\\\/\\\/secure.gravatar.com\\\/avatar\\\/b8d45f5c699b100dfaf0e543582f38f38bf94cb7ae3a5e9abf8d891a34773335?s=96&d=mm&r=g\",\"width\":96,\"height\":96,\"caption\":\"Juliana Laviola\"}},{\"@type\":\"WebPage\",\"@id\":\"https:\\\/\\\/anoticiaonline.com.br\\\/site\\\/um-recital-a-brasileira-sera-apresentado-no-dia-26-no-belmira-vilas-boas\\\/#webpage\",\"url\":\"https:\\\/\\\/anoticiaonline.com.br\\\/site\\\/um-recital-a-brasileira-sera-apresentado-no-dia-26-no-belmira-vilas-boas\\\/\",\"name\":\"\\u201cUm Recital \\u00e0 Brasileira\\u201d ser\\u00e1 apresentado no dia 26, no Belmira Vilas Boas - A Not\\u00edcia Online\",\"description\":\"Em apresenta\\u00e7\\u00e3o \\u00fanica, a Companhia da Outra traz para Muria\\u00e9 a pe\\u00e7a \\u201cUm Recital \\u00e0 Brasileira\\u201d. Com Elisa Lucinda e Geovana Pires no elenco, a pe\\u00e7a aborda um olhar brasileiro sobre a poesia de grandes poetas da l\\u00edngua portuguesa. O espet\\u00e1culo combina poesia e teatro, com leveza e humor. A apresenta\\u00e7\\u00e3o acontece na pr\\u00f3xima quarta-feira\",\"inLanguage\":\"pt-BR\",\"isPartOf\":{\"@id\":\"https:\\\/\\\/anoticiaonline.com.br\\\/site\\\/#website\"},\"breadcrumb\":{\"@id\":\"https:\\\/\\\/anoticiaonline.com.br\\\/site\\\/um-recital-a-brasileira-sera-apresentado-no-dia-26-no-belmira-vilas-boas\\\/#breadcrumblist\"},\"author\":{\"@id\":\"https:\\\/\\\/anoticiaonline.com.br\\\/site\\\/author\\\/juliana\\\/#author\"},\"creator\":{\"@id\":\"https:\\\/\\\/anoticiaonline.com.br\\\/site\\\/author\\\/juliana\\\/#author\"},\"image\":{\"@type\":\"ImageObject\",\"url\":\"https:\\\/\\\/anoticiaonline.com.br\\\/site\\\/wp-content\\\/uploads\\\/2016\\\/10\\\/\\u201cUm-Recital-\\u00e0-Brasileira\\u201d-ser\\u00e1-apresentado-no-dia-26-no-Belmira-Vilas-Boas.jpg\",\"@id\":\"https:\\\/\\\/anoticiaonline.com.br\\\/site\\\/um-recital-a-brasileira-sera-apresentado-no-dia-26-no-belmira-vilas-boas\\\/#mainImage\",\"width\":640,\"height\":346,\"caption\":\"Foto: Divulga\\u00e7\\u00e3o\"},\"primaryImageOfPage\":{\"@id\":\"https:\\\/\\\/anoticiaonline.com.br\\\/site\\\/um-recital-a-brasileira-sera-apresentado-no-dia-26-no-belmira-vilas-boas\\\/#mainImage\"},\"datePublished\":\"2016-10-18T16:34:06-03:00\",\"dateModified\":\"2016-10-18T16:34:06-03:00\"},{\"@type\":\"WebSite\",\"@id\":\"https:\\\/\\\/anoticiaonline.com.br\\\/site\\\/#website\",\"url\":\"https:\\\/\\\/anoticiaonline.com.br\\\/site\\\/\",\"name\":\"A Not\\u00edcia Online\",\"description\":\"Noticias de Muria\\u00e9 e regi\\u00e3o\",\"inLanguage\":\"pt-BR\",\"publisher\":{\"@id\":\"https:\\\/\\\/anoticiaonline.com.br\\\/site\\\/#organization\"}}]}\n\t\t<\/script>\n\t\t<!-- All in One SEO -->\n\n","aioseo_head_json":{"title":"\u201cUm Recital \u00e0 Brasileira\u201d ser\u00e1 apresentado no dia 26, no Belmira Vilas Boas - A Not\u00edcia Online","description":"Em apresenta\u00e7\u00e3o \u00fanica, a Companhia da Outra traz para Muria\u00e9 a pe\u00e7a \u201cUm Recital \u00e0 Brasileira\u201d. Com Elisa Lucinda e Geovana Pires no elenco, a pe\u00e7a aborda um olhar brasileiro sobre a poesia de grandes poetas da l\u00edngua portuguesa. O espet\u00e1culo combina poesia e teatro, com leveza e humor. A apresenta\u00e7\u00e3o acontece na pr\u00f3xima quarta-feira","canonical_url":"https:\/\/anoticiaonline.com.br\/site\/um-recital-a-brasileira-sera-apresentado-no-dia-26-no-belmira-vilas-boas\/","robots":"max-image-preview:large","keywords":"","webmasterTools":{"miscellaneous":""},"schema":{"@context":"https:\/\/schema.org","@graph":[{"@type":"BlogPosting","@id":"https:\/\/anoticiaonline.com.br\/site\/um-recital-a-brasileira-sera-apresentado-no-dia-26-no-belmira-vilas-boas\/#blogposting","name":"\u201cUm Recital \u00e0 Brasileira\u201d ser\u00e1 apresentado no dia 26, no Belmira Vilas Boas - A Not\u00edcia Online","headline":"\u201cUm Recital \u00e0 Brasileira\u201d ser\u00e1 apresentado no dia 26, no Belmira Vilas Boas","author":{"@id":"https:\/\/anoticiaonline.com.br\/site\/author\/juliana\/#author"},"publisher":{"@id":"https:\/\/anoticiaonline.com.br\/site\/#organization"},"image":{"@type":"ImageObject","url":"https:\/\/anoticiaonline.com.br\/site\/wp-content\/uploads\/2016\/10\/\u201cUm-Recital-\u00e0-Brasileira\u201d-ser\u00e1-apresentado-no-dia-26-no-Belmira-Vilas-Boas.jpg","width":640,"height":346,"caption":"Foto: Divulga\u00e7\u00e3o"},"datePublished":"2016-10-18T16:34:06-03:00","dateModified":"2016-10-18T16:34:06-03:00","inLanguage":"pt-BR","mainEntityOfPage":{"@id":"https:\/\/anoticiaonline.com.br\/site\/um-recital-a-brasileira-sera-apresentado-no-dia-26-no-belmira-vilas-boas\/#webpage"},"isPartOf":{"@id":"https:\/\/anoticiaonline.com.br\/site\/um-recital-a-brasileira-sera-apresentado-no-dia-26-no-belmira-vilas-boas\/#webpage"},"articleSection":"Cultura, slide"},{"@type":"BreadcrumbList","@id":"https:\/\/anoticiaonline.com.br\/site\/um-recital-a-brasileira-sera-apresentado-no-dia-26-no-belmira-vilas-boas\/#breadcrumblist","itemListElement":[{"@type":"ListItem","@id":"https:\/\/anoticiaonline.com.br\/site#listItem","position":1,"name":"Home","item":"https:\/\/anoticiaonline.com.br\/site","nextItem":{"@type":"ListItem","@id":"https:\/\/anoticiaonline.com.br\/site\/categoria\/muriae\/#listItem","name":"Blog"}},{"@type":"ListItem","@id":"https:\/\/anoticiaonline.com.br\/site\/categoria\/muriae\/#listItem","position":2,"name":"Blog","item":"https:\/\/anoticiaonline.com.br\/site\/categoria\/muriae\/","nextItem":{"@type":"ListItem","@id":"https:\/\/anoticiaonline.com.br\/site\/categoria\/muriae\/cultura\/#listItem","name":"Cultura"},"previousItem":{"@type":"ListItem","@id":"https:\/\/anoticiaonline.com.br\/site#listItem","name":"Home"}},{"@type":"ListItem","@id":"https:\/\/anoticiaonline.com.br\/site\/categoria\/muriae\/cultura\/#listItem","position":3,"name":"Cultura","item":"https:\/\/anoticiaonline.com.br\/site\/categoria\/muriae\/cultura\/","nextItem":{"@type":"ListItem","@id":"https:\/\/anoticiaonline.com.br\/site\/um-recital-a-brasileira-sera-apresentado-no-dia-26-no-belmira-vilas-boas\/#listItem","name":"\u201cUm Recital \u00e0 Brasileira\u201d ser\u00e1 apresentado no dia 26, no Belmira Vilas Boas"},"previousItem":{"@type":"ListItem","@id":"https:\/\/anoticiaonline.com.br\/site\/categoria\/muriae\/#listItem","name":"Blog"}},{"@type":"ListItem","@id":"https:\/\/anoticiaonline.com.br\/site\/um-recital-a-brasileira-sera-apresentado-no-dia-26-no-belmira-vilas-boas\/#listItem","position":4,"name":"\u201cUm Recital \u00e0 Brasileira\u201d ser\u00e1 apresentado no dia 26, no Belmira Vilas Boas","previousItem":{"@type":"ListItem","@id":"https:\/\/anoticiaonline.com.br\/site\/categoria\/muriae\/cultura\/#listItem","name":"Cultura"}}]},{"@type":"Organization","@id":"https:\/\/anoticiaonline.com.br\/site\/#organization","name":"A Not\u00edcia Online","description":"Noticias de Muria\u00e9 e regi\u00e3o","url":"https:\/\/anoticiaonline.com.br\/site\/","logo":{"@type":"ImageObject","url":"https:\/\/scontent-gig4-1.xx.fbcdn.net\/v\/t39.30808-1\/270437624_4564083193639691_6907940295614233970_n.jpg?stp=dst-jpg_s200x200_tt6&_nc_cat=111&ccb=1-7&_nc_sid=f907e8&_nc_ohc=SM1wRlP3lJwQ7kNvwEPuBYA&_nc_oc=AdnqrjDN_BNjSSHWO-GbkIWH6fkGMLw4bqvL_NH6e2wMveX7G-rP2dAqsDSq1mJMOaY&_nc_zt=24&_nc_ht=scontent-gig4-1.xx&_nc_gid=AoBFJeGrT1hVaew_6rchkQ&oh=00_AfX7QmFGhQhG2jAllVgXCiM1ZrWgvtp80-Bfppyexh1QEg&oe=689E923C","@id":"https:\/\/anoticiaonline.com.br\/site\/um-recital-a-brasileira-sera-apresentado-no-dia-26-no-belmira-vilas-boas\/#organizationLogo"},"image":{"@id":"https:\/\/anoticiaonline.com.br\/site\/um-recital-a-brasileira-sera-apresentado-no-dia-26-no-belmira-vilas-boas\/#organizationLogo"}},{"@type":"Person","@id":"https:\/\/anoticiaonline.com.br\/site\/author\/juliana\/#author","url":"https:\/\/anoticiaonline.com.br\/site\/author\/juliana\/","name":"Juliana Laviola","image":{"@type":"ImageObject","@id":"https:\/\/anoticiaonline.com.br\/site\/um-recital-a-brasileira-sera-apresentado-no-dia-26-no-belmira-vilas-boas\/#authorImage","url":"https:\/\/secure.gravatar.com\/avatar\/b8d45f5c699b100dfaf0e543582f38f38bf94cb7ae3a5e9abf8d891a34773335?s=96&d=mm&r=g","width":96,"height":96,"caption":"Juliana Laviola"}},{"@type":"WebPage","@id":"https:\/\/anoticiaonline.com.br\/site\/um-recital-a-brasileira-sera-apresentado-no-dia-26-no-belmira-vilas-boas\/#webpage","url":"https:\/\/anoticiaonline.com.br\/site\/um-recital-a-brasileira-sera-apresentado-no-dia-26-no-belmira-vilas-boas\/","name":"\u201cUm Recital \u00e0 Brasileira\u201d ser\u00e1 apresentado no dia 26, no Belmira Vilas Boas - A Not\u00edcia Online","description":"Em apresenta\u00e7\u00e3o \u00fanica, a Companhia da Outra traz para Muria\u00e9 a pe\u00e7a \u201cUm Recital \u00e0 Brasileira\u201d. Com Elisa Lucinda e Geovana Pires no elenco, a pe\u00e7a aborda um olhar brasileiro sobre a poesia de grandes poetas da l\u00edngua portuguesa. O espet\u00e1culo combina poesia e teatro, com leveza e humor. A apresenta\u00e7\u00e3o acontece na pr\u00f3xima quarta-feira","inLanguage":"pt-BR","isPartOf":{"@id":"https:\/\/anoticiaonline.com.br\/site\/#website"},"breadcrumb":{"@id":"https:\/\/anoticiaonline.com.br\/site\/um-recital-a-brasileira-sera-apresentado-no-dia-26-no-belmira-vilas-boas\/#breadcrumblist"},"author":{"@id":"https:\/\/anoticiaonline.com.br\/site\/author\/juliana\/#author"},"creator":{"@id":"https:\/\/anoticiaonline.com.br\/site\/author\/juliana\/#author"},"image":{"@type":"ImageObject","url":"https:\/\/anoticiaonline.com.br\/site\/wp-content\/uploads\/2016\/10\/\u201cUm-Recital-\u00e0-Brasileira\u201d-ser\u00e1-apresentado-no-dia-26-no-Belmira-Vilas-Boas.jpg","@id":"https:\/\/anoticiaonline.com.br\/site\/um-recital-a-brasileira-sera-apresentado-no-dia-26-no-belmira-vilas-boas\/#mainImage","width":640,"height":346,"caption":"Foto: Divulga\u00e7\u00e3o"},"primaryImageOfPage":{"@id":"https:\/\/anoticiaonline.com.br\/site\/um-recital-a-brasileira-sera-apresentado-no-dia-26-no-belmira-vilas-boas\/#mainImage"},"datePublished":"2016-10-18T16:34:06-03:00","dateModified":"2016-10-18T16:34:06-03:00"},{"@type":"WebSite","@id":"https:\/\/anoticiaonline.com.br\/site\/#website","url":"https:\/\/anoticiaonline.com.br\/site\/","name":"A Not\u00edcia Online","description":"Noticias de Muria\u00e9 e regi\u00e3o","inLanguage":"pt-BR","publisher":{"@id":"https:\/\/anoticiaonline.com.br\/site\/#organization"}}]},"og:locale":"pt_BR","og:site_name":"A Not\u00edcia Online - Noticias de Muria\u00e9 e regi\u00e3o","og:type":"article","og:title":"\u201cUm Recital \u00e0 Brasileira\u201d ser\u00e1 apresentado no dia 26, no Belmira Vilas Boas - A Not\u00edcia Online","og:description":"Em apresenta\u00e7\u00e3o \u00fanica, a Companhia da Outra traz para Muria\u00e9 a pe\u00e7a \u201cUm Recital \u00e0 Brasileira\u201d. Com Elisa Lucinda e Geovana Pires no elenco, a pe\u00e7a aborda um olhar brasileiro sobre a poesia de grandes poetas da l\u00edngua portuguesa. O espet\u00e1culo combina poesia e teatro, com leveza e humor. A apresenta\u00e7\u00e3o acontece na pr\u00f3xima quarta-feira","og:url":"https:\/\/anoticiaonline.com.br\/site\/um-recital-a-brasileira-sera-apresentado-no-dia-26-no-belmira-vilas-boas\/","og:image":"https:\/\/scontent-gig4-1.xx.fbcdn.net\/v\/t39.30808-1\/270437624_4564083193639691_6907940295614233970_n.jpg?stp=dst-jpg_s200x200_tt6&#038;_nc_cat=111&#038;ccb=1-7&#038;_nc_sid=f907e8&#038;_nc_ohc=SM1wRlP3lJwQ7kNvwEPuBYA&#038;_nc_oc=AdnqrjDN_BNjSSHWO-GbkIWH6fkGMLw4bqvL_NH6e2wMveX7G-rP2dAqsDSq1mJMOaY&#038;_nc_zt=24&#038;_nc_ht=scontent-gig4-1.xx&#038;_nc_gid=AoBFJeGrT1hVaew_6rchkQ&#038;oh=00_AfX7QmFGhQhG2jAllVgXCiM1ZrWgvtp80-Bfppyexh1QEg&#038;oe=689E923C","og:image:secure_url":"https:\/\/scontent-gig4-1.xx.fbcdn.net\/v\/t39.30808-1\/270437624_4564083193639691_6907940295614233970_n.jpg?stp=dst-jpg_s200x200_tt6&#038;_nc_cat=111&#038;ccb=1-7&#038;_nc_sid=f907e8&#038;_nc_ohc=SM1wRlP3lJwQ7kNvwEPuBYA&#038;_nc_oc=AdnqrjDN_BNjSSHWO-GbkIWH6fkGMLw4bqvL_NH6e2wMveX7G-rP2dAqsDSq1mJMOaY&#038;_nc_zt=24&#038;_nc_ht=scontent-gig4-1.xx&#038;_nc_gid=AoBFJeGrT1hVaew_6rchkQ&#038;oh=00_AfX7QmFGhQhG2jAllVgXCiM1ZrWgvtp80-Bfppyexh1QEg&#038;oe=689E923C","article:published_time":"2016-10-18T19:34:06+00:00","article:modified_time":"2016-10-18T19:34:06+00:00","twitter:card":"summary_large_image","twitter:title":"\u201cUm Recital \u00e0 Brasileira\u201d ser\u00e1 apresentado no dia 26, no Belmira Vilas Boas - A Not\u00edcia Online","twitter:description":"Em apresenta\u00e7\u00e3o \u00fanica, a Companhia da Outra traz para Muria\u00e9 a pe\u00e7a \u201cUm Recital \u00e0 Brasileira\u201d. Com Elisa Lucinda e Geovana Pires no elenco, a pe\u00e7a aborda um olhar brasileiro sobre a poesia de grandes poetas da l\u00edngua portuguesa. O espet\u00e1culo combina poesia e teatro, com leveza e humor. A apresenta\u00e7\u00e3o acontece na pr\u00f3xima quarta-feira","twitter:image":"https:\/\/scontent-gig4-1.xx.fbcdn.net\/v\/t39.30808-1\/270437624_4564083193639691_6907940295614233970_n.jpg?stp=dst-jpg_s200x200_tt6&_nc_cat=111&ccb=1-7&_nc_sid=f907e8&_nc_ohc=SM1wRlP3lJwQ7kNvwEPuBYA&_nc_oc=AdnqrjDN_BNjSSHWO-GbkIWH6fkGMLw4bqvL_NH6e2wMveX7G-rP2dAqsDSq1mJMOaY&_nc_zt=24&_nc_ht=scontent-gig4-1.xx&_nc_gid=AoBFJeGrT1hVaew_6rchkQ&oh=00_AfX7QmFGhQhG2jAllVgXCiM1ZrWgvtp80-Bfppyexh1QEg&oe=689E923C"},"aioseo_meta_data":{"post_id":"20709","title":null,"description":null,"keywords":null,"keyphrases":null,"primary_term":null,"canonical_url":null,"og_title":null,"og_description":null,"og_object_type":"default","og_image_type":"default","og_image_url":null,"og_image_width":null,"og_image_height":null,"og_image_custom_url":null,"og_image_custom_fields":null,"og_video":null,"og_custom_url":null,"og_article_section":null,"og_article_tags":null,"twitter_use_og":false,"twitter_card":"default","twitter_image_type":"default","twitter_image_url":null,"twitter_image_custom_url":null,"twitter_image_custom_fields":null,"twitter_title":null,"twitter_description":null,"schema":{"blockGraphs":[],"customGraphs":[],"default":{"data":{"Article":[],"Course":[],"Dataset":[],"FAQPage":[],"Movie":[],"Person":[],"Product":[],"ProductReview":[],"Car":[],"Recipe":[],"Service":[],"SoftwareApplication":[],"WebPage":[]},"graphName":"","isEnabled":true},"graphs":[]},"schema_type":"default","schema_type_options":null,"pillar_content":false,"robots_default":true,"robots_noindex":false,"robots_noarchive":false,"robots_nosnippet":false,"robots_nofollow":false,"robots_noimageindex":false,"robots_noodp":false,"robots_notranslate":false,"robots_max_snippet":null,"robots_max_videopreview":null,"robots_max_imagepreview":"large","priority":null,"frequency":null,"local_seo":null,"breadcrumb_settings":null,"limit_modified_date":false,"ai":null,"created":"2025-08-16 17:00:29","updated":"2025-08-16 17:00:29","focus_keyword":null,"additional_keywords":null,"truseo_locale":null,"seo_analyzer_scan_date":null},"aioseo_breadcrumb":"<div class=\"aioseo-breadcrumbs\"><span class=\"aioseo-breadcrumb\">\n\t\t\t<a href=\"https:\/\/anoticiaonline.com.br\/site\" title=\"Home\">Home<\/a>\n\t\t<\/span><span class=\"aioseo-breadcrumb-separator\">&raquo;<\/span><span class=\"aioseo-breadcrumb\">\n\t\t\t<a href=\"https:\/\/anoticiaonline.com.br\/site\/categoria\/muriae\/\" title=\"Blog\">Blog<\/a>\n\t\t<\/span><span class=\"aioseo-breadcrumb-separator\">&raquo;<\/span><span class=\"aioseo-breadcrumb\">\n\t\t\t<a href=\"https:\/\/anoticiaonline.com.br\/site\/categoria\/muriae\/cultura\/\" title=\"Cultura\">Cultura<\/a>\n\t\t<\/span><span class=\"aioseo-breadcrumb-separator\">&raquo;<\/span><span class=\"aioseo-breadcrumb\">\n\t\t\t\u201cUm Recital \u00e0 Brasileira\u201d ser\u00e1 apresentado no dia 26, no Belmira Vilas Boas\n\t\t<\/span><\/div>","aioseo_breadcrumb_json":[{"label":"Home","link":"https:\/\/anoticiaonline.com.br\/site"},{"label":"Blog","link":"https:\/\/anoticiaonline.com.br\/site\/categoria\/muriae\/"},{"label":"Cultura","link":"https:\/\/anoticiaonline.com.br\/site\/categoria\/muriae\/cultura\/"},{"label":"\u201cUm Recital \u00e0 Brasileira\u201d ser\u00e1 apresentado no dia 26, no Belmira Vilas Boas","link":"https:\/\/anoticiaonline.com.br\/site\/um-recital-a-brasileira-sera-apresentado-no-dia-26-no-belmira-vilas-boas\/"}],"views":161,"_links":{"self":[{"href":"https:\/\/anoticiaonline.com.br\/site\/wp-json\/wp\/v2\/posts\/20709","targetHints":{"allow":["GET"]}}],"collection":[{"href":"https:\/\/anoticiaonline.com.br\/site\/wp-json\/wp\/v2\/posts"}],"about":[{"href":"https:\/\/anoticiaonline.com.br\/site\/wp-json\/wp\/v2\/types\/post"}],"author":[{"embeddable":true,"href":"https:\/\/anoticiaonline.com.br\/site\/wp-json\/wp\/v2\/users\/2"}],"replies":[{"embeddable":true,"href":"https:\/\/anoticiaonline.com.br\/site\/wp-json\/wp\/v2\/comments?post=20709"}],"version-history":[{"count":0,"href":"https:\/\/anoticiaonline.com.br\/site\/wp-json\/wp\/v2\/posts\/20709\/revisions"}],"wp:featuredmedia":[{"embeddable":true,"href":"https:\/\/anoticiaonline.com.br\/site\/wp-json\/wp\/v2\/media\/20710"}],"wp:attachment":[{"href":"https:\/\/anoticiaonline.com.br\/site\/wp-json\/wp\/v2\/media?parent=20709"}],"wp:term":[{"taxonomy":"category","embeddable":true,"href":"https:\/\/anoticiaonline.com.br\/site\/wp-json\/wp\/v2\/categories?post=20709"},{"taxonomy":"post_tag","embeddable":true,"href":"https:\/\/anoticiaonline.com.br\/site\/wp-json\/wp\/v2\/tags?post=20709"}],"curies":[{"name":"wp","href":"https:\/\/api.w.org\/{rel}","templated":true}]}}