{"id":20606,"date":"2016-10-17T07:44:10","date_gmt":"2016-10-17T10:44:10","guid":{"rendered":"http:\/\/anoticiaonline.com.br\/site\/?p=20606"},"modified":"2016-10-17T07:44:10","modified_gmt":"2016-10-17T10:44:10","slug":"a-morte-e-o-retrato-da-vida","status":"publish","type":"post","link":"https:\/\/anoticiaonline.com.br\/site\/a-morte-e-o-retrato-da-vida\/","title":{"rendered":"A morte \u00e9 o retrato da vida"},"content":{"rendered":"<p><strong>Muitos creem que a morte santifica quem lhe sofre a ocorr\u00eancia<\/strong><\/p>\n<p><em>&#8220;A cada um ser\u00e1 dado de acordo com as suas obras.&#8221; &#8211; Jesus.\u00a0 (Mt., 16:27).<\/em><\/p>\n<p>Com o seu l\u00facido e singular tiroc\u00ednio, Allan Kardec indagou dos Benfeitores Espirituais em \u201cO Livro dos Esp\u00edritos\u201d, (quest\u00e3o 508), se as pessoas que se achavam em boas condi\u00e7\u00f5es, ao deixarem a Terra, sempre podem proteger os que lhes s\u00e3o caros e que lhes &#8220;sobrevivem&#8221;.\u00a0 Ao que responderam os Numes Tutelares: &#8220;(&#8230;) mais ou menos restrito \u00e9 o\u00a0 poder\u00a0 de\u00a0 que desfrutam. A\u00a0 situa\u00e7\u00e3o\u00a0 em que se\u00a0 encontram\u00a0 nem\u00a0 sempre\u00a0 lhes permite inteira liberdade de a\u00e7\u00e3o\u201d.<\/p>\n<p>N\u00e3o poucas criaturas creem que a morte tem o cond\u00e3o de santificar quem lhe sofre\u00a0 a\u00a0 ocorr\u00eancia&#8230;\u00a0 Da\u00ed, observarmos o triste e in\u00fatil espet\u00e1culo de romarias a\u00a0 t\u00famulos dessa\u00a0 ou daquela personagem rec\u00e9m-desencarnada, com flagrante\u00a0 e indisfar\u00e7\u00e1vel\u00a0 inten\u00e7\u00e3o de obter o benef\u00edcio de um\u00a0 &#8220;milagre&#8221;\u00a0 ou uma &#8220;gra\u00e7a&#8221; que lhes possibilite a remo\u00e7\u00e3o de seus inc\u00f4modos ou a realiza\u00e7\u00e3o de seus (geralmente rasteiros) desejos&#8230;<\/p>\n<p>O pobre rec\u00e9m-desencarnado nem ao menos ainda saiu do torpor e perturba\u00e7\u00e3o t\u00e3o comuns e naturais dessa fase de grande transi\u00e7\u00e3o; muitas vezes nem mesmo tem\u00a0 consci\u00eancia do pr\u00f3prio desenlace do corpo f\u00edsico e j\u00e1 se transformou em\u00a0 santo milagreiro!&#8230; E toca pedido em cima!&#8230;<\/p>\n<p>No livro \u201cVida e caminho\u201d, Emmanuel ensina o seguinte: &#8220;(&#8230;) do t\u00famulo para a frente,\u00a0 n\u00e3o\u00a0 encontramos sen\u00e3o\u00a0 n\u00f3s\u00a0 mesmos,\u00a0 naquilo\u00a0 que\u00a0 realizamos do ber\u00e7o para o sepulcro. E a desencarna\u00e7\u00e3o, por isso mesmo,\u00a0 assemelha-se no renascimento f\u00edsico, \u00e0 porta de mil faces. Cada um\u00a0 de\u00a0 n\u00f3s\u00a0 se retira do campo da\u00a0 luta humana, transportando consigo aquilo que ajuntou.<\/p>\n<p>Em verdade, todos se preparam para a evid\u00eancia no\u00a0 mundo,\u00a0 ciosos\u00a0 da\u00a0 m\u00e1scara\u00a0 que\u00a0 lhes\u00a0 assegurar\u00e1 respeito e dignidade no jogo das apar\u00eancias, mas raras\u00a0 criaturas se\u00a0 habilitam\u00a0 para o Reino da Luz, onde somos\u00a0 conhecidos\u00a0 pelos tesouros ou pelas calamidades que trazemos por dentro do cora\u00e7\u00e3o.<\/p>\n<p>Sendo a morte o retrato da vida, depende, assim, de n\u00f3s, o C\u00e9u que podemos iniciar ao sol de hoje ou o inferno que nos acolher\u00e1, inflex\u00edvel, na treva de amanh\u00e3&#8230;&#8221;.<\/p>\n","protected":false},"excerpt":{"rendered":"<p>Muitos creem que a morte santifica quem lhe sofre a ocorr\u00eancia &#8220;A cada um ser\u00e1 dado de acordo com as suas obras.&#8221; &#8211; Jesus.\u00a0 (Mt., 16:27). Com o seu l\u00facido e singular tiroc\u00ednio, Allan Kardec indagou dos Benfeitores Espirituais em \u201cO Livro dos Esp\u00edritos\u201d, (quest\u00e3o 508), se as pessoas que se achavam em boas condi\u00e7\u00f5es, &#8230; <a title=\"A morte \u00e9 o retrato da vida\" class=\"read-more\" href=\"https:\/\/anoticiaonline.com.br\/site\/a-morte-e-o-retrato-da-vida\/\" aria-label=\"Read more about A morte \u00e9 o retrato da vida\">Ler mais<\/a><\/p>\n","protected":false},"author":2,"featured_media":0,"comment_status":"open","ping_status":"open","sticky":false,"template":"","format":"standard","meta":{"_acf_changed":false,"_monsterinsights_skip_tracking":false,"footnotes":""},"categories":[44],"tags":[],"class_list":["post-20606","post","type-post","status-publish","format-standard","hentry","category-espiritismo-em-foco-de-rogerio-coelho"],"acf":[],"aioseo_notices":[],"aioseo_head":"\n\t\t<!-- All in One SEO 5.0.0.1 - aioseo.com -->\n\t<meta name=\"description\" content=\"Muitos creem que a morte santifica quem lhe sofre a ocorr\u00eancia &quot;A cada um ser\u00e1 dado de acordo com as suas obras.&quot; - Jesus. (Mt., 16:27). Com o seu l\u00facido e singular tiroc\u00ednio, Allan Kardec indagou dos Benfeitores Espirituais em \u201cO Livro dos Esp\u00edritos\u201d, (quest\u00e3o 508), se as pessoas que se achavam em boas condi\u00e7\u00f5es,\" \/>\n\t<meta name=\"robots\" content=\"max-image-preview:large\" \/>\n\t<meta name=\"author\" content=\"Juliana Laviola\"\/>\n\t<link rel=\"canonical\" href=\"https:\/\/anoticiaonline.com.br\/site\/a-morte-e-o-retrato-da-vida\/\" \/>\n\t<meta name=\"generator\" content=\"All in One SEO (AIOSEO) 5.0.0.1\" \/>\n\t\t<meta property=\"og:locale\" content=\"pt_BR\" \/>\n\t\t<meta property=\"og:site_name\" content=\"A Not\u00edcia Online - Noticias de Muria\u00e9 e regi\u00e3o\" \/>\n\t\t<meta property=\"og:type\" content=\"article\" \/>\n\t\t<meta property=\"og:title\" content=\"A morte \u00e9 o retrato da vida - A Not\u00edcia Online\" \/>\n\t\t<meta property=\"og:description\" content=\"Muitos creem que a morte santifica quem lhe sofre a ocorr\u00eancia &quot;A cada um ser\u00e1 dado de acordo com as suas obras.&quot; - Jesus. (Mt., 16:27). Com o seu l\u00facido e singular tiroc\u00ednio, Allan Kardec indagou dos Benfeitores Espirituais em \u201cO Livro dos Esp\u00edritos\u201d, (quest\u00e3o 508), se as pessoas que se achavam em boas condi\u00e7\u00f5es,\" \/>\n\t\t<meta property=\"og:url\" content=\"https:\/\/anoticiaonline.com.br\/site\/a-morte-e-o-retrato-da-vida\/\" \/>\n\t\t<meta property=\"og:image\" content=\"https:\/\/scontent-gig4-1.xx.fbcdn.net\/v\/t39.30808-1\/270437624_4564083193639691_6907940295614233970_n.jpg?stp=dst-jpg_s200x200_tt6&#038;_nc_cat=111&#038;ccb=1-7&#038;_nc_sid=f907e8&#038;_nc_ohc=SM1wRlP3lJwQ7kNvwEPuBYA&#038;_nc_oc=AdnqrjDN_BNjSSHWO-GbkIWH6fkGMLw4bqvL_NH6e2wMveX7G-rP2dAqsDSq1mJMOaY&#038;_nc_zt=24&#038;_nc_ht=scontent-gig4-1.xx&#038;_nc_gid=AoBFJeGrT1hVaew_6rchkQ&#038;oh=00_AfX7QmFGhQhG2jAllVgXCiM1ZrWgvtp80-Bfppyexh1QEg&#038;oe=689E923C\" \/>\n\t\t<meta property=\"og:image:secure_url\" content=\"https:\/\/scontent-gig4-1.xx.fbcdn.net\/v\/t39.30808-1\/270437624_4564083193639691_6907940295614233970_n.jpg?stp=dst-jpg_s200x200_tt6&#038;_nc_cat=111&#038;ccb=1-7&#038;_nc_sid=f907e8&#038;_nc_ohc=SM1wRlP3lJwQ7kNvwEPuBYA&#038;_nc_oc=AdnqrjDN_BNjSSHWO-GbkIWH6fkGMLw4bqvL_NH6e2wMveX7G-rP2dAqsDSq1mJMOaY&#038;_nc_zt=24&#038;_nc_ht=scontent-gig4-1.xx&#038;_nc_gid=AoBFJeGrT1hVaew_6rchkQ&#038;oh=00_AfX7QmFGhQhG2jAllVgXCiM1ZrWgvtp80-Bfppyexh1QEg&#038;oe=689E923C\" \/>\n\t\t<meta property=\"article:published_time\" content=\"2016-10-17T10:44:10+00:00\" \/>\n\t\t<meta property=\"article:modified_time\" content=\"2016-10-17T10:44:10+00:00\" \/>\n\t\t<meta name=\"twitter:card\" content=\"summary_large_image\" \/>\n\t\t<meta name=\"twitter:title\" content=\"A morte \u00e9 o retrato da vida - A Not\u00edcia Online\" \/>\n\t\t<meta name=\"twitter:description\" content=\"Muitos creem que a morte santifica quem lhe sofre a ocorr\u00eancia &quot;A cada um ser\u00e1 dado de acordo com as suas obras.&quot; - Jesus. (Mt., 16:27). Com o seu l\u00facido e singular tiroc\u00ednio, Allan Kardec indagou dos Benfeitores Espirituais em \u201cO Livro dos Esp\u00edritos\u201d, (quest\u00e3o 508), se as pessoas que se achavam em boas condi\u00e7\u00f5es,\" \/>\n\t\t<meta name=\"twitter:image\" content=\"https:\/\/scontent-gig4-1.xx.fbcdn.net\/v\/t39.30808-1\/270437624_4564083193639691_6907940295614233970_n.jpg?stp=dst-jpg_s200x200_tt6&amp;_nc_cat=111&amp;ccb=1-7&amp;_nc_sid=f907e8&amp;_nc_ohc=SM1wRlP3lJwQ7kNvwEPuBYA&amp;_nc_oc=AdnqrjDN_BNjSSHWO-GbkIWH6fkGMLw4bqvL_NH6e2wMveX7G-rP2dAqsDSq1mJMOaY&amp;_nc_zt=24&amp;_nc_ht=scontent-gig4-1.xx&amp;_nc_gid=AoBFJeGrT1hVaew_6rchkQ&amp;oh=00_AfX7QmFGhQhG2jAllVgXCiM1ZrWgvtp80-Bfppyexh1QEg&amp;oe=689E923C\" \/>\n\t\t<script type=\"application\/ld+json\" class=\"aioseo-schema\">\n\t\t\t{\"@context\":\"https:\\\/\\\/schema.org\",\"@graph\":[{\"@type\":\"BlogPosting\",\"@id\":\"https:\\\/\\\/anoticiaonline.com.br\\\/site\\\/a-morte-e-o-retrato-da-vida\\\/#blogposting\",\"name\":\"A morte \\u00e9 o retrato da vida - A Not\\u00edcia Online\",\"headline\":\"A morte \\u00e9 o retrato da vida\",\"author\":{\"@id\":\"https:\\\/\\\/anoticiaonline.com.br\\\/site\\\/author\\\/juliana\\\/#author\"},\"publisher\":{\"@id\":\"https:\\\/\\\/anoticiaonline.com.br\\\/site\\\/#organization\"},\"image\":{\"@type\":\"ImageObject\",\"url\":\"https:\\\/\\\/scontent-gig4-1.xx.fbcdn.net\\\/v\\\/t39.30808-1\\\/270437624_4564083193639691_6907940295614233970_n.jpg?stp=dst-jpg_s200x200_tt6&_nc_cat=111&ccb=1-7&_nc_sid=f907e8&_nc_ohc=SM1wRlP3lJwQ7kNvwEPuBYA&_nc_oc=AdnqrjDN_BNjSSHWO-GbkIWH6fkGMLw4bqvL_NH6e2wMveX7G-rP2dAqsDSq1mJMOaY&_nc_zt=24&_nc_ht=scontent-gig4-1.xx&_nc_gid=AoBFJeGrT1hVaew_6rchkQ&oh=00_AfX7QmFGhQhG2jAllVgXCiM1ZrWgvtp80-Bfppyexh1QEg&oe=689E923C\",\"@id\":\"https:\\\/\\\/anoticiaonline.com.br\\\/site\\\/#articleImage\"},\"datePublished\":\"2016-10-17T07:44:10-03:00\",\"dateModified\":\"2016-10-17T07:44:10-03:00\",\"inLanguage\":\"pt-BR\",\"mainEntityOfPage\":{\"@id\":\"https:\\\/\\\/anoticiaonline.com.br\\\/site\\\/a-morte-e-o-retrato-da-vida\\\/#webpage\"},\"isPartOf\":{\"@id\":\"https:\\\/\\\/anoticiaonline.com.br\\\/site\\\/a-morte-e-o-retrato-da-vida\\\/#webpage\"},\"articleSection\":\"Espiritismo em Foco, por Rog\\u00e9rio Coelho\"},{\"@type\":\"BreadcrumbList\",\"@id\":\"https:\\\/\\\/anoticiaonline.com.br\\\/site\\\/a-morte-e-o-retrato-da-vida\\\/#breadcrumblist\",\"itemListElement\":[{\"@type\":\"ListItem\",\"@id\":\"https:\\\/\\\/anoticiaonline.com.br\\\/site#listItem\",\"position\":1,\"name\":\"Home\",\"item\":\"https:\\\/\\\/anoticiaonline.com.br\\\/site\",\"nextItem\":{\"@type\":\"ListItem\",\"@id\":\"https:\\\/\\\/anoticiaonline.com.br\\\/site\\\/categoria\\\/colunistas\\\/#listItem\",\"name\":\"Colunistas\"}},{\"@type\":\"ListItem\",\"@id\":\"https:\\\/\\\/anoticiaonline.com.br\\\/site\\\/categoria\\\/colunistas\\\/#listItem\",\"position\":2,\"name\":\"Colunistas\",\"item\":\"https:\\\/\\\/anoticiaonline.com.br\\\/site\\\/categoria\\\/colunistas\\\/\",\"nextItem\":{\"@type\":\"ListItem\",\"@id\":\"https:\\\/\\\/anoticiaonline.com.br\\\/site\\\/categoria\\\/colunistas\\\/espiritismo-em-foco-de-rogerio-coelho\\\/#listItem\",\"name\":\"Espiritismo em Foco, por Rog\\u00e9rio Coelho\"},\"previousItem\":{\"@type\":\"ListItem\",\"@id\":\"https:\\\/\\\/anoticiaonline.com.br\\\/site#listItem\",\"name\":\"Home\"}},{\"@type\":\"ListItem\",\"@id\":\"https:\\\/\\\/anoticiaonline.com.br\\\/site\\\/categoria\\\/colunistas\\\/espiritismo-em-foco-de-rogerio-coelho\\\/#listItem\",\"position\":3,\"name\":\"Espiritismo em Foco, por Rog\\u00e9rio Coelho\",\"item\":\"https:\\\/\\\/anoticiaonline.com.br\\\/site\\\/categoria\\\/colunistas\\\/espiritismo-em-foco-de-rogerio-coelho\\\/\",\"nextItem\":{\"@type\":\"ListItem\",\"@id\":\"https:\\\/\\\/anoticiaonline.com.br\\\/site\\\/a-morte-e-o-retrato-da-vida\\\/#listItem\",\"name\":\"A morte \\u00e9 o retrato da vida\"},\"previousItem\":{\"@type\":\"ListItem\",\"@id\":\"https:\\\/\\\/anoticiaonline.com.br\\\/site\\\/categoria\\\/colunistas\\\/#listItem\",\"name\":\"Colunistas\"}},{\"@type\":\"ListItem\",\"@id\":\"https:\\\/\\\/anoticiaonline.com.br\\\/site\\\/a-morte-e-o-retrato-da-vida\\\/#listItem\",\"position\":4,\"name\":\"A morte \\u00e9 o retrato da vida\",\"previousItem\":{\"@type\":\"ListItem\",\"@id\":\"https:\\\/\\\/anoticiaonline.com.br\\\/site\\\/categoria\\\/colunistas\\\/espiritismo-em-foco-de-rogerio-coelho\\\/#listItem\",\"name\":\"Espiritismo em Foco, por Rog\\u00e9rio Coelho\"}}]},{\"@type\":\"Organization\",\"@id\":\"https:\\\/\\\/anoticiaonline.com.br\\\/site\\\/#organization\",\"name\":\"A Not\\u00edcia Online\",\"description\":\"Noticias de Muria\\u00e9 e regi\\u00e3o\",\"url\":\"https:\\\/\\\/anoticiaonline.com.br\\\/site\\\/\",\"logo\":{\"@type\":\"ImageObject\",\"url\":\"https:\\\/\\\/scontent-gig4-1.xx.fbcdn.net\\\/v\\\/t39.30808-1\\\/270437624_4564083193639691_6907940295614233970_n.jpg?stp=dst-jpg_s200x200_tt6&_nc_cat=111&ccb=1-7&_nc_sid=f907e8&_nc_ohc=SM1wRlP3lJwQ7kNvwEPuBYA&_nc_oc=AdnqrjDN_BNjSSHWO-GbkIWH6fkGMLw4bqvL_NH6e2wMveX7G-rP2dAqsDSq1mJMOaY&_nc_zt=24&_nc_ht=scontent-gig4-1.xx&_nc_gid=AoBFJeGrT1hVaew_6rchkQ&oh=00_AfX7QmFGhQhG2jAllVgXCiM1ZrWgvtp80-Bfppyexh1QEg&oe=689E923C\",\"@id\":\"https:\\\/\\\/anoticiaonline.com.br\\\/site\\\/a-morte-e-o-retrato-da-vida\\\/#organizationLogo\"},\"image\":{\"@id\":\"https:\\\/\\\/anoticiaonline.com.br\\\/site\\\/a-morte-e-o-retrato-da-vida\\\/#organizationLogo\"}},{\"@type\":\"Person\",\"@id\":\"https:\\\/\\\/anoticiaonline.com.br\\\/site\\\/author\\\/juliana\\\/#author\",\"url\":\"https:\\\/\\\/anoticiaonline.com.br\\\/site\\\/author\\\/juliana\\\/\",\"name\":\"Juliana Laviola\",\"image\":{\"@type\":\"ImageObject\",\"@id\":\"https:\\\/\\\/anoticiaonline.com.br\\\/site\\\/a-morte-e-o-retrato-da-vida\\\/#authorImage\",\"url\":\"https:\\\/\\\/secure.gravatar.com\\\/avatar\\\/b8d45f5c699b100dfaf0e543582f38f38bf94cb7ae3a5e9abf8d891a34773335?s=96&d=mm&r=g\",\"width\":96,\"height\":96,\"caption\":\"Juliana Laviola\"}},{\"@type\":\"WebPage\",\"@id\":\"https:\\\/\\\/anoticiaonline.com.br\\\/site\\\/a-morte-e-o-retrato-da-vida\\\/#webpage\",\"url\":\"https:\\\/\\\/anoticiaonline.com.br\\\/site\\\/a-morte-e-o-retrato-da-vida\\\/\",\"name\":\"A morte \\u00e9 o retrato da vida - A Not\\u00edcia Online\",\"description\":\"Muitos creem que a morte santifica quem lhe sofre a ocorr\\u00eancia \\\"A cada um ser\\u00e1 dado de acordo com as suas obras.\\\" - Jesus. (Mt., 16:27). Com o seu l\\u00facido e singular tiroc\\u00ednio, Allan Kardec indagou dos Benfeitores Espirituais em \\u201cO Livro dos Esp\\u00edritos\\u201d, (quest\\u00e3o 508), se as pessoas que se achavam em boas condi\\u00e7\\u00f5es,\",\"inLanguage\":\"pt-BR\",\"isPartOf\":{\"@id\":\"https:\\\/\\\/anoticiaonline.com.br\\\/site\\\/#website\"},\"breadcrumb\":{\"@id\":\"https:\\\/\\\/anoticiaonline.com.br\\\/site\\\/a-morte-e-o-retrato-da-vida\\\/#breadcrumblist\"},\"author\":{\"@id\":\"https:\\\/\\\/anoticiaonline.com.br\\\/site\\\/author\\\/juliana\\\/#author\"},\"creator\":{\"@id\":\"https:\\\/\\\/anoticiaonline.com.br\\\/site\\\/author\\\/juliana\\\/#author\"},\"datePublished\":\"2016-10-17T07:44:10-03:00\",\"dateModified\":\"2016-10-17T07:44:10-03:00\"},{\"@type\":\"WebSite\",\"@id\":\"https:\\\/\\\/anoticiaonline.com.br\\\/site\\\/#website\",\"url\":\"https:\\\/\\\/anoticiaonline.com.br\\\/site\\\/\",\"name\":\"A Not\\u00edcia Online\",\"description\":\"Noticias de Muria\\u00e9 e regi\\u00e3o\",\"inLanguage\":\"pt-BR\",\"publisher\":{\"@id\":\"https:\\\/\\\/anoticiaonline.com.br\\\/site\\\/#organization\"}}]}\n\t\t<\/script>\n\t\t<!-- All in One SEO -->\n\n","aioseo_head_json":{"title":"A morte \u00e9 o retrato da vida - A Not\u00edcia Online","description":"Muitos creem que a morte santifica quem lhe sofre a ocorr\u00eancia \"A cada um ser\u00e1 dado de acordo com as suas obras.\" - Jesus. (Mt., 16:27). Com o seu l\u00facido e singular tiroc\u00ednio, Allan Kardec indagou dos Benfeitores Espirituais em \u201cO Livro dos Esp\u00edritos\u201d, (quest\u00e3o 508), se as pessoas que se achavam em boas condi\u00e7\u00f5es,","canonical_url":"https:\/\/anoticiaonline.com.br\/site\/a-morte-e-o-retrato-da-vida\/","robots":"max-image-preview:large","keywords":"","webmasterTools":{"miscellaneous":""},"schema":{"@context":"https:\/\/schema.org","@graph":[{"@type":"BlogPosting","@id":"https:\/\/anoticiaonline.com.br\/site\/a-morte-e-o-retrato-da-vida\/#blogposting","name":"A morte \u00e9 o retrato da vida - A Not\u00edcia Online","headline":"A morte \u00e9 o retrato da vida","author":{"@id":"https:\/\/anoticiaonline.com.br\/site\/author\/juliana\/#author"},"publisher":{"@id":"https:\/\/anoticiaonline.com.br\/site\/#organization"},"image":{"@type":"ImageObject","url":"https:\/\/scontent-gig4-1.xx.fbcdn.net\/v\/t39.30808-1\/270437624_4564083193639691_6907940295614233970_n.jpg?stp=dst-jpg_s200x200_tt6&_nc_cat=111&ccb=1-7&_nc_sid=f907e8&_nc_ohc=SM1wRlP3lJwQ7kNvwEPuBYA&_nc_oc=AdnqrjDN_BNjSSHWO-GbkIWH6fkGMLw4bqvL_NH6e2wMveX7G-rP2dAqsDSq1mJMOaY&_nc_zt=24&_nc_ht=scontent-gig4-1.xx&_nc_gid=AoBFJeGrT1hVaew_6rchkQ&oh=00_AfX7QmFGhQhG2jAllVgXCiM1ZrWgvtp80-Bfppyexh1QEg&oe=689E923C","@id":"https:\/\/anoticiaonline.com.br\/site\/#articleImage"},"datePublished":"2016-10-17T07:44:10-03:00","dateModified":"2016-10-17T07:44:10-03:00","inLanguage":"pt-BR","mainEntityOfPage":{"@id":"https:\/\/anoticiaonline.com.br\/site\/a-morte-e-o-retrato-da-vida\/#webpage"},"isPartOf":{"@id":"https:\/\/anoticiaonline.com.br\/site\/a-morte-e-o-retrato-da-vida\/#webpage"},"articleSection":"Espiritismo em Foco, por Rog\u00e9rio Coelho"},{"@type":"BreadcrumbList","@id":"https:\/\/anoticiaonline.com.br\/site\/a-morte-e-o-retrato-da-vida\/#breadcrumblist","itemListElement":[{"@type":"ListItem","@id":"https:\/\/anoticiaonline.com.br\/site#listItem","position":1,"name":"Home","item":"https:\/\/anoticiaonline.com.br\/site","nextItem":{"@type":"ListItem","@id":"https:\/\/anoticiaonline.com.br\/site\/categoria\/colunistas\/#listItem","name":"Colunistas"}},{"@type":"ListItem","@id":"https:\/\/anoticiaonline.com.br\/site\/categoria\/colunistas\/#listItem","position":2,"name":"Colunistas","item":"https:\/\/anoticiaonline.com.br\/site\/categoria\/colunistas\/","nextItem":{"@type":"ListItem","@id":"https:\/\/anoticiaonline.com.br\/site\/categoria\/colunistas\/espiritismo-em-foco-de-rogerio-coelho\/#listItem","name":"Espiritismo em Foco, por Rog\u00e9rio Coelho"},"previousItem":{"@type":"ListItem","@id":"https:\/\/anoticiaonline.com.br\/site#listItem","name":"Home"}},{"@type":"ListItem","@id":"https:\/\/anoticiaonline.com.br\/site\/categoria\/colunistas\/espiritismo-em-foco-de-rogerio-coelho\/#listItem","position":3,"name":"Espiritismo em Foco, por Rog\u00e9rio Coelho","item":"https:\/\/anoticiaonline.com.br\/site\/categoria\/colunistas\/espiritismo-em-foco-de-rogerio-coelho\/","nextItem":{"@type":"ListItem","@id":"https:\/\/anoticiaonline.com.br\/site\/a-morte-e-o-retrato-da-vida\/#listItem","name":"A morte \u00e9 o retrato da vida"},"previousItem":{"@type":"ListItem","@id":"https:\/\/anoticiaonline.com.br\/site\/categoria\/colunistas\/#listItem","name":"Colunistas"}},{"@type":"ListItem","@id":"https:\/\/anoticiaonline.com.br\/site\/a-morte-e-o-retrato-da-vida\/#listItem","position":4,"name":"A morte \u00e9 o retrato da vida","previousItem":{"@type":"ListItem","@id":"https:\/\/anoticiaonline.com.br\/site\/categoria\/colunistas\/espiritismo-em-foco-de-rogerio-coelho\/#listItem","name":"Espiritismo em Foco, por Rog\u00e9rio Coelho"}}]},{"@type":"Organization","@id":"https:\/\/anoticiaonline.com.br\/site\/#organization","name":"A Not\u00edcia Online","description":"Noticias de Muria\u00e9 e regi\u00e3o","url":"https:\/\/anoticiaonline.com.br\/site\/","logo":{"@type":"ImageObject","url":"https:\/\/scontent-gig4-1.xx.fbcdn.net\/v\/t39.30808-1\/270437624_4564083193639691_6907940295614233970_n.jpg?stp=dst-jpg_s200x200_tt6&_nc_cat=111&ccb=1-7&_nc_sid=f907e8&_nc_ohc=SM1wRlP3lJwQ7kNvwEPuBYA&_nc_oc=AdnqrjDN_BNjSSHWO-GbkIWH6fkGMLw4bqvL_NH6e2wMveX7G-rP2dAqsDSq1mJMOaY&_nc_zt=24&_nc_ht=scontent-gig4-1.xx&_nc_gid=AoBFJeGrT1hVaew_6rchkQ&oh=00_AfX7QmFGhQhG2jAllVgXCiM1ZrWgvtp80-Bfppyexh1QEg&oe=689E923C","@id":"https:\/\/anoticiaonline.com.br\/site\/a-morte-e-o-retrato-da-vida\/#organizationLogo"},"image":{"@id":"https:\/\/anoticiaonline.com.br\/site\/a-morte-e-o-retrato-da-vida\/#organizationLogo"}},{"@type":"Person","@id":"https:\/\/anoticiaonline.com.br\/site\/author\/juliana\/#author","url":"https:\/\/anoticiaonline.com.br\/site\/author\/juliana\/","name":"Juliana Laviola","image":{"@type":"ImageObject","@id":"https:\/\/anoticiaonline.com.br\/site\/a-morte-e-o-retrato-da-vida\/#authorImage","url":"https:\/\/secure.gravatar.com\/avatar\/b8d45f5c699b100dfaf0e543582f38f38bf94cb7ae3a5e9abf8d891a34773335?s=96&d=mm&r=g","width":96,"height":96,"caption":"Juliana Laviola"}},{"@type":"WebPage","@id":"https:\/\/anoticiaonline.com.br\/site\/a-morte-e-o-retrato-da-vida\/#webpage","url":"https:\/\/anoticiaonline.com.br\/site\/a-morte-e-o-retrato-da-vida\/","name":"A morte \u00e9 o retrato da vida - A Not\u00edcia Online","description":"Muitos creem que a morte santifica quem lhe sofre a ocorr\u00eancia \"A cada um ser\u00e1 dado de acordo com as suas obras.\" - Jesus. (Mt., 16:27). Com o seu l\u00facido e singular tiroc\u00ednio, Allan Kardec indagou dos Benfeitores Espirituais em \u201cO Livro dos Esp\u00edritos\u201d, (quest\u00e3o 508), se as pessoas que se achavam em boas condi\u00e7\u00f5es,","inLanguage":"pt-BR","isPartOf":{"@id":"https:\/\/anoticiaonline.com.br\/site\/#website"},"breadcrumb":{"@id":"https:\/\/anoticiaonline.com.br\/site\/a-morte-e-o-retrato-da-vida\/#breadcrumblist"},"author":{"@id":"https:\/\/anoticiaonline.com.br\/site\/author\/juliana\/#author"},"creator":{"@id":"https:\/\/anoticiaonline.com.br\/site\/author\/juliana\/#author"},"datePublished":"2016-10-17T07:44:10-03:00","dateModified":"2016-10-17T07:44:10-03:00"},{"@type":"WebSite","@id":"https:\/\/anoticiaonline.com.br\/site\/#website","url":"https:\/\/anoticiaonline.com.br\/site\/","name":"A Not\u00edcia Online","description":"Noticias de Muria\u00e9 e regi\u00e3o","inLanguage":"pt-BR","publisher":{"@id":"https:\/\/anoticiaonline.com.br\/site\/#organization"}}]},"og:locale":"pt_BR","og:site_name":"A Not\u00edcia Online - Noticias de Muria\u00e9 e regi\u00e3o","og:type":"article","og:title":"A morte \u00e9 o retrato da vida - A Not\u00edcia Online","og:description":"Muitos creem que a morte santifica quem lhe sofre a ocorr\u00eancia &quot;A cada um ser\u00e1 dado de acordo com as suas obras.&quot; - Jesus. (Mt., 16:27). Com o seu l\u00facido e singular tiroc\u00ednio, Allan Kardec indagou dos Benfeitores Espirituais em \u201cO Livro dos Esp\u00edritos\u201d, (quest\u00e3o 508), se as pessoas que se achavam em boas condi\u00e7\u00f5es,","og:url":"https:\/\/anoticiaonline.com.br\/site\/a-morte-e-o-retrato-da-vida\/","og:image":"https:\/\/scontent-gig4-1.xx.fbcdn.net\/v\/t39.30808-1\/270437624_4564083193639691_6907940295614233970_n.jpg?stp=dst-jpg_s200x200_tt6&#038;_nc_cat=111&#038;ccb=1-7&#038;_nc_sid=f907e8&#038;_nc_ohc=SM1wRlP3lJwQ7kNvwEPuBYA&#038;_nc_oc=AdnqrjDN_BNjSSHWO-GbkIWH6fkGMLw4bqvL_NH6e2wMveX7G-rP2dAqsDSq1mJMOaY&#038;_nc_zt=24&#038;_nc_ht=scontent-gig4-1.xx&#038;_nc_gid=AoBFJeGrT1hVaew_6rchkQ&#038;oh=00_AfX7QmFGhQhG2jAllVgXCiM1ZrWgvtp80-Bfppyexh1QEg&#038;oe=689E923C","og:image:secure_url":"https:\/\/scontent-gig4-1.xx.fbcdn.net\/v\/t39.30808-1\/270437624_4564083193639691_6907940295614233970_n.jpg?stp=dst-jpg_s200x200_tt6&#038;_nc_cat=111&#038;ccb=1-7&#038;_nc_sid=f907e8&#038;_nc_ohc=SM1wRlP3lJwQ7kNvwEPuBYA&#038;_nc_oc=AdnqrjDN_BNjSSHWO-GbkIWH6fkGMLw4bqvL_NH6e2wMveX7G-rP2dAqsDSq1mJMOaY&#038;_nc_zt=24&#038;_nc_ht=scontent-gig4-1.xx&#038;_nc_gid=AoBFJeGrT1hVaew_6rchkQ&#038;oh=00_AfX7QmFGhQhG2jAllVgXCiM1ZrWgvtp80-Bfppyexh1QEg&#038;oe=689E923C","article:published_time":"2016-10-17T10:44:10+00:00","article:modified_time":"2016-10-17T10:44:10+00:00","twitter:card":"summary_large_image","twitter:title":"A morte \u00e9 o retrato da vida - A Not\u00edcia Online","twitter:description":"Muitos creem que a morte santifica quem lhe sofre a ocorr\u00eancia &quot;A cada um ser\u00e1 dado de acordo com as suas obras.&quot; - Jesus. (Mt., 16:27). Com o seu l\u00facido e singular tiroc\u00ednio, Allan Kardec indagou dos Benfeitores Espirituais em \u201cO Livro dos Esp\u00edritos\u201d, (quest\u00e3o 508), se as pessoas que se achavam em boas condi\u00e7\u00f5es,","twitter:image":"https:\/\/scontent-gig4-1.xx.fbcdn.net\/v\/t39.30808-1\/270437624_4564083193639691_6907940295614233970_n.jpg?stp=dst-jpg_s200x200_tt6&_nc_cat=111&ccb=1-7&_nc_sid=f907e8&_nc_ohc=SM1wRlP3lJwQ7kNvwEPuBYA&_nc_oc=AdnqrjDN_BNjSSHWO-GbkIWH6fkGMLw4bqvL_NH6e2wMveX7G-rP2dAqsDSq1mJMOaY&_nc_zt=24&_nc_ht=scontent-gig4-1.xx&_nc_gid=AoBFJeGrT1hVaew_6rchkQ&oh=00_AfX7QmFGhQhG2jAllVgXCiM1ZrWgvtp80-Bfppyexh1QEg&oe=689E923C"},"aioseo_meta_data":{"post_id":"20606","title":null,"description":null,"keywords":null,"keyphrases":null,"primary_term":null,"canonical_url":null,"og_title":null,"og_description":null,"og_object_type":"default","og_image_type":"default","og_image_url":null,"og_image_width":null,"og_image_height":null,"og_image_custom_url":null,"og_image_custom_fields":null,"og_video":null,"og_custom_url":null,"og_article_section":null,"og_article_tags":null,"twitter_use_og":false,"twitter_card":"default","twitter_image_type":"default","twitter_image_url":null,"twitter_image_custom_url":null,"twitter_image_custom_fields":null,"twitter_title":null,"twitter_description":null,"schema":{"blockGraphs":[],"customGraphs":[],"default":{"data":{"Article":[],"Course":[],"Dataset":[],"FAQPage":[],"Movie":[],"Person":[],"Product":[],"ProductReview":[],"Car":[],"Recipe":[],"Service":[],"SoftwareApplication":[],"WebPage":[]},"graphName":"","isEnabled":true},"graphs":[]},"schema_type":"default","schema_type_options":null,"pillar_content":false,"robots_default":true,"robots_noindex":false,"robots_noarchive":false,"robots_nosnippet":false,"robots_nofollow":false,"robots_noimageindex":false,"robots_noodp":false,"robots_notranslate":false,"robots_max_snippet":null,"robots_max_videopreview":null,"robots_max_imagepreview":"large","priority":null,"frequency":null,"local_seo":null,"breadcrumb_settings":null,"limit_modified_date":false,"ai":null,"created":"2025-08-16 16:59:00","updated":"2025-08-16 16:59:00","focus_keyword":null,"additional_keywords":null,"truseo_locale":null,"seo_analyzer_scan_date":null},"aioseo_breadcrumb":"<div class=\"aioseo-breadcrumbs\"><span class=\"aioseo-breadcrumb\">\n\t\t\t<a href=\"https:\/\/anoticiaonline.com.br\/site\" title=\"Home\">Home<\/a>\n\t\t<\/span><span class=\"aioseo-breadcrumb-separator\">&raquo;<\/span><span class=\"aioseo-breadcrumb\">\n\t\t\t<a href=\"https:\/\/anoticiaonline.com.br\/site\/categoria\/colunistas\/\" title=\"Colunistas\">Colunistas<\/a>\n\t\t<\/span><span class=\"aioseo-breadcrumb-separator\">&raquo;<\/span><span class=\"aioseo-breadcrumb\">\n\t\t\t<a href=\"https:\/\/anoticiaonline.com.br\/site\/categoria\/colunistas\/espiritismo-em-foco-de-rogerio-coelho\/\" title=\"Espiritismo em Foco, por Rog\u00e9rio Coelho\">Espiritismo em Foco, por Rog\u00e9rio Coelho<\/a>\n\t\t<\/span><span class=\"aioseo-breadcrumb-separator\">&raquo;<\/span><span class=\"aioseo-breadcrumb\">\n\t\t\tA morte \u00e9 o retrato da vida\n\t\t<\/span><\/div>","aioseo_breadcrumb_json":[{"label":"Home","link":"https:\/\/anoticiaonline.com.br\/site"},{"label":"Colunistas","link":"https:\/\/anoticiaonline.com.br\/site\/categoria\/colunistas\/"},{"label":"Espiritismo em Foco, por Rog\u00e9rio Coelho","link":"https:\/\/anoticiaonline.com.br\/site\/categoria\/colunistas\/espiritismo-em-foco-de-rogerio-coelho\/"},{"label":"A morte \u00e9 o retrato da vida","link":"https:\/\/anoticiaonline.com.br\/site\/a-morte-e-o-retrato-da-vida\/"}],"views":132,"_links":{"self":[{"href":"https:\/\/anoticiaonline.com.br\/site\/wp-json\/wp\/v2\/posts\/20606","targetHints":{"allow":["GET"]}}],"collection":[{"href":"https:\/\/anoticiaonline.com.br\/site\/wp-json\/wp\/v2\/posts"}],"about":[{"href":"https:\/\/anoticiaonline.com.br\/site\/wp-json\/wp\/v2\/types\/post"}],"author":[{"embeddable":true,"href":"https:\/\/anoticiaonline.com.br\/site\/wp-json\/wp\/v2\/users\/2"}],"replies":[{"embeddable":true,"href":"https:\/\/anoticiaonline.com.br\/site\/wp-json\/wp\/v2\/comments?post=20606"}],"version-history":[{"count":0,"href":"https:\/\/anoticiaonline.com.br\/site\/wp-json\/wp\/v2\/posts\/20606\/revisions"}],"wp:attachment":[{"href":"https:\/\/anoticiaonline.com.br\/site\/wp-json\/wp\/v2\/media?parent=20606"}],"wp:term":[{"taxonomy":"category","embeddable":true,"href":"https:\/\/anoticiaonline.com.br\/site\/wp-json\/wp\/v2\/categories?post=20606"},{"taxonomy":"post_tag","embeddable":true,"href":"https:\/\/anoticiaonline.com.br\/site\/wp-json\/wp\/v2\/tags?post=20606"}],"curies":[{"name":"wp","href":"https:\/\/api.w.org\/{rel}","templated":true}]}}