{"id":19997,"date":"2016-10-06T23:11:56","date_gmt":"2016-10-07T02:11:56","guid":{"rendered":"http:\/\/anoticiaonline.com.br\/site\/?p=19997"},"modified":"2016-10-07T00:10:03","modified_gmt":"2016-10-07T03:10:03","slug":"interiores-projeto-e-decoracao-e-inaugurada-no-centro","status":"publish","type":"post","link":"https:\/\/anoticiaonline.com.br\/site\/interiores-projeto-e-decoracao-e-inaugurada-no-centro\/","title":{"rendered":"Interiores Projeto e Decora\u00e7\u00e3o \u00e9 inaugurada no Centro"},"content":{"rendered":"<p><a href=\"https:\/\/anoticiaonline.com.br\/site\/wp-content\/uploads\/2016\/10\/DSC_0923.jpg\"><img fetchpriority=\"high\" decoding=\"async\" class=\" size-medium wp-image-19998 alignleft\" src=\"https:\/\/anoticiaonline.com.br\/site\/wp-content\/uploads\/2016\/10\/DSC_0923-300x223.jpg\" alt=\"dsc_0923\" width=\"300\" height=\"223\" srcset=\"https:\/\/anoticiaonline.com.br\/site\/wp-content\/uploads\/2016\/10\/DSC_0923-300x223.jpg 300w, https:\/\/anoticiaonline.com.br\/site\/wp-content\/uploads\/2016\/10\/DSC_0923.jpg 640w\" sizes=\"(max-width: 300px) 100vw, 300px\" \/><\/a>A Interiores, especializada em projetos e decora\u00e7\u00f5es, chegou a Muria\u00e9 trazendo novidades e servi\u00e7os exclusivos e inovadores. Localizados na Rua Capit\u00e3o Jos\u00e9 Justino, 79, Centro, o escrit\u00f3rio e show room oferecem linhas diferenciadas de persianas e de papel de parede importado, com cole\u00e7\u00f5es de variadas estampas e modelos, al\u00e9m de pe\u00e7as de decora\u00e7\u00e3o.<\/p>\n<p>A loja tamb\u00e9m oferece representa\u00e7\u00f5es de produtos que possam agregar valor aos projetos de profissionais de Muria\u00e9. \u201cS\u00e3o produtos que muitas vezes sentimos car\u00eancia, por n\u00e3o terem lojas na cidade e, por isso, temos que procur\u00e1-los fora\u201d, conta a designer de Interiores, Ana Lu\u00edza Ara\u00fajo Salim. Ela tamb\u00e9m est\u00e1 ouvindo os profissionais da \u00e1rea para realizar um trabalho em parceria, a fim de atender melhor os clientes.<\/p>\n<p>A inaugura\u00e7\u00e3o aconteceu na noite da \u00faltima quarta-feira (28), quando foi servido um coquetel para clientes, profissionais da \u00e1rea e amigos conhecerem o novo espa\u00e7o, os servi\u00e7os e produtos que a Interiores oferece.<\/p>\n<p><img decoding=\"async\" class=\"ngg_displayed_gallery mceItem\" src=\"https:\/\/anoticiaonline.com.br\/site\/nextgen-attach_to_post\/preview\/id--20078\" alt=\"\" \/><\/p>\n<p>&nbsp;<\/p>\n","protected":false},"excerpt":{"rendered":"<p>A Interiores, especializada em projetos e decora\u00e7\u00f5es, chegou a Muria\u00e9 trazendo novidades e servi\u00e7os exclusivos e inovadores. Localizados na Rua Capit\u00e3o Jos\u00e9 Justino, 79, Centro, o escrit\u00f3rio e show room oferecem linhas diferenciadas de persianas e de papel de parede importado, com cole\u00e7\u00f5es de variadas estampas e modelos, al\u00e9m de pe\u00e7as de decora\u00e7\u00e3o. A loja &#8230; <a title=\"Interiores Projeto e Decora\u00e7\u00e3o \u00e9 inaugurada no Centro\" class=\"read-more\" href=\"https:\/\/anoticiaonline.com.br\/site\/interiores-projeto-e-decoracao-e-inaugurada-no-centro\/\" aria-label=\"Read more about Interiores Projeto e Decora\u00e7\u00e3o \u00e9 inaugurada no Centro\">Ler mais<\/a><\/p>\n","protected":false},"author":2,"featured_media":19998,"comment_status":"open","ping_status":"open","sticky":false,"template":"","format":"standard","meta":{"_acf_changed":false,"_monsterinsights_skip_tracking":false,"footnotes":""},"categories":[24],"tags":[],"class_list":["post-19997","post","type-post","status-publish","format-standard","has-post-thumbnail","hentry","category-eventos"],"acf":[],"aioseo_notices":[],"aioseo_head":"\n\t\t<!-- All in One SEO 5.0.0.1 - aioseo.com -->\n\t<meta name=\"description\" content=\"A Interiores, especializada em projetos e decora\u00e7\u00f5es, chegou a Muria\u00e9 trazendo novidades e servi\u00e7os exclusivos e inovadores. Localizados na Rua Capit\u00e3o Jos\u00e9 Justino, 79, Centro, o escrit\u00f3rio e show room oferecem linhas diferenciadas de persianas e de papel de parede importado, com cole\u00e7\u00f5es de variadas estampas e modelos, al\u00e9m de pe\u00e7as de decora\u00e7\u00e3o. A loja\" \/>\n\t<meta name=\"robots\" content=\"max-image-preview:large\" \/>\n\t<meta name=\"author\" content=\"Juliana Laviola\"\/>\n\t<link rel=\"canonical\" href=\"https:\/\/anoticiaonline.com.br\/site\/interiores-projeto-e-decoracao-e-inaugurada-no-centro\/\" \/>\n\t<meta name=\"generator\" content=\"All in One SEO (AIOSEO) 5.0.0.1\" \/>\n\t\t<meta property=\"og:locale\" content=\"pt_BR\" \/>\n\t\t<meta property=\"og:site_name\" content=\"A Not\u00edcia Online - Noticias de Muria\u00e9 e regi\u00e3o\" \/>\n\t\t<meta property=\"og:type\" content=\"article\" \/>\n\t\t<meta property=\"og:title\" content=\"Interiores Projeto e Decora\u00e7\u00e3o \u00e9 inaugurada no Centro - A Not\u00edcia Online\" \/>\n\t\t<meta property=\"og:description\" content=\"A Interiores, especializada em projetos e decora\u00e7\u00f5es, chegou a Muria\u00e9 trazendo novidades e servi\u00e7os exclusivos e inovadores. Localizados na Rua Capit\u00e3o Jos\u00e9 Justino, 79, Centro, o escrit\u00f3rio e show room oferecem linhas diferenciadas de persianas e de papel de parede importado, com cole\u00e7\u00f5es de variadas estampas e modelos, al\u00e9m de pe\u00e7as de decora\u00e7\u00e3o. A loja\" \/>\n\t\t<meta property=\"og:url\" content=\"https:\/\/anoticiaonline.com.br\/site\/interiores-projeto-e-decoracao-e-inaugurada-no-centro\/\" \/>\n\t\t<meta property=\"og:image\" content=\"https:\/\/scontent-gig4-1.xx.fbcdn.net\/v\/t39.30808-1\/270437624_4564083193639691_6907940295614233970_n.jpg?stp=dst-jpg_s200x200_tt6&#038;_nc_cat=111&#038;ccb=1-7&#038;_nc_sid=f907e8&#038;_nc_ohc=SM1wRlP3lJwQ7kNvwEPuBYA&#038;_nc_oc=AdnqrjDN_BNjSSHWO-GbkIWH6fkGMLw4bqvL_NH6e2wMveX7G-rP2dAqsDSq1mJMOaY&#038;_nc_zt=24&#038;_nc_ht=scontent-gig4-1.xx&#038;_nc_gid=AoBFJeGrT1hVaew_6rchkQ&#038;oh=00_AfX7QmFGhQhG2jAllVgXCiM1ZrWgvtp80-Bfppyexh1QEg&#038;oe=689E923C\" \/>\n\t\t<meta property=\"og:image:secure_url\" content=\"https:\/\/scontent-gig4-1.xx.fbcdn.net\/v\/t39.30808-1\/270437624_4564083193639691_6907940295614233970_n.jpg?stp=dst-jpg_s200x200_tt6&#038;_nc_cat=111&#038;ccb=1-7&#038;_nc_sid=f907e8&#038;_nc_ohc=SM1wRlP3lJwQ7kNvwEPuBYA&#038;_nc_oc=AdnqrjDN_BNjSSHWO-GbkIWH6fkGMLw4bqvL_NH6e2wMveX7G-rP2dAqsDSq1mJMOaY&#038;_nc_zt=24&#038;_nc_ht=scontent-gig4-1.xx&#038;_nc_gid=AoBFJeGrT1hVaew_6rchkQ&#038;oh=00_AfX7QmFGhQhG2jAllVgXCiM1ZrWgvtp80-Bfppyexh1QEg&#038;oe=689E923C\" \/>\n\t\t<meta property=\"article:published_time\" content=\"2016-10-07T02:11:56+00:00\" \/>\n\t\t<meta property=\"article:modified_time\" content=\"2016-10-07T03:10:03+00:00\" \/>\n\t\t<meta name=\"twitter:card\" content=\"summary_large_image\" \/>\n\t\t<meta name=\"twitter:title\" content=\"Interiores Projeto e Decora\u00e7\u00e3o \u00e9 inaugurada no Centro - A Not\u00edcia Online\" \/>\n\t\t<meta name=\"twitter:description\" content=\"A Interiores, especializada em projetos e decora\u00e7\u00f5es, chegou a Muria\u00e9 trazendo novidades e servi\u00e7os exclusivos e inovadores. Localizados na Rua Capit\u00e3o Jos\u00e9 Justino, 79, Centro, o escrit\u00f3rio e show room oferecem linhas diferenciadas de persianas e de papel de parede importado, com cole\u00e7\u00f5es de variadas estampas e modelos, al\u00e9m de pe\u00e7as de decora\u00e7\u00e3o. A loja\" \/>\n\t\t<meta name=\"twitter:image\" content=\"https:\/\/scontent-gig4-1.xx.fbcdn.net\/v\/t39.30808-1\/270437624_4564083193639691_6907940295614233970_n.jpg?stp=dst-jpg_s200x200_tt6&amp;_nc_cat=111&amp;ccb=1-7&amp;_nc_sid=f907e8&amp;_nc_ohc=SM1wRlP3lJwQ7kNvwEPuBYA&amp;_nc_oc=AdnqrjDN_BNjSSHWO-GbkIWH6fkGMLw4bqvL_NH6e2wMveX7G-rP2dAqsDSq1mJMOaY&amp;_nc_zt=24&amp;_nc_ht=scontent-gig4-1.xx&amp;_nc_gid=AoBFJeGrT1hVaew_6rchkQ&amp;oh=00_AfX7QmFGhQhG2jAllVgXCiM1ZrWgvtp80-Bfppyexh1QEg&amp;oe=689E923C\" \/>\n\t\t<script type=\"application\/ld+json\" class=\"aioseo-schema\">\n\t\t\t{\"@context\":\"https:\\\/\\\/schema.org\",\"@graph\":[{\"@type\":\"BlogPosting\",\"@id\":\"https:\\\/\\\/anoticiaonline.com.br\\\/site\\\/interiores-projeto-e-decoracao-e-inaugurada-no-centro\\\/#blogposting\",\"name\":\"Interiores Projeto e Decora\\u00e7\\u00e3o \\u00e9 inaugurada no Centro - A Not\\u00edcia Online\",\"headline\":\"Interiores Projeto e Decora\\u00e7\\u00e3o \\u00e9 inaugurada no Centro\",\"author\":{\"@id\":\"https:\\\/\\\/anoticiaonline.com.br\\\/site\\\/author\\\/juliana\\\/#author\"},\"publisher\":{\"@id\":\"https:\\\/\\\/anoticiaonline.com.br\\\/site\\\/#organization\"},\"image\":{\"@type\":\"ImageObject\",\"url\":\"https:\\\/\\\/anoticiaonline.com.br\\\/site\\\/wp-content\\\/uploads\\\/2016\\\/10\\\/DSC_0923.jpg\",\"width\":640,\"height\":476},\"datePublished\":\"2016-10-06T23:11:56-03:00\",\"dateModified\":\"2016-10-07T00:10:03-03:00\",\"inLanguage\":\"pt-BR\",\"mainEntityOfPage\":{\"@id\":\"https:\\\/\\\/anoticiaonline.com.br\\\/site\\\/interiores-projeto-e-decoracao-e-inaugurada-no-centro\\\/#webpage\"},\"isPartOf\":{\"@id\":\"https:\\\/\\\/anoticiaonline.com.br\\\/site\\\/interiores-projeto-e-decoracao-e-inaugurada-no-centro\\\/#webpage\"},\"articleSection\":\"Eventos\"},{\"@type\":\"BreadcrumbList\",\"@id\":\"https:\\\/\\\/anoticiaonline.com.br\\\/site\\\/interiores-projeto-e-decoracao-e-inaugurada-no-centro\\\/#breadcrumblist\",\"itemListElement\":[{\"@type\":\"ListItem\",\"@id\":\"https:\\\/\\\/anoticiaonline.com.br\\\/site#listItem\",\"position\":1,\"name\":\"Home\",\"item\":\"https:\\\/\\\/anoticiaonline.com.br\\\/site\",\"nextItem\":{\"@type\":\"ListItem\",\"@id\":\"https:\\\/\\\/anoticiaonline.com.br\\\/site\\\/categoria\\\/eventos\\\/#listItem\",\"name\":\"Eventos\"}},{\"@type\":\"ListItem\",\"@id\":\"https:\\\/\\\/anoticiaonline.com.br\\\/site\\\/categoria\\\/eventos\\\/#listItem\",\"position\":2,\"name\":\"Eventos\",\"item\":\"https:\\\/\\\/anoticiaonline.com.br\\\/site\\\/categoria\\\/eventos\\\/\",\"nextItem\":{\"@type\":\"ListItem\",\"@id\":\"https:\\\/\\\/anoticiaonline.com.br\\\/site\\\/interiores-projeto-e-decoracao-e-inaugurada-no-centro\\\/#listItem\",\"name\":\"Interiores Projeto e Decora\\u00e7\\u00e3o \\u00e9 inaugurada no Centro\"},\"previousItem\":{\"@type\":\"ListItem\",\"@id\":\"https:\\\/\\\/anoticiaonline.com.br\\\/site#listItem\",\"name\":\"Home\"}},{\"@type\":\"ListItem\",\"@id\":\"https:\\\/\\\/anoticiaonline.com.br\\\/site\\\/interiores-projeto-e-decoracao-e-inaugurada-no-centro\\\/#listItem\",\"position\":3,\"name\":\"Interiores Projeto e Decora\\u00e7\\u00e3o \\u00e9 inaugurada no Centro\",\"previousItem\":{\"@type\":\"ListItem\",\"@id\":\"https:\\\/\\\/anoticiaonline.com.br\\\/site\\\/categoria\\\/eventos\\\/#listItem\",\"name\":\"Eventos\"}}]},{\"@type\":\"Organization\",\"@id\":\"https:\\\/\\\/anoticiaonline.com.br\\\/site\\\/#organization\",\"name\":\"A Not\\u00edcia Online\",\"description\":\"Noticias de Muria\\u00e9 e regi\\u00e3o\",\"url\":\"https:\\\/\\\/anoticiaonline.com.br\\\/site\\\/\",\"logo\":{\"@type\":\"ImageObject\",\"url\":\"https:\\\/\\\/scontent-gig4-1.xx.fbcdn.net\\\/v\\\/t39.30808-1\\\/270437624_4564083193639691_6907940295614233970_n.jpg?stp=dst-jpg_s200x200_tt6&_nc_cat=111&ccb=1-7&_nc_sid=f907e8&_nc_ohc=SM1wRlP3lJwQ7kNvwEPuBYA&_nc_oc=AdnqrjDN_BNjSSHWO-GbkIWH6fkGMLw4bqvL_NH6e2wMveX7G-rP2dAqsDSq1mJMOaY&_nc_zt=24&_nc_ht=scontent-gig4-1.xx&_nc_gid=AoBFJeGrT1hVaew_6rchkQ&oh=00_AfX7QmFGhQhG2jAllVgXCiM1ZrWgvtp80-Bfppyexh1QEg&oe=689E923C\",\"@id\":\"https:\\\/\\\/anoticiaonline.com.br\\\/site\\\/interiores-projeto-e-decoracao-e-inaugurada-no-centro\\\/#organizationLogo\"},\"image\":{\"@id\":\"https:\\\/\\\/anoticiaonline.com.br\\\/site\\\/interiores-projeto-e-decoracao-e-inaugurada-no-centro\\\/#organizationLogo\"}},{\"@type\":\"Person\",\"@id\":\"https:\\\/\\\/anoticiaonline.com.br\\\/site\\\/author\\\/juliana\\\/#author\",\"url\":\"https:\\\/\\\/anoticiaonline.com.br\\\/site\\\/author\\\/juliana\\\/\",\"name\":\"Juliana Laviola\",\"image\":{\"@type\":\"ImageObject\",\"@id\":\"https:\\\/\\\/anoticiaonline.com.br\\\/site\\\/interiores-projeto-e-decoracao-e-inaugurada-no-centro\\\/#authorImage\",\"url\":\"https:\\\/\\\/secure.gravatar.com\\\/avatar\\\/b8d45f5c699b100dfaf0e543582f38f38bf94cb7ae3a5e9abf8d891a34773335?s=96&d=mm&r=g\",\"width\":96,\"height\":96,\"caption\":\"Juliana Laviola\"}},{\"@type\":\"WebPage\",\"@id\":\"https:\\\/\\\/anoticiaonline.com.br\\\/site\\\/interiores-projeto-e-decoracao-e-inaugurada-no-centro\\\/#webpage\",\"url\":\"https:\\\/\\\/anoticiaonline.com.br\\\/site\\\/interiores-projeto-e-decoracao-e-inaugurada-no-centro\\\/\",\"name\":\"Interiores Projeto e Decora\\u00e7\\u00e3o \\u00e9 inaugurada no Centro - A Not\\u00edcia Online\",\"description\":\"A Interiores, especializada em projetos e decora\\u00e7\\u00f5es, chegou a Muria\\u00e9 trazendo novidades e servi\\u00e7os exclusivos e inovadores. Localizados na Rua Capit\\u00e3o Jos\\u00e9 Justino, 79, Centro, o escrit\\u00f3rio e show room oferecem linhas diferenciadas de persianas e de papel de parede importado, com cole\\u00e7\\u00f5es de variadas estampas e modelos, al\\u00e9m de pe\\u00e7as de decora\\u00e7\\u00e3o. A loja\",\"inLanguage\":\"pt-BR\",\"isPartOf\":{\"@id\":\"https:\\\/\\\/anoticiaonline.com.br\\\/site\\\/#website\"},\"breadcrumb\":{\"@id\":\"https:\\\/\\\/anoticiaonline.com.br\\\/site\\\/interiores-projeto-e-decoracao-e-inaugurada-no-centro\\\/#breadcrumblist\"},\"author\":{\"@id\":\"https:\\\/\\\/anoticiaonline.com.br\\\/site\\\/author\\\/juliana\\\/#author\"},\"creator\":{\"@id\":\"https:\\\/\\\/anoticiaonline.com.br\\\/site\\\/author\\\/juliana\\\/#author\"},\"image\":{\"@type\":\"ImageObject\",\"url\":\"https:\\\/\\\/anoticiaonline.com.br\\\/site\\\/wp-content\\\/uploads\\\/2016\\\/10\\\/DSC_0923.jpg\",\"@id\":\"https:\\\/\\\/anoticiaonline.com.br\\\/site\\\/interiores-projeto-e-decoracao-e-inaugurada-no-centro\\\/#mainImage\",\"width\":640,\"height\":476},\"primaryImageOfPage\":{\"@id\":\"https:\\\/\\\/anoticiaonline.com.br\\\/site\\\/interiores-projeto-e-decoracao-e-inaugurada-no-centro\\\/#mainImage\"},\"datePublished\":\"2016-10-06T23:11:56-03:00\",\"dateModified\":\"2016-10-07T00:10:03-03:00\"},{\"@type\":\"WebSite\",\"@id\":\"https:\\\/\\\/anoticiaonline.com.br\\\/site\\\/#website\",\"url\":\"https:\\\/\\\/anoticiaonline.com.br\\\/site\\\/\",\"name\":\"A Not\\u00edcia Online\",\"description\":\"Noticias de Muria\\u00e9 e regi\\u00e3o\",\"inLanguage\":\"pt-BR\",\"publisher\":{\"@id\":\"https:\\\/\\\/anoticiaonline.com.br\\\/site\\\/#organization\"}}]}\n\t\t<\/script>\n\t\t<!-- All in One SEO -->\n\n","aioseo_head_json":{"title":"Interiores Projeto e Decora\u00e7\u00e3o \u00e9 inaugurada no Centro - A Not\u00edcia Online","description":"A Interiores, especializada em projetos e decora\u00e7\u00f5es, chegou a Muria\u00e9 trazendo novidades e servi\u00e7os exclusivos e inovadores. Localizados na Rua Capit\u00e3o Jos\u00e9 Justino, 79, Centro, o escrit\u00f3rio e show room oferecem linhas diferenciadas de persianas e de papel de parede importado, com cole\u00e7\u00f5es de variadas estampas e modelos, al\u00e9m de pe\u00e7as de decora\u00e7\u00e3o. A loja","canonical_url":"https:\/\/anoticiaonline.com.br\/site\/interiores-projeto-e-decoracao-e-inaugurada-no-centro\/","robots":"max-image-preview:large","keywords":"","webmasterTools":{"miscellaneous":""},"schema":{"@context":"https:\/\/schema.org","@graph":[{"@type":"BlogPosting","@id":"https:\/\/anoticiaonline.com.br\/site\/interiores-projeto-e-decoracao-e-inaugurada-no-centro\/#blogposting","name":"Interiores Projeto e Decora\u00e7\u00e3o \u00e9 inaugurada no Centro - A Not\u00edcia Online","headline":"Interiores Projeto e Decora\u00e7\u00e3o \u00e9 inaugurada no Centro","author":{"@id":"https:\/\/anoticiaonline.com.br\/site\/author\/juliana\/#author"},"publisher":{"@id":"https:\/\/anoticiaonline.com.br\/site\/#organization"},"image":{"@type":"ImageObject","url":"https:\/\/anoticiaonline.com.br\/site\/wp-content\/uploads\/2016\/10\/DSC_0923.jpg","width":640,"height":476},"datePublished":"2016-10-06T23:11:56-03:00","dateModified":"2016-10-07T00:10:03-03:00","inLanguage":"pt-BR","mainEntityOfPage":{"@id":"https:\/\/anoticiaonline.com.br\/site\/interiores-projeto-e-decoracao-e-inaugurada-no-centro\/#webpage"},"isPartOf":{"@id":"https:\/\/anoticiaonline.com.br\/site\/interiores-projeto-e-decoracao-e-inaugurada-no-centro\/#webpage"},"articleSection":"Eventos"},{"@type":"BreadcrumbList","@id":"https:\/\/anoticiaonline.com.br\/site\/interiores-projeto-e-decoracao-e-inaugurada-no-centro\/#breadcrumblist","itemListElement":[{"@type":"ListItem","@id":"https:\/\/anoticiaonline.com.br\/site#listItem","position":1,"name":"Home","item":"https:\/\/anoticiaonline.com.br\/site","nextItem":{"@type":"ListItem","@id":"https:\/\/anoticiaonline.com.br\/site\/categoria\/eventos\/#listItem","name":"Eventos"}},{"@type":"ListItem","@id":"https:\/\/anoticiaonline.com.br\/site\/categoria\/eventos\/#listItem","position":2,"name":"Eventos","item":"https:\/\/anoticiaonline.com.br\/site\/categoria\/eventos\/","nextItem":{"@type":"ListItem","@id":"https:\/\/anoticiaonline.com.br\/site\/interiores-projeto-e-decoracao-e-inaugurada-no-centro\/#listItem","name":"Interiores Projeto e Decora\u00e7\u00e3o \u00e9 inaugurada no Centro"},"previousItem":{"@type":"ListItem","@id":"https:\/\/anoticiaonline.com.br\/site#listItem","name":"Home"}},{"@type":"ListItem","@id":"https:\/\/anoticiaonline.com.br\/site\/interiores-projeto-e-decoracao-e-inaugurada-no-centro\/#listItem","position":3,"name":"Interiores Projeto e Decora\u00e7\u00e3o \u00e9 inaugurada no Centro","previousItem":{"@type":"ListItem","@id":"https:\/\/anoticiaonline.com.br\/site\/categoria\/eventos\/#listItem","name":"Eventos"}}]},{"@type":"Organization","@id":"https:\/\/anoticiaonline.com.br\/site\/#organization","name":"A Not\u00edcia Online","description":"Noticias de Muria\u00e9 e regi\u00e3o","url":"https:\/\/anoticiaonline.com.br\/site\/","logo":{"@type":"ImageObject","url":"https:\/\/scontent-gig4-1.xx.fbcdn.net\/v\/t39.30808-1\/270437624_4564083193639691_6907940295614233970_n.jpg?stp=dst-jpg_s200x200_tt6&_nc_cat=111&ccb=1-7&_nc_sid=f907e8&_nc_ohc=SM1wRlP3lJwQ7kNvwEPuBYA&_nc_oc=AdnqrjDN_BNjSSHWO-GbkIWH6fkGMLw4bqvL_NH6e2wMveX7G-rP2dAqsDSq1mJMOaY&_nc_zt=24&_nc_ht=scontent-gig4-1.xx&_nc_gid=AoBFJeGrT1hVaew_6rchkQ&oh=00_AfX7QmFGhQhG2jAllVgXCiM1ZrWgvtp80-Bfppyexh1QEg&oe=689E923C","@id":"https:\/\/anoticiaonline.com.br\/site\/interiores-projeto-e-decoracao-e-inaugurada-no-centro\/#organizationLogo"},"image":{"@id":"https:\/\/anoticiaonline.com.br\/site\/interiores-projeto-e-decoracao-e-inaugurada-no-centro\/#organizationLogo"}},{"@type":"Person","@id":"https:\/\/anoticiaonline.com.br\/site\/author\/juliana\/#author","url":"https:\/\/anoticiaonline.com.br\/site\/author\/juliana\/","name":"Juliana Laviola","image":{"@type":"ImageObject","@id":"https:\/\/anoticiaonline.com.br\/site\/interiores-projeto-e-decoracao-e-inaugurada-no-centro\/#authorImage","url":"https:\/\/secure.gravatar.com\/avatar\/b8d45f5c699b100dfaf0e543582f38f38bf94cb7ae3a5e9abf8d891a34773335?s=96&d=mm&r=g","width":96,"height":96,"caption":"Juliana Laviola"}},{"@type":"WebPage","@id":"https:\/\/anoticiaonline.com.br\/site\/interiores-projeto-e-decoracao-e-inaugurada-no-centro\/#webpage","url":"https:\/\/anoticiaonline.com.br\/site\/interiores-projeto-e-decoracao-e-inaugurada-no-centro\/","name":"Interiores Projeto e Decora\u00e7\u00e3o \u00e9 inaugurada no Centro - A Not\u00edcia Online","description":"A Interiores, especializada em projetos e decora\u00e7\u00f5es, chegou a Muria\u00e9 trazendo novidades e servi\u00e7os exclusivos e inovadores. Localizados na Rua Capit\u00e3o Jos\u00e9 Justino, 79, Centro, o escrit\u00f3rio e show room oferecem linhas diferenciadas de persianas e de papel de parede importado, com cole\u00e7\u00f5es de variadas estampas e modelos, al\u00e9m de pe\u00e7as de decora\u00e7\u00e3o. A loja","inLanguage":"pt-BR","isPartOf":{"@id":"https:\/\/anoticiaonline.com.br\/site\/#website"},"breadcrumb":{"@id":"https:\/\/anoticiaonline.com.br\/site\/interiores-projeto-e-decoracao-e-inaugurada-no-centro\/#breadcrumblist"},"author":{"@id":"https:\/\/anoticiaonline.com.br\/site\/author\/juliana\/#author"},"creator":{"@id":"https:\/\/anoticiaonline.com.br\/site\/author\/juliana\/#author"},"image":{"@type":"ImageObject","url":"https:\/\/anoticiaonline.com.br\/site\/wp-content\/uploads\/2016\/10\/DSC_0923.jpg","@id":"https:\/\/anoticiaonline.com.br\/site\/interiores-projeto-e-decoracao-e-inaugurada-no-centro\/#mainImage","width":640,"height":476},"primaryImageOfPage":{"@id":"https:\/\/anoticiaonline.com.br\/site\/interiores-projeto-e-decoracao-e-inaugurada-no-centro\/#mainImage"},"datePublished":"2016-10-06T23:11:56-03:00","dateModified":"2016-10-07T00:10:03-03:00"},{"@type":"WebSite","@id":"https:\/\/anoticiaonline.com.br\/site\/#website","url":"https:\/\/anoticiaonline.com.br\/site\/","name":"A Not\u00edcia Online","description":"Noticias de Muria\u00e9 e regi\u00e3o","inLanguage":"pt-BR","publisher":{"@id":"https:\/\/anoticiaonline.com.br\/site\/#organization"}}]},"og:locale":"pt_BR","og:site_name":"A Not\u00edcia Online - Noticias de Muria\u00e9 e regi\u00e3o","og:type":"article","og:title":"Interiores Projeto e Decora\u00e7\u00e3o \u00e9 inaugurada no Centro - A Not\u00edcia Online","og:description":"A Interiores, especializada em projetos e decora\u00e7\u00f5es, chegou a Muria\u00e9 trazendo novidades e servi\u00e7os exclusivos e inovadores. Localizados na Rua Capit\u00e3o Jos\u00e9 Justino, 79, Centro, o escrit\u00f3rio e show room oferecem linhas diferenciadas de persianas e de papel de parede importado, com cole\u00e7\u00f5es de variadas estampas e modelos, al\u00e9m de pe\u00e7as de decora\u00e7\u00e3o. A loja","og:url":"https:\/\/anoticiaonline.com.br\/site\/interiores-projeto-e-decoracao-e-inaugurada-no-centro\/","og:image":"https:\/\/scontent-gig4-1.xx.fbcdn.net\/v\/t39.30808-1\/270437624_4564083193639691_6907940295614233970_n.jpg?stp=dst-jpg_s200x200_tt6&#038;_nc_cat=111&#038;ccb=1-7&#038;_nc_sid=f907e8&#038;_nc_ohc=SM1wRlP3lJwQ7kNvwEPuBYA&#038;_nc_oc=AdnqrjDN_BNjSSHWO-GbkIWH6fkGMLw4bqvL_NH6e2wMveX7G-rP2dAqsDSq1mJMOaY&#038;_nc_zt=24&#038;_nc_ht=scontent-gig4-1.xx&#038;_nc_gid=AoBFJeGrT1hVaew_6rchkQ&#038;oh=00_AfX7QmFGhQhG2jAllVgXCiM1ZrWgvtp80-Bfppyexh1QEg&#038;oe=689E923C","og:image:secure_url":"https:\/\/scontent-gig4-1.xx.fbcdn.net\/v\/t39.30808-1\/270437624_4564083193639691_6907940295614233970_n.jpg?stp=dst-jpg_s200x200_tt6&#038;_nc_cat=111&#038;ccb=1-7&#038;_nc_sid=f907e8&#038;_nc_ohc=SM1wRlP3lJwQ7kNvwEPuBYA&#038;_nc_oc=AdnqrjDN_BNjSSHWO-GbkIWH6fkGMLw4bqvL_NH6e2wMveX7G-rP2dAqsDSq1mJMOaY&#038;_nc_zt=24&#038;_nc_ht=scontent-gig4-1.xx&#038;_nc_gid=AoBFJeGrT1hVaew_6rchkQ&#038;oh=00_AfX7QmFGhQhG2jAllVgXCiM1ZrWgvtp80-Bfppyexh1QEg&#038;oe=689E923C","article:published_time":"2016-10-07T02:11:56+00:00","article:modified_time":"2016-10-07T03:10:03+00:00","twitter:card":"summary_large_image","twitter:title":"Interiores Projeto e Decora\u00e7\u00e3o \u00e9 inaugurada no Centro - A Not\u00edcia Online","twitter:description":"A Interiores, especializada em projetos e decora\u00e7\u00f5es, chegou a Muria\u00e9 trazendo novidades e servi\u00e7os exclusivos e inovadores. Localizados na Rua Capit\u00e3o Jos\u00e9 Justino, 79, Centro, o escrit\u00f3rio e show room oferecem linhas diferenciadas de persianas e de papel de parede importado, com cole\u00e7\u00f5es de variadas estampas e modelos, al\u00e9m de pe\u00e7as de decora\u00e7\u00e3o. A loja","twitter:image":"https:\/\/scontent-gig4-1.xx.fbcdn.net\/v\/t39.30808-1\/270437624_4564083193639691_6907940295614233970_n.jpg?stp=dst-jpg_s200x200_tt6&_nc_cat=111&ccb=1-7&_nc_sid=f907e8&_nc_ohc=SM1wRlP3lJwQ7kNvwEPuBYA&_nc_oc=AdnqrjDN_BNjSSHWO-GbkIWH6fkGMLw4bqvL_NH6e2wMveX7G-rP2dAqsDSq1mJMOaY&_nc_zt=24&_nc_ht=scontent-gig4-1.xx&_nc_gid=AoBFJeGrT1hVaew_6rchkQ&oh=00_AfX7QmFGhQhG2jAllVgXCiM1ZrWgvtp80-Bfppyexh1QEg&oe=689E923C"},"aioseo_meta_data":{"post_id":"19997","title":null,"description":null,"keywords":null,"keyphrases":null,"primary_term":null,"canonical_url":null,"og_title":null,"og_description":null,"og_object_type":"default","og_image_type":"default","og_image_url":null,"og_image_width":null,"og_image_height":null,"og_image_custom_url":null,"og_image_custom_fields":null,"og_video":null,"og_custom_url":null,"og_article_section":null,"og_article_tags":null,"twitter_use_og":false,"twitter_card":"default","twitter_image_type":"default","twitter_image_url":null,"twitter_image_custom_url":null,"twitter_image_custom_fields":null,"twitter_title":null,"twitter_description":null,"schema":{"blockGraphs":[],"customGraphs":[],"default":{"data":{"Article":[],"Course":[],"Dataset":[],"FAQPage":[],"Movie":[],"Person":[],"Product":[],"ProductReview":[],"Car":[],"Recipe":[],"Service":[],"SoftwareApplication":[],"WebPage":[]},"graphName":"","isEnabled":true},"graphs":[]},"schema_type":"default","schema_type_options":null,"pillar_content":false,"robots_default":true,"robots_noindex":false,"robots_noarchive":false,"robots_nosnippet":false,"robots_nofollow":false,"robots_noimageindex":false,"robots_noodp":false,"robots_notranslate":false,"robots_max_snippet":null,"robots_max_videopreview":null,"robots_max_imagepreview":"large","priority":null,"frequency":null,"local_seo":null,"breadcrumb_settings":null,"limit_modified_date":false,"ai":null,"created":"2025-08-16 16:56:31","updated":"2025-08-16 16:56:31","focus_keyword":null,"additional_keywords":null,"truseo_locale":null,"seo_analyzer_scan_date":null},"aioseo_breadcrumb":"<div class=\"aioseo-breadcrumbs\"><span class=\"aioseo-breadcrumb\">\n\t\t\t<a href=\"https:\/\/anoticiaonline.com.br\/site\" title=\"Home\">Home<\/a>\n\t\t<\/span><span class=\"aioseo-breadcrumb-separator\">&raquo;<\/span><span class=\"aioseo-breadcrumb\">\n\t\t\t<a href=\"https:\/\/anoticiaonline.com.br\/site\/categoria\/eventos\/\" title=\"Eventos\">Eventos<\/a>\n\t\t<\/span><span class=\"aioseo-breadcrumb-separator\">&raquo;<\/span><span class=\"aioseo-breadcrumb\">\n\t\t\tInteriores Projeto e Decora\u00e7\u00e3o \u00e9 inaugurada no Centro\n\t\t<\/span><\/div>","aioseo_breadcrumb_json":[{"label":"Home","link":"https:\/\/anoticiaonline.com.br\/site"},{"label":"Eventos","link":"https:\/\/anoticiaonline.com.br\/site\/categoria\/eventos\/"},{"label":"Interiores Projeto e Decora\u00e7\u00e3o \u00e9 inaugurada no Centro","link":"https:\/\/anoticiaonline.com.br\/site\/interiores-projeto-e-decoracao-e-inaugurada-no-centro\/"}],"views":118,"_links":{"self":[{"href":"https:\/\/anoticiaonline.com.br\/site\/wp-json\/wp\/v2\/posts\/19997","targetHints":{"allow":["GET"]}}],"collection":[{"href":"https:\/\/anoticiaonline.com.br\/site\/wp-json\/wp\/v2\/posts"}],"about":[{"href":"https:\/\/anoticiaonline.com.br\/site\/wp-json\/wp\/v2\/types\/post"}],"author":[{"embeddable":true,"href":"https:\/\/anoticiaonline.com.br\/site\/wp-json\/wp\/v2\/users\/2"}],"replies":[{"embeddable":true,"href":"https:\/\/anoticiaonline.com.br\/site\/wp-json\/wp\/v2\/comments?post=19997"}],"version-history":[{"count":0,"href":"https:\/\/anoticiaonline.com.br\/site\/wp-json\/wp\/v2\/posts\/19997\/revisions"}],"wp:featuredmedia":[{"embeddable":true,"href":"https:\/\/anoticiaonline.com.br\/site\/wp-json\/wp\/v2\/media\/19998"}],"wp:attachment":[{"href":"https:\/\/anoticiaonline.com.br\/site\/wp-json\/wp\/v2\/media?parent=19997"}],"wp:term":[{"taxonomy":"category","embeddable":true,"href":"https:\/\/anoticiaonline.com.br\/site\/wp-json\/wp\/v2\/categories?post=19997"},{"taxonomy":"post_tag","embeddable":true,"href":"https:\/\/anoticiaonline.com.br\/site\/wp-json\/wp\/v2\/tags?post=19997"}],"curies":[{"name":"wp","href":"https:\/\/api.w.org\/{rel}","templated":true}]}}