{"id":19824,"date":"2016-10-06T21:29:53","date_gmt":"2016-10-07T00:29:53","guid":{"rendered":"http:\/\/anoticiaonline.com.br\/site\/?p=19824"},"modified":"2016-10-06T21:29:53","modified_gmt":"2016-10-07T00:29:53","slug":"bancarios-encerram-a-greve-e-agencias-voltam-a-funcionar-nesta-sexta-feira","status":"publish","type":"post","link":"https:\/\/anoticiaonline.com.br\/site\/bancarios-encerram-a-greve-e-agencias-voltam-a-funcionar-nesta-sexta-feira\/","title":{"rendered":"Banc\u00e1rios encerram a greve e ag\u00eancias voltam a funcionar nesta sexta-feira"},"content":{"rendered":"<p><a href=\"https:\/\/anoticiaonline.com.br\/site\/wp-content\/uploads\/2016\/10\/14500239_1063252793722766_2697367687926223953_o1.jpg\"><img fetchpriority=\"high\" decoding=\"async\" class=\" size-medium wp-image-19825 alignleft\" src=\"https:\/\/anoticiaonline.com.br\/site\/wp-content\/uploads\/2016\/10\/14500239_1063252793722766_2697367687926223953_o1-300x200.jpg\" alt=\"14500239_1063252793722766_2697367687926223953_o1\" width=\"300\" height=\"200\" srcset=\"https:\/\/anoticiaonline.com.br\/site\/wp-content\/uploads\/2016\/10\/14500239_1063252793722766_2697367687926223953_o1-300x200.jpg 300w, https:\/\/anoticiaonline.com.br\/site\/wp-content\/uploads\/2016\/10\/14500239_1063252793722766_2697367687926223953_o1.jpg 640w\" sizes=\"(max-width: 300px) 100vw, 300px\" \/><\/a>Ap\u00f3s 31 dias de paralisa\u00e7\u00e3o, os banc\u00e1rios decidiram encerrar a greve da categoria ap\u00f3s mais de um m\u00eas. Em Muria\u00e9, a decis\u00e3o foi tomada em assembleia realizada na noite de quinta-feira (6), na sede do Sindicato dos Empregados em Estabelecimentos Banc\u00e1rios de Muria\u00e9 e Regi\u00e3o.<\/p>\n<p>Todas as ag\u00eancias banc\u00e1rias da cidade aderiram ao movimento e ficaram fechadas durante esse per\u00edodo de paralisa\u00e7\u00e3o. Com a decis\u00e3o de t\u00e9rmino da grave, as ag\u00eancias voltam a funcionar nesta sexta-feira (7).<\/p>\n<p>A terceira oferta apresentada Fenaban (Federa\u00e7\u00e3o Nacional do Bancos) na noite de quarta-feira (5) foi de reajuste de 8% em 2016 e abono de R$ 3.500,00. A proposta tamb\u00e9m inclui aumento de 10% no vale-refei\u00e7\u00e3o e no aux\u00edlio-creche-bab\u00e1 e de 15% no vale-alimenta\u00e7\u00e3o. Os bancos tamb\u00e9m se comprometeram a garantir aumento real de 1% em todos os sal\u00e1rios e demais verbas.<\/p>\n<p>O acordo proposto pelos bancos tem validade de dois anos. Para 2017, os sal\u00e1rios ser\u00e3o reajustados pela infla\u00e7\u00e3o (INPC\/IBGE), mais 1% de aumento real.<\/p>\n<p>A greve de 2016 supera a de 2004, primeiro ano em que os banc\u00e1rios se uniram para negociar melhores condi\u00e7\u00f5es para a categoria e que tinha sido a mais longa at\u00e9 ent\u00e3o, com dura\u00e7\u00e3o de 30 dias, segundo a Confedera\u00e7\u00e3o Nacional dos Trabalhadores do Ramo Financeiro (Contraf-CUT). A greve de 2015 durou 21 dias.<\/p>\n<p><strong>NEGOCIA\u00c7\u00d5ES &#8211;<\/strong> Os banc\u00e1rios pediam a reposi\u00e7\u00e3o da infla\u00e7\u00e3o do per\u00edodo mais 5% de aumento real (totalizando 14,78% de reajuste), valoriza\u00e7\u00e3o do piso salarial &#8211; no valor do sal\u00e1rio m\u00ednimo calculado pelo Dieese (R$ 3.940,24 em junho) e PLR de tr\u00eas sal\u00e1rios mais R$ 8.317,90.<\/p>\n<p>Antes do in\u00edcio da greve, no dia 29 de agosto, os bancos propuseram reajuste de 6,5%. Novas propostas foram apresentadas nos dias 9 e 28 de setembro, de reajuste de 7%. Todas foram rejeitadas pelos banc\u00e1rios, que decidiram manter a greve por tempo indeterminado.<\/p>\n","protected":false},"excerpt":{"rendered":"<p>Ap\u00f3s 31 dias de paralisa\u00e7\u00e3o, os banc\u00e1rios decidiram encerrar a greve da categoria ap\u00f3s mais de um m\u00eas. Em Muria\u00e9, a decis\u00e3o foi tomada em assembleia realizada na noite de quinta-feira (6), na sede do Sindicato dos Empregados em Estabelecimentos Banc\u00e1rios de Muria\u00e9 e Regi\u00e3o. Todas as ag\u00eancias banc\u00e1rias da cidade aderiram ao movimento e &#8230; <a title=\"Banc\u00e1rios encerram a greve e ag\u00eancias voltam a funcionar nesta sexta-feira\" class=\"read-more\" href=\"https:\/\/anoticiaonline.com.br\/site\/bancarios-encerram-a-greve-e-agencias-voltam-a-funcionar-nesta-sexta-feira\/\" aria-label=\"Read more about Banc\u00e1rios encerram a greve e ag\u00eancias voltam a funcionar nesta sexta-feira\">Ler mais<\/a><\/p>\n","protected":false},"author":2,"featured_media":19825,"comment_status":"open","ping_status":"open","sticky":false,"template":"","format":"standard","meta":{"_acf_changed":false,"_monsterinsights_skip_tracking":false,"footnotes":""},"categories":[30],"tags":[3],"class_list":["post-19824","post","type-post","status-publish","format-standard","has-post-thumbnail","hentry","category-muriae","tag-slide"],"acf":[],"aioseo_notices":[],"aioseo_head":"\n\t\t<!-- All in One SEO 5.0.0.1 - aioseo.com -->\n\t<meta name=\"description\" content=\"Ap\u00f3s 31 dias de paralisa\u00e7\u00e3o, os banc\u00e1rios decidiram encerrar a greve da categoria ap\u00f3s mais de um m\u00eas. Em Muria\u00e9, a decis\u00e3o foi tomada em assembleia realizada na noite de quinta-feira (6), na sede do Sindicato dos Empregados em Estabelecimentos Banc\u00e1rios de Muria\u00e9 e Regi\u00e3o. Todas as ag\u00eancias banc\u00e1rias da cidade aderiram ao movimento e\" \/>\n\t<meta name=\"robots\" content=\"max-image-preview:large\" \/>\n\t<meta name=\"author\" content=\"Juliana Laviola\"\/>\n\t<link rel=\"canonical\" href=\"https:\/\/anoticiaonline.com.br\/site\/bancarios-encerram-a-greve-e-agencias-voltam-a-funcionar-nesta-sexta-feira\/\" \/>\n\t<meta name=\"generator\" content=\"All in One SEO (AIOSEO) 5.0.0.1\" \/>\n\t\t<meta property=\"og:locale\" content=\"pt_BR\" \/>\n\t\t<meta property=\"og:site_name\" content=\"A Not\u00edcia Online - Noticias de Muria\u00e9 e regi\u00e3o\" \/>\n\t\t<meta property=\"og:type\" content=\"article\" \/>\n\t\t<meta property=\"og:title\" content=\"Banc\u00e1rios encerram a greve e ag\u00eancias voltam a funcionar nesta sexta-feira - A Not\u00edcia Online\" \/>\n\t\t<meta property=\"og:description\" content=\"Ap\u00f3s 31 dias de paralisa\u00e7\u00e3o, os banc\u00e1rios decidiram encerrar a greve da categoria ap\u00f3s mais de um m\u00eas. Em Muria\u00e9, a decis\u00e3o foi tomada em assembleia realizada na noite de quinta-feira (6), na sede do Sindicato dos Empregados em Estabelecimentos Banc\u00e1rios de Muria\u00e9 e Regi\u00e3o. Todas as ag\u00eancias banc\u00e1rias da cidade aderiram ao movimento e\" \/>\n\t\t<meta property=\"og:url\" content=\"https:\/\/anoticiaonline.com.br\/site\/bancarios-encerram-a-greve-e-agencias-voltam-a-funcionar-nesta-sexta-feira\/\" \/>\n\t\t<meta property=\"og:image\" content=\"https:\/\/scontent-gig4-1.xx.fbcdn.net\/v\/t39.30808-1\/270437624_4564083193639691_6907940295614233970_n.jpg?stp=dst-jpg_s200x200_tt6&#038;_nc_cat=111&#038;ccb=1-7&#038;_nc_sid=f907e8&#038;_nc_ohc=SM1wRlP3lJwQ7kNvwEPuBYA&#038;_nc_oc=AdnqrjDN_BNjSSHWO-GbkIWH6fkGMLw4bqvL_NH6e2wMveX7G-rP2dAqsDSq1mJMOaY&#038;_nc_zt=24&#038;_nc_ht=scontent-gig4-1.xx&#038;_nc_gid=AoBFJeGrT1hVaew_6rchkQ&#038;oh=00_AfX7QmFGhQhG2jAllVgXCiM1ZrWgvtp80-Bfppyexh1QEg&#038;oe=689E923C\" \/>\n\t\t<meta property=\"og:image:secure_url\" content=\"https:\/\/scontent-gig4-1.xx.fbcdn.net\/v\/t39.30808-1\/270437624_4564083193639691_6907940295614233970_n.jpg?stp=dst-jpg_s200x200_tt6&#038;_nc_cat=111&#038;ccb=1-7&#038;_nc_sid=f907e8&#038;_nc_ohc=SM1wRlP3lJwQ7kNvwEPuBYA&#038;_nc_oc=AdnqrjDN_BNjSSHWO-GbkIWH6fkGMLw4bqvL_NH6e2wMveX7G-rP2dAqsDSq1mJMOaY&#038;_nc_zt=24&#038;_nc_ht=scontent-gig4-1.xx&#038;_nc_gid=AoBFJeGrT1hVaew_6rchkQ&#038;oh=00_AfX7QmFGhQhG2jAllVgXCiM1ZrWgvtp80-Bfppyexh1QEg&#038;oe=689E923C\" \/>\n\t\t<meta property=\"article:published_time\" content=\"2016-10-07T00:29:53+00:00\" \/>\n\t\t<meta property=\"article:modified_time\" content=\"2016-10-07T00:29:53+00:00\" \/>\n\t\t<meta name=\"twitter:card\" content=\"summary_large_image\" \/>\n\t\t<meta name=\"twitter:title\" content=\"Banc\u00e1rios encerram a greve e ag\u00eancias voltam a funcionar nesta sexta-feira - A Not\u00edcia Online\" \/>\n\t\t<meta name=\"twitter:description\" content=\"Ap\u00f3s 31 dias de paralisa\u00e7\u00e3o, os banc\u00e1rios decidiram encerrar a greve da categoria ap\u00f3s mais de um m\u00eas. Em Muria\u00e9, a decis\u00e3o foi tomada em assembleia realizada na noite de quinta-feira (6), na sede do Sindicato dos Empregados em Estabelecimentos Banc\u00e1rios de Muria\u00e9 e Regi\u00e3o. Todas as ag\u00eancias banc\u00e1rias da cidade aderiram ao movimento e\" \/>\n\t\t<meta name=\"twitter:image\" content=\"https:\/\/scontent-gig4-1.xx.fbcdn.net\/v\/t39.30808-1\/270437624_4564083193639691_6907940295614233970_n.jpg?stp=dst-jpg_s200x200_tt6&amp;_nc_cat=111&amp;ccb=1-7&amp;_nc_sid=f907e8&amp;_nc_ohc=SM1wRlP3lJwQ7kNvwEPuBYA&amp;_nc_oc=AdnqrjDN_BNjSSHWO-GbkIWH6fkGMLw4bqvL_NH6e2wMveX7G-rP2dAqsDSq1mJMOaY&amp;_nc_zt=24&amp;_nc_ht=scontent-gig4-1.xx&amp;_nc_gid=AoBFJeGrT1hVaew_6rchkQ&amp;oh=00_AfX7QmFGhQhG2jAllVgXCiM1ZrWgvtp80-Bfppyexh1QEg&amp;oe=689E923C\" \/>\n\t\t<script type=\"application\/ld+json\" class=\"aioseo-schema\">\n\t\t\t{\"@context\":\"https:\\\/\\\/schema.org\",\"@graph\":[{\"@type\":\"BlogPosting\",\"@id\":\"https:\\\/\\\/anoticiaonline.com.br\\\/site\\\/bancarios-encerram-a-greve-e-agencias-voltam-a-funcionar-nesta-sexta-feira\\\/#blogposting\",\"name\":\"Banc\\u00e1rios encerram a greve e ag\\u00eancias voltam a funcionar nesta sexta-feira - A Not\\u00edcia Online\",\"headline\":\"Banc\\u00e1rios encerram a greve e ag\\u00eancias voltam a funcionar nesta sexta-feira\",\"author\":{\"@id\":\"https:\\\/\\\/anoticiaonline.com.br\\\/site\\\/author\\\/juliana\\\/#author\"},\"publisher\":{\"@id\":\"https:\\\/\\\/anoticiaonline.com.br\\\/site\\\/#organization\"},\"image\":{\"@type\":\"ImageObject\",\"url\":\"https:\\\/\\\/anoticiaonline.com.br\\\/site\\\/wp-content\\\/uploads\\\/2016\\\/10\\\/14500239_1063252793722766_2697367687926223953_o1.jpg\",\"width\":640,\"height\":427},\"datePublished\":\"2016-10-06T21:29:53-03:00\",\"dateModified\":\"2016-10-06T21:29:53-03:00\",\"inLanguage\":\"pt-BR\",\"mainEntityOfPage\":{\"@id\":\"https:\\\/\\\/anoticiaonline.com.br\\\/site\\\/bancarios-encerram-a-greve-e-agencias-voltam-a-funcionar-nesta-sexta-feira\\\/#webpage\"},\"isPartOf\":{\"@id\":\"https:\\\/\\\/anoticiaonline.com.br\\\/site\\\/bancarios-encerram-a-greve-e-agencias-voltam-a-funcionar-nesta-sexta-feira\\\/#webpage\"},\"articleSection\":\"Blog, slide\"},{\"@type\":\"BreadcrumbList\",\"@id\":\"https:\\\/\\\/anoticiaonline.com.br\\\/site\\\/bancarios-encerram-a-greve-e-agencias-voltam-a-funcionar-nesta-sexta-feira\\\/#breadcrumblist\",\"itemListElement\":[{\"@type\":\"ListItem\",\"@id\":\"https:\\\/\\\/anoticiaonline.com.br\\\/site#listItem\",\"position\":1,\"name\":\"Home\",\"item\":\"https:\\\/\\\/anoticiaonline.com.br\\\/site\",\"nextItem\":{\"@type\":\"ListItem\",\"@id\":\"https:\\\/\\\/anoticiaonline.com.br\\\/site\\\/categoria\\\/muriae\\\/#listItem\",\"name\":\"Blog\"}},{\"@type\":\"ListItem\",\"@id\":\"https:\\\/\\\/anoticiaonline.com.br\\\/site\\\/categoria\\\/muriae\\\/#listItem\",\"position\":2,\"name\":\"Blog\",\"item\":\"https:\\\/\\\/anoticiaonline.com.br\\\/site\\\/categoria\\\/muriae\\\/\",\"nextItem\":{\"@type\":\"ListItem\",\"@id\":\"https:\\\/\\\/anoticiaonline.com.br\\\/site\\\/bancarios-encerram-a-greve-e-agencias-voltam-a-funcionar-nesta-sexta-feira\\\/#listItem\",\"name\":\"Banc\\u00e1rios encerram a greve e ag\\u00eancias voltam a funcionar nesta sexta-feira\"},\"previousItem\":{\"@type\":\"ListItem\",\"@id\":\"https:\\\/\\\/anoticiaonline.com.br\\\/site#listItem\",\"name\":\"Home\"}},{\"@type\":\"ListItem\",\"@id\":\"https:\\\/\\\/anoticiaonline.com.br\\\/site\\\/bancarios-encerram-a-greve-e-agencias-voltam-a-funcionar-nesta-sexta-feira\\\/#listItem\",\"position\":3,\"name\":\"Banc\\u00e1rios encerram a greve e ag\\u00eancias voltam a funcionar nesta sexta-feira\",\"previousItem\":{\"@type\":\"ListItem\",\"@id\":\"https:\\\/\\\/anoticiaonline.com.br\\\/site\\\/categoria\\\/muriae\\\/#listItem\",\"name\":\"Blog\"}}]},{\"@type\":\"Organization\",\"@id\":\"https:\\\/\\\/anoticiaonline.com.br\\\/site\\\/#organization\",\"name\":\"A Not\\u00edcia Online\",\"description\":\"Noticias de Muria\\u00e9 e regi\\u00e3o\",\"url\":\"https:\\\/\\\/anoticiaonline.com.br\\\/site\\\/\",\"logo\":{\"@type\":\"ImageObject\",\"url\":\"https:\\\/\\\/scontent-gig4-1.xx.fbcdn.net\\\/v\\\/t39.30808-1\\\/270437624_4564083193639691_6907940295614233970_n.jpg?stp=dst-jpg_s200x200_tt6&_nc_cat=111&ccb=1-7&_nc_sid=f907e8&_nc_ohc=SM1wRlP3lJwQ7kNvwEPuBYA&_nc_oc=AdnqrjDN_BNjSSHWO-GbkIWH6fkGMLw4bqvL_NH6e2wMveX7G-rP2dAqsDSq1mJMOaY&_nc_zt=24&_nc_ht=scontent-gig4-1.xx&_nc_gid=AoBFJeGrT1hVaew_6rchkQ&oh=00_AfX7QmFGhQhG2jAllVgXCiM1ZrWgvtp80-Bfppyexh1QEg&oe=689E923C\",\"@id\":\"https:\\\/\\\/anoticiaonline.com.br\\\/site\\\/bancarios-encerram-a-greve-e-agencias-voltam-a-funcionar-nesta-sexta-feira\\\/#organizationLogo\"},\"image\":{\"@id\":\"https:\\\/\\\/anoticiaonline.com.br\\\/site\\\/bancarios-encerram-a-greve-e-agencias-voltam-a-funcionar-nesta-sexta-feira\\\/#organizationLogo\"}},{\"@type\":\"Person\",\"@id\":\"https:\\\/\\\/anoticiaonline.com.br\\\/site\\\/author\\\/juliana\\\/#author\",\"url\":\"https:\\\/\\\/anoticiaonline.com.br\\\/site\\\/author\\\/juliana\\\/\",\"name\":\"Juliana Laviola\",\"image\":{\"@type\":\"ImageObject\",\"@id\":\"https:\\\/\\\/anoticiaonline.com.br\\\/site\\\/bancarios-encerram-a-greve-e-agencias-voltam-a-funcionar-nesta-sexta-feira\\\/#authorImage\",\"url\":\"https:\\\/\\\/secure.gravatar.com\\\/avatar\\\/b8d45f5c699b100dfaf0e543582f38f38bf94cb7ae3a5e9abf8d891a34773335?s=96&d=mm&r=g\",\"width\":96,\"height\":96,\"caption\":\"Juliana Laviola\"}},{\"@type\":\"WebPage\",\"@id\":\"https:\\\/\\\/anoticiaonline.com.br\\\/site\\\/bancarios-encerram-a-greve-e-agencias-voltam-a-funcionar-nesta-sexta-feira\\\/#webpage\",\"url\":\"https:\\\/\\\/anoticiaonline.com.br\\\/site\\\/bancarios-encerram-a-greve-e-agencias-voltam-a-funcionar-nesta-sexta-feira\\\/\",\"name\":\"Banc\\u00e1rios encerram a greve e ag\\u00eancias voltam a funcionar nesta sexta-feira - A Not\\u00edcia Online\",\"description\":\"Ap\\u00f3s 31 dias de paralisa\\u00e7\\u00e3o, os banc\\u00e1rios decidiram encerrar a greve da categoria ap\\u00f3s mais de um m\\u00eas. Em Muria\\u00e9, a decis\\u00e3o foi tomada em assembleia realizada na noite de quinta-feira (6), na sede do Sindicato dos Empregados em Estabelecimentos Banc\\u00e1rios de Muria\\u00e9 e Regi\\u00e3o. Todas as ag\\u00eancias banc\\u00e1rias da cidade aderiram ao movimento e\",\"inLanguage\":\"pt-BR\",\"isPartOf\":{\"@id\":\"https:\\\/\\\/anoticiaonline.com.br\\\/site\\\/#website\"},\"breadcrumb\":{\"@id\":\"https:\\\/\\\/anoticiaonline.com.br\\\/site\\\/bancarios-encerram-a-greve-e-agencias-voltam-a-funcionar-nesta-sexta-feira\\\/#breadcrumblist\"},\"author\":{\"@id\":\"https:\\\/\\\/anoticiaonline.com.br\\\/site\\\/author\\\/juliana\\\/#author\"},\"creator\":{\"@id\":\"https:\\\/\\\/anoticiaonline.com.br\\\/site\\\/author\\\/juliana\\\/#author\"},\"image\":{\"@type\":\"ImageObject\",\"url\":\"https:\\\/\\\/anoticiaonline.com.br\\\/site\\\/wp-content\\\/uploads\\\/2016\\\/10\\\/14500239_1063252793722766_2697367687926223953_o1.jpg\",\"@id\":\"https:\\\/\\\/anoticiaonline.com.br\\\/site\\\/bancarios-encerram-a-greve-e-agencias-voltam-a-funcionar-nesta-sexta-feira\\\/#mainImage\",\"width\":640,\"height\":427},\"primaryImageOfPage\":{\"@id\":\"https:\\\/\\\/anoticiaonline.com.br\\\/site\\\/bancarios-encerram-a-greve-e-agencias-voltam-a-funcionar-nesta-sexta-feira\\\/#mainImage\"},\"datePublished\":\"2016-10-06T21:29:53-03:00\",\"dateModified\":\"2016-10-06T21:29:53-03:00\"},{\"@type\":\"WebSite\",\"@id\":\"https:\\\/\\\/anoticiaonline.com.br\\\/site\\\/#website\",\"url\":\"https:\\\/\\\/anoticiaonline.com.br\\\/site\\\/\",\"name\":\"A Not\\u00edcia Online\",\"description\":\"Noticias de Muria\\u00e9 e regi\\u00e3o\",\"inLanguage\":\"pt-BR\",\"publisher\":{\"@id\":\"https:\\\/\\\/anoticiaonline.com.br\\\/site\\\/#organization\"}}]}\n\t\t<\/script>\n\t\t<!-- All in One SEO -->\n\n","aioseo_head_json":{"title":"Banc\u00e1rios encerram a greve e ag\u00eancias voltam a funcionar nesta sexta-feira - A Not\u00edcia Online","description":"Ap\u00f3s 31 dias de paralisa\u00e7\u00e3o, os banc\u00e1rios decidiram encerrar a greve da categoria ap\u00f3s mais de um m\u00eas. Em Muria\u00e9, a decis\u00e3o foi tomada em assembleia realizada na noite de quinta-feira (6), na sede do Sindicato dos Empregados em Estabelecimentos Banc\u00e1rios de Muria\u00e9 e Regi\u00e3o. Todas as ag\u00eancias banc\u00e1rias da cidade aderiram ao movimento e","canonical_url":"https:\/\/anoticiaonline.com.br\/site\/bancarios-encerram-a-greve-e-agencias-voltam-a-funcionar-nesta-sexta-feira\/","robots":"max-image-preview:large","keywords":"","webmasterTools":{"miscellaneous":""},"schema":{"@context":"https:\/\/schema.org","@graph":[{"@type":"BlogPosting","@id":"https:\/\/anoticiaonline.com.br\/site\/bancarios-encerram-a-greve-e-agencias-voltam-a-funcionar-nesta-sexta-feira\/#blogposting","name":"Banc\u00e1rios encerram a greve e ag\u00eancias voltam a funcionar nesta sexta-feira - A Not\u00edcia Online","headline":"Banc\u00e1rios encerram a greve e ag\u00eancias voltam a funcionar nesta sexta-feira","author":{"@id":"https:\/\/anoticiaonline.com.br\/site\/author\/juliana\/#author"},"publisher":{"@id":"https:\/\/anoticiaonline.com.br\/site\/#organization"},"image":{"@type":"ImageObject","url":"https:\/\/anoticiaonline.com.br\/site\/wp-content\/uploads\/2016\/10\/14500239_1063252793722766_2697367687926223953_o1.jpg","width":640,"height":427},"datePublished":"2016-10-06T21:29:53-03:00","dateModified":"2016-10-06T21:29:53-03:00","inLanguage":"pt-BR","mainEntityOfPage":{"@id":"https:\/\/anoticiaonline.com.br\/site\/bancarios-encerram-a-greve-e-agencias-voltam-a-funcionar-nesta-sexta-feira\/#webpage"},"isPartOf":{"@id":"https:\/\/anoticiaonline.com.br\/site\/bancarios-encerram-a-greve-e-agencias-voltam-a-funcionar-nesta-sexta-feira\/#webpage"},"articleSection":"Blog, slide"},{"@type":"BreadcrumbList","@id":"https:\/\/anoticiaonline.com.br\/site\/bancarios-encerram-a-greve-e-agencias-voltam-a-funcionar-nesta-sexta-feira\/#breadcrumblist","itemListElement":[{"@type":"ListItem","@id":"https:\/\/anoticiaonline.com.br\/site#listItem","position":1,"name":"Home","item":"https:\/\/anoticiaonline.com.br\/site","nextItem":{"@type":"ListItem","@id":"https:\/\/anoticiaonline.com.br\/site\/categoria\/muriae\/#listItem","name":"Blog"}},{"@type":"ListItem","@id":"https:\/\/anoticiaonline.com.br\/site\/categoria\/muriae\/#listItem","position":2,"name":"Blog","item":"https:\/\/anoticiaonline.com.br\/site\/categoria\/muriae\/","nextItem":{"@type":"ListItem","@id":"https:\/\/anoticiaonline.com.br\/site\/bancarios-encerram-a-greve-e-agencias-voltam-a-funcionar-nesta-sexta-feira\/#listItem","name":"Banc\u00e1rios encerram a greve e ag\u00eancias voltam a funcionar nesta sexta-feira"},"previousItem":{"@type":"ListItem","@id":"https:\/\/anoticiaonline.com.br\/site#listItem","name":"Home"}},{"@type":"ListItem","@id":"https:\/\/anoticiaonline.com.br\/site\/bancarios-encerram-a-greve-e-agencias-voltam-a-funcionar-nesta-sexta-feira\/#listItem","position":3,"name":"Banc\u00e1rios encerram a greve e ag\u00eancias voltam a funcionar nesta sexta-feira","previousItem":{"@type":"ListItem","@id":"https:\/\/anoticiaonline.com.br\/site\/categoria\/muriae\/#listItem","name":"Blog"}}]},{"@type":"Organization","@id":"https:\/\/anoticiaonline.com.br\/site\/#organization","name":"A Not\u00edcia Online","description":"Noticias de Muria\u00e9 e regi\u00e3o","url":"https:\/\/anoticiaonline.com.br\/site\/","logo":{"@type":"ImageObject","url":"https:\/\/scontent-gig4-1.xx.fbcdn.net\/v\/t39.30808-1\/270437624_4564083193639691_6907940295614233970_n.jpg?stp=dst-jpg_s200x200_tt6&_nc_cat=111&ccb=1-7&_nc_sid=f907e8&_nc_ohc=SM1wRlP3lJwQ7kNvwEPuBYA&_nc_oc=AdnqrjDN_BNjSSHWO-GbkIWH6fkGMLw4bqvL_NH6e2wMveX7G-rP2dAqsDSq1mJMOaY&_nc_zt=24&_nc_ht=scontent-gig4-1.xx&_nc_gid=AoBFJeGrT1hVaew_6rchkQ&oh=00_AfX7QmFGhQhG2jAllVgXCiM1ZrWgvtp80-Bfppyexh1QEg&oe=689E923C","@id":"https:\/\/anoticiaonline.com.br\/site\/bancarios-encerram-a-greve-e-agencias-voltam-a-funcionar-nesta-sexta-feira\/#organizationLogo"},"image":{"@id":"https:\/\/anoticiaonline.com.br\/site\/bancarios-encerram-a-greve-e-agencias-voltam-a-funcionar-nesta-sexta-feira\/#organizationLogo"}},{"@type":"Person","@id":"https:\/\/anoticiaonline.com.br\/site\/author\/juliana\/#author","url":"https:\/\/anoticiaonline.com.br\/site\/author\/juliana\/","name":"Juliana Laviola","image":{"@type":"ImageObject","@id":"https:\/\/anoticiaonline.com.br\/site\/bancarios-encerram-a-greve-e-agencias-voltam-a-funcionar-nesta-sexta-feira\/#authorImage","url":"https:\/\/secure.gravatar.com\/avatar\/b8d45f5c699b100dfaf0e543582f38f38bf94cb7ae3a5e9abf8d891a34773335?s=96&d=mm&r=g","width":96,"height":96,"caption":"Juliana Laviola"}},{"@type":"WebPage","@id":"https:\/\/anoticiaonline.com.br\/site\/bancarios-encerram-a-greve-e-agencias-voltam-a-funcionar-nesta-sexta-feira\/#webpage","url":"https:\/\/anoticiaonline.com.br\/site\/bancarios-encerram-a-greve-e-agencias-voltam-a-funcionar-nesta-sexta-feira\/","name":"Banc\u00e1rios encerram a greve e ag\u00eancias voltam a funcionar nesta sexta-feira - A Not\u00edcia Online","description":"Ap\u00f3s 31 dias de paralisa\u00e7\u00e3o, os banc\u00e1rios decidiram encerrar a greve da categoria ap\u00f3s mais de um m\u00eas. Em Muria\u00e9, a decis\u00e3o foi tomada em assembleia realizada na noite de quinta-feira (6), na sede do Sindicato dos Empregados em Estabelecimentos Banc\u00e1rios de Muria\u00e9 e Regi\u00e3o. Todas as ag\u00eancias banc\u00e1rias da cidade aderiram ao movimento e","inLanguage":"pt-BR","isPartOf":{"@id":"https:\/\/anoticiaonline.com.br\/site\/#website"},"breadcrumb":{"@id":"https:\/\/anoticiaonline.com.br\/site\/bancarios-encerram-a-greve-e-agencias-voltam-a-funcionar-nesta-sexta-feira\/#breadcrumblist"},"author":{"@id":"https:\/\/anoticiaonline.com.br\/site\/author\/juliana\/#author"},"creator":{"@id":"https:\/\/anoticiaonline.com.br\/site\/author\/juliana\/#author"},"image":{"@type":"ImageObject","url":"https:\/\/anoticiaonline.com.br\/site\/wp-content\/uploads\/2016\/10\/14500239_1063252793722766_2697367687926223953_o1.jpg","@id":"https:\/\/anoticiaonline.com.br\/site\/bancarios-encerram-a-greve-e-agencias-voltam-a-funcionar-nesta-sexta-feira\/#mainImage","width":640,"height":427},"primaryImageOfPage":{"@id":"https:\/\/anoticiaonline.com.br\/site\/bancarios-encerram-a-greve-e-agencias-voltam-a-funcionar-nesta-sexta-feira\/#mainImage"},"datePublished":"2016-10-06T21:29:53-03:00","dateModified":"2016-10-06T21:29:53-03:00"},{"@type":"WebSite","@id":"https:\/\/anoticiaonline.com.br\/site\/#website","url":"https:\/\/anoticiaonline.com.br\/site\/","name":"A Not\u00edcia Online","description":"Noticias de Muria\u00e9 e regi\u00e3o","inLanguage":"pt-BR","publisher":{"@id":"https:\/\/anoticiaonline.com.br\/site\/#organization"}}]},"og:locale":"pt_BR","og:site_name":"A Not\u00edcia Online - Noticias de Muria\u00e9 e regi\u00e3o","og:type":"article","og:title":"Banc\u00e1rios encerram a greve e ag\u00eancias voltam a funcionar nesta sexta-feira - A Not\u00edcia Online","og:description":"Ap\u00f3s 31 dias de paralisa\u00e7\u00e3o, os banc\u00e1rios decidiram encerrar a greve da categoria ap\u00f3s mais de um m\u00eas. Em Muria\u00e9, a decis\u00e3o foi tomada em assembleia realizada na noite de quinta-feira (6), na sede do Sindicato dos Empregados em Estabelecimentos Banc\u00e1rios de Muria\u00e9 e Regi\u00e3o. Todas as ag\u00eancias banc\u00e1rias da cidade aderiram ao movimento e","og:url":"https:\/\/anoticiaonline.com.br\/site\/bancarios-encerram-a-greve-e-agencias-voltam-a-funcionar-nesta-sexta-feira\/","og:image":"https:\/\/scontent-gig4-1.xx.fbcdn.net\/v\/t39.30808-1\/270437624_4564083193639691_6907940295614233970_n.jpg?stp=dst-jpg_s200x200_tt6&#038;_nc_cat=111&#038;ccb=1-7&#038;_nc_sid=f907e8&#038;_nc_ohc=SM1wRlP3lJwQ7kNvwEPuBYA&#038;_nc_oc=AdnqrjDN_BNjSSHWO-GbkIWH6fkGMLw4bqvL_NH6e2wMveX7G-rP2dAqsDSq1mJMOaY&#038;_nc_zt=24&#038;_nc_ht=scontent-gig4-1.xx&#038;_nc_gid=AoBFJeGrT1hVaew_6rchkQ&#038;oh=00_AfX7QmFGhQhG2jAllVgXCiM1ZrWgvtp80-Bfppyexh1QEg&#038;oe=689E923C","og:image:secure_url":"https:\/\/scontent-gig4-1.xx.fbcdn.net\/v\/t39.30808-1\/270437624_4564083193639691_6907940295614233970_n.jpg?stp=dst-jpg_s200x200_tt6&#038;_nc_cat=111&#038;ccb=1-7&#038;_nc_sid=f907e8&#038;_nc_ohc=SM1wRlP3lJwQ7kNvwEPuBYA&#038;_nc_oc=AdnqrjDN_BNjSSHWO-GbkIWH6fkGMLw4bqvL_NH6e2wMveX7G-rP2dAqsDSq1mJMOaY&#038;_nc_zt=24&#038;_nc_ht=scontent-gig4-1.xx&#038;_nc_gid=AoBFJeGrT1hVaew_6rchkQ&#038;oh=00_AfX7QmFGhQhG2jAllVgXCiM1ZrWgvtp80-Bfppyexh1QEg&#038;oe=689E923C","article:published_time":"2016-10-07T00:29:53+00:00","article:modified_time":"2016-10-07T00:29:53+00:00","twitter:card":"summary_large_image","twitter:title":"Banc\u00e1rios encerram a greve e ag\u00eancias voltam a funcionar nesta sexta-feira - A Not\u00edcia Online","twitter:description":"Ap\u00f3s 31 dias de paralisa\u00e7\u00e3o, os banc\u00e1rios decidiram encerrar a greve da categoria ap\u00f3s mais de um m\u00eas. Em Muria\u00e9, a decis\u00e3o foi tomada em assembleia realizada na noite de quinta-feira (6), na sede do Sindicato dos Empregados em Estabelecimentos Banc\u00e1rios de Muria\u00e9 e Regi\u00e3o. Todas as ag\u00eancias banc\u00e1rias da cidade aderiram ao movimento e","twitter:image":"https:\/\/scontent-gig4-1.xx.fbcdn.net\/v\/t39.30808-1\/270437624_4564083193639691_6907940295614233970_n.jpg?stp=dst-jpg_s200x200_tt6&_nc_cat=111&ccb=1-7&_nc_sid=f907e8&_nc_ohc=SM1wRlP3lJwQ7kNvwEPuBYA&_nc_oc=AdnqrjDN_BNjSSHWO-GbkIWH6fkGMLw4bqvL_NH6e2wMveX7G-rP2dAqsDSq1mJMOaY&_nc_zt=24&_nc_ht=scontent-gig4-1.xx&_nc_gid=AoBFJeGrT1hVaew_6rchkQ&oh=00_AfX7QmFGhQhG2jAllVgXCiM1ZrWgvtp80-Bfppyexh1QEg&oe=689E923C"},"aioseo_meta_data":{"post_id":"19824","title":null,"description":null,"keywords":null,"keyphrases":null,"primary_term":null,"canonical_url":null,"og_title":null,"og_description":null,"og_object_type":"default","og_image_type":"default","og_image_url":null,"og_image_width":null,"og_image_height":null,"og_image_custom_url":null,"og_image_custom_fields":null,"og_video":null,"og_custom_url":null,"og_article_section":null,"og_article_tags":null,"twitter_use_og":false,"twitter_card":"default","twitter_image_type":"default","twitter_image_url":null,"twitter_image_custom_url":null,"twitter_image_custom_fields":null,"twitter_title":null,"twitter_description":null,"schema":{"blockGraphs":[],"customGraphs":[],"default":{"data":{"Article":[],"Course":[],"Dataset":[],"FAQPage":[],"Movie":[],"Person":[],"Product":[],"ProductReview":[],"Car":[],"Recipe":[],"Service":[],"SoftwareApplication":[],"WebPage":[]},"graphName":"","isEnabled":true},"graphs":[]},"schema_type":"default","schema_type_options":null,"pillar_content":false,"robots_default":true,"robots_noindex":false,"robots_noarchive":false,"robots_nosnippet":false,"robots_nofollow":false,"robots_noimageindex":false,"robots_noodp":false,"robots_notranslate":false,"robots_max_snippet":null,"robots_max_videopreview":null,"robots_max_imagepreview":"large","priority":null,"frequency":null,"local_seo":null,"breadcrumb_settings":null,"limit_modified_date":false,"ai":null,"created":"2025-08-16 16:56:31","updated":"2025-08-16 16:56:31","focus_keyword":null,"additional_keywords":null,"truseo_locale":null,"seo_analyzer_scan_date":null},"aioseo_breadcrumb":"<div class=\"aioseo-breadcrumbs\"><span class=\"aioseo-breadcrumb\">\n\t\t\t<a href=\"https:\/\/anoticiaonline.com.br\/site\" title=\"Home\">Home<\/a>\n\t\t<\/span><span class=\"aioseo-breadcrumb-separator\">&raquo;<\/span><span class=\"aioseo-breadcrumb\">\n\t\t\t<a href=\"https:\/\/anoticiaonline.com.br\/site\/categoria\/muriae\/\" title=\"Blog\">Blog<\/a>\n\t\t<\/span><span class=\"aioseo-breadcrumb-separator\">&raquo;<\/span><span class=\"aioseo-breadcrumb\">\n\t\t\tBanc\u00e1rios encerram a greve e ag\u00eancias voltam a funcionar nesta sexta-feira\n\t\t<\/span><\/div>","aioseo_breadcrumb_json":[{"label":"Home","link":"https:\/\/anoticiaonline.com.br\/site"},{"label":"Blog","link":"https:\/\/anoticiaonline.com.br\/site\/categoria\/muriae\/"},{"label":"Banc\u00e1rios encerram a greve e ag\u00eancias voltam a funcionar nesta sexta-feira","link":"https:\/\/anoticiaonline.com.br\/site\/bancarios-encerram-a-greve-e-agencias-voltam-a-funcionar-nesta-sexta-feira\/"}],"views":141,"_links":{"self":[{"href":"https:\/\/anoticiaonline.com.br\/site\/wp-json\/wp\/v2\/posts\/19824","targetHints":{"allow":["GET"]}}],"collection":[{"href":"https:\/\/anoticiaonline.com.br\/site\/wp-json\/wp\/v2\/posts"}],"about":[{"href":"https:\/\/anoticiaonline.com.br\/site\/wp-json\/wp\/v2\/types\/post"}],"author":[{"embeddable":true,"href":"https:\/\/anoticiaonline.com.br\/site\/wp-json\/wp\/v2\/users\/2"}],"replies":[{"embeddable":true,"href":"https:\/\/anoticiaonline.com.br\/site\/wp-json\/wp\/v2\/comments?post=19824"}],"version-history":[{"count":0,"href":"https:\/\/anoticiaonline.com.br\/site\/wp-json\/wp\/v2\/posts\/19824\/revisions"}],"wp:featuredmedia":[{"embeddable":true,"href":"https:\/\/anoticiaonline.com.br\/site\/wp-json\/wp\/v2\/media\/19825"}],"wp:attachment":[{"href":"https:\/\/anoticiaonline.com.br\/site\/wp-json\/wp\/v2\/media?parent=19824"}],"wp:term":[{"taxonomy":"category","embeddable":true,"href":"https:\/\/anoticiaonline.com.br\/site\/wp-json\/wp\/v2\/categories?post=19824"},{"taxonomy":"post_tag","embeddable":true,"href":"https:\/\/anoticiaonline.com.br\/site\/wp-json\/wp\/v2\/tags?post=19824"}],"curies":[{"name":"wp","href":"https:\/\/api.w.org\/{rel}","templated":true}]}}