{"id":19740,"date":"2016-10-05T16:46:34","date_gmt":"2016-10-05T19:46:34","guid":{"rendered":"http:\/\/anoticiaonline.com.br\/site\/?p=19740"},"modified":"2016-10-05T17:00:12","modified_gmt":"2016-10-05T20:00:12","slug":"performance-academia-e-reinaugurada-em-novo-endereco","status":"publish","type":"post","link":"https:\/\/anoticiaonline.com.br\/site\/performance-academia-e-reinaugurada-em-novo-endereco\/","title":{"rendered":"Performance Academia \u00e9 reinaugurada em novo endere\u00e7o"},"content":{"rendered":"<p><a href=\"https:\/\/anoticiaonline.com.br\/site\/wp-content\/uploads\/2016\/10\/DSC_0157.jpg\"><img fetchpriority=\"high\" decoding=\"async\" class=\" size-medium wp-image-19741 alignleft\" src=\"https:\/\/anoticiaonline.com.br\/site\/wp-content\/uploads\/2016\/10\/DSC_0157-300x167.jpg\" alt=\"dsc_0157\" width=\"300\" height=\"167\" srcset=\"https:\/\/anoticiaonline.com.br\/site\/wp-content\/uploads\/2016\/10\/DSC_0157-300x167.jpg 300w, https:\/\/anoticiaonline.com.br\/site\/wp-content\/uploads\/2016\/10\/DSC_0157.jpg 640w\" sizes=\"(max-width: 300px) 100vw, 300px\" \/><\/a>A Performance Academia est\u00e1 funcionando em novo endere\u00e7o. Localizada agora na Avenida Dr. Passos, 255, Barra, o novo espa\u00e7o est\u00e1 mais amplo e confort\u00e1vel, tudo para oferecer maior comodidade aos alunos na hora de praticar atividade f\u00edsica.<\/p>\n<p>A Performance, que est\u00e1 h\u00e1 dez anos no segmento, possui ampla sala de muscula\u00e7\u00e3o e um espa\u00e7o reservado para exerc\u00edcios aer\u00f3bicos, como aulas de dan\u00e7a, zumba, step, cross trainer, al\u00e9m de organizar um grupo de corrida e participar de eventos esportivos da cidade. Tamb\u00e9m disponibiliza um centro de est\u00e9tica, e em parceria com a Master Lanches, oferece produtos fitness e sucos naturais \u2013 uma forma de aliar atividade f\u00edsica \u00e0 alimenta\u00e7\u00e3o saud\u00e1vel.<\/p>\n<p>Al\u00e9m do espa\u00e7o amplo e moderno, a Performance Academia est\u00e1 equipada com ar condicionado em todos os ambientes.<\/p>\n<p>\u201cDesde o in\u00edcio da academia buscamos aprimorar tanto a parte estrutural quanto a de aparelhos. Com essas novas instala\u00e7\u00f5es comemoramos com \u2018chave de ouro\u2019 os dez anos da Performance\u201d, dizem os propriet\u00e1rios, Valdinei Muniz, Simone Martins Gomes Muniz e J\u00e9ssica Muniz. A equipe \u00e9 formada por profissionais qualificados, para oferecer aos clientes um atendimento com profissionalismo e dedica\u00e7\u00e3o.<\/p>\n<p>Na manh\u00e3 de segunda-feira (3), os alunos foram recepcionados com um delicioso caf\u00e9 da manh\u00e3. \u00c0 noite, tamb\u00e9m como forma de brindar essa nova etapa da Performance, foi servido um coquetel para os alunos e amigos.<\/p>\n<p>A Performance Academia funciona de segunda a sexta-feira, de 6h \u00e0s 22h, e aos s\u00e1bados, de 8h \u00e0s 12h.<\/p>\n<p><img decoding=\"async\" class=\"ngg_displayed_gallery mceItem\" src=\"https:\/\/anoticiaonline.com.br\/site\/nextgen-attach_to_post\/preview\/id--19796\" alt=\"\" \/><\/p>\n","protected":false},"excerpt":{"rendered":"<p>A Performance Academia est\u00e1 funcionando em novo endere\u00e7o. Localizada agora na Avenida Dr. Passos, 255, Barra, o novo espa\u00e7o est\u00e1 mais amplo e confort\u00e1vel, tudo para oferecer maior comodidade aos alunos na hora de praticar atividade f\u00edsica. A Performance, que est\u00e1 h\u00e1 dez anos no segmento, possui ampla sala de muscula\u00e7\u00e3o e um espa\u00e7o reservado &#8230; <a title=\"Performance Academia \u00e9 reinaugurada em novo endere\u00e7o\" class=\"read-more\" href=\"https:\/\/anoticiaonline.com.br\/site\/performance-academia-e-reinaugurada-em-novo-endereco\/\" aria-label=\"Read more about Performance Academia \u00e9 reinaugurada em novo endere\u00e7o\">Ler mais<\/a><\/p>\n","protected":false},"author":2,"featured_media":19741,"comment_status":"open","ping_status":"open","sticky":false,"template":"","format":"standard","meta":{"_acf_changed":false,"_monsterinsights_skip_tracking":false,"footnotes":""},"categories":[24],"tags":[3],"class_list":["post-19740","post","type-post","status-publish","format-standard","has-post-thumbnail","hentry","category-eventos","tag-slide"],"acf":[],"aioseo_notices":[],"aioseo_head":"\n\t\t<!-- All in One SEO 5.0.0.1 - aioseo.com -->\n\t<meta name=\"description\" content=\"A Performance Academia est\u00e1 funcionando em novo endere\u00e7o. Localizada agora na Avenida Dr. Passos, 255, Barra, o novo espa\u00e7o est\u00e1 mais amplo e confort\u00e1vel, tudo para oferecer maior comodidade aos alunos na hora de praticar atividade f\u00edsica. A Performance, que est\u00e1 h\u00e1 dez anos no segmento, possui ampla sala de muscula\u00e7\u00e3o e um espa\u00e7o reservado\" \/>\n\t<meta name=\"robots\" content=\"max-image-preview:large\" \/>\n\t<meta name=\"author\" content=\"Juliana Laviola\"\/>\n\t<link rel=\"canonical\" href=\"https:\/\/anoticiaonline.com.br\/site\/performance-academia-e-reinaugurada-em-novo-endereco\/\" \/>\n\t<meta name=\"generator\" content=\"All in One SEO (AIOSEO) 5.0.0.1\" \/>\n\t\t<meta property=\"og:locale\" content=\"pt_BR\" \/>\n\t\t<meta property=\"og:site_name\" content=\"A Not\u00edcia Online - Noticias de Muria\u00e9 e regi\u00e3o\" \/>\n\t\t<meta property=\"og:type\" content=\"article\" \/>\n\t\t<meta property=\"og:title\" content=\"Performance Academia \u00e9 reinaugurada em novo endere\u00e7o - A Not\u00edcia Online\" \/>\n\t\t<meta property=\"og:description\" content=\"A Performance Academia est\u00e1 funcionando em novo endere\u00e7o. Localizada agora na Avenida Dr. Passos, 255, Barra, o novo espa\u00e7o est\u00e1 mais amplo e confort\u00e1vel, tudo para oferecer maior comodidade aos alunos na hora de praticar atividade f\u00edsica. A Performance, que est\u00e1 h\u00e1 dez anos no segmento, possui ampla sala de muscula\u00e7\u00e3o e um espa\u00e7o reservado\" \/>\n\t\t<meta property=\"og:url\" content=\"https:\/\/anoticiaonline.com.br\/site\/performance-academia-e-reinaugurada-em-novo-endereco\/\" \/>\n\t\t<meta property=\"og:image\" content=\"https:\/\/scontent-gig4-1.xx.fbcdn.net\/v\/t39.30808-1\/270437624_4564083193639691_6907940295614233970_n.jpg?stp=dst-jpg_s200x200_tt6&#038;_nc_cat=111&#038;ccb=1-7&#038;_nc_sid=f907e8&#038;_nc_ohc=SM1wRlP3lJwQ7kNvwEPuBYA&#038;_nc_oc=AdnqrjDN_BNjSSHWO-GbkIWH6fkGMLw4bqvL_NH6e2wMveX7G-rP2dAqsDSq1mJMOaY&#038;_nc_zt=24&#038;_nc_ht=scontent-gig4-1.xx&#038;_nc_gid=AoBFJeGrT1hVaew_6rchkQ&#038;oh=00_AfX7QmFGhQhG2jAllVgXCiM1ZrWgvtp80-Bfppyexh1QEg&#038;oe=689E923C\" \/>\n\t\t<meta property=\"og:image:secure_url\" content=\"https:\/\/scontent-gig4-1.xx.fbcdn.net\/v\/t39.30808-1\/270437624_4564083193639691_6907940295614233970_n.jpg?stp=dst-jpg_s200x200_tt6&#038;_nc_cat=111&#038;ccb=1-7&#038;_nc_sid=f907e8&#038;_nc_ohc=SM1wRlP3lJwQ7kNvwEPuBYA&#038;_nc_oc=AdnqrjDN_BNjSSHWO-GbkIWH6fkGMLw4bqvL_NH6e2wMveX7G-rP2dAqsDSq1mJMOaY&#038;_nc_zt=24&#038;_nc_ht=scontent-gig4-1.xx&#038;_nc_gid=AoBFJeGrT1hVaew_6rchkQ&#038;oh=00_AfX7QmFGhQhG2jAllVgXCiM1ZrWgvtp80-Bfppyexh1QEg&#038;oe=689E923C\" \/>\n\t\t<meta property=\"article:published_time\" content=\"2016-10-05T19:46:34+00:00\" \/>\n\t\t<meta property=\"article:modified_time\" content=\"2016-10-05T20:00:12+00:00\" \/>\n\t\t<meta name=\"twitter:card\" content=\"summary_large_image\" \/>\n\t\t<meta name=\"twitter:title\" content=\"Performance Academia \u00e9 reinaugurada em novo endere\u00e7o - A Not\u00edcia Online\" \/>\n\t\t<meta name=\"twitter:description\" content=\"A Performance Academia est\u00e1 funcionando em novo endere\u00e7o. Localizada agora na Avenida Dr. Passos, 255, Barra, o novo espa\u00e7o est\u00e1 mais amplo e confort\u00e1vel, tudo para oferecer maior comodidade aos alunos na hora de praticar atividade f\u00edsica. A Performance, que est\u00e1 h\u00e1 dez anos no segmento, possui ampla sala de muscula\u00e7\u00e3o e um espa\u00e7o reservado\" \/>\n\t\t<meta name=\"twitter:image\" content=\"https:\/\/scontent-gig4-1.xx.fbcdn.net\/v\/t39.30808-1\/270437624_4564083193639691_6907940295614233970_n.jpg?stp=dst-jpg_s200x200_tt6&amp;_nc_cat=111&amp;ccb=1-7&amp;_nc_sid=f907e8&amp;_nc_ohc=SM1wRlP3lJwQ7kNvwEPuBYA&amp;_nc_oc=AdnqrjDN_BNjSSHWO-GbkIWH6fkGMLw4bqvL_NH6e2wMveX7G-rP2dAqsDSq1mJMOaY&amp;_nc_zt=24&amp;_nc_ht=scontent-gig4-1.xx&amp;_nc_gid=AoBFJeGrT1hVaew_6rchkQ&amp;oh=00_AfX7QmFGhQhG2jAllVgXCiM1ZrWgvtp80-Bfppyexh1QEg&amp;oe=689E923C\" \/>\n\t\t<script type=\"application\/ld+json\" class=\"aioseo-schema\">\n\t\t\t{\"@context\":\"https:\\\/\\\/schema.org\",\"@graph\":[{\"@type\":\"BlogPosting\",\"@id\":\"https:\\\/\\\/anoticiaonline.com.br\\\/site\\\/performance-academia-e-reinaugurada-em-novo-endereco\\\/#blogposting\",\"name\":\"Performance Academia \\u00e9 reinaugurada em novo endere\\u00e7o - A Not\\u00edcia Online\",\"headline\":\"Performance Academia \\u00e9 reinaugurada em novo endere\\u00e7o\",\"author\":{\"@id\":\"https:\\\/\\\/anoticiaonline.com.br\\\/site\\\/author\\\/juliana\\\/#author\"},\"publisher\":{\"@id\":\"https:\\\/\\\/anoticiaonline.com.br\\\/site\\\/#organization\"},\"image\":{\"@type\":\"ImageObject\",\"url\":\"https:\\\/\\\/anoticiaonline.com.br\\\/site\\\/wp-content\\\/uploads\\\/2016\\\/10\\\/DSC_0157.jpg\",\"width\":640,\"height\":356},\"datePublished\":\"2016-10-05T16:46:34-03:00\",\"dateModified\":\"2016-10-05T17:00:12-03:00\",\"inLanguage\":\"pt-BR\",\"mainEntityOfPage\":{\"@id\":\"https:\\\/\\\/anoticiaonline.com.br\\\/site\\\/performance-academia-e-reinaugurada-em-novo-endereco\\\/#webpage\"},\"isPartOf\":{\"@id\":\"https:\\\/\\\/anoticiaonline.com.br\\\/site\\\/performance-academia-e-reinaugurada-em-novo-endereco\\\/#webpage\"},\"articleSection\":\"Eventos, slide\"},{\"@type\":\"BreadcrumbList\",\"@id\":\"https:\\\/\\\/anoticiaonline.com.br\\\/site\\\/performance-academia-e-reinaugurada-em-novo-endereco\\\/#breadcrumblist\",\"itemListElement\":[{\"@type\":\"ListItem\",\"@id\":\"https:\\\/\\\/anoticiaonline.com.br\\\/site#listItem\",\"position\":1,\"name\":\"Home\",\"item\":\"https:\\\/\\\/anoticiaonline.com.br\\\/site\",\"nextItem\":{\"@type\":\"ListItem\",\"@id\":\"https:\\\/\\\/anoticiaonline.com.br\\\/site\\\/categoria\\\/eventos\\\/#listItem\",\"name\":\"Eventos\"}},{\"@type\":\"ListItem\",\"@id\":\"https:\\\/\\\/anoticiaonline.com.br\\\/site\\\/categoria\\\/eventos\\\/#listItem\",\"position\":2,\"name\":\"Eventos\",\"item\":\"https:\\\/\\\/anoticiaonline.com.br\\\/site\\\/categoria\\\/eventos\\\/\",\"nextItem\":{\"@type\":\"ListItem\",\"@id\":\"https:\\\/\\\/anoticiaonline.com.br\\\/site\\\/performance-academia-e-reinaugurada-em-novo-endereco\\\/#listItem\",\"name\":\"Performance Academia \\u00e9 reinaugurada em novo endere\\u00e7o\"},\"previousItem\":{\"@type\":\"ListItem\",\"@id\":\"https:\\\/\\\/anoticiaonline.com.br\\\/site#listItem\",\"name\":\"Home\"}},{\"@type\":\"ListItem\",\"@id\":\"https:\\\/\\\/anoticiaonline.com.br\\\/site\\\/performance-academia-e-reinaugurada-em-novo-endereco\\\/#listItem\",\"position\":3,\"name\":\"Performance Academia \\u00e9 reinaugurada em novo endere\\u00e7o\",\"previousItem\":{\"@type\":\"ListItem\",\"@id\":\"https:\\\/\\\/anoticiaonline.com.br\\\/site\\\/categoria\\\/eventos\\\/#listItem\",\"name\":\"Eventos\"}}]},{\"@type\":\"Organization\",\"@id\":\"https:\\\/\\\/anoticiaonline.com.br\\\/site\\\/#organization\",\"name\":\"A Not\\u00edcia Online\",\"description\":\"Noticias de Muria\\u00e9 e regi\\u00e3o\",\"url\":\"https:\\\/\\\/anoticiaonline.com.br\\\/site\\\/\",\"logo\":{\"@type\":\"ImageObject\",\"url\":\"https:\\\/\\\/scontent-gig4-1.xx.fbcdn.net\\\/v\\\/t39.30808-1\\\/270437624_4564083193639691_6907940295614233970_n.jpg?stp=dst-jpg_s200x200_tt6&_nc_cat=111&ccb=1-7&_nc_sid=f907e8&_nc_ohc=SM1wRlP3lJwQ7kNvwEPuBYA&_nc_oc=AdnqrjDN_BNjSSHWO-GbkIWH6fkGMLw4bqvL_NH6e2wMveX7G-rP2dAqsDSq1mJMOaY&_nc_zt=24&_nc_ht=scontent-gig4-1.xx&_nc_gid=AoBFJeGrT1hVaew_6rchkQ&oh=00_AfX7QmFGhQhG2jAllVgXCiM1ZrWgvtp80-Bfppyexh1QEg&oe=689E923C\",\"@id\":\"https:\\\/\\\/anoticiaonline.com.br\\\/site\\\/performance-academia-e-reinaugurada-em-novo-endereco\\\/#organizationLogo\"},\"image\":{\"@id\":\"https:\\\/\\\/anoticiaonline.com.br\\\/site\\\/performance-academia-e-reinaugurada-em-novo-endereco\\\/#organizationLogo\"}},{\"@type\":\"Person\",\"@id\":\"https:\\\/\\\/anoticiaonline.com.br\\\/site\\\/author\\\/juliana\\\/#author\",\"url\":\"https:\\\/\\\/anoticiaonline.com.br\\\/site\\\/author\\\/juliana\\\/\",\"name\":\"Juliana Laviola\",\"image\":{\"@type\":\"ImageObject\",\"@id\":\"https:\\\/\\\/anoticiaonline.com.br\\\/site\\\/performance-academia-e-reinaugurada-em-novo-endereco\\\/#authorImage\",\"url\":\"https:\\\/\\\/secure.gravatar.com\\\/avatar\\\/b8d45f5c699b100dfaf0e543582f38f38bf94cb7ae3a5e9abf8d891a34773335?s=96&d=mm&r=g\",\"width\":96,\"height\":96,\"caption\":\"Juliana Laviola\"}},{\"@type\":\"WebPage\",\"@id\":\"https:\\\/\\\/anoticiaonline.com.br\\\/site\\\/performance-academia-e-reinaugurada-em-novo-endereco\\\/#webpage\",\"url\":\"https:\\\/\\\/anoticiaonline.com.br\\\/site\\\/performance-academia-e-reinaugurada-em-novo-endereco\\\/\",\"name\":\"Performance Academia \\u00e9 reinaugurada em novo endere\\u00e7o - A Not\\u00edcia Online\",\"description\":\"A Performance Academia est\\u00e1 funcionando em novo endere\\u00e7o. Localizada agora na Avenida Dr. Passos, 255, Barra, o novo espa\\u00e7o est\\u00e1 mais amplo e confort\\u00e1vel, tudo para oferecer maior comodidade aos alunos na hora de praticar atividade f\\u00edsica. A Performance, que est\\u00e1 h\\u00e1 dez anos no segmento, possui ampla sala de muscula\\u00e7\\u00e3o e um espa\\u00e7o reservado\",\"inLanguage\":\"pt-BR\",\"isPartOf\":{\"@id\":\"https:\\\/\\\/anoticiaonline.com.br\\\/site\\\/#website\"},\"breadcrumb\":{\"@id\":\"https:\\\/\\\/anoticiaonline.com.br\\\/site\\\/performance-academia-e-reinaugurada-em-novo-endereco\\\/#breadcrumblist\"},\"author\":{\"@id\":\"https:\\\/\\\/anoticiaonline.com.br\\\/site\\\/author\\\/juliana\\\/#author\"},\"creator\":{\"@id\":\"https:\\\/\\\/anoticiaonline.com.br\\\/site\\\/author\\\/juliana\\\/#author\"},\"image\":{\"@type\":\"ImageObject\",\"url\":\"https:\\\/\\\/anoticiaonline.com.br\\\/site\\\/wp-content\\\/uploads\\\/2016\\\/10\\\/DSC_0157.jpg\",\"@id\":\"https:\\\/\\\/anoticiaonline.com.br\\\/site\\\/performance-academia-e-reinaugurada-em-novo-endereco\\\/#mainImage\",\"width\":640,\"height\":356},\"primaryImageOfPage\":{\"@id\":\"https:\\\/\\\/anoticiaonline.com.br\\\/site\\\/performance-academia-e-reinaugurada-em-novo-endereco\\\/#mainImage\"},\"datePublished\":\"2016-10-05T16:46:34-03:00\",\"dateModified\":\"2016-10-05T17:00:12-03:00\"},{\"@type\":\"WebSite\",\"@id\":\"https:\\\/\\\/anoticiaonline.com.br\\\/site\\\/#website\",\"url\":\"https:\\\/\\\/anoticiaonline.com.br\\\/site\\\/\",\"name\":\"A Not\\u00edcia Online\",\"description\":\"Noticias de Muria\\u00e9 e regi\\u00e3o\",\"inLanguage\":\"pt-BR\",\"publisher\":{\"@id\":\"https:\\\/\\\/anoticiaonline.com.br\\\/site\\\/#organization\"}}]}\n\t\t<\/script>\n\t\t<!-- All in One SEO -->\n\n","aioseo_head_json":{"title":"Performance Academia \u00e9 reinaugurada em novo endere\u00e7o - A Not\u00edcia Online","description":"A Performance Academia est\u00e1 funcionando em novo endere\u00e7o. Localizada agora na Avenida Dr. Passos, 255, Barra, o novo espa\u00e7o est\u00e1 mais amplo e confort\u00e1vel, tudo para oferecer maior comodidade aos alunos na hora de praticar atividade f\u00edsica. A Performance, que est\u00e1 h\u00e1 dez anos no segmento, possui ampla sala de muscula\u00e7\u00e3o e um espa\u00e7o reservado","canonical_url":"https:\/\/anoticiaonline.com.br\/site\/performance-academia-e-reinaugurada-em-novo-endereco\/","robots":"max-image-preview:large","keywords":"","webmasterTools":{"miscellaneous":""},"schema":{"@context":"https:\/\/schema.org","@graph":[{"@type":"BlogPosting","@id":"https:\/\/anoticiaonline.com.br\/site\/performance-academia-e-reinaugurada-em-novo-endereco\/#blogposting","name":"Performance Academia \u00e9 reinaugurada em novo endere\u00e7o - A Not\u00edcia Online","headline":"Performance Academia \u00e9 reinaugurada em novo endere\u00e7o","author":{"@id":"https:\/\/anoticiaonline.com.br\/site\/author\/juliana\/#author"},"publisher":{"@id":"https:\/\/anoticiaonline.com.br\/site\/#organization"},"image":{"@type":"ImageObject","url":"https:\/\/anoticiaonline.com.br\/site\/wp-content\/uploads\/2016\/10\/DSC_0157.jpg","width":640,"height":356},"datePublished":"2016-10-05T16:46:34-03:00","dateModified":"2016-10-05T17:00:12-03:00","inLanguage":"pt-BR","mainEntityOfPage":{"@id":"https:\/\/anoticiaonline.com.br\/site\/performance-academia-e-reinaugurada-em-novo-endereco\/#webpage"},"isPartOf":{"@id":"https:\/\/anoticiaonline.com.br\/site\/performance-academia-e-reinaugurada-em-novo-endereco\/#webpage"},"articleSection":"Eventos, slide"},{"@type":"BreadcrumbList","@id":"https:\/\/anoticiaonline.com.br\/site\/performance-academia-e-reinaugurada-em-novo-endereco\/#breadcrumblist","itemListElement":[{"@type":"ListItem","@id":"https:\/\/anoticiaonline.com.br\/site#listItem","position":1,"name":"Home","item":"https:\/\/anoticiaonline.com.br\/site","nextItem":{"@type":"ListItem","@id":"https:\/\/anoticiaonline.com.br\/site\/categoria\/eventos\/#listItem","name":"Eventos"}},{"@type":"ListItem","@id":"https:\/\/anoticiaonline.com.br\/site\/categoria\/eventos\/#listItem","position":2,"name":"Eventos","item":"https:\/\/anoticiaonline.com.br\/site\/categoria\/eventos\/","nextItem":{"@type":"ListItem","@id":"https:\/\/anoticiaonline.com.br\/site\/performance-academia-e-reinaugurada-em-novo-endereco\/#listItem","name":"Performance Academia \u00e9 reinaugurada em novo endere\u00e7o"},"previousItem":{"@type":"ListItem","@id":"https:\/\/anoticiaonline.com.br\/site#listItem","name":"Home"}},{"@type":"ListItem","@id":"https:\/\/anoticiaonline.com.br\/site\/performance-academia-e-reinaugurada-em-novo-endereco\/#listItem","position":3,"name":"Performance Academia \u00e9 reinaugurada em novo endere\u00e7o","previousItem":{"@type":"ListItem","@id":"https:\/\/anoticiaonline.com.br\/site\/categoria\/eventos\/#listItem","name":"Eventos"}}]},{"@type":"Organization","@id":"https:\/\/anoticiaonline.com.br\/site\/#organization","name":"A Not\u00edcia Online","description":"Noticias de Muria\u00e9 e regi\u00e3o","url":"https:\/\/anoticiaonline.com.br\/site\/","logo":{"@type":"ImageObject","url":"https:\/\/scontent-gig4-1.xx.fbcdn.net\/v\/t39.30808-1\/270437624_4564083193639691_6907940295614233970_n.jpg?stp=dst-jpg_s200x200_tt6&_nc_cat=111&ccb=1-7&_nc_sid=f907e8&_nc_ohc=SM1wRlP3lJwQ7kNvwEPuBYA&_nc_oc=AdnqrjDN_BNjSSHWO-GbkIWH6fkGMLw4bqvL_NH6e2wMveX7G-rP2dAqsDSq1mJMOaY&_nc_zt=24&_nc_ht=scontent-gig4-1.xx&_nc_gid=AoBFJeGrT1hVaew_6rchkQ&oh=00_AfX7QmFGhQhG2jAllVgXCiM1ZrWgvtp80-Bfppyexh1QEg&oe=689E923C","@id":"https:\/\/anoticiaonline.com.br\/site\/performance-academia-e-reinaugurada-em-novo-endereco\/#organizationLogo"},"image":{"@id":"https:\/\/anoticiaonline.com.br\/site\/performance-academia-e-reinaugurada-em-novo-endereco\/#organizationLogo"}},{"@type":"Person","@id":"https:\/\/anoticiaonline.com.br\/site\/author\/juliana\/#author","url":"https:\/\/anoticiaonline.com.br\/site\/author\/juliana\/","name":"Juliana Laviola","image":{"@type":"ImageObject","@id":"https:\/\/anoticiaonline.com.br\/site\/performance-academia-e-reinaugurada-em-novo-endereco\/#authorImage","url":"https:\/\/secure.gravatar.com\/avatar\/b8d45f5c699b100dfaf0e543582f38f38bf94cb7ae3a5e9abf8d891a34773335?s=96&d=mm&r=g","width":96,"height":96,"caption":"Juliana Laviola"}},{"@type":"WebPage","@id":"https:\/\/anoticiaonline.com.br\/site\/performance-academia-e-reinaugurada-em-novo-endereco\/#webpage","url":"https:\/\/anoticiaonline.com.br\/site\/performance-academia-e-reinaugurada-em-novo-endereco\/","name":"Performance Academia \u00e9 reinaugurada em novo endere\u00e7o - A Not\u00edcia Online","description":"A Performance Academia est\u00e1 funcionando em novo endere\u00e7o. Localizada agora na Avenida Dr. Passos, 255, Barra, o novo espa\u00e7o est\u00e1 mais amplo e confort\u00e1vel, tudo para oferecer maior comodidade aos alunos na hora de praticar atividade f\u00edsica. A Performance, que est\u00e1 h\u00e1 dez anos no segmento, possui ampla sala de muscula\u00e7\u00e3o e um espa\u00e7o reservado","inLanguage":"pt-BR","isPartOf":{"@id":"https:\/\/anoticiaonline.com.br\/site\/#website"},"breadcrumb":{"@id":"https:\/\/anoticiaonline.com.br\/site\/performance-academia-e-reinaugurada-em-novo-endereco\/#breadcrumblist"},"author":{"@id":"https:\/\/anoticiaonline.com.br\/site\/author\/juliana\/#author"},"creator":{"@id":"https:\/\/anoticiaonline.com.br\/site\/author\/juliana\/#author"},"image":{"@type":"ImageObject","url":"https:\/\/anoticiaonline.com.br\/site\/wp-content\/uploads\/2016\/10\/DSC_0157.jpg","@id":"https:\/\/anoticiaonline.com.br\/site\/performance-academia-e-reinaugurada-em-novo-endereco\/#mainImage","width":640,"height":356},"primaryImageOfPage":{"@id":"https:\/\/anoticiaonline.com.br\/site\/performance-academia-e-reinaugurada-em-novo-endereco\/#mainImage"},"datePublished":"2016-10-05T16:46:34-03:00","dateModified":"2016-10-05T17:00:12-03:00"},{"@type":"WebSite","@id":"https:\/\/anoticiaonline.com.br\/site\/#website","url":"https:\/\/anoticiaonline.com.br\/site\/","name":"A Not\u00edcia Online","description":"Noticias de Muria\u00e9 e regi\u00e3o","inLanguage":"pt-BR","publisher":{"@id":"https:\/\/anoticiaonline.com.br\/site\/#organization"}}]},"og:locale":"pt_BR","og:site_name":"A Not\u00edcia Online - Noticias de Muria\u00e9 e regi\u00e3o","og:type":"article","og:title":"Performance Academia \u00e9 reinaugurada em novo endere\u00e7o - A Not\u00edcia Online","og:description":"A Performance Academia est\u00e1 funcionando em novo endere\u00e7o. Localizada agora na Avenida Dr. Passos, 255, Barra, o novo espa\u00e7o est\u00e1 mais amplo e confort\u00e1vel, tudo para oferecer maior comodidade aos alunos na hora de praticar atividade f\u00edsica. A Performance, que est\u00e1 h\u00e1 dez anos no segmento, possui ampla sala de muscula\u00e7\u00e3o e um espa\u00e7o reservado","og:url":"https:\/\/anoticiaonline.com.br\/site\/performance-academia-e-reinaugurada-em-novo-endereco\/","og:image":"https:\/\/scontent-gig4-1.xx.fbcdn.net\/v\/t39.30808-1\/270437624_4564083193639691_6907940295614233970_n.jpg?stp=dst-jpg_s200x200_tt6&#038;_nc_cat=111&#038;ccb=1-7&#038;_nc_sid=f907e8&#038;_nc_ohc=SM1wRlP3lJwQ7kNvwEPuBYA&#038;_nc_oc=AdnqrjDN_BNjSSHWO-GbkIWH6fkGMLw4bqvL_NH6e2wMveX7G-rP2dAqsDSq1mJMOaY&#038;_nc_zt=24&#038;_nc_ht=scontent-gig4-1.xx&#038;_nc_gid=AoBFJeGrT1hVaew_6rchkQ&#038;oh=00_AfX7QmFGhQhG2jAllVgXCiM1ZrWgvtp80-Bfppyexh1QEg&#038;oe=689E923C","og:image:secure_url":"https:\/\/scontent-gig4-1.xx.fbcdn.net\/v\/t39.30808-1\/270437624_4564083193639691_6907940295614233970_n.jpg?stp=dst-jpg_s200x200_tt6&#038;_nc_cat=111&#038;ccb=1-7&#038;_nc_sid=f907e8&#038;_nc_ohc=SM1wRlP3lJwQ7kNvwEPuBYA&#038;_nc_oc=AdnqrjDN_BNjSSHWO-GbkIWH6fkGMLw4bqvL_NH6e2wMveX7G-rP2dAqsDSq1mJMOaY&#038;_nc_zt=24&#038;_nc_ht=scontent-gig4-1.xx&#038;_nc_gid=AoBFJeGrT1hVaew_6rchkQ&#038;oh=00_AfX7QmFGhQhG2jAllVgXCiM1ZrWgvtp80-Bfppyexh1QEg&#038;oe=689E923C","article:published_time":"2016-10-05T19:46:34+00:00","article:modified_time":"2016-10-05T20:00:12+00:00","twitter:card":"summary_large_image","twitter:title":"Performance Academia \u00e9 reinaugurada em novo endere\u00e7o - A Not\u00edcia Online","twitter:description":"A Performance Academia est\u00e1 funcionando em novo endere\u00e7o. Localizada agora na Avenida Dr. Passos, 255, Barra, o novo espa\u00e7o est\u00e1 mais amplo e confort\u00e1vel, tudo para oferecer maior comodidade aos alunos na hora de praticar atividade f\u00edsica. A Performance, que est\u00e1 h\u00e1 dez anos no segmento, possui ampla sala de muscula\u00e7\u00e3o e um espa\u00e7o reservado","twitter:image":"https:\/\/scontent-gig4-1.xx.fbcdn.net\/v\/t39.30808-1\/270437624_4564083193639691_6907940295614233970_n.jpg?stp=dst-jpg_s200x200_tt6&_nc_cat=111&ccb=1-7&_nc_sid=f907e8&_nc_ohc=SM1wRlP3lJwQ7kNvwEPuBYA&_nc_oc=AdnqrjDN_BNjSSHWO-GbkIWH6fkGMLw4bqvL_NH6e2wMveX7G-rP2dAqsDSq1mJMOaY&_nc_zt=24&_nc_ht=scontent-gig4-1.xx&_nc_gid=AoBFJeGrT1hVaew_6rchkQ&oh=00_AfX7QmFGhQhG2jAllVgXCiM1ZrWgvtp80-Bfppyexh1QEg&oe=689E923C"},"aioseo_meta_data":{"post_id":"19740","title":null,"description":null,"keywords":null,"keyphrases":null,"primary_term":null,"canonical_url":null,"og_title":null,"og_description":null,"og_object_type":"default","og_image_type":"default","og_image_url":null,"og_image_width":null,"og_image_height":null,"og_image_custom_url":null,"og_image_custom_fields":null,"og_video":null,"og_custom_url":null,"og_article_section":null,"og_article_tags":null,"twitter_use_og":false,"twitter_card":"default","twitter_image_type":"default","twitter_image_url":null,"twitter_image_custom_url":null,"twitter_image_custom_fields":null,"twitter_title":null,"twitter_description":null,"schema":{"blockGraphs":[],"customGraphs":[],"default":{"data":{"Article":[],"Course":[],"Dataset":[],"FAQPage":[],"Movie":[],"Person":[],"Product":[],"ProductReview":[],"Car":[],"Recipe":[],"Service":[],"SoftwareApplication":[],"WebPage":[]},"graphName":"","isEnabled":true},"graphs":[]},"schema_type":"default","schema_type_options":null,"pillar_content":false,"robots_default":true,"robots_noindex":false,"robots_noarchive":false,"robots_nosnippet":false,"robots_nofollow":false,"robots_noimageindex":false,"robots_noodp":false,"robots_notranslate":false,"robots_max_snippet":null,"robots_max_videopreview":null,"robots_max_imagepreview":"large","priority":null,"frequency":null,"local_seo":null,"breadcrumb_settings":null,"limit_modified_date":false,"ai":null,"created":"2025-08-16 16:55:18","updated":"2025-08-16 16:55:18","focus_keyword":null,"additional_keywords":null,"truseo_locale":null,"seo_analyzer_scan_date":null},"aioseo_breadcrumb":"<div class=\"aioseo-breadcrumbs\"><span class=\"aioseo-breadcrumb\">\n\t\t\t<a href=\"https:\/\/anoticiaonline.com.br\/site\" title=\"Home\">Home<\/a>\n\t\t<\/span><span class=\"aioseo-breadcrumb-separator\">&raquo;<\/span><span class=\"aioseo-breadcrumb\">\n\t\t\t<a href=\"https:\/\/anoticiaonline.com.br\/site\/categoria\/eventos\/\" title=\"Eventos\">Eventos<\/a>\n\t\t<\/span><span class=\"aioseo-breadcrumb-separator\">&raquo;<\/span><span class=\"aioseo-breadcrumb\">\n\t\t\tPerformance Academia \u00e9 reinaugurada em novo endere\u00e7o\n\t\t<\/span><\/div>","aioseo_breadcrumb_json":[{"label":"Home","link":"https:\/\/anoticiaonline.com.br\/site"},{"label":"Eventos","link":"https:\/\/anoticiaonline.com.br\/site\/categoria\/eventos\/"},{"label":"Performance Academia \u00e9 reinaugurada em novo endere\u00e7o","link":"https:\/\/anoticiaonline.com.br\/site\/performance-academia-e-reinaugurada-em-novo-endereco\/"}],"views":146,"_links":{"self":[{"href":"https:\/\/anoticiaonline.com.br\/site\/wp-json\/wp\/v2\/posts\/19740","targetHints":{"allow":["GET"]}}],"collection":[{"href":"https:\/\/anoticiaonline.com.br\/site\/wp-json\/wp\/v2\/posts"}],"about":[{"href":"https:\/\/anoticiaonline.com.br\/site\/wp-json\/wp\/v2\/types\/post"}],"author":[{"embeddable":true,"href":"https:\/\/anoticiaonline.com.br\/site\/wp-json\/wp\/v2\/users\/2"}],"replies":[{"embeddable":true,"href":"https:\/\/anoticiaonline.com.br\/site\/wp-json\/wp\/v2\/comments?post=19740"}],"version-history":[{"count":0,"href":"https:\/\/anoticiaonline.com.br\/site\/wp-json\/wp\/v2\/posts\/19740\/revisions"}],"wp:featuredmedia":[{"embeddable":true,"href":"https:\/\/anoticiaonline.com.br\/site\/wp-json\/wp\/v2\/media\/19741"}],"wp:attachment":[{"href":"https:\/\/anoticiaonline.com.br\/site\/wp-json\/wp\/v2\/media?parent=19740"}],"wp:term":[{"taxonomy":"category","embeddable":true,"href":"https:\/\/anoticiaonline.com.br\/site\/wp-json\/wp\/v2\/categories?post=19740"},{"taxonomy":"post_tag","embeddable":true,"href":"https:\/\/anoticiaonline.com.br\/site\/wp-json\/wp\/v2\/tags?post=19740"}],"curies":[{"name":"wp","href":"https:\/\/api.w.org\/{rel}","templated":true}]}}