{"id":19674,"date":"2016-10-04T18:58:09","date_gmt":"2016-10-04T21:58:09","guid":{"rendered":"http:\/\/anoticiaonline.com.br\/site\/?p=19674"},"modified":"2016-10-04T18:58:09","modified_gmt":"2016-10-04T21:58:09","slug":"poliana-botelho-estreia-no-ufc-em-dezembro","status":"publish","type":"post","link":"https:\/\/anoticiaonline.com.br\/site\/poliana-botelho-estreia-no-ufc-em-dezembro\/","title":{"rendered":"Poliana Botelho estreia no UFC em dezembro"},"content":{"rendered":"<figure id=\"attachment_19675\" aria-describedby=\"caption-attachment-19675\" style=\"width: 290px\" class=\"wp-caption alignleft\"><a href=\"https:\/\/anoticiaonline.com.br\/site\/wp-content\/uploads\/2016\/10\/Poliana-Botelho-estreia-no-UFC-em-dezembro.jpeg\"><img fetchpriority=\"high\" decoding=\"async\" class=\"size-medium wp-image-19675\" src=\"https:\/\/anoticiaonline.com.br\/site\/wp-content\/uploads\/2016\/10\/Poliana-Botelho-estreia-no-UFC-em-dezembro-300x200.jpeg\" alt=\"Foto: Alexandre Loureiro\/Divulga\u00e7\u00e3o\" width=\"300\" height=\"200\" srcset=\"https:\/\/anoticiaonline.com.br\/site\/wp-content\/uploads\/2016\/10\/Poliana-Botelho-estreia-no-UFC-em-dezembro-300x200.jpeg 300w, https:\/\/anoticiaonline.com.br\/site\/wp-content\/uploads\/2016\/10\/Poliana-Botelho-estreia-no-UFC-em-dezembro.jpeg 600w\" sizes=\"(max-width: 300px) 100vw, 300px\" \/><\/a><figcaption id=\"caption-attachment-19675\" class=\"wp-caption-text\">Foto: Alexandre Loureiro\/Divulga\u00e7\u00e3o<\/figcaption><\/figure>\n<p>Campe\u00e3 mundial do XFC e rec\u00e9m-contratada pelo UFC, a muriaeense Poliana Botelho, de 26 anos, teve seu primeiro desafio no maior evento de MMA do mundo confirmado. A atleta da Nova Uni\u00e3o estreia no oct\u00f3gono no dia 10 de dezembro, em Toronto (Canad\u00e1), pelo UFC 206, contra a experiente canadense Valerie Letourneau, de 33 anos, e ex-desafiante ao cintur\u00e3o peso-palha (at\u00e9 52,2kg), que hoje pertence a Joanna Jedrzejczyk.<\/p>\n<p>Poliana assinou o contrato com o UFC em maio deste ano. Entre o contrato assinado e o an\u00fancio do novo combate foram quatro meses de espera pelo primeiro confronto no evento.<\/p>\n<p>Mesmo sem duelo marcado e sem atuar desde setembro do ano passado, Poliana manteve o foco e continuou normalmente sua rotina de treinos.<\/p>\n<p>Al\u00e9m de marcar a estreia da mineira no Ultimate, o duelo tamb\u00e9m ser\u00e1 o primeiro de Poliana na categoria peso-palha (at\u00e9 52,2kg). Anteriormente, a brasileira conquistou o cintur\u00e3o mundial do XFC na divis\u00e3o dos moscas (at\u00e9 56,7kg), categoria em que disputou suas seis lutas, somando cinco triunfos no cartel &#8211; todos por nocaute.<\/p>\n<p>Em apenas dois anos como lutadora profissional de MMA, a muriaeense conquistou o GP peso mosca feminino do XFC (Xtreme Fighting Championships) em 2015. Nesse mesmo ano, conquistou o cintur\u00e3o mundial peso-mosca (at\u00e9 56,7kg) do XFC.<\/p>\n","protected":false},"excerpt":{"rendered":"<p>Campe\u00e3 mundial do XFC e rec\u00e9m-contratada pelo UFC, a muriaeense Poliana Botelho, de 26 anos, teve seu primeiro desafio no maior evento de MMA do mundo confirmado. A atleta da Nova Uni\u00e3o estreia no oct\u00f3gono no dia 10 de dezembro, em Toronto (Canad\u00e1), pelo UFC 206, contra a experiente canadense Valerie Letourneau, de 33 anos, &#8230; <a title=\"Poliana Botelho estreia no UFC em dezembro\" class=\"read-more\" href=\"https:\/\/anoticiaonline.com.br\/site\/poliana-botelho-estreia-no-ufc-em-dezembro\/\" aria-label=\"Read more about Poliana Botelho estreia no UFC em dezembro\">Ler mais<\/a><\/p>\n","protected":false},"author":2,"featured_media":19675,"comment_status":"open","ping_status":"open","sticky":false,"template":"","format":"standard","meta":{"_acf_changed":false,"_monsterinsights_skip_tracking":false,"footnotes":""},"categories":[29],"tags":[3],"class_list":["post-19674","post","type-post","status-publish","format-standard","has-post-thumbnail","hentry","category-esporte","tag-slide"],"acf":[],"aioseo_notices":[],"aioseo_head":"\n\t\t<!-- All in One SEO 5.0.0.1 - aioseo.com -->\n\t<meta name=\"description\" content=\"Campe\u00e3 mundial do XFC e rec\u00e9m-contratada pelo UFC, a muriaeense Poliana Botelho, de 26 anos, teve seu primeiro desafio no maior evento de MMA do mundo confirmado. A atleta da Nova Uni\u00e3o estreia no oct\u00f3gono no dia 10 de dezembro, em Toronto (Canad\u00e1), pelo UFC 206, contra a experiente canadense Valerie Letourneau, de 33 anos,\" \/>\n\t<meta name=\"robots\" content=\"max-image-preview:large\" \/>\n\t<meta name=\"author\" content=\"Juliana Laviola\"\/>\n\t<link rel=\"canonical\" href=\"https:\/\/anoticiaonline.com.br\/site\/poliana-botelho-estreia-no-ufc-em-dezembro\/\" \/>\n\t<meta name=\"generator\" content=\"All in One SEO (AIOSEO) 5.0.0.1\" \/>\n\t\t<meta property=\"og:locale\" content=\"pt_BR\" \/>\n\t\t<meta property=\"og:site_name\" content=\"A Not\u00edcia Online - Noticias de Muria\u00e9 e regi\u00e3o\" \/>\n\t\t<meta property=\"og:type\" content=\"article\" \/>\n\t\t<meta property=\"og:title\" content=\"Poliana Botelho estreia no UFC em dezembro - A Not\u00edcia Online\" \/>\n\t\t<meta property=\"og:description\" content=\"Campe\u00e3 mundial do XFC e rec\u00e9m-contratada pelo UFC, a muriaeense Poliana Botelho, de 26 anos, teve seu primeiro desafio no maior evento de MMA do mundo confirmado. A atleta da Nova Uni\u00e3o estreia no oct\u00f3gono no dia 10 de dezembro, em Toronto (Canad\u00e1), pelo UFC 206, contra a experiente canadense Valerie Letourneau, de 33 anos,\" \/>\n\t\t<meta property=\"og:url\" content=\"https:\/\/anoticiaonline.com.br\/site\/poliana-botelho-estreia-no-ufc-em-dezembro\/\" \/>\n\t\t<meta property=\"og:image\" content=\"https:\/\/scontent-gig4-1.xx.fbcdn.net\/v\/t39.30808-1\/270437624_4564083193639691_6907940295614233970_n.jpg?stp=dst-jpg_s200x200_tt6&#038;_nc_cat=111&#038;ccb=1-7&#038;_nc_sid=f907e8&#038;_nc_ohc=SM1wRlP3lJwQ7kNvwEPuBYA&#038;_nc_oc=AdnqrjDN_BNjSSHWO-GbkIWH6fkGMLw4bqvL_NH6e2wMveX7G-rP2dAqsDSq1mJMOaY&#038;_nc_zt=24&#038;_nc_ht=scontent-gig4-1.xx&#038;_nc_gid=AoBFJeGrT1hVaew_6rchkQ&#038;oh=00_AfX7QmFGhQhG2jAllVgXCiM1ZrWgvtp80-Bfppyexh1QEg&#038;oe=689E923C\" \/>\n\t\t<meta property=\"og:image:secure_url\" content=\"https:\/\/scontent-gig4-1.xx.fbcdn.net\/v\/t39.30808-1\/270437624_4564083193639691_6907940295614233970_n.jpg?stp=dst-jpg_s200x200_tt6&#038;_nc_cat=111&#038;ccb=1-7&#038;_nc_sid=f907e8&#038;_nc_ohc=SM1wRlP3lJwQ7kNvwEPuBYA&#038;_nc_oc=AdnqrjDN_BNjSSHWO-GbkIWH6fkGMLw4bqvL_NH6e2wMveX7G-rP2dAqsDSq1mJMOaY&#038;_nc_zt=24&#038;_nc_ht=scontent-gig4-1.xx&#038;_nc_gid=AoBFJeGrT1hVaew_6rchkQ&#038;oh=00_AfX7QmFGhQhG2jAllVgXCiM1ZrWgvtp80-Bfppyexh1QEg&#038;oe=689E923C\" \/>\n\t\t<meta property=\"article:published_time\" content=\"2016-10-04T21:58:09+00:00\" \/>\n\t\t<meta property=\"article:modified_time\" content=\"2016-10-04T21:58:09+00:00\" \/>\n\t\t<meta name=\"twitter:card\" content=\"summary_large_image\" \/>\n\t\t<meta name=\"twitter:title\" content=\"Poliana Botelho estreia no UFC em dezembro - A Not\u00edcia Online\" \/>\n\t\t<meta name=\"twitter:description\" content=\"Campe\u00e3 mundial do XFC e rec\u00e9m-contratada pelo UFC, a muriaeense Poliana Botelho, de 26 anos, teve seu primeiro desafio no maior evento de MMA do mundo confirmado. A atleta da Nova Uni\u00e3o estreia no oct\u00f3gono no dia 10 de dezembro, em Toronto (Canad\u00e1), pelo UFC 206, contra a experiente canadense Valerie Letourneau, de 33 anos,\" \/>\n\t\t<meta name=\"twitter:image\" content=\"https:\/\/scontent-gig4-1.xx.fbcdn.net\/v\/t39.30808-1\/270437624_4564083193639691_6907940295614233970_n.jpg?stp=dst-jpg_s200x200_tt6&amp;_nc_cat=111&amp;ccb=1-7&amp;_nc_sid=f907e8&amp;_nc_ohc=SM1wRlP3lJwQ7kNvwEPuBYA&amp;_nc_oc=AdnqrjDN_BNjSSHWO-GbkIWH6fkGMLw4bqvL_NH6e2wMveX7G-rP2dAqsDSq1mJMOaY&amp;_nc_zt=24&amp;_nc_ht=scontent-gig4-1.xx&amp;_nc_gid=AoBFJeGrT1hVaew_6rchkQ&amp;oh=00_AfX7QmFGhQhG2jAllVgXCiM1ZrWgvtp80-Bfppyexh1QEg&amp;oe=689E923C\" \/>\n\t\t<script type=\"application\/ld+json\" class=\"aioseo-schema\">\n\t\t\t{\"@context\":\"https:\\\/\\\/schema.org\",\"@graph\":[{\"@type\":\"BlogPosting\",\"@id\":\"https:\\\/\\\/anoticiaonline.com.br\\\/site\\\/poliana-botelho-estreia-no-ufc-em-dezembro\\\/#blogposting\",\"name\":\"Poliana Botelho estreia no UFC em dezembro - A Not\\u00edcia Online\",\"headline\":\"Poliana Botelho estreia no UFC em dezembro\",\"author\":{\"@id\":\"https:\\\/\\\/anoticiaonline.com.br\\\/site\\\/author\\\/juliana\\\/#author\"},\"publisher\":{\"@id\":\"https:\\\/\\\/anoticiaonline.com.br\\\/site\\\/#organization\"},\"image\":{\"@type\":\"ImageObject\",\"url\":\"https:\\\/\\\/anoticiaonline.com.br\\\/site\\\/wp-content\\\/uploads\\\/2016\\\/10\\\/Poliana-Botelho-estreia-no-UFC-em-dezembro.jpeg\",\"width\":600,\"height\":399,\"caption\":\"Foto: Alexandre Loureiro\\\/Divulga\\u00e7\\u00e3o\"},\"datePublished\":\"2016-10-04T18:58:09-03:00\",\"dateModified\":\"2016-10-04T18:58:09-03:00\",\"inLanguage\":\"pt-BR\",\"mainEntityOfPage\":{\"@id\":\"https:\\\/\\\/anoticiaonline.com.br\\\/site\\\/poliana-botelho-estreia-no-ufc-em-dezembro\\\/#webpage\"},\"isPartOf\":{\"@id\":\"https:\\\/\\\/anoticiaonline.com.br\\\/site\\\/poliana-botelho-estreia-no-ufc-em-dezembro\\\/#webpage\"},\"articleSection\":\"Esporte, slide\"},{\"@type\":\"BreadcrumbList\",\"@id\":\"https:\\\/\\\/anoticiaonline.com.br\\\/site\\\/poliana-botelho-estreia-no-ufc-em-dezembro\\\/#breadcrumblist\",\"itemListElement\":[{\"@type\":\"ListItem\",\"@id\":\"https:\\\/\\\/anoticiaonline.com.br\\\/site#listItem\",\"position\":1,\"name\":\"Home\",\"item\":\"https:\\\/\\\/anoticiaonline.com.br\\\/site\",\"nextItem\":{\"@type\":\"ListItem\",\"@id\":\"https:\\\/\\\/anoticiaonline.com.br\\\/site\\\/categoria\\\/esporte\\\/#listItem\",\"name\":\"Esporte\"}},{\"@type\":\"ListItem\",\"@id\":\"https:\\\/\\\/anoticiaonline.com.br\\\/site\\\/categoria\\\/esporte\\\/#listItem\",\"position\":2,\"name\":\"Esporte\",\"item\":\"https:\\\/\\\/anoticiaonline.com.br\\\/site\\\/categoria\\\/esporte\\\/\",\"nextItem\":{\"@type\":\"ListItem\",\"@id\":\"https:\\\/\\\/anoticiaonline.com.br\\\/site\\\/poliana-botelho-estreia-no-ufc-em-dezembro\\\/#listItem\",\"name\":\"Poliana Botelho estreia no UFC em dezembro\"},\"previousItem\":{\"@type\":\"ListItem\",\"@id\":\"https:\\\/\\\/anoticiaonline.com.br\\\/site#listItem\",\"name\":\"Home\"}},{\"@type\":\"ListItem\",\"@id\":\"https:\\\/\\\/anoticiaonline.com.br\\\/site\\\/poliana-botelho-estreia-no-ufc-em-dezembro\\\/#listItem\",\"position\":3,\"name\":\"Poliana Botelho estreia no UFC em dezembro\",\"previousItem\":{\"@type\":\"ListItem\",\"@id\":\"https:\\\/\\\/anoticiaonline.com.br\\\/site\\\/categoria\\\/esporte\\\/#listItem\",\"name\":\"Esporte\"}}]},{\"@type\":\"Organization\",\"@id\":\"https:\\\/\\\/anoticiaonline.com.br\\\/site\\\/#organization\",\"name\":\"A Not\\u00edcia Online\",\"description\":\"Noticias de Muria\\u00e9 e regi\\u00e3o\",\"url\":\"https:\\\/\\\/anoticiaonline.com.br\\\/site\\\/\",\"logo\":{\"@type\":\"ImageObject\",\"url\":\"https:\\\/\\\/scontent-gig4-1.xx.fbcdn.net\\\/v\\\/t39.30808-1\\\/270437624_4564083193639691_6907940295614233970_n.jpg?stp=dst-jpg_s200x200_tt6&_nc_cat=111&ccb=1-7&_nc_sid=f907e8&_nc_ohc=SM1wRlP3lJwQ7kNvwEPuBYA&_nc_oc=AdnqrjDN_BNjSSHWO-GbkIWH6fkGMLw4bqvL_NH6e2wMveX7G-rP2dAqsDSq1mJMOaY&_nc_zt=24&_nc_ht=scontent-gig4-1.xx&_nc_gid=AoBFJeGrT1hVaew_6rchkQ&oh=00_AfX7QmFGhQhG2jAllVgXCiM1ZrWgvtp80-Bfppyexh1QEg&oe=689E923C\",\"@id\":\"https:\\\/\\\/anoticiaonline.com.br\\\/site\\\/poliana-botelho-estreia-no-ufc-em-dezembro\\\/#organizationLogo\"},\"image\":{\"@id\":\"https:\\\/\\\/anoticiaonline.com.br\\\/site\\\/poliana-botelho-estreia-no-ufc-em-dezembro\\\/#organizationLogo\"}},{\"@type\":\"Person\",\"@id\":\"https:\\\/\\\/anoticiaonline.com.br\\\/site\\\/author\\\/juliana\\\/#author\",\"url\":\"https:\\\/\\\/anoticiaonline.com.br\\\/site\\\/author\\\/juliana\\\/\",\"name\":\"Juliana Laviola\",\"image\":{\"@type\":\"ImageObject\",\"@id\":\"https:\\\/\\\/anoticiaonline.com.br\\\/site\\\/poliana-botelho-estreia-no-ufc-em-dezembro\\\/#authorImage\",\"url\":\"https:\\\/\\\/secure.gravatar.com\\\/avatar\\\/b8d45f5c699b100dfaf0e543582f38f38bf94cb7ae3a5e9abf8d891a34773335?s=96&d=mm&r=g\",\"width\":96,\"height\":96,\"caption\":\"Juliana Laviola\"}},{\"@type\":\"WebPage\",\"@id\":\"https:\\\/\\\/anoticiaonline.com.br\\\/site\\\/poliana-botelho-estreia-no-ufc-em-dezembro\\\/#webpage\",\"url\":\"https:\\\/\\\/anoticiaonline.com.br\\\/site\\\/poliana-botelho-estreia-no-ufc-em-dezembro\\\/\",\"name\":\"Poliana Botelho estreia no UFC em dezembro - A Not\\u00edcia Online\",\"description\":\"Campe\\u00e3 mundial do XFC e rec\\u00e9m-contratada pelo UFC, a muriaeense Poliana Botelho, de 26 anos, teve seu primeiro desafio no maior evento de MMA do mundo confirmado. A atleta da Nova Uni\\u00e3o estreia no oct\\u00f3gono no dia 10 de dezembro, em Toronto (Canad\\u00e1), pelo UFC 206, contra a experiente canadense Valerie Letourneau, de 33 anos,\",\"inLanguage\":\"pt-BR\",\"isPartOf\":{\"@id\":\"https:\\\/\\\/anoticiaonline.com.br\\\/site\\\/#website\"},\"breadcrumb\":{\"@id\":\"https:\\\/\\\/anoticiaonline.com.br\\\/site\\\/poliana-botelho-estreia-no-ufc-em-dezembro\\\/#breadcrumblist\"},\"author\":{\"@id\":\"https:\\\/\\\/anoticiaonline.com.br\\\/site\\\/author\\\/juliana\\\/#author\"},\"creator\":{\"@id\":\"https:\\\/\\\/anoticiaonline.com.br\\\/site\\\/author\\\/juliana\\\/#author\"},\"image\":{\"@type\":\"ImageObject\",\"url\":\"https:\\\/\\\/anoticiaonline.com.br\\\/site\\\/wp-content\\\/uploads\\\/2016\\\/10\\\/Poliana-Botelho-estreia-no-UFC-em-dezembro.jpeg\",\"@id\":\"https:\\\/\\\/anoticiaonline.com.br\\\/site\\\/poliana-botelho-estreia-no-ufc-em-dezembro\\\/#mainImage\",\"width\":600,\"height\":399,\"caption\":\"Foto: Alexandre Loureiro\\\/Divulga\\u00e7\\u00e3o\"},\"primaryImageOfPage\":{\"@id\":\"https:\\\/\\\/anoticiaonline.com.br\\\/site\\\/poliana-botelho-estreia-no-ufc-em-dezembro\\\/#mainImage\"},\"datePublished\":\"2016-10-04T18:58:09-03:00\",\"dateModified\":\"2016-10-04T18:58:09-03:00\"},{\"@type\":\"WebSite\",\"@id\":\"https:\\\/\\\/anoticiaonline.com.br\\\/site\\\/#website\",\"url\":\"https:\\\/\\\/anoticiaonline.com.br\\\/site\\\/\",\"name\":\"A Not\\u00edcia Online\",\"description\":\"Noticias de Muria\\u00e9 e regi\\u00e3o\",\"inLanguage\":\"pt-BR\",\"publisher\":{\"@id\":\"https:\\\/\\\/anoticiaonline.com.br\\\/site\\\/#organization\"}}]}\n\t\t<\/script>\n\t\t<!-- All in One SEO -->\n\n","aioseo_head_json":{"title":"Poliana Botelho estreia no UFC em dezembro - A Not\u00edcia Online","description":"Campe\u00e3 mundial do XFC e rec\u00e9m-contratada pelo UFC, a muriaeense Poliana Botelho, de 26 anos, teve seu primeiro desafio no maior evento de MMA do mundo confirmado. A atleta da Nova Uni\u00e3o estreia no oct\u00f3gono no dia 10 de dezembro, em Toronto (Canad\u00e1), pelo UFC 206, contra a experiente canadense Valerie Letourneau, de 33 anos,","canonical_url":"https:\/\/anoticiaonline.com.br\/site\/poliana-botelho-estreia-no-ufc-em-dezembro\/","robots":"max-image-preview:large","keywords":"","webmasterTools":{"miscellaneous":""},"schema":{"@context":"https:\/\/schema.org","@graph":[{"@type":"BlogPosting","@id":"https:\/\/anoticiaonline.com.br\/site\/poliana-botelho-estreia-no-ufc-em-dezembro\/#blogposting","name":"Poliana Botelho estreia no UFC em dezembro - A Not\u00edcia Online","headline":"Poliana Botelho estreia no UFC em dezembro","author":{"@id":"https:\/\/anoticiaonline.com.br\/site\/author\/juliana\/#author"},"publisher":{"@id":"https:\/\/anoticiaonline.com.br\/site\/#organization"},"image":{"@type":"ImageObject","url":"https:\/\/anoticiaonline.com.br\/site\/wp-content\/uploads\/2016\/10\/Poliana-Botelho-estreia-no-UFC-em-dezembro.jpeg","width":600,"height":399,"caption":"Foto: Alexandre Loureiro\/Divulga\u00e7\u00e3o"},"datePublished":"2016-10-04T18:58:09-03:00","dateModified":"2016-10-04T18:58:09-03:00","inLanguage":"pt-BR","mainEntityOfPage":{"@id":"https:\/\/anoticiaonline.com.br\/site\/poliana-botelho-estreia-no-ufc-em-dezembro\/#webpage"},"isPartOf":{"@id":"https:\/\/anoticiaonline.com.br\/site\/poliana-botelho-estreia-no-ufc-em-dezembro\/#webpage"},"articleSection":"Esporte, slide"},{"@type":"BreadcrumbList","@id":"https:\/\/anoticiaonline.com.br\/site\/poliana-botelho-estreia-no-ufc-em-dezembro\/#breadcrumblist","itemListElement":[{"@type":"ListItem","@id":"https:\/\/anoticiaonline.com.br\/site#listItem","position":1,"name":"Home","item":"https:\/\/anoticiaonline.com.br\/site","nextItem":{"@type":"ListItem","@id":"https:\/\/anoticiaonline.com.br\/site\/categoria\/esporte\/#listItem","name":"Esporte"}},{"@type":"ListItem","@id":"https:\/\/anoticiaonline.com.br\/site\/categoria\/esporte\/#listItem","position":2,"name":"Esporte","item":"https:\/\/anoticiaonline.com.br\/site\/categoria\/esporte\/","nextItem":{"@type":"ListItem","@id":"https:\/\/anoticiaonline.com.br\/site\/poliana-botelho-estreia-no-ufc-em-dezembro\/#listItem","name":"Poliana Botelho estreia no UFC em dezembro"},"previousItem":{"@type":"ListItem","@id":"https:\/\/anoticiaonline.com.br\/site#listItem","name":"Home"}},{"@type":"ListItem","@id":"https:\/\/anoticiaonline.com.br\/site\/poliana-botelho-estreia-no-ufc-em-dezembro\/#listItem","position":3,"name":"Poliana Botelho estreia no UFC em dezembro","previousItem":{"@type":"ListItem","@id":"https:\/\/anoticiaonline.com.br\/site\/categoria\/esporte\/#listItem","name":"Esporte"}}]},{"@type":"Organization","@id":"https:\/\/anoticiaonline.com.br\/site\/#organization","name":"A Not\u00edcia Online","description":"Noticias de Muria\u00e9 e regi\u00e3o","url":"https:\/\/anoticiaonline.com.br\/site\/","logo":{"@type":"ImageObject","url":"https:\/\/scontent-gig4-1.xx.fbcdn.net\/v\/t39.30808-1\/270437624_4564083193639691_6907940295614233970_n.jpg?stp=dst-jpg_s200x200_tt6&_nc_cat=111&ccb=1-7&_nc_sid=f907e8&_nc_ohc=SM1wRlP3lJwQ7kNvwEPuBYA&_nc_oc=AdnqrjDN_BNjSSHWO-GbkIWH6fkGMLw4bqvL_NH6e2wMveX7G-rP2dAqsDSq1mJMOaY&_nc_zt=24&_nc_ht=scontent-gig4-1.xx&_nc_gid=AoBFJeGrT1hVaew_6rchkQ&oh=00_AfX7QmFGhQhG2jAllVgXCiM1ZrWgvtp80-Bfppyexh1QEg&oe=689E923C","@id":"https:\/\/anoticiaonline.com.br\/site\/poliana-botelho-estreia-no-ufc-em-dezembro\/#organizationLogo"},"image":{"@id":"https:\/\/anoticiaonline.com.br\/site\/poliana-botelho-estreia-no-ufc-em-dezembro\/#organizationLogo"}},{"@type":"Person","@id":"https:\/\/anoticiaonline.com.br\/site\/author\/juliana\/#author","url":"https:\/\/anoticiaonline.com.br\/site\/author\/juliana\/","name":"Juliana Laviola","image":{"@type":"ImageObject","@id":"https:\/\/anoticiaonline.com.br\/site\/poliana-botelho-estreia-no-ufc-em-dezembro\/#authorImage","url":"https:\/\/secure.gravatar.com\/avatar\/b8d45f5c699b100dfaf0e543582f38f38bf94cb7ae3a5e9abf8d891a34773335?s=96&d=mm&r=g","width":96,"height":96,"caption":"Juliana Laviola"}},{"@type":"WebPage","@id":"https:\/\/anoticiaonline.com.br\/site\/poliana-botelho-estreia-no-ufc-em-dezembro\/#webpage","url":"https:\/\/anoticiaonline.com.br\/site\/poliana-botelho-estreia-no-ufc-em-dezembro\/","name":"Poliana Botelho estreia no UFC em dezembro - A Not\u00edcia Online","description":"Campe\u00e3 mundial do XFC e rec\u00e9m-contratada pelo UFC, a muriaeense Poliana Botelho, de 26 anos, teve seu primeiro desafio no maior evento de MMA do mundo confirmado. A atleta da Nova Uni\u00e3o estreia no oct\u00f3gono no dia 10 de dezembro, em Toronto (Canad\u00e1), pelo UFC 206, contra a experiente canadense Valerie Letourneau, de 33 anos,","inLanguage":"pt-BR","isPartOf":{"@id":"https:\/\/anoticiaonline.com.br\/site\/#website"},"breadcrumb":{"@id":"https:\/\/anoticiaonline.com.br\/site\/poliana-botelho-estreia-no-ufc-em-dezembro\/#breadcrumblist"},"author":{"@id":"https:\/\/anoticiaonline.com.br\/site\/author\/juliana\/#author"},"creator":{"@id":"https:\/\/anoticiaonline.com.br\/site\/author\/juliana\/#author"},"image":{"@type":"ImageObject","url":"https:\/\/anoticiaonline.com.br\/site\/wp-content\/uploads\/2016\/10\/Poliana-Botelho-estreia-no-UFC-em-dezembro.jpeg","@id":"https:\/\/anoticiaonline.com.br\/site\/poliana-botelho-estreia-no-ufc-em-dezembro\/#mainImage","width":600,"height":399,"caption":"Foto: Alexandre Loureiro\/Divulga\u00e7\u00e3o"},"primaryImageOfPage":{"@id":"https:\/\/anoticiaonline.com.br\/site\/poliana-botelho-estreia-no-ufc-em-dezembro\/#mainImage"},"datePublished":"2016-10-04T18:58:09-03:00","dateModified":"2016-10-04T18:58:09-03:00"},{"@type":"WebSite","@id":"https:\/\/anoticiaonline.com.br\/site\/#website","url":"https:\/\/anoticiaonline.com.br\/site\/","name":"A Not\u00edcia Online","description":"Noticias de Muria\u00e9 e regi\u00e3o","inLanguage":"pt-BR","publisher":{"@id":"https:\/\/anoticiaonline.com.br\/site\/#organization"}}]},"og:locale":"pt_BR","og:site_name":"A Not\u00edcia Online - Noticias de Muria\u00e9 e regi\u00e3o","og:type":"article","og:title":"Poliana Botelho estreia no UFC em dezembro - A Not\u00edcia Online","og:description":"Campe\u00e3 mundial do XFC e rec\u00e9m-contratada pelo UFC, a muriaeense Poliana Botelho, de 26 anos, teve seu primeiro desafio no maior evento de MMA do mundo confirmado. A atleta da Nova Uni\u00e3o estreia no oct\u00f3gono no dia 10 de dezembro, em Toronto (Canad\u00e1), pelo UFC 206, contra a experiente canadense Valerie Letourneau, de 33 anos,","og:url":"https:\/\/anoticiaonline.com.br\/site\/poliana-botelho-estreia-no-ufc-em-dezembro\/","og:image":"https:\/\/scontent-gig4-1.xx.fbcdn.net\/v\/t39.30808-1\/270437624_4564083193639691_6907940295614233970_n.jpg?stp=dst-jpg_s200x200_tt6&#038;_nc_cat=111&#038;ccb=1-7&#038;_nc_sid=f907e8&#038;_nc_ohc=SM1wRlP3lJwQ7kNvwEPuBYA&#038;_nc_oc=AdnqrjDN_BNjSSHWO-GbkIWH6fkGMLw4bqvL_NH6e2wMveX7G-rP2dAqsDSq1mJMOaY&#038;_nc_zt=24&#038;_nc_ht=scontent-gig4-1.xx&#038;_nc_gid=AoBFJeGrT1hVaew_6rchkQ&#038;oh=00_AfX7QmFGhQhG2jAllVgXCiM1ZrWgvtp80-Bfppyexh1QEg&#038;oe=689E923C","og:image:secure_url":"https:\/\/scontent-gig4-1.xx.fbcdn.net\/v\/t39.30808-1\/270437624_4564083193639691_6907940295614233970_n.jpg?stp=dst-jpg_s200x200_tt6&#038;_nc_cat=111&#038;ccb=1-7&#038;_nc_sid=f907e8&#038;_nc_ohc=SM1wRlP3lJwQ7kNvwEPuBYA&#038;_nc_oc=AdnqrjDN_BNjSSHWO-GbkIWH6fkGMLw4bqvL_NH6e2wMveX7G-rP2dAqsDSq1mJMOaY&#038;_nc_zt=24&#038;_nc_ht=scontent-gig4-1.xx&#038;_nc_gid=AoBFJeGrT1hVaew_6rchkQ&#038;oh=00_AfX7QmFGhQhG2jAllVgXCiM1ZrWgvtp80-Bfppyexh1QEg&#038;oe=689E923C","article:published_time":"2016-10-04T21:58:09+00:00","article:modified_time":"2016-10-04T21:58:09+00:00","twitter:card":"summary_large_image","twitter:title":"Poliana Botelho estreia no UFC em dezembro - A Not\u00edcia Online","twitter:description":"Campe\u00e3 mundial do XFC e rec\u00e9m-contratada pelo UFC, a muriaeense Poliana Botelho, de 26 anos, teve seu primeiro desafio no maior evento de MMA do mundo confirmado. A atleta da Nova Uni\u00e3o estreia no oct\u00f3gono no dia 10 de dezembro, em Toronto (Canad\u00e1), pelo UFC 206, contra a experiente canadense Valerie Letourneau, de 33 anos,","twitter:image":"https:\/\/scontent-gig4-1.xx.fbcdn.net\/v\/t39.30808-1\/270437624_4564083193639691_6907940295614233970_n.jpg?stp=dst-jpg_s200x200_tt6&_nc_cat=111&ccb=1-7&_nc_sid=f907e8&_nc_ohc=SM1wRlP3lJwQ7kNvwEPuBYA&_nc_oc=AdnqrjDN_BNjSSHWO-GbkIWH6fkGMLw4bqvL_NH6e2wMveX7G-rP2dAqsDSq1mJMOaY&_nc_zt=24&_nc_ht=scontent-gig4-1.xx&_nc_gid=AoBFJeGrT1hVaew_6rchkQ&oh=00_AfX7QmFGhQhG2jAllVgXCiM1ZrWgvtp80-Bfppyexh1QEg&oe=689E923C"},"aioseo_meta_data":{"post_id":"19674","title":null,"description":null,"keywords":null,"keyphrases":null,"primary_term":null,"canonical_url":null,"og_title":null,"og_description":null,"og_object_type":"default","og_image_type":"default","og_image_url":null,"og_image_width":null,"og_image_height":null,"og_image_custom_url":null,"og_image_custom_fields":null,"og_video":null,"og_custom_url":null,"og_article_section":null,"og_article_tags":null,"twitter_use_og":false,"twitter_card":"default","twitter_image_type":"default","twitter_image_url":null,"twitter_image_custom_url":null,"twitter_image_custom_fields":null,"twitter_title":null,"twitter_description":null,"schema":{"blockGraphs":[],"customGraphs":[],"default":{"data":{"Article":[],"Course":[],"Dataset":[],"FAQPage":[],"Movie":[],"Person":[],"Product":[],"ProductReview":[],"Car":[],"Recipe":[],"Service":[],"SoftwareApplication":[],"WebPage":[]},"graphName":"","isEnabled":true},"graphs":[]},"schema_type":"default","schema_type_options":null,"pillar_content":false,"robots_default":true,"robots_noindex":false,"robots_noarchive":false,"robots_nosnippet":false,"robots_nofollow":false,"robots_noimageindex":false,"robots_noodp":false,"robots_notranslate":false,"robots_max_snippet":null,"robots_max_videopreview":null,"robots_max_imagepreview":"large","priority":null,"frequency":null,"local_seo":null,"breadcrumb_settings":null,"limit_modified_date":false,"ai":null,"created":"2025-08-16 16:55:18","updated":"2025-08-16 16:55:18","focus_keyword":null,"additional_keywords":null,"truseo_locale":null,"seo_analyzer_scan_date":null},"aioseo_breadcrumb":"<div class=\"aioseo-breadcrumbs\"><span class=\"aioseo-breadcrumb\">\n\t\t\t<a href=\"https:\/\/anoticiaonline.com.br\/site\" title=\"Home\">Home<\/a>\n\t\t<\/span><span class=\"aioseo-breadcrumb-separator\">&raquo;<\/span><span class=\"aioseo-breadcrumb\">\n\t\t\t<a href=\"https:\/\/anoticiaonline.com.br\/site\/categoria\/esporte\/\" title=\"Esporte\">Esporte<\/a>\n\t\t<\/span><span class=\"aioseo-breadcrumb-separator\">&raquo;<\/span><span class=\"aioseo-breadcrumb\">\n\t\t\tPoliana Botelho estreia no UFC em dezembro\n\t\t<\/span><\/div>","aioseo_breadcrumb_json":[{"label":"Home","link":"https:\/\/anoticiaonline.com.br\/site"},{"label":"Esporte","link":"https:\/\/anoticiaonline.com.br\/site\/categoria\/esporte\/"},{"label":"Poliana Botelho estreia no UFC em dezembro","link":"https:\/\/anoticiaonline.com.br\/site\/poliana-botelho-estreia-no-ufc-em-dezembro\/"}],"views":134,"_links":{"self":[{"href":"https:\/\/anoticiaonline.com.br\/site\/wp-json\/wp\/v2\/posts\/19674","targetHints":{"allow":["GET"]}}],"collection":[{"href":"https:\/\/anoticiaonline.com.br\/site\/wp-json\/wp\/v2\/posts"}],"about":[{"href":"https:\/\/anoticiaonline.com.br\/site\/wp-json\/wp\/v2\/types\/post"}],"author":[{"embeddable":true,"href":"https:\/\/anoticiaonline.com.br\/site\/wp-json\/wp\/v2\/users\/2"}],"replies":[{"embeddable":true,"href":"https:\/\/anoticiaonline.com.br\/site\/wp-json\/wp\/v2\/comments?post=19674"}],"version-history":[{"count":0,"href":"https:\/\/anoticiaonline.com.br\/site\/wp-json\/wp\/v2\/posts\/19674\/revisions"}],"wp:featuredmedia":[{"embeddable":true,"href":"https:\/\/anoticiaonline.com.br\/site\/wp-json\/wp\/v2\/media\/19675"}],"wp:attachment":[{"href":"https:\/\/anoticiaonline.com.br\/site\/wp-json\/wp\/v2\/media?parent=19674"}],"wp:term":[{"taxonomy":"category","embeddable":true,"href":"https:\/\/anoticiaonline.com.br\/site\/wp-json\/wp\/v2\/categories?post=19674"},{"taxonomy":"post_tag","embeddable":true,"href":"https:\/\/anoticiaonline.com.br\/site\/wp-json\/wp\/v2\/tags?post=19674"}],"curies":[{"name":"wp","href":"https:\/\/api.w.org\/{rel}","templated":true}]}}