{"id":19426,"date":"2016-09-29T14:59:00","date_gmt":"2016-09-29T17:59:00","guid":{"rendered":"http:\/\/anoticiaonline.com.br\/site\/?p=19426"},"modified":"2016-09-29T18:39:13","modified_gmt":"2016-09-29T21:39:13","slug":"musica-na-praca-projeto-incentiva-a-apresentacao-de-musicos-e-bandas-da-cidade","status":"publish","type":"post","link":"https:\/\/anoticiaonline.com.br\/site\/musica-na-praca-projeto-incentiva-a-apresentacao-de-musicos-e-bandas-da-cidade\/","title":{"rendered":"\u201cM\u00fasica na Pra\u00e7a\u201d: projeto incentiva a apresenta\u00e7\u00e3o de m\u00fasicos e bandas da cidade"},"content":{"rendered":"<p><a href=\"https:\/\/anoticiaonline.com.br\/site\/wp-content\/uploads\/2016\/09\/DSC_0242.jpg\"><img fetchpriority=\"high\" decoding=\"async\" class=\" size-medium wp-image-19427 alignleft\" src=\"https:\/\/anoticiaonline.com.br\/site\/wp-content\/uploads\/2016\/09\/DSC_0242-300x200.jpg\" alt=\"dsc_0242\" width=\"300\" height=\"200\" srcset=\"https:\/\/anoticiaonline.com.br\/site\/wp-content\/uploads\/2016\/09\/DSC_0242-300x200.jpg 300w, https:\/\/anoticiaonline.com.br\/site\/wp-content\/uploads\/2016\/09\/DSC_0242.jpg 640w\" sizes=\"(max-width: 300px) 100vw, 300px\" \/><\/a>Um projeto cultural est\u00e1 incentivando a apresenta\u00e7\u00e3o de m\u00fasicos e bandas da cidade. O \u201cM\u00fasica na Pra\u00e7a\u201d, realizado pelo Centro Cultural Del\u2019Rey e Escola S\u00e3o Paulo, tem o objetivo de estimular e valorizar as bandas e grupos culturais de Muria\u00e9, al\u00e9m de oferecer uma atra\u00e7\u00e3o para as pessoas que transitam pelas ruas da cidade.<\/p>\n<p>O diretor da Escola S\u00e3o Paulo, professor Nicodemos, afirma que o projeto \u00e9 voltado para todos os m\u00fasicos de Muria\u00e9, independente da idade e estilo musical. \u201cEstamos abrindo um novo espa\u00e7o e incentivando nossos talentos e a cultura muriaeense. Esse projeto \u00e9 voltado para os m\u00fasicos de Muria\u00e9. N\u00e3o importa a idade. Nosso palco est\u00e1 aberto para todos\u201d, diz o professor Nicodemos.<\/p>\n<p>O evento ter\u00e1 outras edi\u00e7\u00f5es, e os interessados em participar devem entrar em contato com o diretor Nicodemos, o qual prepara toda a estrutura para os m\u00fasicos fazerem seus shows.<\/p>\n<p>A banda de rock Vigil\u00e2ncia Zero estreou o novo espa\u00e7o e fez um grande show no s\u00e1bado (24), na pra\u00e7a em frente \u00e0 escola, animando quem passou pelo local. A sonoriza\u00e7\u00e3o foi feita pela Zem Produ\u00e7\u00f5es, comandada pelo m\u00fasico Z\u00e9 Wilson, vocalista da Banda Zem, que elogiou o projeto e considera a iniciativa de \u201cgrande import\u00e2ncia\u201d para o cen\u00e1rio cultural e musical da cidade. \u201cSabemos o quanto \u00e9 dif\u00edcil ter oportunidade de mostrar o nosso trabalho. Oferecendo isso para a cidade, o Nicodemos est\u00e1 dando oportunidade para os jovens m\u00fasicos. Se todos fizessem como o Nicodemos, as crian\u00e7as e jovens iriam crescer ouvindo m\u00fasica de muito mais qualidade\u201d, afirma.<\/p>\n<p><img decoding=\"async\" class=\"ngg_displayed_gallery mceItem\" src=\"https:\/\/anoticiaonline.com.br\/site\/nextgen-attach_to_post\/preview\/id--19446\" alt=\"\" \/><\/p>\n<p>&nbsp;<\/p>\n","protected":false},"excerpt":{"rendered":"<p>Um projeto cultural est\u00e1 incentivando a apresenta\u00e7\u00e3o de m\u00fasicos e bandas da cidade. O \u201cM\u00fasica na Pra\u00e7a\u201d, realizado pelo Centro Cultural Del\u2019Rey e Escola S\u00e3o Paulo, tem o objetivo de estimular e valorizar as bandas e grupos culturais de Muria\u00e9, al\u00e9m de oferecer uma atra\u00e7\u00e3o para as pessoas que transitam pelas ruas da cidade. O &#8230; <a title=\"\u201cM\u00fasica na Pra\u00e7a\u201d: projeto incentiva a apresenta\u00e7\u00e3o de m\u00fasicos e bandas da cidade\" class=\"read-more\" href=\"https:\/\/anoticiaonline.com.br\/site\/musica-na-praca-projeto-incentiva-a-apresentacao-de-musicos-e-bandas-da-cidade\/\" aria-label=\"Read more about \u201cM\u00fasica na Pra\u00e7a\u201d: projeto incentiva a apresenta\u00e7\u00e3o de m\u00fasicos e bandas da cidade\">Ler mais<\/a><\/p>\n","protected":false},"author":2,"featured_media":19427,"comment_status":"open","ping_status":"open","sticky":false,"template":"","format":"standard","meta":{"_acf_changed":false,"_monsterinsights_skip_tracking":false,"footnotes":""},"categories":[19],"tags":[3],"class_list":["post-19426","post","type-post","status-publish","format-standard","has-post-thumbnail","hentry","category-cultura","tag-slide"],"acf":[],"aioseo_notices":[],"aioseo_head":"\n\t\t<!-- All in One SEO 5.0.0.1 - aioseo.com -->\n\t<meta name=\"description\" content=\"Um projeto cultural est\u00e1 incentivando a apresenta\u00e7\u00e3o de m\u00fasicos e bandas da cidade. O \u201cM\u00fasica na Pra\u00e7a\u201d, realizado pelo Centro Cultural Del\u2019Rey e Escola S\u00e3o Paulo, tem o objetivo de estimular e valorizar as bandas e grupos culturais de Muria\u00e9, al\u00e9m de oferecer uma atra\u00e7\u00e3o para as pessoas que transitam pelas ruas da cidade. O\" \/>\n\t<meta name=\"robots\" content=\"max-image-preview:large\" \/>\n\t<meta name=\"author\" content=\"Juliana Laviola\"\/>\n\t<link rel=\"canonical\" href=\"https:\/\/anoticiaonline.com.br\/site\/musica-na-praca-projeto-incentiva-a-apresentacao-de-musicos-e-bandas-da-cidade\/\" \/>\n\t<meta name=\"generator\" content=\"All in One SEO (AIOSEO) 5.0.0.1\" \/>\n\t\t<meta property=\"og:locale\" content=\"pt_BR\" \/>\n\t\t<meta property=\"og:site_name\" content=\"A Not\u00edcia Online - Noticias de Muria\u00e9 e regi\u00e3o\" \/>\n\t\t<meta property=\"og:type\" content=\"article\" \/>\n\t\t<meta property=\"og:title\" content=\"\u201cM\u00fasica na Pra\u00e7a\u201d: projeto incentiva a apresenta\u00e7\u00e3o de m\u00fasicos e bandas da cidade - A Not\u00edcia Online\" \/>\n\t\t<meta property=\"og:description\" content=\"Um projeto cultural est\u00e1 incentivando a apresenta\u00e7\u00e3o de m\u00fasicos e bandas da cidade. O \u201cM\u00fasica na Pra\u00e7a\u201d, realizado pelo Centro Cultural Del\u2019Rey e Escola S\u00e3o Paulo, tem o objetivo de estimular e valorizar as bandas e grupos culturais de Muria\u00e9, al\u00e9m de oferecer uma atra\u00e7\u00e3o para as pessoas que transitam pelas ruas da cidade. O\" \/>\n\t\t<meta property=\"og:url\" content=\"https:\/\/anoticiaonline.com.br\/site\/musica-na-praca-projeto-incentiva-a-apresentacao-de-musicos-e-bandas-da-cidade\/\" \/>\n\t\t<meta property=\"og:image\" content=\"https:\/\/scontent-gig4-1.xx.fbcdn.net\/v\/t39.30808-1\/270437624_4564083193639691_6907940295614233970_n.jpg?stp=dst-jpg_s200x200_tt6&#038;_nc_cat=111&#038;ccb=1-7&#038;_nc_sid=f907e8&#038;_nc_ohc=SM1wRlP3lJwQ7kNvwEPuBYA&#038;_nc_oc=AdnqrjDN_BNjSSHWO-GbkIWH6fkGMLw4bqvL_NH6e2wMveX7G-rP2dAqsDSq1mJMOaY&#038;_nc_zt=24&#038;_nc_ht=scontent-gig4-1.xx&#038;_nc_gid=AoBFJeGrT1hVaew_6rchkQ&#038;oh=00_AfX7QmFGhQhG2jAllVgXCiM1ZrWgvtp80-Bfppyexh1QEg&#038;oe=689E923C\" \/>\n\t\t<meta property=\"og:image:secure_url\" content=\"https:\/\/scontent-gig4-1.xx.fbcdn.net\/v\/t39.30808-1\/270437624_4564083193639691_6907940295614233970_n.jpg?stp=dst-jpg_s200x200_tt6&#038;_nc_cat=111&#038;ccb=1-7&#038;_nc_sid=f907e8&#038;_nc_ohc=SM1wRlP3lJwQ7kNvwEPuBYA&#038;_nc_oc=AdnqrjDN_BNjSSHWO-GbkIWH6fkGMLw4bqvL_NH6e2wMveX7G-rP2dAqsDSq1mJMOaY&#038;_nc_zt=24&#038;_nc_ht=scontent-gig4-1.xx&#038;_nc_gid=AoBFJeGrT1hVaew_6rchkQ&#038;oh=00_AfX7QmFGhQhG2jAllVgXCiM1ZrWgvtp80-Bfppyexh1QEg&#038;oe=689E923C\" \/>\n\t\t<meta property=\"article:published_time\" content=\"2016-09-29T17:59:00+00:00\" \/>\n\t\t<meta property=\"article:modified_time\" content=\"2016-09-29T21:39:13+00:00\" \/>\n\t\t<meta name=\"twitter:card\" content=\"summary_large_image\" \/>\n\t\t<meta name=\"twitter:title\" content=\"\u201cM\u00fasica na Pra\u00e7a\u201d: projeto incentiva a apresenta\u00e7\u00e3o de m\u00fasicos e bandas da cidade - A Not\u00edcia Online\" \/>\n\t\t<meta name=\"twitter:description\" content=\"Um projeto cultural est\u00e1 incentivando a apresenta\u00e7\u00e3o de m\u00fasicos e bandas da cidade. O \u201cM\u00fasica na Pra\u00e7a\u201d, realizado pelo Centro Cultural Del\u2019Rey e Escola S\u00e3o Paulo, tem o objetivo de estimular e valorizar as bandas e grupos culturais de Muria\u00e9, al\u00e9m de oferecer uma atra\u00e7\u00e3o para as pessoas que transitam pelas ruas da cidade. O\" \/>\n\t\t<meta name=\"twitter:image\" content=\"https:\/\/scontent-gig4-1.xx.fbcdn.net\/v\/t39.30808-1\/270437624_4564083193639691_6907940295614233970_n.jpg?stp=dst-jpg_s200x200_tt6&amp;_nc_cat=111&amp;ccb=1-7&amp;_nc_sid=f907e8&amp;_nc_ohc=SM1wRlP3lJwQ7kNvwEPuBYA&amp;_nc_oc=AdnqrjDN_BNjSSHWO-GbkIWH6fkGMLw4bqvL_NH6e2wMveX7G-rP2dAqsDSq1mJMOaY&amp;_nc_zt=24&amp;_nc_ht=scontent-gig4-1.xx&amp;_nc_gid=AoBFJeGrT1hVaew_6rchkQ&amp;oh=00_AfX7QmFGhQhG2jAllVgXCiM1ZrWgvtp80-Bfppyexh1QEg&amp;oe=689E923C\" \/>\n\t\t<script type=\"application\/ld+json\" class=\"aioseo-schema\">\n\t\t\t{\"@context\":\"https:\\\/\\\/schema.org\",\"@graph\":[{\"@type\":\"BlogPosting\",\"@id\":\"https:\\\/\\\/anoticiaonline.com.br\\\/site\\\/musica-na-praca-projeto-incentiva-a-apresentacao-de-musicos-e-bandas-da-cidade\\\/#blogposting\",\"name\":\"\\u201cM\\u00fasica na Pra\\u00e7a\\u201d: projeto incentiva a apresenta\\u00e7\\u00e3o de m\\u00fasicos e bandas da cidade - A Not\\u00edcia Online\",\"headline\":\"\\u201cM\\u00fasica na Pra\\u00e7a\\u201d: projeto incentiva a apresenta\\u00e7\\u00e3o de m\\u00fasicos e bandas da cidade\",\"author\":{\"@id\":\"https:\\\/\\\/anoticiaonline.com.br\\\/site\\\/author\\\/juliana\\\/#author\"},\"publisher\":{\"@id\":\"https:\\\/\\\/anoticiaonline.com.br\\\/site\\\/#organization\"},\"image\":{\"@type\":\"ImageObject\",\"url\":\"https:\\\/\\\/anoticiaonline.com.br\\\/site\\\/wp-content\\\/uploads\\\/2016\\\/09\\\/DSC_0242.jpg\",\"width\":640,\"height\":427},\"datePublished\":\"2016-09-29T14:59:00-03:00\",\"dateModified\":\"2016-09-29T18:39:13-03:00\",\"inLanguage\":\"pt-BR\",\"mainEntityOfPage\":{\"@id\":\"https:\\\/\\\/anoticiaonline.com.br\\\/site\\\/musica-na-praca-projeto-incentiva-a-apresentacao-de-musicos-e-bandas-da-cidade\\\/#webpage\"},\"isPartOf\":{\"@id\":\"https:\\\/\\\/anoticiaonline.com.br\\\/site\\\/musica-na-praca-projeto-incentiva-a-apresentacao-de-musicos-e-bandas-da-cidade\\\/#webpage\"},\"articleSection\":\"Cultura, slide\"},{\"@type\":\"BreadcrumbList\",\"@id\":\"https:\\\/\\\/anoticiaonline.com.br\\\/site\\\/musica-na-praca-projeto-incentiva-a-apresentacao-de-musicos-e-bandas-da-cidade\\\/#breadcrumblist\",\"itemListElement\":[{\"@type\":\"ListItem\",\"@id\":\"https:\\\/\\\/anoticiaonline.com.br\\\/site#listItem\",\"position\":1,\"name\":\"Home\",\"item\":\"https:\\\/\\\/anoticiaonline.com.br\\\/site\",\"nextItem\":{\"@type\":\"ListItem\",\"@id\":\"https:\\\/\\\/anoticiaonline.com.br\\\/site\\\/categoria\\\/muriae\\\/#listItem\",\"name\":\"Blog\"}},{\"@type\":\"ListItem\",\"@id\":\"https:\\\/\\\/anoticiaonline.com.br\\\/site\\\/categoria\\\/muriae\\\/#listItem\",\"position\":2,\"name\":\"Blog\",\"item\":\"https:\\\/\\\/anoticiaonline.com.br\\\/site\\\/categoria\\\/muriae\\\/\",\"nextItem\":{\"@type\":\"ListItem\",\"@id\":\"https:\\\/\\\/anoticiaonline.com.br\\\/site\\\/categoria\\\/muriae\\\/cultura\\\/#listItem\",\"name\":\"Cultura\"},\"previousItem\":{\"@type\":\"ListItem\",\"@id\":\"https:\\\/\\\/anoticiaonline.com.br\\\/site#listItem\",\"name\":\"Home\"}},{\"@type\":\"ListItem\",\"@id\":\"https:\\\/\\\/anoticiaonline.com.br\\\/site\\\/categoria\\\/muriae\\\/cultura\\\/#listItem\",\"position\":3,\"name\":\"Cultura\",\"item\":\"https:\\\/\\\/anoticiaonline.com.br\\\/site\\\/categoria\\\/muriae\\\/cultura\\\/\",\"nextItem\":{\"@type\":\"ListItem\",\"@id\":\"https:\\\/\\\/anoticiaonline.com.br\\\/site\\\/musica-na-praca-projeto-incentiva-a-apresentacao-de-musicos-e-bandas-da-cidade\\\/#listItem\",\"name\":\"\\u201cM\\u00fasica na Pra\\u00e7a\\u201d: projeto incentiva a apresenta\\u00e7\\u00e3o de m\\u00fasicos e bandas da cidade\"},\"previousItem\":{\"@type\":\"ListItem\",\"@id\":\"https:\\\/\\\/anoticiaonline.com.br\\\/site\\\/categoria\\\/muriae\\\/#listItem\",\"name\":\"Blog\"}},{\"@type\":\"ListItem\",\"@id\":\"https:\\\/\\\/anoticiaonline.com.br\\\/site\\\/musica-na-praca-projeto-incentiva-a-apresentacao-de-musicos-e-bandas-da-cidade\\\/#listItem\",\"position\":4,\"name\":\"\\u201cM\\u00fasica na Pra\\u00e7a\\u201d: projeto incentiva a apresenta\\u00e7\\u00e3o de m\\u00fasicos e bandas da cidade\",\"previousItem\":{\"@type\":\"ListItem\",\"@id\":\"https:\\\/\\\/anoticiaonline.com.br\\\/site\\\/categoria\\\/muriae\\\/cultura\\\/#listItem\",\"name\":\"Cultura\"}}]},{\"@type\":\"Organization\",\"@id\":\"https:\\\/\\\/anoticiaonline.com.br\\\/site\\\/#organization\",\"name\":\"A Not\\u00edcia Online\",\"description\":\"Noticias de Muria\\u00e9 e regi\\u00e3o\",\"url\":\"https:\\\/\\\/anoticiaonline.com.br\\\/site\\\/\",\"logo\":{\"@type\":\"ImageObject\",\"url\":\"https:\\\/\\\/scontent-gig4-1.xx.fbcdn.net\\\/v\\\/t39.30808-1\\\/270437624_4564083193639691_6907940295614233970_n.jpg?stp=dst-jpg_s200x200_tt6&_nc_cat=111&ccb=1-7&_nc_sid=f907e8&_nc_ohc=SM1wRlP3lJwQ7kNvwEPuBYA&_nc_oc=AdnqrjDN_BNjSSHWO-GbkIWH6fkGMLw4bqvL_NH6e2wMveX7G-rP2dAqsDSq1mJMOaY&_nc_zt=24&_nc_ht=scontent-gig4-1.xx&_nc_gid=AoBFJeGrT1hVaew_6rchkQ&oh=00_AfX7QmFGhQhG2jAllVgXCiM1ZrWgvtp80-Bfppyexh1QEg&oe=689E923C\",\"@id\":\"https:\\\/\\\/anoticiaonline.com.br\\\/site\\\/musica-na-praca-projeto-incentiva-a-apresentacao-de-musicos-e-bandas-da-cidade\\\/#organizationLogo\"},\"image\":{\"@id\":\"https:\\\/\\\/anoticiaonline.com.br\\\/site\\\/musica-na-praca-projeto-incentiva-a-apresentacao-de-musicos-e-bandas-da-cidade\\\/#organizationLogo\"}},{\"@type\":\"Person\",\"@id\":\"https:\\\/\\\/anoticiaonline.com.br\\\/site\\\/author\\\/juliana\\\/#author\",\"url\":\"https:\\\/\\\/anoticiaonline.com.br\\\/site\\\/author\\\/juliana\\\/\",\"name\":\"Juliana Laviola\",\"image\":{\"@type\":\"ImageObject\",\"@id\":\"https:\\\/\\\/anoticiaonline.com.br\\\/site\\\/musica-na-praca-projeto-incentiva-a-apresentacao-de-musicos-e-bandas-da-cidade\\\/#authorImage\",\"url\":\"https:\\\/\\\/secure.gravatar.com\\\/avatar\\\/b8d45f5c699b100dfaf0e543582f38f38bf94cb7ae3a5e9abf8d891a34773335?s=96&d=mm&r=g\",\"width\":96,\"height\":96,\"caption\":\"Juliana Laviola\"}},{\"@type\":\"WebPage\",\"@id\":\"https:\\\/\\\/anoticiaonline.com.br\\\/site\\\/musica-na-praca-projeto-incentiva-a-apresentacao-de-musicos-e-bandas-da-cidade\\\/#webpage\",\"url\":\"https:\\\/\\\/anoticiaonline.com.br\\\/site\\\/musica-na-praca-projeto-incentiva-a-apresentacao-de-musicos-e-bandas-da-cidade\\\/\",\"name\":\"\\u201cM\\u00fasica na Pra\\u00e7a\\u201d: projeto incentiva a apresenta\\u00e7\\u00e3o de m\\u00fasicos e bandas da cidade - A Not\\u00edcia Online\",\"description\":\"Um projeto cultural est\\u00e1 incentivando a apresenta\\u00e7\\u00e3o de m\\u00fasicos e bandas da cidade. O \\u201cM\\u00fasica na Pra\\u00e7a\\u201d, realizado pelo Centro Cultural Del\\u2019Rey e Escola S\\u00e3o Paulo, tem o objetivo de estimular e valorizar as bandas e grupos culturais de Muria\\u00e9, al\\u00e9m de oferecer uma atra\\u00e7\\u00e3o para as pessoas que transitam pelas ruas da cidade. O\",\"inLanguage\":\"pt-BR\",\"isPartOf\":{\"@id\":\"https:\\\/\\\/anoticiaonline.com.br\\\/site\\\/#website\"},\"breadcrumb\":{\"@id\":\"https:\\\/\\\/anoticiaonline.com.br\\\/site\\\/musica-na-praca-projeto-incentiva-a-apresentacao-de-musicos-e-bandas-da-cidade\\\/#breadcrumblist\"},\"author\":{\"@id\":\"https:\\\/\\\/anoticiaonline.com.br\\\/site\\\/author\\\/juliana\\\/#author\"},\"creator\":{\"@id\":\"https:\\\/\\\/anoticiaonline.com.br\\\/site\\\/author\\\/juliana\\\/#author\"},\"image\":{\"@type\":\"ImageObject\",\"url\":\"https:\\\/\\\/anoticiaonline.com.br\\\/site\\\/wp-content\\\/uploads\\\/2016\\\/09\\\/DSC_0242.jpg\",\"@id\":\"https:\\\/\\\/anoticiaonline.com.br\\\/site\\\/musica-na-praca-projeto-incentiva-a-apresentacao-de-musicos-e-bandas-da-cidade\\\/#mainImage\",\"width\":640,\"height\":427},\"primaryImageOfPage\":{\"@id\":\"https:\\\/\\\/anoticiaonline.com.br\\\/site\\\/musica-na-praca-projeto-incentiva-a-apresentacao-de-musicos-e-bandas-da-cidade\\\/#mainImage\"},\"datePublished\":\"2016-09-29T14:59:00-03:00\",\"dateModified\":\"2016-09-29T18:39:13-03:00\"},{\"@type\":\"WebSite\",\"@id\":\"https:\\\/\\\/anoticiaonline.com.br\\\/site\\\/#website\",\"url\":\"https:\\\/\\\/anoticiaonline.com.br\\\/site\\\/\",\"name\":\"A Not\\u00edcia Online\",\"description\":\"Noticias de Muria\\u00e9 e regi\\u00e3o\",\"inLanguage\":\"pt-BR\",\"publisher\":{\"@id\":\"https:\\\/\\\/anoticiaonline.com.br\\\/site\\\/#organization\"}}]}\n\t\t<\/script>\n\t\t<!-- All in One SEO -->\n\n","aioseo_head_json":{"title":"\u201cM\u00fasica na Pra\u00e7a\u201d: projeto incentiva a apresenta\u00e7\u00e3o de m\u00fasicos e bandas da cidade - A Not\u00edcia Online","description":"Um projeto cultural est\u00e1 incentivando a apresenta\u00e7\u00e3o de m\u00fasicos e bandas da cidade. O \u201cM\u00fasica na Pra\u00e7a\u201d, realizado pelo Centro Cultural Del\u2019Rey e Escola S\u00e3o Paulo, tem o objetivo de estimular e valorizar as bandas e grupos culturais de Muria\u00e9, al\u00e9m de oferecer uma atra\u00e7\u00e3o para as pessoas que transitam pelas ruas da cidade. O","canonical_url":"https:\/\/anoticiaonline.com.br\/site\/musica-na-praca-projeto-incentiva-a-apresentacao-de-musicos-e-bandas-da-cidade\/","robots":"max-image-preview:large","keywords":"","webmasterTools":{"miscellaneous":""},"schema":{"@context":"https:\/\/schema.org","@graph":[{"@type":"BlogPosting","@id":"https:\/\/anoticiaonline.com.br\/site\/musica-na-praca-projeto-incentiva-a-apresentacao-de-musicos-e-bandas-da-cidade\/#blogposting","name":"\u201cM\u00fasica na Pra\u00e7a\u201d: projeto incentiva a apresenta\u00e7\u00e3o de m\u00fasicos e bandas da cidade - A Not\u00edcia Online","headline":"\u201cM\u00fasica na Pra\u00e7a\u201d: projeto incentiva a apresenta\u00e7\u00e3o de m\u00fasicos e bandas da cidade","author":{"@id":"https:\/\/anoticiaonline.com.br\/site\/author\/juliana\/#author"},"publisher":{"@id":"https:\/\/anoticiaonline.com.br\/site\/#organization"},"image":{"@type":"ImageObject","url":"https:\/\/anoticiaonline.com.br\/site\/wp-content\/uploads\/2016\/09\/DSC_0242.jpg","width":640,"height":427},"datePublished":"2016-09-29T14:59:00-03:00","dateModified":"2016-09-29T18:39:13-03:00","inLanguage":"pt-BR","mainEntityOfPage":{"@id":"https:\/\/anoticiaonline.com.br\/site\/musica-na-praca-projeto-incentiva-a-apresentacao-de-musicos-e-bandas-da-cidade\/#webpage"},"isPartOf":{"@id":"https:\/\/anoticiaonline.com.br\/site\/musica-na-praca-projeto-incentiva-a-apresentacao-de-musicos-e-bandas-da-cidade\/#webpage"},"articleSection":"Cultura, slide"},{"@type":"BreadcrumbList","@id":"https:\/\/anoticiaonline.com.br\/site\/musica-na-praca-projeto-incentiva-a-apresentacao-de-musicos-e-bandas-da-cidade\/#breadcrumblist","itemListElement":[{"@type":"ListItem","@id":"https:\/\/anoticiaonline.com.br\/site#listItem","position":1,"name":"Home","item":"https:\/\/anoticiaonline.com.br\/site","nextItem":{"@type":"ListItem","@id":"https:\/\/anoticiaonline.com.br\/site\/categoria\/muriae\/#listItem","name":"Blog"}},{"@type":"ListItem","@id":"https:\/\/anoticiaonline.com.br\/site\/categoria\/muriae\/#listItem","position":2,"name":"Blog","item":"https:\/\/anoticiaonline.com.br\/site\/categoria\/muriae\/","nextItem":{"@type":"ListItem","@id":"https:\/\/anoticiaonline.com.br\/site\/categoria\/muriae\/cultura\/#listItem","name":"Cultura"},"previousItem":{"@type":"ListItem","@id":"https:\/\/anoticiaonline.com.br\/site#listItem","name":"Home"}},{"@type":"ListItem","@id":"https:\/\/anoticiaonline.com.br\/site\/categoria\/muriae\/cultura\/#listItem","position":3,"name":"Cultura","item":"https:\/\/anoticiaonline.com.br\/site\/categoria\/muriae\/cultura\/","nextItem":{"@type":"ListItem","@id":"https:\/\/anoticiaonline.com.br\/site\/musica-na-praca-projeto-incentiva-a-apresentacao-de-musicos-e-bandas-da-cidade\/#listItem","name":"\u201cM\u00fasica na Pra\u00e7a\u201d: projeto incentiva a apresenta\u00e7\u00e3o de m\u00fasicos e bandas da cidade"},"previousItem":{"@type":"ListItem","@id":"https:\/\/anoticiaonline.com.br\/site\/categoria\/muriae\/#listItem","name":"Blog"}},{"@type":"ListItem","@id":"https:\/\/anoticiaonline.com.br\/site\/musica-na-praca-projeto-incentiva-a-apresentacao-de-musicos-e-bandas-da-cidade\/#listItem","position":4,"name":"\u201cM\u00fasica na Pra\u00e7a\u201d: projeto incentiva a apresenta\u00e7\u00e3o de m\u00fasicos e bandas da cidade","previousItem":{"@type":"ListItem","@id":"https:\/\/anoticiaonline.com.br\/site\/categoria\/muriae\/cultura\/#listItem","name":"Cultura"}}]},{"@type":"Organization","@id":"https:\/\/anoticiaonline.com.br\/site\/#organization","name":"A Not\u00edcia Online","description":"Noticias de Muria\u00e9 e regi\u00e3o","url":"https:\/\/anoticiaonline.com.br\/site\/","logo":{"@type":"ImageObject","url":"https:\/\/scontent-gig4-1.xx.fbcdn.net\/v\/t39.30808-1\/270437624_4564083193639691_6907940295614233970_n.jpg?stp=dst-jpg_s200x200_tt6&_nc_cat=111&ccb=1-7&_nc_sid=f907e8&_nc_ohc=SM1wRlP3lJwQ7kNvwEPuBYA&_nc_oc=AdnqrjDN_BNjSSHWO-GbkIWH6fkGMLw4bqvL_NH6e2wMveX7G-rP2dAqsDSq1mJMOaY&_nc_zt=24&_nc_ht=scontent-gig4-1.xx&_nc_gid=AoBFJeGrT1hVaew_6rchkQ&oh=00_AfX7QmFGhQhG2jAllVgXCiM1ZrWgvtp80-Bfppyexh1QEg&oe=689E923C","@id":"https:\/\/anoticiaonline.com.br\/site\/musica-na-praca-projeto-incentiva-a-apresentacao-de-musicos-e-bandas-da-cidade\/#organizationLogo"},"image":{"@id":"https:\/\/anoticiaonline.com.br\/site\/musica-na-praca-projeto-incentiva-a-apresentacao-de-musicos-e-bandas-da-cidade\/#organizationLogo"}},{"@type":"Person","@id":"https:\/\/anoticiaonline.com.br\/site\/author\/juliana\/#author","url":"https:\/\/anoticiaonline.com.br\/site\/author\/juliana\/","name":"Juliana Laviola","image":{"@type":"ImageObject","@id":"https:\/\/anoticiaonline.com.br\/site\/musica-na-praca-projeto-incentiva-a-apresentacao-de-musicos-e-bandas-da-cidade\/#authorImage","url":"https:\/\/secure.gravatar.com\/avatar\/b8d45f5c699b100dfaf0e543582f38f38bf94cb7ae3a5e9abf8d891a34773335?s=96&d=mm&r=g","width":96,"height":96,"caption":"Juliana Laviola"}},{"@type":"WebPage","@id":"https:\/\/anoticiaonline.com.br\/site\/musica-na-praca-projeto-incentiva-a-apresentacao-de-musicos-e-bandas-da-cidade\/#webpage","url":"https:\/\/anoticiaonline.com.br\/site\/musica-na-praca-projeto-incentiva-a-apresentacao-de-musicos-e-bandas-da-cidade\/","name":"\u201cM\u00fasica na Pra\u00e7a\u201d: projeto incentiva a apresenta\u00e7\u00e3o de m\u00fasicos e bandas da cidade - A Not\u00edcia Online","description":"Um projeto cultural est\u00e1 incentivando a apresenta\u00e7\u00e3o de m\u00fasicos e bandas da cidade. O \u201cM\u00fasica na Pra\u00e7a\u201d, realizado pelo Centro Cultural Del\u2019Rey e Escola S\u00e3o Paulo, tem o objetivo de estimular e valorizar as bandas e grupos culturais de Muria\u00e9, al\u00e9m de oferecer uma atra\u00e7\u00e3o para as pessoas que transitam pelas ruas da cidade. O","inLanguage":"pt-BR","isPartOf":{"@id":"https:\/\/anoticiaonline.com.br\/site\/#website"},"breadcrumb":{"@id":"https:\/\/anoticiaonline.com.br\/site\/musica-na-praca-projeto-incentiva-a-apresentacao-de-musicos-e-bandas-da-cidade\/#breadcrumblist"},"author":{"@id":"https:\/\/anoticiaonline.com.br\/site\/author\/juliana\/#author"},"creator":{"@id":"https:\/\/anoticiaonline.com.br\/site\/author\/juliana\/#author"},"image":{"@type":"ImageObject","url":"https:\/\/anoticiaonline.com.br\/site\/wp-content\/uploads\/2016\/09\/DSC_0242.jpg","@id":"https:\/\/anoticiaonline.com.br\/site\/musica-na-praca-projeto-incentiva-a-apresentacao-de-musicos-e-bandas-da-cidade\/#mainImage","width":640,"height":427},"primaryImageOfPage":{"@id":"https:\/\/anoticiaonline.com.br\/site\/musica-na-praca-projeto-incentiva-a-apresentacao-de-musicos-e-bandas-da-cidade\/#mainImage"},"datePublished":"2016-09-29T14:59:00-03:00","dateModified":"2016-09-29T18:39:13-03:00"},{"@type":"WebSite","@id":"https:\/\/anoticiaonline.com.br\/site\/#website","url":"https:\/\/anoticiaonline.com.br\/site\/","name":"A Not\u00edcia Online","description":"Noticias de Muria\u00e9 e regi\u00e3o","inLanguage":"pt-BR","publisher":{"@id":"https:\/\/anoticiaonline.com.br\/site\/#organization"}}]},"og:locale":"pt_BR","og:site_name":"A Not\u00edcia Online - Noticias de Muria\u00e9 e regi\u00e3o","og:type":"article","og:title":"\u201cM\u00fasica na Pra\u00e7a\u201d: projeto incentiva a apresenta\u00e7\u00e3o de m\u00fasicos e bandas da cidade - A Not\u00edcia Online","og:description":"Um projeto cultural est\u00e1 incentivando a apresenta\u00e7\u00e3o de m\u00fasicos e bandas da cidade. O \u201cM\u00fasica na Pra\u00e7a\u201d, realizado pelo Centro Cultural Del\u2019Rey e Escola S\u00e3o Paulo, tem o objetivo de estimular e valorizar as bandas e grupos culturais de Muria\u00e9, al\u00e9m de oferecer uma atra\u00e7\u00e3o para as pessoas que transitam pelas ruas da cidade. O","og:url":"https:\/\/anoticiaonline.com.br\/site\/musica-na-praca-projeto-incentiva-a-apresentacao-de-musicos-e-bandas-da-cidade\/","og:image":"https:\/\/scontent-gig4-1.xx.fbcdn.net\/v\/t39.30808-1\/270437624_4564083193639691_6907940295614233970_n.jpg?stp=dst-jpg_s200x200_tt6&#038;_nc_cat=111&#038;ccb=1-7&#038;_nc_sid=f907e8&#038;_nc_ohc=SM1wRlP3lJwQ7kNvwEPuBYA&#038;_nc_oc=AdnqrjDN_BNjSSHWO-GbkIWH6fkGMLw4bqvL_NH6e2wMveX7G-rP2dAqsDSq1mJMOaY&#038;_nc_zt=24&#038;_nc_ht=scontent-gig4-1.xx&#038;_nc_gid=AoBFJeGrT1hVaew_6rchkQ&#038;oh=00_AfX7QmFGhQhG2jAllVgXCiM1ZrWgvtp80-Bfppyexh1QEg&#038;oe=689E923C","og:image:secure_url":"https:\/\/scontent-gig4-1.xx.fbcdn.net\/v\/t39.30808-1\/270437624_4564083193639691_6907940295614233970_n.jpg?stp=dst-jpg_s200x200_tt6&#038;_nc_cat=111&#038;ccb=1-7&#038;_nc_sid=f907e8&#038;_nc_ohc=SM1wRlP3lJwQ7kNvwEPuBYA&#038;_nc_oc=AdnqrjDN_BNjSSHWO-GbkIWH6fkGMLw4bqvL_NH6e2wMveX7G-rP2dAqsDSq1mJMOaY&#038;_nc_zt=24&#038;_nc_ht=scontent-gig4-1.xx&#038;_nc_gid=AoBFJeGrT1hVaew_6rchkQ&#038;oh=00_AfX7QmFGhQhG2jAllVgXCiM1ZrWgvtp80-Bfppyexh1QEg&#038;oe=689E923C","article:published_time":"2016-09-29T17:59:00+00:00","article:modified_time":"2016-09-29T21:39:13+00:00","twitter:card":"summary_large_image","twitter:title":"\u201cM\u00fasica na Pra\u00e7a\u201d: projeto incentiva a apresenta\u00e7\u00e3o de m\u00fasicos e bandas da cidade - A Not\u00edcia Online","twitter:description":"Um projeto cultural est\u00e1 incentivando a apresenta\u00e7\u00e3o de m\u00fasicos e bandas da cidade. O \u201cM\u00fasica na Pra\u00e7a\u201d, realizado pelo Centro Cultural Del\u2019Rey e Escola S\u00e3o Paulo, tem o objetivo de estimular e valorizar as bandas e grupos culturais de Muria\u00e9, al\u00e9m de oferecer uma atra\u00e7\u00e3o para as pessoas que transitam pelas ruas da cidade. O","twitter:image":"https:\/\/scontent-gig4-1.xx.fbcdn.net\/v\/t39.30808-1\/270437624_4564083193639691_6907940295614233970_n.jpg?stp=dst-jpg_s200x200_tt6&_nc_cat=111&ccb=1-7&_nc_sid=f907e8&_nc_ohc=SM1wRlP3lJwQ7kNvwEPuBYA&_nc_oc=AdnqrjDN_BNjSSHWO-GbkIWH6fkGMLw4bqvL_NH6e2wMveX7G-rP2dAqsDSq1mJMOaY&_nc_zt=24&_nc_ht=scontent-gig4-1.xx&_nc_gid=AoBFJeGrT1hVaew_6rchkQ&oh=00_AfX7QmFGhQhG2jAllVgXCiM1ZrWgvtp80-Bfppyexh1QEg&oe=689E923C"},"aioseo_meta_data":{"post_id":"19426","title":null,"description":null,"keywords":null,"keyphrases":null,"primary_term":null,"canonical_url":null,"og_title":null,"og_description":null,"og_object_type":"default","og_image_type":"default","og_image_url":null,"og_image_width":null,"og_image_height":null,"og_image_custom_url":null,"og_image_custom_fields":null,"og_video":null,"og_custom_url":null,"og_article_section":null,"og_article_tags":null,"twitter_use_og":false,"twitter_card":"default","twitter_image_type":"default","twitter_image_url":null,"twitter_image_custom_url":null,"twitter_image_custom_fields":null,"twitter_title":null,"twitter_description":null,"schema":{"blockGraphs":[],"customGraphs":[],"default":{"data":{"Article":[],"Course":[],"Dataset":[],"FAQPage":[],"Movie":[],"Person":[],"Product":[],"ProductReview":[],"Car":[],"Recipe":[],"Service":[],"SoftwareApplication":[],"WebPage":[]},"graphName":"","isEnabled":true},"graphs":[]},"schema_type":"default","schema_type_options":null,"pillar_content":false,"robots_default":true,"robots_noindex":false,"robots_noarchive":false,"robots_nosnippet":false,"robots_nofollow":false,"robots_noimageindex":false,"robots_noodp":false,"robots_notranslate":false,"robots_max_snippet":null,"robots_max_videopreview":null,"robots_max_imagepreview":"large","priority":null,"frequency":null,"local_seo":null,"breadcrumb_settings":null,"limit_modified_date":false,"ai":null,"created":"2025-08-16 16:54:30","updated":"2025-08-16 16:54:30","focus_keyword":null,"additional_keywords":null,"truseo_locale":null,"seo_analyzer_scan_date":null},"aioseo_breadcrumb":"<div class=\"aioseo-breadcrumbs\"><span class=\"aioseo-breadcrumb\">\n\t\t\t<a href=\"https:\/\/anoticiaonline.com.br\/site\" title=\"Home\">Home<\/a>\n\t\t<\/span><span class=\"aioseo-breadcrumb-separator\">&raquo;<\/span><span class=\"aioseo-breadcrumb\">\n\t\t\t<a href=\"https:\/\/anoticiaonline.com.br\/site\/categoria\/muriae\/\" title=\"Blog\">Blog<\/a>\n\t\t<\/span><span class=\"aioseo-breadcrumb-separator\">&raquo;<\/span><span class=\"aioseo-breadcrumb\">\n\t\t\t<a href=\"https:\/\/anoticiaonline.com.br\/site\/categoria\/muriae\/cultura\/\" title=\"Cultura\">Cultura<\/a>\n\t\t<\/span><span class=\"aioseo-breadcrumb-separator\">&raquo;<\/span><span class=\"aioseo-breadcrumb\">\n\t\t\t\u201cM\u00fasica na Pra\u00e7a\u201d: projeto incentiva a apresenta\u00e7\u00e3o de m\u00fasicos e bandas da cidade\n\t\t<\/span><\/div>","aioseo_breadcrumb_json":[{"label":"Home","link":"https:\/\/anoticiaonline.com.br\/site"},{"label":"Blog","link":"https:\/\/anoticiaonline.com.br\/site\/categoria\/muriae\/"},{"label":"Cultura","link":"https:\/\/anoticiaonline.com.br\/site\/categoria\/muriae\/cultura\/"},{"label":"\u201cM\u00fasica na Pra\u00e7a\u201d: projeto incentiva a apresenta\u00e7\u00e3o de m\u00fasicos e bandas da cidade","link":"https:\/\/anoticiaonline.com.br\/site\/musica-na-praca-projeto-incentiva-a-apresentacao-de-musicos-e-bandas-da-cidade\/"}],"views":124,"_links":{"self":[{"href":"https:\/\/anoticiaonline.com.br\/site\/wp-json\/wp\/v2\/posts\/19426","targetHints":{"allow":["GET"]}}],"collection":[{"href":"https:\/\/anoticiaonline.com.br\/site\/wp-json\/wp\/v2\/posts"}],"about":[{"href":"https:\/\/anoticiaonline.com.br\/site\/wp-json\/wp\/v2\/types\/post"}],"author":[{"embeddable":true,"href":"https:\/\/anoticiaonline.com.br\/site\/wp-json\/wp\/v2\/users\/2"}],"replies":[{"embeddable":true,"href":"https:\/\/anoticiaonline.com.br\/site\/wp-json\/wp\/v2\/comments?post=19426"}],"version-history":[{"count":0,"href":"https:\/\/anoticiaonline.com.br\/site\/wp-json\/wp\/v2\/posts\/19426\/revisions"}],"wp:featuredmedia":[{"embeddable":true,"href":"https:\/\/anoticiaonline.com.br\/site\/wp-json\/wp\/v2\/media\/19427"}],"wp:attachment":[{"href":"https:\/\/anoticiaonline.com.br\/site\/wp-json\/wp\/v2\/media?parent=19426"}],"wp:term":[{"taxonomy":"category","embeddable":true,"href":"https:\/\/anoticiaonline.com.br\/site\/wp-json\/wp\/v2\/categories?post=19426"},{"taxonomy":"post_tag","embeddable":true,"href":"https:\/\/anoticiaonline.com.br\/site\/wp-json\/wp\/v2\/tags?post=19426"}],"curies":[{"name":"wp","href":"https:\/\/api.w.org\/{rel}","templated":true}]}}