{"id":19382,"date":"2016-09-27T11:40:11","date_gmt":"2016-09-27T14:40:11","guid":{"rendered":"http:\/\/anoticiaonline.com.br\/site\/?p=19382"},"modified":"2016-09-27T11:40:11","modified_gmt":"2016-09-27T14:40:11","slug":"curta-metragem-rodado-em-muriae-esta-disponivel-no-youtube","status":"publish","type":"post","link":"https:\/\/anoticiaonline.com.br\/site\/curta-metragem-rodado-em-muriae-esta-disponivel-no-youtube\/","title":{"rendered":"Curta-metragem rodado em Muria\u00e9 est\u00e1 dispon\u00edvel no Youtube"},"content":{"rendered":"<p><a href=\"https:\/\/anoticiaonline.com.br\/site\/wp-content\/uploads\/2016\/09\/Curta-metragem-rodado-em-Muria\u00e9-est\u00e1-dispon\u00edvel-no-Youtube.jpg\"><img fetchpriority=\"high\" decoding=\"async\" class=\" size-medium wp-image-19383 alignleft\" src=\"https:\/\/anoticiaonline.com.br\/site\/wp-content\/uploads\/2016\/09\/Curta-metragem-rodado-em-Muria\u00e9-est\u00e1-dispon\u00edvel-no-Youtube-264x300.jpg\" alt=\"curta-metragem-rodado-em-muriae-esta-disponivel-no-youtube\" width=\"264\" height=\"300\" srcset=\"https:\/\/anoticiaonline.com.br\/site\/wp-content\/uploads\/2016\/09\/Curta-metragem-rodado-em-Muria\u00e9-est\u00e1-dispon\u00edvel-no-Youtube-264x300.jpg 264w, https:\/\/anoticiaonline.com.br\/site\/wp-content\/uploads\/2016\/09\/Curta-metragem-rodado-em-Muria\u00e9-est\u00e1-dispon\u00edvel-no-Youtube.jpg 564w\" sizes=\"(max-width: 264px) 100vw, 264px\" \/><\/a>O filme \u201cSerial\u201d, que foi rodado em Muria\u00e9 em 2009, est\u00e1 liberado no Youtube. O curta foi lan\u00e7ado em 2013 e participou de festivais, como Primeiro Plano, em Juiz de Fora, Cine Canoa, em Canoa Quebrada (CE), Mostra do Filme Livre nos Centros Culturais Banco do Brasil (CCBBs) do Rio, S\u00e3o Paulo e Bras\u00edlia, Mostra Cine Amaz\u00f4nia, em Manaus, entre outros.<\/p>\n<p>\u201cSerial\u201d, que tem dura\u00e7\u00e3o de 15 minutos, foi rodado na cidade de Muria\u00e9 no ver\u00e3o de 2009, ap\u00f3s uma trag\u00e9dia ambiental causada pela queda de uma barragem de bauxita. Na hist\u00f3ria, um psicopata sem limites se aproveita do momento fr\u00e1gil da cidade para fazer novas v\u00edtimas.<\/p>\n<p>Os personagens s\u00e3o vividos pelos atores Eduardo Dascar e Lyvia Rodrigues. O roteiro \u00e9 do escritor Cristian Gurtner (Livro \u201cA cidade dos milagres\u201d) em parceria com o diretor e produtor Bruno Bennec. A dire\u00e7\u00e3o de fotografia e montagem \u00e9 assinada por Boris Massieux em parceria com a Studio 547 e Carioca Filmes.<\/p>\n","protected":false},"excerpt":{"rendered":"<p>O filme \u201cSerial\u201d, que foi rodado em Muria\u00e9 em 2009, est\u00e1 liberado no Youtube. O curta foi lan\u00e7ado em 2013 e participou de festivais, como Primeiro Plano, em Juiz de Fora, Cine Canoa, em Canoa Quebrada (CE), Mostra do Filme Livre nos Centros Culturais Banco do Brasil (CCBBs) do Rio, S\u00e3o Paulo e Bras\u00edlia, Mostra &#8230; <a title=\"Curta-metragem rodado em Muria\u00e9 est\u00e1 dispon\u00edvel no Youtube\" class=\"read-more\" href=\"https:\/\/anoticiaonline.com.br\/site\/curta-metragem-rodado-em-muriae-esta-disponivel-no-youtube\/\" aria-label=\"Read more about Curta-metragem rodado em Muria\u00e9 est\u00e1 dispon\u00edvel no Youtube\">Ler mais<\/a><\/p>\n","protected":false},"author":2,"featured_media":19383,"comment_status":"open","ping_status":"open","sticky":false,"template":"","format":"standard","meta":{"_acf_changed":false,"_monsterinsights_skip_tracking":false,"footnotes":""},"categories":[19],"tags":[3],"class_list":["post-19382","post","type-post","status-publish","format-standard","has-post-thumbnail","hentry","category-cultura","tag-slide"],"acf":[],"aioseo_notices":[],"aioseo_head":"\n\t\t<!-- All in One SEO 5.0.0.1 - aioseo.com -->\n\t<meta name=\"description\" content=\"O filme \u201cSerial\u201d, que foi rodado em Muria\u00e9 em 2009, est\u00e1 liberado no Youtube. O curta foi lan\u00e7ado em 2013 e participou de festivais, como Primeiro Plano, em Juiz de Fora, Cine Canoa, em Canoa Quebrada (CE), Mostra do Filme Livre nos Centros Culturais Banco do Brasil (CCBBs) do Rio, S\u00e3o Paulo e Bras\u00edlia, Mostra\" \/>\n\t<meta name=\"robots\" content=\"max-image-preview:large\" \/>\n\t<meta name=\"author\" content=\"Juliana Laviola\"\/>\n\t<link rel=\"canonical\" href=\"https:\/\/anoticiaonline.com.br\/site\/curta-metragem-rodado-em-muriae-esta-disponivel-no-youtube\/\" \/>\n\t<meta name=\"generator\" content=\"All in One SEO (AIOSEO) 5.0.0.1\" \/>\n\t\t<meta property=\"og:locale\" content=\"pt_BR\" \/>\n\t\t<meta property=\"og:site_name\" content=\"A Not\u00edcia Online - Noticias de Muria\u00e9 e regi\u00e3o\" \/>\n\t\t<meta property=\"og:type\" content=\"article\" \/>\n\t\t<meta property=\"og:title\" content=\"Curta-metragem rodado em Muria\u00e9 est\u00e1 dispon\u00edvel no Youtube - A Not\u00edcia Online\" \/>\n\t\t<meta property=\"og:description\" content=\"O filme \u201cSerial\u201d, que foi rodado em Muria\u00e9 em 2009, est\u00e1 liberado no Youtube. O curta foi lan\u00e7ado em 2013 e participou de festivais, como Primeiro Plano, em Juiz de Fora, Cine Canoa, em Canoa Quebrada (CE), Mostra do Filme Livre nos Centros Culturais Banco do Brasil (CCBBs) do Rio, S\u00e3o Paulo e Bras\u00edlia, Mostra\" \/>\n\t\t<meta property=\"og:url\" content=\"https:\/\/anoticiaonline.com.br\/site\/curta-metragem-rodado-em-muriae-esta-disponivel-no-youtube\/\" \/>\n\t\t<meta property=\"og:image\" content=\"https:\/\/scontent-gig4-1.xx.fbcdn.net\/v\/t39.30808-1\/270437624_4564083193639691_6907940295614233970_n.jpg?stp=dst-jpg_s200x200_tt6&#038;_nc_cat=111&#038;ccb=1-7&#038;_nc_sid=f907e8&#038;_nc_ohc=SM1wRlP3lJwQ7kNvwEPuBYA&#038;_nc_oc=AdnqrjDN_BNjSSHWO-GbkIWH6fkGMLw4bqvL_NH6e2wMveX7G-rP2dAqsDSq1mJMOaY&#038;_nc_zt=24&#038;_nc_ht=scontent-gig4-1.xx&#038;_nc_gid=AoBFJeGrT1hVaew_6rchkQ&#038;oh=00_AfX7QmFGhQhG2jAllVgXCiM1ZrWgvtp80-Bfppyexh1QEg&#038;oe=689E923C\" \/>\n\t\t<meta property=\"og:image:secure_url\" content=\"https:\/\/scontent-gig4-1.xx.fbcdn.net\/v\/t39.30808-1\/270437624_4564083193639691_6907940295614233970_n.jpg?stp=dst-jpg_s200x200_tt6&#038;_nc_cat=111&#038;ccb=1-7&#038;_nc_sid=f907e8&#038;_nc_ohc=SM1wRlP3lJwQ7kNvwEPuBYA&#038;_nc_oc=AdnqrjDN_BNjSSHWO-GbkIWH6fkGMLw4bqvL_NH6e2wMveX7G-rP2dAqsDSq1mJMOaY&#038;_nc_zt=24&#038;_nc_ht=scontent-gig4-1.xx&#038;_nc_gid=AoBFJeGrT1hVaew_6rchkQ&#038;oh=00_AfX7QmFGhQhG2jAllVgXCiM1ZrWgvtp80-Bfppyexh1QEg&#038;oe=689E923C\" \/>\n\t\t<meta property=\"article:published_time\" content=\"2016-09-27T14:40:11+00:00\" \/>\n\t\t<meta property=\"article:modified_time\" content=\"2016-09-27T14:40:11+00:00\" \/>\n\t\t<meta name=\"twitter:card\" content=\"summary_large_image\" \/>\n\t\t<meta name=\"twitter:title\" content=\"Curta-metragem rodado em Muria\u00e9 est\u00e1 dispon\u00edvel no Youtube - A Not\u00edcia Online\" \/>\n\t\t<meta name=\"twitter:description\" content=\"O filme \u201cSerial\u201d, que foi rodado em Muria\u00e9 em 2009, est\u00e1 liberado no Youtube. O curta foi lan\u00e7ado em 2013 e participou de festivais, como Primeiro Plano, em Juiz de Fora, Cine Canoa, em Canoa Quebrada (CE), Mostra do Filme Livre nos Centros Culturais Banco do Brasil (CCBBs) do Rio, S\u00e3o Paulo e Bras\u00edlia, Mostra\" \/>\n\t\t<meta name=\"twitter:image\" content=\"https:\/\/scontent-gig4-1.xx.fbcdn.net\/v\/t39.30808-1\/270437624_4564083193639691_6907940295614233970_n.jpg?stp=dst-jpg_s200x200_tt6&amp;_nc_cat=111&amp;ccb=1-7&amp;_nc_sid=f907e8&amp;_nc_ohc=SM1wRlP3lJwQ7kNvwEPuBYA&amp;_nc_oc=AdnqrjDN_BNjSSHWO-GbkIWH6fkGMLw4bqvL_NH6e2wMveX7G-rP2dAqsDSq1mJMOaY&amp;_nc_zt=24&amp;_nc_ht=scontent-gig4-1.xx&amp;_nc_gid=AoBFJeGrT1hVaew_6rchkQ&amp;oh=00_AfX7QmFGhQhG2jAllVgXCiM1ZrWgvtp80-Bfppyexh1QEg&amp;oe=689E923C\" \/>\n\t\t<script type=\"application\/ld+json\" class=\"aioseo-schema\">\n\t\t\t{\"@context\":\"https:\\\/\\\/schema.org\",\"@graph\":[{\"@type\":\"BlogPosting\",\"@id\":\"https:\\\/\\\/anoticiaonline.com.br\\\/site\\\/curta-metragem-rodado-em-muriae-esta-disponivel-no-youtube\\\/#blogposting\",\"name\":\"Curta-metragem rodado em Muria\\u00e9 est\\u00e1 dispon\\u00edvel no Youtube - A Not\\u00edcia Online\",\"headline\":\"Curta-metragem rodado em Muria\\u00e9 est\\u00e1 dispon\\u00edvel no Youtube\",\"author\":{\"@id\":\"https:\\\/\\\/anoticiaonline.com.br\\\/site\\\/author\\\/juliana\\\/#author\"},\"publisher\":{\"@id\":\"https:\\\/\\\/anoticiaonline.com.br\\\/site\\\/#organization\"},\"image\":{\"@type\":\"ImageObject\",\"url\":\"https:\\\/\\\/anoticiaonline.com.br\\\/site\\\/wp-content\\\/uploads\\\/2016\\\/09\\\/Curta-metragem-rodado-em-Muria\\u00e9-est\\u00e1-dispon\\u00edvel-no-Youtube.jpg\",\"width\":564,\"height\":640},\"datePublished\":\"2016-09-27T11:40:11-03:00\",\"dateModified\":\"2016-09-27T11:40:11-03:00\",\"inLanguage\":\"pt-BR\",\"mainEntityOfPage\":{\"@id\":\"https:\\\/\\\/anoticiaonline.com.br\\\/site\\\/curta-metragem-rodado-em-muriae-esta-disponivel-no-youtube\\\/#webpage\"},\"isPartOf\":{\"@id\":\"https:\\\/\\\/anoticiaonline.com.br\\\/site\\\/curta-metragem-rodado-em-muriae-esta-disponivel-no-youtube\\\/#webpage\"},\"articleSection\":\"Cultura, slide\"},{\"@type\":\"BreadcrumbList\",\"@id\":\"https:\\\/\\\/anoticiaonline.com.br\\\/site\\\/curta-metragem-rodado-em-muriae-esta-disponivel-no-youtube\\\/#breadcrumblist\",\"itemListElement\":[{\"@type\":\"ListItem\",\"@id\":\"https:\\\/\\\/anoticiaonline.com.br\\\/site#listItem\",\"position\":1,\"name\":\"Home\",\"item\":\"https:\\\/\\\/anoticiaonline.com.br\\\/site\",\"nextItem\":{\"@type\":\"ListItem\",\"@id\":\"https:\\\/\\\/anoticiaonline.com.br\\\/site\\\/categoria\\\/muriae\\\/#listItem\",\"name\":\"Blog\"}},{\"@type\":\"ListItem\",\"@id\":\"https:\\\/\\\/anoticiaonline.com.br\\\/site\\\/categoria\\\/muriae\\\/#listItem\",\"position\":2,\"name\":\"Blog\",\"item\":\"https:\\\/\\\/anoticiaonline.com.br\\\/site\\\/categoria\\\/muriae\\\/\",\"nextItem\":{\"@type\":\"ListItem\",\"@id\":\"https:\\\/\\\/anoticiaonline.com.br\\\/site\\\/categoria\\\/muriae\\\/cultura\\\/#listItem\",\"name\":\"Cultura\"},\"previousItem\":{\"@type\":\"ListItem\",\"@id\":\"https:\\\/\\\/anoticiaonline.com.br\\\/site#listItem\",\"name\":\"Home\"}},{\"@type\":\"ListItem\",\"@id\":\"https:\\\/\\\/anoticiaonline.com.br\\\/site\\\/categoria\\\/muriae\\\/cultura\\\/#listItem\",\"position\":3,\"name\":\"Cultura\",\"item\":\"https:\\\/\\\/anoticiaonline.com.br\\\/site\\\/categoria\\\/muriae\\\/cultura\\\/\",\"nextItem\":{\"@type\":\"ListItem\",\"@id\":\"https:\\\/\\\/anoticiaonline.com.br\\\/site\\\/curta-metragem-rodado-em-muriae-esta-disponivel-no-youtube\\\/#listItem\",\"name\":\"Curta-metragem rodado em Muria\\u00e9 est\\u00e1 dispon\\u00edvel no Youtube\"},\"previousItem\":{\"@type\":\"ListItem\",\"@id\":\"https:\\\/\\\/anoticiaonline.com.br\\\/site\\\/categoria\\\/muriae\\\/#listItem\",\"name\":\"Blog\"}},{\"@type\":\"ListItem\",\"@id\":\"https:\\\/\\\/anoticiaonline.com.br\\\/site\\\/curta-metragem-rodado-em-muriae-esta-disponivel-no-youtube\\\/#listItem\",\"position\":4,\"name\":\"Curta-metragem rodado em Muria\\u00e9 est\\u00e1 dispon\\u00edvel no Youtube\",\"previousItem\":{\"@type\":\"ListItem\",\"@id\":\"https:\\\/\\\/anoticiaonline.com.br\\\/site\\\/categoria\\\/muriae\\\/cultura\\\/#listItem\",\"name\":\"Cultura\"}}]},{\"@type\":\"Organization\",\"@id\":\"https:\\\/\\\/anoticiaonline.com.br\\\/site\\\/#organization\",\"name\":\"A Not\\u00edcia Online\",\"description\":\"Noticias de Muria\\u00e9 e regi\\u00e3o\",\"url\":\"https:\\\/\\\/anoticiaonline.com.br\\\/site\\\/\",\"logo\":{\"@type\":\"ImageObject\",\"url\":\"https:\\\/\\\/scontent-gig4-1.xx.fbcdn.net\\\/v\\\/t39.30808-1\\\/270437624_4564083193639691_6907940295614233970_n.jpg?stp=dst-jpg_s200x200_tt6&_nc_cat=111&ccb=1-7&_nc_sid=f907e8&_nc_ohc=SM1wRlP3lJwQ7kNvwEPuBYA&_nc_oc=AdnqrjDN_BNjSSHWO-GbkIWH6fkGMLw4bqvL_NH6e2wMveX7G-rP2dAqsDSq1mJMOaY&_nc_zt=24&_nc_ht=scontent-gig4-1.xx&_nc_gid=AoBFJeGrT1hVaew_6rchkQ&oh=00_AfX7QmFGhQhG2jAllVgXCiM1ZrWgvtp80-Bfppyexh1QEg&oe=689E923C\",\"@id\":\"https:\\\/\\\/anoticiaonline.com.br\\\/site\\\/curta-metragem-rodado-em-muriae-esta-disponivel-no-youtube\\\/#organizationLogo\"},\"image\":{\"@id\":\"https:\\\/\\\/anoticiaonline.com.br\\\/site\\\/curta-metragem-rodado-em-muriae-esta-disponivel-no-youtube\\\/#organizationLogo\"}},{\"@type\":\"Person\",\"@id\":\"https:\\\/\\\/anoticiaonline.com.br\\\/site\\\/author\\\/juliana\\\/#author\",\"url\":\"https:\\\/\\\/anoticiaonline.com.br\\\/site\\\/author\\\/juliana\\\/\",\"name\":\"Juliana Laviola\",\"image\":{\"@type\":\"ImageObject\",\"@id\":\"https:\\\/\\\/anoticiaonline.com.br\\\/site\\\/curta-metragem-rodado-em-muriae-esta-disponivel-no-youtube\\\/#authorImage\",\"url\":\"https:\\\/\\\/secure.gravatar.com\\\/avatar\\\/b8d45f5c699b100dfaf0e543582f38f38bf94cb7ae3a5e9abf8d891a34773335?s=96&d=mm&r=g\",\"width\":96,\"height\":96,\"caption\":\"Juliana Laviola\"}},{\"@type\":\"WebPage\",\"@id\":\"https:\\\/\\\/anoticiaonline.com.br\\\/site\\\/curta-metragem-rodado-em-muriae-esta-disponivel-no-youtube\\\/#webpage\",\"url\":\"https:\\\/\\\/anoticiaonline.com.br\\\/site\\\/curta-metragem-rodado-em-muriae-esta-disponivel-no-youtube\\\/\",\"name\":\"Curta-metragem rodado em Muria\\u00e9 est\\u00e1 dispon\\u00edvel no Youtube - A Not\\u00edcia Online\",\"description\":\"O filme \\u201cSerial\\u201d, que foi rodado em Muria\\u00e9 em 2009, est\\u00e1 liberado no Youtube. O curta foi lan\\u00e7ado em 2013 e participou de festivais, como Primeiro Plano, em Juiz de Fora, Cine Canoa, em Canoa Quebrada (CE), Mostra do Filme Livre nos Centros Culturais Banco do Brasil (CCBBs) do Rio, S\\u00e3o Paulo e Bras\\u00edlia, Mostra\",\"inLanguage\":\"pt-BR\",\"isPartOf\":{\"@id\":\"https:\\\/\\\/anoticiaonline.com.br\\\/site\\\/#website\"},\"breadcrumb\":{\"@id\":\"https:\\\/\\\/anoticiaonline.com.br\\\/site\\\/curta-metragem-rodado-em-muriae-esta-disponivel-no-youtube\\\/#breadcrumblist\"},\"author\":{\"@id\":\"https:\\\/\\\/anoticiaonline.com.br\\\/site\\\/author\\\/juliana\\\/#author\"},\"creator\":{\"@id\":\"https:\\\/\\\/anoticiaonline.com.br\\\/site\\\/author\\\/juliana\\\/#author\"},\"image\":{\"@type\":\"ImageObject\",\"url\":\"https:\\\/\\\/anoticiaonline.com.br\\\/site\\\/wp-content\\\/uploads\\\/2016\\\/09\\\/Curta-metragem-rodado-em-Muria\\u00e9-est\\u00e1-dispon\\u00edvel-no-Youtube.jpg\",\"@id\":\"https:\\\/\\\/anoticiaonline.com.br\\\/site\\\/curta-metragem-rodado-em-muriae-esta-disponivel-no-youtube\\\/#mainImage\",\"width\":564,\"height\":640},\"primaryImageOfPage\":{\"@id\":\"https:\\\/\\\/anoticiaonline.com.br\\\/site\\\/curta-metragem-rodado-em-muriae-esta-disponivel-no-youtube\\\/#mainImage\"},\"datePublished\":\"2016-09-27T11:40:11-03:00\",\"dateModified\":\"2016-09-27T11:40:11-03:00\"},{\"@type\":\"WebSite\",\"@id\":\"https:\\\/\\\/anoticiaonline.com.br\\\/site\\\/#website\",\"url\":\"https:\\\/\\\/anoticiaonline.com.br\\\/site\\\/\",\"name\":\"A Not\\u00edcia Online\",\"description\":\"Noticias de Muria\\u00e9 e regi\\u00e3o\",\"inLanguage\":\"pt-BR\",\"publisher\":{\"@id\":\"https:\\\/\\\/anoticiaonline.com.br\\\/site\\\/#organization\"}}]}\n\t\t<\/script>\n\t\t<!-- All in One SEO -->\n\n","aioseo_head_json":{"title":"Curta-metragem rodado em Muria\u00e9 est\u00e1 dispon\u00edvel no Youtube - A Not\u00edcia Online","description":"O filme \u201cSerial\u201d, que foi rodado em Muria\u00e9 em 2009, est\u00e1 liberado no Youtube. O curta foi lan\u00e7ado em 2013 e participou de festivais, como Primeiro Plano, em Juiz de Fora, Cine Canoa, em Canoa Quebrada (CE), Mostra do Filme Livre nos Centros Culturais Banco do Brasil (CCBBs) do Rio, S\u00e3o Paulo e Bras\u00edlia, Mostra","canonical_url":"https:\/\/anoticiaonline.com.br\/site\/curta-metragem-rodado-em-muriae-esta-disponivel-no-youtube\/","robots":"max-image-preview:large","keywords":"","webmasterTools":{"miscellaneous":""},"schema":{"@context":"https:\/\/schema.org","@graph":[{"@type":"BlogPosting","@id":"https:\/\/anoticiaonline.com.br\/site\/curta-metragem-rodado-em-muriae-esta-disponivel-no-youtube\/#blogposting","name":"Curta-metragem rodado em Muria\u00e9 est\u00e1 dispon\u00edvel no Youtube - A Not\u00edcia Online","headline":"Curta-metragem rodado em Muria\u00e9 est\u00e1 dispon\u00edvel no Youtube","author":{"@id":"https:\/\/anoticiaonline.com.br\/site\/author\/juliana\/#author"},"publisher":{"@id":"https:\/\/anoticiaonline.com.br\/site\/#organization"},"image":{"@type":"ImageObject","url":"https:\/\/anoticiaonline.com.br\/site\/wp-content\/uploads\/2016\/09\/Curta-metragem-rodado-em-Muria\u00e9-est\u00e1-dispon\u00edvel-no-Youtube.jpg","width":564,"height":640},"datePublished":"2016-09-27T11:40:11-03:00","dateModified":"2016-09-27T11:40:11-03:00","inLanguage":"pt-BR","mainEntityOfPage":{"@id":"https:\/\/anoticiaonline.com.br\/site\/curta-metragem-rodado-em-muriae-esta-disponivel-no-youtube\/#webpage"},"isPartOf":{"@id":"https:\/\/anoticiaonline.com.br\/site\/curta-metragem-rodado-em-muriae-esta-disponivel-no-youtube\/#webpage"},"articleSection":"Cultura, slide"},{"@type":"BreadcrumbList","@id":"https:\/\/anoticiaonline.com.br\/site\/curta-metragem-rodado-em-muriae-esta-disponivel-no-youtube\/#breadcrumblist","itemListElement":[{"@type":"ListItem","@id":"https:\/\/anoticiaonline.com.br\/site#listItem","position":1,"name":"Home","item":"https:\/\/anoticiaonline.com.br\/site","nextItem":{"@type":"ListItem","@id":"https:\/\/anoticiaonline.com.br\/site\/categoria\/muriae\/#listItem","name":"Blog"}},{"@type":"ListItem","@id":"https:\/\/anoticiaonline.com.br\/site\/categoria\/muriae\/#listItem","position":2,"name":"Blog","item":"https:\/\/anoticiaonline.com.br\/site\/categoria\/muriae\/","nextItem":{"@type":"ListItem","@id":"https:\/\/anoticiaonline.com.br\/site\/categoria\/muriae\/cultura\/#listItem","name":"Cultura"},"previousItem":{"@type":"ListItem","@id":"https:\/\/anoticiaonline.com.br\/site#listItem","name":"Home"}},{"@type":"ListItem","@id":"https:\/\/anoticiaonline.com.br\/site\/categoria\/muriae\/cultura\/#listItem","position":3,"name":"Cultura","item":"https:\/\/anoticiaonline.com.br\/site\/categoria\/muriae\/cultura\/","nextItem":{"@type":"ListItem","@id":"https:\/\/anoticiaonline.com.br\/site\/curta-metragem-rodado-em-muriae-esta-disponivel-no-youtube\/#listItem","name":"Curta-metragem rodado em Muria\u00e9 est\u00e1 dispon\u00edvel no Youtube"},"previousItem":{"@type":"ListItem","@id":"https:\/\/anoticiaonline.com.br\/site\/categoria\/muriae\/#listItem","name":"Blog"}},{"@type":"ListItem","@id":"https:\/\/anoticiaonline.com.br\/site\/curta-metragem-rodado-em-muriae-esta-disponivel-no-youtube\/#listItem","position":4,"name":"Curta-metragem rodado em Muria\u00e9 est\u00e1 dispon\u00edvel no Youtube","previousItem":{"@type":"ListItem","@id":"https:\/\/anoticiaonline.com.br\/site\/categoria\/muriae\/cultura\/#listItem","name":"Cultura"}}]},{"@type":"Organization","@id":"https:\/\/anoticiaonline.com.br\/site\/#organization","name":"A Not\u00edcia Online","description":"Noticias de Muria\u00e9 e regi\u00e3o","url":"https:\/\/anoticiaonline.com.br\/site\/","logo":{"@type":"ImageObject","url":"https:\/\/scontent-gig4-1.xx.fbcdn.net\/v\/t39.30808-1\/270437624_4564083193639691_6907940295614233970_n.jpg?stp=dst-jpg_s200x200_tt6&_nc_cat=111&ccb=1-7&_nc_sid=f907e8&_nc_ohc=SM1wRlP3lJwQ7kNvwEPuBYA&_nc_oc=AdnqrjDN_BNjSSHWO-GbkIWH6fkGMLw4bqvL_NH6e2wMveX7G-rP2dAqsDSq1mJMOaY&_nc_zt=24&_nc_ht=scontent-gig4-1.xx&_nc_gid=AoBFJeGrT1hVaew_6rchkQ&oh=00_AfX7QmFGhQhG2jAllVgXCiM1ZrWgvtp80-Bfppyexh1QEg&oe=689E923C","@id":"https:\/\/anoticiaonline.com.br\/site\/curta-metragem-rodado-em-muriae-esta-disponivel-no-youtube\/#organizationLogo"},"image":{"@id":"https:\/\/anoticiaonline.com.br\/site\/curta-metragem-rodado-em-muriae-esta-disponivel-no-youtube\/#organizationLogo"}},{"@type":"Person","@id":"https:\/\/anoticiaonline.com.br\/site\/author\/juliana\/#author","url":"https:\/\/anoticiaonline.com.br\/site\/author\/juliana\/","name":"Juliana Laviola","image":{"@type":"ImageObject","@id":"https:\/\/anoticiaonline.com.br\/site\/curta-metragem-rodado-em-muriae-esta-disponivel-no-youtube\/#authorImage","url":"https:\/\/secure.gravatar.com\/avatar\/b8d45f5c699b100dfaf0e543582f38f38bf94cb7ae3a5e9abf8d891a34773335?s=96&d=mm&r=g","width":96,"height":96,"caption":"Juliana Laviola"}},{"@type":"WebPage","@id":"https:\/\/anoticiaonline.com.br\/site\/curta-metragem-rodado-em-muriae-esta-disponivel-no-youtube\/#webpage","url":"https:\/\/anoticiaonline.com.br\/site\/curta-metragem-rodado-em-muriae-esta-disponivel-no-youtube\/","name":"Curta-metragem rodado em Muria\u00e9 est\u00e1 dispon\u00edvel no Youtube - A Not\u00edcia Online","description":"O filme \u201cSerial\u201d, que foi rodado em Muria\u00e9 em 2009, est\u00e1 liberado no Youtube. O curta foi lan\u00e7ado em 2013 e participou de festivais, como Primeiro Plano, em Juiz de Fora, Cine Canoa, em Canoa Quebrada (CE), Mostra do Filme Livre nos Centros Culturais Banco do Brasil (CCBBs) do Rio, S\u00e3o Paulo e Bras\u00edlia, Mostra","inLanguage":"pt-BR","isPartOf":{"@id":"https:\/\/anoticiaonline.com.br\/site\/#website"},"breadcrumb":{"@id":"https:\/\/anoticiaonline.com.br\/site\/curta-metragem-rodado-em-muriae-esta-disponivel-no-youtube\/#breadcrumblist"},"author":{"@id":"https:\/\/anoticiaonline.com.br\/site\/author\/juliana\/#author"},"creator":{"@id":"https:\/\/anoticiaonline.com.br\/site\/author\/juliana\/#author"},"image":{"@type":"ImageObject","url":"https:\/\/anoticiaonline.com.br\/site\/wp-content\/uploads\/2016\/09\/Curta-metragem-rodado-em-Muria\u00e9-est\u00e1-dispon\u00edvel-no-Youtube.jpg","@id":"https:\/\/anoticiaonline.com.br\/site\/curta-metragem-rodado-em-muriae-esta-disponivel-no-youtube\/#mainImage","width":564,"height":640},"primaryImageOfPage":{"@id":"https:\/\/anoticiaonline.com.br\/site\/curta-metragem-rodado-em-muriae-esta-disponivel-no-youtube\/#mainImage"},"datePublished":"2016-09-27T11:40:11-03:00","dateModified":"2016-09-27T11:40:11-03:00"},{"@type":"WebSite","@id":"https:\/\/anoticiaonline.com.br\/site\/#website","url":"https:\/\/anoticiaonline.com.br\/site\/","name":"A Not\u00edcia Online","description":"Noticias de Muria\u00e9 e regi\u00e3o","inLanguage":"pt-BR","publisher":{"@id":"https:\/\/anoticiaonline.com.br\/site\/#organization"}}]},"og:locale":"pt_BR","og:site_name":"A Not\u00edcia Online - Noticias de Muria\u00e9 e regi\u00e3o","og:type":"article","og:title":"Curta-metragem rodado em Muria\u00e9 est\u00e1 dispon\u00edvel no Youtube - A Not\u00edcia Online","og:description":"O filme \u201cSerial\u201d, que foi rodado em Muria\u00e9 em 2009, est\u00e1 liberado no Youtube. O curta foi lan\u00e7ado em 2013 e participou de festivais, como Primeiro Plano, em Juiz de Fora, Cine Canoa, em Canoa Quebrada (CE), Mostra do Filme Livre nos Centros Culturais Banco do Brasil (CCBBs) do Rio, S\u00e3o Paulo e Bras\u00edlia, Mostra","og:url":"https:\/\/anoticiaonline.com.br\/site\/curta-metragem-rodado-em-muriae-esta-disponivel-no-youtube\/","og:image":"https:\/\/scontent-gig4-1.xx.fbcdn.net\/v\/t39.30808-1\/270437624_4564083193639691_6907940295614233970_n.jpg?stp=dst-jpg_s200x200_tt6&#038;_nc_cat=111&#038;ccb=1-7&#038;_nc_sid=f907e8&#038;_nc_ohc=SM1wRlP3lJwQ7kNvwEPuBYA&#038;_nc_oc=AdnqrjDN_BNjSSHWO-GbkIWH6fkGMLw4bqvL_NH6e2wMveX7G-rP2dAqsDSq1mJMOaY&#038;_nc_zt=24&#038;_nc_ht=scontent-gig4-1.xx&#038;_nc_gid=AoBFJeGrT1hVaew_6rchkQ&#038;oh=00_AfX7QmFGhQhG2jAllVgXCiM1ZrWgvtp80-Bfppyexh1QEg&#038;oe=689E923C","og:image:secure_url":"https:\/\/scontent-gig4-1.xx.fbcdn.net\/v\/t39.30808-1\/270437624_4564083193639691_6907940295614233970_n.jpg?stp=dst-jpg_s200x200_tt6&#038;_nc_cat=111&#038;ccb=1-7&#038;_nc_sid=f907e8&#038;_nc_ohc=SM1wRlP3lJwQ7kNvwEPuBYA&#038;_nc_oc=AdnqrjDN_BNjSSHWO-GbkIWH6fkGMLw4bqvL_NH6e2wMveX7G-rP2dAqsDSq1mJMOaY&#038;_nc_zt=24&#038;_nc_ht=scontent-gig4-1.xx&#038;_nc_gid=AoBFJeGrT1hVaew_6rchkQ&#038;oh=00_AfX7QmFGhQhG2jAllVgXCiM1ZrWgvtp80-Bfppyexh1QEg&#038;oe=689E923C","article:published_time":"2016-09-27T14:40:11+00:00","article:modified_time":"2016-09-27T14:40:11+00:00","twitter:card":"summary_large_image","twitter:title":"Curta-metragem rodado em Muria\u00e9 est\u00e1 dispon\u00edvel no Youtube - A Not\u00edcia Online","twitter:description":"O filme \u201cSerial\u201d, que foi rodado em Muria\u00e9 em 2009, est\u00e1 liberado no Youtube. O curta foi lan\u00e7ado em 2013 e participou de festivais, como Primeiro Plano, em Juiz de Fora, Cine Canoa, em Canoa Quebrada (CE), Mostra do Filme Livre nos Centros Culturais Banco do Brasil (CCBBs) do Rio, S\u00e3o Paulo e Bras\u00edlia, Mostra","twitter:image":"https:\/\/scontent-gig4-1.xx.fbcdn.net\/v\/t39.30808-1\/270437624_4564083193639691_6907940295614233970_n.jpg?stp=dst-jpg_s200x200_tt6&_nc_cat=111&ccb=1-7&_nc_sid=f907e8&_nc_ohc=SM1wRlP3lJwQ7kNvwEPuBYA&_nc_oc=AdnqrjDN_BNjSSHWO-GbkIWH6fkGMLw4bqvL_NH6e2wMveX7G-rP2dAqsDSq1mJMOaY&_nc_zt=24&_nc_ht=scontent-gig4-1.xx&_nc_gid=AoBFJeGrT1hVaew_6rchkQ&oh=00_AfX7QmFGhQhG2jAllVgXCiM1ZrWgvtp80-Bfppyexh1QEg&oe=689E923C"},"aioseo_meta_data":{"post_id":"19382","title":null,"description":null,"keywords":null,"keyphrases":null,"primary_term":null,"canonical_url":null,"og_title":null,"og_description":null,"og_object_type":"default","og_image_type":"default","og_image_url":null,"og_image_width":null,"og_image_height":null,"og_image_custom_url":null,"og_image_custom_fields":null,"og_video":null,"og_custom_url":null,"og_article_section":null,"og_article_tags":null,"twitter_use_og":false,"twitter_card":"default","twitter_image_type":"default","twitter_image_url":null,"twitter_image_custom_url":null,"twitter_image_custom_fields":null,"twitter_title":null,"twitter_description":null,"schema":{"blockGraphs":[],"customGraphs":[],"default":{"data":{"Article":[],"Course":[],"Dataset":[],"FAQPage":[],"Movie":[],"Person":[],"Product":[],"ProductReview":[],"Car":[],"Recipe":[],"Service":[],"SoftwareApplication":[],"WebPage":[]},"graphName":"","isEnabled":true},"graphs":[]},"schema_type":"default","schema_type_options":null,"pillar_content":false,"robots_default":true,"robots_noindex":false,"robots_noarchive":false,"robots_nosnippet":false,"robots_nofollow":false,"robots_noimageindex":false,"robots_noodp":false,"robots_notranslate":false,"robots_max_snippet":null,"robots_max_videopreview":null,"robots_max_imagepreview":"large","priority":null,"frequency":null,"local_seo":null,"breadcrumb_settings":null,"limit_modified_date":false,"ai":null,"created":"2025-08-16 16:53:53","updated":"2025-08-16 16:53:53","focus_keyword":null,"additional_keywords":null,"truseo_locale":null,"seo_analyzer_scan_date":null},"aioseo_breadcrumb":"<div class=\"aioseo-breadcrumbs\"><span class=\"aioseo-breadcrumb\">\n\t\t\t<a href=\"https:\/\/anoticiaonline.com.br\/site\" title=\"Home\">Home<\/a>\n\t\t<\/span><span class=\"aioseo-breadcrumb-separator\">&raquo;<\/span><span class=\"aioseo-breadcrumb\">\n\t\t\t<a href=\"https:\/\/anoticiaonline.com.br\/site\/categoria\/muriae\/\" title=\"Blog\">Blog<\/a>\n\t\t<\/span><span class=\"aioseo-breadcrumb-separator\">&raquo;<\/span><span class=\"aioseo-breadcrumb\">\n\t\t\t<a href=\"https:\/\/anoticiaonline.com.br\/site\/categoria\/muriae\/cultura\/\" title=\"Cultura\">Cultura<\/a>\n\t\t<\/span><span class=\"aioseo-breadcrumb-separator\">&raquo;<\/span><span class=\"aioseo-breadcrumb\">\n\t\t\tCurta-metragem rodado em Muria\u00e9 est\u00e1 dispon\u00edvel no Youtube\n\t\t<\/span><\/div>","aioseo_breadcrumb_json":[{"label":"Home","link":"https:\/\/anoticiaonline.com.br\/site"},{"label":"Blog","link":"https:\/\/anoticiaonline.com.br\/site\/categoria\/muriae\/"},{"label":"Cultura","link":"https:\/\/anoticiaonline.com.br\/site\/categoria\/muriae\/cultura\/"},{"label":"Curta-metragem rodado em Muria\u00e9 est\u00e1 dispon\u00edvel no Youtube","link":"https:\/\/anoticiaonline.com.br\/site\/curta-metragem-rodado-em-muriae-esta-disponivel-no-youtube\/"}],"views":150,"_links":{"self":[{"href":"https:\/\/anoticiaonline.com.br\/site\/wp-json\/wp\/v2\/posts\/19382","targetHints":{"allow":["GET"]}}],"collection":[{"href":"https:\/\/anoticiaonline.com.br\/site\/wp-json\/wp\/v2\/posts"}],"about":[{"href":"https:\/\/anoticiaonline.com.br\/site\/wp-json\/wp\/v2\/types\/post"}],"author":[{"embeddable":true,"href":"https:\/\/anoticiaonline.com.br\/site\/wp-json\/wp\/v2\/users\/2"}],"replies":[{"embeddable":true,"href":"https:\/\/anoticiaonline.com.br\/site\/wp-json\/wp\/v2\/comments?post=19382"}],"version-history":[{"count":0,"href":"https:\/\/anoticiaonline.com.br\/site\/wp-json\/wp\/v2\/posts\/19382\/revisions"}],"wp:featuredmedia":[{"embeddable":true,"href":"https:\/\/anoticiaonline.com.br\/site\/wp-json\/wp\/v2\/media\/19383"}],"wp:attachment":[{"href":"https:\/\/anoticiaonline.com.br\/site\/wp-json\/wp\/v2\/media?parent=19382"}],"wp:term":[{"taxonomy":"category","embeddable":true,"href":"https:\/\/anoticiaonline.com.br\/site\/wp-json\/wp\/v2\/categories?post=19382"},{"taxonomy":"post_tag","embeddable":true,"href":"https:\/\/anoticiaonline.com.br\/site\/wp-json\/wp\/v2\/tags?post=19382"}],"curies":[{"name":"wp","href":"https:\/\/api.w.org\/{rel}","templated":true}]}}